{"id":57669,"date":"2025-09-09T12:34:28","date_gmt":"2025-09-09T12:34:28","guid":{"rendered":"https:\/\/news.filmelier.com\/o-estudio-participacoes-especiais\/"},"modified":"2025-09-09T12:43:17","modified_gmt":"2025-09-09T12:43:17","slug":"the-studio-martin-scorsese","status":"publish","type":"post","link":"https:\/\/news.filmelier.com\/mx\/the-studio-martin-scorsese\/","title":{"rendered":"\u2018The Studio\u2019: Seth Rogen cuenta c\u00f3mo fue la experiencia de dirigir a Martin Scorsese"},"content":{"rendered":"<div>\n<div class=\"grid-cols-1 grid gap-2.5 [&amp;_&gt;&lt;p&gt;_*]:min-w-0 !gap-3.5\">\n<p class=\"whitespace-normal break-words\">LOS \u00c1NGELES &#8211; Imagina dirigir a <a href=\"https:\/\/www.filmelier.com\/mx\/director\/martin-scorsese\"><strong>Martin Scorsese<\/strong><\/a>. Ahora imagina que est\u00e1 contando historias de <em>Buenos muchachos<\/em> entre una toma y otra, siendo exactamente el cineasta legendario que esperabas que fuera. Para Seth Rogen, ese fue &#8220;uno de los d\u00edas m\u00e1s emocionantes&#8221; que ha tenido en un set. En <strong><em>The Studio<\/em><\/strong>, su nueva serie que satiriza Hollywood por dentro, Rogen logr\u00f3 algo que parec\u00eda imposible: convencer a gigantes como Scorsese y <a href=\"https:\/\/www.filmelier.com\/mx\/director\/ron-howard\"><strong>Ron Howard<\/strong><\/a> de burlarse de s\u00ed mismos. Y el resultado fue sorprendentemente divertido.<\/p>\n<p class=\"whitespace-normal break-words\">&#8220;Dirigir a grandes directores es muy aterrador&#8221;, admite Rogen en una entrevista con algunos periodistas, con la presencia de Filmelier. Pero tanto Scorsese como Ron Howard se entregaron por completo a la broma. Scorsese &#8220;realmente te da el Martin Scorsese que quieres&#8221;, mientras que Howard sorprendi\u00f3 por su dedicaci\u00f3n profesional, insistiendo en ensayar las escenas por Zoom semanas antes del rodaje.<\/p>\n<figure id=\"attachment_57661\" aria-describedby=\"caption-attachment-57661\" style=\"width: 940px\" class=\"wp-caption alignnone\"><img fetchpriority=\"high\" decoding=\"async\" class=\" wp-image-57661\" src=\"https:\/\/news.filmelier.com\/wp-content\/uploads\/2025\/09\/scorsese-seth-rogen-300x150.webp\" alt=\"Para Seth Rogen, Martin Scorsese fue el mejor Martin Scorsese que podr\u00eda tener en 'The Studio' (Cr\u00e9dito: Apple TV+)\" width=\"940\" height=\"470\" srcset=\"https:\/\/news.filmelier.com\/wp-content\/uploads\/2025\/09\/scorsese-seth-rogen-300x150.webp 300w, https:\/\/news.filmelier.com\/wp-content\/uploads\/2025\/09\/scorsese-seth-rogen-1024x512.webp 1024w, https:\/\/news.filmelier.com\/wp-content\/uploads\/2025\/09\/scorsese-seth-rogen-768x384.webp 768w, https:\/\/news.filmelier.com\/wp-content\/uploads\/2025\/09\/scorsese-seth-rogen-150x75.webp 150w, https:\/\/news.filmelier.com\/wp-content\/uploads\/2025\/09\/scorsese-seth-rogen.webp 1200w\" sizes=\"(max-width: 940px) 100vw, 940px\" \/><figcaption id=\"caption-attachment-57661\" class=\"wp-caption-text\"><em>Para Seth Rogen, Martin Scorsese fue el mejor Martin Scorsese que podr\u00eda tener en &#8216;The Studio&#8217; (Cr\u00e9dito: Apple TV+)<\/em><\/figcaption><\/figure>\n<p class=\"whitespace-normal break-words\">&#8220;Ron realmente quer\u00eda actuar bien y estaba muy serio con su interpretaci\u00f3n&#8221;, cuenta Rogen. El director de <em>Una mente brillante<\/em> quiso leer y releer las escenas, demostrando que estaba realmente comprometido con el papel.<\/p>\n<p class=\"whitespace-normal break-words\">La inspiraci\u00f3n para la serie, y para las participaciones especiales, vino del cl\u00e1sico <em>The Larry Sanders Show<\/em>, donde Rogen ve\u00eda a \u00eddolos como Jim Carrey y Sean Penn burlarse de s\u00ed mismos. &#8220;Quer\u00edamos que, si se trata de un director con el que yo deber\u00eda estar emocionado de trabajar, t\u00fa como espectador creyeras que un ejecutivo de estudio realmente estar\u00eda emocionado de trabajar con esa persona&#8221;, dice.<\/p>\n<p class=\"whitespace-normal break-words\">Cada participaci\u00f3n pas\u00f3 por una &#8220;prueba&#8221; rigurosa. Si no era convincente que esa persona realmente ocupar\u00eda tal posici\u00f3n en Hollywood, no entraba en la serie.<\/p>\n<h2 class=\"text-xl font-bold text-text-100 mt-1 -mb-0.5\">En <em>The Studio<\/em>, el Globo de Oro m\u00e1s realista de la TV<\/h2>\n<p class=\"whitespace-normal break-words\">Uno de los episodios m\u00e1s ambiciosos de <em>The Studio<\/em> va m\u00e1s all\u00e1 de las participaciones especiales y recrea la ceremonia del Globo de Oro en el mismo Beverly Hilton. Rogen quer\u00eda darle al p\u00fablico &#8220;una experiencia inmersiva de lo que realmente es estar en los Globos de Oro&#8221;.<\/p>\n<p class=\"whitespace-normal break-words\">La experiencia personal del actor en las premiaciones fue fundamental. Recuerda la primera vez que fue al evento. &#8220;Todos estaban emborrach\u00e1ndose, era muy divertido. Era algo ca\u00f3tico, la gente se levantaba y cambiaba de mesa en mesa&#8221;, recuerda.<\/p>\n<p><iframe title=\"The Studio \u2014 Official Trailer | Apple TV+\" width=\"800\" height=\"450\" src=\"https:\/\/www.youtube.com\/embed\/EIQuE7JGXU8?feature=oembed\" frameborder=\"0\" allow=\"accelerometer; autoplay; clipboard-write; encrypted-media; gyroscope; picture-in-picture; web-share\" referrerpolicy=\"strict-origin-when-cross-origin\" allowfullscreen><\/iframe><\/p>\n<p class=\"whitespace-normal break-words\">Durante el rodaje, el equipo t\u00e9cnico quedaba sorprendido con la veracidad. &#8220;Me preguntaban si la gente simplemente se levantaba en medio del show e iba atr\u00e1s a tener conversaciones. Era exactamente as\u00ed&#8221;, dice Rogen, soltando su t\u00edpica risa.<\/p>\n<h2 class=\"text-xl font-bold text-text-100 mt-1 -mb-0.5\">El arte imitando a la vida<\/h2>\n<p class=\"whitespace-normal break-words\">Lo m\u00e1s curioso es que muchos ejecutivos reales no se reconocen en las s\u00e1tiras obvias de la serie. &#8220;Muchas personas piensan que est\u00e1 basado en ellas cuando no lo est\u00e1. Muchas personas en quienes s\u00ed est\u00e1 basado no quieren pensar que est\u00e1 basado en ellas&#8221;, se divierte Rogen.<\/p>\n<p class=\"whitespace-normal break-words\">La serie ha hecho que ejecutivos de Hollywood se reconozcan en situaciones inc\u00f3modas, especialmente en el episodio donde Rogen visita un set y nadie lo quiere all\u00ed. Varios enviaron mensajes. &#8220;Estoy en el set de la pel\u00edcula y no puedo dejar de pensar en tu serie. Y en c\u00f3mo nadie me quiere aqu\u00ed&#8221;, dicen.<\/p>\n<p class=\"whitespace-normal break-words\">Para la segunda temporada, Rogen ya tiene una lista de sue\u00f1os para nuevas participaciones, pero prefiere no revelar los nombres. Al fin y al cabo, como \u00e9l mismo descubri\u00f3, convencer a las estrellas de burlarse de s\u00ed mismas es casi como la propia serie: una mezcla de ego, inseguridad y mucho encanto <em>hollywoodense<\/em>.<\/p>\n<\/div>\n<\/div>\n","protected":false},"excerpt":{"rendered":"<p>Con participaciones inesperadas y una recreaci\u00f3n realista de los Globos de Oro, &#8216;The Studio&#8217; mezcla ego, humor y los bastidores de la industria<\/p>\n","protected":false},"author":21,"featured_media":57663,"comment_status":"open","ping_status":"open","sticky":false,"template":"","format":"standard","meta":{"_acf_changed":false,"footnotes":""},"categories":[8829,5934],"tags":[5973,6432,9111,9112,3355,9113],"class_list":["post-57669","post","type-post","status-publish","format-standard","has-post-thumbnail","hentry","category-entrevistas-br-mx","category-series-y-telenovelas-mx","tag-apple-tv","tag-martin-scorsese","tag-o-estudio-br-mx","tag-ron-howard-mx","tag-seth-rogen","tag-the-studio-mx"],"acf":{"subtitulo":"Con participaciones inesperadas y una recreaci\u00f3n realista de los Globos de Oro, 'The Studio' mezcla ego, humor y los bastidores de la industria","id_ator":""},"yoast_head":"<!-- This site is optimized with the Yoast SEO plugin v26.1.1 - https:\/\/yoast.com\/wordpress\/plugins\/seo\/ -->\n<title>\u2018The Studio\u2019: Seth Rogen cuenta c\u00f3mo fue la experiencia de dirigir a Martin Scorsese - News Filmelier<\/title>\n<meta name=\"description\" content=\"Con participaciones inesperadas y una recreaci\u00f3n realista de los Globos de Oro, The Studio mezcla ego, humor y los bastidores de la industria\" \/>\n<meta name=\"robots\" content=\"index, follow, max-snippet:-1, max-image-preview:large, max-video-preview:-1\" \/>\n<link rel=\"canonical\" href=\"https:\/\/news.filmelier.com\/mx\/the-studio-martin-scorsese\/\" \/>\n<meta property=\"og:locale\" content=\"es_MX\" \/>\n<meta property=\"og:type\" content=\"article\" \/>\n<meta property=\"og:title\" content=\"\u2018The Studio\u2019: Seth Rogen cuenta c\u00f3mo fue la experiencia de dirigir a Martin Scorsese - News Filmelier\" \/>\n<meta property=\"og:description\" content=\"Con participaciones inesperadas y una recreaci\u00f3n realista de los Globos de Oro, The Studio mezcla ego, humor y los bastidores de la industria\" \/>\n<meta property=\"og:url\" content=\"https:\/\/news.filmelier.com\/mx\/the-studio-martin-scorsese\/\" \/>\n<meta property=\"og:site_name\" content=\"News Filmelier\" \/>\n<meta property=\"article:published_time\" content=\"2025-09-09T12:34:28+00:00\" \/>\n<meta property=\"article:modified_time\" content=\"2025-09-09T12:43:17+00:00\" \/>\n<meta property=\"og:image\" content=\"https:\/\/homolog.news.filmelier.com\/wp-content\/uploads\/2025\/09\/scorsese-seth-rogen.webp\" \/>\n\t<meta property=\"og:image:width\" content=\"1200\" \/>\n\t<meta property=\"og:image:height\" content=\"600\" \/>\n\t<meta property=\"og:image:type\" content=\"image\/webp\" \/>\n<meta name=\"author\" content=\"Matheus Mans\" \/>\n<meta name=\"twitter:card\" content=\"summary_large_image\" \/>\n<meta name=\"twitter:label1\" content=\"Escrito por\" \/>\n\t<meta name=\"twitter:data1\" content=\"Matheus Mans\" \/>\n\t<meta name=\"twitter:label2\" content=\"Tiempo de lectura\" \/>\n\t<meta name=\"twitter:data2\" content=\"4 minutos\" \/>\n<script type=\"application\/ld+json\" class=\"yoast-schema-graph\">{\"@context\":\"https:\/\/schema.org\",\"@graph\":[{\"@type\":\"Article\",\"@id\":\"https:\/\/news.filmelier.com\/mx\/the-studio-martin-scorsese\/#article\",\"isPartOf\":{\"@id\":\"https:\/\/news.filmelier.com\/mx\/the-studio-martin-scorsese\/\"},\"author\":{\"name\":\"Matheus Mans\",\"@id\":\"https:\/\/homolog.news.filmelier.com\/mx\/#\/schema\/person\/bed674124135ac4309c6d6286a06b8d2\"},\"headline\":\"\u2018The Studio\u2019: Seth Rogen cuenta c\u00f3mo fue la experiencia de dirigir a Martin Scorsese\",\"datePublished\":\"2025-09-09T12:34:28+00:00\",\"dateModified\":\"2025-09-09T12:43:17+00:00\",\"mainEntityOfPage\":{\"@id\":\"https:\/\/news.filmelier.com\/mx\/the-studio-martin-scorsese\/\"},\"wordCount\":654,\"commentCount\":0,\"publisher\":{\"@id\":\"https:\/\/homolog.news.filmelier.com\/mx\/#organization\"},\"image\":{\"@id\":\"https:\/\/news.filmelier.com\/mx\/the-studio-martin-scorsese\/#primaryimage\"},\"thumbnailUrl\":\"https:\/\/news.filmelier.com\/wp-content\/uploads\/2025\/09\/scorsese-seth-rogen.webp\",\"keywords\":[\"Apple TV+\",\"Martin Scorsese\",\"O Est\u00fadio\",\"Ron Howard\",\"Seth Rogen\",\"The Studio\"],\"articleSection\":[\"Entrevistas\",\"Series y Telenovelas\"],\"inLanguage\":\"es\",\"potentialAction\":[{\"@type\":\"CommentAction\",\"name\":\"Comment\",\"target\":[\"https:\/\/news.filmelier.com\/mx\/the-studio-martin-scorsese\/#respond\"]}]},{\"@type\":\"WebPage\",\"@id\":\"https:\/\/news.filmelier.com\/mx\/the-studio-martin-scorsese\/\",\"url\":\"https:\/\/news.filmelier.com\/mx\/the-studio-martin-scorsese\/\",\"name\":\"\u2018The Studio\u2019: Seth Rogen cuenta c\u00f3mo fue la experiencia de dirigir a Martin Scorsese - News Filmelier\",\"isPartOf\":{\"@id\":\"https:\/\/homolog.news.filmelier.com\/mx\/#website\"},\"primaryImageOfPage\":{\"@id\":\"https:\/\/news.filmelier.com\/mx\/the-studio-martin-scorsese\/#primaryimage\"},\"image\":{\"@id\":\"https:\/\/news.filmelier.com\/mx\/the-studio-martin-scorsese\/#primaryimage\"},\"thumbnailUrl\":\"https:\/\/news.filmelier.com\/wp-content\/uploads\/2025\/09\/scorsese-seth-rogen.webp\",\"datePublished\":\"2025-09-09T12:34:28+00:00\",\"dateModified\":\"2025-09-09T12:43:17+00:00\",\"description\":\"Con participaciones inesperadas y una recreaci\u00f3n realista de los Globos de Oro, The Studio mezcla ego, humor y los bastidores de la industria\",\"breadcrumb\":{\"@id\":\"https:\/\/news.filmelier.com\/mx\/the-studio-martin-scorsese\/#breadcrumb\"},\"inLanguage\":\"es\",\"potentialAction\":[{\"@type\":\"ReadAction\",\"target\":[\"https:\/\/news.filmelier.com\/mx\/the-studio-martin-scorsese\/\"]}]},{\"@type\":\"ImageObject\",\"inLanguage\":\"es\",\"@id\":\"https:\/\/news.filmelier.com\/mx\/the-studio-martin-scorsese\/#primaryimage\",\"url\":\"https:\/\/news.filmelier.com\/wp-content\/uploads\/2025\/09\/scorsese-seth-rogen.webp\",\"contentUrl\":\"https:\/\/news.filmelier.com\/wp-content\/uploads\/2025\/09\/scorsese-seth-rogen.webp\",\"width\":1200,\"height\":600,\"caption\":\"Para Seth Rogen, Martin Scorsese foi o melhor Martin Scorsese que poderia ter em 'O Est\u00fadio' (Cr\u00e9dito: Apple TV+)\"},{\"@type\":\"BreadcrumbList\",\"@id\":\"https:\/\/news.filmelier.com\/mx\/the-studio-martin-scorsese\/#breadcrumb\",\"itemListElement\":[{\"@type\":\"ListItem\",\"position\":1,\"name\":\"In\u00edcio\",\"item\":\"https:\/\/homolog.news.filmelier.com\/mx\/\"},{\"@type\":\"ListItem\",\"position\":2,\"name\":\"\u2018The Studio\u2019: Seth Rogen cuenta c\u00f3mo fue la experiencia de dirigir a Martin Scorsese\"}]},{\"@type\":\"WebSite\",\"@id\":\"https:\/\/homolog.news.filmelier.com\/mx\/#website\",\"url\":\"https:\/\/homolog.news.filmelier.com\/mx\/\",\"name\":\"Homolog Filmelier News Rankrup\",\"description\":\"\",\"publisher\":{\"@id\":\"https:\/\/homolog.news.filmelier.com\/mx\/#organization\"},\"potentialAction\":[{\"@type\":\"SearchAction\",\"target\":{\"@type\":\"EntryPoint\",\"urlTemplate\":\"https:\/\/homolog.news.filmelier.com\/mx\/?s={search_term_string}\"},\"query-input\":{\"@type\":\"PropertyValueSpecification\",\"valueRequired\":true,\"valueName\":\"search_term_string\"}}],\"inLanguage\":\"es\"},{\"@type\":\"Organization\",\"@id\":\"https:\/\/homolog.news.filmelier.com\/mx\/#organization\",\"name\":\"Homolog Filmelier News Rankrup\",\"url\":\"https:\/\/homolog.news.filmelier.com\/mx\/\",\"logo\":{\"@type\":\"ImageObject\",\"inLanguage\":\"es\",\"@id\":\"https:\/\/homolog.news.filmelier.com\/mx\/#\/schema\/logo\/image\/\",\"url\":\"https:\/\/news.filmelier.com\/wp-content\/uploads\/2024\/11\/Logo-News.png\",\"contentUrl\":\"https:\/\/news.filmelier.com\/wp-content\/uploads\/2024\/11\/Logo-News.png\",\"width\":460,\"height\":108,\"caption\":\"Homolog Filmelier News Rankrup\"},\"image\":{\"@id\":\"https:\/\/homolog.news.filmelier.com\/mx\/#\/schema\/logo\/image\/\"}},{\"@type\":\"Person\",\"@id\":\"https:\/\/homolog.news.filmelier.com\/mx\/#\/schema\/person\/bed674124135ac4309c6d6286a06b8d2\",\"name\":\"Matheus Mans\",\"image\":{\"@type\":\"ImageObject\",\"inLanguage\":\"es\",\"@id\":\"https:\/\/homolog.news.filmelier.com\/mx\/#\/schema\/person\/image\/\",\"url\":\"https:\/\/secure.gravatar.com\/avatar\/6d2ce80225ec344e6533f7d7e6d801e11991009ea7dfa33b3bb9117b245ebd33?s=96&d=mm&r=g\",\"contentUrl\":\"https:\/\/secure.gravatar.com\/avatar\/6d2ce80225ec344e6533f7d7e6d801e11991009ea7dfa33b3bb9117b245ebd33?s=96&d=mm&r=g\",\"caption\":\"Matheus Mans\"},\"url\":\"https:\/\/news.filmelier.com\/mx\/author\/matheus\/\"}]}<\/script>\n<!-- \/ Yoast SEO plugin. -->","yoast_head_json":{"title":"\u2018The Studio\u2019: Seth Rogen cuenta c\u00f3mo fue la experiencia de dirigir a Martin Scorsese - News Filmelier","description":"Con participaciones inesperadas y una recreaci\u00f3n realista de los Globos de Oro, The Studio mezcla ego, humor y los bastidores de la industria","robots":{"index":"index","follow":"follow","max-snippet":"max-snippet:-1","max-image-preview":"max-image-preview:large","max-video-preview":"max-video-preview:-1"},"canonical":"https:\/\/news.filmelier.com\/mx\/the-studio-martin-scorsese\/","og_locale":"es_MX","og_type":"article","og_title":"\u2018The Studio\u2019: Seth Rogen cuenta c\u00f3mo fue la experiencia de dirigir a Martin Scorsese - News Filmelier","og_description":"Con participaciones inesperadas y una recreaci\u00f3n realista de los Globos de Oro, The Studio mezcla ego, humor y los bastidores de la industria","og_url":"https:\/\/news.filmelier.com\/mx\/the-studio-martin-scorsese\/","og_site_name":"News Filmelier","article_published_time":"2025-09-09T12:34:28+00:00","article_modified_time":"2025-09-09T12:43:17+00:00","og_image":[{"width":1200,"height":600,"url":"https:\/\/homolog.news.filmelier.com\/wp-content\/uploads\/2025\/09\/scorsese-seth-rogen.webp","type":"image\/webp"}],"author":"Matheus Mans","twitter_card":"summary_large_image","twitter_misc":{"Escrito por":"Matheus Mans","Tiempo de lectura":"4 minutos"},"schema":{"@context":"https:\/\/schema.org","@graph":[{"@type":"Article","@id":"https:\/\/news.filmelier.com\/mx\/the-studio-martin-scorsese\/#article","isPartOf":{"@id":"https:\/\/news.filmelier.com\/mx\/the-studio-martin-scorsese\/"},"author":{"name":"Matheus Mans","@id":"https:\/\/homolog.news.filmelier.com\/mx\/#\/schema\/person\/bed674124135ac4309c6d6286a06b8d2"},"headline":"\u2018The Studio\u2019: Seth Rogen cuenta c\u00f3mo fue la experiencia de dirigir a Martin Scorsese","datePublished":"2025-09-09T12:34:28+00:00","dateModified":"2025-09-09T12:43:17+00:00","mainEntityOfPage":{"@id":"https:\/\/news.filmelier.com\/mx\/the-studio-martin-scorsese\/"},"wordCount":654,"commentCount":0,"publisher":{"@id":"https:\/\/homolog.news.filmelier.com\/mx\/#organization"},"image":{"@id":"https:\/\/news.filmelier.com\/mx\/the-studio-martin-scorsese\/#primaryimage"},"thumbnailUrl":"https:\/\/news.filmelier.com\/wp-content\/uploads\/2025\/09\/scorsese-seth-rogen.webp","keywords":["Apple TV+","Martin Scorsese","O Est\u00fadio","Ron Howard","Seth Rogen","The Studio"],"articleSection":["Entrevistas","Series y Telenovelas"],"inLanguage":"es","potentialAction":[{"@type":"CommentAction","name":"Comment","target":["https:\/\/news.filmelier.com\/mx\/the-studio-martin-scorsese\/#respond"]}]},{"@type":"WebPage","@id":"https:\/\/news.filmelier.com\/mx\/the-studio-martin-scorsese\/","url":"https:\/\/news.filmelier.com\/mx\/the-studio-martin-scorsese\/","name":"\u2018The Studio\u2019: Seth Rogen cuenta c\u00f3mo fue la experiencia de dirigir a Martin Scorsese - News Filmelier","isPartOf":{"@id":"https:\/\/homolog.news.filmelier.com\/mx\/#website"},"primaryImageOfPage":{"@id":"https:\/\/news.filmelier.com\/mx\/the-studio-martin-scorsese\/#primaryimage"},"image":{"@id":"https:\/\/news.filmelier.com\/mx\/the-studio-martin-scorsese\/#primaryimage"},"thumbnailUrl":"https:\/\/news.filmelier.com\/wp-content\/uploads\/2025\/09\/scorsese-seth-rogen.webp","datePublished":"2025-09-09T12:34:28+00:00","dateModified":"2025-09-09T12:43:17+00:00","description":"Con participaciones inesperadas y una recreaci\u00f3n realista de los Globos de Oro, The Studio mezcla ego, humor y los bastidores de la industria","breadcrumb":{"@id":"https:\/\/news.filmelier.com\/mx\/the-studio-martin-scorsese\/#breadcrumb"},"inLanguage":"es","potentialAction":[{"@type":"ReadAction","target":["https:\/\/news.filmelier.com\/mx\/the-studio-martin-scorsese\/"]}]},{"@type":"ImageObject","inLanguage":"es","@id":"https:\/\/news.filmelier.com\/mx\/the-studio-martin-scorsese\/#primaryimage","url":"https:\/\/news.filmelier.com\/wp-content\/uploads\/2025\/09\/scorsese-seth-rogen.webp","contentUrl":"https:\/\/news.filmelier.com\/wp-content\/uploads\/2025\/09\/scorsese-seth-rogen.webp","width":1200,"height":600,"caption":"Para Seth Rogen, Martin Scorsese foi o melhor Martin Scorsese que poderia ter em 'O Est\u00fadio' (Cr\u00e9dito: Apple TV+)"},{"@type":"BreadcrumbList","@id":"https:\/\/news.filmelier.com\/mx\/the-studio-martin-scorsese\/#breadcrumb","itemListElement":[{"@type":"ListItem","position":1,"name":"In\u00edcio","item":"https:\/\/homolog.news.filmelier.com\/mx\/"},{"@type":"ListItem","position":2,"name":"\u2018The Studio\u2019: Seth Rogen cuenta c\u00f3mo fue la experiencia de dirigir a Martin Scorsese"}]},{"@type":"WebSite","@id":"https:\/\/homolog.news.filmelier.com\/mx\/#website","url":"https:\/\/homolog.news.filmelier.com\/mx\/","name":"Homolog Filmelier News Rankrup","description":"","publisher":{"@id":"https:\/\/homolog.news.filmelier.com\/mx\/#organization"},"potentialAction":[{"@type":"SearchAction","target":{"@type":"EntryPoint","urlTemplate":"https:\/\/homolog.news.filmelier.com\/mx\/?s={search_term_string}"},"query-input":{"@type":"PropertyValueSpecification","valueRequired":true,"valueName":"search_term_string"}}],"inLanguage":"es"},{"@type":"Organization","@id":"https:\/\/homolog.news.filmelier.com\/mx\/#organization","name":"Homolog Filmelier News Rankrup","url":"https:\/\/homolog.news.filmelier.com\/mx\/","logo":{"@type":"ImageObject","inLanguage":"es","@id":"https:\/\/homolog.news.filmelier.com\/mx\/#\/schema\/logo\/image\/","url":"https:\/\/news.filmelier.com\/wp-content\/uploads\/2024\/11\/Logo-News.png","contentUrl":"https:\/\/news.filmelier.com\/wp-content\/uploads\/2024\/11\/Logo-News.png","width":460,"height":108,"caption":"Homolog Filmelier News Rankrup"},"image":{"@id":"https:\/\/homolog.news.filmelier.com\/mx\/#\/schema\/logo\/image\/"}},{"@type":"Person","@id":"https:\/\/homolog.news.filmelier.com\/mx\/#\/schema\/person\/bed674124135ac4309c6d6286a06b8d2","name":"Matheus Mans","image":{"@type":"ImageObject","inLanguage":"es","@id":"https:\/\/homolog.news.filmelier.com\/mx\/#\/schema\/person\/image\/","url":"https:\/\/secure.gravatar.com\/avatar\/6d2ce80225ec344e6533f7d7e6d801e11991009ea7dfa33b3bb9117b245ebd33?s=96&d=mm&r=g","contentUrl":"https:\/\/secure.gravatar.com\/avatar\/6d2ce80225ec344e6533f7d7e6d801e11991009ea7dfa33b3bb9117b245ebd33?s=96&d=mm&r=g","caption":"Matheus Mans"},"url":"https:\/\/news.filmelier.com\/mx\/author\/matheus\/"}]}},"_links":{"self":[{"href":"https:\/\/news.filmelier.com\/mx\/wp-json\/wp\/v2\/posts\/57669","targetHints":{"allow":["GET"]}}],"collection":[{"href":"https:\/\/news.filmelier.com\/mx\/wp-json\/wp\/v2\/posts"}],"about":[{"href":"https:\/\/news.filmelier.com\/mx\/wp-json\/wp\/v2\/types\/post"}],"author":[{"embeddable":true,"href":"https:\/\/news.filmelier.com\/mx\/wp-json\/wp\/v2\/users\/21"}],"replies":[{"embeddable":true,"href":"https:\/\/news.filmelier.com\/mx\/wp-json\/wp\/v2\/comments?post=57669"}],"version-history":[{"count":3,"href":"https:\/\/news.filmelier.com\/mx\/wp-json\/wp\/v2\/posts\/57669\/revisions"}],"predecessor-version":[{"id":57673,"href":"https:\/\/news.filmelier.com\/mx\/wp-json\/wp\/v2\/posts\/57669\/revisions\/57673"}],"wp:featuredmedia":[{"embeddable":true,"href":"https:\/\/news.filmelier.com\/mx\/wp-json\/wp\/v2\/media\/57663"}],"wp:attachment":[{"href":"https:\/\/news.filmelier.com\/mx\/wp-json\/wp\/v2\/media?parent=57669"}],"wp:term":[{"taxonomy":"category","embeddable":true,"href":"https:\/\/news.filmelier.com\/mx\/wp-json\/wp\/v2\/categories?post=57669"},{"taxonomy":"post_tag","embeddable":true,"href":"https:\/\/news.filmelier.com\/mx\/wp-json\/wp\/v2\/tags?post=57669"}],"curies":[{"name":"wp","href":"https:\/\/api.w.org\/{rel}","templated":true}]}}