{"id":57369,"date":"2025-09-04T14:01:38","date_gmt":"2025-09-04T14:01:38","guid":{"rendered":"https:\/\/news.filmelier.com\/critica-invocacao-do-mal-4\/"},"modified":"2025-09-04T22:46:20","modified_gmt":"2025-09-04T22:46:20","slug":"critica-el-conjuro-4","status":"publish","type":"post","link":"https:\/\/news.filmelier.com\/mx\/critica-el-conjuro-4\/","title":{"rendered":"Cr\u00edtica: &#8216;El Conjuro 4: Los \u00daltimos Ritos&#8217; se conforma con ser solo la pel\u00edcula de sustos \u2014 y nada m\u00e1s"},"content":{"rendered":"<p><span style=\"font-weight: 400;\">En los \u00faltimos a\u00f1os se ha discutido mucho que ir al cine se ha convertido en un evento. El boleto est\u00e1 caro, el streaming se ha popularizado y hace falta algo realmente atractivo para captar la atenci\u00f3n del p\u00fablico. Al fin y al cabo, la persona tiene que salir de casa, encontrar un horario que le convenga, pagar buen dinero por la entrada y quedarse all\u00ed, en la sala oscura, durante dos horas. Una pel\u00edcula-evento, como se le ha llamado, trata de justificar todo ese esfuerzo. Es la <\/span><span style=\"font-weight: 400;\">aparici\u00f3n sorpresa en el universo Marvel<\/span><span style=\"font-weight: 400;\">, <\/span><span style=\"font-weight: 400;\">las acrobacias realistas de Tom Cruise<\/span><span style=\"font-weight: 400;\"> y, por supuesto, los sustos colectivos en una pel\u00edcula de terror como la nueva <\/span><a href=\"https:\/\/www.filmelier.com\/mx\/peliculas\/113655\/el-conjuro-4-los-ultimos-ritos\"><b><i>El Conjuro 4: Los \u00daltimos Ritos<\/i><\/b><\/a><span style=\"font-weight: 400;\">.<\/span><\/p>\n<figure id=\"attachment_57222\" aria-describedby=\"caption-attachment-57222\" style=\"width: 934px\" class=\"wp-caption alignnone\"><img fetchpriority=\"high\" decoding=\"async\" class=\" wp-image-57222\" src=\"https:\/\/news.filmelier.com\/wp-content\/uploads\/2025\/08\/image-w1280-300x169.jpg\" alt=\"Escena de 'El Conjuro 4: Los \u00daltimos Ritos', la \u00faltima pel\u00edcula de la franquicia (Cr\u00e9dito: Warner Bros.)\" width=\"934\" height=\"526\" srcset=\"https:\/\/news.filmelier.com\/wp-content\/uploads\/2025\/08\/image-w1280-300x169.jpg 300w, https:\/\/news.filmelier.com\/wp-content\/uploads\/2025\/08\/image-w1280-768x432.jpg 768w, https:\/\/news.filmelier.com\/wp-content\/uploads\/2025\/08\/image-w1280-150x84.jpg 150w, https:\/\/news.filmelier.com\/wp-content\/uploads\/2025\/08\/image-w1280.jpg 800w\" sizes=\"(max-width: 934px) 100vw, 934px\" \/><figcaption id=\"caption-attachment-57222\" class=\"wp-caption-text\"><em>Escena de &#8216;El Conjuro 4: Los \u00daltimos Ritos&#8217;, la \u00faltima pel\u00edcula de la franquicia (Cr\u00e9dito: Warner Bros.)<\/em><\/figcaption><\/figure>\n<p><span style=\"font-weight: 400;\">Estrenada este jueves 4, el largometraje promete ser la \u00faltima aventura de Ed y Lorraine Warren en los cines. Es decir, Warner Bros. \u201cgarantiza\u201d que es la \u00faltima pel\u00edcula con Patrick Wilson y Vera Farmiga en el papel de los dos investigadores paranormales, pero de ninguna manera pone fin a la franquicia por completo. Es la despedida de dos personajes emblem\u00e1ticos del cine de terror de los \u00faltimos a\u00f1os, con la primera historia estrenada en 2013. A lo largo de 12 a\u00f1os, esta saga principal recaud\u00f3 m\u00e1s de 800 millones de d\u00f3lares. Puede parecer poco frente a otros \u00e9xitos, pero es mucho para una pel\u00edcula de terror.<\/span><\/p>\n<h2><strong>Historia de <i>El Conjuro 4: Los \u00daltimos Ritos<\/i><\/strong><\/h2>\n<p><span style=\"font-weight: 400;\">Para honrar esta \u00faltima historia, <\/span><i><span style=\"font-weight: 400;\">El Conjuro 4: Los \u00daltimos Ritos<\/span><\/i><span style=\"font-weight: 400;\"> acompa\u00f1a a los Warren en el mayor desaf\u00edo de sus carreras. Su hija Judy (Mia Tomlinson) ha crecido y empieza a interactuar de forma diferente con las amenazas sobrenaturales a su alrededor. As\u00ed como esas amenazas comienzan a ver a Judy de otra manera. Es en ese momento que un antiguo objeto maldito \u2014un espejo bastante extra\u00f1o\u2014 reaparece en la vida de los Warren y de una tranquila familia estadounidense. \u00bfC\u00f3mo enfrentar esta aparici\u00f3n? \u00bfQu\u00e9 hacer ahora?<\/span><\/p>\n<p><span style=\"font-weight: 400;\">Dirigida por <a href=\"https:\/\/www.filmelier.com\/mx\/director\/michael-chaves\"><strong>Michael Chaves<\/strong><\/a> (de <\/span><i><span style=\"font-weight: 400;\">El Conjuro 3<\/span><\/i><span style=\"font-weight: 400;\"> y la p\u00e9sima <\/span><i><span style=\"font-weight: 400;\">La Maldici\u00f3n de La Llorona<\/span><\/i><span style=\"font-weight: 400;\">) y con guion escrito a seis manos por Ian Goldberg, Richard Naing y David Leslie Johnson-McGoldrick, la pel\u00edcula no ofrece nada realmente especial en esta \u00faltima historia. Aunque hay toda una discusi\u00f3n sobre el legado de los Warren, dejando incluso margen para que Warner Bros. haga algo con Judy en el futuro, la pel\u00edcula suena como un cap\u00edtulo m\u00e1s en la vida de la pareja. Eso de decir que es una amenaza peligrosa ya est\u00e1 muy gastado.<\/span><\/p>\n<p><iframe title=\"El Conjuro 4: \u00daltimos Ritos | Tr\u00e1iler Oficial | Subtitulado\" width=\"800\" height=\"450\" src=\"https:\/\/www.youtube.com\/embed\/RpvSn0TDWPs?feature=oembed\" frameborder=\"0\" allow=\"accelerometer; autoplay; clipboard-write; encrypted-media; gyroscope; picture-in-picture; web-share\" referrerpolicy=\"strict-origin-when-cross-origin\" allowfullscreen><\/iframe><\/p>\n<p><span style=\"font-weight: 400;\">Al fin y al cabo, si lo miras bien, todas las pel\u00edculas de la saga principal de <\/span><i><span style=\"font-weight: 400;\">El Conjuro<\/span><\/i><span style=\"font-weight: 400;\"> tienen la misma historia: una familia desafortunadamente pone un objeto maldito en casa, llaman a los Warren, resisten un tiempo, dicen que es un demonio muy, muy fuerte, enfrentan a la criatura, la casa tiembla y salen victoriosos. Eso es todo, nunca cambia. Puede funcionar una o dos pel\u00edculas, \u00bfpero cuatro? Peor a\u00fan: muchas de las pel\u00edculas derivadas, como <\/span><i><span style=\"font-weight: 400;\">La Monja<\/span><\/i><span style=\"font-weight: 400;\">, <\/span><i><span style=\"font-weight: 400;\">Annabelle<\/span><\/i><span style=\"font-weight: 400;\"> y <\/span><i><span style=\"font-weight: 400;\">La Maldici\u00f3n de La Llorona<\/span><\/i><span style=\"font-weight: 400;\">, siguen el mismo camino.<\/span><\/p>\n<p><span style=\"font-weight: 400;\">Es como si siempre fuera la misma historia reformulada para encajar nuevos demonios, objetos pose\u00eddos y familias desprevenidas. Un formato de guion igual, solo adaptado.<\/span><\/p>\n<h2><strong>M\u00e1s de lo mismo, otra vez<\/strong><\/h2>\n<p><span style=\"font-weight: 400;\">Y ah\u00ed regresa esta cuesti\u00f3n central sobre las pel\u00edculas-evento. Est\u00e1 bien, <\/span><i><span style=\"font-weight: 400;\">El Conjuro<\/span><\/i><span style=\"font-weight: 400;\"> escapa de algunas tonter\u00edas que Marvel impuso en los \u00faltimos a\u00f1os. Afortunadamente no hay una reuni\u00f3n de villanos ni nada por el estilo. <\/span><\/p>\n<p><span style=\"font-weight: 400;\">Pero el largometraje se conforma con ser una historia para que la gente se asuste en el cine, absorba una trama sin creatividad alguna y salga sin pensar demasiado. Solo repetir\u00e1n que \u201ces una pel\u00edcula pesada, que da sustos\u201d y cosas as\u00ed. <\/span><i><span style=\"font-weight: 400;\">El Conjuro 4: Los \u00daltimos Ritos<\/span><\/i><span style=\"font-weight: 400;\"> parece satisfecho con ser solo una pel\u00edcula repetitiva. Es para que el p\u00fablico encuentre lo que ya conoce desde hace 12 a\u00f1os.<\/span><\/p>\n<figure id=\"attachment_57160\" aria-describedby=\"caption-attachment-57160\" style=\"width: 923px\" class=\"wp-caption alignnone\"><img decoding=\"async\" class=\" wp-image-57160\" src=\"https:\/\/news.filmelier.com\/wp-content\/uploads\/2025\/08\/vera-farmiga-patrick-wilson-juntos-300x200.webp\" alt=\"Vera Farmiga y Patrick Wilson en una escena de tensi\u00f3n en El Conjuro 2.\" width=\"923\" height=\"615\" srcset=\"https:\/\/news.filmelier.com\/wp-content\/uploads\/2025\/08\/vera-farmiga-patrick-wilson-juntos-300x200.webp 300w, https:\/\/news.filmelier.com\/wp-content\/uploads\/2025\/08\/vera-farmiga-patrick-wilson-juntos-768x512.webp 768w, https:\/\/news.filmelier.com\/wp-content\/uploads\/2025\/08\/vera-farmiga-patrick-wilson-juntos-150x100.webp 150w, https:\/\/news.filmelier.com\/wp-content\/uploads\/2025\/08\/vera-farmiga-patrick-wilson-juntos.webp 800w\" sizes=\"(max-width: 923px) 100vw, 923px\" \/><figcaption id=\"caption-attachment-57160\" class=\"wp-caption-text\"><em>Patrick Wilson y Vera Farmiga pasaron 12 a\u00f1os en la saga de &#8216;El Conjuro&#8217; (Cr\u00e9dito: Warner Bros.)<\/em><\/figcaption><\/figure>\n<h2>\u00bfY el futuro?<\/h2>\n<p><span style=\"font-weight: 400;\">Est\u00e1 bien que <\/span><i><span style=\"font-weight: 400;\">El Conjuro 4: Los \u00daltimos Ritos<\/span><\/i><span style=\"font-weight: 400;\"> pueda divertir, asustar y cosas as\u00ed \u2014 ya me imagino a grupos de adolescentes en el cine, ri\u00e9ndose a carcajadas de c\u00f3mo los dem\u00e1s se espantan. Pero tambi\u00e9n es necesario cuestionar el cine de hoy a partir de un estreno as\u00ed: sin creatividad, sin osad\u00eda, sin nada. Es una pel\u00edcula que solo se repite. Como si fuera un disco rayado, atorado, tocando la misma nota para un p\u00fablico que no quiere nada diferente.<\/span><\/p>\n<p>Es probable que <em>El Conjuro 4<\/em> tenga un buen desempe\u00f1o en taquilla. Se acercar\u00e1 a los 300 millones de d\u00f3lares a los que la franquicia siempre ha aspirado. En un a\u00f1o de grandes producciones de terror como <a href=\"https:\/\/www.filmelier.com\/mx\/peliculas\/96472\/pecadores\" target=\"_blank\" rel=\"noopener\"><em>Pecadores<\/em><\/a>, <a href=\"https:\/\/www.filmelier.com\/mx\/peliculas\/113182\/la-hora-de-la-desaparicion\" target=\"_blank\" rel=\"noopener\"><em>La hora de la desaparici\u00f3n<\/em><\/a>\u00a0y <a href=\"https:\/\/www.filmelier.com\/mx\/peliculas\/113472\/haz-que-regrese\" target=\"_blank\" rel=\"noopener\"><em>Haz que regrese<\/em><\/a>, este nuevo (y \u00faltimo) cap\u00edtulo de los Warren solo plantea preguntas sobre en qu\u00e9 se ha convertido el cine en los \u00faltimos a\u00f1os.<\/p>\n<p>\u00bfEs este el camino correcto? No correr riesgos parece haberse convertido en un mantra de los estudios, mientras que pel\u00edculas audaces como las otras pel\u00edculas de terror mencionadas anteriormente est\u00e1n teniendo \u00e9xito. Esperemos que Hollywood se d\u00e9 cuenta de que las pel\u00edculas de eventos no lo son todo. Las buenas historias a\u00fan marcan la diferencia entre ser un estreno m\u00e1s y convertirse en una de las pel\u00edculas m\u00e1s taquilleras del a\u00f1o.<\/p>\n","protected":false},"excerpt":{"rendered":"<p>El largometraje &#8216;El Conjuro 4&#8217;, que marca la despedida de los personajes Ed y Lorraine Warren del cine, no logra ir m\u00e1s all\u00e1 de lo obvio<\/p>\n","protected":false},"author":21,"featured_media":57224,"comment_status":"open","ping_status":"open","sticky":false,"template":"","format":"standard","meta":{"_acf_changed":false,"footnotes":""},"categories":[5933,5931],"tags":[8918,8917,8957,6187,8913,8914,8916],"class_list":["post-57369","post","type-post","status-publish","format-standard","has-post-thumbnail","hentry","category-critica-mx","category-peliculas-mx","tag-el-conjuro-mx","tag-el-conjuro-4","tag-michael-chaves-mx","tag-patrick-wilson","tag-the-conjuring-mx","tag-the-conjuring-4-mx","tag-vera-farmiga-mx"],"acf":{"subtitulo":"El largometraje 'El Conjuro 4', que marca la despedida de los personajes Ed y Lorraine Warren del cine, no logra ir m\u00e1s all\u00e1 de lo obvio","id_ator":"0267812, 0933940"},"yoast_head":"<!-- This site is optimized with the Yoast SEO plugin v26.1.1 - https:\/\/yoast.com\/wordpress\/plugins\/seo\/ -->\n<title>&#039;El conjuro 4: Los \u00faltimos ritos&#039;: cr\u00edtica de la pel\u00edcula - Filmelier<\/title>\n<meta name=\"description\" content=\"El largometraje &#039;El Conjuro 4&#039;, que marca la despedida de los personajes Ed y Lorraine Warren del cine, no logra ir m\u00e1s all\u00e1 de lo obvio\" \/>\n<meta name=\"robots\" content=\"index, follow, max-snippet:-1, max-image-preview:large, max-video-preview:-1\" \/>\n<link rel=\"canonical\" href=\"https:\/\/news.filmelier.com\/mx\/critica-el-conjuro-4\/\" \/>\n<meta property=\"og:locale\" content=\"es_MX\" \/>\n<meta property=\"og:type\" content=\"article\" \/>\n<meta property=\"og:title\" content=\"&#039;El conjuro 4: Los \u00faltimos ritos&#039;: cr\u00edtica de la pel\u00edcula - Filmelier\" \/>\n<meta property=\"og:description\" content=\"El largometraje &#039;El Conjuro 4&#039;, que marca la despedida de los personajes Ed y Lorraine Warren del cine, no logra ir m\u00e1s all\u00e1 de lo obvio\" \/>\n<meta property=\"og:url\" content=\"https:\/\/news.filmelier.com\/mx\/critica-el-conjuro-4\/\" \/>\n<meta property=\"og:site_name\" content=\"News Filmelier\" \/>\n<meta property=\"article:published_time\" content=\"2025-09-04T14:01:38+00:00\" \/>\n<meta property=\"article:modified_time\" content=\"2025-09-04T22:46:20+00:00\" \/>\n<meta property=\"og:image\" content=\"https:\/\/homolog.news.filmelier.com\/wp-content\/uploads\/2025\/08\/image-w1280.jpg\" \/>\n\t<meta property=\"og:image:width\" content=\"800\" \/>\n\t<meta property=\"og:image:height\" content=\"450\" \/>\n\t<meta property=\"og:image:type\" content=\"image\/jpeg\" \/>\n<meta name=\"author\" content=\"Matheus Mans\" \/>\n<meta name=\"twitter:card\" content=\"summary_large_image\" \/>\n<meta name=\"twitter:label1\" content=\"Escrito por\" \/>\n\t<meta name=\"twitter:data1\" content=\"Matheus Mans\" \/>\n\t<meta name=\"twitter:label2\" content=\"Tiempo de lectura\" \/>\n\t<meta name=\"twitter:data2\" content=\"5 minutos\" \/>\n<script type=\"application\/ld+json\" class=\"yoast-schema-graph\">{\"@context\":\"https:\/\/schema.org\",\"@graph\":[{\"@type\":\"Article\",\"@id\":\"https:\/\/news.filmelier.com\/mx\/critica-el-conjuro-4\/#article\",\"isPartOf\":{\"@id\":\"https:\/\/news.filmelier.com\/mx\/critica-el-conjuro-4\/\"},\"author\":{\"name\":\"Matheus Mans\",\"@id\":\"https:\/\/homolog.news.filmelier.com\/mx\/#\/schema\/person\/bed674124135ac4309c6d6286a06b8d2\"},\"headline\":\"Cr\u00edtica: &#8216;El Conjuro 4: Los \u00daltimos Ritos&#8217; se conforma con ser solo la pel\u00edcula de sustos \u2014 y nada m\u00e1s\",\"datePublished\":\"2025-09-04T14:01:38+00:00\",\"dateModified\":\"2025-09-04T22:46:20+00:00\",\"mainEntityOfPage\":{\"@id\":\"https:\/\/news.filmelier.com\/mx\/critica-el-conjuro-4\/\"},\"wordCount\":1004,\"commentCount\":0,\"publisher\":{\"@id\":\"https:\/\/homolog.news.filmelier.com\/mx\/#organization\"},\"image\":{\"@id\":\"https:\/\/news.filmelier.com\/mx\/critica-el-conjuro-4\/#primaryimage\"},\"thumbnailUrl\":\"https:\/\/news.filmelier.com\/wp-content\/uploads\/2025\/08\/image-w1280.jpg\",\"keywords\":[\"El Conjuro\",\"El Conjuro 4\",\"Michael Chaves\",\"Patrick Wilson\",\"The Conjuring\",\"The Conjuring 4\",\"Vera Farmiga\"],\"articleSection\":[\"Cr\u00edtica\",\"Pel\u00edculas\"],\"inLanguage\":\"es\",\"potentialAction\":[{\"@type\":\"CommentAction\",\"name\":\"Comment\",\"target\":[\"https:\/\/news.filmelier.com\/mx\/critica-el-conjuro-4\/#respond\"]}]},{\"@type\":\"WebPage\",\"@id\":\"https:\/\/news.filmelier.com\/mx\/critica-el-conjuro-4\/\",\"url\":\"https:\/\/news.filmelier.com\/mx\/critica-el-conjuro-4\/\",\"name\":\"'El conjuro 4: Los \u00faltimos ritos': cr\u00edtica de la pel\u00edcula - Filmelier\",\"isPartOf\":{\"@id\":\"https:\/\/homolog.news.filmelier.com\/mx\/#website\"},\"primaryImageOfPage\":{\"@id\":\"https:\/\/news.filmelier.com\/mx\/critica-el-conjuro-4\/#primaryimage\"},\"image\":{\"@id\":\"https:\/\/news.filmelier.com\/mx\/critica-el-conjuro-4\/#primaryimage\"},\"thumbnailUrl\":\"https:\/\/news.filmelier.com\/wp-content\/uploads\/2025\/08\/image-w1280.jpg\",\"datePublished\":\"2025-09-04T14:01:38+00:00\",\"dateModified\":\"2025-09-04T22:46:20+00:00\",\"description\":\"El largometraje 'El Conjuro 4', que marca la despedida de los personajes Ed y Lorraine Warren del cine, no logra ir m\u00e1s all\u00e1 de lo obvio\",\"breadcrumb\":{\"@id\":\"https:\/\/news.filmelier.com\/mx\/critica-el-conjuro-4\/#breadcrumb\"},\"inLanguage\":\"es\",\"potentialAction\":[{\"@type\":\"ReadAction\",\"target\":[\"https:\/\/news.filmelier.com\/mx\/critica-el-conjuro-4\/\"]}]},{\"@type\":\"ImageObject\",\"inLanguage\":\"es\",\"@id\":\"https:\/\/news.filmelier.com\/mx\/critica-el-conjuro-4\/#primaryimage\",\"url\":\"https:\/\/news.filmelier.com\/wp-content\/uploads\/2025\/08\/image-w1280.jpg\",\"contentUrl\":\"https:\/\/news.filmelier.com\/wp-content\/uploads\/2025\/08\/image-w1280.jpg\",\"width\":800,\"height\":450,\"caption\":\"Cena de 'Invoca\u00e7\u00e3o do Mal 4', o \u00faltimo filme da franquia (Cr\u00e9dito: Warner Bros.)\"},{\"@type\":\"BreadcrumbList\",\"@id\":\"https:\/\/news.filmelier.com\/mx\/critica-el-conjuro-4\/#breadcrumb\",\"itemListElement\":[{\"@type\":\"ListItem\",\"position\":1,\"name\":\"In\u00edcio\",\"item\":\"https:\/\/homolog.news.filmelier.com\/mx\/\"},{\"@type\":\"ListItem\",\"position\":2,\"name\":\"Cr\u00edtica: &#8216;El Conjuro 4: Los \u00daltimos Ritos&#8217; se conforma con ser solo la pel\u00edcula de sustos \u2014 y nada m\u00e1s\"}]},{\"@type\":\"WebSite\",\"@id\":\"https:\/\/homolog.news.filmelier.com\/mx\/#website\",\"url\":\"https:\/\/homolog.news.filmelier.com\/mx\/\",\"name\":\"Homolog Filmelier News Rankrup\",\"description\":\"\",\"publisher\":{\"@id\":\"https:\/\/homolog.news.filmelier.com\/mx\/#organization\"},\"potentialAction\":[{\"@type\":\"SearchAction\",\"target\":{\"@type\":\"EntryPoint\",\"urlTemplate\":\"https:\/\/homolog.news.filmelier.com\/mx\/?s={search_term_string}\"},\"query-input\":{\"@type\":\"PropertyValueSpecification\",\"valueRequired\":true,\"valueName\":\"search_term_string\"}}],\"inLanguage\":\"es\"},{\"@type\":\"Organization\",\"@id\":\"https:\/\/homolog.news.filmelier.com\/mx\/#organization\",\"name\":\"Homolog Filmelier News Rankrup\",\"url\":\"https:\/\/homolog.news.filmelier.com\/mx\/\",\"logo\":{\"@type\":\"ImageObject\",\"inLanguage\":\"es\",\"@id\":\"https:\/\/homolog.news.filmelier.com\/mx\/#\/schema\/logo\/image\/\",\"url\":\"https:\/\/news.filmelier.com\/wp-content\/uploads\/2024\/11\/Logo-News.png\",\"contentUrl\":\"https:\/\/news.filmelier.com\/wp-content\/uploads\/2024\/11\/Logo-News.png\",\"width\":460,\"height\":108,\"caption\":\"Homolog Filmelier News Rankrup\"},\"image\":{\"@id\":\"https:\/\/homolog.news.filmelier.com\/mx\/#\/schema\/logo\/image\/\"}},{\"@type\":\"Person\",\"@id\":\"https:\/\/homolog.news.filmelier.com\/mx\/#\/schema\/person\/bed674124135ac4309c6d6286a06b8d2\",\"name\":\"Matheus Mans\",\"image\":{\"@type\":\"ImageObject\",\"inLanguage\":\"es\",\"@id\":\"https:\/\/homolog.news.filmelier.com\/mx\/#\/schema\/person\/image\/\",\"url\":\"https:\/\/secure.gravatar.com\/avatar\/6d2ce80225ec344e6533f7d7e6d801e11991009ea7dfa33b3bb9117b245ebd33?s=96&d=mm&r=g\",\"contentUrl\":\"https:\/\/secure.gravatar.com\/avatar\/6d2ce80225ec344e6533f7d7e6d801e11991009ea7dfa33b3bb9117b245ebd33?s=96&d=mm&r=g\",\"caption\":\"Matheus Mans\"},\"url\":\"https:\/\/news.filmelier.com\/mx\/author\/matheus\/\"}]}<\/script>\n<!-- \/ Yoast SEO plugin. -->","yoast_head_json":{"title":"'El conjuro 4: Los \u00faltimos ritos': cr\u00edtica de la pel\u00edcula - Filmelier","description":"El largometraje 'El Conjuro 4', que marca la despedida de los personajes Ed y Lorraine Warren del cine, no logra ir m\u00e1s all\u00e1 de lo obvio","robots":{"index":"index","follow":"follow","max-snippet":"max-snippet:-1","max-image-preview":"max-image-preview:large","max-video-preview":"max-video-preview:-1"},"canonical":"https:\/\/news.filmelier.com\/mx\/critica-el-conjuro-4\/","og_locale":"es_MX","og_type":"article","og_title":"'El conjuro 4: Los \u00faltimos ritos': cr\u00edtica de la pel\u00edcula - Filmelier","og_description":"El largometraje 'El Conjuro 4', que marca la despedida de los personajes Ed y Lorraine Warren del cine, no logra ir m\u00e1s all\u00e1 de lo obvio","og_url":"https:\/\/news.filmelier.com\/mx\/critica-el-conjuro-4\/","og_site_name":"News Filmelier","article_published_time":"2025-09-04T14:01:38+00:00","article_modified_time":"2025-09-04T22:46:20+00:00","og_image":[{"width":800,"height":450,"url":"https:\/\/homolog.news.filmelier.com\/wp-content\/uploads\/2025\/08\/image-w1280.jpg","type":"image\/jpeg"}],"author":"Matheus Mans","twitter_card":"summary_large_image","twitter_misc":{"Escrito por":"Matheus Mans","Tiempo de lectura":"5 minutos"},"schema":{"@context":"https:\/\/schema.org","@graph":[{"@type":"Article","@id":"https:\/\/news.filmelier.com\/mx\/critica-el-conjuro-4\/#article","isPartOf":{"@id":"https:\/\/news.filmelier.com\/mx\/critica-el-conjuro-4\/"},"author":{"name":"Matheus Mans","@id":"https:\/\/homolog.news.filmelier.com\/mx\/#\/schema\/person\/bed674124135ac4309c6d6286a06b8d2"},"headline":"Cr\u00edtica: &#8216;El Conjuro 4: Los \u00daltimos Ritos&#8217; se conforma con ser solo la pel\u00edcula de sustos \u2014 y nada m\u00e1s","datePublished":"2025-09-04T14:01:38+00:00","dateModified":"2025-09-04T22:46:20+00:00","mainEntityOfPage":{"@id":"https:\/\/news.filmelier.com\/mx\/critica-el-conjuro-4\/"},"wordCount":1004,"commentCount":0,"publisher":{"@id":"https:\/\/homolog.news.filmelier.com\/mx\/#organization"},"image":{"@id":"https:\/\/news.filmelier.com\/mx\/critica-el-conjuro-4\/#primaryimage"},"thumbnailUrl":"https:\/\/news.filmelier.com\/wp-content\/uploads\/2025\/08\/image-w1280.jpg","keywords":["El Conjuro","El Conjuro 4","Michael Chaves","Patrick Wilson","The Conjuring","The Conjuring 4","Vera Farmiga"],"articleSection":["Cr\u00edtica","Pel\u00edculas"],"inLanguage":"es","potentialAction":[{"@type":"CommentAction","name":"Comment","target":["https:\/\/news.filmelier.com\/mx\/critica-el-conjuro-4\/#respond"]}]},{"@type":"WebPage","@id":"https:\/\/news.filmelier.com\/mx\/critica-el-conjuro-4\/","url":"https:\/\/news.filmelier.com\/mx\/critica-el-conjuro-4\/","name":"'El conjuro 4: Los \u00faltimos ritos': cr\u00edtica de la pel\u00edcula - Filmelier","isPartOf":{"@id":"https:\/\/homolog.news.filmelier.com\/mx\/#website"},"primaryImageOfPage":{"@id":"https:\/\/news.filmelier.com\/mx\/critica-el-conjuro-4\/#primaryimage"},"image":{"@id":"https:\/\/news.filmelier.com\/mx\/critica-el-conjuro-4\/#primaryimage"},"thumbnailUrl":"https:\/\/news.filmelier.com\/wp-content\/uploads\/2025\/08\/image-w1280.jpg","datePublished":"2025-09-04T14:01:38+00:00","dateModified":"2025-09-04T22:46:20+00:00","description":"El largometraje 'El Conjuro 4', que marca la despedida de los personajes Ed y Lorraine Warren del cine, no logra ir m\u00e1s all\u00e1 de lo obvio","breadcrumb":{"@id":"https:\/\/news.filmelier.com\/mx\/critica-el-conjuro-4\/#breadcrumb"},"inLanguage":"es","potentialAction":[{"@type":"ReadAction","target":["https:\/\/news.filmelier.com\/mx\/critica-el-conjuro-4\/"]}]},{"@type":"ImageObject","inLanguage":"es","@id":"https:\/\/news.filmelier.com\/mx\/critica-el-conjuro-4\/#primaryimage","url":"https:\/\/news.filmelier.com\/wp-content\/uploads\/2025\/08\/image-w1280.jpg","contentUrl":"https:\/\/news.filmelier.com\/wp-content\/uploads\/2025\/08\/image-w1280.jpg","width":800,"height":450,"caption":"Cena de 'Invoca\u00e7\u00e3o do Mal 4', o \u00faltimo filme da franquia (Cr\u00e9dito: Warner Bros.)"},{"@type":"BreadcrumbList","@id":"https:\/\/news.filmelier.com\/mx\/critica-el-conjuro-4\/#breadcrumb","itemListElement":[{"@type":"ListItem","position":1,"name":"In\u00edcio","item":"https:\/\/homolog.news.filmelier.com\/mx\/"},{"@type":"ListItem","position":2,"name":"Cr\u00edtica: &#8216;El Conjuro 4: Los \u00daltimos Ritos&#8217; se conforma con ser solo la pel\u00edcula de sustos \u2014 y nada m\u00e1s"}]},{"@type":"WebSite","@id":"https:\/\/homolog.news.filmelier.com\/mx\/#website","url":"https:\/\/homolog.news.filmelier.com\/mx\/","name":"Homolog Filmelier News Rankrup","description":"","publisher":{"@id":"https:\/\/homolog.news.filmelier.com\/mx\/#organization"},"potentialAction":[{"@type":"SearchAction","target":{"@type":"EntryPoint","urlTemplate":"https:\/\/homolog.news.filmelier.com\/mx\/?s={search_term_string}"},"query-input":{"@type":"PropertyValueSpecification","valueRequired":true,"valueName":"search_term_string"}}],"inLanguage":"es"},{"@type":"Organization","@id":"https:\/\/homolog.news.filmelier.com\/mx\/#organization","name":"Homolog Filmelier News Rankrup","url":"https:\/\/homolog.news.filmelier.com\/mx\/","logo":{"@type":"ImageObject","inLanguage":"es","@id":"https:\/\/homolog.news.filmelier.com\/mx\/#\/schema\/logo\/image\/","url":"https:\/\/news.filmelier.com\/wp-content\/uploads\/2024\/11\/Logo-News.png","contentUrl":"https:\/\/news.filmelier.com\/wp-content\/uploads\/2024\/11\/Logo-News.png","width":460,"height":108,"caption":"Homolog Filmelier News Rankrup"},"image":{"@id":"https:\/\/homolog.news.filmelier.com\/mx\/#\/schema\/logo\/image\/"}},{"@type":"Person","@id":"https:\/\/homolog.news.filmelier.com\/mx\/#\/schema\/person\/bed674124135ac4309c6d6286a06b8d2","name":"Matheus Mans","image":{"@type":"ImageObject","inLanguage":"es","@id":"https:\/\/homolog.news.filmelier.com\/mx\/#\/schema\/person\/image\/","url":"https:\/\/secure.gravatar.com\/avatar\/6d2ce80225ec344e6533f7d7e6d801e11991009ea7dfa33b3bb9117b245ebd33?s=96&d=mm&r=g","contentUrl":"https:\/\/secure.gravatar.com\/avatar\/6d2ce80225ec344e6533f7d7e6d801e11991009ea7dfa33b3bb9117b245ebd33?s=96&d=mm&r=g","caption":"Matheus Mans"},"url":"https:\/\/news.filmelier.com\/mx\/author\/matheus\/"}]}},"_links":{"self":[{"href":"https:\/\/news.filmelier.com\/mx\/wp-json\/wp\/v2\/posts\/57369","targetHints":{"allow":["GET"]}}],"collection":[{"href":"https:\/\/news.filmelier.com\/mx\/wp-json\/wp\/v2\/posts"}],"about":[{"href":"https:\/\/news.filmelier.com\/mx\/wp-json\/wp\/v2\/types\/post"}],"author":[{"embeddable":true,"href":"https:\/\/news.filmelier.com\/mx\/wp-json\/wp\/v2\/users\/21"}],"replies":[{"embeddable":true,"href":"https:\/\/news.filmelier.com\/mx\/wp-json\/wp\/v2\/comments?post=57369"}],"version-history":[{"count":5,"href":"https:\/\/news.filmelier.com\/mx\/wp-json\/wp\/v2\/posts\/57369\/revisions"}],"predecessor-version":[{"id":57448,"href":"https:\/\/news.filmelier.com\/mx\/wp-json\/wp\/v2\/posts\/57369\/revisions\/57448"}],"wp:featuredmedia":[{"embeddable":true,"href":"https:\/\/news.filmelier.com\/mx\/wp-json\/wp\/v2\/media\/57224"}],"wp:attachment":[{"href":"https:\/\/news.filmelier.com\/mx\/wp-json\/wp\/v2\/media?parent=57369"}],"wp:term":[{"taxonomy":"category","embeddable":true,"href":"https:\/\/news.filmelier.com\/mx\/wp-json\/wp\/v2\/categories?post=57369"},{"taxonomy":"post_tag","embeddable":true,"href":"https:\/\/news.filmelier.com\/mx\/wp-json\/wp\/v2\/tags?post=57369"}],"curies":[{"name":"wp","href":"https:\/\/api.w.org\/{rel}","templated":true}]}}