{"id":56802,"date":"2024-05-20T15:28:57","date_gmt":"2024-05-20T18:28:57","guid":{"rendered":"https:\/\/news.filmelier.com\/emilia-perez-cannes-2024\/"},"modified":"2025-08-21T15:16:33","modified_gmt":"2025-08-21T18:16:33","slug":"emilia-perez-cannes-2024","status":"publish","type":"post","link":"https:\/\/news.filmelier.com\/mx\/emilia-perez-cannes-2024\/","title":{"rendered":"&#8216;Emilia P\u00e9rez&#8217; se perfila como el primer favorito del Festival de Cannes"},"content":{"rendered":"\r\n<p><a href=\"https:\/\/www.filmelier.com\/mx\/director\/jacques-audiard\">Jacques Audiard<\/a> nunca ha sido un cineasta que se quede con lo seguro. Pero el director de <em><a href=\"https:\/\/www.filmelier.com\/mx\/peliculas\/113045\/un-profeta\">Un profeta<\/a><\/em> (2009), ganador del Gran Premio del Jurado, <a href=\"https:\/\/www.filmelier.com\/mx\/peliculas\/2441\/metal-y-hueso\"><em>Metal y hueso<\/em><\/a>\u00a0(2012) y <em><a href=\"https:\/\/www.filmelier.com\/mx\/peliculas\/2814\/dheepan\">Dheepan<\/a><\/em> (2015), ganador de la Palma de Oro, se super\u00f3 a s\u00ed mismo con <em><strong><a href=\"https:\/\/www.filmelier.com\/mx\/peliculas\/25542\/emilia-perez\">Emilia P\u00e9rez<\/a><\/strong><\/em>, un thriller musical con Selena Gomez, Zoe Salda\u00f1a y Karla Sof\u00eda Gasc\u00f3n sobre segundas oportunidades, reasignaci\u00f3n de g\u00e9nero y la violencia de los c\u00e1rteles en M\u00e9xico.<\/p>\r\n\r\n<p><iframe title=\"Emilia P\u00e9rez new teaser trailer official from Cannes Film Festival 2024\" width=\"800\" height=\"450\" src=\"https:\/\/www.youtube.com\/embed\/Wp3gJBw0E5A?feature=oembed\" frameborder=\"0\" allow=\"accelerometer; autoplay; clipboard-write; encrypted-media; gyroscope; picture-in-picture; web-share\" referrerpolicy=\"strict-origin-when-cross-origin\" allowfullscreen><\/iframe><\/p>\r\n\r\n<ul class=\"wp-block-list\">\r\n<li><strong>Lee tambi\u00e9n:\u00a0<a href=\"https:\/\/news.filmelier.com\/mx\/critica-vermiglio-pelicula\/\">Cr\u00edtica: \u2018Vermiglio\u2019: la opresi\u00f3n silenciosa<\/a><\/strong><\/li>\r\n<\/ul>\r\n\r\n\r\n\r\n<p>Con todo esto, la cinta se convirti\u00f3 la noche de este s\u00e1bado 18 en el favorito hasta el momento de la competencia del 77\u00ba Festival de Cannes, con una sesi\u00f3n de prensa y una gala que recibieron calurosos aplausos.<\/p>\r\n<h2>\u00bfDe qu\u00e9 trata <em>Emilia P\u00e9rez<\/em>?<\/h2>\r\n\r\n\r\n\r\n<p>Rita (Zoe Salda\u00f1a) es una abogada especializada en sacar de la c\u00e1rcel a personas culpables. Es brillante, pero nunca es reconocida por su jefe incompetente. Un d\u00eda, recibe una llamada misteriosa. Despu\u00e9s del susto de que le pongan una capucha, conoce a Manitas del Monte (Karla Sof\u00eda Gasc\u00f3n), l\u00edder de un c\u00e1rtel de narcotr\u00e1fico que le hace una petici\u00f3n inusual: Rita se har\u00e1 rica si le ayuda a realizar el proceso de reasignaci\u00f3n de g\u00e9nero. As\u00ed es como nace Emilia P\u00e9rez (Karla Sof\u00eda Gasc\u00f3n).<\/p>\r\n\r\n\r\n\r\n<p>A\u00f1os despu\u00e9s, Emilia busca a Rita nuevamente porque extra\u00f1a a sus hijos con Jessi (Selena Gomez) \u2013 la familia fue enviada a Suiza despu\u00e9s de que Manitas fingiera su muerte.<\/p>\r\n\r\n\r\n\r\n<p>Los ni\u00f1os y Jessi regresan a vivir a la Ciudad de M\u00e9xico, donde Emilia y Rita comienzan a ayudar a las familias de los desaparecidos por la guerra del narcotr\u00e1fico, que se estiman en m\u00e1s de 100 mil.<\/p>\r\n\r\n\r\n\r\n<ul class=\"wp-block-list\">\r\n<li><strong>Lee tambi\u00e9n: <a href=\"https:\/\/news.filmelier.com\/mx\/critica-corazones-jovenes-pelicula\/\">Cr\u00edtica de \u2018Corazones j\u00f3venes\u2019: volver a enamorarse<\/a><\/strong><\/li>\r\n<\/ul>\r\n<figure id=\"attachment_44528\" aria-describedby=\"caption-attachment-44528\" style=\"width: 800px\" class=\"wp-caption alignnone\"><img fetchpriority=\"high\" decoding=\"async\" class=\"wp-image-44528 size-full\" src=\"https:\/\/news.filmelier.com\/wp-content\/uploads\/2024\/05\/emilia-perez-cannes-2024.jpg\" alt=\"El elenco femenino de Emilia P\u00e9rez fue reconocido de manera emblem\u00e1tica (Cr\u00e9dito: Cannes)\" width=\"800\" height=\"450\" srcset=\"https:\/\/news.filmelier.com\/wp-content\/uploads\/2024\/05\/emilia-perez-cannes-2024.jpg 800w, https:\/\/news.filmelier.com\/wp-content\/uploads\/2024\/05\/emilia-perez-cannes-2024-300x169.jpg 300w, https:\/\/news.filmelier.com\/wp-content\/uploads\/2024\/05\/emilia-perez-cannes-2024-768x432.jpg 768w, https:\/\/news.filmelier.com\/wp-content\/uploads\/2024\/05\/emilia-perez-cannes-2024-150x84.jpg 150w\" sizes=\"(max-width: 800px) 100vw, 800px\" \/><figcaption id=\"caption-attachment-44528\" class=\"wp-caption-text\"><em>Zoe Salda\u00f1a brilla con un papel diferente al que estamos acostumbrados en Emilia P\u00e9rez (Cr\u00e9dito: Why Not Productions)<\/em><\/figcaption><\/figure>\r\n\r\n\r\n\r\n<h2>Cr\u00edtica de <em>Emilia P\u00e9rez<\/em>: una mezcla de g\u00e9neros con enfoque en lo femenino<\/h2>\r\n<p>Audiard hace una pel\u00edcula sobre la violencia del narcotr\u00e1fico totalmente centrada en lo femenino \u2013 los papeles masculinos son escasos y breves, ya sea Gustavo (\u00c9dgar Ramirez), el nuevo novio de Jessi, o el Dr. Wasserman (Mark Ivanir), responsable de las cirug\u00edas de Manitas.<\/p>\r\n\r\n\r\n\r\n<p>Las canciones compuestas por Camille y Cl\u00e9ment Ducol mezclan estilos, haciendo cr\u00edtica social, aportando dulzura y gracia, sin miedo a cruzar la frontera de lo rid\u00edculo.<\/p>\r\n\r\n\r\n\r\n<p><em>Emilia P\u00e9rez<\/em> tampoco teme pasearse por los g\u00e9neros: thriller, musical, melodrama, noir, realismo social, telenovela, todo para hablar de personajes en busca de redenci\u00f3n.<\/p>\r\n\r\n\r\n\r\n<p>Con tantas audacias formales y tem\u00e1ticas, la pel\u00edcula abre espacio para que sus actrices brillen. Zoe Salda\u00f1a tiene una oportunidad \u00fanica en su carrera, marcada por pel\u00edculas de acci\u00f3n. Canta, baila, abraza su latinidad, se desenvuelve bien en el drama y en los momentos m\u00e1s sutiles. Y Karla Sof\u00eda Gasc\u00f3n brilla en el doble papel de Manitas y Emilia, un personaje que intenta salvar su alma, sin saber si es posible.<\/p>\r\n\r\n\r\n\r\n<p>Se balancea con delicadeza entre la felicidad de finalmente vivir su verdad y la tristeza de ocultar qui\u00e9n es a sus hijos. Si <em>Emilia P\u00e9rez<\/em> no se lleva los premios m\u00e1s importantes, Karla Sof\u00eda Gasc\u00f3n tiene todo para ser la primera mujer trans en ganar el premio a la mejor actriz en Cannes.<\/p>\r\n<h2>Checa nuestra cobertura completa del Festival de Cannes 2024:<\/h2>\r\n<ul>\r\n<li><strong><a href=\"https:\/\/news.filmelier.com\/mx\/anora-cannes-2024-palma-de-oro\/\">\u2018Anora\u2019, ganadora de la Palma de Oro en Cannes: un retrato humano y casi perfecto de una stripper<\/a><\/strong><\/li>\r\n<li><strong><a href=\"https:\/\/news.filmelier.com\/mx\/the-seed-of-the-sacred-fig-cannes\/\">\u2018The Seed of the Sacred Fig\u2019: Pel\u00edcula de cineasta iran\u00ed encarcelado deslumbra en Cannes 2024 y se convierte en favorita<\/a><\/strong><\/li>\r\n<li><strong><a href=\"https:\/\/news.filmelier.com\/mx\/the-second-act-cannes-2024\/\">Pel\u00edcula inaugural de Cannes, \u2018The Second Act\u2019 busca hacer gracia con la IA y la cultura de la cancelaci\u00f3n<\/a><\/strong><\/li>\r\n<li><strong><a href=\"https:\/\/news.filmelier.com\/mx\/critica-wild-diamond-cannes-2024\/\">Cr\u00edtica de \u2018Wild Diamond\u2019: Adolescente usa su belleza como arma en pel\u00edcula de Cannes 2024<\/a><\/strong><\/li>\r\n<\/ul>\r\n\r\n\r\n\r\n\r\n","protected":false},"excerpt":{"rendered":"<p>La cinta es un thriller musical con Selena Gomez, Zoe Salda\u00f1a y Karla Sof\u00eda Gasc\u00f3n.<\/p>\n","protected":false},"author":28,"featured_media":56803,"comment_status":"closed","ping_status":"open","sticky":false,"template":"","format":"standard","meta":{"_acf_changed":false,"footnotes":""},"categories":[5933,5931],"tags":[8746,8598,8745,6974,7546],"class_list":["post-56802","post","type-post","status-publish","format-standard","has-post-thumbnail","hentry","category-critica-mx","category-peliculas-mx","tag-emilia-perez-mx","tag-festival-de-cannes-2024","tag-karla-sofia-gascon-mx","tag-selena-gomez","tag-zoe-saldana"],"acf":{"subtitulo":"La cinta es un thriller musical con Selena Gomez, Zoe Salda\u00f1a y Karla Sof\u00eda Gasc\u00f3n.","id_ator":""},"yoast_head":"<!-- This site is optimized with the Yoast SEO plugin v26.1.1 - https:\/\/yoast.com\/wordpress\/plugins\/seo\/ -->\n<title>&#039;Emilia P\u00e9rez&#039; se perfila como el primer favorito del Festival de Cannes<\/title>\n<meta name=\"description\" content=\"La cinta es un thriller musical con Selena Gomez, Zoe Salda\u00f1a y Karla Sof\u00eda Gasc\u00f3n.\" \/>\n<meta name=\"robots\" content=\"index, follow, max-snippet:-1, max-image-preview:large, max-video-preview:-1\" \/>\n<link rel=\"canonical\" href=\"https:\/\/news.filmelier.com\/mx\/emilia-perez-cannes-2024\/\" \/>\n<meta property=\"og:locale\" content=\"es_MX\" \/>\n<meta property=\"og:type\" content=\"article\" \/>\n<meta property=\"og:title\" content=\"&#039;Emilia P\u00e9rez&#039; se perfila como el primer favorito del Festival de Cannes\" \/>\n<meta property=\"og:description\" content=\"La cinta es un thriller musical con Selena Gomez, Zoe Salda\u00f1a y Karla Sof\u00eda Gasc\u00f3n.\" \/>\n<meta property=\"og:url\" content=\"https:\/\/news.filmelier.com\/mx\/emilia-perez-cannes-2024\/\" \/>\n<meta property=\"og:site_name\" content=\"News Filmelier\" \/>\n<meta property=\"article:published_time\" content=\"2024-05-20T18:28:57+00:00\" \/>\n<meta property=\"article:modified_time\" content=\"2025-08-21T18:16:33+00:00\" \/>\n<meta property=\"og:image\" content=\"https:\/\/homolog.news.filmelier.com\/wp-content\/uploads\/2025\/03\/emilia-perez-zoe-saldana-selena-gomez-karla-sofia-gascon.webp\" \/>\n\t<meta property=\"og:image:width\" content=\"750\" \/>\n\t<meta property=\"og:image:height\" content=\"500\" \/>\n\t<meta property=\"og:image:type\" content=\"image\/webp\" \/>\n<meta name=\"author\" content=\"Mariane Morisawa\" \/>\n<meta name=\"twitter:card\" content=\"summary_large_image\" \/>\n<meta name=\"twitter:label1\" content=\"Escrito por\" \/>\n\t<meta name=\"twitter:data1\" content=\"Mariane Morisawa\" \/>\n\t<meta name=\"twitter:label2\" content=\"Tiempo de lectura\" \/>\n\t<meta name=\"twitter:data2\" content=\"4 minutos\" \/>\n<script type=\"application\/ld+json\" class=\"yoast-schema-graph\">{\"@context\":\"https:\/\/schema.org\",\"@graph\":[{\"@type\":\"Article\",\"@id\":\"https:\/\/news.filmelier.com\/mx\/emilia-perez-cannes-2024\/#article\",\"isPartOf\":{\"@id\":\"https:\/\/news.filmelier.com\/mx\/emilia-perez-cannes-2024\/\"},\"author\":{\"name\":\"Mariane Morisawa\",\"@id\":\"https:\/\/homolog.news.filmelier.com\/mx\/#\/schema\/person\/d3754049399630d7144ed2033a96986f\"},\"headline\":\"&#8216;Emilia P\u00e9rez&#8217; se perfila como el primer favorito del Festival de Cannes\",\"datePublished\":\"2024-05-20T18:28:57+00:00\",\"dateModified\":\"2025-08-21T18:16:33+00:00\",\"mainEntityOfPage\":{\"@id\":\"https:\/\/news.filmelier.com\/mx\/emilia-perez-cannes-2024\/\"},\"wordCount\":714,\"publisher\":{\"@id\":\"https:\/\/homolog.news.filmelier.com\/mx\/#organization\"},\"image\":{\"@id\":\"https:\/\/news.filmelier.com\/mx\/emilia-perez-cannes-2024\/#primaryimage\"},\"thumbnailUrl\":\"https:\/\/news.filmelier.com\/wp-content\/uploads\/2025\/03\/emilia-perez-zoe-saldana-selena-gomez-karla-sofia-gascon.webp\",\"keywords\":[\"Emilia P\u00e9rez\",\"Festival de Cannes 2024\",\"Karla Sof\u00eda Gasc\u00f3n\",\"selena gomez\",\"Zoe Salda\u00f1a\"],\"articleSection\":[\"Cr\u00edtica\",\"Pel\u00edculas\"],\"inLanguage\":\"es\"},{\"@type\":\"WebPage\",\"@id\":\"https:\/\/news.filmelier.com\/mx\/emilia-perez-cannes-2024\/\",\"url\":\"https:\/\/news.filmelier.com\/mx\/emilia-perez-cannes-2024\/\",\"name\":\"'Emilia P\u00e9rez' se perfila como el primer favorito del Festival de Cannes\",\"isPartOf\":{\"@id\":\"https:\/\/homolog.news.filmelier.com\/mx\/#website\"},\"primaryImageOfPage\":{\"@id\":\"https:\/\/news.filmelier.com\/mx\/emilia-perez-cannes-2024\/#primaryimage\"},\"image\":{\"@id\":\"https:\/\/news.filmelier.com\/mx\/emilia-perez-cannes-2024\/#primaryimage\"},\"thumbnailUrl\":\"https:\/\/news.filmelier.com\/wp-content\/uploads\/2025\/03\/emilia-perez-zoe-saldana-selena-gomez-karla-sofia-gascon.webp\",\"datePublished\":\"2024-05-20T18:28:57+00:00\",\"dateModified\":\"2025-08-21T18:16:33+00:00\",\"description\":\"La cinta es un thriller musical con Selena Gomez, Zoe Salda\u00f1a y Karla Sof\u00eda Gasc\u00f3n.\",\"breadcrumb\":{\"@id\":\"https:\/\/news.filmelier.com\/mx\/emilia-perez-cannes-2024\/#breadcrumb\"},\"inLanguage\":\"es\",\"potentialAction\":[{\"@type\":\"ReadAction\",\"target\":[\"https:\/\/news.filmelier.com\/mx\/emilia-perez-cannes-2024\/\"]}]},{\"@type\":\"ImageObject\",\"inLanguage\":\"es\",\"@id\":\"https:\/\/news.filmelier.com\/mx\/emilia-perez-cannes-2024\/#primaryimage\",\"url\":\"https:\/\/news.filmelier.com\/wp-content\/uploads\/2025\/03\/emilia-perez-zoe-saldana-selena-gomez-karla-sofia-gascon.webp\",\"contentUrl\":\"https:\/\/news.filmelier.com\/wp-content\/uploads\/2025\/03\/emilia-perez-zoe-saldana-selena-gomez-karla-sofia-gascon.webp\",\"width\":750,\"height\":500,\"caption\":\"Atrizes principais de Emilia P\u00e9rez - da esquerda \u00e0 direita - Zoe Saldana, Selena Gomez e Karla Sof\u00eda Gasc\u00f3n (Cr\u00e9ditos: Divulga\u00e7\u00e3o)\"},{\"@type\":\"BreadcrumbList\",\"@id\":\"https:\/\/news.filmelier.com\/mx\/emilia-perez-cannes-2024\/#breadcrumb\",\"itemListElement\":[{\"@type\":\"ListItem\",\"position\":1,\"name\":\"In\u00edcio\",\"item\":\"https:\/\/homolog.news.filmelier.com\/mx\/\"},{\"@type\":\"ListItem\",\"position\":2,\"name\":\"&#8216;Emilia P\u00e9rez&#8217; se perfila como el primer favorito del Festival de Cannes\"}]},{\"@type\":\"WebSite\",\"@id\":\"https:\/\/homolog.news.filmelier.com\/mx\/#website\",\"url\":\"https:\/\/homolog.news.filmelier.com\/mx\/\",\"name\":\"Homolog Filmelier News Rankrup\",\"description\":\"\",\"publisher\":{\"@id\":\"https:\/\/homolog.news.filmelier.com\/mx\/#organization\"},\"potentialAction\":[{\"@type\":\"SearchAction\",\"target\":{\"@type\":\"EntryPoint\",\"urlTemplate\":\"https:\/\/homolog.news.filmelier.com\/mx\/?s={search_term_string}\"},\"query-input\":{\"@type\":\"PropertyValueSpecification\",\"valueRequired\":true,\"valueName\":\"search_term_string\"}}],\"inLanguage\":\"es\"},{\"@type\":\"Organization\",\"@id\":\"https:\/\/homolog.news.filmelier.com\/mx\/#organization\",\"name\":\"Homolog Filmelier News Rankrup\",\"url\":\"https:\/\/homolog.news.filmelier.com\/mx\/\",\"logo\":{\"@type\":\"ImageObject\",\"inLanguage\":\"es\",\"@id\":\"https:\/\/homolog.news.filmelier.com\/mx\/#\/schema\/logo\/image\/\",\"url\":\"https:\/\/news.filmelier.com\/wp-content\/uploads\/2024\/11\/Logo-News.png\",\"contentUrl\":\"https:\/\/news.filmelier.com\/wp-content\/uploads\/2024\/11\/Logo-News.png\",\"width\":460,\"height\":108,\"caption\":\"Homolog Filmelier News Rankrup\"},\"image\":{\"@id\":\"https:\/\/homolog.news.filmelier.com\/mx\/#\/schema\/logo\/image\/\"}},{\"@type\":\"Person\",\"@id\":\"https:\/\/homolog.news.filmelier.com\/mx\/#\/schema\/person\/d3754049399630d7144ed2033a96986f\",\"name\":\"Mariane Morisawa\",\"image\":{\"@type\":\"ImageObject\",\"inLanguage\":\"es\",\"@id\":\"https:\/\/homolog.news.filmelier.com\/mx\/#\/schema\/person\/image\/\",\"url\":\"https:\/\/secure.gravatar.com\/avatar\/30ff3f3bd59014fe9f42444b158aae0449ce4aeb62a5a63bb7aeb85dba940df8?s=96&d=mm&r=g\",\"contentUrl\":\"https:\/\/secure.gravatar.com\/avatar\/30ff3f3bd59014fe9f42444b158aae0449ce4aeb62a5a63bb7aeb85dba940df8?s=96&d=mm&r=g\",\"caption\":\"Mariane Morisawa\"},\"description\":\"Mariane Morisawa is a journalist and film critic, member of Abraccine (Brazilian Association of Film Critics) and Golden Globe voter. She contributes to publications such as O Estado de S. Paulo, Elle, Veja and Filmelier. She was a correspondent in Los Angeles for eight years and covers national and international festivals. In 2025, she will cover her 15th Cannes Film Festival for Filmelier.\",\"sameAs\":[\"https:\/\/www.filmelier.com\/br\/autor\/mariane-morisawa\"],\"url\":\"https:\/\/news.filmelier.com\/mx\/author\/marianne-morisawa\/\"}]}<\/script>\n<!-- \/ Yoast SEO plugin. -->","yoast_head_json":{"title":"'Emilia P\u00e9rez' se perfila como el primer favorito del Festival de Cannes","description":"La cinta es un thriller musical con Selena Gomez, Zoe Salda\u00f1a y Karla Sof\u00eda Gasc\u00f3n.","robots":{"index":"index","follow":"follow","max-snippet":"max-snippet:-1","max-image-preview":"max-image-preview:large","max-video-preview":"max-video-preview:-1"},"canonical":"https:\/\/news.filmelier.com\/mx\/emilia-perez-cannes-2024\/","og_locale":"es_MX","og_type":"article","og_title":"'Emilia P\u00e9rez' se perfila como el primer favorito del Festival de Cannes","og_description":"La cinta es un thriller musical con Selena Gomez, Zoe Salda\u00f1a y Karla Sof\u00eda Gasc\u00f3n.","og_url":"https:\/\/news.filmelier.com\/mx\/emilia-perez-cannes-2024\/","og_site_name":"News Filmelier","article_published_time":"2024-05-20T18:28:57+00:00","article_modified_time":"2025-08-21T18:16:33+00:00","og_image":[{"width":750,"height":500,"url":"https:\/\/homolog.news.filmelier.com\/wp-content\/uploads\/2025\/03\/emilia-perez-zoe-saldana-selena-gomez-karla-sofia-gascon.webp","type":"image\/webp"}],"author":"Mariane Morisawa","twitter_card":"summary_large_image","twitter_misc":{"Escrito por":"Mariane Morisawa","Tiempo de lectura":"4 minutos"},"schema":{"@context":"https:\/\/schema.org","@graph":[{"@type":"Article","@id":"https:\/\/news.filmelier.com\/mx\/emilia-perez-cannes-2024\/#article","isPartOf":{"@id":"https:\/\/news.filmelier.com\/mx\/emilia-perez-cannes-2024\/"},"author":{"name":"Mariane Morisawa","@id":"https:\/\/homolog.news.filmelier.com\/mx\/#\/schema\/person\/d3754049399630d7144ed2033a96986f"},"headline":"&#8216;Emilia P\u00e9rez&#8217; se perfila como el primer favorito del Festival de Cannes","datePublished":"2024-05-20T18:28:57+00:00","dateModified":"2025-08-21T18:16:33+00:00","mainEntityOfPage":{"@id":"https:\/\/news.filmelier.com\/mx\/emilia-perez-cannes-2024\/"},"wordCount":714,"publisher":{"@id":"https:\/\/homolog.news.filmelier.com\/mx\/#organization"},"image":{"@id":"https:\/\/news.filmelier.com\/mx\/emilia-perez-cannes-2024\/#primaryimage"},"thumbnailUrl":"https:\/\/news.filmelier.com\/wp-content\/uploads\/2025\/03\/emilia-perez-zoe-saldana-selena-gomez-karla-sofia-gascon.webp","keywords":["Emilia P\u00e9rez","Festival de Cannes 2024","Karla Sof\u00eda Gasc\u00f3n","selena gomez","Zoe Salda\u00f1a"],"articleSection":["Cr\u00edtica","Pel\u00edculas"],"inLanguage":"es"},{"@type":"WebPage","@id":"https:\/\/news.filmelier.com\/mx\/emilia-perez-cannes-2024\/","url":"https:\/\/news.filmelier.com\/mx\/emilia-perez-cannes-2024\/","name":"'Emilia P\u00e9rez' se perfila como el primer favorito del Festival de Cannes","isPartOf":{"@id":"https:\/\/homolog.news.filmelier.com\/mx\/#website"},"primaryImageOfPage":{"@id":"https:\/\/news.filmelier.com\/mx\/emilia-perez-cannes-2024\/#primaryimage"},"image":{"@id":"https:\/\/news.filmelier.com\/mx\/emilia-perez-cannes-2024\/#primaryimage"},"thumbnailUrl":"https:\/\/news.filmelier.com\/wp-content\/uploads\/2025\/03\/emilia-perez-zoe-saldana-selena-gomez-karla-sofia-gascon.webp","datePublished":"2024-05-20T18:28:57+00:00","dateModified":"2025-08-21T18:16:33+00:00","description":"La cinta es un thriller musical con Selena Gomez, Zoe Salda\u00f1a y Karla Sof\u00eda Gasc\u00f3n.","breadcrumb":{"@id":"https:\/\/news.filmelier.com\/mx\/emilia-perez-cannes-2024\/#breadcrumb"},"inLanguage":"es","potentialAction":[{"@type":"ReadAction","target":["https:\/\/news.filmelier.com\/mx\/emilia-perez-cannes-2024\/"]}]},{"@type":"ImageObject","inLanguage":"es","@id":"https:\/\/news.filmelier.com\/mx\/emilia-perez-cannes-2024\/#primaryimage","url":"https:\/\/news.filmelier.com\/wp-content\/uploads\/2025\/03\/emilia-perez-zoe-saldana-selena-gomez-karla-sofia-gascon.webp","contentUrl":"https:\/\/news.filmelier.com\/wp-content\/uploads\/2025\/03\/emilia-perez-zoe-saldana-selena-gomez-karla-sofia-gascon.webp","width":750,"height":500,"caption":"Atrizes principais de Emilia P\u00e9rez - da esquerda \u00e0 direita - Zoe Saldana, Selena Gomez e Karla Sof\u00eda Gasc\u00f3n (Cr\u00e9ditos: Divulga\u00e7\u00e3o)"},{"@type":"BreadcrumbList","@id":"https:\/\/news.filmelier.com\/mx\/emilia-perez-cannes-2024\/#breadcrumb","itemListElement":[{"@type":"ListItem","position":1,"name":"In\u00edcio","item":"https:\/\/homolog.news.filmelier.com\/mx\/"},{"@type":"ListItem","position":2,"name":"&#8216;Emilia P\u00e9rez&#8217; se perfila como el primer favorito del Festival de Cannes"}]},{"@type":"WebSite","@id":"https:\/\/homolog.news.filmelier.com\/mx\/#website","url":"https:\/\/homolog.news.filmelier.com\/mx\/","name":"Homolog Filmelier News Rankrup","description":"","publisher":{"@id":"https:\/\/homolog.news.filmelier.com\/mx\/#organization"},"potentialAction":[{"@type":"SearchAction","target":{"@type":"EntryPoint","urlTemplate":"https:\/\/homolog.news.filmelier.com\/mx\/?s={search_term_string}"},"query-input":{"@type":"PropertyValueSpecification","valueRequired":true,"valueName":"search_term_string"}}],"inLanguage":"es"},{"@type":"Organization","@id":"https:\/\/homolog.news.filmelier.com\/mx\/#organization","name":"Homolog Filmelier News Rankrup","url":"https:\/\/homolog.news.filmelier.com\/mx\/","logo":{"@type":"ImageObject","inLanguage":"es","@id":"https:\/\/homolog.news.filmelier.com\/mx\/#\/schema\/logo\/image\/","url":"https:\/\/news.filmelier.com\/wp-content\/uploads\/2024\/11\/Logo-News.png","contentUrl":"https:\/\/news.filmelier.com\/wp-content\/uploads\/2024\/11\/Logo-News.png","width":460,"height":108,"caption":"Homolog Filmelier News Rankrup"},"image":{"@id":"https:\/\/homolog.news.filmelier.com\/mx\/#\/schema\/logo\/image\/"}},{"@type":"Person","@id":"https:\/\/homolog.news.filmelier.com\/mx\/#\/schema\/person\/d3754049399630d7144ed2033a96986f","name":"Mariane Morisawa","image":{"@type":"ImageObject","inLanguage":"es","@id":"https:\/\/homolog.news.filmelier.com\/mx\/#\/schema\/person\/image\/","url":"https:\/\/secure.gravatar.com\/avatar\/30ff3f3bd59014fe9f42444b158aae0449ce4aeb62a5a63bb7aeb85dba940df8?s=96&d=mm&r=g","contentUrl":"https:\/\/secure.gravatar.com\/avatar\/30ff3f3bd59014fe9f42444b158aae0449ce4aeb62a5a63bb7aeb85dba940df8?s=96&d=mm&r=g","caption":"Mariane Morisawa"},"description":"Mariane Morisawa is a journalist and film critic, member of Abraccine (Brazilian Association of Film Critics) and Golden Globe voter. She contributes to publications such as O Estado de S. Paulo, Elle, Veja and Filmelier. She was a correspondent in Los Angeles for eight years and covers national and international festivals. In 2025, she will cover her 15th Cannes Film Festival for Filmelier.","sameAs":["https:\/\/www.filmelier.com\/br\/autor\/mariane-morisawa"],"url":"https:\/\/news.filmelier.com\/mx\/author\/marianne-morisawa\/"}]}},"_links":{"self":[{"href":"https:\/\/news.filmelier.com\/mx\/wp-json\/wp\/v2\/posts\/56802","targetHints":{"allow":["GET"]}}],"collection":[{"href":"https:\/\/news.filmelier.com\/mx\/wp-json\/wp\/v2\/posts"}],"about":[{"href":"https:\/\/news.filmelier.com\/mx\/wp-json\/wp\/v2\/types\/post"}],"author":[{"embeddable":true,"href":"https:\/\/news.filmelier.com\/mx\/wp-json\/wp\/v2\/users\/28"}],"replies":[{"embeddable":true,"href":"https:\/\/news.filmelier.com\/mx\/wp-json\/wp\/v2\/comments?post=56802"}],"version-history":[{"count":4,"href":"https:\/\/news.filmelier.com\/mx\/wp-json\/wp\/v2\/posts\/56802\/revisions"}],"predecessor-version":[{"id":56831,"href":"https:\/\/news.filmelier.com\/mx\/wp-json\/wp\/v2\/posts\/56802\/revisions\/56831"}],"wp:featuredmedia":[{"embeddable":true,"href":"https:\/\/news.filmelier.com\/mx\/wp-json\/wp\/v2\/media\/56803"}],"wp:attachment":[{"href":"https:\/\/news.filmelier.com\/mx\/wp-json\/wp\/v2\/media?parent=56802"}],"wp:term":[{"taxonomy":"category","embeddable":true,"href":"https:\/\/news.filmelier.com\/mx\/wp-json\/wp\/v2\/categories?post=56802"},{"taxonomy":"post_tag","embeddable":true,"href":"https:\/\/news.filmelier.com\/mx\/wp-json\/wp\/v2\/tags?post=56802"}],"curies":[{"name":"wp","href":"https:\/\/api.w.org\/{rel}","templated":true}]}}