{"id":56678,"date":"2024-05-25T12:42:00","date_gmt":"2024-05-25T15:42:00","guid":{"rendered":"https:\/\/news.filmelier.com\/the-seed-of-the-sacred-fig-cannes\/"},"modified":"2025-08-19T16:56:19","modified_gmt":"2025-08-19T19:56:19","slug":"the-seed-of-the-sacred-fig-cannes","status":"publish","type":"post","link":"https:\/\/news.filmelier.com\/mx\/the-seed-of-the-sacred-fig-cannes\/","title":{"rendered":"\u2018The Seed of the Sacred Fig\u2019: Pel\u00edcula de cineasta iran\u00ed encarcelado deslumbra en Cannes 2024 y se convierte en favorita"},"content":{"rendered":"\r\n<p>Sucede un fen\u00f3meno interesante en el <a href=\"https:\/\/www.filmelier.com\/mx\/festival\/festival-cannes\" rel=\"noreferrer noopener\">Festival de Cannes<\/a>. En algunos a\u00f1os, s\u00f3lo hay pel\u00edculas favoritas. Cualquiera de ellas puede llevarse la Palma de Oro y los dem\u00e1s premios. En otros, se exhibe una pel\u00edcula y nadie tiene duda: es la Palma de Oro. As\u00ed fue cuando <a href=\"https:\/\/www.filmelier.com\/mx\/peliculas\/4967\/el-liston-blanco\"><em>El list\u00f3n blanco<\/em><\/a>\u00a0la gan\u00f3 en 2009. O con <em><a href=\"https:\/\/www.filmelier.com\/mx\/peliculas\/8163\/parasitos\" target=\"_blank\" rel=\"noreferrer noopener\">Par\u00e1sitos<\/a><\/em>, en 2019. La 77\u00aa edici\u00f3n obtuvo su Palma de Oro en su \u00faltimo d\u00eda y pen\u00faltima pel\u00edcula: <a href=\"https:\/\/www.filmelier.com\/mx\/peliculas\/25593\/la-semilla-del-fruto-sagrado\"><em><strong>The Seed of the Sacred Fig<\/strong><\/em><\/a> (<strong><em>La semilla del fruto sagrado<\/em><\/strong>), del iran\u00ed Mohammad Rasoulof, quien gan\u00f3 el Oso de Oro en Berl\u00edn en 2020 con <em>La maldad no existe.<\/em><\/p>\r\n<p><iframe title=\"THE SEED OF THE SACRED FIG \u2013 Red Carpet \u2013 English \u2013 Cannes 2024\" width=\"800\" height=\"450\" src=\"https:\/\/www.youtube.com\/embed\/_DFlevaHI_c?feature=oembed\" frameborder=\"0\" allow=\"accelerometer; autoplay; clipboard-write; encrypted-media; gyroscope; picture-in-picture; web-share\" referrerpolicy=\"strict-origin-when-cross-origin\" allowfullscreen><\/iframe><\/p>\r\n\r\n\r\n\r\n<ul class=\"wp-block-list\">\r\n<li><strong>Lee tambi\u00e9n:\u00a0<a href=\"https:\/\/news.filmelier.com\/mx\/critica-vermiglio-pelicula\/\">Cr\u00edtica: \u2018Vermiglio\u2019: la opresi\u00f3n silenciosa<\/a><\/strong><\/li>\r\n<\/ul>\r\n\r\n\r\n\r\n<p>Rasoulof caus\u00f3 revuelo incluso antes de llegar al Festival de Cannes 2024. El 8 de mayo, el cineasta fue sentenciado a ocho a\u00f1os de prisi\u00f3n, latigazos, multa y confiscaci\u00f3n de propiedades. El director ya hab\u00eda sido arrestado antes y le hab\u00edan confiscado el pasaporte, siempre por sus pel\u00edculas o por protestar contra acciones del gobierno iran\u00ed. Cuando gan\u00f3 el Oso de Oro, no pudo asistir, por ejemplo.<\/p>\r\n<h2>Director y equipo fueron exiliados de Ir\u00e1n<\/h2>\r\n\r\n\r\n\r\n<p>Miembros de su equipo y elenco fueron interrogados, y Rasoulof fue presionado para retirar <em>La semilla del fruto sagrado<\/em>\u00a0de Cannes. El 13 de mayo, Jean-Christophe Simon, CEO de Films Boutique y Parallel45, anunci\u00f3 que Rasoulof hab\u00eda salido de Ir\u00e1n a pie y se encontraba en un pa\u00eds europeo, a la espera de asilo. Poco despu\u00e9s, el Festival de Cannes confirm\u00f3 que participar\u00eda en la gala y en las actividades oficiales.<\/p>\r\n\r\n\r\n\r\n<p>Al ver <em>La semilla del fruto sagrado<\/em>, se puede entender la inquietud del gobierno iran\u00ed \u2013 recordando que el presidente Ebrahim Raisi muri\u00f3 en un accidente de helic\u00f3ptero el d\u00eda 20. Rasoulof siempre ha sido cr\u00edtico con el r\u00e9gimen isl\u00e1mico. <em>La maldad no existe<\/em>\u00a0trata sobre la pena de muerte en el pa\u00eds autoritario. Pero su nueva pel\u00edcula es un golpe directo al gobierno y una tremenda demostraci\u00f3n de valor del director.<\/p>\r\n\r\n\r\n\r\n<h2 class=\"wp-block-heading\"><em>La semilla del fruto sagrado<\/em>: Ir\u00e1n entre el patriarcado y revueltas femeninas<\/h2>\r\n\r\n\r\n\r\n<p>Las protestas por la muerte de Mahsa Amini bajo custodia policial, despu\u00e9s de ser arrestada por usar el hiyab de manera incorrecta, se ven aqu\u00ed desde el punto de vista de una familia. Iman (Misagh Zare) acaba de ser ascendido a juez investigador de la Corte de la Guardia Revolucionaria cuando estalla la revuelta femenina en el pa\u00eds. Sus hijas, Rezvan (Mahsa Rostami) y Sana (Setareh Maleki), se unen a las dem\u00e1s mujeres, mientras la madre, Najmeh (Soheila Golestani), intenta mantener la paz en casa.<\/p>\r\n\r\n\r\n\r\n<figure class=\"wp-block-image size-full\">\r\n<figcaption>\r\n<figure id=\"attachment_44476\" aria-describedby=\"caption-attachment-44476\" style=\"width: 800px\" class=\"wp-caption alignnone\"><img fetchpriority=\"high\" decoding=\"async\" class=\"wp-image-44476 size-full\" src=\"https:\/\/news.filmelier.com\/wp-content\/uploads\/2024\/05\/the-seed-of-the-sacred-fig-cannes-2024.jpg\" alt=\"The Seed of the Sacred Fig sigue a una familia iran\u00ed en medio de revueltas femeninas en el pa\u00eds\" width=\"800\" height=\"531\" srcset=\"https:\/\/news.filmelier.com\/wp-content\/uploads\/2024\/05\/the-seed-of-the-sacred-fig-cannes-2024.jpg 800w, https:\/\/news.filmelier.com\/wp-content\/uploads\/2024\/05\/the-seed-of-the-sacred-fig-cannes-2024-300x199.jpg 300w, https:\/\/news.filmelier.com\/wp-content\/uploads\/2024\/05\/the-seed-of-the-sacred-fig-cannes-2024-768x510.jpg 768w, https:\/\/news.filmelier.com\/wp-content\/uploads\/2024\/05\/the-seed-of-the-sacred-fig-cannes-2024-150x100.jpg 150w\" sizes=\"(max-width: 800px) 100vw, 800px\" \/><figcaption id=\"caption-attachment-44476\" class=\"wp-caption-text\"><em>La semilla del fruto sagrado sigue a una familia iran\u00ed en medio de revueltas femeninas en el pa\u00eds (Cr\u00e9dito: Festival de Cannes)<\/em><\/figcaption><\/figure>\r\n<\/figcaption>\r\n<\/figure>\r\n\r\n\r\n\r\n<ul>\r\n<li><strong>Lee m\u00e1s:\u00a0<a href=\"https:\/\/news.filmelier.com\/mx\/critica-eddington-pelicula\/\">Cr\u00edtica: \u2018Eddington\u2019, la s\u00e1tira de lo obvio<\/a><\/strong><\/li>\r\n<\/ul>\r\n<p>Pero <em>La Semilla del Higo Sagrado<\/em> no s\u00f3lo es fuerte pol\u00edticamente, ya sea entre bastidores o en el tema que aborda. Tambi\u00e9n es audaz como cine, colocando al padre como s\u00edmbolo del gobierno iran\u00ed y del patriarcado, en una espiral paranoica que no perdona a nadie.<\/p>\r\n\r\n\r\n\r\n<p>En pocos minutos, la pel\u00edcula pasa de thriller a terror y melodrama, con una secuencia final arrebatadora, complementada con im\u00e1genes reales de personas siendo ejecutadas y arrestadas violentamente \u2013 las estimaciones llegan a unas 500 muertes y miles de arrestos.<\/p>\r\n\r\n\r\n\r\n<p>Normalmente, los aplausos en la gala no significan mucho. Pero en las proyecciones de prensa, s\u00ed. Rasoulof tiene todo para llevarse la Palma de Oro con esta historia feminista sobre el pavor del patriarcado al empoderamiento femenino.<\/p>\r\n<h2>Adem\u00e1s de <em>The Seed of the Sacred Fig<\/em>, checa nuestra cobertura completa del Festival de Cannes 2024:<\/h2>\r\n\r\n\r\n\r\n<ul class=\"wp-block-list\">\r\n<li><strong><a href=\"https:\/\/news.filmelier.com\/mx\/anora-cannes-2024-palma-de-oro\/\">\u2018Anora\u2019, ganadora de la Palma de Oro en Cannes: un retrato humano y casi perfecto de una stripper<\/a><\/strong><\/li>\r\n<li><strong><a href=\"https:\/\/news.filmelier.com\/mx\/critica-wild-diamond-cannes-2024\/\">Cr\u00edtica de \u2018Wild Diamond\u2019: Adolescente usa su belleza como arma en pel\u00edcula de Cannes 2024<\/a><\/strong><\/li>\r\n<li><strong><a href=\"https:\/\/news.filmelier.com\/mx\/the-second-act-cannes-2024\/\">Pel\u00edcula inaugural de Cannes, \u2018The Second Act\u2019 busca hacer gracia con la IA y la cultura de la cancelaci\u00f3n<\/a><\/strong><\/li>\r\n<\/ul>\r\n","protected":false},"excerpt":{"rendered":"<p>\u2018The Seed of the Sacred Fig\u2019, del director iran\u00ed Mohammad Rasoulof, se perfila como la favorita para ganar en el Festival de Cannes 2024<\/p>\n","protected":false},"author":28,"featured_media":56679,"comment_status":"closed","ping_status":"open","sticky":false,"template":"","format":"standard","meta":{"_acf_changed":false,"footnotes":""},"categories":[5933,5931],"tags":[8598,8658,8657],"class_list":["post-56678","post","type-post","status-publish","format-standard","has-post-thumbnail","hentry","category-critica-mx","category-peliculas-mx","tag-festival-de-cannes-2024","tag-mohammad-rasoulof-mx","tag-the-seed-of-the-sacred-fig-mx"],"acf":{"subtitulo":"\u2018The Seed of the Sacred Fig\u2019, del director iran\u00ed Mohammad Rasoulof, se perfila como la favorita para ganar en el Festival de Cannes 2024","id_ator":""},"yoast_head":"<!-- This site is optimized with the Yoast SEO plugin v26.1.1 - https:\/\/yoast.com\/wordpress\/plugins\/seo\/ -->\n<title>The Seed of the Sacred Fig: Pel\u00edcula de cineasta iran\u00ed encarcelado deslumbra en Cannes 2024<\/title>\n<meta name=\"description\" content=\"\u2018The Seed of the Sacred Fig\u2019, del director iran\u00ed Mohammad Rasoulof, se perfila como la favorita para ganar en el Festival de Cannes 2024\" \/>\n<meta name=\"robots\" content=\"index, follow, max-snippet:-1, max-image-preview:large, max-video-preview:-1\" \/>\n<link rel=\"canonical\" href=\"https:\/\/news.filmelier.com\/mx\/the-seed-of-the-sacred-fig-cannes\/\" \/>\n<meta property=\"og:locale\" content=\"es_MX\" \/>\n<meta property=\"og:type\" content=\"article\" \/>\n<meta property=\"og:title\" content=\"The Seed of the Sacred Fig: Pel\u00edcula de cineasta iran\u00ed encarcelado deslumbra en Cannes 2024\" \/>\n<meta property=\"og:description\" content=\"\u2018The Seed of the Sacred Fig\u2019, del director iran\u00ed Mohammad Rasoulof, se perfila como la favorita para ganar en el Festival de Cannes 2024\" \/>\n<meta property=\"og:url\" content=\"https:\/\/news.filmelier.com\/mx\/the-seed-of-the-sacred-fig-cannes\/\" \/>\n<meta property=\"og:site_name\" content=\"News Filmelier\" \/>\n<meta property=\"article:published_time\" content=\"2024-05-25T15:42:00+00:00\" \/>\n<meta property=\"article:modified_time\" content=\"2025-08-19T19:56:19+00:00\" \/>\n<meta property=\"og:image\" content=\"https:\/\/homolog.news.filmelier.com\/wp-content\/uploads\/2024\/05\/the-seed-of-the-sacred-fig-cannes-2024.jpg\" \/>\n\t<meta property=\"og:image:width\" content=\"800\" \/>\n\t<meta property=\"og:image:height\" content=\"531\" \/>\n\t<meta property=\"og:image:type\" content=\"image\/jpeg\" \/>\n<meta name=\"author\" content=\"Mariane Morisawa\" \/>\n<meta name=\"twitter:card\" content=\"summary_large_image\" \/>\n<meta name=\"twitter:label1\" content=\"Escrito por\" \/>\n\t<meta name=\"twitter:data1\" content=\"Mariane Morisawa\" \/>\n\t<meta name=\"twitter:label2\" content=\"Tiempo de lectura\" \/>\n\t<meta name=\"twitter:data2\" content=\"4 minutos\" \/>\n<script type=\"application\/ld+json\" class=\"yoast-schema-graph\">{\"@context\":\"https:\/\/schema.org\",\"@graph\":[{\"@type\":\"Article\",\"@id\":\"https:\/\/news.filmelier.com\/mx\/the-seed-of-the-sacred-fig-cannes\/#article\",\"isPartOf\":{\"@id\":\"https:\/\/news.filmelier.com\/mx\/the-seed-of-the-sacred-fig-cannes\/\"},\"author\":{\"name\":\"Mariane Morisawa\",\"@id\":\"https:\/\/homolog.news.filmelier.com\/mx\/#\/schema\/person\/d3754049399630d7144ed2033a96986f\"},\"headline\":\"\u2018The Seed of the Sacred Fig\u2019: Pel\u00edcula de cineasta iran\u00ed encarcelado deslumbra en Cannes 2024 y se convierte en favorita\",\"datePublished\":\"2024-05-25T15:42:00+00:00\",\"dateModified\":\"2025-08-19T19:56:19+00:00\",\"mainEntityOfPage\":{\"@id\":\"https:\/\/news.filmelier.com\/mx\/the-seed-of-the-sacred-fig-cannes\/\"},\"wordCount\":728,\"publisher\":{\"@id\":\"https:\/\/homolog.news.filmelier.com\/mx\/#organization\"},\"image\":{\"@id\":\"https:\/\/news.filmelier.com\/mx\/the-seed-of-the-sacred-fig-cannes\/#primaryimage\"},\"thumbnailUrl\":\"https:\/\/news.filmelier.com\/wp-content\/uploads\/2024\/05\/the-seed-of-the-sacred-fig-cannes-2024.jpg\",\"keywords\":[\"Festival de Cannes 2024\",\"Mohammad Rasoulof\",\"The Seed of the Sacred Fig\"],\"articleSection\":[\"Cr\u00edtica\",\"Pel\u00edculas\"],\"inLanguage\":\"es\"},{\"@type\":\"WebPage\",\"@id\":\"https:\/\/news.filmelier.com\/mx\/the-seed-of-the-sacred-fig-cannes\/\",\"url\":\"https:\/\/news.filmelier.com\/mx\/the-seed-of-the-sacred-fig-cannes\/\",\"name\":\"The Seed of the Sacred Fig: Pel\u00edcula de cineasta iran\u00ed encarcelado deslumbra en Cannes 2024\",\"isPartOf\":{\"@id\":\"https:\/\/homolog.news.filmelier.com\/mx\/#website\"},\"primaryImageOfPage\":{\"@id\":\"https:\/\/news.filmelier.com\/mx\/the-seed-of-the-sacred-fig-cannes\/#primaryimage\"},\"image\":{\"@id\":\"https:\/\/news.filmelier.com\/mx\/the-seed-of-the-sacred-fig-cannes\/#primaryimage\"},\"thumbnailUrl\":\"https:\/\/news.filmelier.com\/wp-content\/uploads\/2024\/05\/the-seed-of-the-sacred-fig-cannes-2024.jpg\",\"datePublished\":\"2024-05-25T15:42:00+00:00\",\"dateModified\":\"2025-08-19T19:56:19+00:00\",\"description\":\"\u2018The Seed of the Sacred Fig\u2019, del director iran\u00ed Mohammad Rasoulof, se perfila como la favorita para ganar en el Festival de Cannes 2024\",\"breadcrumb\":{\"@id\":\"https:\/\/news.filmelier.com\/mx\/the-seed-of-the-sacred-fig-cannes\/#breadcrumb\"},\"inLanguage\":\"es\",\"potentialAction\":[{\"@type\":\"ReadAction\",\"target\":[\"https:\/\/news.filmelier.com\/mx\/the-seed-of-the-sacred-fig-cannes\/\"]}]},{\"@type\":\"ImageObject\",\"inLanguage\":\"es\",\"@id\":\"https:\/\/news.filmelier.com\/mx\/the-seed-of-the-sacred-fig-cannes\/#primaryimage\",\"url\":\"https:\/\/news.filmelier.com\/wp-content\/uploads\/2024\/05\/the-seed-of-the-sacred-fig-cannes-2024.jpg\",\"contentUrl\":\"https:\/\/news.filmelier.com\/wp-content\/uploads\/2024\/05\/the-seed-of-the-sacred-fig-cannes-2024.jpg\",\"width\":800,\"height\":531,\"caption\":\"The Seed of the Sacred Fig acompanha uma fam\u00edlia iraniana no meio de revoltas femininas no pa\u00eds (Cr\u00e9dito: Festival de Cannes)\"},{\"@type\":\"BreadcrumbList\",\"@id\":\"https:\/\/news.filmelier.com\/mx\/the-seed-of-the-sacred-fig-cannes\/#breadcrumb\",\"itemListElement\":[{\"@type\":\"ListItem\",\"position\":1,\"name\":\"In\u00edcio\",\"item\":\"https:\/\/homolog.news.filmelier.com\/mx\/\"},{\"@type\":\"ListItem\",\"position\":2,\"name\":\"\u2018The Seed of the Sacred Fig\u2019: Pel\u00edcula de cineasta iran\u00ed encarcelado deslumbra en Cannes 2024 y se convierte en favorita\"}]},{\"@type\":\"WebSite\",\"@id\":\"https:\/\/homolog.news.filmelier.com\/mx\/#website\",\"url\":\"https:\/\/homolog.news.filmelier.com\/mx\/\",\"name\":\"Homolog Filmelier News Rankrup\",\"description\":\"\",\"publisher\":{\"@id\":\"https:\/\/homolog.news.filmelier.com\/mx\/#organization\"},\"potentialAction\":[{\"@type\":\"SearchAction\",\"target\":{\"@type\":\"EntryPoint\",\"urlTemplate\":\"https:\/\/homolog.news.filmelier.com\/mx\/?s={search_term_string}\"},\"query-input\":{\"@type\":\"PropertyValueSpecification\",\"valueRequired\":true,\"valueName\":\"search_term_string\"}}],\"inLanguage\":\"es\"},{\"@type\":\"Organization\",\"@id\":\"https:\/\/homolog.news.filmelier.com\/mx\/#organization\",\"name\":\"Homolog Filmelier News Rankrup\",\"url\":\"https:\/\/homolog.news.filmelier.com\/mx\/\",\"logo\":{\"@type\":\"ImageObject\",\"inLanguage\":\"es\",\"@id\":\"https:\/\/homolog.news.filmelier.com\/mx\/#\/schema\/logo\/image\/\",\"url\":\"https:\/\/news.filmelier.com\/wp-content\/uploads\/2024\/11\/Logo-News.png\",\"contentUrl\":\"https:\/\/news.filmelier.com\/wp-content\/uploads\/2024\/11\/Logo-News.png\",\"width\":460,\"height\":108,\"caption\":\"Homolog Filmelier News Rankrup\"},\"image\":{\"@id\":\"https:\/\/homolog.news.filmelier.com\/mx\/#\/schema\/logo\/image\/\"}},{\"@type\":\"Person\",\"@id\":\"https:\/\/homolog.news.filmelier.com\/mx\/#\/schema\/person\/d3754049399630d7144ed2033a96986f\",\"name\":\"Mariane Morisawa\",\"image\":{\"@type\":\"ImageObject\",\"inLanguage\":\"es\",\"@id\":\"https:\/\/homolog.news.filmelier.com\/mx\/#\/schema\/person\/image\/\",\"url\":\"https:\/\/secure.gravatar.com\/avatar\/30ff3f3bd59014fe9f42444b158aae0449ce4aeb62a5a63bb7aeb85dba940df8?s=96&d=mm&r=g\",\"contentUrl\":\"https:\/\/secure.gravatar.com\/avatar\/30ff3f3bd59014fe9f42444b158aae0449ce4aeb62a5a63bb7aeb85dba940df8?s=96&d=mm&r=g\",\"caption\":\"Mariane Morisawa\"},\"description\":\"Mariane Morisawa is a journalist and film critic, member of Abraccine (Brazilian Association of Film Critics) and Golden Globe voter. She contributes to publications such as O Estado de S. Paulo, Elle, Veja and Filmelier. She was a correspondent in Los Angeles for eight years and covers national and international festivals. In 2025, she will cover her 15th Cannes Film Festival for Filmelier.\",\"sameAs\":[\"https:\/\/www.filmelier.com\/br\/autor\/mariane-morisawa\"],\"url\":\"https:\/\/news.filmelier.com\/mx\/author\/marianne-morisawa\/\"}]}<\/script>\n<!-- \/ Yoast SEO plugin. -->","yoast_head_json":{"title":"The Seed of the Sacred Fig: Pel\u00edcula de cineasta iran\u00ed encarcelado deslumbra en Cannes 2024","description":"\u2018The Seed of the Sacred Fig\u2019, del director iran\u00ed Mohammad Rasoulof, se perfila como la favorita para ganar en el Festival de Cannes 2024","robots":{"index":"index","follow":"follow","max-snippet":"max-snippet:-1","max-image-preview":"max-image-preview:large","max-video-preview":"max-video-preview:-1"},"canonical":"https:\/\/news.filmelier.com\/mx\/the-seed-of-the-sacred-fig-cannes\/","og_locale":"es_MX","og_type":"article","og_title":"The Seed of the Sacred Fig: Pel\u00edcula de cineasta iran\u00ed encarcelado deslumbra en Cannes 2024","og_description":"\u2018The Seed of the Sacred Fig\u2019, del director iran\u00ed Mohammad Rasoulof, se perfila como la favorita para ganar en el Festival de Cannes 2024","og_url":"https:\/\/news.filmelier.com\/mx\/the-seed-of-the-sacred-fig-cannes\/","og_site_name":"News Filmelier","article_published_time":"2024-05-25T15:42:00+00:00","article_modified_time":"2025-08-19T19:56:19+00:00","og_image":[{"width":800,"height":531,"url":"https:\/\/homolog.news.filmelier.com\/wp-content\/uploads\/2024\/05\/the-seed-of-the-sacred-fig-cannes-2024.jpg","type":"image\/jpeg"}],"author":"Mariane Morisawa","twitter_card":"summary_large_image","twitter_misc":{"Escrito por":"Mariane Morisawa","Tiempo de lectura":"4 minutos"},"schema":{"@context":"https:\/\/schema.org","@graph":[{"@type":"Article","@id":"https:\/\/news.filmelier.com\/mx\/the-seed-of-the-sacred-fig-cannes\/#article","isPartOf":{"@id":"https:\/\/news.filmelier.com\/mx\/the-seed-of-the-sacred-fig-cannes\/"},"author":{"name":"Mariane Morisawa","@id":"https:\/\/homolog.news.filmelier.com\/mx\/#\/schema\/person\/d3754049399630d7144ed2033a96986f"},"headline":"\u2018The Seed of the Sacred Fig\u2019: Pel\u00edcula de cineasta iran\u00ed encarcelado deslumbra en Cannes 2024 y se convierte en favorita","datePublished":"2024-05-25T15:42:00+00:00","dateModified":"2025-08-19T19:56:19+00:00","mainEntityOfPage":{"@id":"https:\/\/news.filmelier.com\/mx\/the-seed-of-the-sacred-fig-cannes\/"},"wordCount":728,"publisher":{"@id":"https:\/\/homolog.news.filmelier.com\/mx\/#organization"},"image":{"@id":"https:\/\/news.filmelier.com\/mx\/the-seed-of-the-sacred-fig-cannes\/#primaryimage"},"thumbnailUrl":"https:\/\/news.filmelier.com\/wp-content\/uploads\/2024\/05\/the-seed-of-the-sacred-fig-cannes-2024.jpg","keywords":["Festival de Cannes 2024","Mohammad Rasoulof","The Seed of the Sacred Fig"],"articleSection":["Cr\u00edtica","Pel\u00edculas"],"inLanguage":"es"},{"@type":"WebPage","@id":"https:\/\/news.filmelier.com\/mx\/the-seed-of-the-sacred-fig-cannes\/","url":"https:\/\/news.filmelier.com\/mx\/the-seed-of-the-sacred-fig-cannes\/","name":"The Seed of the Sacred Fig: Pel\u00edcula de cineasta iran\u00ed encarcelado deslumbra en Cannes 2024","isPartOf":{"@id":"https:\/\/homolog.news.filmelier.com\/mx\/#website"},"primaryImageOfPage":{"@id":"https:\/\/news.filmelier.com\/mx\/the-seed-of-the-sacred-fig-cannes\/#primaryimage"},"image":{"@id":"https:\/\/news.filmelier.com\/mx\/the-seed-of-the-sacred-fig-cannes\/#primaryimage"},"thumbnailUrl":"https:\/\/news.filmelier.com\/wp-content\/uploads\/2024\/05\/the-seed-of-the-sacred-fig-cannes-2024.jpg","datePublished":"2024-05-25T15:42:00+00:00","dateModified":"2025-08-19T19:56:19+00:00","description":"\u2018The Seed of the Sacred Fig\u2019, del director iran\u00ed Mohammad Rasoulof, se perfila como la favorita para ganar en el Festival de Cannes 2024","breadcrumb":{"@id":"https:\/\/news.filmelier.com\/mx\/the-seed-of-the-sacred-fig-cannes\/#breadcrumb"},"inLanguage":"es","potentialAction":[{"@type":"ReadAction","target":["https:\/\/news.filmelier.com\/mx\/the-seed-of-the-sacred-fig-cannes\/"]}]},{"@type":"ImageObject","inLanguage":"es","@id":"https:\/\/news.filmelier.com\/mx\/the-seed-of-the-sacred-fig-cannes\/#primaryimage","url":"https:\/\/news.filmelier.com\/wp-content\/uploads\/2024\/05\/the-seed-of-the-sacred-fig-cannes-2024.jpg","contentUrl":"https:\/\/news.filmelier.com\/wp-content\/uploads\/2024\/05\/the-seed-of-the-sacred-fig-cannes-2024.jpg","width":800,"height":531,"caption":"The Seed of the Sacred Fig acompanha uma fam\u00edlia iraniana no meio de revoltas femininas no pa\u00eds (Cr\u00e9dito: Festival de Cannes)"},{"@type":"BreadcrumbList","@id":"https:\/\/news.filmelier.com\/mx\/the-seed-of-the-sacred-fig-cannes\/#breadcrumb","itemListElement":[{"@type":"ListItem","position":1,"name":"In\u00edcio","item":"https:\/\/homolog.news.filmelier.com\/mx\/"},{"@type":"ListItem","position":2,"name":"\u2018The Seed of the Sacred Fig\u2019: Pel\u00edcula de cineasta iran\u00ed encarcelado deslumbra en Cannes 2024 y se convierte en favorita"}]},{"@type":"WebSite","@id":"https:\/\/homolog.news.filmelier.com\/mx\/#website","url":"https:\/\/homolog.news.filmelier.com\/mx\/","name":"Homolog Filmelier News Rankrup","description":"","publisher":{"@id":"https:\/\/homolog.news.filmelier.com\/mx\/#organization"},"potentialAction":[{"@type":"SearchAction","target":{"@type":"EntryPoint","urlTemplate":"https:\/\/homolog.news.filmelier.com\/mx\/?s={search_term_string}"},"query-input":{"@type":"PropertyValueSpecification","valueRequired":true,"valueName":"search_term_string"}}],"inLanguage":"es"},{"@type":"Organization","@id":"https:\/\/homolog.news.filmelier.com\/mx\/#organization","name":"Homolog Filmelier News Rankrup","url":"https:\/\/homolog.news.filmelier.com\/mx\/","logo":{"@type":"ImageObject","inLanguage":"es","@id":"https:\/\/homolog.news.filmelier.com\/mx\/#\/schema\/logo\/image\/","url":"https:\/\/news.filmelier.com\/wp-content\/uploads\/2024\/11\/Logo-News.png","contentUrl":"https:\/\/news.filmelier.com\/wp-content\/uploads\/2024\/11\/Logo-News.png","width":460,"height":108,"caption":"Homolog Filmelier News Rankrup"},"image":{"@id":"https:\/\/homolog.news.filmelier.com\/mx\/#\/schema\/logo\/image\/"}},{"@type":"Person","@id":"https:\/\/homolog.news.filmelier.com\/mx\/#\/schema\/person\/d3754049399630d7144ed2033a96986f","name":"Mariane Morisawa","image":{"@type":"ImageObject","inLanguage":"es","@id":"https:\/\/homolog.news.filmelier.com\/mx\/#\/schema\/person\/image\/","url":"https:\/\/secure.gravatar.com\/avatar\/30ff3f3bd59014fe9f42444b158aae0449ce4aeb62a5a63bb7aeb85dba940df8?s=96&d=mm&r=g","contentUrl":"https:\/\/secure.gravatar.com\/avatar\/30ff3f3bd59014fe9f42444b158aae0449ce4aeb62a5a63bb7aeb85dba940df8?s=96&d=mm&r=g","caption":"Mariane Morisawa"},"description":"Mariane Morisawa is a journalist and film critic, member of Abraccine (Brazilian Association of Film Critics) and Golden Globe voter. She contributes to publications such as O Estado de S. Paulo, Elle, Veja and Filmelier. She was a correspondent in Los Angeles for eight years and covers national and international festivals. In 2025, she will cover her 15th Cannes Film Festival for Filmelier.","sameAs":["https:\/\/www.filmelier.com\/br\/autor\/mariane-morisawa"],"url":"https:\/\/news.filmelier.com\/mx\/author\/marianne-morisawa\/"}]}},"_links":{"self":[{"href":"https:\/\/news.filmelier.com\/mx\/wp-json\/wp\/v2\/posts\/56678","targetHints":{"allow":["GET"]}}],"collection":[{"href":"https:\/\/news.filmelier.com\/mx\/wp-json\/wp\/v2\/posts"}],"about":[{"href":"https:\/\/news.filmelier.com\/mx\/wp-json\/wp\/v2\/types\/post"}],"author":[{"embeddable":true,"href":"https:\/\/news.filmelier.com\/mx\/wp-json\/wp\/v2\/users\/28"}],"replies":[{"embeddable":true,"href":"https:\/\/news.filmelier.com\/mx\/wp-json\/wp\/v2\/comments?post=56678"}],"version-history":[{"count":4,"href":"https:\/\/news.filmelier.com\/mx\/wp-json\/wp\/v2\/posts\/56678\/revisions"}],"predecessor-version":[{"id":56688,"href":"https:\/\/news.filmelier.com\/mx\/wp-json\/wp\/v2\/posts\/56678\/revisions\/56688"}],"wp:featuredmedia":[{"embeddable":true,"href":"https:\/\/news.filmelier.com\/mx\/wp-json\/wp\/v2\/media\/56679"}],"wp:attachment":[{"href":"https:\/\/news.filmelier.com\/mx\/wp-json\/wp\/v2\/media?parent=56678"}],"wp:term":[{"taxonomy":"category","embeddable":true,"href":"https:\/\/news.filmelier.com\/mx\/wp-json\/wp\/v2\/categories?post=56678"},{"taxonomy":"post_tag","embeddable":true,"href":"https:\/\/news.filmelier.com\/mx\/wp-json\/wp\/v2\/tags?post=56678"}],"curies":[{"name":"wp","href":"https:\/\/api.w.org\/{rel}","templated":true}]}}