{"id":56570,"date":"2024-04-18T20:34:47","date_gmt":"2024-04-18T23:34:47","guid":{"rendered":"https:\/\/news.filmelier.com\/saga-crepusculo-por-onde-anda-elenco\/"},"modified":"2025-08-20T12:22:05","modified_gmt":"2025-08-20T15:22:05","slug":"saga-crepusculo-donde-esta-el-elenco","status":"publish","type":"post","link":"https:\/\/news.filmelier.com\/mx\/saga-crepusculo-donde-esta-el-elenco\/","title":{"rendered":"&#8216;Crep\u00fasculo&#8217;: \u00bfD\u00f3nde est\u00e1 el elenco de la saga hoy?"},"content":{"rendered":"\r\n<p>La <a href=\"https:\/\/www.filmelier.com\/mx\/list\/crepusculo-todas-las-peliculas-ver-online\" data-type=\"URL\" data-id=\"https:\/\/www.filmelier.com\/br\/list\/todos-os-filmes-de-crepusculo-para-assistir-online\">saga <em>Crep\u00fasculo<\/em><\/a> se rob\u00f3 el coraz\u00f3n de millones de fans alrededor del mundo con su mezcla envolvente de romance y fantas\u00eda. Desde el estreno de la primera cinta en 2008, la franquicia se convirti\u00f3 en un parteaguas de la cultura pop, influenciando a toda una generaci\u00f3n con su blend de romance adolescente y elementos sobrenaturales.<\/p>\r\n\r\n\r\n\r\n<figure class=\"wp-block-embed is-type-video is-provider-youtube wp-block-embed-youtube wp-embed-aspect-16-9 wp-has-aspect-ratio\">\r\n<div class=\"wp-block-embed__wrapper\">\r\n<p><iframe title=\"Trailer A Saga Crep\u00fasculo: Amanhecer - Parte 2\" width=\"800\" height=\"450\" src=\"https:\/\/www.youtube.com\/embed\/3co54pUCRRE?feature=oembed\" frameborder=\"0\" allow=\"accelerometer; autoplay; clipboard-write; encrypted-media; gyroscope; picture-in-picture; web-share\" referrerpolicy=\"strict-origin-when-cross-origin\" allowfullscreen><\/iframe><\/p>\r\n<\/div>\r\n<figcaption><em>Tr\u00e1iler de The Twilight Saga: Amanecer &#8211; Parte 2<\/em><\/figcaption>\r\n<\/figure>\r\n\r\n\r\n\r\n<ul class=\"wp-block-list\">\r\n<li><a href=\"https:\/\/www.filmelier.com\/mx\/list\/crepusculo-todas-las-peliculas-ver-online\" data-type=\"URL\" data-id=\"https:\/\/www.filmelier.com\/br\/list\/todos-os-filmes-de-crepusculo-para-assistir-online\"><strong>Checa el orden de las pel\u00edculas de <em>Crep\u00fasculo<\/em> y d\u00f3nde verlas online<\/strong><\/a><\/li>\r\n<\/ul>\r\n\r\n\r\n\r\n<p><em>Crep\u00fasculo<\/em> no s\u00f3lo arras\u00f3 en la taquilla mundial, sino que tambi\u00e9n lanz\u00f3 a sus actores a la fama internacional. M\u00e1s de una d\u00e9cada despu\u00e9s del estreno de la \u00faltima entrega, muchos fans a\u00fan siguen de cerca las carreras de los actores que le dieron vida a los adorados personajes de Forks. \u00bfQu\u00e9 fue de los actores que interpretaron a los inolvidables personajes de la saga? Vamos a averiguar qu\u00e9 pas\u00f3 con estrellas como Kristen Stewart, Robert Pattinson y Taylor Lautner, entre otros.<\/p>\r\n\r\n\r\n\r\n<h2 class=\"wp-block-heading\">\u00bfQu\u00e9 fue del tr\u00edo principal de <em>Twilight<\/em>?<\/h2>\r\n\r\n\r\n\r\n<h3 class=\"wp-block-heading\">Kristen Stewart: de Bella Swan en <em>Crep\u00fasculo<\/em> a <em>Love Lies Bleeding<\/em><\/h3>\r\n\r\n\r\n\r\n<figure class=\"wp-block-image size-full\">\r\n<figure id=\"attachment_42958\" aria-describedby=\"caption-attachment-42958\" style=\"width: 800px\" class=\"wp-caption alignnone\"><img fetchpriority=\"high\" decoding=\"async\" class=\"wp-image-42958 size-full\" src=\"https:\/\/news.filmelier.com\/wp-content\/uploads\/2024\/04\/crepusculo-por-onde-anda-kristen-stewart.jpg\" alt=\"Kristen Stewart por donde anda la actriz: de Bella Swan en Crep\u00fasculo a Love Lies Bleeding\" width=\"800\" height=\"533\" srcset=\"https:\/\/news.filmelier.com\/wp-content\/uploads\/2024\/04\/crepusculo-por-onde-anda-kristen-stewart.jpg 800w, https:\/\/news.filmelier.com\/wp-content\/uploads\/2024\/04\/crepusculo-por-onde-anda-kristen-stewart-300x200.jpg 300w, https:\/\/news.filmelier.com\/wp-content\/uploads\/2024\/04\/crepusculo-por-onde-anda-kristen-stewart-768x512.jpg 768w, https:\/\/news.filmelier.com\/wp-content\/uploads\/2024\/04\/crepusculo-por-onde-anda-kristen-stewart-150x100.jpg 150w\" sizes=\"(max-width: 800px) 100vw, 800px\" \/><figcaption id=\"caption-attachment-42958\" class=\"wp-caption-text\"><em>De Bella Swan a Kristen Stewart: de Crep\u00fasculo a Love Lies Bleeding (Cr\u00e9dito: Peter Sorel\/Summit; Gp Images\/Getty; cortes\u00eda de People)<\/em><\/figcaption><\/figure>\r\n<\/figure>\r\n\r\n\r\n\r\n<p>Kristen Stewart, quien protagoniz\u00f3 la saga <em>Crep\u00fasculo <\/em>como Bella Swan, se ha convertido en una de las actrices m\u00e1s vers\u00e1tiles de Hollywood. Con roles desafiantes en cintas como <em>Las Nubes de Sils Maria<\/em>, que le vali\u00f3 el premio C\u00e9sar (el &#8220;\u00d3scar franc\u00e9s&#8221;); <em><a href=\"https:\/\/www.filmelier.com\/mx\/peliculas\/16252\/spencer\" data-type=\"URL\" data-id=\"https:\/\/www.filmelier.com\/br\/filmes\/16251\/spencer\">Spencer<\/a><\/em>, donde interpret\u00f3 a la Princesa Diana, y <em><a href=\"https:\/\/www.filmelier.com\/mx\/peliculas\/10951\/vigilando-a-jean-seberg\" data-type=\"URL\" data-id=\"https:\/\/www.filmelier.com\/br\/filmes\/10950\/seberg\">Vigilando a Jean Seberg<\/a><\/em>, centrada en la vida de la actriz Jean Seberg\u200b, Stewart sigue impresionando a cr\u00edtica y p\u00fablico con su capacidad para meterse a fondo en personajes complejos. La actriz sigue siendo una figura clave en el cine independiente. Uno de sus trabajos m\u00e1s recientes y aclamados es <em><a href=\"https:\/\/www.filmelier.com\/mx\/peliculas\/24819\/amor-mentiras-y-sangre\" data-type=\"URL\" data-id=\"https:\/\/www.filmelier.com\/br\/filmes\/24818\/love-lies-bleeding-o-amor-sangra\">Amor Mentiras y sangre<\/a><\/em>, junto a Katy O\u2019Brien.<\/p>\r\n<p>Recientemente, la actriz estuvo en la cinta <em>Love Me<\/em>, junto a Steven Yeun, que a\u00fan no tiene fecha de estreno en Latinoam\u00e9rica. Adem\u00e1s de su trabajo como actriz, Stewart debut\u00f3 como directora en Cannes 2025 con su pel\u00edcula <a href=\"https:\/\/www.filmelier.com\/mx\/peliculas\/112234\/the-chronology-of-water\"><em>The Chronology of Water<\/em><\/a>.<\/p>\r\n\r\n\r\n\r\n\r\n\r\n<h3 class=\"wp-block-heading\">Robert Pattinson: De vampiro a murci\u00e9lago del universo DC<\/h3>\r\n\r\n\r\n\r\n<figure id=\"attachment_42955\" aria-describedby=\"caption-attachment-42955\" style=\"width: 800px\" class=\"wp-caption alignnone\"><img decoding=\"async\" class=\"wp-image-42955 size-full\" src=\"https:\/\/news.filmelier.com\/wp-content\/uploads\/2024\/04\/crepusculo-por-onde-anda-robert-pattinson.jpg\" alt=\"Robert Pattinson por donde anda: Robert Pattinson fue de vampiro en Crep\u00fasculo a murci\u00e9lago en Batman y Mickey 17 de Bong Joon-ho\" width=\"800\" height=\"533\" srcset=\"https:\/\/news.filmelier.com\/wp-content\/uploads\/2024\/04\/crepusculo-por-onde-anda-robert-pattinson.jpg 800w, https:\/\/news.filmelier.com\/wp-content\/uploads\/2024\/04\/crepusculo-por-onde-anda-robert-pattinson-300x200.jpg 300w, https:\/\/news.filmelier.com\/wp-content\/uploads\/2024\/04\/crepusculo-por-onde-anda-robert-pattinson-768x512.jpg 768w, https:\/\/news.filmelier.com\/wp-content\/uploads\/2024\/04\/crepusculo-por-onde-anda-robert-pattinson-150x100.jpg 150w\" sizes=\"(max-width: 800px) 100vw, 800px\" \/><figcaption id=\"caption-attachment-42955\" class=\"wp-caption-text\"><em>Pattinson fue de vampiro a murci\u00e9lago (Cr\u00e9dito: Deana Newcomb\/Summit; George Pimentel\/Wireimage; People)<\/em><\/figcaption><\/figure>\r\n<p><a href=\"https:\/\/www.filmelier.com\/mx\/list\/robert-pattinson-sus-mejores-peliculas\">Robert Pattinson<\/a>, conocido mundialmente como el vampiro Edward Cullen y como Cedric Diggory en la <a href=\"https:\/\/www.filmelier.com\/mx\/list\/donde-ver-todas-las-peliculas-de-harry-potter\" data-type=\"URL\" data-id=\"https:\/\/www.filmelier.com\/br\/list\/todos-os-filmes-de-harry-potter-para-assistir-online\">saga <em>Harry Potter<\/em><\/a>, tampoco se qued\u00f3 anclado en el pasado. El actor brit\u00e1nico ha destacado con actuaciones en <em><a href=\"https:\/\/www.filmelier.com\/mx\/peliculas\/11474\/tenet\" data-type=\"URL\" data-id=\"https:\/\/www.filmelier.com\/br\/filmes\/11473\/tenet\">Tenet<\/a><\/em> y <em><a href=\"https:\/\/www.filmelier.com\/mx\/peliculas\/8328\/el-faro\" data-type=\"URL\" data-id=\"https:\/\/www.filmelier.com\/br\/filmes\/8316\/o-farol\">El Faro<\/a><\/em>, y recientemente tom\u00f3 el manto de Bruce Wayne en la pel\u00edcula <em>Batman<\/em>, del universo DC. Sigue demostrando su habilidad para adaptarse a diversos g\u00e9neros cinematogr\u00e1ficos y trascender su papel inicial como el vampiro gal\u00e1n (y como una de las ex-parejas m\u00e1s comentadas del cine, junto a Kristen). Tambi\u00e9n prest\u00f3 su voz para la narraci\u00f3n de la cinta del Studio Ghibli ganadora del \u00d3scar <em>El Ni\u00f1o y la Garza<\/em>. Actualmente, Robert Pattinson es protagonista de la nueva pel\u00edcula del director de Parasite, Bong Joon Ho. \u00a1Descubre d\u00f3nde ver <em> <a href=\"https:\/\/www.filmelier.com\/mx\/peliculas\/25503\/mickey-17\">Mickey 17<\/a><\/em>! Pattinson tambi\u00e9n marca su presencia en la cinta nominada en Cannes 2025, <em>Die, My Love<\/em>, junto a Jennifer Lawrence.<\/p>\r\n\r\n\r\n\r\n\r\n\r\n<h3 class=\"wp-block-heading\">Taylor Lautner, el desaparecido Jacob Black<\/h3>\r\n\r\n\r\n\r\n<figure id=\"attachment_42954\" aria-describedby=\"caption-attachment-42954\" style=\"width: 800px\" class=\"wp-caption alignnone\"><img decoding=\"async\" class=\"wp-image-42954 size-full\" src=\"https:\/\/news.filmelier.com\/wp-content\/uploads\/2024\/04\/crepusculo-por-onde-anda-taylor-lautner.jpg\" alt=\"Taylor Lautner, el Jacob Black, antes y despu\u00e9s de la saga Crep\u00fasculo \" width=\"800\" height=\"533\" srcset=\"https:\/\/news.filmelier.com\/wp-content\/uploads\/2024\/04\/crepusculo-por-onde-anda-taylor-lautner.jpg 800w, https:\/\/news.filmelier.com\/wp-content\/uploads\/2024\/04\/crepusculo-por-onde-anda-taylor-lautner-300x200.jpg 300w, https:\/\/news.filmelier.com\/wp-content\/uploads\/2024\/04\/crepusculo-por-onde-anda-taylor-lautner-768x512.jpg 768w, https:\/\/news.filmelier.com\/wp-content\/uploads\/2024\/04\/crepusculo-por-onde-anda-taylor-lautner-150x100.jpg 150w\" sizes=\"(max-width: 800px) 100vw, 800px\" \/><figcaption id=\"caption-attachment-42954\" class=\"wp-caption-text\"><em>Taylor Lautner, el Jacob Black, antes y despu\u00e9s de la saga Crep\u00fasculo (Cr\u00e9dito: Deana Newcomb; Tara Ziemba\/Getty; Cortes\u00eda de People)<\/em><\/figcaption><\/figure>\r\n<p>El int\u00e9rprete de Jacob Black, Taylor Lautner, tuvo una trayectoria post-<em>Crep\u00fasculo<\/em> m\u00e1s discreta comparada con la de sus colegas. Aunque se alej\u00f3 un poco de los reflectores, el actor a\u00fan participa en proyectos selectos en cine y televisi\u00f3n, como en la serie <em>Scream Queens<\/em> y en las pel\u00edculas <em>Cuckoo<\/em> y <em>Home Team<\/em>. Recientemente, apareci\u00f3 en un videoclip de Taylor Swift, su ex-novia, junto a Joey King. El actor tambi\u00e9n mantiene un podcast sobre salud mental con su esposa, que tambi\u00e9n se llama Taylor Lautner.<\/p>\r\n\r\n\r\n\r\n<p>&nbsp;<\/p>\r\n\r\n\r\n\r\n<h2 class=\"wp-block-heading\">\u00bfQu\u00e9 pas\u00f3 con el resto de la familia Cullen, de <em>Crep\u00fasculo<\/em>?<\/h2>\r\n<h3>Ashley Greene (Alice Cullen)<\/h3>\r\n<figure id=\"attachment_42964\" aria-describedby=\"caption-attachment-42964\" style=\"width: 800px\" class=\"wp-caption alignnone\"><img loading=\"lazy\" decoding=\"async\" class=\"wp-image-42964 size-full\" src=\"https:\/\/news.filmelier.com\/wp-content\/uploads\/2024\/04\/crepusculo-por-onde-anda-ashley-greene.jpg\" alt=\"Qu\u00e9 hizo Ashley Greene despu\u00e9s de interpretar a Alice Cullen en la saga Crep\u00fasculo\" width=\"800\" height=\"533\" srcset=\"https:\/\/news.filmelier.com\/wp-content\/uploads\/2024\/04\/crepusculo-por-onde-anda-ashley-greene.jpg 800w, https:\/\/news.filmelier.com\/wp-content\/uploads\/2024\/04\/crepusculo-por-onde-anda-ashley-greene-300x200.jpg 300w, https:\/\/news.filmelier.com\/wp-content\/uploads\/2024\/04\/crepusculo-por-onde-anda-ashley-greene-768x512.jpg 768w, https:\/\/news.filmelier.com\/wp-content\/uploads\/2024\/04\/crepusculo-por-onde-anda-ashley-greene-150x100.jpg 150w\" sizes=\"(max-width: 800px) 100vw, 800px\" \/><figcaption id=\"caption-attachment-42964\" class=\"wp-caption-text\"><em>Antes y despu\u00e9s de la saga Crep\u00fasculo: Ashley Greene (Alice Cullen) (Cr\u00e9dito: Deana Newcomb\/Summit; Jason Laveris\/Filmmagic; People)<\/em><\/figcaption><\/figure>\r\n<figure class=\"wp-block-gallery aligncenter columns-2 is-cropped\">\r\n<figure><\/figure>\r\n<\/figure>\r\n\r\n\r\n\r\n\r\n\r\n<p>Ashley Greene, quien interpret\u00f3 a la vidente Alice Cullen, sigui\u00f3 su carrera en cine y televisi\u00f3n con diversos proyectos. Greene se destac\u00f3 tanto en pel\u00edculas inspiradas en historias reales como <em><a href=\"https:\/\/www.filmelier.com\/mx\/peliculas\/8239\/el-escandalo\" data-type=\"URL\" data-id=\"https:\/\/www.filmelier.com\/br\/filmes\/8242\/o-escandalo\">El escandalo<\/a><\/em> como en thrillers de acci\u00f3n como <em><a href=\"https:\/\/www.filmelier.com\/mx\/peliculas\/21082\/en-el-lugar-equivocado\" data-type=\"URL\" data-id=\"https:\/\/www.filmelier.com\/br\/filmes\/21081\/no-lugar-errado\">En el lugar equivocado<\/a><\/em> \u2013 donde actu\u00f3 junto a Bruce Willis \u2013 y la comedia <em><a href=\"https:\/\/www.filmelier.com\/mx\/peliculas\/24028\/the-retirement-plan\" data-type=\"URL\" data-id=\"https:\/\/www.filmelier.com\/br\/filmes\/24027\/plano-de-aposentadoria\">Plan de retiro<\/a><\/em>, con Nicolas Cage. Al mismo tiempo, la actriz tambi\u00e9n dio voz a Barbara Gordon, Batgirl, en el videojuego <em>Batman: Arkham Asylum<\/em>.<\/p>\r\n\r\n\r\n\r\n<h3 class=\"wp-block-heading\">Jackson Rathbone (Jasper Hale)<\/h3>\r\n\r\n\r\n\r\n<figure id=\"attachment_42960\" aria-describedby=\"caption-attachment-42960\" style=\"width: 788px\" class=\"wp-caption alignnone\"><img loading=\"lazy\" decoding=\"async\" class=\"wp-image-42960 size-full\" src=\"https:\/\/news.filmelier.com\/wp-content\/uploads\/2024\/04\/crepusculo-por-onde-anda-jackson-rathbone.jpg\" alt=\"Jackson Rathbone, el Jasper, antes y despu\u00e9s de Crep\u00fasculo\" width=\"788\" height=\"525\" srcset=\"https:\/\/news.filmelier.com\/wp-content\/uploads\/2024\/04\/crepusculo-por-onde-anda-jackson-rathbone.jpg 788w, https:\/\/news.filmelier.com\/wp-content\/uploads\/2024\/04\/crepusculo-por-onde-anda-jackson-rathbone-300x200.jpg 300w, https:\/\/news.filmelier.com\/wp-content\/uploads\/2024\/04\/crepusculo-por-onde-anda-jackson-rathbone-768x512.jpg 768w, https:\/\/news.filmelier.com\/wp-content\/uploads\/2024\/04\/crepusculo-por-onde-anda-jackson-rathbone-150x100.jpg 150w\" sizes=\"(max-width: 788px) 100vw, 788px\" \/><figcaption id=\"caption-attachment-42960\" class=\"wp-caption-text\"><em>Jackson Rathbone, el Jasper, actu\u00f3 en series de TV despu\u00e9s de Crep\u00fasculo (Cr\u00e9dito: Summit; IMDb)<\/em><\/figcaption><\/figure>\r\n<p>Mientras tanto, Jackson Rathbone, el enigm\u00e1tico Jasper Hale, contin\u00faa trabajando en cine y m\u00fasica, manteniendo una carrera variada con roles en diversos proyectos independientes. El actor estuvo en pel\u00edculas como la producci\u00f3n religiosa de acci\u00f3n <em>Samson<\/em>, el romance fant\u00e1stico <em>Until We Meet Again<\/em>, el drama de acci\u00f3n <em><a href=\"https:\/\/www.filmelier.com\/mx\/peliculas\/24786\/mision-condor\" data-type=\"URL\" data-id=\"https:\/\/www.filmelier.com\/br\/filmes\/24785\/missao-condor\">Mision condor<\/a><\/em>, la ficci\u00f3n cient\u00edfica <em>Black Noise<\/em> y el thriller <em>The Island<\/em>, y en las series de TV <em>Guardianes de la Justicia<\/em> y <em>The Last Ship<\/em>\u200b, adem\u00e1s de continuar su carrera musical como el entonces vocalista de la banda 100 Monkeys.<\/p>\r\n<h3>Kellan Lutz (Emmett Cullen)<\/h3>\r\n<figure id=\"attachment_42959\" aria-describedby=\"caption-attachment-42959\" style=\"width: 800px\" class=\"wp-caption alignnone\"><img loading=\"lazy\" decoding=\"async\" class=\"wp-image-42959 size-full\" src=\"https:\/\/news.filmelier.com\/wp-content\/uploads\/2024\/04\/crepusculo-por-onde-anda-kellan-lutz.jpg\" alt=\"Elenco de Crep\u00fasculo antes y despu\u00e9s: por donde anda Kellan Lutz, el Emmett Cullen\" width=\"800\" height=\"533\" srcset=\"https:\/\/news.filmelier.com\/wp-content\/uploads\/2024\/04\/crepusculo-por-onde-anda-kellan-lutz.jpg 800w, https:\/\/news.filmelier.com\/wp-content\/uploads\/2024\/04\/crepusculo-por-onde-anda-kellan-lutz-300x200.jpg 300w, https:\/\/news.filmelier.com\/wp-content\/uploads\/2024\/04\/crepusculo-por-onde-anda-kellan-lutz-768x512.jpg 768w, https:\/\/news.filmelier.com\/wp-content\/uploads\/2024\/04\/crepusculo-por-onde-anda-kellan-lutz-150x100.jpg 150w\" sizes=\"(max-width: 800px) 100vw, 800px\" \/><figcaption id=\"caption-attachment-42959\" class=\"wp-caption-text\"><em>Kellan Lutz apuesta por pel\u00edculas y series de acci\u00f3n post Twilight (Cr\u00e9dito: Peter Sorel\/Summit; Michael Tran\/Filmmagic; People)<\/em><\/figcaption><\/figure>\r\n\r\n\r\n\r\n<p>Por su parte, Kellan Lutz, el int\u00e9rprete de Emmett Cullen, continu\u00f3 su carrera en Hollywood con roles en pel\u00edculas de acci\u00f3n y series de TV, adem\u00e1s de involucrarse en varios proyectos de fitness y moda\u200b. El actor particip\u00f3 en producciones como <em><a href=\"https:\/\/www.filmelier.com\/mx\/peliculas\/11840\/los-indestructibles-3\" data-type=\"URL\" data-id=\"https:\/\/www.filmelier.com\/br\/filmes\/11839\/os-mercenarios-3\">Los indestructibles 3<\/a><\/em>; <em><a href=\"https:\/\/www.filmelier.com\/mx\/peliculas\/22252\/velocidad-mortal\" data-type=\"URL\" data-id=\"https:\/\/www.filmelier.com\/br\/filmes\/22251\/velocidade-mortal\">Velocidad mortal<\/a><\/em>, junto a John Travolta; del thriller policiaco <em>Cash Out<\/em>, y de la pel\u00edcula de acci\u00f3n de la Segunda Guerra Mundial <em><a href=\"https:\/\/www.filmelier.com\/mx\/peliculas\/24753\/juntos-en-combate\" data-type=\"URL\" data-id=\"https:\/\/www.filmelier.com\/br\/filmes\/24752\/juntos-em-combate\">Juntos en combate<\/a><\/em>. Lutz tambi\u00e9n participa en la franquicia de series <em>FBI, FBI: Most Wanted <\/em>y <em>FBI: International<\/em>, manteniendo una carrera activa en pel\u00edculas de acci\u00f3n y series de TV\u200b.<\/p>\r\n\r\n\r\n\r\n\r\n\r\n<h3 class=\"wp-block-heading\">Nikki Reed (Rosalie Hale)<\/h3>\r\n\r\n\r\n\r\n<figure id=\"attachment_42957\" aria-describedby=\"caption-attachment-42957\" style=\"width: 800px\" class=\"wp-caption alignnone\"><img loading=\"lazy\" decoding=\"async\" class=\"wp-image-42957 size-full\" src=\"https:\/\/news.filmelier.com\/wp-content\/uploads\/2024\/04\/crepusculo-por-onde-anda-nikki-reed.jpg\" alt=\"Por donde anda Nikki Reed, la Rosalie de la saga Crep\u00fasculo\" width=\"800\" height=\"533\" srcset=\"https:\/\/news.filmelier.com\/wp-content\/uploads\/2024\/04\/crepusculo-por-onde-anda-nikki-reed.jpg 800w, https:\/\/news.filmelier.com\/wp-content\/uploads\/2024\/04\/crepusculo-por-onde-anda-nikki-reed-300x200.jpg 300w, https:\/\/news.filmelier.com\/wp-content\/uploads\/2024\/04\/crepusculo-por-onde-anda-nikki-reed-768x512.jpg 768w, https:\/\/news.filmelier.com\/wp-content\/uploads\/2024\/04\/crepusculo-por-onde-anda-nikki-reed-150x100.jpg 150w\" sizes=\"(max-width: 800px) 100vw, 800px\" \/><figcaption id=\"caption-attachment-42957\" class=\"wp-caption-text\"><em>Nikki Reed trabaja junto a su esposo, Ian Somerhalder (Cr\u00e9dito: Peter Sorel\/Summit; Daniel Boczarski\/Wireimage; People)<\/em><\/figcaption><\/figure>\r\n<p>Por su parte, Nikki Reed, int\u00e9rprete de Rosalie Hale en <em>Crep\u00fasculo<\/em>, se ha enfocado en sus iniciativas de bienestar y sustentabilidad, adem\u00e1s de actuar en series de TV y pel\u00edculas. Recientemente, la actriz apareci\u00f3 en la serie <em>V-Wars<\/em>, junto a su esposo, Ian Somerhalder\u200b, estrella de <em>The Vampire Diaries<\/em>.<\/p>\r\n<figure class=\"wp-block-gallery columns-2 is-cropped\">\r\n<figure><\/figure>\r\n<\/figure>\r\n\r\n\r\n\r\n<h3 class=\"wp-block-heading\">Peter Facinelli (Carlisle Cullen)<\/h3>\r\n\r\n\r\n\r\n<figure id=\"attachment_42956\" aria-describedby=\"caption-attachment-42956\" style=\"width: 1200px\" class=\"wp-caption alignnone\"><img loading=\"lazy\" decoding=\"async\" class=\"wp-image-42956 size-full\" src=\"https:\/\/news.filmelier.com\/wp-content\/uploads\/2024\/04\/crepusculo-por-onde-anda-peter-facinelli.jpg\" alt=\"Por donde anda Peter Facinelli, int\u00e9rprete de Carlisle en Crep\u00fasculo?\" width=\"1200\" height=\"800\" srcset=\"https:\/\/news.filmelier.com\/wp-content\/uploads\/2024\/04\/crepusculo-por-onde-anda-peter-facinelli.jpg 1200w, https:\/\/news.filmelier.com\/wp-content\/uploads\/2024\/04\/crepusculo-por-onde-anda-peter-facinelli-300x200.jpg 300w, https:\/\/news.filmelier.com\/wp-content\/uploads\/2024\/04\/crepusculo-por-onde-anda-peter-facinelli-1024x683.jpg 1024w, https:\/\/news.filmelier.com\/wp-content\/uploads\/2024\/04\/crepusculo-por-onde-anda-peter-facinelli-768x512.jpg 768w, https:\/\/news.filmelier.com\/wp-content\/uploads\/2024\/04\/crepusculo-por-onde-anda-peter-facinelli-150x100.jpg 150w\" sizes=\"(max-width: 1200px) 100vw, 1200px\" \/><figcaption id=\"caption-attachment-42956\" class=\"wp-caption-text\"><em>Peter Facinelli es rostro garantizado en series de TV (Cr\u00e9dito: Peter Sorel\/Summit; Tara Ziemba\/Getty; People)<\/em><\/figcaption><\/figure>\r\n<p>Despu\u00e9s de <em>Crep\u00fasculo<\/em>, Peter Facinelli, el int\u00e9rprete del patriarca Carlisle Cullen, se ha mantenido ocupado con roles en series de TV como <em>Nurse Jackie<\/em>, <em>S.W.A.T.<\/em> y <em>Supergirl<\/em>, adem\u00e1s de participar en pel\u00edculas como <em><a href=\"https:\/\/www.filmelier.com\/mx\/peliculas\/9333\/la-hora-de-tu-muerte\" data-type=\"URL\" data-id=\"https:\/\/www.filmelier.com\/br\/filmes\/9472\/a-hora-da-sua-morte\">La hora de tu muerte<\/a><\/em>, <em><a href=\"https:\/\/www.filmelier.com\/mx\/peliculas\/18312\/en-la-tormenta\" data-type=\"URL\" data-id=\"https:\/\/www.filmelier.com\/br\/filmes\/18311\/13-minutos-de-tormenta\">En la tormenta<\/a><\/em> y<em> Entre la bala y la pared<\/em>.<\/p>\r\n\r\n\r\n\r\n<h3 class=\"wp-block-heading\">Elizabeth Reaser (Esme Cullen)<\/h3>\r\n\r\n\r\n\r\n<figure id=\"attachment_42962\" aria-describedby=\"caption-attachment-42962\" style=\"width: 800px\" class=\"wp-caption alignnone\"><img loading=\"lazy\" decoding=\"async\" class=\"wp-image-42962 size-full\" src=\"https:\/\/news.filmelier.com\/wp-content\/uploads\/2024\/04\/crepusculo-por-onde-anda-elizabeth-reaser.jpg\" alt=\"Elizabeth Reaser fue de Esme en Crep\u00fasculo a la serie de \u00e9xito de Netflix\" width=\"800\" height=\"533\" srcset=\"https:\/\/news.filmelier.com\/wp-content\/uploads\/2024\/04\/crepusculo-por-onde-anda-elizabeth-reaser.jpg 800w, https:\/\/news.filmelier.com\/wp-content\/uploads\/2024\/04\/crepusculo-por-onde-anda-elizabeth-reaser-300x200.jpg 300w, https:\/\/news.filmelier.com\/wp-content\/uploads\/2024\/04\/crepusculo-por-onde-anda-elizabeth-reaser-768x512.jpg 768w, https:\/\/news.filmelier.com\/wp-content\/uploads\/2024\/04\/crepusculo-por-onde-anda-elizabeth-reaser-150x100.jpg 150w\" sizes=\"(max-width: 800px) 100vw, 800px\" \/><figcaption id=\"caption-attachment-42962\" class=\"wp-caption-text\"><em>Elizabeth Reaser fue de Crep\u00fasculo a la serie de \u00e9xito de Netflix (Cr\u00e9dito: Peter Sorel\/Summit; Rob Kim\/Getty; People)<\/em><\/figcaption><\/figure>\r\n<p>La int\u00e9rprete de la matriarca Esme Cullen, Elizabeth Reaser, tuvo un papel destacado en la serie de terror <em>The Haunting of Hill House<\/em> en Netflix, consolidando su posici\u00f3n como una actriz respetada en el g\u00e9nero de terror y drama. Tambi\u00e9n actu\u00f3 en producciones como <em>Ouija: Origin of Evil<\/em>, <em>Manhunt<\/em>, <em>Law &amp; Order True Crime<\/em>, <em>American Crime Story<\/em>, <em>Dark Harvest<\/em> y <em>The Uninvited<\/em>.<\/p>\r\n\r\n\r\n\r\n<h2 class=\"wp-block-heading\">\u00bfD\u00f3nde est\u00e1n los otros actores de <em>Crep\u00fasculo<\/em>?<\/h2>\r\n<figure class=\"wp-block-gallery columns-3 is-cropped\">\r\n<figure><\/figure>\r\n<figure><\/figure>\r\n<\/figure>\r\n\r\n\r\n\r\n<h3 class=\"wp-block-heading\">Anna Kendrick (Jessica Stanley)<\/h3>\r\n\r\n\r\n\r\n<figure id=\"attachment_42965\" aria-describedby=\"caption-attachment-42965\" style=\"width: 800px\" class=\"wp-caption alignnone\"><img loading=\"lazy\" decoding=\"async\" class=\"wp-image-42965 size-full\" src=\"https:\/\/news.filmelier.com\/wp-content\/uploads\/2024\/04\/crepusculo-por-onde-anda-anna-kendrick.jpg\" alt=\"Por donde anda Anna Kendrick de Crep\u00fasculo?\" width=\"800\" height=\"533\" srcset=\"https:\/\/news.filmelier.com\/wp-content\/uploads\/2024\/04\/crepusculo-por-onde-anda-anna-kendrick.jpg 800w, https:\/\/news.filmelier.com\/wp-content\/uploads\/2024\/04\/crepusculo-por-onde-anda-anna-kendrick-300x200.jpg 300w, https:\/\/news.filmelier.com\/wp-content\/uploads\/2024\/04\/crepusculo-por-onde-anda-anna-kendrick-768x512.jpg 768w, https:\/\/news.filmelier.com\/wp-content\/uploads\/2024\/04\/crepusculo-por-onde-anda-anna-kendrick-150x100.jpg 150w\" sizes=\"(max-width: 800px) 100vw, 800px\" \/><figcaption id=\"caption-attachment-42965\" class=\"wp-caption-text\"><em>Anna Kendrick brilla en A Capella y Trolls (Cr\u00e9dito: Summit; D Dipasupil\/Getty; People)<\/em><\/figcaption><\/figure>\r\n<p>Mientras tanto, Anna Kendrick \u2013 quien vivi\u00f3 a Jessica Stanley, amiga de Bella Swan \u2013 ascendi\u00f3 a nuevas alturas en Hollywood, protagonizando \u00e9xitos como la serie de pel\u00edculas <em><a href=\"https:\/\/www.filmelier.com\/mx\/peliculas\/10348\/notas-perfectas\" data-type=\"URL\" data-id=\"https:\/\/www.filmelier.com\/br\/filmes\/10347\/a-escolha-perfeita\">Notas perfectas<\/a><\/em>\u00a0y la franquicia <em>Trolls<\/em>. Protagoniz\u00f3 la serie <em>Love Life<\/em> de HBO Max, la miniserie animada <em>Scott Pilgrim: La Serie<\/em>, y particip\u00f3 en las pel\u00edculas <em>Cake<\/em>, <em><a href=\"https:\/\/www.filmelier.com\/mx\/peliculas\/5071\/un-pequeno-favor\" data-type=\"URL\" data-id=\"https:\/\/www.filmelier.com\/br\/filmes\/5093\/um-pequeno-favor\">Un pequeno favor<\/a><\/em>, <em>Alice, Querida<\/em> y <em><a href=\"https:\/\/www.filmelier.com\/mx\/peliculas\/12208\/noelle\" data-type=\"URL\" data-id=\"https:\/\/www.filmelier.com\/br\/filmes\/12207\/noelle\">Noelle<\/a><\/em>. En la direcci\u00f3n, Anna Kendrick hizo su debut con la pel\u00edcula <em><a href=\"https:\/\/www.filmelier.com\/mx\/peliculas\/26881\/el-asesino-del-juego-de-citas\">El asesino del juego de citas<\/a><\/em>.<\/p>\r\n\r\n\r\n\r\n<h3 class=\"wp-block-heading\">Billy Burke (Charlie Swan)<\/h3>\r\n\r\n\r\n\r\n<figure id=\"attachment_42963\" aria-describedby=\"caption-attachment-42963\" style=\"width: 800px\" class=\"wp-caption alignnone\"><img loading=\"lazy\" decoding=\"async\" class=\"wp-image-42963 size-full\" src=\"https:\/\/news.filmelier.com\/wp-content\/uploads\/2024\/04\/crepusculo-por-onde-anda-billy-burke.jpg\" alt=\"Billy Burke, el padre de Bella en Crep\u00fasculo, antes y despu\u00e9s de la saga\" width=\"800\" height=\"533\" srcset=\"https:\/\/news.filmelier.com\/wp-content\/uploads\/2024\/04\/crepusculo-por-onde-anda-billy-burke.jpg 800w, https:\/\/news.filmelier.com\/wp-content\/uploads\/2024\/04\/crepusculo-por-onde-anda-billy-burke-300x200.jpg 300w, https:\/\/news.filmelier.com\/wp-content\/uploads\/2024\/04\/crepusculo-por-onde-anda-billy-burke-768x512.jpg 768w, https:\/\/news.filmelier.com\/wp-content\/uploads\/2024\/04\/crepusculo-por-onde-anda-billy-burke-150x100.jpg 150w\" sizes=\"(max-width: 800px) 100vw, 800px\" \/><figcaption id=\"caption-attachment-42963\" class=\"wp-caption-text\"><em>Billy Burke, el padre de Bella en Crep\u00fasculo, protagoniz\u00f3 series de \u00e9xito (Cr\u00e9dito: Summit; Jean-Baptiste Lacroix \/ AFP)<\/em><\/figcaption><\/figure>\r\n<p>El padre de Bella Swan, Charlie, fue interpretado por Billy Burke. El actor se ha mantenido activo en Hollywood, con roles recientes en series de TV y pel\u00edculas, siempre aportando su carisma distintivo a cada personaje. Burke protagoniz\u00f3 las series de TV <em>Major Crimes<\/em>, <em>FBI<\/em>, <em>Dangerous Liaisons<\/em>, <em>Maid<\/em>, <em>9-1-1: Lone Star<\/em>, y <em>Fire Country<\/em>.<\/p>\r\n\r\n\r\n\r\n<h3 class=\"wp-block-heading\">Gil Birmingham (Billy Black)<\/h3>\r\n\r\n\r\n\r\n<figure id=\"attachment_42961\" aria-describedby=\"caption-attachment-42961\" style=\"width: 800px\" class=\"wp-caption alignnone\"><img loading=\"lazy\" decoding=\"async\" class=\"wp-image-42961 size-full\" src=\"https:\/\/news.filmelier.com\/wp-content\/uploads\/2024\/04\/crepusculo-por-onde-anda-gil-birmingham.jpg\" alt=\"Gil Birmingham, el padre de Jacob, antes y despu\u00e9s de la saga Crep\u00fasculo, para Yellowstone\" width=\"800\" height=\"533\" srcset=\"https:\/\/news.filmelier.com\/wp-content\/uploads\/2024\/04\/crepusculo-por-onde-anda-gil-birmingham.jpg 800w, https:\/\/news.filmelier.com\/wp-content\/uploads\/2024\/04\/crepusculo-por-onde-anda-gil-birmingham-300x200.jpg 300w, https:\/\/news.filmelier.com\/wp-content\/uploads\/2024\/04\/crepusculo-por-onde-anda-gil-birmingham-768x512.jpg 768w, https:\/\/news.filmelier.com\/wp-content\/uploads\/2024\/04\/crepusculo-por-onde-anda-gil-birmingham-150x100.jpg 150w\" sizes=\"(max-width: 800px) 100vw, 800px\" \/><figcaption id=\"caption-attachment-42961\" class=\"wp-caption-text\"><em>Gil Birmingham: de Crep\u00fasculo a Yellowstone (Cr\u00e9dito: Summit; ETonline.com)<\/em><\/figcaption><\/figure>\r\n<p>El int\u00e9rprete del padre de Jacob, Billy Black, fue Gil Birmingham. El actor contin\u00faa siendo una presencia constante en la TV y el cine, con roles en series aclamadas y proyectos cinematogr\u00e1ficos\u200b. Apareci\u00f3 en las series <em>Yellowstone<\/em>, <em>Animal Kingdom<\/em>, <em>NCIS: Los Angeles<\/em>, <em>Siren<\/em> y <em>X-Men &#8217;97<\/em>. Tambi\u00e9n estuvo en las pel\u00edculas <em><a href=\"https:\/\/www.filmelier.com\/mx\/peliculas\/22732\/transformers-el-ultimo-caballero\">Transformers: el ultimo caballero<\/a><\/em> y <em><a href=\"https:\/\/www.filmelier.com\/mx\/peliculas\/23595\/la-hija-del-pantano\" data-type=\"URL\" data-id=\"https:\/\/www.filmelier.com\/br\/filmes\/23594\/a-filha-do-rei-do-pantano\">La Hija del Rey del Pantano<\/a><\/em>.<\/p>\r\n\r\n\r\n\r\n<h3>Cam Gigandet (James)<\/h3>\r\n<figure id=\"attachment_45222\" aria-describedby=\"caption-attachment-45222\" style=\"width: 800px\" class=\"wp-caption alignnone\"><img loading=\"lazy\" decoding=\"async\" class=\"size-full wp-image-45222\" src=\"https:\/\/news.filmelier.com\/wp-content\/uploads\/2024\/04\/cam-gigandet-crepusculo-til-death-do-us-apart.webp\" alt=\"Cam Gigandet interpret\u00f3 a James en la saga Crep\u00fasculo. Antes y Despu\u00e9s del actor. (Cr\u00e9dito: IMDB)\" width=\"800\" height=\"468\" srcset=\"https:\/\/news.filmelier.com\/wp-content\/uploads\/2024\/04\/cam-gigandet-crepusculo-til-death-do-us-apart.webp 800w, https:\/\/news.filmelier.com\/wp-content\/uploads\/2024\/04\/cam-gigandet-crepusculo-til-death-do-us-apart-300x176.webp 300w, https:\/\/news.filmelier.com\/wp-content\/uploads\/2024\/04\/cam-gigandet-crepusculo-til-death-do-us-apart-768x449.webp 768w, https:\/\/news.filmelier.com\/wp-content\/uploads\/2024\/04\/cam-gigandet-crepusculo-til-death-do-us-apart-150x88.webp 150w\" sizes=\"(max-width: 800px) 100vw, 800px\" \/><figcaption id=\"caption-attachment-45222\" class=\"wp-caption-text\"><em>Cam Gigandet interpret\u00f3 a James en la saga Crep\u00fasculo. Antes y Despu\u00e9s del actor. (Cr\u00e9dito: IMDB)<\/em><\/figcaption><\/figure>\r\n<p>Cam Gigandet, el villano James de <em data-start=\"31\" data-end=\"43\">Crep\u00fasculo<\/em>, sigue actuando en pel\u00edculas de acci\u00f3n y suspenso. Recientemente, protagoniz\u00f3 <em><a href=\"https:\/\/www.filmelier.com\/mx\/peliculas\/106076\/hasta-que-la-muerte-nos-separe\">Hasta que la Muerte nos Separe<\/a><\/em> (<em data-start=\"112\" data-end=\"134\">Til Death Do Us Part), de <\/em>2023, un thriller sangriento sobre una novia en fuga, y es recordado tambi\u00e9n por su papel en <a href=\"https:\/\/www.filmelier.com\/mx\/peliculas\/112376\/pandorum-terror-en-el-espacio\"><em data-start=\"227\" data-end=\"237\">Pandorum terror en el espacio<\/em><\/a>, de 2009, ficci\u00f3n cient\u00edfica de culto. Sigue activo en producciones independientes y de g\u00e9nero.<\/p>\r\n\r\n\r\n\r\n<h2 class=\"wp-block-heading\">El legado contin\u00faa<\/h2>\r\n\r\n\r\n\r\n<p>Aunque la saga <em>Crep\u00fasculo<\/em> termin\u00f3, su impacto en el cine de fantas\u00eda y romance adolescente es innegable. El elenco principal, aunque ha seguido caminos distintos, a\u00fan carga con el legado de una de las franquicias m\u00e1s queridas de principios del siglo 21.<\/p>\r\n\r\n\r\n\r\n<p>Los actores de <em>Crep\u00fasculo<\/em> tomaron rumbos distintos despu\u00e9s del final de la saga, y muchos alcanzaron nuevos niveles en sus carreras. Desde papeles en grandes producciones de Hollywood hasta proyectos independientes, siguen conquistando la imaginaci\u00f3n y la admiraci\u00f3n del p\u00fablico en todo el mundo.<\/p>\r\n\r\n\r\n\r\n\r\n<!-- \/wp:post-content -->\r\n<p>&nbsp;<\/p>","protected":false},"excerpt":{"rendered":"<p>\u00bfD\u00f3nde est\u00e1n los actores y actrices de Crep\u00fasculo? \u00bfCu\u00e1les son sus nuevos proyectos? Descubre lo \u00faltimo de Kristen Stewart, Robert Pattinson, Taylor Lautner y m\u00e1s.<\/p>\n","protected":false},"author":11,"featured_media":56571,"comment_status":"closed","ping_status":"open","sticky":false,"template":"","format":"standard","meta":{"_acf_changed":false,"footnotes":""},"categories":[5933,5931],"tags":[],"class_list":["post-56570","post","type-post","status-publish","format-standard","has-post-thumbnail","hentry","category-critica-mx","category-peliculas-mx"],"acf":{"subtitulo":"\u00bfD\u00f3nde est\u00e1n los actores y actrices de Crep\u00fasculo? \u00bfCu\u00e1les son sus nuevos proyectos? Descubre lo \u00faltimo de Kristen Stewart, Robert Pattinson, Taylor Lautner y m\u00e1s.","id_ator":"nm0829576, nm1500155, nm1553725, nm2230865, nm1210124, nm0121605, nm0447695, nm1717152, nm0004906, nm0714147, nm0083655 nm1223023,  "},"yoast_head":"<!-- This site is optimized with the Yoast SEO plugin v26.1.1 - https:\/\/yoast.com\/wordpress\/plugins\/seo\/ -->\n<title>&#039;Crep\u00fasculo&#039;: \u00bfD\u00f3nde est\u00e1 el elenco de la saga hoy?<\/title>\n<meta name=\"description\" content=\"\u00bfD\u00f3nde est\u00e1n los actores y actrices de Crep\u00fasculo? \u00bfCu\u00e1les son sus nuevos proyectos? Descubre lo \u00faltimo de Kristen Stewart, Robert Pattinson, Taylor Lautner y m\u00e1s.\" \/>\n<meta name=\"robots\" content=\"index, follow, max-snippet:-1, max-image-preview:large, max-video-preview:-1\" \/>\n<link rel=\"canonical\" href=\"https:\/\/news.filmelier.com\/mx\/saga-crepusculo-donde-esta-el-elenco\/\" \/>\n<meta property=\"og:locale\" content=\"es_MX\" \/>\n<meta property=\"og:type\" content=\"article\" \/>\n<meta property=\"og:title\" content=\"&#039;Crep\u00fasculo&#039;: \u00bfD\u00f3nde est\u00e1 el elenco de la saga hoy?\" \/>\n<meta property=\"og:description\" content=\"\u00bfD\u00f3nde est\u00e1n los actores y actrices de Crep\u00fasculo? \u00bfCu\u00e1les son sus nuevos proyectos? Descubre lo \u00faltimo de Kristen Stewart, Robert Pattinson, Taylor Lautner y m\u00e1s.\" \/>\n<meta property=\"og:url\" content=\"https:\/\/news.filmelier.com\/mx\/saga-crepusculo-donde-esta-el-elenco\/\" \/>\n<meta property=\"og:site_name\" content=\"News Filmelier\" \/>\n<meta property=\"article:published_time\" content=\"2024-04-18T23:34:47+00:00\" \/>\n<meta property=\"article:modified_time\" content=\"2025-08-20T15:22:05+00:00\" \/>\n<meta property=\"og:image\" content=\"https:\/\/homolog.news.filmelier.com\/wp-content\/uploads\/2024\/04\/crepusculo-por-onde-anda-kristen-stewart.jpg\" \/>\n\t<meta property=\"og:image:width\" content=\"800\" \/>\n\t<meta property=\"og:image:height\" content=\"533\" \/>\n\t<meta property=\"og:image:type\" content=\"image\/jpeg\" \/>\n<meta name=\"author\" content=\"Vit\u00f3ria Pratini\" \/>\n<meta name=\"twitter:card\" content=\"summary_large_image\" \/>\n<meta name=\"twitter:label1\" content=\"Escrito por\" \/>\n\t<meta name=\"twitter:data1\" content=\"Vit\u00f3ria Pratini\" \/>\n\t<meta name=\"twitter:label2\" content=\"Tiempo de lectura\" \/>\n\t<meta name=\"twitter:data2\" content=\"11 minutos\" \/>\n<script type=\"application\/ld+json\" class=\"yoast-schema-graph\">{\"@context\":\"https:\/\/schema.org\",\"@graph\":[{\"@type\":\"Article\",\"@id\":\"https:\/\/news.filmelier.com\/mx\/saga-crepusculo-donde-esta-el-elenco\/#article\",\"isPartOf\":{\"@id\":\"https:\/\/news.filmelier.com\/mx\/saga-crepusculo-donde-esta-el-elenco\/\"},\"author\":{\"name\":\"Vit\u00f3ria Pratini\",\"@id\":\"https:\/\/homolog.news.filmelier.com\/mx\/#\/schema\/person\/b6689fa913d8b849cd7549503e6521cc\"},\"headline\":\"&#8216;Crep\u00fasculo&#8217;: \u00bfD\u00f3nde est\u00e1 el elenco de la saga hoy?\",\"datePublished\":\"2024-04-18T23:34:47+00:00\",\"dateModified\":\"2025-08-20T15:22:05+00:00\",\"mainEntityOfPage\":{\"@id\":\"https:\/\/news.filmelier.com\/mx\/saga-crepusculo-donde-esta-el-elenco\/\"},\"wordCount\":1870,\"publisher\":{\"@id\":\"https:\/\/homolog.news.filmelier.com\/mx\/#organization\"},\"image\":{\"@id\":\"https:\/\/news.filmelier.com\/mx\/saga-crepusculo-donde-esta-el-elenco\/#primaryimage\"},\"thumbnailUrl\":\"https:\/\/news.filmelier.com\/wp-content\/uploads\/2024\/04\/crepusculo-por-onde-anda-kristen-stewart.jpg\",\"articleSection\":[\"Cr\u00edtica\",\"Pel\u00edculas\"],\"inLanguage\":\"es\"},{\"@type\":\"WebPage\",\"@id\":\"https:\/\/news.filmelier.com\/mx\/saga-crepusculo-donde-esta-el-elenco\/\",\"url\":\"https:\/\/news.filmelier.com\/mx\/saga-crepusculo-donde-esta-el-elenco\/\",\"name\":\"'Crep\u00fasculo': \u00bfD\u00f3nde est\u00e1 el elenco de la saga hoy?\",\"isPartOf\":{\"@id\":\"https:\/\/homolog.news.filmelier.com\/mx\/#website\"},\"primaryImageOfPage\":{\"@id\":\"https:\/\/news.filmelier.com\/mx\/saga-crepusculo-donde-esta-el-elenco\/#primaryimage\"},\"image\":{\"@id\":\"https:\/\/news.filmelier.com\/mx\/saga-crepusculo-donde-esta-el-elenco\/#primaryimage\"},\"thumbnailUrl\":\"https:\/\/news.filmelier.com\/wp-content\/uploads\/2024\/04\/crepusculo-por-onde-anda-kristen-stewart.jpg\",\"datePublished\":\"2024-04-18T23:34:47+00:00\",\"dateModified\":\"2025-08-20T15:22:05+00:00\",\"description\":\"\u00bfD\u00f3nde est\u00e1n los actores y actrices de Crep\u00fasculo? \u00bfCu\u00e1les son sus nuevos proyectos? Descubre lo \u00faltimo de Kristen Stewart, Robert Pattinson, Taylor Lautner y m\u00e1s.\",\"breadcrumb\":{\"@id\":\"https:\/\/news.filmelier.com\/mx\/saga-crepusculo-donde-esta-el-elenco\/#breadcrumb\"},\"inLanguage\":\"es\",\"potentialAction\":[{\"@type\":\"ReadAction\",\"target\":[\"https:\/\/news.filmelier.com\/mx\/saga-crepusculo-donde-esta-el-elenco\/\"]}]},{\"@type\":\"ImageObject\",\"inLanguage\":\"es\",\"@id\":\"https:\/\/news.filmelier.com\/mx\/saga-crepusculo-donde-esta-el-elenco\/#primaryimage\",\"url\":\"https:\/\/news.filmelier.com\/wp-content\/uploads\/2024\/04\/crepusculo-por-onde-anda-kristen-stewart.jpg\",\"contentUrl\":\"https:\/\/news.filmelier.com\/wp-content\/uploads\/2024\/04\/crepusculo-por-onde-anda-kristen-stewart.jpg\",\"width\":800,\"height\":533,\"caption\":\"Kristen Stewart: de Bella Swan a Love Lies Bleeding (Cr\u00e9dito: Peter Sorel\/Summit; Gp Images\/Getty; cortesia da People)\"},{\"@type\":\"BreadcrumbList\",\"@id\":\"https:\/\/news.filmelier.com\/mx\/saga-crepusculo-donde-esta-el-elenco\/#breadcrumb\",\"itemListElement\":[{\"@type\":\"ListItem\",\"position\":1,\"name\":\"In\u00edcio\",\"item\":\"https:\/\/homolog.news.filmelier.com\/mx\/\"},{\"@type\":\"ListItem\",\"position\":2,\"name\":\"&#8216;Crep\u00fasculo&#8217;: \u00bfD\u00f3nde est\u00e1 el elenco de la saga hoy?\"}]},{\"@type\":\"WebSite\",\"@id\":\"https:\/\/homolog.news.filmelier.com\/mx\/#website\",\"url\":\"https:\/\/homolog.news.filmelier.com\/mx\/\",\"name\":\"Homolog Filmelier News Rankrup\",\"description\":\"\",\"publisher\":{\"@id\":\"https:\/\/homolog.news.filmelier.com\/mx\/#organization\"},\"potentialAction\":[{\"@type\":\"SearchAction\",\"target\":{\"@type\":\"EntryPoint\",\"urlTemplate\":\"https:\/\/homolog.news.filmelier.com\/mx\/?s={search_term_string}\"},\"query-input\":{\"@type\":\"PropertyValueSpecification\",\"valueRequired\":true,\"valueName\":\"search_term_string\"}}],\"inLanguage\":\"es\"},{\"@type\":\"Organization\",\"@id\":\"https:\/\/homolog.news.filmelier.com\/mx\/#organization\",\"name\":\"Homolog Filmelier News Rankrup\",\"url\":\"https:\/\/homolog.news.filmelier.com\/mx\/\",\"logo\":{\"@type\":\"ImageObject\",\"inLanguage\":\"es\",\"@id\":\"https:\/\/homolog.news.filmelier.com\/mx\/#\/schema\/logo\/image\/\",\"url\":\"https:\/\/news.filmelier.com\/wp-content\/uploads\/2024\/11\/Logo-News.png\",\"contentUrl\":\"https:\/\/news.filmelier.com\/wp-content\/uploads\/2024\/11\/Logo-News.png\",\"width\":460,\"height\":108,\"caption\":\"Homolog Filmelier News Rankrup\"},\"image\":{\"@id\":\"https:\/\/homolog.news.filmelier.com\/mx\/#\/schema\/logo\/image\/\"}},{\"@type\":\"Person\",\"@id\":\"https:\/\/homolog.news.filmelier.com\/mx\/#\/schema\/person\/b6689fa913d8b849cd7549503e6521cc\",\"name\":\"Vit\u00f3ria Pratini\",\"image\":{\"@type\":\"ImageObject\",\"inLanguage\":\"es\",\"@id\":\"https:\/\/homolog.news.filmelier.com\/mx\/#\/schema\/person\/image\/\",\"url\":\"https:\/\/secure.gravatar.com\/avatar\/93bc09f1ea8059e7f68ceebd457a04e75befce531605be9c8ad31127fed28a0d?s=96&d=mm&r=g\",\"contentUrl\":\"https:\/\/secure.gravatar.com\/avatar\/93bc09f1ea8059e7f68ceebd457a04e75befce531605be9c8ad31127fed28a0d?s=96&d=mm&r=g\",\"caption\":\"Vit\u00f3ria Pratini\"},\"description\":\"A critic and journalist specializing in films, series and pop culture since 2013, Vit\u00f3ria Pratini has had her articles published in AdoroCinema, IGN Brasil, Terra and MSN. During her career, she has covered audiovisual events, such as San Diego Comic-Con, CCXP, Festival do Rio and Pr\u00eamio Grande Otelo. She has served on festival juries and interviewed names such as Helen Mirren, Fernanda Torres, Gilberto Gil, Jude Law and Bryan Cranston. An SEO specialist, Vit\u00f3ria is currently a content strategist and reporter for Filmelier.\",\"sameAs\":[\"https:\/\/www.filmelier.com\/br\/autor\/vitoria-pratini\",\"https:\/\/www.instagram.com\/vitoriapratini\/\"],\"url\":\"https:\/\/news.filmelier.com\/mx\/author\/vitoria-pratini\/\"}]}<\/script>\n<!-- \/ Yoast SEO plugin. -->","yoast_head_json":{"title":"'Crep\u00fasculo': \u00bfD\u00f3nde est\u00e1 el elenco de la saga hoy?","description":"\u00bfD\u00f3nde est\u00e1n los actores y actrices de Crep\u00fasculo? \u00bfCu\u00e1les son sus nuevos proyectos? Descubre lo \u00faltimo de Kristen Stewart, Robert Pattinson, Taylor Lautner y m\u00e1s.","robots":{"index":"index","follow":"follow","max-snippet":"max-snippet:-1","max-image-preview":"max-image-preview:large","max-video-preview":"max-video-preview:-1"},"canonical":"https:\/\/news.filmelier.com\/mx\/saga-crepusculo-donde-esta-el-elenco\/","og_locale":"es_MX","og_type":"article","og_title":"'Crep\u00fasculo': \u00bfD\u00f3nde est\u00e1 el elenco de la saga hoy?","og_description":"\u00bfD\u00f3nde est\u00e1n los actores y actrices de Crep\u00fasculo? \u00bfCu\u00e1les son sus nuevos proyectos? Descubre lo \u00faltimo de Kristen Stewart, Robert Pattinson, Taylor Lautner y m\u00e1s.","og_url":"https:\/\/news.filmelier.com\/mx\/saga-crepusculo-donde-esta-el-elenco\/","og_site_name":"News Filmelier","article_published_time":"2024-04-18T23:34:47+00:00","article_modified_time":"2025-08-20T15:22:05+00:00","og_image":[{"width":800,"height":533,"url":"https:\/\/homolog.news.filmelier.com\/wp-content\/uploads\/2024\/04\/crepusculo-por-onde-anda-kristen-stewart.jpg","type":"image\/jpeg"}],"author":"Vit\u00f3ria Pratini","twitter_card":"summary_large_image","twitter_misc":{"Escrito por":"Vit\u00f3ria Pratini","Tiempo de lectura":"11 minutos"},"schema":{"@context":"https:\/\/schema.org","@graph":[{"@type":"Article","@id":"https:\/\/news.filmelier.com\/mx\/saga-crepusculo-donde-esta-el-elenco\/#article","isPartOf":{"@id":"https:\/\/news.filmelier.com\/mx\/saga-crepusculo-donde-esta-el-elenco\/"},"author":{"name":"Vit\u00f3ria Pratini","@id":"https:\/\/homolog.news.filmelier.com\/mx\/#\/schema\/person\/b6689fa913d8b849cd7549503e6521cc"},"headline":"&#8216;Crep\u00fasculo&#8217;: \u00bfD\u00f3nde est\u00e1 el elenco de la saga hoy?","datePublished":"2024-04-18T23:34:47+00:00","dateModified":"2025-08-20T15:22:05+00:00","mainEntityOfPage":{"@id":"https:\/\/news.filmelier.com\/mx\/saga-crepusculo-donde-esta-el-elenco\/"},"wordCount":1870,"publisher":{"@id":"https:\/\/homolog.news.filmelier.com\/mx\/#organization"},"image":{"@id":"https:\/\/news.filmelier.com\/mx\/saga-crepusculo-donde-esta-el-elenco\/#primaryimage"},"thumbnailUrl":"https:\/\/news.filmelier.com\/wp-content\/uploads\/2024\/04\/crepusculo-por-onde-anda-kristen-stewart.jpg","articleSection":["Cr\u00edtica","Pel\u00edculas"],"inLanguage":"es"},{"@type":"WebPage","@id":"https:\/\/news.filmelier.com\/mx\/saga-crepusculo-donde-esta-el-elenco\/","url":"https:\/\/news.filmelier.com\/mx\/saga-crepusculo-donde-esta-el-elenco\/","name":"'Crep\u00fasculo': \u00bfD\u00f3nde est\u00e1 el elenco de la saga hoy?","isPartOf":{"@id":"https:\/\/homolog.news.filmelier.com\/mx\/#website"},"primaryImageOfPage":{"@id":"https:\/\/news.filmelier.com\/mx\/saga-crepusculo-donde-esta-el-elenco\/#primaryimage"},"image":{"@id":"https:\/\/news.filmelier.com\/mx\/saga-crepusculo-donde-esta-el-elenco\/#primaryimage"},"thumbnailUrl":"https:\/\/news.filmelier.com\/wp-content\/uploads\/2024\/04\/crepusculo-por-onde-anda-kristen-stewart.jpg","datePublished":"2024-04-18T23:34:47+00:00","dateModified":"2025-08-20T15:22:05+00:00","description":"\u00bfD\u00f3nde est\u00e1n los actores y actrices de Crep\u00fasculo? \u00bfCu\u00e1les son sus nuevos proyectos? Descubre lo \u00faltimo de Kristen Stewart, Robert Pattinson, Taylor Lautner y m\u00e1s.","breadcrumb":{"@id":"https:\/\/news.filmelier.com\/mx\/saga-crepusculo-donde-esta-el-elenco\/#breadcrumb"},"inLanguage":"es","potentialAction":[{"@type":"ReadAction","target":["https:\/\/news.filmelier.com\/mx\/saga-crepusculo-donde-esta-el-elenco\/"]}]},{"@type":"ImageObject","inLanguage":"es","@id":"https:\/\/news.filmelier.com\/mx\/saga-crepusculo-donde-esta-el-elenco\/#primaryimage","url":"https:\/\/news.filmelier.com\/wp-content\/uploads\/2024\/04\/crepusculo-por-onde-anda-kristen-stewart.jpg","contentUrl":"https:\/\/news.filmelier.com\/wp-content\/uploads\/2024\/04\/crepusculo-por-onde-anda-kristen-stewart.jpg","width":800,"height":533,"caption":"Kristen Stewart: de Bella Swan a Love Lies Bleeding (Cr\u00e9dito: Peter Sorel\/Summit; Gp Images\/Getty; cortesia da People)"},{"@type":"BreadcrumbList","@id":"https:\/\/news.filmelier.com\/mx\/saga-crepusculo-donde-esta-el-elenco\/#breadcrumb","itemListElement":[{"@type":"ListItem","position":1,"name":"In\u00edcio","item":"https:\/\/homolog.news.filmelier.com\/mx\/"},{"@type":"ListItem","position":2,"name":"&#8216;Crep\u00fasculo&#8217;: \u00bfD\u00f3nde est\u00e1 el elenco de la saga hoy?"}]},{"@type":"WebSite","@id":"https:\/\/homolog.news.filmelier.com\/mx\/#website","url":"https:\/\/homolog.news.filmelier.com\/mx\/","name":"Homolog Filmelier News Rankrup","description":"","publisher":{"@id":"https:\/\/homolog.news.filmelier.com\/mx\/#organization"},"potentialAction":[{"@type":"SearchAction","target":{"@type":"EntryPoint","urlTemplate":"https:\/\/homolog.news.filmelier.com\/mx\/?s={search_term_string}"},"query-input":{"@type":"PropertyValueSpecification","valueRequired":true,"valueName":"search_term_string"}}],"inLanguage":"es"},{"@type":"Organization","@id":"https:\/\/homolog.news.filmelier.com\/mx\/#organization","name":"Homolog Filmelier News Rankrup","url":"https:\/\/homolog.news.filmelier.com\/mx\/","logo":{"@type":"ImageObject","inLanguage":"es","@id":"https:\/\/homolog.news.filmelier.com\/mx\/#\/schema\/logo\/image\/","url":"https:\/\/news.filmelier.com\/wp-content\/uploads\/2024\/11\/Logo-News.png","contentUrl":"https:\/\/news.filmelier.com\/wp-content\/uploads\/2024\/11\/Logo-News.png","width":460,"height":108,"caption":"Homolog Filmelier News Rankrup"},"image":{"@id":"https:\/\/homolog.news.filmelier.com\/mx\/#\/schema\/logo\/image\/"}},{"@type":"Person","@id":"https:\/\/homolog.news.filmelier.com\/mx\/#\/schema\/person\/b6689fa913d8b849cd7549503e6521cc","name":"Vit\u00f3ria Pratini","image":{"@type":"ImageObject","inLanguage":"es","@id":"https:\/\/homolog.news.filmelier.com\/mx\/#\/schema\/person\/image\/","url":"https:\/\/secure.gravatar.com\/avatar\/93bc09f1ea8059e7f68ceebd457a04e75befce531605be9c8ad31127fed28a0d?s=96&d=mm&r=g","contentUrl":"https:\/\/secure.gravatar.com\/avatar\/93bc09f1ea8059e7f68ceebd457a04e75befce531605be9c8ad31127fed28a0d?s=96&d=mm&r=g","caption":"Vit\u00f3ria Pratini"},"description":"A critic and journalist specializing in films, series and pop culture since 2013, Vit\u00f3ria Pratini has had her articles published in AdoroCinema, IGN Brasil, Terra and MSN. During her career, she has covered audiovisual events, such as San Diego Comic-Con, CCXP, Festival do Rio and Pr\u00eamio Grande Otelo. She has served on festival juries and interviewed names such as Helen Mirren, Fernanda Torres, Gilberto Gil, Jude Law and Bryan Cranston. An SEO specialist, Vit\u00f3ria is currently a content strategist and reporter for Filmelier.","sameAs":["https:\/\/www.filmelier.com\/br\/autor\/vitoria-pratini","https:\/\/www.instagram.com\/vitoriapratini\/"],"url":"https:\/\/news.filmelier.com\/mx\/author\/vitoria-pratini\/"}]}},"_links":{"self":[{"href":"https:\/\/news.filmelier.com\/mx\/wp-json\/wp\/v2\/posts\/56570","targetHints":{"allow":["GET"]}}],"collection":[{"href":"https:\/\/news.filmelier.com\/mx\/wp-json\/wp\/v2\/posts"}],"about":[{"href":"https:\/\/news.filmelier.com\/mx\/wp-json\/wp\/v2\/types\/post"}],"author":[{"embeddable":true,"href":"https:\/\/news.filmelier.com\/mx\/wp-json\/wp\/v2\/users\/11"}],"replies":[{"embeddable":true,"href":"https:\/\/news.filmelier.com\/mx\/wp-json\/wp\/v2\/comments?post=56570"}],"version-history":[{"count":3,"href":"https:\/\/news.filmelier.com\/mx\/wp-json\/wp\/v2\/posts\/56570\/revisions"}],"predecessor-version":[{"id":56712,"href":"https:\/\/news.filmelier.com\/mx\/wp-json\/wp\/v2\/posts\/56570\/revisions\/56712"}],"wp:featuredmedia":[{"embeddable":true,"href":"https:\/\/news.filmelier.com\/mx\/wp-json\/wp\/v2\/media\/56571"}],"wp:attachment":[{"href":"https:\/\/news.filmelier.com\/mx\/wp-json\/wp\/v2\/media?parent=56570"}],"wp:term":[{"taxonomy":"category","embeddable":true,"href":"https:\/\/news.filmelier.com\/mx\/wp-json\/wp\/v2\/categories?post=56570"},{"taxonomy":"post_tag","embeddable":true,"href":"https:\/\/news.filmelier.com\/mx\/wp-json\/wp\/v2\/tags?post=56570"}],"curies":[{"name":"wp","href":"https:\/\/api.w.org\/{rel}","templated":true}]}}