{"id":55494,"date":"2025-07-23T14:17:10","date_gmt":"2025-07-23T17:17:10","guid":{"rendered":"https:\/\/news.filmelier.com\/?p=55494"},"modified":"2025-07-23T14:33:47","modified_gmt":"2025-07-23T17:33:47","slug":"critica-los-4-fantasticos-pelicula","status":"publish","type":"post","link":"https:\/\/news.filmelier.com\/mx\/critica-los-4-fantasticos-pelicula\/","title":{"rendered":"Cr\u00edtica: \u2018Los 4 Fant\u00e1sticos: Primeros pasos\u2019 es avanzar sin progresar"},"content":{"rendered":"<p>A prop\u00f3sito de <i>Los <\/i><a href=\"https:\/\/www.filmelier.com\/mx\/peliculas\/28579\/los-4-fantasticos-primeros-pasos\" target=\"_blank\" rel=\"noopener\"><i>4 Fant\u00e1sticos: Primeros pasos<\/i><\/a> (<i>The Fantastic Four: First Steps<\/i>, Estados Unidos, 2025), vale la pena rescatar el concepto de retrotop\u00eda, expuesto por el soci\u00f3logo polaco <a href=\"https:\/\/www.amazon.com.mx\/Retrotop%C3%ADa-Zygmunt-Bauman\/dp\/6077473537\">Zygmunt Bauman en el libro hom\u00f3nimo<\/a>.<\/p>\n<ul>\n<li><strong>Te puede interesar:<a href=\"https:\/\/news.filmelier.com\/mx\/tudo-sobre-los-4-fantasticos\/\" target=\"_blank\" rel=\"noopener\"> <em>Los 4 Fant\u00e1sticos: Primeros pasos<\/em>: Conoce al elenco de la nueva pel\u00edcula de Marvel<\/a><\/strong><\/li>\n<\/ul>\n<p><iframe title=\"Los 4 Fant\u00e1sticos: Primeros Pasos | Tr\u00e1iler Oficial | Subtitulado\" width=\"800\" height=\"450\" src=\"https:\/\/www.youtube.com\/embed\/alkzc5_W5sw?feature=oembed\" frameborder=\"0\" allow=\"accelerometer; autoplay; clipboard-write; encrypted-media; gyroscope; picture-in-picture; web-share\" referrerpolicy=\"strict-origin-when-cross-origin\" allowfullscreen><\/iframe><\/p>\n<p>Proveniente de &#8220;retro&#8221; y &#8220;utop\u00eda&#8221;, podemos resumirlo de la siguiente manera: cuando en una sociedad el proyecto de futuro es fallido, desalentador o una franca imposibilidad, sus miembros tienden a mirar hacia las promesas del pasado \u2013a menudo idealizado o falsamente recordado\u2013 para encontrar el camino hacia adelante.<\/p>\n<p>O sea: todo era mejor antes, incluyendo nuestra idea de futuro en aquel entonces.<\/p>\n<p>Es un esp\u00edritu que puede observarse, en m\u00e1s de un sentido, en esta entrega del <a href=\"https:\/\/www.filmelier.com\/mx\/list\/el-universo-marvel\" target=\"_blank\" rel=\"noopener\">Universo Cinematogr\u00e1fico de Marvel<\/a> (UCM), que trae algo de frescura a la franquicia en el apartado visual, aunque se mantiene atorada en las mismas ideas.<\/p>\n<h2>\u00bfDe qu\u00e9 se trata?<\/h2>\n<p><i>Los 4 Fant\u00e1sticos: Primeros pasos<\/i> no se sit\u00faa dentro de la continuidad principal del UCM, sino en el universo paralelo conocido como Tierra 828. En este mundo, Reed Richards (<a href=\"https:\/\/www.filmelier.com\/mx\/list\/peliculas-de-pedro-pascal-ver-online\" target=\"_blank\" rel=\"noopener\">Pedro Pascal<\/a>), Susan Storm (Vanessa Kirby), Johnny Storm (Joseph Quinn) y Ben Grimm (Ebon Moss-Bachrach) fueron astronautas que, expuestos a una tormenta c\u00f3smica que les dio superpoderes, se han convertido en los l\u00edderes y defensores del planeta.<\/p>\n<p>Sus vidas dan un vuelco cuando Susan queda embarazada. Al mismo tiempo, aparece en la Tierra una figura misteriosa (Julia Garner) que augura la llegada de Galactus, el &#8220;devorador de planetas&#8221; (Ralph Ineson, aqu\u00ed desprovisto de toda su imponencia), presentando una amenaza existencial y el desaf\u00edo m\u00e1s grande para Reed, quien debe lidiar con el peso de salvar a la Tierra y la imprevisibilidad de ser padre.<\/p>\n<h2>La retrotop\u00eda de <i>Los 4 Fant\u00e1sticos<\/i><\/h2>\n<p>Un aspecto a destacar de <i>Los 4 Fant\u00e1sticos: Primeros pasos<\/i> es que el mundo alternativo en el que se sit\u00faa est\u00e1 inspirado en un retrofuturismo de los a\u00f1os 60. Los gadgets de esta Tierra, m\u00e1s que la avanzada nanotecnolog\u00eda de Tony Stark, se asemejan m\u00e1s a lo que utilizar\u00edan Los Supers\u00f3nicos con todo y su Robotina, H.E.R.B.I.E. Lo mismo puede decirse de los veh\u00edculos y hasta de la ropa.<\/p>\n<p>El dise\u00f1o de producci\u00f3n, vestuario y fotograf\u00eda de esta pel\u00edcula marca una de las pocas instancias en que el UCM no luce como una plasta gris\u00e1cea uniforme. M\u00e1s que un elogio, esto deber\u00eda ser el m\u00ednimo com\u00fan denominador para el cine de superh\u00e9roes. Esta es una pel\u00edcula que (casi siempre) se permite jugar con los aspectos m\u00e1s estrafalarios de sus personajes y su mundo, consiguiendo im\u00e1genes que evocan la extravagancia y colorido de los c\u00f3mics de la \u00e9poca. En ese sentido, no es tan distinta a su rival en cartelera, <a href=\"https:\/\/www.filmelier.com\/mx\/peliculas\/28404\/superman\" target=\"_blank\" rel=\"noopener\"><i>Superman<\/i><\/a> (EUA, 2025).<\/p>\n<ul>\n<li><strong>Lee tambi\u00e9n: <a href=\"https:\/\/news.filmelier.com\/mx\/los-4-fantasticos-escenas-postcreditos\/\" target=\"_blank\" rel=\"noopener\">\u00bfCu\u00e1les son las escenas post-cr\u00e9ditos de\u00a0<em>Los 4 Fant\u00e1sticos<\/em><\/a>?<\/strong><\/li>\n<\/ul>\n<figure id=\"attachment_55498\" aria-describedby=\"caption-attachment-55498\" style=\"width: 800px\" class=\"wp-caption alignnone\"><img fetchpriority=\"high\" decoding=\"async\" class=\"size-full wp-image-55498\" src=\"https:\/\/news.filmelier.com\/wp-content\/uploads\/2025\/07\/los-4-fantasticos-elenco.webp\" alt=\"Pedro Pascal, Vanessa Kirby, Ebon Moss-Bachrach y Joseph Quinn en una escena de 'Los 4 Fant\u00e1sticos: Primeros pasos'\" width=\"800\" height=\"450\" srcset=\"https:\/\/news.filmelier.com\/wp-content\/uploads\/2025\/07\/los-4-fantasticos-elenco.webp 800w, https:\/\/news.filmelier.com\/wp-content\/uploads\/2025\/07\/los-4-fantasticos-elenco-300x169.webp 300w, https:\/\/news.filmelier.com\/wp-content\/uploads\/2025\/07\/los-4-fantasticos-elenco-768x432.webp 768w, https:\/\/news.filmelier.com\/wp-content\/uploads\/2025\/07\/los-4-fantasticos-elenco-150x84.webp 150w\" sizes=\"(max-width: 800px) 100vw, 800px\" \/><figcaption id=\"caption-attachment-55498\" class=\"wp-caption-text\">El dise\u00f1o de producci\u00f3n evoca un idealismo retrofuturista (Cr\u00e9dito: Marvel Studios)<\/figcaption><\/figure>\n<p>Todo lo anterior ancla a <i>Los 4 Fant\u00e1sticos <\/i>tem\u00e1tica e ideol\u00f3gicamente en esos a\u00f1os: exuda el idealismo inocente \u2013blanqueado, quiz\u00e1\u2013 de la d\u00e9cada de la carrera espacial, cuando la fe en la ciencia ofrec\u00eda un esperanzador prospecto para el futuro (y un distractor de las problem\u00e1ticas sociales m\u00e1s urgentes en tierra). El sue\u00f1o de la utop\u00eda bajo la supremac\u00eda tecnol\u00f3gica estadounidense y el ideal normativo de familia es encarnado por estos cuatro personajes: son los l\u00edderes mundiales tecnocr\u00e1ticos, pero tambi\u00e9n proyectan a la sociedad un cierto ideal de familia y hero\u00edsmo.<\/p>\n<p>Lo cual resulta bastante ir\u00f3nico cuando Reed Richards es capaz de racionalizar y predecir los males m\u00e1s terribles en la oscuridad del infinito universo y hasta idear m\u00e9todos para contrarrestarlos, pero recae \u00fanicamente en la madre hacerse cargo del hijo. La pel\u00edcula incluso parece consciente de ello, pero s\u00f3lo se r\u00ede sin criticarlo en el fondo. Se requieren tres hombres con superpoderes para montar una sillita de beb\u00e9 en un auto, y una mujer para salvar el mundo con un ni\u00f1o a cuestas.<\/p>\n<h2>Al final, s\u00f3lo es m\u00e1s de lo mismo en Marvel<\/h2>\n<p>A pesar de una propuesta visual que aspira a un poco m\u00e1s de lo ya visto en el <a href=\"https:\/\/www.filmelier.com\/mx\/list\/el-universo-cinematografico-de-marvel\" target=\"_blank\" rel=\"noopener\">UCM<\/a>, <i>Los 4 Fant\u00e1sticos<\/i> termina igual de entorpecida que sus antecesoras por el peso de sus responsabilidades dentro de la franquicia. Hay que introducir demasiados personajes e ideas para insertarla dentro de la gran narrativa, obviando el desarrollo de lo que tenemos en el plato.<\/p>\n<p>La pel\u00edcula, de hecho, asume que ya conocemos a estos personajes, y opta por no contarnos una vez m\u00e1s la historia de origen. Hasta aqu\u00ed, quiz\u00e1 sea una sabia decisi\u00f3n, considerando que es la tercera iteraci\u00f3n cinematogr\u00e1fica de la franquicia en 20 a\u00f1os.<\/p>\n<p>Sin embargo, el cuarteto de guionistas (Josh Friedman, Eric Pearson, Jeff Kaplan e Ian Springer) tampoco ofrecen algo para anclarnos emocionalmente a sus protagonistas. Una breve introducci\u00f3n cargada de di\u00e1logo expositivo nos explica c\u00f3mo obtuvieron sus poderes, que ahora lideran a la humanidad, y listo. Quedamos varados con arquetipos de personajes mejor descritos como &#8220;el inteligente&#8221;, &#8220;el fuerte&#8221;, &#8220;el simp\u00e1tico&#8221; y &#8220;la mam\u00e1&#8221;.<\/p>\n<ul>\n<li><strong>Lee tambi\u00e9n: <a href=\"https:\/\/news.filmelier.com\/mx\/critica-superman-2025-james-gunn\/\" target=\"_blank\" rel=\"noopener\">Cr\u00edtica: <em>Superman<\/em> de James Gunn no te har\u00e1 creer que un hombre puede volar<\/a><\/strong><\/li>\n<\/ul>\n<figure id=\"attachment_55501\" aria-describedby=\"caption-attachment-55501\" style=\"width: 800px\" class=\"wp-caption alignnone\"><img decoding=\"async\" class=\"size-full wp-image-55501\" src=\"https:\/\/news.filmelier.com\/wp-content\/uploads\/2025\/07\/los-4-fantasticos-primeros-pasos.webp\" alt=\"Ebon Moss-Bachrach como La Mole en una escena de 'Los 4 Fant\u00e1sticos: Primeros pasos'\" width=\"800\" height=\"450\" srcset=\"https:\/\/news.filmelier.com\/wp-content\/uploads\/2025\/07\/los-4-fantasticos-primeros-pasos.webp 800w, https:\/\/news.filmelier.com\/wp-content\/uploads\/2025\/07\/los-4-fantasticos-primeros-pasos-300x169.webp 300w, https:\/\/news.filmelier.com\/wp-content\/uploads\/2025\/07\/los-4-fantasticos-primeros-pasos-768x432.webp 768w, https:\/\/news.filmelier.com\/wp-content\/uploads\/2025\/07\/los-4-fantasticos-primeros-pasos-150x84.webp 150w\" sizes=\"(max-width: 800px) 100vw, 800px\" \/><figcaption id=\"caption-attachment-55501\" class=\"wp-caption-text\">El elenco hace lo posible para que los personajes tengan algo de dimensi\u00f3n (Cr\u00e9dito: Marvel Studios)<\/figcaption><\/figure>\n<p>Pascal, Kirby, Quinn y Moss-Bachrach extraen toda la humanidad que pueden de lo poco que el gui\u00f3n les da (elogios especiales para este \u00faltimo, sepultado bajo capas de roca generadas por computadora), pero el hecho es que este cuarteto no tiene mucho que ofrecer m\u00e1s all\u00e1 de algunas bromas y miradas heroicas al horizonte. Pasada la primera hora, su encanto visual se diluye en una tediosa espera por el predecible enfrentamiento final.<\/p>\n<p><i>Los 4 Fant\u00e1sticos<\/i> tiene un dise\u00f1o de producci\u00f3n lo suficientemente por encima de la media de Marvel, como para permitirse ser tan aburrida. Y tan retrot\u00f3pica. En forma y contenido, es un decepcionante ejemplo del autoenga\u00f1o de mirar atr\u00e1s para ir hacia adelante, y de disfrazar el avance de progreso.<\/p>\n<p><a href=\"https:\/\/www.filmelier.com\/mx\/peliculas\/28579\/los-4-fantasticos-primeros-pasos\" target=\"_blank\" rel=\"noopener\"><strong><i>Los 4 Fant\u00e1sticos: Primeros pasos<\/i> ya est\u00e1 en salas de cine mexicanas.<\/strong><\/a><\/p>\n","protected":false},"excerpt":{"rendered":"<p>\u2018Los 4 Fant\u00e1sticos: Primeros pasos\u2019 trae frescura visual a Marvel Studios, pero la franquicia sigue atorada en las mismas ideas.<\/p>\n","protected":false},"author":20,"featured_media":55495,"comment_status":"open","ping_status":"open","sticky":false,"template":"","format":"standard","meta":{"_acf_changed":false,"footnotes":""},"categories":[5933,5931],"tags":[5947,6664,8153,8154,8073,5991,6098,5993,6496,5992,6000,7923],"class_list":["post-55494","post","type-post","status-publish","format-standard","has-post-thumbnail","hentry","category-critica-mx","category-peliculas-mx","tag-critica","tag-criticas","tag-ebon-moss-bachrach","tag-joseph-quinn","tag-los-4-fantasticos","tag-marvel","tag-marvel-studios","tag-mcu","tag-pedro-pascal","tag-ucm","tag-universo-cinematografico-marvel","tag-vanessa-kirby"],"acf":{"subtitulo":"\u2018Los 4 Fant\u00e1sticos: Primeros pasos\u2019 trae frescura visual a Marvel Studios, pero la franquicia sigue atorada en las mismas ideas.","id_ator":"nm0050959, nm3948952, nm0609114, nm4806449, nm0408591, nm3400186, nm0005169, nm3236159"},"yoast_head":"<!-- This site is optimized with the Yoast SEO plugin v26.1.1 - https:\/\/yoast.com\/wordpress\/plugins\/seo\/ -->\n<title>\u2018Los 4 Fant\u00e1sticos: Primeros pasos\u2019: cr\u00edtica de la pel\u00edcula - Filmelier<\/title>\n<meta name=\"description\" content=\"\u2018Los 4 Fant\u00e1sticos: Primeros pasos\u2019 trae frescura visual a Marvel Studios, pero la franquicia sigue atorada en las mismas ideas.\" \/>\n<meta name=\"robots\" content=\"index, follow, max-snippet:-1, max-image-preview:large, max-video-preview:-1\" \/>\n<link rel=\"canonical\" href=\"https:\/\/news.filmelier.com\/mx\/critica-los-4-fantasticos-pelicula\/\" \/>\n<meta property=\"og:locale\" content=\"es_MX\" \/>\n<meta property=\"og:type\" content=\"article\" \/>\n<meta property=\"og:title\" content=\"\u2018Los 4 Fant\u00e1sticos: Primeros pasos\u2019: cr\u00edtica de la pel\u00edcula - Filmelier\" \/>\n<meta property=\"og:description\" content=\"\u2018Los 4 Fant\u00e1sticos: Primeros pasos\u2019 trae frescura visual a Marvel Studios, pero la franquicia sigue atorada en las mismas ideas.\" \/>\n<meta property=\"og:url\" content=\"https:\/\/news.filmelier.com\/mx\/critica-los-4-fantasticos-pelicula\/\" \/>\n<meta property=\"og:site_name\" content=\"News Filmelier\" \/>\n<meta property=\"article:published_time\" content=\"2025-07-23T17:17:10+00:00\" \/>\n<meta property=\"article:modified_time\" content=\"2025-07-23T17:33:47+00:00\" \/>\n<meta property=\"og:image\" content=\"https:\/\/homolog.news.filmelier.com\/wp-content\/uploads\/2025\/07\/critica-los-4-fantasticos-pelicula.webp\" \/>\n\t<meta property=\"og:image:width\" content=\"800\" \/>\n\t<meta property=\"og:image:height\" content=\"450\" \/>\n\t<meta property=\"og:image:type\" content=\"image\/webp\" \/>\n<meta name=\"author\" content=\"Lalo Ortega\" \/>\n<meta name=\"twitter:card\" content=\"summary_large_image\" \/>\n<meta name=\"twitter:label1\" content=\"Escrito por\" \/>\n\t<meta name=\"twitter:data1\" content=\"Lalo Ortega\" \/>\n\t<meta name=\"twitter:label2\" content=\"Tiempo de lectura\" \/>\n\t<meta name=\"twitter:data2\" content=\"6 minutos\" \/>\n<script type=\"application\/ld+json\" class=\"yoast-schema-graph\">{\"@context\":\"https:\/\/schema.org\",\"@graph\":[{\"@type\":\"Article\",\"@id\":\"https:\/\/news.filmelier.com\/mx\/critica-los-4-fantasticos-pelicula\/#article\",\"isPartOf\":{\"@id\":\"https:\/\/news.filmelier.com\/mx\/critica-los-4-fantasticos-pelicula\/\"},\"author\":{\"name\":\"Lalo Ortega\",\"@id\":\"https:\/\/homolog.news.filmelier.com\/mx\/#\/schema\/person\/bc393b46ea1d056e9889f90b246255ee\"},\"headline\":\"Cr\u00edtica: \u2018Los 4 Fant\u00e1sticos: Primeros pasos\u2019 es avanzar sin progresar\",\"datePublished\":\"2025-07-23T17:17:10+00:00\",\"dateModified\":\"2025-07-23T17:33:47+00:00\",\"mainEntityOfPage\":{\"@id\":\"https:\/\/news.filmelier.com\/mx\/critica-los-4-fantasticos-pelicula\/\"},\"wordCount\":1125,\"commentCount\":0,\"publisher\":{\"@id\":\"https:\/\/homolog.news.filmelier.com\/mx\/#organization\"},\"image\":{\"@id\":\"https:\/\/news.filmelier.com\/mx\/critica-los-4-fantasticos-pelicula\/#primaryimage\"},\"thumbnailUrl\":\"https:\/\/news.filmelier.com\/wp-content\/uploads\/2025\/07\/critica-los-4-fantasticos-pelicula.webp\",\"keywords\":[\"critica\",\"cr\u00edticas\",\"Ebon Moss-Bachrach\",\"Joseph Quinn\",\"Los 4 Fant\u00e1sticos\",\"Marvel\",\"Marvel Studios\",\"MCU\",\"Pedro Pascal\",\"UCM\",\"Universo Cinematogr\u00e1fico Marvel\",\"Vanessa Kirby\"],\"articleSection\":[\"Cr\u00edtica\",\"Pel\u00edculas\"],\"inLanguage\":\"es\",\"potentialAction\":[{\"@type\":\"CommentAction\",\"name\":\"Comment\",\"target\":[\"https:\/\/news.filmelier.com\/mx\/critica-los-4-fantasticos-pelicula\/#respond\"]}]},{\"@type\":\"WebPage\",\"@id\":\"https:\/\/news.filmelier.com\/mx\/critica-los-4-fantasticos-pelicula\/\",\"url\":\"https:\/\/news.filmelier.com\/mx\/critica-los-4-fantasticos-pelicula\/\",\"name\":\"\u2018Los 4 Fant\u00e1sticos: Primeros pasos\u2019: cr\u00edtica de la pel\u00edcula - Filmelier\",\"isPartOf\":{\"@id\":\"https:\/\/homolog.news.filmelier.com\/mx\/#website\"},\"primaryImageOfPage\":{\"@id\":\"https:\/\/news.filmelier.com\/mx\/critica-los-4-fantasticos-pelicula\/#primaryimage\"},\"image\":{\"@id\":\"https:\/\/news.filmelier.com\/mx\/critica-los-4-fantasticos-pelicula\/#primaryimage\"},\"thumbnailUrl\":\"https:\/\/news.filmelier.com\/wp-content\/uploads\/2025\/07\/critica-los-4-fantasticos-pelicula.webp\",\"datePublished\":\"2025-07-23T17:17:10+00:00\",\"dateModified\":\"2025-07-23T17:33:47+00:00\",\"description\":\"\u2018Los 4 Fant\u00e1sticos: Primeros pasos\u2019 trae frescura visual a Marvel Studios, pero la franquicia sigue atorada en las mismas ideas.\",\"breadcrumb\":{\"@id\":\"https:\/\/news.filmelier.com\/mx\/critica-los-4-fantasticos-pelicula\/#breadcrumb\"},\"inLanguage\":\"es\",\"potentialAction\":[{\"@type\":\"ReadAction\",\"target\":[\"https:\/\/news.filmelier.com\/mx\/critica-los-4-fantasticos-pelicula\/\"]}]},{\"@type\":\"ImageObject\",\"inLanguage\":\"es\",\"@id\":\"https:\/\/news.filmelier.com\/mx\/critica-los-4-fantasticos-pelicula\/#primaryimage\",\"url\":\"https:\/\/news.filmelier.com\/wp-content\/uploads\/2025\/07\/critica-los-4-fantasticos-pelicula.webp\",\"contentUrl\":\"https:\/\/news.filmelier.com\/wp-content\/uploads\/2025\/07\/critica-los-4-fantasticos-pelicula.webp\",\"width\":800,\"height\":450,\"caption\":\"(Cr\u00e9dito: Marvel Studios)\"},{\"@type\":\"BreadcrumbList\",\"@id\":\"https:\/\/news.filmelier.com\/mx\/critica-los-4-fantasticos-pelicula\/#breadcrumb\",\"itemListElement\":[{\"@type\":\"ListItem\",\"position\":1,\"name\":\"In\u00edcio\",\"item\":\"https:\/\/homolog.news.filmelier.com\/mx\/\"},{\"@type\":\"ListItem\",\"position\":2,\"name\":\"Cr\u00edtica: \u2018Los 4 Fant\u00e1sticos: Primeros pasos\u2019 es avanzar sin progresar\"}]},{\"@type\":\"WebSite\",\"@id\":\"https:\/\/homolog.news.filmelier.com\/mx\/#website\",\"url\":\"https:\/\/homolog.news.filmelier.com\/mx\/\",\"name\":\"Homolog Filmelier News Rankrup\",\"description\":\"\",\"publisher\":{\"@id\":\"https:\/\/homolog.news.filmelier.com\/mx\/#organization\"},\"potentialAction\":[{\"@type\":\"SearchAction\",\"target\":{\"@type\":\"EntryPoint\",\"urlTemplate\":\"https:\/\/homolog.news.filmelier.com\/mx\/?s={search_term_string}\"},\"query-input\":{\"@type\":\"PropertyValueSpecification\",\"valueRequired\":true,\"valueName\":\"search_term_string\"}}],\"inLanguage\":\"es\"},{\"@type\":\"Organization\",\"@id\":\"https:\/\/homolog.news.filmelier.com\/mx\/#organization\",\"name\":\"Homolog Filmelier News Rankrup\",\"url\":\"https:\/\/homolog.news.filmelier.com\/mx\/\",\"logo\":{\"@type\":\"ImageObject\",\"inLanguage\":\"es\",\"@id\":\"https:\/\/homolog.news.filmelier.com\/mx\/#\/schema\/logo\/image\/\",\"url\":\"https:\/\/news.filmelier.com\/wp-content\/uploads\/2024\/11\/Logo-News.png\",\"contentUrl\":\"https:\/\/news.filmelier.com\/wp-content\/uploads\/2024\/11\/Logo-News.png\",\"width\":460,\"height\":108,\"caption\":\"Homolog Filmelier News Rankrup\"},\"image\":{\"@id\":\"https:\/\/homolog.news.filmelier.com\/mx\/#\/schema\/logo\/image\/\"}},{\"@type\":\"Person\",\"@id\":\"https:\/\/homolog.news.filmelier.com\/mx\/#\/schema\/person\/bc393b46ea1d056e9889f90b246255ee\",\"name\":\"Lalo Ortega\",\"image\":{\"@type\":\"ImageObject\",\"inLanguage\":\"es\",\"@id\":\"https:\/\/homolog.news.filmelier.com\/mx\/#\/schema\/person\/image\/\",\"url\":\"https:\/\/secure.gravatar.com\/avatar\/f3157eaf8168f3d46d009a8fc239950bcf17063f8b0138c7c844307471672d86?s=96&d=mm&r=g\",\"contentUrl\":\"https:\/\/secure.gravatar.com\/avatar\/f3157eaf8168f3d46d009a8fc239950bcf17063f8b0138c7c844307471672d86?s=96&d=mm&r=g\",\"caption\":\"Lalo Ortega\"},\"description\":\"Lalo Ortega is a Mexican film critic. He has written for publications such as EMPIRE en espa\u00f1ol, Cine PREMIERE, La Estatuilla and more. He is currently the editor-in-chief of Filmelier.\",\"url\":\"https:\/\/news.filmelier.com\/mx\/author\/lalo\/\"}]}<\/script>\n<!-- \/ Yoast SEO plugin. -->","yoast_head_json":{"title":"\u2018Los 4 Fant\u00e1sticos: Primeros pasos\u2019: cr\u00edtica de la pel\u00edcula - Filmelier","description":"\u2018Los 4 Fant\u00e1sticos: Primeros pasos\u2019 trae frescura visual a Marvel Studios, pero la franquicia sigue atorada en las mismas ideas.","robots":{"index":"index","follow":"follow","max-snippet":"max-snippet:-1","max-image-preview":"max-image-preview:large","max-video-preview":"max-video-preview:-1"},"canonical":"https:\/\/news.filmelier.com\/mx\/critica-los-4-fantasticos-pelicula\/","og_locale":"es_MX","og_type":"article","og_title":"\u2018Los 4 Fant\u00e1sticos: Primeros pasos\u2019: cr\u00edtica de la pel\u00edcula - Filmelier","og_description":"\u2018Los 4 Fant\u00e1sticos: Primeros pasos\u2019 trae frescura visual a Marvel Studios, pero la franquicia sigue atorada en las mismas ideas.","og_url":"https:\/\/news.filmelier.com\/mx\/critica-los-4-fantasticos-pelicula\/","og_site_name":"News Filmelier","article_published_time":"2025-07-23T17:17:10+00:00","article_modified_time":"2025-07-23T17:33:47+00:00","og_image":[{"width":800,"height":450,"url":"https:\/\/homolog.news.filmelier.com\/wp-content\/uploads\/2025\/07\/critica-los-4-fantasticos-pelicula.webp","type":"image\/webp"}],"author":"Lalo Ortega","twitter_card":"summary_large_image","twitter_misc":{"Escrito por":"Lalo Ortega","Tiempo de lectura":"6 minutos"},"schema":{"@context":"https:\/\/schema.org","@graph":[{"@type":"Article","@id":"https:\/\/news.filmelier.com\/mx\/critica-los-4-fantasticos-pelicula\/#article","isPartOf":{"@id":"https:\/\/news.filmelier.com\/mx\/critica-los-4-fantasticos-pelicula\/"},"author":{"name":"Lalo Ortega","@id":"https:\/\/homolog.news.filmelier.com\/mx\/#\/schema\/person\/bc393b46ea1d056e9889f90b246255ee"},"headline":"Cr\u00edtica: \u2018Los 4 Fant\u00e1sticos: Primeros pasos\u2019 es avanzar sin progresar","datePublished":"2025-07-23T17:17:10+00:00","dateModified":"2025-07-23T17:33:47+00:00","mainEntityOfPage":{"@id":"https:\/\/news.filmelier.com\/mx\/critica-los-4-fantasticos-pelicula\/"},"wordCount":1125,"commentCount":0,"publisher":{"@id":"https:\/\/homolog.news.filmelier.com\/mx\/#organization"},"image":{"@id":"https:\/\/news.filmelier.com\/mx\/critica-los-4-fantasticos-pelicula\/#primaryimage"},"thumbnailUrl":"https:\/\/news.filmelier.com\/wp-content\/uploads\/2025\/07\/critica-los-4-fantasticos-pelicula.webp","keywords":["critica","cr\u00edticas","Ebon Moss-Bachrach","Joseph Quinn","Los 4 Fant\u00e1sticos","Marvel","Marvel Studios","MCU","Pedro Pascal","UCM","Universo Cinematogr\u00e1fico Marvel","Vanessa Kirby"],"articleSection":["Cr\u00edtica","Pel\u00edculas"],"inLanguage":"es","potentialAction":[{"@type":"CommentAction","name":"Comment","target":["https:\/\/news.filmelier.com\/mx\/critica-los-4-fantasticos-pelicula\/#respond"]}]},{"@type":"WebPage","@id":"https:\/\/news.filmelier.com\/mx\/critica-los-4-fantasticos-pelicula\/","url":"https:\/\/news.filmelier.com\/mx\/critica-los-4-fantasticos-pelicula\/","name":"\u2018Los 4 Fant\u00e1sticos: Primeros pasos\u2019: cr\u00edtica de la pel\u00edcula - Filmelier","isPartOf":{"@id":"https:\/\/homolog.news.filmelier.com\/mx\/#website"},"primaryImageOfPage":{"@id":"https:\/\/news.filmelier.com\/mx\/critica-los-4-fantasticos-pelicula\/#primaryimage"},"image":{"@id":"https:\/\/news.filmelier.com\/mx\/critica-los-4-fantasticos-pelicula\/#primaryimage"},"thumbnailUrl":"https:\/\/news.filmelier.com\/wp-content\/uploads\/2025\/07\/critica-los-4-fantasticos-pelicula.webp","datePublished":"2025-07-23T17:17:10+00:00","dateModified":"2025-07-23T17:33:47+00:00","description":"\u2018Los 4 Fant\u00e1sticos: Primeros pasos\u2019 trae frescura visual a Marvel Studios, pero la franquicia sigue atorada en las mismas ideas.","breadcrumb":{"@id":"https:\/\/news.filmelier.com\/mx\/critica-los-4-fantasticos-pelicula\/#breadcrumb"},"inLanguage":"es","potentialAction":[{"@type":"ReadAction","target":["https:\/\/news.filmelier.com\/mx\/critica-los-4-fantasticos-pelicula\/"]}]},{"@type":"ImageObject","inLanguage":"es","@id":"https:\/\/news.filmelier.com\/mx\/critica-los-4-fantasticos-pelicula\/#primaryimage","url":"https:\/\/news.filmelier.com\/wp-content\/uploads\/2025\/07\/critica-los-4-fantasticos-pelicula.webp","contentUrl":"https:\/\/news.filmelier.com\/wp-content\/uploads\/2025\/07\/critica-los-4-fantasticos-pelicula.webp","width":800,"height":450,"caption":"(Cr\u00e9dito: Marvel Studios)"},{"@type":"BreadcrumbList","@id":"https:\/\/news.filmelier.com\/mx\/critica-los-4-fantasticos-pelicula\/#breadcrumb","itemListElement":[{"@type":"ListItem","position":1,"name":"In\u00edcio","item":"https:\/\/homolog.news.filmelier.com\/mx\/"},{"@type":"ListItem","position":2,"name":"Cr\u00edtica: \u2018Los 4 Fant\u00e1sticos: Primeros pasos\u2019 es avanzar sin progresar"}]},{"@type":"WebSite","@id":"https:\/\/homolog.news.filmelier.com\/mx\/#website","url":"https:\/\/homolog.news.filmelier.com\/mx\/","name":"Homolog Filmelier News Rankrup","description":"","publisher":{"@id":"https:\/\/homolog.news.filmelier.com\/mx\/#organization"},"potentialAction":[{"@type":"SearchAction","target":{"@type":"EntryPoint","urlTemplate":"https:\/\/homolog.news.filmelier.com\/mx\/?s={search_term_string}"},"query-input":{"@type":"PropertyValueSpecification","valueRequired":true,"valueName":"search_term_string"}}],"inLanguage":"es"},{"@type":"Organization","@id":"https:\/\/homolog.news.filmelier.com\/mx\/#organization","name":"Homolog Filmelier News Rankrup","url":"https:\/\/homolog.news.filmelier.com\/mx\/","logo":{"@type":"ImageObject","inLanguage":"es","@id":"https:\/\/homolog.news.filmelier.com\/mx\/#\/schema\/logo\/image\/","url":"https:\/\/news.filmelier.com\/wp-content\/uploads\/2024\/11\/Logo-News.png","contentUrl":"https:\/\/news.filmelier.com\/wp-content\/uploads\/2024\/11\/Logo-News.png","width":460,"height":108,"caption":"Homolog Filmelier News Rankrup"},"image":{"@id":"https:\/\/homolog.news.filmelier.com\/mx\/#\/schema\/logo\/image\/"}},{"@type":"Person","@id":"https:\/\/homolog.news.filmelier.com\/mx\/#\/schema\/person\/bc393b46ea1d056e9889f90b246255ee","name":"Lalo Ortega","image":{"@type":"ImageObject","inLanguage":"es","@id":"https:\/\/homolog.news.filmelier.com\/mx\/#\/schema\/person\/image\/","url":"https:\/\/secure.gravatar.com\/avatar\/f3157eaf8168f3d46d009a8fc239950bcf17063f8b0138c7c844307471672d86?s=96&d=mm&r=g","contentUrl":"https:\/\/secure.gravatar.com\/avatar\/f3157eaf8168f3d46d009a8fc239950bcf17063f8b0138c7c844307471672d86?s=96&d=mm&r=g","caption":"Lalo Ortega"},"description":"Lalo Ortega is a Mexican film critic. He has written for publications such as EMPIRE en espa\u00f1ol, Cine PREMIERE, La Estatuilla and more. He is currently the editor-in-chief of Filmelier.","url":"https:\/\/news.filmelier.com\/mx\/author\/lalo\/"}]}},"_links":{"self":[{"href":"https:\/\/news.filmelier.com\/mx\/wp-json\/wp\/v2\/posts\/55494","targetHints":{"allow":["GET"]}}],"collection":[{"href":"https:\/\/news.filmelier.com\/mx\/wp-json\/wp\/v2\/posts"}],"about":[{"href":"https:\/\/news.filmelier.com\/mx\/wp-json\/wp\/v2\/types\/post"}],"author":[{"embeddable":true,"href":"https:\/\/news.filmelier.com\/mx\/wp-json\/wp\/v2\/users\/20"}],"replies":[{"embeddable":true,"href":"https:\/\/news.filmelier.com\/mx\/wp-json\/wp\/v2\/comments?post=55494"}],"version-history":[{"count":3,"href":"https:\/\/news.filmelier.com\/mx\/wp-json\/wp\/v2\/posts\/55494\/revisions"}],"predecessor-version":[{"id":55506,"href":"https:\/\/news.filmelier.com\/mx\/wp-json\/wp\/v2\/posts\/55494\/revisions\/55506"}],"wp:featuredmedia":[{"embeddable":true,"href":"https:\/\/news.filmelier.com\/mx\/wp-json\/wp\/v2\/media\/55495"}],"wp:attachment":[{"href":"https:\/\/news.filmelier.com\/mx\/wp-json\/wp\/v2\/media?parent=55494"}],"wp:term":[{"taxonomy":"category","embeddable":true,"href":"https:\/\/news.filmelier.com\/mx\/wp-json\/wp\/v2\/categories?post=55494"},{"taxonomy":"post_tag","embeddable":true,"href":"https:\/\/news.filmelier.com\/mx\/wp-json\/wp\/v2\/tags?post=55494"}],"curies":[{"name":"wp","href":"https:\/\/api.w.org\/{rel}","templated":true}]}}