{"id":55461,"date":"2025-07-22T14:39:24","date_gmt":"2025-07-22T17:39:24","guid":{"rendered":"https:\/\/news.filmelier.com\/quarteto-fantastico-cenas-pos-credito\/"},"modified":"2025-07-22T14:48:47","modified_gmt":"2025-07-22T17:48:47","slug":"los-4-fantasticos-escenas-postcreditos","status":"publish","type":"post","link":"https:\/\/news.filmelier.com\/mx\/los-4-fantasticos-escenas-postcreditos\/","title":{"rendered":"&#8216;Los 4 Fant\u00e1sticos: Primeros Pasos&#8217;: \u00bfCu\u00e1les son las escenas postcr\u00e9ditos de la pel\u00edcula?"},"content":{"rendered":"<p><a href=\"https:\/\/www.filmelier.com\/br\/filmes\/28578\/quarteto-fantastico-primeiros-passos\"><strong>La nueva pel\u00edcula de Los 4 Fant\u00e1sticos<\/strong><\/a>, que marca el regreso de la Primera Familia de Marvel a la pantalla grande bajo el sello de Marvel Studios, finalmente lleg\u00f3 a los cines este jueves 24 de julio. Y, claro, muchos fans se preguntan: \u00bfhay <strong>escenas postcr\u00e9ditos despu\u00e9s del final de la historia<\/strong>?<\/p>\n<ul>\n<li><strong>Lee tambi\u00e9n:\u00a0<a href=\"https:\/\/news.filmelier.com\/mx\/critica-se-lo-que-hicieron-el-verano-pasado-2025\/\">Cr\u00edtica: \u2018S\u00e9 lo que hicieron el verano pasado\u2019 sigue a la sombra de \u2018Scream\u2019<\/a><\/strong><\/li>\n<\/ul>\n<p>La <strong>respuesta es s\u00ed<\/strong>. La pel\u00edcula incluye dos escenas postcr\u00e9ditos que seguramente emocionar\u00e1n al p\u00fablico para lo que viene en el MCU.<\/p>\n<figure id=\"attachment_55448\" aria-describedby=\"caption-attachment-55448\" style=\"width: 1006px\" class=\"wp-caption alignnone\"><img fetchpriority=\"high\" decoding=\"async\" class=\" wp-image-55448\" src=\"https:\/\/news.filmelier.com\/wp-content\/uploads\/2025\/07\/quarteto2-editado-300x170.webp\" alt=\"Pedro Pascal no encuentra el tono de Reed Richards en 'Los 4 Fant\u00e1sticos: Primeros Pasos' (Cr\u00e9dito: Marvel Studios)\" width=\"1006\" height=\"570\" srcset=\"https:\/\/news.filmelier.com\/wp-content\/uploads\/2025\/07\/quarteto2-editado-300x170.webp 300w, https:\/\/news.filmelier.com\/wp-content\/uploads\/2025\/07\/quarteto2-editado-768x436.webp 768w, https:\/\/news.filmelier.com\/wp-content\/uploads\/2025\/07\/quarteto2-editado-150x85.webp 150w, https:\/\/news.filmelier.com\/wp-content\/uploads\/2025\/07\/quarteto2-editado.webp 800w\" sizes=\"(max-width: 1006px) 100vw, 1006px\" \/><figcaption id=\"caption-attachment-55448\" class=\"wp-caption-text\"><em>Pedro Pascal es Reed Richards en &#8216;Los 4 Fant\u00e1sticos: Primeros Pasos&#8217; (Cr\u00e9dito: Marvel Studios)<\/em><\/figcaption><\/figure>\n<h2>Todo sobre las escenas postcr\u00e9ditos de <em>Los 4 Fant\u00e1sticos: Primeros Pasos<\/em><\/h2>\n<p>La <strong>primera escena<\/strong> presenta un momento tenso y revelador: Sue Storm deja a su hijo Franklin en la sala y, al regresar, encuentra al ni\u00f1o en manos del temido Doctor Doom.<\/p>\n<p>En la secuencia se construye con misterio, sin revelar el rostro del ic\u00f3nico villano de Marvel \u2014 quien, como ya se ha revelado, ser\u00e1 interpretado por Robert Downey Jr., que regresa al MCU en un papel completamente distinto al de Tony Stark\/Iron Man.<\/p>\n<p>La <strong>segunda escena<\/strong> tiene un tono m\u00e1s nost\u00e1lgico y divertido: una televisi\u00f3n muestra escenas de la cl\u00e1sica serie animada de Los 4 Fant\u00e1sticos, creando una conexi\u00f3n emocional con los fans de toda la vida y celebrando la rica historia de estos h\u00e9roes en la cultura pop.<\/p>\n<p><iframe title=\"Los 4 Fant\u00e1sticos: Primeros Pasos | Tr\u00e1iler Oficial Subtitulado\" width=\"800\" height=\"450\" src=\"https:\/\/www.youtube.com\/embed\/f4yzurCjyPQ?feature=oembed\" frameborder=\"0\" allow=\"accelerometer; autoplay; clipboard-write; encrypted-media; gyroscope; picture-in-picture; web-share\" referrerpolicy=\"strict-origin-when-cross-origin\" allowfullscreen><\/iframe><\/p>\n<h2>Todo sobre <em>Los 4 Fant\u00e1sticos: Primeros Pasos<\/em><\/h2>\n<p>Dirigida por Matt Shakman, <em>Los 4 Fant\u00e1sticos: Primeros Pasos<\/em> es la primera pel\u00edcula del universo Marvel Studios. Est\u00e1 ambientada completamente en una realidad alternativa, con un enfoque que mezcla ciencia ficci\u00f3n, drama familiar y aventura c\u00f3smica.<\/p>\n<p>Reed, Sue, Johnny y Ben se presentan como h\u00e9roes que equilibran sus poderes con la vida en grupo. La propuesta busca rescatar la esencia de los c\u00f3mics originales de Stan Lee y Jack Kirby. Para ello, presenta a los personajes en un universo retrofuturista que permite mayor libertad creativa.<\/p>\n<p>En el papel principal, Pedro Pascal se pone el traje de Mr. Fant\u00e1stico, mientras que Vanessa Kirby interpreta a la poderosa Mujer Invisible. El elenco tambi\u00e9n incluye a Joseph Quinn como la Antorcha Humana y a Ebon Moss-Bachrach como la Mole. Adem\u00e1s, Julia Garner da vida a una versi\u00f3n femenina de Silver Surfer, y Ralph Ineson interpreta al temible Galactus.<\/p>\n","protected":false},"excerpt":{"rendered":"<p>Una de las pel\u00edculas m\u00e1s esperadas de 2025, &#8216;Los 4 Fant\u00e1sticos: Primeros Pasos&#8217; incluye dos escenas postcr\u00e9ditos; descubre todos los detalles<\/p>\n","protected":false},"author":21,"featured_media":55450,"comment_status":"open","ping_status":"open","sticky":false,"template":"","format":"standard","meta":{"_acf_changed":false,"footnotes":""},"categories":[5933,5931],"tags":[8073,6098],"class_list":["post-55461","post","type-post","status-publish","format-standard","has-post-thumbnail","hentry","category-critica-mx","category-peliculas-mx","tag-los-4-fantasticos","tag-marvel-studios"],"acf":{"subtitulo":"Una de las pel\u00edculas m\u00e1s esperadas de 2025, 'Los 4 Fant\u00e1sticos: Primeros Pasos' incluye dos escenas postcr\u00e9ditos; descubre todos los detalles","id_ator":""},"yoast_head":"<!-- This site is optimized with the Yoast SEO plugin v26.1.1 - https:\/\/yoast.com\/wordpress\/plugins\/seo\/ -->\n<title>&#039;Los 4 Fant\u00e1sticos: Primeros Pasos&#039;: \u00bfCu\u00e1les son las escenas postcr\u00e9ditos de la pel\u00edcula? - News Filmelier<\/title>\n<meta name=\"description\" content=\"Una de las pel\u00edculas m\u00e1s esperadas de 2025, &#039;Los 4 Fant\u00e1sticos: Primeros Pasos&#039; incluye dos escenas postcr\u00e9ditos; descubre todos los detalles\" \/>\n<meta name=\"robots\" content=\"index, follow, max-snippet:-1, max-image-preview:large, max-video-preview:-1\" \/>\n<link rel=\"canonical\" href=\"https:\/\/news.filmelier.com\/mx\/los-4-fantasticos-escenas-postcreditos\/\" \/>\n<meta property=\"og:locale\" content=\"es_MX\" \/>\n<meta property=\"og:type\" content=\"article\" \/>\n<meta property=\"og:title\" content=\"&#039;Los 4 Fant\u00e1sticos: Primeros Pasos&#039;: \u00bfCu\u00e1les son las escenas postcr\u00e9ditos de la pel\u00edcula? - News Filmelier\" \/>\n<meta property=\"og:description\" content=\"Una de las pel\u00edculas m\u00e1s esperadas de 2025, &#039;Los 4 Fant\u00e1sticos: Primeros Pasos&#039; incluye dos escenas postcr\u00e9ditos; descubre todos los detalles\" \/>\n<meta property=\"og:url\" content=\"https:\/\/news.filmelier.com\/mx\/los-4-fantasticos-escenas-postcreditos\/\" \/>\n<meta property=\"og:site_name\" content=\"News Filmelier\" \/>\n<meta property=\"article:published_time\" content=\"2025-07-22T17:39:24+00:00\" \/>\n<meta property=\"article:modified_time\" content=\"2025-07-22T17:48:47+00:00\" \/>\n<meta property=\"og:image\" content=\"https:\/\/homolog.news.filmelier.com\/wp-content\/uploads\/2025\/07\/quarteto2-editado.webp\" \/>\n\t<meta property=\"og:image:width\" content=\"800\" \/>\n\t<meta property=\"og:image:height\" content=\"454\" \/>\n\t<meta property=\"og:image:type\" content=\"image\/webp\" \/>\n<meta name=\"author\" content=\"Matheus Mans\" \/>\n<meta name=\"twitter:card\" content=\"summary_large_image\" \/>\n<meta name=\"twitter:label1\" content=\"Escrito por\" \/>\n\t<meta name=\"twitter:data1\" content=\"Matheus Mans\" \/>\n\t<meta name=\"twitter:label2\" content=\"Tiempo de lectura\" \/>\n\t<meta name=\"twitter:data2\" content=\"3 minutos\" \/>\n<script type=\"application\/ld+json\" class=\"yoast-schema-graph\">{\"@context\":\"https:\/\/schema.org\",\"@graph\":[{\"@type\":\"Article\",\"@id\":\"https:\/\/news.filmelier.com\/mx\/los-4-fantasticos-escenas-postcreditos\/#article\",\"isPartOf\":{\"@id\":\"https:\/\/news.filmelier.com\/mx\/los-4-fantasticos-escenas-postcreditos\/\"},\"author\":{\"name\":\"Matheus Mans\",\"@id\":\"https:\/\/homolog.news.filmelier.com\/mx\/#\/schema\/person\/bed674124135ac4309c6d6286a06b8d2\"},\"headline\":\"&#8216;Los 4 Fant\u00e1sticos: Primeros Pasos&#8217;: \u00bfCu\u00e1les son las escenas postcr\u00e9ditos de la pel\u00edcula?\",\"datePublished\":\"2025-07-22T17:39:24+00:00\",\"dateModified\":\"2025-07-22T17:48:47+00:00\",\"mainEntityOfPage\":{\"@id\":\"https:\/\/news.filmelier.com\/mx\/los-4-fantasticos-escenas-postcreditos\/\"},\"wordCount\":445,\"commentCount\":0,\"publisher\":{\"@id\":\"https:\/\/homolog.news.filmelier.com\/mx\/#organization\"},\"image\":{\"@id\":\"https:\/\/news.filmelier.com\/mx\/los-4-fantasticos-escenas-postcreditos\/#primaryimage\"},\"thumbnailUrl\":\"https:\/\/news.filmelier.com\/wp-content\/uploads\/2025\/07\/quarteto2-editado.webp\",\"keywords\":[\"Los 4 Fant\u00e1sticos\",\"Marvel Studios\"],\"articleSection\":[\"Cr\u00edtica\",\"Pel\u00edculas\"],\"inLanguage\":\"es\",\"potentialAction\":[{\"@type\":\"CommentAction\",\"name\":\"Comment\",\"target\":[\"https:\/\/news.filmelier.com\/mx\/los-4-fantasticos-escenas-postcreditos\/#respond\"]}]},{\"@type\":\"WebPage\",\"@id\":\"https:\/\/news.filmelier.com\/mx\/los-4-fantasticos-escenas-postcreditos\/\",\"url\":\"https:\/\/news.filmelier.com\/mx\/los-4-fantasticos-escenas-postcreditos\/\",\"name\":\"'Los 4 Fant\u00e1sticos: Primeros Pasos': \u00bfCu\u00e1les son las escenas postcr\u00e9ditos de la pel\u00edcula? - News Filmelier\",\"isPartOf\":{\"@id\":\"https:\/\/homolog.news.filmelier.com\/mx\/#website\"},\"primaryImageOfPage\":{\"@id\":\"https:\/\/news.filmelier.com\/mx\/los-4-fantasticos-escenas-postcreditos\/#primaryimage\"},\"image\":{\"@id\":\"https:\/\/news.filmelier.com\/mx\/los-4-fantasticos-escenas-postcreditos\/#primaryimage\"},\"thumbnailUrl\":\"https:\/\/news.filmelier.com\/wp-content\/uploads\/2025\/07\/quarteto2-editado.webp\",\"datePublished\":\"2025-07-22T17:39:24+00:00\",\"dateModified\":\"2025-07-22T17:48:47+00:00\",\"description\":\"Una de las pel\u00edculas m\u00e1s esperadas de 2025, 'Los 4 Fant\u00e1sticos: Primeros Pasos' incluye dos escenas postcr\u00e9ditos; descubre todos los detalles\",\"breadcrumb\":{\"@id\":\"https:\/\/news.filmelier.com\/mx\/los-4-fantasticos-escenas-postcreditos\/#breadcrumb\"},\"inLanguage\":\"es\",\"potentialAction\":[{\"@type\":\"ReadAction\",\"target\":[\"https:\/\/news.filmelier.com\/mx\/los-4-fantasticos-escenas-postcreditos\/\"]}]},{\"@type\":\"ImageObject\",\"inLanguage\":\"es\",\"@id\":\"https:\/\/news.filmelier.com\/mx\/los-4-fantasticos-escenas-postcreditos\/#primaryimage\",\"url\":\"https:\/\/news.filmelier.com\/wp-content\/uploads\/2025\/07\/quarteto2-editado.webp\",\"contentUrl\":\"https:\/\/news.filmelier.com\/wp-content\/uploads\/2025\/07\/quarteto2-editado.webp\",\"width\":800,\"height\":454,\"caption\":\"Richards em 'Quarteto Fant\u00e1stico: Primeiros Passos' (Cr\u00e9dito: Marvel Studios)\"},{\"@type\":\"BreadcrumbList\",\"@id\":\"https:\/\/news.filmelier.com\/mx\/los-4-fantasticos-escenas-postcreditos\/#breadcrumb\",\"itemListElement\":[{\"@type\":\"ListItem\",\"position\":1,\"name\":\"In\u00edcio\",\"item\":\"https:\/\/homolog.news.filmelier.com\/mx\/\"},{\"@type\":\"ListItem\",\"position\":2,\"name\":\"&#8216;Los 4 Fant\u00e1sticos: Primeros Pasos&#8217;: \u00bfCu\u00e1les son las escenas postcr\u00e9ditos de la pel\u00edcula?\"}]},{\"@type\":\"WebSite\",\"@id\":\"https:\/\/homolog.news.filmelier.com\/mx\/#website\",\"url\":\"https:\/\/homolog.news.filmelier.com\/mx\/\",\"name\":\"Homolog Filmelier News Rankrup\",\"description\":\"\",\"publisher\":{\"@id\":\"https:\/\/homolog.news.filmelier.com\/mx\/#organization\"},\"potentialAction\":[{\"@type\":\"SearchAction\",\"target\":{\"@type\":\"EntryPoint\",\"urlTemplate\":\"https:\/\/homolog.news.filmelier.com\/mx\/?s={search_term_string}\"},\"query-input\":{\"@type\":\"PropertyValueSpecification\",\"valueRequired\":true,\"valueName\":\"search_term_string\"}}],\"inLanguage\":\"es\"},{\"@type\":\"Organization\",\"@id\":\"https:\/\/homolog.news.filmelier.com\/mx\/#organization\",\"name\":\"Homolog Filmelier News Rankrup\",\"url\":\"https:\/\/homolog.news.filmelier.com\/mx\/\",\"logo\":{\"@type\":\"ImageObject\",\"inLanguage\":\"es\",\"@id\":\"https:\/\/homolog.news.filmelier.com\/mx\/#\/schema\/logo\/image\/\",\"url\":\"https:\/\/news.filmelier.com\/wp-content\/uploads\/2024\/11\/Logo-News.png\",\"contentUrl\":\"https:\/\/news.filmelier.com\/wp-content\/uploads\/2024\/11\/Logo-News.png\",\"width\":460,\"height\":108,\"caption\":\"Homolog Filmelier News Rankrup\"},\"image\":{\"@id\":\"https:\/\/homolog.news.filmelier.com\/mx\/#\/schema\/logo\/image\/\"}},{\"@type\":\"Person\",\"@id\":\"https:\/\/homolog.news.filmelier.com\/mx\/#\/schema\/person\/bed674124135ac4309c6d6286a06b8d2\",\"name\":\"Matheus Mans\",\"image\":{\"@type\":\"ImageObject\",\"inLanguage\":\"es\",\"@id\":\"https:\/\/homolog.news.filmelier.com\/mx\/#\/schema\/person\/image\/\",\"url\":\"https:\/\/secure.gravatar.com\/avatar\/6d2ce80225ec344e6533f7d7e6d801e11991009ea7dfa33b3bb9117b245ebd33?s=96&d=mm&r=g\",\"contentUrl\":\"https:\/\/secure.gravatar.com\/avatar\/6d2ce80225ec344e6533f7d7e6d801e11991009ea7dfa33b3bb9117b245ebd33?s=96&d=mm&r=g\",\"caption\":\"Matheus Mans\"},\"url\":\"https:\/\/news.filmelier.com\/mx\/author\/matheus\/\"}]}<\/script>\n<!-- \/ Yoast SEO plugin. -->","yoast_head_json":{"title":"'Los 4 Fant\u00e1sticos: Primeros Pasos': \u00bfCu\u00e1les son las escenas postcr\u00e9ditos de la pel\u00edcula? - News Filmelier","description":"Una de las pel\u00edculas m\u00e1s esperadas de 2025, 'Los 4 Fant\u00e1sticos: Primeros Pasos' incluye dos escenas postcr\u00e9ditos; descubre todos los detalles","robots":{"index":"index","follow":"follow","max-snippet":"max-snippet:-1","max-image-preview":"max-image-preview:large","max-video-preview":"max-video-preview:-1"},"canonical":"https:\/\/news.filmelier.com\/mx\/los-4-fantasticos-escenas-postcreditos\/","og_locale":"es_MX","og_type":"article","og_title":"'Los 4 Fant\u00e1sticos: Primeros Pasos': \u00bfCu\u00e1les son las escenas postcr\u00e9ditos de la pel\u00edcula? - News Filmelier","og_description":"Una de las pel\u00edculas m\u00e1s esperadas de 2025, 'Los 4 Fant\u00e1sticos: Primeros Pasos' incluye dos escenas postcr\u00e9ditos; descubre todos los detalles","og_url":"https:\/\/news.filmelier.com\/mx\/los-4-fantasticos-escenas-postcreditos\/","og_site_name":"News Filmelier","article_published_time":"2025-07-22T17:39:24+00:00","article_modified_time":"2025-07-22T17:48:47+00:00","og_image":[{"width":800,"height":454,"url":"https:\/\/homolog.news.filmelier.com\/wp-content\/uploads\/2025\/07\/quarteto2-editado.webp","type":"image\/webp"}],"author":"Matheus Mans","twitter_card":"summary_large_image","twitter_misc":{"Escrito por":"Matheus Mans","Tiempo de lectura":"3 minutos"},"schema":{"@context":"https:\/\/schema.org","@graph":[{"@type":"Article","@id":"https:\/\/news.filmelier.com\/mx\/los-4-fantasticos-escenas-postcreditos\/#article","isPartOf":{"@id":"https:\/\/news.filmelier.com\/mx\/los-4-fantasticos-escenas-postcreditos\/"},"author":{"name":"Matheus Mans","@id":"https:\/\/homolog.news.filmelier.com\/mx\/#\/schema\/person\/bed674124135ac4309c6d6286a06b8d2"},"headline":"&#8216;Los 4 Fant\u00e1sticos: Primeros Pasos&#8217;: \u00bfCu\u00e1les son las escenas postcr\u00e9ditos de la pel\u00edcula?","datePublished":"2025-07-22T17:39:24+00:00","dateModified":"2025-07-22T17:48:47+00:00","mainEntityOfPage":{"@id":"https:\/\/news.filmelier.com\/mx\/los-4-fantasticos-escenas-postcreditos\/"},"wordCount":445,"commentCount":0,"publisher":{"@id":"https:\/\/homolog.news.filmelier.com\/mx\/#organization"},"image":{"@id":"https:\/\/news.filmelier.com\/mx\/los-4-fantasticos-escenas-postcreditos\/#primaryimage"},"thumbnailUrl":"https:\/\/news.filmelier.com\/wp-content\/uploads\/2025\/07\/quarteto2-editado.webp","keywords":["Los 4 Fant\u00e1sticos","Marvel Studios"],"articleSection":["Cr\u00edtica","Pel\u00edculas"],"inLanguage":"es","potentialAction":[{"@type":"CommentAction","name":"Comment","target":["https:\/\/news.filmelier.com\/mx\/los-4-fantasticos-escenas-postcreditos\/#respond"]}]},{"@type":"WebPage","@id":"https:\/\/news.filmelier.com\/mx\/los-4-fantasticos-escenas-postcreditos\/","url":"https:\/\/news.filmelier.com\/mx\/los-4-fantasticos-escenas-postcreditos\/","name":"'Los 4 Fant\u00e1sticos: Primeros Pasos': \u00bfCu\u00e1les son las escenas postcr\u00e9ditos de la pel\u00edcula? - News Filmelier","isPartOf":{"@id":"https:\/\/homolog.news.filmelier.com\/mx\/#website"},"primaryImageOfPage":{"@id":"https:\/\/news.filmelier.com\/mx\/los-4-fantasticos-escenas-postcreditos\/#primaryimage"},"image":{"@id":"https:\/\/news.filmelier.com\/mx\/los-4-fantasticos-escenas-postcreditos\/#primaryimage"},"thumbnailUrl":"https:\/\/news.filmelier.com\/wp-content\/uploads\/2025\/07\/quarteto2-editado.webp","datePublished":"2025-07-22T17:39:24+00:00","dateModified":"2025-07-22T17:48:47+00:00","description":"Una de las pel\u00edculas m\u00e1s esperadas de 2025, 'Los 4 Fant\u00e1sticos: Primeros Pasos' incluye dos escenas postcr\u00e9ditos; descubre todos los detalles","breadcrumb":{"@id":"https:\/\/news.filmelier.com\/mx\/los-4-fantasticos-escenas-postcreditos\/#breadcrumb"},"inLanguage":"es","potentialAction":[{"@type":"ReadAction","target":["https:\/\/news.filmelier.com\/mx\/los-4-fantasticos-escenas-postcreditos\/"]}]},{"@type":"ImageObject","inLanguage":"es","@id":"https:\/\/news.filmelier.com\/mx\/los-4-fantasticos-escenas-postcreditos\/#primaryimage","url":"https:\/\/news.filmelier.com\/wp-content\/uploads\/2025\/07\/quarteto2-editado.webp","contentUrl":"https:\/\/news.filmelier.com\/wp-content\/uploads\/2025\/07\/quarteto2-editado.webp","width":800,"height":454,"caption":"Richards em 'Quarteto Fant\u00e1stico: Primeiros Passos' (Cr\u00e9dito: Marvel Studios)"},{"@type":"BreadcrumbList","@id":"https:\/\/news.filmelier.com\/mx\/los-4-fantasticos-escenas-postcreditos\/#breadcrumb","itemListElement":[{"@type":"ListItem","position":1,"name":"In\u00edcio","item":"https:\/\/homolog.news.filmelier.com\/mx\/"},{"@type":"ListItem","position":2,"name":"&#8216;Los 4 Fant\u00e1sticos: Primeros Pasos&#8217;: \u00bfCu\u00e1les son las escenas postcr\u00e9ditos de la pel\u00edcula?"}]},{"@type":"WebSite","@id":"https:\/\/homolog.news.filmelier.com\/mx\/#website","url":"https:\/\/homolog.news.filmelier.com\/mx\/","name":"Homolog Filmelier News Rankrup","description":"","publisher":{"@id":"https:\/\/homolog.news.filmelier.com\/mx\/#organization"},"potentialAction":[{"@type":"SearchAction","target":{"@type":"EntryPoint","urlTemplate":"https:\/\/homolog.news.filmelier.com\/mx\/?s={search_term_string}"},"query-input":{"@type":"PropertyValueSpecification","valueRequired":true,"valueName":"search_term_string"}}],"inLanguage":"es"},{"@type":"Organization","@id":"https:\/\/homolog.news.filmelier.com\/mx\/#organization","name":"Homolog Filmelier News Rankrup","url":"https:\/\/homolog.news.filmelier.com\/mx\/","logo":{"@type":"ImageObject","inLanguage":"es","@id":"https:\/\/homolog.news.filmelier.com\/mx\/#\/schema\/logo\/image\/","url":"https:\/\/news.filmelier.com\/wp-content\/uploads\/2024\/11\/Logo-News.png","contentUrl":"https:\/\/news.filmelier.com\/wp-content\/uploads\/2024\/11\/Logo-News.png","width":460,"height":108,"caption":"Homolog Filmelier News Rankrup"},"image":{"@id":"https:\/\/homolog.news.filmelier.com\/mx\/#\/schema\/logo\/image\/"}},{"@type":"Person","@id":"https:\/\/homolog.news.filmelier.com\/mx\/#\/schema\/person\/bed674124135ac4309c6d6286a06b8d2","name":"Matheus Mans","image":{"@type":"ImageObject","inLanguage":"es","@id":"https:\/\/homolog.news.filmelier.com\/mx\/#\/schema\/person\/image\/","url":"https:\/\/secure.gravatar.com\/avatar\/6d2ce80225ec344e6533f7d7e6d801e11991009ea7dfa33b3bb9117b245ebd33?s=96&d=mm&r=g","contentUrl":"https:\/\/secure.gravatar.com\/avatar\/6d2ce80225ec344e6533f7d7e6d801e11991009ea7dfa33b3bb9117b245ebd33?s=96&d=mm&r=g","caption":"Matheus Mans"},"url":"https:\/\/news.filmelier.com\/mx\/author\/matheus\/"}]}},"_links":{"self":[{"href":"https:\/\/news.filmelier.com\/mx\/wp-json\/wp\/v2\/posts\/55461","targetHints":{"allow":["GET"]}}],"collection":[{"href":"https:\/\/news.filmelier.com\/mx\/wp-json\/wp\/v2\/posts"}],"about":[{"href":"https:\/\/news.filmelier.com\/mx\/wp-json\/wp\/v2\/types\/post"}],"author":[{"embeddable":true,"href":"https:\/\/news.filmelier.com\/mx\/wp-json\/wp\/v2\/users\/21"}],"replies":[{"embeddable":true,"href":"https:\/\/news.filmelier.com\/mx\/wp-json\/wp\/v2\/comments?post=55461"}],"version-history":[{"count":2,"href":"https:\/\/news.filmelier.com\/mx\/wp-json\/wp\/v2\/posts\/55461\/revisions"}],"predecessor-version":[{"id":55464,"href":"https:\/\/news.filmelier.com\/mx\/wp-json\/wp\/v2\/posts\/55461\/revisions\/55464"}],"wp:featuredmedia":[{"embeddable":true,"href":"https:\/\/news.filmelier.com\/mx\/wp-json\/wp\/v2\/media\/55450"}],"wp:attachment":[{"href":"https:\/\/news.filmelier.com\/mx\/wp-json\/wp\/v2\/media?parent=55461"}],"wp:term":[{"taxonomy":"category","embeddable":true,"href":"https:\/\/news.filmelier.com\/mx\/wp-json\/wp\/v2\/categories?post=55461"},{"taxonomy":"post_tag","embeddable":true,"href":"https:\/\/news.filmelier.com\/mx\/wp-json\/wp\/v2\/tags?post=55461"}],"curies":[{"name":"wp","href":"https:\/\/api.w.org\/{rel}","templated":true}]}}