{"id":55378,"date":"2025-07-21T13:26:38","date_gmt":"2025-07-21T16:26:38","guid":{"rendered":"https:\/\/news.filmelier.com\/tudo-sobre-quarteto-fantastico\/"},"modified":"2025-07-21T16:18:06","modified_gmt":"2025-07-21T19:18:06","slug":"tudo-sobre-los-4-fantasticos","status":"publish","type":"post","link":"https:\/\/news.filmelier.com\/mx\/tudo-sobre-los-4-fantasticos\/","title":{"rendered":"\u2018Los 4 Fant\u00e1sticos: Primeros pasos\u2019: Conoce al elenco de la nueva pel\u00edcula de Marvel"},"content":{"rendered":"<p><span style=\"font-weight: 400;\">El esperado regreso de <a href=\"https:\/\/www.filmelier.com\/mx\/peliculas\/28579\/los-4-fantasticos-primeros-pasos\"><strong>Los 4 Fant\u00e1sticos<\/strong> al cine est\u00e1 por llegar<\/a>. Con estreno previsto para el 24 de julio en cines, la pel\u00edcula promete revolucionar la forma en que conocemos a estos h\u00e9roes ic\u00f3nicos. Esta vez, <strong>Marvel Studios<\/strong> apuesta por un elenco completamente renovado y un enfoque totalmente diferente a las versiones anteriores.<\/span><\/p>\n<ul>\n<li><strong>Lee tambi\u00e9n: <a href=\"https:\/\/news.filmelier.com\/mx\/critica-se-lo-que-hicieron-el-verano-pasado-2025\/\">Cr\u00edtica: \u2018S\u00e9 lo que hicieron el verano pasado\u2019 sigue a la sombra de \u2018Scream\u2019<\/a><br \/>\n<\/strong><\/li>\n<\/ul>\n<figure id=\"attachment_55370\" aria-describedby=\"caption-attachment-55370\" style=\"width: 998px\" class=\"wp-caption alignnone\"><img fetchpriority=\"high\" decoding=\"async\" class=\" wp-image-55370\" src=\"https:\/\/news.filmelier.com\/wp-content\/uploads\/2025\/07\/fantastic-four1-300x200.webp\" alt=\"'Los 4 Fant\u00e1sticos: Primeros pasos' cuenta con un elenco de peso (Cr\u00e9dito: Marvel Studios)\" width=\"998\" height=\"665\" srcset=\"https:\/\/news.filmelier.com\/wp-content\/uploads\/2025\/07\/fantastic-four1-300x200.webp 300w, https:\/\/news.filmelier.com\/wp-content\/uploads\/2025\/07\/fantastic-four1-768x511.webp 768w, https:\/\/news.filmelier.com\/wp-content\/uploads\/2025\/07\/fantastic-four1-150x100.webp 150w, https:\/\/news.filmelier.com\/wp-content\/uploads\/2025\/07\/fantastic-four1.webp 1000w\" sizes=\"(max-width: 998px) 100vw, 998px\" \/><figcaption id=\"caption-attachment-55370\" class=\"wp-caption-text\"><em>&#8216;Los 4 Fant\u00e1sticos: Primeros pasos&#8217; cuenta con un elenco de peso (Cr\u00e9dito: Marvel Studios)<\/em><\/figcaption><\/figure>\n<h2>\u00bfQui\u00e9nes act\u00faan en <i>Los 4 Fant\u00e1sticos: Primeros pasos<\/i>?<\/h2>\n<h3>Pedro Pascal encabeza el elenco como Reed Richards, el Se\u00f1or Fant\u00e1stico<\/h3>\n<p><span style=\"font-weight: 400;\">Estrella de <\/span><i><span style=\"font-weight: 400;\">The Last of Us<\/span><\/i><span style=\"font-weight: 400;\"> y <\/span><i><span style=\"font-weight: 400;\">The Mandalorian<\/span><\/i><span style=\"font-weight: 400;\">, <strong>Pedro Pascal<\/strong> interpreta a Reed Richards, el cient\u00edfico que se convierte en el Se\u00f1or Fant\u00e1stico. Reconocido por su versatilidad, Pascal aporta una nueva dimensi\u00f3n al l\u00edder, responsable de guiar al equipo en sus misiones y en la adaptaci\u00f3n a los poderes c\u00f3smicos adquiridos tras la exposici\u00f3n a rayos c\u00f3smicos.<\/span><\/p>\n<h3>Vanessa Kirby interpreta a Sue Storm, la poderosa Mujer Invisible<\/h3>\n<p><span style=\"font-weight: 400;\">Reconocida por sus actuaciones en <\/span><i><span style=\"font-weight: 400;\">The Crown<\/span><\/i><span style=\"font-weight: 400;\"> y <\/span><a href=\"https:\/\/www.filmelier.com\/mx\/peliculas\/13084\/fragmentos-de-una-mujer\"><i><span style=\"font-weight: 400;\">Fragmentos de una mujer<\/span><\/i><\/a><span style=\"font-weight: 400;\">, <strong>Vanessa Kirby<\/strong> da vida a Sue Storm, la Mujer Invisible. La actriz brit\u00e1nica aporta fuerza y equilibrio a un personaje que es mucho m\u00e1s que &#8220;la novia del h\u00e9roe&#8221;, como se ha mostrado antes \u2014 Sue es una fuerza vital dentro de la din\u00e1mica familiar de los 4 Fant\u00e1sticos.<\/span><\/p>\n<p><span style=\"font-weight: 400;\">La interpretaci\u00f3n de Kirby promete mostrar a Sue como una hero\u00edna independiente y poderosa, capaz de liderar cuando sea necesario y de ser el coraz\u00f3n emocional del grupo. Sus poderes de invisibilidad y campos de fuerza la convierten en uno de los personajes m\u00e1s vers\u00e1tiles.<\/span><\/p>\n<figure id=\"attachment_55373\" aria-describedby=\"caption-attachment-55373\" style=\"width: 993px\" class=\"wp-caption alignnone\"><img decoding=\"async\" class=\" wp-image-55373\" src=\"https:\/\/news.filmelier.com\/wp-content\/uploads\/2025\/07\/fantastic-four2-300x126.webp\" alt=\"Despu\u00e9s de 'The Crown', Vanessa Kirby llega al MCU (Cr\u00e9dito: Marvel Studios)\" width=\"993\" height=\"417\" srcset=\"https:\/\/news.filmelier.com\/wp-content\/uploads\/2025\/07\/fantastic-four2-300x126.webp 300w, https:\/\/news.filmelier.com\/wp-content\/uploads\/2025\/07\/fantastic-four2-1024x429.webp 1024w, https:\/\/news.filmelier.com\/wp-content\/uploads\/2025\/07\/fantastic-four2-768x322.webp 768w, https:\/\/news.filmelier.com\/wp-content\/uploads\/2025\/07\/fantastic-four2-150x63.webp 150w, https:\/\/news.filmelier.com\/wp-content\/uploads\/2025\/07\/fantastic-four2.webp 1100w\" sizes=\"(max-width: 993px) 100vw, 993px\" \/><figcaption id=\"caption-attachment-55373\" class=\"wp-caption-text\"><em>Despu\u00e9s de &#8216;The Crown&#8217;, Vanessa Kirby llega al MCU (Cr\u00e9dito: Marvel Studios)<\/em><\/figcaption><\/figure>\n<h3>Ebon Moss-Bachrach y Joseph Quinn completan al cuarteto principal<\/h3>\n<p><span style=\"font-weight: 400;\">Joseph Quinn, quien conquist\u00f3 al p\u00fablico mundial como Eddie en <\/span><i><span style=\"font-weight: 400;\">Stranger Things<\/span><\/i><span style=\"font-weight: 400;\">, interpreta a Johnny, la Antorcha Humana. El actor brit\u00e1nico aporta energ\u00eda juvenil y carisma al personaje impulsivo del grupo, conocido por sus llamas y personalidad explosiva.<\/span><\/p>\n<p><span style=\"font-weight: 400;\">Por su parte, Ebon Moss-Bachrach da vida a Ben Grimm, quien se transforma en la Mole tras una misi\u00f3n espacial. El actor, que ya fue parte del universo Marvel como Microchip en <\/span><i><span style=\"font-weight: 400;\">Daredevil<\/span><\/i><span style=\"font-weight: 400;\">, ahora enfrenta el reto de interpretar al miembro m\u00e1s emocionalmente complejo del grupo \u2014 un h\u00e9roe de fuerza descomunal atrapado en un cuerpo rocoso.<\/span><\/p>\n<h3>Villanos ic\u00f3nicos: Julia Garner como Estela Plateada y Ralph Ineson como Galactus<\/h3>\n<p><span style=\"font-weight: 400;\">La pel\u00edcula no escatima en villanos imponentes. Ralph Ineson fue elegido para interpretar a Galactus, el temido Devorador de Mundos, una de las mayores amenazas c\u00f3smicas del universo Marvel. La voz intimidante del actor promete dar vida a uno de los antagonistas m\u00e1s poderosos del MCU.<\/span><\/p>\n<p><span style=\"font-weight: 400;\">Julia Garner, ganadora del Emmy por <\/span><i><span style=\"font-weight: 400;\">Ozark<\/span><\/i><span style=\"font-weight: 400;\">, sorprende al interpretar una versi\u00f3n femenina de Estela Plateada, heraldo de Galactus. Esta decisi\u00f3n creativa demuestra la disposici\u00f3n de Marvel a reinventar personajes cl\u00e1sicos para una nueva generaci\u00f3n de fans.<\/span><\/p>\n<h3>El elenco secundario re\u00fane grandes nombres de Hollywood<\/h3>\n<p><span style=\"font-weight: 400;\">La pel\u00edcula tambi\u00e9n cuenta con un elenco secundario impresionante, incluyendo a Paul Walter Hauser, Natasha Lyonne y Sarah Niles. Aunque sus papeles a\u00fan no han sido revelados, la calidad de los actores sugiere que cada personaje tendr\u00e1 un peso importante en la trama.<\/span><\/p>\n<h2>\u00bfQui\u00e9n dirige <i>Los 4 Fant\u00e1sticos: Primeros pasos<\/i>?<\/h2>\n<p><span style=\"font-weight: 400;\">Detr\u00e1s de c\u00e1maras, Matt Shakman dirige la pel\u00edcula. Conocido por su trabajo en <\/span><i><span style=\"font-weight: 400;\">WandaVision<\/span><\/i><span style=\"font-weight: 400;\">, Shakman aporta una visi\u00f3n \u00fanica que combina ciencia ficci\u00f3n con drama familiar \u2014 exactamente lo que representan los 4 Fant\u00e1sticos.<\/span><\/p>\n<p><span style=\"font-weight: 400;\">La producci\u00f3n corre a cargo de Kevin Feige, presidente de Marvel Studios, junto con Louis D&#8217;Esposito, Grant Curtis y Tim Lewis.<\/span><\/p>\n<p><iframe title=\"Los 4 Fant\u00e1sticos: Primeros Pasos | Tr\u00e1iler Oficial Subtitulado\" width=\"800\" height=\"450\" src=\"https:\/\/www.youtube.com\/embed\/f4yzurCjyPQ?feature=oembed\" frameborder=\"0\" allow=\"accelerometer; autoplay; clipboard-write; encrypted-media; gyroscope; picture-in-picture; web-share\" referrerpolicy=\"strict-origin-when-cross-origin\" allowfullscreen><\/iframe><\/p>\n<h2>Una realidad alternativa<\/h2>\n<p><i><span style=\"font-weight: 400;\">Los 4 Fant\u00e1sticos: Primeros pasos<\/span><\/i><span style=\"font-weight: 400;\"> marca un territorio nuevo para Marvel Studios. Es el primer largometraje situado en una realidad alternativa, sin conexi\u00f3n directa con los eventos de la Tierra-616 (el universo principal del MCU).<\/span><\/p>\n<p><span style=\"font-weight: 400;\">Este enfoque permite una mayor libertad creativa. La pel\u00edcula presenta a los h\u00e9roes en un universo retrofuturista lleno de tecnolog\u00eda avanzada, viajes espaciales y fen\u00f3menos c\u00f3smicos. La est\u00e9tica mezcla la nostalgia de los a\u00f1os 60 con elementos futuristas, lo que diferencia visualmente a esta producci\u00f3n de cualquier otra pel\u00edcula de Marvel.<\/span><\/p>\n<h2>\u00bfTiene conexi\u00f3n con otras pel\u00edculas de los 4 Fant\u00e1sticos?<\/h2>\n<p><span style=\"font-weight: 400;\"><em>Los 4 Fant\u00e1sticos: Primeros pasos<\/em> no tiene ninguna conexi\u00f3n con las pel\u00edculas anteriores. Ni con las versiones de 2005 y 2007, ni con el reinicio de 2015. Marvel Studios construy\u00f3 una narrativa completamente nueva, aprovechando la oportunidad para presentar a los personajes de forma m\u00e1s fiel a los c\u00f3mics de Stan Lee y Jack Kirby.<\/span><\/p>\n<p><span style=\"font-weight: 400;\">La elecci\u00f3n de una realidad alternativa tambi\u00e9n permite que los personajes tengan or\u00edgenes y trayectorias propias, sin necesidad de encajar en la cronolog\u00eda ya establecida del MCU.<\/span><\/p>\n","protected":false},"excerpt":{"rendered":"<p>Pedro Pascal, Vanessa Kirby y un gran elenco protagonizan el regreso de Los 4 Fant\u00e1sticos al cine; descubre todos los detalles<\/p>\n","protected":false},"author":21,"featured_media":55372,"comment_status":"open","ping_status":"open","sticky":false,"template":"","format":"standard","meta":{"_acf_changed":false,"footnotes":""},"categories":[5931],"tags":[8073,6098,6496,7923],"class_list":["post-55378","post","type-post","status-publish","format-standard","has-post-thumbnail","hentry","category-peliculas-mx","tag-los-4-fantasticos","tag-marvel-studios","tag-pedro-pascal","tag-vanessa-kirby"],"acf":{"subtitulo":"Pedro Pascal, Vanessa Kirby y un gran elenco protagonizan el regreso de Los 4 Fant\u00e1sticos al cine; descubre todos los detalles","id_ator":"0609114, 0050959, 3948952, 4806449"},"yoast_head":"<!-- This site is optimized with the Yoast SEO plugin v26.1.1 - https:\/\/yoast.com\/wordpress\/plugins\/seo\/ -->\n<title>\u2018Los 4 Fant\u00e1sticos: Primeros pasos\u2019: Conoce al elenco de la nueva pel\u00edcula de Marvel - News Filmelier<\/title>\n<meta name=\"description\" content=\"Pedro Pascal, Vanessa Kirby y un gran elenco protagonizan el regreso de Los 4 Fant\u00e1sticos al cine; descubre todos los detalles\" \/>\n<meta name=\"robots\" content=\"index, follow, max-snippet:-1, max-image-preview:large, max-video-preview:-1\" \/>\n<link rel=\"canonical\" href=\"https:\/\/news.filmelier.com\/mx\/tudo-sobre-los-4-fantasticos\/\" \/>\n<meta property=\"og:locale\" content=\"es_MX\" \/>\n<meta property=\"og:type\" content=\"article\" \/>\n<meta property=\"og:title\" content=\"\u2018Los 4 Fant\u00e1sticos: Primeros pasos\u2019: Conoce al elenco de la nueva pel\u00edcula de Marvel - News Filmelier\" \/>\n<meta property=\"og:description\" content=\"Pedro Pascal, Vanessa Kirby y un gran elenco protagonizan el regreso de Los 4 Fant\u00e1sticos al cine; descubre todos los detalles\" \/>\n<meta property=\"og:url\" content=\"https:\/\/news.filmelier.com\/mx\/tudo-sobre-los-4-fantasticos\/\" \/>\n<meta property=\"og:site_name\" content=\"News Filmelier\" \/>\n<meta property=\"article:published_time\" content=\"2025-07-21T16:26:38+00:00\" \/>\n<meta property=\"article:modified_time\" content=\"2025-07-21T19:18:06+00:00\" \/>\n<meta property=\"og:image\" content=\"https:\/\/homolog.news.filmelier.com\/wp-content\/uploads\/2025\/07\/fantastic-four1.webp\" \/>\n\t<meta property=\"og:image:width\" content=\"1000\" \/>\n\t<meta property=\"og:image:height\" content=\"666\" \/>\n\t<meta property=\"og:image:type\" content=\"image\/webp\" \/>\n<meta name=\"author\" content=\"Matheus Mans\" \/>\n<meta name=\"twitter:card\" content=\"summary_large_image\" \/>\n<meta name=\"twitter:label1\" content=\"Escrito por\" \/>\n\t<meta name=\"twitter:data1\" content=\"Matheus Mans\" \/>\n\t<meta name=\"twitter:label2\" content=\"Tiempo de lectura\" \/>\n\t<meta name=\"twitter:data2\" content=\"5 minutos\" \/>\n<script type=\"application\/ld+json\" class=\"yoast-schema-graph\">{\"@context\":\"https:\/\/schema.org\",\"@graph\":[{\"@type\":\"Article\",\"@id\":\"https:\/\/news.filmelier.com\/mx\/tudo-sobre-los-4-fantasticos\/#article\",\"isPartOf\":{\"@id\":\"https:\/\/news.filmelier.com\/mx\/tudo-sobre-los-4-fantasticos\/\"},\"author\":{\"name\":\"Matheus Mans\",\"@id\":\"https:\/\/homolog.news.filmelier.com\/mx\/#\/schema\/person\/bed674124135ac4309c6d6286a06b8d2\"},\"headline\":\"\u2018Los 4 Fant\u00e1sticos: Primeros pasos\u2019: Conoce al elenco de la nueva pel\u00edcula de Marvel\",\"datePublished\":\"2025-07-21T16:26:38+00:00\",\"dateModified\":\"2025-07-21T19:18:06+00:00\",\"mainEntityOfPage\":{\"@id\":\"https:\/\/news.filmelier.com\/mx\/tudo-sobre-los-4-fantasticos\/\"},\"wordCount\":887,\"commentCount\":0,\"publisher\":{\"@id\":\"https:\/\/homolog.news.filmelier.com\/mx\/#organization\"},\"image\":{\"@id\":\"https:\/\/news.filmelier.com\/mx\/tudo-sobre-los-4-fantasticos\/#primaryimage\"},\"thumbnailUrl\":\"https:\/\/news.filmelier.com\/wp-content\/uploads\/2025\/07\/fantastic-four1.webp\",\"keywords\":[\"Los 4 Fant\u00e1sticos\",\"Marvel Studios\",\"Pedro Pascal\",\"Vanessa Kirby\"],\"articleSection\":[\"Pel\u00edculas\"],\"inLanguage\":\"es\",\"potentialAction\":[{\"@type\":\"CommentAction\",\"name\":\"Comment\",\"target\":[\"https:\/\/news.filmelier.com\/mx\/tudo-sobre-los-4-fantasticos\/#respond\"]}]},{\"@type\":\"WebPage\",\"@id\":\"https:\/\/news.filmelier.com\/mx\/tudo-sobre-los-4-fantasticos\/\",\"url\":\"https:\/\/news.filmelier.com\/mx\/tudo-sobre-los-4-fantasticos\/\",\"name\":\"\u2018Los 4 Fant\u00e1sticos: Primeros pasos\u2019: Conoce al elenco de la nueva pel\u00edcula de Marvel - News Filmelier\",\"isPartOf\":{\"@id\":\"https:\/\/homolog.news.filmelier.com\/mx\/#website\"},\"primaryImageOfPage\":{\"@id\":\"https:\/\/news.filmelier.com\/mx\/tudo-sobre-los-4-fantasticos\/#primaryimage\"},\"image\":{\"@id\":\"https:\/\/news.filmelier.com\/mx\/tudo-sobre-los-4-fantasticos\/#primaryimage\"},\"thumbnailUrl\":\"https:\/\/news.filmelier.com\/wp-content\/uploads\/2025\/07\/fantastic-four1.webp\",\"datePublished\":\"2025-07-21T16:26:38+00:00\",\"dateModified\":\"2025-07-21T19:18:06+00:00\",\"description\":\"Pedro Pascal, Vanessa Kirby y un gran elenco protagonizan el regreso de Los 4 Fant\u00e1sticos al cine; descubre todos los detalles\",\"breadcrumb\":{\"@id\":\"https:\/\/news.filmelier.com\/mx\/tudo-sobre-los-4-fantasticos\/#breadcrumb\"},\"inLanguage\":\"es\",\"potentialAction\":[{\"@type\":\"ReadAction\",\"target\":[\"https:\/\/news.filmelier.com\/mx\/tudo-sobre-los-4-fantasticos\/\"]}]},{\"@type\":\"ImageObject\",\"inLanguage\":\"es\",\"@id\":\"https:\/\/news.filmelier.com\/mx\/tudo-sobre-los-4-fantasticos\/#primaryimage\",\"url\":\"https:\/\/news.filmelier.com\/wp-content\/uploads\/2025\/07\/fantastic-four1.webp\",\"contentUrl\":\"https:\/\/news.filmelier.com\/wp-content\/uploads\/2025\/07\/fantastic-four1.webp\",\"width\":1000,\"height\":666,\"caption\":\"'Quarteto Fant\u00e1stico: Primeiros Passos' re\u00fane um elenco de peso (Cr\u00e9dito: Marvel Studios)\"},{\"@type\":\"BreadcrumbList\",\"@id\":\"https:\/\/news.filmelier.com\/mx\/tudo-sobre-los-4-fantasticos\/#breadcrumb\",\"itemListElement\":[{\"@type\":\"ListItem\",\"position\":1,\"name\":\"In\u00edcio\",\"item\":\"https:\/\/homolog.news.filmelier.com\/mx\/\"},{\"@type\":\"ListItem\",\"position\":2,\"name\":\"\u2018Los 4 Fant\u00e1sticos: Primeros pasos\u2019: Conoce al elenco de la nueva pel\u00edcula de Marvel\"}]},{\"@type\":\"WebSite\",\"@id\":\"https:\/\/homolog.news.filmelier.com\/mx\/#website\",\"url\":\"https:\/\/homolog.news.filmelier.com\/mx\/\",\"name\":\"Homolog Filmelier News Rankrup\",\"description\":\"\",\"publisher\":{\"@id\":\"https:\/\/homolog.news.filmelier.com\/mx\/#organization\"},\"potentialAction\":[{\"@type\":\"SearchAction\",\"target\":{\"@type\":\"EntryPoint\",\"urlTemplate\":\"https:\/\/homolog.news.filmelier.com\/mx\/?s={search_term_string}\"},\"query-input\":{\"@type\":\"PropertyValueSpecification\",\"valueRequired\":true,\"valueName\":\"search_term_string\"}}],\"inLanguage\":\"es\"},{\"@type\":\"Organization\",\"@id\":\"https:\/\/homolog.news.filmelier.com\/mx\/#organization\",\"name\":\"Homolog Filmelier News Rankrup\",\"url\":\"https:\/\/homolog.news.filmelier.com\/mx\/\",\"logo\":{\"@type\":\"ImageObject\",\"inLanguage\":\"es\",\"@id\":\"https:\/\/homolog.news.filmelier.com\/mx\/#\/schema\/logo\/image\/\",\"url\":\"https:\/\/news.filmelier.com\/wp-content\/uploads\/2024\/11\/Logo-News.png\",\"contentUrl\":\"https:\/\/news.filmelier.com\/wp-content\/uploads\/2024\/11\/Logo-News.png\",\"width\":460,\"height\":108,\"caption\":\"Homolog Filmelier News Rankrup\"},\"image\":{\"@id\":\"https:\/\/homolog.news.filmelier.com\/mx\/#\/schema\/logo\/image\/\"}},{\"@type\":\"Person\",\"@id\":\"https:\/\/homolog.news.filmelier.com\/mx\/#\/schema\/person\/bed674124135ac4309c6d6286a06b8d2\",\"name\":\"Matheus Mans\",\"image\":{\"@type\":\"ImageObject\",\"inLanguage\":\"es\",\"@id\":\"https:\/\/homolog.news.filmelier.com\/mx\/#\/schema\/person\/image\/\",\"url\":\"https:\/\/secure.gravatar.com\/avatar\/6d2ce80225ec344e6533f7d7e6d801e11991009ea7dfa33b3bb9117b245ebd33?s=96&d=mm&r=g\",\"contentUrl\":\"https:\/\/secure.gravatar.com\/avatar\/6d2ce80225ec344e6533f7d7e6d801e11991009ea7dfa33b3bb9117b245ebd33?s=96&d=mm&r=g\",\"caption\":\"Matheus Mans\"},\"url\":\"https:\/\/news.filmelier.com\/mx\/author\/matheus\/\"}]}<\/script>\n<!-- \/ Yoast SEO plugin. -->","yoast_head_json":{"title":"\u2018Los 4 Fant\u00e1sticos: Primeros pasos\u2019: Conoce al elenco de la nueva pel\u00edcula de Marvel - News Filmelier","description":"Pedro Pascal, Vanessa Kirby y un gran elenco protagonizan el regreso de Los 4 Fant\u00e1sticos al cine; descubre todos los detalles","robots":{"index":"index","follow":"follow","max-snippet":"max-snippet:-1","max-image-preview":"max-image-preview:large","max-video-preview":"max-video-preview:-1"},"canonical":"https:\/\/news.filmelier.com\/mx\/tudo-sobre-los-4-fantasticos\/","og_locale":"es_MX","og_type":"article","og_title":"\u2018Los 4 Fant\u00e1sticos: Primeros pasos\u2019: Conoce al elenco de la nueva pel\u00edcula de Marvel - News Filmelier","og_description":"Pedro Pascal, Vanessa Kirby y un gran elenco protagonizan el regreso de Los 4 Fant\u00e1sticos al cine; descubre todos los detalles","og_url":"https:\/\/news.filmelier.com\/mx\/tudo-sobre-los-4-fantasticos\/","og_site_name":"News Filmelier","article_published_time":"2025-07-21T16:26:38+00:00","article_modified_time":"2025-07-21T19:18:06+00:00","og_image":[{"width":1000,"height":666,"url":"https:\/\/homolog.news.filmelier.com\/wp-content\/uploads\/2025\/07\/fantastic-four1.webp","type":"image\/webp"}],"author":"Matheus Mans","twitter_card":"summary_large_image","twitter_misc":{"Escrito por":"Matheus Mans","Tiempo de lectura":"5 minutos"},"schema":{"@context":"https:\/\/schema.org","@graph":[{"@type":"Article","@id":"https:\/\/news.filmelier.com\/mx\/tudo-sobre-los-4-fantasticos\/#article","isPartOf":{"@id":"https:\/\/news.filmelier.com\/mx\/tudo-sobre-los-4-fantasticos\/"},"author":{"name":"Matheus Mans","@id":"https:\/\/homolog.news.filmelier.com\/mx\/#\/schema\/person\/bed674124135ac4309c6d6286a06b8d2"},"headline":"\u2018Los 4 Fant\u00e1sticos: Primeros pasos\u2019: Conoce al elenco de la nueva pel\u00edcula de Marvel","datePublished":"2025-07-21T16:26:38+00:00","dateModified":"2025-07-21T19:18:06+00:00","mainEntityOfPage":{"@id":"https:\/\/news.filmelier.com\/mx\/tudo-sobre-los-4-fantasticos\/"},"wordCount":887,"commentCount":0,"publisher":{"@id":"https:\/\/homolog.news.filmelier.com\/mx\/#organization"},"image":{"@id":"https:\/\/news.filmelier.com\/mx\/tudo-sobre-los-4-fantasticos\/#primaryimage"},"thumbnailUrl":"https:\/\/news.filmelier.com\/wp-content\/uploads\/2025\/07\/fantastic-four1.webp","keywords":["Los 4 Fant\u00e1sticos","Marvel Studios","Pedro Pascal","Vanessa Kirby"],"articleSection":["Pel\u00edculas"],"inLanguage":"es","potentialAction":[{"@type":"CommentAction","name":"Comment","target":["https:\/\/news.filmelier.com\/mx\/tudo-sobre-los-4-fantasticos\/#respond"]}]},{"@type":"WebPage","@id":"https:\/\/news.filmelier.com\/mx\/tudo-sobre-los-4-fantasticos\/","url":"https:\/\/news.filmelier.com\/mx\/tudo-sobre-los-4-fantasticos\/","name":"\u2018Los 4 Fant\u00e1sticos: Primeros pasos\u2019: Conoce al elenco de la nueva pel\u00edcula de Marvel - News Filmelier","isPartOf":{"@id":"https:\/\/homolog.news.filmelier.com\/mx\/#website"},"primaryImageOfPage":{"@id":"https:\/\/news.filmelier.com\/mx\/tudo-sobre-los-4-fantasticos\/#primaryimage"},"image":{"@id":"https:\/\/news.filmelier.com\/mx\/tudo-sobre-los-4-fantasticos\/#primaryimage"},"thumbnailUrl":"https:\/\/news.filmelier.com\/wp-content\/uploads\/2025\/07\/fantastic-four1.webp","datePublished":"2025-07-21T16:26:38+00:00","dateModified":"2025-07-21T19:18:06+00:00","description":"Pedro Pascal, Vanessa Kirby y un gran elenco protagonizan el regreso de Los 4 Fant\u00e1sticos al cine; descubre todos los detalles","breadcrumb":{"@id":"https:\/\/news.filmelier.com\/mx\/tudo-sobre-los-4-fantasticos\/#breadcrumb"},"inLanguage":"es","potentialAction":[{"@type":"ReadAction","target":["https:\/\/news.filmelier.com\/mx\/tudo-sobre-los-4-fantasticos\/"]}]},{"@type":"ImageObject","inLanguage":"es","@id":"https:\/\/news.filmelier.com\/mx\/tudo-sobre-los-4-fantasticos\/#primaryimage","url":"https:\/\/news.filmelier.com\/wp-content\/uploads\/2025\/07\/fantastic-four1.webp","contentUrl":"https:\/\/news.filmelier.com\/wp-content\/uploads\/2025\/07\/fantastic-four1.webp","width":1000,"height":666,"caption":"'Quarteto Fant\u00e1stico: Primeiros Passos' re\u00fane um elenco de peso (Cr\u00e9dito: Marvel Studios)"},{"@type":"BreadcrumbList","@id":"https:\/\/news.filmelier.com\/mx\/tudo-sobre-los-4-fantasticos\/#breadcrumb","itemListElement":[{"@type":"ListItem","position":1,"name":"In\u00edcio","item":"https:\/\/homolog.news.filmelier.com\/mx\/"},{"@type":"ListItem","position":2,"name":"\u2018Los 4 Fant\u00e1sticos: Primeros pasos\u2019: Conoce al elenco de la nueva pel\u00edcula de Marvel"}]},{"@type":"WebSite","@id":"https:\/\/homolog.news.filmelier.com\/mx\/#website","url":"https:\/\/homolog.news.filmelier.com\/mx\/","name":"Homolog Filmelier News Rankrup","description":"","publisher":{"@id":"https:\/\/homolog.news.filmelier.com\/mx\/#organization"},"potentialAction":[{"@type":"SearchAction","target":{"@type":"EntryPoint","urlTemplate":"https:\/\/homolog.news.filmelier.com\/mx\/?s={search_term_string}"},"query-input":{"@type":"PropertyValueSpecification","valueRequired":true,"valueName":"search_term_string"}}],"inLanguage":"es"},{"@type":"Organization","@id":"https:\/\/homolog.news.filmelier.com\/mx\/#organization","name":"Homolog Filmelier News Rankrup","url":"https:\/\/homolog.news.filmelier.com\/mx\/","logo":{"@type":"ImageObject","inLanguage":"es","@id":"https:\/\/homolog.news.filmelier.com\/mx\/#\/schema\/logo\/image\/","url":"https:\/\/news.filmelier.com\/wp-content\/uploads\/2024\/11\/Logo-News.png","contentUrl":"https:\/\/news.filmelier.com\/wp-content\/uploads\/2024\/11\/Logo-News.png","width":460,"height":108,"caption":"Homolog Filmelier News Rankrup"},"image":{"@id":"https:\/\/homolog.news.filmelier.com\/mx\/#\/schema\/logo\/image\/"}},{"@type":"Person","@id":"https:\/\/homolog.news.filmelier.com\/mx\/#\/schema\/person\/bed674124135ac4309c6d6286a06b8d2","name":"Matheus Mans","image":{"@type":"ImageObject","inLanguage":"es","@id":"https:\/\/homolog.news.filmelier.com\/mx\/#\/schema\/person\/image\/","url":"https:\/\/secure.gravatar.com\/avatar\/6d2ce80225ec344e6533f7d7e6d801e11991009ea7dfa33b3bb9117b245ebd33?s=96&d=mm&r=g","contentUrl":"https:\/\/secure.gravatar.com\/avatar\/6d2ce80225ec344e6533f7d7e6d801e11991009ea7dfa33b3bb9117b245ebd33?s=96&d=mm&r=g","caption":"Matheus Mans"},"url":"https:\/\/news.filmelier.com\/mx\/author\/matheus\/"}]}},"_links":{"self":[{"href":"https:\/\/news.filmelier.com\/mx\/wp-json\/wp\/v2\/posts\/55378","targetHints":{"allow":["GET"]}}],"collection":[{"href":"https:\/\/news.filmelier.com\/mx\/wp-json\/wp\/v2\/posts"}],"about":[{"href":"https:\/\/news.filmelier.com\/mx\/wp-json\/wp\/v2\/types\/post"}],"author":[{"embeddable":true,"href":"https:\/\/news.filmelier.com\/mx\/wp-json\/wp\/v2\/users\/21"}],"replies":[{"embeddable":true,"href":"https:\/\/news.filmelier.com\/mx\/wp-json\/wp\/v2\/comments?post=55378"}],"version-history":[{"count":2,"href":"https:\/\/news.filmelier.com\/mx\/wp-json\/wp\/v2\/posts\/55378\/revisions"}],"predecessor-version":[{"id":55380,"href":"https:\/\/news.filmelier.com\/mx\/wp-json\/wp\/v2\/posts\/55378\/revisions\/55380"}],"wp:featuredmedia":[{"embeddable":true,"href":"https:\/\/news.filmelier.com\/mx\/wp-json\/wp\/v2\/media\/55372"}],"wp:attachment":[{"href":"https:\/\/news.filmelier.com\/mx\/wp-json\/wp\/v2\/media?parent=55378"}],"wp:term":[{"taxonomy":"category","embeddable":true,"href":"https:\/\/news.filmelier.com\/mx\/wp-json\/wp\/v2\/categories?post=55378"},{"taxonomy":"post_tag","embeddable":true,"href":"https:\/\/news.filmelier.com\/mx\/wp-json\/wp\/v2\/tags?post=55378"}],"curies":[{"name":"wp","href":"https:\/\/api.w.org\/{rel}","templated":true}]}}