{"id":54592,"date":"2025-07-11T00:10:40","date_gmt":"2025-07-11T03:10:40","guid":{"rendered":"https:\/\/news.filmelier.com\/superman-cena-pos-credito\/"},"modified":"2025-07-11T00:16:40","modified_gmt":"2025-07-11T03:16:40","slug":"superman-escenas-post-creditos","status":"publish","type":"post","link":"https:\/\/news.filmelier.com\/mx\/superman-escenas-post-creditos\/","title":{"rendered":"&#8216;Superman&#8217;: \u00bfCu\u00e1les son las escenas post cr\u00e9ditos de la pel\u00edcula?"},"content":{"rendered":"<p>El <a href=\"https:\/\/www.filmelier.com\/mx\/peliculas\/28404\/superman\"><strong>nuevo largometraje de Superman<\/strong><\/a>, que da el puntapi\u00e9 inicial al universo compartido de DC comandado por <strong>James Gunn<\/strong>, finalmente lleg\u00f3 a los cines este jueves 10. Y, claro, muchos fans quieren saber: <strong>\u00bfhay escenas postcr\u00e9ditos despu\u00e9s del final de la historia?<\/strong><\/p>\n<ul>\n<li><strong>Lee tambi\u00e9n: <a href=\"https:\/\/news.filmelier.com\/br\/critica-superman-james-gunn-2025\/\">Cr\u00edtica: \u2018Superman\u2019 es cursi, emocionante y kitsch \u2014 y eso es una gran noticia<\/a><\/strong><\/li>\n<\/ul>\n<p>La respuesta es s\u00ed. La producci\u00f3n cuenta con dos escenas postcr\u00e9ditos que seguramente emocionar\u00e1n (y har\u00e1n re\u00edr) al p\u00fablico.<\/p>\n<figure id=\"attachment_54417\" aria-describedby=\"caption-attachment-54417\" style=\"width: 986px\" class=\"wp-caption alignnone\"><img fetchpriority=\"high\" decoding=\"async\" class=\" wp-image-54417\" src=\"https:\/\/news.filmelier.com\/wp-content\/uploads\/2025\/07\/superman-justice-gang-300x200.webp\" alt=\"Nathan Fillion, Isabela Merced y \" width=\"986\" height=\"657\" srcset=\"https:\/\/news.filmelier.com\/wp-content\/uploads\/2025\/07\/superman-justice-gang-300x200.webp 300w, https:\/\/news.filmelier.com\/wp-content\/uploads\/2025\/07\/superman-justice-gang-1024x683.webp 1024w, https:\/\/news.filmelier.com\/wp-content\/uploads\/2025\/07\/superman-justice-gang-768x512.webp 768w, https:\/\/news.filmelier.com\/wp-content\/uploads\/2025\/07\/superman-justice-gang-150x100.webp 150w, https:\/\/news.filmelier.com\/wp-content\/uploads\/2025\/07\/superman-justice-gang.webp 1200w\" sizes=\"(max-width: 986px) 100vw, 986px\" \/><figcaption id=\"caption-attachment-54417\" class=\"wp-caption-text\"><em>Un prototipo de la Liga de la Justicia, visto en la pel\u00edcula &#8216;Superman&#8217; (Cr\u00e9dito: Warner Bros. Pictures)<\/em><\/figcaption><\/figure>\n<p>La <strong>primera escena<\/strong> muestra una bella imagen de Clark Kent acompa\u00f1ado por Krypto, el superperro, en un momento de tranquilidad en la superficie de la Luna \u2014 una secuencia que ya se hab\u00eda insinuado en materiales promocionales.<\/p>\n<p>No hay nada extraordinario en ella. Es linda, tierna y nada m\u00e1s.<\/p>\n<p>La <strong>segunda escena<\/strong> mantiene ese tono ligero, pero es m\u00e1s divertida: Superman y el Sr. Incre\u00edble observan los destrozos en Metr\u00f3polis. En cierto momento, el Sr. Incre\u00edble intenta reconstruir un edificio destruido, pero el resultado no convence al Hombre de Acero, quien se\u00f1ala que el trabajo no qued\u00f3 tan perfecto como deber\u00eda.<\/p>\n<h2>Todo sobre &#8216;Superman&#8217;<\/h2>\n<p>Dirigida por James Gunn, &#8216;Superman&#8217; marca el inicio oficial del nuevo universo cinematogr\u00e1fico de DC con un enfoque que mezcla acci\u00f3n \u00e9pica, buen humor y emoci\u00f3n genuina.<\/p>\n<p><iframe title=\"Superman | Tr\u00e1iler Oficial | Doblado\" width=\"800\" height=\"450\" src=\"https:\/\/www.youtube.com\/embed\/0X_kBulSMjQ?feature=oembed\" frameborder=\"0\" allow=\"accelerometer; autoplay; clipboard-write; encrypted-media; gyroscope; picture-in-picture; web-share\" referrerpolicy=\"strict-origin-when-cross-origin\" allowfullscreen><\/iframe><\/p>\n<p>En esta nueva versi\u00f3n, Clark Kent es retratado como un h\u00e9roe profundamente humano, guiado por su compasi\u00f3n y por la creencia de que la bondad a\u00fan puede prevalecer en el mundo. La propuesta se aleja de los tonos oscuros de versiones anteriores y presenta a un Superman inspirador, que ve sus poderes como una responsabilidad moral \u2014 no solo como fuerza bruta.<\/p>\n<p>En el papel principal, David Corenswet asume el manto del Hombre de Acero, mientras que Rachel Brosnahan interpreta a la intr\u00e9pida reportera Lois Lane. El elenco tambi\u00e9n incluye a Nicholas Hoult como el villano Lex Luthor y Edi Gathegi como el Sr. Incre\u00edble, adem\u00e1s de importantes participaciones de Anthony Carrigan (Metamorfo), Nathan Fillion (Linterna Verde), Isabela Merced (Hawkgirl), Skyler Gisondo (Jimmy Olsen), Sara Sampaio (Eve Teschmacher), Wendell Pierce (Perry White) y Milly Alcock como Supergirl. La diversidad de personajes promete establecer las bases para los pr\u00f3ximos cap\u00edtulos de este nuevo DCU.<\/p>\n","protected":false},"excerpt":{"rendered":"<p>Uno de los estrenos m\u00e1s esperados de 2025, &#8216;Superman&#8217; presenta dos escenas post-cr\u00e9ditos; conoce m\u00e1s sobre cada una de ellas.<\/p>\n","protected":false},"author":21,"featured_media":54415,"comment_status":"open","ping_status":"open","sticky":false,"template":"","format":"standard","meta":{"_acf_changed":false,"footnotes":""},"categories":[5931],"tags":[7246,6173,7258,6104],"class_list":["post-54592","post","type-post","status-publish","format-standard","has-post-thumbnail","hentry","category-peliculas-mx","tag-dc-br-mx","tag-james-gunn","tag-superman-br-mx","tag-warner-bros"],"acf":{"subtitulo":"Uno de los estrenos m\u00e1s esperados de 2025, 'Superman' presenta dos escenas post-cr\u00e9ditos; conoce m\u00e1s sobre cada una de ellas.","id_ator":""},"yoast_head":"<!-- This site is optimized with the Yoast SEO plugin v26.1.1 - https:\/\/yoast.com\/wordpress\/plugins\/seo\/ -->\n<title>&#039;Superman&#039;: \u00bfCu\u00e1les son las escenas post cr\u00e9ditos de la pel\u00edcula? - News Filmelier<\/title>\n<meta name=\"description\" content=\"Uno de los estrenos m\u00e1s esperados de 2025, &#039;Superman&#039; presenta dos escenas post-cr\u00e9ditos; conoce m\u00e1s sobre cada una de ellas.\" \/>\n<meta name=\"robots\" content=\"index, follow, max-snippet:-1, max-image-preview:large, max-video-preview:-1\" \/>\n<link rel=\"canonical\" href=\"https:\/\/news.filmelier.com\/mx\/superman-escenas-post-creditos\/\" \/>\n<meta property=\"og:locale\" content=\"es_MX\" \/>\n<meta property=\"og:type\" content=\"article\" \/>\n<meta property=\"og:title\" content=\"&#039;Superman&#039;: \u00bfCu\u00e1les son las escenas post cr\u00e9ditos de la pel\u00edcula? - News Filmelier\" \/>\n<meta property=\"og:description\" content=\"Uno de los estrenos m\u00e1s esperados de 2025, &#039;Superman&#039; presenta dos escenas post-cr\u00e9ditos; conoce m\u00e1s sobre cada una de ellas.\" \/>\n<meta property=\"og:url\" content=\"https:\/\/news.filmelier.com\/mx\/superman-escenas-post-creditos\/\" \/>\n<meta property=\"og:site_name\" content=\"News Filmelier\" \/>\n<meta property=\"article:published_time\" content=\"2025-07-11T03:10:40+00:00\" \/>\n<meta property=\"article:modified_time\" content=\"2025-07-11T03:16:40+00:00\" \/>\n<meta property=\"og:image\" content=\"https:\/\/homolog.news.filmelier.com\/wp-content\/uploads\/2025\/07\/superman-justice-gang.webp\" \/>\n\t<meta property=\"og:image:width\" content=\"1200\" \/>\n\t<meta property=\"og:image:height\" content=\"800\" \/>\n\t<meta property=\"og:image:type\" content=\"image\/webp\" \/>\n<meta name=\"author\" content=\"Matheus Mans\" \/>\n<meta name=\"twitter:card\" content=\"summary_large_image\" \/>\n<meta name=\"twitter:label1\" content=\"Escrito por\" \/>\n\t<meta name=\"twitter:data1\" content=\"Matheus Mans\" \/>\n\t<meta name=\"twitter:label2\" content=\"Tiempo de lectura\" \/>\n\t<meta name=\"twitter:data2\" content=\"3 minutos\" \/>\n<script type=\"application\/ld+json\" class=\"yoast-schema-graph\">{\"@context\":\"https:\/\/schema.org\",\"@graph\":[{\"@type\":\"Article\",\"@id\":\"https:\/\/news.filmelier.com\/mx\/superman-escenas-post-creditos\/#article\",\"isPartOf\":{\"@id\":\"https:\/\/news.filmelier.com\/mx\/superman-escenas-post-creditos\/\"},\"author\":{\"name\":\"Matheus Mans\",\"@id\":\"https:\/\/homolog.news.filmelier.com\/mx\/#\/schema\/person\/bed674124135ac4309c6d6286a06b8d2\"},\"headline\":\"&#8216;Superman&#8217;: \u00bfCu\u00e1les son las escenas post cr\u00e9ditos de la pel\u00edcula?\",\"datePublished\":\"2025-07-11T03:10:40+00:00\",\"dateModified\":\"2025-07-11T03:16:40+00:00\",\"mainEntityOfPage\":{\"@id\":\"https:\/\/news.filmelier.com\/mx\/superman-escenas-post-creditos\/\"},\"wordCount\":436,\"commentCount\":0,\"publisher\":{\"@id\":\"https:\/\/homolog.news.filmelier.com\/mx\/#organization\"},\"image\":{\"@id\":\"https:\/\/news.filmelier.com\/mx\/superman-escenas-post-creditos\/#primaryimage\"},\"thumbnailUrl\":\"https:\/\/news.filmelier.com\/wp-content\/uploads\/2025\/07\/superman-justice-gang.webp\",\"keywords\":[\"DC\",\"James Gunn\",\"Superman\",\"Warner Bros.\"],\"articleSection\":[\"Pel\u00edculas\"],\"inLanguage\":\"es\",\"potentialAction\":[{\"@type\":\"CommentAction\",\"name\":\"Comment\",\"target\":[\"https:\/\/news.filmelier.com\/mx\/superman-escenas-post-creditos\/#respond\"]}]},{\"@type\":\"WebPage\",\"@id\":\"https:\/\/news.filmelier.com\/mx\/superman-escenas-post-creditos\/\",\"url\":\"https:\/\/news.filmelier.com\/mx\/superman-escenas-post-creditos\/\",\"name\":\"'Superman': \u00bfCu\u00e1les son las escenas post cr\u00e9ditos de la pel\u00edcula? - News Filmelier\",\"isPartOf\":{\"@id\":\"https:\/\/homolog.news.filmelier.com\/mx\/#website\"},\"primaryImageOfPage\":{\"@id\":\"https:\/\/news.filmelier.com\/mx\/superman-escenas-post-creditos\/#primaryimage\"},\"image\":{\"@id\":\"https:\/\/news.filmelier.com\/mx\/superman-escenas-post-creditos\/#primaryimage\"},\"thumbnailUrl\":\"https:\/\/news.filmelier.com\/wp-content\/uploads\/2025\/07\/superman-justice-gang.webp\",\"datePublished\":\"2025-07-11T03:10:40+00:00\",\"dateModified\":\"2025-07-11T03:16:40+00:00\",\"description\":\"Uno de los estrenos m\u00e1s esperados de 2025, 'Superman' presenta dos escenas post-cr\u00e9ditos; conoce m\u00e1s sobre cada una de ellas.\",\"breadcrumb\":{\"@id\":\"https:\/\/news.filmelier.com\/mx\/superman-escenas-post-creditos\/#breadcrumb\"},\"inLanguage\":\"es\",\"potentialAction\":[{\"@type\":\"ReadAction\",\"target\":[\"https:\/\/news.filmelier.com\/mx\/superman-escenas-post-creditos\/\"]}]},{\"@type\":\"ImageObject\",\"inLanguage\":\"es\",\"@id\":\"https:\/\/news.filmelier.com\/mx\/superman-escenas-post-creditos\/#primaryimage\",\"url\":\"https:\/\/news.filmelier.com\/wp-content\/uploads\/2025\/07\/superman-justice-gang.webp\",\"contentUrl\":\"https:\/\/news.filmelier.com\/wp-content\/uploads\/2025\/07\/superman-justice-gang.webp\",\"width\":1200,\"height\":800,\"caption\":\"(Cr\u00e9dito: Warner Bros. Pictues)\"},{\"@type\":\"BreadcrumbList\",\"@id\":\"https:\/\/news.filmelier.com\/mx\/superman-escenas-post-creditos\/#breadcrumb\",\"itemListElement\":[{\"@type\":\"ListItem\",\"position\":1,\"name\":\"In\u00edcio\",\"item\":\"https:\/\/homolog.news.filmelier.com\/mx\/\"},{\"@type\":\"ListItem\",\"position\":2,\"name\":\"&#8216;Superman&#8217;: \u00bfCu\u00e1les son las escenas post cr\u00e9ditos de la pel\u00edcula?\"}]},{\"@type\":\"WebSite\",\"@id\":\"https:\/\/homolog.news.filmelier.com\/mx\/#website\",\"url\":\"https:\/\/homolog.news.filmelier.com\/mx\/\",\"name\":\"Homolog Filmelier News Rankrup\",\"description\":\"\",\"publisher\":{\"@id\":\"https:\/\/homolog.news.filmelier.com\/mx\/#organization\"},\"potentialAction\":[{\"@type\":\"SearchAction\",\"target\":{\"@type\":\"EntryPoint\",\"urlTemplate\":\"https:\/\/homolog.news.filmelier.com\/mx\/?s={search_term_string}\"},\"query-input\":{\"@type\":\"PropertyValueSpecification\",\"valueRequired\":true,\"valueName\":\"search_term_string\"}}],\"inLanguage\":\"es\"},{\"@type\":\"Organization\",\"@id\":\"https:\/\/homolog.news.filmelier.com\/mx\/#organization\",\"name\":\"Homolog Filmelier News Rankrup\",\"url\":\"https:\/\/homolog.news.filmelier.com\/mx\/\",\"logo\":{\"@type\":\"ImageObject\",\"inLanguage\":\"es\",\"@id\":\"https:\/\/homolog.news.filmelier.com\/mx\/#\/schema\/logo\/image\/\",\"url\":\"https:\/\/news.filmelier.com\/wp-content\/uploads\/2024\/11\/Logo-News.png\",\"contentUrl\":\"https:\/\/news.filmelier.com\/wp-content\/uploads\/2024\/11\/Logo-News.png\",\"width\":460,\"height\":108,\"caption\":\"Homolog Filmelier News Rankrup\"},\"image\":{\"@id\":\"https:\/\/homolog.news.filmelier.com\/mx\/#\/schema\/logo\/image\/\"}},{\"@type\":\"Person\",\"@id\":\"https:\/\/homolog.news.filmelier.com\/mx\/#\/schema\/person\/bed674124135ac4309c6d6286a06b8d2\",\"name\":\"Matheus Mans\",\"image\":{\"@type\":\"ImageObject\",\"inLanguage\":\"es\",\"@id\":\"https:\/\/homolog.news.filmelier.com\/mx\/#\/schema\/person\/image\/\",\"url\":\"https:\/\/secure.gravatar.com\/avatar\/6d2ce80225ec344e6533f7d7e6d801e11991009ea7dfa33b3bb9117b245ebd33?s=96&d=mm&r=g\",\"contentUrl\":\"https:\/\/secure.gravatar.com\/avatar\/6d2ce80225ec344e6533f7d7e6d801e11991009ea7dfa33b3bb9117b245ebd33?s=96&d=mm&r=g\",\"caption\":\"Matheus Mans\"},\"url\":\"https:\/\/news.filmelier.com\/mx\/author\/matheus\/\"}]}<\/script>\n<!-- \/ Yoast SEO plugin. -->","yoast_head_json":{"title":"'Superman': \u00bfCu\u00e1les son las escenas post cr\u00e9ditos de la pel\u00edcula? - News Filmelier","description":"Uno de los estrenos m\u00e1s esperados de 2025, 'Superman' presenta dos escenas post-cr\u00e9ditos; conoce m\u00e1s sobre cada una de ellas.","robots":{"index":"index","follow":"follow","max-snippet":"max-snippet:-1","max-image-preview":"max-image-preview:large","max-video-preview":"max-video-preview:-1"},"canonical":"https:\/\/news.filmelier.com\/mx\/superman-escenas-post-creditos\/","og_locale":"es_MX","og_type":"article","og_title":"'Superman': \u00bfCu\u00e1les son las escenas post cr\u00e9ditos de la pel\u00edcula? - News Filmelier","og_description":"Uno de los estrenos m\u00e1s esperados de 2025, 'Superman' presenta dos escenas post-cr\u00e9ditos; conoce m\u00e1s sobre cada una de ellas.","og_url":"https:\/\/news.filmelier.com\/mx\/superman-escenas-post-creditos\/","og_site_name":"News Filmelier","article_published_time":"2025-07-11T03:10:40+00:00","article_modified_time":"2025-07-11T03:16:40+00:00","og_image":[{"width":1200,"height":800,"url":"https:\/\/homolog.news.filmelier.com\/wp-content\/uploads\/2025\/07\/superman-justice-gang.webp","type":"image\/webp"}],"author":"Matheus Mans","twitter_card":"summary_large_image","twitter_misc":{"Escrito por":"Matheus Mans","Tiempo de lectura":"3 minutos"},"schema":{"@context":"https:\/\/schema.org","@graph":[{"@type":"Article","@id":"https:\/\/news.filmelier.com\/mx\/superman-escenas-post-creditos\/#article","isPartOf":{"@id":"https:\/\/news.filmelier.com\/mx\/superman-escenas-post-creditos\/"},"author":{"name":"Matheus Mans","@id":"https:\/\/homolog.news.filmelier.com\/mx\/#\/schema\/person\/bed674124135ac4309c6d6286a06b8d2"},"headline":"&#8216;Superman&#8217;: \u00bfCu\u00e1les son las escenas post cr\u00e9ditos de la pel\u00edcula?","datePublished":"2025-07-11T03:10:40+00:00","dateModified":"2025-07-11T03:16:40+00:00","mainEntityOfPage":{"@id":"https:\/\/news.filmelier.com\/mx\/superman-escenas-post-creditos\/"},"wordCount":436,"commentCount":0,"publisher":{"@id":"https:\/\/homolog.news.filmelier.com\/mx\/#organization"},"image":{"@id":"https:\/\/news.filmelier.com\/mx\/superman-escenas-post-creditos\/#primaryimage"},"thumbnailUrl":"https:\/\/news.filmelier.com\/wp-content\/uploads\/2025\/07\/superman-justice-gang.webp","keywords":["DC","James Gunn","Superman","Warner Bros."],"articleSection":["Pel\u00edculas"],"inLanguage":"es","potentialAction":[{"@type":"CommentAction","name":"Comment","target":["https:\/\/news.filmelier.com\/mx\/superman-escenas-post-creditos\/#respond"]}]},{"@type":"WebPage","@id":"https:\/\/news.filmelier.com\/mx\/superman-escenas-post-creditos\/","url":"https:\/\/news.filmelier.com\/mx\/superman-escenas-post-creditos\/","name":"'Superman': \u00bfCu\u00e1les son las escenas post cr\u00e9ditos de la pel\u00edcula? - News Filmelier","isPartOf":{"@id":"https:\/\/homolog.news.filmelier.com\/mx\/#website"},"primaryImageOfPage":{"@id":"https:\/\/news.filmelier.com\/mx\/superman-escenas-post-creditos\/#primaryimage"},"image":{"@id":"https:\/\/news.filmelier.com\/mx\/superman-escenas-post-creditos\/#primaryimage"},"thumbnailUrl":"https:\/\/news.filmelier.com\/wp-content\/uploads\/2025\/07\/superman-justice-gang.webp","datePublished":"2025-07-11T03:10:40+00:00","dateModified":"2025-07-11T03:16:40+00:00","description":"Uno de los estrenos m\u00e1s esperados de 2025, 'Superman' presenta dos escenas post-cr\u00e9ditos; conoce m\u00e1s sobre cada una de ellas.","breadcrumb":{"@id":"https:\/\/news.filmelier.com\/mx\/superman-escenas-post-creditos\/#breadcrumb"},"inLanguage":"es","potentialAction":[{"@type":"ReadAction","target":["https:\/\/news.filmelier.com\/mx\/superman-escenas-post-creditos\/"]}]},{"@type":"ImageObject","inLanguage":"es","@id":"https:\/\/news.filmelier.com\/mx\/superman-escenas-post-creditos\/#primaryimage","url":"https:\/\/news.filmelier.com\/wp-content\/uploads\/2025\/07\/superman-justice-gang.webp","contentUrl":"https:\/\/news.filmelier.com\/wp-content\/uploads\/2025\/07\/superman-justice-gang.webp","width":1200,"height":800,"caption":"(Cr\u00e9dito: Warner Bros. Pictues)"},{"@type":"BreadcrumbList","@id":"https:\/\/news.filmelier.com\/mx\/superman-escenas-post-creditos\/#breadcrumb","itemListElement":[{"@type":"ListItem","position":1,"name":"In\u00edcio","item":"https:\/\/homolog.news.filmelier.com\/mx\/"},{"@type":"ListItem","position":2,"name":"&#8216;Superman&#8217;: \u00bfCu\u00e1les son las escenas post cr\u00e9ditos de la pel\u00edcula?"}]},{"@type":"WebSite","@id":"https:\/\/homolog.news.filmelier.com\/mx\/#website","url":"https:\/\/homolog.news.filmelier.com\/mx\/","name":"Homolog Filmelier News Rankrup","description":"","publisher":{"@id":"https:\/\/homolog.news.filmelier.com\/mx\/#organization"},"potentialAction":[{"@type":"SearchAction","target":{"@type":"EntryPoint","urlTemplate":"https:\/\/homolog.news.filmelier.com\/mx\/?s={search_term_string}"},"query-input":{"@type":"PropertyValueSpecification","valueRequired":true,"valueName":"search_term_string"}}],"inLanguage":"es"},{"@type":"Organization","@id":"https:\/\/homolog.news.filmelier.com\/mx\/#organization","name":"Homolog Filmelier News Rankrup","url":"https:\/\/homolog.news.filmelier.com\/mx\/","logo":{"@type":"ImageObject","inLanguage":"es","@id":"https:\/\/homolog.news.filmelier.com\/mx\/#\/schema\/logo\/image\/","url":"https:\/\/news.filmelier.com\/wp-content\/uploads\/2024\/11\/Logo-News.png","contentUrl":"https:\/\/news.filmelier.com\/wp-content\/uploads\/2024\/11\/Logo-News.png","width":460,"height":108,"caption":"Homolog Filmelier News Rankrup"},"image":{"@id":"https:\/\/homolog.news.filmelier.com\/mx\/#\/schema\/logo\/image\/"}},{"@type":"Person","@id":"https:\/\/homolog.news.filmelier.com\/mx\/#\/schema\/person\/bed674124135ac4309c6d6286a06b8d2","name":"Matheus Mans","image":{"@type":"ImageObject","inLanguage":"es","@id":"https:\/\/homolog.news.filmelier.com\/mx\/#\/schema\/person\/image\/","url":"https:\/\/secure.gravatar.com\/avatar\/6d2ce80225ec344e6533f7d7e6d801e11991009ea7dfa33b3bb9117b245ebd33?s=96&d=mm&r=g","contentUrl":"https:\/\/secure.gravatar.com\/avatar\/6d2ce80225ec344e6533f7d7e6d801e11991009ea7dfa33b3bb9117b245ebd33?s=96&d=mm&r=g","caption":"Matheus Mans"},"url":"https:\/\/news.filmelier.com\/mx\/author\/matheus\/"}]}},"_links":{"self":[{"href":"https:\/\/news.filmelier.com\/mx\/wp-json\/wp\/v2\/posts\/54592","targetHints":{"allow":["GET"]}}],"collection":[{"href":"https:\/\/news.filmelier.com\/mx\/wp-json\/wp\/v2\/posts"}],"about":[{"href":"https:\/\/news.filmelier.com\/mx\/wp-json\/wp\/v2\/types\/post"}],"author":[{"embeddable":true,"href":"https:\/\/news.filmelier.com\/mx\/wp-json\/wp\/v2\/users\/21"}],"replies":[{"embeddable":true,"href":"https:\/\/news.filmelier.com\/mx\/wp-json\/wp\/v2\/comments?post=54592"}],"version-history":[{"count":2,"href":"https:\/\/news.filmelier.com\/mx\/wp-json\/wp\/v2\/posts\/54592\/revisions"}],"predecessor-version":[{"id":54599,"href":"https:\/\/news.filmelier.com\/mx\/wp-json\/wp\/v2\/posts\/54592\/revisions\/54599"}],"wp:featuredmedia":[{"embeddable":true,"href":"https:\/\/news.filmelier.com\/mx\/wp-json\/wp\/v2\/media\/54415"}],"wp:attachment":[{"href":"https:\/\/news.filmelier.com\/mx\/wp-json\/wp\/v2\/media?parent=54592"}],"wp:term":[{"taxonomy":"category","embeddable":true,"href":"https:\/\/news.filmelier.com\/mx\/wp-json\/wp\/v2\/categories?post=54592"},{"taxonomy":"post_tag","embeddable":true,"href":"https:\/\/news.filmelier.com\/mx\/wp-json\/wp\/v2\/tags?post=54592"}],"curies":[{"name":"wp","href":"https:\/\/api.w.org\/{rel}","templated":true}]}}