{"id":59537,"date":"2025-10-29T20:11:13","date_gmt":"2025-10-29T20:11:13","guid":{"rendered":"https:\/\/news.filmelier.com\/?p=59537"},"modified":"2025-11-04T20:59:27","modified_gmt":"2025-11-04T20:59:27","slug":"critica-a-meia-irma-feia","status":"publish","type":"post","link":"https:\/\/news.filmelier.com\/br\/critica-a-meia-irma-feia\/","title":{"rendered":"Cr\u00edtica: &#8216;A Meia-Irm\u00e3 Feia&#8217; e a tortura da beleza"},"content":{"rendered":"<p>&#8220;Cinderela mas pela via do <a href=\"https:\/\/www.filmelier.com\/br\/list\/conheca-terror-body-horror\" target=\"_blank\" rel=\"noopener\">horror corporal<\/a>&#8221; poderia soar como uma descri\u00e7\u00e3o pouco lisonjeira, considerando a recente moda de \u00e1vidas, mas muito medianas, <a href=\"https:\/\/www.filmelier.com\/br\/list\/poohniverse-universo-infancia-retorcida-terror\" target=\"_blank\" rel=\"noopener\">pel\u00edculas de terror que adaptam contos de fadas<\/a>. No entanto, <a href=\"https:\/\/www.filmelier.com\/br\/filmes\/29710\/a-meia-irma-feia\" target=\"_blank\" rel=\"noopener\"><i>A Meia-Irm\u00e3 Feia<\/i><\/a> (<i>Den Stygge Stes\u00f8steren<\/i>, Noruega, Pol\u00f4nia, Su\u00e9cia e Dinamarca, 2025) \u00e9 muito mais do que uma mera adapta\u00e7\u00e3o para ganhar alguns d\u00f3lares com uns poucos sustos baratos. E o \u00e9, precisamente, pelo muito que tem a dizer sobre o pr\u00f3prio conto em que se inspira.<\/p>\n<ul>\n<li><strong>Leia tamb\u00e9m: <a href=\"https:\/\/news.filmelier.com\/br\/critica-mortos-entre-vivos-handling-the-undead\/\" target=\"_blank\" rel=\"noopener\">Cr\u00edtica de <em>Mortos Entre Vivos<\/em> (<em>Handling the Undead<\/em>): o zumbi como explora\u00e7\u00e3o do luto<\/a><\/strong><\/li>\n<\/ul>\n<p><iframe title=\"A MEIA-IRM\u00c3 FEIA | Trailer Oficial\" width=\"800\" height=\"450\" src=\"https:\/\/www.youtube.com\/embed\/2GMXhwCv6W8?feature=oembed\" frameborder=\"0\" allow=\"accelerometer; autoplay; clipboard-write; encrypted-media; gyroscope; picture-in-picture; web-share\" referrerpolicy=\"strict-origin-when-cross-origin\" allowfullscreen><\/iframe><\/p>\n<p>Por extens\u00e3o, o longa-metragem de estreia da diretora e roteirista Emilie Blichfeldt \u00e9, tamb\u00e9m, uma \u00e1cida s\u00e1tira da misoginia internalizada em tantos relatos similares, que perpetuam ideais de beleza t\u00e3o exagerados como francamente nocivos e violentos. \u00c9, portanto, um filme mais aparentado est\u00e9tica, tem\u00e1tica e tonalmente com <a href=\"https:\/\/www.filmelier.com\/mx\/peliculas\/25579\/la-sustancia\" target=\"_blank\" rel=\"noopener\"><i>A Subst\u00e2ncia<\/i><\/a> (<i>The Substance<\/i>, Fran\u00e7a, Estados Unidos e Reino Unido, 2024), sucesso de <i>body horror<\/i> do ano anterior.<\/p>\n<ul>\n<li><strong>Leia mais: <a href=\"https:\/\/news.filmelier.com\/br\/feminismo-no-cinema-de-terror\/\"><em>A Meia-Irm\u00e3 Feia<\/em>\u00a0e o feminismo no cinema de terror<\/a><\/strong><\/li>\n<\/ul>\n<h2>Qual \u00e9 a hist\u00f3ria de <em>A Meia-Irm\u00e3 Feia<\/em>?<\/h2>\n<p>A vi\u00fava Rebekka (Ane Dahl Torp) tem duas filhas: Elvira (Lea Myren) e Alma (Flo Fagerli). Acreditando que ele tem dinheiro, casa-se com um velho vi\u00favo, Otto (Ralph Carlsson), que tem uma bela filha, Agnes (Thea Sofie Loch N\u00e6ss). No entanto, quando ele morre repentinamente, descobre que est\u00e3o na fal\u00eancia e seus sonhos de riqueza se desvanecem.<\/p>\n<p>O ressentimento cresce pois Agnes desdenha de Rebekka e suas meias-irm\u00e3s por n\u00e3o virem de alta linhagem. Enquanto isso, para melhorar as finan\u00e7as familiares, a madrastra planeja casar Elvira com o pr\u00edncipe Julian (Isac Calmroth), que convocou um baile pelo reino. Embora Elvira esteja obcecada com a ideia de casar-se com o pr\u00edncipe, sua m\u00e3e sabe que ela n\u00e3o tem oportunidade, sobretudo comparada com Agnes, assim a submete a uma s\u00e9rie de tratamentos e cirurgias est\u00e9ticas cada vez mais brutais, para fazer dela uma mulher bela e graciosa.<\/p>\n<figure id=\"attachment_57586\" aria-describedby=\"caption-attachment-57586\" style=\"width: 800px\" class=\"wp-caption alignnone\"><img fetchpriority=\"high\" decoding=\"async\" class=\"size-full wp-image-57586\" src=\"https:\/\/news.filmelier.com\/wp-content\/uploads\/2025\/09\/the-ugly-stepsister.webp\" alt=\"A Meia-Irm\u00e3 Feia (The Ugly Stepsister)\" width=\"800\" height=\"450\" srcset=\"https:\/\/news.filmelier.com\/wp-content\/uploads\/2025\/09\/the-ugly-stepsister.webp 800w, https:\/\/news.filmelier.com\/wp-content\/uploads\/2025\/09\/the-ugly-stepsister-300x169.webp 300w, https:\/\/news.filmelier.com\/wp-content\/uploads\/2025\/09\/the-ugly-stepsister-768x432.webp 768w, https:\/\/news.filmelier.com\/wp-content\/uploads\/2025\/09\/the-ugly-stepsister-150x84.webp 150w\" sizes=\"(max-width: 800px) 100vw, 800px\" \/><figcaption id=\"caption-attachment-57586\" class=\"wp-caption-text\"><em>O filme explora as din\u00e2micas da misoginia internalizada mesmo entre mulheres, m\u00e3e e filha (Cr\u00e9dito: Mares Filmes)<\/em><\/figcaption><\/figure>\n<h2><i>A Meia-Irm\u00e3 Feia<\/i> ilustra todas as press\u00f5es sist\u00eamicas de ser mulher<\/h2>\n<p>A grandiosidade tanto do <a href=\"https:\/\/www.filmelier.com\/br\/terror\" target=\"_blank\" rel=\"noopener\">cinema de terror<\/a> como dos contos de fadas reside em sua flexibilidade para abordar certas quest\u00f5es em forma de alegoria ou subtexto sutilmente mascarado na fantasia. Exceto que Blichfeldt tem a mesma sutileza que um golpe de cinzel e martelo direto no nariz. O que em outras m\u00e3os daria motivo para queixa, \u00e9 um cumprimento neste caso.<\/p>\n<p>Sim, <i>A Meia-Irm\u00e3 Feia<\/i> \u00e9 grosseira em sua cr\u00edtica \u00e0 ind\u00fastria da beleza e \u00e0 arbitrariedade de seus padr\u00f5es, que se bem consistem em sufocantes espartilhos, escolas de refinamento, dolorosos tratamentos e outras monstruosidades autoinfligidas no mundo do filme; bem poderiam se traduzir nos regimes alimentares de jejum, tratamentos com semaglutida e aspiracionismo est\u00e9tico tiktoker de nossa era.<\/p>\n<h3>Filme <em>The Ugly Stepsister\u00a0<\/em>aprofunda cr\u00edtica com terror feminino<\/h3>\n<p>No entanto, o interessante est\u00e1 em que Blichfeldt n\u00e3o fica na superf\u00edcie, mas entende esses v\u00edcios como parte de uma misoginia sist\u00eamica na qual esses padr\u00f5es de beleza s\u00e3o sintoma de uma doen\u00e7a onde se conjugam fatores como a independ\u00eancia econ\u00f4mica (ou a impossibilidade da mesma), a moral sexual e suas entrela\u00e7adas hipocrisias. Que maior horror que submeter o pr\u00f3prio corpo \u00e0s azaradas vontades do desejo masculino, \u00fanica via para escapar de uma mis\u00e9ria assegurada\u2014ou, pior ainda, dar essa sa\u00edda a algu\u00e9m mais?<\/p>\n<figure id=\"attachment_57583\" aria-describedby=\"caption-attachment-57583\" style=\"width: 800px\" class=\"wp-caption alignnone\"><img decoding=\"async\" class=\"size-full wp-image-57583\" src=\"https:\/\/news.filmelier.com\/wp-content\/uploads\/2025\/09\/la-hermanastra-fea-the-ugly-stepsister.webp\" alt=\"A Meia-Irm\u00e3 Feia (The Ugly Stepsister)\" width=\"800\" height=\"450\" srcset=\"https:\/\/news.filmelier.com\/wp-content\/uploads\/2025\/09\/la-hermanastra-fea-the-ugly-stepsister.webp 800w, https:\/\/news.filmelier.com\/wp-content\/uploads\/2025\/09\/la-hermanastra-fea-the-ugly-stepsister-300x169.webp 300w, https:\/\/news.filmelier.com\/wp-content\/uploads\/2025\/09\/la-hermanastra-fea-the-ugly-stepsister-768x432.webp 768w, https:\/\/news.filmelier.com\/wp-content\/uploads\/2025\/09\/la-hermanastra-fea-the-ugly-stepsister-150x84.webp 150w\" sizes=\"(max-width: 800px) 100vw, 800px\" \/><figcaption id=\"caption-attachment-57583\" class=\"wp-caption-text\"><em>A Meia-Irm\u00e3 Feia brinda um horror que se torna dif\u00edcil de mirar em incrementos (Cr\u00e9dito: Mares Filmes)<\/em><\/figcaption><\/figure>\n<p>Esse horror, aqui, se torna real e tang\u00edvel no corpo da protagonista, que ao n\u00e3o encontrar maior valor em si mesma que como ficha de troca familiar ou como prospectiva esposa submissa, se abandona aos mandatos do &#8220;mercado&#8221;.<\/p>\n<p>A diretora, em conjunto com seu fot\u00f3grafo Marcel Zyskind e suas designer de produ\u00e7\u00e3o e de arte, Sabine Hviid e Klaudia Klimka; encontra um delicado equil\u00edbrio entre a eleg\u00e2ncia de um drama de \u00e9poca e o horror da transforma\u00e7\u00e3o corporal em suas formas mais abjetas e sangrentas.<\/p>\n<p>Todo o conjunto \u00e9 habilmente atravessado por um senso de humor sat\u00edrico que ultrapassa um ponto do qual n\u00e3o h\u00e1 retorno: tudo s\u00e3o risos e divers\u00e3o at\u00e9 que esse abandono se converte em imagens que tornam dif\u00edcil sustentar o olhar na tela. E conseguir com sucesso tal ato de equilibrismo, faz de Blichfeldt uma cineasta a quem n\u00e3o devemos perder de vista.<\/p>\n<p><strong><a href=\"https:\/\/www.filmelier.com\/br\/filmes\/29710\/a-meia-irma-feia\"><i>A Meia-Irm\u00e3 Feia<\/i> j\u00e1 est\u00e1 nos cinemas brasileiros.<\/a><\/strong><\/p>\n","protected":false},"excerpt":{"rendered":"<p>Com uma perversa e divertida reviravolta em &#8216;Cinderela&#8217;, &#8216;A Meia-Irm\u00e3 Feia&#8217; reflete sobre a misoginia que subjaz os padr\u00f5es de beleza.<\/p>\n","protected":false},"author":20,"featured_media":59538,"comment_status":"closed","ping_status":"closed","sticky":false,"template":"","format":"standard","meta":{"_acf_changed":false,"footnotes":""},"categories":[3481,3482],"tags":[10352,8212,9484,3520,10353],"class_list":["post-59537","post","type-post","status-publish","format-standard","has-post-thumbnail","hentry","category-criticas-br","category-filmes-br","tag-a-meia-irma-feia","tag-body-horror-br","tag-cinderella","tag-terror-br","tag-the-ugly-stepsister-br"],"acf":{"subtitulo":"Com uma perversa e divertida reviravolta em 'Cinderela', 'A Meia-Irm\u00e3 Feia' reflete sobre a misoginia que subjaz os padr\u00f5es de beleza.","id_ator":"nm10512214, nm10973506, nm0138120, nm12608830, nm2186074, nm1335996"},"yoast_head":"<!-- This site is optimized with the Yoast SEO plugin v26.1.1 - https:\/\/yoast.com\/wordpress\/plugins\/seo\/ -->\n<title>Cr\u00edtica: &#039;A Meia-Irm\u00e3 Feia&#039; e a tortura da beleza - Filmelier<\/title>\n<meta name=\"description\" content=\"Com uma perversa e divertida reviravolta em &#039;Cinderela&#039;, &#039;A Meia-Irm\u00e3 Feia&#039; reflete sobre a misoginia que subjaz os padr\u00f5es de beleza.\" \/>\n<meta name=\"robots\" content=\"index, follow, max-snippet:-1, max-image-preview:large, max-video-preview:-1\" \/>\n<link rel=\"canonical\" href=\"https:\/\/news.filmelier.com\/br\/critica-a-meia-irma-feia\/\" \/>\n<meta property=\"og:locale\" content=\"pt_BR\" \/>\n<meta property=\"og:type\" content=\"article\" \/>\n<meta property=\"og:title\" content=\"Cr\u00edtica: &#039;A Meia-Irm\u00e3 Feia&#039; e a tortura da beleza - Filmelier\" \/>\n<meta property=\"og:description\" content=\"Com uma perversa e divertida reviravolta em &#039;Cinderela&#039;, &#039;A Meia-Irm\u00e3 Feia&#039; reflete sobre a misoginia que subjaz os padr\u00f5es de beleza.\" \/>\n<meta property=\"og:url\" content=\"https:\/\/news.filmelier.com\/br\/critica-a-meia-irma-feia\/\" \/>\n<meta property=\"og:site_name\" content=\"News Filmelier\" \/>\n<meta property=\"article:published_time\" content=\"2025-10-29T20:11:13+00:00\" \/>\n<meta property=\"article:modified_time\" content=\"2025-11-04T20:59:27+00:00\" \/>\n<meta property=\"og:image\" content=\"https:\/\/homolog.news.filmelier.com\/wp-content\/uploads\/2025\/10\/a-meia-irma-feia.webp\" \/>\n\t<meta property=\"og:image:width\" content=\"1200\" \/>\n\t<meta property=\"og:image:height\" content=\"800\" \/>\n\t<meta property=\"og:image:type\" content=\"image\/webp\" \/>\n<meta name=\"author\" content=\"Lalo Ortega\" \/>\n<meta name=\"twitter:card\" content=\"summary_large_image\" \/>\n<meta name=\"twitter:label1\" content=\"Escrito por\" \/>\n\t<meta name=\"twitter:data1\" content=\"Lalo Ortega\" \/>\n\t<meta name=\"twitter:label2\" content=\"Est. tempo de leitura\" \/>\n\t<meta name=\"twitter:data2\" content=\"4 minutos\" \/>\n<script type=\"application\/ld+json\" class=\"yoast-schema-graph\">{\"@context\":\"https:\/\/schema.org\",\"@graph\":[{\"@type\":\"Article\",\"@id\":\"https:\/\/news.filmelier.com\/br\/critica-a-meia-irma-feia\/#article\",\"isPartOf\":{\"@id\":\"https:\/\/news.filmelier.com\/br\/critica-a-meia-irma-feia\/\"},\"author\":{\"name\":\"Lalo Ortega\",\"@id\":\"https:\/\/homolog.news.filmelier.com\/br\/#\/schema\/person\/bc393b46ea1d056e9889f90b246255ee\"},\"headline\":\"Cr\u00edtica: &#8216;A Meia-Irm\u00e3 Feia&#8217; e a tortura da beleza\",\"datePublished\":\"2025-10-29T20:11:13+00:00\",\"dateModified\":\"2025-11-04T20:59:27+00:00\",\"mainEntityOfPage\":{\"@id\":\"https:\/\/news.filmelier.com\/br\/critica-a-meia-irma-feia\/\"},\"wordCount\":835,\"publisher\":{\"@id\":\"https:\/\/homolog.news.filmelier.com\/br\/#organization\"},\"image\":{\"@id\":\"https:\/\/news.filmelier.com\/br\/critica-a-meia-irma-feia\/#primaryimage\"},\"thumbnailUrl\":\"https:\/\/news.filmelier.com\/wp-content\/uploads\/2025\/10\/a-meia-irma-feia.webp\",\"keywords\":[\"A Meia-Irm\u00e3 Feia\",\"body horror\",\"Cinderella\",\"terror\",\"The Ugly Stepsister\"],\"articleSection\":[\"Cr\u00edticas\",\"Filmes\"],\"inLanguage\":\"pt-BR\"},{\"@type\":\"WebPage\",\"@id\":\"https:\/\/news.filmelier.com\/br\/critica-a-meia-irma-feia\/\",\"url\":\"https:\/\/news.filmelier.com\/br\/critica-a-meia-irma-feia\/\",\"name\":\"Cr\u00edtica: 'A Meia-Irm\u00e3 Feia' e a tortura da beleza - Filmelier\",\"isPartOf\":{\"@id\":\"https:\/\/homolog.news.filmelier.com\/br\/#website\"},\"primaryImageOfPage\":{\"@id\":\"https:\/\/news.filmelier.com\/br\/critica-a-meia-irma-feia\/#primaryimage\"},\"image\":{\"@id\":\"https:\/\/news.filmelier.com\/br\/critica-a-meia-irma-feia\/#primaryimage\"},\"thumbnailUrl\":\"https:\/\/news.filmelier.com\/wp-content\/uploads\/2025\/10\/a-meia-irma-feia.webp\",\"datePublished\":\"2025-10-29T20:11:13+00:00\",\"dateModified\":\"2025-11-04T20:59:27+00:00\",\"description\":\"Com uma perversa e divertida reviravolta em 'Cinderela', 'A Meia-Irm\u00e3 Feia' reflete sobre a misoginia que subjaz os padr\u00f5es de beleza.\",\"breadcrumb\":{\"@id\":\"https:\/\/news.filmelier.com\/br\/critica-a-meia-irma-feia\/#breadcrumb\"},\"inLanguage\":\"pt-BR\",\"potentialAction\":[{\"@type\":\"ReadAction\",\"target\":[\"https:\/\/news.filmelier.com\/br\/critica-a-meia-irma-feia\/\"]}]},{\"@type\":\"ImageObject\",\"inLanguage\":\"pt-BR\",\"@id\":\"https:\/\/news.filmelier.com\/br\/critica-a-meia-irma-feia\/#primaryimage\",\"url\":\"https:\/\/news.filmelier.com\/wp-content\/uploads\/2025\/10\/a-meia-irma-feia.webp\",\"contentUrl\":\"https:\/\/news.filmelier.com\/wp-content\/uploads\/2025\/10\/a-meia-irma-feia.webp\",\"width\":1200,\"height\":800,\"caption\":\"(Cr\u00e9dito: Mares Filmes)\"},{\"@type\":\"BreadcrumbList\",\"@id\":\"https:\/\/news.filmelier.com\/br\/critica-a-meia-irma-feia\/#breadcrumb\",\"itemListElement\":[{\"@type\":\"ListItem\",\"position\":1,\"name\":\"In\u00edcio\",\"item\":\"https:\/\/homolog.news.filmelier.com\/br\/\"},{\"@type\":\"ListItem\",\"position\":2,\"name\":\"Cr\u00edtica: &#8216;A Meia-Irm\u00e3 Feia&#8217; e a tortura da beleza\"}]},{\"@type\":\"WebSite\",\"@id\":\"https:\/\/homolog.news.filmelier.com\/br\/#website\",\"url\":\"https:\/\/homolog.news.filmelier.com\/br\/\",\"name\":\"Homolog Filmelier News Rankrup\",\"description\":\"\",\"publisher\":{\"@id\":\"https:\/\/homolog.news.filmelier.com\/br\/#organization\"},\"potentialAction\":[{\"@type\":\"SearchAction\",\"target\":{\"@type\":\"EntryPoint\",\"urlTemplate\":\"https:\/\/homolog.news.filmelier.com\/br\/?s={search_term_string}\"},\"query-input\":{\"@type\":\"PropertyValueSpecification\",\"valueRequired\":true,\"valueName\":\"search_term_string\"}}],\"inLanguage\":\"pt-BR\"},{\"@type\":\"Organization\",\"@id\":\"https:\/\/homolog.news.filmelier.com\/br\/#organization\",\"name\":\"Homolog Filmelier News Rankrup\",\"url\":\"https:\/\/homolog.news.filmelier.com\/br\/\",\"logo\":{\"@type\":\"ImageObject\",\"inLanguage\":\"pt-BR\",\"@id\":\"https:\/\/homolog.news.filmelier.com\/br\/#\/schema\/logo\/image\/\",\"url\":\"https:\/\/news.filmelier.com\/wp-content\/uploads\/2024\/11\/Logo-News.png\",\"contentUrl\":\"https:\/\/news.filmelier.com\/wp-content\/uploads\/2024\/11\/Logo-News.png\",\"width\":460,\"height\":108,\"caption\":\"Homolog Filmelier News Rankrup\"},\"image\":{\"@id\":\"https:\/\/homolog.news.filmelier.com\/br\/#\/schema\/logo\/image\/\"}},{\"@type\":\"Person\",\"@id\":\"https:\/\/homolog.news.filmelier.com\/br\/#\/schema\/person\/bc393b46ea1d056e9889f90b246255ee\",\"name\":\"Lalo Ortega\",\"image\":{\"@type\":\"ImageObject\",\"inLanguage\":\"pt-BR\",\"@id\":\"https:\/\/homolog.news.filmelier.com\/br\/#\/schema\/person\/image\/\",\"url\":\"https:\/\/secure.gravatar.com\/avatar\/f3157eaf8168f3d46d009a8fc239950bcf17063f8b0138c7c844307471672d86?s=96&d=mm&r=g\",\"contentUrl\":\"https:\/\/secure.gravatar.com\/avatar\/f3157eaf8168f3d46d009a8fc239950bcf17063f8b0138c7c844307471672d86?s=96&d=mm&r=g\",\"caption\":\"Lalo Ortega\"},\"description\":\"Lalo Ortega is a Mexican film critic. He has written for publications such as EMPIRE en espa\u00f1ol, Cine PREMIERE, La Estatuilla and more. He is currently the editor-in-chief of Filmelier.\",\"url\":\"https:\/\/news.filmelier.com\/br\/author\/lalo\/\"}]}<\/script>\n<!-- \/ Yoast SEO plugin. -->","yoast_head_json":{"title":"Cr\u00edtica: 'A Meia-Irm\u00e3 Feia' e a tortura da beleza - Filmelier","description":"Com uma perversa e divertida reviravolta em 'Cinderela', 'A Meia-Irm\u00e3 Feia' reflete sobre a misoginia que subjaz os padr\u00f5es de beleza.","robots":{"index":"index","follow":"follow","max-snippet":"max-snippet:-1","max-image-preview":"max-image-preview:large","max-video-preview":"max-video-preview:-1"},"canonical":"https:\/\/news.filmelier.com\/br\/critica-a-meia-irma-feia\/","og_locale":"pt_BR","og_type":"article","og_title":"Cr\u00edtica: 'A Meia-Irm\u00e3 Feia' e a tortura da beleza - Filmelier","og_description":"Com uma perversa e divertida reviravolta em 'Cinderela', 'A Meia-Irm\u00e3 Feia' reflete sobre a misoginia que subjaz os padr\u00f5es de beleza.","og_url":"https:\/\/news.filmelier.com\/br\/critica-a-meia-irma-feia\/","og_site_name":"News Filmelier","article_published_time":"2025-10-29T20:11:13+00:00","article_modified_time":"2025-11-04T20:59:27+00:00","og_image":[{"width":1200,"height":800,"url":"https:\/\/homolog.news.filmelier.com\/wp-content\/uploads\/2025\/10\/a-meia-irma-feia.webp","type":"image\/webp"}],"author":"Lalo Ortega","twitter_card":"summary_large_image","twitter_misc":{"Escrito por":"Lalo Ortega","Est. tempo de leitura":"4 minutos"},"schema":{"@context":"https:\/\/schema.org","@graph":[{"@type":"Article","@id":"https:\/\/news.filmelier.com\/br\/critica-a-meia-irma-feia\/#article","isPartOf":{"@id":"https:\/\/news.filmelier.com\/br\/critica-a-meia-irma-feia\/"},"author":{"name":"Lalo Ortega","@id":"https:\/\/homolog.news.filmelier.com\/br\/#\/schema\/person\/bc393b46ea1d056e9889f90b246255ee"},"headline":"Cr\u00edtica: &#8216;A Meia-Irm\u00e3 Feia&#8217; e a tortura da beleza","datePublished":"2025-10-29T20:11:13+00:00","dateModified":"2025-11-04T20:59:27+00:00","mainEntityOfPage":{"@id":"https:\/\/news.filmelier.com\/br\/critica-a-meia-irma-feia\/"},"wordCount":835,"publisher":{"@id":"https:\/\/homolog.news.filmelier.com\/br\/#organization"},"image":{"@id":"https:\/\/news.filmelier.com\/br\/critica-a-meia-irma-feia\/#primaryimage"},"thumbnailUrl":"https:\/\/news.filmelier.com\/wp-content\/uploads\/2025\/10\/a-meia-irma-feia.webp","keywords":["A Meia-Irm\u00e3 Feia","body horror","Cinderella","terror","The Ugly Stepsister"],"articleSection":["Cr\u00edticas","Filmes"],"inLanguage":"pt-BR"},{"@type":"WebPage","@id":"https:\/\/news.filmelier.com\/br\/critica-a-meia-irma-feia\/","url":"https:\/\/news.filmelier.com\/br\/critica-a-meia-irma-feia\/","name":"Cr\u00edtica: 'A Meia-Irm\u00e3 Feia' e a tortura da beleza - Filmelier","isPartOf":{"@id":"https:\/\/homolog.news.filmelier.com\/br\/#website"},"primaryImageOfPage":{"@id":"https:\/\/news.filmelier.com\/br\/critica-a-meia-irma-feia\/#primaryimage"},"image":{"@id":"https:\/\/news.filmelier.com\/br\/critica-a-meia-irma-feia\/#primaryimage"},"thumbnailUrl":"https:\/\/news.filmelier.com\/wp-content\/uploads\/2025\/10\/a-meia-irma-feia.webp","datePublished":"2025-10-29T20:11:13+00:00","dateModified":"2025-11-04T20:59:27+00:00","description":"Com uma perversa e divertida reviravolta em 'Cinderela', 'A Meia-Irm\u00e3 Feia' reflete sobre a misoginia que subjaz os padr\u00f5es de beleza.","breadcrumb":{"@id":"https:\/\/news.filmelier.com\/br\/critica-a-meia-irma-feia\/#breadcrumb"},"inLanguage":"pt-BR","potentialAction":[{"@type":"ReadAction","target":["https:\/\/news.filmelier.com\/br\/critica-a-meia-irma-feia\/"]}]},{"@type":"ImageObject","inLanguage":"pt-BR","@id":"https:\/\/news.filmelier.com\/br\/critica-a-meia-irma-feia\/#primaryimage","url":"https:\/\/news.filmelier.com\/wp-content\/uploads\/2025\/10\/a-meia-irma-feia.webp","contentUrl":"https:\/\/news.filmelier.com\/wp-content\/uploads\/2025\/10\/a-meia-irma-feia.webp","width":1200,"height":800,"caption":"(Cr\u00e9dito: Mares Filmes)"},{"@type":"BreadcrumbList","@id":"https:\/\/news.filmelier.com\/br\/critica-a-meia-irma-feia\/#breadcrumb","itemListElement":[{"@type":"ListItem","position":1,"name":"In\u00edcio","item":"https:\/\/homolog.news.filmelier.com\/br\/"},{"@type":"ListItem","position":2,"name":"Cr\u00edtica: &#8216;A Meia-Irm\u00e3 Feia&#8217; e a tortura da beleza"}]},{"@type":"WebSite","@id":"https:\/\/homolog.news.filmelier.com\/br\/#website","url":"https:\/\/homolog.news.filmelier.com\/br\/","name":"Homolog Filmelier News Rankrup","description":"","publisher":{"@id":"https:\/\/homolog.news.filmelier.com\/br\/#organization"},"potentialAction":[{"@type":"SearchAction","target":{"@type":"EntryPoint","urlTemplate":"https:\/\/homolog.news.filmelier.com\/br\/?s={search_term_string}"},"query-input":{"@type":"PropertyValueSpecification","valueRequired":true,"valueName":"search_term_string"}}],"inLanguage":"pt-BR"},{"@type":"Organization","@id":"https:\/\/homolog.news.filmelier.com\/br\/#organization","name":"Homolog Filmelier News Rankrup","url":"https:\/\/homolog.news.filmelier.com\/br\/","logo":{"@type":"ImageObject","inLanguage":"pt-BR","@id":"https:\/\/homolog.news.filmelier.com\/br\/#\/schema\/logo\/image\/","url":"https:\/\/news.filmelier.com\/wp-content\/uploads\/2024\/11\/Logo-News.png","contentUrl":"https:\/\/news.filmelier.com\/wp-content\/uploads\/2024\/11\/Logo-News.png","width":460,"height":108,"caption":"Homolog Filmelier News Rankrup"},"image":{"@id":"https:\/\/homolog.news.filmelier.com\/br\/#\/schema\/logo\/image\/"}},{"@type":"Person","@id":"https:\/\/homolog.news.filmelier.com\/br\/#\/schema\/person\/bc393b46ea1d056e9889f90b246255ee","name":"Lalo Ortega","image":{"@type":"ImageObject","inLanguage":"pt-BR","@id":"https:\/\/homolog.news.filmelier.com\/br\/#\/schema\/person\/image\/","url":"https:\/\/secure.gravatar.com\/avatar\/f3157eaf8168f3d46d009a8fc239950bcf17063f8b0138c7c844307471672d86?s=96&d=mm&r=g","contentUrl":"https:\/\/secure.gravatar.com\/avatar\/f3157eaf8168f3d46d009a8fc239950bcf17063f8b0138c7c844307471672d86?s=96&d=mm&r=g","caption":"Lalo Ortega"},"description":"Lalo Ortega is a Mexican film critic. He has written for publications such as EMPIRE en espa\u00f1ol, Cine PREMIERE, La Estatuilla and more. He is currently the editor-in-chief of Filmelier.","url":"https:\/\/news.filmelier.com\/br\/author\/lalo\/"}]}},"_links":{"self":[{"href":"https:\/\/news.filmelier.com\/br\/wp-json\/wp\/v2\/posts\/59537","targetHints":{"allow":["GET"]}}],"collection":[{"href":"https:\/\/news.filmelier.com\/br\/wp-json\/wp\/v2\/posts"}],"about":[{"href":"https:\/\/news.filmelier.com\/br\/wp-json\/wp\/v2\/types\/post"}],"author":[{"embeddable":true,"href":"https:\/\/news.filmelier.com\/br\/wp-json\/wp\/v2\/users\/20"}],"replies":[{"embeddable":true,"href":"https:\/\/news.filmelier.com\/br\/wp-json\/wp\/v2\/comments?post=59537"}],"version-history":[{"count":6,"href":"https:\/\/news.filmelier.com\/br\/wp-json\/wp\/v2\/posts\/59537\/revisions"}],"predecessor-version":[{"id":59592,"href":"https:\/\/news.filmelier.com\/br\/wp-json\/wp\/v2\/posts\/59537\/revisions\/59592"}],"wp:featuredmedia":[{"embeddable":true,"href":"https:\/\/news.filmelier.com\/br\/wp-json\/wp\/v2\/media\/59538"}],"wp:attachment":[{"href":"https:\/\/news.filmelier.com\/br\/wp-json\/wp\/v2\/media?parent=59537"}],"wp:term":[{"taxonomy":"category","embeddable":true,"href":"https:\/\/news.filmelier.com\/br\/wp-json\/wp\/v2\/categories?post=59537"},{"taxonomy":"post_tag","embeddable":true,"href":"https:\/\/news.filmelier.com\/br\/wp-json\/wp\/v2\/tags?post=59537"}],"curies":[{"name":"wp","href":"https:\/\/api.w.org\/{rel}","templated":true}]}}