{"id":59506,"date":"2025-10-27T22:51:08","date_gmt":"2025-10-27T22:51:08","guid":{"rendered":"https:\/\/news.filmelier.com\/?p=59506"},"modified":"2025-10-27T22:52:02","modified_gmt":"2025-10-27T22:52:02","slug":"critica-filme-caramelo-netflix-rafael-vitti-final","status":"publish","type":"post","link":"https:\/\/news.filmelier.com\/br\/critica-filme-caramelo-netflix-rafael-vitti-final\/","title":{"rendered":"Cr\u00edtica de \u2018Caramelo\u2019: Fen\u00f4meno da Netflix com Rafael Vitti usa \u00edcone brasileiro para arrancar l\u00e1grimas f\u00e1ceis"},"content":{"rendered":"<p>Existe um consenso n\u00e3o oficial no Brasil: o vira-lata caramelo \u00e9 o nosso verdadeiro s\u00edmbolo nacional. Mais do que qualquer animal estampado em nota de real, ele representa a resist\u00eancia, o afeto e a mistura que definem o pa\u00eds. A <a href=\"https:\/\/www.filmelier.com\/br\/streamings\/netflix\">Netflix<\/a>, sabendo do poder desse \u00edcone, mirou direto no cora\u00e7\u00e3o do p\u00fablico. A plataforma transformou essa figura no astro de <a href=\"https:\/\/www.filmelier.com\/br\/filmes\/113503\/caramelo\"><em>Caramelo<\/em><\/a>, seu novo filme com Rafael Vitti.<\/p>\n<p>O resultado? Um fen\u00f4meno. O longa, dirigido por <a href=\"https:\/\/www.filmelier.com\/br\/director\/diego-freitas\">Diego Freitas<\/a> (<a href=\"https:\/\/www.filmelier.com\/br\/filmes\/21157\/depois-do-universo\"><i>Depois do Universo<\/i><\/a>), virou o t\u00edtulo brasileiro de maior alcance mundial na plataforma. Ele invadiu o <a href=\"https:\/\/www.filmelier.com\/br\/list\/filmes-top-10-netflix\">Top 10<\/a> em 90 pa\u00edses. <i>Caramelo<\/i> \u00e9 uma produ\u00e7\u00e3o calculada nos m\u00ednimos detalhes para emocionar. O filme acerta em cheio no afeto e na cria\u00e7\u00e3o de um c\u00e3ozinho ador\u00e1vel. Mas, no processo, se revela uma obra t\u00e3o previs\u00edvel que desperdi\u00e7a a chance de ser mais do que um drama feito para chorar.<\/p>\n<p><iframe title=\"Caramelo | Trailer oficial | Netflix Brasil\" width=\"800\" height=\"450\" src=\"https:\/\/www.youtube.com\/embed\/wVqwoGwmR_I?feature=oembed\" frameborder=\"0\" allow=\"accelerometer; autoplay; clipboard-write; encrypted-media; gyroscope; picture-in-picture; web-share\" referrerpolicy=\"strict-origin-when-cross-origin\" allowfullscreen><\/iframe><\/p>\n<ul>\n<li><strong>Leia tamb\u00e9m: <a href=\"https:\/\/www.filmelier.com\/br\/list\/filmes-de-cachorro-para-assistir-online\"><em>Caramelo<\/em> e outros filmes de cachorro para assistir online<\/a><\/strong><\/li>\n<\/ul>\n<h2>O &#8220;C\u00e3opitalismo&#8221; de afeto: por que <i>Caramelo<\/i> \u00e9 um sucesso?<\/h2>\n<p>O sucesso estrondoso de <i>Caramelo<\/i> (mais de 17 milh\u00f5es de visualiza\u00e7\u00f5es na estreia) n\u00e3o \u00e9 um acaso. Ele se apoia em duas bases s\u00f3lidas: a escolha do personagem principal e a hist\u00f3ria universal.<\/p>\n<h3>A escolha de um astro infal\u00edvel<\/h3>\n<p>A grande sacada do diretor Diego Freitas foi &#8220;abrasileirar&#8221; a f\u00f3rmula do &#8220;<a href=\"https:\/\/www.filmelier.com\/br\/list\/filmes-de-cachorro-para-assistir-online\">filme de cachorro<\/a>&#8220;. O p\u00fablico n\u00e3o queria mais um Labrador importado. Quer\u00edamos ver o c\u00e3ozinho que encontramos em cada esquina. Ao escalar o carism\u00e1tico Amendoim (nome verdadeiro do c\u00e3ozinho), o filme gera uma conex\u00e3o imediata e forte com o p\u00fablico. \u00c9 o nosso her\u00f3i.<\/p>\n<h3>O fen\u00f4meno global do vira-lata<\/h3>\n<p>A Netflix provou que a hist\u00f3ria de <i>Caramelo<\/i> fala com todo mundo. A trama de um homem que enfrenta uma doen\u00e7a grave e encontra for\u00e7a em seu pet \u00e9 uma linguagem f\u00e1cil de entender. \u00c9 a celebra\u00e7\u00e3o do amor puro, e isso funciona em qualquer cultura.<\/p>\n<h2>A trama: uma receita familiar com tempero brasileiro<\/h2>\n<p><i>Caramelo<\/i> conta a hist\u00f3ria de Pedro (Rafael Vitti), um chef de cozinha em alta. Prestes a assumir o comando de um restaurante de luxo, ele recebe uma not\u00edcia que vira seu mundo do avesso: um tumor no c\u00e9rebro.<\/p>\n<p>No meio desse furac\u00e3o, ele adota um vira-lata caramelo. O c\u00e3o vira seu grande companheiro na jornada de tratamento e novas descobertas. A ideia \u00e9 exatamente o que parece: uma hist\u00f3ria de supera\u00e7\u00e3o onde o cachorro \u00e9 o anjo da guarda.<\/p>\n<h3>Rafael Vitti e a qu\u00edmica com Amendoim<\/h3>\n<p>O filme se sustenta, quase por completo, na qu\u00edmica entre os dois protagonistas. Rafael Vitti, carism\u00e1tico como sempre,\u00a0entrega uma atua\u00e7\u00e3o correta e contida. Ele foge de um sofrimento exagerado e\u00a0cria um Pedro vulner\u00e1vel e realista. Ao seu lado, o c\u00e3ozinho Amendoim \u00e9 uma for\u00e7a da natureza. Talentos\u00edssimo, ele rouba todas as cenas com uma express\u00e3o que desarma o espectador, como s\u00f3 um &#8220;doguinho&#8221; sabe fazer. A rela\u00e7\u00e3o dos dois \u00e9 o cora\u00e7\u00e3o do filme.<\/p>\n<figure id=\"attachment_59514\" aria-describedby=\"caption-attachment-59514\" style=\"width: 1920px\" class=\"wp-caption alignnone\"><img fetchpriority=\"high\" decoding=\"async\" class=\"size-full wp-image-59514\" src=\"https:\/\/news.filmelier.com\/wp-content\/uploads\/2025\/10\/caramelo-filme-netflix.webp\" alt=\"Rafael Vitti abra\u00e7a o c\u00e3ozinho vira-lata Amendoim (Caramelo), que usa uma roupa azul, em cena do filme Caramelo da Netflix\" width=\"1920\" height=\"1080\" srcset=\"https:\/\/news.filmelier.com\/wp-content\/uploads\/2025\/10\/caramelo-filme-netflix.webp 1920w, https:\/\/news.filmelier.com\/wp-content\/uploads\/2025\/10\/caramelo-filme-netflix-300x169.webp 300w, https:\/\/news.filmelier.com\/wp-content\/uploads\/2025\/10\/caramelo-filme-netflix-1024x576.webp 1024w, https:\/\/news.filmelier.com\/wp-content\/uploads\/2025\/10\/caramelo-filme-netflix-768x432.webp 768w, https:\/\/news.filmelier.com\/wp-content\/uploads\/2025\/10\/caramelo-filme-netflix-1536x864.webp 1536w, https:\/\/news.filmelier.com\/wp-content\/uploads\/2025\/10\/caramelo-filme-netflix-150x84.webp 150w\" sizes=\"(max-width: 1920px) 100vw, 1920px\" \/><figcaption id=\"caption-attachment-59514\" class=\"wp-caption-text\"><em>Rafael Vitti e o c\u00e3o Amendoim esbanjam carisma e qu\u00edmica no filme da Netflix (Cr\u00e9ditos: Netflix)<\/em><\/figcaption><\/figure>\n<ul>\n<li><strong>Confira tamb\u00e9m:\u00a0<\/strong><a href=\"https:\/\/news.filmelier.com\/br\/atores-brasileiros-hollywood-series-filmes\/\"><strong>Brasileiro na s\u00e9rie <em>Wandinha<\/em>? Atores brasileiros em filmes e s\u00e9ries internacionais<\/strong><\/a><\/li>\n<\/ul>\n<h3>Um roteiro que evita riscos (e profundidade)<\/h3>\n<p>O problema \u00e9 que o roteiro (de Freitas, Rod Azevedo e Vitor Brandt) n\u00e3o ousa ir al\u00e9m do \u00f3bvio. A narrativa segue passo a passo a receita do melodrama: a ascens\u00e3o, a trag\u00e9dia, o encontro que salva, as dificuldades no tratamento e a supera\u00e7\u00e3o final.<\/p>\n<p>N\u00e3o h\u00e1 nenhuma surpresa, nenhum detalhe diferente. O filme parece ter medo de mergulhar de verdade no drama psicol\u00f3gico de Pedro ou nos problemas reais do tratamento. Ele prefere pular direto para as cenas fofas com o cachorro.<\/p>\n<h3>An\u00e1lise: um filme bonito de ver, mas com gosto de &#8220;Sess\u00e3o da Tarde&#8221;<\/h3>\n<p>Diego Freitas repete aqui seu estilo de <i>Depois do Universo<\/i>. Vemos uma fotografia com muita luz e cores vibrantes. A trilha sonora (com Iza cantando o tema &#8220;Doce Feito Caramelo&#8221;) n\u00e3o deixa o espectador esquecer que <i>deve<\/i> se emocionar. \u00c9 um filme bonito, com uma produ\u00e7\u00e3o impec\u00e1vel.<\/p>\n<p>Por\u00e9m, esse visual &#8220;limpo&#8221; e a insist\u00eancia no &#8220;alto-astral&#8221; acabam por suavizar demais o drama. <i>Caramelo<\/i> \u00e9 um filme que se contenta em ser uma &#8220;Sess\u00e3o da Tarde&#8221; de luxo. Ele n\u00e3o desafia, n\u00e3o provoca, apenas conforta. E, para o p\u00fablico que busca exatamente isso, o filme \u00e9 um prato cheio.<\/p>\n<h2>Elenco de <i>Caramelo<\/i>: quem est\u00e1 no filme da Netflix?<\/h2>\n<p>Al\u00e9m do estelar Rafael Vitti, o elenco de apoio funciona bem ao redor da jornada de Pedro. O time inclui Arianne Botelho, Noemia Oliveira, Ademara, Kelzy Ecard e Bruno Vinicius. O longa tamb\u00e9m conta com apari\u00e7\u00f5es especiais de Carolina Ferraz, Cristina Pereira e da chef Paola Carosella, que trazem um charme extra \u00e0 produ\u00e7\u00e3o.<\/p>\n<figure id=\"attachment_59508\" aria-describedby=\"caption-attachment-59508\" style=\"width: 1280px\" class=\"wp-caption alignnone\"><img decoding=\"async\" class=\"size-full wp-image-59508\" src=\"https:\/\/news.filmelier.com\/wp-content\/uploads\/2025\/10\/caramelo-filme-rafael-vitti-ademara-paola-carosela.webp\" alt=\"Rafael Vitti (Pedro) e Ademara (Paula) em cena na cozinha do restaurante no filme Caramelo, da Netflix\" width=\"1280\" height=\"720\" srcset=\"https:\/\/news.filmelier.com\/wp-content\/uploads\/2025\/10\/caramelo-filme-rafael-vitti-ademara-paola-carosela.webp 1280w, https:\/\/news.filmelier.com\/wp-content\/uploads\/2025\/10\/caramelo-filme-rafael-vitti-ademara-paola-carosela-300x169.webp 300w, https:\/\/news.filmelier.com\/wp-content\/uploads\/2025\/10\/caramelo-filme-rafael-vitti-ademara-paola-carosela-1024x576.webp 1024w, https:\/\/news.filmelier.com\/wp-content\/uploads\/2025\/10\/caramelo-filme-rafael-vitti-ademara-paola-carosela-768x432.webp 768w, https:\/\/news.filmelier.com\/wp-content\/uploads\/2025\/10\/caramelo-filme-rafael-vitti-ademara-paola-carosela-150x84.webp 150w\" sizes=\"(max-width: 1280px) 100vw, 1280px\" \/><figcaption id=\"caption-attachment-59508\" class=\"wp-caption-text\"><em>Rafael Vitti (Pedro) e Ademara (Paula) em cena na cozinha do restaurante no filme Caramelo (Cr\u00e9ditos: Netflix)<\/em><\/figcaption><\/figure>\n<h2><i>Caramelo<\/i>: Vale o choro ou \u00e9 jogo baixo? (Veredito)<\/h2>\n<p><i>Caramelo<\/i> \u00e9 um filme que sabe exatamente o que quer ser: uma f\u00e1brica de emo\u00e7\u00f5es. Ele n\u00e3o tenta reinventar o g\u00eanero &#8220;filme de cachorro&#8221;, apenas dar a ele uma roupagem brasileira aut\u00eantica.<\/p>\n<p>Ele for\u00e7a a barra? Com certeza. A trilha sonora, a c\u00e2mera lenta e os olhares do c\u00e3ozinho s\u00e3o todos calculados para fazer voc\u00ea chorar. Mas \u00e9 um recurso que funciona e, de certa forma, \u00e9 honesto.<\/p>\n<p>No fim das contas, se voc\u00ea procura uma hist\u00f3ria dif\u00edcil e cheia de surpresas, passe longe. Mas se voc\u00ea quer apenas 90 minutos de um afeto puro, uma hist\u00f3ria de esperan\u00e7a e um motivo para abra\u00e7ar seu pr\u00f3prio pet, <i>Caramelo<\/i> \u00e9 um acerto claro da Netflix.<\/p>\n<h2>FAQ \u2013 Perguntas e respostas sobre <i>Caramelo<\/i><\/h2>\n<h3>Onde assistir a <i>Caramelo<\/i> online?<\/h3>\n<p><i>Caramelo<\/i> (2025) \u00e9 um filme original e exclusivo da Netflix. Ele est\u00e1 dispon\u00edvel para streaming na plataforma. Saiba <a href=\"https:\/\/news.filmelier.com\/br\/guia-netflix-como-assinar-planos-filmes\/\">tudo sobre os planos da Netflix e como assinar<\/a>.<\/p>\n<p><strong>Aten\u00e7\u00e3o: a partir daqui, o texto cont\u00e9m spoilers cruciais do final!<\/strong><\/p>\n<p>Se voc\u00ea est\u00e1 aqui porque n\u00e3o aguenta a ansiedade ou teme uma trag\u00e9dia no n\u00edvel <em>Marley &amp; Eu<\/em>, vamos direto ao ponto e responder \u00e0s perguntas que importam.<\/p>\n<h3>O cachorro caramelo morre no filme? (a resposta que todos buscam)<\/h3>\n<p>N\u00e3o, pode relaxar. O cachorro Caramelo (Amendoim) <strong>n\u00e3o morre<\/strong> no filme. A produ\u00e7\u00e3o da Netflix foge desse clich\u00ea tr\u00e1gico. Aqui, o cachorro \u00e9 um s\u00edmbolo de vida e cura, n\u00e3o de perda. Ele \u00e9 o companheiro que ajuda Pedro a atravessar a doen\u00e7a e permanece ao seu lado, saud\u00e1vel, at\u00e9 o fim.<\/p>\n<h3>Qual o destino de Pedro (Rafael Vitti) no final?<\/h3>\n<p>Pedro tamb\u00e9m n\u00e3o morre no final de <i>Caramelo<\/i>. O filme escolhe a rota da esperan\u00e7a e da supera\u00e7\u00e3o. Ap\u00f3s enfrentar uma cirurgia cerebral de risco, Pedro se recupera. O final mostra o protagonista curado, valorizando as pequenas coisas da vida ao lado de seu fiel amigo Caramelo.<\/p>\n<figure id=\"attachment_59511\" aria-describedby=\"caption-attachment-59511\" style=\"width: 1280px\" class=\"wp-caption alignnone\"><img decoding=\"async\" class=\"size-full wp-image-59511\" src=\"https:\/\/news.filmelier.com\/wp-content\/uploads\/2025\/10\/caramelo-filme-rafael-vitti-amendoim.webp\" alt=\"O ator Rafael Vitti, sem camisa e de bermuda verde, brinca com o cachorro vira-lata Caramelo na beira do mar, em cena de p\u00f4r do sol do filme Caramelo\" width=\"1280\" height=\"886\" srcset=\"https:\/\/news.filmelier.com\/wp-content\/uploads\/2025\/10\/caramelo-filme-rafael-vitti-amendoim.webp 1280w, https:\/\/news.filmelier.com\/wp-content\/uploads\/2025\/10\/caramelo-filme-rafael-vitti-amendoim-300x208.webp 300w, https:\/\/news.filmelier.com\/wp-content\/uploads\/2025\/10\/caramelo-filme-rafael-vitti-amendoim-1024x709.webp 1024w, https:\/\/news.filmelier.com\/wp-content\/uploads\/2025\/10\/caramelo-filme-rafael-vitti-amendoim-768x532.webp 768w, https:\/\/news.filmelier.com\/wp-content\/uploads\/2025\/10\/caramelo-filme-rafael-vitti-amendoim-150x104.webp 150w\" sizes=\"(max-width: 1280px) 100vw, 1280px\" \/><figcaption id=\"caption-attachment-59511\" class=\"wp-caption-text\"><em>Pedro e o c\u00e3o Caramelo brincam na praia em cena do filme da Netflix (Cr\u00e9ditos: Netflix)<\/em><\/figcaption><\/figure>\n<h3>Curiosidade: Rafael Vitti raspou a cabe\u00e7a de verdade?<\/h3>\n<p>Sim. Para trazer mais realismo \u00e0 fase de tratamento contra o c\u00e2ncer do personagem, Rafael Vitti raspou a cabe\u00e7a de verdade durante as filmagens.<\/p>\n<h3>Quem canta a m\u00fasica tema de <i>Caramelo<\/i>?<\/h3>\n<p>A m\u00fasica tema principal, &#8220;Doce Feito Caramelo&#8221;, \u00e9 interpretada pela cantora brasileira Iza.<\/p>\n<h3>O filme <i>Caramelo<\/i> \u00e9 baseado em fatos reais?<\/h3>\n<p>N\u00e3o. A hist\u00f3ria de Pedro e Amendoim \u00e9 uma fic\u00e7\u00e3o, e n\u00e3o \u00e9 <a href=\"https:\/\/www.filmelier.com\/br\/list\/filmes-baseados-em-fatos-reais\">baseado em uma hist\u00f3ria real<\/a>. O diretor Diego Freitas se inspirou em sua pr\u00f3pria cachorrinha, Pa\u00e7oca, e no desejo de homenagear o vira-lata caramelo como um \u00edcone cultural do Brasil.<\/p>\n","protected":false},"excerpt":{"rendered":"<p>Existe um consenso n\u00e3o oficial no Brasil: o vira-lata caramelo \u00e9 o nosso verdadeiro s\u00edmbolo nacional. Mais do que qualquer animal estampado em nota de real, ele representa a resist\u00eancia, o afeto e a mistura que definem o pa\u00eds. A Netflix, sabendo do poder desse \u00edcone, mirou direto no cora\u00e7\u00e3o do p\u00fablico. A plataforma transformou essa figura no astro de Caramelo, seu novo filme com Rafael Vitti. O resultado? Um fen\u00f4meno. O longa, dirigido por Diego Freitas (Depois do Universo), virou o t\u00edtulo brasileiro de maior alcance mundial na plataforma. Ele invadiu o Top 10 em 90 pa\u00edses. Caramelo \u00e9 uma produ\u00e7\u00e3o calculada nos m\u00ednimos detalhes para emocionar. O filme acerta em cheio no afeto e na cria\u00e7\u00e3o de um c\u00e3ozinho ador\u00e1vel. Mas, no processo, se revela uma obra t\u00e3o previs\u00edvel que desperdi\u00e7a a chance de ser mais do que um drama feito para chorar. Leia tamb\u00e9m: Caramelo e outros filmes de cachorro para assistir online O &#8220;C\u00e3opitalismo&#8221; de afeto: por que Caramelo \u00e9 um sucesso? O sucesso estrondoso de Caramelo (mais de 17 milh\u00f5es de visualiza\u00e7\u00f5es na estreia) n\u00e3o \u00e9 um acaso. Ele se apoia em duas bases s\u00f3lidas: a escolha do personagem principal e a hist\u00f3ria universal. A escolha de um astro infal\u00edvel A grande sacada do diretor Diego Freitas foi &#8220;abrasileirar&#8221; a f\u00f3rmula do &#8220;filme de cachorro&#8220;. O p\u00fablico n\u00e3o queria mais um Labrador importado. Quer\u00edamos ver o c\u00e3ozinho que encontramos em cada esquina. Ao escalar o carism\u00e1tico Amendoim (nome verdadeiro do c\u00e3ozinho), o filme gera uma conex\u00e3o imediata e forte com o p\u00fablico. \u00c9 o nosso her\u00f3i. O fen\u00f4meno global do vira-lata A Netflix provou que a hist\u00f3ria de Caramelo fala com todo mundo. A trama de um homem que enfrenta uma doen\u00e7a grave e encontra for\u00e7a em seu pet \u00e9 uma linguagem f\u00e1cil de entender. \u00c9 a celebra\u00e7\u00e3o do amor puro, e isso funciona em qualquer cultura. A trama: uma receita familiar com tempero brasileiro Caramelo conta a hist\u00f3ria de Pedro (Rafael Vitti), um chef de cozinha em alta. Prestes a assumir o comando de um restaurante de luxo, ele recebe uma not\u00edcia que vira seu mundo do avesso: um tumor no c\u00e9rebro. No meio desse furac\u00e3o, ele adota um vira-lata caramelo. O c\u00e3o vira seu grande companheiro na jornada de tratamento e novas descobertas. A ideia \u00e9 exatamente o que parece: uma hist\u00f3ria de supera\u00e7\u00e3o onde o cachorro \u00e9 o anjo da guarda. Rafael Vitti e a qu\u00edmica com Amendoim O filme se sustenta, quase por completo, na qu\u00edmica entre os dois protagonistas. Rafael Vitti, carism\u00e1tico como sempre,\u00a0entrega uma atua\u00e7\u00e3o correta e contida. Ele foge de um sofrimento exagerado e\u00a0cria um Pedro vulner\u00e1vel e realista. Ao seu lado, o c\u00e3ozinho Amendoim \u00e9 uma for\u00e7a da natureza. Talentos\u00edssimo, ele rouba todas as cenas com uma express\u00e3o que desarma o espectador, como s\u00f3 um &#8220;doguinho&#8221; sabe fazer. A rela\u00e7\u00e3o dos dois \u00e9 o cora\u00e7\u00e3o do filme. Confira tamb\u00e9m:\u00a0Brasileiro na s\u00e9rie Wandinha? Atores brasileiros em filmes e s\u00e9ries internacionais Um roteiro que evita riscos (e profundidade) O problema \u00e9 que o roteiro (de Freitas, Rod Azevedo e Vitor Brandt) n\u00e3o ousa ir al\u00e9m do \u00f3bvio. A narrativa segue passo a passo a receita do melodrama: a ascens\u00e3o, a trag\u00e9dia, o encontro que salva, as dificuldades no tratamento e a supera\u00e7\u00e3o final. N\u00e3o h\u00e1 nenhuma surpresa, nenhum detalhe diferente. O filme parece ter medo de mergulhar de verdade no drama psicol\u00f3gico de Pedro ou nos problemas reais do tratamento. Ele prefere pular direto para as cenas fofas com o cachorro. An\u00e1lise: um filme bonito de ver, mas com gosto de &#8220;Sess\u00e3o da Tarde&#8221; Diego Freitas repete aqui seu estilo de Depois do Universo. Vemos uma fotografia com muita luz e cores vibrantes. A trilha sonora (com Iza cantando o tema &#8220;Doce Feito Caramelo&#8221;) n\u00e3o deixa o espectador esquecer que deve se emocionar. \u00c9 um filme bonito, com uma produ\u00e7\u00e3o impec\u00e1vel. Por\u00e9m, esse visual &#8220;limpo&#8221; e a insist\u00eancia no &#8220;alto-astral&#8221; acabam por suavizar demais o drama. Caramelo \u00e9 um filme que se contenta em ser uma &#8220;Sess\u00e3o da Tarde&#8221; de luxo. Ele n\u00e3o desafia, n\u00e3o provoca, apenas conforta. E, para o p\u00fablico que busca exatamente isso, o filme \u00e9 um prato cheio. Elenco de Caramelo: quem est\u00e1 no filme da Netflix? Al\u00e9m do estelar Rafael Vitti, o elenco de apoio funciona bem ao redor da jornada de Pedro. O time inclui Arianne Botelho, Noemia Oliveira, Ademara, Kelzy Ecard e Bruno Vinicius. O longa tamb\u00e9m conta com apari\u00e7\u00f5es especiais de Carolina Ferraz, Cristina Pereira e da chef Paola Carosella, que trazem um charme extra \u00e0 produ\u00e7\u00e3o. Caramelo: Vale o choro ou \u00e9 jogo baixo? (Veredito) Caramelo \u00e9 um filme que sabe exatamente o que quer ser: uma f\u00e1brica de emo\u00e7\u00f5es. Ele n\u00e3o tenta reinventar o g\u00eanero &#8220;filme de cachorro&#8221;, apenas dar a ele uma roupagem brasileira aut\u00eantica. Ele for\u00e7a a barra? Com certeza. A trilha sonora, a c\u00e2mera lenta e os olhares do c\u00e3ozinho s\u00e3o todos calculados para fazer voc\u00ea chorar. Mas \u00e9 um recurso que funciona e, de certa forma, \u00e9 honesto. No fim das contas, se voc\u00ea procura uma hist\u00f3ria dif\u00edcil e cheia de surpresas, passe longe. Mas se voc\u00ea quer apenas 90 minutos de um afeto puro, uma hist\u00f3ria de esperan\u00e7a e um motivo para abra\u00e7ar seu pr\u00f3prio pet, Caramelo \u00e9 um acerto claro da Netflix. FAQ \u2013 Perguntas e respostas sobre Caramelo Onde assistir a Caramelo online? Caramelo (2025) \u00e9 um filme original e exclusivo da Netflix. Ele est\u00e1 dispon\u00edvel para streaming na plataforma. Saiba tudo sobre os planos da Netflix e como assinar. Aten\u00e7\u00e3o: a partir daqui, o texto cont\u00e9m spoilers cruciais do final! Se voc\u00ea est\u00e1 aqui porque n\u00e3o aguenta a ansiedade ou teme uma trag\u00e9dia no n\u00edvel Marley &amp; Eu, vamos direto ao ponto e responder \u00e0s perguntas que importam. O cachorro caramelo morre no filme? (a resposta que todos buscam) N\u00e3o, pode relaxar. O cachorro Caramelo (Amendoim) n\u00e3o morre no filme. A produ\u00e7\u00e3o da Netflix foge desse clich\u00ea tr\u00e1gico. Aqui, o cachorro \u00e9 um s\u00edmbolo de vida e cura, n\u00e3o de<\/p>\n","protected":false},"author":11,"featured_media":59514,"comment_status":"closed","ping_status":"closed","sticky":false,"template":"","format":"standard","meta":{"_acf_changed":false,"footnotes":""},"categories":[3481,3482],"tags":[10348,3517,10350,4056,4941,3896,10349,3678,10351],"class_list":["post-59506","post","type-post","status-publish","format-standard","has-post-thumbnail","hentry","category-criticas-br","category-filmes-br","tag-caramelo","tag-critica-br","tag-diego-freitas","tag-filme-de-cachorro-br","tag-filme-netflix-br","tag-filmes-brasileiros-br","tag-iza","tag-netflix-br","tag-rafael-vitti"],"acf":{"subtitulo":"","id_ator":""},"yoast_head":"<!-- This site is optimized with the Yoast SEO plugin v26.1.1 - https:\/\/yoast.com\/wordpress\/plugins\/seo\/ -->\n<title>Cr\u00edtica Caramelo: Filme da Netflix com Vitti emociona? | Filmelier<\/title>\n<meta name=\"description\" content=\"O filme Caramelo (Netflix) \u00e9 bom? Leia a cr\u00edtica do drama com Rafael Vitti e saiba (com spoilers) se o cachorro ou o protagonista Pedro morrem\" \/>\n<meta name=\"robots\" content=\"index, follow, max-snippet:-1, max-image-preview:large, max-video-preview:-1\" \/>\n<link rel=\"canonical\" href=\"https:\/\/news.filmelier.com\/br\/critica-filme-caramelo-netflix-rafael-vitti-final\/\" \/>\n<meta property=\"og:locale\" content=\"pt_BR\" \/>\n<meta property=\"og:type\" content=\"article\" \/>\n<meta property=\"og:title\" content=\"Cr\u00edtica Caramelo: Filme da Netflix com Vitti emociona? | Filmelier\" \/>\n<meta property=\"og:description\" content=\"O filme Caramelo (Netflix) \u00e9 bom? Leia a cr\u00edtica do drama com Rafael Vitti e saiba (com spoilers) se o cachorro ou o protagonista Pedro morrem\" \/>\n<meta property=\"og:url\" content=\"https:\/\/news.filmelier.com\/br\/critica-filme-caramelo-netflix-rafael-vitti-final\/\" \/>\n<meta property=\"og:site_name\" content=\"News Filmelier\" \/>\n<meta property=\"article:published_time\" content=\"2025-10-27T22:51:08+00:00\" \/>\n<meta property=\"article:modified_time\" content=\"2025-10-27T22:52:02+00:00\" \/>\n<meta property=\"og:image\" content=\"https:\/\/homolog.news.filmelier.com\/wp-content\/uploads\/2025\/10\/caramelo-filme-netflix.webp\" \/>\n\t<meta property=\"og:image:width\" content=\"1920\" \/>\n\t<meta property=\"og:image:height\" content=\"1080\" \/>\n\t<meta property=\"og:image:type\" content=\"image\/webp\" \/>\n<meta name=\"author\" content=\"Vit\u00f3ria Pratini\" \/>\n<meta name=\"twitter:card\" content=\"summary_large_image\" \/>\n<meta name=\"twitter:label1\" content=\"Escrito por\" \/>\n\t<meta name=\"twitter:data1\" content=\"Vit\u00f3ria Pratini\" \/>\n\t<meta name=\"twitter:label2\" content=\"Est. tempo de leitura\" \/>\n\t<meta name=\"twitter:data2\" content=\"7 minutos\" \/>\n<script type=\"application\/ld+json\" class=\"yoast-schema-graph\">{\"@context\":\"https:\/\/schema.org\",\"@graph\":[{\"@type\":\"Article\",\"@id\":\"https:\/\/news.filmelier.com\/br\/critica-filme-caramelo-netflix-rafael-vitti-final\/#article\",\"isPartOf\":{\"@id\":\"https:\/\/news.filmelier.com\/br\/critica-filme-caramelo-netflix-rafael-vitti-final\/\"},\"author\":{\"name\":\"Vit\u00f3ria Pratini\",\"@id\":\"https:\/\/homolog.news.filmelier.com\/br\/#\/schema\/person\/b6689fa913d8b849cd7549503e6521cc\"},\"headline\":\"Cr\u00edtica de \u2018Caramelo\u2019: Fen\u00f4meno da Netflix com Rafael Vitti usa \u00edcone brasileiro para arrancar l\u00e1grimas f\u00e1ceis\",\"datePublished\":\"2025-10-27T22:51:08+00:00\",\"dateModified\":\"2025-10-27T22:52:02+00:00\",\"mainEntityOfPage\":{\"@id\":\"https:\/\/news.filmelier.com\/br\/critica-filme-caramelo-netflix-rafael-vitti-final\/\"},\"wordCount\":1383,\"publisher\":{\"@id\":\"https:\/\/homolog.news.filmelier.com\/br\/#organization\"},\"image\":{\"@id\":\"https:\/\/news.filmelier.com\/br\/critica-filme-caramelo-netflix-rafael-vitti-final\/#primaryimage\"},\"thumbnailUrl\":\"https:\/\/news.filmelier.com\/wp-content\/uploads\/2025\/10\/caramelo-filme-netflix.webp\",\"keywords\":[\"Caramelo\",\"critica\",\"Diego Freitas\",\"filme de cachorro\",\"filme netflix\",\"filmes brasileiros\",\"Iza\",\"netflix\",\"Rafael Vitti\"],\"articleSection\":[\"Cr\u00edticas\",\"Filmes\"],\"inLanguage\":\"pt-BR\"},{\"@type\":\"WebPage\",\"@id\":\"https:\/\/news.filmelier.com\/br\/critica-filme-caramelo-netflix-rafael-vitti-final\/\",\"url\":\"https:\/\/news.filmelier.com\/br\/critica-filme-caramelo-netflix-rafael-vitti-final\/\",\"name\":\"Cr\u00edtica Caramelo: Filme da Netflix com Vitti emociona? | Filmelier\",\"isPartOf\":{\"@id\":\"https:\/\/homolog.news.filmelier.com\/br\/#website\"},\"primaryImageOfPage\":{\"@id\":\"https:\/\/news.filmelier.com\/br\/critica-filme-caramelo-netflix-rafael-vitti-final\/#primaryimage\"},\"image\":{\"@id\":\"https:\/\/news.filmelier.com\/br\/critica-filme-caramelo-netflix-rafael-vitti-final\/#primaryimage\"},\"thumbnailUrl\":\"https:\/\/news.filmelier.com\/wp-content\/uploads\/2025\/10\/caramelo-filme-netflix.webp\",\"datePublished\":\"2025-10-27T22:51:08+00:00\",\"dateModified\":\"2025-10-27T22:52:02+00:00\",\"description\":\"O filme Caramelo (Netflix) \u00e9 bom? Leia a cr\u00edtica do drama com Rafael Vitti e saiba (com spoilers) se o cachorro ou o protagonista Pedro morrem\",\"breadcrumb\":{\"@id\":\"https:\/\/news.filmelier.com\/br\/critica-filme-caramelo-netflix-rafael-vitti-final\/#breadcrumb\"},\"inLanguage\":\"pt-BR\",\"potentialAction\":[{\"@type\":\"ReadAction\",\"target\":[\"https:\/\/news.filmelier.com\/br\/critica-filme-caramelo-netflix-rafael-vitti-final\/\"]}]},{\"@type\":\"ImageObject\",\"inLanguage\":\"pt-BR\",\"@id\":\"https:\/\/news.filmelier.com\/br\/critica-filme-caramelo-netflix-rafael-vitti-final\/#primaryimage\",\"url\":\"https:\/\/news.filmelier.com\/wp-content\/uploads\/2025\/10\/caramelo-filme-netflix.webp\",\"contentUrl\":\"https:\/\/news.filmelier.com\/wp-content\/uploads\/2025\/10\/caramelo-filme-netflix.webp\",\"width\":1920,\"height\":1080,\"caption\":\"Rafael Vitti como Pedro e o c\u00e3o Amendoim (Caramelo) em cena do filme da Netflix (Cr\u00e9ditos: Netflix)\"},{\"@type\":\"BreadcrumbList\",\"@id\":\"https:\/\/news.filmelier.com\/br\/critica-filme-caramelo-netflix-rafael-vitti-final\/#breadcrumb\",\"itemListElement\":[{\"@type\":\"ListItem\",\"position\":1,\"name\":\"In\u00edcio\",\"item\":\"https:\/\/homolog.news.filmelier.com\/br\/\"},{\"@type\":\"ListItem\",\"position\":2,\"name\":\"Cr\u00edtica de \u2018Caramelo\u2019: Fen\u00f4meno da Netflix com Rafael Vitti usa \u00edcone brasileiro para arrancar l\u00e1grimas f\u00e1ceis\"}]},{\"@type\":\"WebSite\",\"@id\":\"https:\/\/homolog.news.filmelier.com\/br\/#website\",\"url\":\"https:\/\/homolog.news.filmelier.com\/br\/\",\"name\":\"Homolog Filmelier News Rankrup\",\"description\":\"\",\"publisher\":{\"@id\":\"https:\/\/homolog.news.filmelier.com\/br\/#organization\"},\"potentialAction\":[{\"@type\":\"SearchAction\",\"target\":{\"@type\":\"EntryPoint\",\"urlTemplate\":\"https:\/\/homolog.news.filmelier.com\/br\/?s={search_term_string}\"},\"query-input\":{\"@type\":\"PropertyValueSpecification\",\"valueRequired\":true,\"valueName\":\"search_term_string\"}}],\"inLanguage\":\"pt-BR\"},{\"@type\":\"Organization\",\"@id\":\"https:\/\/homolog.news.filmelier.com\/br\/#organization\",\"name\":\"Homolog Filmelier News Rankrup\",\"url\":\"https:\/\/homolog.news.filmelier.com\/br\/\",\"logo\":{\"@type\":\"ImageObject\",\"inLanguage\":\"pt-BR\",\"@id\":\"https:\/\/homolog.news.filmelier.com\/br\/#\/schema\/logo\/image\/\",\"url\":\"https:\/\/news.filmelier.com\/wp-content\/uploads\/2024\/11\/Logo-News.png\",\"contentUrl\":\"https:\/\/news.filmelier.com\/wp-content\/uploads\/2024\/11\/Logo-News.png\",\"width\":460,\"height\":108,\"caption\":\"Homolog Filmelier News Rankrup\"},\"image\":{\"@id\":\"https:\/\/homolog.news.filmelier.com\/br\/#\/schema\/logo\/image\/\"}},{\"@type\":\"Person\",\"@id\":\"https:\/\/homolog.news.filmelier.com\/br\/#\/schema\/person\/b6689fa913d8b849cd7549503e6521cc\",\"name\":\"Vit\u00f3ria Pratini\",\"image\":{\"@type\":\"ImageObject\",\"inLanguage\":\"pt-BR\",\"@id\":\"https:\/\/homolog.news.filmelier.com\/br\/#\/schema\/person\/image\/\",\"url\":\"https:\/\/secure.gravatar.com\/avatar\/93bc09f1ea8059e7f68ceebd457a04e75befce531605be9c8ad31127fed28a0d?s=96&d=mm&r=g\",\"contentUrl\":\"https:\/\/secure.gravatar.com\/avatar\/93bc09f1ea8059e7f68ceebd457a04e75befce531605be9c8ad31127fed28a0d?s=96&d=mm&r=g\",\"caption\":\"Vit\u00f3ria Pratini\"},\"description\":\"A critic and journalist specializing in films, series and pop culture since 2013, Vit\u00f3ria Pratini has had her articles published in AdoroCinema, IGN Brasil, Terra and MSN. During her career, she has covered audiovisual events, such as San Diego Comic-Con, CCXP, Festival do Rio and Pr\u00eamio Grande Otelo. She has served on festival juries and interviewed names such as Helen Mirren, Fernanda Torres, Gilberto Gil, Jude Law and Bryan Cranston. An SEO specialist, Vit\u00f3ria is currently a content strategist and reporter for Filmelier.\",\"sameAs\":[\"https:\/\/www.filmelier.com\/br\/autor\/vitoria-pratini\",\"https:\/\/www.instagram.com\/vitoriapratini\/\"],\"url\":\"https:\/\/news.filmelier.com\/br\/author\/vitoria-pratini\/\"}]}<\/script>\n<!-- \/ Yoast SEO plugin. -->","yoast_head_json":{"title":"Cr\u00edtica Caramelo: Filme da Netflix com Vitti emociona? | Filmelier","description":"O filme Caramelo (Netflix) \u00e9 bom? Leia a cr\u00edtica do drama com Rafael Vitti e saiba (com spoilers) se o cachorro ou o protagonista Pedro morrem","robots":{"index":"index","follow":"follow","max-snippet":"max-snippet:-1","max-image-preview":"max-image-preview:large","max-video-preview":"max-video-preview:-1"},"canonical":"https:\/\/news.filmelier.com\/br\/critica-filme-caramelo-netflix-rafael-vitti-final\/","og_locale":"pt_BR","og_type":"article","og_title":"Cr\u00edtica Caramelo: Filme da Netflix com Vitti emociona? | Filmelier","og_description":"O filme Caramelo (Netflix) \u00e9 bom? Leia a cr\u00edtica do drama com Rafael Vitti e saiba (com spoilers) se o cachorro ou o protagonista Pedro morrem","og_url":"https:\/\/news.filmelier.com\/br\/critica-filme-caramelo-netflix-rafael-vitti-final\/","og_site_name":"News Filmelier","article_published_time":"2025-10-27T22:51:08+00:00","article_modified_time":"2025-10-27T22:52:02+00:00","og_image":[{"width":1920,"height":1080,"url":"https:\/\/homolog.news.filmelier.com\/wp-content\/uploads\/2025\/10\/caramelo-filme-netflix.webp","type":"image\/webp"}],"author":"Vit\u00f3ria Pratini","twitter_card":"summary_large_image","twitter_misc":{"Escrito por":"Vit\u00f3ria Pratini","Est. tempo de leitura":"7 minutos"},"schema":{"@context":"https:\/\/schema.org","@graph":[{"@type":"Article","@id":"https:\/\/news.filmelier.com\/br\/critica-filme-caramelo-netflix-rafael-vitti-final\/#article","isPartOf":{"@id":"https:\/\/news.filmelier.com\/br\/critica-filme-caramelo-netflix-rafael-vitti-final\/"},"author":{"name":"Vit\u00f3ria Pratini","@id":"https:\/\/homolog.news.filmelier.com\/br\/#\/schema\/person\/b6689fa913d8b849cd7549503e6521cc"},"headline":"Cr\u00edtica de \u2018Caramelo\u2019: Fen\u00f4meno da Netflix com Rafael Vitti usa \u00edcone brasileiro para arrancar l\u00e1grimas f\u00e1ceis","datePublished":"2025-10-27T22:51:08+00:00","dateModified":"2025-10-27T22:52:02+00:00","mainEntityOfPage":{"@id":"https:\/\/news.filmelier.com\/br\/critica-filme-caramelo-netflix-rafael-vitti-final\/"},"wordCount":1383,"publisher":{"@id":"https:\/\/homolog.news.filmelier.com\/br\/#organization"},"image":{"@id":"https:\/\/news.filmelier.com\/br\/critica-filme-caramelo-netflix-rafael-vitti-final\/#primaryimage"},"thumbnailUrl":"https:\/\/news.filmelier.com\/wp-content\/uploads\/2025\/10\/caramelo-filme-netflix.webp","keywords":["Caramelo","critica","Diego Freitas","filme de cachorro","filme netflix","filmes brasileiros","Iza","netflix","Rafael Vitti"],"articleSection":["Cr\u00edticas","Filmes"],"inLanguage":"pt-BR"},{"@type":"WebPage","@id":"https:\/\/news.filmelier.com\/br\/critica-filme-caramelo-netflix-rafael-vitti-final\/","url":"https:\/\/news.filmelier.com\/br\/critica-filme-caramelo-netflix-rafael-vitti-final\/","name":"Cr\u00edtica Caramelo: Filme da Netflix com Vitti emociona? | Filmelier","isPartOf":{"@id":"https:\/\/homolog.news.filmelier.com\/br\/#website"},"primaryImageOfPage":{"@id":"https:\/\/news.filmelier.com\/br\/critica-filme-caramelo-netflix-rafael-vitti-final\/#primaryimage"},"image":{"@id":"https:\/\/news.filmelier.com\/br\/critica-filme-caramelo-netflix-rafael-vitti-final\/#primaryimage"},"thumbnailUrl":"https:\/\/news.filmelier.com\/wp-content\/uploads\/2025\/10\/caramelo-filme-netflix.webp","datePublished":"2025-10-27T22:51:08+00:00","dateModified":"2025-10-27T22:52:02+00:00","description":"O filme Caramelo (Netflix) \u00e9 bom? Leia a cr\u00edtica do drama com Rafael Vitti e saiba (com spoilers) se o cachorro ou o protagonista Pedro morrem","breadcrumb":{"@id":"https:\/\/news.filmelier.com\/br\/critica-filme-caramelo-netflix-rafael-vitti-final\/#breadcrumb"},"inLanguage":"pt-BR","potentialAction":[{"@type":"ReadAction","target":["https:\/\/news.filmelier.com\/br\/critica-filme-caramelo-netflix-rafael-vitti-final\/"]}]},{"@type":"ImageObject","inLanguage":"pt-BR","@id":"https:\/\/news.filmelier.com\/br\/critica-filme-caramelo-netflix-rafael-vitti-final\/#primaryimage","url":"https:\/\/news.filmelier.com\/wp-content\/uploads\/2025\/10\/caramelo-filme-netflix.webp","contentUrl":"https:\/\/news.filmelier.com\/wp-content\/uploads\/2025\/10\/caramelo-filme-netflix.webp","width":1920,"height":1080,"caption":"Rafael Vitti como Pedro e o c\u00e3o Amendoim (Caramelo) em cena do filme da Netflix (Cr\u00e9ditos: Netflix)"},{"@type":"BreadcrumbList","@id":"https:\/\/news.filmelier.com\/br\/critica-filme-caramelo-netflix-rafael-vitti-final\/#breadcrumb","itemListElement":[{"@type":"ListItem","position":1,"name":"In\u00edcio","item":"https:\/\/homolog.news.filmelier.com\/br\/"},{"@type":"ListItem","position":2,"name":"Cr\u00edtica de \u2018Caramelo\u2019: Fen\u00f4meno da Netflix com Rafael Vitti usa \u00edcone brasileiro para arrancar l\u00e1grimas f\u00e1ceis"}]},{"@type":"WebSite","@id":"https:\/\/homolog.news.filmelier.com\/br\/#website","url":"https:\/\/homolog.news.filmelier.com\/br\/","name":"Homolog Filmelier News Rankrup","description":"","publisher":{"@id":"https:\/\/homolog.news.filmelier.com\/br\/#organization"},"potentialAction":[{"@type":"SearchAction","target":{"@type":"EntryPoint","urlTemplate":"https:\/\/homolog.news.filmelier.com\/br\/?s={search_term_string}"},"query-input":{"@type":"PropertyValueSpecification","valueRequired":true,"valueName":"search_term_string"}}],"inLanguage":"pt-BR"},{"@type":"Organization","@id":"https:\/\/homolog.news.filmelier.com\/br\/#organization","name":"Homolog Filmelier News Rankrup","url":"https:\/\/homolog.news.filmelier.com\/br\/","logo":{"@type":"ImageObject","inLanguage":"pt-BR","@id":"https:\/\/homolog.news.filmelier.com\/br\/#\/schema\/logo\/image\/","url":"https:\/\/news.filmelier.com\/wp-content\/uploads\/2024\/11\/Logo-News.png","contentUrl":"https:\/\/news.filmelier.com\/wp-content\/uploads\/2024\/11\/Logo-News.png","width":460,"height":108,"caption":"Homolog Filmelier News Rankrup"},"image":{"@id":"https:\/\/homolog.news.filmelier.com\/br\/#\/schema\/logo\/image\/"}},{"@type":"Person","@id":"https:\/\/homolog.news.filmelier.com\/br\/#\/schema\/person\/b6689fa913d8b849cd7549503e6521cc","name":"Vit\u00f3ria Pratini","image":{"@type":"ImageObject","inLanguage":"pt-BR","@id":"https:\/\/homolog.news.filmelier.com\/br\/#\/schema\/person\/image\/","url":"https:\/\/secure.gravatar.com\/avatar\/93bc09f1ea8059e7f68ceebd457a04e75befce531605be9c8ad31127fed28a0d?s=96&d=mm&r=g","contentUrl":"https:\/\/secure.gravatar.com\/avatar\/93bc09f1ea8059e7f68ceebd457a04e75befce531605be9c8ad31127fed28a0d?s=96&d=mm&r=g","caption":"Vit\u00f3ria Pratini"},"description":"A critic and journalist specializing in films, series and pop culture since 2013, Vit\u00f3ria Pratini has had her articles published in AdoroCinema, IGN Brasil, Terra and MSN. During her career, she has covered audiovisual events, such as San Diego Comic-Con, CCXP, Festival do Rio and Pr\u00eamio Grande Otelo. She has served on festival juries and interviewed names such as Helen Mirren, Fernanda Torres, Gilberto Gil, Jude Law and Bryan Cranston. An SEO specialist, Vit\u00f3ria is currently a content strategist and reporter for Filmelier.","sameAs":["https:\/\/www.filmelier.com\/br\/autor\/vitoria-pratini","https:\/\/www.instagram.com\/vitoriapratini\/"],"url":"https:\/\/news.filmelier.com\/br\/author\/vitoria-pratini\/"}]}},"_links":{"self":[{"href":"https:\/\/news.filmelier.com\/br\/wp-json\/wp\/v2\/posts\/59506","targetHints":{"allow":["GET"]}}],"collection":[{"href":"https:\/\/news.filmelier.com\/br\/wp-json\/wp\/v2\/posts"}],"about":[{"href":"https:\/\/news.filmelier.com\/br\/wp-json\/wp\/v2\/types\/post"}],"author":[{"embeddable":true,"href":"https:\/\/news.filmelier.com\/br\/wp-json\/wp\/v2\/users\/11"}],"replies":[{"embeddable":true,"href":"https:\/\/news.filmelier.com\/br\/wp-json\/wp\/v2\/comments?post=59506"}],"version-history":[{"count":3,"href":"https:\/\/news.filmelier.com\/br\/wp-json\/wp\/v2\/posts\/59506\/revisions"}],"predecessor-version":[{"id":59518,"href":"https:\/\/news.filmelier.com\/br\/wp-json\/wp\/v2\/posts\/59506\/revisions\/59518"}],"wp:featuredmedia":[{"embeddable":true,"href":"https:\/\/news.filmelier.com\/br\/wp-json\/wp\/v2\/media\/59514"}],"wp:attachment":[{"href":"https:\/\/news.filmelier.com\/br\/wp-json\/wp\/v2\/media?parent=59506"}],"wp:term":[{"taxonomy":"category","embeddable":true,"href":"https:\/\/news.filmelier.com\/br\/wp-json\/wp\/v2\/categories?post=59506"},{"taxonomy":"post_tag","embeddable":true,"href":"https:\/\/news.filmelier.com\/br\/wp-json\/wp\/v2\/tags?post=59506"}],"curies":[{"name":"wp","href":"https:\/\/api.w.org\/{rel}","templated":true}]}}