{"id":59484,"date":"2025-10-27T20:43:59","date_gmt":"2025-10-27T20:43:59","guid":{"rendered":"https:\/\/news.filmelier.com\/?p=59484"},"modified":"2025-10-27T20:54:42","modified_gmt":"2025-10-27T20:54:42","slug":"critica-mortos-entre-vivos-handling-the-undead","status":"publish","type":"post","link":"https:\/\/news.filmelier.com\/br\/critica-mortos-entre-vivos-handling-the-undead\/","title":{"rendered":"Cr\u00edtica de &#8216;Mortos Entre Vivos&#8217; (&#8216;Handling the Undead&#8217;): o zumbi como explora\u00e7\u00e3o do luto"},"content":{"rendered":"<p>Desde sua concep\u00e7\u00e3o moderna com <a href=\"https:\/\/www.filmelier.com\/br\/filmes\/1538\/a-noite-dos-mortos-vivos\" target=\"_blank\" rel=\"noopener\"><i>A Noite dos Mortos-Vivos<\/i><\/a> (<i>Night of the Living Dead<\/i>, Estados Unidos, 1968), o cinema de zumbis tem sido terreno f\u00e9rtil para uma ampla variedade de alegorias, muitas delas orientadas para o social, como cr\u00edticas ao consumismo e \u00e0 <a href=\"https:\/\/www.filmelier.com\/br\/filmes\/1255\/invasao-zumbi\" target=\"_blank\" rel=\"noopener\">desigualdade econ\u00f4mica<\/a>. \u00c9 por isso que <a href=\"https:\/\/www.filmelier.com\/br\/filmes\/114282\/mortos-entre-vivos\" target=\"_blank\" rel=\"noopener\"><i>Mortos Entre Vivos<\/i><\/a> (<i>Handling the Undead<\/i>, Noruega, 2024) \u00e9 um esp\u00e9cime sumamente incomum dentro deste subg\u00eanero do terror.<\/p>\n<ul>\n<li><strong>Leia tamb\u00e9m: <a href=\"https:\/\/news.filmelier.com\/br\/se-eu-tivesse-pernas-eu-te-chutaria-entrevista-filme\/\" target=\"_blank\" rel=\"noopener\">&#8220;Nunca tive uma prepara\u00e7\u00e3o t\u00e3o intensa para um papel&#8221;, revela Rose Byrne sobre <em>Se Eu Tivesse Pernas, Eu Te Chutaria<\/em><\/a><\/strong><\/li>\n<\/ul>\n<p><iframe title=\"HANDLING THE UNDEAD - Official Sundance Trailer\" width=\"800\" height=\"450\" src=\"https:\/\/www.youtube.com\/embed\/qrmpti8QHco?feature=oembed\" frameborder=\"0\" allow=\"accelerometer; autoplay; clipboard-write; encrypted-media; gyroscope; picture-in-picture; web-share\" referrerpolicy=\"strict-origin-when-cross-origin\" allowfullscreen><\/iframe><\/p>\n<p>Tanto \u00e9 assim que inclusive cabe questionar se conta como <a href=\"https:\/\/www.filmelier.com\/br\/terror\">cinema de terror<\/a>. Sim, conta, embora a diretora e co-roteirista Thea Hvistendahl esteja mais interessada no drama interior dos personagens. \u00c9 um filme sobre um tipo distinto de Apocalipse zumbi: n\u00e3o aquele que traz o t\u00edpico colapso catastr\u00f3fico da civiliza\u00e7\u00e3o, mas o colapso das vidas que seguem quando seus afetos j\u00e1 as abandonaram.<\/p>\n<h2>Do que se trata?<\/h2>\n<p>Em Oslo, Anna (<a href=\"https:\/\/www.filmelier.com\/br\/list\/filmes-de-renate-reinsve-assistir-online\" target=\"_blank\" rel=\"noopener\">Renate Reinsve<\/a>, de <a href=\"https:\/\/www.filmelier.com\/br\/filmes\/18213\/a-pior-pessoa-do-mundo\" target=\"_blank\" rel=\"noopener\"><i>A Pior Pessoa do Mundo<\/i><\/a>) \u00e9 uma jovem m\u00e3e solteira que n\u00e3o consegue se recuperar da recente morte de seu filho, e seu pai (Bj\u00f8rn Sundquist) n\u00e3o sabe como ajud\u00e1-la. David (Anders Danielsen Lie), um aspirante a comediante, ama profundamente sua esposa, Eva (Bahar Pars), que morre repentinamente em um acidente de tr\u00e2nsito. Tora (Bente B\u00f8rsum) \u00e9 a \u00faltima a ir embora do funeral de sua amada parceira, Elisabet (Olga Damani), e volta a viver sozinha em uma casa com suas lembran\u00e7as.<\/p>\n<p>Depois de um misterioso apag\u00e3o, esses mortos retornam \u00e0 vida. Com a cidade cercada pelo mist\u00e9rio dessas ressurrei\u00e7\u00f5es, as fam\u00edlias devem lidar com o repentino retorno de seus entes queridos\u2014e com a possibilidade de que estes, e eles mesmos, n\u00e3o sejam as mesmas pessoas que eram antes\u2014.<\/p>\n<h2><i>Mortos Entre Vivos<\/i> (<i>Handling the Undead<\/i>) n\u00e3o \u00e9 o t\u00edpico filme de zumbis<\/h2>\n<p>Se n\u00e3o intu\u00eda j\u00e1 neste ponto, <i>Mortos Entre Vivos<\/i> est\u00e1 longe do terror abjeto e escandaloso que costumamos esperar do <a href=\"https:\/\/www.filmelier.com\/br\/list\/filmes-de-zumbi\" target=\"_blank\" rel=\"noopener\">cinema de zumbis<\/a>: se este fosse um espectro, o filme de Hvistendahl estaria no extremo oposto de algo como <a href=\"https:\/\/www.filmelier.com\/br\/filmes\/15083\/guerra-mundial-z\" target=\"_blank\" rel=\"noopener\"><i>Guerra Mundial Z<\/i><\/a> (<i>World War Z<\/i>, EUA, 2013).<\/p>\n<ul>\n<li><strong>Leia tamb\u00e9m: <a href=\"https:\/\/news.filmelier.com\/br\/critica-bugonia-2025\/\" target=\"_blank\" rel=\"noopener\">Cr\u00edtica: <em>Bugonia<\/em> mostra que Yorgos Lanthimos ainda tem muito a dizer<\/a><\/strong><\/li>\n<\/ul>\n<figure id=\"attachment_59479\" aria-describedby=\"caption-attachment-59479\" style=\"width: 800px\" class=\"wp-caption alignnone\"><img fetchpriority=\"high\" decoding=\"async\" class=\"size-full wp-image-59479\" src=\"https:\/\/news.filmelier.com\/wp-content\/uploads\/2025\/10\/descansa-en-paz-handling-the-undead.webp\" alt=\"Mortos Entre Vivos (Handling the Undead)\" width=\"800\" height=\"450\" srcset=\"https:\/\/news.filmelier.com\/wp-content\/uploads\/2025\/10\/descansa-en-paz-handling-the-undead.webp 800w, https:\/\/news.filmelier.com\/wp-content\/uploads\/2025\/10\/descansa-en-paz-handling-the-undead-300x169.webp 300w, https:\/\/news.filmelier.com\/wp-content\/uploads\/2025\/10\/descansa-en-paz-handling-the-undead-768x432.webp 768w, https:\/\/news.filmelier.com\/wp-content\/uploads\/2025\/10\/descansa-en-paz-handling-the-undead-150x84.webp 150w\" sizes=\"(max-width: 800px) 100vw, 800px\" \/><figcaption id=\"caption-attachment-59479\" class=\"wp-caption-text\">A quietude do entorno e do luto s\u00e3o as constantes em <em>Mortos Entre Vivos<\/em> (Cr\u00e9ditos: Synapse Distribution)<\/figcaption><\/figure>\n<p>O filme, cujo roteiro adaptado por John Ajvide Lindqvist a partir de seu pr\u00f3prio romance hom\u00f4nimo (como j\u00e1 fez com as similares <i>Border<\/i>\u00a0e com <a href=\"https:\/\/www.filmelier.com\/br\/filmes\/113005\/deixa-ela-entrar\" target=\"_blank\" rel=\"noopener\"><i>Deixa Ela Entrar<\/i><\/a>, este \u00faltimo de vampiros), omite completamente as imagens chocantes de viol\u00eancia e as persegui\u00e7\u00f5es esperadas do subg\u00eanero. As emo\u00e7\u00f5es, portanto, s\u00e3o muito contidas, mais escuras de um modo discreto.<\/p>\n<p>\u00c9 um filme de zumbis que dificilmente qualificaria como tal se n\u00e3o fosse pela presen\u00e7a dos mortos-vivos. O sangue e o canibalismo se mant\u00eam a um m\u00ednimo. A luta pela sobreviv\u00eancia nem sequer \u00e9, de fato, a quest\u00e3o principal aqui. Ou pelo menos n\u00e3o o tipo de sobreviv\u00eancia esperada desta classe de filmes, onde os protagonistas devem carregar armas, buscar provis\u00f5es, se esconder para n\u00e3o serem devorados.<\/p>\n<p>Isto porque o interesse de Hvistendahl e da hist\u00f3ria de Lindqvist est\u00e1 em outra coisa: em como estes personagens sobrevivem depois da trag\u00e9dia. Junto com o ritmo pausado da montagem, a fotografia de P\u00e5l Ulvik Rokseth (<a href=\"https:\/\/www.filmelier.com\/br\/filmes\/4404\/22-de-julho\"><i>22 de Julho<\/i><\/a>), de tons azuis apagados que evocam a tristeza de um frio norte escandinavo, observa a quietude, os espa\u00e7os vazios e nos situa no espa\u00e7o mental da trag\u00e9dia, do luto e da melancolia de seus tr\u00eas protagonistas. Estes experimentaram grandes perdas\u2014alguns mais recentemente que outros\u2014, navegam em diferentes etapas entre o <i>choque<\/i>, a nega\u00e7\u00e3o e a depress\u00e3o.<\/p>\n<ul>\n<li><strong>Leia tamb\u00e9m: <a href=\"https:\/\/news.filmelier.com\/br\/critica-frankenstein-del-toro\/\" target=\"_blank\" rel=\"noopener\">Cr\u00edtica: Frankenstein de Guillermo del Toro \u00e9 filme belo, mas sem alma<\/a><\/strong><\/li>\n<\/ul>\n<figure id=\"attachment_59476\" aria-describedby=\"caption-attachment-59476\" style=\"width: 800px\" class=\"wp-caption alignnone\"><img decoding=\"async\" class=\"size-full wp-image-59476\" src=\"https:\/\/news.filmelier.com\/wp-content\/uploads\/2025\/10\/critica-descansa-en-paz-handling-the-undead.webp\" alt=\"Cr\u00edtica de 'Mortos Entre Vivos' ('Handling the Undead'): o zumbi como explora\u00e7\u00e3o do luto\" width=\"800\" height=\"450\" srcset=\"https:\/\/news.filmelier.com\/wp-content\/uploads\/2025\/10\/critica-descansa-en-paz-handling-the-undead.webp 800w, https:\/\/news.filmelier.com\/wp-content\/uploads\/2025\/10\/critica-descansa-en-paz-handling-the-undead-300x169.webp 300w, https:\/\/news.filmelier.com\/wp-content\/uploads\/2025\/10\/critica-descansa-en-paz-handling-the-undead-768x432.webp 768w, https:\/\/news.filmelier.com\/wp-content\/uploads\/2025\/10\/critica-descansa-en-paz-handling-the-undead-150x84.webp 150w\" sizes=\"(max-width: 800px) 100vw, 800px\" \/><figcaption id=\"caption-attachment-59476\" class=\"wp-caption-text\">Os zumbis funcionam como alegoria sobre um passado que se nega a morrer (Cr\u00e9ditos: Synapse Distribution)<\/figcaption><\/figure>\n<p>Cabe dizer que, se algo recupera <i>Mortos Entre Vivos<\/i> da tradi\u00e7\u00e3o zumbi, \u00e9 sua pouca preocupa\u00e7\u00e3o em explicar as causas da ressurrei\u00e7\u00e3o dos mortos ou delinear detalhados antecedentes para seus personagens. Jamais conhecemos como \u00e9 que morreu o filho de Anna, ou se Tora e Elisabet estavam juntas h\u00e1 muito tempo (embora se intu\u00eda que estiveram por toda uma vida). Tampouco se complexificam dentro deste cen\u00e1rio nem h\u00e1 uma reflex\u00e3o densa sobre o que significaria para os mortos voltar do outro lado, se seriam ou n\u00e3o as mesmas pessoas de antes.<\/p>\n<p>O anterior pode se sentir dramaticamente escasso, embora sim que o filme tem algo a dizer. A narrativa se orienta mais a brindar uma alegoria de como seguir adiante quando o passado se resiste a morrer. Estes zumbis n\u00e3o brindam o espet\u00e1culo da viol\u00eancia canibal, mas sim s\u00e3o mais como fantasmas ou lembran\u00e7as \u00e0s quais nos aferramos.<\/p>\n<p>Mas o que revive na mem\u00f3ria \u00e9 o mesmo que foi em vida? E mais importante ainda: qual trag\u00e9dia inevit\u00e1vel implica n\u00e3o deixar ir?<\/p>\n<p><a href=\"https:\/\/www.filmelier.com\/br\/filmes\/114282\/mortos-entre-vivos\" target=\"_blank\" rel=\"noopener\"><b><i>Mortos Entre Vivos<\/i><\/b><b> (<\/b><b><i>Handling the Undead<\/i><\/b><b>) chega ao canal Filmelier+ do Prime Video em 30 de outubro.<\/b><\/a><\/p>\n","protected":false},"excerpt":{"rendered":"<p>Com Renate Reinsve, &#8216;Mortos Entre Vivos&#8217; (\u2018Handling the Undead\u2019) reinterpreta as conven\u00e7\u00f5es do cinema de zumbis para abordar a perda.<\/p>\n","protected":false},"author":20,"featured_media":59485,"comment_status":"closed","ping_status":"closed","sticky":false,"template":"","format":"standard","meta":{"_acf_changed":false,"footnotes":""},"categories":[3481,3482],"tags":[5984,10344,10329,10342,10343],"class_list":["post-59484","post","type-post","status-publish","format-standard","has-post-thumbnail","hentry","category-criticas-br","category-filmes-br","tag-filmes-de-zumbi","tag-handling-the-undead-br","tag-horror-br","tag-mortos-entre-vivos","tag-renate-reinsve-br"],"acf":{"subtitulo":"Com Renate Reinsve, 'Mortos Entre Vivos' (\u2018Handling the Undead\u2019) reinterpreta as conven\u00e7\u00f5es do cinema de zumbis para abordar a perda.","id_ator":"nm4561559, nm0127232, nm0509264, nm0198606, nm2560232, nm0839209"},"yoast_head":"<!-- This site is optimized with the Yoast SEO plugin v26.1.1 - https:\/\/yoast.com\/wordpress\/plugins\/seo\/ -->\n<title>Cr\u00edtica de &#039;Mortos Entre Vivos&#039; (&#039;Handling the Undead&#039;) - Filmelier<\/title>\n<meta name=\"description\" content=\"Com Renate Reinsve, &#039;Mortos Entre Vivos&#039; (\u2018Handling the Undead\u2019) reinterpreta as conven\u00e7\u00f5es do cinema de zumbis para abordar a perda.\" \/>\n<meta name=\"robots\" content=\"index, follow, max-snippet:-1, max-image-preview:large, max-video-preview:-1\" \/>\n<link rel=\"canonical\" href=\"https:\/\/news.filmelier.com\/br\/critica-mortos-entre-vivos-handling-the-undead\/\" \/>\n<meta property=\"og:locale\" content=\"pt_BR\" \/>\n<meta property=\"og:type\" content=\"article\" \/>\n<meta property=\"og:title\" content=\"Cr\u00edtica de &#039;Mortos Entre Vivos&#039; (&#039;Handling the Undead&#039;) - Filmelier\" \/>\n<meta property=\"og:description\" content=\"Com Renate Reinsve, &#039;Mortos Entre Vivos&#039; (\u2018Handling the Undead\u2019) reinterpreta as conven\u00e7\u00f5es do cinema de zumbis para abordar a perda.\" \/>\n<meta property=\"og:url\" content=\"https:\/\/news.filmelier.com\/br\/critica-mortos-entre-vivos-handling-the-undead\/\" \/>\n<meta property=\"og:site_name\" content=\"News Filmelier\" \/>\n<meta property=\"article:published_time\" content=\"2025-10-27T20:43:59+00:00\" \/>\n<meta property=\"article:modified_time\" content=\"2025-10-27T20:54:42+00:00\" \/>\n<meta property=\"og:image\" content=\"https:\/\/homolog.news.filmelier.com\/wp-content\/uploads\/2025\/10\/critica-mortos-entre-vivos-handling-the-undead.webp\" \/>\n\t<meta property=\"og:image:width\" content=\"800\" \/>\n\t<meta property=\"og:image:height\" content=\"450\" \/>\n\t<meta property=\"og:image:type\" content=\"image\/webp\" \/>\n<meta name=\"author\" content=\"Lalo Ortega\" \/>\n<meta name=\"twitter:card\" content=\"summary_large_image\" \/>\n<meta name=\"twitter:label1\" content=\"Escrito por\" \/>\n\t<meta name=\"twitter:data1\" content=\"Lalo Ortega\" \/>\n\t<meta name=\"twitter:label2\" content=\"Est. tempo de leitura\" \/>\n\t<meta name=\"twitter:data2\" content=\"5 minutos\" \/>\n<script type=\"application\/ld+json\" class=\"yoast-schema-graph\">{\"@context\":\"https:\/\/schema.org\",\"@graph\":[{\"@type\":\"Article\",\"@id\":\"https:\/\/news.filmelier.com\/br\/critica-mortos-entre-vivos-handling-the-undead\/#article\",\"isPartOf\":{\"@id\":\"https:\/\/news.filmelier.com\/br\/critica-mortos-entre-vivos-handling-the-undead\/\"},\"author\":{\"name\":\"Lalo Ortega\",\"@id\":\"https:\/\/homolog.news.filmelier.com\/br\/#\/schema\/person\/bc393b46ea1d056e9889f90b246255ee\"},\"headline\":\"Cr\u00edtica de &#8216;Mortos Entre Vivos&#8217; (&#8216;Handling the Undead&#8217;): o zumbi como explora\u00e7\u00e3o do luto\",\"datePublished\":\"2025-10-27T20:43:59+00:00\",\"dateModified\":\"2025-10-27T20:54:42+00:00\",\"mainEntityOfPage\":{\"@id\":\"https:\/\/news.filmelier.com\/br\/critica-mortos-entre-vivos-handling-the-undead\/\"},\"wordCount\":920,\"publisher\":{\"@id\":\"https:\/\/homolog.news.filmelier.com\/br\/#organization\"},\"image\":{\"@id\":\"https:\/\/news.filmelier.com\/br\/critica-mortos-entre-vivos-handling-the-undead\/#primaryimage\"},\"thumbnailUrl\":\"https:\/\/news.filmelier.com\/wp-content\/uploads\/2025\/10\/critica-mortos-entre-vivos-handling-the-undead.webp\",\"keywords\":[\"Filmes de Zumbi\",\"Handling the Undead\",\"horror\",\"Mortos Entre Vivos\",\"Renate Reinsve\"],\"articleSection\":[\"Cr\u00edticas\",\"Filmes\"],\"inLanguage\":\"pt-BR\"},{\"@type\":\"WebPage\",\"@id\":\"https:\/\/news.filmelier.com\/br\/critica-mortos-entre-vivos-handling-the-undead\/\",\"url\":\"https:\/\/news.filmelier.com\/br\/critica-mortos-entre-vivos-handling-the-undead\/\",\"name\":\"Cr\u00edtica de 'Mortos Entre Vivos' ('Handling the Undead') - Filmelier\",\"isPartOf\":{\"@id\":\"https:\/\/homolog.news.filmelier.com\/br\/#website\"},\"primaryImageOfPage\":{\"@id\":\"https:\/\/news.filmelier.com\/br\/critica-mortos-entre-vivos-handling-the-undead\/#primaryimage\"},\"image\":{\"@id\":\"https:\/\/news.filmelier.com\/br\/critica-mortos-entre-vivos-handling-the-undead\/#primaryimage\"},\"thumbnailUrl\":\"https:\/\/news.filmelier.com\/wp-content\/uploads\/2025\/10\/critica-mortos-entre-vivos-handling-the-undead.webp\",\"datePublished\":\"2025-10-27T20:43:59+00:00\",\"dateModified\":\"2025-10-27T20:54:42+00:00\",\"description\":\"Com Renate Reinsve, 'Mortos Entre Vivos' (\u2018Handling the Undead\u2019) reinterpreta as conven\u00e7\u00f5es do cinema de zumbis para abordar a perda.\",\"breadcrumb\":{\"@id\":\"https:\/\/news.filmelier.com\/br\/critica-mortos-entre-vivos-handling-the-undead\/#breadcrumb\"},\"inLanguage\":\"pt-BR\",\"potentialAction\":[{\"@type\":\"ReadAction\",\"target\":[\"https:\/\/news.filmelier.com\/br\/critica-mortos-entre-vivos-handling-the-undead\/\"]}]},{\"@type\":\"ImageObject\",\"inLanguage\":\"pt-BR\",\"@id\":\"https:\/\/news.filmelier.com\/br\/critica-mortos-entre-vivos-handling-the-undead\/#primaryimage\",\"url\":\"https:\/\/news.filmelier.com\/wp-content\/uploads\/2025\/10\/critica-mortos-entre-vivos-handling-the-undead.webp\",\"contentUrl\":\"https:\/\/news.filmelier.com\/wp-content\/uploads\/2025\/10\/critica-mortos-entre-vivos-handling-the-undead.webp\",\"width\":800,\"height\":450,\"caption\":\"(Cr\u00e9dito: Synapse Distribution)\"},{\"@type\":\"BreadcrumbList\",\"@id\":\"https:\/\/news.filmelier.com\/br\/critica-mortos-entre-vivos-handling-the-undead\/#breadcrumb\",\"itemListElement\":[{\"@type\":\"ListItem\",\"position\":1,\"name\":\"In\u00edcio\",\"item\":\"https:\/\/homolog.news.filmelier.com\/br\/\"},{\"@type\":\"ListItem\",\"position\":2,\"name\":\"Cr\u00edtica de &#8216;Mortos Entre Vivos&#8217; (&#8216;Handling the Undead&#8217;): o zumbi como explora\u00e7\u00e3o do luto\"}]},{\"@type\":\"WebSite\",\"@id\":\"https:\/\/homolog.news.filmelier.com\/br\/#website\",\"url\":\"https:\/\/homolog.news.filmelier.com\/br\/\",\"name\":\"Homolog Filmelier News Rankrup\",\"description\":\"\",\"publisher\":{\"@id\":\"https:\/\/homolog.news.filmelier.com\/br\/#organization\"},\"potentialAction\":[{\"@type\":\"SearchAction\",\"target\":{\"@type\":\"EntryPoint\",\"urlTemplate\":\"https:\/\/homolog.news.filmelier.com\/br\/?s={search_term_string}\"},\"query-input\":{\"@type\":\"PropertyValueSpecification\",\"valueRequired\":true,\"valueName\":\"search_term_string\"}}],\"inLanguage\":\"pt-BR\"},{\"@type\":\"Organization\",\"@id\":\"https:\/\/homolog.news.filmelier.com\/br\/#organization\",\"name\":\"Homolog Filmelier News Rankrup\",\"url\":\"https:\/\/homolog.news.filmelier.com\/br\/\",\"logo\":{\"@type\":\"ImageObject\",\"inLanguage\":\"pt-BR\",\"@id\":\"https:\/\/homolog.news.filmelier.com\/br\/#\/schema\/logo\/image\/\",\"url\":\"https:\/\/news.filmelier.com\/wp-content\/uploads\/2024\/11\/Logo-News.png\",\"contentUrl\":\"https:\/\/news.filmelier.com\/wp-content\/uploads\/2024\/11\/Logo-News.png\",\"width\":460,\"height\":108,\"caption\":\"Homolog Filmelier News Rankrup\"},\"image\":{\"@id\":\"https:\/\/homolog.news.filmelier.com\/br\/#\/schema\/logo\/image\/\"}},{\"@type\":\"Person\",\"@id\":\"https:\/\/homolog.news.filmelier.com\/br\/#\/schema\/person\/bc393b46ea1d056e9889f90b246255ee\",\"name\":\"Lalo Ortega\",\"image\":{\"@type\":\"ImageObject\",\"inLanguage\":\"pt-BR\",\"@id\":\"https:\/\/homolog.news.filmelier.com\/br\/#\/schema\/person\/image\/\",\"url\":\"https:\/\/secure.gravatar.com\/avatar\/f3157eaf8168f3d46d009a8fc239950bcf17063f8b0138c7c844307471672d86?s=96&d=mm&r=g\",\"contentUrl\":\"https:\/\/secure.gravatar.com\/avatar\/f3157eaf8168f3d46d009a8fc239950bcf17063f8b0138c7c844307471672d86?s=96&d=mm&r=g\",\"caption\":\"Lalo Ortega\"},\"description\":\"Lalo Ortega is a Mexican film critic. He has written for publications such as EMPIRE en espa\u00f1ol, Cine PREMIERE, La Estatuilla and more. He is currently the editor-in-chief of Filmelier.\",\"url\":\"https:\/\/news.filmelier.com\/br\/author\/lalo\/\"}]}<\/script>\n<!-- \/ Yoast SEO plugin. -->","yoast_head_json":{"title":"Cr\u00edtica de 'Mortos Entre Vivos' ('Handling the Undead') - Filmelier","description":"Com Renate Reinsve, 'Mortos Entre Vivos' (\u2018Handling the Undead\u2019) reinterpreta as conven\u00e7\u00f5es do cinema de zumbis para abordar a perda.","robots":{"index":"index","follow":"follow","max-snippet":"max-snippet:-1","max-image-preview":"max-image-preview:large","max-video-preview":"max-video-preview:-1"},"canonical":"https:\/\/news.filmelier.com\/br\/critica-mortos-entre-vivos-handling-the-undead\/","og_locale":"pt_BR","og_type":"article","og_title":"Cr\u00edtica de 'Mortos Entre Vivos' ('Handling the Undead') - Filmelier","og_description":"Com Renate Reinsve, 'Mortos Entre Vivos' (\u2018Handling the Undead\u2019) reinterpreta as conven\u00e7\u00f5es do cinema de zumbis para abordar a perda.","og_url":"https:\/\/news.filmelier.com\/br\/critica-mortos-entre-vivos-handling-the-undead\/","og_site_name":"News Filmelier","article_published_time":"2025-10-27T20:43:59+00:00","article_modified_time":"2025-10-27T20:54:42+00:00","og_image":[{"width":800,"height":450,"url":"https:\/\/homolog.news.filmelier.com\/wp-content\/uploads\/2025\/10\/critica-mortos-entre-vivos-handling-the-undead.webp","type":"image\/webp"}],"author":"Lalo Ortega","twitter_card":"summary_large_image","twitter_misc":{"Escrito por":"Lalo Ortega","Est. tempo de leitura":"5 minutos"},"schema":{"@context":"https:\/\/schema.org","@graph":[{"@type":"Article","@id":"https:\/\/news.filmelier.com\/br\/critica-mortos-entre-vivos-handling-the-undead\/#article","isPartOf":{"@id":"https:\/\/news.filmelier.com\/br\/critica-mortos-entre-vivos-handling-the-undead\/"},"author":{"name":"Lalo Ortega","@id":"https:\/\/homolog.news.filmelier.com\/br\/#\/schema\/person\/bc393b46ea1d056e9889f90b246255ee"},"headline":"Cr\u00edtica de &#8216;Mortos Entre Vivos&#8217; (&#8216;Handling the Undead&#8217;): o zumbi como explora\u00e7\u00e3o do luto","datePublished":"2025-10-27T20:43:59+00:00","dateModified":"2025-10-27T20:54:42+00:00","mainEntityOfPage":{"@id":"https:\/\/news.filmelier.com\/br\/critica-mortos-entre-vivos-handling-the-undead\/"},"wordCount":920,"publisher":{"@id":"https:\/\/homolog.news.filmelier.com\/br\/#organization"},"image":{"@id":"https:\/\/news.filmelier.com\/br\/critica-mortos-entre-vivos-handling-the-undead\/#primaryimage"},"thumbnailUrl":"https:\/\/news.filmelier.com\/wp-content\/uploads\/2025\/10\/critica-mortos-entre-vivos-handling-the-undead.webp","keywords":["Filmes de Zumbi","Handling the Undead","horror","Mortos Entre Vivos","Renate Reinsve"],"articleSection":["Cr\u00edticas","Filmes"],"inLanguage":"pt-BR"},{"@type":"WebPage","@id":"https:\/\/news.filmelier.com\/br\/critica-mortos-entre-vivos-handling-the-undead\/","url":"https:\/\/news.filmelier.com\/br\/critica-mortos-entre-vivos-handling-the-undead\/","name":"Cr\u00edtica de 'Mortos Entre Vivos' ('Handling the Undead') - Filmelier","isPartOf":{"@id":"https:\/\/homolog.news.filmelier.com\/br\/#website"},"primaryImageOfPage":{"@id":"https:\/\/news.filmelier.com\/br\/critica-mortos-entre-vivos-handling-the-undead\/#primaryimage"},"image":{"@id":"https:\/\/news.filmelier.com\/br\/critica-mortos-entre-vivos-handling-the-undead\/#primaryimage"},"thumbnailUrl":"https:\/\/news.filmelier.com\/wp-content\/uploads\/2025\/10\/critica-mortos-entre-vivos-handling-the-undead.webp","datePublished":"2025-10-27T20:43:59+00:00","dateModified":"2025-10-27T20:54:42+00:00","description":"Com Renate Reinsve, 'Mortos Entre Vivos' (\u2018Handling the Undead\u2019) reinterpreta as conven\u00e7\u00f5es do cinema de zumbis para abordar a perda.","breadcrumb":{"@id":"https:\/\/news.filmelier.com\/br\/critica-mortos-entre-vivos-handling-the-undead\/#breadcrumb"},"inLanguage":"pt-BR","potentialAction":[{"@type":"ReadAction","target":["https:\/\/news.filmelier.com\/br\/critica-mortos-entre-vivos-handling-the-undead\/"]}]},{"@type":"ImageObject","inLanguage":"pt-BR","@id":"https:\/\/news.filmelier.com\/br\/critica-mortos-entre-vivos-handling-the-undead\/#primaryimage","url":"https:\/\/news.filmelier.com\/wp-content\/uploads\/2025\/10\/critica-mortos-entre-vivos-handling-the-undead.webp","contentUrl":"https:\/\/news.filmelier.com\/wp-content\/uploads\/2025\/10\/critica-mortos-entre-vivos-handling-the-undead.webp","width":800,"height":450,"caption":"(Cr\u00e9dito: Synapse Distribution)"},{"@type":"BreadcrumbList","@id":"https:\/\/news.filmelier.com\/br\/critica-mortos-entre-vivos-handling-the-undead\/#breadcrumb","itemListElement":[{"@type":"ListItem","position":1,"name":"In\u00edcio","item":"https:\/\/homolog.news.filmelier.com\/br\/"},{"@type":"ListItem","position":2,"name":"Cr\u00edtica de &#8216;Mortos Entre Vivos&#8217; (&#8216;Handling the Undead&#8217;): o zumbi como explora\u00e7\u00e3o do luto"}]},{"@type":"WebSite","@id":"https:\/\/homolog.news.filmelier.com\/br\/#website","url":"https:\/\/homolog.news.filmelier.com\/br\/","name":"Homolog Filmelier News Rankrup","description":"","publisher":{"@id":"https:\/\/homolog.news.filmelier.com\/br\/#organization"},"potentialAction":[{"@type":"SearchAction","target":{"@type":"EntryPoint","urlTemplate":"https:\/\/homolog.news.filmelier.com\/br\/?s={search_term_string}"},"query-input":{"@type":"PropertyValueSpecification","valueRequired":true,"valueName":"search_term_string"}}],"inLanguage":"pt-BR"},{"@type":"Organization","@id":"https:\/\/homolog.news.filmelier.com\/br\/#organization","name":"Homolog Filmelier News Rankrup","url":"https:\/\/homolog.news.filmelier.com\/br\/","logo":{"@type":"ImageObject","inLanguage":"pt-BR","@id":"https:\/\/homolog.news.filmelier.com\/br\/#\/schema\/logo\/image\/","url":"https:\/\/news.filmelier.com\/wp-content\/uploads\/2024\/11\/Logo-News.png","contentUrl":"https:\/\/news.filmelier.com\/wp-content\/uploads\/2024\/11\/Logo-News.png","width":460,"height":108,"caption":"Homolog Filmelier News Rankrup"},"image":{"@id":"https:\/\/homolog.news.filmelier.com\/br\/#\/schema\/logo\/image\/"}},{"@type":"Person","@id":"https:\/\/homolog.news.filmelier.com\/br\/#\/schema\/person\/bc393b46ea1d056e9889f90b246255ee","name":"Lalo Ortega","image":{"@type":"ImageObject","inLanguage":"pt-BR","@id":"https:\/\/homolog.news.filmelier.com\/br\/#\/schema\/person\/image\/","url":"https:\/\/secure.gravatar.com\/avatar\/f3157eaf8168f3d46d009a8fc239950bcf17063f8b0138c7c844307471672d86?s=96&d=mm&r=g","contentUrl":"https:\/\/secure.gravatar.com\/avatar\/f3157eaf8168f3d46d009a8fc239950bcf17063f8b0138c7c844307471672d86?s=96&d=mm&r=g","caption":"Lalo Ortega"},"description":"Lalo Ortega is a Mexican film critic. He has written for publications such as EMPIRE en espa\u00f1ol, Cine PREMIERE, La Estatuilla and more. He is currently the editor-in-chief of Filmelier.","url":"https:\/\/news.filmelier.com\/br\/author\/lalo\/"}]}},"_links":{"self":[{"href":"https:\/\/news.filmelier.com\/br\/wp-json\/wp\/v2\/posts\/59484","targetHints":{"allow":["GET"]}}],"collection":[{"href":"https:\/\/news.filmelier.com\/br\/wp-json\/wp\/v2\/posts"}],"about":[{"href":"https:\/\/news.filmelier.com\/br\/wp-json\/wp\/v2\/types\/post"}],"author":[{"embeddable":true,"href":"https:\/\/news.filmelier.com\/br\/wp-json\/wp\/v2\/users\/20"}],"replies":[{"embeddable":true,"href":"https:\/\/news.filmelier.com\/br\/wp-json\/wp\/v2\/comments?post=59484"}],"version-history":[{"count":4,"href":"https:\/\/news.filmelier.com\/br\/wp-json\/wp\/v2\/posts\/59484\/revisions"}],"predecessor-version":[{"id":59500,"href":"https:\/\/news.filmelier.com\/br\/wp-json\/wp\/v2\/posts\/59484\/revisions\/59500"}],"wp:featuredmedia":[{"embeddable":true,"href":"https:\/\/news.filmelier.com\/br\/wp-json\/wp\/v2\/media\/59485"}],"wp:attachment":[{"href":"https:\/\/news.filmelier.com\/br\/wp-json\/wp\/v2\/media?parent=59484"}],"wp:term":[{"taxonomy":"category","embeddable":true,"href":"https:\/\/news.filmelier.com\/br\/wp-json\/wp\/v2\/categories?post=59484"},{"taxonomy":"post_tag","embeddable":true,"href":"https:\/\/news.filmelier.com\/br\/wp-json\/wp\/v2\/tags?post=59484"}],"curies":[{"name":"wp","href":"https:\/\/api.w.org\/{rel}","templated":true}]}}