{"id":59383,"date":"2025-10-28T19:13:20","date_gmt":"2025-10-28T19:13:20","guid":{"rendered":"https:\/\/news.filmelier.com\/?p=59383"},"modified":"2025-10-28T19:54:19","modified_gmt":"2025-10-28T19:54:19","slug":"tremembe-prime-video-critica-elenco","status":"publish","type":"post","link":"https:\/\/news.filmelier.com\/br\/tremembe-prime-video-critica-elenco\/","title":{"rendered":"&#8216;Trememb\u00e9&#8217;: Primeiras impress\u00f5es da s\u00e9rie do Prime Video sobre os crimes mais chocantes do Brasil"},"content":{"rendered":"<p>O <a href=\"https:\/\/www.filmelier.com\/br\/streamings\/amazon-prime-video\">Prime Video<\/a> estreia em 31 de outubro a s\u00e9rie <i>Trememb\u00e9<\/i>, uma das <a href=\"https:\/\/www.filmelier.com\/br\/list\/grandes-filmes-brasileiros-modernos\">produ\u00e7\u00f5es nacionais<\/a> mais aguardadas do ano. A obra mergulha nos bastidores e nos personagens reais por tr\u00e1s dos casos criminais mais famosos do pa\u00eds \u2014 come\u00e7ando pelo caso de Suzane von Richthofen.<\/p>\n<p>A produ\u00e7\u00e3o \u00e9 inspirada no livro-reportagem <i>Trememb\u00e9: O Pres\u00eddio dos Famosos<\/i>, do jornalista Ulisses Campbell. A trama promete reviver as hist\u00f3rias de viol\u00eancia, poder e sobreviv\u00eancia que marcaram a unidade prisional, com foco no infame pres\u00eddio de Trememb\u00e9, no interior de S\u00e3o Paulo.<\/p>\n<p>O <a href=\"https:\/\/www.filmelier.com\/br\">Filmelier<\/a> assistiu ao primeiro epis\u00f3dio da s\u00e9rie estrelada por Marina Ruy Barbosa e Felipe Simas. A produ\u00e7\u00e3o teve sua estreia no Festival do Rio 2025. Veja abaixo o que achamos da produ\u00e7\u00e3o.<\/p>\n<p>Confira o trailer oficial de <i>Trememb\u00e9<\/i>:<\/p>\n<p><iframe title=\"Trememb\u00e9 | Trailer Oficial | Prime Video\" width=\"800\" height=\"450\" src=\"https:\/\/www.youtube.com\/embed\/ntEbzX0wzxQ?feature=oembed\" frameborder=\"0\" allow=\"accelerometer; autoplay; clipboard-write; encrypted-media; gyroscope; picture-in-picture; web-share\" referrerpolicy=\"strict-origin-when-cross-origin\" allowfullscreen><\/iframe><\/p>\n<ul>\n<li><strong>Leia tamb\u00e9m: <a href=\"https:\/\/news.filmelier.com\/br\/a-mulher-da-casa-abandonada-prime-video-entrevista\/\"><em>A Mulher da Casa Abandonada<\/em> &#8211; Do podcast viral \u00e0 s\u00e9rie documental que vai al\u00e9m do mist\u00e9rio<\/a><\/strong><\/li>\n<\/ul>\n<h2>S\u00e9rie do Prime Video tem come\u00e7o intenso e sombrio<\/h2>\n<p>O primeiro epis\u00f3dio de <i>Trememb\u00e9<\/i>, a nova s\u00e9rie brasileira do Prime Video, j\u00e1 deixa claro que n\u00e3o h\u00e1 espa\u00e7o para amenidades. Logo no in\u00edcio, o espectador \u00e9 apresentado ao caso de Suzane von Richthofen (interpretada por Marina Ruy Barbosa) \u2014 &#8220;a menina que matou os pais&#8221; \u2014 e ao caminho que levou a jovem ao pres\u00eddio.<\/p>\n<p>A tens\u00e3o \u00e9 constante. A narrativa intercala o crime em si e a trajet\u00f3ria que conduz Suzane ao conv\u00edvio com outras figuras conhecidas do notici\u00e1rio policial, como os irm\u00e3os Cravinhos, tamb\u00e9m detidos no local.<\/p>\n<h2>Dentro dos muros de Trememb\u00e9<\/h2>\n<p>O epis\u00f3dio apresenta a rotina do pres\u00eddio e os rostos que dividem as alas masculina e feminina \u2014 uma esp\u00e9cie de microcosmo do crime midi\u00e1tico brasileiro.<\/p>\n<figure id=\"attachment_59391\" aria-describedby=\"caption-attachment-59391\" style=\"width: 800px\" class=\"wp-caption alignnone\"><img fetchpriority=\"high\" decoding=\"async\" class=\"size-large wp-image-59391\" src=\"https:\/\/news.filmelier.com\/wp-content\/uploads\/2025\/10\/tremembe-personagens_coverDesktop-1024x576.webp\" alt=\"Elenco da s\u00e9rie 'Trememb\u00e9'\" width=\"800\" height=\"450\" srcset=\"https:\/\/news.filmelier.com\/wp-content\/uploads\/2025\/10\/tremembe-personagens_coverDesktop-1024x576.webp 1024w, https:\/\/news.filmelier.com\/wp-content\/uploads\/2025\/10\/tremembe-personagens_coverDesktop-300x169.webp 300w, https:\/\/news.filmelier.com\/wp-content\/uploads\/2025\/10\/tremembe-personagens_coverDesktop-768x432.webp 768w, https:\/\/news.filmelier.com\/wp-content\/uploads\/2025\/10\/tremembe-personagens_coverDesktop-150x84.webp 150w, https:\/\/news.filmelier.com\/wp-content\/uploads\/2025\/10\/tremembe-personagens_coverDesktop.webp 1262w\" sizes=\"(max-width: 800px) 100vw, 800px\" \/><figcaption id=\"caption-attachment-59391\" class=\"wp-caption-text\"><em>Elenco da s\u00e9rie &#8216;Trememb\u00e9&#8217;. (Cr\u00e9dito: TMDB)<\/em><\/figcaption><\/figure>\n<p>Em meio a figuras conhecidas do notici\u00e1rio policial, Suzane von Richthofen se adapta rapidamente \u00e0 nova realidade, usando sua intelig\u00eancia e capacidade de manipula\u00e7\u00e3o como estrat\u00e9gias de sobreviv\u00eancia.<\/p>\n<p>A narrativa exp\u00f5e como o ambiente de Trememb\u00e9 se transforma em um jogo de poder e influ\u00eancia, onde cada gesto, alian\u00e7a e sil\u00eancio pode significar sobreviv\u00eancia. A s\u00e9rie adota um tom frio e observador, revelando as din\u00e2micas psicol\u00f3gicas entre os detentos sem recorrer ao sensacionalismo.<\/p>\n<ul>\n<li><strong>Leia tamb\u00e9m: <a href=\"https:\/\/news.filmelier.com\/br\/filmes-e-series-sobre-luta-com-hiv-aids\/\">Filmes e s\u00e9ries que retratam a luta das pessoas com HIV\/AIDS<\/a><\/strong><\/li>\n<\/ul>\n<h2>Quem \u00e9 quem em <em>Trememb\u00e9<\/em>: Elenco e casos reais da s\u00e9rie<\/h2>\n<p>Ao longo de cinco epis\u00f3dios, a produ\u00e7\u00e3o revisita os casos de presos que transformaram o pres\u00eddio em s\u00edmbolo da criminalidade midi\u00e1tica no pa\u00eds. A aposta em um elenco conhecido para interpretar figuras reais \u00e9 um dos maiores trunfos da produ\u00e7\u00e3o. Cada um deles entrega interpreta\u00e7\u00f5es realistas e intensas. A caracteriza\u00e7\u00e3o de cada personagem refor\u00e7a o contraste entre os rostos conhecidos das manchetes e a humanidade revelada por tr\u00e1s das grades.<\/p>\n<h3>Suzane von Richthofen (Marina Ruy Barbosa)<\/h3>\n<p>Condenada a 39 anos de pris\u00e3o por planejar o assassinato dos pais, Manfred e Mar\u00edsia Richthofen, em 2002. O crime, cometido com a ajuda do namorado e do cunhado, chocou o pa\u00eds pela brutalidade e pela motiva\u00e7\u00e3o financeira. Na s\u00e9rie, Marina Ruy Barbosa entrega uma atua\u00e7\u00e3o contida, explorando a intelig\u00eancia e capacidade de manipula\u00e7\u00e3o de Suzane como estrat\u00e9gias de sobreviv\u00eancia.<\/p>\n<figure id=\"attachment_59409\" aria-describedby=\"caption-attachment-59409\" style=\"width: 1262px\" class=\"wp-caption alignnone\"><img decoding=\"async\" class=\"wp-image-59409 size-full\" src=\"https:\/\/news.filmelier.com\/wp-content\/uploads\/2025\/10\/suzane-von-richthofen_coverDesktop.webp\" alt=\"Marina Ruy Barbosa (esquerda) como Suzane von Richthofen (direita) em Trememb\u00e9\" width=\"1262\" height=\"710\" srcset=\"https:\/\/news.filmelier.com\/wp-content\/uploads\/2025\/10\/suzane-von-richthofen_coverDesktop.webp 1262w, https:\/\/news.filmelier.com\/wp-content\/uploads\/2025\/10\/suzane-von-richthofen_coverDesktop-300x169.webp 300w, https:\/\/news.filmelier.com\/wp-content\/uploads\/2025\/10\/suzane-von-richthofen_coverDesktop-1024x576.webp 1024w, https:\/\/news.filmelier.com\/wp-content\/uploads\/2025\/10\/suzane-von-richthofen_coverDesktop-768x432.webp 768w, https:\/\/news.filmelier.com\/wp-content\/uploads\/2025\/10\/suzane-von-richthofen_coverDesktop-150x84.webp 150w\" sizes=\"(max-width: 1262px) 100vw, 1262px\" \/><figcaption id=\"caption-attachment-59409\" class=\"wp-caption-text\"><em>Marina Ruy Barbosa (esquerda) como Suzane von Richthofen (direita) em Trememb\u00e9 (Cr\u00e9ditos: Prime Video\/Divulga\u00e7\u00e3o)<\/em><\/figcaption><\/figure>\n<p>O caso de Suzane von Richthofen tamb\u00e9m inspirou a trilogia de filmes <a href=\"https:\/\/www.filmelier.com\/br\/filmes\/16537\/a-menina-que-matou-os-pais\"><em>A Menina que Matou os Pais<\/em><\/a> (sob a perspectiva de Suzane), <a href=\"https:\/\/www.filmelier.com\/br\/filmes\/16540\/o-menino-que-matou-meus-pais\"><em>O Menino que Matou Meus Pais<\/em><\/a> (sob o ponto de vista de Daniel Cravinhos) e <a href=\"https:\/\/www.filmelier.com\/br\/filmes\/23801\/a-menina-que-matou-os-pais-a-confissao\"><em>A Menina que Matou os Pais: A Confiss\u00e3o<\/em><\/a>. A dire\u00e7\u00e3o foi de <a href=\"https:\/\/www.filmelier.com\/br\/director\/mauricio-eca\">Mauricio E\u00e7a<\/a> e roteiro de Ilana Casoy e Raphael Montes (<em>Dias<\/em> <em>Perfeitos<\/em>).<\/p>\n<h3>Daniel e Cristian Cravinhos (Felipe Simas e Kelner Mac\u00eado)<\/h3>\n<p>Irm\u00e3os e c\u00famplices de Suzane no assassinato do casal Richthofen. Foram os executores diretos do crime, usando barras de ferro enquanto Suzane facilitava a entrada na casa. Condenados a mais de 38 anos cada, s\u00e3o interpretados por Felipe Simas (Daniel) e Kelner Mac\u00eado (Cristian).<\/p>\n<figure id=\"attachment_59412\" aria-describedby=\"caption-attachment-59412\" style=\"width: 1262px\" class=\"wp-caption alignnone\"><img decoding=\"async\" class=\"wp-image-59412 size-full\" src=\"https:\/\/news.filmelier.com\/wp-content\/uploads\/2025\/10\/daniel-cravinhos.webp\" alt=\"Felipe Simas (esquerda) interpreta Daniel Cravinhos (direita)\" width=\"1262\" height=\"710\" srcset=\"https:\/\/news.filmelier.com\/wp-content\/uploads\/2025\/10\/daniel-cravinhos.webp 1262w, https:\/\/news.filmelier.com\/wp-content\/uploads\/2025\/10\/daniel-cravinhos-300x169.webp 300w, https:\/\/news.filmelier.com\/wp-content\/uploads\/2025\/10\/daniel-cravinhos-1024x576.webp 1024w, https:\/\/news.filmelier.com\/wp-content\/uploads\/2025\/10\/daniel-cravinhos-768x432.webp 768w, https:\/\/news.filmelier.com\/wp-content\/uploads\/2025\/10\/daniel-cravinhos-150x84.webp 150w\" sizes=\"(max-width: 1262px) 100vw, 1262px\" \/><figcaption id=\"caption-attachment-59412\" class=\"wp-caption-text\"><em>Felipe Simas (esquerda) interpreta Daniel Cravinhos (direita) (Cr\u00e9ditos: Prime Video\/Divulga\u00e7\u00e3o)<\/em><\/figcaption><\/figure>\n<figure id=\"attachment_59415\" aria-describedby=\"caption-attachment-59415\" style=\"width: 1262px\" class=\"wp-caption alignnone\"><img loading=\"lazy\" decoding=\"async\" class=\"wp-image-59415 size-full\" src=\"https:\/\/news.filmelier.com\/wp-content\/uploads\/2025\/10\/christian-cravinhos.webp\" alt=\"Kelner Mac\u00eado (esquerda) interpreta Cristian Cravinhos (direita)\" width=\"1262\" height=\"710\" srcset=\"https:\/\/news.filmelier.com\/wp-content\/uploads\/2025\/10\/christian-cravinhos.webp 1262w, https:\/\/news.filmelier.com\/wp-content\/uploads\/2025\/10\/christian-cravinhos-300x169.webp 300w, https:\/\/news.filmelier.com\/wp-content\/uploads\/2025\/10\/christian-cravinhos-1024x576.webp 1024w, https:\/\/news.filmelier.com\/wp-content\/uploads\/2025\/10\/christian-cravinhos-768x432.webp 768w, https:\/\/news.filmelier.com\/wp-content\/uploads\/2025\/10\/christian-cravinhos-150x84.webp 150w\" sizes=\"(max-width: 1262px) 100vw, 1262px\" \/><figcaption id=\"caption-attachment-59415\" class=\"wp-caption-text\"><em>Kelner Mac\u00eado (esquerda) interpreta Cristian Cravinhos (direita) (Cr\u00e9ditos: Prime Video\/Divulga\u00e7\u00e3o)<\/em><\/figcaption><\/figure>\n<h3>Alexandre Nardoni e Anna Carolina Jatob\u00e1 (Lucas Oradovschi e Bianca Comparato)<\/h3>\n<p>O casal foi condenado pela morte da pequena Isabela Nardoni, jogada do sexto andar do apartamento onde vivia com os pais, em 2008. O caso mobilizou o pa\u00eds e se tornou um dos julgamentos mais acompanhados da hist\u00f3ria recente. Na s\u00e9rie, s\u00e3o vividos por Lucas Oradovschi e Bianca Comparato.<\/p>\n<figure id=\"attachment_59400\" aria-describedby=\"caption-attachment-59400\" style=\"width: 1262px\" class=\"wp-caption alignnone\"><img loading=\"lazy\" decoding=\"async\" class=\"wp-image-59400 size-full\" src=\"https:\/\/news.filmelier.com\/wp-content\/uploads\/2025\/10\/alexandre-nardoni-1.webp\" alt=\"Lucas Oradovschi (esquerda) interpreta Alexandre Nardoni (direita)\" width=\"1262\" height=\"710\" srcset=\"https:\/\/news.filmelier.com\/wp-content\/uploads\/2025\/10\/alexandre-nardoni-1.webp 1262w, https:\/\/news.filmelier.com\/wp-content\/uploads\/2025\/10\/alexandre-nardoni-1-300x169.webp 300w, https:\/\/news.filmelier.com\/wp-content\/uploads\/2025\/10\/alexandre-nardoni-1-1024x576.webp 1024w, https:\/\/news.filmelier.com\/wp-content\/uploads\/2025\/10\/alexandre-nardoni-1-768x432.webp 768w, https:\/\/news.filmelier.com\/wp-content\/uploads\/2025\/10\/alexandre-nardoni-1-150x84.webp 150w\" sizes=\"(max-width: 1262px) 100vw, 1262px\" \/><figcaption id=\"caption-attachment-59400\" class=\"wp-caption-text\"><em>Lucas Oradovschi (esquerda) interpreta Alexandre Nardoni (direita) (Cr\u00e9ditos: Prime Video\/Divulga\u00e7\u00e3o)<\/em><\/figcaption><\/figure>\n<figure id=\"attachment_59406\" aria-describedby=\"caption-attachment-59406\" style=\"width: 1262px\" class=\"wp-caption alignnone\"><img loading=\"lazy\" decoding=\"async\" class=\"wp-image-59406 size-full\" src=\"https:\/\/news.filmelier.com\/wp-content\/uploads\/2025\/10\/ana-carolina-jatoba.webp\" alt=\"Bianca Comparato (esquerda) interpreta Anna Carolina Jatob\u00e1 (direita)\" width=\"1262\" height=\"710\" srcset=\"https:\/\/news.filmelier.com\/wp-content\/uploads\/2025\/10\/ana-carolina-jatoba.webp 1262w, https:\/\/news.filmelier.com\/wp-content\/uploads\/2025\/10\/ana-carolina-jatoba-300x169.webp 300w, https:\/\/news.filmelier.com\/wp-content\/uploads\/2025\/10\/ana-carolina-jatoba-1024x576.webp 1024w, https:\/\/news.filmelier.com\/wp-content\/uploads\/2025\/10\/ana-carolina-jatoba-768x432.webp 768w, https:\/\/news.filmelier.com\/wp-content\/uploads\/2025\/10\/ana-carolina-jatoba-150x84.webp 150w\" sizes=\"(max-width: 1262px) 100vw, 1262px\" \/><figcaption id=\"caption-attachment-59406\" class=\"wp-caption-text\"><em>Bianca Comparato (esquerda) interpreta Anna Carolina Jatob\u00e1 (direita) (Cr\u00e9ditos: Prime Video\/Divulga\u00e7\u00e3o)<\/em><\/figcaption><\/figure>\n<h3>Elize Matsunaga (Carol Garcia)<\/h3>\n<p>Ex-executiva da Yoki, Elize matou e esquartejou o marido, Marcos Matsunaga, em 2012, ap\u00f3s descobrir uma trai\u00e7\u00e3o. O crime misturou ci\u00fame, dinheiro e viol\u00eancia, tornando-se um dos casos mais midi\u00e1ticos da d\u00e9cada. \u00c9 interpretada por Carol Garcia.<\/p>\n<figure id=\"attachment_59418\" aria-describedby=\"caption-attachment-59418\" style=\"width: 1262px\" class=\"wp-caption alignnone\"><img loading=\"lazy\" decoding=\"async\" class=\"wp-image-59418 size-full\" src=\"https:\/\/news.filmelier.com\/wp-content\/uploads\/2025\/10\/elize-matsunaga.webp\" alt=\"Carol Garcia (esquerda) interpreta Elize Matsunaga (direita)\" width=\"1262\" height=\"710\" srcset=\"https:\/\/news.filmelier.com\/wp-content\/uploads\/2025\/10\/elize-matsunaga.webp 1262w, https:\/\/news.filmelier.com\/wp-content\/uploads\/2025\/10\/elize-matsunaga-300x169.webp 300w, https:\/\/news.filmelier.com\/wp-content\/uploads\/2025\/10\/elize-matsunaga-1024x576.webp 1024w, https:\/\/news.filmelier.com\/wp-content\/uploads\/2025\/10\/elize-matsunaga-768x432.webp 768w, https:\/\/news.filmelier.com\/wp-content\/uploads\/2025\/10\/elize-matsunaga-150x84.webp 150w\" sizes=\"(max-width: 1262px) 100vw, 1262px\" \/><figcaption id=\"caption-attachment-59418\" class=\"wp-caption-text\"><em>Carol Garcia (esquerda) interpreta Elize Matsunaga (direita) (Cr\u00e9ditos: Prime Video\/Divulga\u00e7\u00e3o)<\/em><\/figcaption><\/figure>\n<h3>Sandra Regina Gomes &#8220;Sandr\u00e3o&#8221; (Let\u00edcia Rodrigues)<\/h3>\n<p>Condenada por sequestrar e matar um adolescente de 14 anos, vizinho de sua fam\u00edlia. Dentro do pres\u00eddio de Trememb\u00e9, tornou-se uma das presas mais temidas e influentes. \u00c9 vivida por Let\u00edcia Rodrigues.<\/p>\n<figure id=\"attachment_59403\" aria-describedby=\"caption-attachment-59403\" style=\"width: 1262px\" class=\"wp-caption alignnone\"><img loading=\"lazy\" decoding=\"async\" class=\"wp-image-59403 size-full\" src=\"https:\/\/news.filmelier.com\/wp-content\/uploads\/2025\/10\/sandrao2_coverDesktop.webp\" alt=\"Let\u00edcia Rodrigues (esquerda) interpreta Sandra Regina 'Sandr\u00e3o' (direita)\" width=\"1262\" height=\"710\" srcset=\"https:\/\/news.filmelier.com\/wp-content\/uploads\/2025\/10\/sandrao2_coverDesktop.webp 1262w, https:\/\/news.filmelier.com\/wp-content\/uploads\/2025\/10\/sandrao2_coverDesktop-300x169.webp 300w, https:\/\/news.filmelier.com\/wp-content\/uploads\/2025\/10\/sandrao2_coverDesktop-1024x576.webp 1024w, https:\/\/news.filmelier.com\/wp-content\/uploads\/2025\/10\/sandrao2_coverDesktop-768x432.webp 768w, https:\/\/news.filmelier.com\/wp-content\/uploads\/2025\/10\/sandrao2_coverDesktop-150x84.webp 150w\" sizes=\"(max-width: 1262px) 100vw, 1262px\" \/><figcaption id=\"caption-attachment-59403\" class=\"wp-caption-text\"><em>Let\u00edcia Rodrigues (esquerda) interpreta Sandra Regina &#8216;Sandr\u00e3o&#8217; (direita) (Cr\u00e9ditos: Prime Video\/Divulga\u00e7\u00e3o)<\/em><\/figcaption><\/figure>\n<h3>Roger Abdelmassih (Anselmo Vasconcelos)<\/h3>\n<p>Ex-m\u00e9dico e renomado especialista em fertiliza\u00e7\u00e3o, foi condenado a mais de 200 anos de pris\u00e3o por dezenas de estupros de pacientes. \u00c9 interpretado por Anselmo Vasconcelos.<\/p>\n<figure id=\"attachment_59421\" aria-describedby=\"caption-attachment-59421\" style=\"width: 1262px\" class=\"wp-caption alignnone\"><img loading=\"lazy\" decoding=\"async\" class=\"wp-image-59421 size-full\" src=\"https:\/\/news.filmelier.com\/wp-content\/uploads\/2025\/10\/roger-abdelmassih.webp\" alt=\"Anselmo Vasconcelos (esquerda) interpreta Roger Abdelmassih (direita)\" width=\"1262\" height=\"710\" srcset=\"https:\/\/news.filmelier.com\/wp-content\/uploads\/2025\/10\/roger-abdelmassih.webp 1262w, https:\/\/news.filmelier.com\/wp-content\/uploads\/2025\/10\/roger-abdelmassih-300x169.webp 300w, https:\/\/news.filmelier.com\/wp-content\/uploads\/2025\/10\/roger-abdelmassih-1024x576.webp 1024w, https:\/\/news.filmelier.com\/wp-content\/uploads\/2025\/10\/roger-abdelmassih-768x432.webp 768w, https:\/\/news.filmelier.com\/wp-content\/uploads\/2025\/10\/roger-abdelmassih-150x84.webp 150w\" sizes=\"(max-width: 1262px) 100vw, 1262px\" \/><figcaption id=\"caption-attachment-59421\" class=\"wp-caption-text\"><em>Anselmo Vasconcelos (esquerda) interpreta Roger Abdelmassih (direita) (Cr\u00e9ditos: Prime Video\/Divulga\u00e7\u00e3o)<\/em><\/figcaption><\/figure>\n<p>O caso do m\u00e9dico tamb\u00e9m inspirou a s\u00e9rie <em>Ass\u00e9dio<\/em>, do <a href=\"https:\/\/www.filmelier.com\/br\/streamings\/globoplay\">Globoplay<\/a>. A produ\u00e7\u00e3o \u00e9 estrelada por Adriana Esteves e Monica Iozzi, e traz Antonio Calloni no papel de Abdelmassih.<\/p>\n<ul>\n<li><strong>Pode te interessar: <a href=\"https:\/\/www.filmelier.com\/br\/list\/filmes-de-serial-killers-para-assistir-online\">Filmes de serial killers para assistir online<\/a><\/strong><\/li>\n<\/ul>\n<h2>Amores, poder e jogos de influ\u00eancia: o tri\u00e2ngulo Suzane, Sandr\u00e3o e Elize<\/h2>\n<p>Outro ponto que o epis\u00f3dio introduz \u00e9 o in\u00edcio do pol\u00eamico tri\u00e2ngulo amoroso vivido por Suzane dentro da pris\u00e3o. A s\u00e9rie mostra o momento em que ela conhece Sandr\u00e3o, uma detenta poderosa que, na \u00e9poca, era casada com Elize Matsunaga.<\/p>\n<p>A din\u00e2mica entre as tr\u00eas \u00e9 apresentada como um jogo de poder, desejo e manipula\u00e7\u00e3o, abrindo espa\u00e7o para uma das tramas centrais da temporada.<\/p>\n<p>Essa constru\u00e7\u00e3o de tens\u00e3o emocional mistura a busca por afeto e o poder feminino dentro do pres\u00eddio. Al\u00e9m de trazer uma nova camada ao debate sobre moralidade e os limites de quem cometeu crimes t\u00e3o graves.<\/p>\n<h2>Vale a pena assistir a <i>Trememb\u00e9<\/i>?<\/h2>\n<p><i>Trememb\u00e9<\/i> \u00e9 uma das produ\u00e7\u00f5es nacionais mais promissoras do ano. A s\u00e9rie n\u00e3o apenas revisita crimes que marcaram o Brasil, mas tamb\u00e9m convida o p\u00fablico a refletir sobre o fasc\u00ednio coletivo por &#8220;true crime&#8221; \u2014 marcados por hist\u00f3rias de viol\u00eancia e pela espetaculariza\u00e7\u00e3o do crime. Mais do que um retrato de criminosos, \u00e9 um espelho \u2014 mostrando o quanto a sociedade brasileira se alimenta de trag\u00e9dias transformadas em entretenimento.<\/p>\n<p>Os destaques s\u00e3o a dire\u00e7\u00e3o ousada e uma fotografia claustrof\u00f3bica que traduz o ambiente sufocante da pris\u00e3o.\u00a0Equilibrando o realismo documental e o drama psicol\u00f3gico, a s\u00e9rie do Prime Video traz atua\u00e7\u00f5es intensas.\u00a0Marina Ruy Barbosa, em especial, entrega sua melhor atua\u00e7\u00e3o at\u00e9 aqui, sustentando o olhar gelado e o c\u00e1lculo emocional de Suzane com uma precis\u00e3o impressionante.<\/p>\n<p><i>Trememb\u00e9<\/i> estreia com for\u00e7a e promete ser uma das s\u00e9ries nacionais mais comentadas de 2025. Se mantiver a profundidade e a tens\u00e3o emocional do primeiro epis\u00f3dio, o p\u00fablico estar\u00e1 diante de uma obra provocante.<\/p>\n<ul>\n<li><strong>Leia mais: <a href=\"https:\/\/news.filmelier.com\/br\/critica-de-o-agente-secreto\/\">Cr\u00edtica de <i>O Agente Secreto<\/i>: a cidade e o cinema enquanto guardi\u00f5es da mem\u00f3ria social<\/a><\/strong><\/li>\n<\/ul>\n<h2>FAQ: Perguntas e Respostas sobre <i>Trememb\u00e9<\/i><\/h2>\n<h3>Onde assistir \u00e0 s\u00e9rie <i>Trememb\u00e9<\/i>?<\/h3>\n<p><i>Trememb\u00e9<\/i> \u00e9 uma s\u00e9rie original do <strong>Amazon Prime Video<\/strong>. A estreia est\u00e1 marcada para 31 de outubro de 2025, com novos epis\u00f3dios lan\u00e7ados semanalmente. <a href=\"https:\/\/news.filmelier.com\/br\/guia-amazon-prime-video-como-assinar-preco\/\">Clique aqui para saber tudo sobre o streaming do Prime Video<\/a>.<\/p>\n<h3>A s\u00e9rie <i>Trememb\u00e9<\/i> \u00e9 baseada em fatos reais?<\/h3>\n<p>Sim. A s\u00e9rie \u00e9 baseada em crimes reais e not\u00f3rios que aconteceram no Brasil. Ela \u00e9 inspirada no livro-reportagem <i>Trememb\u00e9: O Pres\u00eddio dos Famosos<\/i>, de Ulisses Campbell, que detalha a vida desses criminosos dentro da pris\u00e3o.<\/p>\n<h3>Quem est\u00e1 no elenco de <i>Trememb\u00e9<\/i>?<\/h3>\n<p>O elenco principal inclui Marina Ruy Barbosa (Suzane von Richthofen), Felipe Simas (Daniel Cravinhos), Kelner Mac\u00eado (Cristian Cravinhos), Bianca Comparato (Anna Carolina Jatob\u00e1), Lucas Oradovschi (Alexandre Nardoni), Carol Garcia (Elize Matsunaga), Let\u00edcia Rodrigues (Sandr\u00e3o) e Anselmo Vasconcelos (Roger Abdelmassih).<\/p>\n<p>&nbsp;<\/p>\n","protected":false},"excerpt":{"rendered":"<p>S\u00e9rie &#8216;Trememb\u00e9&#8217; do Prime Video retrata os crimes reais mais pol\u00eamicos do pa\u00eds com drama, tens\u00e3o e atua\u00e7\u00f5es intensas<\/p>\n","protected":false},"author":9,"featured_media":59385,"comment_status":"closed","ping_status":"closed","sticky":false,"template":"","format":"standard","meta":{"_acf_changed":false,"footnotes":""},"categories":[3481,3492],"tags":[10334,10335,10333,10336,3628,3585,10332,3544,9775,10331],"class_list":["post-59383","post","type-post","status-publish","format-standard","has-post-thumbnail","hentry","category-criticas-br","category-series-novelas-br","tag-alexandre-nardoni","tag-crimes-reais","tag-elize-matsunaga","tag-marina-ruy-barbosa","tag-prime-video-br","tag-serie-br","tag-series-brasileiras","tag-streaming-br","tag-suzane-von-richthofen","tag-tremembe"],"acf":{"subtitulo":"S\u00e9rie 'Trememb\u00e9' do Prime Video retrata os crimes reais mais pol\u00eamicos do pa\u00eds com drama, tens\u00e3o e atua\u00e7\u00f5es intensas","id_ator":""},"yoast_head":"<!-- This site is optimized with the Yoast SEO plugin v26.1.1 - https:\/\/yoast.com\/wordpress\/plugins\/seo\/ -->\n<title>Trememb\u00e9: primeiras impress\u00f5es da nova s\u00e9rie do Prime Video | Filmelier<\/title>\n<meta name=\"description\" content=\"Trememb\u00e9, nova s\u00e9rie do Prime Video, revive crimes reais que chocaram o Brasil e revela os bastidores do pres\u00eddio mais famoso do pa\u00eds\" \/>\n<meta name=\"robots\" content=\"index, follow, max-snippet:-1, max-image-preview:large, max-video-preview:-1\" \/>\n<link rel=\"canonical\" href=\"https:\/\/news.filmelier.com\/br\/tremembe-prime-video-critica-elenco\/\" \/>\n<meta property=\"og:locale\" content=\"pt_BR\" \/>\n<meta property=\"og:type\" content=\"article\" \/>\n<meta property=\"og:title\" content=\"Trememb\u00e9: primeiras impress\u00f5es da nova s\u00e9rie do Prime Video | Filmelier\" \/>\n<meta property=\"og:description\" content=\"Trememb\u00e9, nova s\u00e9rie do Prime Video, revive crimes reais que chocaram o Brasil e revela os bastidores do pres\u00eddio mais famoso do pa\u00eds\" \/>\n<meta property=\"og:url\" content=\"https:\/\/news.filmelier.com\/br\/tremembe-prime-video-critica-elenco\/\" \/>\n<meta property=\"og:site_name\" content=\"News Filmelier\" \/>\n<meta property=\"article:published_time\" content=\"2025-10-28T19:13:20+00:00\" \/>\n<meta property=\"article:modified_time\" content=\"2025-10-28T19:54:19+00:00\" \/>\n<meta property=\"og:image\" content=\"https:\/\/homolog.news.filmelier.com\/wp-content\/uploads\/2025\/10\/tremembe-header_coverDesktop.webp\" \/>\n\t<meta property=\"og:image:width\" content=\"1262\" \/>\n\t<meta property=\"og:image:height\" content=\"710\" \/>\n\t<meta property=\"og:image:type\" content=\"image\/webp\" \/>\n<meta name=\"author\" content=\"Maria Guttler\" \/>\n<meta name=\"twitter:card\" content=\"summary_large_image\" \/>\n<meta name=\"twitter:label1\" content=\"Escrito por\" \/>\n\t<meta name=\"twitter:data1\" content=\"Maria Guttler\" \/>\n\t<meta name=\"twitter:label2\" content=\"Est. tempo de leitura\" \/>\n\t<meta name=\"twitter:data2\" content=\"9 minutos\" \/>\n<script type=\"application\/ld+json\" class=\"yoast-schema-graph\">{\"@context\":\"https:\/\/schema.org\",\"@graph\":[{\"@type\":\"Article\",\"@id\":\"https:\/\/news.filmelier.com\/br\/tremembe-prime-video-critica-elenco\/#article\",\"isPartOf\":{\"@id\":\"https:\/\/news.filmelier.com\/br\/tremembe-prime-video-critica-elenco\/\"},\"author\":{\"name\":\"Maria Guttler\",\"@id\":\"https:\/\/homolog.news.filmelier.com\/br\/#\/schema\/person\/206a1a533f406464208a0b0706f0c568\"},\"headline\":\"&#8216;Trememb\u00e9&#8217;: Primeiras impress\u00f5es da s\u00e9rie do Prime Video sobre os crimes mais chocantes do Brasil\",\"datePublished\":\"2025-10-28T19:13:20+00:00\",\"dateModified\":\"2025-10-28T19:54:19+00:00\",\"mainEntityOfPage\":{\"@id\":\"https:\/\/news.filmelier.com\/br\/tremembe-prime-video-critica-elenco\/\"},\"wordCount\":1604,\"publisher\":{\"@id\":\"https:\/\/homolog.news.filmelier.com\/br\/#organization\"},\"image\":{\"@id\":\"https:\/\/news.filmelier.com\/br\/tremembe-prime-video-critica-elenco\/#primaryimage\"},\"thumbnailUrl\":\"https:\/\/news.filmelier.com\/wp-content\/uploads\/2025\/10\/tremembe-header_coverDesktop.webp\",\"keywords\":[\"alexandre nardoni\",\"crimes reais\",\"elize matsunaga\",\"marina ruy barbosa\",\"Prime Video\",\"s\u00e9rie\",\"s\u00e9ries brasileiras\",\"streaming\",\"Suzane von Richthofen\",\"trememb\u00e9\"],\"articleSection\":[\"Cr\u00edticas\",\"S\u00e9ries e Novelas\"],\"inLanguage\":\"pt-BR\"},{\"@type\":\"WebPage\",\"@id\":\"https:\/\/news.filmelier.com\/br\/tremembe-prime-video-critica-elenco\/\",\"url\":\"https:\/\/news.filmelier.com\/br\/tremembe-prime-video-critica-elenco\/\",\"name\":\"Trememb\u00e9: primeiras impress\u00f5es da nova s\u00e9rie do Prime Video | Filmelier\",\"isPartOf\":{\"@id\":\"https:\/\/homolog.news.filmelier.com\/br\/#website\"},\"primaryImageOfPage\":{\"@id\":\"https:\/\/news.filmelier.com\/br\/tremembe-prime-video-critica-elenco\/#primaryimage\"},\"image\":{\"@id\":\"https:\/\/news.filmelier.com\/br\/tremembe-prime-video-critica-elenco\/#primaryimage\"},\"thumbnailUrl\":\"https:\/\/news.filmelier.com\/wp-content\/uploads\/2025\/10\/tremembe-header_coverDesktop.webp\",\"datePublished\":\"2025-10-28T19:13:20+00:00\",\"dateModified\":\"2025-10-28T19:54:19+00:00\",\"description\":\"Trememb\u00e9, nova s\u00e9rie do Prime Video, revive crimes reais que chocaram o Brasil e revela os bastidores do pres\u00eddio mais famoso do pa\u00eds\",\"breadcrumb\":{\"@id\":\"https:\/\/news.filmelier.com\/br\/tremembe-prime-video-critica-elenco\/#breadcrumb\"},\"inLanguage\":\"pt-BR\",\"potentialAction\":[{\"@type\":\"ReadAction\",\"target\":[\"https:\/\/news.filmelier.com\/br\/tremembe-prime-video-critica-elenco\/\"]}]},{\"@type\":\"ImageObject\",\"inLanguage\":\"pt-BR\",\"@id\":\"https:\/\/news.filmelier.com\/br\/tremembe-prime-video-critica-elenco\/#primaryimage\",\"url\":\"https:\/\/news.filmelier.com\/wp-content\/uploads\/2025\/10\/tremembe-header_coverDesktop.webp\",\"contentUrl\":\"https:\/\/news.filmelier.com\/wp-content\/uploads\/2025\/10\/tremembe-header_coverDesktop.webp\",\"width\":1262,\"height\":710,\"caption\":\"Imagem promocional da s\u00e9rie 'Trememb\u00e9'. (Cr\u00e9dito: TMDB)\"},{\"@type\":\"BreadcrumbList\",\"@id\":\"https:\/\/news.filmelier.com\/br\/tremembe-prime-video-critica-elenco\/#breadcrumb\",\"itemListElement\":[{\"@type\":\"ListItem\",\"position\":1,\"name\":\"In\u00edcio\",\"item\":\"https:\/\/homolog.news.filmelier.com\/br\/\"},{\"@type\":\"ListItem\",\"position\":2,\"name\":\"&#8216;Trememb\u00e9&#8217;: Primeiras impress\u00f5es da s\u00e9rie do Prime Video sobre os crimes mais chocantes do Brasil\"}]},{\"@type\":\"WebSite\",\"@id\":\"https:\/\/homolog.news.filmelier.com\/br\/#website\",\"url\":\"https:\/\/homolog.news.filmelier.com\/br\/\",\"name\":\"Homolog Filmelier News Rankrup\",\"description\":\"\",\"publisher\":{\"@id\":\"https:\/\/homolog.news.filmelier.com\/br\/#organization\"},\"potentialAction\":[{\"@type\":\"SearchAction\",\"target\":{\"@type\":\"EntryPoint\",\"urlTemplate\":\"https:\/\/homolog.news.filmelier.com\/br\/?s={search_term_string}\"},\"query-input\":{\"@type\":\"PropertyValueSpecification\",\"valueRequired\":true,\"valueName\":\"search_term_string\"}}],\"inLanguage\":\"pt-BR\"},{\"@type\":\"Organization\",\"@id\":\"https:\/\/homolog.news.filmelier.com\/br\/#organization\",\"name\":\"Homolog Filmelier News Rankrup\",\"url\":\"https:\/\/homolog.news.filmelier.com\/br\/\",\"logo\":{\"@type\":\"ImageObject\",\"inLanguage\":\"pt-BR\",\"@id\":\"https:\/\/homolog.news.filmelier.com\/br\/#\/schema\/logo\/image\/\",\"url\":\"https:\/\/news.filmelier.com\/wp-content\/uploads\/2024\/11\/Logo-News.png\",\"contentUrl\":\"https:\/\/news.filmelier.com\/wp-content\/uploads\/2024\/11\/Logo-News.png\",\"width\":460,\"height\":108,\"caption\":\"Homolog Filmelier News Rankrup\"},\"image\":{\"@id\":\"https:\/\/homolog.news.filmelier.com\/br\/#\/schema\/logo\/image\/\"}},{\"@type\":\"Person\",\"@id\":\"https:\/\/homolog.news.filmelier.com\/br\/#\/schema\/person\/206a1a533f406464208a0b0706f0c568\",\"name\":\"Maria Guttler\",\"image\":{\"@type\":\"ImageObject\",\"inLanguage\":\"pt-BR\",\"@id\":\"https:\/\/homolog.news.filmelier.com\/br\/#\/schema\/person\/image\/\",\"url\":\"https:\/\/secure.gravatar.com\/avatar\/31fa7042b0489bc87e0e46d46b969270113a5bba62097aa41b2018de5975876c?s=96&d=mm&r=g\",\"contentUrl\":\"https:\/\/secure.gravatar.com\/avatar\/31fa7042b0489bc87e0e46d46b969270113a5bba62097aa41b2018de5975876c?s=96&d=mm&r=g\",\"caption\":\"Maria Guttler\"},\"description\":\"Estudante de Marketing e editora de conte\u00fado no Filmelier, Maria se dedica \u00e0 cria\u00e7\u00e3o de textos e \u00e0 curadoria de filmes. Une olhar estrat\u00e9gico e sensibilidade criativa para comunicar o cinema de forma pr\u00f3xima e acess\u00edvel ao p\u00fablico.\",\"url\":\"https:\/\/news.filmelier.com\/br\/author\/maria-guttler\/\"}]}<\/script>\n<!-- \/ Yoast SEO plugin. -->","yoast_head_json":{"title":"Trememb\u00e9: primeiras impress\u00f5es da nova s\u00e9rie do Prime Video | Filmelier","description":"Trememb\u00e9, nova s\u00e9rie do Prime Video, revive crimes reais que chocaram o Brasil e revela os bastidores do pres\u00eddio mais famoso do pa\u00eds","robots":{"index":"index","follow":"follow","max-snippet":"max-snippet:-1","max-image-preview":"max-image-preview:large","max-video-preview":"max-video-preview:-1"},"canonical":"https:\/\/news.filmelier.com\/br\/tremembe-prime-video-critica-elenco\/","og_locale":"pt_BR","og_type":"article","og_title":"Trememb\u00e9: primeiras impress\u00f5es da nova s\u00e9rie do Prime Video | Filmelier","og_description":"Trememb\u00e9, nova s\u00e9rie do Prime Video, revive crimes reais que chocaram o Brasil e revela os bastidores do pres\u00eddio mais famoso do pa\u00eds","og_url":"https:\/\/news.filmelier.com\/br\/tremembe-prime-video-critica-elenco\/","og_site_name":"News Filmelier","article_published_time":"2025-10-28T19:13:20+00:00","article_modified_time":"2025-10-28T19:54:19+00:00","og_image":[{"width":1262,"height":710,"url":"https:\/\/homolog.news.filmelier.com\/wp-content\/uploads\/2025\/10\/tremembe-header_coverDesktop.webp","type":"image\/webp"}],"author":"Maria Guttler","twitter_card":"summary_large_image","twitter_misc":{"Escrito por":"Maria Guttler","Est. tempo de leitura":"9 minutos"},"schema":{"@context":"https:\/\/schema.org","@graph":[{"@type":"Article","@id":"https:\/\/news.filmelier.com\/br\/tremembe-prime-video-critica-elenco\/#article","isPartOf":{"@id":"https:\/\/news.filmelier.com\/br\/tremembe-prime-video-critica-elenco\/"},"author":{"name":"Maria Guttler","@id":"https:\/\/homolog.news.filmelier.com\/br\/#\/schema\/person\/206a1a533f406464208a0b0706f0c568"},"headline":"&#8216;Trememb\u00e9&#8217;: Primeiras impress\u00f5es da s\u00e9rie do Prime Video sobre os crimes mais chocantes do Brasil","datePublished":"2025-10-28T19:13:20+00:00","dateModified":"2025-10-28T19:54:19+00:00","mainEntityOfPage":{"@id":"https:\/\/news.filmelier.com\/br\/tremembe-prime-video-critica-elenco\/"},"wordCount":1604,"publisher":{"@id":"https:\/\/homolog.news.filmelier.com\/br\/#organization"},"image":{"@id":"https:\/\/news.filmelier.com\/br\/tremembe-prime-video-critica-elenco\/#primaryimage"},"thumbnailUrl":"https:\/\/news.filmelier.com\/wp-content\/uploads\/2025\/10\/tremembe-header_coverDesktop.webp","keywords":["alexandre nardoni","crimes reais","elize matsunaga","marina ruy barbosa","Prime Video","s\u00e9rie","s\u00e9ries brasileiras","streaming","Suzane von Richthofen","trememb\u00e9"],"articleSection":["Cr\u00edticas","S\u00e9ries e Novelas"],"inLanguage":"pt-BR"},{"@type":"WebPage","@id":"https:\/\/news.filmelier.com\/br\/tremembe-prime-video-critica-elenco\/","url":"https:\/\/news.filmelier.com\/br\/tremembe-prime-video-critica-elenco\/","name":"Trememb\u00e9: primeiras impress\u00f5es da nova s\u00e9rie do Prime Video | Filmelier","isPartOf":{"@id":"https:\/\/homolog.news.filmelier.com\/br\/#website"},"primaryImageOfPage":{"@id":"https:\/\/news.filmelier.com\/br\/tremembe-prime-video-critica-elenco\/#primaryimage"},"image":{"@id":"https:\/\/news.filmelier.com\/br\/tremembe-prime-video-critica-elenco\/#primaryimage"},"thumbnailUrl":"https:\/\/news.filmelier.com\/wp-content\/uploads\/2025\/10\/tremembe-header_coverDesktop.webp","datePublished":"2025-10-28T19:13:20+00:00","dateModified":"2025-10-28T19:54:19+00:00","description":"Trememb\u00e9, nova s\u00e9rie do Prime Video, revive crimes reais que chocaram o Brasil e revela os bastidores do pres\u00eddio mais famoso do pa\u00eds","breadcrumb":{"@id":"https:\/\/news.filmelier.com\/br\/tremembe-prime-video-critica-elenco\/#breadcrumb"},"inLanguage":"pt-BR","potentialAction":[{"@type":"ReadAction","target":["https:\/\/news.filmelier.com\/br\/tremembe-prime-video-critica-elenco\/"]}]},{"@type":"ImageObject","inLanguage":"pt-BR","@id":"https:\/\/news.filmelier.com\/br\/tremembe-prime-video-critica-elenco\/#primaryimage","url":"https:\/\/news.filmelier.com\/wp-content\/uploads\/2025\/10\/tremembe-header_coverDesktop.webp","contentUrl":"https:\/\/news.filmelier.com\/wp-content\/uploads\/2025\/10\/tremembe-header_coverDesktop.webp","width":1262,"height":710,"caption":"Imagem promocional da s\u00e9rie 'Trememb\u00e9'. (Cr\u00e9dito: TMDB)"},{"@type":"BreadcrumbList","@id":"https:\/\/news.filmelier.com\/br\/tremembe-prime-video-critica-elenco\/#breadcrumb","itemListElement":[{"@type":"ListItem","position":1,"name":"In\u00edcio","item":"https:\/\/homolog.news.filmelier.com\/br\/"},{"@type":"ListItem","position":2,"name":"&#8216;Trememb\u00e9&#8217;: Primeiras impress\u00f5es da s\u00e9rie do Prime Video sobre os crimes mais chocantes do Brasil"}]},{"@type":"WebSite","@id":"https:\/\/homolog.news.filmelier.com\/br\/#website","url":"https:\/\/homolog.news.filmelier.com\/br\/","name":"Homolog Filmelier News Rankrup","description":"","publisher":{"@id":"https:\/\/homolog.news.filmelier.com\/br\/#organization"},"potentialAction":[{"@type":"SearchAction","target":{"@type":"EntryPoint","urlTemplate":"https:\/\/homolog.news.filmelier.com\/br\/?s={search_term_string}"},"query-input":{"@type":"PropertyValueSpecification","valueRequired":true,"valueName":"search_term_string"}}],"inLanguage":"pt-BR"},{"@type":"Organization","@id":"https:\/\/homolog.news.filmelier.com\/br\/#organization","name":"Homolog Filmelier News Rankrup","url":"https:\/\/homolog.news.filmelier.com\/br\/","logo":{"@type":"ImageObject","inLanguage":"pt-BR","@id":"https:\/\/homolog.news.filmelier.com\/br\/#\/schema\/logo\/image\/","url":"https:\/\/news.filmelier.com\/wp-content\/uploads\/2024\/11\/Logo-News.png","contentUrl":"https:\/\/news.filmelier.com\/wp-content\/uploads\/2024\/11\/Logo-News.png","width":460,"height":108,"caption":"Homolog Filmelier News Rankrup"},"image":{"@id":"https:\/\/homolog.news.filmelier.com\/br\/#\/schema\/logo\/image\/"}},{"@type":"Person","@id":"https:\/\/homolog.news.filmelier.com\/br\/#\/schema\/person\/206a1a533f406464208a0b0706f0c568","name":"Maria Guttler","image":{"@type":"ImageObject","inLanguage":"pt-BR","@id":"https:\/\/homolog.news.filmelier.com\/br\/#\/schema\/person\/image\/","url":"https:\/\/secure.gravatar.com\/avatar\/31fa7042b0489bc87e0e46d46b969270113a5bba62097aa41b2018de5975876c?s=96&d=mm&r=g","contentUrl":"https:\/\/secure.gravatar.com\/avatar\/31fa7042b0489bc87e0e46d46b969270113a5bba62097aa41b2018de5975876c?s=96&d=mm&r=g","caption":"Maria Guttler"},"description":"Estudante de Marketing e editora de conte\u00fado no Filmelier, Maria se dedica \u00e0 cria\u00e7\u00e3o de textos e \u00e0 curadoria de filmes. Une olhar estrat\u00e9gico e sensibilidade criativa para comunicar o cinema de forma pr\u00f3xima e acess\u00edvel ao p\u00fablico.","url":"https:\/\/news.filmelier.com\/br\/author\/maria-guttler\/"}]}},"_links":{"self":[{"href":"https:\/\/news.filmelier.com\/br\/wp-json\/wp\/v2\/posts\/59383","targetHints":{"allow":["GET"]}}],"collection":[{"href":"https:\/\/news.filmelier.com\/br\/wp-json\/wp\/v2\/posts"}],"about":[{"href":"https:\/\/news.filmelier.com\/br\/wp-json\/wp\/v2\/types\/post"}],"author":[{"embeddable":true,"href":"https:\/\/news.filmelier.com\/br\/wp-json\/wp\/v2\/users\/9"}],"replies":[{"embeddable":true,"href":"https:\/\/news.filmelier.com\/br\/wp-json\/wp\/v2\/comments?post=59383"}],"version-history":[{"count":16,"href":"https:\/\/news.filmelier.com\/br\/wp-json\/wp\/v2\/posts\/59383\/revisions"}],"predecessor-version":[{"id":59533,"href":"https:\/\/news.filmelier.com\/br\/wp-json\/wp\/v2\/posts\/59383\/revisions\/59533"}],"wp:featuredmedia":[{"embeddable":true,"href":"https:\/\/news.filmelier.com\/br\/wp-json\/wp\/v2\/media\/59385"}],"wp:attachment":[{"href":"https:\/\/news.filmelier.com\/br\/wp-json\/wp\/v2\/media?parent=59383"}],"wp:term":[{"taxonomy":"category","embeddable":true,"href":"https:\/\/news.filmelier.com\/br\/wp-json\/wp\/v2\/categories?post=59383"},{"taxonomy":"post_tag","embeddable":true,"href":"https:\/\/news.filmelier.com\/br\/wp-json\/wp\/v2\/tags?post=59383"}],"curies":[{"name":"wp","href":"https:\/\/api.w.org\/{rel}","templated":true}]}}