{"id":59307,"date":"2025-10-20T10:00:51","date_gmt":"2025-10-20T10:00:51","guid":{"rendered":"https:\/\/news.filmelier.com\/?p=59307"},"modified":"2025-10-19T21:47:45","modified_gmt":"2025-10-19T21:47:45","slug":"critica-frankenstein-del-toro","status":"publish","type":"post","link":"https:\/\/news.filmelier.com\/br\/critica-frankenstein-del-toro\/","title":{"rendered":"Cr\u00edtica: &#8216;Frankenstein&#8217; \u00e9 filme belo, mas sem alma"},"content":{"rendered":"<p><a href=\"https:\/\/www.filmelier.com\/br\/filmes\/112473\/frankenstein\"><strong><em>Frankenstein<\/em><\/strong><\/a>, filme que chega aos cinemas brasileiros nesta quinta-feira, 23, \u00e9 um dos grandes projetos da carreira do cineasta mexicano <a href=\"https:\/\/www.filmelier.com\/br\/director\/guillermo-del-toro\"><strong>Guillermo Del Toro<\/strong><\/a>. Apaixonado por monstros, ele tinha na criatura de Mary Shelley um objetivo, um norte, um fim. \u00c9 um tanto decepcionante, assim, que o filme t\u00e3o planejado por ele n\u00e3o seja sua <em>opus magnum<\/em>. O seu grande projeto. Visualmente belo, o longa n\u00e3o tem nada a dizer narrativamente. \u00c9 uma adapta\u00e7\u00e3o com algumas ideias, mas com nenhuma grande releitura de fato.<\/p>\n<ul>\n<li><strong>Leia tamb\u00e9m: <a href=\"https:\/\/news.filmelier.com\/br\/critica-o-telefone-preto-2-filme\/\">Cr\u00edtica de \u2018O Telefone Preto 2\u2019: uma sequ\u00eancia competente que derrapa no gelo<\/a><\/strong><\/li>\n<\/ul>\n<p>A hist\u00f3ria, assim, \u00e9 a mesma que conhecemos. Victor Frankenstein (Oscar Isaac) \u00e9 um cientista que quer driblar a morte. Mostra que consegue reavivar cad\u00e1veres com t\u00e9cnicas inusitadas, dando vida aos que j\u00e1 a perderam. Ele acaba convencendo um magnata (Christoph Waltz) a bancar seu projeto, que d\u00e1 espa\u00e7o e tecnologia para o cientista brincar de Deus. E \u00e9 a\u00ed que come\u00e7a a jornada de Victor em dar vida \u00e0 um monstro (Jacob Elordi) feito de partes de cad\u00e1veres. \u00c9 a tentativa de mostrar que a morte n\u00e3o \u00e9 o fim.<\/p>\n<figure id=\"attachment_59309\" aria-describedby=\"caption-attachment-59309\" style=\"width: 930px\" class=\"wp-caption alignnone\"><img fetchpriority=\"high\" decoding=\"async\" class=\" wp-image-59309\" src=\"https:\/\/news.filmelier.com\/wp-content\/uploads\/2025\/10\/frankenstein-1-300x169.jpg\" alt=\"'Frankenstein' \u00e9 filme bonito, mas sem alma de Del Toro (Cr\u00e9dito: Netflix)\" width=\"930\" height=\"524\" srcset=\"https:\/\/news.filmelier.com\/wp-content\/uploads\/2025\/10\/frankenstein-1-300x169.jpg 300w, https:\/\/news.filmelier.com\/wp-content\/uploads\/2025\/10\/frankenstein-1-768x432.jpg 768w, https:\/\/news.filmelier.com\/wp-content\/uploads\/2025\/10\/frankenstein-1-150x84.jpg 150w, https:\/\/news.filmelier.com\/wp-content\/uploads\/2025\/10\/frankenstein-1.jpg 800w\" sizes=\"(max-width: 930px) 100vw, 930px\" \/><figcaption id=\"caption-attachment-59309\" class=\"wp-caption-text\"><em>&#8216;Frankenstein&#8217; \u00e9 filme bonito, mas sem alma de Del Toro (Cr\u00e9dito: Netflix)<\/em><\/figcaption><\/figure>\n<h2><em>Frankenstein<\/em> de Del Toro: uma adapta\u00e7\u00e3o sem o que dizer<\/h2>\n<p>Del Toro, basicamente, faz uma adapta\u00e7\u00e3o bastante fiel ao livro de Mary Shelley, essa obra-prima da literatura g\u00f3tica e uma das pioneiras da fic\u00e7\u00e3o cient\u00edfica. Obviamente, numa primeira camada, essa fidelidade ao original &#8212; com algumas mudan\u00e7as e acr\u00e9scimos aqui e ali &#8212; \u00e9 reconfortante. Claro. Principalmente ap\u00f3s percebermos que as \u00faltimas apari\u00e7\u00f5es do monstro nos cinemas foram em t\u00edtulos como <a href=\"https:\/\/www.filmelier.com\/br\/filmes\/60870\/frankenstein-entre-anjos-e-demonios\"><em>Frankenstein: Entre Anjos e Dem\u00f4nios<\/em><\/a><em>.\u00a0<\/em>Adapta\u00e7\u00f5es fracas, quase insultos ao material original. Del Toro reverte isso.<\/p>\n<p>Mas, ao mesmo tempo, \u00e9 question\u00e1vel se essa proximidade exagerada com o original, numa adapta\u00e7\u00e3o sem qualquer grande novidade, n\u00e3o \u00e9 falta do que dizer. Oras, Mary Shelley publicou o livro em 1818. A Universal Pictures fez uma <a href=\"https:\/\/www.filmelier.com\/br\/filmes\/1561\/frankenstein\">adapta\u00e7\u00e3o hist\u00f3rica nos cinemas j\u00e1 em 1931<\/a>. Como, em 2025, continuamos ouvindo a mesma hist\u00f3ria? Como n\u00e3o h\u00e1 nada a mais a ser acrescentado na adapta\u00e7\u00e3o?<\/p>\n<p>A sensa\u00e7\u00e3o, afinal, \u00e9 que este novo filme de Del Toro fosse uma releitura fria do que Mary Shelley escreveu h\u00e1 200 anos. A emo\u00e7\u00e3o do livro transparece aqui e ali, em aspectos a serem tratados mais \u00e0 frente neste texto, mas nunca ganha o mesmo corpo e intensidade.<\/p>\n<h2>Mudan\u00e7as sutis<\/h2>\n<p>As mudan\u00e7as s\u00e3o m\u00ednimas. H\u00e1 redu\u00e7\u00e3o da &#8220;monstruosidade&#8221; da Criatura. Elizabeth (Mia Goth), personagem bem mais ap\u00e1tica em outras adapta\u00e7\u00f5es, se torna mais complexa aqui. Del Toro disse, em eventos de divulga\u00e7\u00e3o, que colocou toques latinos-cat\u00f3licos e com algumas alus\u00f5es religiosas. Seria, assim, a grande mudan\u00e7a de tom. Mas isso, novamente, \u00e9 m\u00ednimo. A religiosidade surge a partir de alguns s\u00edmbolos em cena (uma mesa em forma de cruz, por exemplo), enquanto a latinidade talvez repouse apenas em Oscar Isaac.<\/p>\n<p>A proposta de\u00a0<em>Frankenstein<\/em>, assim, \u00e9 apenas tentar criar uma nova adapta\u00e7\u00e3o definitiva? Ser\u00e1 que n\u00e3o tinha nada de novo a dizer?<\/p>\n<p>Fica uma sensa\u00e7\u00e3o de hist\u00f3ria repetida, de mais do mesmo. Obviamente, h\u00e1 elementos do filme que d\u00e3o um ar de grande produ\u00e7\u00e3o que h\u00e1 tempos n\u00e3o apareciam nas releituras de Mary Shelley. Mas, de novo, ser\u00e1 que isso \u00e9 o bastante para um filme de Del Toro?<\/p>\n<p><iframe title=\"Frankenstein | Guillermo del Toro | Official Trailer | Netflix\" width=\"800\" height=\"450\" src=\"https:\/\/www.youtube.com\/embed\/8aulMPhE12g?feature=oembed\" frameborder=\"0\" allow=\"accelerometer; autoplay; clipboard-write; encrypted-media; gyroscope; picture-in-picture; web-share\" referrerpolicy=\"strict-origin-when-cross-origin\" allowfullscreen><\/iframe><\/p>\n<h2>Bom elenco e visual estonteante de\u00a0<em>Frankenstein<\/em><\/h2>\n<p>\u00c9 ineg\u00e1vel que duas coisas funcionam muito bem em\u00a0<em>Frankenstein<\/em>: o elenco afiad\u00edssimo e o visual de encher os olhos. Isaac (<em>Ex-Machina<\/em>, <em>O Ano Mais Violento<\/em>) est\u00e1 em um de seus melhores trabalhos nos cinemas. A loucura de Victor Frankenstein ganha forma de maneira compreens\u00edvel &#8212; voc\u00ea entende sua dor, seus anseios e seus medos sem precisar de muita explica\u00e7\u00e3o narrativa. \u00c9 o que um grande ator faz. Consegue fazer com que o p\u00fablico entenda tudo com um olhar, um grito, um sil\u00eancio. Oscar Isaac em grande estilo.<\/p>\n<p>Jacob Elordi n\u00e3o \u00e9 o melhor monstro que voc\u00ea ver\u00e1 dentro das dezenas de cria\u00e7\u00f5es. Boris Karloff \u00e9 quem o definiu. Mas, ainda assim, o ator de\u00a0<em>Euphoria<\/em> e\u00a0<a href=\"https:\/\/www.filmelier.com\/br\/filmes\/24209\/priscilla\"><em>Priscilla<\/em><\/a> mostra que tem uma boa consci\u00eancia de cena. Coloca fisicalidade em cena e sabe controlar a emo\u00e7\u00e3o, transformando a Criatura em um ser mais compreens\u00edvel, talvez. A empatia que sentimos nas p\u00e1ginas \u00e9 traduzida por ele para a tela.<\/p>\n<p>O resto do elenco n\u00e3o traz o mesmo brilho, vale dizer. Mia Goth tem alguns bons momentos, mas longe de ser um grande destaque. J\u00e1 Christoph Waltz parece estar sempre fazendo o mesmo papel h\u00e1 anos. Falta um pouco mais de complexidade ao seu Harlander.<\/p>\n<p>Mas o melhor mesmo s\u00e3o os cen\u00e1rios. Tudo \u00e9 grandioso &#8212; percebendo como a Netflix apostou todas suas fichas na produ\u00e7\u00e3o, j\u00e1 de olho na temporada de pr\u00eamios. Os efeitos pr\u00e1ticos, seja na criatura em si ou nos outros experimentos de Victor, tamb\u00e9m d\u00e3o for\u00e7a de produ\u00e7\u00e3o. J\u00e1 podemos contar com indica\u00e7\u00f5es do filme em categorias como Melhor Dire\u00e7\u00e3o de Arte, Melhor Figurino (gra\u00e7as aos belos vestidos da personagem de Mia Goth) e Melhor Cabelo e Maquiagem. O longa tamb\u00e9m deve chegar vivo para Melhor Filme e Ator, principalmente com a Netflix perdendo espa\u00e7o com\u00a0<em>Jay Kelly<\/em>, cada vez mais preterido, e\u00a0<em>Casa de Dinamite<\/em>, bastante divisivo.<\/p>\n<h2>O monstro sem alma<\/h2>\n<p>Curiosamente, o filme de Del Toro perece do mesmo mal de sua Criatura. Tem corpo, mas n\u00e3o tem alma. Tem beleza, mas n\u00e3o tem conte\u00fado. Repetir uma hist\u00f3ria contada nos cinemas h\u00e1 d\u00e9cadas (quase um s\u00e9culo!) sem algo de novo \u00e9 apenas a tentativa de mostrar a grandiosidade est\u00e9tica da coisa. Nada mais. Sim, \u00e9 ineg\u00e1vel que a produ\u00e7\u00e3o \u00e9 bel\u00edssima. Tamb\u00e9m n\u00e3o d\u00e1 pra negar que o elenco est\u00e1 bem demais, principalmente Isaac e Elordi. Mas isso, de novo, n\u00e3o basta para encantar, para emocionar, para surpreender.<\/p>\n<ul>\n<li><strong>Leia tamb\u00e9m: <a href=\"https:\/\/news.filmelier.com\/br\/christy-sydney-sweeney-entrevista\/\">\u2018Christy\u2019: Sydney Sweeney surpreende com atua\u00e7\u00e3o visceral em drama sobre boxeadora<\/a><\/strong><\/li>\n<\/ul>\n<p><em>Frankenstein<\/em>, filme que chega recheado de expectativas, est\u00e1 mais para\u00a0<em>A Colina Escarlate\u00a0<\/em>do que para\u00a0<em>O Labirinto do Fauno<\/em>. H\u00e1 beleza e comprometimento, mas pouca novidade. Numa adapta\u00e7\u00e3o que atravessa mais de 200 anos de exist\u00eancia, feita por um grande cineasta latino como Del Toro e com o valor de produ\u00e7\u00e3o que tem, a expectativa \u00e9 pelo menos uma boa ideia por tr\u00e1s de tudo. Um novo olhar. Um \u00e2ngulo in\u00e9dito para um tema que j\u00e1 foi muito estudo, tratado, pensado. Do jeito que ficou, a frieza impera e o bom cinema de Del Toro fica menos vistoso. Uma pena: tinha tudo para ser um dos grandes filmes do ano. Mas passa apenas batido.<\/p>\n","protected":false},"excerpt":{"rendered":"<p>Filme de Guillermo del Toro \u00e9 uma adapta\u00e7\u00e3o extremamente fiel ao &#8216;Frankenstein&#8217; de Mary Shelley, sem ter algo de novo a dizer<\/p>\n","protected":false},"author":21,"featured_media":59309,"comment_status":"closed","ping_status":"closed","sticky":false,"template":"","format":"standard","meta":{"_acf_changed":false,"footnotes":""},"categories":[3481,3482],"tags":[3517,10318,10319,10317,9643,9620,3678],"class_list":["post-59307","post","type-post","status-publish","format-standard","has-post-thumbnail","hentry","category-criticas-br","category-filmes-br","tag-critica-br","tag-frankenstein-br","tag-guillermo-del-toro-br","tag-mostra-2025","tag-mostra-de-sp","tag-mostra-internacional-de-cinema-de-sao-paulo","tag-netflix-br"],"acf":{"subtitulo":"Filme de Guillermo del Toro \u00e9 uma adapta\u00e7\u00e3o extremamente fiel ao 'Frankenstein' de Mary Shelley, sem ter algo de novo a dizer","id_ator":""},"yoast_head":"<!-- This site is optimized with the Yoast SEO plugin v26.1.1 - https:\/\/yoast.com\/wordpress\/plugins\/seo\/ -->\n<title>Cr\u00edtica: &#039;Frankenstein&#039; \u00e9 filme belo, mas sem alma - News Filmelier<\/title>\n<meta name=\"description\" content=\"Filme de Guillermo del Toro \u00e9 uma adapta\u00e7\u00e3o extremamente fiel ao &#039;Frankenstein&#039; de Mary Shelley, sem ter algo de novo a dizer\" \/>\n<meta name=\"robots\" content=\"index, follow, max-snippet:-1, max-image-preview:large, max-video-preview:-1\" \/>\n<link rel=\"canonical\" href=\"https:\/\/news.filmelier.com\/br\/critica-frankenstein-del-toro\/\" \/>\n<meta property=\"og:locale\" content=\"pt_BR\" \/>\n<meta property=\"og:type\" content=\"article\" \/>\n<meta property=\"og:title\" content=\"Cr\u00edtica: &#039;Frankenstein&#039; \u00e9 filme belo, mas sem alma - News Filmelier\" \/>\n<meta property=\"og:description\" content=\"Filme de Guillermo del Toro \u00e9 uma adapta\u00e7\u00e3o extremamente fiel ao &#039;Frankenstein&#039; de Mary Shelley, sem ter algo de novo a dizer\" \/>\n<meta property=\"og:url\" content=\"https:\/\/news.filmelier.com\/br\/critica-frankenstein-del-toro\/\" \/>\n<meta property=\"og:site_name\" content=\"News Filmelier\" \/>\n<meta property=\"article:published_time\" content=\"2025-10-20T10:00:51+00:00\" \/>\n<meta property=\"og:image\" content=\"https:\/\/homolog.news.filmelier.com\/wp-content\/uploads\/2025\/10\/frankenstein-1.jpg\" \/>\n\t<meta property=\"og:image:width\" content=\"800\" \/>\n\t<meta property=\"og:image:height\" content=\"450\" \/>\n\t<meta property=\"og:image:type\" content=\"image\/jpeg\" \/>\n<meta name=\"author\" content=\"Matheus Mans\" \/>\n<meta name=\"twitter:card\" content=\"summary_large_image\" \/>\n<meta name=\"twitter:label1\" content=\"Escrito por\" \/>\n\t<meta name=\"twitter:data1\" content=\"Matheus Mans\" \/>\n\t<meta name=\"twitter:label2\" content=\"Est. tempo de leitura\" \/>\n\t<meta name=\"twitter:data2\" content=\"6 minutos\" \/>\n<script type=\"application\/ld+json\" class=\"yoast-schema-graph\">{\"@context\":\"https:\/\/schema.org\",\"@graph\":[{\"@type\":\"Article\",\"@id\":\"https:\/\/news.filmelier.com\/br\/critica-frankenstein-del-toro\/#article\",\"isPartOf\":{\"@id\":\"https:\/\/news.filmelier.com\/br\/critica-frankenstein-del-toro\/\"},\"author\":{\"name\":\"Matheus Mans\",\"@id\":\"https:\/\/homolog.news.filmelier.com\/br\/#\/schema\/person\/bed674124135ac4309c6d6286a06b8d2\"},\"headline\":\"Cr\u00edtica: &#8216;Frankenstein&#8217; \u00e9 filme belo, mas sem alma\",\"datePublished\":\"2025-10-20T10:00:51+00:00\",\"mainEntityOfPage\":{\"@id\":\"https:\/\/news.filmelier.com\/br\/critica-frankenstein-del-toro\/\"},\"wordCount\":1185,\"publisher\":{\"@id\":\"https:\/\/homolog.news.filmelier.com\/br\/#organization\"},\"image\":{\"@id\":\"https:\/\/news.filmelier.com\/br\/critica-frankenstein-del-toro\/#primaryimage\"},\"thumbnailUrl\":\"https:\/\/news.filmelier.com\/wp-content\/uploads\/2025\/10\/frankenstein-1.jpg\",\"keywords\":[\"critica\",\"Frankenstein\",\"Guillermo del Toro\",\"Mostra 2025\",\"Mostra de SP\",\"Mostra Internacional de Cinema de S\u00e3o Paulo\",\"netflix\"],\"articleSection\":[\"Cr\u00edticas\",\"Filmes\"],\"inLanguage\":\"pt-BR\"},{\"@type\":\"WebPage\",\"@id\":\"https:\/\/news.filmelier.com\/br\/critica-frankenstein-del-toro\/\",\"url\":\"https:\/\/news.filmelier.com\/br\/critica-frankenstein-del-toro\/\",\"name\":\"Cr\u00edtica: 'Frankenstein' \u00e9 filme belo, mas sem alma - News Filmelier\",\"isPartOf\":{\"@id\":\"https:\/\/homolog.news.filmelier.com\/br\/#website\"},\"primaryImageOfPage\":{\"@id\":\"https:\/\/news.filmelier.com\/br\/critica-frankenstein-del-toro\/#primaryimage\"},\"image\":{\"@id\":\"https:\/\/news.filmelier.com\/br\/critica-frankenstein-del-toro\/#primaryimage\"},\"thumbnailUrl\":\"https:\/\/news.filmelier.com\/wp-content\/uploads\/2025\/10\/frankenstein-1.jpg\",\"datePublished\":\"2025-10-20T10:00:51+00:00\",\"description\":\"Filme de Guillermo del Toro \u00e9 uma adapta\u00e7\u00e3o extremamente fiel ao 'Frankenstein' de Mary Shelley, sem ter algo de novo a dizer\",\"breadcrumb\":{\"@id\":\"https:\/\/news.filmelier.com\/br\/critica-frankenstein-del-toro\/#breadcrumb\"},\"inLanguage\":\"pt-BR\",\"potentialAction\":[{\"@type\":\"ReadAction\",\"target\":[\"https:\/\/news.filmelier.com\/br\/critica-frankenstein-del-toro\/\"]}]},{\"@type\":\"ImageObject\",\"inLanguage\":\"pt-BR\",\"@id\":\"https:\/\/news.filmelier.com\/br\/critica-frankenstein-del-toro\/#primaryimage\",\"url\":\"https:\/\/news.filmelier.com\/wp-content\/uploads\/2025\/10\/frankenstein-1.jpg\",\"contentUrl\":\"https:\/\/news.filmelier.com\/wp-content\/uploads\/2025\/10\/frankenstein-1.jpg\",\"width\":800,\"height\":450,\"caption\":\"'Frankenstein' \u00e9 filme bonito, mas sem alma de Del Toro (Cr\u00e9dito: Netflix)\"},{\"@type\":\"BreadcrumbList\",\"@id\":\"https:\/\/news.filmelier.com\/br\/critica-frankenstein-del-toro\/#breadcrumb\",\"itemListElement\":[{\"@type\":\"ListItem\",\"position\":1,\"name\":\"In\u00edcio\",\"item\":\"https:\/\/homolog.news.filmelier.com\/br\/\"},{\"@type\":\"ListItem\",\"position\":2,\"name\":\"Cr\u00edtica: &#8216;Frankenstein&#8217; \u00e9 filme belo, mas sem alma\"}]},{\"@type\":\"WebSite\",\"@id\":\"https:\/\/homolog.news.filmelier.com\/br\/#website\",\"url\":\"https:\/\/homolog.news.filmelier.com\/br\/\",\"name\":\"Homolog Filmelier News Rankrup\",\"description\":\"\",\"publisher\":{\"@id\":\"https:\/\/homolog.news.filmelier.com\/br\/#organization\"},\"potentialAction\":[{\"@type\":\"SearchAction\",\"target\":{\"@type\":\"EntryPoint\",\"urlTemplate\":\"https:\/\/homolog.news.filmelier.com\/br\/?s={search_term_string}\"},\"query-input\":{\"@type\":\"PropertyValueSpecification\",\"valueRequired\":true,\"valueName\":\"search_term_string\"}}],\"inLanguage\":\"pt-BR\"},{\"@type\":\"Organization\",\"@id\":\"https:\/\/homolog.news.filmelier.com\/br\/#organization\",\"name\":\"Homolog Filmelier News Rankrup\",\"url\":\"https:\/\/homolog.news.filmelier.com\/br\/\",\"logo\":{\"@type\":\"ImageObject\",\"inLanguage\":\"pt-BR\",\"@id\":\"https:\/\/homolog.news.filmelier.com\/br\/#\/schema\/logo\/image\/\",\"url\":\"https:\/\/news.filmelier.com\/wp-content\/uploads\/2024\/11\/Logo-News.png\",\"contentUrl\":\"https:\/\/news.filmelier.com\/wp-content\/uploads\/2024\/11\/Logo-News.png\",\"width\":460,\"height\":108,\"caption\":\"Homolog Filmelier News Rankrup\"},\"image\":{\"@id\":\"https:\/\/homolog.news.filmelier.com\/br\/#\/schema\/logo\/image\/\"}},{\"@type\":\"Person\",\"@id\":\"https:\/\/homolog.news.filmelier.com\/br\/#\/schema\/person\/bed674124135ac4309c6d6286a06b8d2\",\"name\":\"Matheus Mans\",\"image\":{\"@type\":\"ImageObject\",\"inLanguage\":\"pt-BR\",\"@id\":\"https:\/\/homolog.news.filmelier.com\/br\/#\/schema\/person\/image\/\",\"url\":\"https:\/\/secure.gravatar.com\/avatar\/6d2ce80225ec344e6533f7d7e6d801e11991009ea7dfa33b3bb9117b245ebd33?s=96&d=mm&r=g\",\"contentUrl\":\"https:\/\/secure.gravatar.com\/avatar\/6d2ce80225ec344e6533f7d7e6d801e11991009ea7dfa33b3bb9117b245ebd33?s=96&d=mm&r=g\",\"caption\":\"Matheus Mans\"},\"url\":\"https:\/\/news.filmelier.com\/br\/author\/matheus\/\"}]}<\/script>\n<!-- \/ Yoast SEO plugin. -->","yoast_head_json":{"title":"Cr\u00edtica: 'Frankenstein' \u00e9 filme belo, mas sem alma - News Filmelier","description":"Filme de Guillermo del Toro \u00e9 uma adapta\u00e7\u00e3o extremamente fiel ao 'Frankenstein' de Mary Shelley, sem ter algo de novo a dizer","robots":{"index":"index","follow":"follow","max-snippet":"max-snippet:-1","max-image-preview":"max-image-preview:large","max-video-preview":"max-video-preview:-1"},"canonical":"https:\/\/news.filmelier.com\/br\/critica-frankenstein-del-toro\/","og_locale":"pt_BR","og_type":"article","og_title":"Cr\u00edtica: 'Frankenstein' \u00e9 filme belo, mas sem alma - News Filmelier","og_description":"Filme de Guillermo del Toro \u00e9 uma adapta\u00e7\u00e3o extremamente fiel ao 'Frankenstein' de Mary Shelley, sem ter algo de novo a dizer","og_url":"https:\/\/news.filmelier.com\/br\/critica-frankenstein-del-toro\/","og_site_name":"News Filmelier","article_published_time":"2025-10-20T10:00:51+00:00","og_image":[{"width":800,"height":450,"url":"https:\/\/homolog.news.filmelier.com\/wp-content\/uploads\/2025\/10\/frankenstein-1.jpg","type":"image\/jpeg"}],"author":"Matheus Mans","twitter_card":"summary_large_image","twitter_misc":{"Escrito por":"Matheus Mans","Est. tempo de leitura":"6 minutos"},"schema":{"@context":"https:\/\/schema.org","@graph":[{"@type":"Article","@id":"https:\/\/news.filmelier.com\/br\/critica-frankenstein-del-toro\/#article","isPartOf":{"@id":"https:\/\/news.filmelier.com\/br\/critica-frankenstein-del-toro\/"},"author":{"name":"Matheus Mans","@id":"https:\/\/homolog.news.filmelier.com\/br\/#\/schema\/person\/bed674124135ac4309c6d6286a06b8d2"},"headline":"Cr\u00edtica: &#8216;Frankenstein&#8217; \u00e9 filme belo, mas sem alma","datePublished":"2025-10-20T10:00:51+00:00","mainEntityOfPage":{"@id":"https:\/\/news.filmelier.com\/br\/critica-frankenstein-del-toro\/"},"wordCount":1185,"publisher":{"@id":"https:\/\/homolog.news.filmelier.com\/br\/#organization"},"image":{"@id":"https:\/\/news.filmelier.com\/br\/critica-frankenstein-del-toro\/#primaryimage"},"thumbnailUrl":"https:\/\/news.filmelier.com\/wp-content\/uploads\/2025\/10\/frankenstein-1.jpg","keywords":["critica","Frankenstein","Guillermo del Toro","Mostra 2025","Mostra de SP","Mostra Internacional de Cinema de S\u00e3o Paulo","netflix"],"articleSection":["Cr\u00edticas","Filmes"],"inLanguage":"pt-BR"},{"@type":"WebPage","@id":"https:\/\/news.filmelier.com\/br\/critica-frankenstein-del-toro\/","url":"https:\/\/news.filmelier.com\/br\/critica-frankenstein-del-toro\/","name":"Cr\u00edtica: 'Frankenstein' \u00e9 filme belo, mas sem alma - News Filmelier","isPartOf":{"@id":"https:\/\/homolog.news.filmelier.com\/br\/#website"},"primaryImageOfPage":{"@id":"https:\/\/news.filmelier.com\/br\/critica-frankenstein-del-toro\/#primaryimage"},"image":{"@id":"https:\/\/news.filmelier.com\/br\/critica-frankenstein-del-toro\/#primaryimage"},"thumbnailUrl":"https:\/\/news.filmelier.com\/wp-content\/uploads\/2025\/10\/frankenstein-1.jpg","datePublished":"2025-10-20T10:00:51+00:00","description":"Filme de Guillermo del Toro \u00e9 uma adapta\u00e7\u00e3o extremamente fiel ao 'Frankenstein' de Mary Shelley, sem ter algo de novo a dizer","breadcrumb":{"@id":"https:\/\/news.filmelier.com\/br\/critica-frankenstein-del-toro\/#breadcrumb"},"inLanguage":"pt-BR","potentialAction":[{"@type":"ReadAction","target":["https:\/\/news.filmelier.com\/br\/critica-frankenstein-del-toro\/"]}]},{"@type":"ImageObject","inLanguage":"pt-BR","@id":"https:\/\/news.filmelier.com\/br\/critica-frankenstein-del-toro\/#primaryimage","url":"https:\/\/news.filmelier.com\/wp-content\/uploads\/2025\/10\/frankenstein-1.jpg","contentUrl":"https:\/\/news.filmelier.com\/wp-content\/uploads\/2025\/10\/frankenstein-1.jpg","width":800,"height":450,"caption":"'Frankenstein' \u00e9 filme bonito, mas sem alma de Del Toro (Cr\u00e9dito: Netflix)"},{"@type":"BreadcrumbList","@id":"https:\/\/news.filmelier.com\/br\/critica-frankenstein-del-toro\/#breadcrumb","itemListElement":[{"@type":"ListItem","position":1,"name":"In\u00edcio","item":"https:\/\/homolog.news.filmelier.com\/br\/"},{"@type":"ListItem","position":2,"name":"Cr\u00edtica: &#8216;Frankenstein&#8217; \u00e9 filme belo, mas sem alma"}]},{"@type":"WebSite","@id":"https:\/\/homolog.news.filmelier.com\/br\/#website","url":"https:\/\/homolog.news.filmelier.com\/br\/","name":"Homolog Filmelier News Rankrup","description":"","publisher":{"@id":"https:\/\/homolog.news.filmelier.com\/br\/#organization"},"potentialAction":[{"@type":"SearchAction","target":{"@type":"EntryPoint","urlTemplate":"https:\/\/homolog.news.filmelier.com\/br\/?s={search_term_string}"},"query-input":{"@type":"PropertyValueSpecification","valueRequired":true,"valueName":"search_term_string"}}],"inLanguage":"pt-BR"},{"@type":"Organization","@id":"https:\/\/homolog.news.filmelier.com\/br\/#organization","name":"Homolog Filmelier News Rankrup","url":"https:\/\/homolog.news.filmelier.com\/br\/","logo":{"@type":"ImageObject","inLanguage":"pt-BR","@id":"https:\/\/homolog.news.filmelier.com\/br\/#\/schema\/logo\/image\/","url":"https:\/\/news.filmelier.com\/wp-content\/uploads\/2024\/11\/Logo-News.png","contentUrl":"https:\/\/news.filmelier.com\/wp-content\/uploads\/2024\/11\/Logo-News.png","width":460,"height":108,"caption":"Homolog Filmelier News Rankrup"},"image":{"@id":"https:\/\/homolog.news.filmelier.com\/br\/#\/schema\/logo\/image\/"}},{"@type":"Person","@id":"https:\/\/homolog.news.filmelier.com\/br\/#\/schema\/person\/bed674124135ac4309c6d6286a06b8d2","name":"Matheus Mans","image":{"@type":"ImageObject","inLanguage":"pt-BR","@id":"https:\/\/homolog.news.filmelier.com\/br\/#\/schema\/person\/image\/","url":"https:\/\/secure.gravatar.com\/avatar\/6d2ce80225ec344e6533f7d7e6d801e11991009ea7dfa33b3bb9117b245ebd33?s=96&d=mm&r=g","contentUrl":"https:\/\/secure.gravatar.com\/avatar\/6d2ce80225ec344e6533f7d7e6d801e11991009ea7dfa33b3bb9117b245ebd33?s=96&d=mm&r=g","caption":"Matheus Mans"},"url":"https:\/\/news.filmelier.com\/br\/author\/matheus\/"}]}},"_links":{"self":[{"href":"https:\/\/news.filmelier.com\/br\/wp-json\/wp\/v2\/posts\/59307","targetHints":{"allow":["GET"]}}],"collection":[{"href":"https:\/\/news.filmelier.com\/br\/wp-json\/wp\/v2\/posts"}],"about":[{"href":"https:\/\/news.filmelier.com\/br\/wp-json\/wp\/v2\/types\/post"}],"author":[{"embeddable":true,"href":"https:\/\/news.filmelier.com\/br\/wp-json\/wp\/v2\/users\/21"}],"replies":[{"embeddable":true,"href":"https:\/\/news.filmelier.com\/br\/wp-json\/wp\/v2\/comments?post=59307"}],"version-history":[{"count":2,"href":"https:\/\/news.filmelier.com\/br\/wp-json\/wp\/v2\/posts\/59307\/revisions"}],"predecessor-version":[{"id":59312,"href":"https:\/\/news.filmelier.com\/br\/wp-json\/wp\/v2\/posts\/59307\/revisions\/59312"}],"wp:featuredmedia":[{"embeddable":true,"href":"https:\/\/news.filmelier.com\/br\/wp-json\/wp\/v2\/media\/59309"}],"wp:attachment":[{"href":"https:\/\/news.filmelier.com\/br\/wp-json\/wp\/v2\/media?parent=59307"}],"wp:term":[{"taxonomy":"category","embeddable":true,"href":"https:\/\/news.filmelier.com\/br\/wp-json\/wp\/v2\/categories?post=59307"},{"taxonomy":"post_tag","embeddable":true,"href":"https:\/\/news.filmelier.com\/br\/wp-json\/wp\/v2\/tags?post=59307"}],"curies":[{"name":"wp","href":"https:\/\/api.w.org\/{rel}","templated":true}]}}