{"id":57660,"date":"2025-09-09T12:34:28","date_gmt":"2025-09-09T12:34:28","guid":{"rendered":"https:\/\/news.filmelier.com\/?p=57660"},"modified":"2025-09-09T12:38:22","modified_gmt":"2025-09-09T12:38:22","slug":"o-estudio-participacoes-especiais","status":"publish","type":"post","link":"https:\/\/news.filmelier.com\/br\/o-estudio-participacoes-especiais\/","title":{"rendered":"&#8216;O Est\u00fadio&#8217;: Seth Rogen conta como foi a experi\u00eancia de dirigir Martin Scorsese"},"content":{"rendered":"<div>\n<div class=\"grid-cols-1 grid gap-2.5 [&amp;_&gt;&lt;p&gt;_*]:min-w-0 !gap-3.5\">\n<p class=\"whitespace-normal break-words\">LOS ANGELES &#8211; Imagine dirigir <a href=\"https:\/\/www.filmelier.com\/br\/director\/martin-scorsese\"><strong>Martin Scorsese<\/strong><\/a>. Agora imagine que ele est\u00e1 contando hist\u00f3rias de <em>Os Bons Companheiros<\/em> entre uma tomada e outra, sendo exatamente o cineasta lend\u00e1rio que voc\u00ea esperava que fosse. Para Seth Rogen, esse foi &#8220;um dos dias mais emocionantes&#8221; que j\u00e1 teve em um set. Em <strong><em>O Est\u00fadio<\/em><\/strong>, sua nova s\u00e9rie que satiriza Hollywood por dentro, Rogen conseguiu algo que parecia imposs\u00edvel: convencer gigantes como Scorsese e <a href=\"https:\/\/www.filmelier.com\/br\/director\/ron-howard\"><strong>Ron Howard<\/strong><\/a> a fazerem gra\u00e7a de si mesmos. E o resultado foi surpreendentemente divertido.<\/p>\n<p class=\"whitespace-normal break-words\">&#8220;Dirigir grandes diretores \u00e9 muito assustador&#8221;, admite Rogen em entrevista para alguns jornalistas, com a presen\u00e7a do Filmelier. Mas tanto Scorsese quanto Ron Howard se entregaram completamente \u00e0 brincadeira. Scorsese &#8220;realmente te d\u00e1 o Martin Scorsese que voc\u00ea quer&#8221;, enquanto Howard surpreendeu pela dedica\u00e7\u00e3o profissional, insistindo em ensaiar as cenas por Zoom semanas antes das filmagens.<\/p>\n<figure id=\"attachment_57661\" aria-describedby=\"caption-attachment-57661\" style=\"width: 940px\" class=\"wp-caption alignnone\"><img fetchpriority=\"high\" decoding=\"async\" class=\"wp-image-57661\" src=\"https:\/\/news.filmelier.com\/wp-content\/uploads\/2025\/09\/scorsese-seth-rogen-300x150.webp\" alt=\"Para Seth Rogen, Martin Scorsese foi o melhor Martin Scorsese que poderia ter em 'O Est\u00fadio' (Cr\u00e9dito: Apple TV+)\" width=\"940\" height=\"470\" srcset=\"https:\/\/news.filmelier.com\/wp-content\/uploads\/2025\/09\/scorsese-seth-rogen-300x150.webp 300w, https:\/\/news.filmelier.com\/wp-content\/uploads\/2025\/09\/scorsese-seth-rogen-1024x512.webp 1024w, https:\/\/news.filmelier.com\/wp-content\/uploads\/2025\/09\/scorsese-seth-rogen-768x384.webp 768w, https:\/\/news.filmelier.com\/wp-content\/uploads\/2025\/09\/scorsese-seth-rogen-150x75.webp 150w, https:\/\/news.filmelier.com\/wp-content\/uploads\/2025\/09\/scorsese-seth-rogen.webp 1200w\" sizes=\"(max-width: 940px) 100vw, 940px\" \/><figcaption id=\"caption-attachment-57661\" class=\"wp-caption-text\"><em>Para Seth Rogen, Martin Scorsese foi o melhor Martin Scorsese que poderia ter em &#8216;O Est\u00fadio&#8217; (Cr\u00e9dito: Apple TV+)<\/em><\/figcaption><\/figure>\n<p class=\"whitespace-normal break-words\">&#8220;Ron realmente queria atuar bem e estava muito s\u00e9rio sobre sua performance&#8221;, conta Rogen. O diretor de <em>Uma Mente Brilhante<\/em> quis ler e reler as cenas, mostrando que estava realmente comprometido com o papel.<\/p>\n<p class=\"whitespace-normal break-words\">A inspira\u00e7\u00e3o para a s\u00e9rie, e para as participa\u00e7\u00f5es especiais, veio do cl\u00e1ssico <em>The Larry Sanders Show<\/em>, onde Rogen via \u00eddolos como Jim Carrey e Sean Penn zoando com eles mesmos. &#8220;Quer\u00edamos que, se \u00e9 um diretor que eu deveria estar animado para trabalhar, voc\u00ea como espectador acreditasse que um executivo de est\u00fadio realmente ficaria animado para trabalhar com essa pessoa&#8221;, diz.<\/p>\n<p class=\"whitespace-normal break-words\">Cada participa\u00e7\u00e3o passou por um &#8220;teste&#8221; rigoroso. Se n\u00e3o fosse convincente que aquela pessoa realmente ocuparia tal posi\u00e7\u00e3o em Hollywood, n\u00e3o entrava na s\u00e9rie.<\/p>\n<h2 class=\"text-xl font-bold text-text-100 mt-1 -mb-0.5\">Em <em>O Est\u00fadio<\/em>, o Globo de Ouro mais realista da TV<\/h2>\n<p class=\"whitespace-normal break-words\">Um dos epis\u00f3dios mais ambiciosos de <em>O Est\u00fadio<\/em> vai al\u00e9m das participa\u00e7\u00f5es especiais e recria a cerim\u00f4nia do Globo de Ouro no pr\u00f3prio Beverly Hilton. Rogen queria dar ao p\u00fablico &#8220;uma experi\u00eancia imersiva do que \u00e9 realmente estar no Globo de Ouro&#8221;.<\/p>\n<p class=\"whitespace-normal break-words\">A experi\u00eancia pessoal do ator nas premia\u00e7\u00f5es foi fundamental. Ele lembra da primeira vez que foi ao evento. &#8220;Todo mundo estava ficando b\u00eabado, era muito divertido. Era meio ca\u00f3tico, pessoas se levantando e mudando de mesa para mesa&#8221;, relembra.<\/p>\n<p><iframe title=\"O Est\u00fadio \u2014 Trailer oficial | Apple TV+\" width=\"800\" height=\"450\" src=\"https:\/\/www.youtube.com\/embed\/RYYQv2t0TgI?feature=oembed\" frameborder=\"0\" allow=\"accelerometer; autoplay; clipboard-write; encrypted-media; gyroscope; picture-in-picture; web-share\" referrerpolicy=\"strict-origin-when-cross-origin\" allowfullscreen><\/iframe><\/p>\n<p class=\"whitespace-normal break-words\">Durante as filmagens, a equipe t\u00e9cnica ficava chocada com a veracidade. &#8220;Me perguntavam se as pessoas simplesmente se levantam no meio do show e v\u00e3o para tr\u00e1s ter conversas. Era exatamente assim&#8221;, diz Rogen, dando sua t\u00edpica risada.<\/p>\n<h2 class=\"text-xl font-bold text-text-100 mt-1 -mb-0.5\">Arte imitando a vida<\/h2>\n<p class=\"whitespace-normal break-words\">O mais curioso \u00e9 que muitos executivos reais n\u00e3o se reconhecem nas s\u00e1tiras \u00f3bvias da s\u00e9rie. &#8220;Muitas pessoas pensam que \u00e9 baseado nelas quando n\u00e3o \u00e9. Muitas pessoas em quem \u00e9 baseado n\u00e3o querem pensar que \u00e9 baseado nelas&#8221;, diverte-se Rogen.<\/p>\n<p class=\"whitespace-normal break-words\">A s\u00e9rie tem feito executivos de Hollywood se reconhecerem em situa\u00e7\u00f5es constrangedoras, especialmente no epis\u00f3dio em que Rogen visita um set e ningu\u00e9m o quer por l\u00e1. V\u00e1rios mandaram mensagens. &#8220;Estou no set do filme e n\u00e3o consigo parar de pensar na sua s\u00e9rie. E em como ningu\u00e9m me quer aqui&#8221;, diz.<\/p>\n<p class=\"whitespace-normal break-words\">Para a segunda temporada, Rogen j\u00e1 tem uma lista de sonhos para novas participa\u00e7\u00f5es, mas prefere n\u00e3o revelar os nomes. Afinal, como ele mesmo descobriu, convencer estrelas para zoar com elas mesmas \u00e9 quase como a pr\u00f3pria s\u00e9rie: uma mistura de ego, inseguran\u00e7a e muito charme <em>hollywoodiano<\/em>.<\/p>\n<\/div>\n<\/div>\n","protected":false},"excerpt":{"rendered":"<p>Com participa\u00e7\u00f5es improv\u00e1veis e uma recria\u00e7\u00e3o realista do Globo de Ouro, a s\u00e9rie mistura ego, humor e bastidores da ind\u00fastria.<\/p>\n","protected":false},"author":21,"featured_media":57661,"comment_status":"open","ping_status":"open","sticky":false,"template":"","format":"standard","meta":{"_acf_changed":false,"footnotes":""},"categories":[3605,3492],"tags":[3973,4092,3881,9103,9104,9102],"class_list":["post-57660","post","type-post","status-publish","format-standard","has-post-thumbnail","hentry","category-entrevistas-br","category-series-novelas-br","tag-apple-tv-plus-br","tag-martin-scorsese-br","tag-o-estudio-br","tag-ron-howard","tag-seth-rogen-br","tag-the-studio"],"acf":{"subtitulo":"Com participa\u00e7\u00f5es improv\u00e1veis e uma recria\u00e7\u00e3o realista do Globo de Ouro, a s\u00e9rie mistura ego, humor e bastidores da ind\u00fastria.","id_ator":""},"yoast_head":"<!-- This site is optimized with the Yoast SEO plugin v26.1.1 - https:\/\/yoast.com\/wordpress\/plugins\/seo\/ -->\n<title>&#039;O Est\u00fadio&#039;: Seth Rogen conta como foi a experi\u00eancia de dirigir Martin Scorsese - News Filmelier<\/title>\n<meta name=\"description\" content=\"Com participa\u00e7\u00f5es improv\u00e1veis e uma recria\u00e7\u00e3o realista do Globo de Ouro, a s\u00e9rie &#039;O Est\u00fadio&#039; mistura ego, humor e bastidores da ind\u00fastria\" \/>\n<meta name=\"robots\" content=\"index, follow, max-snippet:-1, max-image-preview:large, max-video-preview:-1\" \/>\n<link rel=\"canonical\" href=\"https:\/\/news.filmelier.com\/br\/o-estudio-participacoes-especiais\/\" \/>\n<meta property=\"og:locale\" content=\"pt_BR\" \/>\n<meta property=\"og:type\" content=\"article\" \/>\n<meta property=\"og:title\" content=\"&#039;O Est\u00fadio&#039;: Seth Rogen conta como foi a experi\u00eancia de dirigir Martin Scorsese - News Filmelier\" \/>\n<meta property=\"og:description\" content=\"Com participa\u00e7\u00f5es improv\u00e1veis e uma recria\u00e7\u00e3o realista do Globo de Ouro, a s\u00e9rie &#039;O Est\u00fadio&#039; mistura ego, humor e bastidores da ind\u00fastria\" \/>\n<meta property=\"og:url\" content=\"https:\/\/news.filmelier.com\/br\/o-estudio-participacoes-especiais\/\" \/>\n<meta property=\"og:site_name\" content=\"News Filmelier\" \/>\n<meta property=\"article:published_time\" content=\"2025-09-09T12:34:28+00:00\" \/>\n<meta property=\"article:modified_time\" content=\"2025-09-09T12:38:22+00:00\" \/>\n<meta property=\"og:image\" content=\"https:\/\/homolog.news.filmelier.com\/wp-content\/uploads\/2025\/09\/scorsese-seth-rogen.webp\" \/>\n\t<meta property=\"og:image:width\" content=\"1200\" \/>\n\t<meta property=\"og:image:height\" content=\"600\" \/>\n\t<meta property=\"og:image:type\" content=\"image\/webp\" \/>\n<meta name=\"author\" content=\"Matheus Mans\" \/>\n<meta name=\"twitter:card\" content=\"summary_large_image\" \/>\n<meta name=\"twitter:label1\" content=\"Escrito por\" \/>\n\t<meta name=\"twitter:data1\" content=\"Matheus Mans\" \/>\n\t<meta name=\"twitter:label2\" content=\"Est. tempo de leitura\" \/>\n\t<meta name=\"twitter:data2\" content=\"3 minutos\" \/>\n<script type=\"application\/ld+json\" class=\"yoast-schema-graph\">{\"@context\":\"https:\/\/schema.org\",\"@graph\":[{\"@type\":\"Article\",\"@id\":\"https:\/\/news.filmelier.com\/br\/o-estudio-participacoes-especiais\/#article\",\"isPartOf\":{\"@id\":\"https:\/\/news.filmelier.com\/br\/o-estudio-participacoes-especiais\/\"},\"author\":{\"name\":\"Matheus Mans\",\"@id\":\"https:\/\/homolog.news.filmelier.com\/br\/#\/schema\/person\/bed674124135ac4309c6d6286a06b8d2\"},\"headline\":\"&#8216;O Est\u00fadio&#8217;: Seth Rogen conta como foi a experi\u00eancia de dirigir Martin Scorsese\",\"datePublished\":\"2025-09-09T12:34:28+00:00\",\"dateModified\":\"2025-09-09T12:38:22+00:00\",\"mainEntityOfPage\":{\"@id\":\"https:\/\/news.filmelier.com\/br\/o-estudio-participacoes-especiais\/\"},\"wordCount\":640,\"commentCount\":0,\"publisher\":{\"@id\":\"https:\/\/homolog.news.filmelier.com\/br\/#organization\"},\"image\":{\"@id\":\"https:\/\/news.filmelier.com\/br\/o-estudio-participacoes-especiais\/#primaryimage\"},\"thumbnailUrl\":\"https:\/\/news.filmelier.com\/wp-content\/uploads\/2025\/09\/scorsese-seth-rogen.webp\",\"keywords\":[\"Apple TV+\",\"Martin Scorsese\",\"O Est\u00fadio\",\"Ron Howard\",\"Seth Rogen\",\"The Studio\"],\"articleSection\":[\"Entrevistas\",\"S\u00e9ries e Novelas\"],\"inLanguage\":\"pt-BR\",\"potentialAction\":[{\"@type\":\"CommentAction\",\"name\":\"Comment\",\"target\":[\"https:\/\/news.filmelier.com\/br\/o-estudio-participacoes-especiais\/#respond\"]}]},{\"@type\":\"WebPage\",\"@id\":\"https:\/\/news.filmelier.com\/br\/o-estudio-participacoes-especiais\/\",\"url\":\"https:\/\/news.filmelier.com\/br\/o-estudio-participacoes-especiais\/\",\"name\":\"'O Est\u00fadio': Seth Rogen conta como foi a experi\u00eancia de dirigir Martin Scorsese - News Filmelier\",\"isPartOf\":{\"@id\":\"https:\/\/homolog.news.filmelier.com\/br\/#website\"},\"primaryImageOfPage\":{\"@id\":\"https:\/\/news.filmelier.com\/br\/o-estudio-participacoes-especiais\/#primaryimage\"},\"image\":{\"@id\":\"https:\/\/news.filmelier.com\/br\/o-estudio-participacoes-especiais\/#primaryimage\"},\"thumbnailUrl\":\"https:\/\/news.filmelier.com\/wp-content\/uploads\/2025\/09\/scorsese-seth-rogen.webp\",\"datePublished\":\"2025-09-09T12:34:28+00:00\",\"dateModified\":\"2025-09-09T12:38:22+00:00\",\"description\":\"Com participa\u00e7\u00f5es improv\u00e1veis e uma recria\u00e7\u00e3o realista do Globo de Ouro, a s\u00e9rie 'O Est\u00fadio' mistura ego, humor e bastidores da ind\u00fastria\",\"breadcrumb\":{\"@id\":\"https:\/\/news.filmelier.com\/br\/o-estudio-participacoes-especiais\/#breadcrumb\"},\"inLanguage\":\"pt-BR\",\"potentialAction\":[{\"@type\":\"ReadAction\",\"target\":[\"https:\/\/news.filmelier.com\/br\/o-estudio-participacoes-especiais\/\"]}]},{\"@type\":\"ImageObject\",\"inLanguage\":\"pt-BR\",\"@id\":\"https:\/\/news.filmelier.com\/br\/o-estudio-participacoes-especiais\/#primaryimage\",\"url\":\"https:\/\/news.filmelier.com\/wp-content\/uploads\/2025\/09\/scorsese-seth-rogen.webp\",\"contentUrl\":\"https:\/\/news.filmelier.com\/wp-content\/uploads\/2025\/09\/scorsese-seth-rogen.webp\",\"width\":1200,\"height\":600,\"caption\":\"Para Seth Rogen, Martin Scorsese foi o melhor Martin Scorsese que poderia ter em 'O Est\u00fadio' (Cr\u00e9dito: Apple TV+)\"},{\"@type\":\"BreadcrumbList\",\"@id\":\"https:\/\/news.filmelier.com\/br\/o-estudio-participacoes-especiais\/#breadcrumb\",\"itemListElement\":[{\"@type\":\"ListItem\",\"position\":1,\"name\":\"In\u00edcio\",\"item\":\"https:\/\/homolog.news.filmelier.com\/br\/\"},{\"@type\":\"ListItem\",\"position\":2,\"name\":\"&#8216;O Est\u00fadio&#8217;: Seth Rogen conta como foi a experi\u00eancia de dirigir Martin Scorsese\"}]},{\"@type\":\"WebSite\",\"@id\":\"https:\/\/homolog.news.filmelier.com\/br\/#website\",\"url\":\"https:\/\/homolog.news.filmelier.com\/br\/\",\"name\":\"Homolog Filmelier News Rankrup\",\"description\":\"\",\"publisher\":{\"@id\":\"https:\/\/homolog.news.filmelier.com\/br\/#organization\"},\"potentialAction\":[{\"@type\":\"SearchAction\",\"target\":{\"@type\":\"EntryPoint\",\"urlTemplate\":\"https:\/\/homolog.news.filmelier.com\/br\/?s={search_term_string}\"},\"query-input\":{\"@type\":\"PropertyValueSpecification\",\"valueRequired\":true,\"valueName\":\"search_term_string\"}}],\"inLanguage\":\"pt-BR\"},{\"@type\":\"Organization\",\"@id\":\"https:\/\/homolog.news.filmelier.com\/br\/#organization\",\"name\":\"Homolog Filmelier News Rankrup\",\"url\":\"https:\/\/homolog.news.filmelier.com\/br\/\",\"logo\":{\"@type\":\"ImageObject\",\"inLanguage\":\"pt-BR\",\"@id\":\"https:\/\/homolog.news.filmelier.com\/br\/#\/schema\/logo\/image\/\",\"url\":\"https:\/\/news.filmelier.com\/wp-content\/uploads\/2024\/11\/Logo-News.png\",\"contentUrl\":\"https:\/\/news.filmelier.com\/wp-content\/uploads\/2024\/11\/Logo-News.png\",\"width\":460,\"height\":108,\"caption\":\"Homolog Filmelier News Rankrup\"},\"image\":{\"@id\":\"https:\/\/homolog.news.filmelier.com\/br\/#\/schema\/logo\/image\/\"}},{\"@type\":\"Person\",\"@id\":\"https:\/\/homolog.news.filmelier.com\/br\/#\/schema\/person\/bed674124135ac4309c6d6286a06b8d2\",\"name\":\"Matheus Mans\",\"image\":{\"@type\":\"ImageObject\",\"inLanguage\":\"pt-BR\",\"@id\":\"https:\/\/homolog.news.filmelier.com\/br\/#\/schema\/person\/image\/\",\"url\":\"https:\/\/secure.gravatar.com\/avatar\/6d2ce80225ec344e6533f7d7e6d801e11991009ea7dfa33b3bb9117b245ebd33?s=96&d=mm&r=g\",\"contentUrl\":\"https:\/\/secure.gravatar.com\/avatar\/6d2ce80225ec344e6533f7d7e6d801e11991009ea7dfa33b3bb9117b245ebd33?s=96&d=mm&r=g\",\"caption\":\"Matheus Mans\"},\"url\":\"https:\/\/news.filmelier.com\/br\/author\/matheus\/\"}]}<\/script>\n<!-- \/ Yoast SEO plugin. -->","yoast_head_json":{"title":"'O Est\u00fadio': Seth Rogen conta como foi a experi\u00eancia de dirigir Martin Scorsese - News Filmelier","description":"Com participa\u00e7\u00f5es improv\u00e1veis e uma recria\u00e7\u00e3o realista do Globo de Ouro, a s\u00e9rie 'O Est\u00fadio' mistura ego, humor e bastidores da ind\u00fastria","robots":{"index":"index","follow":"follow","max-snippet":"max-snippet:-1","max-image-preview":"max-image-preview:large","max-video-preview":"max-video-preview:-1"},"canonical":"https:\/\/news.filmelier.com\/br\/o-estudio-participacoes-especiais\/","og_locale":"pt_BR","og_type":"article","og_title":"'O Est\u00fadio': Seth Rogen conta como foi a experi\u00eancia de dirigir Martin Scorsese - News Filmelier","og_description":"Com participa\u00e7\u00f5es improv\u00e1veis e uma recria\u00e7\u00e3o realista do Globo de Ouro, a s\u00e9rie 'O Est\u00fadio' mistura ego, humor e bastidores da ind\u00fastria","og_url":"https:\/\/news.filmelier.com\/br\/o-estudio-participacoes-especiais\/","og_site_name":"News Filmelier","article_published_time":"2025-09-09T12:34:28+00:00","article_modified_time":"2025-09-09T12:38:22+00:00","og_image":[{"width":1200,"height":600,"url":"https:\/\/homolog.news.filmelier.com\/wp-content\/uploads\/2025\/09\/scorsese-seth-rogen.webp","type":"image\/webp"}],"author":"Matheus Mans","twitter_card":"summary_large_image","twitter_misc":{"Escrito por":"Matheus Mans","Est. tempo de leitura":"3 minutos"},"schema":{"@context":"https:\/\/schema.org","@graph":[{"@type":"Article","@id":"https:\/\/news.filmelier.com\/br\/o-estudio-participacoes-especiais\/#article","isPartOf":{"@id":"https:\/\/news.filmelier.com\/br\/o-estudio-participacoes-especiais\/"},"author":{"name":"Matheus Mans","@id":"https:\/\/homolog.news.filmelier.com\/br\/#\/schema\/person\/bed674124135ac4309c6d6286a06b8d2"},"headline":"&#8216;O Est\u00fadio&#8217;: Seth Rogen conta como foi a experi\u00eancia de dirigir Martin Scorsese","datePublished":"2025-09-09T12:34:28+00:00","dateModified":"2025-09-09T12:38:22+00:00","mainEntityOfPage":{"@id":"https:\/\/news.filmelier.com\/br\/o-estudio-participacoes-especiais\/"},"wordCount":640,"commentCount":0,"publisher":{"@id":"https:\/\/homolog.news.filmelier.com\/br\/#organization"},"image":{"@id":"https:\/\/news.filmelier.com\/br\/o-estudio-participacoes-especiais\/#primaryimage"},"thumbnailUrl":"https:\/\/news.filmelier.com\/wp-content\/uploads\/2025\/09\/scorsese-seth-rogen.webp","keywords":["Apple TV+","Martin Scorsese","O Est\u00fadio","Ron Howard","Seth Rogen","The Studio"],"articleSection":["Entrevistas","S\u00e9ries e Novelas"],"inLanguage":"pt-BR","potentialAction":[{"@type":"CommentAction","name":"Comment","target":["https:\/\/news.filmelier.com\/br\/o-estudio-participacoes-especiais\/#respond"]}]},{"@type":"WebPage","@id":"https:\/\/news.filmelier.com\/br\/o-estudio-participacoes-especiais\/","url":"https:\/\/news.filmelier.com\/br\/o-estudio-participacoes-especiais\/","name":"'O Est\u00fadio': Seth Rogen conta como foi a experi\u00eancia de dirigir Martin Scorsese - News Filmelier","isPartOf":{"@id":"https:\/\/homolog.news.filmelier.com\/br\/#website"},"primaryImageOfPage":{"@id":"https:\/\/news.filmelier.com\/br\/o-estudio-participacoes-especiais\/#primaryimage"},"image":{"@id":"https:\/\/news.filmelier.com\/br\/o-estudio-participacoes-especiais\/#primaryimage"},"thumbnailUrl":"https:\/\/news.filmelier.com\/wp-content\/uploads\/2025\/09\/scorsese-seth-rogen.webp","datePublished":"2025-09-09T12:34:28+00:00","dateModified":"2025-09-09T12:38:22+00:00","description":"Com participa\u00e7\u00f5es improv\u00e1veis e uma recria\u00e7\u00e3o realista do Globo de Ouro, a s\u00e9rie 'O Est\u00fadio' mistura ego, humor e bastidores da ind\u00fastria","breadcrumb":{"@id":"https:\/\/news.filmelier.com\/br\/o-estudio-participacoes-especiais\/#breadcrumb"},"inLanguage":"pt-BR","potentialAction":[{"@type":"ReadAction","target":["https:\/\/news.filmelier.com\/br\/o-estudio-participacoes-especiais\/"]}]},{"@type":"ImageObject","inLanguage":"pt-BR","@id":"https:\/\/news.filmelier.com\/br\/o-estudio-participacoes-especiais\/#primaryimage","url":"https:\/\/news.filmelier.com\/wp-content\/uploads\/2025\/09\/scorsese-seth-rogen.webp","contentUrl":"https:\/\/news.filmelier.com\/wp-content\/uploads\/2025\/09\/scorsese-seth-rogen.webp","width":1200,"height":600,"caption":"Para Seth Rogen, Martin Scorsese foi o melhor Martin Scorsese que poderia ter em 'O Est\u00fadio' (Cr\u00e9dito: Apple TV+)"},{"@type":"BreadcrumbList","@id":"https:\/\/news.filmelier.com\/br\/o-estudio-participacoes-especiais\/#breadcrumb","itemListElement":[{"@type":"ListItem","position":1,"name":"In\u00edcio","item":"https:\/\/homolog.news.filmelier.com\/br\/"},{"@type":"ListItem","position":2,"name":"&#8216;O Est\u00fadio&#8217;: Seth Rogen conta como foi a experi\u00eancia de dirigir Martin Scorsese"}]},{"@type":"WebSite","@id":"https:\/\/homolog.news.filmelier.com\/br\/#website","url":"https:\/\/homolog.news.filmelier.com\/br\/","name":"Homolog Filmelier News Rankrup","description":"","publisher":{"@id":"https:\/\/homolog.news.filmelier.com\/br\/#organization"},"potentialAction":[{"@type":"SearchAction","target":{"@type":"EntryPoint","urlTemplate":"https:\/\/homolog.news.filmelier.com\/br\/?s={search_term_string}"},"query-input":{"@type":"PropertyValueSpecification","valueRequired":true,"valueName":"search_term_string"}}],"inLanguage":"pt-BR"},{"@type":"Organization","@id":"https:\/\/homolog.news.filmelier.com\/br\/#organization","name":"Homolog Filmelier News Rankrup","url":"https:\/\/homolog.news.filmelier.com\/br\/","logo":{"@type":"ImageObject","inLanguage":"pt-BR","@id":"https:\/\/homolog.news.filmelier.com\/br\/#\/schema\/logo\/image\/","url":"https:\/\/news.filmelier.com\/wp-content\/uploads\/2024\/11\/Logo-News.png","contentUrl":"https:\/\/news.filmelier.com\/wp-content\/uploads\/2024\/11\/Logo-News.png","width":460,"height":108,"caption":"Homolog Filmelier News Rankrup"},"image":{"@id":"https:\/\/homolog.news.filmelier.com\/br\/#\/schema\/logo\/image\/"}},{"@type":"Person","@id":"https:\/\/homolog.news.filmelier.com\/br\/#\/schema\/person\/bed674124135ac4309c6d6286a06b8d2","name":"Matheus Mans","image":{"@type":"ImageObject","inLanguage":"pt-BR","@id":"https:\/\/homolog.news.filmelier.com\/br\/#\/schema\/person\/image\/","url":"https:\/\/secure.gravatar.com\/avatar\/6d2ce80225ec344e6533f7d7e6d801e11991009ea7dfa33b3bb9117b245ebd33?s=96&d=mm&r=g","contentUrl":"https:\/\/secure.gravatar.com\/avatar\/6d2ce80225ec344e6533f7d7e6d801e11991009ea7dfa33b3bb9117b245ebd33?s=96&d=mm&r=g","caption":"Matheus Mans"},"url":"https:\/\/news.filmelier.com\/br\/author\/matheus\/"}]}},"_links":{"self":[{"href":"https:\/\/news.filmelier.com\/br\/wp-json\/wp\/v2\/posts\/57660","targetHints":{"allow":["GET"]}}],"collection":[{"href":"https:\/\/news.filmelier.com\/br\/wp-json\/wp\/v2\/posts"}],"about":[{"href":"https:\/\/news.filmelier.com\/br\/wp-json\/wp\/v2\/types\/post"}],"author":[{"embeddable":true,"href":"https:\/\/news.filmelier.com\/br\/wp-json\/wp\/v2\/users\/21"}],"replies":[{"embeddable":true,"href":"https:\/\/news.filmelier.com\/br\/wp-json\/wp\/v2\/comments?post=57660"}],"version-history":[{"count":4,"href":"https:\/\/news.filmelier.com\/br\/wp-json\/wp\/v2\/posts\/57660\/revisions"}],"predecessor-version":[{"id":57667,"href":"https:\/\/news.filmelier.com\/br\/wp-json\/wp\/v2\/posts\/57660\/revisions\/57667"}],"wp:featuredmedia":[{"embeddable":true,"href":"https:\/\/news.filmelier.com\/br\/wp-json\/wp\/v2\/media\/57661"}],"wp:attachment":[{"href":"https:\/\/news.filmelier.com\/br\/wp-json\/wp\/v2\/media?parent=57660"}],"wp:term":[{"taxonomy":"category","embeddable":true,"href":"https:\/\/news.filmelier.com\/br\/wp-json\/wp\/v2\/categories?post=57660"},{"taxonomy":"post_tag","embeddable":true,"href":"https:\/\/news.filmelier.com\/br\/wp-json\/wp\/v2\/tags?post=57660"}],"curies":[{"name":"wp","href":"https:\/\/api.w.org\/{rel}","templated":true}]}}