{"id":55466,"date":"2025-07-22T18:42:02","date_gmt":"2025-07-22T21:42:02","guid":{"rendered":"https:\/\/news.filmelier.com\/?p=55466"},"modified":"2025-07-23T19:34:52","modified_gmt":"2025-07-23T22:34:52","slug":"perdido-na-montanha-historia-real-donn-fendler","status":"publish","type":"post","link":"https:\/\/news.filmelier.com\/br\/perdido-na-montanha-historia-real-donn-fendler\/","title":{"rendered":"&#8216;Perdido na Montanha&#8217; \u00e9 baseado em hist\u00f3ria real? Conhe\u00e7a Donn Fendler, o menino que sobreviveu 9 dias perdido na floresta"},"content":{"rendered":"<p><a href=\"https:\/\/www.filmelier.com\/br\/filmes\/35318\/perdido-na-montanha\"><i>Perdido na Montanha<\/i><\/a> (<i>Lost on a Mountain in Maine<\/i>, no original) <b>\u00e9 baseado em uma hist\u00f3ria real<\/b>? Quem foi o menino que inspirou o filme do <a href=\"https:\/\/www.filmelier.com\/br\/list\/assistir-a-filmes-online-na-netflix\">top 10 da Netflix<\/a>? Sabia que \u00e9 uma produ\u00e7\u00e3o de Sylvester Stallone? Se voc\u00ea est\u00e1 curioso para conhecer a obra, o Filmelier te conta tudo!<\/p>\n<p>A seguir, explicamos\u00a0<b>quem foi Donn Fendler<\/b>, o caso ver\u00eddico que inspirou o longa-metragem, e o que foi mantido ou adaptado para a narrativa do cinema. Confira abaixo e veja tamb\u00e9m outros\u00a0<a href=\"https:\/\/www.filmelier.com\/br\/list\/filmes-baseados-em-fatos-reais\">filmes inspirados em fatos reais<\/a>.<\/p>\n<p><iframe title=\"Perdido na Montanha (Lost On a Mountain in Maine) | Filme de Drama, Supera\u00e7\u00e3o | Trailer Legendado HD\" width=\"800\" height=\"450\" src=\"https:\/\/www.youtube.com\/embed\/MCj4x-ID4SA?feature=oembed\" frameborder=\"0\" allow=\"accelerometer; autoplay; clipboard-write; encrypted-media; gyroscope; picture-in-picture; web-share\" referrerpolicy=\"strict-origin-when-cross-origin\" allowfullscreen><\/iframe><\/p>\n<ul>\n<li><strong>Leia tamb\u00e9m:\u00a0<a href=\"https:\/\/news.filmelier.com\/br\/filmes-tubarao-cinema\/\">De onde vem o fasc\u00ednio por filmes de tubar\u00e3o? De Steven Spielberg e efeitos pr\u00e1ticos ao uso de IA<\/a><\/strong><\/li>\n<\/ul>\n<h2>Conhe\u00e7a o filme<em> Perdido na Montanha<\/em>, que est\u00e1 no top 10 da Netflix<\/h2>\n<p><em>Perdido na Montanha<\/em>\u00a0chegou discretamente \u00e0 Netflix, mas rapidamente conquistou o p\u00fablico e alcan\u00e7ou o primeiro lugar do top 10 da plataforma. O filme est\u00e1 no topo do ranking de mais assistidos no Brasil e em diversos pa\u00edses da Am\u00e9rica Latina. Com dire\u00e7\u00e3o de <b>Andrew Boodhoo Kightlinger<\/b> e produ\u00e7\u00e3o executiva de <b>Sylvester Stallone<\/b> (via Balboa Productions), o\u00a0longa-metragem\u00a0mistura drama familiar, f\u00e9 e <a href=\"https:\/\/www.filmelier.com\/br\/list\/filmes-de-sobrevivencia-na-natureza-selvagem\">sobreviv\u00eancia na natureza<\/a>.<\/p>\n<h2>Quem foi Donn Fendler: a hist\u00f3ria real por tr\u00e1s do filme<\/h2>\n<p>Em julho de 1939, o garoto de 12 anos Donn Charles Fendler se perdeu durante uma trilha no Monte Katahdin, em Maine. Ele se separou dos pais durante uma tempestade repentina e, nos nove dias seguintes, <b>sobreviveu sozinho em uma regi\u00e3o selvagem e hostil<\/b>, sem comida, abrigo ou ajuda.<\/p>\n<h3>Como Donn Fendler sobreviveu sozinho?<\/h3>\n<p>Gra\u00e7as a seus conhecimentos de escotismo, Fendler caminhou cerca de 80 km ao longo de nove dias, alimentando-se de morangos silvestres e berries, enfrentando frio, sede, picadas de insetos e at\u00e9 encontros com ursos. Quando foi encontrado, o menino pesava 7 kg a menos, estava desnutrido, ferido, machucado, mas incrivelmente vivo.<\/p>\n<h3>Mobiliza\u00e7\u00e3o hist\u00f3rica<\/h3>\n<p>A mobiliza\u00e7\u00e3o para encontr\u00e1-lo foi enorme: mais de cem volunt\u00e1rios, bombeiros, policiais, busca com c\u00e3es, e at\u00e9 apoio a\u00e9reo chegaram depois que a trag\u00e9dia ganhou destaque em r\u00e1dio e jornais \u2014 que amplificaram o apelo da fam\u00edlia por uma busca mais intensa. O caso emocionou os Estados Unidos e virou not\u00edcia em todo o pa\u00eds.<\/p>\n<h3>O livro que eternizou a hist\u00f3ria<\/h3>\n<p>Logo ap\u00f3s o resgate, Donn contou sua experi\u00eancia no livro <i>Lost on a Mountain in Maine<\/i>, escrito em parceria com o jornalista Joseph B. Egan. A obra se tornou leitura obrigat\u00f3ria em escolas norte-americanas e at\u00e9 hoje \u00e9 considerada um s\u00edmbolo de supera\u00e7\u00e3o e coragem infantil.<\/p>\n<figure id=\"attachment_55471\" aria-describedby=\"caption-attachment-55471\" style=\"width: 1200px\" class=\"wp-caption alignnone\"><img fetchpriority=\"high\" decoding=\"async\" class=\"size-full wp-image-55471\" src=\"https:\/\/news.filmelier.com\/wp-content\/uploads\/2025\/07\/donn-fendler-historia-real.webp\" alt=\"Registro real de Donn Fendler, ap\u00f3s ser encontrado em 1939, depois de sobreviver 9 dias sozinho nas florestas de Maine\" width=\"1200\" height=\"675\" srcset=\"https:\/\/news.filmelier.com\/wp-content\/uploads\/2025\/07\/donn-fendler-historia-real.webp 1200w, https:\/\/news.filmelier.com\/wp-content\/uploads\/2025\/07\/donn-fendler-historia-real-300x169.webp 300w, https:\/\/news.filmelier.com\/wp-content\/uploads\/2025\/07\/donn-fendler-historia-real-1024x576.webp 1024w, https:\/\/news.filmelier.com\/wp-content\/uploads\/2025\/07\/donn-fendler-historia-real-768x432.webp 768w, https:\/\/news.filmelier.com\/wp-content\/uploads\/2025\/07\/donn-fendler-historia-real-150x84.webp 150w\" sizes=\"(max-width: 1200px) 100vw, 1200px\" \/><figcaption id=\"caption-attachment-55471\" class=\"wp-caption-text\"><em>Registro real de Donn Fendler, ap\u00f3s ser encontrado em 1939, depois de sobreviver 9 dias sozinho nas florestas de Maine (Cr\u00e9ditos: Divulga\u00e7\u00e3o)<\/em><\/figcaption><\/figure>\n<h2>O filme \u00e9 fiel aos fatos reais?<\/h2>\n<p>Sim \u2014 mas com ressalvas. O longa <i>Perdido na Montanha<\/i> \u00e9 inspirado diretamente na hist\u00f3ria de Donn Fendler e mant\u00e9m o n\u00facleo da narrativa: um menino perdido, a luta pela sobreviv\u00eancia e o impacto emocional do reencontro.<\/p>\n<h3>Fatos reais vs. dramatiza\u00e7\u00e3o no filme<\/h3>\n<p>No entanto, o filme toma algumas <b>liberdades criativas<\/b> para ampliar o drama e prender a aten\u00e7\u00e3o do espectador. Entre as principais diferen\u00e7as, est\u00e3o:<\/p>\n<ul>\n<li>A personalidade do protagonista \u00e9 mais introspectiva, com momentos de reflex\u00e3o e sil\u00eancio interno;<\/li>\n<li>A trilha sonora e a dire\u00e7\u00e3o de arte acentuam a tens\u00e3o e a solid\u00e3o da jornada;<\/li>\n<li>O ritmo dos acontecimentos foi adaptado para se encaixar melhor na estrutura cinematogr\u00e1fica, condensando alguns eventos reais;<\/li>\n<li>O filme inclui trechos em estilo documental (como trechos de r\u00e1dio ou entrevistas) que, segundo algumas cr\u00edticas, diminuem um pouco o valor est\u00e9tico da produ\u00e7\u00e3o, mas refor\u00e7am a autenticidade da hist\u00f3ria.<\/li>\n<\/ul>\n<p>Esses ajustes n\u00e3o tiram a for\u00e7a da hist\u00f3ria \u2014 pelo contr\u00e1rio, ajudam a transmitir com mais intensidade os sentimentos vividos por Donn.<\/p>\n<h2><i>Perdido na Montanha<\/i> tem atores de <i>The Sinner<\/i> e <i>Succession<\/i><\/h2>\n<p><i>Perdido na Montanha<\/i> \u00e9 um filme americano de 2024 com 1h38min de dura\u00e7\u00e3o. Foi dirigido por <b>Andrew Boodhoo Kightlinger<\/b> e traz no elenco nomes como:<\/p>\n<ul>\n<li><b>Luke David Blumm<\/b> (<i>The Sinner<\/i>, <i>Herdeiro<\/i>) no papel de Donn Fendler Jr.<\/li>\n<li><b>Paul Sparks<\/b> (<i>House of Cards<\/i>, <i>The Night Of<\/i>)<\/li>\n<li><b>Caitlin Fitzgerald<\/b> (<i>Inventando Anna<\/i>, <i>Succession<\/i>, <a href=\"https:\/\/www.filmelier.com\/br\/filmes\/11785\/os-7-de-chicago\"><i>Os 7 de Chicago<\/i><\/a>)<\/li>\n<\/ul>\n<figure id=\"attachment_55468\" aria-describedby=\"caption-attachment-55468\" style=\"width: 1456px\" class=\"wp-caption alignnone\"><img decoding=\"async\" class=\"size-full wp-image-55468\" src=\"https:\/\/news.filmelier.com\/wp-content\/uploads\/2025\/07\/perdido-na-montanha-filme-elenco.webp\" alt=\"Paul Sparks e Luke David Blumm interpretam pai e filho em Perdido na Montanha, filme baseado em hist\u00f3ria real que chegou ao topo da Netflix \" width=\"1456\" height=\"819\" srcset=\"https:\/\/news.filmelier.com\/wp-content\/uploads\/2025\/07\/perdido-na-montanha-filme-elenco.webp 1456w, https:\/\/news.filmelier.com\/wp-content\/uploads\/2025\/07\/perdido-na-montanha-filme-elenco-300x169.webp 300w, https:\/\/news.filmelier.com\/wp-content\/uploads\/2025\/07\/perdido-na-montanha-filme-elenco-1024x576.webp 1024w, https:\/\/news.filmelier.com\/wp-content\/uploads\/2025\/07\/perdido-na-montanha-filme-elenco-768x432.webp 768w, https:\/\/news.filmelier.com\/wp-content\/uploads\/2025\/07\/perdido-na-montanha-filme-elenco-150x84.webp 150w\" sizes=\"(max-width: 1456px) 100vw, 1456px\" \/><figcaption id=\"caption-attachment-55468\" class=\"wp-caption-text\"><em>Paul Sparks e Luke David Blumm interpretam pai e filho em Perdido na Montanha (Cr\u00e9ditos: Sof\u00e1 Digital)<\/em><\/figcaption><\/figure>\n<h3>Filme da Netflix \u00e9 produzido por ningu\u00e9m menos que Sylvester Stallone<\/h3>\n<p>A produ\u00e7\u00e3o tem o selo de <b>Sylvester Stallone como produtor executivo<\/b> e foi licenciada pela <b>Angel Studios<\/b> nos Estados Unidos. Esse fato refor\u00e7a sua proposta de <b>filme familiar com mensagem positiva<\/b>, aprovado por comunidades crist\u00e3s.<\/p>\n<p>Al\u00e9m de mostrar a jornada do garoto perdido, o filme tamb\u00e9m explora a <b>rela\u00e7\u00e3o complexa entre pai e filho<\/b>, marcada por uma cria\u00e7\u00e3o r\u00edgida e um processo de reconex\u00e3o emocional durante e ap\u00f3s o desaparecimento.<\/p>\n<ul>\n<li><strong>Confira: <a href=\"https:\/\/news.filmelier.com\/br\/critica-o-rei-dos-reis-2025-filme-biblico-animacao\/\"><em>O Rei dos Reis<\/em> &#8211; anima\u00e7\u00e3o b\u00edblica infantil emociona ao recontar a vida de Jesus com delicadeza e sem viol\u00eancia<\/a><\/strong><\/li>\n<\/ul>\n<h2>Por que <i>Perdido na Montanha<\/i> emociona tanto?<\/h2>\n<p>Especialmente em um momento em que o mundo testemunhou o resgate (tardio) de Juliana Marins na Indon\u00e9sia, <em>Perdido na Montanha<\/em> emociona. O\u00a0impacto do filme vem da <b>combina\u00e7\u00e3o entre realismo e sensibilidade<\/b>. A narrativa nos aproxima de uma crian\u00e7a comum colocada em uma situa\u00e7\u00e3o extrema, despertando empatia e admira\u00e7\u00e3o.<\/p>\n<p>Al\u00e9m disso, a hist\u00f3ria destaca:<\/p>\n<ul>\n<li>A f\u00e9 de Donn, que foi fundamental para manter sua esperan\u00e7a viva;<\/li>\n<li>O conhecimento b\u00e1sico de escotismo, que ajudou na sobreviv\u00eancia;<\/li>\n<li>O esfor\u00e7o coletivo de centenas de pessoas que participaram das buscas;<\/li>\n<li>Os aprendizados que emergem da dor \u2014 tanto para o garoto quanto para seu pai.<\/li>\n<\/ul>\n<p>\u00c9 um lembrete de que, mesmo diante de obst\u00e1culos aparentemente imposs\u00edveis, o ser humano \u2014 at\u00e9 mesmo uma crian\u00e7a \u2014 \u00e9 capaz de resistir e vencer.<\/p>\n<ul>\n<li><strong>Pode te interessar: <a href=\"https:\/\/www.filmelier.com\/br\/list\/filmes-para-quem-gostou-de-som-da-liberdade\">Filmes para quem gostou de <em>Som da Liberdade<\/em><\/a><\/strong><\/li>\n<\/ul>\n<h2>Vale a pena assistir?<\/h2>\n<p>Sem d\u00favida. <i>Perdido na Montanha<\/i> n\u00e3o \u00e9 apenas um filme de aventura. \u00c9 uma hist\u00f3ria real que mistura <b>drama familiar, aventura de sobreviv\u00eancia real<\/b> e uma mensagem emocional. A presen\u00e7a de Sylvester Stallone como produtor e a inspira\u00e7\u00e3o em acontecimentos ver\u00eddicos elevam o filme a um diferencial editorial.<\/p>\n<p>Se voc\u00ea ainda n\u00e3o assistiu, prepare-se para se emocionar. E se j\u00e1 viu, agora conhece a verdadeira hist\u00f3ria por tr\u00e1s do menino que enfrentou a floresta sozinho \u2014 e venceu.<\/p>\n<h3>Onde assistir a <em>Perdido na Montanha<\/em>?<\/h3>\n<p><em>Perdido na Montanha<\/em> est\u00e1 dispon\u00edvel no cat\u00e1logo da Netflix, onde rapidamente se tornou um dos filmes mais assistidos na Am\u00e9rica Latina e no Brasil.<\/p>\n","protected":false},"excerpt":{"rendered":"<p>Descubra a verdadeira hist\u00f3ria de Donn Fendler, garoto que inspirou o filme Perdido na Montanha. Veja o que \u00e9 real e o que mudou no filme do top 10 Netflix<\/p>\n","protected":false},"author":11,"featured_media":55474,"comment_status":"open","ping_status":"open","sticky":false,"template":"","format":"standard","meta":{"_acf_changed":false,"footnotes":""},"categories":[3482],"tags":[8134,8129,4941,8130,8132,3678,8133,8128,5629,8131],"class_list":["post-55466","post","type-post","status-publish","format-standard","has-post-thumbnail","hentry","category-filmes-br","tag-caitlin-fitzgerald","tag-donn-fendler","tag-filme-netflix-br","tag-lost-on-a-mountain-in-maine","tag-luke-david-blumm","tag-netflix-br","tag-paul-sparks","tag-perdido-na-montanha","tag-top-10-br","tag-top-10-netflix"],"acf":{"subtitulo":"Descubra a verdadeira hist\u00f3ria de Donn Fendler, garoto que inspirou o filme Perdido na Montanha. Veja o que \u00e9 real e o que mudou no filme do top 10 Netflix","id_ator":""},"yoast_head":"<!-- This site is optimized with the Yoast SEO plugin v26.1.1 - https:\/\/yoast.com\/wordpress\/plugins\/seo\/ -->\n<title>Perdido na Montanha \u00e9 hist\u00f3ria real? Conhe\u00e7a Donn Fendler, o menino que sobreviveu 9 dias perdido<\/title>\n<meta name=\"description\" content=\"Descubra a verdadeira hist\u00f3ria de Donn Fendler, garoto que inspirou o filme Perdido na Montanha. Veja o que \u00e9 real e o que mudou no filme do top 10 Netflix\" \/>\n<meta name=\"robots\" content=\"index, follow, max-snippet:-1, max-image-preview:large, max-video-preview:-1\" \/>\n<link rel=\"canonical\" href=\"https:\/\/news.filmelier.com\/br\/perdido-na-montanha-historia-real-donn-fendler\/\" \/>\n<meta property=\"og:locale\" content=\"pt_BR\" \/>\n<meta property=\"og:type\" content=\"article\" \/>\n<meta property=\"og:title\" content=\"Perdido na Montanha \u00e9 hist\u00f3ria real? Conhe\u00e7a Donn Fendler, o menino que sobreviveu 9 dias perdido\" \/>\n<meta property=\"og:description\" content=\"Descubra a verdadeira hist\u00f3ria de Donn Fendler, garoto que inspirou o filme Perdido na Montanha. Veja o que \u00e9 real e o que mudou no filme do top 10 Netflix\" \/>\n<meta property=\"og:url\" content=\"https:\/\/news.filmelier.com\/br\/perdido-na-montanha-historia-real-donn-fendler\/\" \/>\n<meta property=\"og:site_name\" content=\"News Filmelier\" \/>\n<meta property=\"article:published_time\" content=\"2025-07-22T21:42:02+00:00\" \/>\n<meta property=\"article:modified_time\" content=\"2025-07-23T22:34:52+00:00\" \/>\n<meta property=\"og:image\" content=\"https:\/\/homolog.news.filmelier.com\/wp-content\/uploads\/2025\/07\/perdido-na-montanha-filme-netflix.webp\" \/>\n\t<meta property=\"og:image:width\" content=\"1280\" \/>\n\t<meta property=\"og:image:height\" content=\"720\" \/>\n\t<meta property=\"og:image:type\" content=\"image\/webp\" \/>\n<meta name=\"author\" content=\"Vit\u00f3ria Pratini\" \/>\n<meta name=\"twitter:card\" content=\"summary_large_image\" \/>\n<meta name=\"twitter:label1\" content=\"Escrito por\" \/>\n\t<meta name=\"twitter:data1\" content=\"Vit\u00f3ria Pratini\" \/>\n\t<meta name=\"twitter:label2\" content=\"Est. tempo de leitura\" \/>\n\t<meta name=\"twitter:data2\" content=\"6 minutos\" \/>\n<script type=\"application\/ld+json\" class=\"yoast-schema-graph\">{\"@context\":\"https:\/\/schema.org\",\"@graph\":[{\"@type\":\"Article\",\"@id\":\"https:\/\/news.filmelier.com\/br\/perdido-na-montanha-historia-real-donn-fendler\/#article\",\"isPartOf\":{\"@id\":\"https:\/\/news.filmelier.com\/br\/perdido-na-montanha-historia-real-donn-fendler\/\"},\"author\":{\"name\":\"Vit\u00f3ria Pratini\",\"@id\":\"https:\/\/homolog.news.filmelier.com\/br\/#\/schema\/person\/b6689fa913d8b849cd7549503e6521cc\"},\"headline\":\"&#8216;Perdido na Montanha&#8217; \u00e9 baseado em hist\u00f3ria real? Conhe\u00e7a Donn Fendler, o menino que sobreviveu 9 dias perdido na floresta\",\"datePublished\":\"2025-07-22T21:42:02+00:00\",\"dateModified\":\"2025-07-23T22:34:52+00:00\",\"mainEntityOfPage\":{\"@id\":\"https:\/\/news.filmelier.com\/br\/perdido-na-montanha-historia-real-donn-fendler\/\"},\"wordCount\":1168,\"commentCount\":0,\"publisher\":{\"@id\":\"https:\/\/homolog.news.filmelier.com\/br\/#organization\"},\"image\":{\"@id\":\"https:\/\/news.filmelier.com\/br\/perdido-na-montanha-historia-real-donn-fendler\/#primaryimage\"},\"thumbnailUrl\":\"https:\/\/news.filmelier.com\/wp-content\/uploads\/2025\/07\/perdido-na-montanha-filme-netflix.webp\",\"keywords\":[\"Caitlin Fitzgerald\",\"Donn Fendler\",\"filme netflix\",\"Lost on a Mountain in Maine\",\"Luke David Blumm\",\"netflix\",\"Paul Sparks\",\"Perdido na Montanha\",\"Top 10\",\"top 10 netflix\"],\"articleSection\":[\"Filmes\"],\"inLanguage\":\"pt-BR\",\"potentialAction\":[{\"@type\":\"CommentAction\",\"name\":\"Comment\",\"target\":[\"https:\/\/news.filmelier.com\/br\/perdido-na-montanha-historia-real-donn-fendler\/#respond\"]}]},{\"@type\":\"WebPage\",\"@id\":\"https:\/\/news.filmelier.com\/br\/perdido-na-montanha-historia-real-donn-fendler\/\",\"url\":\"https:\/\/news.filmelier.com\/br\/perdido-na-montanha-historia-real-donn-fendler\/\",\"name\":\"Perdido na Montanha \u00e9 hist\u00f3ria real? Conhe\u00e7a Donn Fendler, o menino que sobreviveu 9 dias perdido\",\"isPartOf\":{\"@id\":\"https:\/\/homolog.news.filmelier.com\/br\/#website\"},\"primaryImageOfPage\":{\"@id\":\"https:\/\/news.filmelier.com\/br\/perdido-na-montanha-historia-real-donn-fendler\/#primaryimage\"},\"image\":{\"@id\":\"https:\/\/news.filmelier.com\/br\/perdido-na-montanha-historia-real-donn-fendler\/#primaryimage\"},\"thumbnailUrl\":\"https:\/\/news.filmelier.com\/wp-content\/uploads\/2025\/07\/perdido-na-montanha-filme-netflix.webp\",\"datePublished\":\"2025-07-22T21:42:02+00:00\",\"dateModified\":\"2025-07-23T22:34:52+00:00\",\"description\":\"Descubra a verdadeira hist\u00f3ria de Donn Fendler, garoto que inspirou o filme Perdido na Montanha. Veja o que \u00e9 real e o que mudou no filme do top 10 Netflix\",\"breadcrumb\":{\"@id\":\"https:\/\/news.filmelier.com\/br\/perdido-na-montanha-historia-real-donn-fendler\/#breadcrumb\"},\"inLanguage\":\"pt-BR\",\"potentialAction\":[{\"@type\":\"ReadAction\",\"target\":[\"https:\/\/news.filmelier.com\/br\/perdido-na-montanha-historia-real-donn-fendler\/\"]}]},{\"@type\":\"ImageObject\",\"inLanguage\":\"pt-BR\",\"@id\":\"https:\/\/news.filmelier.com\/br\/perdido-na-montanha-historia-real-donn-fendler\/#primaryimage\",\"url\":\"https:\/\/news.filmelier.com\/wp-content\/uploads\/2025\/07\/perdido-na-montanha-filme-netflix.webp\",\"contentUrl\":\"https:\/\/news.filmelier.com\/wp-content\/uploads\/2025\/07\/perdido-na-montanha-filme-netflix.webp\",\"width\":1280,\"height\":720,\"caption\":\"Cena do filme Perdido na Montanha, que acompanha a jornada solit\u00e1ria de Donn na natureza selvagem dos EUA (Cr\u00e9ditos: Sof\u00e1 Digital)\"},{\"@type\":\"BreadcrumbList\",\"@id\":\"https:\/\/news.filmelier.com\/br\/perdido-na-montanha-historia-real-donn-fendler\/#breadcrumb\",\"itemListElement\":[{\"@type\":\"ListItem\",\"position\":1,\"name\":\"In\u00edcio\",\"item\":\"https:\/\/homolog.news.filmelier.com\/br\/\"},{\"@type\":\"ListItem\",\"position\":2,\"name\":\"&#8216;Perdido na Montanha&#8217; \u00e9 baseado em hist\u00f3ria real? Conhe\u00e7a Donn Fendler, o menino que sobreviveu 9 dias perdido na floresta\"}]},{\"@type\":\"WebSite\",\"@id\":\"https:\/\/homolog.news.filmelier.com\/br\/#website\",\"url\":\"https:\/\/homolog.news.filmelier.com\/br\/\",\"name\":\"Homolog Filmelier News Rankrup\",\"description\":\"\",\"publisher\":{\"@id\":\"https:\/\/homolog.news.filmelier.com\/br\/#organization\"},\"potentialAction\":[{\"@type\":\"SearchAction\",\"target\":{\"@type\":\"EntryPoint\",\"urlTemplate\":\"https:\/\/homolog.news.filmelier.com\/br\/?s={search_term_string}\"},\"query-input\":{\"@type\":\"PropertyValueSpecification\",\"valueRequired\":true,\"valueName\":\"search_term_string\"}}],\"inLanguage\":\"pt-BR\"},{\"@type\":\"Organization\",\"@id\":\"https:\/\/homolog.news.filmelier.com\/br\/#organization\",\"name\":\"Homolog Filmelier News Rankrup\",\"url\":\"https:\/\/homolog.news.filmelier.com\/br\/\",\"logo\":{\"@type\":\"ImageObject\",\"inLanguage\":\"pt-BR\",\"@id\":\"https:\/\/homolog.news.filmelier.com\/br\/#\/schema\/logo\/image\/\",\"url\":\"https:\/\/news.filmelier.com\/wp-content\/uploads\/2024\/11\/Logo-News.png\",\"contentUrl\":\"https:\/\/news.filmelier.com\/wp-content\/uploads\/2024\/11\/Logo-News.png\",\"width\":460,\"height\":108,\"caption\":\"Homolog Filmelier News Rankrup\"},\"image\":{\"@id\":\"https:\/\/homolog.news.filmelier.com\/br\/#\/schema\/logo\/image\/\"}},{\"@type\":\"Person\",\"@id\":\"https:\/\/homolog.news.filmelier.com\/br\/#\/schema\/person\/b6689fa913d8b849cd7549503e6521cc\",\"name\":\"Vit\u00f3ria Pratini\",\"image\":{\"@type\":\"ImageObject\",\"inLanguage\":\"pt-BR\",\"@id\":\"https:\/\/homolog.news.filmelier.com\/br\/#\/schema\/person\/image\/\",\"url\":\"https:\/\/secure.gravatar.com\/avatar\/93bc09f1ea8059e7f68ceebd457a04e75befce531605be9c8ad31127fed28a0d?s=96&d=mm&r=g\",\"contentUrl\":\"https:\/\/secure.gravatar.com\/avatar\/93bc09f1ea8059e7f68ceebd457a04e75befce531605be9c8ad31127fed28a0d?s=96&d=mm&r=g\",\"caption\":\"Vit\u00f3ria Pratini\"},\"description\":\"A critic and journalist specializing in films, series and pop culture since 2013, Vit\u00f3ria Pratini has had her articles published in AdoroCinema, IGN Brasil, Terra and MSN. During her career, she has covered audiovisual events, such as San Diego Comic-Con, CCXP, Festival do Rio and Pr\u00eamio Grande Otelo. She has served on festival juries and interviewed names such as Helen Mirren, Fernanda Torres, Gilberto Gil, Jude Law and Bryan Cranston. An SEO specialist, Vit\u00f3ria is currently a content strategist and reporter for Filmelier.\",\"sameAs\":[\"https:\/\/www.filmelier.com\/br\/autor\/vitoria-pratini\",\"https:\/\/www.instagram.com\/vitoriapratini\/\"],\"url\":\"https:\/\/news.filmelier.com\/br\/author\/vitoria-pratini\/\"}]}<\/script>\n<!-- \/ Yoast SEO plugin. -->","yoast_head_json":{"title":"Perdido na Montanha \u00e9 hist\u00f3ria real? Conhe\u00e7a Donn Fendler, o menino que sobreviveu 9 dias perdido","description":"Descubra a verdadeira hist\u00f3ria de Donn Fendler, garoto que inspirou o filme Perdido na Montanha. Veja o que \u00e9 real e o que mudou no filme do top 10 Netflix","robots":{"index":"index","follow":"follow","max-snippet":"max-snippet:-1","max-image-preview":"max-image-preview:large","max-video-preview":"max-video-preview:-1"},"canonical":"https:\/\/news.filmelier.com\/br\/perdido-na-montanha-historia-real-donn-fendler\/","og_locale":"pt_BR","og_type":"article","og_title":"Perdido na Montanha \u00e9 hist\u00f3ria real? Conhe\u00e7a Donn Fendler, o menino que sobreviveu 9 dias perdido","og_description":"Descubra a verdadeira hist\u00f3ria de Donn Fendler, garoto que inspirou o filme Perdido na Montanha. Veja o que \u00e9 real e o que mudou no filme do top 10 Netflix","og_url":"https:\/\/news.filmelier.com\/br\/perdido-na-montanha-historia-real-donn-fendler\/","og_site_name":"News Filmelier","article_published_time":"2025-07-22T21:42:02+00:00","article_modified_time":"2025-07-23T22:34:52+00:00","og_image":[{"width":1280,"height":720,"url":"https:\/\/homolog.news.filmelier.com\/wp-content\/uploads\/2025\/07\/perdido-na-montanha-filme-netflix.webp","type":"image\/webp"}],"author":"Vit\u00f3ria Pratini","twitter_card":"summary_large_image","twitter_misc":{"Escrito por":"Vit\u00f3ria Pratini","Est. tempo de leitura":"6 minutos"},"schema":{"@context":"https:\/\/schema.org","@graph":[{"@type":"Article","@id":"https:\/\/news.filmelier.com\/br\/perdido-na-montanha-historia-real-donn-fendler\/#article","isPartOf":{"@id":"https:\/\/news.filmelier.com\/br\/perdido-na-montanha-historia-real-donn-fendler\/"},"author":{"name":"Vit\u00f3ria Pratini","@id":"https:\/\/homolog.news.filmelier.com\/br\/#\/schema\/person\/b6689fa913d8b849cd7549503e6521cc"},"headline":"&#8216;Perdido na Montanha&#8217; \u00e9 baseado em hist\u00f3ria real? Conhe\u00e7a Donn Fendler, o menino que sobreviveu 9 dias perdido na floresta","datePublished":"2025-07-22T21:42:02+00:00","dateModified":"2025-07-23T22:34:52+00:00","mainEntityOfPage":{"@id":"https:\/\/news.filmelier.com\/br\/perdido-na-montanha-historia-real-donn-fendler\/"},"wordCount":1168,"commentCount":0,"publisher":{"@id":"https:\/\/homolog.news.filmelier.com\/br\/#organization"},"image":{"@id":"https:\/\/news.filmelier.com\/br\/perdido-na-montanha-historia-real-donn-fendler\/#primaryimage"},"thumbnailUrl":"https:\/\/news.filmelier.com\/wp-content\/uploads\/2025\/07\/perdido-na-montanha-filme-netflix.webp","keywords":["Caitlin Fitzgerald","Donn Fendler","filme netflix","Lost on a Mountain in Maine","Luke David Blumm","netflix","Paul Sparks","Perdido na Montanha","Top 10","top 10 netflix"],"articleSection":["Filmes"],"inLanguage":"pt-BR","potentialAction":[{"@type":"CommentAction","name":"Comment","target":["https:\/\/news.filmelier.com\/br\/perdido-na-montanha-historia-real-donn-fendler\/#respond"]}]},{"@type":"WebPage","@id":"https:\/\/news.filmelier.com\/br\/perdido-na-montanha-historia-real-donn-fendler\/","url":"https:\/\/news.filmelier.com\/br\/perdido-na-montanha-historia-real-donn-fendler\/","name":"Perdido na Montanha \u00e9 hist\u00f3ria real? Conhe\u00e7a Donn Fendler, o menino que sobreviveu 9 dias perdido","isPartOf":{"@id":"https:\/\/homolog.news.filmelier.com\/br\/#website"},"primaryImageOfPage":{"@id":"https:\/\/news.filmelier.com\/br\/perdido-na-montanha-historia-real-donn-fendler\/#primaryimage"},"image":{"@id":"https:\/\/news.filmelier.com\/br\/perdido-na-montanha-historia-real-donn-fendler\/#primaryimage"},"thumbnailUrl":"https:\/\/news.filmelier.com\/wp-content\/uploads\/2025\/07\/perdido-na-montanha-filme-netflix.webp","datePublished":"2025-07-22T21:42:02+00:00","dateModified":"2025-07-23T22:34:52+00:00","description":"Descubra a verdadeira hist\u00f3ria de Donn Fendler, garoto que inspirou o filme Perdido na Montanha. Veja o que \u00e9 real e o que mudou no filme do top 10 Netflix","breadcrumb":{"@id":"https:\/\/news.filmelier.com\/br\/perdido-na-montanha-historia-real-donn-fendler\/#breadcrumb"},"inLanguage":"pt-BR","potentialAction":[{"@type":"ReadAction","target":["https:\/\/news.filmelier.com\/br\/perdido-na-montanha-historia-real-donn-fendler\/"]}]},{"@type":"ImageObject","inLanguage":"pt-BR","@id":"https:\/\/news.filmelier.com\/br\/perdido-na-montanha-historia-real-donn-fendler\/#primaryimage","url":"https:\/\/news.filmelier.com\/wp-content\/uploads\/2025\/07\/perdido-na-montanha-filme-netflix.webp","contentUrl":"https:\/\/news.filmelier.com\/wp-content\/uploads\/2025\/07\/perdido-na-montanha-filme-netflix.webp","width":1280,"height":720,"caption":"Cena do filme Perdido na Montanha, que acompanha a jornada solit\u00e1ria de Donn na natureza selvagem dos EUA (Cr\u00e9ditos: Sof\u00e1 Digital)"},{"@type":"BreadcrumbList","@id":"https:\/\/news.filmelier.com\/br\/perdido-na-montanha-historia-real-donn-fendler\/#breadcrumb","itemListElement":[{"@type":"ListItem","position":1,"name":"In\u00edcio","item":"https:\/\/homolog.news.filmelier.com\/br\/"},{"@type":"ListItem","position":2,"name":"&#8216;Perdido na Montanha&#8217; \u00e9 baseado em hist\u00f3ria real? Conhe\u00e7a Donn Fendler, o menino que sobreviveu 9 dias perdido na floresta"}]},{"@type":"WebSite","@id":"https:\/\/homolog.news.filmelier.com\/br\/#website","url":"https:\/\/homolog.news.filmelier.com\/br\/","name":"Homolog Filmelier News Rankrup","description":"","publisher":{"@id":"https:\/\/homolog.news.filmelier.com\/br\/#organization"},"potentialAction":[{"@type":"SearchAction","target":{"@type":"EntryPoint","urlTemplate":"https:\/\/homolog.news.filmelier.com\/br\/?s={search_term_string}"},"query-input":{"@type":"PropertyValueSpecification","valueRequired":true,"valueName":"search_term_string"}}],"inLanguage":"pt-BR"},{"@type":"Organization","@id":"https:\/\/homolog.news.filmelier.com\/br\/#organization","name":"Homolog Filmelier News Rankrup","url":"https:\/\/homolog.news.filmelier.com\/br\/","logo":{"@type":"ImageObject","inLanguage":"pt-BR","@id":"https:\/\/homolog.news.filmelier.com\/br\/#\/schema\/logo\/image\/","url":"https:\/\/news.filmelier.com\/wp-content\/uploads\/2024\/11\/Logo-News.png","contentUrl":"https:\/\/news.filmelier.com\/wp-content\/uploads\/2024\/11\/Logo-News.png","width":460,"height":108,"caption":"Homolog Filmelier News Rankrup"},"image":{"@id":"https:\/\/homolog.news.filmelier.com\/br\/#\/schema\/logo\/image\/"}},{"@type":"Person","@id":"https:\/\/homolog.news.filmelier.com\/br\/#\/schema\/person\/b6689fa913d8b849cd7549503e6521cc","name":"Vit\u00f3ria Pratini","image":{"@type":"ImageObject","inLanguage":"pt-BR","@id":"https:\/\/homolog.news.filmelier.com\/br\/#\/schema\/person\/image\/","url":"https:\/\/secure.gravatar.com\/avatar\/93bc09f1ea8059e7f68ceebd457a04e75befce531605be9c8ad31127fed28a0d?s=96&d=mm&r=g","contentUrl":"https:\/\/secure.gravatar.com\/avatar\/93bc09f1ea8059e7f68ceebd457a04e75befce531605be9c8ad31127fed28a0d?s=96&d=mm&r=g","caption":"Vit\u00f3ria Pratini"},"description":"A critic and journalist specializing in films, series and pop culture since 2013, Vit\u00f3ria Pratini has had her articles published in AdoroCinema, IGN Brasil, Terra and MSN. During her career, she has covered audiovisual events, such as San Diego Comic-Con, CCXP, Festival do Rio and Pr\u00eamio Grande Otelo. She has served on festival juries and interviewed names such as Helen Mirren, Fernanda Torres, Gilberto Gil, Jude Law and Bryan Cranston. An SEO specialist, Vit\u00f3ria is currently a content strategist and reporter for Filmelier.","sameAs":["https:\/\/www.filmelier.com\/br\/autor\/vitoria-pratini","https:\/\/www.instagram.com\/vitoriapratini\/"],"url":"https:\/\/news.filmelier.com\/br\/author\/vitoria-pratini\/"}]}},"_links":{"self":[{"href":"https:\/\/news.filmelier.com\/br\/wp-json\/wp\/v2\/posts\/55466","targetHints":{"allow":["GET"]}}],"collection":[{"href":"https:\/\/news.filmelier.com\/br\/wp-json\/wp\/v2\/posts"}],"about":[{"href":"https:\/\/news.filmelier.com\/br\/wp-json\/wp\/v2\/types\/post"}],"author":[{"embeddable":true,"href":"https:\/\/news.filmelier.com\/br\/wp-json\/wp\/v2\/users\/11"}],"replies":[{"embeddable":true,"href":"https:\/\/news.filmelier.com\/br\/wp-json\/wp\/v2\/comments?post=55466"}],"version-history":[{"count":5,"href":"https:\/\/news.filmelier.com\/br\/wp-json\/wp\/v2\/posts\/55466\/revisions"}],"predecessor-version":[{"id":55531,"href":"https:\/\/news.filmelier.com\/br\/wp-json\/wp\/v2\/posts\/55466\/revisions\/55531"}],"wp:featuredmedia":[{"embeddable":true,"href":"https:\/\/news.filmelier.com\/br\/wp-json\/wp\/v2\/media\/55474"}],"wp:attachment":[{"href":"https:\/\/news.filmelier.com\/br\/wp-json\/wp\/v2\/media?parent=55466"}],"wp:term":[{"taxonomy":"category","embeddable":true,"href":"https:\/\/news.filmelier.com\/br\/wp-json\/wp\/v2\/categories?post=55466"},{"taxonomy":"post_tag","embeddable":true,"href":"https:\/\/news.filmelier.com\/br\/wp-json\/wp\/v2\/tags?post=55466"}],"curies":[{"name":"wp","href":"https:\/\/api.w.org\/{rel}","templated":true}]}}