{"id":55457,"date":"2025-07-22T14:39:24","date_gmt":"2025-07-22T17:39:24","guid":{"rendered":"https:\/\/news.filmelier.com\/?p=55457"},"modified":"2025-07-22T14:39:24","modified_gmt":"2025-07-22T17:39:24","slug":"quarteto-fantastico-cenas-pos-credito","status":"publish","type":"post","link":"https:\/\/news.filmelier.com\/br\/quarteto-fantastico-cenas-pos-credito\/","title":{"rendered":"&#8216;Quarteto Fant\u00e1stico: Primeiros Passos&#8217;: Quais s\u00e3o as cenas p\u00f3s-cr\u00e9dito do filme"},"content":{"rendered":"<p>O <a href=\"https:\/\/www.filmelier.com\/br\/filmes\/28578\/quarteto-fantastico-primeiros-passos\"><strong>novo filme do Quarteto Fant\u00e1stico<\/strong><\/a>, que marca o retorno da Primeira Fam\u00edlia da Marvel aos cinemas sob o comando da Marvel Studios, finalmente chegou aos cinemas nesta quinta-feira, 24. E, claro, muitos f\u00e3s querem saber: h\u00e1 <strong>cenas p\u00f3s-cr\u00e9dito depois do fim da hist\u00f3ria<\/strong>?<\/p>\n<ul>\n<li><strong>Leia tamb\u00e9m:\u00a0<a href=\"https:\/\/news.filmelier.com\/br\/em-busca-do-ouro-4k-restaurado-centenario\/\">Charlie Chaplin: \u2018Em Busca do Ouro\u2019 ganha relan\u00e7amento restaurado no centen\u00e1rio, e o vigor do cl\u00e1ssico na era IA<\/a><\/strong><\/li>\n<\/ul>\n<p>A <strong>resposta \u00e9 sim<\/strong>. A produ\u00e7\u00e3o conta com duas cenas p\u00f3s-cr\u00e9dito que devem deixar o p\u00fablico empolgado para os pr\u00f3ximos cap\u00edtulos do MCU.<\/p>\n<figure id=\"attachment_55448\" aria-describedby=\"caption-attachment-55448\" style=\"width: 1006px\" class=\"wp-caption alignnone\"><img fetchpriority=\"high\" decoding=\"async\" class=\" wp-image-55448\" src=\"https:\/\/news.filmelier.com\/wp-content\/uploads\/2025\/07\/quarteto2-editado-300x170.webp\" alt=\"Pedro Pascal n\u00e3o acha o tom de Reed Richards em 'Quarteto Fant\u00e1stico: Primeiros Passos' (Cr\u00e9dito: Marvel Studios)\" width=\"1006\" height=\"570\" srcset=\"https:\/\/news.filmelier.com\/wp-content\/uploads\/2025\/07\/quarteto2-editado-300x170.webp 300w, https:\/\/news.filmelier.com\/wp-content\/uploads\/2025\/07\/quarteto2-editado-768x436.webp 768w, https:\/\/news.filmelier.com\/wp-content\/uploads\/2025\/07\/quarteto2-editado-150x85.webp 150w, https:\/\/news.filmelier.com\/wp-content\/uploads\/2025\/07\/quarteto2-editado.webp 800w\" sizes=\"(max-width: 1006px) 100vw, 1006px\" \/><figcaption id=\"caption-attachment-55448\" class=\"wp-caption-text\"><em>Pedro Pascal \u00e9 Reed Richards em &#8216;Quarteto Fant\u00e1stico: Primeiros Passos&#8217; (Cr\u00e9dito: Marvel Studios)<\/em><\/figcaption><\/figure>\n<h2>Tudo sobre as cenas p\u00f3s-cr\u00e9dito de\u00a0<em>Quarteto Fant\u00e1stico: Primeiros Passos<\/em><\/h2>\n<p>A <strong>primeira cena<\/strong> apresenta um momento tenso e revelador: Sue Storm deixa seu filho Franklin na sala e, quando retorna, encontra a crian\u00e7a nas m\u00e3os do temido Doutor Destino. A sequ\u00eancia \u00e9 constru\u00edda de forma misteriosa, sem revelar o rosto do ic\u00f4nico vil\u00e3o da Marvel &#8212; que, como j\u00e1 foi revelado, ser\u00e1 interpretado por Robert Downey Jr., que retorna ao MCU em um papel completamente diferente do Tony Stark\/Homem de Ferro.<\/p>\n<p>A <strong>segunda cena<\/strong> segue um tom mais nost\u00e1lgico e divertido: uma televis\u00e3o exibe cenas do desenho animado cl\u00e1ssico do Quarteto Fant\u00e1stico, criando uma conex\u00e3o emocional com os f\u00e3s de longa data dos personagens e celebrando a rica hist\u00f3ria dos her\u00f3is na cultura pop.<\/p>\n<p><iframe title=\"Quarteto Fant\u00e1stico | Trailer Oficial 2 Legendado\" width=\"800\" height=\"450\" src=\"https:\/\/www.youtube.com\/embed\/tclOnt7Cu9k?feature=oembed\" frameborder=\"0\" allow=\"accelerometer; autoplay; clipboard-write; encrypted-media; gyroscope; picture-in-picture; web-share\" referrerpolicy=\"strict-origin-when-cross-origin\" allowfullscreen><\/iframe><\/p>\n<h2>Tudo sobre <em>Quarteto Fant\u00e1stico: Primeiros Passos<\/em><\/h2>\n<p>Dirigido por Matt Shakman, <em>Quarteto Fant\u00e1stico: Primeiros Passos<\/em> marca o primeiro filme da Marvel Studios. Ele \u00e9 ambientado inteiramente em uma realidade alternativa, com uma abordagem que mistura fic\u00e7\u00e3o cient\u00edfica, drama familiar e aventura c\u00f3smica.<\/p>\n<p>Aqui, Reed, Sue, Johnny e Ben s\u00e3o apresentados como her\u00f3is que equilibram seus poderes com desafios da vida em grupo. A proposta \u00e9 resgatar a ess\u00eancia dos quadrinhos originais de Stan Lee e Jack Kirby. Para isso, apresenta os personagens em um universo retr\u00f4-futurista que permite maior liberdade criativa.<\/p>\n<p>No papel principal, Pedro Pascal assume o manto do Sr. Fant\u00e1stico, enquanto Vanessa Kirby vive a poderosa Mulher Invis\u00edvel. O elenco traz ainda Joseph Quinn como o Tocha Humana e Ebon Moss-Bachrach como o Coisa. Al\u00e9m disso, Julia Garner como uma vers\u00e3o feminina da Surfista Prateada e Ralph Ineson no papel do tem\u00edvel Galactus.<\/p>\n","protected":false},"excerpt":{"rendered":"<p>Uma das estreias mais aguardadas de 2025, &#8216;Quarteto Fant\u00e1stico: Primeiros Passos&#8217; conta com duas cenas p\u00f3s-cr\u00e9dito; saiba mais<\/p>\n","protected":false},"author":21,"featured_media":55448,"comment_status":"open","ping_status":"open","sticky":false,"template":"","format":"standard","meta":{"_acf_changed":false,"footnotes":""},"categories":[3481,3482],"tags":[3759,4363,3820],"class_list":["post-55457","post","type-post","status-publish","format-standard","has-post-thumbnail","hentry","category-criticas-br","category-filmes-br","tag-marvel-studios-br","tag-quarteto-fantastico-br","tag-quarteto-fantastico-primeiros-passos-br"],"acf":{"subtitulo":"Uma das estreias mais aguardadas de 2025, 'Quarteto Fant\u00e1stico: Primeiros Passos' conta com duas cenas p\u00f3s-cr\u00e9dito; saiba mais","id_ator":""},"yoast_head":"<!-- This site is optimized with the Yoast SEO plugin v26.1.1 - https:\/\/yoast.com\/wordpress\/plugins\/seo\/ -->\n<title>&#039;Quarteto Fant\u00e1stico: Primeiros Passos&#039;: Quais s\u00e3o as cenas p\u00f3s-cr\u00e9dito do filme - News Filmelier<\/title>\n<meta name=\"description\" content=\"Uma das estreias mais aguardadas de 2025, &#039;Quarteto Fant\u00e1stico: Primeiros Passos&#039; conta com duas cenas p\u00f3s-cr\u00e9dito; saiba mais\" \/>\n<meta name=\"robots\" content=\"index, follow, max-snippet:-1, max-image-preview:large, max-video-preview:-1\" \/>\n<link rel=\"canonical\" href=\"https:\/\/news.filmelier.com\/br\/quarteto-fantastico-cenas-pos-credito\/\" \/>\n<meta property=\"og:locale\" content=\"pt_BR\" \/>\n<meta property=\"og:type\" content=\"article\" \/>\n<meta property=\"og:title\" content=\"&#039;Quarteto Fant\u00e1stico: Primeiros Passos&#039;: Quais s\u00e3o as cenas p\u00f3s-cr\u00e9dito do filme - News Filmelier\" \/>\n<meta property=\"og:description\" content=\"Uma das estreias mais aguardadas de 2025, &#039;Quarteto Fant\u00e1stico: Primeiros Passos&#039; conta com duas cenas p\u00f3s-cr\u00e9dito; saiba mais\" \/>\n<meta property=\"og:url\" content=\"https:\/\/news.filmelier.com\/br\/quarteto-fantastico-cenas-pos-credito\/\" \/>\n<meta property=\"og:site_name\" content=\"News Filmelier\" \/>\n<meta property=\"article:published_time\" content=\"2025-07-22T17:39:24+00:00\" \/>\n<meta property=\"og:image\" content=\"https:\/\/homolog.news.filmelier.com\/wp-content\/uploads\/2025\/07\/quarteto2-editado.webp\" \/>\n\t<meta property=\"og:image:width\" content=\"800\" \/>\n\t<meta property=\"og:image:height\" content=\"454\" \/>\n\t<meta property=\"og:image:type\" content=\"image\/webp\" \/>\n<meta name=\"author\" content=\"Matheus Mans\" \/>\n<meta name=\"twitter:card\" content=\"summary_large_image\" \/>\n<meta name=\"twitter:label1\" content=\"Escrito por\" \/>\n\t<meta name=\"twitter:data1\" content=\"Matheus Mans\" \/>\n\t<meta name=\"twitter:label2\" content=\"Est. tempo de leitura\" \/>\n\t<meta name=\"twitter:data2\" content=\"3 minutos\" \/>\n<script type=\"application\/ld+json\" class=\"yoast-schema-graph\">{\"@context\":\"https:\/\/schema.org\",\"@graph\":[{\"@type\":\"Article\",\"@id\":\"https:\/\/news.filmelier.com\/br\/quarteto-fantastico-cenas-pos-credito\/#article\",\"isPartOf\":{\"@id\":\"https:\/\/news.filmelier.com\/br\/quarteto-fantastico-cenas-pos-credito\/\"},\"author\":{\"name\":\"Matheus Mans\",\"@id\":\"https:\/\/homolog.news.filmelier.com\/br\/#\/schema\/person\/bed674124135ac4309c6d6286a06b8d2\"},\"headline\":\"&#8216;Quarteto Fant\u00e1stico: Primeiros Passos&#8217;: Quais s\u00e3o as cenas p\u00f3s-cr\u00e9dito do filme\",\"datePublished\":\"2025-07-22T17:39:24+00:00\",\"mainEntityOfPage\":{\"@id\":\"https:\/\/news.filmelier.com\/br\/quarteto-fantastico-cenas-pos-credito\/\"},\"wordCount\":451,\"commentCount\":0,\"publisher\":{\"@id\":\"https:\/\/homolog.news.filmelier.com\/br\/#organization\"},\"image\":{\"@id\":\"https:\/\/news.filmelier.com\/br\/quarteto-fantastico-cenas-pos-credito\/#primaryimage\"},\"thumbnailUrl\":\"https:\/\/news.filmelier.com\/wp-content\/uploads\/2025\/07\/quarteto2-editado.webp\",\"keywords\":[\"marvel studios\",\"Quarteto Fant\u00e1stico\",\"Quarteto Fant\u00e1stico: Primeiros Passos\"],\"articleSection\":[\"Cr\u00edticas\",\"Filmes\"],\"inLanguage\":\"pt-BR\",\"potentialAction\":[{\"@type\":\"CommentAction\",\"name\":\"Comment\",\"target\":[\"https:\/\/news.filmelier.com\/br\/quarteto-fantastico-cenas-pos-credito\/#respond\"]}]},{\"@type\":\"WebPage\",\"@id\":\"https:\/\/news.filmelier.com\/br\/quarteto-fantastico-cenas-pos-credito\/\",\"url\":\"https:\/\/news.filmelier.com\/br\/quarteto-fantastico-cenas-pos-credito\/\",\"name\":\"'Quarteto Fant\u00e1stico: Primeiros Passos': Quais s\u00e3o as cenas p\u00f3s-cr\u00e9dito do filme - News Filmelier\",\"isPartOf\":{\"@id\":\"https:\/\/homolog.news.filmelier.com\/br\/#website\"},\"primaryImageOfPage\":{\"@id\":\"https:\/\/news.filmelier.com\/br\/quarteto-fantastico-cenas-pos-credito\/#primaryimage\"},\"image\":{\"@id\":\"https:\/\/news.filmelier.com\/br\/quarteto-fantastico-cenas-pos-credito\/#primaryimage\"},\"thumbnailUrl\":\"https:\/\/news.filmelier.com\/wp-content\/uploads\/2025\/07\/quarteto2-editado.webp\",\"datePublished\":\"2025-07-22T17:39:24+00:00\",\"description\":\"Uma das estreias mais aguardadas de 2025, 'Quarteto Fant\u00e1stico: Primeiros Passos' conta com duas cenas p\u00f3s-cr\u00e9dito; saiba mais\",\"breadcrumb\":{\"@id\":\"https:\/\/news.filmelier.com\/br\/quarteto-fantastico-cenas-pos-credito\/#breadcrumb\"},\"inLanguage\":\"pt-BR\",\"potentialAction\":[{\"@type\":\"ReadAction\",\"target\":[\"https:\/\/news.filmelier.com\/br\/quarteto-fantastico-cenas-pos-credito\/\"]}]},{\"@type\":\"ImageObject\",\"inLanguage\":\"pt-BR\",\"@id\":\"https:\/\/news.filmelier.com\/br\/quarteto-fantastico-cenas-pos-credito\/#primaryimage\",\"url\":\"https:\/\/news.filmelier.com\/wp-content\/uploads\/2025\/07\/quarteto2-editado.webp\",\"contentUrl\":\"https:\/\/news.filmelier.com\/wp-content\/uploads\/2025\/07\/quarteto2-editado.webp\",\"width\":800,\"height\":454,\"caption\":\"Richards em 'Quarteto Fant\u00e1stico: Primeiros Passos' (Cr\u00e9dito: Marvel Studios)\"},{\"@type\":\"BreadcrumbList\",\"@id\":\"https:\/\/news.filmelier.com\/br\/quarteto-fantastico-cenas-pos-credito\/#breadcrumb\",\"itemListElement\":[{\"@type\":\"ListItem\",\"position\":1,\"name\":\"In\u00edcio\",\"item\":\"https:\/\/homolog.news.filmelier.com\/br\/\"},{\"@type\":\"ListItem\",\"position\":2,\"name\":\"&#8216;Quarteto Fant\u00e1stico: Primeiros Passos&#8217;: Quais s\u00e3o as cenas p\u00f3s-cr\u00e9dito do filme\"}]},{\"@type\":\"WebSite\",\"@id\":\"https:\/\/homolog.news.filmelier.com\/br\/#website\",\"url\":\"https:\/\/homolog.news.filmelier.com\/br\/\",\"name\":\"Homolog Filmelier News Rankrup\",\"description\":\"\",\"publisher\":{\"@id\":\"https:\/\/homolog.news.filmelier.com\/br\/#organization\"},\"potentialAction\":[{\"@type\":\"SearchAction\",\"target\":{\"@type\":\"EntryPoint\",\"urlTemplate\":\"https:\/\/homolog.news.filmelier.com\/br\/?s={search_term_string}\"},\"query-input\":{\"@type\":\"PropertyValueSpecification\",\"valueRequired\":true,\"valueName\":\"search_term_string\"}}],\"inLanguage\":\"pt-BR\"},{\"@type\":\"Organization\",\"@id\":\"https:\/\/homolog.news.filmelier.com\/br\/#organization\",\"name\":\"Homolog Filmelier News Rankrup\",\"url\":\"https:\/\/homolog.news.filmelier.com\/br\/\",\"logo\":{\"@type\":\"ImageObject\",\"inLanguage\":\"pt-BR\",\"@id\":\"https:\/\/homolog.news.filmelier.com\/br\/#\/schema\/logo\/image\/\",\"url\":\"https:\/\/news.filmelier.com\/wp-content\/uploads\/2024\/11\/Logo-News.png\",\"contentUrl\":\"https:\/\/news.filmelier.com\/wp-content\/uploads\/2024\/11\/Logo-News.png\",\"width\":460,\"height\":108,\"caption\":\"Homolog Filmelier News Rankrup\"},\"image\":{\"@id\":\"https:\/\/homolog.news.filmelier.com\/br\/#\/schema\/logo\/image\/\"}},{\"@type\":\"Person\",\"@id\":\"https:\/\/homolog.news.filmelier.com\/br\/#\/schema\/person\/bed674124135ac4309c6d6286a06b8d2\",\"name\":\"Matheus Mans\",\"image\":{\"@type\":\"ImageObject\",\"inLanguage\":\"pt-BR\",\"@id\":\"https:\/\/homolog.news.filmelier.com\/br\/#\/schema\/person\/image\/\",\"url\":\"https:\/\/secure.gravatar.com\/avatar\/6d2ce80225ec344e6533f7d7e6d801e11991009ea7dfa33b3bb9117b245ebd33?s=96&d=mm&r=g\",\"contentUrl\":\"https:\/\/secure.gravatar.com\/avatar\/6d2ce80225ec344e6533f7d7e6d801e11991009ea7dfa33b3bb9117b245ebd33?s=96&d=mm&r=g\",\"caption\":\"Matheus Mans\"},\"url\":\"https:\/\/news.filmelier.com\/br\/author\/matheus\/\"}]}<\/script>\n<!-- \/ Yoast SEO plugin. -->","yoast_head_json":{"title":"'Quarteto Fant\u00e1stico: Primeiros Passos': Quais s\u00e3o as cenas p\u00f3s-cr\u00e9dito do filme - News Filmelier","description":"Uma das estreias mais aguardadas de 2025, 'Quarteto Fant\u00e1stico: Primeiros Passos' conta com duas cenas p\u00f3s-cr\u00e9dito; saiba mais","robots":{"index":"index","follow":"follow","max-snippet":"max-snippet:-1","max-image-preview":"max-image-preview:large","max-video-preview":"max-video-preview:-1"},"canonical":"https:\/\/news.filmelier.com\/br\/quarteto-fantastico-cenas-pos-credito\/","og_locale":"pt_BR","og_type":"article","og_title":"'Quarteto Fant\u00e1stico: Primeiros Passos': Quais s\u00e3o as cenas p\u00f3s-cr\u00e9dito do filme - News Filmelier","og_description":"Uma das estreias mais aguardadas de 2025, 'Quarteto Fant\u00e1stico: Primeiros Passos' conta com duas cenas p\u00f3s-cr\u00e9dito; saiba mais","og_url":"https:\/\/news.filmelier.com\/br\/quarteto-fantastico-cenas-pos-credito\/","og_site_name":"News Filmelier","article_published_time":"2025-07-22T17:39:24+00:00","og_image":[{"width":800,"height":454,"url":"https:\/\/homolog.news.filmelier.com\/wp-content\/uploads\/2025\/07\/quarteto2-editado.webp","type":"image\/webp"}],"author":"Matheus Mans","twitter_card":"summary_large_image","twitter_misc":{"Escrito por":"Matheus Mans","Est. tempo de leitura":"3 minutos"},"schema":{"@context":"https:\/\/schema.org","@graph":[{"@type":"Article","@id":"https:\/\/news.filmelier.com\/br\/quarteto-fantastico-cenas-pos-credito\/#article","isPartOf":{"@id":"https:\/\/news.filmelier.com\/br\/quarteto-fantastico-cenas-pos-credito\/"},"author":{"name":"Matheus Mans","@id":"https:\/\/homolog.news.filmelier.com\/br\/#\/schema\/person\/bed674124135ac4309c6d6286a06b8d2"},"headline":"&#8216;Quarteto Fant\u00e1stico: Primeiros Passos&#8217;: Quais s\u00e3o as cenas p\u00f3s-cr\u00e9dito do filme","datePublished":"2025-07-22T17:39:24+00:00","mainEntityOfPage":{"@id":"https:\/\/news.filmelier.com\/br\/quarteto-fantastico-cenas-pos-credito\/"},"wordCount":451,"commentCount":0,"publisher":{"@id":"https:\/\/homolog.news.filmelier.com\/br\/#organization"},"image":{"@id":"https:\/\/news.filmelier.com\/br\/quarteto-fantastico-cenas-pos-credito\/#primaryimage"},"thumbnailUrl":"https:\/\/news.filmelier.com\/wp-content\/uploads\/2025\/07\/quarteto2-editado.webp","keywords":["marvel studios","Quarteto Fant\u00e1stico","Quarteto Fant\u00e1stico: Primeiros Passos"],"articleSection":["Cr\u00edticas","Filmes"],"inLanguage":"pt-BR","potentialAction":[{"@type":"CommentAction","name":"Comment","target":["https:\/\/news.filmelier.com\/br\/quarteto-fantastico-cenas-pos-credito\/#respond"]}]},{"@type":"WebPage","@id":"https:\/\/news.filmelier.com\/br\/quarteto-fantastico-cenas-pos-credito\/","url":"https:\/\/news.filmelier.com\/br\/quarteto-fantastico-cenas-pos-credito\/","name":"'Quarteto Fant\u00e1stico: Primeiros Passos': Quais s\u00e3o as cenas p\u00f3s-cr\u00e9dito do filme - News Filmelier","isPartOf":{"@id":"https:\/\/homolog.news.filmelier.com\/br\/#website"},"primaryImageOfPage":{"@id":"https:\/\/news.filmelier.com\/br\/quarteto-fantastico-cenas-pos-credito\/#primaryimage"},"image":{"@id":"https:\/\/news.filmelier.com\/br\/quarteto-fantastico-cenas-pos-credito\/#primaryimage"},"thumbnailUrl":"https:\/\/news.filmelier.com\/wp-content\/uploads\/2025\/07\/quarteto2-editado.webp","datePublished":"2025-07-22T17:39:24+00:00","description":"Uma das estreias mais aguardadas de 2025, 'Quarteto Fant\u00e1stico: Primeiros Passos' conta com duas cenas p\u00f3s-cr\u00e9dito; saiba mais","breadcrumb":{"@id":"https:\/\/news.filmelier.com\/br\/quarteto-fantastico-cenas-pos-credito\/#breadcrumb"},"inLanguage":"pt-BR","potentialAction":[{"@type":"ReadAction","target":["https:\/\/news.filmelier.com\/br\/quarteto-fantastico-cenas-pos-credito\/"]}]},{"@type":"ImageObject","inLanguage":"pt-BR","@id":"https:\/\/news.filmelier.com\/br\/quarteto-fantastico-cenas-pos-credito\/#primaryimage","url":"https:\/\/news.filmelier.com\/wp-content\/uploads\/2025\/07\/quarteto2-editado.webp","contentUrl":"https:\/\/news.filmelier.com\/wp-content\/uploads\/2025\/07\/quarteto2-editado.webp","width":800,"height":454,"caption":"Richards em 'Quarteto Fant\u00e1stico: Primeiros Passos' (Cr\u00e9dito: Marvel Studios)"},{"@type":"BreadcrumbList","@id":"https:\/\/news.filmelier.com\/br\/quarteto-fantastico-cenas-pos-credito\/#breadcrumb","itemListElement":[{"@type":"ListItem","position":1,"name":"In\u00edcio","item":"https:\/\/homolog.news.filmelier.com\/br\/"},{"@type":"ListItem","position":2,"name":"&#8216;Quarteto Fant\u00e1stico: Primeiros Passos&#8217;: Quais s\u00e3o as cenas p\u00f3s-cr\u00e9dito do filme"}]},{"@type":"WebSite","@id":"https:\/\/homolog.news.filmelier.com\/br\/#website","url":"https:\/\/homolog.news.filmelier.com\/br\/","name":"Homolog Filmelier News Rankrup","description":"","publisher":{"@id":"https:\/\/homolog.news.filmelier.com\/br\/#organization"},"potentialAction":[{"@type":"SearchAction","target":{"@type":"EntryPoint","urlTemplate":"https:\/\/homolog.news.filmelier.com\/br\/?s={search_term_string}"},"query-input":{"@type":"PropertyValueSpecification","valueRequired":true,"valueName":"search_term_string"}}],"inLanguage":"pt-BR"},{"@type":"Organization","@id":"https:\/\/homolog.news.filmelier.com\/br\/#organization","name":"Homolog Filmelier News Rankrup","url":"https:\/\/homolog.news.filmelier.com\/br\/","logo":{"@type":"ImageObject","inLanguage":"pt-BR","@id":"https:\/\/homolog.news.filmelier.com\/br\/#\/schema\/logo\/image\/","url":"https:\/\/news.filmelier.com\/wp-content\/uploads\/2024\/11\/Logo-News.png","contentUrl":"https:\/\/news.filmelier.com\/wp-content\/uploads\/2024\/11\/Logo-News.png","width":460,"height":108,"caption":"Homolog Filmelier News Rankrup"},"image":{"@id":"https:\/\/homolog.news.filmelier.com\/br\/#\/schema\/logo\/image\/"}},{"@type":"Person","@id":"https:\/\/homolog.news.filmelier.com\/br\/#\/schema\/person\/bed674124135ac4309c6d6286a06b8d2","name":"Matheus Mans","image":{"@type":"ImageObject","inLanguage":"pt-BR","@id":"https:\/\/homolog.news.filmelier.com\/br\/#\/schema\/person\/image\/","url":"https:\/\/secure.gravatar.com\/avatar\/6d2ce80225ec344e6533f7d7e6d801e11991009ea7dfa33b3bb9117b245ebd33?s=96&d=mm&r=g","contentUrl":"https:\/\/secure.gravatar.com\/avatar\/6d2ce80225ec344e6533f7d7e6d801e11991009ea7dfa33b3bb9117b245ebd33?s=96&d=mm&r=g","caption":"Matheus Mans"},"url":"https:\/\/news.filmelier.com\/br\/author\/matheus\/"}]}},"_links":{"self":[{"href":"https:\/\/news.filmelier.com\/br\/wp-json\/wp\/v2\/posts\/55457","targetHints":{"allow":["GET"]}}],"collection":[{"href":"https:\/\/news.filmelier.com\/br\/wp-json\/wp\/v2\/posts"}],"about":[{"href":"https:\/\/news.filmelier.com\/br\/wp-json\/wp\/v2\/types\/post"}],"author":[{"embeddable":true,"href":"https:\/\/news.filmelier.com\/br\/wp-json\/wp\/v2\/users\/21"}],"replies":[{"embeddable":true,"href":"https:\/\/news.filmelier.com\/br\/wp-json\/wp\/v2\/comments?post=55457"}],"version-history":[{"count":2,"href":"https:\/\/news.filmelier.com\/br\/wp-json\/wp\/v2\/posts\/55457\/revisions"}],"predecessor-version":[{"id":55459,"href":"https:\/\/news.filmelier.com\/br\/wp-json\/wp\/v2\/posts\/55457\/revisions\/55459"}],"wp:featuredmedia":[{"embeddable":true,"href":"https:\/\/news.filmelier.com\/br\/wp-json\/wp\/v2\/media\/55448"}],"wp:attachment":[{"href":"https:\/\/news.filmelier.com\/br\/wp-json\/wp\/v2\/media?parent=55457"}],"wp:term":[{"taxonomy":"category","embeddable":true,"href":"https:\/\/news.filmelier.com\/br\/wp-json\/wp\/v2\/categories?post=55457"},{"taxonomy":"post_tag","embeddable":true,"href":"https:\/\/news.filmelier.com\/br\/wp-json\/wp\/v2\/tags?post=55457"}],"curies":[{"name":"wp","href":"https:\/\/api.w.org\/{rel}","templated":true}]}}