{"id":55369,"date":"2025-07-21T13:26:38","date_gmt":"2025-07-21T16:26:38","guid":{"rendered":"https:\/\/news.filmelier.com\/?p=55369"},"modified":"2025-07-21T13:26:38","modified_gmt":"2025-07-21T16:26:38","slug":"tudo-sobre-quarteto-fantastico","status":"publish","type":"post","link":"https:\/\/news.filmelier.com\/br\/tudo-sobre-quarteto-fantastico\/","title":{"rendered":"\u2018Quarteto Fant\u00e1stico: Primeiros Passos\u2019: Conhe\u00e7a o elenco do novo filme da Marvel"},"content":{"rendered":"<p><span style=\"font-weight: 400;\">O aguardado retorno do <strong>Quarteto Fant\u00e1stico<\/strong> aos cinemas est\u00e1 quase chegando. Com estreia marcada para 24 de julho nos cinemas, o longa promete revolucionar a forma como conhecemos esses her\u00f3is ic\u00f4nicos. Desta vez, a <a href=\"https:\/\/www.filmelier.com\/br\/list\/o-universo-marvel\"><strong>Marvel Studios<\/strong><\/a> aposta em um elenco completamente renovado e uma abordagem totalmente diferente das vers\u00f5es anteriores.<\/span><\/p>\n<ul>\n<li><strong>Leia tamb\u00e9m: <a href=\"https:\/\/news.filmelier.com\/br\/em-busca-do-ouro-4k-restaurado-centenario\/\">Charlie Chaplin: \u2018Em Busca do Ouro\u2019 ganha relan\u00e7amento restaurado no centen\u00e1rio, e o vigor do cl\u00e1ssico na era IA<\/a><\/strong><\/li>\n<\/ul>\n<figure id=\"attachment_55370\" aria-describedby=\"caption-attachment-55370\" style=\"width: 998px\" class=\"wp-caption alignnone\"><img fetchpriority=\"high\" decoding=\"async\" class=\" wp-image-55370\" src=\"https:\/\/news.filmelier.com\/wp-content\/uploads\/2025\/07\/fantastic-four1-300x200.webp\" alt=\"'Quarteto Fant\u00e1stico: Primeiros Passos' re\u00fane um elenco de peso (Cr\u00e9dito: Marvel Studios)\" width=\"998\" height=\"665\" srcset=\"https:\/\/news.filmelier.com\/wp-content\/uploads\/2025\/07\/fantastic-four1-300x200.webp 300w, https:\/\/news.filmelier.com\/wp-content\/uploads\/2025\/07\/fantastic-four1-768x511.webp 768w, https:\/\/news.filmelier.com\/wp-content\/uploads\/2025\/07\/fantastic-four1-150x100.webp 150w, https:\/\/news.filmelier.com\/wp-content\/uploads\/2025\/07\/fantastic-four1.webp 1000w\" sizes=\"(max-width: 998px) 100vw, 998px\" \/><figcaption id=\"caption-attachment-55370\" class=\"wp-caption-text\"><em>&#8216;Quarteto Fant\u00e1stico: Primeiros Passos&#8217; re\u00fane um elenco de peso (Cr\u00e9dito: Marvel Studios)<\/em><\/figcaption><\/figure>\n<h2>Quem est\u00e1 no elenco de <i>Quarteto Fant\u00e1stico: Primeiros Passos<\/i>?<\/h2>\n<h3>Pedro Pascal lidera o elenco como Reed Richards, o Senhor Fant\u00e1stico<\/h3>\n<p><span style=\"font-weight: 400;\">Astro de <\/span><a href=\"https:\/\/www.filmelier.com\/br\/noticias\/assistir-online-serie-the-last-of-us\"><i><span style=\"font-weight: 400;\">The Last of Us<\/span><\/i><\/a><span style=\"font-weight: 400;\"> e <\/span><i><span style=\"font-weight: 400;\">The Mandalorian<\/span><\/i><span style=\"font-weight: 400;\">, <strong>Pedro Pascal<\/strong> assume o papel de Reed Richards, o cientista que se torna o Senhor Fant\u00e1stico. Conhecido por sua versatilidade, Pascal traz uma nova dimens\u00e3o ao l\u00edder, respons\u00e1vel por guiar a equipe nas miss\u00f5es e na adapta\u00e7\u00e3o aos poderes c\u00f3smicos adquiridos ap\u00f3s a exposi\u00e7\u00e3o aos raios c\u00f3smicos.<\/span><\/p>\n<h3>Vanessa Kirby interpreta Sue Storm, a poderosa Mulher Invis\u00edvel<\/h3>\n<p><span style=\"font-weight: 400;\">Reconhecida por suas performances em <\/span><i><span style=\"font-weight: 400;\">The Crown<\/span><\/i><span style=\"font-weight: 400;\"> e <\/span><a href=\"https:\/\/www.filmelier.com\/br\/filmes\/11402\/pieces-of-a-woman\"><i><span style=\"font-weight: 400;\">Pieces of a Woman<\/span><\/i><\/a><span style=\"font-weight: 400;\">, <strong>Vanessa Kirby<\/strong>\u00a0 d\u00e1 vida a Sue Storm, a Mulher Invis\u00edvel. A atriz brit\u00e2nica traz for\u00e7a e equil\u00edbrio \u00e0 personagem, que \u00e9 muito mais do que apenas a &#8220;namorada do her\u00f3i&#8221; como j\u00e1 foi retratada antes \u2013 Sue \u00e9 uma for\u00e7a vital dentro da din\u00e2mica familiar do Quarteto Fant\u00e1stico.<\/span><\/p>\n<p><span style=\"font-weight: 400;\">A interpreta\u00e7\u00e3o de Kirby promete mostrar Sue como uma hero\u00edna independente e poderosa, capaz de liderar quando necess\u00e1rio e de ser o cora\u00e7\u00e3o emocional do grupo. Seus poderes de invisibilidade e campos de for\u00e7a fazem dela uma das personagens mais vers\u00e1teis.<\/span><\/p>\n<ul>\n<li data-pm-slice=\"1 1 []\"><strong>Explore:\u00a0<a href=\"https:\/\/news.filmelier.com\/br\/opiniao-100-melhores-filmes-do-seculo-21-lista-nyt\/\">Lista do NYT, \u2018100 Melhores Filmes do S\u00e9culo 21\u2019 \u00e9 mapa incompleto do cinema mundial<\/a><\/strong><\/li>\n<\/ul>\n<figure id=\"attachment_55373\" aria-describedby=\"caption-attachment-55373\" style=\"width: 993px\" class=\"wp-caption alignnone\"><img decoding=\"async\" class=\" wp-image-55373\" src=\"https:\/\/news.filmelier.com\/wp-content\/uploads\/2025\/07\/fantastic-four2-300x126.webp\" alt=\"Ap\u00f3s 'The Crown', Vanessa Kirby chega na Marvel (Cr\u00e9dito: Marvel Studios)\" width=\"993\" height=\"417\" srcset=\"https:\/\/news.filmelier.com\/wp-content\/uploads\/2025\/07\/fantastic-four2-300x126.webp 300w, https:\/\/news.filmelier.com\/wp-content\/uploads\/2025\/07\/fantastic-four2-1024x429.webp 1024w, https:\/\/news.filmelier.com\/wp-content\/uploads\/2025\/07\/fantastic-four2-768x322.webp 768w, https:\/\/news.filmelier.com\/wp-content\/uploads\/2025\/07\/fantastic-four2-150x63.webp 150w, https:\/\/news.filmelier.com\/wp-content\/uploads\/2025\/07\/fantastic-four2.webp 1100w\" sizes=\"(max-width: 993px) 100vw, 993px\" \/><figcaption id=\"caption-attachment-55373\" class=\"wp-caption-text\"><em>Ap\u00f3s &#8216;The Crown&#8217;, Vanessa Kirby chega na Marvel (Cr\u00e9dito: Marvel Studios)<\/em><\/figcaption><\/figure>\n<h3>Ebon Moss-Bachrach e Joseph Quinn completam o quarteto principal<\/h3>\n<p><span style=\"font-weight: 400;\">Joseph Quinn, que conquistou o p\u00fablico mundial como Eddie em <\/span><i><span style=\"font-weight: 400;\">Stranger Things<\/span><\/i><span style=\"font-weight: 400;\">, assume o papel de Johnny, o Tocha Humana. O ator brit\u00e2nico traz a energia juvenil e carisma para o personagem impulsivo do grupo, conhecido por suas chamas e personalidade explosiva.<\/span><\/p>\n<p><span style=\"font-weight: 400;\">J\u00e1 Ebon Moss-Bachrach interpreta Ben Grimm, que se transforma no Coisa ap\u00f3s a miss\u00e3o espacial fat\u00eddica. O ator, que j\u00e1 fez parte do universo Marvel como Microchip em <\/span><i><span style=\"font-weight: 400;\">Demolidor<\/span><\/i><span style=\"font-weight: 400;\">, agora enfrenta o desafio de dar vida ao membro mais emocionalmente complexo do grupo \u2013 um her\u00f3i de for\u00e7a descomunal preso em um corpo rochoso.<\/span><\/p>\n<h3>Vil\u00f5es ic\u00f4nicos: Julia Garner como Surfista Prateada e Ralph Ineson como Galactus<\/h3>\n<p><span style=\"font-weight: 400;\">O filme n\u00e3o economiza em vil\u00f5es de peso. Ralph Ineson foi escalado para ser Galactus, o temido Devorador de Mundos, uma das maiores amea\u00e7as c\u00f3smicas do universo Marvel. A voz intimidadora do ator promete dar vida a um dos antagonistas mais poderosos do MCU.<\/span><\/p>\n<p><span style=\"font-weight: 400;\">Julia Garner, vencedora do Emmy por <\/span><i><span style=\"font-weight: 400;\">Ozark<\/span><\/i><span style=\"font-weight: 400;\">, surpreende ao interpretar uma vers\u00e3o feminina da Surfista Prateada, arauto de Galactus. Essa escolha criativa mostra a disposi\u00e7\u00e3o da Marvel em reimaginar personagens cl\u00e1ssicos para uma nova gera\u00e7\u00e3o de f\u00e3s.<\/span><\/p>\n<h3>Elenco de apoio re\u00fane grandes nomes de Hollywood<\/h3>\n<p><span style=\"font-weight: 400;\">O filme ainda conta com um elenco de apoio impressionante, incluindo Paul Walter Hauser, Natasha Lyonne e Sarah Niles. Embora seus pap\u00e9is ainda sejam mantidos em segredo, a qualidade dos atores indica que cada personagem ter\u00e1 import\u00e2ncia significativa na trama.<\/span><\/p>\n<h2>Quem \u00e9 o diretor de <i>Quarteto Fant\u00e1stico: Primeiros Passos<\/i>?<\/h2>\n<p><span style=\"font-weight: 400;\">Por tr\u00e1s das c\u00e2meras, Matt Shakman assume a dire\u00e7\u00e3o do filme. Conhecido por seu trabalho em <\/span><i><span style=\"font-weight: 400;\">WandaVision<\/span><\/i><span style=\"font-weight: 400;\">, Shakman traz uma vis\u00e3o \u00fanica que combina elementos de fic\u00e7\u00e3o cient\u00edfica com drama familiar \u2013 exatamente o que o Quarteto Fant\u00e1stico representa.<\/span><\/p>\n<p><span style=\"font-weight: 400;\">A produ\u00e7\u00e3o fica por conta de Kevin Feige, presidente da Marvel Studios, junto com Louis D&#8217;Esposito, Grant Curtis e Tim Lewis.<\/span><\/p>\n<p><iframe title=\"Quarteto Fant\u00e1stico | Trailer Oficial 2 Legendado\" width=\"800\" height=\"450\" src=\"https:\/\/www.youtube.com\/embed\/tclOnt7Cu9k?feature=oembed\" frameborder=\"0\" allow=\"accelerometer; autoplay; clipboard-write; encrypted-media; gyroscope; picture-in-picture; web-share\" referrerpolicy=\"strict-origin-when-cross-origin\" allowfullscreen><\/iframe><\/p>\n<h2>Uma realidade alternativa<\/h2>\n<p><i><span style=\"font-weight: 400;\">Quarteto Fant\u00e1stico: Primeiros Passos<\/span><\/i><span style=\"font-weight: 400;\"> marca um territ\u00f3rio in\u00e9dito para a Marvel Studios. Afinal, \u00e9 o primeiro filme em uma realidade alternativa. N\u00e3o h\u00e1 liga\u00e7\u00e3o direta com os eventos da Terra-616 (o universo principal do MCU).<\/span><\/p>\n<p><span style=\"font-weight: 400;\">Esta abordagem permite uma liberdade criativa. O longa situa os her\u00f3is em um universo retr\u00f4-futurista repleto de tecnologia avan\u00e7ada, viagens espaciais e fen\u00f4menos c\u00f3smicos. O visual combina a nostalgia dos anos 1960 com elementos futuristas, criando uma est\u00e9tica \u00fanica que diferencia o filme de qualquer produ\u00e7\u00e3o anterior da Marvel.<\/span><\/p>\n<h2>Novo Quarteto Fant\u00e1stico tem liga\u00e7\u00e3o com os anteriores?<\/h2>\n<p><span style=\"font-weight: 400;\"><em>Quarteto Fant\u00e1stico: Primeiros Passos<\/em> n\u00e3o possui qualquer liga\u00e7\u00e3o com os filmes anteriores. Nem mesmo com as vers\u00f5es de 2005 e 2007, nem com o reboot de 2015. A Marvel Studios construiu uma narrativa completamente nova. Aproveitou a oportunidade para apresentar os personagens de forma fiel aos quadrinhos de Stan Lee e Jack Kirby.<\/span><\/p>\n<p><span style=\"font-weight: 400;\">A escolha por uma realidade alternativa tamb\u00e9m permite que os personagens tenham suas pr\u00f3prias origens e desenvolvimentos. Tudo isso sem a necessidade de se encaixar na cronologia j\u00e1 estabelecida do MCU.<\/span><\/p>\n","protected":false},"excerpt":{"rendered":"<p>Pedro Pascal, Vanessa Kirby e grande elenco lideram a volta do Quarteto Fant\u00e1stico aos cinemas; saiba tudo sobre<\/p>\n","protected":false},"author":21,"featured_media":55370,"comment_status":"open","ping_status":"open","sticky":false,"template":"","format":"standard","meta":{"_acf_changed":false,"footnotes":""},"categories":[3482],"tags":[3759,3584,4363,3820,8063],"class_list":["post-55369","post","type-post","status-publish","format-standard","has-post-thumbnail","hentry","category-filmes-br","tag-marvel-studios-br","tag-pedro-pascal-br","tag-quarteto-fantastico-br","tag-quarteto-fantastico-primeiros-passos-br","tag-vanessa-kirby-br"],"acf":{"subtitulo":"Pedro Pascal, Vanessa Kirby e grande elenco lideram a volta do Quarteto Fant\u00e1stico aos cinemas; saiba tudo sobre","id_ator":"0609114, 0050959, 3948952, 4806449"},"yoast_head":"<!-- This site is optimized with the Yoast SEO plugin v26.1.1 - https:\/\/yoast.com\/wordpress\/plugins\/seo\/ -->\n<title>\u2018Quarteto Fant\u00e1stico: Primeiros Passos\u2019: Conhe\u00e7a o elenco do novo filme da Marvel - News Filmelier<\/title>\n<meta name=\"description\" content=\"Pedro Pascal, Vanessa Kirby e grande elenco lideram a volta do Quarteto Fant\u00e1stico aos cinemas; saiba tudo sobre\" \/>\n<meta name=\"robots\" content=\"index, follow, max-snippet:-1, max-image-preview:large, max-video-preview:-1\" \/>\n<link rel=\"canonical\" href=\"https:\/\/news.filmelier.com\/br\/tudo-sobre-quarteto-fantastico\/\" \/>\n<meta property=\"og:locale\" content=\"pt_BR\" \/>\n<meta property=\"og:type\" content=\"article\" \/>\n<meta property=\"og:title\" content=\"\u2018Quarteto Fant\u00e1stico: Primeiros Passos\u2019: Conhe\u00e7a o elenco do novo filme da Marvel - News Filmelier\" \/>\n<meta property=\"og:description\" content=\"Pedro Pascal, Vanessa Kirby e grande elenco lideram a volta do Quarteto Fant\u00e1stico aos cinemas; saiba tudo sobre\" \/>\n<meta property=\"og:url\" content=\"https:\/\/news.filmelier.com\/br\/tudo-sobre-quarteto-fantastico\/\" \/>\n<meta property=\"og:site_name\" content=\"News Filmelier\" \/>\n<meta property=\"article:published_time\" content=\"2025-07-21T16:26:38+00:00\" \/>\n<meta property=\"og:image\" content=\"https:\/\/homolog.news.filmelier.com\/wp-content\/uploads\/2025\/07\/fantastic-four1.webp\" \/>\n\t<meta property=\"og:image:width\" content=\"1000\" \/>\n\t<meta property=\"og:image:height\" content=\"666\" \/>\n\t<meta property=\"og:image:type\" content=\"image\/webp\" \/>\n<meta name=\"author\" content=\"Matheus Mans\" \/>\n<meta name=\"twitter:card\" content=\"summary_large_image\" \/>\n<meta name=\"twitter:label1\" content=\"Escrito por\" \/>\n\t<meta name=\"twitter:data1\" content=\"Matheus Mans\" \/>\n\t<meta name=\"twitter:label2\" content=\"Est. tempo de leitura\" \/>\n\t<meta name=\"twitter:data2\" content=\"5 minutos\" \/>\n<script type=\"application\/ld+json\" class=\"yoast-schema-graph\">{\"@context\":\"https:\/\/schema.org\",\"@graph\":[{\"@type\":\"Article\",\"@id\":\"https:\/\/news.filmelier.com\/br\/tudo-sobre-quarteto-fantastico\/#article\",\"isPartOf\":{\"@id\":\"https:\/\/news.filmelier.com\/br\/tudo-sobre-quarteto-fantastico\/\"},\"author\":{\"name\":\"Matheus Mans\",\"@id\":\"https:\/\/homolog.news.filmelier.com\/br\/#\/schema\/person\/bed674124135ac4309c6d6286a06b8d2\"},\"headline\":\"\u2018Quarteto Fant\u00e1stico: Primeiros Passos\u2019: Conhe\u00e7a o elenco do novo filme da Marvel\",\"datePublished\":\"2025-07-21T16:26:38+00:00\",\"mainEntityOfPage\":{\"@id\":\"https:\/\/news.filmelier.com\/br\/tudo-sobre-quarteto-fantastico\/\"},\"wordCount\":910,\"commentCount\":0,\"publisher\":{\"@id\":\"https:\/\/homolog.news.filmelier.com\/br\/#organization\"},\"image\":{\"@id\":\"https:\/\/news.filmelier.com\/br\/tudo-sobre-quarteto-fantastico\/#primaryimage\"},\"thumbnailUrl\":\"https:\/\/news.filmelier.com\/wp-content\/uploads\/2025\/07\/fantastic-four1.webp\",\"keywords\":[\"marvel studios\",\"Pedro Pascal\",\"Quarteto Fant\u00e1stico\",\"Quarteto Fant\u00e1stico: Primeiros Passos\",\"Vanessa Kirby\"],\"articleSection\":[\"Filmes\"],\"inLanguage\":\"pt-BR\",\"potentialAction\":[{\"@type\":\"CommentAction\",\"name\":\"Comment\",\"target\":[\"https:\/\/news.filmelier.com\/br\/tudo-sobre-quarteto-fantastico\/#respond\"]}]},{\"@type\":\"WebPage\",\"@id\":\"https:\/\/news.filmelier.com\/br\/tudo-sobre-quarteto-fantastico\/\",\"url\":\"https:\/\/news.filmelier.com\/br\/tudo-sobre-quarteto-fantastico\/\",\"name\":\"\u2018Quarteto Fant\u00e1stico: Primeiros Passos\u2019: Conhe\u00e7a o elenco do novo filme da Marvel - News Filmelier\",\"isPartOf\":{\"@id\":\"https:\/\/homolog.news.filmelier.com\/br\/#website\"},\"primaryImageOfPage\":{\"@id\":\"https:\/\/news.filmelier.com\/br\/tudo-sobre-quarteto-fantastico\/#primaryimage\"},\"image\":{\"@id\":\"https:\/\/news.filmelier.com\/br\/tudo-sobre-quarteto-fantastico\/#primaryimage\"},\"thumbnailUrl\":\"https:\/\/news.filmelier.com\/wp-content\/uploads\/2025\/07\/fantastic-four1.webp\",\"datePublished\":\"2025-07-21T16:26:38+00:00\",\"description\":\"Pedro Pascal, Vanessa Kirby e grande elenco lideram a volta do Quarteto Fant\u00e1stico aos cinemas; saiba tudo sobre\",\"breadcrumb\":{\"@id\":\"https:\/\/news.filmelier.com\/br\/tudo-sobre-quarteto-fantastico\/#breadcrumb\"},\"inLanguage\":\"pt-BR\",\"potentialAction\":[{\"@type\":\"ReadAction\",\"target\":[\"https:\/\/news.filmelier.com\/br\/tudo-sobre-quarteto-fantastico\/\"]}]},{\"@type\":\"ImageObject\",\"inLanguage\":\"pt-BR\",\"@id\":\"https:\/\/news.filmelier.com\/br\/tudo-sobre-quarteto-fantastico\/#primaryimage\",\"url\":\"https:\/\/news.filmelier.com\/wp-content\/uploads\/2025\/07\/fantastic-four1.webp\",\"contentUrl\":\"https:\/\/news.filmelier.com\/wp-content\/uploads\/2025\/07\/fantastic-four1.webp\",\"width\":1000,\"height\":666,\"caption\":\"'Quarteto Fant\u00e1stico: Primeiros Passos' re\u00fane um elenco de peso (Cr\u00e9dito: Marvel Studios)\"},{\"@type\":\"BreadcrumbList\",\"@id\":\"https:\/\/news.filmelier.com\/br\/tudo-sobre-quarteto-fantastico\/#breadcrumb\",\"itemListElement\":[{\"@type\":\"ListItem\",\"position\":1,\"name\":\"In\u00edcio\",\"item\":\"https:\/\/homolog.news.filmelier.com\/br\/\"},{\"@type\":\"ListItem\",\"position\":2,\"name\":\"\u2018Quarteto Fant\u00e1stico: Primeiros Passos\u2019: Conhe\u00e7a o elenco do novo filme da Marvel\"}]},{\"@type\":\"WebSite\",\"@id\":\"https:\/\/homolog.news.filmelier.com\/br\/#website\",\"url\":\"https:\/\/homolog.news.filmelier.com\/br\/\",\"name\":\"Homolog Filmelier News Rankrup\",\"description\":\"\",\"publisher\":{\"@id\":\"https:\/\/homolog.news.filmelier.com\/br\/#organization\"},\"potentialAction\":[{\"@type\":\"SearchAction\",\"target\":{\"@type\":\"EntryPoint\",\"urlTemplate\":\"https:\/\/homolog.news.filmelier.com\/br\/?s={search_term_string}\"},\"query-input\":{\"@type\":\"PropertyValueSpecification\",\"valueRequired\":true,\"valueName\":\"search_term_string\"}}],\"inLanguage\":\"pt-BR\"},{\"@type\":\"Organization\",\"@id\":\"https:\/\/homolog.news.filmelier.com\/br\/#organization\",\"name\":\"Homolog Filmelier News Rankrup\",\"url\":\"https:\/\/homolog.news.filmelier.com\/br\/\",\"logo\":{\"@type\":\"ImageObject\",\"inLanguage\":\"pt-BR\",\"@id\":\"https:\/\/homolog.news.filmelier.com\/br\/#\/schema\/logo\/image\/\",\"url\":\"https:\/\/news.filmelier.com\/wp-content\/uploads\/2024\/11\/Logo-News.png\",\"contentUrl\":\"https:\/\/news.filmelier.com\/wp-content\/uploads\/2024\/11\/Logo-News.png\",\"width\":460,\"height\":108,\"caption\":\"Homolog Filmelier News Rankrup\"},\"image\":{\"@id\":\"https:\/\/homolog.news.filmelier.com\/br\/#\/schema\/logo\/image\/\"}},{\"@type\":\"Person\",\"@id\":\"https:\/\/homolog.news.filmelier.com\/br\/#\/schema\/person\/bed674124135ac4309c6d6286a06b8d2\",\"name\":\"Matheus Mans\",\"image\":{\"@type\":\"ImageObject\",\"inLanguage\":\"pt-BR\",\"@id\":\"https:\/\/homolog.news.filmelier.com\/br\/#\/schema\/person\/image\/\",\"url\":\"https:\/\/secure.gravatar.com\/avatar\/6d2ce80225ec344e6533f7d7e6d801e11991009ea7dfa33b3bb9117b245ebd33?s=96&d=mm&r=g\",\"contentUrl\":\"https:\/\/secure.gravatar.com\/avatar\/6d2ce80225ec344e6533f7d7e6d801e11991009ea7dfa33b3bb9117b245ebd33?s=96&d=mm&r=g\",\"caption\":\"Matheus Mans\"},\"url\":\"https:\/\/news.filmelier.com\/br\/author\/matheus\/\"}]}<\/script>\n<!-- \/ Yoast SEO plugin. -->","yoast_head_json":{"title":"\u2018Quarteto Fant\u00e1stico: Primeiros Passos\u2019: Conhe\u00e7a o elenco do novo filme da Marvel - News Filmelier","description":"Pedro Pascal, Vanessa Kirby e grande elenco lideram a volta do Quarteto Fant\u00e1stico aos cinemas; saiba tudo sobre","robots":{"index":"index","follow":"follow","max-snippet":"max-snippet:-1","max-image-preview":"max-image-preview:large","max-video-preview":"max-video-preview:-1"},"canonical":"https:\/\/news.filmelier.com\/br\/tudo-sobre-quarteto-fantastico\/","og_locale":"pt_BR","og_type":"article","og_title":"\u2018Quarteto Fant\u00e1stico: Primeiros Passos\u2019: Conhe\u00e7a o elenco do novo filme da Marvel - News Filmelier","og_description":"Pedro Pascal, Vanessa Kirby e grande elenco lideram a volta do Quarteto Fant\u00e1stico aos cinemas; saiba tudo sobre","og_url":"https:\/\/news.filmelier.com\/br\/tudo-sobre-quarteto-fantastico\/","og_site_name":"News Filmelier","article_published_time":"2025-07-21T16:26:38+00:00","og_image":[{"width":1000,"height":666,"url":"https:\/\/homolog.news.filmelier.com\/wp-content\/uploads\/2025\/07\/fantastic-four1.webp","type":"image\/webp"}],"author":"Matheus Mans","twitter_card":"summary_large_image","twitter_misc":{"Escrito por":"Matheus Mans","Est. tempo de leitura":"5 minutos"},"schema":{"@context":"https:\/\/schema.org","@graph":[{"@type":"Article","@id":"https:\/\/news.filmelier.com\/br\/tudo-sobre-quarteto-fantastico\/#article","isPartOf":{"@id":"https:\/\/news.filmelier.com\/br\/tudo-sobre-quarteto-fantastico\/"},"author":{"name":"Matheus Mans","@id":"https:\/\/homolog.news.filmelier.com\/br\/#\/schema\/person\/bed674124135ac4309c6d6286a06b8d2"},"headline":"\u2018Quarteto Fant\u00e1stico: Primeiros Passos\u2019: Conhe\u00e7a o elenco do novo filme da Marvel","datePublished":"2025-07-21T16:26:38+00:00","mainEntityOfPage":{"@id":"https:\/\/news.filmelier.com\/br\/tudo-sobre-quarteto-fantastico\/"},"wordCount":910,"commentCount":0,"publisher":{"@id":"https:\/\/homolog.news.filmelier.com\/br\/#organization"},"image":{"@id":"https:\/\/news.filmelier.com\/br\/tudo-sobre-quarteto-fantastico\/#primaryimage"},"thumbnailUrl":"https:\/\/news.filmelier.com\/wp-content\/uploads\/2025\/07\/fantastic-four1.webp","keywords":["marvel studios","Pedro Pascal","Quarteto Fant\u00e1stico","Quarteto Fant\u00e1stico: Primeiros Passos","Vanessa Kirby"],"articleSection":["Filmes"],"inLanguage":"pt-BR","potentialAction":[{"@type":"CommentAction","name":"Comment","target":["https:\/\/news.filmelier.com\/br\/tudo-sobre-quarteto-fantastico\/#respond"]}]},{"@type":"WebPage","@id":"https:\/\/news.filmelier.com\/br\/tudo-sobre-quarteto-fantastico\/","url":"https:\/\/news.filmelier.com\/br\/tudo-sobre-quarteto-fantastico\/","name":"\u2018Quarteto Fant\u00e1stico: Primeiros Passos\u2019: Conhe\u00e7a o elenco do novo filme da Marvel - News Filmelier","isPartOf":{"@id":"https:\/\/homolog.news.filmelier.com\/br\/#website"},"primaryImageOfPage":{"@id":"https:\/\/news.filmelier.com\/br\/tudo-sobre-quarteto-fantastico\/#primaryimage"},"image":{"@id":"https:\/\/news.filmelier.com\/br\/tudo-sobre-quarteto-fantastico\/#primaryimage"},"thumbnailUrl":"https:\/\/news.filmelier.com\/wp-content\/uploads\/2025\/07\/fantastic-four1.webp","datePublished":"2025-07-21T16:26:38+00:00","description":"Pedro Pascal, Vanessa Kirby e grande elenco lideram a volta do Quarteto Fant\u00e1stico aos cinemas; saiba tudo sobre","breadcrumb":{"@id":"https:\/\/news.filmelier.com\/br\/tudo-sobre-quarteto-fantastico\/#breadcrumb"},"inLanguage":"pt-BR","potentialAction":[{"@type":"ReadAction","target":["https:\/\/news.filmelier.com\/br\/tudo-sobre-quarteto-fantastico\/"]}]},{"@type":"ImageObject","inLanguage":"pt-BR","@id":"https:\/\/news.filmelier.com\/br\/tudo-sobre-quarteto-fantastico\/#primaryimage","url":"https:\/\/news.filmelier.com\/wp-content\/uploads\/2025\/07\/fantastic-four1.webp","contentUrl":"https:\/\/news.filmelier.com\/wp-content\/uploads\/2025\/07\/fantastic-four1.webp","width":1000,"height":666,"caption":"'Quarteto Fant\u00e1stico: Primeiros Passos' re\u00fane um elenco de peso (Cr\u00e9dito: Marvel Studios)"},{"@type":"BreadcrumbList","@id":"https:\/\/news.filmelier.com\/br\/tudo-sobre-quarteto-fantastico\/#breadcrumb","itemListElement":[{"@type":"ListItem","position":1,"name":"In\u00edcio","item":"https:\/\/homolog.news.filmelier.com\/br\/"},{"@type":"ListItem","position":2,"name":"\u2018Quarteto Fant\u00e1stico: Primeiros Passos\u2019: Conhe\u00e7a o elenco do novo filme da Marvel"}]},{"@type":"WebSite","@id":"https:\/\/homolog.news.filmelier.com\/br\/#website","url":"https:\/\/homolog.news.filmelier.com\/br\/","name":"Homolog Filmelier News Rankrup","description":"","publisher":{"@id":"https:\/\/homolog.news.filmelier.com\/br\/#organization"},"potentialAction":[{"@type":"SearchAction","target":{"@type":"EntryPoint","urlTemplate":"https:\/\/homolog.news.filmelier.com\/br\/?s={search_term_string}"},"query-input":{"@type":"PropertyValueSpecification","valueRequired":true,"valueName":"search_term_string"}}],"inLanguage":"pt-BR"},{"@type":"Organization","@id":"https:\/\/homolog.news.filmelier.com\/br\/#organization","name":"Homolog Filmelier News Rankrup","url":"https:\/\/homolog.news.filmelier.com\/br\/","logo":{"@type":"ImageObject","inLanguage":"pt-BR","@id":"https:\/\/homolog.news.filmelier.com\/br\/#\/schema\/logo\/image\/","url":"https:\/\/news.filmelier.com\/wp-content\/uploads\/2024\/11\/Logo-News.png","contentUrl":"https:\/\/news.filmelier.com\/wp-content\/uploads\/2024\/11\/Logo-News.png","width":460,"height":108,"caption":"Homolog Filmelier News Rankrup"},"image":{"@id":"https:\/\/homolog.news.filmelier.com\/br\/#\/schema\/logo\/image\/"}},{"@type":"Person","@id":"https:\/\/homolog.news.filmelier.com\/br\/#\/schema\/person\/bed674124135ac4309c6d6286a06b8d2","name":"Matheus Mans","image":{"@type":"ImageObject","inLanguage":"pt-BR","@id":"https:\/\/homolog.news.filmelier.com\/br\/#\/schema\/person\/image\/","url":"https:\/\/secure.gravatar.com\/avatar\/6d2ce80225ec344e6533f7d7e6d801e11991009ea7dfa33b3bb9117b245ebd33?s=96&d=mm&r=g","contentUrl":"https:\/\/secure.gravatar.com\/avatar\/6d2ce80225ec344e6533f7d7e6d801e11991009ea7dfa33b3bb9117b245ebd33?s=96&d=mm&r=g","caption":"Matheus Mans"},"url":"https:\/\/news.filmelier.com\/br\/author\/matheus\/"}]}},"_links":{"self":[{"href":"https:\/\/news.filmelier.com\/br\/wp-json\/wp\/v2\/posts\/55369","targetHints":{"allow":["GET"]}}],"collection":[{"href":"https:\/\/news.filmelier.com\/br\/wp-json\/wp\/v2\/posts"}],"about":[{"href":"https:\/\/news.filmelier.com\/br\/wp-json\/wp\/v2\/types\/post"}],"author":[{"embeddable":true,"href":"https:\/\/news.filmelier.com\/br\/wp-json\/wp\/v2\/users\/21"}],"replies":[{"embeddable":true,"href":"https:\/\/news.filmelier.com\/br\/wp-json\/wp\/v2\/comments?post=55369"}],"version-history":[{"count":1,"href":"https:\/\/news.filmelier.com\/br\/wp-json\/wp\/v2\/posts\/55369\/revisions"}],"predecessor-version":[{"id":55376,"href":"https:\/\/news.filmelier.com\/br\/wp-json\/wp\/v2\/posts\/55369\/revisions\/55376"}],"wp:featuredmedia":[{"embeddable":true,"href":"https:\/\/news.filmelier.com\/br\/wp-json\/wp\/v2\/media\/55370"}],"wp:attachment":[{"href":"https:\/\/news.filmelier.com\/br\/wp-json\/wp\/v2\/media?parent=55369"}],"wp:term":[{"taxonomy":"category","embeddable":true,"href":"https:\/\/news.filmelier.com\/br\/wp-json\/wp\/v2\/categories?post=55369"},{"taxonomy":"post_tag","embeddable":true,"href":"https:\/\/news.filmelier.com\/br\/wp-json\/wp\/v2\/tags?post=55369"}],"curies":[{"name":"wp","href":"https:\/\/api.w.org\/{rel}","templated":true}]}}