{"id":54589,"date":"2025-07-11T00:10:40","date_gmt":"2025-07-11T03:10:40","guid":{"rendered":"https:\/\/news.filmelier.com\/?p=54589"},"modified":"2025-07-11T00:10:40","modified_gmt":"2025-07-11T03:10:40","slug":"superman-cena-pos-credito","status":"publish","type":"post","link":"https:\/\/news.filmelier.com\/br\/superman-cena-pos-credito\/","title":{"rendered":"&#8216;Superman&#8217;: Quais s\u00e3o as cenas p\u00f3s-cr\u00e9dito do filme"},"content":{"rendered":"<p>O <a href=\"https:\/\/www.filmelier.com\/br\/filmes\/28403\/superman\"><strong>novo longa do Superman<\/strong><\/a>, que d\u00e1 o pontap\u00e9 inicial no universo compartilhado da DC comandado por <a href=\"https:\/\/www.filmelier.com\/br\/director\/james-gunn\"><strong>James Gunn<\/strong><\/a>, finalmente chegou aos cinemas nesta quinta-feira, 10. E, claro, muitos f\u00e3s querem saber: <strong>h\u00e1 cenas p\u00f3s-cr\u00e9dito depois do fim da hist\u00f3ria?<\/strong><\/p>\n<ul>\n<li><strong>Leia tamb\u00e9m: <a href=\"https:\/\/news.filmelier.com\/br\/critica-superman-james-gunn-2025\/\">Cr\u00edtica: \u2018Superman\u2019 \u00e9 bobo, emocionante e brega \u2014 e essa \u00e9 uma \u00f3tima not\u00edcia<\/a><\/strong><\/li>\n<\/ul>\n<p>A resposta \u00e9 sim. A produ\u00e7\u00e3o conta com duas cenas p\u00f3s-cr\u00e9dito que devem deixar o p\u00fablico empolgado (e rindo tamb\u00e9m).<\/p>\n<figure id=\"attachment_54417\" aria-describedby=\"caption-attachment-54417\" style=\"width: 986px\" class=\"wp-caption alignnone\"><img fetchpriority=\"high\" decoding=\"async\" class=\" wp-image-54417\" src=\"https:\/\/news.filmelier.com\/wp-content\/uploads\/2025\/07\/superman-justice-gang-300x200.webp\" alt=\"Nathan Fillion, Isabela Merced y \" width=\"986\" height=\"657\" srcset=\"https:\/\/news.filmelier.com\/wp-content\/uploads\/2025\/07\/superman-justice-gang-300x200.webp 300w, https:\/\/news.filmelier.com\/wp-content\/uploads\/2025\/07\/superman-justice-gang-1024x683.webp 1024w, https:\/\/news.filmelier.com\/wp-content\/uploads\/2025\/07\/superman-justice-gang-768x512.webp 768w, https:\/\/news.filmelier.com\/wp-content\/uploads\/2025\/07\/superman-justice-gang-150x100.webp 150w, https:\/\/news.filmelier.com\/wp-content\/uploads\/2025\/07\/superman-justice-gang.webp 1200w\" sizes=\"(max-width: 986px) 100vw, 986px\" \/><figcaption id=\"caption-attachment-54417\" class=\"wp-caption-text\"><em>Um prot\u00f3tipo da Liga da Justi\u00e7a, visto no filme &#8216;Superman&#8217; (Cr\u00e9dito: Warner Bros. Pictues)<\/em><\/figcaption><\/figure>\n<p>A <strong>primeira cena<\/strong> mostra uma bela imagem de Clark Kent acompanhado por Krypto, o superc\u00e3o, em um momento de tranquilidade na superf\u00edcie da Lua \u2014 uma sequ\u00eancia que j\u00e1 havia sido sugerida em materiais promocionais.<\/p>\n<p>N\u00e3o h\u00e1 nada demais nela. \u00c9 bonitinha, fofa e s\u00f3.<\/p>\n<p>A <strong>segunda cena<\/strong> segue esse tom mais leve, mas mais divertida: Superman e o Sr. Incr\u00edvel acompanham os estragos deixados em Metr\u00f3polis. Em determinado momento, o Sr. Incr\u00edvel tenta reconstruir um edif\u00edcio destru\u00eddo, mas o resultado n\u00e3o agrada ao Homem de A\u00e7o, que faz quest\u00e3o de apontar que o trabalho n\u00e3o ficou t\u00e3o impec\u00e1vel quanto deveria.<\/p>\n<h2>Tudo sobre &#8216;Superman&#8217;<\/h2>\n<p>Dirigido por James Gunn, Superman marca o in\u00edcio oficial do novo universo cinematogr\u00e1fico da DC com uma abordagem que mistura a\u00e7\u00e3o grandiosa, bom humor e emo\u00e7\u00e3o genu\u00edna.<\/p>\n<p><iframe title=\"Superman l Trailer Legendado\" width=\"800\" height=\"450\" src=\"https:\/\/www.youtube.com\/embed\/ZlgGewGUu-8?feature=oembed\" frameborder=\"0\" allow=\"accelerometer; autoplay; clipboard-write; encrypted-media; gyroscope; picture-in-picture; web-share\" referrerpolicy=\"strict-origin-when-cross-origin\" allowfullscreen><\/iframe><\/p>\n<p>Nesta nova vers\u00e3o, Clark Kent \u00e9 retratado como um her\u00f3i profundamente humano, guiado por sua compaix\u00e3o e pela cren\u00e7a de que a bondade ainda pode prevalecer no mundo. A proposta \u00e9 se afastar dos tons sombrios de vers\u00f5es anteriores e apresentar um Superman inspirador, que encara seus poderes como uma responsabilidade moral \u2014 n\u00e3o apenas como for\u00e7a bruta.<\/p>\n<p>No papel principal, David Corenswet assume o manto do Homem de A\u00e7o, enquanto Rachel Brosnahan vive a destemida rep\u00f3rter Lois Lane. O elenco traz ainda Nicholas Hoult como o vil\u00e3o Lex Luthor e Edi Gathegi como o Sr. Incr\u00edvel, al\u00e9m de participa\u00e7\u00f5es importantes de Anthony Carrigan (Metamorfo), Nathan Fillion (Lanterna Verde), Isabela Merced (Mulher-Gavi\u00e3o), Skyler Gisondo (Jimmy Olsen), Sara Sampaio (Eve Teschmacher), Wendell Pierce (Perry White) e Milly Alcock como a Supergirl. A diversidade de personagens promete estabelecer as bases para os pr\u00f3ximos cap\u00edtulos desse novo DCU.<\/p>\n","protected":false},"excerpt":{"rendered":"<p>Uma das estreias mais aguardadas de 2025, &#8216;Superman&#8217; conta com duas cenas p\u00f3s-cr\u00e9dito; saiba mais sobre cada uma delas<\/p>\n","protected":false},"author":21,"featured_media":54417,"comment_status":"open","ping_status":"open","sticky":false,"template":"","format":"standard","meta":{"_acf_changed":false,"footnotes":""},"categories":[3482],"tags":[4279,4683,3822,3556],"class_list":["post-54589","post","type-post","status-publish","format-standard","has-post-thumbnail","hentry","category-filmes-br","tag-dc-br","tag-james-gunn-br","tag-superman-br","tag-warner-bros-br"],"acf":{"subtitulo":"Uma das estreias mais aguardadas de 2025, 'Superman' conta com duas cenas p\u00f3s-cr\u00e9dito; saiba mais sobre cada uma delas","id_ator":""},"yoast_head":"<!-- This site is optimized with the Yoast SEO plugin v26.1.1 - https:\/\/yoast.com\/wordpress\/plugins\/seo\/ -->\n<title>&#039;Superman&#039;: Quais s\u00e3o as cenas p\u00f3s-cr\u00e9dito do filme - News Filmelier<\/title>\n<meta name=\"description\" content=\"Uma das estreias mais aguardadas de 2025, &#039;Superman&#039; conta com duas cenas p\u00f3s-cr\u00e9dito; saiba mais sobre cada uma delas\" \/>\n<meta name=\"robots\" content=\"index, follow, max-snippet:-1, max-image-preview:large, max-video-preview:-1\" \/>\n<link rel=\"canonical\" href=\"https:\/\/news.filmelier.com\/br\/superman-cena-pos-credito\/\" \/>\n<meta property=\"og:locale\" content=\"pt_BR\" \/>\n<meta property=\"og:type\" content=\"article\" \/>\n<meta property=\"og:title\" content=\"&#039;Superman&#039;: Quais s\u00e3o as cenas p\u00f3s-cr\u00e9dito do filme - News Filmelier\" \/>\n<meta property=\"og:description\" content=\"Uma das estreias mais aguardadas de 2025, &#039;Superman&#039; conta com duas cenas p\u00f3s-cr\u00e9dito; saiba mais sobre cada uma delas\" \/>\n<meta property=\"og:url\" content=\"https:\/\/news.filmelier.com\/br\/superman-cena-pos-credito\/\" \/>\n<meta property=\"og:site_name\" content=\"News Filmelier\" \/>\n<meta property=\"article:published_time\" content=\"2025-07-11T03:10:40+00:00\" \/>\n<meta property=\"og:image\" content=\"https:\/\/homolog.news.filmelier.com\/wp-content\/uploads\/2025\/07\/superman-justice-gang.webp\" \/>\n\t<meta property=\"og:image:width\" content=\"1200\" \/>\n\t<meta property=\"og:image:height\" content=\"800\" \/>\n\t<meta property=\"og:image:type\" content=\"image\/webp\" \/>\n<meta name=\"author\" content=\"Matheus Mans\" \/>\n<meta name=\"twitter:card\" content=\"summary_large_image\" \/>\n<meta name=\"twitter:label1\" content=\"Escrito por\" \/>\n\t<meta name=\"twitter:data1\" content=\"Matheus Mans\" \/>\n\t<meta name=\"twitter:label2\" content=\"Est. tempo de leitura\" \/>\n\t<meta name=\"twitter:data2\" content=\"3 minutos\" \/>\n<script type=\"application\/ld+json\" class=\"yoast-schema-graph\">{\"@context\":\"https:\/\/schema.org\",\"@graph\":[{\"@type\":\"Article\",\"@id\":\"https:\/\/news.filmelier.com\/br\/superman-cena-pos-credito\/#article\",\"isPartOf\":{\"@id\":\"https:\/\/news.filmelier.com\/br\/superman-cena-pos-credito\/\"},\"author\":{\"name\":\"Matheus Mans\",\"@id\":\"https:\/\/homolog.news.filmelier.com\/br\/#\/schema\/person\/bed674124135ac4309c6d6286a06b8d2\"},\"headline\":\"&#8216;Superman&#8217;: Quais s\u00e3o as cenas p\u00f3s-cr\u00e9dito do filme\",\"datePublished\":\"2025-07-11T03:10:40+00:00\",\"mainEntityOfPage\":{\"@id\":\"https:\/\/news.filmelier.com\/br\/superman-cena-pos-credito\/\"},\"wordCount\":432,\"commentCount\":0,\"publisher\":{\"@id\":\"https:\/\/homolog.news.filmelier.com\/br\/#organization\"},\"image\":{\"@id\":\"https:\/\/news.filmelier.com\/br\/superman-cena-pos-credito\/#primaryimage\"},\"thumbnailUrl\":\"https:\/\/news.filmelier.com\/wp-content\/uploads\/2025\/07\/superman-justice-gang.webp\",\"keywords\":[\"DC\",\"James Gunn\",\"Superman\",\"Warner Bros.\"],\"articleSection\":[\"Filmes\"],\"inLanguage\":\"pt-BR\",\"potentialAction\":[{\"@type\":\"CommentAction\",\"name\":\"Comment\",\"target\":[\"https:\/\/news.filmelier.com\/br\/superman-cena-pos-credito\/#respond\"]}]},{\"@type\":\"WebPage\",\"@id\":\"https:\/\/news.filmelier.com\/br\/superman-cena-pos-credito\/\",\"url\":\"https:\/\/news.filmelier.com\/br\/superman-cena-pos-credito\/\",\"name\":\"'Superman': Quais s\u00e3o as cenas p\u00f3s-cr\u00e9dito do filme - News Filmelier\",\"isPartOf\":{\"@id\":\"https:\/\/homolog.news.filmelier.com\/br\/#website\"},\"primaryImageOfPage\":{\"@id\":\"https:\/\/news.filmelier.com\/br\/superman-cena-pos-credito\/#primaryimage\"},\"image\":{\"@id\":\"https:\/\/news.filmelier.com\/br\/superman-cena-pos-credito\/#primaryimage\"},\"thumbnailUrl\":\"https:\/\/news.filmelier.com\/wp-content\/uploads\/2025\/07\/superman-justice-gang.webp\",\"datePublished\":\"2025-07-11T03:10:40+00:00\",\"description\":\"Uma das estreias mais aguardadas de 2025, 'Superman' conta com duas cenas p\u00f3s-cr\u00e9dito; saiba mais sobre cada uma delas\",\"breadcrumb\":{\"@id\":\"https:\/\/news.filmelier.com\/br\/superman-cena-pos-credito\/#breadcrumb\"},\"inLanguage\":\"pt-BR\",\"potentialAction\":[{\"@type\":\"ReadAction\",\"target\":[\"https:\/\/news.filmelier.com\/br\/superman-cena-pos-credito\/\"]}]},{\"@type\":\"ImageObject\",\"inLanguage\":\"pt-BR\",\"@id\":\"https:\/\/news.filmelier.com\/br\/superman-cena-pos-credito\/#primaryimage\",\"url\":\"https:\/\/news.filmelier.com\/wp-content\/uploads\/2025\/07\/superman-justice-gang.webp\",\"contentUrl\":\"https:\/\/news.filmelier.com\/wp-content\/uploads\/2025\/07\/superman-justice-gang.webp\",\"width\":1200,\"height\":800,\"caption\":\"(Cr\u00e9dito: Warner Bros. Pictues)\"},{\"@type\":\"BreadcrumbList\",\"@id\":\"https:\/\/news.filmelier.com\/br\/superman-cena-pos-credito\/#breadcrumb\",\"itemListElement\":[{\"@type\":\"ListItem\",\"position\":1,\"name\":\"In\u00edcio\",\"item\":\"https:\/\/homolog.news.filmelier.com\/br\/\"},{\"@type\":\"ListItem\",\"position\":2,\"name\":\"&#8216;Superman&#8217;: Quais s\u00e3o as cenas p\u00f3s-cr\u00e9dito do filme\"}]},{\"@type\":\"WebSite\",\"@id\":\"https:\/\/homolog.news.filmelier.com\/br\/#website\",\"url\":\"https:\/\/homolog.news.filmelier.com\/br\/\",\"name\":\"Homolog Filmelier News Rankrup\",\"description\":\"\",\"publisher\":{\"@id\":\"https:\/\/homolog.news.filmelier.com\/br\/#organization\"},\"potentialAction\":[{\"@type\":\"SearchAction\",\"target\":{\"@type\":\"EntryPoint\",\"urlTemplate\":\"https:\/\/homolog.news.filmelier.com\/br\/?s={search_term_string}\"},\"query-input\":{\"@type\":\"PropertyValueSpecification\",\"valueRequired\":true,\"valueName\":\"search_term_string\"}}],\"inLanguage\":\"pt-BR\"},{\"@type\":\"Organization\",\"@id\":\"https:\/\/homolog.news.filmelier.com\/br\/#organization\",\"name\":\"Homolog Filmelier News Rankrup\",\"url\":\"https:\/\/homolog.news.filmelier.com\/br\/\",\"logo\":{\"@type\":\"ImageObject\",\"inLanguage\":\"pt-BR\",\"@id\":\"https:\/\/homolog.news.filmelier.com\/br\/#\/schema\/logo\/image\/\",\"url\":\"https:\/\/news.filmelier.com\/wp-content\/uploads\/2024\/11\/Logo-News.png\",\"contentUrl\":\"https:\/\/news.filmelier.com\/wp-content\/uploads\/2024\/11\/Logo-News.png\",\"width\":460,\"height\":108,\"caption\":\"Homolog Filmelier News Rankrup\"},\"image\":{\"@id\":\"https:\/\/homolog.news.filmelier.com\/br\/#\/schema\/logo\/image\/\"}},{\"@type\":\"Person\",\"@id\":\"https:\/\/homolog.news.filmelier.com\/br\/#\/schema\/person\/bed674124135ac4309c6d6286a06b8d2\",\"name\":\"Matheus Mans\",\"image\":{\"@type\":\"ImageObject\",\"inLanguage\":\"pt-BR\",\"@id\":\"https:\/\/homolog.news.filmelier.com\/br\/#\/schema\/person\/image\/\",\"url\":\"https:\/\/secure.gravatar.com\/avatar\/6d2ce80225ec344e6533f7d7e6d801e11991009ea7dfa33b3bb9117b245ebd33?s=96&d=mm&r=g\",\"contentUrl\":\"https:\/\/secure.gravatar.com\/avatar\/6d2ce80225ec344e6533f7d7e6d801e11991009ea7dfa33b3bb9117b245ebd33?s=96&d=mm&r=g\",\"caption\":\"Matheus Mans\"},\"url\":\"https:\/\/news.filmelier.com\/br\/author\/matheus\/\"}]}<\/script>\n<!-- \/ Yoast SEO plugin. -->","yoast_head_json":{"title":"'Superman': Quais s\u00e3o as cenas p\u00f3s-cr\u00e9dito do filme - News Filmelier","description":"Uma das estreias mais aguardadas de 2025, 'Superman' conta com duas cenas p\u00f3s-cr\u00e9dito; saiba mais sobre cada uma delas","robots":{"index":"index","follow":"follow","max-snippet":"max-snippet:-1","max-image-preview":"max-image-preview:large","max-video-preview":"max-video-preview:-1"},"canonical":"https:\/\/news.filmelier.com\/br\/superman-cena-pos-credito\/","og_locale":"pt_BR","og_type":"article","og_title":"'Superman': Quais s\u00e3o as cenas p\u00f3s-cr\u00e9dito do filme - News Filmelier","og_description":"Uma das estreias mais aguardadas de 2025, 'Superman' conta com duas cenas p\u00f3s-cr\u00e9dito; saiba mais sobre cada uma delas","og_url":"https:\/\/news.filmelier.com\/br\/superman-cena-pos-credito\/","og_site_name":"News Filmelier","article_published_time":"2025-07-11T03:10:40+00:00","og_image":[{"width":1200,"height":800,"url":"https:\/\/homolog.news.filmelier.com\/wp-content\/uploads\/2025\/07\/superman-justice-gang.webp","type":"image\/webp"}],"author":"Matheus Mans","twitter_card":"summary_large_image","twitter_misc":{"Escrito por":"Matheus Mans","Est. tempo de leitura":"3 minutos"},"schema":{"@context":"https:\/\/schema.org","@graph":[{"@type":"Article","@id":"https:\/\/news.filmelier.com\/br\/superman-cena-pos-credito\/#article","isPartOf":{"@id":"https:\/\/news.filmelier.com\/br\/superman-cena-pos-credito\/"},"author":{"name":"Matheus Mans","@id":"https:\/\/homolog.news.filmelier.com\/br\/#\/schema\/person\/bed674124135ac4309c6d6286a06b8d2"},"headline":"&#8216;Superman&#8217;: Quais s\u00e3o as cenas p\u00f3s-cr\u00e9dito do filme","datePublished":"2025-07-11T03:10:40+00:00","mainEntityOfPage":{"@id":"https:\/\/news.filmelier.com\/br\/superman-cena-pos-credito\/"},"wordCount":432,"commentCount":0,"publisher":{"@id":"https:\/\/homolog.news.filmelier.com\/br\/#organization"},"image":{"@id":"https:\/\/news.filmelier.com\/br\/superman-cena-pos-credito\/#primaryimage"},"thumbnailUrl":"https:\/\/news.filmelier.com\/wp-content\/uploads\/2025\/07\/superman-justice-gang.webp","keywords":["DC","James Gunn","Superman","Warner Bros."],"articleSection":["Filmes"],"inLanguage":"pt-BR","potentialAction":[{"@type":"CommentAction","name":"Comment","target":["https:\/\/news.filmelier.com\/br\/superman-cena-pos-credito\/#respond"]}]},{"@type":"WebPage","@id":"https:\/\/news.filmelier.com\/br\/superman-cena-pos-credito\/","url":"https:\/\/news.filmelier.com\/br\/superman-cena-pos-credito\/","name":"'Superman': Quais s\u00e3o as cenas p\u00f3s-cr\u00e9dito do filme - News Filmelier","isPartOf":{"@id":"https:\/\/homolog.news.filmelier.com\/br\/#website"},"primaryImageOfPage":{"@id":"https:\/\/news.filmelier.com\/br\/superman-cena-pos-credito\/#primaryimage"},"image":{"@id":"https:\/\/news.filmelier.com\/br\/superman-cena-pos-credito\/#primaryimage"},"thumbnailUrl":"https:\/\/news.filmelier.com\/wp-content\/uploads\/2025\/07\/superman-justice-gang.webp","datePublished":"2025-07-11T03:10:40+00:00","description":"Uma das estreias mais aguardadas de 2025, 'Superman' conta com duas cenas p\u00f3s-cr\u00e9dito; saiba mais sobre cada uma delas","breadcrumb":{"@id":"https:\/\/news.filmelier.com\/br\/superman-cena-pos-credito\/#breadcrumb"},"inLanguage":"pt-BR","potentialAction":[{"@type":"ReadAction","target":["https:\/\/news.filmelier.com\/br\/superman-cena-pos-credito\/"]}]},{"@type":"ImageObject","inLanguage":"pt-BR","@id":"https:\/\/news.filmelier.com\/br\/superman-cena-pos-credito\/#primaryimage","url":"https:\/\/news.filmelier.com\/wp-content\/uploads\/2025\/07\/superman-justice-gang.webp","contentUrl":"https:\/\/news.filmelier.com\/wp-content\/uploads\/2025\/07\/superman-justice-gang.webp","width":1200,"height":800,"caption":"(Cr\u00e9dito: Warner Bros. Pictues)"},{"@type":"BreadcrumbList","@id":"https:\/\/news.filmelier.com\/br\/superman-cena-pos-credito\/#breadcrumb","itemListElement":[{"@type":"ListItem","position":1,"name":"In\u00edcio","item":"https:\/\/homolog.news.filmelier.com\/br\/"},{"@type":"ListItem","position":2,"name":"&#8216;Superman&#8217;: Quais s\u00e3o as cenas p\u00f3s-cr\u00e9dito do filme"}]},{"@type":"WebSite","@id":"https:\/\/homolog.news.filmelier.com\/br\/#website","url":"https:\/\/homolog.news.filmelier.com\/br\/","name":"Homolog Filmelier News Rankrup","description":"","publisher":{"@id":"https:\/\/homolog.news.filmelier.com\/br\/#organization"},"potentialAction":[{"@type":"SearchAction","target":{"@type":"EntryPoint","urlTemplate":"https:\/\/homolog.news.filmelier.com\/br\/?s={search_term_string}"},"query-input":{"@type":"PropertyValueSpecification","valueRequired":true,"valueName":"search_term_string"}}],"inLanguage":"pt-BR"},{"@type":"Organization","@id":"https:\/\/homolog.news.filmelier.com\/br\/#organization","name":"Homolog Filmelier News Rankrup","url":"https:\/\/homolog.news.filmelier.com\/br\/","logo":{"@type":"ImageObject","inLanguage":"pt-BR","@id":"https:\/\/homolog.news.filmelier.com\/br\/#\/schema\/logo\/image\/","url":"https:\/\/news.filmelier.com\/wp-content\/uploads\/2024\/11\/Logo-News.png","contentUrl":"https:\/\/news.filmelier.com\/wp-content\/uploads\/2024\/11\/Logo-News.png","width":460,"height":108,"caption":"Homolog Filmelier News Rankrup"},"image":{"@id":"https:\/\/homolog.news.filmelier.com\/br\/#\/schema\/logo\/image\/"}},{"@type":"Person","@id":"https:\/\/homolog.news.filmelier.com\/br\/#\/schema\/person\/bed674124135ac4309c6d6286a06b8d2","name":"Matheus Mans","image":{"@type":"ImageObject","inLanguage":"pt-BR","@id":"https:\/\/homolog.news.filmelier.com\/br\/#\/schema\/person\/image\/","url":"https:\/\/secure.gravatar.com\/avatar\/6d2ce80225ec344e6533f7d7e6d801e11991009ea7dfa33b3bb9117b245ebd33?s=96&d=mm&r=g","contentUrl":"https:\/\/secure.gravatar.com\/avatar\/6d2ce80225ec344e6533f7d7e6d801e11991009ea7dfa33b3bb9117b245ebd33?s=96&d=mm&r=g","caption":"Matheus Mans"},"url":"https:\/\/news.filmelier.com\/br\/author\/matheus\/"}]}},"_links":{"self":[{"href":"https:\/\/news.filmelier.com\/br\/wp-json\/wp\/v2\/posts\/54589","targetHints":{"allow":["GET"]}}],"collection":[{"href":"https:\/\/news.filmelier.com\/br\/wp-json\/wp\/v2\/posts"}],"about":[{"href":"https:\/\/news.filmelier.com\/br\/wp-json\/wp\/v2\/types\/post"}],"author":[{"embeddable":true,"href":"https:\/\/news.filmelier.com\/br\/wp-json\/wp\/v2\/users\/21"}],"replies":[{"embeddable":true,"href":"https:\/\/news.filmelier.com\/br\/wp-json\/wp\/v2\/comments?post=54589"}],"version-history":[{"count":1,"href":"https:\/\/news.filmelier.com\/br\/wp-json\/wp\/v2\/posts\/54589\/revisions"}],"predecessor-version":[{"id":54590,"href":"https:\/\/news.filmelier.com\/br\/wp-json\/wp\/v2\/posts\/54589\/revisions\/54590"}],"wp:featuredmedia":[{"embeddable":true,"href":"https:\/\/news.filmelier.com\/br\/wp-json\/wp\/v2\/media\/54417"}],"wp:attachment":[{"href":"https:\/\/news.filmelier.com\/br\/wp-json\/wp\/v2\/media?parent=54589"}],"wp:term":[{"taxonomy":"category","embeddable":true,"href":"https:\/\/news.filmelier.com\/br\/wp-json\/wp\/v2\/categories?post=54589"},{"taxonomy":"post_tag","embeddable":true,"href":"https:\/\/news.filmelier.com\/br\/wp-json\/wp\/v2\/tags?post=54589"}],"curies":[{"name":"wp","href":"https:\/\/api.w.org\/{rel}","templated":true}]}}