{"id":50727,"date":"2022-11-09T11:28:38","date_gmt":"2022-11-09T14:28:38","guid":{"rendered":"https:\/\/news.filmelier.com\/?p=50727"},"modified":"2025-07-14T18:54:20","modified_gmt":"2025-07-14T21:54:20","slug":"namor-o-vilao-de-pantera-negra-wakanda-para-sempre","status":"publish","type":"post","link":"https:\/\/news.filmelier.com\/br\/namor-o-vilao-de-pantera-negra-wakanda-para-sempre\/","title":{"rendered":"Namor, o vil\u00e3o de \u2019Pantera Negra: Wakanda Para Sempre\u2019"},"content":{"rendered":"<p><a href=\"https:\/\/www.filmelier.com\/br\/filmes\/21242\/pantera-negra-wakanda-para-sempre\"><i><span style=\"font-weight: 400;\">Pantera Negra: Wakanda para Sempre<\/span><\/i><\/a><span style=\"font-weight: 400;\"> \u00e9 o filme que encerra a Fase 4 do <\/span><a href=\"https:\/\/www.filmelier.com\/br\/list\/o-universo-marvel\"><span style=\"font-weight: 400;\">Universo Cinematogr\u00e1fico Marvel<\/span><\/a><span style=\"font-weight: 400;\"> (UCM). Um dos destaques \u00e9 a inclus\u00e3o de Namor como o vil\u00e3o, aqui interpretado pelo ator mexicano Tenoch Huerta.<\/span><\/p>\n<figure id=\"attachment_49194\" aria-describedby=\"caption-attachment-49194\" style=\"width: 1280px\" class=\"wp-caption alignnone\"><img fetchpriority=\"high\" decoding=\"async\" class=\"size-full wp-image-49194\" src=\"https:\/\/news.filmelier.com\/wp-content\/uploads\/2025\/06\/vilao-namor-1.webp\" alt=\"Primeiro plano de Tenoch Huerta como Namor em Pantera Negra: Wakanda Para Sempre, com express\u00e3o s\u00e9ria e determinada. Ele usa adornos de orelha verdes, colares de contas brancas e detalhes azuis t\u00edpicos da cultura maia, representando o poderoso governante do reino submarino de Talokan.\" width=\"1280\" height=\"720\" srcset=\"https:\/\/news.filmelier.com\/wp-content\/uploads\/2025\/06\/vilao-namor-1.webp 1280w, https:\/\/news.filmelier.com\/wp-content\/uploads\/2025\/06\/vilao-namor-1-300x169.webp 300w, https:\/\/news.filmelier.com\/wp-content\/uploads\/2025\/06\/vilao-namor-1-1024x576.webp 1024w, https:\/\/news.filmelier.com\/wp-content\/uploads\/2025\/06\/vilao-namor-1-768x432.webp 768w, https:\/\/news.filmelier.com\/wp-content\/uploads\/2025\/06\/vilao-namor-1-150x84.webp 150w\" sizes=\"(max-width: 1280px) 100vw, 1280px\" \/><figcaption id=\"caption-attachment-49194\" class=\"wp-caption-text\"><em>Primeiro plano de Tenoch Huerta como Namor em Pantera Negra: Wakanda Para Sempre. (Cr\u00e9dito: TMDB)<\/em><\/figcaption><\/figure>\n<p><span style=\"font-weight: 400;\">Na sequ\u00eancia de <\/span><a href=\"https:\/\/www.filmelier.com\/br\/list\/o-universo-marvel\"><i><span style=\"font-weight: 400;\">Pantera Negra<\/span><\/i><\/a><span style=\"font-weight: 400;\">, o personagem apresentado como o vil\u00e3o faz a sua estreia em uma franquia de filmes j\u00e1 estabelecida e de longa data. No entanto, em suas origens, \u00e9 um dos nomes mais antigos nas p\u00e1ginas da editora Marvel Comics. T\u00e3o antiga, ali\u00e1s, que a empresa nem tinha esse nome ainda.<\/span><\/p>\n<h2>Qual \u00e9 a origem do vil\u00e3o do Pantera Negra nos quadrinhos?<\/h2>\n<h3>Antes da Marvel Comics<\/h3>\n<p><span style=\"font-weight: 400;\">Tamb\u00e9m conhecido como <\/span><i><span style=\"font-weight: 400;\">The Submariner<\/span><\/i><span style=\"font-weight: 400;\">, Namor foi criado pelo artista e escritor Bill Everett para a Marvel Mystery Comics #1 de 1939, a primeira edi\u00e7\u00e3o da Timely Comics, a entidade que acabaria adotando o nome Marvel Comics em 1961.<\/span><\/p>\n<p><span style=\"font-weight: 400;\">Everett criou esse personagem como um habitante do mundo aqu\u00e1tico, como <\/span><a href=\"http:\/\/sequart.org\/magazine\/65474\/the-brilliance-of-bill-everett%E2%80%99s-sub-mariner-marvel%E2%80%99s-superman\/\"><span style=\"font-weight: 400;\">resposta<\/span><\/a><span style=\"font-weight: 400;\"> ao personagem de Carl Burgos: Tocha Humana (n\u00e3o o do <\/span><a href=\"https:\/\/www.filmelier.com\/br\/filmes\/28578\/quarteto-fantastico-primeiros-passos\"><i><span style=\"font-weight: 400;\">Quarteto Fant\u00e1stico<\/span><\/i><\/a><span style=\"font-weight: 400;\">, mas sim um androide chamado Jim Hammons), que era capaz de cobrir seu corpo com fogo.<\/span><\/p>\n<p><span style=\"font-weight: 400;\">A din\u00e2mica &#8220;fogo e \u00e1gua&#8221; provou ser bem-sucedida, levando \u00e0 primeira hist\u00f3ria em quadrinhos abrangendo mais de um quadrinho. Foi tamb\u00e9m a primeira luta entre super-her\u00f3is em qualquer meio.<\/span><\/p>\n<p><span style=\"font-weight: 400;\">De acordo com Everett, sua inspira\u00e7\u00e3o para o personagem veio do poema de 1798, <\/span><i><span style=\"font-weight: 400;\">The Rime of the Ancient Mariner<\/span><\/i><span style=\"font-weight: 400;\">, escrito por Samuel Taylor Coleridge. No entanto, seu nome se originou da escrita de t\u00edtulos &#8220;nobres&#8221; ao contr\u00e1rio, escolhendo &#8220;Roman&#8221; (invertido, Namor).<\/span><\/p>\n<figure id=\"attachment_49217\" aria-describedby=\"caption-attachment-49217\" style=\"width: 1280px\" class=\"wp-caption alignnone\"><img decoding=\"async\" class=\"size-full wp-image-49217\" src=\"https:\/\/news.filmelier.com\/wp-content\/uploads\/2022\/11\/marvel-mystery-comics-4-1-1.webp\" alt=\"A primeira apari\u00e7\u00e3o de Namor na capa foi em Marvel Mystery Comics #4.\" width=\"1280\" height=\"720\" srcset=\"https:\/\/news.filmelier.com\/wp-content\/uploads\/2022\/11\/marvel-mystery-comics-4-1-1.webp 1280w, https:\/\/news.filmelier.com\/wp-content\/uploads\/2022\/11\/marvel-mystery-comics-4-1-1-300x169.webp 300w, https:\/\/news.filmelier.com\/wp-content\/uploads\/2022\/11\/marvel-mystery-comics-4-1-1-1024x576.webp 1024w, https:\/\/news.filmelier.com\/wp-content\/uploads\/2022\/11\/marvel-mystery-comics-4-1-1-768x432.webp 768w, https:\/\/news.filmelier.com\/wp-content\/uploads\/2022\/11\/marvel-mystery-comics-4-1-1-150x84.webp 150w\" sizes=\"(max-width: 1280px) 100vw, 1280px\" \/><figcaption id=\"caption-attachment-49217\" class=\"wp-caption-text\"><em>A primeira apari\u00e7\u00e3o de Namor na capa foi em Marvel Mystery Comics #4. (Cr\u00e9dito: Marvel Comics)<\/em><\/figcaption><\/figure>\n<p><span style=\"font-weight: 400;\">O autor <\/span><a href=\"https:\/\/www.thestar.com.my\/lifestyle\/viewpoints\/worlds-of-wonder\/2014\/02\/25\/namor-the-submariner-first-among-marvels\/\"><span style=\"font-weight: 400;\">descreveu<\/span><\/a><span style=\"font-weight: 400;\"> Namor como: \u201cum ultra homem das profundezas que vive na terra e no mar, devolvido pelo ar e tem o poder de mil homens da superf\u00edcie\u201d.<\/span><\/p>\n<p><span style=\"font-weight: 400;\">Seu car\u00e1ter de anti-her\u00f3i remonta \u00e0s suas origens, j\u00e1 que Namor era originalmente um agente do caos e inimigo dos Estados Unidos. No entanto, no futuro, ele foi visto lutando ao lado dos Aliados na Segunda Guerra Mundial. J\u00e1 na era da Marvel Comics e por meio de continuidade retroativa, ficou estabelecido que Namor fazia parte da equipe dos Invasores durante a guerra, junto com o <\/span><a href=\"https:\/\/www.filmelier.com\/br\/filmes\/6032\/capitao-america-o-primeiro-vingador\"><span style=\"font-weight: 400;\">Capit\u00e3o Am\u00e9rica<\/span><\/a><span style=\"font-weight: 400;\"> e o Tocha Humana.<\/span><\/p>\n<p><span style=\"font-weight: 400;\">Anos depois, quando a editora adotou o nome Atlas Comics, o personagem permaneceu em grande parte sem uso (exceto por outras incurs\u00f5es com o Capit\u00e3o Am\u00e9rica e o Tocha Humana), apesar de ter sua pr\u00f3pria s\u00e9rie de quadrinhos.<\/span><\/p>\n<h3>Mutante e inimigo do Quarteto Fant\u00e1stico<\/h3>\n<p><span style=\"font-weight: 400;\">De volta \u00e0 era da Marvel Comics, Namor voltou \u00e0s p\u00e1ginas de quadrinhos em <\/span><i><span style=\"font-weight: 400;\">Fantastic Four #4<\/span><\/i><span style=\"font-weight: 400;\">, e de uma forma um tanto estranha. Um dos Quartetos Fant\u00e1sticos, Johnny Storm, o descobre como um andarilho amn\u00e9sico em Manhattan.<\/span><\/p>\n<p><span style=\"font-weight: 400;\">Ap\u00f3s recuperar sua mem\u00f3ria com a ajuda de Sue Storm, Namor retorna para sua casa nas profundezas, um lugar j\u00e1 identificado como Atl\u00e2ntida. No entanto, encontrando-o destru\u00eddo por testes nucleares, ele jura vingan\u00e7a contra a humanidade. Isso o coloca no caminho do Quarteto Fant\u00e1stico v\u00e1rias vezes nas p\u00e1ginas de quadrinhos.<\/span><\/p>\n<p><span style=\"font-weight: 400;\">\u00c9 nessa \u00e9poca que suas motiva\u00e7\u00f5es, caracter\u00edsticas e mitologia come\u00e7am a ser melhor elaboradas: ele \u00e9 um rei do reino subaqu\u00e1tico da Atl\u00e2ntida, filho de uma princesa atlante e de um explorador humano. Ele tamb\u00e9m fala em uma l\u00edngua quase shakespeariana e at\u00e9 adotou um grito de guerra de marca registrada: &#8220;Imperius Rex!&#8221;<\/span><\/p>\n<figure id=\"attachment_49207\" aria-describedby=\"caption-attachment-49207\" style=\"width: 1280px\" class=\"wp-caption alignnone\"><img decoding=\"async\" class=\"size-full wp-image-49207\" src=\"https:\/\/news.filmelier.com\/wp-content\/uploads\/2022\/11\/namor-quadrinhos-guerra-civil-2006-1-1.webp\" alt=\"Namor interv\u00e9m no evento de quadrinhos da 'Guerra Civil', 2006\" width=\"1280\" height=\"720\" srcset=\"https:\/\/news.filmelier.com\/wp-content\/uploads\/2022\/11\/namor-quadrinhos-guerra-civil-2006-1-1.webp 1280w, https:\/\/news.filmelier.com\/wp-content\/uploads\/2022\/11\/namor-quadrinhos-guerra-civil-2006-1-1-300x169.webp 300w, https:\/\/news.filmelier.com\/wp-content\/uploads\/2022\/11\/namor-quadrinhos-guerra-civil-2006-1-1-1024x576.webp 1024w, https:\/\/news.filmelier.com\/wp-content\/uploads\/2022\/11\/namor-quadrinhos-guerra-civil-2006-1-1-768x432.webp 768w, https:\/\/news.filmelier.com\/wp-content\/uploads\/2022\/11\/namor-quadrinhos-guerra-civil-2006-1-1-150x84.webp 150w\" sizes=\"(max-width: 1280px) 100vw, 1280px\" \/><figcaption id=\"caption-attachment-49207\" class=\"wp-caption-text\"><em>Namor interv\u00e9m no evento de quadrinhos da &#8216;Guerra Civil&#8217;, 2006. (Cr\u00e9dito: Marvel Comics)<\/em><\/figcaption><\/figure>\n<p><span style=\"font-weight: 400;\">Nesses mesmos anos, Namor \u00e9 designado retroativamente como um mutante, pertencente \u00e0 mesma subesp\u00e9cie de personagens vistos nos quadrinhos dos <\/span><a href=\"https:\/\/www.filmelier.com\/br\/filmes\/3564\/x-men-o-filme\"><span style=\"font-weight: 400;\">X-Men<\/span><\/a><span style=\"font-weight: 400;\"> . Ele \u00e9 popularmente conhecido como o &#8220;primeiro mutante&#8221; da Marvel, j\u00e1 que foi o primeiro deles apresentado pela editora, embora tenha havido outros dentro da cronologia da fic\u00e7\u00e3o.<\/span><\/p>\n<p><span style=\"font-weight: 400;\">Como um mutante, seus poderes variam de for\u00e7a sobre-humana, velocidade, resist\u00eancia e reflexos, a telepatia, a capacidade de se mover e respirar debaixo d&#8217;\u00e1gua, voar indefinidamente (gra\u00e7as \u00e0s asas em seus tornozelos) e a capacidade de manipular a \u00e1gua, entre outros. pot\u00eancias vari\u00e1veis \u200b\u200b(mudam de acordo com o tempo e os autores).<\/span><\/p>\n<h3>O salto complicado do vil\u00e3o do Pantera Negra para o cinema<\/h3>\n<p><span style=\"font-weight: 400;\">No caso de um personagem t\u00e3o popular e longevo dos quadrinhos (quase t\u00e3o longo quanto o Super-Homem), podemos nos perguntar por que sua chegada ao cinema demorou tantos anos. Como \u00e9 frequente nestes casos, h\u00e1 uma resposta curta: direitos de adapta\u00e7\u00e3o.<\/span><\/p>\n<p><span style=\"font-weight: 400;\">Sim, houve, no passado, tentativas de levar Namor ao cinema com um filme solo. Em 1997, o diretor Philip Kaufman entrou em negocia\u00e7\u00f5es com a Marvel Studios para dirigir um filme intitulado <\/span><i><span style=\"font-weight: 400;\">Namor: The Sub-Mariner<\/span><\/i><span style=\"font-weight: 400;\">, que teria o personagem como her\u00f3i e abordaria quest\u00f5es ambientais.<\/span><\/p>\n<p><span style=\"font-weight: 400;\">Naquela \u00e9poca, a Marvel Studios era uma divis\u00e3o da Marvel Entertainment que se encarregava de gerenciar a pr\u00e9-produ\u00e7\u00e3o dos filmes com base em suas propriedades. O est\u00fadio encomendou roteiros e contratou diretores e elenco, e depois ofereceu esse &#8220;pacote&#8221; e produziu o filme em alian\u00e7a com um dos grandes est\u00fadios (como era o caso dos filmes do <\/span><a href=\"https:\/\/www.filmelier.com\/br\/filmes\/3404\/homem-aranha\"><span style=\"font-weight: 400;\">Homem-Aranha<\/span><\/a><span style=\"font-weight: 400;\"> na \u00e9poca).\u00a0<\/span><\/p>\n<p><span style=\"font-weight: 400;\">Neste caso, a escolhida foi a Universal Pictures. \u00c9 por isso que, nos anos seguintes, os direitos cinematogr\u00e1ficos de Namor foram &#8220;complicados&#8221;, como <\/span><a href=\"https:\/\/www.ign.com\/articles\/2014\/05\/19\/rumor-legendaryuniversalas-secret-project-is-marvelas-namor-the-sub-mariner\"><span style=\"font-weight: 400;\">descreve<\/span><\/a><span style=\"font-weight: 400;\"> a situa\u00e7\u00e3o o chefe da Marvel Studios, Kevin Feige. Ainda em 2014, <\/span><a href=\"https:\/\/www.ign.com\/articles\/2014\/05\/19\/rumor-legendaryuniversalas-secret-project-is-marvelas-namor-the-sub-mariner\"><span style=\"font-weight: 400;\">havia rumores<\/span><\/a><span style=\"font-weight: 400;\"> de que a Universal e a Legendary Pictures estavam co-produzindo o filme juntas. N\u00e3o foi <\/span><a href=\"https:\/\/www.cbr.com\/namor-mcu-movie-plans\/\"><span style=\"font-weight: 400;\">at\u00e9 2018<\/span><\/a><span style=\"font-weight: 400;\"> que Feige confirmou que, apesar das complica\u00e7\u00f5es persistentes, o personagem j\u00e1 poderia aparecer em alguma produ\u00e7\u00e3o do MCU.<\/span><\/p>\n<h3>Kukulc\u00e1n: o vil\u00e3o do Pantera Negra com influ\u00eancias pr\u00e9-hisp\u00e2nicas<\/h3>\n<p><span style=\"font-weight: 400;\">O salto de Namor para a tela grande, como j\u00e1 sabemos, veio com <\/span><i><span style=\"font-weight: 400;\">Pantera Negra: Wakanda para Sempre<\/span><\/i><span style=\"font-weight: 400;\">. Essa nova fase do MCU retornou o personagem \u00e0s suas ra\u00edzes como vil\u00e3o, embora em muitos outros aspectos, ele possa ser um personagem completamente diferente.<\/span><\/p>\n<p><span style=\"font-weight: 400;\">Para esta vers\u00e3o cinematogr\u00e1fica, a Marvel Studios reinventou o personagem n\u00e3o como o rei da Atl\u00e2ntida, mas de Tlalocan. Quem conhece a mitologia das culturas mesoamericanas pr\u00e9-hisp\u00e2nicas sabe que este \u00e9 o nome do para\u00edso governado por Tlaloc, deus dos raios, chuva e terremotos, na cosmogonia mexicana.<\/span><\/p>\n<figure id=\"attachment_49212\" aria-describedby=\"caption-attachment-49212\" style=\"width: 1000px\" class=\"wp-caption alignnone\"><img loading=\"lazy\" decoding=\"async\" class=\"size-full wp-image-49212\" src=\"https:\/\/news.filmelier.com\/wp-content\/uploads\/2022\/11\/o-figurino-mesoamericano-de-namor.webp\" alt=\"As roupas desta vers\u00e3o do her\u00f3i s\u00e3o claramente inspiradas nas culturas mesoamericanas pr\u00e9-hisp\u00e2nicas \" width=\"1000\" height=\"559\" srcset=\"https:\/\/news.filmelier.com\/wp-content\/uploads\/2022\/11\/o-figurino-mesoamericano-de-namor.webp 1000w, https:\/\/news.filmelier.com\/wp-content\/uploads\/2022\/11\/o-figurino-mesoamericano-de-namor-300x168.webp 300w, https:\/\/news.filmelier.com\/wp-content\/uploads\/2022\/11\/o-figurino-mesoamericano-de-namor-768x429.webp 768w, https:\/\/news.filmelier.com\/wp-content\/uploads\/2022\/11\/o-figurino-mesoamericano-de-namor-150x84.webp 150w\" sizes=\"(max-width: 1000px) 100vw, 1000px\" \/><figcaption id=\"caption-attachment-49212\" class=\"wp-caption-text\"><em>As roupas desta vers\u00e3o do her\u00f3i s\u00e3o claramente inspiradas nas culturas mesoamericanas pr\u00e9-hisp\u00e2nicas. (Cr\u00e9dito: Marvel Studios)<\/em><\/figcaption><\/figure>\n<p><span style=\"font-weight: 400;\">Em um dos trechos do filme, podemos at\u00e9 ouvir que Namor \u00e9 identificado como Kukulc\u00e1n. Este nome, da mitologia maia, significa &#8220;serpente emplumada&#8221;. Essa descri\u00e7\u00e3o tamb\u00e9m identifica o deus Quetzalc\u00f3atl (\u201cserpente com penas de quetzal\u201d) da mitologia asteca e outras divindades pr\u00e9-hisp\u00e2nicas associadas ao vento, \u00e0s artes, ao conhecimento e \u00e0 sabedoria.<\/span><\/p>\n<p><span style=\"font-weight: 400;\">Em outras palavras, esta vers\u00e3o de Namor surge como uma am\u00e1lgama de elementos de cosmogonias pr\u00e9-hisp\u00e2nicas, de forma semelhante a Wakanda e seus personagens s\u00e3o uma mistura da grande diversidade de culturas africanas.<\/span><\/p>\n<p><span style=\"font-weight: 400;\">O escolhido para encarnar o anti-her\u00f3i da Marvel no filme foi o mexicano Tenoch Huerta, que tem ascend\u00eancia ind\u00edgena Pur\u00e9pecha e Nahua. Sua estreia no cinema foi com o filme <\/span><i><span style=\"font-weight: 400;\">As\u00ed del precip\u00edcio<\/span><\/i><span style=\"font-weight: 400;\">, em 2006. Em 2009 trabalhou no filme <\/span><i><span style=\"font-weight: 400;\">Sem Identidade<\/span><\/i><span style=\"font-weight: 400;\">, de Cary Fukunaga e, nos anos seguintes, teve pap\u00e9is na s\u00e9rie <\/span><i><span style=\"font-weight: 400;\">Narcos: M\u00e9xico<\/span><\/i><span style=\"font-weight: 400;\"> e em franquias como <\/span><a href=\"https:\/\/www.filmelier.com\/br\/filmes\/16048\/uma-noite-de-crime-a-fronteira\"><i><span style=\"font-weight: 400;\">Uma Noite de Crime: A Fronteira<\/span><\/i><\/a><span style=\"font-weight: 400;\">.<br \/>\n<\/span><\/p>\n<h2>A rela\u00e7\u00e3o entre o vil\u00e3o do Pantera Negra e o her\u00f3i<\/h2>\n<p><span style=\"font-weight: 400;\">A rela\u00e7\u00e3o entre Namor e Wakanda, liderada por Shuri na aus\u00eancia de T&#8217;Challa, \u00e9 marcada por um conflito motivado pela necessidade de proteger suas respectivas na\u00e7\u00f5es secretas e tecnologicamente avan\u00e7adas.<\/span><\/p>\n<p><span style=\"font-weight: 400;\">Namor deseja manter Talokan escondida e segura do mundo exterior, especialmente ap\u00f3s a exposi\u00e7\u00e3o de Wakanda ao planeta, enquanto Wakanda busca defender seu territ\u00f3rio e seu povo contra a amea\u00e7a representada por Talokan. Esse embate reflete um choque entre dois l\u00edderes que veem a si mesmos como her\u00f3is de suas pr\u00f3prias hist\u00f3rias, cada um lutando para preservar seu povo e cultura.<\/span><\/p>\n<p><span style=\"font-weight: 400;\">Comparando Namor e Shuri\/T&#8217;Challa, ambos s\u00e3o governantes de na\u00e7\u00f5es isoladas, com tecnologia avan\u00e7ada e uma forte liga\u00e7\u00e3o cultural com suas origens. No entanto, Namor \u00e9 retratado com uma postura mais agressiva e desconfiada, disposto a tomar medidas extremas para proteger Talokan, enquanto Wakanda, embora tamb\u00e9m firme, busca equil\u00edbrio e prote\u00e7\u00e3o sem destruir seus inimigos.<\/span><\/p>\n<p><span style=\"font-weight: 400;\">Essa dualidade cria uma din\u00e2mica rica e complexa, onde o vil\u00e3o do Pantera Negra n\u00e3o \u00e9 um antagonista unidimensional, mas um l\u00edder que acredita estar agindo corretamente para seu povo.<\/span><\/p>\n<h2>As motiva\u00e7\u00f5es do vil\u00e3o do Pantera Negra<\/h2>\n<p><span style=\"font-weight: 400;\">Namor tem motiva\u00e7\u00f5es que v\u00e3o al\u00e9m do simples desejo de poder ou destrui\u00e7\u00e3o. Segundo o produtor Nate Moore, Namor \u00e9 um l\u00edder que acredita ser o her\u00f3i de sua pr\u00f3pria hist\u00f3ria, agindo para proteger seu povo que j\u00e1 sofreu uma hist\u00f3ria tr\u00e1gica.<\/span><\/p>\n<p><span style=\"font-weight: 400;\">Sua principal preocupa\u00e7\u00e3o \u00e9 manter Talokan, a civiliza\u00e7\u00e3o subaqu\u00e1tica que lidera, em segredo e segura do mundo exterior, especialmente ap\u00f3s a exposi\u00e7\u00e3o de Wakanda ao mundo ap\u00f3s os eventos do primeiro filme.<\/span><\/p>\n<p><span style=\"font-weight: 400;\">A origem de Namor no filme est\u00e1 ligada a um passado marcado pela coloniza\u00e7\u00e3o e sofrimento. Sua m\u00e3e, gr\u00e1vida dele, colheu uma planta submarina com propriedades do vibranium que curou seu povo da var\u00edola trazida pelos colonizadores, mas que tamb\u00e9m causou uma muta\u00e7\u00e3o que transformou os habitantes em seres adaptados ao mar, dando a Namor suas caracter\u00edsticas \u00fanicas.<\/span><\/p>\n<p><span style=\"font-weight: 400;\">Esse contexto hist\u00f3rico de invas\u00e3o e tentativa de escraviza\u00e7\u00e3o de seu povo alimenta a desconfian\u00e7a e o ressentimento de Namor em rela\u00e7\u00e3o ao mundo da superf\u00edcie, incluindo Wakanda.<\/span><\/p>\n<p><span style=\"font-weight: 400;\">Diferente do t\u00edpico vil\u00e3o que busca domina\u00e7\u00e3o pelo poder, Namor age movido por um instinto de sobreviv\u00eancia e prote\u00e7\u00e3o de sua cultura e territ\u00f3rio. Ele v\u00ea a amea\u00e7a representada por Wakanda e o interesse global pelo vibranium como um risco direto \u00e0 exist\u00eancia de Talokan, o que justifica seu posicionamento agressivo no conflito.<\/span><\/p>\n<p><span style=\"font-weight: 400;\">Essa postura \u00e9 refor\u00e7ada pela inspira\u00e7\u00e3o do filme na cultura maia e na busca por um realismo que ancore Talokan em uma hist\u00f3ria e identidade cultural profundas.<\/span><\/p>\n<h2>Semelhan\u00e7as e diferen\u00e7as entre Namor e T&#8217;Challa\/Shuri<\/h2>\n<p><span style=\"font-weight: 400;\">Namor e T&#8217;Challa (e posteriormente Shuri) compartilham v\u00e1rias caracter\u00edsticas que os aproximam como l\u00edderes de na\u00e7\u00f5es secretas e tecnologicamente avan\u00e7adas, mas tamb\u00e9m apresentam diferen\u00e7as marcantes que definem seus conflitos e personalidades no Universo Cinematogr\u00e1fico Marvel (UCM).<\/span><\/p>\n<p><span style=\"font-weight: 400;\">Ambos s\u00e3o governantes de povos isolados e protegidos do mundo exterior: Namor lidera Talokan, uma civiliza\u00e7\u00e3o subaqu\u00e1tica inspirada na cultura maia, enquanto T&#8217;Challa e depois Shuri comandam Wakanda, uma na\u00e7\u00e3o africana tecnologicamente avan\u00e7ada e tamb\u00e9m isolada do restante do mundo.<\/span><\/p>\n<p><span style=\"font-weight: 400;\">Tanto Namor quanto T&#8217;Challa\/Shuri t\u00eam uma forte liga\u00e7\u00e3o cultural e espiritual com seu povo, sendo vistos como s\u00edmbolos e protetores de suas tradi\u00e7\u00f5es e modos de vida.<\/span><\/p>\n<p><span style=\"font-weight: 400;\">Ambos possuem habilidades sobre-humanas: Namor tem for\u00e7a e resist\u00eancia excepcionais, podendo respirar debaixo d&#8217;\u00e1gua e em terra firme, enquanto o Pantera Negra, por meio do ritual com a erva em forma de cora\u00e7\u00e3o, ganha for\u00e7a, agilidade e sentidos aprimorados.<\/span><\/p>\n<p><span style=\"font-weight: 400;\">Eles s\u00e3o l\u00edderes jovens que carregam o peso da responsabilidade de proteger seus povos em um mundo que amea\u00e7a suas exist\u00eancias, o que cria uma tens\u00e3o emocional e pol\u00edtica profunda entre eles.<\/span><\/p>\n<p><span style=\"font-weight: 400;\">No entanto, Namor \u00e9 retratado com uma postura mais agressiva e desconfiada, disposto a usar a for\u00e7a extrema para proteger Talokan, refletindo uma lideran\u00e7a baseada na sobreviv\u00eancia e no isolamento radical. J\u00e1 T&#8217;Challa e Shuri buscam um equil\u00edbrio entre defesa e diplomacia, tentando abrir Wakanda para o mundo e buscar alian\u00e7as.<\/span><\/p>\n<p><span style=\"font-weight: 400;\">Enquanto Wakanda \u00e9 uma na\u00e7\u00e3o baseada em tecnologia avan\u00e7ada e inova\u00e7\u00e3o, Talokan \u00e9 uma civiliza\u00e7\u00e3o subaqu\u00e1tica que mescla tecnologia com elementos m\u00edsticos e culturais ancestrais, como a liga\u00e7\u00e3o com a planta vibranium que transformou seu povo.<\/span><\/p>\n<p><span style=\"font-weight: 400;\">Namor \u00e9 visto por seu povo quase como um deus, um l\u00edder absoluto e quase inquestion\u00e1vel, enquanto em Wakanda o poder \u00e9 mais compartilhado entre a fam\u00edlia real e os conselheiros, com Shuri assumindo um papel de lideran\u00e7a que combina ci\u00eancia e tradi\u00e7\u00e3o.<\/span><\/p>\n<p><span style=\"font-weight: 400;\">A rela\u00e7\u00e3o pessoal entre os personagens tamb\u00e9m difere: originalmente, T&#8217;Challa era o Pantera Negra, mas ap\u00f3s sua morte, Shuri assume o manto, criando uma din\u00e2mica nova com Namor, que no filme chega a ser visto quase como um \u201cirm\u00e3o mais velho\u201d para Shuri, devido ao trauma cultural compartilhado entre seus povos, algo que n\u00e3o existia na rela\u00e7\u00e3o anterior com T&#8217;Challa.<\/span><\/p>\n<h2>Encontros e confrontos anteriores dos personagens nos quadrinhos<\/h2>\n<p><span style=\"font-weight: 400;\">Nos quadrinhos da Marvel, a rela\u00e7\u00e3o entre Namor e Pantera Negra \u00e9 marcada por uma longa hist\u00f3ria de encontros e confrontos que refletem a tens\u00e3o entre seus respectivos reinos, Atl\u00e2ntida e Wakanda.<\/span><\/p>\n<p><span style=\"font-weight: 400;\">Desde a Segunda Guerra Mundial, quando o av\u00f4 de T&#8217;Challa j\u00e1 usava o manto do Pantera Negra, Namor e o her\u00f3i tiveram um primeiro contato conflituoso durante uma persegui\u00e7\u00e3o a nazistas na \u00c1frica, onde Namor exigiu que a aeronave do Pantera Negra pousasse, iniciando uma rivalidade que se estenderia por d\u00e9cadas.<\/span><\/p>\n<figure id=\"attachment_49225\" aria-describedby=\"caption-attachment-49225\" style=\"width: 1920px\" class=\"wp-caption alignnone\"><img loading=\"lazy\" decoding=\"async\" class=\"size-full wp-image-49225\" src=\"https:\/\/news.filmelier.com\/wp-content\/uploads\/2022\/11\/namor-vs-pantera-negra-marvel-1.webp\" alt=\"Namor e Pantera Negra em um confronto \u00e9pico nos quadrinhos da Marvel. \" width=\"1920\" height=\"1080\" srcset=\"https:\/\/news.filmelier.com\/wp-content\/uploads\/2022\/11\/namor-vs-pantera-negra-marvel-1.webp 1920w, https:\/\/news.filmelier.com\/wp-content\/uploads\/2022\/11\/namor-vs-pantera-negra-marvel-1-300x169.webp 300w, https:\/\/news.filmelier.com\/wp-content\/uploads\/2022\/11\/namor-vs-pantera-negra-marvel-1-1024x576.webp 1024w, https:\/\/news.filmelier.com\/wp-content\/uploads\/2022\/11\/namor-vs-pantera-negra-marvel-1-768x432.webp 768w, https:\/\/news.filmelier.com\/wp-content\/uploads\/2022\/11\/namor-vs-pantera-negra-marvel-1-1536x864.webp 1536w, https:\/\/news.filmelier.com\/wp-content\/uploads\/2022\/11\/namor-vs-pantera-negra-marvel-1-150x84.webp 150w\" sizes=\"(max-width: 1920px) 100vw, 1920px\" \/><figcaption id=\"caption-attachment-49225\" class=\"wp-caption-text\"><em>Namor e Pantera Negra em um confronto \u00e9pico nos quadrinhos da Marvel. (Cr\u00e9dito: Marvel Comics)<\/em><\/figcaption><\/figure>\n<p><span style=\"font-weight: 400;\">Ao longo dos anos, os dois l\u00edderes se enfrentaram diversas vezes, muitas vezes por mal-entendidos ou interesses conflitantes entre suas na\u00e7\u00f5es. Em uma ocasi\u00e3o, Namor convidou T&#8217;Challa para se juntar \u00e0 Cabala, um grupo de vil\u00f5es liderado por Norman Osborn, mas o Pantera Negra recusou, o que resultou em um ataque contra ele e quase causou sua morte.<\/span><\/p>\n<p><span style=\"font-weight: 400;\">Ap\u00f3s esse evento, sua irm\u00e3 Shuri assumiu o manto do Pantera Negra e tamb\u00e9m teve confrontos diretos com Namor, chegando a quase derrot\u00e1-lo com uma armadura avan\u00e7ada, mas sendo dominada quando Namor voltou ao mar para recuperar suas for\u00e7as.<\/span><\/p>\n<p><span style=\"font-weight: 400;\">Um dos momentos mais dram\u00e1ticos dessa rivalidade ocorreu durante o evento <\/span><i><span style=\"font-weight: 400;\">Vingadores vs X-Men<\/span><\/i><span style=\"font-weight: 400;\">, quando Namor, influenciado pela For\u00e7a F\u00eanix, atacou Wakanda, inundando o pa\u00eds e causando a morte de milhares de wakandanos, o que intensificou o \u00f3dio entre os dois. Apesar disso, houve tentativas de negocia\u00e7\u00e3o, como quando Namor tentou convencer T&#8217;Challa a buscar a paz entre Atl\u00e2ntida e Wakanda, mas as tens\u00f5es continuaram, especialmente com Shuri optando pela guerra.<\/span><\/p>\n<p><span style=\"font-weight: 400;\">Al\u00e9m dos combates f\u00edsicos, a rela\u00e7\u00e3o entre eles tamb\u00e9m envolve quest\u00f5es pol\u00edticas e pessoais, como a participa\u00e7\u00e3o em grupos secretos como os Illuminati, onde ambos estiveram presentes, embora com desconfian\u00e7a m\u00fatua. Em um confronto final e brutal, ap\u00f3s a morte de Shuri causada por um ataque da Cabala de Namor, T&#8217;Challa chegou a enfiar uma adaga no cora\u00e7\u00e3o do Pr\u00edncipe Submarino e o derrubou em uma Terra alternativa prestes a ser destru\u00edda, demonstrando a intensidade e complexidade da rivalidade entre os dois.<\/span><\/p>\n<h2>Impacto do vil\u00e3o do Pantera Negra no futuro do UCM<\/h2>\n<p><span style=\"font-weight: 400;\">Namor, introduzido em <\/span><i><span style=\"font-weight: 400;\">Pantera Negra: Wakanda Para Sempre<\/span><\/i><span style=\"font-weight: 400;\"> como o primeiro verdadeiro mutante do Universo Cinematogr\u00e1fico Marvel (UCM), representa uma expans\u00e3o significativa das narrativas do est\u00fadio, trazendo uma nova dimens\u00e3o \u00e0s hist\u00f3rias com seu reino subaqu\u00e1tico de Talokan e uma mitologia inspirada na cultura maia.<\/span><\/p>\n<p><span style=\"font-weight: 400;\">Sua presen\u00e7a no UCM n\u00e3o se limita a um antagonismo isolado, mas abre caminho para conflitos e alian\u00e7as que podem moldar o equil\u00edbrio de poder global dentro do universo Marvel. Apesar das complexidades legais que impedem Namor de ter um filme solo no momento &#8211; devido \u00e0 divis\u00e3o dos direitos do personagem entre a Marvel Studios e outro est\u00fadio &#8211; ele \u00e9 considerado uma pe\u00e7a fundamental para os pr\u00f3ximos filmes e eventos do UCM, inclusive com seu retorno confirmado em <\/span><i><span style=\"font-weight: 400;\">Vingadores: Doomsday,<\/span><\/i><span style=\"font-weight: 400;\"> previsto para 2026, onde deve interagir com outros her\u00f3is importantes da franquia.<\/span><\/p>\n<figure id=\"attachment_49221\" aria-describedby=\"caption-attachment-49221\" style=\"width: 1280px\" class=\"wp-caption alignnone\"><img loading=\"lazy\" decoding=\"async\" class=\"size-full wp-image-49221\" src=\"https:\/\/news.filmelier.com\/wp-content\/uploads\/2022\/11\/poster-promocional-de-pantera-negra.webp\" alt=\"P\u00f4ster promocional de Pantera Negra: Wakanda Para Sempre\" width=\"1280\" height=\"720\" srcset=\"https:\/\/news.filmelier.com\/wp-content\/uploads\/2022\/11\/poster-promocional-de-pantera-negra.webp 1280w, https:\/\/news.filmelier.com\/wp-content\/uploads\/2022\/11\/poster-promocional-de-pantera-negra-300x169.webp 300w, https:\/\/news.filmelier.com\/wp-content\/uploads\/2022\/11\/poster-promocional-de-pantera-negra-1024x576.webp 1024w, https:\/\/news.filmelier.com\/wp-content\/uploads\/2022\/11\/poster-promocional-de-pantera-negra-768x432.webp 768w, https:\/\/news.filmelier.com\/wp-content\/uploads\/2022\/11\/poster-promocional-de-pantera-negra-150x84.webp 150w\" sizes=\"(max-width: 1280px) 100vw, 1280px\" \/><figcaption id=\"caption-attachment-49221\" class=\"wp-caption-text\"><em>P\u00f4ster promocional de Pantera Negra: Wakanda Para Sempre. (Cr\u00e9dito: TMDB)<\/em><\/figcaption><\/figure>\n<p><span style=\"font-weight: 400;\">Essa participa\u00e7\u00e3o sugere que Namor ter\u00e1 um papel estrat\u00e9gico, possivelmente influenciando grandes batalhas e decis\u00f5es pol\u00edticas no universo Marvel. A introdu\u00e7\u00e3o de Namor tamb\u00e9m expande o universo de her\u00f3is e vil\u00f5es, trazendo \u00e0 tona temas como a prote\u00e7\u00e3o de culturas ancestrais, o choque entre mundos isolados e a luta pela sobreviv\u00eancia diante de amea\u00e7as externas, o que enriquece o tecido narrativo do UCM.<\/span><\/p>\n<p><span style=\"font-weight: 400;\">Sua rela\u00e7\u00e3o amb\u00edgua com Wakanda, marcada por conflito e poss\u00edvel alian\u00e7a, indica que o futuro poder\u00e1 reservar tanto confrontos intensos quanto parcerias estrat\u00e9gicas, especialmente com Shuri e outros l\u00edderes que buscam manter a paz ou garantir a supremacia de seus povos.<\/span><\/p>\n<h2>Marvel aposta em vil\u00f5es mais humanos e politizados<\/h2>\n<p><span style=\"font-weight: 400;\">Namor, o vil\u00e3o de <\/span><i><span style=\"font-weight: 400;\">Pantera Negra: Wakanda Para Sempre<\/span><\/i><span style=\"font-weight: 400;\">, representa uma das adi\u00e7\u00f5es mais complexas e ricas do Universo Cinematogr\u00e1fico Marvel.<\/span><\/p>\n<p><span style=\"font-weight: 400;\">Sua origem, inspirada nas culturas mesoamericanas e reinterpretada para o cinema como l\u00edder de Talokan, traz uma nova camada de diversidade e profundidade ao universo Marvel. Interpretado por Tenoch Huerta, Namor n\u00e3o \u00e9 apenas um antagonista tradicional, mas um l\u00edder que luta para proteger seu povo e sua cultura, refletindo temas de resist\u00eancia e sobreviv\u00eancia que dialogam diretamente com Wakanda e seus governantes.<\/span><\/p>\n<p><span style=\"font-weight: 400;\">A rela\u00e7\u00e3o entre Namor e os her\u00f3is de Wakanda, especialmente Shuri, \u00e9 marcada por conflitos intensos, mas tamb\u00e9m por possibilidades de alian\u00e7as futuras, o que abre caminhos narrativos promissores para o desenvolvimento do UCM. Al\u00e9m disso, a introdu\u00e7\u00e3o de Namor amplia o espectro de hist\u00f3rias, trazendo \u00e0 tona quest\u00f5es pol\u00edticas, culturais e ambientais que enriquecem ainda mais o universo Marvel.<\/span><\/p>\n<p><span style=\"font-weight: 400;\">Para quem deseja se aprofundar no universo de <\/span><i><span style=\"font-weight: 400;\">Pantera Negra: Wakanda Para Sempre<\/span><\/i><span style=\"font-weight: 400;\">, entender as origens e motiva\u00e7\u00f5es de Namor \u00e9 fundamental para apreciar as nuances desse embate \u00e9pico entre duas na\u00e7\u00f5es secretas e poderosas.<\/span><\/p>\n<p><span style=\"font-weight: 400;\">Quer saber mais sobre filmes, personagens e bastidores do universo Marvel? Visite o <\/span><a href=\"https:\/\/www.filmelier.com\/br\"><span style=\"font-weight: 400;\">Filmelier<\/span><\/a><span style=\"font-weight: 400;\"> e fique por dentro de tudo que acontece no mundo do cinema e das s\u00e9ries!<\/span><\/p>\n","protected":false},"excerpt":{"rendered":"<p>Conhe\u00e7a Namor, o vil\u00e3o de \u2019Pantera Negra: Wakanda Para Sempre\u2019. Explore sua origem como l\u00edder de Talokan, a civiliza\u00e7\u00e3o subaqu\u00e1tica maia e sua rivalidade com Wakanda.<\/p>\n","protected":false},"author":20,"featured_media":50728,"comment_status":"open","ping_status":"open","sticky":false,"template":"","format":"standard","meta":{"_acf_changed":false,"footnotes":""},"categories":[3482],"tags":[],"class_list":["post-50727","post","type-post","status-publish","format-standard","has-post-thumbnail","hentry","category-filmes-br"],"acf":{"subtitulo":"Conhe\u00e7a Namor, o vil\u00e3o de \u2019Pantera Negra: Wakanda Para Sempre\u2019. Explore sua origem como l\u00edder de Talokan, a civiliza\u00e7\u00e3o subaqu\u00e1tica maia e sua rivalidade com Wakanda.","id_ator":""},"yoast_head":"<!-- This site is optimized with the Yoast SEO plugin v26.1.1 - https:\/\/yoast.com\/wordpress\/plugins\/seo\/ -->\n<title>Namor, o vil\u00e3o de Pantera Negra: Wakanda Para Sempre<\/title>\n<meta name=\"description\" content=\"Conhe\u00e7a Namor, o vil\u00e3o do Pantera Negra em Wakanda Para Sempre. Explore sua origem como l\u00edder de Talokan e sua rivalidade com Wakanda.\" \/>\n<meta name=\"robots\" content=\"index, follow, max-snippet:-1, max-image-preview:large, max-video-preview:-1\" \/>\n<link rel=\"canonical\" href=\"https:\/\/news.filmelier.com\/br\/namor-o-vilao-de-pantera-negra-wakanda-para-sempre\/\" \/>\n<meta property=\"og:locale\" content=\"pt_BR\" \/>\n<meta property=\"og:type\" content=\"article\" \/>\n<meta property=\"og:title\" content=\"Namor, o vil\u00e3o de Pantera Negra: Wakanda Para Sempre\" \/>\n<meta property=\"og:description\" content=\"Conhe\u00e7a Namor, o vil\u00e3o do Pantera Negra em Wakanda Para Sempre. Explore sua origem como l\u00edder de Talokan e sua rivalidade com Wakanda.\" \/>\n<meta property=\"og:url\" content=\"https:\/\/news.filmelier.com\/br\/namor-o-vilao-de-pantera-negra-wakanda-para-sempre\/\" \/>\n<meta property=\"og:site_name\" content=\"News Filmelier\" \/>\n<meta property=\"article:published_time\" content=\"2022-11-09T14:28:38+00:00\" \/>\n<meta property=\"article:modified_time\" content=\"2025-07-14T21:54:20+00:00\" \/>\n<meta property=\"og:image\" content=\"https:\/\/homolog.news.filmelier.com\/wp-content\/uploads\/2025\/06\/vilao-namor-1.webp\" \/>\n\t<meta property=\"og:image:width\" content=\"1280\" \/>\n\t<meta property=\"og:image:height\" content=\"720\" \/>\n\t<meta property=\"og:image:type\" content=\"image\/webp\" \/>\n<meta name=\"author\" content=\"Lalo Ortega\" \/>\n<meta name=\"twitter:card\" content=\"summary_large_image\" \/>\n<meta name=\"twitter:label1\" content=\"Escrito por\" \/>\n\t<meta name=\"twitter:data1\" content=\"Lalo Ortega\" \/>\n\t<meta name=\"twitter:label2\" content=\"Est. tempo de leitura\" \/>\n\t<meta name=\"twitter:data2\" content=\"14 minutos\" \/>\n<script type=\"application\/ld+json\" class=\"yoast-schema-graph\">{\"@context\":\"https:\/\/schema.org\",\"@graph\":[{\"@type\":\"Article\",\"@id\":\"https:\/\/news.filmelier.com\/br\/namor-o-vilao-de-pantera-negra-wakanda-para-sempre\/#article\",\"isPartOf\":{\"@id\":\"https:\/\/news.filmelier.com\/br\/namor-o-vilao-de-pantera-negra-wakanda-para-sempre\/\"},\"author\":{\"name\":\"Lalo Ortega\",\"@id\":\"https:\/\/homolog.news.filmelier.com\/br\/#\/schema\/person\/bc393b46ea1d056e9889f90b246255ee\"},\"headline\":\"Namor, o vil\u00e3o de \u2019Pantera Negra: Wakanda Para Sempre\u2019\",\"datePublished\":\"2022-11-09T14:28:38+00:00\",\"dateModified\":\"2025-07-14T21:54:20+00:00\",\"mainEntityOfPage\":{\"@id\":\"https:\/\/news.filmelier.com\/br\/namor-o-vilao-de-pantera-negra-wakanda-para-sempre\/\"},\"wordCount\":3174,\"commentCount\":0,\"publisher\":{\"@id\":\"https:\/\/homolog.news.filmelier.com\/br\/#organization\"},\"image\":{\"@id\":\"https:\/\/news.filmelier.com\/br\/namor-o-vilao-de-pantera-negra-wakanda-para-sempre\/#primaryimage\"},\"thumbnailUrl\":\"https:\/\/news.filmelier.com\/wp-content\/uploads\/2025\/06\/vilao-namor-1.webp\",\"articleSection\":[\"Filmes\"],\"inLanguage\":\"pt-BR\",\"potentialAction\":[{\"@type\":\"CommentAction\",\"name\":\"Comment\",\"target\":[\"https:\/\/news.filmelier.com\/br\/namor-o-vilao-de-pantera-negra-wakanda-para-sempre\/#respond\"]}]},{\"@type\":\"WebPage\",\"@id\":\"https:\/\/news.filmelier.com\/br\/namor-o-vilao-de-pantera-negra-wakanda-para-sempre\/\",\"url\":\"https:\/\/news.filmelier.com\/br\/namor-o-vilao-de-pantera-negra-wakanda-para-sempre\/\",\"name\":\"Namor, o vil\u00e3o de Pantera Negra: Wakanda Para Sempre\",\"isPartOf\":{\"@id\":\"https:\/\/homolog.news.filmelier.com\/br\/#website\"},\"primaryImageOfPage\":{\"@id\":\"https:\/\/news.filmelier.com\/br\/namor-o-vilao-de-pantera-negra-wakanda-para-sempre\/#primaryimage\"},\"image\":{\"@id\":\"https:\/\/news.filmelier.com\/br\/namor-o-vilao-de-pantera-negra-wakanda-para-sempre\/#primaryimage\"},\"thumbnailUrl\":\"https:\/\/news.filmelier.com\/wp-content\/uploads\/2025\/06\/vilao-namor-1.webp\",\"datePublished\":\"2022-11-09T14:28:38+00:00\",\"dateModified\":\"2025-07-14T21:54:20+00:00\",\"description\":\"Conhe\u00e7a Namor, o vil\u00e3o do Pantera Negra em Wakanda Para Sempre. Explore sua origem como l\u00edder de Talokan e sua rivalidade com Wakanda.\",\"breadcrumb\":{\"@id\":\"https:\/\/news.filmelier.com\/br\/namor-o-vilao-de-pantera-negra-wakanda-para-sempre\/#breadcrumb\"},\"inLanguage\":\"pt-BR\",\"potentialAction\":[{\"@type\":\"ReadAction\",\"target\":[\"https:\/\/news.filmelier.com\/br\/namor-o-vilao-de-pantera-negra-wakanda-para-sempre\/\"]}]},{\"@type\":\"ImageObject\",\"inLanguage\":\"pt-BR\",\"@id\":\"https:\/\/news.filmelier.com\/br\/namor-o-vilao-de-pantera-negra-wakanda-para-sempre\/#primaryimage\",\"url\":\"https:\/\/news.filmelier.com\/wp-content\/uploads\/2025\/06\/vilao-namor-1.webp\",\"contentUrl\":\"https:\/\/news.filmelier.com\/wp-content\/uploads\/2025\/06\/vilao-namor-1.webp\",\"width\":1280,\"height\":720,\"caption\":\"Primeiro plano de Tenoch Huerta como Namor em Pantera Negra: Wakanda Para Sempre. (Cr\u00e9dito: TMDB)\"},{\"@type\":\"BreadcrumbList\",\"@id\":\"https:\/\/news.filmelier.com\/br\/namor-o-vilao-de-pantera-negra-wakanda-para-sempre\/#breadcrumb\",\"itemListElement\":[{\"@type\":\"ListItem\",\"position\":1,\"name\":\"In\u00edcio\",\"item\":\"https:\/\/homolog.news.filmelier.com\/br\/\"},{\"@type\":\"ListItem\",\"position\":2,\"name\":\"Namor, o vil\u00e3o de \u2019Pantera Negra: Wakanda Para Sempre\u2019\"}]},{\"@type\":\"WebSite\",\"@id\":\"https:\/\/homolog.news.filmelier.com\/br\/#website\",\"url\":\"https:\/\/homolog.news.filmelier.com\/br\/\",\"name\":\"Homolog Filmelier News Rankrup\",\"description\":\"\",\"publisher\":{\"@id\":\"https:\/\/homolog.news.filmelier.com\/br\/#organization\"},\"potentialAction\":[{\"@type\":\"SearchAction\",\"target\":{\"@type\":\"EntryPoint\",\"urlTemplate\":\"https:\/\/homolog.news.filmelier.com\/br\/?s={search_term_string}\"},\"query-input\":{\"@type\":\"PropertyValueSpecification\",\"valueRequired\":true,\"valueName\":\"search_term_string\"}}],\"inLanguage\":\"pt-BR\"},{\"@type\":\"Organization\",\"@id\":\"https:\/\/homolog.news.filmelier.com\/br\/#organization\",\"name\":\"Homolog Filmelier News Rankrup\",\"url\":\"https:\/\/homolog.news.filmelier.com\/br\/\",\"logo\":{\"@type\":\"ImageObject\",\"inLanguage\":\"pt-BR\",\"@id\":\"https:\/\/homolog.news.filmelier.com\/br\/#\/schema\/logo\/image\/\",\"url\":\"https:\/\/news.filmelier.com\/wp-content\/uploads\/2024\/11\/Logo-News.png\",\"contentUrl\":\"https:\/\/news.filmelier.com\/wp-content\/uploads\/2024\/11\/Logo-News.png\",\"width\":460,\"height\":108,\"caption\":\"Homolog Filmelier News Rankrup\"},\"image\":{\"@id\":\"https:\/\/homolog.news.filmelier.com\/br\/#\/schema\/logo\/image\/\"}},{\"@type\":\"Person\",\"@id\":\"https:\/\/homolog.news.filmelier.com\/br\/#\/schema\/person\/bc393b46ea1d056e9889f90b246255ee\",\"name\":\"Lalo Ortega\",\"image\":{\"@type\":\"ImageObject\",\"inLanguage\":\"pt-BR\",\"@id\":\"https:\/\/homolog.news.filmelier.com\/br\/#\/schema\/person\/image\/\",\"url\":\"https:\/\/secure.gravatar.com\/avatar\/f3157eaf8168f3d46d009a8fc239950bcf17063f8b0138c7c844307471672d86?s=96&d=mm&r=g\",\"contentUrl\":\"https:\/\/secure.gravatar.com\/avatar\/f3157eaf8168f3d46d009a8fc239950bcf17063f8b0138c7c844307471672d86?s=96&d=mm&r=g\",\"caption\":\"Lalo Ortega\"},\"description\":\"Lalo Ortega is a Mexican film critic. He has written for publications such as EMPIRE en espa\u00f1ol, Cine PREMIERE, La Estatuilla and more. He is currently the editor-in-chief of Filmelier.\",\"url\":\"https:\/\/news.filmelier.com\/br\/author\/lalo\/\"}]}<\/script>\n<!-- \/ Yoast SEO plugin. -->","yoast_head_json":{"title":"Namor, o vil\u00e3o de Pantera Negra: Wakanda Para Sempre","description":"Conhe\u00e7a Namor, o vil\u00e3o do Pantera Negra em Wakanda Para Sempre. Explore sua origem como l\u00edder de Talokan e sua rivalidade com Wakanda.","robots":{"index":"index","follow":"follow","max-snippet":"max-snippet:-1","max-image-preview":"max-image-preview:large","max-video-preview":"max-video-preview:-1"},"canonical":"https:\/\/news.filmelier.com\/br\/namor-o-vilao-de-pantera-negra-wakanda-para-sempre\/","og_locale":"pt_BR","og_type":"article","og_title":"Namor, o vil\u00e3o de Pantera Negra: Wakanda Para Sempre","og_description":"Conhe\u00e7a Namor, o vil\u00e3o do Pantera Negra em Wakanda Para Sempre. Explore sua origem como l\u00edder de Talokan e sua rivalidade com Wakanda.","og_url":"https:\/\/news.filmelier.com\/br\/namor-o-vilao-de-pantera-negra-wakanda-para-sempre\/","og_site_name":"News Filmelier","article_published_time":"2022-11-09T14:28:38+00:00","article_modified_time":"2025-07-14T21:54:20+00:00","og_image":[{"width":1280,"height":720,"url":"https:\/\/homolog.news.filmelier.com\/wp-content\/uploads\/2025\/06\/vilao-namor-1.webp","type":"image\/webp"}],"author":"Lalo Ortega","twitter_card":"summary_large_image","twitter_misc":{"Escrito por":"Lalo Ortega","Est. tempo de leitura":"14 minutos"},"schema":{"@context":"https:\/\/schema.org","@graph":[{"@type":"Article","@id":"https:\/\/news.filmelier.com\/br\/namor-o-vilao-de-pantera-negra-wakanda-para-sempre\/#article","isPartOf":{"@id":"https:\/\/news.filmelier.com\/br\/namor-o-vilao-de-pantera-negra-wakanda-para-sempre\/"},"author":{"name":"Lalo Ortega","@id":"https:\/\/homolog.news.filmelier.com\/br\/#\/schema\/person\/bc393b46ea1d056e9889f90b246255ee"},"headline":"Namor, o vil\u00e3o de \u2019Pantera Negra: Wakanda Para Sempre\u2019","datePublished":"2022-11-09T14:28:38+00:00","dateModified":"2025-07-14T21:54:20+00:00","mainEntityOfPage":{"@id":"https:\/\/news.filmelier.com\/br\/namor-o-vilao-de-pantera-negra-wakanda-para-sempre\/"},"wordCount":3174,"commentCount":0,"publisher":{"@id":"https:\/\/homolog.news.filmelier.com\/br\/#organization"},"image":{"@id":"https:\/\/news.filmelier.com\/br\/namor-o-vilao-de-pantera-negra-wakanda-para-sempre\/#primaryimage"},"thumbnailUrl":"https:\/\/news.filmelier.com\/wp-content\/uploads\/2025\/06\/vilao-namor-1.webp","articleSection":["Filmes"],"inLanguage":"pt-BR","potentialAction":[{"@type":"CommentAction","name":"Comment","target":["https:\/\/news.filmelier.com\/br\/namor-o-vilao-de-pantera-negra-wakanda-para-sempre\/#respond"]}]},{"@type":"WebPage","@id":"https:\/\/news.filmelier.com\/br\/namor-o-vilao-de-pantera-negra-wakanda-para-sempre\/","url":"https:\/\/news.filmelier.com\/br\/namor-o-vilao-de-pantera-negra-wakanda-para-sempre\/","name":"Namor, o vil\u00e3o de Pantera Negra: Wakanda Para Sempre","isPartOf":{"@id":"https:\/\/homolog.news.filmelier.com\/br\/#website"},"primaryImageOfPage":{"@id":"https:\/\/news.filmelier.com\/br\/namor-o-vilao-de-pantera-negra-wakanda-para-sempre\/#primaryimage"},"image":{"@id":"https:\/\/news.filmelier.com\/br\/namor-o-vilao-de-pantera-negra-wakanda-para-sempre\/#primaryimage"},"thumbnailUrl":"https:\/\/news.filmelier.com\/wp-content\/uploads\/2025\/06\/vilao-namor-1.webp","datePublished":"2022-11-09T14:28:38+00:00","dateModified":"2025-07-14T21:54:20+00:00","description":"Conhe\u00e7a Namor, o vil\u00e3o do Pantera Negra em Wakanda Para Sempre. Explore sua origem como l\u00edder de Talokan e sua rivalidade com Wakanda.","breadcrumb":{"@id":"https:\/\/news.filmelier.com\/br\/namor-o-vilao-de-pantera-negra-wakanda-para-sempre\/#breadcrumb"},"inLanguage":"pt-BR","potentialAction":[{"@type":"ReadAction","target":["https:\/\/news.filmelier.com\/br\/namor-o-vilao-de-pantera-negra-wakanda-para-sempre\/"]}]},{"@type":"ImageObject","inLanguage":"pt-BR","@id":"https:\/\/news.filmelier.com\/br\/namor-o-vilao-de-pantera-negra-wakanda-para-sempre\/#primaryimage","url":"https:\/\/news.filmelier.com\/wp-content\/uploads\/2025\/06\/vilao-namor-1.webp","contentUrl":"https:\/\/news.filmelier.com\/wp-content\/uploads\/2025\/06\/vilao-namor-1.webp","width":1280,"height":720,"caption":"Primeiro plano de Tenoch Huerta como Namor em Pantera Negra: Wakanda Para Sempre. (Cr\u00e9dito: TMDB)"},{"@type":"BreadcrumbList","@id":"https:\/\/news.filmelier.com\/br\/namor-o-vilao-de-pantera-negra-wakanda-para-sempre\/#breadcrumb","itemListElement":[{"@type":"ListItem","position":1,"name":"In\u00edcio","item":"https:\/\/homolog.news.filmelier.com\/br\/"},{"@type":"ListItem","position":2,"name":"Namor, o vil\u00e3o de \u2019Pantera Negra: Wakanda Para Sempre\u2019"}]},{"@type":"WebSite","@id":"https:\/\/homolog.news.filmelier.com\/br\/#website","url":"https:\/\/homolog.news.filmelier.com\/br\/","name":"Homolog Filmelier News Rankrup","description":"","publisher":{"@id":"https:\/\/homolog.news.filmelier.com\/br\/#organization"},"potentialAction":[{"@type":"SearchAction","target":{"@type":"EntryPoint","urlTemplate":"https:\/\/homolog.news.filmelier.com\/br\/?s={search_term_string}"},"query-input":{"@type":"PropertyValueSpecification","valueRequired":true,"valueName":"search_term_string"}}],"inLanguage":"pt-BR"},{"@type":"Organization","@id":"https:\/\/homolog.news.filmelier.com\/br\/#organization","name":"Homolog Filmelier News Rankrup","url":"https:\/\/homolog.news.filmelier.com\/br\/","logo":{"@type":"ImageObject","inLanguage":"pt-BR","@id":"https:\/\/homolog.news.filmelier.com\/br\/#\/schema\/logo\/image\/","url":"https:\/\/news.filmelier.com\/wp-content\/uploads\/2024\/11\/Logo-News.png","contentUrl":"https:\/\/news.filmelier.com\/wp-content\/uploads\/2024\/11\/Logo-News.png","width":460,"height":108,"caption":"Homolog Filmelier News Rankrup"},"image":{"@id":"https:\/\/homolog.news.filmelier.com\/br\/#\/schema\/logo\/image\/"}},{"@type":"Person","@id":"https:\/\/homolog.news.filmelier.com\/br\/#\/schema\/person\/bc393b46ea1d056e9889f90b246255ee","name":"Lalo Ortega","image":{"@type":"ImageObject","inLanguage":"pt-BR","@id":"https:\/\/homolog.news.filmelier.com\/br\/#\/schema\/person\/image\/","url":"https:\/\/secure.gravatar.com\/avatar\/f3157eaf8168f3d46d009a8fc239950bcf17063f8b0138c7c844307471672d86?s=96&d=mm&r=g","contentUrl":"https:\/\/secure.gravatar.com\/avatar\/f3157eaf8168f3d46d009a8fc239950bcf17063f8b0138c7c844307471672d86?s=96&d=mm&r=g","caption":"Lalo Ortega"},"description":"Lalo Ortega is a Mexican film critic. He has written for publications such as EMPIRE en espa\u00f1ol, Cine PREMIERE, La Estatuilla and more. He is currently the editor-in-chief of Filmelier.","url":"https:\/\/news.filmelier.com\/br\/author\/lalo\/"}]}},"_links":{"self":[{"href":"https:\/\/news.filmelier.com\/br\/wp-json\/wp\/v2\/posts\/50727","targetHints":{"allow":["GET"]}}],"collection":[{"href":"https:\/\/news.filmelier.com\/br\/wp-json\/wp\/v2\/posts"}],"about":[{"href":"https:\/\/news.filmelier.com\/br\/wp-json\/wp\/v2\/types\/post"}],"author":[{"embeddable":true,"href":"https:\/\/news.filmelier.com\/br\/wp-json\/wp\/v2\/users\/20"}],"replies":[{"embeddable":true,"href":"https:\/\/news.filmelier.com\/br\/wp-json\/wp\/v2\/comments?post=50727"}],"version-history":[{"count":1,"href":"https:\/\/news.filmelier.com\/br\/wp-json\/wp\/v2\/posts\/50727\/revisions"}],"predecessor-version":[{"id":51315,"href":"https:\/\/news.filmelier.com\/br\/wp-json\/wp\/v2\/posts\/50727\/revisions\/51315"}],"wp:featuredmedia":[{"embeddable":true,"href":"https:\/\/news.filmelier.com\/br\/wp-json\/wp\/v2\/media\/50728"}],"wp:attachment":[{"href":"https:\/\/news.filmelier.com\/br\/wp-json\/wp\/v2\/media?parent=50727"}],"wp:term":[{"taxonomy":"category","embeddable":true,"href":"https:\/\/news.filmelier.com\/br\/wp-json\/wp\/v2\/categories?post=50727"},{"taxonomy":"post_tag","embeddable":true,"href":"https:\/\/news.filmelier.com\/br\/wp-json\/wp\/v2\/tags?post=50727"}],"curies":[{"name":"wp","href":"https:\/\/api.w.org\/{rel}","templated":true}]}}