{"id":50566,"date":"2023-03-12T00:55:01","date_gmt":"2023-03-12T03:55:01","guid":{"rendered":"https:\/\/news.filmelier.com\/the-last-of-us-assistir-ultimo-episodio\/"},"modified":"2025-07-14T18:51:50","modified_gmt":"2025-07-14T21:51:50","slug":"the-last-of-us-assistir-ultimo-episodio","status":"publish","type":"post","link":"https:\/\/news.filmelier.com\/br\/the-last-of-us-assistir-ultimo-episodio\/","title":{"rendered":"&#8216;The Last of Us&#8217;: relembre detalhes para ver o final da primeira temporada"},"content":{"rendered":"\r\n<p><a href=\"https:\/\/news.filmelier.com\/the-last-of-us-serie-hbo-estreia\/\"><i>The Last of Us<\/i>, s\u00e9rie da HBO<\/a> estrelada por Pedro Pascal e <a href=\"https:\/\/news.filmelier.com\/bella-ramsey-tudo-sobre-atriz-the-last-of-us\/\">Bella Ramsey<\/a>, tem cativado f\u00e3s de todo o mundo com sua trama emocionante e personagens marcantes. O epis\u00f3dio final da 1\u00aa temporada ser\u00e1 exibido no domingo, 12 de mar\u00e7o, na HBO, \u00e0s 22 horas, mais cedo do que o hor\u00e1rio habitual. A <a href=\"https:\/\/news.filmelier.com\/the-last-of-us-tudo-sobre-2-temporada\/\" data-type=\"post\" data-id=\"36314\">s\u00e9rie j\u00e1 foi renovada para a 2\u00aa temporada<\/a>.<\/p>\r\n<p><iframe title=\"The Last of Us | Epis\u00f3dio Final | HBO Max\" width=\"800\" height=\"450\" src=\"https:\/\/www.youtube.com\/embed\/sdRoYJlFX1M?feature=oembed\" frameborder=\"0\" allow=\"accelerometer; autoplay; clipboard-write; encrypted-media; gyroscope; picture-in-picture; web-share\" referrerpolicy=\"strict-origin-when-cross-origin\" allowfullscreen><\/iframe><\/p>\r\n\r\n\r\n\r\n<ul class=\"wp-block-list\">\r\n<li><strong>Leia tamb\u00e9m: <a href=\"https:\/\/news.filmelier.com\/pedro-pascal-perfil-mandalorian-last-of-us\/\" data-type=\"post\" data-id=\"36731\">Conhe\u00e7a Pedro Pascal, astro de <i>The Last of Us<\/i> e <i>The Mandalorian<\/i><\/a><\/strong><\/li>\r\n<\/ul>\r\n\r\n\r\n\r\n<p>Com o final da temporada se aproximando, \u00e9 importante relembrar alguns pontos cruciais da hist\u00f3ria para que voc\u00ea possa aproveitar ao m\u00e1ximo esse desfecho t\u00e3o aguardado. Desde os principais conflitos at\u00e9 os detalhes importantes que foram apresentados, o <a href=\"https:\/\/www.filmelier.com\/br\">Filmelier<\/a> vai recapitular o que voc\u00ea precisa saber para acompanhar o epis\u00f3dio deste domingo.<\/p>\r\n\r\n\r\n\r\n<h2 class=\"wp-block-heading\">Quando \u00e9 o \u00faltimo epis\u00f3dio da 1\u00aa temporada de <i>The Last of Us<\/i>?<\/h2>\r\n\r\n\r\n\r\n<p>O \u00faltimo epis\u00f3dio da 1\u00aa temporada ser\u00e1 exibido no domingo, 12 de mar\u00e7o, na HBO, \u00e0s 22 horas, mais cedo do que o hor\u00e1rio habitual. <a href=\"https:\/\/news.filmelier.com\/assistir-online-serie-the-last-of-us\/\">Saiba aqui como assistir \u00e0 s\u00e9rie online e com op\u00e7\u00f5es gratuitas<\/a>.<\/p>\r\n\r\n\r\n\r\n<p><strong>Aten\u00e7\u00e3o: o epis\u00f3dio pode conter spoilers da 1\u00aa temporada de <i>The Last of Us<\/i>.<\/strong><\/p>\r\n\r\n\r\n\r\n<h2 class=\"wp-block-heading\">Quem s\u00e3o os protagonistas de <i>The Last of Us<\/i>?<\/h2>\r\n\r\n\r\n\r\n<p>Os principais personagens da s\u00e9rie s\u00e3o Joel e Ellie. O primeiro \u00e9 um homem amargurado e traumatizado pela perda de sua filha, que encontra em Ellie uma segunda chance de ser pai e se redimir de seus erros. J\u00e1 Ellie \u00e9 uma adolescente corajosa e inteligente, que desenvolve uma rela\u00e7\u00e3o muito pr\u00f3xima com Joel ao longo da jornada. A din\u00e2mica entre os dois \u00e9 um dos pontos altos da s\u00e9rie e vai ser explorada at\u00e9 o final da temporada.<\/p>\r\n\r\n\r\n\r\n<figure class=\"wp-block-image size-full\">\r\n<figure id=\"attachment_36676\" aria-describedby=\"caption-attachment-36676\" style=\"width: 800px\" class=\"wp-caption alignnone\"><img fetchpriority=\"high\" decoding=\"async\" class=\"wp-image-36676 size-full\" src=\"https:\/\/news.filmelier.com\/wp-content\/uploads\/2023\/02\/The-Last-Of-Us-episodio-6-ellie-joel.jpg\" alt=\"Epis\u00f3dio 6 de 'The Last of Us' tem Joel (Pedro Pascal) e Ellie (Bella Ramsey)\" width=\"800\" height=\"533\" srcset=\"https:\/\/news.filmelier.com\/wp-content\/uploads\/2023\/02\/The-Last-Of-Us-episodio-6-ellie-joel.jpg 800w, https:\/\/news.filmelier.com\/wp-content\/uploads\/2023\/02\/The-Last-Of-Us-episodio-6-ellie-joel-300x200.jpg 300w, https:\/\/news.filmelier.com\/wp-content\/uploads\/2023\/02\/The-Last-Of-Us-episodio-6-ellie-joel-768x512.jpg 768w, https:\/\/news.filmelier.com\/wp-content\/uploads\/2023\/02\/The-Last-Of-Us-episodio-6-ellie-joel-150x100.jpg 150w\" sizes=\"(max-width: 800px) 100vw, 800px\" \/><figcaption id=\"caption-attachment-36676\" class=\"wp-caption-text\"><em>Joel (Pedro Pascal) e Ellie (Bella Ramsey) desenvolvem uma rela\u00e7\u00e3o de pai e filha (Cr\u00e9dito: HBO)<\/em><\/figcaption><\/figure>\r\n<\/figure>\r\n\r\n\r\n\r\n<h3 class=\"wp-block-heading\">A import\u00e2ncia do relacionamento entre Joel e Ellie<\/h3>\r\n\r\n\r\n\r\n<p>O relacionamento entre Joel e Ellie \u00e9 o cora\u00e7\u00e3o de <i>The Last of Us<\/i>. Desde o come\u00e7o, vemos a din\u00e2mica entre os dois se desenvolver de forma org\u00e2nica e como eles se tornam cada vez mais pr\u00f3ximos ao longo da hist\u00f3ria. Joel, que \u00e9 um homem atormentado pela perda, encontra em Ellie uma nova raz\u00e3o para viver e a protege como se fosse sua filha. Ellie, por sua vez, aprende a confiar em Joel e a se abrir para ele. O \u00faltimo epis\u00f3dio deve nos lembrar da import\u00e2ncia desse relacionamento, pois \u00e9 a base para a jornada de ambos os personagens e para a narrativa da s\u00e9rie &#8211; e do jogo &#8211; como um todo.<\/p>\r\n\r\n\r\n\r\n<ul class=\"wp-block-list\">\r\n<li><strong>Confira: <a href=\"https:\/\/www.filmelier.com\/br\/noticias\/assistir-the-mandalorian-3-online\" data-type=\"post\" data-id=\"36822\"><i>The Mandalorian<\/i>: como assistir \u00e0 s\u00e9rie do Disney+ online e de gra\u00e7a?<\/a><\/strong><\/li>\r\n<\/ul>\r\n\r\n\r\n\r\n<h3 class=\"wp-block-heading\">A jornada de Ellie em busca de sua pr\u00f3pria identidade<\/h3>\r\n\r\n\r\n\r\n<p>Ellie \u00e9 uma personagem complexa e fascinante, que passa por uma jornada emocional ao longo da hist\u00f3ria. Ela \u00e9 uma jovem que foi criada em um mundo p\u00f3s-apocal\u00edptico e que se v\u00ea em busca de sua identidade. No entanto, a jornada de Ellie tamb\u00e9m \u00e9 marcada por momentos dif\u00edceis e emocionantes. Ela enfrenta escolhas dif\u00edceis que a obrigam a questionar seus pr\u00f3prios valores e princ\u00edpios, como quando ela tem que decidir se deve ou n\u00e3o matar pessoas inocentes em nome de sua pr\u00f3pria sobreviv\u00eancia. Al\u00e9m disso, ela sofre perdas significativas ao longo do caminho, como a morte de pessoas pr\u00f3ximas a ela, o que a faz questionar sua pr\u00f3pria exist\u00eancia e prop\u00f3sito em um mundo p\u00f3s-apocal\u00edptico.<\/p>\r\n\r\n\r\n\r\n<h2 class=\"wp-block-heading\"><i>The Last of Us<\/i> \u00e9 uma s\u00e9rie sobre sobreviv\u00eancia<\/h2>\r\n\r\n\r\n\r\n<h3 class=\"wp-block-heading\">Confira a linha do tempo da s\u00e9rie<\/h3>\r\n\r\n\r\n\r\n<p>2003: Um fungo mortal se espalha por todo o mundo, transformando as pessoas em criaturas violentas e agressivas conhecidas como &#8220;Infectados&#8221;. Joel, um pai solteiro, perde sua filha Sarah durante a pandemia. <a href=\"https:\/\/news.filmelier.com\/the-last-of-us-serie-vs-jogo\/\" data-type=\"post\" data-id=\"36412\">Uma das diferen\u00e7as da s\u00e9rie em rela\u00e7\u00e3o ao jogo, que come\u00e7a em 2013<\/a>.<\/p>\r\n\r\n\r\n\r\n<figure class=\"wp-block-image size-full\">\r\n<figure id=\"attachment_36331\" aria-describedby=\"caption-attachment-36331\" style=\"width: 800px\" class=\"wp-caption alignnone\"><img decoding=\"async\" class=\"wp-image-36331 size-full\" src=\"https:\/\/news.filmelier.com\/wp-content\/uploads\/2023\/01\/the-last-of-us-joel-episodio3.jpg\" alt=\"Pedro Pascal como Joel no epis\u00f3dio 3 de 'The Last of Us', da HBO\" width=\"800\" height=\"533\" srcset=\"https:\/\/news.filmelier.com\/wp-content\/uploads\/2023\/01\/the-last-of-us-joel-episodio3.jpg 800w, https:\/\/news.filmelier.com\/wp-content\/uploads\/2023\/01\/the-last-of-us-joel-episodio3-300x200.jpg 300w, https:\/\/news.filmelier.com\/wp-content\/uploads\/2023\/01\/the-last-of-us-joel-episodio3-768x512.jpg 768w, https:\/\/news.filmelier.com\/wp-content\/uploads\/2023\/01\/the-last-of-us-joel-episodio3-150x100.jpg 150w\" sizes=\"(max-width: 800px) 100vw, 800px\" \/><figcaption id=\"caption-attachment-36331\" class=\"wp-caption-text\"><em>Pedro Pascal como Joel (Cr\u00e9dito: HBO)<\/em><\/figcaption><\/figure>\r\n<\/figure>\r\n\r\n\r\n\r\n<p>2023: Joel conhece Ellie, uma adolescente imune ao fungo, e \u00e9 encarregado de lev\u00e1-la a um grupo de rebeldes, conhecido como os Vagalumes. Joel e Ellie enfrentam muitos perigos durante sua jornada e desenvolvem um v\u00ednculo pr\u00f3ximo.<\/p>\r\n\r\n\r\n\r\n<p>Primavera de 2024: Joel e Ellie chegam \u00e0 base dos Vagalumes, onde eles acreditam que conseguem extrair uma cura para o fungo a partir de Ellie.<\/p>\r\n\r\n\r\n\r\n<ul class=\"wp-block-list\">\r\n<li><strong>Saiba mais: <a href=\"https:\/\/news.filmelier.com\/the-last-of-us-infectados-vagalume-fedra-tudo\/\" data-type=\"post\" data-id=\"36312\"><i>The Last of Us<\/i>: tipos de infectados, e diferen\u00e7as entre os Vagalumes e a FEDRA<\/a><\/strong><\/li>\r\n<\/ul>\r\n\r\n\r\n\r\n<h3 class=\"wp-block-heading\">A luta pela sobreviv\u00eancia em um mundo hostil<\/h3>\r\n\r\n\r\n\r\n<p><i>The Last of Us<\/i> \u00e9 um jogo que se concentra na luta pela sobreviv\u00eancia em um mundo hostil. Os personagens enfrentam uma s\u00e9rie de desafios, desde a falta de recursos b\u00e1sicos at\u00e9 a amea\u00e7a constante dos infectados e de outros sobreviventes. No \u00faltimo epis\u00f3dio, \u00e9 importante lembrar que a sobreviv\u00eancia \u00e9 o objetivo principal dos personagens e que essa luta moldou suas personalidades e sua vis\u00e3o de mundo. Al\u00e9m disso, devemos lembrar que a sobreviv\u00eancia n\u00e3o \u00e9 apenas uma quest\u00e3o f\u00edsica, mas tamb\u00e9m emocional e psicol\u00f3gica, e que os personagens precisam lidar com traumas e perdas ao longo da hist\u00f3ria.<\/p>\r\n\r\n\r\n\r\n<h2 class=\"wp-block-heading\">Por que Ellie \u00e9 t\u00e3o importante para os Vagalumes?<\/h2>\r\n\r\n\r\n\r\n<figure class=\"wp-block-image size-full\">\r\n<figure id=\"attachment_36174\" aria-describedby=\"caption-attachment-36174\" style=\"width: 800px\" class=\"wp-caption alignnone\"><img decoding=\"async\" class=\"wp-image-36174 size-full\" src=\"https:\/\/news.filmelier.com\/wp-content\/uploads\/2023\/01\/the-last-of-us-bella-ramsey-ellie-episodio2.jpg\" alt=\"Bella Ramsey como Ellie no epis\u00f3dio 2 de The Last of Us\" width=\"800\" height=\"450\" srcset=\"https:\/\/news.filmelier.com\/wp-content\/uploads\/2023\/01\/the-last-of-us-bella-ramsey-ellie-episodio2.jpg 800w, https:\/\/news.filmelier.com\/wp-content\/uploads\/2023\/01\/the-last-of-us-bella-ramsey-ellie-episodio2-300x169.jpg 300w, https:\/\/news.filmelier.com\/wp-content\/uploads\/2023\/01\/the-last-of-us-bella-ramsey-ellie-episodio2-768x432.jpg 768w, https:\/\/news.filmelier.com\/wp-content\/uploads\/2023\/01\/the-last-of-us-bella-ramsey-ellie-episodio2-150x84.jpg 150w\" sizes=\"(max-width: 800px) 100vw, 800px\" \/><figcaption id=\"caption-attachment-36174\" class=\"wp-caption-text\"><em>Bella Ramsey como Ellie (Cr\u00e9dito: HBO)<\/em><\/figcaption><\/figure>\r\n<\/figure>\r\n\r\n\r\n\r\n<p>Ellie \u00e9 fundamental para os Vagalumes, pois ela \u00e9 imune \u00e0 infec\u00e7\u00e3o que transformou grande parte da humanidade em monstros sedentos por sangue. Sendo assim, os Vagalumes veem nela uma possibilidade de criar uma cura para a doen\u00e7a, o que lhes permitiria restaurar a civiliza\u00e7\u00e3o e salvar a humanidade da extin\u00e7\u00e3o.<\/p>\r\n\r\n\r\n\r\n<h3 class=\"wp-block-heading\">Quem \u00e9 Marlene, dos Vagalumes?<\/h3>\r\n\r\n\r\n\r\n<p>Para assistir ao pr\u00f3ximo epis\u00f3dio de <i>The Last of Us<\/i>, \u00e9 importante lembrar quem \u00e9 Marlene, l\u00edder dos Vagalumes e amiga pr\u00f3xima da m\u00e3e de Ellie, foi respons\u00e1vel por recrutar Joel e Tess para a miss\u00e3o de levar a garota at\u00e9 o hospital. Ela acredita que a imunidade de Ellie pode ser a chave para encontrar uma cura para a infec\u00e7\u00e3o que devastou o mundo. S\u00f3 que Joel se afei\u00e7oa \u00e0 Ellie e decide proteg\u00ea-la a todo custo, mesmo que isso signifique ir contra a vontade dos Vagalumes.<\/p>\r\n\r\n\r\n\r\n<figure class=\"wp-block-image size-full\">\r\n<figure id=\"attachment_36432\" aria-describedby=\"caption-attachment-36432\" style=\"width: 800px\" class=\"wp-caption alignnone\"><img loading=\"lazy\" decoding=\"async\" class=\"wp-image-36432 size-full\" src=\"https:\/\/news.filmelier.com\/wp-content\/uploads\/2023\/02\/the-last-of-us-marlene.jpg\" alt=\"Marlene \u00e9 membro dos Vagalumes em 'The Last of Us' (Cr\u00e9dito: HBO)\" width=\"800\" height=\"450\" srcset=\"https:\/\/news.filmelier.com\/wp-content\/uploads\/2023\/02\/the-last-of-us-marlene.jpg 800w, https:\/\/news.filmelier.com\/wp-content\/uploads\/2023\/02\/the-last-of-us-marlene-300x169.jpg 300w, https:\/\/news.filmelier.com\/wp-content\/uploads\/2023\/02\/the-last-of-us-marlene-768x432.jpg 768w, https:\/\/news.filmelier.com\/wp-content\/uploads\/2023\/02\/the-last-of-us-marlene-150x84.jpg 150w\" sizes=\"(max-width: 800px) 100vw, 800px\" \/><figcaption id=\"caption-attachment-36432\" class=\"wp-caption-text\"><em>Marlene \u00e9 membro dos Vagalumes em The Last of Us (Cr\u00e9dito: HBO)<\/em><\/figcaption><\/figure>\r\n<\/figure>\r\n\r\n\r\n\r\n<h2 class=\"wp-block-heading\">Leia \u00e0s cr\u00edticas semanais do Filmelier por epis\u00f3dio de <i>The Last of Us<\/i>:<\/h2>\r\n\r\n\r\n\r\n<p><a href=\"https:\/\/news.filmelier.com\/assistir-online-serie-the-last-of-us\/\">Saiba como assistir \u00e0 s\u00e9rie online e com op\u00e7\u00f5es gratuitas<\/a>. Leia as nossas cr\u00edticas semanais, por epis\u00f3dio:<\/p>\r\n<p>\r\n\r\n<\/p>\r\n<h3>1\u00aa temporada<\/h3>\r\n<ul class=\"wp-block-list\">\r\n<li><strong><a href=\"https:\/\/news.filmelier.com\/the-last-of-us-critica-serie-hbo\/\">1&#215;01 &#8211; <i>The Last of Us<\/i> tem tudo para ser a nova s\u00e9rie evento da HBO<\/a><\/strong><\/li>\r\n<li><strong><a href=\"https:\/\/news.filmelier.com\/the-last-of-us-critica-episodio-2\/\">1&#215;02 &#8211; epis\u00f3dio 2 da s\u00e9rie tem cenas de terror e reviravolta &#8220;soco no est\u00f4mago&#8221;<\/a><\/strong><\/li>\r\n<li><strong><a href=\"https:\/\/news.filmelier.com\/the-last-of-us-critica-episodio-3\/\">1&#215;03 epis\u00f3dio 3 tem cenas in\u00e9ditas, tom rom\u00e2ntico e dram\u00e1tico<\/a><\/strong><\/li>\r\n<li><strong><a href=\"https:\/\/news.filmelier.com\/the-last-of-us-critica-episodio-4\/\">1&#215;04 &#8211; epis\u00f3dio 4 \u00e9 menos impactante, mas aprofunda a narrativa<\/a><\/strong><\/li>\r\n<li><strong><a href=\"https:\/\/news.filmelier.com\/the-last-of-us-critica-episodio-5\/\">1&#215;05 &#8211; epis\u00f3dio 5 prova que a s\u00e9rie n\u00e3o est\u00e1 para brincadeira<\/a><\/strong><\/li>\r\n<li><strong><a href=\"https:\/\/news.filmelier.com\/the-last-of-us-critica-episodio-6\/\">1&#215;06 &#8211; epis\u00f3dio 6 tem encontro aguardado e &#8220;momento fam\u00edlia&#8221;<\/a><\/strong><\/li>\r\n<li><strong><a href=\"https:\/\/news.filmelier.com\/the-last-of-us-critica-episodio-7\/\">1&#215;07 &#8211; epis\u00f3dio 7 revela como Ellie foi mordida<\/a><\/strong><\/li>\r\n<li><strong><a href=\"https:\/\/news.filmelier.com\/the-last-of-us-critica-episodio-8\/\">1&#215;08 &#8211; epis\u00f3dio 8 \u00e9 o mais intenso e perturbador da temporada<\/a><\/strong><\/li>\r\n<li><strong><a href=\"https:\/\/news.filmelier.com\/the-last-of-us-critica-episodio-9\/\">1&#215;09 &#8211; epis\u00f3dio 9 tem desfecho pol\u00eamico e chocante<\/a><\/strong><\/li>\r\n<\/ul>\r\n<h3>2\u00aa temporada<\/h3>\r\n<ul>\r\n<li><strong><a href=\"https:\/\/news.filmelier.com\/the-last-of-us-critica-temporada-2-episodio-1\/\">2&#215;01 &#8211; S\u00e9rie retorna mais sombrio e introspectivo na estreia da 2\u00aa temporada na HBO<\/a><\/strong><\/li>\r\n<li><strong><a href=\"https:\/\/news.filmelier.com\/the-last-of-us-critica-temporada-2-episodio-2\/\">2&#215;02 &#8211; <i>The Last of Us<\/i> reencontra sua for\u00e7a dram\u00e1tica com reviravolta do epis\u00f3dio 2 na HBO<\/a><\/strong><\/li>\r\n<li><strong><a href=\"https:\/\/news.filmelier.com\/the-last-of-us-temporada-2-episodio-3\/\">2&#215;03 <\/a><a href=\"https:\/\/news.filmelier.com\/the-last-of-us-critica-temporada-2-episodio-2\/\">\u2013<\/a><a href=\"https:\/\/news.filmelier.com\/the-last-of-us-temporada-2-episodio-3\/\"> Bella Ramsey segura a 2\u00aa temporada? Cr\u00edtica do epis\u00f3dio 3 analisa a nova fase<\/a><\/strong><\/li>\r\n<li><strong><a href=\"https:\/\/news.filmelier.com\/the-last-of-us-critica-temporada-2-episodio-4\/\">2&#215;04 &#8211; S\u00e9rie encontra equil\u00edbrio perfeito entre horror e romance no epis\u00f3dio 4 da 2\u00aa temporada<\/a><\/strong><\/li>\r\n<li><strong><a href=\"https:\/\/news.filmelier.com\/the-last-of-us-critica-temporada-2-episodio-5\/\">2&#215;05 \u2013 Quinto epis\u00f3dio da 2\u00aa temporada brilha em cenas de a\u00e7\u00e3o mas roteiro falha com Ellie<\/a><\/strong><\/li>\r\n<li><a href=\"https:\/\/news.filmelier.com\/the-last-of-us-critica-temporada-2-episodio-6\/\"><strong>2&#215;06 \u2013 epis\u00f3dio 6 da 2\u00aa temporada emociona com retorno de Joel e drama entre pai e filha<\/strong><\/a><\/li>\r\n<\/ul>\r\n\r\n\r\n","protected":false},"excerpt":{"rendered":"<p>Antes de assistir ao \u00faltimo epis\u00f3dio da 1\u00aa temporada de &#8216;The Last of Us&#8217;, descubra quando vai passar e relembre detalhes importantes da s\u00e9rie da HBO<\/p>\n","protected":false},"author":11,"featured_media":50567,"comment_status":"closed","ping_status":"open","sticky":false,"template":"","format":"standard","meta":{"_acf_changed":false,"footnotes":""},"categories":[3492],"tags":[],"class_list":["post-50566","post","type-post","status-publish","format-standard","has-post-thumbnail","hentry","category-series-novelas-br"],"acf":{"subtitulo":"Antes de assistir ao \u00faltimo epis\u00f3dio da 1\u00aa temporada de 'The Last of Us', descubra quando vai passar e relembre detalhes importantes da s\u00e9rie da HBO","id_ator":""},"yoast_head":"<!-- This site is optimized with the Yoast SEO plugin v26.1.1 - https:\/\/yoast.com\/wordpress\/plugins\/seo\/ -->\n<title>The Last of Us: relembre detalhes para ver o final da primeira temporada<\/title>\n<meta name=\"description\" content=\"Antes de assistir ao \u00faltimo epis\u00f3dio da 1\u00aa temporada de &#039;The Last of Us&#039;, descubra quando vai passar e relembre detalhes importantes da s\u00e9rie da HBO\" \/>\n<meta name=\"robots\" content=\"index, follow, max-snippet:-1, max-image-preview:large, max-video-preview:-1\" \/>\n<link rel=\"canonical\" href=\"https:\/\/news.filmelier.com\/br\/the-last-of-us-assistir-ultimo-episodio\/\" \/>\n<meta property=\"og:locale\" content=\"pt_BR\" \/>\n<meta property=\"og:type\" content=\"article\" \/>\n<meta property=\"og:title\" content=\"The Last of Us: relembre detalhes para ver o final da primeira temporada\" \/>\n<meta property=\"og:description\" content=\"Antes de assistir ao \u00faltimo epis\u00f3dio da 1\u00aa temporada de &#039;The Last of Us&#039;, descubra quando vai passar e relembre detalhes importantes da s\u00e9rie da HBO\" \/>\n<meta property=\"og:url\" content=\"https:\/\/news.filmelier.com\/br\/the-last-of-us-assistir-ultimo-episodio\/\" \/>\n<meta property=\"og:site_name\" content=\"News Filmelier\" \/>\n<meta property=\"article:published_time\" content=\"2023-03-12T03:55:01+00:00\" \/>\n<meta property=\"article:modified_time\" content=\"2025-07-14T21:51:50+00:00\" \/>\n<meta property=\"og:image\" content=\"https:\/\/homolog.news.filmelier.com\/wp-content\/uploads\/2023\/01\/the-last-of-us-assistir-online-dublado.jpg\" \/>\n\t<meta property=\"og:image:width\" content=\"1920\" \/>\n\t<meta property=\"og:image:height\" content=\"600\" \/>\n\t<meta property=\"og:image:type\" content=\"image\/jpeg\" \/>\n<meta name=\"author\" content=\"Vit\u00f3ria Pratini\" \/>\n<meta name=\"twitter:card\" content=\"summary_large_image\" \/>\n<meta name=\"twitter:label1\" content=\"Escrito por\" \/>\n\t<meta name=\"twitter:data1\" content=\"Vit\u00f3ria Pratini\" \/>\n\t<meta name=\"twitter:label2\" content=\"Est. tempo de leitura\" \/>\n\t<meta name=\"twitter:data2\" content=\"8 minutos\" \/>\n<script type=\"application\/ld+json\" class=\"yoast-schema-graph\">{\"@context\":\"https:\/\/schema.org\",\"@graph\":[{\"@type\":\"Article\",\"@id\":\"https:\/\/news.filmelier.com\/br\/the-last-of-us-assistir-ultimo-episodio\/#article\",\"isPartOf\":{\"@id\":\"https:\/\/news.filmelier.com\/br\/the-last-of-us-assistir-ultimo-episodio\/\"},\"author\":{\"name\":\"Vit\u00f3ria Pratini\",\"@id\":\"https:\/\/homolog.news.filmelier.com\/br\/#\/schema\/person\/b6689fa913d8b849cd7549503e6521cc\"},\"headline\":\"&#8216;The Last of Us&#8217;: relembre detalhes para ver o final da primeira temporada\",\"datePublished\":\"2023-03-12T03:55:01+00:00\",\"dateModified\":\"2025-07-14T21:51:50+00:00\",\"mainEntityOfPage\":{\"@id\":\"https:\/\/news.filmelier.com\/br\/the-last-of-us-assistir-ultimo-episodio\/\"},\"wordCount\":1346,\"publisher\":{\"@id\":\"https:\/\/homolog.news.filmelier.com\/br\/#organization\"},\"image\":{\"@id\":\"https:\/\/news.filmelier.com\/br\/the-last-of-us-assistir-ultimo-episodio\/#primaryimage\"},\"thumbnailUrl\":\"https:\/\/news.filmelier.com\/wp-content\/uploads\/2023\/01\/the-last-of-us-assistir-online-dublado.jpg\",\"articleSection\":[\"S\u00e9ries e Novelas\"],\"inLanguage\":\"pt-BR\"},{\"@type\":\"WebPage\",\"@id\":\"https:\/\/news.filmelier.com\/br\/the-last-of-us-assistir-ultimo-episodio\/\",\"url\":\"https:\/\/news.filmelier.com\/br\/the-last-of-us-assistir-ultimo-episodio\/\",\"name\":\"The Last of Us: relembre detalhes para ver o final da primeira temporada\",\"isPartOf\":{\"@id\":\"https:\/\/homolog.news.filmelier.com\/br\/#website\"},\"primaryImageOfPage\":{\"@id\":\"https:\/\/news.filmelier.com\/br\/the-last-of-us-assistir-ultimo-episodio\/#primaryimage\"},\"image\":{\"@id\":\"https:\/\/news.filmelier.com\/br\/the-last-of-us-assistir-ultimo-episodio\/#primaryimage\"},\"thumbnailUrl\":\"https:\/\/news.filmelier.com\/wp-content\/uploads\/2023\/01\/the-last-of-us-assistir-online-dublado.jpg\",\"datePublished\":\"2023-03-12T03:55:01+00:00\",\"dateModified\":\"2025-07-14T21:51:50+00:00\",\"description\":\"Antes de assistir ao \u00faltimo epis\u00f3dio da 1\u00aa temporada de 'The Last of Us', descubra quando vai passar e relembre detalhes importantes da s\u00e9rie da HBO\",\"breadcrumb\":{\"@id\":\"https:\/\/news.filmelier.com\/br\/the-last-of-us-assistir-ultimo-episodio\/#breadcrumb\"},\"inLanguage\":\"pt-BR\",\"potentialAction\":[{\"@type\":\"ReadAction\",\"target\":[\"https:\/\/news.filmelier.com\/br\/the-last-of-us-assistir-ultimo-episodio\/\"]}]},{\"@type\":\"ImageObject\",\"inLanguage\":\"pt-BR\",\"@id\":\"https:\/\/news.filmelier.com\/br\/the-last-of-us-assistir-ultimo-episodio\/#primaryimage\",\"url\":\"https:\/\/news.filmelier.com\/wp-content\/uploads\/2023\/01\/the-last-of-us-assistir-online-dublado.jpg\",\"contentUrl\":\"https:\/\/news.filmelier.com\/wp-content\/uploads\/2023\/01\/the-last-of-us-assistir-online-dublado.jpg\",\"width\":1920,\"height\":600,\"caption\":\"\u2018The Last of Us\u2019: Como assistir \u00e0 s\u00e9rie da HBO online, dublado e de gra\u00e7a? (Cr\u00e9dito: HBO)\"},{\"@type\":\"BreadcrumbList\",\"@id\":\"https:\/\/news.filmelier.com\/br\/the-last-of-us-assistir-ultimo-episodio\/#breadcrumb\",\"itemListElement\":[{\"@type\":\"ListItem\",\"position\":1,\"name\":\"In\u00edcio\",\"item\":\"https:\/\/homolog.news.filmelier.com\/br\/\"},{\"@type\":\"ListItem\",\"position\":2,\"name\":\"&#8216;The Last of Us&#8217;: relembre detalhes para ver o final da primeira temporada\"}]},{\"@type\":\"WebSite\",\"@id\":\"https:\/\/homolog.news.filmelier.com\/br\/#website\",\"url\":\"https:\/\/homolog.news.filmelier.com\/br\/\",\"name\":\"Homolog Filmelier News Rankrup\",\"description\":\"\",\"publisher\":{\"@id\":\"https:\/\/homolog.news.filmelier.com\/br\/#organization\"},\"potentialAction\":[{\"@type\":\"SearchAction\",\"target\":{\"@type\":\"EntryPoint\",\"urlTemplate\":\"https:\/\/homolog.news.filmelier.com\/br\/?s={search_term_string}\"},\"query-input\":{\"@type\":\"PropertyValueSpecification\",\"valueRequired\":true,\"valueName\":\"search_term_string\"}}],\"inLanguage\":\"pt-BR\"},{\"@type\":\"Organization\",\"@id\":\"https:\/\/homolog.news.filmelier.com\/br\/#organization\",\"name\":\"Homolog Filmelier News Rankrup\",\"url\":\"https:\/\/homolog.news.filmelier.com\/br\/\",\"logo\":{\"@type\":\"ImageObject\",\"inLanguage\":\"pt-BR\",\"@id\":\"https:\/\/homolog.news.filmelier.com\/br\/#\/schema\/logo\/image\/\",\"url\":\"https:\/\/news.filmelier.com\/wp-content\/uploads\/2024\/11\/Logo-News.png\",\"contentUrl\":\"https:\/\/news.filmelier.com\/wp-content\/uploads\/2024\/11\/Logo-News.png\",\"width\":460,\"height\":108,\"caption\":\"Homolog Filmelier News Rankrup\"},\"image\":{\"@id\":\"https:\/\/homolog.news.filmelier.com\/br\/#\/schema\/logo\/image\/\"}},{\"@type\":\"Person\",\"@id\":\"https:\/\/homolog.news.filmelier.com\/br\/#\/schema\/person\/b6689fa913d8b849cd7549503e6521cc\",\"name\":\"Vit\u00f3ria Pratini\",\"image\":{\"@type\":\"ImageObject\",\"inLanguage\":\"pt-BR\",\"@id\":\"https:\/\/homolog.news.filmelier.com\/br\/#\/schema\/person\/image\/\",\"url\":\"https:\/\/secure.gravatar.com\/avatar\/93bc09f1ea8059e7f68ceebd457a04e75befce531605be9c8ad31127fed28a0d?s=96&d=mm&r=g\",\"contentUrl\":\"https:\/\/secure.gravatar.com\/avatar\/93bc09f1ea8059e7f68ceebd457a04e75befce531605be9c8ad31127fed28a0d?s=96&d=mm&r=g\",\"caption\":\"Vit\u00f3ria Pratini\"},\"description\":\"A critic and journalist specializing in films, series and pop culture since 2013, Vit\u00f3ria Pratini has had her articles published in AdoroCinema, IGN Brasil, Terra and MSN. During her career, she has covered audiovisual events, such as San Diego Comic-Con, CCXP, Festival do Rio and Pr\u00eamio Grande Otelo. She has served on festival juries and interviewed names such as Helen Mirren, Fernanda Torres, Gilberto Gil, Jude Law and Bryan Cranston. An SEO specialist, Vit\u00f3ria is currently a content strategist and reporter for Filmelier.\",\"sameAs\":[\"https:\/\/www.filmelier.com\/br\/autor\/vitoria-pratini\",\"https:\/\/www.instagram.com\/vitoriapratini\/\"],\"url\":\"https:\/\/news.filmelier.com\/br\/author\/vitoria-pratini\/\"}]}<\/script>\n<!-- \/ Yoast SEO plugin. -->","yoast_head_json":{"title":"The Last of Us: relembre detalhes para ver o final da primeira temporada","description":"Antes de assistir ao \u00faltimo epis\u00f3dio da 1\u00aa temporada de 'The Last of Us', descubra quando vai passar e relembre detalhes importantes da s\u00e9rie da HBO","robots":{"index":"index","follow":"follow","max-snippet":"max-snippet:-1","max-image-preview":"max-image-preview:large","max-video-preview":"max-video-preview:-1"},"canonical":"https:\/\/news.filmelier.com\/br\/the-last-of-us-assistir-ultimo-episodio\/","og_locale":"pt_BR","og_type":"article","og_title":"The Last of Us: relembre detalhes para ver o final da primeira temporada","og_description":"Antes de assistir ao \u00faltimo epis\u00f3dio da 1\u00aa temporada de 'The Last of Us', descubra quando vai passar e relembre detalhes importantes da s\u00e9rie da HBO","og_url":"https:\/\/news.filmelier.com\/br\/the-last-of-us-assistir-ultimo-episodio\/","og_site_name":"News Filmelier","article_published_time":"2023-03-12T03:55:01+00:00","article_modified_time":"2025-07-14T21:51:50+00:00","og_image":[{"width":1920,"height":600,"url":"https:\/\/homolog.news.filmelier.com\/wp-content\/uploads\/2023\/01\/the-last-of-us-assistir-online-dublado.jpg","type":"image\/jpeg"}],"author":"Vit\u00f3ria Pratini","twitter_card":"summary_large_image","twitter_misc":{"Escrito por":"Vit\u00f3ria Pratini","Est. tempo de leitura":"8 minutos"},"schema":{"@context":"https:\/\/schema.org","@graph":[{"@type":"Article","@id":"https:\/\/news.filmelier.com\/br\/the-last-of-us-assistir-ultimo-episodio\/#article","isPartOf":{"@id":"https:\/\/news.filmelier.com\/br\/the-last-of-us-assistir-ultimo-episodio\/"},"author":{"name":"Vit\u00f3ria Pratini","@id":"https:\/\/homolog.news.filmelier.com\/br\/#\/schema\/person\/b6689fa913d8b849cd7549503e6521cc"},"headline":"&#8216;The Last of Us&#8217;: relembre detalhes para ver o final da primeira temporada","datePublished":"2023-03-12T03:55:01+00:00","dateModified":"2025-07-14T21:51:50+00:00","mainEntityOfPage":{"@id":"https:\/\/news.filmelier.com\/br\/the-last-of-us-assistir-ultimo-episodio\/"},"wordCount":1346,"publisher":{"@id":"https:\/\/homolog.news.filmelier.com\/br\/#organization"},"image":{"@id":"https:\/\/news.filmelier.com\/br\/the-last-of-us-assistir-ultimo-episodio\/#primaryimage"},"thumbnailUrl":"https:\/\/news.filmelier.com\/wp-content\/uploads\/2023\/01\/the-last-of-us-assistir-online-dublado.jpg","articleSection":["S\u00e9ries e Novelas"],"inLanguage":"pt-BR"},{"@type":"WebPage","@id":"https:\/\/news.filmelier.com\/br\/the-last-of-us-assistir-ultimo-episodio\/","url":"https:\/\/news.filmelier.com\/br\/the-last-of-us-assistir-ultimo-episodio\/","name":"The Last of Us: relembre detalhes para ver o final da primeira temporada","isPartOf":{"@id":"https:\/\/homolog.news.filmelier.com\/br\/#website"},"primaryImageOfPage":{"@id":"https:\/\/news.filmelier.com\/br\/the-last-of-us-assistir-ultimo-episodio\/#primaryimage"},"image":{"@id":"https:\/\/news.filmelier.com\/br\/the-last-of-us-assistir-ultimo-episodio\/#primaryimage"},"thumbnailUrl":"https:\/\/news.filmelier.com\/wp-content\/uploads\/2023\/01\/the-last-of-us-assistir-online-dublado.jpg","datePublished":"2023-03-12T03:55:01+00:00","dateModified":"2025-07-14T21:51:50+00:00","description":"Antes de assistir ao \u00faltimo epis\u00f3dio da 1\u00aa temporada de 'The Last of Us', descubra quando vai passar e relembre detalhes importantes da s\u00e9rie da HBO","breadcrumb":{"@id":"https:\/\/news.filmelier.com\/br\/the-last-of-us-assistir-ultimo-episodio\/#breadcrumb"},"inLanguage":"pt-BR","potentialAction":[{"@type":"ReadAction","target":["https:\/\/news.filmelier.com\/br\/the-last-of-us-assistir-ultimo-episodio\/"]}]},{"@type":"ImageObject","inLanguage":"pt-BR","@id":"https:\/\/news.filmelier.com\/br\/the-last-of-us-assistir-ultimo-episodio\/#primaryimage","url":"https:\/\/news.filmelier.com\/wp-content\/uploads\/2023\/01\/the-last-of-us-assistir-online-dublado.jpg","contentUrl":"https:\/\/news.filmelier.com\/wp-content\/uploads\/2023\/01\/the-last-of-us-assistir-online-dublado.jpg","width":1920,"height":600,"caption":"\u2018The Last of Us\u2019: Como assistir \u00e0 s\u00e9rie da HBO online, dublado e de gra\u00e7a? (Cr\u00e9dito: HBO)"},{"@type":"BreadcrumbList","@id":"https:\/\/news.filmelier.com\/br\/the-last-of-us-assistir-ultimo-episodio\/#breadcrumb","itemListElement":[{"@type":"ListItem","position":1,"name":"In\u00edcio","item":"https:\/\/homolog.news.filmelier.com\/br\/"},{"@type":"ListItem","position":2,"name":"&#8216;The Last of Us&#8217;: relembre detalhes para ver o final da primeira temporada"}]},{"@type":"WebSite","@id":"https:\/\/homolog.news.filmelier.com\/br\/#website","url":"https:\/\/homolog.news.filmelier.com\/br\/","name":"Homolog Filmelier News Rankrup","description":"","publisher":{"@id":"https:\/\/homolog.news.filmelier.com\/br\/#organization"},"potentialAction":[{"@type":"SearchAction","target":{"@type":"EntryPoint","urlTemplate":"https:\/\/homolog.news.filmelier.com\/br\/?s={search_term_string}"},"query-input":{"@type":"PropertyValueSpecification","valueRequired":true,"valueName":"search_term_string"}}],"inLanguage":"pt-BR"},{"@type":"Organization","@id":"https:\/\/homolog.news.filmelier.com\/br\/#organization","name":"Homolog Filmelier News Rankrup","url":"https:\/\/homolog.news.filmelier.com\/br\/","logo":{"@type":"ImageObject","inLanguage":"pt-BR","@id":"https:\/\/homolog.news.filmelier.com\/br\/#\/schema\/logo\/image\/","url":"https:\/\/news.filmelier.com\/wp-content\/uploads\/2024\/11\/Logo-News.png","contentUrl":"https:\/\/news.filmelier.com\/wp-content\/uploads\/2024\/11\/Logo-News.png","width":460,"height":108,"caption":"Homolog Filmelier News Rankrup"},"image":{"@id":"https:\/\/homolog.news.filmelier.com\/br\/#\/schema\/logo\/image\/"}},{"@type":"Person","@id":"https:\/\/homolog.news.filmelier.com\/br\/#\/schema\/person\/b6689fa913d8b849cd7549503e6521cc","name":"Vit\u00f3ria Pratini","image":{"@type":"ImageObject","inLanguage":"pt-BR","@id":"https:\/\/homolog.news.filmelier.com\/br\/#\/schema\/person\/image\/","url":"https:\/\/secure.gravatar.com\/avatar\/93bc09f1ea8059e7f68ceebd457a04e75befce531605be9c8ad31127fed28a0d?s=96&d=mm&r=g","contentUrl":"https:\/\/secure.gravatar.com\/avatar\/93bc09f1ea8059e7f68ceebd457a04e75befce531605be9c8ad31127fed28a0d?s=96&d=mm&r=g","caption":"Vit\u00f3ria Pratini"},"description":"A critic and journalist specializing in films, series and pop culture since 2013, Vit\u00f3ria Pratini has had her articles published in AdoroCinema, IGN Brasil, Terra and MSN. During her career, she has covered audiovisual events, such as San Diego Comic-Con, CCXP, Festival do Rio and Pr\u00eamio Grande Otelo. She has served on festival juries and interviewed names such as Helen Mirren, Fernanda Torres, Gilberto Gil, Jude Law and Bryan Cranston. An SEO specialist, Vit\u00f3ria is currently a content strategist and reporter for Filmelier.","sameAs":["https:\/\/www.filmelier.com\/br\/autor\/vitoria-pratini","https:\/\/www.instagram.com\/vitoriapratini\/"],"url":"https:\/\/news.filmelier.com\/br\/author\/vitoria-pratini\/"}]}},"_links":{"self":[{"href":"https:\/\/news.filmelier.com\/br\/wp-json\/wp\/v2\/posts\/50566","targetHints":{"allow":["GET"]}}],"collection":[{"href":"https:\/\/news.filmelier.com\/br\/wp-json\/wp\/v2\/posts"}],"about":[{"href":"https:\/\/news.filmelier.com\/br\/wp-json\/wp\/v2\/types\/post"}],"author":[{"embeddable":true,"href":"https:\/\/news.filmelier.com\/br\/wp-json\/wp\/v2\/users\/11"}],"replies":[{"embeddable":true,"href":"https:\/\/news.filmelier.com\/br\/wp-json\/wp\/v2\/comments?post=50566"}],"version-history":[{"count":1,"href":"https:\/\/news.filmelier.com\/br\/wp-json\/wp\/v2\/posts\/50566\/revisions"}],"predecessor-version":[{"id":55099,"href":"https:\/\/news.filmelier.com\/br\/wp-json\/wp\/v2\/posts\/50566\/revisions\/55099"}],"wp:featuredmedia":[{"embeddable":true,"href":"https:\/\/news.filmelier.com\/br\/wp-json\/wp\/v2\/media\/50567"}],"wp:attachment":[{"href":"https:\/\/news.filmelier.com\/br\/wp-json\/wp\/v2\/media?parent=50566"}],"wp:term":[{"taxonomy":"category","embeddable":true,"href":"https:\/\/news.filmelier.com\/br\/wp-json\/wp\/v2\/categories?post=50566"},{"taxonomy":"post_tag","embeddable":true,"href":"https:\/\/news.filmelier.com\/br\/wp-json\/wp\/v2\/tags?post=50566"}],"curies":[{"name":"wp","href":"https:\/\/api.w.org\/{rel}","templated":true}]}}