{"id":50561,"date":"2023-03-12T23:00:00","date_gmt":"2023-03-13T02:00:00","guid":{"rendered":"https:\/\/news.filmelier.com\/the-last-of-us-critica-episodio-9\/"},"modified":"2025-07-14T18:51:49","modified_gmt":"2025-07-14T21:51:49","slug":"the-last-of-us-critica-episodio-9","status":"publish","type":"post","link":"https:\/\/news.filmelier.com\/br\/the-last-of-us-critica-episodio-9\/","title":{"rendered":"&#8216;The Last of Us&#8217;: epis\u00f3dio 9 tem desfecho pol\u00eamico e chocante (Cr\u00edtica)"},"content":{"rendered":"\r\n<p>Domingo, 12 de mar\u00e7o, \u00e9 dia de <a href=\"https:\/\/www.filmelier.com\/br\/noticias\/oscar-2023-confira-a-lista-completa-de-vencedores\" data-type=\"post\" data-id=\"36895\">Oscar 2023<\/a>? Sim! Mas al\u00e9m de <a href=\"https:\/\/www.filmelier.com\/br\/noticias\/oscar-2023-como-assistir\" data-type=\"post\" data-id=\"36844\">conferir a premia\u00e7\u00e3o do cinema<\/a>, domingo \u00e0 noite tamb\u00e9m \u00e9 <a href=\"https:\/\/news.filmelier.com\/the-last-of-us-serie-hbo-estreia\/\" data-type=\"post\" data-id=\"35390\">dia de <em>The Last of Us<\/em><\/a>. J\u00e1 considerada como uma das melhores s\u00e9ries de TV de 2023, a produ\u00e7\u00e3o estrelada por Pedro Pascal e Bella Ramsey <a href=\"https:\/\/news.filmelier.com\/the-last-of-us-assistir-ultimo-episodio\/\" data-type=\"post\" data-id=\"36885\">chega ao fim hoje, em hor\u00e1rio antecipado, com seu epis\u00f3dio 9<\/a>.<\/p>\r\n\r\n\r\n\r\n<p>Intitulado <em>Look for the Light<\/em> (<em>Procure a luz<\/em>, na tradu\u00e7\u00e3o), em refer\u00eancia ao lema dos Vagalumes, o \u00faltimo cap\u00edtulo de <em>The Last of Us<\/em> \u00e9 tenso, emocionante e pol\u00eamico, subvertendo as expectativas do p\u00fablico, tal como aconteceu no videogame (s\u00f3 quem jogou sabe como foi dif\u00edcil aceitar isso).<\/p>\r\n\r\n\r\n\r\n<p>Leia abaixo a cr\u00edtica e recap do Filmelier sobre o epis\u00f3dio 9 de <em>The Last of Us<\/em>. <a href=\"https:\/\/news.filmelier.com\/assistir-online-serie-the-last-of-us\/\" data-type=\"post\" data-id=\"35787\">Saiba aqui como assistir \u00e0 s\u00e9rie online e com op\u00e7\u00f5es gratuitas<\/a>.<\/p>\r\n<h2>Assista ao trailer do epis\u00f3dio final de <em>The Last of Us<\/em>:<\/h2>\r\n<p><iframe title=\"The Last of Us | Epis\u00f3dio Final | HBO Max\" width=\"800\" height=\"450\" src=\"https:\/\/www.youtube.com\/embed\/sdRoYJlFX1M?feature=oembed\" frameborder=\"0\" allow=\"accelerometer; autoplay; clipboard-write; encrypted-media; gyroscope; picture-in-picture; web-share\" referrerpolicy=\"strict-origin-when-cross-origin\" allowfullscreen><\/iframe><\/p>\r\n\r\n\r\n\r\n<p><strong>Aten\u00e7\u00e3o: o texto a seguir cont\u00e9m spoilers do epis\u00f3dio 9 de <em>The Last of Us<\/em>.<\/strong><\/p>\r\n\r\n\r\n\r\n<h2 class=\"wp-block-heading\">Epis\u00f3dio 9 explora o \u00e1pice da rela\u00e7\u00e3o paternal entre Joel e Ellie<\/h2>\r\n\r\n\r\n\r\n<p>Um dos pontos fortes de <em>The Last of Us<\/em> \u00e9, sem d\u00favidas, o desenvolvimento dos personagens e a evolu\u00e7\u00e3o das rela\u00e7\u00f5es interpessoais ao longo da temporada. Joel (Pedro Pascal) e Ellie (<a href=\"https:\/\/news.filmelier.com\/bella-ramsey-tudo-sobre-atriz-the-last-of-us\/\">Bella Ramsey<\/a>) iniciaram a s\u00e9rie em um clima tenso e pouco amig\u00e1vel, mas gradualmente foram construindo uma conex\u00e3o emocional cada vez mais forte e profunda. Com cenas que foram desde divertidas at\u00e9 emotivas.<\/p>\r\n\r\n\r\n\r\n<figure class=\"wp-block-image size-full\">\r\n<figure id=\"attachment_36902\" aria-describedby=\"caption-attachment-36902\" style=\"width: 800px\" class=\"wp-caption alignnone\"><img fetchpriority=\"high\" decoding=\"async\" class=\"wp-image-36902 size-full\" src=\"https:\/\/news.filmelier.com\/wp-content\/uploads\/2023\/03\/the-last-of-us-episodio-9-joel-ellie-girafa.jpg\" alt=\"Joel (Pedro Pascal) e Ellie (Bella Ramsay) no epis\u00f3dio 9 de 'The Last of Us' (Cr\u00e9dito: HBO)\" width=\"800\" height=\"533\" srcset=\"https:\/\/news.filmelier.com\/wp-content\/uploads\/2023\/03\/the-last-of-us-episodio-9-joel-ellie-girafa.jpg 800w, https:\/\/news.filmelier.com\/wp-content\/uploads\/2023\/03\/the-last-of-us-episodio-9-joel-ellie-girafa-300x200.jpg 300w, https:\/\/news.filmelier.com\/wp-content\/uploads\/2023\/03\/the-last-of-us-episodio-9-joel-ellie-girafa-768x512.jpg 768w, https:\/\/news.filmelier.com\/wp-content\/uploads\/2023\/03\/the-last-of-us-episodio-9-joel-ellie-girafa-150x100.jpg 150w\" sizes=\"(max-width: 800px) 100vw, 800px\" \/><figcaption id=\"caption-attachment-36902\" class=\"wp-caption-text\"><em>Joel (Pedro Pascal) e Ellie (Bella Ramsay) no epis\u00f3dio 9 de &#8216;The Last of Us&#8217; (Cr\u00e9dito: HBO)<\/em><\/figcaption><\/figure>\r\n<\/figure>\r\n\r\n\r\n\r\n<p>No pen\u00faltimo e no \u00faltimo epis\u00f3dios, n\u00e3o foi diferente: os momentos em que Joel finalmente aceita Ellie como sua filha adotiva foram extremamente tocantes e comoventes, provando que a s\u00e9rie soube trabalhar muito bem a constru\u00e7\u00e3o dessa rela\u00e7\u00e3o. Ambos os epis\u00f3dios finais foram dirigidos pelo cineasta <a href=\"https:\/\/www.filmelier.com\/br\/director\/ali-abbasi\">Ali Abbasi<\/a>, especialista em filmes de suspense e drama como <em>Border<\/em> e <em><a href=\"https:\/\/www.filmelier.com\/br\/filmes\/19044\/holy-spider\">Holy Spider<\/a><\/em>.<\/p>\r\n\r\n\r\n\r\n<p>Em <em>Look for the Light<\/em>, Joel consegue se abrir para Ellie e contar finalmente que ele tentou se matar ap\u00f3s perder a filha, e que estava deprimido at\u00e9 encontrar outro motivo para viver: a pr\u00f3pria Ellie, que ele aceita como sua filha adotiva. Tanto que ele sugere que eles abortem o plano de procurar os Vagalumes e voltem para Jackson, a comunidade de Tommy (Gabriel Luna). A menina, por\u00e9m, quer ir at\u00e9 o fim. Isso explica, portanto, a escolha moralmente question\u00e1vel de Joel no final do epis\u00f3dio.<\/p>\r\n\r\n\r\n\r\n<ul class=\"wp-block-list\">\r\n<li><strong>Leia tamb\u00e9m: <a href=\"https:\/\/news.filmelier.com\/pedro-pascal-perfil-mandalorian-last-of-us\/\" data-type=\"post\" data-id=\"36731\">Conhe\u00e7a Pedro Pascal, astro de <em>The Last of Us<\/em> e <em>The Mandalorian<\/em><\/a><\/strong><\/li>\r\n<\/ul>\r\n\r\n\r\n\r\n<h2 class=\"wp-block-heading\">A evolu\u00e7\u00e3o de Ellie ao longo da temporada<\/h2>\r\n\r\n\r\n\r\n<p>A jornada emocional de Ellie \u00e9 um dos pontos altos da s\u00e9rie e do epis\u00f3dio em si. A personagem de Bella Ramsey come\u00e7a a s\u00e9rie com um ar bem leve, fazendo piadas desde seu encontro com Riley no shopping at\u00e9 o caminho que passou com Joel. Ela at\u00e9 faz o protagonista de Pascal rir!<\/p>\r\n\r\n\r\n\r\n<figure class=\"wp-block-image size-full\">\r\n<figure id=\"attachment_36903\" aria-describedby=\"caption-attachment-36903\" style=\"width: 800px\" class=\"wp-caption alignnone\"><img decoding=\"async\" class=\"wp-image-36903 size-full\" src=\"https:\/\/news.filmelier.com\/wp-content\/uploads\/2023\/03\/the-last-of-us-episodio-9-ellie-caminhao.jpg\" alt=\"Ellie (Bella Ramsay) no epis\u00f3dio 9 de 'The Last of Us' (Cr\u00e9dito: HBO)\" width=\"800\" height=\"533\" srcset=\"https:\/\/news.filmelier.com\/wp-content\/uploads\/2023\/03\/the-last-of-us-episodio-9-ellie-caminhao.jpg 800w, https:\/\/news.filmelier.com\/wp-content\/uploads\/2023\/03\/the-last-of-us-episodio-9-ellie-caminhao-300x200.jpg 300w, https:\/\/news.filmelier.com\/wp-content\/uploads\/2023\/03\/the-last-of-us-episodio-9-ellie-caminhao-768x512.jpg 768w, https:\/\/news.filmelier.com\/wp-content\/uploads\/2023\/03\/the-last-of-us-episodio-9-ellie-caminhao-150x100.jpg 150w\" sizes=\"(max-width: 800px) 100vw, 800px\" \/><figcaption id=\"caption-attachment-36903\" class=\"wp-caption-text\"><em>Ellie (Bella Ramsay) fica em conflito no epis\u00f3dio 9 de The Last of Us (Cr\u00e9dito: HBO)<\/em><\/figcaption><\/figure>\r\n<\/figure>\r\n\r\n\r\n\r\n<p>No entanto, ap\u00f3s passar por tantos momentos dif\u00edceis e emocionantes ao longo da temporada, ela assumiu um ar mais s\u00e9rio \u2013 que Ramsey interpreta muito bem. Ellie passou por altos e baixos, como perder pessoas com quem se importou, como Tess e Sam, e ter que matar predadores sexuais e canibais para sobreviver. Ent\u00e3o, quando Joel sugere que eles desistam de encontrar os Vagalumes, ela se questiona se a jornada toda at\u00e9 ali, desde que ela foi mordida \u2013 e todas as pessoas que ela feriu e matou direta e indiretamente \u2013 foi em v\u00e3o. Destaque para a bela cena em que Ellie \u2013 uma menina que cresceu em um mundo p\u00f3s-apocal\u00edptico \u2013 finalmente v\u00ea uma girafa.<\/p>\r\n\r\n\r\n\r\n<h3 class=\"wp-block-heading\">Epis\u00f3dio final apresenta a m\u00e3e de Ellie<\/h3>\r\n\r\n\r\n\r\n<p><em>Look for the Light<\/em> traz alguns elementos que <a href=\"https:\/\/news.filmelier.com\/the-last-of-us-serie-vs-jogo\/\" data-type=\"post\" data-id=\"36412\">expandem a hist\u00f3ria do videogame<\/a>. O \u00faltimo epis\u00f3dio da 1\u00aa temporada de <em>The Last of Us<\/em> apresenta a m\u00e3e de Ellie. Anna \u00e9 interpretada por Ashley Johnson, a atriz que dublou Ellie no videogame. Johnson traz uma sensibilidade \u00fanica \u00e0 sua interpreta\u00e7\u00e3o como a m\u00e3e de Ellie na s\u00e9rie. Sua atua\u00e7\u00e3o \u00e9 emocionante e transmite a dor e o desespero da personagem em um momento tenso e impactante, quando ela d\u00e1 a luz, enquanto foge de um infectado. Essa revela\u00e7\u00e3o explica o porqu\u00ea de Ellie ser a chave para a cura da humanidade e adiciona camadas mais profundas \u00e0 hist\u00f3ria dos personagens.<\/p>\r\n<figure id=\"attachment_43128\" aria-describedby=\"caption-attachment-43128\" style=\"width: 1296px\" class=\"wp-caption alignnone\"><img decoding=\"async\" class=\"wp-image-43128 size-full\" src=\"https:\/\/news.filmelier.com\/wp-content\/uploads\/2023\/03\/ashley-johnson-the-last-of-us.webp\" alt=\"Ashley Johnson como a m\u00e3e de Ellie em The Last of Us (Cr\u00e9dito: HBO)\" width=\"1296\" height=\"730\" srcset=\"https:\/\/news.filmelier.com\/wp-content\/uploads\/2023\/03\/ashley-johnson-the-last-of-us.webp 1296w, https:\/\/news.filmelier.com\/wp-content\/uploads\/2023\/03\/ashley-johnson-the-last-of-us-300x169.webp 300w, https:\/\/news.filmelier.com\/wp-content\/uploads\/2023\/03\/ashley-johnson-the-last-of-us-1024x577.webp 1024w, https:\/\/news.filmelier.com\/wp-content\/uploads\/2023\/03\/ashley-johnson-the-last-of-us-768x433.webp 768w, https:\/\/news.filmelier.com\/wp-content\/uploads\/2023\/03\/ashley-johnson-the-last-of-us-150x84.webp 150w\" sizes=\"(max-width: 1296px) 100vw, 1296px\" \/><figcaption id=\"caption-attachment-43128\" class=\"wp-caption-text\"><em>Ashley Johnson como a m\u00e3e de Ellie em The Last of Us (Cr\u00e9dito: HBO)<\/em><\/figcaption><\/figure>\r\n\r\n\r\n\r\n<h2 class=\"wp-block-heading\">Entenda o final da temporada de <em>The Last of Us<\/em><\/h2>\r\n\r\n\r\n\r\n<h3 class=\"wp-block-heading\"><em>The Last of Us<\/em> levanta dilemas morais<\/h3>\r\n\r\n\r\n\r\n<p>As escolhas morais que os personagens enfrentam tamb\u00e9m s\u00e3o um dos pontos altos da s\u00e9rie, e o epis\u00f3dio final \u00e9 o \u00e1pice disso. Sabe as famosas din\u00e2micas de RH sobre dilemas morais? Sobre sacrificar 1 pessoa para salvar 5? A tal \u2018Escolha de Sofia\u2019. Agora imagine que esta uma pessoa \u00e9 Ellie, imune ao fungo Cordyceps, e as outras cinco na verdade s\u00e3o o resto da humanidade, que receberia ou uma vacina ou uma cura contra o Cordyceps. Isso seria uma possibilidade, \u00e9 claro, j\u00e1 que os Vagalumes diziam ter a pesquisa mas nem sequer sabem se daria certo, como fica claro mais no jogo do que na s\u00e9rie quando Joel e Ellie veem os macacos no hospital universit\u00e1rio. O que voc\u00ea faria se fosse Ellie? E se voc\u00ea fosse Joel?<\/p>\r\n\r\n\r\n\r\n<ul class=\"wp-block-list\">\r\n<li><strong>Leia mais: <a href=\"https:\/\/news.filmelier.com\/the-last-of-us-infectados-vagalume-fedra-tudo\/\" data-type=\"post\" data-id=\"36312\"><em>The Last of Us<\/em>: tipos de infectados, e diferen\u00e7as entre os Vagalumes e a FEDRA<\/a><\/strong><\/li>\r\n<\/ul>\r\n\r\n\r\n\r\n<p>Talvez Ellie escolhesse se sacrificar pela causa \u2013 ou ficar internada para ser submetida a testes (o que nem sempre \u00e9 poss\u00edvel em um apocalipse zumbi). Por\u00e9m, nem Marlene nem Joel deram essa escolha para a menina. Marlene provavelmente com receio de que Ellie dissesse n\u00e3o, e Joel temendo que a garota \u2013 do qual agora tem apego emocional \u2013 dissesse sim.<\/p>\r\n\r\n\r\n\r\n<h3 class=\"wp-block-heading\">Os Vagalumes querem a cura, Joel quer uma filha viva<\/h3>\r\n\r\n\r\n\r\n<p>A escolha moral dos Vagalumes, de querer sacrificar Ellie sem nem falar com ela, foi surpreendente e devastadora. J\u00e1 a escolha moral que Joel fez no final do epis\u00f3dio foi mais chocante ainda. Isso trouxe uma pol\u00eamica interessante e desafiadora. Quem jogou o videogame, esteve na pele de Joel enquanto ele matou diversos inimigos, alguns a sangue-frio. Por\u00e9m, a s\u00e9rie mostrou pouqu\u00edssimo desse lado de Joel enquanto mercen\u00e1rio. O pen\u00faltimo epis\u00f3dio foi o mais expl\u00edcito, vimos o protagonista ferido e, ainda assim, torturando alguns dos membros dos canibais para saber onde estava Ellie.<\/p>\r\n\r\n\r\n\r\n<figure class=\"wp-block-image size-full\">\r\n<figure id=\"attachment_36904\" aria-describedby=\"caption-attachment-36904\" style=\"width: 800px\" class=\"wp-caption alignnone\"><img loading=\"lazy\" decoding=\"async\" class=\"wp-image-36904 size-full\" src=\"https:\/\/news.filmelier.com\/wp-content\/uploads\/2023\/03\/the-last-of-us-episodio-9-joel.jpg\" alt=\"Pascal como Joel na 1\u00aa temporada da s\u00e9rie\" width=\"800\" height=\"533\" srcset=\"https:\/\/news.filmelier.com\/wp-content\/uploads\/2023\/03\/the-last-of-us-episodio-9-joel.jpg 800w, https:\/\/news.filmelier.com\/wp-content\/uploads\/2023\/03\/the-last-of-us-episodio-9-joel-300x200.jpg 300w, https:\/\/news.filmelier.com\/wp-content\/uploads\/2023\/03\/the-last-of-us-episodio-9-joel-768x512.jpg 768w, https:\/\/news.filmelier.com\/wp-content\/uploads\/2023\/03\/the-last-of-us-episodio-9-joel-150x100.jpg 150w\" sizes=\"(max-width: 800px) 100vw, 800px\" \/><figcaption id=\"caption-attachment-36904\" class=\"wp-caption-text\"><em>Joel faz o &#8220;Liam Neeson em Busca Implac\u00e1vel&#8221; no final da temporada (Cr\u00e9dito: HBO)<\/em><\/figcaption><\/figure>\r\n<\/figure>\r\n\r\n\r\n\r\n<p>A decis\u00e3o de Joel em matar os Vagalumes para salvar Ellie \u00e9 um momento de tens\u00e3o e controv\u00e9rsia, levantando quest\u00f5es sobre o que \u00e9 certo e errado em um mundo sem regras. Al\u00e9m disso, ao mentir para Ellie sobre a verdadeira natureza da cura, Joel teve que lidar com as consequ\u00eancias de suas a\u00e7\u00f5es e o impacto delas em sua rela\u00e7\u00e3o com a garota. A s\u00e9rie soube explorar essas nuances morais de maneira sutil, deixando no ar reflex\u00f5es importantes sobre \u00e9tica e sacrif\u00edcio em um mundo p\u00f3s-apocal\u00edptico.<\/p>\r\n\r\n\r\n\r\n<ul class=\"wp-block-list\">\r\n<li><strong>Confira: <a href=\"https:\/\/www.filmelier.com\/br\/noticias\/critica-the-mandalorian-temporada-3-ep-2\" data-type=\"post\" data-id=\"36858\"><em>The Mandalorian<\/em>: epis\u00f3dio 2 da 3\u00aa temporada reacende a magia da s\u00e9rie com enredo simples<\/a><\/strong><\/li>\r\n<\/ul>\r\n\r\n\r\n\r\n<h2 class=\"wp-block-heading\"><em>The Last of Us<\/em> apresentou uma primeira temporada excelente<\/h2>\r\n\r\n\r\n\r\n<p>A temporada de estreia da s\u00e9rie p\u00f3s-apocal\u00edptica da HBO, <em>The Last of Us<\/em>, foi uma jornada brilhante desde o come\u00e7o. \u00c0 medida que a temporada avan\u00e7ou, o p\u00fablico presenciou cap\u00edtulos mais completos, envolventes e marcados por excel\u00eancia, que fazem jus ao aclamado videogame que deu origem \u00e0 s\u00e9rie de TV.<\/p>\r\n\r\n\r\n\r\n<p><em>The Last of Us<\/em> \u00e9 uma s\u00e9rie que soube trabalhar muito bem o desenvolvimento dos personagens e o aprofundamento de quest\u00f5es \u00e9ticas e morais em meio a um mundo devastado pela pandemia. O epis\u00f3dio final foi emocionante e pol\u00eamico, subvertendo as expectativas do p\u00fablico e trazendo reflex\u00f5es importantes sobre as escolhas que fazemos em situa\u00e7\u00f5es extremas. Certamente uma das melhores s\u00e9ries de TV de 2023, que deixa os f\u00e3s ansiosos pela pr\u00f3xima temporada. Ainda bem que a s\u00e9rie <a href=\"https:\/\/news.filmelier.com\/the-last-of-us-tudo-sobre-2-temporada\/\" data-type=\"post\" data-id=\"36314\">j\u00e1 est\u00e1 renovada para a 2\u00aa temporada<\/a>.<\/p>\r\n\r\n<h2>Leia as cr\u00edticas da s\u00e9rie da HBO:<\/h2>\r\n<p><a href=\"https:\/\/news.filmelier.com\/assistir-online-serie-the-last-of-us\/\">Veja aqui como assistir \u00e0 s\u00e9rie online e com op\u00e7\u00f5es gratuitas<\/a>. Aproveite tamb\u00e9m para ler as nossas cr\u00edticas semanais, por epis\u00f3dio:<\/p>\r\n<p><!-- \/wp:post-content -->\r\n\r\n<!-- wp:list --><\/p>\r\n<h3>1\u00aa temporada<\/h3>\r\n<ul>\r\n<li><strong><a href=\"https:\/\/news.filmelier.com\/the-last-of-us-critica-serie-hbo\/\">1&#215;01 &#8211; <i>The Last of Us<\/i> tem tudo para ser a nova s\u00e9rie evento da HBO<\/a><\/strong><\/li>\r\n<li><strong><a href=\"https:\/\/news.filmelier.com\/the-last-of-us-critica-episodio-2\/\">1&#215;02 &#8211; epis\u00f3dio 2 da s\u00e9rie tem cenas de terror e reviravolta &#8220;soco no est\u00f4mago&#8221;<\/a><\/strong><\/li>\r\n<li><strong><a href=\"https:\/\/news.filmelier.com\/the-last-of-us-critica-episodio-3\/\">1&#215;03 epis\u00f3dio 3 tem cenas in\u00e9ditas, tom rom\u00e2ntico e dram\u00e1tico<\/a><\/strong><\/li>\r\n<li><strong><a href=\"https:\/\/news.filmelier.com\/the-last-of-us-critica-episodio-4\/\">1&#215;04 &#8211; epis\u00f3dio 4 \u00e9 menos impactante, mas aprofunda a narrativa<\/a><\/strong><\/li>\r\n<li><strong><a href=\"https:\/\/news.filmelier.com\/the-last-of-us-critica-episodio-5\/\">1&#215;05 &#8211; epis\u00f3dio 5 prova que a s\u00e9rie n\u00e3o est\u00e1 para brincadeira<\/a><\/strong><\/li>\r\n<li><strong><a href=\"https:\/\/news.filmelier.com\/the-last-of-us-critica-episodio-6\/\">1&#215;06 &#8211; epis\u00f3dio 6 tem encontro aguardado e &#8220;momento fam\u00edlia&#8221;<\/a><\/strong><\/li>\r\n<li><strong><a href=\"https:\/\/news.filmelier.com\/the-last-of-us-critica-episodio-7\/\">1&#215;07 &#8211; epis\u00f3dio 7 revela como Ellie foi mordida<\/a><\/strong><\/li>\r\n<li><strong><a href=\"https:\/\/news.filmelier.com\/the-last-of-us-critica-episodio-8\/\">1&#215;08 &#8211; epis\u00f3dio 8 \u00e9 o mais intenso e perturbador da temporada<\/a><\/strong><\/li>\r\n<\/ul>\r\n<h3>2\u00aa temporada<\/h3>\r\n<ul>\r\n<li><strong><a href=\"https:\/\/news.filmelier.com\/the-last-of-us-critica-temporada-2-episodio-1\/\">2&#215;01 &#8211; S\u00e9rie retorna mais sombrio e introspectivo na estreia da 2\u00aa temporada na HBO<\/a><\/strong><\/li>\r\n<li><strong><a href=\"https:\/\/news.filmelier.com\/the-last-of-us-critica-temporada-2-episodio-2\/\">2&#215;02 &#8211; <i>The Last of Us<\/i> reencontra sua for\u00e7a dram\u00e1tica com reviravolta do epis\u00f3dio 2 na HBO<\/a><\/strong><\/li>\r\n<li><strong><a href=\"https:\/\/news.filmelier.com\/the-last-of-us-temporada-2-episodio-3\/\">2&#215;03 <\/a><a href=\"https:\/\/news.filmelier.com\/the-last-of-us-critica-temporada-2-episodio-2\/\">\u2013<\/a><a href=\"https:\/\/news.filmelier.com\/the-last-of-us-temporada-2-episodio-3\/\"> Bella Ramsey segura a 2\u00aa temporada? Cr\u00edtica do epis\u00f3dio 3 analisa a nova fase<\/a><\/strong><\/li>\r\n<li><strong><a href=\"https:\/\/news.filmelier.com\/the-last-of-us-critica-temporada-2-episodio-4\/\">2&#215;04 &#8211; S\u00e9rie encontra equil\u00edbrio perfeito entre horror e romance no epis\u00f3dio 4 da 2\u00aa temporada<\/a><\/strong><\/li>\r\n<li><strong><a href=\"https:\/\/news.filmelier.com\/the-last-of-us-critica-temporada-2-episodio-5\/\">2&#215;05 \u2013 Quinto epis\u00f3dio da 2\u00aa temporada brilha em cenas de a\u00e7\u00e3o mas roteiro falha com Ellie<\/a><\/strong><\/li>\r\n<li><a href=\"https:\/\/news.filmelier.com\/the-last-of-us-critica-temporada-2-episodio-6\/\"><strong>2&#215;06 \u2013 epis\u00f3dio 6 da 2\u00aa temporada emociona com retorno de Joel e drama entre pai e filha<\/strong><\/a><\/li>\r\n<\/ul>\r\n<p><!-- \/wp:list -->\r\n\r\n<!-- wp:list --><\/p>\r\n<!-- wp:paragraph \/-->","protected":false},"excerpt":{"rendered":"<p>Final da temporada de &#8216;The Last of Us&#8217;, epis\u00f3dio 9 subverte as expectativas do p\u00fablico com dilema moral e decis\u00e3o chocante de Joel (Pedro Pascal), leia a cr\u00edtica<\/p>\n","protected":false},"author":11,"featured_media":50563,"comment_status":"closed","ping_status":"open","sticky":false,"template":"","format":"standard","meta":{"_acf_changed":false,"footnotes":""},"categories":[3492],"tags":[],"class_list":["post-50561","post","type-post","status-publish","format-standard","has-post-thumbnail","hentry","category-series-novelas-br"],"acf":{"subtitulo":"Final da temporada de 'The Last of Us', epis\u00f3dio 9 subverte as expectativas do p\u00fablico com dilema moral e decis\u00e3o chocante de Joel (Pedro Pascal), leia a cr\u00edtica","id_ator":""},"yoast_head":"<!-- This site is optimized with the Yoast SEO plugin v26.1.1 - https:\/\/yoast.com\/wordpress\/plugins\/seo\/ -->\n<title>&#039;The Last of Us&#039;: epis\u00f3dio 9 tem desfecho pol\u00eamico e chocante (Cr\u00edtica)<\/title>\n<meta name=\"description\" content=\"Final da temporada de &#039;The Last of Us&#039;, epis\u00f3dio 9 subverte as expectativas do p\u00fablico com dilema moral e decis\u00e3o chocante de Joel (Pedro Pascal), leia a cr\u00edtica\" \/>\n<meta name=\"robots\" content=\"index, follow, max-snippet:-1, max-image-preview:large, max-video-preview:-1\" \/>\n<link rel=\"canonical\" href=\"https:\/\/news.filmelier.com\/br\/the-last-of-us-critica-episodio-9\/\" \/>\n<meta property=\"og:locale\" content=\"pt_BR\" \/>\n<meta property=\"og:type\" content=\"article\" \/>\n<meta property=\"og:title\" content=\"&#039;The Last of Us&#039;: epis\u00f3dio 9 tem desfecho pol\u00eamico e chocante (Cr\u00edtica)\" \/>\n<meta property=\"og:description\" content=\"Final da temporada de &#039;The Last of Us&#039;, epis\u00f3dio 9 subverte as expectativas do p\u00fablico com dilema moral e decis\u00e3o chocante de Joel (Pedro Pascal), leia a cr\u00edtica\" \/>\n<meta property=\"og:url\" content=\"https:\/\/news.filmelier.com\/br\/the-last-of-us-critica-episodio-9\/\" \/>\n<meta property=\"og:site_name\" content=\"News Filmelier\" \/>\n<meta property=\"article:published_time\" content=\"2023-03-13T02:00:00+00:00\" \/>\n<meta property=\"article:modified_time\" content=\"2025-07-14T21:51:49+00:00\" \/>\n<meta property=\"og:image\" content=\"https:\/\/homolog.news.filmelier.com\/wp-content\/uploads\/2024\/05\/the-last-of-us-episodio-9-joel.webp\" \/>\n\t<meta property=\"og:image:width\" content=\"800\" \/>\n\t<meta property=\"og:image:height\" content=\"533\" \/>\n\t<meta property=\"og:image:type\" content=\"image\/webp\" \/>\n<meta name=\"author\" content=\"Vit\u00f3ria Pratini\" \/>\n<meta name=\"twitter:card\" content=\"summary_large_image\" \/>\n<meta name=\"twitter:label1\" content=\"Escrito por\" \/>\n\t<meta name=\"twitter:data1\" content=\"Vit\u00f3ria Pratini\" \/>\n\t<meta name=\"twitter:label2\" content=\"Est. tempo de leitura\" \/>\n\t<meta name=\"twitter:data2\" content=\"10 minutos\" \/>\n<script type=\"application\/ld+json\" class=\"yoast-schema-graph\">{\"@context\":\"https:\/\/schema.org\",\"@graph\":[{\"@type\":\"Article\",\"@id\":\"https:\/\/news.filmelier.com\/br\/the-last-of-us-critica-episodio-9\/#article\",\"isPartOf\":{\"@id\":\"https:\/\/news.filmelier.com\/br\/the-last-of-us-critica-episodio-9\/\"},\"author\":{\"name\":\"Vit\u00f3ria Pratini\",\"@id\":\"https:\/\/homolog.news.filmelier.com\/br\/#\/schema\/person\/b6689fa913d8b849cd7549503e6521cc\"},\"headline\":\"&#8216;The Last of Us&#8217;: epis\u00f3dio 9 tem desfecho pol\u00eamico e chocante (Cr\u00edtica)\",\"datePublished\":\"2023-03-13T02:00:00+00:00\",\"dateModified\":\"2025-07-14T21:51:49+00:00\",\"mainEntityOfPage\":{\"@id\":\"https:\/\/news.filmelier.com\/br\/the-last-of-us-critica-episodio-9\/\"},\"wordCount\":1709,\"publisher\":{\"@id\":\"https:\/\/homolog.news.filmelier.com\/br\/#organization\"},\"image\":{\"@id\":\"https:\/\/news.filmelier.com\/br\/the-last-of-us-critica-episodio-9\/#primaryimage\"},\"thumbnailUrl\":\"https:\/\/news.filmelier.com\/wp-content\/uploads\/2024\/05\/the-last-of-us-episodio-9-joel.webp\",\"articleSection\":[\"S\u00e9ries e Novelas\"],\"inLanguage\":\"pt-BR\"},{\"@type\":\"WebPage\",\"@id\":\"https:\/\/news.filmelier.com\/br\/the-last-of-us-critica-episodio-9\/\",\"url\":\"https:\/\/news.filmelier.com\/br\/the-last-of-us-critica-episodio-9\/\",\"name\":\"'The Last of Us': epis\u00f3dio 9 tem desfecho pol\u00eamico e chocante (Cr\u00edtica)\",\"isPartOf\":{\"@id\":\"https:\/\/homolog.news.filmelier.com\/br\/#website\"},\"primaryImageOfPage\":{\"@id\":\"https:\/\/news.filmelier.com\/br\/the-last-of-us-critica-episodio-9\/#primaryimage\"},\"image\":{\"@id\":\"https:\/\/news.filmelier.com\/br\/the-last-of-us-critica-episodio-9\/#primaryimage\"},\"thumbnailUrl\":\"https:\/\/news.filmelier.com\/wp-content\/uploads\/2024\/05\/the-last-of-us-episodio-9-joel.webp\",\"datePublished\":\"2023-03-13T02:00:00+00:00\",\"dateModified\":\"2025-07-14T21:51:49+00:00\",\"description\":\"Final da temporada de 'The Last of Us', epis\u00f3dio 9 subverte as expectativas do p\u00fablico com dilema moral e decis\u00e3o chocante de Joel (Pedro Pascal), leia a cr\u00edtica\",\"breadcrumb\":{\"@id\":\"https:\/\/news.filmelier.com\/br\/the-last-of-us-critica-episodio-9\/#breadcrumb\"},\"inLanguage\":\"pt-BR\",\"potentialAction\":[{\"@type\":\"ReadAction\",\"target\":[\"https:\/\/news.filmelier.com\/br\/the-last-of-us-critica-episodio-9\/\"]}]},{\"@type\":\"ImageObject\",\"inLanguage\":\"pt-BR\",\"@id\":\"https:\/\/news.filmelier.com\/br\/the-last-of-us-critica-episodio-9\/#primaryimage\",\"url\":\"https:\/\/news.filmelier.com\/wp-content\/uploads\/2024\/05\/the-last-of-us-episodio-9-joel.webp\",\"contentUrl\":\"https:\/\/news.filmelier.com\/wp-content\/uploads\/2024\/05\/the-last-of-us-episodio-9-joel.webp\",\"width\":800,\"height\":533,\"caption\":\"Pascal como Joel na 1\u00aa temporada da s\u00e9rie (Cr\u00e9dito: HBO)\"},{\"@type\":\"BreadcrumbList\",\"@id\":\"https:\/\/news.filmelier.com\/br\/the-last-of-us-critica-episodio-9\/#breadcrumb\",\"itemListElement\":[{\"@type\":\"ListItem\",\"position\":1,\"name\":\"In\u00edcio\",\"item\":\"https:\/\/homolog.news.filmelier.com\/br\/\"},{\"@type\":\"ListItem\",\"position\":2,\"name\":\"&#8216;The Last of Us&#8217;: epis\u00f3dio 9 tem desfecho pol\u00eamico e chocante (Cr\u00edtica)\"}]},{\"@type\":\"WebSite\",\"@id\":\"https:\/\/homolog.news.filmelier.com\/br\/#website\",\"url\":\"https:\/\/homolog.news.filmelier.com\/br\/\",\"name\":\"Homolog Filmelier News Rankrup\",\"description\":\"\",\"publisher\":{\"@id\":\"https:\/\/homolog.news.filmelier.com\/br\/#organization\"},\"potentialAction\":[{\"@type\":\"SearchAction\",\"target\":{\"@type\":\"EntryPoint\",\"urlTemplate\":\"https:\/\/homolog.news.filmelier.com\/br\/?s={search_term_string}\"},\"query-input\":{\"@type\":\"PropertyValueSpecification\",\"valueRequired\":true,\"valueName\":\"search_term_string\"}}],\"inLanguage\":\"pt-BR\"},{\"@type\":\"Organization\",\"@id\":\"https:\/\/homolog.news.filmelier.com\/br\/#organization\",\"name\":\"Homolog Filmelier News Rankrup\",\"url\":\"https:\/\/homolog.news.filmelier.com\/br\/\",\"logo\":{\"@type\":\"ImageObject\",\"inLanguage\":\"pt-BR\",\"@id\":\"https:\/\/homolog.news.filmelier.com\/br\/#\/schema\/logo\/image\/\",\"url\":\"https:\/\/news.filmelier.com\/wp-content\/uploads\/2024\/11\/Logo-News.png\",\"contentUrl\":\"https:\/\/news.filmelier.com\/wp-content\/uploads\/2024\/11\/Logo-News.png\",\"width\":460,\"height\":108,\"caption\":\"Homolog Filmelier News Rankrup\"},\"image\":{\"@id\":\"https:\/\/homolog.news.filmelier.com\/br\/#\/schema\/logo\/image\/\"}},{\"@type\":\"Person\",\"@id\":\"https:\/\/homolog.news.filmelier.com\/br\/#\/schema\/person\/b6689fa913d8b849cd7549503e6521cc\",\"name\":\"Vit\u00f3ria Pratini\",\"image\":{\"@type\":\"ImageObject\",\"inLanguage\":\"pt-BR\",\"@id\":\"https:\/\/homolog.news.filmelier.com\/br\/#\/schema\/person\/image\/\",\"url\":\"https:\/\/secure.gravatar.com\/avatar\/93bc09f1ea8059e7f68ceebd457a04e75befce531605be9c8ad31127fed28a0d?s=96&d=mm&r=g\",\"contentUrl\":\"https:\/\/secure.gravatar.com\/avatar\/93bc09f1ea8059e7f68ceebd457a04e75befce531605be9c8ad31127fed28a0d?s=96&d=mm&r=g\",\"caption\":\"Vit\u00f3ria Pratini\"},\"description\":\"A critic and journalist specializing in films, series and pop culture since 2013, Vit\u00f3ria Pratini has had her articles published in AdoroCinema, IGN Brasil, Terra and MSN. During her career, she has covered audiovisual events, such as San Diego Comic-Con, CCXP, Festival do Rio and Pr\u00eamio Grande Otelo. She has served on festival juries and interviewed names such as Helen Mirren, Fernanda Torres, Gilberto Gil, Jude Law and Bryan Cranston. An SEO specialist, Vit\u00f3ria is currently a content strategist and reporter for Filmelier.\",\"sameAs\":[\"https:\/\/www.filmelier.com\/br\/autor\/vitoria-pratini\",\"https:\/\/www.instagram.com\/vitoriapratini\/\"],\"url\":\"https:\/\/news.filmelier.com\/br\/author\/vitoria-pratini\/\"}]}<\/script>\n<!-- \/ Yoast SEO plugin. -->","yoast_head_json":{"title":"'The Last of Us': epis\u00f3dio 9 tem desfecho pol\u00eamico e chocante (Cr\u00edtica)","description":"Final da temporada de 'The Last of Us', epis\u00f3dio 9 subverte as expectativas do p\u00fablico com dilema moral e decis\u00e3o chocante de Joel (Pedro Pascal), leia a cr\u00edtica","robots":{"index":"index","follow":"follow","max-snippet":"max-snippet:-1","max-image-preview":"max-image-preview:large","max-video-preview":"max-video-preview:-1"},"canonical":"https:\/\/news.filmelier.com\/br\/the-last-of-us-critica-episodio-9\/","og_locale":"pt_BR","og_type":"article","og_title":"'The Last of Us': epis\u00f3dio 9 tem desfecho pol\u00eamico e chocante (Cr\u00edtica)","og_description":"Final da temporada de 'The Last of Us', epis\u00f3dio 9 subverte as expectativas do p\u00fablico com dilema moral e decis\u00e3o chocante de Joel (Pedro Pascal), leia a cr\u00edtica","og_url":"https:\/\/news.filmelier.com\/br\/the-last-of-us-critica-episodio-9\/","og_site_name":"News Filmelier","article_published_time":"2023-03-13T02:00:00+00:00","article_modified_time":"2025-07-14T21:51:49+00:00","og_image":[{"width":800,"height":533,"url":"https:\/\/homolog.news.filmelier.com\/wp-content\/uploads\/2024\/05\/the-last-of-us-episodio-9-joel.webp","type":"image\/webp"}],"author":"Vit\u00f3ria Pratini","twitter_card":"summary_large_image","twitter_misc":{"Escrito por":"Vit\u00f3ria Pratini","Est. tempo de leitura":"10 minutos"},"schema":{"@context":"https:\/\/schema.org","@graph":[{"@type":"Article","@id":"https:\/\/news.filmelier.com\/br\/the-last-of-us-critica-episodio-9\/#article","isPartOf":{"@id":"https:\/\/news.filmelier.com\/br\/the-last-of-us-critica-episodio-9\/"},"author":{"name":"Vit\u00f3ria Pratini","@id":"https:\/\/homolog.news.filmelier.com\/br\/#\/schema\/person\/b6689fa913d8b849cd7549503e6521cc"},"headline":"&#8216;The Last of Us&#8217;: epis\u00f3dio 9 tem desfecho pol\u00eamico e chocante (Cr\u00edtica)","datePublished":"2023-03-13T02:00:00+00:00","dateModified":"2025-07-14T21:51:49+00:00","mainEntityOfPage":{"@id":"https:\/\/news.filmelier.com\/br\/the-last-of-us-critica-episodio-9\/"},"wordCount":1709,"publisher":{"@id":"https:\/\/homolog.news.filmelier.com\/br\/#organization"},"image":{"@id":"https:\/\/news.filmelier.com\/br\/the-last-of-us-critica-episodio-9\/#primaryimage"},"thumbnailUrl":"https:\/\/news.filmelier.com\/wp-content\/uploads\/2024\/05\/the-last-of-us-episodio-9-joel.webp","articleSection":["S\u00e9ries e Novelas"],"inLanguage":"pt-BR"},{"@type":"WebPage","@id":"https:\/\/news.filmelier.com\/br\/the-last-of-us-critica-episodio-9\/","url":"https:\/\/news.filmelier.com\/br\/the-last-of-us-critica-episodio-9\/","name":"'The Last of Us': epis\u00f3dio 9 tem desfecho pol\u00eamico e chocante (Cr\u00edtica)","isPartOf":{"@id":"https:\/\/homolog.news.filmelier.com\/br\/#website"},"primaryImageOfPage":{"@id":"https:\/\/news.filmelier.com\/br\/the-last-of-us-critica-episodio-9\/#primaryimage"},"image":{"@id":"https:\/\/news.filmelier.com\/br\/the-last-of-us-critica-episodio-9\/#primaryimage"},"thumbnailUrl":"https:\/\/news.filmelier.com\/wp-content\/uploads\/2024\/05\/the-last-of-us-episodio-9-joel.webp","datePublished":"2023-03-13T02:00:00+00:00","dateModified":"2025-07-14T21:51:49+00:00","description":"Final da temporada de 'The Last of Us', epis\u00f3dio 9 subverte as expectativas do p\u00fablico com dilema moral e decis\u00e3o chocante de Joel (Pedro Pascal), leia a cr\u00edtica","breadcrumb":{"@id":"https:\/\/news.filmelier.com\/br\/the-last-of-us-critica-episodio-9\/#breadcrumb"},"inLanguage":"pt-BR","potentialAction":[{"@type":"ReadAction","target":["https:\/\/news.filmelier.com\/br\/the-last-of-us-critica-episodio-9\/"]}]},{"@type":"ImageObject","inLanguage":"pt-BR","@id":"https:\/\/news.filmelier.com\/br\/the-last-of-us-critica-episodio-9\/#primaryimage","url":"https:\/\/news.filmelier.com\/wp-content\/uploads\/2024\/05\/the-last-of-us-episodio-9-joel.webp","contentUrl":"https:\/\/news.filmelier.com\/wp-content\/uploads\/2024\/05\/the-last-of-us-episodio-9-joel.webp","width":800,"height":533,"caption":"Pascal como Joel na 1\u00aa temporada da s\u00e9rie (Cr\u00e9dito: HBO)"},{"@type":"BreadcrumbList","@id":"https:\/\/news.filmelier.com\/br\/the-last-of-us-critica-episodio-9\/#breadcrumb","itemListElement":[{"@type":"ListItem","position":1,"name":"In\u00edcio","item":"https:\/\/homolog.news.filmelier.com\/br\/"},{"@type":"ListItem","position":2,"name":"&#8216;The Last of Us&#8217;: epis\u00f3dio 9 tem desfecho pol\u00eamico e chocante (Cr\u00edtica)"}]},{"@type":"WebSite","@id":"https:\/\/homolog.news.filmelier.com\/br\/#website","url":"https:\/\/homolog.news.filmelier.com\/br\/","name":"Homolog Filmelier News Rankrup","description":"","publisher":{"@id":"https:\/\/homolog.news.filmelier.com\/br\/#organization"},"potentialAction":[{"@type":"SearchAction","target":{"@type":"EntryPoint","urlTemplate":"https:\/\/homolog.news.filmelier.com\/br\/?s={search_term_string}"},"query-input":{"@type":"PropertyValueSpecification","valueRequired":true,"valueName":"search_term_string"}}],"inLanguage":"pt-BR"},{"@type":"Organization","@id":"https:\/\/homolog.news.filmelier.com\/br\/#organization","name":"Homolog Filmelier News Rankrup","url":"https:\/\/homolog.news.filmelier.com\/br\/","logo":{"@type":"ImageObject","inLanguage":"pt-BR","@id":"https:\/\/homolog.news.filmelier.com\/br\/#\/schema\/logo\/image\/","url":"https:\/\/news.filmelier.com\/wp-content\/uploads\/2024\/11\/Logo-News.png","contentUrl":"https:\/\/news.filmelier.com\/wp-content\/uploads\/2024\/11\/Logo-News.png","width":460,"height":108,"caption":"Homolog Filmelier News Rankrup"},"image":{"@id":"https:\/\/homolog.news.filmelier.com\/br\/#\/schema\/logo\/image\/"}},{"@type":"Person","@id":"https:\/\/homolog.news.filmelier.com\/br\/#\/schema\/person\/b6689fa913d8b849cd7549503e6521cc","name":"Vit\u00f3ria Pratini","image":{"@type":"ImageObject","inLanguage":"pt-BR","@id":"https:\/\/homolog.news.filmelier.com\/br\/#\/schema\/person\/image\/","url":"https:\/\/secure.gravatar.com\/avatar\/93bc09f1ea8059e7f68ceebd457a04e75befce531605be9c8ad31127fed28a0d?s=96&d=mm&r=g","contentUrl":"https:\/\/secure.gravatar.com\/avatar\/93bc09f1ea8059e7f68ceebd457a04e75befce531605be9c8ad31127fed28a0d?s=96&d=mm&r=g","caption":"Vit\u00f3ria Pratini"},"description":"A critic and journalist specializing in films, series and pop culture since 2013, Vit\u00f3ria Pratini has had her articles published in AdoroCinema, IGN Brasil, Terra and MSN. During her career, she has covered audiovisual events, such as San Diego Comic-Con, CCXP, Festival do Rio and Pr\u00eamio Grande Otelo. She has served on festival juries and interviewed names such as Helen Mirren, Fernanda Torres, Gilberto Gil, Jude Law and Bryan Cranston. An SEO specialist, Vit\u00f3ria is currently a content strategist and reporter for Filmelier.","sameAs":["https:\/\/www.filmelier.com\/br\/autor\/vitoria-pratini","https:\/\/www.instagram.com\/vitoriapratini\/"],"url":"https:\/\/news.filmelier.com\/br\/author\/vitoria-pratini\/"}]}},"_links":{"self":[{"href":"https:\/\/news.filmelier.com\/br\/wp-json\/wp\/v2\/posts\/50561","targetHints":{"allow":["GET"]}}],"collection":[{"href":"https:\/\/news.filmelier.com\/br\/wp-json\/wp\/v2\/posts"}],"about":[{"href":"https:\/\/news.filmelier.com\/br\/wp-json\/wp\/v2\/types\/post"}],"author":[{"embeddable":true,"href":"https:\/\/news.filmelier.com\/br\/wp-json\/wp\/v2\/users\/11"}],"replies":[{"embeddable":true,"href":"https:\/\/news.filmelier.com\/br\/wp-json\/wp\/v2\/comments?post=50561"}],"version-history":[{"count":1,"href":"https:\/\/news.filmelier.com\/br\/wp-json\/wp\/v2\/posts\/50561\/revisions"}],"predecessor-version":[{"id":55098,"href":"https:\/\/news.filmelier.com\/br\/wp-json\/wp\/v2\/posts\/50561\/revisions\/55098"}],"wp:featuredmedia":[{"embeddable":true,"href":"https:\/\/news.filmelier.com\/br\/wp-json\/wp\/v2\/media\/50563"}],"wp:attachment":[{"href":"https:\/\/news.filmelier.com\/br\/wp-json\/wp\/v2\/media?parent=50561"}],"wp:term":[{"taxonomy":"category","embeddable":true,"href":"https:\/\/news.filmelier.com\/br\/wp-json\/wp\/v2\/categories?post=50561"},{"taxonomy":"post_tag","embeddable":true,"href":"https:\/\/news.filmelier.com\/br\/wp-json\/wp\/v2\/tags?post=50561"}],"curies":[{"name":"wp","href":"https:\/\/api.w.org\/{rel}","templated":true}]}}