{"id":50517,"date":"2023-04-19T21:37:12","date_gmt":"2023-04-20T00:37:12","guid":{"rendered":"https:\/\/news.filmelier.com\/crepusculo-serie-tudo-sobre\/"},"modified":"2025-07-14T18:51:48","modified_gmt":"2025-07-14T21:51:48","slug":"crepusculo-serie-tudo-sobre","status":"publish","type":"post","link":"https:\/\/news.filmelier.com\/br\/crepusculo-serie-tudo-sobre\/","title":{"rendered":"Depois de &#8216;Harry Potter&#8217;, &#8216;Crep\u00fasculo&#8217; tamb\u00e9m vai ganhar s\u00e9rie de TV"},"content":{"rendered":"\r\n<p>A <a href=\"https:\/\/www.filmelier.com\/br\/noticias\/saga-crepusculo-exibicao-cinemas\" data-type=\"URL\" data-id=\"https:\/\/www.filmelier.com\/br\/noticias\/saga-crepusculo-exibicao-cinemas\">saga \u2018Crep\u00fasculo\u2019<\/a> ganhar\u00e1 uma s\u00e9rie de TV live-action, que vai adaptar a hist\u00f3ria do romance sobrenatural que conquistou uma legi\u00e3o de f\u00e3s pelo mundo. A trama de Bella, Edward e Jacob &#8212; eternizada por Kristen Stewart, Robert Pattinson e Taylor Lautner &#8212; est\u00e1 pronta para marcar novas gera\u00e7\u00f5es de f\u00e3s.<\/p>\r\n\r\n\r\n\r\n<p>Confira abaixo tudo o que sabemos sobre a nova s\u00e9rie de \u2018Crep\u00fasculo\u2019 e <a href=\"https:\/\/www.filmelier.com\/br\/list\/todos-os-filmes-de-crepusculo-para-assistir-online\" data-type=\"URL\" data-id=\"https:\/\/www.filmelier.com\/br\/list\/todos-os-filmes-de-crepusculo-para-assistir-online\">aproveite para descobrir onde assistir a todos os filmes da saga online<\/a>.<\/p>\r\n\r\n\r\n\r\n<h2 class=\"wp-block-heading\">Twilight Saga ganha uma adapta\u00e7\u00e3o para a televis\u00e3o<\/h2>\r\n\r\n\r\n\r\n<p>Os f\u00e3s de &#8216;Twilight&#8217; podem esperar por mais aventuras da saga, desta vez na televis\u00e3o. Segundo informa\u00e7\u00f5es do <a href=\"https:\/\/www.hollywoodreporter.com\/tv\/tv-news\/twilight-tv-series-in-the-works-1235391710\/\" target=\"_blank\" rel=\"noopener\" data-type=\"URL\" data-id=\"https:\/\/www.hollywoodreporter.com\/tv\/tv-news\/twilight-tv-series-in-the-works-1235391710\/\">The Hollywood Reporter<\/a>, a Lionsgate Television est\u00e1 trabalhando em uma s\u00e9rie baseada nos livros da autora Stephenie Meyer. A roteirista Sinead Daly, conhecida por trabalhos nas s\u00e9ries \u2018The Walking Dead: World Beyond\u2019 e \u2018The Get Down\u2019 foi escolhida para escrever o roteiro.<\/p>\r\n\r\n\r\n\r\n<figure class=\"wp-block-image size-full\"><img decoding=\"async\" class=\"wp-image-37416\" src=\"https:\/\/www.filmelier.com\/br\/noticias\/wp-content\/uploads\/2023\/04\/saga-crepusculo.jpg\" alt=\"Cartaz do primeiro filme 'Crep\u00fasculo', com Kristen Stewart e Robert Pattinson\" \/>\r\n<figcaption><em>Cartaz do primeiro filme &#8216;Crep\u00fasculo&#8217;, com Bella, Edward e os vampiros em destaque (Cr\u00e9dito: Summit Entertainment)<\/em><\/figcaption>\r\n<\/figure>\r\n\r\n\r\n\r\n<h3 class=\"wp-block-heading\">A autora Stephenie Meyer est\u00e1 envolvida?<\/h3>\r\n\r\n\r\n\r\n<p>A s\u00e9rie est\u00e1 em fase inicial de desenvolvimento e ainda n\u00e3o foi escolhida uma plataforma para a sua exibi\u00e7\u00e3o. A Lionsgate TV pretende liderar o desenvolvimento do projeto antes de vend\u00ea-lo para outras empresas. A autora Meyer est\u00e1 envolvida na adapta\u00e7\u00e3o para a televis\u00e3o.<\/p>\r\n\r\n\r\n\r\n<ul class=\"wp-block-list\">\r\n<li><strong>Leia tamb\u00e9m: <a href=\"https:\/\/www.filmelier.com\/br\/noticias\/critica-filme-belo-desastre\" data-type=\"post\" data-id=\"37371\">Cr\u00edtica: \u2018Belo Desastre\u2019 faz o que \u2018After\u2019 deveria fazer ao n\u00e3o se levar a s\u00e9rio demais<\/a><\/strong><\/li>\r\n<\/ul>\r\n\r\n\r\n\r\n<h2 class=\"wp-block-heading\">A nova s\u00e9rie de &#8216;Crep\u00fasculo&#8217; ser\u00e1 um sequ\u00eancia, spin-off ou reboot?<\/h2>\r\n\r\n\r\n\r\n<h3 class=\"wp-block-heading\">Uma nova vis\u00e3o para &#8216;Crep\u00fasculo&#8217;: ser\u00e1 retorno triunfal de Bella, Edward e Jacob?<\/h3>\r\n\r\n\r\n\r\n<p>Ainda n\u00e3o se sabe ao certo se a s\u00e9rie ser\u00e1 uma adapta\u00e7\u00e3o fiel dos livros de Meyer ou uma vers\u00e3o completamente nova. Daly est\u00e1 trabalhando em parceria com a Lionsgate TV para decidir a melhor abordagem para a s\u00e9rie \u2013 se ser\u00e1 uma nova vers\u00e3o dos livros de Meyer ou uma trama diferente.<\/p>\r\n\r\n\r\n\r\n<h3 class=\"wp-block-heading\">Kristen Stewart e Robert Pattinson v\u00e3o retornar para \u2018Crep\u00fasculo\u2019?<\/h3>\r\n\r\n\r\n\r\n<figure class=\"wp-block-image size-full\"><img fetchpriority=\"high\" decoding=\"async\" width=\"1200\" height=\"514\" class=\"wp-image-35473\" src=\"https:\/\/www.filmelier.com\/br\/noticias\/wp-content\/uploads\/2022\/12\/Saga_Crepusculo_KristenStewart_RobertPattinson.jpg\" alt=\"Kristen Stewart e Robert Pattinson como Bella e Edward em cena de A Saga Crep\u00fasculo: Amanhecer Parte 2\" srcset=\"https:\/\/news.filmelier.com\/wp-content\/uploads\/2022\/12\/Saga_Crepusculo_KristenStewart_RobertPattinson.jpg 1200w, https:\/\/news.filmelier.com\/wp-content\/uploads\/2022\/12\/Saga_Crepusculo_KristenStewart_RobertPattinson-300x129.jpg 300w, https:\/\/news.filmelier.com\/wp-content\/uploads\/2022\/12\/Saga_Crepusculo_KristenStewart_RobertPattinson-1024x439.jpg 1024w, https:\/\/news.filmelier.com\/wp-content\/uploads\/2022\/12\/Saga_Crepusculo_KristenStewart_RobertPattinson-768x329.jpg 768w, https:\/\/news.filmelier.com\/wp-content\/uploads\/2022\/12\/Saga_Crepusculo_KristenStewart_RobertPattinson-150x64.jpg 150w\" sizes=\"(max-width: 1200px) 100vw, 1200px\" \/>\r\n<figcaption><em>Kristen Stewart e Robert Pattinson como Bella e Edward em cena de A Saga Crep\u00fasculo: Amanhecer Parte 2 (Cr\u00e9dito: Doane Gregory\/Summit Entertainment)<\/em><\/figcaption>\r\n<\/figure>\r\n\r\n\r\n\r\n<p>N\u00e3o foram revelados mais detalhes sobre a s\u00e9rie de TV inspirada na franquia de vampiros e lobisomens, ent\u00e3o at\u00e9 agora s\u00f3 podemos especular. Considerando que Kristen Stewart, Robert Pattinson e Taylor Lautner est\u00e3o em outro momento de suas carreiras, \u00e9 improv\u00e1vel que eles retornem aos pap\u00e9is.<\/p>\r\n\r\n\r\n\r\n<ul class=\"wp-block-list\">\r\n<li><strong>Saiba mais:\u00a0<a href=\"https:\/\/www.filmelier.com\/br\/list\/os-melhores-filmes-de-robert-pattinson\">Os melhores filmes de Robert Pattinson<\/a><\/strong><\/li>\r\n<\/ul>\r\n\r\n\r\n\r\n<p>Nossa aposta \u00e9 que a s\u00e9rie de \u2018Crep\u00fasculo\u2019 aborde a hist\u00f3ria de algum personagem secund\u00e1rio, ou mesmo seja um recome\u00e7o para a franquia \u2013 tal como <a href=\"https:\/\/www.filmelier.com\/br\/noticias\/harry-potter-tudo-sobre-serie-de-tv\" data-type=\"post\" data-id=\"37339\">acontecer\u00e1 com a s\u00e9rie de \u2018Harry Potter\u2019<\/a>.<\/p>\r\n\r\n\r\n\r\n<h3 class=\"wp-block-heading\">A s\u00e9rie de \u2018Crep\u00fasculo\u2019 vai abordar todos os livros da saga?<\/h3>\r\n\r\n\r\n\r\n<p>Ainda n\u00e3o h\u00e1 informa\u00e7\u00f5es sobre a extens\u00e3o da s\u00e9rie de \u2018Crep\u00fasculo\u2019, por\u00e9m, \u00e9 poss\u00edvel que a produ\u00e7\u00e3o acompanhe algum acontecimento j\u00e1 visto nos livros da saga. &#8216;Twilight&#8217; (no original) conta com quatro volumes liter\u00e1rios e cinco cinematogr\u00e1ficos: \u2018<a href=\"https:\/\/www.filmelier.com\/br\/film\/11106\/crepusculo\" data-type=\"URL\" data-id=\"https:\/\/www.filmelier.com\/br\/film\/11106\/crepusculo\">Crep\u00fasculo<\/a>\u2019, \u2018<a href=\"https:\/\/www.filmelier.com\/br\/film\/11109\/a-saga-crepusculo-lua-nova\" data-type=\"URL\" data-id=\"https:\/\/www.filmelier.com\/br\/film\/11109\/a-saga-crepusculo-lua-nova\">Lua Nova<\/a>\u2019, \u2018<a href=\"https:\/\/www.filmelier.com\/br\/film\/11112\/a-saga-crepusculo-eclipse\" data-type=\"URL\" data-id=\"https:\/\/www.filmelier.com\/br\/film\/11112\/a-saga-crepusculo-eclipse\">Eclipse<\/a>\u2019, \u2018<a href=\"https:\/\/www.filmelier.com\/br\/film\/11115\/a-saga-crepusculo-amanhecer-parte-1\">Amanhecer: Parte 1<\/a>\u2019 e &#8216;<a href=\"https:\/\/www.filmelier.com\/br\/film\/11118\/a-saga-crepusculo-amanhecer-parte-2\">Amanhecer: Parte 2<\/a>&#8216;.<\/p>\r\n\r\n\r\n\r\n<figure class=\"wp-block-image\"><a href=\"https:\/\/bit.ly\/FestivalFilmelierNoCinema\" target=\"_blank\" rel=\"noreferrer noopener\"><img decoding=\"async\" width=\"970\" height=\"250\" class=\"wp-image-37292\" src=\"https:\/\/www.filmelier.com\/br\/noticias\/wp-content\/uploads\/2023\/04\/970x250.png\" alt=\"Festival Filmelier\" srcset=\"https:\/\/news.filmelier.com\/wp-content\/uploads\/2023\/04\/970x250.png 970w, https:\/\/news.filmelier.com\/wp-content\/uploads\/2023\/04\/970x250-300x77.png 300w, https:\/\/news.filmelier.com\/wp-content\/uploads\/2023\/04\/970x250-768x198.png 768w, https:\/\/news.filmelier.com\/wp-content\/uploads\/2023\/04\/970x250-150x39.png 150w\" sizes=\"(max-width: 970px) 100vw, 970px\" \/><\/a><\/figure>\r\n\r\n\r\n\r\n<h3 class=\"has-text-align-center wp-block-heading\"><a href=\"https:\/\/bit.ly\/FestivalFilmelierNoCinema\" target=\"_blank\" rel=\"noreferrer noopener\">Festival Filmelier no Cinema: confira cidades, datas e hor\u00e1rios das sess\u00f5es<\/a><\/h3>\r\n\r\n\r\n\r\n<h2 class=\"wp-block-heading\">&#8216;Crep\u00fasculo&#8217; segue a moda de &#8216;Harry Potter&#8217; e &#8216;O Senhor dos An\u00e9is&#8217;<\/h2>\r\n\r\n\r\n\r\n<h3 class=\"wp-block-heading\">Adapta\u00e7\u00f5es televisivas de sagas liter\u00e1rias se tornam cada vez mais comuns<\/h3>\r\n\r\n\r\n\r\n<p>A not\u00edcia da adapta\u00e7\u00e3o de Crep\u00fasculo chega em meio ao an\u00fancio de que <a href=\"https:\/\/www.filmelier.com\/br\/noticias\/harry-potter-tudo-sobre-serie-de-tv\" data-type=\"post\" data-id=\"37339\">a HBO Max est\u00e1 desenvolvendo uma s\u00e9rie de televis\u00e3o baseada na saga \u2018Harry Potter\u2019<\/a>, planejando um longo per\u00edodo de exibi\u00e7\u00e3o. Al\u00e9m disso, <a href=\"https:\/\/www.filmelier.com\/br\/noticias\/assistir-online-o-senhor-dos-aneis-os-aneis-de-poder\" data-type=\"post\" data-id=\"32492\">a Amazon lan\u00e7ou recentemente \u2018An\u00e9is de Poder\u2019, uma nova vers\u00e3o de \u2018O Senhor dos An\u00e9is<\/a>\u2019.<\/p>\r\n\r\n\r\n\r\n<p>A Lionsgate espera seguir essa tend\u00eancia de sucesso com a adapta\u00e7\u00e3o de &#8216;Twilight&#8217; para a televis\u00e3o.<\/p>\r\n\r\n\r\n\r\n<ul class=\"wp-block-list\">\r\n<li><strong>Confira: <a href=\"https:\/\/www.filmelier.com\/br\/noticias\/the-last-of-us-tudo-sobre-2-temporada\" data-type=\"post\" data-id=\"36946\">\u2018The Last of Us\u2019: O que esperar das 2\u00aa e 3\u00aa temporadas da s\u00e9rie da HBO?<\/a><\/strong><\/li>\r\n<\/ul>\r\n\r\n\r\n\r\n<h2 class=\"wp-block-heading\">Por que fazer uma s\u00e9rie de \u2018Crep\u00fasculo\u2019 agora?<\/h2>\r\n\r\n\r\n\r\n<p>&#8216;Twilight&#8217; \u00e9 uma das principais franquias da Lionsgate, e a empresa planeja continuar investindo nela. Em 2017, o CEO da Lionsgate, Jon Feltheimer, afirmou que ainda h\u00e1 muitas hist\u00f3rias para serem contadas sobre a franquia.<\/p>\r\n\r\n\r\n\r\n<ul class=\"wp-block-list\">\r\n<li><strong>Leia mais: <a href=\"https:\/\/www.filmelier.com\/br\/noticias\/series-quentes-netflix-amazon-hbo\" data-type=\"post\" data-id=\"35741\">10 s\u00e9ries quentes para assistir nos streamings<\/a><\/strong><\/li>\r\n<\/ul>\r\n\r\n\r\n\r\n<p>A nova s\u00e9rie de \u2018Crep\u00fasculo\u2019 \u00e9 uma oportunidade para a Lionsgate Television explorar ao m\u00e1ximo uma das maiores franquias de entretenimento do mundo, que j\u00e1 conta com uma s\u00e9rie de filmes de sucesso e uma legi\u00e3o de f\u00e3s pelo mundo. Tamb\u00e9m \u00e9 uma oportunidade para os f\u00e3s da saga reviverem a hist\u00f3ria dos personagens de Forks em uma abordagem in\u00e9dita.<\/p>\r\n\r\n\r\n\r\n<h2 class=\"wp-block-heading\">Onde assistir \u00e0 s\u00e9rie de \u2018Crep\u00fasculo\u2019?<\/h2>\r\n\r\n\r\n\r\n<p>Ainda n\u00e3o h\u00e1 informa\u00e7\u00f5es sobre onde a nova s\u00e9rie de \u2018Crep\u00fasculo\u2019 ser\u00e1 exibida, mas \u00e9 poss\u00edvel que ela seja lan\u00e7ada na plataforma de streaming da Lionsgate+ (antiga Starzplay).<\/p>\r\n\r\n\r\n\r\n<h2 class=\"wp-block-heading\">Onde assistir online aos filmes da saga &#8216;Crep\u00fasculo&#8217;?<\/h2>\r\n\r\n\r\n\r\n<h3 class=\"wp-block-heading\"><a href=\"https:\/\/www.filmelier.com\/br\/list\/todos-os-filmes-de-crepusculo-para-assistir-online\" data-type=\"URL\" data-id=\"https:\/\/www.filmelier.com\/br\/list\/todos-os-filmes-de-crepusculo-para-assistir-online\">Clique aqui para descobrir onde assistir a todos os filmes da saga &#8216;Crep\u00fasculo&#8217; online.<\/a><\/h3>\r\n\r\n\r\n\r\n<figure class=\"wp-block-embed is-type-video is-provider-youtube wp-block-embed-youtube wp-embed-aspect-4-3 wp-has-aspect-ratio\">\r\n<div class=\"wp-block-embed__wrapper\">https:\/\/www.youtube.com\/watch?v=21I6vX7zKdE<\/div>\r\n<\/figure>\r\n\r\n\r\n\r\n<p class=\"has-text-align-center\"><strong>Siga o Filmelier no\u00a0<a href=\"https:\/\/www.facebook.com\/filmelierbr\" target=\"_blank\" rel=\"noreferrer noopener\">Facebook<\/a>,\u00a0<a href=\"https:\/\/www.twitter.com\/filmelierbr\" target=\"_blank\" rel=\"noreferrer noopener\">Twitter<\/a>,\u00a0<a href=\"https:\/\/www.instagram.com\/filmelierbr\" target=\"_blank\" rel=\"noreferrer noopener\">Instagram<\/a>\u00a0e\u00a0<a href=\"https:\/\/www.tiktok.com\/@filmelierbr\" target=\"_blank\" rel=\"noreferrer noopener\">TikTok<\/a>.<\/strong><\/p>\r\n","protected":false},"excerpt":{"rendered":"<p>A ic\u00f4nica saga &#8216;Crep\u00fasculo&#8217; vai virar s\u00e9rie de TV, confira tudo o que sabemos sobre a produ\u00e7\u00e3o. Prontos para vampiros e lobisomens invadirem as telinhas?<\/p>\n","protected":false},"author":11,"featured_media":0,"comment_status":"closed","ping_status":"open","sticky":false,"template":"","format":"standard","meta":{"_acf_changed":false,"footnotes":""},"categories":[3492],"tags":[],"class_list":["post-50517","post","type-post","status-publish","format-standard","hentry","category-series-novelas-br"],"acf":{"subtitulo":"","id_ator":""},"yoast_head":"<!-- This site is optimized with the Yoast SEO plugin v26.1.1 - https:\/\/yoast.com\/wordpress\/plugins\/seo\/ -->\n<title>Depois de &#039;Harry Potter&#039;, &#039;Crep\u00fasculo&#039; tamb\u00e9m vai ganhar s\u00e9rie de TV - News Filmelier<\/title>\n<meta name=\"robots\" content=\"index, follow, max-snippet:-1, max-image-preview:large, max-video-preview:-1\" \/>\n<link rel=\"canonical\" href=\"https:\/\/news.filmelier.com\/br\/crepusculo-serie-tudo-sobre\/\" \/>\n<meta property=\"og:locale\" content=\"pt_BR\" \/>\n<meta property=\"og:type\" content=\"article\" \/>\n<meta property=\"og:title\" content=\"Depois de &#039;Harry Potter&#039;, &#039;Crep\u00fasculo&#039; tamb\u00e9m vai ganhar s\u00e9rie de TV - News Filmelier\" \/>\n<meta property=\"og:description\" content=\"A ic\u00f4nica saga &#039;Crep\u00fasculo&#039; vai virar s\u00e9rie de TV, confira tudo o que sabemos sobre a produ\u00e7\u00e3o. Prontos para vampiros e lobisomens invadirem as telinhas?\" \/>\n<meta property=\"og:url\" content=\"https:\/\/news.filmelier.com\/br\/crepusculo-serie-tudo-sobre\/\" \/>\n<meta property=\"og:site_name\" content=\"News Filmelier\" \/>\n<meta property=\"article:published_time\" content=\"2023-04-20T00:37:12+00:00\" \/>\n<meta property=\"article:modified_time\" content=\"2025-07-14T21:51:48+00:00\" \/>\n<meta property=\"og:image\" content=\"https:\/\/www.filmelier.com\/br\/noticias\/wp-content\/uploads\/2023\/04\/saga-crepusculo.jpg\" \/>\n<meta name=\"author\" content=\"Vit\u00f3ria Pratini\" \/>\n<meta name=\"twitter:card\" content=\"summary_large_image\" \/>\n<meta name=\"twitter:label1\" content=\"Escrito por\" \/>\n\t<meta name=\"twitter:data1\" content=\"Vit\u00f3ria Pratini\" \/>\n\t<meta name=\"twitter:label2\" content=\"Est. tempo de leitura\" \/>\n\t<meta name=\"twitter:data2\" content=\"5 minutos\" \/>\n<script type=\"application\/ld+json\" class=\"yoast-schema-graph\">{\"@context\":\"https:\/\/schema.org\",\"@graph\":[{\"@type\":\"Article\",\"@id\":\"https:\/\/news.filmelier.com\/br\/crepusculo-serie-tudo-sobre\/#article\",\"isPartOf\":{\"@id\":\"https:\/\/news.filmelier.com\/br\/crepusculo-serie-tudo-sobre\/\"},\"author\":{\"name\":\"Vit\u00f3ria Pratini\",\"@id\":\"https:\/\/homolog.news.filmelier.com\/br\/#\/schema\/person\/b6689fa913d8b849cd7549503e6521cc\"},\"headline\":\"Depois de &#8216;Harry Potter&#8217;, &#8216;Crep\u00fasculo&#8217; tamb\u00e9m vai ganhar s\u00e9rie de TV\",\"datePublished\":\"2023-04-20T00:37:12+00:00\",\"dateModified\":\"2025-07-14T21:51:48+00:00\",\"mainEntityOfPage\":{\"@id\":\"https:\/\/news.filmelier.com\/br\/crepusculo-serie-tudo-sobre\/\"},\"wordCount\":898,\"publisher\":{\"@id\":\"https:\/\/homolog.news.filmelier.com\/br\/#organization\"},\"image\":{\"@id\":\"https:\/\/news.filmelier.com\/br\/crepusculo-serie-tudo-sobre\/#primaryimage\"},\"thumbnailUrl\":\"https:\/\/www.filmelier.com\/br\/noticias\/wp-content\/uploads\/2023\/04\/saga-crepusculo.jpg\",\"articleSection\":[\"S\u00e9ries e Novelas\"],\"inLanguage\":\"pt-BR\"},{\"@type\":\"WebPage\",\"@id\":\"https:\/\/news.filmelier.com\/br\/crepusculo-serie-tudo-sobre\/\",\"url\":\"https:\/\/news.filmelier.com\/br\/crepusculo-serie-tudo-sobre\/\",\"name\":\"Depois de 'Harry Potter', 'Crep\u00fasculo' tamb\u00e9m vai ganhar s\u00e9rie de TV - News Filmelier\",\"isPartOf\":{\"@id\":\"https:\/\/homolog.news.filmelier.com\/br\/#website\"},\"primaryImageOfPage\":{\"@id\":\"https:\/\/news.filmelier.com\/br\/crepusculo-serie-tudo-sobre\/#primaryimage\"},\"image\":{\"@id\":\"https:\/\/news.filmelier.com\/br\/crepusculo-serie-tudo-sobre\/#primaryimage\"},\"thumbnailUrl\":\"https:\/\/www.filmelier.com\/br\/noticias\/wp-content\/uploads\/2023\/04\/saga-crepusculo.jpg\",\"datePublished\":\"2023-04-20T00:37:12+00:00\",\"dateModified\":\"2025-07-14T21:51:48+00:00\",\"breadcrumb\":{\"@id\":\"https:\/\/news.filmelier.com\/br\/crepusculo-serie-tudo-sobre\/#breadcrumb\"},\"inLanguage\":\"pt-BR\",\"potentialAction\":[{\"@type\":\"ReadAction\",\"target\":[\"https:\/\/news.filmelier.com\/br\/crepusculo-serie-tudo-sobre\/\"]}]},{\"@type\":\"ImageObject\",\"inLanguage\":\"pt-BR\",\"@id\":\"https:\/\/news.filmelier.com\/br\/crepusculo-serie-tudo-sobre\/#primaryimage\",\"url\":\"https:\/\/www.filmelier.com\/br\/noticias\/wp-content\/uploads\/2023\/04\/saga-crepusculo.jpg\",\"contentUrl\":\"https:\/\/www.filmelier.com\/br\/noticias\/wp-content\/uploads\/2023\/04\/saga-crepusculo.jpg\"},{\"@type\":\"BreadcrumbList\",\"@id\":\"https:\/\/news.filmelier.com\/br\/crepusculo-serie-tudo-sobre\/#breadcrumb\",\"itemListElement\":[{\"@type\":\"ListItem\",\"position\":1,\"name\":\"In\u00edcio\",\"item\":\"https:\/\/homolog.news.filmelier.com\/br\/\"},{\"@type\":\"ListItem\",\"position\":2,\"name\":\"Depois de &#8216;Harry Potter&#8217;, &#8216;Crep\u00fasculo&#8217; tamb\u00e9m vai ganhar s\u00e9rie de TV\"}]},{\"@type\":\"WebSite\",\"@id\":\"https:\/\/homolog.news.filmelier.com\/br\/#website\",\"url\":\"https:\/\/homolog.news.filmelier.com\/br\/\",\"name\":\"Homolog Filmelier News Rankrup\",\"description\":\"\",\"publisher\":{\"@id\":\"https:\/\/homolog.news.filmelier.com\/br\/#organization\"},\"potentialAction\":[{\"@type\":\"SearchAction\",\"target\":{\"@type\":\"EntryPoint\",\"urlTemplate\":\"https:\/\/homolog.news.filmelier.com\/br\/?s={search_term_string}\"},\"query-input\":{\"@type\":\"PropertyValueSpecification\",\"valueRequired\":true,\"valueName\":\"search_term_string\"}}],\"inLanguage\":\"pt-BR\"},{\"@type\":\"Organization\",\"@id\":\"https:\/\/homolog.news.filmelier.com\/br\/#organization\",\"name\":\"Homolog Filmelier News Rankrup\",\"url\":\"https:\/\/homolog.news.filmelier.com\/br\/\",\"logo\":{\"@type\":\"ImageObject\",\"inLanguage\":\"pt-BR\",\"@id\":\"https:\/\/homolog.news.filmelier.com\/br\/#\/schema\/logo\/image\/\",\"url\":\"https:\/\/news.filmelier.com\/wp-content\/uploads\/2024\/11\/Logo-News.png\",\"contentUrl\":\"https:\/\/news.filmelier.com\/wp-content\/uploads\/2024\/11\/Logo-News.png\",\"width\":460,\"height\":108,\"caption\":\"Homolog Filmelier News Rankrup\"},\"image\":{\"@id\":\"https:\/\/homolog.news.filmelier.com\/br\/#\/schema\/logo\/image\/\"}},{\"@type\":\"Person\",\"@id\":\"https:\/\/homolog.news.filmelier.com\/br\/#\/schema\/person\/b6689fa913d8b849cd7549503e6521cc\",\"name\":\"Vit\u00f3ria Pratini\",\"image\":{\"@type\":\"ImageObject\",\"inLanguage\":\"pt-BR\",\"@id\":\"https:\/\/homolog.news.filmelier.com\/br\/#\/schema\/person\/image\/\",\"url\":\"https:\/\/secure.gravatar.com\/avatar\/93bc09f1ea8059e7f68ceebd457a04e75befce531605be9c8ad31127fed28a0d?s=96&d=mm&r=g\",\"contentUrl\":\"https:\/\/secure.gravatar.com\/avatar\/93bc09f1ea8059e7f68ceebd457a04e75befce531605be9c8ad31127fed28a0d?s=96&d=mm&r=g\",\"caption\":\"Vit\u00f3ria Pratini\"},\"description\":\"A critic and journalist specializing in films, series and pop culture since 2013, Vit\u00f3ria Pratini has had her articles published in AdoroCinema, IGN Brasil, Terra and MSN. During her career, she has covered audiovisual events, such as San Diego Comic-Con, CCXP, Festival do Rio and Pr\u00eamio Grande Otelo. She has served on festival juries and interviewed names such as Helen Mirren, Fernanda Torres, Gilberto Gil, Jude Law and Bryan Cranston. An SEO specialist, Vit\u00f3ria is currently a content strategist and reporter for Filmelier.\",\"sameAs\":[\"https:\/\/www.filmelier.com\/br\/autor\/vitoria-pratini\",\"https:\/\/www.instagram.com\/vitoriapratini\/\"],\"url\":\"https:\/\/news.filmelier.com\/br\/author\/vitoria-pratini\/\"}]}<\/script>\n<!-- \/ Yoast SEO plugin. -->","yoast_head_json":{"title":"Depois de 'Harry Potter', 'Crep\u00fasculo' tamb\u00e9m vai ganhar s\u00e9rie de TV - News Filmelier","robots":{"index":"index","follow":"follow","max-snippet":"max-snippet:-1","max-image-preview":"max-image-preview:large","max-video-preview":"max-video-preview:-1"},"canonical":"https:\/\/news.filmelier.com\/br\/crepusculo-serie-tudo-sobre\/","og_locale":"pt_BR","og_type":"article","og_title":"Depois de 'Harry Potter', 'Crep\u00fasculo' tamb\u00e9m vai ganhar s\u00e9rie de TV - News Filmelier","og_description":"A ic\u00f4nica saga 'Crep\u00fasculo' vai virar s\u00e9rie de TV, confira tudo o que sabemos sobre a produ\u00e7\u00e3o. Prontos para vampiros e lobisomens invadirem as telinhas?","og_url":"https:\/\/news.filmelier.com\/br\/crepusculo-serie-tudo-sobre\/","og_site_name":"News Filmelier","article_published_time":"2023-04-20T00:37:12+00:00","article_modified_time":"2025-07-14T21:51:48+00:00","og_image":[{"url":"https:\/\/www.filmelier.com\/br\/noticias\/wp-content\/uploads\/2023\/04\/saga-crepusculo.jpg","type":"","width":"","height":""}],"author":"Vit\u00f3ria Pratini","twitter_card":"summary_large_image","twitter_misc":{"Escrito por":"Vit\u00f3ria Pratini","Est. tempo de leitura":"5 minutos"},"schema":{"@context":"https:\/\/schema.org","@graph":[{"@type":"Article","@id":"https:\/\/news.filmelier.com\/br\/crepusculo-serie-tudo-sobre\/#article","isPartOf":{"@id":"https:\/\/news.filmelier.com\/br\/crepusculo-serie-tudo-sobre\/"},"author":{"name":"Vit\u00f3ria Pratini","@id":"https:\/\/homolog.news.filmelier.com\/br\/#\/schema\/person\/b6689fa913d8b849cd7549503e6521cc"},"headline":"Depois de &#8216;Harry Potter&#8217;, &#8216;Crep\u00fasculo&#8217; tamb\u00e9m vai ganhar s\u00e9rie de TV","datePublished":"2023-04-20T00:37:12+00:00","dateModified":"2025-07-14T21:51:48+00:00","mainEntityOfPage":{"@id":"https:\/\/news.filmelier.com\/br\/crepusculo-serie-tudo-sobre\/"},"wordCount":898,"publisher":{"@id":"https:\/\/homolog.news.filmelier.com\/br\/#organization"},"image":{"@id":"https:\/\/news.filmelier.com\/br\/crepusculo-serie-tudo-sobre\/#primaryimage"},"thumbnailUrl":"https:\/\/www.filmelier.com\/br\/noticias\/wp-content\/uploads\/2023\/04\/saga-crepusculo.jpg","articleSection":["S\u00e9ries e Novelas"],"inLanguage":"pt-BR"},{"@type":"WebPage","@id":"https:\/\/news.filmelier.com\/br\/crepusculo-serie-tudo-sobre\/","url":"https:\/\/news.filmelier.com\/br\/crepusculo-serie-tudo-sobre\/","name":"Depois de 'Harry Potter', 'Crep\u00fasculo' tamb\u00e9m vai ganhar s\u00e9rie de TV - News Filmelier","isPartOf":{"@id":"https:\/\/homolog.news.filmelier.com\/br\/#website"},"primaryImageOfPage":{"@id":"https:\/\/news.filmelier.com\/br\/crepusculo-serie-tudo-sobre\/#primaryimage"},"image":{"@id":"https:\/\/news.filmelier.com\/br\/crepusculo-serie-tudo-sobre\/#primaryimage"},"thumbnailUrl":"https:\/\/www.filmelier.com\/br\/noticias\/wp-content\/uploads\/2023\/04\/saga-crepusculo.jpg","datePublished":"2023-04-20T00:37:12+00:00","dateModified":"2025-07-14T21:51:48+00:00","breadcrumb":{"@id":"https:\/\/news.filmelier.com\/br\/crepusculo-serie-tudo-sobre\/#breadcrumb"},"inLanguage":"pt-BR","potentialAction":[{"@type":"ReadAction","target":["https:\/\/news.filmelier.com\/br\/crepusculo-serie-tudo-sobre\/"]}]},{"@type":"ImageObject","inLanguage":"pt-BR","@id":"https:\/\/news.filmelier.com\/br\/crepusculo-serie-tudo-sobre\/#primaryimage","url":"https:\/\/www.filmelier.com\/br\/noticias\/wp-content\/uploads\/2023\/04\/saga-crepusculo.jpg","contentUrl":"https:\/\/www.filmelier.com\/br\/noticias\/wp-content\/uploads\/2023\/04\/saga-crepusculo.jpg"},{"@type":"BreadcrumbList","@id":"https:\/\/news.filmelier.com\/br\/crepusculo-serie-tudo-sobre\/#breadcrumb","itemListElement":[{"@type":"ListItem","position":1,"name":"In\u00edcio","item":"https:\/\/homolog.news.filmelier.com\/br\/"},{"@type":"ListItem","position":2,"name":"Depois de &#8216;Harry Potter&#8217;, &#8216;Crep\u00fasculo&#8217; tamb\u00e9m vai ganhar s\u00e9rie de TV"}]},{"@type":"WebSite","@id":"https:\/\/homolog.news.filmelier.com\/br\/#website","url":"https:\/\/homolog.news.filmelier.com\/br\/","name":"Homolog Filmelier News Rankrup","description":"","publisher":{"@id":"https:\/\/homolog.news.filmelier.com\/br\/#organization"},"potentialAction":[{"@type":"SearchAction","target":{"@type":"EntryPoint","urlTemplate":"https:\/\/homolog.news.filmelier.com\/br\/?s={search_term_string}"},"query-input":{"@type":"PropertyValueSpecification","valueRequired":true,"valueName":"search_term_string"}}],"inLanguage":"pt-BR"},{"@type":"Organization","@id":"https:\/\/homolog.news.filmelier.com\/br\/#organization","name":"Homolog Filmelier News Rankrup","url":"https:\/\/homolog.news.filmelier.com\/br\/","logo":{"@type":"ImageObject","inLanguage":"pt-BR","@id":"https:\/\/homolog.news.filmelier.com\/br\/#\/schema\/logo\/image\/","url":"https:\/\/news.filmelier.com\/wp-content\/uploads\/2024\/11\/Logo-News.png","contentUrl":"https:\/\/news.filmelier.com\/wp-content\/uploads\/2024\/11\/Logo-News.png","width":460,"height":108,"caption":"Homolog Filmelier News Rankrup"},"image":{"@id":"https:\/\/homolog.news.filmelier.com\/br\/#\/schema\/logo\/image\/"}},{"@type":"Person","@id":"https:\/\/homolog.news.filmelier.com\/br\/#\/schema\/person\/b6689fa913d8b849cd7549503e6521cc","name":"Vit\u00f3ria Pratini","image":{"@type":"ImageObject","inLanguage":"pt-BR","@id":"https:\/\/homolog.news.filmelier.com\/br\/#\/schema\/person\/image\/","url":"https:\/\/secure.gravatar.com\/avatar\/93bc09f1ea8059e7f68ceebd457a04e75befce531605be9c8ad31127fed28a0d?s=96&d=mm&r=g","contentUrl":"https:\/\/secure.gravatar.com\/avatar\/93bc09f1ea8059e7f68ceebd457a04e75befce531605be9c8ad31127fed28a0d?s=96&d=mm&r=g","caption":"Vit\u00f3ria Pratini"},"description":"A critic and journalist specializing in films, series and pop culture since 2013, Vit\u00f3ria Pratini has had her articles published in AdoroCinema, IGN Brasil, Terra and MSN. During her career, she has covered audiovisual events, such as San Diego Comic-Con, CCXP, Festival do Rio and Pr\u00eamio Grande Otelo. She has served on festival juries and interviewed names such as Helen Mirren, Fernanda Torres, Gilberto Gil, Jude Law and Bryan Cranston. An SEO specialist, Vit\u00f3ria is currently a content strategist and reporter for Filmelier.","sameAs":["https:\/\/www.filmelier.com\/br\/autor\/vitoria-pratini","https:\/\/www.instagram.com\/vitoriapratini\/"],"url":"https:\/\/news.filmelier.com\/br\/author\/vitoria-pratini\/"}]}},"_links":{"self":[{"href":"https:\/\/news.filmelier.com\/br\/wp-json\/wp\/v2\/posts\/50517","targetHints":{"allow":["GET"]}}],"collection":[{"href":"https:\/\/news.filmelier.com\/br\/wp-json\/wp\/v2\/posts"}],"about":[{"href":"https:\/\/news.filmelier.com\/br\/wp-json\/wp\/v2\/types\/post"}],"author":[{"embeddable":true,"href":"https:\/\/news.filmelier.com\/br\/wp-json\/wp\/v2\/users\/11"}],"replies":[{"embeddable":true,"href":"https:\/\/news.filmelier.com\/br\/wp-json\/wp\/v2\/comments?post=50517"}],"version-history":[{"count":1,"href":"https:\/\/news.filmelier.com\/br\/wp-json\/wp\/v2\/posts\/50517\/revisions"}],"predecessor-version":[{"id":55097,"href":"https:\/\/news.filmelier.com\/br\/wp-json\/wp\/v2\/posts\/50517\/revisions\/55097"}],"wp:attachment":[{"href":"https:\/\/news.filmelier.com\/br\/wp-json\/wp\/v2\/media?parent=50517"}],"wp:term":[{"taxonomy":"category","embeddable":true,"href":"https:\/\/news.filmelier.com\/br\/wp-json\/wp\/v2\/categories?post=50517"},{"taxonomy":"post_tag","embeddable":true,"href":"https:\/\/news.filmelier.com\/br\/wp-json\/wp\/v2\/tags?post=50517"}],"curies":[{"name":"wp","href":"https:\/\/api.w.org\/{rel}","templated":true}]}}