{"id":50267,"date":"2023-08-09T11:29:40","date_gmt":"2023-08-09T14:29:40","guid":{"rendered":"https:\/\/news.filmelier.com\/sofa-digital-10-anos-crescimento-2023\/"},"modified":"2025-06-08T23:49:03","modified_gmt":"2025-06-09T02:49:03","slug":"sofa-digital-10-anos-crescimento-2023","status":"publish","type":"post","link":"https:\/\/news.filmelier.com\/br\/sofa-digital-10-anos-crescimento-2023\/","title":{"rendered":"Sofa Digital 10 anos: Pa\u00edses de l\u00edngua espanhola superam resultados do Brasil em crescimento recorde"},"content":{"rendered":"\r\n<p>No din\u00e2mico universo do cinema e do streaming, a Sofa Digital (SOFA DGTL) emerge como um protagonista inovador que completa uma d\u00e9cada de impacto cinematogr\u00e1fico. Com um modelo de neg\u00f3cios focado em dados e monetiza\u00e7\u00e3o multiplataforma, a empresa celebra seu 10\u00ba anivers\u00e1rio em agosto, reafirmando-se como pioneira e l\u00edder no mercado de streaming. Durante essa jornada, a Sofa Digital estabeleceu uma ampla presen\u00e7a em diversas plataformas, distribuindo cerca de 5 mil filmes atrav\u00e9s dos modelos TVOD, SVOD, AVOD e FAST, conectando hist\u00f3rias e audi\u00eancias.<\/p>\r\n\r\n\r\n\r\n<ul class=\"wp-block-list\">\r\n<li><strong>Leia tamb\u00e9m:\u00a0<a href=\"https:\/\/news.filmelier.com\/premio-ibest-2025-filmelier-vote\/\">Filmelier \u00e9 indicado novamente ao Pr\u00eamio iBest!<\/a><\/strong><\/li>\r\n<\/ul>\r\n\r\n\r\n\r\n<h2 class=\"wp-block-heading\">Conhe\u00e7a a Sofa Digital: Uma d\u00e9cada de inova\u00e7\u00e3o e crescimento<\/h2>\r\n\r\n\r\n\r\n<p>Desde 2013, a Sofa Digital se dedica a agregar conte\u00fado independente nacional e internacional em parceria com produtores e distribuidores do mundo todo. Atrav\u00e9s de algoritmos propriet\u00e1rios e um profundo entendimento da audi\u00eancia, a empresa cria uma estrat\u00e9gia eficaz para aquisi\u00e7\u00e3o e monetiza\u00e7\u00e3o de filmes, buscando aprimorar a experi\u00eancia do consumidor e promover a sustentabilidade na ind\u00fastria audiovisual. Essa abordagem resultou em uma ampla presen\u00e7a em mais de 30 plataformas na Am\u00e9rica Latina. Sua atua\u00e7\u00e3o abrange diversos modelos de neg\u00f3cio, incluindo TVOD, SVOD, AVOD e FAST, que permitem que as produ\u00e7\u00f5es sejam exploradas em todas as janelas, maximizando sua rentabilidade e alcan\u00e7ando uma audi\u00eancia global diversificada.<\/p>\r\n\r\n\r\n\r\n<figure class=\"wp-block-image size-full\">\r\n<figcaption>\r\n<figure id=\"attachment_44305\" aria-describedby=\"caption-attachment-44305\" style=\"width: 800px\" class=\"wp-caption alignnone\"><img fetchpriority=\"high\" decoding=\"async\" class=\"wp-image-44305 size-full\" src=\"https:\/\/news.filmelier.com\/wp-content\/uploads\/2023\/08\/sofa-digital-produtos.jpg\" alt=\"Conhe\u00e7a os produtos da Sofa Digital: Filmelier, Adrenalina Freezone e mais\" width=\"800\" height=\"799\" srcset=\"https:\/\/news.filmelier.com\/wp-content\/uploads\/2023\/08\/sofa-digital-produtos.jpg 800w, https:\/\/news.filmelier.com\/wp-content\/uploads\/2023\/08\/sofa-digital-produtos-300x300.jpg 300w, https:\/\/news.filmelier.com\/wp-content\/uploads\/2023\/08\/sofa-digital-produtos-150x150.jpg 150w, https:\/\/news.filmelier.com\/wp-content\/uploads\/2023\/08\/sofa-digital-produtos-768x767.jpg 768w, https:\/\/news.filmelier.com\/wp-content\/uploads\/2023\/08\/sofa-digital-produtos-96x96.jpg 96w\" sizes=\"(max-width: 800px) 100vw, 800px\" \/><figcaption id=\"caption-attachment-44305\" class=\"wp-caption-text\"><em>Conhe\u00e7a os produtos da Sofa Digital: Filmelier, Adrenalina Freezone e mais (Cr\u00e9dito: Sofa Digital)<\/em><\/figcaption><\/figure>\r\n<\/figcaption>\r\n<\/figure>\r\n\r\n\r\n\r\n<h2 class=\"wp-block-heading\">Produtos inovadores: Explorando o Filmelier, Adrenalina Freezone e mais<\/h2>\r\n\r\n\r\n\r\n<p>A Sofa Digital oferece uma gama diversificada de produtos destinados a enriquecer a experi\u00eancia cinematogr\u00e1fica e a atender a diversos gostos e interesses. Conhe\u00e7a alguns deles.<\/p>\r\n\r\n\r\n\r\n<h3 class=\"wp-block-heading\">Filmelier: Um guia personalizado para cin\u00e9filos<\/h3>\r\n\r\n\r\n\r\n<p>Como voc\u00ea que est\u00e1 nos lendo bem sabe, o Filmelier assume o papel de guia personalizado para entusiastas do cinema \u2013 n\u00e3o s\u00f3 no Brasil, mas tamb\u00e9m nos Estados Unidos, M\u00e9xico e outras regi\u00f5es de l\u00edngua espanhola! Atrav\u00e9s do desempenho dos filmes nas diversas plataformas de\u00a0VOD, o Filmelier identifica tend\u00eancias e grupos de interesse, refinando recomenda\u00e7\u00f5es e <a href=\"https:\/\/www.filmelier.com\/br\/assistir-filmes-online\" data-type=\"URL\" data-id=\"https:\/\/www.filmelier.com\/br\/assistir-filmes-online\">guiando o usu\u00e1rio na descoberta de conte\u00fado<\/a>. Na parte de not\u00edcias, oferece cr\u00edticas, entrevistas e curiosidades sobre o mundo do cinema, s\u00e9ries, novelas e futebol. Com um crescimento de 50% nos \u00faltimos 6 meses, o Filmelier atrai mais de 5 milh\u00f5es de usu\u00e1rios \u00fanicos por m\u00eas, proporcionando uma experi\u00eancia cinematogr\u00e1fica mais personalizada e envolvente.<\/p>\r\n\r\n\r\n\r\n\r\n\r\n<h3 class=\"wp-block-heading\">Adrenalina Freezone e Adrenalina Pura: Emo\u00e7\u00e3o e suspense<\/h3>\r\n\r\n\r\n\r\n<p>Dentro do universo emocionante da Sofa Digital, encontramos o Adrenalina Freezone, que oferece uma sele\u00e7\u00e3o instigante de filmes de a\u00e7\u00e3o, suspense e terror para assistir gratuitamente no YouTube. Al\u00e9m disso, Adrenalina Pura eleva a experi\u00eancia a um novo patamar com uma curadoria excepcional de filmes carregados de emo\u00e7\u00e3o e adrenalina.<\/p>\r\n\r\n\r\n\r\n<ul class=\"wp-block-list\">\r\n<li><strong>Confira: <a href=\"https:\/\/www.filmelier.com\/br\/noticias\/como-assistir-filmes-online-gratis\" data-type=\"post\" data-id=\"38303\">Como assistir a filmes online gr\u00e1tis? Conhe\u00e7a 7 op\u00e7\u00f5es de plataformas<\/a><\/strong><\/li>\r\n<\/ul>\r\n\r\n\r\n\r\n<figure class=\"wp-block-image size-full\">\r\n<figure id=\"attachment_38333\" aria-describedby=\"caption-attachment-38333\" style=\"width: 800px\" class=\"wp-caption alignnone\"><img decoding=\"async\" class=\"wp-image-38333 size-full\" src=\"https:\/\/news.filmelier.com\/wp-content\/uploads\/2023\/06\/adrenalina-freezone.jpg\" alt=\"Adrenalina Freezone oferece filmes de a\u00e7\u00e3o online gr\u00e1tis, completos e dublados\" width=\"800\" height=\"444\" srcset=\"https:\/\/news.filmelier.com\/wp-content\/uploads\/2023\/06\/adrenalina-freezone.jpg 800w, https:\/\/news.filmelier.com\/wp-content\/uploads\/2023\/06\/adrenalina-freezone-300x167.jpg 300w, https:\/\/news.filmelier.com\/wp-content\/uploads\/2023\/06\/adrenalina-freezone-768x426.jpg 768w, https:\/\/news.filmelier.com\/wp-content\/uploads\/2023\/06\/adrenalina-freezone-150x83.jpg 150w\" sizes=\"(max-width: 800px) 100vw, 800px\" \/><figcaption id=\"caption-attachment-38333\" class=\"wp-caption-text\"><em>Adrenalina Freezone oferece filmes de a\u00e7\u00e3o online gr\u00e1tis, completos e dublados (Cr\u00e9dito: Adrenalina Freezone)<\/em><\/figcaption><\/figure>\r\n<\/figure>\r\n\r\n\r\n\r\n<h3 class=\"wp-block-heading\">Synapse: Distribui\u00e7\u00e3o estrat\u00e9gica<\/h3>\r\n\r\n\r\n\r\n<p>A Synapse \u00e9 o selo de distribui\u00e7\u00e3o da Sofa Digital. Ao unir for\u00e7as com parceiros e profissionais experientes, <a href=\"https:\/\/www.filmelier.com\/br\/list\/todos-os-filmes-do-luccas-neto-para-assistir-online\" data-type=\"URL\" data-id=\"https:\/\/www.filmelier.com\/br\/list\/todos-os-filmes-do-luccas-neto-para-assistir-online\">a SOFA DGTL lan\u00e7ou 12 filmes do influente criador Luccas Neto<\/a> e distribuiu produ\u00e7\u00f5es internacionalmente renomadas, como &#8216;<a href=\"https:\/\/www.filmelier.com\/br\/film\/13479\/druk-mais-uma-rodada\" data-type=\"URL\" data-id=\"https:\/\/www.filmelier.com\/br\/film\/13479\/druk-mais-uma-rodada\">Druk: Mais Uma Rodada<\/a>&#8216;, vencedor do Oscar de Filme Internacional. Mais recentemente, foi respons\u00e1vel por levar \u00e0s telonas &#8216;Her\u00f3i de Sangue&#8217; e &#8216;A Sindicalista&#8217;, que est\u00e3o em cartaz nos cinemas.<\/p>\r\n\r\n\r\n\r\n<h3 class=\"wp-block-heading\">Festival Filmelier: Celebrando a s\u00e9tima arte<\/h3>\r\n\r\n\r\n\r\n<p>Al\u00e9m dos seus produtos ic\u00f4nicos, a Sofa Digital \u00e9 a for\u00e7a motriz por tr\u00e1s do Festival Filmelier, evento que <a href=\"https:\/\/www.filmelier.com\/br\/noticias\/filmes-festival-filmelier-no-cinema\" data-type=\"post\" data-id=\"37154\">levou mais de 20 filmes in\u00e9ditos \u00e0s telas de cinema de cerca de 30 cidades do pa\u00eds<\/a>. Entre os longas-metragens exibidos, estiveram \u2018Her\u00f3i de Sangue\u2018, protagonizado e produzido por Omar Sy (\u2018Lupin\u2019), a maior bilheteria da Fran\u00e7a em 2023; \u2018Blue Jean\u2018, vencedor do pr\u00eamio do p\u00fablico no Festival de Veneza 2022; a produ\u00e7\u00e3o biogr\u00e1fica \u2018Tesla: O Homem El\u00e9trico\u2018, com Ethan Hawke; os dramas \u2018No Bears\u2019, do diretor iraniano Jafar Panahi, perseguido pelo governo de seu pa\u00eds por protestar contra seu regime conservador; e \u2018Uma Noite em Haifa\u2018, do premiado diretor israelense Amos Gita\u00ef. Al\u00e9m do filme nacional \u2018Barraco de Fam\u00edlia\u2018, estrelado por Cacau Prot\u00e1sio.<\/p>\r\n\r\n\r\n\r\n<p>O festival foi realizado em parceria com as distribuidoras Imovision, A2 Filmes, Mares Filmes, BF e Pandora e contou com o apoio das empresas ETC Filmes, Mundo EQX, Ingresso.com, UOL e Canal Curta.<\/p>\r\n\r\n\r\n\r\n<figure class=\"wp-block-image size-full\">\r\n<figure id=\"attachment_37292\" aria-describedby=\"caption-attachment-37292\" style=\"width: 970px\" class=\"wp-caption alignnone\"><img decoding=\"async\" class=\"wp-image-37292 size-full\" src=\"https:\/\/news.filmelier.com\/wp-content\/uploads\/2023\/04\/970x250.png\" alt=\"Festival Filmelier no Cinema\" width=\"970\" height=\"250\" srcset=\"https:\/\/news.filmelier.com\/wp-content\/uploads\/2023\/04\/970x250.png 970w, https:\/\/news.filmelier.com\/wp-content\/uploads\/2023\/04\/970x250-300x77.png 300w, https:\/\/news.filmelier.com\/wp-content\/uploads\/2023\/04\/970x250-768x198.png 768w, https:\/\/news.filmelier.com\/wp-content\/uploads\/2023\/04\/970x250-150x39.png 150w\" sizes=\"(max-width: 970px) 100vw, 970px\" \/><figcaption id=\"caption-attachment-37292\" class=\"wp-caption-text\"><em>(Cr\u00e9ditos: Sofa Digital)<\/em><\/figcaption><\/figure>\r\n<\/figure>\r\n\r\n\r\n\r\n<h2 class=\"wp-block-heading\">Monetiza\u00e7\u00e3o multiplataforma e crescimento recorde na Sofa Digital<\/h2>\r\n\r\n\r\n\r\n<p>A Sofa Digital est\u00e1 redefinindo o sucesso no mercado audiovisual. No primeiro semestre de 2023, a SOFA DGTL alcan\u00e7ou um crescimento recorde, solidificando sua posi\u00e7\u00e3o de lideran\u00e7a na ind\u00fastria. Isso \u00e9 refletido pelo sucesso, por exemplo, de produ\u00e7\u00f5es distribu\u00eddas pela Sofa Digital, como &#8216;<a href=\"https:\/\/www.filmelier.com\/br\/film\/23055\/no-ritmo-da-fe\" data-type=\"URL\" data-id=\"https:\/\/www.filmelier.com\/br\/film\/23055\/no-ritmo-da-fe\">No Ritmo da F\u00e9<\/a>&#8216;, que conquistou, na \u00faltima semana, a 7\u00aa posi\u00e7\u00e3o no Top 10 global de filmes de l\u00edngua n\u00e3o-inglesa da Netflix. Essa conquista demonstra a capacidade da Sofa Digital de selecionar e promover filmes independentes que cativam audi\u00eancias em todo o mundo.<\/p>\r\n\r\n\r\n\r\n<figure class=\"wp-block-image size-full\">\r\n<figure id=\"attachment_39154\" aria-describedby=\"caption-attachment-39154\" style=\"width: 800px\" class=\"wp-caption alignnone\"><img loading=\"lazy\" decoding=\"async\" class=\"wp-image-39154 size-full\" src=\"https:\/\/news.filmelier.com\/wp-content\/uploads\/2023\/08\/top10-films-non-english-netflix.jpg\" alt=\"'No Ritmo da F\u00e9' chega ao Top 10 Global de filmes de l\u00edngua n\u00e3o-inglesa da Netflix (Cr\u00e9dito: Netflix)\" width=\"800\" height=\"450\" srcset=\"https:\/\/news.filmelier.com\/wp-content\/uploads\/2023\/08\/top10-films-non-english-netflix.jpg 800w, https:\/\/news.filmelier.com\/wp-content\/uploads\/2023\/08\/top10-films-non-english-netflix-300x169.jpg 300w, https:\/\/news.filmelier.com\/wp-content\/uploads\/2023\/08\/top10-films-non-english-netflix-768x432.jpg 768w, https:\/\/news.filmelier.com\/wp-content\/uploads\/2023\/08\/top10-films-non-english-netflix-150x84.jpg 150w\" sizes=\"(max-width: 800px) 100vw, 800px\" \/><figcaption id=\"caption-attachment-39154\" class=\"wp-caption-text\"><em>&#8216;No Ritmo da F\u00e9&#8217; chega ao Top 10 Global de filmes de l\u00edngua n\u00e3o-inglesa da Netflix (Cr\u00e9dito: Netflix)<\/em><\/figcaption><\/figure>\r\n<\/figure>\r\n\r\n\r\n\r\n<p>Com um crescimento not\u00e1vel em diferentes segmentos, a empresa demonstra sua capacidade de se adaptar e inovar, confira:<\/p>\r\n\r\n\r\n\r\n<ul class=\"wp-block-list\">\r\n<li>TVOD: Impulsionado pelo retorno do fluxo de filmes lan\u00e7ados nos cinemas, o TVOD experimentou um crescimento de mais de 80% em transa\u00e7\u00f5es, atingindo 1 milh\u00e3o e 320 mil transa\u00e7\u00f5es. A ado\u00e7\u00e3o de pr\u00e1ticas de PVOD contribuiu para uma receita que aumentou impressionantes 146%.<\/li>\r\n<\/ul>\r\n\r\n\r\n\r\n<ul class=\"wp-block-list\">\r\n<li>AVOD e FAST: As receitas e audi\u00eancia desses segmentos superaram os 150%, alcan\u00e7ando cerca de 100 milh\u00f5es de horas consumidas, com 56 milh\u00f5es de usu\u00e1rios \u00fanicos. A SOFA DGTL expandiu sua presen\u00e7a nas plataformas PlutoTV, Samsung TV Plus, YouTube e Vix, consolidando uma presen\u00e7a em <a href=\"https:\/\/www.filmelier.com\/br\/filmes-gratis-completos\" data-type=\"URL\" data-id=\"https:\/\/www.filmelier.com\/br\/filmes-gratis-completos\">plataformas que incluem filmes gr\u00e1tis completos<\/a>.<\/li>\r\n<\/ul>\r\n\r\n\r\n\r\n<ul class=\"wp-block-list\">\r\n<li>SVOD: Atrav\u00e9s da Synapse, a Sofa Digital atingiu dezenas de milh\u00f5es de horas assistidas com filmes licenciados para grandes plataformas. No primeiro semestre de 2023, oito filmes entraram no Top 10 Am\u00e9rica Latina dos streamings Netflix e Amazon.<\/li>\r\n<\/ul>\r\n\r\n\r\n\r\n<ul class=\"wp-block-list\">\r\n<li><strong>Pode te interessar: <a href=\"https:\/\/www.filmelier.com\/br\/noticias\/bilheteria-barbenheimer\" data-type=\"post\" data-id=\"38909\">\u2018Barbenheimer\u2019: recordes de bilheteria quebrados por \u2018Barbie\u2019 e \u2018Oppenheimer\u2019<\/a><\/strong><\/li>\r\n<\/ul>\r\n\r\n\r\n\r\n<h2 class=\"wp-block-heading\">Futuro promissor e transforma\u00e7\u00e3o audiovisual<\/h2>\r\n\r\n\r\n\r\n<p>Olhando para o futuro, a Sofa Digital est\u00e1 focada na viabilidade e sustentabilidade da ind\u00fastria, por meio da colabora\u00e7\u00e3o, transpar\u00eancia e experi\u00eancia do consumidor. A empresa reconhece o papel das regula\u00e7\u00f5es, Intelig\u00eancia Artificial e Blockchain como impulsionadores dessa transforma\u00e7\u00e3o. F\u00e1bio Lima, Fundador e CEO da Sofa Digital, destaca: \u201cOs \u00faltimos 10 anos foram marcados por muita experimenta\u00e7\u00e3o com a tecnologia de streaming aplicada \u00e0 ind\u00fastria do audiovisual. Nesta nossa pr\u00f3xima fase, passaremos pela verdadeira transforma\u00e7\u00e3o, e nunca estivemos t\u00e3o confiantes e preparados como estamos agora\u201d.<\/p>\r\n\r\n\r\n\r\n<p>A Sofa Digital, ao completar uma d\u00e9cada de trajet\u00f3ria, continua a trilhar um caminho de inova\u00e7\u00e3o e conex\u00e3o cinematogr\u00e1fica, moldando o cen\u00e1rio audiovisual e inspirando a pr\u00f3xima era do entretenimento.<\/p>\r\n\r\n\r\n","protected":false},"excerpt":{"rendered":"<p>A SOFA DGTL \u00e9 respons\u00e1vel pelo Filmelier, Adrenalina Freezone, Synapse e mais. Conhe\u00e7a os produtos e filmes que chegaram ao top 10 Netflix<\/p>\n","protected":false},"author":14,"featured_media":49619,"comment_status":"closed","ping_status":"open","sticky":false,"template":"","format":"standard","meta":{"_acf_changed":false,"footnotes":""},"categories":[3482],"tags":[],"class_list":["post-50267","post","type-post","status-publish","format-standard","has-post-thumbnail","hentry","category-filmes-br"],"acf":{"subtitulo":"A SOFA DGTL \u00e9 respons\u00e1vel pelo Filmelier, Adrenalina Freezone, Synapse e mais. Conhe\u00e7a os produtos e filmes que chegaram ao top 10 Netflix","id_ator":""},"yoast_head":"<!-- This site is optimized with the Yoast SEO plugin v26.1.1 - https:\/\/yoast.com\/wordpress\/plugins\/seo\/ -->\n<title>Sofa Digital 10 anos: Pa\u00edses de l\u00edngua espanhola superam resultados do Brasil em crescimento recorde - News Filmelier<\/title>\n<meta name=\"description\" content=\"A Sofa Digital \u00e9 respons\u00e1vel pelo Filmelier, Adrenalina Freezone, Synapse e mais. Conhe\u00e7a os produtos e filmes que chegaram ao top 10 Netflix\" \/>\n<meta name=\"robots\" content=\"index, follow, max-snippet:-1, max-image-preview:large, max-video-preview:-1\" \/>\n<link rel=\"canonical\" href=\"https:\/\/news.filmelier.com\/br\/sofa-digital-10-anos-crescimento-2023\/\" \/>\n<meta property=\"og:locale\" content=\"pt_BR\" \/>\n<meta property=\"og:type\" content=\"article\" \/>\n<meta property=\"og:title\" content=\"Sofa Digital 10 anos: Pa\u00edses de l\u00edngua espanhola superam resultados do Brasil em crescimento recorde - News Filmelier\" \/>\n<meta property=\"og:description\" content=\"A Sofa Digital \u00e9 respons\u00e1vel pelo Filmelier, Adrenalina Freezone, Synapse e mais. Conhe\u00e7a os produtos e filmes que chegaram ao top 10 Netflix\" \/>\n<meta property=\"og:url\" content=\"https:\/\/news.filmelier.com\/br\/sofa-digital-10-anos-crescimento-2023\/\" \/>\n<meta property=\"og:site_name\" content=\"News Filmelier\" \/>\n<meta property=\"article:published_time\" content=\"2023-08-09T14:29:40+00:00\" \/>\n<meta property=\"article:modified_time\" content=\"2025-06-09T02:49:03+00:00\" \/>\n<meta property=\"og:image\" content=\"https:\/\/homolog.news.filmelier.com\/wp-content\/uploads\/2020\/08\/img-04-1.jpg\" \/>\n\t<meta property=\"og:image:width\" content=\"1620\" \/>\n\t<meta property=\"og:image:height\" content=\"1080\" \/>\n\t<meta property=\"og:image:type\" content=\"image\/jpeg\" \/>\n<meta name=\"author\" content=\"Reda\u00e7\u00e3o Filmelier\" \/>\n<meta name=\"twitter:card\" content=\"summary_large_image\" \/>\n<meta name=\"twitter:label1\" content=\"Escrito por\" \/>\n\t<meta name=\"twitter:data1\" content=\"Reda\u00e7\u00e3o Filmelier\" \/>\n\t<meta name=\"twitter:label2\" content=\"Est. tempo de leitura\" \/>\n\t<meta name=\"twitter:data2\" content=\"8 minutos\" \/>\n<script type=\"application\/ld+json\" class=\"yoast-schema-graph\">{\"@context\":\"https:\/\/schema.org\",\"@graph\":[{\"@type\":\"Article\",\"@id\":\"https:\/\/news.filmelier.com\/br\/sofa-digital-10-anos-crescimento-2023\/#article\",\"isPartOf\":{\"@id\":\"https:\/\/news.filmelier.com\/br\/sofa-digital-10-anos-crescimento-2023\/\"},\"author\":{\"name\":\"Reda\u00e7\u00e3o Filmelier\",\"@id\":\"https:\/\/homolog.news.filmelier.com\/br\/#\/schema\/person\/a6491aa555ce96d9d1cc15f1742dbd7b\"},\"headline\":\"Sofa Digital 10 anos: Pa\u00edses de l\u00edngua espanhola superam resultados do Brasil em crescimento recorde\",\"datePublished\":\"2023-08-09T14:29:40+00:00\",\"dateModified\":\"2025-06-09T02:49:03+00:00\",\"mainEntityOfPage\":{\"@id\":\"https:\/\/news.filmelier.com\/br\/sofa-digital-10-anos-crescimento-2023\/\"},\"wordCount\":1249,\"publisher\":{\"@id\":\"https:\/\/homolog.news.filmelier.com\/br\/#organization\"},\"image\":{\"@id\":\"https:\/\/news.filmelier.com\/br\/sofa-digital-10-anos-crescimento-2023\/#primaryimage\"},\"thumbnailUrl\":\"https:\/\/news.filmelier.com\/wp-content\/uploads\/2020\/08\/img-04-1.jpg\",\"articleSection\":[\"Filmes\"],\"inLanguage\":\"pt-BR\"},{\"@type\":\"WebPage\",\"@id\":\"https:\/\/news.filmelier.com\/br\/sofa-digital-10-anos-crescimento-2023\/\",\"url\":\"https:\/\/news.filmelier.com\/br\/sofa-digital-10-anos-crescimento-2023\/\",\"name\":\"Sofa Digital 10 anos: Pa\u00edses de l\u00edngua espanhola superam resultados do Brasil em crescimento recorde - News Filmelier\",\"isPartOf\":{\"@id\":\"https:\/\/homolog.news.filmelier.com\/br\/#website\"},\"primaryImageOfPage\":{\"@id\":\"https:\/\/news.filmelier.com\/br\/sofa-digital-10-anos-crescimento-2023\/#primaryimage\"},\"image\":{\"@id\":\"https:\/\/news.filmelier.com\/br\/sofa-digital-10-anos-crescimento-2023\/#primaryimage\"},\"thumbnailUrl\":\"https:\/\/news.filmelier.com\/wp-content\/uploads\/2020\/08\/img-04-1.jpg\",\"datePublished\":\"2023-08-09T14:29:40+00:00\",\"dateModified\":\"2025-06-09T02:49:03+00:00\",\"description\":\"A Sofa Digital \u00e9 respons\u00e1vel pelo Filmelier, Adrenalina Freezone, Synapse e mais. Conhe\u00e7a os produtos e filmes que chegaram ao top 10 Netflix\",\"breadcrumb\":{\"@id\":\"https:\/\/news.filmelier.com\/br\/sofa-digital-10-anos-crescimento-2023\/#breadcrumb\"},\"inLanguage\":\"pt-BR\",\"potentialAction\":[{\"@type\":\"ReadAction\",\"target\":[\"https:\/\/news.filmelier.com\/br\/sofa-digital-10-anos-crescimento-2023\/\"]}]},{\"@type\":\"ImageObject\",\"inLanguage\":\"pt-BR\",\"@id\":\"https:\/\/news.filmelier.com\/br\/sofa-digital-10-anos-crescimento-2023\/#primaryimage\",\"url\":\"https:\/\/news.filmelier.com\/wp-content\/uploads\/2020\/08\/img-04-1.jpg\",\"contentUrl\":\"https:\/\/news.filmelier.com\/wp-content\/uploads\/2020\/08\/img-04-1.jpg\",\"width\":1620,\"height\":1080,\"caption\":\"(Cr\u00e9ditos: Filmelier)\"},{\"@type\":\"BreadcrumbList\",\"@id\":\"https:\/\/news.filmelier.com\/br\/sofa-digital-10-anos-crescimento-2023\/#breadcrumb\",\"itemListElement\":[{\"@type\":\"ListItem\",\"position\":1,\"name\":\"In\u00edcio\",\"item\":\"https:\/\/homolog.news.filmelier.com\/br\/\"},{\"@type\":\"ListItem\",\"position\":2,\"name\":\"Sofa Digital 10 anos: Pa\u00edses de l\u00edngua espanhola superam resultados do Brasil em crescimento recorde\"}]},{\"@type\":\"WebSite\",\"@id\":\"https:\/\/homolog.news.filmelier.com\/br\/#website\",\"url\":\"https:\/\/homolog.news.filmelier.com\/br\/\",\"name\":\"Homolog Filmelier News Rankrup\",\"description\":\"\",\"publisher\":{\"@id\":\"https:\/\/homolog.news.filmelier.com\/br\/#organization\"},\"potentialAction\":[{\"@type\":\"SearchAction\",\"target\":{\"@type\":\"EntryPoint\",\"urlTemplate\":\"https:\/\/homolog.news.filmelier.com\/br\/?s={search_term_string}\"},\"query-input\":{\"@type\":\"PropertyValueSpecification\",\"valueRequired\":true,\"valueName\":\"search_term_string\"}}],\"inLanguage\":\"pt-BR\"},{\"@type\":\"Organization\",\"@id\":\"https:\/\/homolog.news.filmelier.com\/br\/#organization\",\"name\":\"Homolog Filmelier News Rankrup\",\"url\":\"https:\/\/homolog.news.filmelier.com\/br\/\",\"logo\":{\"@type\":\"ImageObject\",\"inLanguage\":\"pt-BR\",\"@id\":\"https:\/\/homolog.news.filmelier.com\/br\/#\/schema\/logo\/image\/\",\"url\":\"https:\/\/news.filmelier.com\/wp-content\/uploads\/2024\/11\/Logo-News.png\",\"contentUrl\":\"https:\/\/news.filmelier.com\/wp-content\/uploads\/2024\/11\/Logo-News.png\",\"width\":460,\"height\":108,\"caption\":\"Homolog Filmelier News Rankrup\"},\"image\":{\"@id\":\"https:\/\/homolog.news.filmelier.com\/br\/#\/schema\/logo\/image\/\"}},{\"@type\":\"Person\",\"@id\":\"https:\/\/homolog.news.filmelier.com\/br\/#\/schema\/person\/a6491aa555ce96d9d1cc15f1742dbd7b\",\"name\":\"Reda\u00e7\u00e3o Filmelier\",\"image\":{\"@type\":\"ImageObject\",\"inLanguage\":\"pt-BR\",\"@id\":\"https:\/\/homolog.news.filmelier.com\/br\/#\/schema\/person\/image\/\",\"url\":\"https:\/\/secure.gravatar.com\/avatar\/8bf80419447553f32d821a953683c4666faca8d781f143825a02644ae3f7e2d0?s=96&d=mm&r=g\",\"contentUrl\":\"https:\/\/secure.gravatar.com\/avatar\/8bf80419447553f32d821a953683c4666faca8d781f143825a02644ae3f7e2d0?s=96&d=mm&r=g\",\"caption\":\"Reda\u00e7\u00e3o Filmelier\"},\"description\":\"Somos um time de jornalistas e cr\u00edticos que respira cinema a 24 quadros por segundo. Das estreias do circuito aos cl\u00e1ssicos restaurados, da curadoria em streamings \u00e0s entrevistas nos bastidores, nossa reda\u00e7\u00e3o transforma filmes em conte\u00fado inteligente \u2014 com an\u00e1lises afiadas, guias pr\u00e1ticos e hist\u00f3rias que fazem voc\u00ea ver a s\u00e9tima arte com outros olhos. Aqui no Filmelier, cinema n\u00e3o \u00e9 s\u00f3 lazer: \u00e9 of\u00edcio, \u00e9 expertise, \u00e9 paix\u00e3o em forma de texto.\",\"url\":\"https:\/\/news.filmelier.com\/br\/author\/contato-filmelier\/\"}]}<\/script>\n<!-- \/ Yoast SEO plugin. -->","yoast_head_json":{"title":"Sofa Digital 10 anos: Pa\u00edses de l\u00edngua espanhola superam resultados do Brasil em crescimento recorde - News Filmelier","description":"A Sofa Digital \u00e9 respons\u00e1vel pelo Filmelier, Adrenalina Freezone, Synapse e mais. Conhe\u00e7a os produtos e filmes que chegaram ao top 10 Netflix","robots":{"index":"index","follow":"follow","max-snippet":"max-snippet:-1","max-image-preview":"max-image-preview:large","max-video-preview":"max-video-preview:-1"},"canonical":"https:\/\/news.filmelier.com\/br\/sofa-digital-10-anos-crescimento-2023\/","og_locale":"pt_BR","og_type":"article","og_title":"Sofa Digital 10 anos: Pa\u00edses de l\u00edngua espanhola superam resultados do Brasil em crescimento recorde - News Filmelier","og_description":"A Sofa Digital \u00e9 respons\u00e1vel pelo Filmelier, Adrenalina Freezone, Synapse e mais. Conhe\u00e7a os produtos e filmes que chegaram ao top 10 Netflix","og_url":"https:\/\/news.filmelier.com\/br\/sofa-digital-10-anos-crescimento-2023\/","og_site_name":"News Filmelier","article_published_time":"2023-08-09T14:29:40+00:00","article_modified_time":"2025-06-09T02:49:03+00:00","og_image":[{"width":1620,"height":1080,"url":"https:\/\/homolog.news.filmelier.com\/wp-content\/uploads\/2020\/08\/img-04-1.jpg","type":"image\/jpeg"}],"author":"Reda\u00e7\u00e3o Filmelier","twitter_card":"summary_large_image","twitter_misc":{"Escrito por":"Reda\u00e7\u00e3o Filmelier","Est. tempo de leitura":"8 minutos"},"schema":{"@context":"https:\/\/schema.org","@graph":[{"@type":"Article","@id":"https:\/\/news.filmelier.com\/br\/sofa-digital-10-anos-crescimento-2023\/#article","isPartOf":{"@id":"https:\/\/news.filmelier.com\/br\/sofa-digital-10-anos-crescimento-2023\/"},"author":{"name":"Reda\u00e7\u00e3o Filmelier","@id":"https:\/\/homolog.news.filmelier.com\/br\/#\/schema\/person\/a6491aa555ce96d9d1cc15f1742dbd7b"},"headline":"Sofa Digital 10 anos: Pa\u00edses de l\u00edngua espanhola superam resultados do Brasil em crescimento recorde","datePublished":"2023-08-09T14:29:40+00:00","dateModified":"2025-06-09T02:49:03+00:00","mainEntityOfPage":{"@id":"https:\/\/news.filmelier.com\/br\/sofa-digital-10-anos-crescimento-2023\/"},"wordCount":1249,"publisher":{"@id":"https:\/\/homolog.news.filmelier.com\/br\/#organization"},"image":{"@id":"https:\/\/news.filmelier.com\/br\/sofa-digital-10-anos-crescimento-2023\/#primaryimage"},"thumbnailUrl":"https:\/\/news.filmelier.com\/wp-content\/uploads\/2020\/08\/img-04-1.jpg","articleSection":["Filmes"],"inLanguage":"pt-BR"},{"@type":"WebPage","@id":"https:\/\/news.filmelier.com\/br\/sofa-digital-10-anos-crescimento-2023\/","url":"https:\/\/news.filmelier.com\/br\/sofa-digital-10-anos-crescimento-2023\/","name":"Sofa Digital 10 anos: Pa\u00edses de l\u00edngua espanhola superam resultados do Brasil em crescimento recorde - News Filmelier","isPartOf":{"@id":"https:\/\/homolog.news.filmelier.com\/br\/#website"},"primaryImageOfPage":{"@id":"https:\/\/news.filmelier.com\/br\/sofa-digital-10-anos-crescimento-2023\/#primaryimage"},"image":{"@id":"https:\/\/news.filmelier.com\/br\/sofa-digital-10-anos-crescimento-2023\/#primaryimage"},"thumbnailUrl":"https:\/\/news.filmelier.com\/wp-content\/uploads\/2020\/08\/img-04-1.jpg","datePublished":"2023-08-09T14:29:40+00:00","dateModified":"2025-06-09T02:49:03+00:00","description":"A Sofa Digital \u00e9 respons\u00e1vel pelo Filmelier, Adrenalina Freezone, Synapse e mais. Conhe\u00e7a os produtos e filmes que chegaram ao top 10 Netflix","breadcrumb":{"@id":"https:\/\/news.filmelier.com\/br\/sofa-digital-10-anos-crescimento-2023\/#breadcrumb"},"inLanguage":"pt-BR","potentialAction":[{"@type":"ReadAction","target":["https:\/\/news.filmelier.com\/br\/sofa-digital-10-anos-crescimento-2023\/"]}]},{"@type":"ImageObject","inLanguage":"pt-BR","@id":"https:\/\/news.filmelier.com\/br\/sofa-digital-10-anos-crescimento-2023\/#primaryimage","url":"https:\/\/news.filmelier.com\/wp-content\/uploads\/2020\/08\/img-04-1.jpg","contentUrl":"https:\/\/news.filmelier.com\/wp-content\/uploads\/2020\/08\/img-04-1.jpg","width":1620,"height":1080,"caption":"(Cr\u00e9ditos: Filmelier)"},{"@type":"BreadcrumbList","@id":"https:\/\/news.filmelier.com\/br\/sofa-digital-10-anos-crescimento-2023\/#breadcrumb","itemListElement":[{"@type":"ListItem","position":1,"name":"In\u00edcio","item":"https:\/\/homolog.news.filmelier.com\/br\/"},{"@type":"ListItem","position":2,"name":"Sofa Digital 10 anos: Pa\u00edses de l\u00edngua espanhola superam resultados do Brasil em crescimento recorde"}]},{"@type":"WebSite","@id":"https:\/\/homolog.news.filmelier.com\/br\/#website","url":"https:\/\/homolog.news.filmelier.com\/br\/","name":"Homolog Filmelier News Rankrup","description":"","publisher":{"@id":"https:\/\/homolog.news.filmelier.com\/br\/#organization"},"potentialAction":[{"@type":"SearchAction","target":{"@type":"EntryPoint","urlTemplate":"https:\/\/homolog.news.filmelier.com\/br\/?s={search_term_string}"},"query-input":{"@type":"PropertyValueSpecification","valueRequired":true,"valueName":"search_term_string"}}],"inLanguage":"pt-BR"},{"@type":"Organization","@id":"https:\/\/homolog.news.filmelier.com\/br\/#organization","name":"Homolog Filmelier News Rankrup","url":"https:\/\/homolog.news.filmelier.com\/br\/","logo":{"@type":"ImageObject","inLanguage":"pt-BR","@id":"https:\/\/homolog.news.filmelier.com\/br\/#\/schema\/logo\/image\/","url":"https:\/\/news.filmelier.com\/wp-content\/uploads\/2024\/11\/Logo-News.png","contentUrl":"https:\/\/news.filmelier.com\/wp-content\/uploads\/2024\/11\/Logo-News.png","width":460,"height":108,"caption":"Homolog Filmelier News Rankrup"},"image":{"@id":"https:\/\/homolog.news.filmelier.com\/br\/#\/schema\/logo\/image\/"}},{"@type":"Person","@id":"https:\/\/homolog.news.filmelier.com\/br\/#\/schema\/person\/a6491aa555ce96d9d1cc15f1742dbd7b","name":"Reda\u00e7\u00e3o Filmelier","image":{"@type":"ImageObject","inLanguage":"pt-BR","@id":"https:\/\/homolog.news.filmelier.com\/br\/#\/schema\/person\/image\/","url":"https:\/\/secure.gravatar.com\/avatar\/8bf80419447553f32d821a953683c4666faca8d781f143825a02644ae3f7e2d0?s=96&d=mm&r=g","contentUrl":"https:\/\/secure.gravatar.com\/avatar\/8bf80419447553f32d821a953683c4666faca8d781f143825a02644ae3f7e2d0?s=96&d=mm&r=g","caption":"Reda\u00e7\u00e3o Filmelier"},"description":"Somos um time de jornalistas e cr\u00edticos que respira cinema a 24 quadros por segundo. Das estreias do circuito aos cl\u00e1ssicos restaurados, da curadoria em streamings \u00e0s entrevistas nos bastidores, nossa reda\u00e7\u00e3o transforma filmes em conte\u00fado inteligente \u2014 com an\u00e1lises afiadas, guias pr\u00e1ticos e hist\u00f3rias que fazem voc\u00ea ver a s\u00e9tima arte com outros olhos. Aqui no Filmelier, cinema n\u00e3o \u00e9 s\u00f3 lazer: \u00e9 of\u00edcio, \u00e9 expertise, \u00e9 paix\u00e3o em forma de texto.","url":"https:\/\/news.filmelier.com\/br\/author\/contato-filmelier\/"}]}},"_links":{"self":[{"href":"https:\/\/news.filmelier.com\/br\/wp-json\/wp\/v2\/posts\/50267","targetHints":{"allow":["GET"]}}],"collection":[{"href":"https:\/\/news.filmelier.com\/br\/wp-json\/wp\/v2\/posts"}],"about":[{"href":"https:\/\/news.filmelier.com\/br\/wp-json\/wp\/v2\/types\/post"}],"author":[{"embeddable":true,"href":"https:\/\/news.filmelier.com\/br\/wp-json\/wp\/v2\/users\/14"}],"replies":[{"embeddable":true,"href":"https:\/\/news.filmelier.com\/br\/wp-json\/wp\/v2\/comments?post=50267"}],"version-history":[{"count":1,"href":"https:\/\/news.filmelier.com\/br\/wp-json\/wp\/v2\/posts\/50267\/revisions"}],"predecessor-version":[{"id":52186,"href":"https:\/\/news.filmelier.com\/br\/wp-json\/wp\/v2\/posts\/50267\/revisions\/52186"}],"wp:featuredmedia":[{"embeddable":true,"href":"https:\/\/news.filmelier.com\/br\/wp-json\/wp\/v2\/media\/49619"}],"wp:attachment":[{"href":"https:\/\/news.filmelier.com\/br\/wp-json\/wp\/v2\/media?parent=50267"}],"wp:term":[{"taxonomy":"category","embeddable":true,"href":"https:\/\/news.filmelier.com\/br\/wp-json\/wp\/v2\/categories?post=50267"},{"taxonomy":"post_tag","embeddable":true,"href":"https:\/\/news.filmelier.com\/br\/wp-json\/wp\/v2\/tags?post=50267"}],"curies":[{"name":"wp","href":"https:\/\/api.w.org\/{rel}","templated":true}]}}