{"id":49859,"date":"2024-04-18T20:34:47","date_gmt":"2024-04-18T23:34:47","guid":{"rendered":"https:\/\/news.filmelier.com\/saga-crepusculo-por-onde-anda-elenco\/"},"modified":"2025-08-19T11:04:18","modified_gmt":"2025-08-19T14:04:18","slug":"saga-crepusculo-por-onde-anda-elenco","status":"publish","type":"post","link":"https:\/\/news.filmelier.com\/br\/saga-crepusculo-por-onde-anda-elenco\/","title":{"rendered":"&#8216;Crep\u00fasculo&#8217;: Por onde anda o elenco da saga?"},"content":{"rendered":"\r\n<p>A <a href=\"https:\/\/www.filmelier.com\/br\/list\/todos-os-filmes-de-crepusculo-para-assistir-online\" data-type=\"URL\" data-id=\"https:\/\/www.filmelier.com\/br\/list\/todos-os-filmes-de-crepusculo-para-assistir-online\">saga <em>Crep\u00fasculo<\/em><\/a> conquistou milh\u00f5es de f\u00e3s ao redor do mundo com sua mistura envolvente de romance e fantasia. Desde o lan\u00e7amento do primeiro filme em 2008, a franquia tem sido um marco na cultura pop, influenciando uma gera\u00e7\u00e3o inteira com sua mescla de romance adolescente e elementos sobrenaturais.<\/p>\r\n\r\n<figure class=\"wp-block-embed is-type-video is-provider-youtube wp-block-embed-youtube wp-embed-aspect-16-9 wp-has-aspect-ratio\">\r\n<div class=\"wp-block-embed__wrapper\">\r\n<p><iframe title=\"Trailer A Saga Crep\u00fasculo: Amanhecer - Parte 2\" width=\"800\" height=\"450\" src=\"https:\/\/www.youtube.com\/embed\/3co54pUCRRE?feature=oembed\" frameborder=\"0\" allow=\"accelerometer; autoplay; clipboard-write; encrypted-media; gyroscope; picture-in-picture; web-share\" referrerpolicy=\"strict-origin-when-cross-origin\" allowfullscreen><\/iframe><\/p>\r\n<\/div>\r\n<figcaption><em>Trailer de A Saga Crep\u00fasculo: Amanhecer &#8211; Parte 2<\/em><\/figcaption>\r\n<\/figure>\r\n\r\n\r\n&#13;\n<ul class=\"wp-block-list\">&#13;\n<li><a href=\"https:\/\/www.filmelier.com\/br\/list\/todos-os-filmes-de-crepusculo-para-assistir-online\" data-type=\"URL\" data-id=\"https:\/\/www.filmelier.com\/br\/list\/todos-os-filmes-de-crepusculo-para-assistir-online\"><strong>Confira a ordem dos filmes de <em>Crep\u00fasculo<\/em> e onde assistir online<\/strong><\/a><\/li>&#13;\n<\/ul>&#13;\n\r\n\r\n&#13;\n<p><em>Crep\u00fasculo<\/em> n\u00e3o s\u00f3 dominou as bilheterias mundiais, mas tamb\u00e9m lan\u00e7ou seus atores \u00e0 fama internacional. Mais de uma d\u00e9cada ap\u00f3s o lan\u00e7amento do \u00faltimo filme, muitos f\u00e3s ainda acompanham as carreiras dos atores que trouxeram os amados personagens de Forks para a vida. Por onde andam os atores que deram vida aos memor\u00e1veis personagens da s\u00e9rie? Vamos descobrir o que aconteceu com as estrelas como Kristen Stewart, Robert Pattinson, e Taylor Lautner, entre outros.<\/p>&#13;\n\r\n\r\n&#13;\n<h2 class=\"wp-block-heading\">Por onde anda o trio principal de <em>Twilight<\/em>?<\/h2>&#13;\n\r\n\r\n&#13;\n<h3 class=\"wp-block-heading\">Kristen Stewart: de Bella Swan em <em>Crep\u00fasculo<\/em> a <em>Love Lies Bleeding<\/em><\/h3>&#13;\n\r\n\r\n&#13;\n<figure class=\"wp-block-image size-full\">\u00a0\u00a0\u00a0&#13;\n<figure id=\"attachment_42958\" aria-describedby=\"caption-attachment-42958\" style=\"width: 800px\" class=\"wp-caption alignnone\"><img fetchpriority=\"high\" decoding=\"async\" class=\"wp-image-42958 size-full\" src=\"https:\/\/news.filmelier.com\/wp-content\/uploads\/2024\/04\/crepusculo-por-onde-anda-kristen-stewart.jpg\" alt=\"Kristen Stewart por onde anda a atriz: de Bella Swan em Crep&#xFA;sculo a Love Lies Bleeding\" width=\"800\" height=\"533\" srcset=\"https:\/\/news.filmelier.com\/wp-content\/uploads\/2024\/04\/crepusculo-por-onde-anda-kristen-stewart.jpg 800w, https:\/\/news.filmelier.com\/wp-content\/uploads\/2024\/04\/crepusculo-por-onde-anda-kristen-stewart-300x200.jpg 300w, https:\/\/news.filmelier.com\/wp-content\/uploads\/2024\/04\/crepusculo-por-onde-anda-kristen-stewart-768x512.jpg 768w, https:\/\/news.filmelier.com\/wp-content\/uploads\/2024\/04\/crepusculo-por-onde-anda-kristen-stewart-150x100.jpg 150w\" sizes=\"(max-width: 800px) 100vw, 800px\" \/><figcaption id=\"caption-attachment-42958\" class=\"wp-caption-text\"><em>A Bella Swan, Kristen Stewart: de Crep\u00fasculo a Love Lies Bleeding (Cr\u00e9dito: Peter Sorel\/Summit; Gp Images\/Getty; cortesia da People)<\/em><\/figcaption><\/figure>&#13;\n\u00a0\u00a0 \u00a0\u00a0<\/figure>&#13;\n\r\n\r\n&#13;\n<p><a href=\"https:\/\/www.filmelier.com\/br\/noticias\/kristen-stewart-perfil-love-lies-bleeding\" data-type=\"post\" data-id=\"41174\">Kristen Stewart<\/a>, que estrelou a saga <em>Crep\u00fasculo <\/em>como Bella Swan, se transformou em uma das atrizes mais vers\u00e1teis de Hollywood. Com pap\u00e9is desafiadores em filmes como <em>Acima das Nuves<\/em>, que lhe rendeu o pr\u00eamio C\u00e9sar (&#8220;Oscar franc\u00eas&#8221;); <em><a href=\"https:\/\/www.filmelier.com\/br\/filmes\/16251\/spencer\" data-type=\"URL\" data-id=\"https:\/\/www.filmelier.com\/br\/filmes\/16251\/spencer\">Spencer<\/a><\/em>, onde interpretou a Princesa Diana, e <em><a href=\"https:\/\/www.filmelier.com\/br\/filmes\/10950\/seberg\" data-type=\"URL\" data-id=\"https:\/\/www.filmelier.com\/br\/filmes\/10950\/seberg\">Seberg<\/a><\/em>, focado na vida da atriz Jean Seberg\u200b, Stewart continua a impressionar cr\u00edtica e p\u00fablico com sua capacidade de mergulhar profundamente em personagens complexos. A atriz permanece uma figura marcante no cinema independente. Um dos seus trabalhos mais recente e celebrados \u00e9 <em><a href=\"https:\/\/www.filmelier.com\/br\/filmes\/24818\/love-lies-bleeding-o-amor-sangra\" data-type=\"URL\" data-id=\"https:\/\/www.filmelier.com\/br\/filmes\/24818\/love-lies-bleeding-o-amor-sangra\">Love Lies Bleeding &#8211; O Amor Sangra<\/a><\/em>, ao lado de <a href=\"https:\/\/www.filmelier.com\/br\/noticias\/katy-obrian-perfil-love-lies-bleeding\" data-type=\"post\" data-id=\"41217\">Katy O\u2019Brien<\/a>.\u00a0<\/p>&#13;\n<p>Recentemente, a atriz esteve no filme <em>Love me<\/em>, ao lado de Steven Yeun, que ainda n\u00e3o tem data de estreia no Brasil. Al\u00e9m do trabalho como atriz, Stewart estreou como diretora em <a href=\"https:\/\/news.filmelier.com\/category\/filmes\/cannes\/\">Cannes 2025<\/a> com o seu filme <a href=\"https:\/\/www.filmelier.com\/br\/filmes\/112233\/the-chronology-of-water\"><em>The Chronology of Water<\/em><\/a>.\u00a0<\/p>&#13;\n<ul>&#13;\n<li><strong>Voc\u00ea pode se interessar por: <a href=\"https:\/\/news.filmelier.com\/kristen-stewart-perfil-filmes-carreira\/\"><span class=\"selectable-text copyable-text false\">Kristen Stewart: o caminho de \u2018Crep\u00fasculo\u2019 para Cannes 2025<\/span><\/a><\/strong><\/li>&#13;\n<\/ul>&#13;\n\r\n\r\n&#13;\n<ul class=\"wp-block-list\">&#13;\n<li><strong>Saiba mais: <a href=\"https:\/\/www.filmelier.com\/br\/noticias\/critica-love-lies-bleeding\" data-type=\"post\" data-id=\"41325\">Cr\u00edtica de <em>Love Lies Bleeding &#8211; O Amor Sangra<\/em>: Romance t\u00f3xico<\/a><\/strong><\/li>&#13;\n<\/ul>&#13;\n\r\n\r\n\r\n\r\n&#13;\n<h3 class=\"wp-block-heading\">Robert Pattinson: De vampiro a morcego do universo DC<\/h3>&#13;\n\r\n\r\n&#13;\n<figure id=\"attachment_42955\" aria-describedby=\"caption-attachment-42955\" style=\"width: 800px\" class=\"wp-caption alignnone\"><img decoding=\"async\" class=\"wp-image-42955 size-full\" src=\"https:\/\/news.filmelier.com\/wp-content\/uploads\/2024\/04\/crepusculo-por-onde-anda-robert-pattinson.jpg\" alt=\"Robert Pattinson por onde anda: Robert Pattinson foi de vampiro em Crep&#xFA;culo a morcego em Batman e Mickey 17 de Bong Joon-ho\" width=\"800\" height=\"533\" srcset=\"https:\/\/news.filmelier.com\/wp-content\/uploads\/2024\/04\/crepusculo-por-onde-anda-robert-pattinson.jpg 800w, https:\/\/news.filmelier.com\/wp-content\/uploads\/2024\/04\/crepusculo-por-onde-anda-robert-pattinson-300x200.jpg 300w, https:\/\/news.filmelier.com\/wp-content\/uploads\/2024\/04\/crepusculo-por-onde-anda-robert-pattinson-768x512.jpg 768w, https:\/\/news.filmelier.com\/wp-content\/uploads\/2024\/04\/crepusculo-por-onde-anda-robert-pattinson-150x100.jpg 150w\" sizes=\"(max-width: 800px) 100vw, 800px\" \/><figcaption id=\"caption-attachment-42955\" class=\"wp-caption-text\"><em>Pattinson foi de vampiro a morcego (Cr\u00e9dito: Deana Newcomb\/Summit; George Pimentel\/Wireimage; People)<\/em><\/figcaption><\/figure>&#13;\n<p>Robert Pattinson, conhecido mundialmente como o vampiro Edward Cullen e como Cedrico Diggory na <a href=\"https:\/\/www.filmelier.com\/br\/list\/todos-os-filmes-de-harry-potter-para-assistir-online\" data-type=\"URL\" data-id=\"https:\/\/www.filmelier.com\/br\/list\/todos-os-filmes-de-harry-potter-para-assistir-online\">saga <em>Harry Potter<\/em><\/a>, tamb\u00e9m n\u00e3o ficou preso ao passado. O ator brit\u00e2nico ganhou destaque com performances em <em><a href=\"https:\/\/www.filmelier.com\/br\/filmes\/11473\/tenet\" data-type=\"URL\" data-id=\"https:\/\/www.filmelier.com\/br\/filmes\/11473\/tenet\">Tenet<\/a><\/em> e <em><a href=\"https:\/\/www.filmelier.com\/br\/filmes\/8316\/o-farol\" data-type=\"URL\" data-id=\"https:\/\/www.filmelier.com\/br\/filmes\/8316\/o-farol\">O Farol<\/a><\/em>, e recentemente assumiu o manto de Bruce Wayne no filme <em>The Batman<\/em>, do <a href=\"https:\/\/www.filmelier.com\/br\/list\/guia-do-universo-estendido-dc\" data-type=\"URL\" data-id=\"https:\/\/www.filmelier.com\/br\/list\/guia-do-universo-estendido-dc\">universo DC<\/a>. Ele segue provando sua habilidade em adaptar-se a diversos g\u00eaneros cinematogr\u00e1ficos e de transcender seu papel inicial como o vampiro gal\u00e3 (e como <a href=\"https:\/\/www.filmelier.com\/br\/noticias\/casais-do-cinema\" data-type=\"post\" data-id=\"41133\">um dos ex-casais mais balados do cinema, ao lado de Kristen<\/a>). Ele tamb\u00e9m emprestou a voz para a narra\u00e7\u00e3o do <a href=\"https:\/\/www.filmelier.com\/br\/noticias\/critica-o-menino-e-a-garca-miyazaki\" data-type=\"post\" data-id=\"40866\">filme do Studio Ghibli vencedor do Oscar <em>O Menino e a Gar\u00e7a<\/em><\/a>. Atualmente, Robert Pattinson \u00e9 protagonista do novo filme do diretor de Parasita, <span class=\"prettify\">Bong Joon Ho. Saiba onde assistir<em> <a href=\"https:\/\/www.filmelier.com\/br\/filmes\/25502\/mickey-17\">Mickey 17<\/a><\/em>! Pattinson tamb\u00e9m marca sua presen\u00e7a no filme indicado a <a href=\"https:\/\/news.filmelier.com\/category\/filmes\/cannes\/\">Cannes 2025<\/a>, <em><a href=\"https:\/\/www.filmelier.com\/br\/filmes\/112393\/morram-meu-amor\">Die, my Love<\/a><\/em>, ao lado de Jennifer Lawrence.\u00a0<\/span><\/p>&#13;\n\r\n\r\n\r\n\r\n&#13;\n<h3 class=\"wp-block-heading\">Taylor Lautner, o sumido Jacob Black<\/h3>&#13;\n\r\n\r\n&#13;\n<figure id=\"attachment_42954\" aria-describedby=\"caption-attachment-42954\" style=\"width: 800px\" class=\"wp-caption alignnone\"><img decoding=\"async\" class=\"wp-image-42954 size-full\" src=\"https:\/\/news.filmelier.com\/wp-content\/uploads\/2024\/04\/crepusculo-por-onde-anda-taylor-lautner.jpg\" alt=\"Taylor Lautner, o Jacob Black, antes e depois da saga Crep&#xFA;sculo \" width=\"800\" height=\"533\" srcset=\"https:\/\/news.filmelier.com\/wp-content\/uploads\/2024\/04\/crepusculo-por-onde-anda-taylor-lautner.jpg 800w, https:\/\/news.filmelier.com\/wp-content\/uploads\/2024\/04\/crepusculo-por-onde-anda-taylor-lautner-300x200.jpg 300w, https:\/\/news.filmelier.com\/wp-content\/uploads\/2024\/04\/crepusculo-por-onde-anda-taylor-lautner-768x512.jpg 768w, https:\/\/news.filmelier.com\/wp-content\/uploads\/2024\/04\/crepusculo-por-onde-anda-taylor-lautner-150x100.jpg 150w\" sizes=\"(max-width: 800px) 100vw, 800px\" \/><figcaption id=\"caption-attachment-42954\" class=\"wp-caption-text\"><em>Taylor Lautner, o Jacob Black, antes e depois da saga Crep\u00fasculo (Cr\u00e9dito: Deana Newcomb; Tara Ziemba\/Getty; Cortesia da People)<\/em><\/figcaption><\/figure>&#13;\n<p>O int\u00e9rprete de Jacob Black, Taylor Lautner, teve uma trajet\u00f3ria p\u00f3s-<em>Crep\u00fasculo<\/em> mais discreta comparada aos seus colegas. Embora tenha se afastado um pouco dos holofotes, o ator ainda participa de projetos selecionados no cinema e na televis\u00e3o, como na s\u00e9rie <em>Scream Queens<\/em> e nos filmes <em>Os Irm\u00e3os<\/em> e <em>Time do Cora\u00e7\u00e3o<\/em>. Recentemente, ele apareceu em um clipe de Taylor Swift, sua ex-namorada, ao lado de Joey King. O ator tamb\u00e9m mant\u00e9m um podcast sobre sa\u00fade mental com sua esposa, que tamb\u00e9m se chama Taylor Lautner.<\/p>&#13;\n\r\n\r\n&#13;\n<ul class=\"wp-block-list\">&#13;\n<li><strong><a href=\"https:\/\/www.filmelier.com\/br\/noticias\/onde-assistir-taylor-swift-the-eras-tour\" data-type=\"post\" data-id=\"40416\"><em>Taylor Swift: The Eras Tour<\/em>: Onde assistir online ao filme do show<\/a><\/strong><\/li>&#13;\n<\/ul>&#13;\n\r\n\r\n&#13;\n<h2 class=\"wp-block-heading\">O que aconteceu com o restante da fam\u00edlia Cullen, de <em>Crep\u00fasculo<\/em>?<\/h2>&#13;\n<h3>Ashley Greene (Alice Cullen)<\/h3>&#13;\n<figure id=\"attachment_42964\" aria-describedby=\"caption-attachment-42964\" style=\"width: 800px\" class=\"wp-caption alignnone\"><img loading=\"lazy\" decoding=\"async\" class=\"wp-image-42964 size-full\" src=\"https:\/\/news.filmelier.com\/wp-content\/uploads\/2024\/04\/crepusculo-por-onde-anda-ashley-greene.jpg\" alt=\"O que Ashley Greene fez depois de interpretar Alice Cullen na saga Crep&#xFA;sculo\" width=\"800\" height=\"533\" srcset=\"https:\/\/news.filmelier.com\/wp-content\/uploads\/2024\/04\/crepusculo-por-onde-anda-ashley-greene.jpg 800w, https:\/\/news.filmelier.com\/wp-content\/uploads\/2024\/04\/crepusculo-por-onde-anda-ashley-greene-300x200.jpg 300w, https:\/\/news.filmelier.com\/wp-content\/uploads\/2024\/04\/crepusculo-por-onde-anda-ashley-greene-768x512.jpg 768w, https:\/\/news.filmelier.com\/wp-content\/uploads\/2024\/04\/crepusculo-por-onde-anda-ashley-greene-150x100.jpg 150w\" sizes=\"(max-width: 800px) 100vw, 800px\" \/><figcaption id=\"caption-attachment-42964\" class=\"wp-caption-text\"><em>Antes e depois da saga Crep\u00fasculo: Ashley Greene (Alice Cullen) (Cr\u00e9dito: Deana Newcomb\/Summit; Jason Laveris\/Filmmagic; People)<\/em><\/figcaption><\/figure>&#13;\n<figure class=\"wp-block-gallery aligncenter columns-2 is-cropped\">&#13;\n<figure><\/figure>&#13;\n<\/figure>&#13;\n\r\n\r\n\r\n\r\n&#13;\n<p>Ashley Greene, que interpretou a vidente Alice Cullen, seguiu carreira no cinema e na televis\u00e3o com diversos projetos. Greene destacou-se tanto em filmes inspirados em hist\u00f3rias reais como <em><a href=\"https:\/\/www.filmelier.com\/br\/filmes\/8242\/o-escandalo\" data-type=\"URL\" data-id=\"https:\/\/www.filmelier.com\/br\/filmes\/8242\/o-escandalo\">O Esc\u00e2ndalo<\/a><\/em> quanto em thrillers de a\u00e7\u00e3o como <em><a href=\"https:\/\/www.filmelier.com\/br\/filmes\/21081\/no-lugar-errado\" data-type=\"URL\" data-id=\"https:\/\/www.filmelier.com\/br\/filmes\/21081\/no-lugar-errado\">No Lugar Errado<\/a><\/em> \u2013 onde atuou ao lado de Bruce Willis \u2013 e a com\u00e9dia <em><a href=\"https:\/\/www.filmelier.com\/br\/filmes\/24027\/plano-de-aposentadoria\" data-type=\"URL\" data-id=\"https:\/\/www.filmelier.com\/br\/filmes\/24027\/plano-de-aposentadoria\">Plano de Aposentadoria<\/a><\/em>, com Nicolas Cage. Ao mesmo tempo, a atriz tamb\u00e9m dublou Barbara Gordon, a Batgirl, no videogame <em>Batman: Arkham Asylum<\/em>.<\/p>&#13;\n\r\n\r\n&#13;\n<h3 class=\"wp-block-heading\">Jackson Rathbone (Jasper Hale)<\/h3>&#13;\n\r\n\r\n&#13;\n<figure id=\"attachment_42960\" aria-describedby=\"caption-attachment-42960\" style=\"width: 788px\" class=\"wp-caption alignnone\"><img loading=\"lazy\" decoding=\"async\" class=\"wp-image-42960 size-full\" src=\"https:\/\/news.filmelier.com\/wp-content\/uploads\/2024\/04\/crepusculo-por-onde-anda-jackson-rathbone.jpg\" alt=\"Jackson Rathbone, o Jasper, antes e depois de Crep&#xFA;sculo\" width=\"788\" height=\"525\" srcset=\"https:\/\/news.filmelier.com\/wp-content\/uploads\/2024\/04\/crepusculo-por-onde-anda-jackson-rathbone.jpg 788w, https:\/\/news.filmelier.com\/wp-content\/uploads\/2024\/04\/crepusculo-por-onde-anda-jackson-rathbone-300x200.jpg 300w, https:\/\/news.filmelier.com\/wp-content\/uploads\/2024\/04\/crepusculo-por-onde-anda-jackson-rathbone-768x512.jpg 768w, https:\/\/news.filmelier.com\/wp-content\/uploads\/2024\/04\/crepusculo-por-onde-anda-jackson-rathbone-150x100.jpg 150w\" sizes=\"(max-width: 788px) 100vw, 788px\" \/><figcaption id=\"caption-attachment-42960\" class=\"wp-caption-text\"><em>Jackson Rathbone, o Jasper, atuou em s\u00e9ries de TV ap\u00f3s Crep\u00fasculo (Cr\u00e9dito: Summit; IMDb)<\/em><\/figcaption><\/figure>&#13;\n<p>Enquanto isso, Jackson Rathbone, o enigm\u00e1tico Jasper Hale, continua a trabalhar em cinema e m\u00fasica, mantendo uma carreira variada com pap\u00e9is em diversos projetos independentes. O ator esteve em filmes como a produ\u00e7\u00e3o religiosa de a\u00e7\u00e3o <em>Sans\u00e3o<\/em>, o romance fant\u00e1stico <em>Until We Meet Again<\/em>, o drama de a\u00e7\u00e3o <em><a href=\"https:\/\/www.filmelier.com\/br\/filmes\/24785\/missao-condor\" data-type=\"URL\" data-id=\"https:\/\/www.filmelier.com\/br\/filmes\/24785\/missao-condor\">Miss\u00e3o Condor<\/a><\/em>, a fic\u00e7\u00e3o cient\u00edfica <em>Black Noise<\/em> e o suspense <em>The Island<\/em>, e nas s\u00e9ries de TV <em>Guardi\u00f5es da Justi\u00e7a<\/em> e <em>The Last Ship<\/em>\u200b, al\u00e9m de continuar sua carreira musical como o ent\u00e3o vocalista da banda 100 Monkeys.<\/p>&#13;\n<h3>Kellan Lutz (Emmett Cullen)<\/h3>&#13;\n<figure id=\"attachment_42959\" aria-describedby=\"caption-attachment-42959\" style=\"width: 800px\" class=\"wp-caption alignnone\"><img loading=\"lazy\" decoding=\"async\" class=\"wp-image-42959 size-full\" src=\"https:\/\/news.filmelier.com\/wp-content\/uploads\/2024\/04\/crepusculo-por-onde-anda-kellan-lutz.jpg\" alt=\"Elenco de Crep&#xFA;sculo antes e depois: por onde anda Kellan Lutz, o Emmett Cullen\" width=\"800\" height=\"533\" srcset=\"https:\/\/news.filmelier.com\/wp-content\/uploads\/2024\/04\/crepusculo-por-onde-anda-kellan-lutz.jpg 800w, https:\/\/news.filmelier.com\/wp-content\/uploads\/2024\/04\/crepusculo-por-onde-anda-kellan-lutz-300x200.jpg 300w, https:\/\/news.filmelier.com\/wp-content\/uploads\/2024\/04\/crepusculo-por-onde-anda-kellan-lutz-768x512.jpg 768w, https:\/\/news.filmelier.com\/wp-content\/uploads\/2024\/04\/crepusculo-por-onde-anda-kellan-lutz-150x100.jpg 150w\" sizes=\"(max-width: 800px) 100vw, 800px\" \/><figcaption id=\"caption-attachment-42959\" class=\"wp-caption-text\"><em>Kellan Lutz aposta em filmes e s\u00e9ries de a\u00e7\u00e3o p\u00f3s Twilight (Cr\u00e9dito: Peter Sorel\/Summit; Michael Tran\/Filmmagic; People)<\/em><\/figcaption><\/figure>&#13;\n\r\n\r\n&#13;\n<p>J\u00e1 Kellan Lutz, o int\u00e9rprete de Emmett Cullen, continuou sua carreira em Hollywood com pap\u00e9is em filmes de a\u00e7\u00e3o e s\u00e9ries de TV, al\u00e9m de se envolver em v\u00e1rios projetos de fitness e moda\u200b. O ator participou de produ\u00e7\u00f5es como <em><a href=\"https:\/\/www.filmelier.com\/br\/filmes\/11839\/os-mercenarios-3\" data-type=\"URL\" data-id=\"https:\/\/www.filmelier.com\/br\/filmes\/11839\/os-mercenarios-3\">Os Mercen\u00e1rios 3<\/a><\/em>; <em><a href=\"https:\/\/www.filmelier.com\/br\/filmes\/22251\/velocidade-mortal\" data-type=\"URL\" data-id=\"https:\/\/www.filmelier.com\/br\/filmes\/22251\/velocidade-mortal\">Velocidade Mortal<\/a><\/em>, ao lado de John Travolta; do suspense policial <em>Dinheiro em Jogo<\/em>, e do filme de a\u00e7\u00e3o da Segunda Guerra Mundial <em><a href=\"https:\/\/www.filmelier.com\/br\/filmes\/24752\/juntos-em-combate\" data-type=\"URL\" data-id=\"https:\/\/www.filmelier.com\/br\/filmes\/24752\/juntos-em-combate\">Juntos em Combate<\/a><\/em>. Lutz tamb\u00e9m participa da franquia de s\u00e9ries <em>FBI, FBI: Most Wanted <\/em>e <em>FBI: International<\/em>, mantendo uma carreira ativa em filmes de a\u00e7\u00e3o e s\u00e9ries de TV\u200b.<\/p>&#13;\n\r\n\r\n&#13;\n<ul class=\"wp-block-list\">&#13;\n<li><strong>Leia tamb\u00e9m: <a href=\"https:\/\/www.filmelier.com\/br\/noticias\/willa-holland-criminosa-do-sul\" data-type=\"post\" data-id=\"41090\">O que aconteceu com Willa Holland, atriz de <em>Arrow<\/em>?<\/a><\/strong><\/li>&#13;\n<\/ul>&#13;\n\r\n\r\n&#13;\n<h3 class=\"wp-block-heading\">Nikki Reed (Rosalie Hale)<\/h3>&#13;\n\r\n\r\n&#13;\n<figure id=\"attachment_42957\" aria-describedby=\"caption-attachment-42957\" style=\"width: 800px\" class=\"wp-caption alignnone\"><img loading=\"lazy\" decoding=\"async\" class=\"wp-image-42957 size-full\" src=\"https:\/\/news.filmelier.com\/wp-content\/uploads\/2024\/04\/crepusculo-por-onde-anda-nikki-reed.jpg\" alt=\"Por onde anda Nikki Reed, a Rosalie da saga Crep&#xFA;sculo\" width=\"800\" height=\"533\" srcset=\"https:\/\/news.filmelier.com\/wp-content\/uploads\/2024\/04\/crepusculo-por-onde-anda-nikki-reed.jpg 800w, https:\/\/news.filmelier.com\/wp-content\/uploads\/2024\/04\/crepusculo-por-onde-anda-nikki-reed-300x200.jpg 300w, https:\/\/news.filmelier.com\/wp-content\/uploads\/2024\/04\/crepusculo-por-onde-anda-nikki-reed-768x512.jpg 768w, https:\/\/news.filmelier.com\/wp-content\/uploads\/2024\/04\/crepusculo-por-onde-anda-nikki-reed-150x100.jpg 150w\" sizes=\"(max-width: 800px) 100vw, 800px\" \/><figcaption id=\"caption-attachment-42957\" class=\"wp-caption-text\"><em>Nikki Reed trabalha ao lado do marido, Ian Somerhalder (Cr\u00e9dito: Peter Sorel\/Summit; Daniel Boczarski\/Wireimage; People)<\/em><\/figcaption><\/figure>&#13;\n<p>Por sua vez, Nikki Reed, int\u00e9rprete de Rosalie Hale em <em>Crep\u00fasculo<\/em>, tem focado em suas iniciativas de bem-estar e sustentabilidade, al\u00e9m de atuar em s\u00e9ries de TV e filmes. Recentemente, a atriz apareceu na s\u00e9rie <em>Apocalipse V<\/em>, ao lado de seu marido, Ian Somerhalder\u200b, astro de <em>The Vampire Diaries<\/em>.<\/p>&#13;\n<figure class=\"wp-block-gallery columns-2 is-cropped\">&#13;\n<figure><\/figure>&#13;\n<\/figure>&#13;\n\r\n\r\n&#13;\n<h3 class=\"wp-block-heading\">Peter Facinelli (Carlisle Cullen)<\/h3>&#13;\n\r\n\r\n&#13;\n<figure id=\"attachment_42956\" aria-describedby=\"caption-attachment-42956\" style=\"width: 1200px\" class=\"wp-caption alignnone\"><img loading=\"lazy\" decoding=\"async\" class=\"wp-image-42956 size-full\" src=\"https:\/\/news.filmelier.com\/wp-content\/uploads\/2024\/04\/crepusculo-por-onde-anda-peter-facinelli.jpg\" alt=\"Por onde anda Peter Facinelli, int&#xE9;rprete de Carlisle em Crep&#xFA;sculo?\" width=\"1200\" height=\"800\" srcset=\"https:\/\/news.filmelier.com\/wp-content\/uploads\/2024\/04\/crepusculo-por-onde-anda-peter-facinelli.jpg 1200w, https:\/\/news.filmelier.com\/wp-content\/uploads\/2024\/04\/crepusculo-por-onde-anda-peter-facinelli-300x200.jpg 300w, https:\/\/news.filmelier.com\/wp-content\/uploads\/2024\/04\/crepusculo-por-onde-anda-peter-facinelli-1024x683.jpg 1024w, https:\/\/news.filmelier.com\/wp-content\/uploads\/2024\/04\/crepusculo-por-onde-anda-peter-facinelli-768x512.jpg 768w, https:\/\/news.filmelier.com\/wp-content\/uploads\/2024\/04\/crepusculo-por-onde-anda-peter-facinelli-150x100.jpg 150w\" sizes=\"(max-width: 1200px) 100vw, 1200px\" \/><figcaption id=\"caption-attachment-42956\" class=\"wp-caption-text\"><em>Peter Facinelli \u00e9 rosto garantido em s\u00e9ries de TV (Cr\u00e9dito: Peter Sorel\/Summit; Tara Ziemba\/Getty; People)<\/em><\/figcaption><\/figure>&#13;\n<p>Ap\u00f3s <em>Crep\u00fasculo<\/em>, Peter Facinelli, o int\u00e9rprete do patriarca Carlisle Cullen, tem se mantido ocupado com pap\u00e9is em s\u00e9ries de TV como <em>Nurse Jackie<\/em>, <em>S.W.A.T.<\/em> e <em>Supergirl<\/em>, al\u00e9m de participar de filmes como <em><a href=\"https:\/\/www.filmelier.com\/br\/filmes\/9472\/a-hora-da-sua-morte\" data-type=\"URL\" data-id=\"https:\/\/www.filmelier.com\/br\/filmes\/9472\/a-hora-da-sua-morte\">A Hora da Sua Morte<\/a><\/em>, <em><a href=\"https:\/\/www.filmelier.com\/br\/filmes\/18311\/13-minutos-de-tormenta\" data-type=\"URL\" data-id=\"https:\/\/www.filmelier.com\/br\/filmes\/18311\/13-minutos-de-tormenta\">13 Minutos de Tormenta<\/a><\/em> e <em><a href=\"https:\/\/www.filmelier.com\/br\/filmes\/16738\/pegue-a-bala\" data-type=\"URL\" data-id=\"https:\/\/www.filmelier.com\/br\/filmes\/16738\/pegue-a-bala\">Pegue a Bala<\/a><\/em>.<\/p>&#13;\n\r\n\r\n&#13;\n<h3 class=\"wp-block-heading\">Elizabeth Reaser (Esme Cullen)<\/h3>&#13;\n\r\n\r\n&#13;\n<figure id=\"attachment_42962\" aria-describedby=\"caption-attachment-42962\" style=\"width: 800px\" class=\"wp-caption alignnone\"><img loading=\"lazy\" decoding=\"async\" class=\"wp-image-42962 size-full\" src=\"https:\/\/news.filmelier.com\/wp-content\/uploads\/2024\/04\/crepusculo-por-onde-anda-elizabeth-reaser.jpg\" alt=\"Elizabeth Reaser foi de Esme em Crep&#xFA;sculo &#xE0; s&#xE9;rie de sucesso da Netflix\" width=\"800\" height=\"533\" srcset=\"https:\/\/news.filmelier.com\/wp-content\/uploads\/2024\/04\/crepusculo-por-onde-anda-elizabeth-reaser.jpg 800w, https:\/\/news.filmelier.com\/wp-content\/uploads\/2024\/04\/crepusculo-por-onde-anda-elizabeth-reaser-300x200.jpg 300w, https:\/\/news.filmelier.com\/wp-content\/uploads\/2024\/04\/crepusculo-por-onde-anda-elizabeth-reaser-768x512.jpg 768w, https:\/\/news.filmelier.com\/wp-content\/uploads\/2024\/04\/crepusculo-por-onde-anda-elizabeth-reaser-150x100.jpg 150w\" sizes=\"(max-width: 800px) 100vw, 800px\" \/><figcaption id=\"caption-attachment-42962\" class=\"wp-caption-text\"><em>Elizabeth Reaser foi de Crep\u00fasculo \u00e0 s\u00e9rie de sucesso da Netflix (Cr\u00e9dito: Peter Sorel\/Summit; Rob Kim\/Getty; People)<\/em><\/figcaption><\/figure>&#13;\n<p>Int\u00e9rprete da matriarca Esme Cullen, Elizabeth Reaser teve um papel de destaque na s\u00e9rie de terror <em>A Maldi\u00e7\u00e3o da Resid\u00eancia Hill<\/em> (<em>The Haunting of Hill House<\/em>) na Netflix, consolidando sua posi\u00e7\u00e3o como uma atriz respeitada no g\u00eanero de terror e drama. Ela tamb\u00e9m atuou em produ\u00e7\u00f5es como <em>Ouija: Origem do Mal<\/em>, <em>Manhunt<\/em>, <em>Law &amp; Order True Crime<\/em>, <em>American Crime Story<\/em>, <em>Colheita Sombria<\/em> e <em>The Uninvited<\/em>.<\/p>&#13;\n\r\n\r\n&#13;\n<h2 class=\"wp-block-heading\">Onde est\u00e3o os outros atores de <em>Crep\u00fasculo<\/em>?<\/h2>&#13;\n<figure class=\"wp-block-gallery columns-3 is-cropped\">&#13;\n<figure><\/figure>&#13;\n<figure><\/figure>&#13;\n<\/figure>&#13;\n\r\n\r\n&#13;\n<h3 class=\"wp-block-heading\">Anna Kendrick (Jessica Stanley)<\/h3>&#13;\n\r\n\r\n&#13;\n<figure id=\"attachment_42965\" aria-describedby=\"caption-attachment-42965\" style=\"width: 800px\" class=\"wp-caption alignnone\"><img loading=\"lazy\" decoding=\"async\" class=\"wp-image-42965 size-full\" src=\"https:\/\/news.filmelier.com\/wp-content\/uploads\/2024\/04\/crepusculo-por-onde-anda-anna-kendrick.jpg\" alt=\"Por onde anda Anna Kendrick de Crep&#xFA;sculo?\" width=\"800\" height=\"533\" srcset=\"https:\/\/news.filmelier.com\/wp-content\/uploads\/2024\/04\/crepusculo-por-onde-anda-anna-kendrick.jpg 800w, https:\/\/news.filmelier.com\/wp-content\/uploads\/2024\/04\/crepusculo-por-onde-anda-anna-kendrick-300x200.jpg 300w, https:\/\/news.filmelier.com\/wp-content\/uploads\/2024\/04\/crepusculo-por-onde-anda-anna-kendrick-768x512.jpg 768w, https:\/\/news.filmelier.com\/wp-content\/uploads\/2024\/04\/crepusculo-por-onde-anda-anna-kendrick-150x100.jpg 150w\" sizes=\"(max-width: 800px) 100vw, 800px\" \/><figcaption id=\"caption-attachment-42965\" class=\"wp-caption-text\"><em>Anna Kendrick brilha em A Escolha Perfeita e Trolls (Cr\u00e9dito: Summit; D Dipasupil\/Getty; People)<\/em><\/figcaption><\/figure>&#13;\n<p>Enquanto isso, Anna Kendrick \u2013 que viveu Jessica Stanley, amiga de Bella Swan \u2013 ascendeu a novas alturas em Hollywood, estrelando em sucessos como a s\u00e9rie de filmes <em><a href=\"https:\/\/www.filmelier.com\/br\/filmes\/10347\/a-escolha-perfeita\" data-type=\"URL\" data-id=\"https:\/\/www.filmelier.com\/br\/filmes\/10347\/a-escolha-perfeita\">A Escolha Perfeita<\/a><\/em> e a <a href=\"https:\/\/www.filmelier.com\/br\/filmes\/23730\/trolls-3-juntos-novamente\" data-type=\"URL\" data-id=\"https:\/\/www.filmelier.com\/br\/filmes\/23730\/trolls-3-juntos-novamente\">franquia <em>Trolls<\/em><\/a>. Ela estrelou a s\u00e9rie <em>Love Life<\/em> da HBO Max, a miniss\u00e9rie animada <em>Scott Pilgrim: A S\u00e9rie<\/em>, e participou dos filmes <em>Cake<\/em>, <em><a href=\"https:\/\/www.filmelier.com\/br\/filmes\/5093\/um-pequeno-favor\" data-type=\"URL\" data-id=\"https:\/\/www.filmelier.com\/br\/filmes\/5093\/um-pequeno-favor\">Um Pequeno Favor<\/a><\/em>, <em>Querida Alice<\/em> e <em><a href=\"https:\/\/www.filmelier.com\/br\/filmes\/12207\/noelle\" data-type=\"URL\" data-id=\"https:\/\/www.filmelier.com\/br\/filmes\/12207\/noelle\">Noelle<\/a><\/em>. Na dire\u00e7\u00e3o, Anna Kendrick fez sua estreia no filme <em><a href=\"https:\/\/www.filmelier.com\/br\/filmes\/26880\/a-garota-da-vez\">A Garota da Vez<\/a><\/em>.\u00a0<\/p>&#13;\n\r\n\r\n&#13;\n<h3 class=\"wp-block-heading\">Billy Burke (Charlie Swan)<\/h3>&#13;\n\r\n\r\n&#13;\n<figure id=\"attachment_42963\" aria-describedby=\"caption-attachment-42963\" style=\"width: 800px\" class=\"wp-caption alignnone\"><img loading=\"lazy\" decoding=\"async\" class=\"wp-image-42963 size-full\" src=\"https:\/\/news.filmelier.com\/wp-content\/uploads\/2024\/04\/crepusculo-por-onde-anda-billy-burke.jpg\" alt=\"Billy Burke, o pai de Bella em Crep&#xFA;sculo, antes e depois da saga\" width=\"800\" height=\"533\" srcset=\"https:\/\/news.filmelier.com\/wp-content\/uploads\/2024\/04\/crepusculo-por-onde-anda-billy-burke.jpg 800w, https:\/\/news.filmelier.com\/wp-content\/uploads\/2024\/04\/crepusculo-por-onde-anda-billy-burke-300x200.jpg 300w, https:\/\/news.filmelier.com\/wp-content\/uploads\/2024\/04\/crepusculo-por-onde-anda-billy-burke-768x512.jpg 768w, https:\/\/news.filmelier.com\/wp-content\/uploads\/2024\/04\/crepusculo-por-onde-anda-billy-burke-150x100.jpg 150w\" sizes=\"(max-width: 800px) 100vw, 800px\" \/><figcaption id=\"caption-attachment-42963\" class=\"wp-caption-text\"><em>Billy Burke, o pai de Bella em Crep\u00fasculo, estrelou s\u00e9ries de sucesso (Cr\u00e9dito: Summit; Jean-Baptiste Lacroix \/ AFP)<\/em><\/figcaption><\/figure>&#13;\n<p>O pai de Bella Swan, Charlie, foi vivido por Billy Burke. O ator tem se mantido ativo em Hollywood, com pap\u00e9is recentes em s\u00e9ries de TV e filmes, sempre trazendo seu carisma distinto para cada personagem. Burke estrelou as s\u00e9ries de TV <em>Major Crimes<\/em>, <em>FBI<\/em>, <em>Jogo Perigoso<\/em>, <em>Maid<\/em>, <em>9-1-1: Lone Star<\/em>, e <em>Fire Country<\/em>.<\/p>&#13;\n\r\n\r\n&#13;\n<h3 class=\"wp-block-heading\">Gil Birmingham (Billy Black)<\/h3>&#13;\n\r\n\r\n&#13;\n<figure id=\"attachment_42961\" aria-describedby=\"caption-attachment-42961\" style=\"width: 800px\" class=\"wp-caption alignnone\"><img loading=\"lazy\" decoding=\"async\" class=\"wp-image-42961 size-full\" src=\"https:\/\/news.filmelier.com\/wp-content\/uploads\/2024\/04\/crepusculo-por-onde-anda-gil-birmingham.jpg\" alt=\"Gil Birmingham, o pai de Jacob, antes e depois da saga Crep&#xFA;sculo, para Yellowstone\" width=\"800\" height=\"533\" srcset=\"https:\/\/news.filmelier.com\/wp-content\/uploads\/2024\/04\/crepusculo-por-onde-anda-gil-birmingham.jpg 800w, https:\/\/news.filmelier.com\/wp-content\/uploads\/2024\/04\/crepusculo-por-onde-anda-gil-birmingham-300x200.jpg 300w, https:\/\/news.filmelier.com\/wp-content\/uploads\/2024\/04\/crepusculo-por-onde-anda-gil-birmingham-768x512.jpg 768w, https:\/\/news.filmelier.com\/wp-content\/uploads\/2024\/04\/crepusculo-por-onde-anda-gil-birmingham-150x100.jpg 150w\" sizes=\"(max-width: 800px) 100vw, 800px\" \/><figcaption id=\"caption-attachment-42961\" class=\"wp-caption-text\"><em>Gil Birmingham: de Crep\u00fasculo \u00e0 Yellowstone (Cr\u00e9dito: Summit; ETonline.com)<\/em><\/figcaption><\/figure>&#13;\n<p>O int\u00e9rprete do pai de Jacob, Billy Black, foi Gil Birmingham. O ator continua a ser uma presen\u00e7a constante na TV e no cinema, com pap\u00e9is em s\u00e9ries aclamadas e projetos cinematogr\u00e1ficos\u200b. Ele apareceu nas s\u00e9ries <em>Yellowstone<\/em>, <em>Animal Kingdom<\/em>, <em>NCIS: Los Angeles<\/em>, <em>Siren: A Lenda das Sereias<\/em> e <em>X-Men &#8217;97<\/em>. Tamb\u00e9m esteve nos filmes <em><a href=\"https:\/\/www.filmelier.com\/br\/filmes\/22731\/transformers-o-ultimo-cavaleiro\">Transformers: O \u00daltimo Cavaleiro<\/a><\/em> e <em><a href=\"https:\/\/www.filmelier.com\/br\/filmes\/23594\/a-filha-do-rei-do-pantano\" data-type=\"URL\" data-id=\"https:\/\/www.filmelier.com\/br\/filmes\/23594\/a-filha-do-rei-do-pantano\">A Filha do Rei P\u00e2ntano<\/a><\/em>.<\/p>&#13;\n\r\n\r\n&#13;\n<ul class=\"wp-block-list\">&#13;\n<li><strong>Pode te interessar: <a href=\"https:\/\/www.filmelier.com\/br\/noticias\/as-vezes-quero-sumir-tudo-sobre\" data-type=\"post\" data-id=\"41317\"><em>\u00c0s Vezes Quero Sumir<\/em>: Tudo sobre o novo filme com Daisy Ridley<\/a><\/strong><\/li>&#13;\n<\/ul>&#13;\n<p>\u00a0<\/p>&#13;\n<h3>Cam Gigandet (James)<\/h3>&#13;\n<figure id=\"attachment_45222\" aria-describedby=\"caption-attachment-45222\" style=\"width: 800px\" class=\"wp-caption alignnone\"><img loading=\"lazy\" decoding=\"async\" class=\"size-full wp-image-45222\" src=\"https:\/\/news.filmelier.com\/wp-content\/uploads\/2024\/04\/cam-gigandet-crepusculo-til-death-do-us-apart.webp\" alt=\"Cam Gigandet interpretou James na saga Crep&#xFA;sculo. Antes e Depois do ator. (Cr&#xE9;dito: IMDB)\" width=\"800\" height=\"468\" srcset=\"https:\/\/news.filmelier.com\/wp-content\/uploads\/2024\/04\/cam-gigandet-crepusculo-til-death-do-us-apart.webp 800w, https:\/\/news.filmelier.com\/wp-content\/uploads\/2024\/04\/cam-gigandet-crepusculo-til-death-do-us-apart-300x176.webp 300w, https:\/\/news.filmelier.com\/wp-content\/uploads\/2024\/04\/cam-gigandet-crepusculo-til-death-do-us-apart-768x449.webp 768w, https:\/\/news.filmelier.com\/wp-content\/uploads\/2024\/04\/cam-gigandet-crepusculo-til-death-do-us-apart-150x88.webp 150w\" sizes=\"(max-width: 800px) 100vw, 800px\" \/><figcaption id=\"caption-attachment-45222\" class=\"wp-caption-text\"><em>Cam Gigandet interpretou James na saga Crep\u00fasculo. Antes e Depois do ator. (Cr\u00e9dito: IMDB)<\/em><\/figcaption><\/figure>&#13;\n<p>Cam Gigandet, o vil\u00e3o James de <em data-start=\"31\" data-end=\"43\">Crep\u00fasculo<\/em>, segue atuando em filmes de a\u00e7\u00e3o e suspense. Recentemente, estrelou <em><a href=\"https:\/\/www.filmelier.com\/br\/filmes\/106075\/ate-que-a-morte-nos-separe\">At\u00e9 que a Morte nos Separe<\/a><\/em> (<em data-start=\"112\" data-end=\"134\">Til Death Do Us Part), de <\/em>2023, um thriller sangrento sobre uma noiva em fuga, e \u00e9 lembrado tamb\u00e9m por seu papel em <a href=\"https:\/\/www.filmelier.com\/br\/filmes\/112355\/pandorum\"><em data-start=\"227\" data-end=\"237\">Pandorum<\/em><\/a>, de 2009, fic\u00e7\u00e3o cient\u00edfica cult. Ele continua ativo em produ\u00e7\u00f5es independentes e de g\u00eanero.<\/p>&#13;\n\r\n\r\n&#13;\n<h2 class=\"wp-block-heading\">O legado continua<\/h2>&#13;\n\r\n\r\n&#13;\n<p>Embora a saga <em>Crep\u00fasculo<\/em> tenha terminado (por enquanto, <a href=\"https:\/\/www.filmelier.com\/br\/noticias\/crepusculo-serie-tudo-sobre\" data-type=\"post\" data-id=\"37411\">at\u00e9 que venha a s\u00e9rie de TV!<\/a>), seu impacto no cinema de fantasia e romance adolescente \u00e9 ineg\u00e1vel. O elenco principal, embora tenha seguido caminhos distintos, ainda carrega o legado de uma das franquias mais amadas do in\u00edcio do s\u00e9culo 21.<\/p>&#13;\n\r\n\r\n&#13;\n<p>Os atores de <em>Crep\u00fasculo<\/em> seguiram caminhos diversos ap\u00f3s o fim da saga, com muitos alcan\u00e7ando novos patamares em suas carreiras. Desde pap\u00e9is em grandes produ\u00e7\u00f5es de Hollywood at\u00e9 projetos independentes, eles continuam a capturar a imagina\u00e7\u00e3o e admira\u00e7\u00e3o do p\u00fablico global.<\/p>&#13;\n\r\n\r\n\r\n\r\n","protected":false},"excerpt":{"rendered":"<p>Onde est\u00e3o os atores e as atrizes de Crep\u00fasculo? Quais s\u00e3o seus novos filmes e s\u00e9ries? Descubra novidades de Kristen Stewart, Robert Pattinson, Taylor Lautner, Kellan Lutz e mais!<\/p>\n","protected":false},"author":11,"featured_media":49312,"comment_status":"closed","ping_status":"open","sticky":false,"template":"","format":"standard","meta":{"_acf_changed":false,"footnotes":""},"categories":[3481,3482],"tags":[],"class_list":["post-49859","post","type-post","status-publish","format-standard","has-post-thumbnail","hentry","category-criticas-br","category-filmes-br"],"acf":{"subtitulo":"","id_ator":"nm0829576, nm1500155, nm1553725, nm2230865, nm1210124, nm0121605, nm0447695, nm1717152, nm0004906, nm0714147, nm0083655 nm1223023,  "},"yoast_head":"<!-- This site is optimized with the Yoast SEO plugin v26.1.1 - https:\/\/yoast.com\/wordpress\/plugins\/seo\/ -->\n<title>&#039;Crep\u00fasculo&#039;: Por onde anda o elenco da saga?<\/title>\n<meta name=\"description\" content=\"Onde est\u00e3o os atores e as atrizes de Crep\u00fasculo? Quais s\u00e3o seus novos projetos? Descubra novidades de Kristen Stewart, Robert Pattinson, Taylor Lautner e mais!\" \/>\n<meta name=\"robots\" content=\"index, follow, max-snippet:-1, max-image-preview:large, max-video-preview:-1\" \/>\n<link rel=\"canonical\" href=\"https:\/\/news.filmelier.com\/br\/saga-crepusculo-por-onde-anda-elenco\/\" \/>\n<meta property=\"og:locale\" content=\"pt_BR\" \/>\n<meta property=\"og:type\" content=\"article\" \/>\n<meta property=\"og:title\" content=\"&#039;Crep\u00fasculo&#039;: Por onde anda o elenco da saga?\" \/>\n<meta property=\"og:description\" content=\"Onde est\u00e3o os atores e as atrizes de Crep\u00fasculo? Quais s\u00e3o seus novos projetos? Descubra novidades de Kristen Stewart, Robert Pattinson, Taylor Lautner e mais!\" \/>\n<meta property=\"og:url\" content=\"https:\/\/news.filmelier.com\/br\/saga-crepusculo-por-onde-anda-elenco\/\" \/>\n<meta property=\"og:site_name\" content=\"News Filmelier\" \/>\n<meta property=\"article:published_time\" content=\"2024-04-18T23:34:47+00:00\" \/>\n<meta property=\"article:modified_time\" content=\"2025-08-19T14:04:18+00:00\" \/>\n<meta property=\"og:image\" content=\"https:\/\/homolog.news.filmelier.com\/wp-content\/uploads\/2024\/04\/crepusculo-por-onde-anda-kristen-stewart.jpg\" \/>\n\t<meta property=\"og:image:width\" content=\"800\" \/>\n\t<meta property=\"og:image:height\" content=\"533\" \/>\n\t<meta property=\"og:image:type\" content=\"image\/jpeg\" \/>\n<meta name=\"author\" content=\"Vit\u00f3ria Pratini\" \/>\n<meta name=\"twitter:card\" content=\"summary_large_image\" \/>\n<meta name=\"twitter:label1\" content=\"Escrito por\" \/>\n\t<meta name=\"twitter:data1\" content=\"Vit\u00f3ria Pratini\" \/>\n\t<meta name=\"twitter:label2\" content=\"Est. tempo de leitura\" \/>\n\t<meta name=\"twitter:data2\" content=\"13 minutos\" \/>\n<script type=\"application\/ld+json\" class=\"yoast-schema-graph\">{\"@context\":\"https:\/\/schema.org\",\"@graph\":[{\"@type\":\"Article\",\"@id\":\"https:\/\/news.filmelier.com\/br\/saga-crepusculo-por-onde-anda-elenco\/#article\",\"isPartOf\":{\"@id\":\"https:\/\/news.filmelier.com\/br\/saga-crepusculo-por-onde-anda-elenco\/\"},\"author\":{\"name\":\"Vit\u00f3ria Pratini\",\"@id\":\"https:\/\/homolog.news.filmelier.com\/br\/#\/schema\/person\/b6689fa913d8b849cd7549503e6521cc\"},\"headline\":\"&#8216;Crep\u00fasculo&#8217;: Por onde anda o elenco da saga?\",\"datePublished\":\"2024-04-18T23:34:47+00:00\",\"dateModified\":\"2025-08-19T14:04:18+00:00\",\"mainEntityOfPage\":{\"@id\":\"https:\/\/news.filmelier.com\/br\/saga-crepusculo-por-onde-anda-elenco\/\"},\"wordCount\":1911,\"publisher\":{\"@id\":\"https:\/\/homolog.news.filmelier.com\/br\/#organization\"},\"image\":{\"@id\":\"https:\/\/news.filmelier.com\/br\/saga-crepusculo-por-onde-anda-elenco\/#primaryimage\"},\"thumbnailUrl\":\"https:\/\/news.filmelier.com\/wp-content\/uploads\/2024\/04\/crepusculo-por-onde-anda-kristen-stewart.jpg\",\"articleSection\":[\"Cr\u00edticas\",\"Filmes\"],\"inLanguage\":\"pt-BR\"},{\"@type\":\"WebPage\",\"@id\":\"https:\/\/news.filmelier.com\/br\/saga-crepusculo-por-onde-anda-elenco\/\",\"url\":\"https:\/\/news.filmelier.com\/br\/saga-crepusculo-por-onde-anda-elenco\/\",\"name\":\"'Crep\u00fasculo': Por onde anda o elenco da saga?\",\"isPartOf\":{\"@id\":\"https:\/\/homolog.news.filmelier.com\/br\/#website\"},\"primaryImageOfPage\":{\"@id\":\"https:\/\/news.filmelier.com\/br\/saga-crepusculo-por-onde-anda-elenco\/#primaryimage\"},\"image\":{\"@id\":\"https:\/\/news.filmelier.com\/br\/saga-crepusculo-por-onde-anda-elenco\/#primaryimage\"},\"thumbnailUrl\":\"https:\/\/news.filmelier.com\/wp-content\/uploads\/2024\/04\/crepusculo-por-onde-anda-kristen-stewart.jpg\",\"datePublished\":\"2024-04-18T23:34:47+00:00\",\"dateModified\":\"2025-08-19T14:04:18+00:00\",\"description\":\"Onde est\u00e3o os atores e as atrizes de Crep\u00fasculo? Quais s\u00e3o seus novos projetos? Descubra novidades de Kristen Stewart, Robert Pattinson, Taylor Lautner e mais!\",\"breadcrumb\":{\"@id\":\"https:\/\/news.filmelier.com\/br\/saga-crepusculo-por-onde-anda-elenco\/#breadcrumb\"},\"inLanguage\":\"pt-BR\",\"potentialAction\":[{\"@type\":\"ReadAction\",\"target\":[\"https:\/\/news.filmelier.com\/br\/saga-crepusculo-por-onde-anda-elenco\/\"]}]},{\"@type\":\"ImageObject\",\"inLanguage\":\"pt-BR\",\"@id\":\"https:\/\/news.filmelier.com\/br\/saga-crepusculo-por-onde-anda-elenco\/#primaryimage\",\"url\":\"https:\/\/news.filmelier.com\/wp-content\/uploads\/2024\/04\/crepusculo-por-onde-anda-kristen-stewart.jpg\",\"contentUrl\":\"https:\/\/news.filmelier.com\/wp-content\/uploads\/2024\/04\/crepusculo-por-onde-anda-kristen-stewart.jpg\",\"width\":800,\"height\":533,\"caption\":\"Kristen Stewart: de Bella Swan a Love Lies Bleeding (Cr\u00e9dito: Peter Sorel\/Summit; Gp Images\/Getty; cortesia da People)\"},{\"@type\":\"BreadcrumbList\",\"@id\":\"https:\/\/news.filmelier.com\/br\/saga-crepusculo-por-onde-anda-elenco\/#breadcrumb\",\"itemListElement\":[{\"@type\":\"ListItem\",\"position\":1,\"name\":\"In\u00edcio\",\"item\":\"https:\/\/homolog.news.filmelier.com\/br\/\"},{\"@type\":\"ListItem\",\"position\":2,\"name\":\"&#8216;Crep\u00fasculo&#8217;: Por onde anda o elenco da saga?\"}]},{\"@type\":\"WebSite\",\"@id\":\"https:\/\/homolog.news.filmelier.com\/br\/#website\",\"url\":\"https:\/\/homolog.news.filmelier.com\/br\/\",\"name\":\"Homolog Filmelier News Rankrup\",\"description\":\"\",\"publisher\":{\"@id\":\"https:\/\/homolog.news.filmelier.com\/br\/#organization\"},\"potentialAction\":[{\"@type\":\"SearchAction\",\"target\":{\"@type\":\"EntryPoint\",\"urlTemplate\":\"https:\/\/homolog.news.filmelier.com\/br\/?s={search_term_string}\"},\"query-input\":{\"@type\":\"PropertyValueSpecification\",\"valueRequired\":true,\"valueName\":\"search_term_string\"}}],\"inLanguage\":\"pt-BR\"},{\"@type\":\"Organization\",\"@id\":\"https:\/\/homolog.news.filmelier.com\/br\/#organization\",\"name\":\"Homolog Filmelier News Rankrup\",\"url\":\"https:\/\/homolog.news.filmelier.com\/br\/\",\"logo\":{\"@type\":\"ImageObject\",\"inLanguage\":\"pt-BR\",\"@id\":\"https:\/\/homolog.news.filmelier.com\/br\/#\/schema\/logo\/image\/\",\"url\":\"https:\/\/news.filmelier.com\/wp-content\/uploads\/2024\/11\/Logo-News.png\",\"contentUrl\":\"https:\/\/news.filmelier.com\/wp-content\/uploads\/2024\/11\/Logo-News.png\",\"width\":460,\"height\":108,\"caption\":\"Homolog Filmelier News Rankrup\"},\"image\":{\"@id\":\"https:\/\/homolog.news.filmelier.com\/br\/#\/schema\/logo\/image\/\"}},{\"@type\":\"Person\",\"@id\":\"https:\/\/homolog.news.filmelier.com\/br\/#\/schema\/person\/b6689fa913d8b849cd7549503e6521cc\",\"name\":\"Vit\u00f3ria Pratini\",\"image\":{\"@type\":\"ImageObject\",\"inLanguage\":\"pt-BR\",\"@id\":\"https:\/\/homolog.news.filmelier.com\/br\/#\/schema\/person\/image\/\",\"url\":\"https:\/\/secure.gravatar.com\/avatar\/93bc09f1ea8059e7f68ceebd457a04e75befce531605be9c8ad31127fed28a0d?s=96&d=mm&r=g\",\"contentUrl\":\"https:\/\/secure.gravatar.com\/avatar\/93bc09f1ea8059e7f68ceebd457a04e75befce531605be9c8ad31127fed28a0d?s=96&d=mm&r=g\",\"caption\":\"Vit\u00f3ria Pratini\"},\"description\":\"A critic and journalist specializing in films, series and pop culture since 2013, Vit\u00f3ria Pratini has had her articles published in AdoroCinema, IGN Brasil, Terra and MSN. During her career, she has covered audiovisual events, such as San Diego Comic-Con, CCXP, Festival do Rio and Pr\u00eamio Grande Otelo. She has served on festival juries and interviewed names such as Helen Mirren, Fernanda Torres, Gilberto Gil, Jude Law and Bryan Cranston. An SEO specialist, Vit\u00f3ria is currently a content strategist and reporter for Filmelier.\",\"sameAs\":[\"https:\/\/www.filmelier.com\/br\/autor\/vitoria-pratini\",\"https:\/\/www.instagram.com\/vitoriapratini\/\"],\"url\":\"https:\/\/news.filmelier.com\/br\/author\/vitoria-pratini\/\"}]}<\/script>\n<!-- \/ Yoast SEO plugin. -->","yoast_head_json":{"title":"'Crep\u00fasculo': Por onde anda o elenco da saga?","description":"Onde est\u00e3o os atores e as atrizes de Crep\u00fasculo? Quais s\u00e3o seus novos projetos? Descubra novidades de Kristen Stewart, Robert Pattinson, Taylor Lautner e mais!","robots":{"index":"index","follow":"follow","max-snippet":"max-snippet:-1","max-image-preview":"max-image-preview:large","max-video-preview":"max-video-preview:-1"},"canonical":"https:\/\/news.filmelier.com\/br\/saga-crepusculo-por-onde-anda-elenco\/","og_locale":"pt_BR","og_type":"article","og_title":"'Crep\u00fasculo': Por onde anda o elenco da saga?","og_description":"Onde est\u00e3o os atores e as atrizes de Crep\u00fasculo? Quais s\u00e3o seus novos projetos? Descubra novidades de Kristen Stewart, Robert Pattinson, Taylor Lautner e mais!","og_url":"https:\/\/news.filmelier.com\/br\/saga-crepusculo-por-onde-anda-elenco\/","og_site_name":"News Filmelier","article_published_time":"2024-04-18T23:34:47+00:00","article_modified_time":"2025-08-19T14:04:18+00:00","og_image":[{"width":800,"height":533,"url":"https:\/\/homolog.news.filmelier.com\/wp-content\/uploads\/2024\/04\/crepusculo-por-onde-anda-kristen-stewart.jpg","type":"image\/jpeg"}],"author":"Vit\u00f3ria Pratini","twitter_card":"summary_large_image","twitter_misc":{"Escrito por":"Vit\u00f3ria Pratini","Est. tempo de leitura":"13 minutos"},"schema":{"@context":"https:\/\/schema.org","@graph":[{"@type":"Article","@id":"https:\/\/news.filmelier.com\/br\/saga-crepusculo-por-onde-anda-elenco\/#article","isPartOf":{"@id":"https:\/\/news.filmelier.com\/br\/saga-crepusculo-por-onde-anda-elenco\/"},"author":{"name":"Vit\u00f3ria Pratini","@id":"https:\/\/homolog.news.filmelier.com\/br\/#\/schema\/person\/b6689fa913d8b849cd7549503e6521cc"},"headline":"&#8216;Crep\u00fasculo&#8217;: Por onde anda o elenco da saga?","datePublished":"2024-04-18T23:34:47+00:00","dateModified":"2025-08-19T14:04:18+00:00","mainEntityOfPage":{"@id":"https:\/\/news.filmelier.com\/br\/saga-crepusculo-por-onde-anda-elenco\/"},"wordCount":1911,"publisher":{"@id":"https:\/\/homolog.news.filmelier.com\/br\/#organization"},"image":{"@id":"https:\/\/news.filmelier.com\/br\/saga-crepusculo-por-onde-anda-elenco\/#primaryimage"},"thumbnailUrl":"https:\/\/news.filmelier.com\/wp-content\/uploads\/2024\/04\/crepusculo-por-onde-anda-kristen-stewart.jpg","articleSection":["Cr\u00edticas","Filmes"],"inLanguage":"pt-BR"},{"@type":"WebPage","@id":"https:\/\/news.filmelier.com\/br\/saga-crepusculo-por-onde-anda-elenco\/","url":"https:\/\/news.filmelier.com\/br\/saga-crepusculo-por-onde-anda-elenco\/","name":"'Crep\u00fasculo': Por onde anda o elenco da saga?","isPartOf":{"@id":"https:\/\/homolog.news.filmelier.com\/br\/#website"},"primaryImageOfPage":{"@id":"https:\/\/news.filmelier.com\/br\/saga-crepusculo-por-onde-anda-elenco\/#primaryimage"},"image":{"@id":"https:\/\/news.filmelier.com\/br\/saga-crepusculo-por-onde-anda-elenco\/#primaryimage"},"thumbnailUrl":"https:\/\/news.filmelier.com\/wp-content\/uploads\/2024\/04\/crepusculo-por-onde-anda-kristen-stewart.jpg","datePublished":"2024-04-18T23:34:47+00:00","dateModified":"2025-08-19T14:04:18+00:00","description":"Onde est\u00e3o os atores e as atrizes de Crep\u00fasculo? Quais s\u00e3o seus novos projetos? Descubra novidades de Kristen Stewart, Robert Pattinson, Taylor Lautner e mais!","breadcrumb":{"@id":"https:\/\/news.filmelier.com\/br\/saga-crepusculo-por-onde-anda-elenco\/#breadcrumb"},"inLanguage":"pt-BR","potentialAction":[{"@type":"ReadAction","target":["https:\/\/news.filmelier.com\/br\/saga-crepusculo-por-onde-anda-elenco\/"]}]},{"@type":"ImageObject","inLanguage":"pt-BR","@id":"https:\/\/news.filmelier.com\/br\/saga-crepusculo-por-onde-anda-elenco\/#primaryimage","url":"https:\/\/news.filmelier.com\/wp-content\/uploads\/2024\/04\/crepusculo-por-onde-anda-kristen-stewart.jpg","contentUrl":"https:\/\/news.filmelier.com\/wp-content\/uploads\/2024\/04\/crepusculo-por-onde-anda-kristen-stewart.jpg","width":800,"height":533,"caption":"Kristen Stewart: de Bella Swan a Love Lies Bleeding (Cr\u00e9dito: Peter Sorel\/Summit; Gp Images\/Getty; cortesia da People)"},{"@type":"BreadcrumbList","@id":"https:\/\/news.filmelier.com\/br\/saga-crepusculo-por-onde-anda-elenco\/#breadcrumb","itemListElement":[{"@type":"ListItem","position":1,"name":"In\u00edcio","item":"https:\/\/homolog.news.filmelier.com\/br\/"},{"@type":"ListItem","position":2,"name":"&#8216;Crep\u00fasculo&#8217;: Por onde anda o elenco da saga?"}]},{"@type":"WebSite","@id":"https:\/\/homolog.news.filmelier.com\/br\/#website","url":"https:\/\/homolog.news.filmelier.com\/br\/","name":"Homolog Filmelier News Rankrup","description":"","publisher":{"@id":"https:\/\/homolog.news.filmelier.com\/br\/#organization"},"potentialAction":[{"@type":"SearchAction","target":{"@type":"EntryPoint","urlTemplate":"https:\/\/homolog.news.filmelier.com\/br\/?s={search_term_string}"},"query-input":{"@type":"PropertyValueSpecification","valueRequired":true,"valueName":"search_term_string"}}],"inLanguage":"pt-BR"},{"@type":"Organization","@id":"https:\/\/homolog.news.filmelier.com\/br\/#organization","name":"Homolog Filmelier News Rankrup","url":"https:\/\/homolog.news.filmelier.com\/br\/","logo":{"@type":"ImageObject","inLanguage":"pt-BR","@id":"https:\/\/homolog.news.filmelier.com\/br\/#\/schema\/logo\/image\/","url":"https:\/\/news.filmelier.com\/wp-content\/uploads\/2024\/11\/Logo-News.png","contentUrl":"https:\/\/news.filmelier.com\/wp-content\/uploads\/2024\/11\/Logo-News.png","width":460,"height":108,"caption":"Homolog Filmelier News Rankrup"},"image":{"@id":"https:\/\/homolog.news.filmelier.com\/br\/#\/schema\/logo\/image\/"}},{"@type":"Person","@id":"https:\/\/homolog.news.filmelier.com\/br\/#\/schema\/person\/b6689fa913d8b849cd7549503e6521cc","name":"Vit\u00f3ria Pratini","image":{"@type":"ImageObject","inLanguage":"pt-BR","@id":"https:\/\/homolog.news.filmelier.com\/br\/#\/schema\/person\/image\/","url":"https:\/\/secure.gravatar.com\/avatar\/93bc09f1ea8059e7f68ceebd457a04e75befce531605be9c8ad31127fed28a0d?s=96&d=mm&r=g","contentUrl":"https:\/\/secure.gravatar.com\/avatar\/93bc09f1ea8059e7f68ceebd457a04e75befce531605be9c8ad31127fed28a0d?s=96&d=mm&r=g","caption":"Vit\u00f3ria Pratini"},"description":"A critic and journalist specializing in films, series and pop culture since 2013, Vit\u00f3ria Pratini has had her articles published in AdoroCinema, IGN Brasil, Terra and MSN. During her career, she has covered audiovisual events, such as San Diego Comic-Con, CCXP, Festival do Rio and Pr\u00eamio Grande Otelo. She has served on festival juries and interviewed names such as Helen Mirren, Fernanda Torres, Gilberto Gil, Jude Law and Bryan Cranston. An SEO specialist, Vit\u00f3ria is currently a content strategist and reporter for Filmelier.","sameAs":["https:\/\/www.filmelier.com\/br\/autor\/vitoria-pratini","https:\/\/www.instagram.com\/vitoriapratini\/"],"url":"https:\/\/news.filmelier.com\/br\/author\/vitoria-pratini\/"}]}},"_links":{"self":[{"href":"https:\/\/news.filmelier.com\/br\/wp-json\/wp\/v2\/posts\/49859","targetHints":{"allow":["GET"]}}],"collection":[{"href":"https:\/\/news.filmelier.com\/br\/wp-json\/wp\/v2\/posts"}],"about":[{"href":"https:\/\/news.filmelier.com\/br\/wp-json\/wp\/v2\/types\/post"}],"author":[{"embeddable":true,"href":"https:\/\/news.filmelier.com\/br\/wp-json\/wp\/v2\/users\/11"}],"replies":[{"embeddable":true,"href":"https:\/\/news.filmelier.com\/br\/wp-json\/wp\/v2\/comments?post=49859"}],"version-history":[{"count":2,"href":"https:\/\/news.filmelier.com\/br\/wp-json\/wp\/v2\/posts\/49859\/revisions"}],"predecessor-version":[{"id":56588,"href":"https:\/\/news.filmelier.com\/br\/wp-json\/wp\/v2\/posts\/49859\/revisions\/56588"}],"wp:featuredmedia":[{"embeddable":true,"href":"https:\/\/news.filmelier.com\/br\/wp-json\/wp\/v2\/media\/49312"}],"wp:attachment":[{"href":"https:\/\/news.filmelier.com\/br\/wp-json\/wp\/v2\/media?parent=49859"}],"wp:term":[{"taxonomy":"category","embeddable":true,"href":"https:\/\/news.filmelier.com\/br\/wp-json\/wp\/v2\/categories?post=49859"},{"taxonomy":"post_tag","embeddable":true,"href":"https:\/\/news.filmelier.com\/br\/wp-json\/wp\/v2\/tags?post=49859"}],"curies":[{"name":"wp","href":"https:\/\/api.w.org\/{rel}","templated":true}]}}