{"id":49802,"date":"2024-05-20T15:28:57","date_gmt":"2024-05-20T18:28:57","guid":{"rendered":"https:\/\/news.filmelier.com\/emilia-perez-cannes-2024\/"},"modified":"2025-08-21T14:20:22","modified_gmt":"2025-08-21T17:20:22","slug":"emilia-perez-cannes-2024","status":"publish","type":"post","link":"https:\/\/news.filmelier.com\/br\/emilia-perez-cannes-2024\/","title":{"rendered":"&#8216;Emilia P\u00e9rez&#8217; \u00e9 o primeiro favorito do Festival de Cannes"},"content":{"rendered":"&#13;\n<p><a href=\"https:\/\/www.filmelier.com\/br\/director\/jacques-audiard\">Jacques Audiard<\/a> nunca foi cineasta de jogar no seguro. Mas o diretor de <em><a href=\"https:\/\/www.filmelier.com\/br\/filmes\/1404\/o-profeta\">O Profeta<\/a><\/em> (2009), que venceu o Grande Pr\u00eamio do J\u00fari, <em><a href=\"https:\/\/www.filmelier.com\/br\/filmes\/2564\/ferrugem-e-osso\">Ferrugem e Osso<\/a><\/em> (2012) e <em><a href=\"https:\/\/www.filmelier.com\/br\/filmes\/1396\/dheepan-o-refugio\">Dheepan<\/a><\/em> (2015), ganhador da Palma de Ouro, se superou com <em><strong><a href=\"https:\/\/www.filmelier.com\/br\/filmes\/25541\/emilia-perez\">Emilia P\u00e9rez<\/a><\/strong><\/em>, um thriller musical com Selena Gomez, Zoe Salda\u00f1a e Karla Sof\u00eda Gasc\u00f3n sobre segundas chances, redesigna\u00e7\u00e3o de g\u00eanero e a viol\u00eancia dos carteis no M\u00e9xico.<\/p>&#13;\n<p><iframe title=\"Emilia P\u00e9rez new teaser trailer official from Cannes Film Festival 2024\" width=\"800\" height=\"450\" src=\"https:\/\/www.youtube.com\/embed\/Wp3gJBw0E5A?feature=oembed\" frameborder=\"0\" allow=\"accelerometer; autoplay; clipboard-write; encrypted-media; gyroscope; picture-in-picture; web-share\" referrerpolicy=\"strict-origin-when-cross-origin\" allowfullscreen><\/iframe><\/p>\n&#13;\n<ul class=\"wp-block-list\">&#13;\n<li><strong>Leia tamb\u00e9m: <a href=\"https:\/\/news.filmelier.com\/emilia-perez-o-filme-que-mistura-crime-e-identidade-e-onde-assistir-no-brasil\/\"><em>Emilia P\u00e9rez<\/em>, o filme que mistura crime e identidade \u2014 e onde assistir no Brasil<\/a><\/strong><\/li>&#13;\n<\/ul>&#13;\n&#13;\n<p>Com tudo isso, o filme se tornou na noite deste s\u00e1bado, 18, o favorito at\u00e9 agora da competi\u00e7\u00e3o deste 77\u00ba Festival de Cannes, com sess\u00e3o de imprensa e de gala calorosas.<\/p>&#13;\n<h2>Qual \u00e9 a hist\u00f3ria de <em>Emilia P\u00e9rez<\/em>?<\/h2>&#13;\n&#13;\n<p>Rita (Zoe Salda\u00f1a) \u00e9 uma advogada especialista em tirar da cadeia pessoas culpadas. Ela \u00e9 brilhante, mas jamais reconhecida pelo chefe incompetente. Certo dia, recebe uma liga\u00e7\u00e3o misteriosa. Depois do susto de ser encapuzada, conhece Manitas del Monte (Karla Sof\u00eda Gasc\u00f3n), l\u00edder de um cartel de tr\u00e1fico de drogas que faz um pedido inusitado: Rita vai ficar rica se ajud\u00e1-lo a fazer o processo de redesigna\u00e7\u00e3o de g\u00eanero. \u00c9 assim que nasce Emilia P\u00e9rez (Karla Sof\u00eda Gasc\u00f3n).<\/p>&#13;\n&#13;\n<p>Anos depois, Emilia procura Rita novamente porque sente falta de seus filhos com Jessi (Selena Gomez) \u2013 a fam\u00edlia foi despachada para a Su\u00ed\u00e7a depois de Manitas forjar sua morte.<\/p>&#13;\n&#13;\n<p>Os meninos e Jessi voltam a morar na Cidade do M\u00e9xico, onde Emilia e Rita come\u00e7am a ajudar as fam\u00edlias de desaparecidos pela guerra do tr\u00e1fico, estimados em mais de 100 mil.<\/p>&#13;\n&#13;\n<ul class=\"wp-block-list\">&#13;\n<li><strong>Leia tamb\u00e9m: <a href=\"https:\/\/www.filmelier.com\/br\/noticias\/coppola-megalopolis-cannes\">Coppola sobre EUA: \u201cNossa democracia parece com Roma quando perdeu sua Rep\u00fablica\u201d<\/a><\/strong><\/li>&#13;\n<\/ul>&#13;\n<figure id=\"attachment_44528\" aria-describedby=\"caption-attachment-44528\" style=\"width: 800px\" class=\"wp-caption alignnone\"><img fetchpriority=\"high\" decoding=\"async\" class=\"wp-image-44528 size-full\" src=\"https:\/\/news.filmelier.com\/wp-content\/uploads\/2024\/05\/emilia-perez-cannes-2024.jpg\" alt=\"O elenco feminino de Emilia P&#xE9;rez foi reconhecido de maneira emblem&#xE1;tica (Cr&#xE9;dito: Cannes)\" width=\"800\" height=\"450\" srcset=\"https:\/\/news.filmelier.com\/wp-content\/uploads\/2024\/05\/emilia-perez-cannes-2024.jpg 800w, https:\/\/news.filmelier.com\/wp-content\/uploads\/2024\/05\/emilia-perez-cannes-2024-300x169.jpg 300w, https:\/\/news.filmelier.com\/wp-content\/uploads\/2024\/05\/emilia-perez-cannes-2024-768x432.jpg 768w, https:\/\/news.filmelier.com\/wp-content\/uploads\/2024\/05\/emilia-perez-cannes-2024-150x84.jpg 150w\" sizes=\"(max-width: 800px) 100vw, 800px\" \/><figcaption id=\"caption-attachment-44528\" class=\"wp-caption-text\"><em>Zoe Salda\u00f1a brilha com um papel diferente do que estamos acostumados em Emilia P\u00e9rez (Cr\u00e9dito: Why Not Productions)<\/em><\/figcaption><\/figure>&#13;\n&#13;\n<h2>Cr\u00edtica de <em>Em\u00edlia Perez<\/em>: filme \u00e9 mistura de g\u00eaneros focado no feminino<\/h2>&#13;\n<p>Audiard faz um filme sobre a viol\u00eancia do tr\u00e1fico de drogas totalmente focado no feminino \u2013 os papeis masculinos s\u00e3o raros e breves, seja Gustavo (\u00c9dgar Ramirez), o novo namorado de Jessi, ou o Dr. Wasserman (Mark Ivanir), respons\u00e1vel pelas cirurgias de Manitas.<\/p>&#13;\n&#13;\n<p>As can\u00e7\u00f5es compostas por Camille e Cl\u00e9ment Ducol mistura estilos, fazendo cr\u00edtica social, trazendo do\u00e7ura e gra\u00e7a, sem medo de avan\u00e7ar sobre as fronteiras do rid\u00edculo.<\/p>&#13;\n&#13;\n<p><em>Emilia P\u00e9rez<\/em> tamb\u00e9m n\u00e3o teme passear pelos g\u00eaneros: thriller, musical, melodrama, noir, realismo social, telenovela, tudo para falar de personagens em busca de reden\u00e7\u00e3o.<\/p>&#13;\n&#13;\n<p>Com tantas ousadias formais e tem\u00e1ticas, o filme abre espa\u00e7o para suas atrizes brilharem. Zoe Salda\u00f1a tem uma oportunidade rara em sua carreira, marcada por filmes de a\u00e7\u00e3o. Ela canta, dan\u00e7a, abra\u00e7a sua latinidade, vai bem no drama e nos momentos mais suaves. E Karla Sof\u00eda Gasc\u00f3n brilha no papel duplo de Manitas e Emilia, uma personagem que tenta salvar sua alma, sem saber se isso \u00e9 poss\u00edvel.<\/p>&#13;\n&#13;\n<p>Ela equilibra-se com delicadeza entre a felicidade de finalmente viver sua verdade e a tristeza de esconder quem \u00e9 dos filhos. Se <em>Emilia P\u00e9rez<\/em> n\u00e3o levar pr\u00eamios mais importantes, Karla Sof\u00eda Gasc\u00f3n tem tudo para ser a primeira mulher trans a levar o pr\u00eamio de atriz em Cannes.<\/p>&#13;\n<h2>Confira nossa cobertura completa do Festival de Cannes 2024:<\/h2>&#13;\n<ul>&#13;\n<li><a href=\"https:\/\/www.filmelier.com\/br\/noticias\/anora-cannes-2024-palma-de-ouro\" target=\"_blank\" rel=\"noreferrer noopener\"><strong><i>Anora<\/i>, vencedor da Palma de Ouro em Cannes, \u00e9 filme quase perfeito que humaniza stripper<\/strong><\/a><\/li>&#13;\n<li><strong><a href=\"https:\/\/www.filmelier.com\/br\/noticias\/the-seed-of-the-sacred-fig-cannes\" target=\"_blank\" rel=\"noreferrer noopener\"><i>The Seed of the Sacred Fig<\/i>: Filme de cineasta iraniano condenado \u00e0 pris\u00e3o arrebata Cannes 2024 e vira favorito<\/a><\/strong><\/li>&#13;\n<li><strong><a href=\"https:\/\/www.filmelier.com\/br\/noticias\/motel-destino-cannes-2024\" target=\"_blank\" rel=\"noreferrer noopener\"><i>Motel Destino<\/i> brinca com o noir, mas funciona melhor como explora\u00e7\u00e3o sensorial<\/a><\/strong><\/li>&#13;\n<li><strong><a href=\"https:\/\/www.filmelier.com\/br\/noticias\/baby-ricardo-teodoro-cannes-2024\" target=\"_blank\" rel=\"noreferrer noopener\"><i>Baby<\/i>: Ricardo Teodoro vence pr\u00eamio de Melhor Ator Revela\u00e7\u00e3o em Cannes<\/a><\/strong><\/li>&#13;\n<li><strong><a href=\"https:\/\/www.filmelier.com\/br\/noticias\/tipos-de-gentileza-cannes-2024\" target=\"_blank\" rel=\"noreferrer noopener\">Yorgos Lanthimos volta ao cinismo com <i>Tipos de Gentileza<\/i><\/a><\/strong><\/li>&#13;\n<li><strong><a href=\"https:\/\/www.filmelier.com\/br\/noticias\/coppola-megalopolis-cannes\" target=\"_blank\" rel=\"noreferrer noopener\">Coppola sobre EUA: &#8220;Nossa democracia parece com Roma quando perdeu sua Rep\u00fablica&#8221;<\/a><\/strong><\/li>&#13;\n<li><strong><a href=\"https:\/\/www.filmelier.com\/br\/noticias\/critica-wild-diamond-cannes-2024\" target=\"_blank\" rel=\"noreferrer noopener\">Cr\u00edtica de <i>Wild Diamond<\/i>: adolescente usa beleza como arma em filme de Cannes 2024<\/a><\/strong><\/li>&#13;\n<li><strong><a href=\"https:\/\/www.filmelier.com\/br\/noticias\/critica-the-second-act-cannes-2024\" target=\"_blank\" rel=\"noreferrer noopener\">Filme de abertura de Cannes, <i>The Second Act<\/i> tenta fazer gra\u00e7a com IA e cultura do cancelamento<\/a><\/strong><\/li>&#13;\n<li><strong><a href=\"https:\/\/www.filmelier.com\/br\/noticias\/greta-gerwig-metoo-cannes-2024\" target=\"_blank\" rel=\"noreferrer noopener\">Greta Gerwig em Cannes: &#8220;Eu vi mudan\u00e7as substanciais com o #MeToo&#8221;<\/a><\/strong><\/li>&#13;\n<\/ul>&#13;\n","protected":false},"excerpt":{"rendered":"<p>Filme \u00e9 um thriller musical com Selena Gomez, Zoe Salda\u00f1a e Karla Sof\u00eda Gasc\u00f3n <\/p>\n","protected":false},"author":28,"featured_media":49710,"comment_status":"closed","ping_status":"open","sticky":false,"template":"","format":"standard","meta":{"_acf_changed":false,"footnotes":""},"categories":[3481,3482],"tags":[],"class_list":["post-49802","post","type-post","status-publish","format-standard","has-post-thumbnail","hentry","category-criticas-br","category-filmes-br"],"acf":{"subtitulo":"Filme \u00e9 um thriller musical com Selena Gomez, Zoe Salda\u00f1a e Karla Sof\u00eda Gasc\u00f3n ","id_ator":""},"yoast_head":"<!-- This site is optimized with the Yoast SEO plugin v26.1.1 - https:\/\/yoast.com\/wordpress\/plugins\/seo\/ -->\n<title>&#039;Emilia P\u00e9rez&#039; \u00e9 o primeiro favorito do Festival de Cannes - News Filmelier<\/title>\n<meta name=\"description\" content=\"Filme \u00e9 um thriller musical com Selena Gomez, Zoe Salda\u00f1a e Karla Sof\u00eda Gasc\u00f3n\" \/>\n<meta name=\"robots\" content=\"index, follow, max-snippet:-1, max-image-preview:large, max-video-preview:-1\" \/>\n<link rel=\"canonical\" href=\"https:\/\/news.filmelier.com\/br\/emilia-perez-cannes-2024\/\" \/>\n<meta property=\"og:locale\" content=\"pt_BR\" \/>\n<meta property=\"og:type\" content=\"article\" \/>\n<meta property=\"og:title\" content=\"&#039;Emilia P\u00e9rez&#039; \u00e9 o primeiro favorito do Festival de Cannes - News Filmelier\" \/>\n<meta property=\"og:description\" content=\"Filme \u00e9 um thriller musical com Selena Gomez, Zoe Salda\u00f1a e Karla Sof\u00eda Gasc\u00f3n\" \/>\n<meta property=\"og:url\" content=\"https:\/\/news.filmelier.com\/br\/emilia-perez-cannes-2024\/\" \/>\n<meta property=\"og:site_name\" content=\"News Filmelier\" \/>\n<meta property=\"article:published_time\" content=\"2024-05-20T18:28:57+00:00\" \/>\n<meta property=\"article:modified_time\" content=\"2025-08-21T17:20:22+00:00\" \/>\n<meta property=\"og:image\" content=\"https:\/\/homolog.news.filmelier.com\/wp-content\/uploads\/2025\/03\/emilia-perez-zoe-saldana-selena-gomez-karla-sofia-gascon.webp\" \/>\n\t<meta property=\"og:image:width\" content=\"750\" \/>\n\t<meta property=\"og:image:height\" content=\"500\" \/>\n\t<meta property=\"og:image:type\" content=\"image\/webp\" \/>\n<meta name=\"author\" content=\"Mariane Morisawa\" \/>\n<meta name=\"twitter:card\" content=\"summary_large_image\" \/>\n<meta name=\"twitter:label1\" content=\"Escrito por\" \/>\n\t<meta name=\"twitter:data1\" content=\"Mariane Morisawa\" \/>\n\t<meta name=\"twitter:label2\" content=\"Est. tempo de leitura\" \/>\n\t<meta name=\"twitter:data2\" content=\"4 minutos\" \/>\n<script type=\"application\/ld+json\" class=\"yoast-schema-graph\">{\"@context\":\"https:\/\/schema.org\",\"@graph\":[{\"@type\":\"Article\",\"@id\":\"https:\/\/news.filmelier.com\/br\/emilia-perez-cannes-2024\/#article\",\"isPartOf\":{\"@id\":\"https:\/\/news.filmelier.com\/br\/emilia-perez-cannes-2024\/\"},\"author\":{\"name\":\"Mariane Morisawa\",\"@id\":\"https:\/\/homolog.news.filmelier.com\/br\/#\/schema\/person\/d3754049399630d7144ed2033a96986f\"},\"headline\":\"&#8216;Emilia P\u00e9rez&#8217; \u00e9 o primeiro favorito do Festival de Cannes\",\"datePublished\":\"2024-05-20T18:28:57+00:00\",\"dateModified\":\"2025-08-21T17:20:22+00:00\",\"mainEntityOfPage\":{\"@id\":\"https:\/\/news.filmelier.com\/br\/emilia-perez-cannes-2024\/\"},\"wordCount\":736,\"publisher\":{\"@id\":\"https:\/\/homolog.news.filmelier.com\/br\/#organization\"},\"image\":{\"@id\":\"https:\/\/news.filmelier.com\/br\/emilia-perez-cannes-2024\/#primaryimage\"},\"thumbnailUrl\":\"https:\/\/news.filmelier.com\/wp-content\/uploads\/2025\/03\/emilia-perez-zoe-saldana-selena-gomez-karla-sofia-gascon.webp\",\"articleSection\":[\"Cr\u00edticas\",\"Filmes\"],\"inLanguage\":\"pt-BR\"},{\"@type\":\"WebPage\",\"@id\":\"https:\/\/news.filmelier.com\/br\/emilia-perez-cannes-2024\/\",\"url\":\"https:\/\/news.filmelier.com\/br\/emilia-perez-cannes-2024\/\",\"name\":\"'Emilia P\u00e9rez' \u00e9 o primeiro favorito do Festival de Cannes - News Filmelier\",\"isPartOf\":{\"@id\":\"https:\/\/homolog.news.filmelier.com\/br\/#website\"},\"primaryImageOfPage\":{\"@id\":\"https:\/\/news.filmelier.com\/br\/emilia-perez-cannes-2024\/#primaryimage\"},\"image\":{\"@id\":\"https:\/\/news.filmelier.com\/br\/emilia-perez-cannes-2024\/#primaryimage\"},\"thumbnailUrl\":\"https:\/\/news.filmelier.com\/wp-content\/uploads\/2025\/03\/emilia-perez-zoe-saldana-selena-gomez-karla-sofia-gascon.webp\",\"datePublished\":\"2024-05-20T18:28:57+00:00\",\"dateModified\":\"2025-08-21T17:20:22+00:00\",\"description\":\"Filme \u00e9 um thriller musical com Selena Gomez, Zoe Salda\u00f1a e Karla Sof\u00eda Gasc\u00f3n\",\"breadcrumb\":{\"@id\":\"https:\/\/news.filmelier.com\/br\/emilia-perez-cannes-2024\/#breadcrumb\"},\"inLanguage\":\"pt-BR\",\"potentialAction\":[{\"@type\":\"ReadAction\",\"target\":[\"https:\/\/news.filmelier.com\/br\/emilia-perez-cannes-2024\/\"]}]},{\"@type\":\"ImageObject\",\"inLanguage\":\"pt-BR\",\"@id\":\"https:\/\/news.filmelier.com\/br\/emilia-perez-cannes-2024\/#primaryimage\",\"url\":\"https:\/\/news.filmelier.com\/wp-content\/uploads\/2025\/03\/emilia-perez-zoe-saldana-selena-gomez-karla-sofia-gascon.webp\",\"contentUrl\":\"https:\/\/news.filmelier.com\/wp-content\/uploads\/2025\/03\/emilia-perez-zoe-saldana-selena-gomez-karla-sofia-gascon.webp\",\"width\":750,\"height\":500,\"caption\":\"Atrizes principais de Emilia P\u00e9rez - da esquerda \u00e0 direita - Zoe Saldana, Selena Gomez e Karla Sof\u00eda Gasc\u00f3n (Cr\u00e9ditos: Divulga\u00e7\u00e3o)\"},{\"@type\":\"BreadcrumbList\",\"@id\":\"https:\/\/news.filmelier.com\/br\/emilia-perez-cannes-2024\/#breadcrumb\",\"itemListElement\":[{\"@type\":\"ListItem\",\"position\":1,\"name\":\"In\u00edcio\",\"item\":\"https:\/\/homolog.news.filmelier.com\/br\/\"},{\"@type\":\"ListItem\",\"position\":2,\"name\":\"&#8216;Emilia P\u00e9rez&#8217; \u00e9 o primeiro favorito do Festival de Cannes\"}]},{\"@type\":\"WebSite\",\"@id\":\"https:\/\/homolog.news.filmelier.com\/br\/#website\",\"url\":\"https:\/\/homolog.news.filmelier.com\/br\/\",\"name\":\"Homolog Filmelier News Rankrup\",\"description\":\"\",\"publisher\":{\"@id\":\"https:\/\/homolog.news.filmelier.com\/br\/#organization\"},\"potentialAction\":[{\"@type\":\"SearchAction\",\"target\":{\"@type\":\"EntryPoint\",\"urlTemplate\":\"https:\/\/homolog.news.filmelier.com\/br\/?s={search_term_string}\"},\"query-input\":{\"@type\":\"PropertyValueSpecification\",\"valueRequired\":true,\"valueName\":\"search_term_string\"}}],\"inLanguage\":\"pt-BR\"},{\"@type\":\"Organization\",\"@id\":\"https:\/\/homolog.news.filmelier.com\/br\/#organization\",\"name\":\"Homolog Filmelier News Rankrup\",\"url\":\"https:\/\/homolog.news.filmelier.com\/br\/\",\"logo\":{\"@type\":\"ImageObject\",\"inLanguage\":\"pt-BR\",\"@id\":\"https:\/\/homolog.news.filmelier.com\/br\/#\/schema\/logo\/image\/\",\"url\":\"https:\/\/news.filmelier.com\/wp-content\/uploads\/2024\/11\/Logo-News.png\",\"contentUrl\":\"https:\/\/news.filmelier.com\/wp-content\/uploads\/2024\/11\/Logo-News.png\",\"width\":460,\"height\":108,\"caption\":\"Homolog Filmelier News Rankrup\"},\"image\":{\"@id\":\"https:\/\/homolog.news.filmelier.com\/br\/#\/schema\/logo\/image\/\"}},{\"@type\":\"Person\",\"@id\":\"https:\/\/homolog.news.filmelier.com\/br\/#\/schema\/person\/d3754049399630d7144ed2033a96986f\",\"name\":\"Mariane Morisawa\",\"image\":{\"@type\":\"ImageObject\",\"inLanguage\":\"pt-BR\",\"@id\":\"https:\/\/homolog.news.filmelier.com\/br\/#\/schema\/person\/image\/\",\"url\":\"https:\/\/secure.gravatar.com\/avatar\/30ff3f3bd59014fe9f42444b158aae0449ce4aeb62a5a63bb7aeb85dba940df8?s=96&d=mm&r=g\",\"contentUrl\":\"https:\/\/secure.gravatar.com\/avatar\/30ff3f3bd59014fe9f42444b158aae0449ce4aeb62a5a63bb7aeb85dba940df8?s=96&d=mm&r=g\",\"caption\":\"Mariane Morisawa\"},\"description\":\"Mariane Morisawa is a journalist and film critic, member of Abraccine (Brazilian Association of Film Critics) and Golden Globe voter. She contributes to publications such as O Estado de S. Paulo, Elle, Veja and Filmelier. She was a correspondent in Los Angeles for eight years and covers national and international festivals. In 2025, she will cover her 15th Cannes Film Festival for Filmelier.\",\"sameAs\":[\"https:\/\/www.filmelier.com\/br\/autor\/mariane-morisawa\"],\"url\":\"https:\/\/news.filmelier.com\/br\/author\/marianne-morisawa\/\"}]}<\/script>\n<!-- \/ Yoast SEO plugin. -->","yoast_head_json":{"title":"'Emilia P\u00e9rez' \u00e9 o primeiro favorito do Festival de Cannes - News Filmelier","description":"Filme \u00e9 um thriller musical com Selena Gomez, Zoe Salda\u00f1a e Karla Sof\u00eda Gasc\u00f3n","robots":{"index":"index","follow":"follow","max-snippet":"max-snippet:-1","max-image-preview":"max-image-preview:large","max-video-preview":"max-video-preview:-1"},"canonical":"https:\/\/news.filmelier.com\/br\/emilia-perez-cannes-2024\/","og_locale":"pt_BR","og_type":"article","og_title":"'Emilia P\u00e9rez' \u00e9 o primeiro favorito do Festival de Cannes - News Filmelier","og_description":"Filme \u00e9 um thriller musical com Selena Gomez, Zoe Salda\u00f1a e Karla Sof\u00eda Gasc\u00f3n","og_url":"https:\/\/news.filmelier.com\/br\/emilia-perez-cannes-2024\/","og_site_name":"News Filmelier","article_published_time":"2024-05-20T18:28:57+00:00","article_modified_time":"2025-08-21T17:20:22+00:00","og_image":[{"width":750,"height":500,"url":"https:\/\/homolog.news.filmelier.com\/wp-content\/uploads\/2025\/03\/emilia-perez-zoe-saldana-selena-gomez-karla-sofia-gascon.webp","type":"image\/webp"}],"author":"Mariane Morisawa","twitter_card":"summary_large_image","twitter_misc":{"Escrito por":"Mariane Morisawa","Est. tempo de leitura":"4 minutos"},"schema":{"@context":"https:\/\/schema.org","@graph":[{"@type":"Article","@id":"https:\/\/news.filmelier.com\/br\/emilia-perez-cannes-2024\/#article","isPartOf":{"@id":"https:\/\/news.filmelier.com\/br\/emilia-perez-cannes-2024\/"},"author":{"name":"Mariane Morisawa","@id":"https:\/\/homolog.news.filmelier.com\/br\/#\/schema\/person\/d3754049399630d7144ed2033a96986f"},"headline":"&#8216;Emilia P\u00e9rez&#8217; \u00e9 o primeiro favorito do Festival de Cannes","datePublished":"2024-05-20T18:28:57+00:00","dateModified":"2025-08-21T17:20:22+00:00","mainEntityOfPage":{"@id":"https:\/\/news.filmelier.com\/br\/emilia-perez-cannes-2024\/"},"wordCount":736,"publisher":{"@id":"https:\/\/homolog.news.filmelier.com\/br\/#organization"},"image":{"@id":"https:\/\/news.filmelier.com\/br\/emilia-perez-cannes-2024\/#primaryimage"},"thumbnailUrl":"https:\/\/news.filmelier.com\/wp-content\/uploads\/2025\/03\/emilia-perez-zoe-saldana-selena-gomez-karla-sofia-gascon.webp","articleSection":["Cr\u00edticas","Filmes"],"inLanguage":"pt-BR"},{"@type":"WebPage","@id":"https:\/\/news.filmelier.com\/br\/emilia-perez-cannes-2024\/","url":"https:\/\/news.filmelier.com\/br\/emilia-perez-cannes-2024\/","name":"'Emilia P\u00e9rez' \u00e9 o primeiro favorito do Festival de Cannes - News Filmelier","isPartOf":{"@id":"https:\/\/homolog.news.filmelier.com\/br\/#website"},"primaryImageOfPage":{"@id":"https:\/\/news.filmelier.com\/br\/emilia-perez-cannes-2024\/#primaryimage"},"image":{"@id":"https:\/\/news.filmelier.com\/br\/emilia-perez-cannes-2024\/#primaryimage"},"thumbnailUrl":"https:\/\/news.filmelier.com\/wp-content\/uploads\/2025\/03\/emilia-perez-zoe-saldana-selena-gomez-karla-sofia-gascon.webp","datePublished":"2024-05-20T18:28:57+00:00","dateModified":"2025-08-21T17:20:22+00:00","description":"Filme \u00e9 um thriller musical com Selena Gomez, Zoe Salda\u00f1a e Karla Sof\u00eda Gasc\u00f3n","breadcrumb":{"@id":"https:\/\/news.filmelier.com\/br\/emilia-perez-cannes-2024\/#breadcrumb"},"inLanguage":"pt-BR","potentialAction":[{"@type":"ReadAction","target":["https:\/\/news.filmelier.com\/br\/emilia-perez-cannes-2024\/"]}]},{"@type":"ImageObject","inLanguage":"pt-BR","@id":"https:\/\/news.filmelier.com\/br\/emilia-perez-cannes-2024\/#primaryimage","url":"https:\/\/news.filmelier.com\/wp-content\/uploads\/2025\/03\/emilia-perez-zoe-saldana-selena-gomez-karla-sofia-gascon.webp","contentUrl":"https:\/\/news.filmelier.com\/wp-content\/uploads\/2025\/03\/emilia-perez-zoe-saldana-selena-gomez-karla-sofia-gascon.webp","width":750,"height":500,"caption":"Atrizes principais de Emilia P\u00e9rez - da esquerda \u00e0 direita - Zoe Saldana, Selena Gomez e Karla Sof\u00eda Gasc\u00f3n (Cr\u00e9ditos: Divulga\u00e7\u00e3o)"},{"@type":"BreadcrumbList","@id":"https:\/\/news.filmelier.com\/br\/emilia-perez-cannes-2024\/#breadcrumb","itemListElement":[{"@type":"ListItem","position":1,"name":"In\u00edcio","item":"https:\/\/homolog.news.filmelier.com\/br\/"},{"@type":"ListItem","position":2,"name":"&#8216;Emilia P\u00e9rez&#8217; \u00e9 o primeiro favorito do Festival de Cannes"}]},{"@type":"WebSite","@id":"https:\/\/homolog.news.filmelier.com\/br\/#website","url":"https:\/\/homolog.news.filmelier.com\/br\/","name":"Homolog Filmelier News Rankrup","description":"","publisher":{"@id":"https:\/\/homolog.news.filmelier.com\/br\/#organization"},"potentialAction":[{"@type":"SearchAction","target":{"@type":"EntryPoint","urlTemplate":"https:\/\/homolog.news.filmelier.com\/br\/?s={search_term_string}"},"query-input":{"@type":"PropertyValueSpecification","valueRequired":true,"valueName":"search_term_string"}}],"inLanguage":"pt-BR"},{"@type":"Organization","@id":"https:\/\/homolog.news.filmelier.com\/br\/#organization","name":"Homolog Filmelier News Rankrup","url":"https:\/\/homolog.news.filmelier.com\/br\/","logo":{"@type":"ImageObject","inLanguage":"pt-BR","@id":"https:\/\/homolog.news.filmelier.com\/br\/#\/schema\/logo\/image\/","url":"https:\/\/news.filmelier.com\/wp-content\/uploads\/2024\/11\/Logo-News.png","contentUrl":"https:\/\/news.filmelier.com\/wp-content\/uploads\/2024\/11\/Logo-News.png","width":460,"height":108,"caption":"Homolog Filmelier News Rankrup"},"image":{"@id":"https:\/\/homolog.news.filmelier.com\/br\/#\/schema\/logo\/image\/"}},{"@type":"Person","@id":"https:\/\/homolog.news.filmelier.com\/br\/#\/schema\/person\/d3754049399630d7144ed2033a96986f","name":"Mariane Morisawa","image":{"@type":"ImageObject","inLanguage":"pt-BR","@id":"https:\/\/homolog.news.filmelier.com\/br\/#\/schema\/person\/image\/","url":"https:\/\/secure.gravatar.com\/avatar\/30ff3f3bd59014fe9f42444b158aae0449ce4aeb62a5a63bb7aeb85dba940df8?s=96&d=mm&r=g","contentUrl":"https:\/\/secure.gravatar.com\/avatar\/30ff3f3bd59014fe9f42444b158aae0449ce4aeb62a5a63bb7aeb85dba940df8?s=96&d=mm&r=g","caption":"Mariane Morisawa"},"description":"Mariane Morisawa is a journalist and film critic, member of Abraccine (Brazilian Association of Film Critics) and Golden Globe voter. She contributes to publications such as O Estado de S. Paulo, Elle, Veja and Filmelier. She was a correspondent in Los Angeles for eight years and covers national and international festivals. In 2025, she will cover her 15th Cannes Film Festival for Filmelier.","sameAs":["https:\/\/www.filmelier.com\/br\/autor\/mariane-morisawa"],"url":"https:\/\/news.filmelier.com\/br\/author\/marianne-morisawa\/"}]}},"_links":{"self":[{"href":"https:\/\/news.filmelier.com\/br\/wp-json\/wp\/v2\/posts\/49802","targetHints":{"allow":["GET"]}}],"collection":[{"href":"https:\/\/news.filmelier.com\/br\/wp-json\/wp\/v2\/posts"}],"about":[{"href":"https:\/\/news.filmelier.com\/br\/wp-json\/wp\/v2\/types\/post"}],"author":[{"embeddable":true,"href":"https:\/\/news.filmelier.com\/br\/wp-json\/wp\/v2\/users\/28"}],"replies":[{"embeddable":true,"href":"https:\/\/news.filmelier.com\/br\/wp-json\/wp\/v2\/comments?post=49802"}],"version-history":[{"count":2,"href":"https:\/\/news.filmelier.com\/br\/wp-json\/wp\/v2\/posts\/49802\/revisions"}],"predecessor-version":[{"id":56806,"href":"https:\/\/news.filmelier.com\/br\/wp-json\/wp\/v2\/posts\/49802\/revisions\/56806"}],"wp:featuredmedia":[{"embeddable":true,"href":"https:\/\/news.filmelier.com\/br\/wp-json\/wp\/v2\/media\/49710"}],"wp:attachment":[{"href":"https:\/\/news.filmelier.com\/br\/wp-json\/wp\/v2\/media?parent=49802"}],"wp:term":[{"taxonomy":"category","embeddable":true,"href":"https:\/\/news.filmelier.com\/br\/wp-json\/wp\/v2\/categories?post=49802"},{"taxonomy":"post_tag","embeddable":true,"href":"https:\/\/news.filmelier.com\/br\/wp-json\/wp\/v2\/tags?post=49802"}],"curies":[{"name":"wp","href":"https:\/\/api.w.org\/{rel}","templated":true}]}}