{"id":49790,"date":"2024-05-25T12:42:00","date_gmt":"2024-05-25T15:42:00","guid":{"rendered":"https:\/\/news.filmelier.com\/the-seed-of-the-sacred-fig-cannes\/"},"modified":"2025-08-19T16:31:44","modified_gmt":"2025-08-19T19:31:44","slug":"the-seed-of-the-sacred-fig-cannes","status":"publish","type":"post","link":"https:\/\/news.filmelier.com\/br\/the-seed-of-the-sacred-fig-cannes\/","title":{"rendered":"&#8216;The Seed of the Sacred Fig&#8217;: Filme de cineasta iraniano condenado \u00e0 pris\u00e3o arrebata Cannes 2024 e vira favorito"},"content":{"rendered":"&#13;\n<p>Acontece um fen\u00f4meno interessante no <a href=\"https:\/\/www.filmelier.com\/br\/festival\/cannes\" rel=\"noreferrer noopener\">Festival de Cannes<\/a>. Em alguns anos, h\u00e1 apenas filmes favoritos. Qualquer um deles pode levar a Palma de Ouro e os demais pr\u00eamios. Em outros, um filme \u00e9 exibido e ningu\u00e9m tem d\u00favida: \u00e9 a Palma de Ouro. Foi assim quando <em><a href=\"https:\/\/www.filmelier.com\/br\/filmes\/1398\/a-fita-branca\" target=\"_blank\" rel=\"noreferrer noopener\">A Fita Branca<\/a><\/em> levou em 2009. Ou com <em><a href=\"https:\/\/www.filmelier.com\/br\/filmes\/8169\/parasita\" target=\"_blank\" rel=\"noreferrer noopener\">Parasita<\/a><\/em>, em 2019. A 77\u00aa edi\u00e7\u00e3o ganhou a sua Palma de Ouro em seu \u00faltimo dia e pen\u00faltimo filme: <a href=\"https:\/\/www.filmelier.com\/br\/filmes\/25592\/a-semente-do-fruto-sagrado\"><em><strong>The Seed of the Sacred Fig<\/strong><\/em><\/a> (<strong><em>A Semente do Fruto Sagrado<\/em><\/strong>), do iraniano Mohammad Rasoulof, que venceu o Urso de Ouro em Berlim em 2020 com <a href=\"https:\/\/www.filmelier.com\/br\/filmes\/16226\/nao-ha-mal-algum\"><em>N\u00e3o H\u00e1 Mal Algum<\/em><\/a>.<\/p>&#13;\n<p><iframe title=\"THE SEED OF THE SACRED FIG \u2013 Red Carpet \u2013 English \u2013 Cannes 2024\" width=\"800\" height=\"450\" src=\"https:\/\/www.youtube.com\/embed\/_DFlevaHI_c?feature=oembed\" frameborder=\"0\" allow=\"accelerometer; autoplay; clipboard-write; encrypted-media; gyroscope; picture-in-picture; web-share\" referrerpolicy=\"strict-origin-when-cross-origin\" allowfullscreen><\/iframe><\/p>&#13;\n&#13;\n<ul class=\"wp-block-list\">&#13;\n<li><strong>Leia tamb\u00e9m: <a href=\"https:\/\/www.filmelier.com\/br\/noticias\/furiosa-critica-filme\" target=\"_blank\" rel=\"noreferrer noopener\">Cr\u00edtica: <em>Furiosa<\/em> traz charme visual de George Miller em roteiro ca\u00f3tico<\/a><\/strong><\/li>&#13;\n<\/ul>&#13;\n&#13;\n<p>Rasoulof fez barulho antes mesmo de chegar ao <a href=\"https:\/\/www.filmelier.com\/br\/list\/cannes-2024-filmes-do-festival\" target=\"_blank\" rel=\"noreferrer noopener\">Festival de Cannes 2024<\/a>. No dia 8 de maio, o cineasta foi sentenciado a oito anos de pris\u00e3o, chibatadas, multa e confisco de propriedades. O diretor j\u00e1 tinha sido preso antes e teve o passaporte confiscado, sempre por causa de seus filmes ou por protestar a\u00e7\u00f5es do governo iraniano. Quando ganhou o Urso de Ouro, ele n\u00e3o p\u00f4de comparecer, por exemplo.<\/p>&#13;\n<h2>Diretor e equipe foram exilados do Ir\u00e3<\/h2>&#13;\n&#13;\n<p>Membros de sua equipe e elenco foram interrogados, e Rasoulof foi pressionado a retirar <em>A Semente do Fruto Sagrado<\/em>\u00a0de Cannes. No dia 13 de maio, Jean-Christophe Simon, CEO da Films Boutique e da Parallel45, anunciou que Rasoulof tinha deixado o Ir\u00e3 a p\u00e9 e estava em um pa\u00eds europeu, \u00e0 espera de asilo. Pouco depois, o Festival de Cannes teve a confirma\u00e7\u00e3o de que ele participaria da gala e das atividades oficiais.<\/p>&#13;\n&#13;\n<p>Assistindo a <em>A Semente do Fruto Sagrado<\/em>, d\u00e1 para entender a inquieta\u00e7\u00e3o do governo iraniano \u2013 lembrando que o presidente Ebrahim Raisi morreu em um acidente de helic\u00f3ptero no dia 20. Rasoulof sempre foi cr\u00edtico ao regime isl\u00e2mico. <em>N\u00e3o H\u00e1 Mal Algum<\/em> trata da pena de morte no pa\u00eds autorit\u00e1rio. Mas seu novo filme \u00e9 uma paulada no governo e uma tremenda demonstra\u00e7\u00e3o de coragem do diretor.<\/p>&#13;\n&#13;\n<h2 class=\"wp-block-heading\"><em>A Semente do Fruto Sagrado<\/em>: Ir\u00e3 entre o patriarcado e revoltas femininas<\/h2>&#13;\n&#13;\n<p>Os protestos contra a morte de Mahsa Amini sob cust\u00f3dia policial, depois de ela ser presa por usar o hijab de maneira incorreta, s\u00e3o vistos aqui sob o ponto de vista de uma fam\u00edlia. Iman (Misagh Zare) acaba de ser promovido a juiz investigador da Corte da Guarda Revolucion\u00e1ria quando a revolta feminina explode no pa\u00eds. Suas filhas, Rezvan (Mahsa Rostami) e Sana (Setareh Maleki), juntam-se \u00e0s outras mulheres, enquanto a m\u00e3e, Najmeh (Soheila Golestani), tenta manter a paz em casa.<\/p>&#13;\n&#13;\n<figure class=\"wp-block-image size-full\">&#13;\n<figcaption>&#13;\n<figure id=\"attachment_44476\" aria-describedby=\"caption-attachment-44476\" style=\"width: 800px\" class=\"wp-caption alignnone\"><img fetchpriority=\"high\" decoding=\"async\" class=\"wp-image-44476 size-full\" src=\"https:\/\/news.filmelier.com\/wp-content\/uploads\/2024\/05\/the-seed-of-the-sacred-fig-cannes-2024.jpg\" alt=\"The Seed of the Sacred Fig acompanha uma fam&#xED;lia iraniana no meio de revoltas femininas no pa&#xED;s \" width=\"800\" height=\"531\" srcset=\"https:\/\/news.filmelier.com\/wp-content\/uploads\/2024\/05\/the-seed-of-the-sacred-fig-cannes-2024.jpg 800w, https:\/\/news.filmelier.com\/wp-content\/uploads\/2024\/05\/the-seed-of-the-sacred-fig-cannes-2024-300x199.jpg 300w, https:\/\/news.filmelier.com\/wp-content\/uploads\/2024\/05\/the-seed-of-the-sacred-fig-cannes-2024-768x510.jpg 768w, https:\/\/news.filmelier.com\/wp-content\/uploads\/2024\/05\/the-seed-of-the-sacred-fig-cannes-2024-150x100.jpg 150w\" sizes=\"(max-width: 800px) 100vw, 800px\" \/><figcaption id=\"caption-attachment-44476\" class=\"wp-caption-text\"><em>A Semente do Fruto Sagrado acompanha uma fam\u00edlia iraniana no meio de revoltas femininas no pa\u00eds (Cr\u00e9dito: Festival de Cannes)<\/em><\/figcaption><\/figure>&#13;\n<\/figcaption>&#13;\n<\/figure>&#13;\n&#13;\n<ul>&#13;\n<li><strong>Leia mais:\u00a0<a href=\"https:\/\/news.filmelier.com\/critica-thunderbolts-filme-marvel\/\">Cr\u00edtica &#8211; <em>Thunderbolts<\/em> da Marvel, bom filme ou bom marketing?<\/a><\/strong><\/li>&#13;\n<\/ul>&#13;\n<p>Mas <em>A Semente do Fruto Sagrado<\/em>\u00a0n\u00e3o \u00e9 forte apenas politicamente, seja nos bastidores ou no tema que aborda. Ele \u00e9 arrojado tamb\u00e9m enquanto cinema, colocando o pai como s\u00edmbolo do governo iraniano e do patriarcado, em uma espiral paranoica que n\u00e3o poupa ningu\u00e9m.<\/p>&#13;\n&#13;\n<p>Em poucos minutos, o filme passa de thriller a terror e melodrama, com uma sequ\u00eancia final arrebatadora, complementada por imagens reais de pessoas sendo executadas e presas de maneira violenta \u2013 as estimativas chegam a cerca de 500 mortes e milhares de presos.<\/p>&#13;\n&#13;\n<p>Normalmente, aplausos na gala n\u00e3o querem dizer muita coisa. Mas nas sess\u00f5es de imprensa, sim. Rasoulof tem tudo para levar a Palma de Ouro com essa hist\u00f3ria feminista sobre o pavor do patriarcado do empoderamento feminino.<\/p>&#13;\n<h2>Confira a cr\u00edtica do Filmelier para <em>A Semente do Fruto Sagrado<\/em>:<\/h2>&#13;\n<blockquote class=\"instagram-media\" style=\"background: #FFF; border: 0; border-radius: 3px; box-shadow: 0 0 1px 0 rgba(0,0,0,0.5),0 1px 10px 0 rgba(0,0,0,0.15); margin: 1px; max-width: 540px; min-width: 326px; padding: 0; width: calc(100% - 2px);\" data-instgrm-captioned=\"\" data-instgrm-permalink=\"https:\/\/www.instagram.com\/reel\/DFBmPM2OzjL\/?utm_source=ig_embed&amp;utm_campaign=loading\" data-instgrm-version=\"14\">&#13;\n<div style=\"padding: 16px;\">&#13;\n<div style=\"display: flex; flex-direction: row; align-items: center;\">&#13;\n<div style=\"background-color: #f4f4f4; border-radius: 50%; flex-grow: 0; height: 40px; margin-right: 14px; width: 40px;\">\u00a0<\/div>&#13;\n<div style=\"display: flex; flex-direction: column; flex-grow: 1; justify-content: center;\">&#13;\n<div style=\"background-color: #f4f4f4; border-radius: 4px; flex-grow: 0; height: 14px; margin-bottom: 6px; width: 100px;\">\u00a0<\/div>&#13;\n<div style=\"background-color: #f4f4f4; border-radius: 4px; flex-grow: 0; height: 14px; width: 60px;\">\u00a0<\/div>&#13;\n<\/div>&#13;\n<\/div>&#13;\n<div style=\"padding: 19% 0;\">\u00a0<\/div>&#13;\n<div style=\"display: block; height: 50px; margin: 0 auto 12px; width: 50px;\">\u00a0<\/div>&#13;\n<div style=\"padding-top: 8px;\">&#13;\n<div style=\"color: #3897f0; font-family: Arial,sans-serif; font-size: 14px; font-style: normal; font-weight: 550; line-height: 18px;\">Ver essa foto no Instagram<\/div>&#13;\n<\/div>&#13;\n<div style=\"padding: 12.5% 0;\">\u00a0<\/div>&#13;\n<div style=\"display: flex; flex-direction: row; margin-bottom: 14px; align-items: center;\">&#13;\n<div>&#13;\n<div style=\"background-color: #f4f4f4; border-radius: 50%; height: 12.5px; width: 12.5px; transform: translateX(0px) translateY(7px);\">\u00a0<\/div>&#13;\n<div style=\"background-color: #f4f4f4; height: 12.5px; transform: rotate(-45deg) translateX(3px) translateY(1px); width: 12.5px; flex-grow: 0; margin-right: 14px; margin-left: 2px;\">\u00a0<\/div>&#13;\n<div style=\"background-color: #f4f4f4; border-radius: 50%; height: 12.5px; width: 12.5px; transform: translateX(9px) translateY(-18px);\">\u00a0<\/div>&#13;\n<\/div>&#13;\n<div style=\"margin-left: 8px;\">&#13;\n<div style=\"background-color: #f4f4f4; border-radius: 50%; flex-grow: 0; height: 20px; width: 20px;\">\u00a0<\/div>&#13;\n<div style=\"width: 0; height: 0; border-top: 2px solid transparent; border-left: 6px solid #f4f4f4; border-bottom: 2px solid transparent; transform: translateX(16px) translateY(-4px) rotate(30deg);\">\u00a0<\/div>&#13;\n<\/div>&#13;\n<div style=\"margin-left: auto;\">&#13;\n<div style=\"width: 0px; border-top: 8px solid #F4F4F4; border-right: 8px solid transparent; transform: translateY(16px);\">\u00a0<\/div>&#13;\n<div style=\"background-color: #f4f4f4; flex-grow: 0; height: 12px; width: 16px; transform: translateY(-4px);\">\u00a0<\/div>&#13;\n<div style=\"width: 0; height: 0; border-top: 8px solid #F4F4F4; border-left: 8px solid transparent; transform: translateY(-4px) translateX(8px);\">\u00a0<\/div>&#13;\n<\/div>&#13;\n<\/div>&#13;\n<div style=\"display: flex; flex-direction: column; flex-grow: 1; justify-content: center; margin-bottom: 24px;\">&#13;\n<div style=\"background-color: #f4f4f4; border-radius: 4px; flex-grow: 0; height: 14px; margin-bottom: 6px; width: 224px;\">\u00a0<\/div>&#13;\n<div style=\"background-color: #f4f4f4; border-radius: 4px; flex-grow: 0; height: 14px; width: 144px;\">\u00a0<\/div>&#13;\n<\/div>&#13;\n<p style=\"color: #c9c8cd; font-family: Arial,sans-serif; font-size: 14px; line-height: 17px; margin-bottom: 0; margin-top: 8px; overflow: hidden; padding: 8px 0 7px; text-align: center; text-overflow: ellipsis; white-space: nowrap;\"><a style=\"color: #c9c8cd; font-family: Arial,sans-serif; font-size: 14px; font-style: normal; font-weight: normal; line-height: 17px; text-decoration: none;\" href=\"https:\/\/www.instagram.com\/reel\/DFBmPM2OzjL\/?utm_source=ig_embed&amp;utm_campaign=loading\" target=\"_blank\" rel=\"noopener\">Uma publica\u00e7\u00e3o compartilhada por Filmelier Brasil (@filmelierbr)<\/a><\/p>&#13;\n<\/div>&#13;\n<\/blockquote>&#13;\n<p><script async=\"\" src=\"\/\/www.instagram.com\/embed.js\"><\/script><\/p>&#13;\n<h2>Al\u00e9m de <em>The Seed of the Sacred Fig<\/em>, confira nossa cobertura completa do Festival de Cannes 2024:<\/h2>&#13;\n&#13;\n<ul class=\"wp-block-list\">&#13;\n<li><strong><a href=\"https:\/\/www.filmelier.com\/br\/noticias\/motel-destino-cannes-2024\" target=\"_blank\" rel=\"noreferrer noopener\"><em>Motel Destino<\/em> brinca com o noir, mas funciona melhor como explora\u00e7\u00e3o sensorial<\/a><\/strong><\/li>&#13;\n<li><strong><a href=\"https:\/\/www.filmelier.com\/br\/noticias\/baby-ricardo-teodoro-cannes-2024\" target=\"_blank\" rel=\"noreferrer noopener\"><em>Baby<\/em>: Ricardo Teodoro vence pr\u00eamio de Melhor Ator Revela\u00e7\u00e3o em Cannes<\/a><\/strong><\/li>&#13;\n<li><strong><a href=\"https:\/\/www.filmelier.com\/br\/noticias\/emilia-perez-cannes-2024\" target=\"_blank\" rel=\"noreferrer noopener\"><em>Emilia P\u00e9rez<\/em> \u00e9 o primeiro favorito do Festival de Cannes<\/a><\/strong><\/li>&#13;\n<li><strong><a href=\"https:\/\/www.filmelier.com\/br\/noticias\/tipos-de-gentileza-cannes-2024\" target=\"_blank\" rel=\"noreferrer noopener\">Yorgos Lanthimos volta ao cinismo com <em>Tipos de Gentileza<\/em><\/a><\/strong><\/li>&#13;\n<li><strong><a href=\"https:\/\/www.filmelier.com\/br\/noticias\/coppola-megalopolis-cannes\" target=\"_blank\" rel=\"noreferrer noopener\">Coppola sobre EUA: \u201cNossa democracia parece com Roma quando perdeu sua Rep\u00fablica\u201d<\/a><\/strong><\/li>&#13;\n<li><strong><a href=\"https:\/\/www.filmelier.com\/br\/noticias\/critica-wild-diamond-cannes-2024\" target=\"_blank\" rel=\"noreferrer noopener\">Cr\u00edtica de <em>Wild Diamond<\/em>: adolescente usa beleza como arma em filme de Cannes 2024<\/a><\/strong><\/li>&#13;\n<li><strong><a href=\"https:\/\/www.filmelier.com\/br\/noticias\/critica-the-second-act-cannes-2024\" target=\"_blank\" rel=\"noreferrer noopener\">Filme de abertura de Cannes, <em>The Second Act<\/em> tenta fazer gra\u00e7a com IA e cultura do cancelamento<\/a><\/strong><\/li>&#13;\n<li><strong><a href=\"https:\/\/www.filmelier.com\/br\/noticias\/greta-gerwig-metoo-cannes-2024\" target=\"_blank\" rel=\"noreferrer noopener\">Greta Gerwig em Cannes: \u201cEu vi mudan\u00e7as substanciais com o #MeToo\u201d<\/a><\/strong><\/li>&#13;\n<\/ul>&#13;\n","protected":false},"excerpt":{"rendered":"<p>&#8216;The Seed of the Sacred Fig&#8217;, do iraniano Mohammad Rasoulof, vira favorito para vencer no Festival de Cannes 2024<\/p>\n","protected":false},"author":28,"featured_media":49784,"comment_status":"closed","ping_status":"open","sticky":false,"template":"","format":"standard","meta":{"_acf_changed":false,"footnotes":""},"categories":[3481,3482],"tags":[],"class_list":["post-49790","post","type-post","status-publish","format-standard","has-post-thumbnail","hentry","category-criticas-br","category-filmes-br"],"acf":{"subtitulo":"'The Seed of the Sacred Fig', do iraniano Mohammad Rasoulof, vira favorito para vencer no Festival de Cannes 2024","id_ator":""},"yoast_head":"<!-- This site is optimized with the Yoast SEO plugin v26.1.1 - https:\/\/yoast.com\/wordpress\/plugins\/seo\/ -->\n<title>The Seed of the Sacred Fig: Filme de cineasta iraniano condenado \u00e0 pris\u00e3o arrebata Cannes 2024 e vira favorito<\/title>\n<meta name=\"description\" content=\"&#039;The Seed of the Sacred Fig&#039;, do iraniano Mohammad Rasoulof, vira favorito para vencer no Festival de Cannes 2024\" \/>\n<meta name=\"robots\" content=\"index, follow, max-snippet:-1, max-image-preview:large, max-video-preview:-1\" \/>\n<link rel=\"canonical\" href=\"https:\/\/news.filmelier.com\/br\/the-seed-of-the-sacred-fig-cannes\/\" \/>\n<meta property=\"og:locale\" content=\"pt_BR\" \/>\n<meta property=\"og:type\" content=\"article\" \/>\n<meta property=\"og:title\" content=\"The Seed of the Sacred Fig: Filme de cineasta iraniano condenado \u00e0 pris\u00e3o arrebata Cannes 2024 e vira favorito\" \/>\n<meta property=\"og:description\" content=\"&#039;The Seed of the Sacred Fig&#039;, do iraniano Mohammad Rasoulof, vira favorito para vencer no Festival de Cannes 2024\" \/>\n<meta property=\"og:url\" content=\"https:\/\/news.filmelier.com\/br\/the-seed-of-the-sacred-fig-cannes\/\" \/>\n<meta property=\"og:site_name\" content=\"News Filmelier\" \/>\n<meta property=\"article:published_time\" content=\"2024-05-25T15:42:00+00:00\" \/>\n<meta property=\"article:modified_time\" content=\"2025-08-19T19:31:44+00:00\" \/>\n<meta property=\"og:image\" content=\"https:\/\/homolog.news.filmelier.com\/wp-content\/uploads\/2024\/05\/the-seed-of-the-sacred-fig-cannes-2024.jpg\" \/>\n\t<meta property=\"og:image:width\" content=\"800\" \/>\n\t<meta property=\"og:image:height\" content=\"531\" \/>\n\t<meta property=\"og:image:type\" content=\"image\/jpeg\" \/>\n<meta name=\"author\" content=\"Mariane Morisawa\" \/>\n<meta name=\"twitter:card\" content=\"summary_large_image\" \/>\n<meta name=\"twitter:label1\" content=\"Escrito por\" \/>\n\t<meta name=\"twitter:data1\" content=\"Mariane Morisawa\" \/>\n\t<meta name=\"twitter:label2\" content=\"Est. tempo de leitura\" \/>\n\t<meta name=\"twitter:data2\" content=\"5 minutos\" \/>\n<script type=\"application\/ld+json\" class=\"yoast-schema-graph\">{\"@context\":\"https:\/\/schema.org\",\"@graph\":[{\"@type\":\"Article\",\"@id\":\"https:\/\/news.filmelier.com\/br\/the-seed-of-the-sacred-fig-cannes\/#article\",\"isPartOf\":{\"@id\":\"https:\/\/news.filmelier.com\/br\/the-seed-of-the-sacred-fig-cannes\/\"},\"author\":{\"name\":\"Mariane Morisawa\",\"@id\":\"https:\/\/homolog.news.filmelier.com\/br\/#\/schema\/person\/d3754049399630d7144ed2033a96986f\"},\"headline\":\"&#8216;The Seed of the Sacred Fig&#8217;: Filme de cineasta iraniano condenado \u00e0 pris\u00e3o arrebata Cannes 2024 e vira favorito\",\"datePublished\":\"2024-05-25T15:42:00+00:00\",\"dateModified\":\"2025-08-19T19:31:44+00:00\",\"mainEntityOfPage\":{\"@id\":\"https:\/\/news.filmelier.com\/br\/the-seed-of-the-sacred-fig-cannes\/\"},\"wordCount\":785,\"publisher\":{\"@id\":\"https:\/\/homolog.news.filmelier.com\/br\/#organization\"},\"image\":{\"@id\":\"https:\/\/news.filmelier.com\/br\/the-seed-of-the-sacred-fig-cannes\/#primaryimage\"},\"thumbnailUrl\":\"https:\/\/news.filmelier.com\/wp-content\/uploads\/2024\/05\/the-seed-of-the-sacred-fig-cannes-2024.jpg\",\"articleSection\":[\"Cr\u00edticas\",\"Filmes\"],\"inLanguage\":\"pt-BR\"},{\"@type\":\"WebPage\",\"@id\":\"https:\/\/news.filmelier.com\/br\/the-seed-of-the-sacred-fig-cannes\/\",\"url\":\"https:\/\/news.filmelier.com\/br\/the-seed-of-the-sacred-fig-cannes\/\",\"name\":\"The Seed of the Sacred Fig: Filme de cineasta iraniano condenado \u00e0 pris\u00e3o arrebata Cannes 2024 e vira favorito\",\"isPartOf\":{\"@id\":\"https:\/\/homolog.news.filmelier.com\/br\/#website\"},\"primaryImageOfPage\":{\"@id\":\"https:\/\/news.filmelier.com\/br\/the-seed-of-the-sacred-fig-cannes\/#primaryimage\"},\"image\":{\"@id\":\"https:\/\/news.filmelier.com\/br\/the-seed-of-the-sacred-fig-cannes\/#primaryimage\"},\"thumbnailUrl\":\"https:\/\/news.filmelier.com\/wp-content\/uploads\/2024\/05\/the-seed-of-the-sacred-fig-cannes-2024.jpg\",\"datePublished\":\"2024-05-25T15:42:00+00:00\",\"dateModified\":\"2025-08-19T19:31:44+00:00\",\"description\":\"'The Seed of the Sacred Fig', do iraniano Mohammad Rasoulof, vira favorito para vencer no Festival de Cannes 2024\",\"breadcrumb\":{\"@id\":\"https:\/\/news.filmelier.com\/br\/the-seed-of-the-sacred-fig-cannes\/#breadcrumb\"},\"inLanguage\":\"pt-BR\",\"potentialAction\":[{\"@type\":\"ReadAction\",\"target\":[\"https:\/\/news.filmelier.com\/br\/the-seed-of-the-sacred-fig-cannes\/\"]}]},{\"@type\":\"ImageObject\",\"inLanguage\":\"pt-BR\",\"@id\":\"https:\/\/news.filmelier.com\/br\/the-seed-of-the-sacred-fig-cannes\/#primaryimage\",\"url\":\"https:\/\/news.filmelier.com\/wp-content\/uploads\/2024\/05\/the-seed-of-the-sacred-fig-cannes-2024.jpg\",\"contentUrl\":\"https:\/\/news.filmelier.com\/wp-content\/uploads\/2024\/05\/the-seed-of-the-sacred-fig-cannes-2024.jpg\",\"width\":800,\"height\":531,\"caption\":\"The Seed of the Sacred Fig acompanha uma fam\u00edlia iraniana no meio de revoltas femininas no pa\u00eds (Cr\u00e9dito: Festival de Cannes)\"},{\"@type\":\"BreadcrumbList\",\"@id\":\"https:\/\/news.filmelier.com\/br\/the-seed-of-the-sacred-fig-cannes\/#breadcrumb\",\"itemListElement\":[{\"@type\":\"ListItem\",\"position\":1,\"name\":\"In\u00edcio\",\"item\":\"https:\/\/homolog.news.filmelier.com\/br\/\"},{\"@type\":\"ListItem\",\"position\":2,\"name\":\"&#8216;The Seed of the Sacred Fig&#8217;: Filme de cineasta iraniano condenado \u00e0 pris\u00e3o arrebata Cannes 2024 e vira favorito\"}]},{\"@type\":\"WebSite\",\"@id\":\"https:\/\/homolog.news.filmelier.com\/br\/#website\",\"url\":\"https:\/\/homolog.news.filmelier.com\/br\/\",\"name\":\"Homolog Filmelier News Rankrup\",\"description\":\"\",\"publisher\":{\"@id\":\"https:\/\/homolog.news.filmelier.com\/br\/#organization\"},\"potentialAction\":[{\"@type\":\"SearchAction\",\"target\":{\"@type\":\"EntryPoint\",\"urlTemplate\":\"https:\/\/homolog.news.filmelier.com\/br\/?s={search_term_string}\"},\"query-input\":{\"@type\":\"PropertyValueSpecification\",\"valueRequired\":true,\"valueName\":\"search_term_string\"}}],\"inLanguage\":\"pt-BR\"},{\"@type\":\"Organization\",\"@id\":\"https:\/\/homolog.news.filmelier.com\/br\/#organization\",\"name\":\"Homolog Filmelier News Rankrup\",\"url\":\"https:\/\/homolog.news.filmelier.com\/br\/\",\"logo\":{\"@type\":\"ImageObject\",\"inLanguage\":\"pt-BR\",\"@id\":\"https:\/\/homolog.news.filmelier.com\/br\/#\/schema\/logo\/image\/\",\"url\":\"https:\/\/news.filmelier.com\/wp-content\/uploads\/2024\/11\/Logo-News.png\",\"contentUrl\":\"https:\/\/news.filmelier.com\/wp-content\/uploads\/2024\/11\/Logo-News.png\",\"width\":460,\"height\":108,\"caption\":\"Homolog Filmelier News Rankrup\"},\"image\":{\"@id\":\"https:\/\/homolog.news.filmelier.com\/br\/#\/schema\/logo\/image\/\"}},{\"@type\":\"Person\",\"@id\":\"https:\/\/homolog.news.filmelier.com\/br\/#\/schema\/person\/d3754049399630d7144ed2033a96986f\",\"name\":\"Mariane Morisawa\",\"image\":{\"@type\":\"ImageObject\",\"inLanguage\":\"pt-BR\",\"@id\":\"https:\/\/homolog.news.filmelier.com\/br\/#\/schema\/person\/image\/\",\"url\":\"https:\/\/secure.gravatar.com\/avatar\/30ff3f3bd59014fe9f42444b158aae0449ce4aeb62a5a63bb7aeb85dba940df8?s=96&d=mm&r=g\",\"contentUrl\":\"https:\/\/secure.gravatar.com\/avatar\/30ff3f3bd59014fe9f42444b158aae0449ce4aeb62a5a63bb7aeb85dba940df8?s=96&d=mm&r=g\",\"caption\":\"Mariane Morisawa\"},\"description\":\"Mariane Morisawa is a journalist and film critic, member of Abraccine (Brazilian Association of Film Critics) and Golden Globe voter. She contributes to publications such as O Estado de S. Paulo, Elle, Veja and Filmelier. She was a correspondent in Los Angeles for eight years and covers national and international festivals. In 2025, she will cover her 15th Cannes Film Festival for Filmelier.\",\"sameAs\":[\"https:\/\/www.filmelier.com\/br\/autor\/mariane-morisawa\"],\"url\":\"https:\/\/news.filmelier.com\/br\/author\/marianne-morisawa\/\"}]}<\/script>\n<!-- \/ Yoast SEO plugin. -->","yoast_head_json":{"title":"The Seed of the Sacred Fig: Filme de cineasta iraniano condenado \u00e0 pris\u00e3o arrebata Cannes 2024 e vira favorito","description":"'The Seed of the Sacred Fig', do iraniano Mohammad Rasoulof, vira favorito para vencer no Festival de Cannes 2024","robots":{"index":"index","follow":"follow","max-snippet":"max-snippet:-1","max-image-preview":"max-image-preview:large","max-video-preview":"max-video-preview:-1"},"canonical":"https:\/\/news.filmelier.com\/br\/the-seed-of-the-sacred-fig-cannes\/","og_locale":"pt_BR","og_type":"article","og_title":"The Seed of the Sacred Fig: Filme de cineasta iraniano condenado \u00e0 pris\u00e3o arrebata Cannes 2024 e vira favorito","og_description":"'The Seed of the Sacred Fig', do iraniano Mohammad Rasoulof, vira favorito para vencer no Festival de Cannes 2024","og_url":"https:\/\/news.filmelier.com\/br\/the-seed-of-the-sacred-fig-cannes\/","og_site_name":"News Filmelier","article_published_time":"2024-05-25T15:42:00+00:00","article_modified_time":"2025-08-19T19:31:44+00:00","og_image":[{"width":800,"height":531,"url":"https:\/\/homolog.news.filmelier.com\/wp-content\/uploads\/2024\/05\/the-seed-of-the-sacred-fig-cannes-2024.jpg","type":"image\/jpeg"}],"author":"Mariane Morisawa","twitter_card":"summary_large_image","twitter_misc":{"Escrito por":"Mariane Morisawa","Est. tempo de leitura":"5 minutos"},"schema":{"@context":"https:\/\/schema.org","@graph":[{"@type":"Article","@id":"https:\/\/news.filmelier.com\/br\/the-seed-of-the-sacred-fig-cannes\/#article","isPartOf":{"@id":"https:\/\/news.filmelier.com\/br\/the-seed-of-the-sacred-fig-cannes\/"},"author":{"name":"Mariane Morisawa","@id":"https:\/\/homolog.news.filmelier.com\/br\/#\/schema\/person\/d3754049399630d7144ed2033a96986f"},"headline":"&#8216;The Seed of the Sacred Fig&#8217;: Filme de cineasta iraniano condenado \u00e0 pris\u00e3o arrebata Cannes 2024 e vira favorito","datePublished":"2024-05-25T15:42:00+00:00","dateModified":"2025-08-19T19:31:44+00:00","mainEntityOfPage":{"@id":"https:\/\/news.filmelier.com\/br\/the-seed-of-the-sacred-fig-cannes\/"},"wordCount":785,"publisher":{"@id":"https:\/\/homolog.news.filmelier.com\/br\/#organization"},"image":{"@id":"https:\/\/news.filmelier.com\/br\/the-seed-of-the-sacred-fig-cannes\/#primaryimage"},"thumbnailUrl":"https:\/\/news.filmelier.com\/wp-content\/uploads\/2024\/05\/the-seed-of-the-sacred-fig-cannes-2024.jpg","articleSection":["Cr\u00edticas","Filmes"],"inLanguage":"pt-BR"},{"@type":"WebPage","@id":"https:\/\/news.filmelier.com\/br\/the-seed-of-the-sacred-fig-cannes\/","url":"https:\/\/news.filmelier.com\/br\/the-seed-of-the-sacred-fig-cannes\/","name":"The Seed of the Sacred Fig: Filme de cineasta iraniano condenado \u00e0 pris\u00e3o arrebata Cannes 2024 e vira favorito","isPartOf":{"@id":"https:\/\/homolog.news.filmelier.com\/br\/#website"},"primaryImageOfPage":{"@id":"https:\/\/news.filmelier.com\/br\/the-seed-of-the-sacred-fig-cannes\/#primaryimage"},"image":{"@id":"https:\/\/news.filmelier.com\/br\/the-seed-of-the-sacred-fig-cannes\/#primaryimage"},"thumbnailUrl":"https:\/\/news.filmelier.com\/wp-content\/uploads\/2024\/05\/the-seed-of-the-sacred-fig-cannes-2024.jpg","datePublished":"2024-05-25T15:42:00+00:00","dateModified":"2025-08-19T19:31:44+00:00","description":"'The Seed of the Sacred Fig', do iraniano Mohammad Rasoulof, vira favorito para vencer no Festival de Cannes 2024","breadcrumb":{"@id":"https:\/\/news.filmelier.com\/br\/the-seed-of-the-sacred-fig-cannes\/#breadcrumb"},"inLanguage":"pt-BR","potentialAction":[{"@type":"ReadAction","target":["https:\/\/news.filmelier.com\/br\/the-seed-of-the-sacred-fig-cannes\/"]}]},{"@type":"ImageObject","inLanguage":"pt-BR","@id":"https:\/\/news.filmelier.com\/br\/the-seed-of-the-sacred-fig-cannes\/#primaryimage","url":"https:\/\/news.filmelier.com\/wp-content\/uploads\/2024\/05\/the-seed-of-the-sacred-fig-cannes-2024.jpg","contentUrl":"https:\/\/news.filmelier.com\/wp-content\/uploads\/2024\/05\/the-seed-of-the-sacred-fig-cannes-2024.jpg","width":800,"height":531,"caption":"The Seed of the Sacred Fig acompanha uma fam\u00edlia iraniana no meio de revoltas femininas no pa\u00eds (Cr\u00e9dito: Festival de Cannes)"},{"@type":"BreadcrumbList","@id":"https:\/\/news.filmelier.com\/br\/the-seed-of-the-sacred-fig-cannes\/#breadcrumb","itemListElement":[{"@type":"ListItem","position":1,"name":"In\u00edcio","item":"https:\/\/homolog.news.filmelier.com\/br\/"},{"@type":"ListItem","position":2,"name":"&#8216;The Seed of the Sacred Fig&#8217;: Filme de cineasta iraniano condenado \u00e0 pris\u00e3o arrebata Cannes 2024 e vira favorito"}]},{"@type":"WebSite","@id":"https:\/\/homolog.news.filmelier.com\/br\/#website","url":"https:\/\/homolog.news.filmelier.com\/br\/","name":"Homolog Filmelier News Rankrup","description":"","publisher":{"@id":"https:\/\/homolog.news.filmelier.com\/br\/#organization"},"potentialAction":[{"@type":"SearchAction","target":{"@type":"EntryPoint","urlTemplate":"https:\/\/homolog.news.filmelier.com\/br\/?s={search_term_string}"},"query-input":{"@type":"PropertyValueSpecification","valueRequired":true,"valueName":"search_term_string"}}],"inLanguage":"pt-BR"},{"@type":"Organization","@id":"https:\/\/homolog.news.filmelier.com\/br\/#organization","name":"Homolog Filmelier News Rankrup","url":"https:\/\/homolog.news.filmelier.com\/br\/","logo":{"@type":"ImageObject","inLanguage":"pt-BR","@id":"https:\/\/homolog.news.filmelier.com\/br\/#\/schema\/logo\/image\/","url":"https:\/\/news.filmelier.com\/wp-content\/uploads\/2024\/11\/Logo-News.png","contentUrl":"https:\/\/news.filmelier.com\/wp-content\/uploads\/2024\/11\/Logo-News.png","width":460,"height":108,"caption":"Homolog Filmelier News Rankrup"},"image":{"@id":"https:\/\/homolog.news.filmelier.com\/br\/#\/schema\/logo\/image\/"}},{"@type":"Person","@id":"https:\/\/homolog.news.filmelier.com\/br\/#\/schema\/person\/d3754049399630d7144ed2033a96986f","name":"Mariane Morisawa","image":{"@type":"ImageObject","inLanguage":"pt-BR","@id":"https:\/\/homolog.news.filmelier.com\/br\/#\/schema\/person\/image\/","url":"https:\/\/secure.gravatar.com\/avatar\/30ff3f3bd59014fe9f42444b158aae0449ce4aeb62a5a63bb7aeb85dba940df8?s=96&d=mm&r=g","contentUrl":"https:\/\/secure.gravatar.com\/avatar\/30ff3f3bd59014fe9f42444b158aae0449ce4aeb62a5a63bb7aeb85dba940df8?s=96&d=mm&r=g","caption":"Mariane Morisawa"},"description":"Mariane Morisawa is a journalist and film critic, member of Abraccine (Brazilian Association of Film Critics) and Golden Globe voter. She contributes to publications such as O Estado de S. Paulo, Elle, Veja and Filmelier. She was a correspondent in Los Angeles for eight years and covers national and international festivals. In 2025, she will cover her 15th Cannes Film Festival for Filmelier.","sameAs":["https:\/\/www.filmelier.com\/br\/autor\/mariane-morisawa"],"url":"https:\/\/news.filmelier.com\/br\/author\/marianne-morisawa\/"}]}},"_links":{"self":[{"href":"https:\/\/news.filmelier.com\/br\/wp-json\/wp\/v2\/posts\/49790","targetHints":{"allow":["GET"]}}],"collection":[{"href":"https:\/\/news.filmelier.com\/br\/wp-json\/wp\/v2\/posts"}],"about":[{"href":"https:\/\/news.filmelier.com\/br\/wp-json\/wp\/v2\/types\/post"}],"author":[{"embeddable":true,"href":"https:\/\/news.filmelier.com\/br\/wp-json\/wp\/v2\/users\/28"}],"replies":[{"embeddable":true,"href":"https:\/\/news.filmelier.com\/br\/wp-json\/wp\/v2\/comments?post=49790"}],"version-history":[{"count":2,"href":"https:\/\/news.filmelier.com\/br\/wp-json\/wp\/v2\/posts\/49790\/revisions"}],"predecessor-version":[{"id":56682,"href":"https:\/\/news.filmelier.com\/br\/wp-json\/wp\/v2\/posts\/49790\/revisions\/56682"}],"wp:featuredmedia":[{"embeddable":true,"href":"https:\/\/news.filmelier.com\/br\/wp-json\/wp\/v2\/media\/49784"}],"wp:attachment":[{"href":"https:\/\/news.filmelier.com\/br\/wp-json\/wp\/v2\/media?parent=49790"}],"wp:term":[{"taxonomy":"category","embeddable":true,"href":"https:\/\/news.filmelier.com\/br\/wp-json\/wp\/v2\/categories?post=49790"},{"taxonomy":"post_tag","embeddable":true,"href":"https:\/\/news.filmelier.com\/br\/wp-json\/wp\/v2\/tags?post=49790"}],"curies":[{"name":"wp","href":"https:\/\/api.w.org\/{rel}","templated":true}]}}