{"id":49783,"date":"2024-05-28T21:24:38","date_gmt":"2024-05-29T00:24:38","guid":{"rendered":"https:\/\/news.filmelier.com\/cinema-do-brasil-cannes-2024\/"},"modified":"2025-06-08T23:43:55","modified_gmt":"2025-06-09T02:43:55","slug":"cinema-do-brasil-cannes-2024","status":"publish","type":"post","link":"https:\/\/news.filmelier.com\/br\/cinema-do-brasil-cannes-2024\/","title":{"rendered":"Cinema do Brasil levou delega\u00e7\u00e3o de peso ao Festival de Cannes e espera recorde de neg\u00f3cios"},"content":{"rendered":"O <strong>Cinema do Brasil<\/strong>, programa de promo\u00e7\u00e3o e internacionaliza\u00e7\u00e3o do cinema nacional criado pelo Sindicato da Ind\u00fastria Audiovisual do Estado de S\u00e3o Paulo (Siaesp) em 2006, em parceria com a Ag\u00eancia Brasileira de Promo\u00e7\u00e3o de Exporta\u00e7\u00f5es e Investimentos (ApexBrasil), participou mais uma vez do Mercado de Filmes do <a href=\"https:\/\/www.filmilier.com\/br\/festival\/cannes\" rel=\"noreferrer noopener\">Festival de Cannes<\/a>, com uma delega\u00e7\u00e3o grande, com 60 empresas.\r\n<figure class=\"video-embed\">\r\n<div class=\"embed-wrapper\">\r\n\r\n<iframe title=\"MOTEL DESTINO \u2013 Photocall \u2013 English \u2013 Cannes 2024\" width=\"800\" height=\"450\" src=\"https:\/\/www.youtube.com\/embed\/dFPKE6zg2Bs?feature=oembed\" frameborder=\"0\" allow=\"accelerometer; autoplay; clipboard-write; encrypted-media; gyroscope; picture-in-picture; web-share\" referrerpolicy=\"strict-origin-when-cross-origin\" allowfullscreen><\/iframe>\r\n\r\n<\/div>\r\n<figcaption><em>V\u00eddeo adicional sobre a participa\u00e7\u00e3o brasileira em Cannes<\/em><\/figcaption><\/figure>\r\n<ul>\r\n \t<li><strong>Leia tamb\u00e9m: <a href=\"https:\/\/www.filmelier.com\/br\/noticias\/premiacao-cannes-2024-juri-analise\" target=\"_blank\" rel=\"noreferrer noopener\">J\u00fari de Cannes perdeu chance de fazer hist\u00f3ria<\/a><\/strong><\/li>\r\n<\/ul>\r\n\u201cA gente veio com uma delega\u00e7\u00e3o muito grande, at\u00e9 pela representatividade que o Brasil est\u00e1 tendo no pr\u00f3prio festival, com seis filmes na sele\u00e7\u00e3o\u201d, disse Maria Marta, gerente executiva do <a href=\"https:\/\/www.cinemadobrasil.org.br\/\" target=\"_blank\" rel=\"noreferrer noopener\">Cinema do Brasil<\/a>, em entrevista ao Filmelier. Ela se referia a <a href=\"https:\/\/www.filmelier.com\/br\/filmes\/25244\/motel-destino\"><em>Motel Destino<\/em><\/a>, de Karim A\u00efnouz, exibido na competi\u00e7\u00e3o, <a href=\"https:\/\/www.filmelier.com\/br\/filmes\/25250\/a-queda-do-ceu\"><em>A Queda do C\u00e9u<\/em><\/a>, de Eryk Rocha e Gabriela Carneiro da Cunha, apresentado na Quinzena dos Realizadores, <i>Baby<\/i>, de Marcelo Caetano, que passou na Semana da Cr\u00edtica, <i>Bye, Bye Brasil<\/i>, de Cac\u00e1 Diegues, que participou da Cannes Classics, al\u00e9m dos curtas <i>Amarela<\/i>, de Andr\u00e9 Hayato Saito, na competi\u00e7\u00e3o, e <i>A Menina e o Pote<\/i>, de Valentina Homem, na Semana da Cr\u00edtica. &#8220;As empresas est\u00e3o com muita vontade de vir ao mercado para inser\u00e7\u00e3o no mercado internacional.&#8221;\r\n\r\nO Cinema do Brasil montou uma programa\u00e7\u00e3o intensa, com encontros com representantes de festivais internacionais, como o SXSW, de fundos de financiamento como o Hubert Bals, e de coprodu\u00e7\u00e3o com pa\u00edses como Portugal e \u00c1frica do Sul. &#8220;Foi uma agenda muito boa, que permitiu diversas conex\u00f5es. Acho que os produtores v\u00e3o colher bons frutos, tanto em vendas como em produ\u00e7\u00f5es futuras.&#8221;\r\n<ul>\r\n \t<li><strong>Confira: <a href=\"https:\/\/news.filmelier.com\/critica-o-macaco-e-filme-que-da-risada-na-cara-de-annabelle\/\" rel=\"noreferrer noopener\">Cr\u00edtica &#8211; <i>O Macaco<\/i> \u00e9 filme que d\u00e1 risada na cara de Annabelle<\/a><\/strong><\/li>\r\n<\/ul>\r\nNo ano passado, as empresas brasileiras presentes realizaram 783 reuni\u00f5es com mais de 60 pa\u00edses, gerando em neg\u00f3cios o equivalente a 18 milh\u00f5es de reais. Para os 12 meses ap\u00f3s o festival, previu-se a gera\u00e7\u00e3o de 45 milh\u00f5es de d\u00f3lares em neg\u00f3cios decorrentes de contatos realizados no March\u00e9 du Film, o mercado de filmes de Cannes. &#8220;A gente espera que os n\u00fameros sejam maiores em 2024 porque a participa\u00e7\u00e3o das empresas est\u00e1 ainda maior, e o mercado, mais aquecido.&#8221;\r\n<h2>Al\u00e9m do Cinema do Brasil, confira nossa cobertura completa do Festival de Cannes 2024:<\/h2>\r\n<ul>\r\n \t<li><a href=\"https:\/\/www.filmelier.com\/br\/noticias\/anora-cannes-2024-palma-de-ouro\" target=\"_blank\" rel=\"noreferrer noopener\"><strong><i>Anora<\/i>, vencedor da Palma de Ouro em Cannes, \u00e9 filme quase perfeito que humaniza stripper<\/strong><\/a><\/li>\r\n \t<li><strong><a href=\"https:\/\/www.filmelier.com\/br\/noticias\/the-seed-of-the-sacred-fig-cannes\" target=\"_blank\" rel=\"noreferrer noopener\"><i>The Seed of the Sacred Fig<\/i>: Filme de cineasta iraniano condenado \u00e0 pris\u00e3o arrebata Cannes 2024 e vira favorito<\/a><\/strong><\/li>\r\n \t<li><strong><a href=\"https:\/\/www.filmelier.com\/br\/noticias\/motel-destino-cannes-2024\" target=\"_blank\" rel=\"noreferrer noopener\"><i>Motel Destino<\/i> brinca com o noir, mas funciona melhor como explora\u00e7\u00e3o sensorial<\/a><\/strong><\/li>\r\n \t<li><strong><a href=\"https:\/\/www.filmelier.com\/br\/noticias\/baby-ricardo-teodoro-cannes-2024\" target=\"_blank\" rel=\"noreferrer noopener\"><i>Baby<\/i>: Ricardo Teodoro vence pr\u00eamio de Melhor Ator Revela\u00e7\u00e3o em Cannes<\/a><\/strong><\/li>\r\n \t<li><strong><a href=\"https:\/\/www.filmelier.com\/br\/noticias\/emilia-perez-cannes-2024\" target=\"_blank\" rel=\"noreferrer noopener\"><i>Emilia P\u00e9rez<\/i> \u00e9 o primeiro favorito do Festival de Cannes<\/a><\/strong><\/li>\r\n \t<li><strong><a href=\"https:\/\/www.filmelier.com\/br\/noticias\/tipos-de-gentileza-cannes-2024\" target=\"_blank\" rel=\"noreferrer noopener\">Yorgos Lanthimos volta ao cinismo com <i>Tipos de Gentileza<\/i><\/a><\/strong><\/li>\r\n \t<li><strong><a href=\"https:\/\/www.filmelier.com\/br\/noticias\/coppola-megalopolis-cannes\" target=\"_blank\" rel=\"noreferrer noopener\">Coppola sobre EUA: &#8220;Nossa democracia parece com Roma quando perdeu sua Rep\u00fablica&#8221;<\/a><\/strong><\/li>\r\n \t<li><strong><a href=\"https:\/\/www.filmelier.com\/br\/noticias\/critica-wild-diamond-cannes-2024\" target=\"_blank\" rel=\"noreferrer noopener\">Cr\u00edtica de <i>Wild Diamond<\/i>: adolescente usa beleza como arma em filme de Cannes 2024<\/a><\/strong><\/li>\r\n \t<li><strong><a href=\"https:\/\/www.filmelier.com\/br\/noticias\/critica-the-second-act-cannes-2024\" target=\"_blank\" rel=\"noreferrer noopener\">Filme de abertura de Cannes, <i>The Second Act<\/i> tenta fazer gra\u00e7a com IA e cultura do cancelamento<\/a><\/strong><\/li>\r\n \t<li><strong><a href=\"https:\/\/www.filmelier.com\/br\/noticias\/greta-gerwig-metoo-cannes-2024\" target=\"_blank\" rel=\"noreferrer noopener\">Greta Gerwig em Cannes: &#8220;Eu vi mudan\u00e7as substanciais com o #MeToo&#8221;<\/a><\/strong><\/li>\r\n<\/ul>\r\n&nbsp;\r\n\r\n\r\n\r\n&nbsp;<!-- \/wp:post-content -->","protected":false},"excerpt":{"rendered":"<p>O Cinema do Brasil, programa de promo\u00e7\u00e3o e internacionaliza\u00e7\u00e3o do cinema nacional, participou do Mercado de Filmes do Festival de Cannes 2024.<\/p>\n","protected":false},"author":28,"featured_media":49784,"comment_status":"closed","ping_status":"open","sticky":false,"template":"","format":"standard","meta":{"_acf_changed":false,"footnotes":""},"categories":[3481,3482],"tags":[],"class_list":["post-49783","post","type-post","status-publish","format-standard","has-post-thumbnail","hentry","category-criticas-br","category-filmes-br"],"acf":{"subtitulo":"O Cinema do Brasil, programa de promo\u00e7\u00e3o e internacionaliza\u00e7\u00e3o do cinema nacional, participou do Mercado de Filmes do Festival de Cannes 2024.","id_ator":""},"yoast_head":"<!-- This site is optimized with the Yoast SEO plugin v26.1.1 - https:\/\/yoast.com\/wordpress\/plugins\/seo\/ -->\n<title>Cinema do Brasil levou delega\u00e7\u00e3o de peso ao Festival de Cannes e espera recorde de neg\u00f3cios<\/title>\n<meta name=\"description\" content=\"O Cinema do Brasil, programa de promo\u00e7\u00e3o e internacionaliza\u00e7\u00e3o do cinema nacional, participou do Mercado de Filmes do Festival de Cannes 2024.\" \/>\n<meta name=\"robots\" content=\"index, follow, max-snippet:-1, max-image-preview:large, max-video-preview:-1\" \/>\n<link rel=\"canonical\" href=\"https:\/\/news.filmelier.com\/br\/cinema-do-brasil-cannes-2024\/\" \/>\n<meta property=\"og:locale\" content=\"pt_BR\" \/>\n<meta property=\"og:type\" content=\"article\" \/>\n<meta property=\"og:title\" content=\"Cinema do Brasil levou delega\u00e7\u00e3o de peso ao Festival de Cannes e espera recorde de neg\u00f3cios\" \/>\n<meta property=\"og:description\" content=\"O Cinema do Brasil, programa de promo\u00e7\u00e3o e internacionaliza\u00e7\u00e3o do cinema nacional, participou do Mercado de Filmes do Festival de Cannes 2024.\" \/>\n<meta property=\"og:url\" content=\"https:\/\/news.filmelier.com\/br\/cinema-do-brasil-cannes-2024\/\" \/>\n<meta property=\"og:site_name\" content=\"News Filmelier\" \/>\n<meta property=\"article:published_time\" content=\"2024-05-29T00:24:38+00:00\" \/>\n<meta property=\"article:modified_time\" content=\"2025-06-09T02:43:55+00:00\" \/>\n<meta property=\"og:image\" content=\"https:\/\/homolog.news.filmelier.com\/wp-content\/uploads\/2024\/05\/the-seed-of-the-sacred-fig-cannes-2024.jpg\" \/>\n\t<meta property=\"og:image:width\" content=\"800\" \/>\n\t<meta property=\"og:image:height\" content=\"531\" \/>\n\t<meta property=\"og:image:type\" content=\"image\/jpeg\" \/>\n<meta name=\"author\" content=\"Mariane Morisawa\" \/>\n<meta name=\"twitter:card\" content=\"summary_large_image\" \/>\n<meta name=\"twitter:label1\" content=\"Escrito por\" \/>\n\t<meta name=\"twitter:data1\" content=\"Mariane Morisawa\" \/>\n\t<meta name=\"twitter:label2\" content=\"Est. tempo de leitura\" \/>\n\t<meta name=\"twitter:data2\" content=\"3 minutos\" \/>\n<script type=\"application\/ld+json\" class=\"yoast-schema-graph\">{\"@context\":\"https:\/\/schema.org\",\"@graph\":[{\"@type\":\"Article\",\"@id\":\"https:\/\/news.filmelier.com\/br\/cinema-do-brasil-cannes-2024\/#article\",\"isPartOf\":{\"@id\":\"https:\/\/news.filmelier.com\/br\/cinema-do-brasil-cannes-2024\/\"},\"author\":{\"name\":\"Mariane Morisawa\",\"@id\":\"https:\/\/homolog.news.filmelier.com\/br\/#\/schema\/person\/d3754049399630d7144ed2033a96986f\"},\"headline\":\"Cinema do Brasil levou delega\u00e7\u00e3o de peso ao Festival de Cannes e espera recorde de neg\u00f3cios\",\"datePublished\":\"2024-05-29T00:24:38+00:00\",\"dateModified\":\"2025-06-09T02:43:55+00:00\",\"mainEntityOfPage\":{\"@id\":\"https:\/\/news.filmelier.com\/br\/cinema-do-brasil-cannes-2024\/\"},\"wordCount\":567,\"publisher\":{\"@id\":\"https:\/\/homolog.news.filmelier.com\/br\/#organization\"},\"image\":{\"@id\":\"https:\/\/news.filmelier.com\/br\/cinema-do-brasil-cannes-2024\/#primaryimage\"},\"thumbnailUrl\":\"https:\/\/news.filmelier.com\/wp-content\/uploads\/2024\/05\/the-seed-of-the-sacred-fig-cannes-2024.jpg\",\"articleSection\":[\"Cr\u00edticas\",\"Filmes\"],\"inLanguage\":\"pt-BR\"},{\"@type\":\"WebPage\",\"@id\":\"https:\/\/news.filmelier.com\/br\/cinema-do-brasil-cannes-2024\/\",\"url\":\"https:\/\/news.filmelier.com\/br\/cinema-do-brasil-cannes-2024\/\",\"name\":\"Cinema do Brasil levou delega\u00e7\u00e3o de peso ao Festival de Cannes e espera recorde de neg\u00f3cios\",\"isPartOf\":{\"@id\":\"https:\/\/homolog.news.filmelier.com\/br\/#website\"},\"primaryImageOfPage\":{\"@id\":\"https:\/\/news.filmelier.com\/br\/cinema-do-brasil-cannes-2024\/#primaryimage\"},\"image\":{\"@id\":\"https:\/\/news.filmelier.com\/br\/cinema-do-brasil-cannes-2024\/#primaryimage\"},\"thumbnailUrl\":\"https:\/\/news.filmelier.com\/wp-content\/uploads\/2024\/05\/the-seed-of-the-sacred-fig-cannes-2024.jpg\",\"datePublished\":\"2024-05-29T00:24:38+00:00\",\"dateModified\":\"2025-06-09T02:43:55+00:00\",\"description\":\"O Cinema do Brasil, programa de promo\u00e7\u00e3o e internacionaliza\u00e7\u00e3o do cinema nacional, participou do Mercado de Filmes do Festival de Cannes 2024.\",\"breadcrumb\":{\"@id\":\"https:\/\/news.filmelier.com\/br\/cinema-do-brasil-cannes-2024\/#breadcrumb\"},\"inLanguage\":\"pt-BR\",\"potentialAction\":[{\"@type\":\"ReadAction\",\"target\":[\"https:\/\/news.filmelier.com\/br\/cinema-do-brasil-cannes-2024\/\"]}]},{\"@type\":\"ImageObject\",\"inLanguage\":\"pt-BR\",\"@id\":\"https:\/\/news.filmelier.com\/br\/cinema-do-brasil-cannes-2024\/#primaryimage\",\"url\":\"https:\/\/news.filmelier.com\/wp-content\/uploads\/2024\/05\/the-seed-of-the-sacred-fig-cannes-2024.jpg\",\"contentUrl\":\"https:\/\/news.filmelier.com\/wp-content\/uploads\/2024\/05\/the-seed-of-the-sacred-fig-cannes-2024.jpg\",\"width\":800,\"height\":531,\"caption\":\"The Seed of the Sacred Fig acompanha uma fam\u00edlia iraniana no meio de revoltas femininas no pa\u00eds (Cr\u00e9dito: Festival de Cannes)\"},{\"@type\":\"BreadcrumbList\",\"@id\":\"https:\/\/news.filmelier.com\/br\/cinema-do-brasil-cannes-2024\/#breadcrumb\",\"itemListElement\":[{\"@type\":\"ListItem\",\"position\":1,\"name\":\"In\u00edcio\",\"item\":\"https:\/\/homolog.news.filmelier.com\/br\/\"},{\"@type\":\"ListItem\",\"position\":2,\"name\":\"Cinema do Brasil levou delega\u00e7\u00e3o de peso ao Festival de Cannes e espera recorde de neg\u00f3cios\"}]},{\"@type\":\"WebSite\",\"@id\":\"https:\/\/homolog.news.filmelier.com\/br\/#website\",\"url\":\"https:\/\/homolog.news.filmelier.com\/br\/\",\"name\":\"Homolog Filmelier News Rankrup\",\"description\":\"\",\"publisher\":{\"@id\":\"https:\/\/homolog.news.filmelier.com\/br\/#organization\"},\"potentialAction\":[{\"@type\":\"SearchAction\",\"target\":{\"@type\":\"EntryPoint\",\"urlTemplate\":\"https:\/\/homolog.news.filmelier.com\/br\/?s={search_term_string}\"},\"query-input\":{\"@type\":\"PropertyValueSpecification\",\"valueRequired\":true,\"valueName\":\"search_term_string\"}}],\"inLanguage\":\"pt-BR\"},{\"@type\":\"Organization\",\"@id\":\"https:\/\/homolog.news.filmelier.com\/br\/#organization\",\"name\":\"Homolog Filmelier News Rankrup\",\"url\":\"https:\/\/homolog.news.filmelier.com\/br\/\",\"logo\":{\"@type\":\"ImageObject\",\"inLanguage\":\"pt-BR\",\"@id\":\"https:\/\/homolog.news.filmelier.com\/br\/#\/schema\/logo\/image\/\",\"url\":\"https:\/\/news.filmelier.com\/wp-content\/uploads\/2024\/11\/Logo-News.png\",\"contentUrl\":\"https:\/\/news.filmelier.com\/wp-content\/uploads\/2024\/11\/Logo-News.png\",\"width\":460,\"height\":108,\"caption\":\"Homolog Filmelier News Rankrup\"},\"image\":{\"@id\":\"https:\/\/homolog.news.filmelier.com\/br\/#\/schema\/logo\/image\/\"}},{\"@type\":\"Person\",\"@id\":\"https:\/\/homolog.news.filmelier.com\/br\/#\/schema\/person\/d3754049399630d7144ed2033a96986f\",\"name\":\"Mariane Morisawa\",\"image\":{\"@type\":\"ImageObject\",\"inLanguage\":\"pt-BR\",\"@id\":\"https:\/\/homolog.news.filmelier.com\/br\/#\/schema\/person\/image\/\",\"url\":\"https:\/\/secure.gravatar.com\/avatar\/30ff3f3bd59014fe9f42444b158aae0449ce4aeb62a5a63bb7aeb85dba940df8?s=96&d=mm&r=g\",\"contentUrl\":\"https:\/\/secure.gravatar.com\/avatar\/30ff3f3bd59014fe9f42444b158aae0449ce4aeb62a5a63bb7aeb85dba940df8?s=96&d=mm&r=g\",\"caption\":\"Mariane Morisawa\"},\"description\":\"Mariane Morisawa is a journalist and film critic, member of Abraccine (Brazilian Association of Film Critics) and Golden Globe voter. She contributes to publications such as O Estado de S. Paulo, Elle, Veja and Filmelier. She was a correspondent in Los Angeles for eight years and covers national and international festivals. In 2025, she will cover her 15th Cannes Film Festival for Filmelier.\",\"sameAs\":[\"https:\/\/www.filmelier.com\/br\/autor\/mariane-morisawa\"],\"url\":\"https:\/\/news.filmelier.com\/br\/author\/marianne-morisawa\/\"}]}<\/script>\n<!-- \/ Yoast SEO plugin. -->","yoast_head_json":{"title":"Cinema do Brasil levou delega\u00e7\u00e3o de peso ao Festival de Cannes e espera recorde de neg\u00f3cios","description":"O Cinema do Brasil, programa de promo\u00e7\u00e3o e internacionaliza\u00e7\u00e3o do cinema nacional, participou do Mercado de Filmes do Festival de Cannes 2024.","robots":{"index":"index","follow":"follow","max-snippet":"max-snippet:-1","max-image-preview":"max-image-preview:large","max-video-preview":"max-video-preview:-1"},"canonical":"https:\/\/news.filmelier.com\/br\/cinema-do-brasil-cannes-2024\/","og_locale":"pt_BR","og_type":"article","og_title":"Cinema do Brasil levou delega\u00e7\u00e3o de peso ao Festival de Cannes e espera recorde de neg\u00f3cios","og_description":"O Cinema do Brasil, programa de promo\u00e7\u00e3o e internacionaliza\u00e7\u00e3o do cinema nacional, participou do Mercado de Filmes do Festival de Cannes 2024.","og_url":"https:\/\/news.filmelier.com\/br\/cinema-do-brasil-cannes-2024\/","og_site_name":"News Filmelier","article_published_time":"2024-05-29T00:24:38+00:00","article_modified_time":"2025-06-09T02:43:55+00:00","og_image":[{"width":800,"height":531,"url":"https:\/\/homolog.news.filmelier.com\/wp-content\/uploads\/2024\/05\/the-seed-of-the-sacred-fig-cannes-2024.jpg","type":"image\/jpeg"}],"author":"Mariane Morisawa","twitter_card":"summary_large_image","twitter_misc":{"Escrito por":"Mariane Morisawa","Est. tempo de leitura":"3 minutos"},"schema":{"@context":"https:\/\/schema.org","@graph":[{"@type":"Article","@id":"https:\/\/news.filmelier.com\/br\/cinema-do-brasil-cannes-2024\/#article","isPartOf":{"@id":"https:\/\/news.filmelier.com\/br\/cinema-do-brasil-cannes-2024\/"},"author":{"name":"Mariane Morisawa","@id":"https:\/\/homolog.news.filmelier.com\/br\/#\/schema\/person\/d3754049399630d7144ed2033a96986f"},"headline":"Cinema do Brasil levou delega\u00e7\u00e3o de peso ao Festival de Cannes e espera recorde de neg\u00f3cios","datePublished":"2024-05-29T00:24:38+00:00","dateModified":"2025-06-09T02:43:55+00:00","mainEntityOfPage":{"@id":"https:\/\/news.filmelier.com\/br\/cinema-do-brasil-cannes-2024\/"},"wordCount":567,"publisher":{"@id":"https:\/\/homolog.news.filmelier.com\/br\/#organization"},"image":{"@id":"https:\/\/news.filmelier.com\/br\/cinema-do-brasil-cannes-2024\/#primaryimage"},"thumbnailUrl":"https:\/\/news.filmelier.com\/wp-content\/uploads\/2024\/05\/the-seed-of-the-sacred-fig-cannes-2024.jpg","articleSection":["Cr\u00edticas","Filmes"],"inLanguage":"pt-BR"},{"@type":"WebPage","@id":"https:\/\/news.filmelier.com\/br\/cinema-do-brasil-cannes-2024\/","url":"https:\/\/news.filmelier.com\/br\/cinema-do-brasil-cannes-2024\/","name":"Cinema do Brasil levou delega\u00e7\u00e3o de peso ao Festival de Cannes e espera recorde de neg\u00f3cios","isPartOf":{"@id":"https:\/\/homolog.news.filmelier.com\/br\/#website"},"primaryImageOfPage":{"@id":"https:\/\/news.filmelier.com\/br\/cinema-do-brasil-cannes-2024\/#primaryimage"},"image":{"@id":"https:\/\/news.filmelier.com\/br\/cinema-do-brasil-cannes-2024\/#primaryimage"},"thumbnailUrl":"https:\/\/news.filmelier.com\/wp-content\/uploads\/2024\/05\/the-seed-of-the-sacred-fig-cannes-2024.jpg","datePublished":"2024-05-29T00:24:38+00:00","dateModified":"2025-06-09T02:43:55+00:00","description":"O Cinema do Brasil, programa de promo\u00e7\u00e3o e internacionaliza\u00e7\u00e3o do cinema nacional, participou do Mercado de Filmes do Festival de Cannes 2024.","breadcrumb":{"@id":"https:\/\/news.filmelier.com\/br\/cinema-do-brasil-cannes-2024\/#breadcrumb"},"inLanguage":"pt-BR","potentialAction":[{"@type":"ReadAction","target":["https:\/\/news.filmelier.com\/br\/cinema-do-brasil-cannes-2024\/"]}]},{"@type":"ImageObject","inLanguage":"pt-BR","@id":"https:\/\/news.filmelier.com\/br\/cinema-do-brasil-cannes-2024\/#primaryimage","url":"https:\/\/news.filmelier.com\/wp-content\/uploads\/2024\/05\/the-seed-of-the-sacred-fig-cannes-2024.jpg","contentUrl":"https:\/\/news.filmelier.com\/wp-content\/uploads\/2024\/05\/the-seed-of-the-sacred-fig-cannes-2024.jpg","width":800,"height":531,"caption":"The Seed of the Sacred Fig acompanha uma fam\u00edlia iraniana no meio de revoltas femininas no pa\u00eds (Cr\u00e9dito: Festival de Cannes)"},{"@type":"BreadcrumbList","@id":"https:\/\/news.filmelier.com\/br\/cinema-do-brasil-cannes-2024\/#breadcrumb","itemListElement":[{"@type":"ListItem","position":1,"name":"In\u00edcio","item":"https:\/\/homolog.news.filmelier.com\/br\/"},{"@type":"ListItem","position":2,"name":"Cinema do Brasil levou delega\u00e7\u00e3o de peso ao Festival de Cannes e espera recorde de neg\u00f3cios"}]},{"@type":"WebSite","@id":"https:\/\/homolog.news.filmelier.com\/br\/#website","url":"https:\/\/homolog.news.filmelier.com\/br\/","name":"Homolog Filmelier News Rankrup","description":"","publisher":{"@id":"https:\/\/homolog.news.filmelier.com\/br\/#organization"},"potentialAction":[{"@type":"SearchAction","target":{"@type":"EntryPoint","urlTemplate":"https:\/\/homolog.news.filmelier.com\/br\/?s={search_term_string}"},"query-input":{"@type":"PropertyValueSpecification","valueRequired":true,"valueName":"search_term_string"}}],"inLanguage":"pt-BR"},{"@type":"Organization","@id":"https:\/\/homolog.news.filmelier.com\/br\/#organization","name":"Homolog Filmelier News Rankrup","url":"https:\/\/homolog.news.filmelier.com\/br\/","logo":{"@type":"ImageObject","inLanguage":"pt-BR","@id":"https:\/\/homolog.news.filmelier.com\/br\/#\/schema\/logo\/image\/","url":"https:\/\/news.filmelier.com\/wp-content\/uploads\/2024\/11\/Logo-News.png","contentUrl":"https:\/\/news.filmelier.com\/wp-content\/uploads\/2024\/11\/Logo-News.png","width":460,"height":108,"caption":"Homolog Filmelier News Rankrup"},"image":{"@id":"https:\/\/homolog.news.filmelier.com\/br\/#\/schema\/logo\/image\/"}},{"@type":"Person","@id":"https:\/\/homolog.news.filmelier.com\/br\/#\/schema\/person\/d3754049399630d7144ed2033a96986f","name":"Mariane Morisawa","image":{"@type":"ImageObject","inLanguage":"pt-BR","@id":"https:\/\/homolog.news.filmelier.com\/br\/#\/schema\/person\/image\/","url":"https:\/\/secure.gravatar.com\/avatar\/30ff3f3bd59014fe9f42444b158aae0449ce4aeb62a5a63bb7aeb85dba940df8?s=96&d=mm&r=g","contentUrl":"https:\/\/secure.gravatar.com\/avatar\/30ff3f3bd59014fe9f42444b158aae0449ce4aeb62a5a63bb7aeb85dba940df8?s=96&d=mm&r=g","caption":"Mariane Morisawa"},"description":"Mariane Morisawa is a journalist and film critic, member of Abraccine (Brazilian Association of Film Critics) and Golden Globe voter. She contributes to publications such as O Estado de S. Paulo, Elle, Veja and Filmelier. She was a correspondent in Los Angeles for eight years and covers national and international festivals. In 2025, she will cover her 15th Cannes Film Festival for Filmelier.","sameAs":["https:\/\/www.filmelier.com\/br\/autor\/mariane-morisawa"],"url":"https:\/\/news.filmelier.com\/br\/author\/marianne-morisawa\/"}]}},"_links":{"self":[{"href":"https:\/\/news.filmelier.com\/br\/wp-json\/wp\/v2\/posts\/49783","targetHints":{"allow":["GET"]}}],"collection":[{"href":"https:\/\/news.filmelier.com\/br\/wp-json\/wp\/v2\/posts"}],"about":[{"href":"https:\/\/news.filmelier.com\/br\/wp-json\/wp\/v2\/types\/post"}],"author":[{"embeddable":true,"href":"https:\/\/news.filmelier.com\/br\/wp-json\/wp\/v2\/users\/28"}],"replies":[{"embeddable":true,"href":"https:\/\/news.filmelier.com\/br\/wp-json\/wp\/v2\/comments?post=49783"}],"version-history":[{"count":1,"href":"https:\/\/news.filmelier.com\/br\/wp-json\/wp\/v2\/posts\/49783\/revisions"}],"predecessor-version":[{"id":51738,"href":"https:\/\/news.filmelier.com\/br\/wp-json\/wp\/v2\/posts\/49783\/revisions\/51738"}],"wp:featuredmedia":[{"embeddable":true,"href":"https:\/\/news.filmelier.com\/br\/wp-json\/wp\/v2\/media\/49784"}],"wp:attachment":[{"href":"https:\/\/news.filmelier.com\/br\/wp-json\/wp\/v2\/media?parent=49783"}],"wp:term":[{"taxonomy":"category","embeddable":true,"href":"https:\/\/news.filmelier.com\/br\/wp-json\/wp\/v2\/categories?post=49783"},{"taxonomy":"post_tag","embeddable":true,"href":"https:\/\/news.filmelier.com\/br\/wp-json\/wp\/v2\/tags?post=49783"}],"curies":[{"name":"wp","href":"https:\/\/api.w.org\/{rel}","templated":true}]}}