{"id":49684,"date":"2025-03-25T18:21:23","date_gmt":"2025-03-25T21:21:23","guid":{"rendered":"https:\/\/news.filmelier.com\/series-apocalipticas\/"},"modified":"2025-06-09T00:44:39","modified_gmt":"2025-06-09T03:44:39","slug":"series-apocalipticas","status":"publish","type":"post","link":"https:\/\/news.filmelier.com\/br\/series-apocalipticas\/","title":{"rendered":"Fim do mundo na tela: as melhores s\u00e9ries apocal\u00edpticas para maratonar!"},"content":{"rendered":"<p>J\u00e1 se imaginou em um mundo devastado por um v\u00edrus mortal, um desastre natural catastr\u00f3fico ou at\u00e9 mesmo uma invas\u00e3o alien\u00edgena? Vamos embarcar juntos no fascinante universo das <strong>s\u00e9ries apocal\u00edpticas<\/strong>!<\/p>\n<p><iframe title=\"The Last Of Us - Temporada 2 | Trailer Legendado Oficial | Max\" width=\"800\" height=\"450\" src=\"https:\/\/www.youtube.com\/embed\/ByCSUhcWJMU?feature=oembed\" frameborder=\"0\" allow=\"accelerometer; autoplay; clipboard-write; encrypted-media; gyroscope; picture-in-picture; web-share\" referrerpolicy=\"strict-origin-when-cross-origin\" allowfullscreen><\/iframe><\/p>\n<ul>\n<li><strong>Leia tamb\u00e9m: <a href=\"https:\/\/news.filmelier.com\/series-baseadas-fatos-reais\/\" target=\"_blank\" rel=\"noopener\">Do outro lado da tela: A fascinante jornada das s\u00e9ries baseadas em fatos reais!<\/a><\/strong><\/li>\n<\/ul>\n<p>Essas produ\u00e7\u00f5es que misturam suspense, fic\u00e7\u00e3o cient\u00edfica e dramas humanos intensos t\u00eam conquistado cada vez mais f\u00e3s, e n\u00e3o \u00e9 por acaso. Afinal, quem nunca se sentiu um pouco ansioso com o futuro do planeta?<\/p>\n<p>As s\u00e9ries apocal\u00edpticas nos permitem explorar esses medos de forma segura e viciante, mergulhando em narrativas de sobreviv\u00eancia, reconstru\u00e7\u00e3o e, claro, muita a\u00e7\u00e3o.<\/p>\n<p>Neste artigo, vamos desvendar os segredos por tr\u00e1s do sucesso dessas s\u00e9ries, destacar as produ\u00e7\u00f5es mais marcantes do g\u00eanero e mostrar como elas refletem as nossas pr\u00f3prias ang\u00fastias.<\/p>\n<p>E, claro, vamos te dar o caminho das pedras para encontrar as melhores s\u00e9ries apocal\u00edpticas para maratonar no <a href=\"https:\/\/www.filmelier.com\/br\" target=\"_blank\" rel=\"noopener\">Filmelier<\/a>. Boa leitura!<\/p>\n<h2 id=\"como-combinam-suspense\">Como as s\u00e9ries apocal\u00edpticas combinam suspense, fic\u00e7\u00e3o cient\u00edfica e drama?<\/h2>\n<p>As s\u00e9ries apocal\u00edpticas unem suspense, fic\u00e7\u00e3o cient\u00edfica e drama atrav\u00e9s de narrativas que exploram cen\u00e1rios catastr\u00f3ficos e suas implica\u00e7\u00f5es humanas. Produ\u00e7\u00f5es como <em>Black Summer<\/em> (<a href=\"https:\/\/www.filmelier.com\/br\/list\/lancamentos-na-netflix\" target=\"_blank\" rel=\"noopener\">Netflix<\/a>) e <em>The Strain<\/em> (<a href=\"https:\/\/www.filmelier.com\/br\/documentario\/disney-plus\" target=\"_blank\" rel=\"noopener\">Disney+<\/a>) usam cen\u00e1rios de zumbis e pragas para criar clima de urg\u00eancia, com ataques violentos e fugas desesperadas. J\u00e1 <em>Colony<\/em> (Netflix) mant\u00e9m a tens\u00e3o ao retratar uma ocupa\u00e7\u00e3o alien\u00edgena, onde a fam\u00edlia Bowman precisa navegar entre resist\u00eancia e colabora\u00e7\u00e3o em um mundo sob controle opressivo.<\/p>\n<p>Por outro lado, s\u00e9ries como <em>The 100<\/em> (Netflix) e <em>Revolution<\/em> (<a href=\"https:\/\/www.filmelier.com\/br\/streamings\/amazon-prime-video\" target=\"_blank\" rel=\"noopener\">Prime Video<\/a>) mergulham em desastres globais (guerra nuclear, apag\u00e3o energ\u00e9tico) e tecnologias futuristas, como esta\u00e7\u00f5es espaciais ou sociedades dist\u00f3picas. <em>3%<\/em> (Netflix) leva isso ao extremo, imaginando uma sociedade dividida entre progresso e colapso, onde apenas 3% dos candidatos conseguem acesso a um &#8220;para\u00edso&#8221;.<\/p>\n<p>Em outra linha, <em>The Handmaid\u2019s Tale<\/em> (<a href=\"https:\/\/www.filmelier.com\/br\/noticias\/tudo-sobre-max\" target=\"_blank\" rel=\"noopener\">Max<\/a>), a queda da fertilidade global exp\u00f5e temas como opress\u00e3o e resist\u00eancia, enquanto <em>Jericho<\/em> (Netflix) aborda conflitos internos em comunidades isoladas ap\u00f3s um ataque nuclear. <em>The Leftovers<\/em> (Max) vai al\u00e9m, explorando o desaparecimento misterioso de 2% da popula\u00e7\u00e3o e suas consequ\u00eancias psicol\u00f3gicas. Essa combina\u00e7\u00e3o cria hist\u00f3rias viciantes que n\u00e3o s\u00f3 entret\u00e9m, mas tamb\u00e9m questionam nossa resili\u00eancia e valores em face do caos.<\/p>\n<ul>\n<li><strong>Veja tamb\u00e9m:<\/strong>\u00a0<a href=\"https:\/\/www.filmelier.com\/br\/streamings\" target=\"_blank\" rel=\"noopener\">Plataformas de streaming: guia completo de onde assistir seus filmes<\/a><\/li>\n<\/ul>\n<h3 id=\"cenarios-colapso\">Como essas produ\u00e7\u00f5es retratam cen\u00e1rios de colapso global?<\/h3>\n<p>As s\u00e9ries apocal\u00edpticas retratam cen\u00e1rios de colapso global atrav\u00e9s de narrativas que combinam elementos cient\u00edficos, dilemas morais e impactos sociais, refletindo medos contempor\u00e2neos.<\/p>\n<p><strong>Colapso clim\u00e1tico e ambiental:\u00a0<\/strong>S\u00e9ries como <em>Extrapolations<\/em> (<a href=\"https:\/\/www.filmelier.com\/br\/streamings\/apple-tv-plus\" target=\"_blank\" rel=\"noopener\">Apple TV+<\/a>) projetam um futuro onde a crise clim\u00e1tica descontrolada leva a inunda\u00e7\u00f5es em cidades costeiras (como Jacarta e Xangai), colapso da Amaz\u00f4nia e escassez de recursos b\u00e1sicos como \u00e1gua e oxig\u00eanio. Em <em>Expresso do Amanh\u00e3<\/em> (Netflix), um experimento para combater o aquecimento global falha, transformando a Terra em um deserto gelado onde sobreviventes lutam em um trem socialmente dividido.<\/p>\n<p><strong>Pandemias e pragas:\u00a0<\/strong>Produ\u00e7\u00f5es como <em>Cidade dos Mortos<\/em> (Netflix) mostram uma Moscou em colapso ap\u00f3s um v\u00edrus zumbificador, enquanto <em>The Last of Us<\/em> (Max) explora um fungo mutante que destr\u00f3i a humanidade, destacando a fragilidade das rela\u00e7\u00f5es em cen\u00e1rios de sobreviv\u00eancia extrema. <em>The Strain<\/em> tamb\u00e9m usa uma praga vamp\u00edrica para criticar a burocracia e a desinforma\u00e7\u00e3o em crises sanit\u00e1rias.<\/p>\n<p><strong>Guerra tecnol\u00f3gica e colapso social:\u00a0<\/strong>Em <em>Tribos da Europa<\/em> (Netflix), uma guerra tecnol\u00f3gica fragmenta a Europa em microestados rivais, enquanto <em>Black Knight<\/em> (Netflix) retrata uma Coreia do Sul p\u00f3s-meteoro, onde a desigualdade entre classes \u00e9 mantida por um sistema opressivo de entrega de recursos. <em>Silo<\/em> (Apple TV+) explora uma sociedade subterr\u00e2nea com regras r\u00edgidas, questionando a liberdade individual em nome da seguran\u00e7a coletiva.<\/p>\n<p><strong>Eventos catastr\u00f3ficos naturais ou artificiais:\u00a0<\/strong><em>Dentro da Noite<\/em> (Netflix) imagina um evento solar que torna o dia letal, for\u00e7ando sobreviventes a permanecerem em um avi\u00e3o para escapar da radia\u00e7\u00e3o. J\u00e1 <em>Revolution<\/em> (Prime Video) aborda um apag\u00e3o global que derruba governos e redes el\u00e9tricas, levando \u00e0 forma\u00e7\u00e3o de novas estruturas de poder.<\/p>\n<p><iframe title=\"SILO \u2014 Trailer oficial | Apple TV+\" width=\"800\" height=\"450\" src=\"https:\/\/www.youtube.com\/embed\/xgijWjgHiFo?feature=oembed\" frameborder=\"0\" allow=\"accelerometer; autoplay; clipboard-write; encrypted-media; gyroscope; picture-in-picture; web-share\" referrerpolicy=\"strict-origin-when-cross-origin\" allowfullscreen><\/iframe><\/p>\n<h3 id=\"refletem-medos\">Como as s\u00e9ries apocal\u00edpticas refletem medos e ansiedades do mundo real?<\/h3>\n<p>As s\u00e9ries apocal\u00edpticas funcionam como espelhos das ang\u00fastias contempor\u00e2neas, usando cen\u00e1rios catastr\u00f3ficos para explorar medos coletivos e quest\u00f5es sociais urgentes. <a href=\"https:\/\/news.filmelier.com\/the-last-of-us-tudo-sobre-2-temporada\/\">S\u00e9ries como <em>The Last of Us<\/em><\/a> e <em>Cidade dos Mortos<\/em> retratam v\u00edrus mutantes ou pragas que dizimaram a humanidade, ecoando temores de surtos globais como a COVID-19.<\/p>\n<p>Em <em>The Strain<\/em>, a desinforma\u00e7\u00e3o e a burocracia em crises sanit\u00e1rias s\u00e3o criticadas, mostrando como as autoridades podem falhar em proteger a popula\u00e7\u00e3o.<\/p>\n<p><em>Expresso do Amanh\u00e3<\/em>, por outro lado, projeta um futuro onde uma tentativa de combater o aquecimento global falha, transformando a Terra em um deserto gelado. J\u00e1 <em>Extrapolations<\/em> aborda inunda\u00e7\u00f5es em cidades costeiras e o colapso da Amaz\u00f4nia, temas diretamente ligados \u00e0s mudan\u00e7as clim\u00e1ticas atuais.<\/p>\n<p>Em <em>Silo<\/em>, uma sociedade subterr\u00e2nea mant\u00e9m hierarquias r\u00edgidas para &#8220;proteger&#8221; os sobreviventes, questionando a liberdade individual em nome da seguran\u00e7a coletiva. Enquanto em <em>Revolution<\/em>, exploramos o colapso de governos ap\u00f3s um apag\u00e3o global, mostrando como mil\u00edcias autorit\u00e1rias surgem para controlar recursos escassos.<\/p>\n<p>Em outro cen\u00e1rio, <em>Jericho<\/em> retrata uma comunidade isolada ap\u00f3s ataques nucleares, destacando conflitos internos e a busca por seguran\u00e7a em um mundo desestruturado. <em>Fallout<\/em> tamb\u00e9m aborda radia\u00e7\u00e3o nuclear e cidades devastadas, refletindo medos de armas de destrui\u00e7\u00e3o em massa.<\/p>\n<p>Na cl\u00e1ssica <em>The Walking Dead<\/em> e seu spin-off <em>Fear the Walking Dead<\/em>, zumbis s\u00e3o usados como met\u00e1fora para a selvageria humana em situa\u00e7\u00f5es extremas, enquanto <em>The Leftovers<\/em> explora o desaparecimento misterioso de 2% da popula\u00e7\u00e3o, abordando o luto coletivo e a busca por significado.<\/p>\n<ul>\n<li><strong>Leia mais: <a href=\"https:\/\/news.filmelier.com\/the-last-of-us-infectados-vagalume-fedra-tudo\/\" target=\"_blank\" rel=\"noopener\">Tipos de infectados, e diferen\u00e7as entre os Vagalumes e a FEDRA em\u00a0<\/a><em>The Last of Us<\/em><\/strong><\/li>\n<\/ul>\n<h3 id=\"impacto-publico\">Impacto dessas narrativas no p\u00fablico<\/h3>\n<p>As narrativas de s\u00e9ries apocal\u00edpticas t\u00eam um impacto multifacetado no p\u00fablico, combinando entretenimento com reflex\u00f5es profundas sobre a condi\u00e7\u00e3o humana.<\/p>\n<p>S\u00e9ries como <em>The Last of Us<\/em> e <em>Cidade dos Morto<\/em>s usam hist\u00f3rias pessoais para criar v\u00ednculos emocionais. Em <em>The Last of Us<\/em>, o epis\u00f3dio dedicado a Bill e Frank mostra um amor duradouro em um cen\u00e1rio hostil, gerando uma conex\u00e3o visceral com o p\u00fablico.<\/p>\n<p>J\u00e1 <em>Cidade dos Mortos<\/em> explora o trauma de perder entes queridos e a luta por esperan\u00e7a, humanizando personagens atrav\u00e9s de flashbacks que revelam suas vidas pr\u00e9-apocal\u00edpticas.<\/p>\n<p>Em produ\u00e7\u00f5es como <em>Happiness<\/em> (Netflix) e <em>Revolution<\/em>, os espectadores s\u00e3o colocados diante de escolhas \u00e9ticas extremas: proteger a fam\u00edlia ou ajudar estranhos?<\/p>\n<p>Em <em>Happiness<\/em>, o v\u00edrus que transforma pessoas em criaturas violentas for\u00e7a personagens a questionar at\u00e9 onde v\u00e3o para sobreviver, refletindo dilemas reais em crises sociais.<\/p>\n<p>O g\u00eanero apocal\u00edptico tamb\u00e9m funciona como v\u00e1lvula de escape para ansiedades coletivas. S\u00e9ries como <em>The Walking Dead<\/em> e <em>Colony<\/em> permitem que o p\u00fablico experimente cen\u00e1rios catastr\u00f3ficos de forma segura, explorando temas como pandemias, colapso clim\u00e1tico e invas\u00f5es alien\u00edgenas.<\/p>\n<p>Por outro lado, narrativas como <em>The Leftovers<\/em> e <em>Silo<\/em> abordam traumas coletivos, mostrando como sobreviventes lidam com perdas e reconstru\u00e7\u00e3o. Em <em>Cidade dos Mortos<\/em>, a busca por uma cura simboliza a esperan\u00e7a em um mundo desolador, enquanto <em>The Last of Us<\/em> destaca a import\u00e2ncia de conex\u00f5es humanas mesmo em cen\u00e1rios desesperadores.<\/p>\n<p>Da mesma forma, s\u00e9ries como <em>Expresso do Amanh\u00e3<\/em> e <em>Extrapolations<\/em> usam cen\u00e1rios apocal\u00edpticos para discutir problemas reais, como mudan\u00e7as clim\u00e1ticas e desigualdade. Na mesma linha, <em>Happiness<\/em> critica a burocracia em crises sanit\u00e1rias, enquanto <em>Revolution<\/em> explora o surgimento de autoritarismos ap\u00f3s o colapso de sistemas.<\/p>\n<ul>\n<li><strong>Leia mais: <a href=\"https:\/\/news.filmelier.com\/guia-netflix-como-assinar-planos-filmes\/\" target=\"_blank\" rel=\"noopener\">Tudo sobre a Netflix em 2025: como assinar, planos, valores, melhores filmes, s\u00e9ries de TV e mais<\/a><\/strong><\/li>\n<\/ul>\n<p><iframe title=\"The Walking Dead: World Beyond - Exclusive Official Trailer\" width=\"800\" height=\"450\" src=\"https:\/\/www.youtube.com\/embed\/raobZTVUwC0?feature=oembed\" frameborder=\"0\" allow=\"accelerometer; autoplay; clipboard-write; encrypted-media; gyroscope; picture-in-picture; web-share\" referrerpolicy=\"strict-origin-when-cross-origin\" allowfullscreen><\/iframe><\/p>\n<h2 id=\"series-viciantes\">O que torna as s\u00e9ries apocal\u00edpticas t\u00e3o viciantes?<\/h2>\n<p>As s\u00e9ries apocal\u00edpticas s\u00e3o viciantes por uma combina\u00e7\u00e3o de elementos que misturam suspense, drama humano e explora\u00e7\u00e3o de medos coletivos, criando narrativas que prendem o espectador.<\/p>\n<p>S\u00e9ries como <em>The Walking Dead<\/em> e <em>Fear the Walking Dead<\/em>, mant\u00e9m o p\u00fablico em alerta com reviravoltas chocantes e mortes inesperadas. Em <em>The Walking Dead<\/em>, nenhum personagem est\u00e1 a salvo, e decis\u00f5es morais extremas (como sacrificar aliados ou enfrentar grupos hostis) geram tens\u00e3o constante.<\/p>\n<p>J\u00e1 <em>Fear<\/em> explora o colapso social inicial de uma epidemia, mostrando como fam\u00edlias se desintegram diante do caos.<\/p>\n<p>Produ\u00e7\u00f5es como <em>The Leftovers<\/em> e <em>Sweet Tooth<\/em> (Netflix) focam na evolu\u00e7\u00e3o psicol\u00f3gica. Em <em>The Leftovers<\/em>, o desaparecimento de 2% da popula\u00e7\u00e3o gera um drama existencial, enquanto <em>Sweet Tooth<\/em> acompanha um menino-h\u00edbrido em busca de aceita\u00e7\u00e3o, mesclando aventura e reflex\u00e3o sobre identidade.<\/p>\n<p>S\u00e9ries como <em>Expresso do Amanh\u00e3<\/em> e <em>Raised by Wolves<\/em> (Max) usam ambienta\u00e7\u00f5es dist\u00f3picas para criar atmosferas imersivas. Em <em>Expresso do Amanh\u00e3<\/em>, o trem socialmente dividido simboliza conflitos de classe, enquanto <em>Raised by Wolves<\/em> explora um planeta hostil onde andr\u00f3ides criam humanos, questionando \u00e9tica e religi\u00e3o.<\/p>\n<p>Narrativas como <em>Black Summer<\/em> e <em>The Walking Dead: World Beyond<\/em> (outro <em>spin-off<\/em> da s\u00e9rie original) abordam temas universais: desigualdade, autoritarismo e legado. Em <em>World Beyond<\/em>, adolescentes enfrentam um mundo p\u00f3s-apocal\u00edptico, debatendo como reconstruir sociedades sem repetir erros do passado.<\/p>\n<p>S\u00e9ries apocal\u00edpticas permitem que o p\u00fablico experimente medos de forma segura, como em <em>The Walking Dead<\/em>, onde a luta contra zumbis serve de met\u00e1fora para a selvageria humana. Isso gera identifica\u00e7\u00e3o e libera\u00e7\u00e3o emocional, especialmente em momentos de esperan\u00e7a ou reden\u00e7\u00e3o.<\/p>\n<h2 id=\"melhores-series\">Quais s\u00e3o as melhores s\u00e9ries apocal\u00edpticas?<\/h2>\n<p>Aqui est\u00e3o as melhores s\u00e9ries apocal\u00edpticas para maratonar, com destaque para produ\u00e7\u00f5es que combinam suspense, fic\u00e7\u00e3o cient\u00edfica e reflex\u00f5es profundas:<\/p>\n<h3><em>The Walking Dead<\/em><\/h3>\n<p>A s\u00e9rie que popularizou zumbis na TV, explorando conflitos humanos em um mundo devastado. A din\u00e2mica entre sobreviventes e a evolu\u00e7\u00e3o dos personagens s\u00e3o pontos fortes. Dispon\u00edvel na Netflix e no Disney+.<\/p>\n<h3><em>The Last of Us<\/em><\/h3>\n<p>Baseada no jogo hom\u00f4nimo, a s\u00e9rie mergulha em uma jornada emocional entre Joel e Ellie, destacando a resili\u00eancia humana em um mundo dominado por um fungo mutante. Dispon\u00edvel na Max.<\/p>\n<h3><em>The Leftovers<\/em><\/h3>\n<p>Aborda o desaparecimento de 2% da popula\u00e7\u00e3o global, explorando luto coletivo, religi\u00e3o e a busca por significado em um mundo fragmentado. Dispon\u00edvel na Max.<\/p>\n<h3><em>Silo<\/em><\/h3>\n<p>Mist\u00e9rio e distopia em um silo subterr\u00e2neo, onde uma engenheira desvenda segredos sobre o colapso da humanidade. Baseada nos livros de Hugh Howey. Dispon\u00edvel no Apple TV+.<\/p>\n<h3><em>Raised by Wolves<\/em><\/h3>\n<p>Andr\u00f3ides criam humanos em um planeta hostil, questionando \u00e9tica e religi\u00e3o. Visualmente impactante e com narrativa filos\u00f3fica. Dispon\u00edvel na Max.<\/p>\n<h3><em>Expresso do Amanh\u00e3<\/em><\/h3>\n<p>Um trem socialmente dividido simboliza conflitos de classe em um mundo congelado ap\u00f3s um experimento clim\u00e1tico falho. Dispon\u00edvel na Netflix.<\/p>\n<h3><em>Sweet Tooth<\/em><\/h3>\n<p>H\u00edbridos humanos-animais lutam contra preconceito em um mundo p\u00f3s-pand\u00eamico. Produ\u00e7\u00e3o executiva de Robert Downey Jr. com toques de aventura. Dispon\u00edvel na Netflix.<\/p>\n<h3><em>Black Summer<\/em><\/h3>\n<p><em>Spin-off<\/em> de <em>Z Nation<\/em>, foca no in\u00edcio do apocalipse zumbi, com cenas de a\u00e7\u00e3o intensas e decis\u00f5es morais extremas. Dispon\u00edvel na Netflix.<\/p>\n<h3><em>Station Eleven<\/em><\/h3>\n<p>Miniss\u00e9rie que une arte e sobreviv\u00eancia ap\u00f3s uma gripe mortal. Dispon\u00edvel na Max.<\/p>\n<h3><em>Y: The Last Man<\/em><\/h3>\n<p>Mundo onde todos os homens morrem, explorando g\u00eanero e poder. Dispon\u00edvel no Disney+.<\/p>\n<h3><em>Fear the Walking Dead<\/em><\/h3>\n<p>Prequel de <em>The Walking Dead<\/em>, mostrando o colapso inicial da sociedade. Dispon\u00edvel no Prime Video.<\/p>\n<ul>\n<li><strong>Confira tamb\u00e9m: <a href=\"https:\/\/www.filmelier.com\/br\/list\/filmes-apocalipticos-para-assistir-online\" target=\"_blank\" rel=\"noopener\">Filmes apocal\u00edpticos para assistir online<\/a><\/strong><\/li>\n<\/ul>\n<figure id=\"attachment_36948\" aria-describedby=\"caption-attachment-36948\" style=\"width: 1920px\" class=\"wp-caption alignnone\"><img fetchpriority=\"high\" decoding=\"async\" class=\"wp-image-36948 size-full\" src=\"https:\/\/news.filmelier.com\/wp-content\/uploads\/2023\/03\/the-last-of-us-ellis-jogo-serie.jpg\" alt=\"Ellie de The Last of Us no videogame e na s\u00e9rie da HBO\" width=\"1920\" height=\"600\" srcset=\"https:\/\/news.filmelier.com\/wp-content\/uploads\/2023\/03\/the-last-of-us-ellis-jogo-serie.jpg 1920w, https:\/\/news.filmelier.com\/wp-content\/uploads\/2023\/03\/the-last-of-us-ellis-jogo-serie-300x94.jpg 300w, https:\/\/news.filmelier.com\/wp-content\/uploads\/2023\/03\/the-last-of-us-ellis-jogo-serie-1024x320.jpg 1024w, https:\/\/news.filmelier.com\/wp-content\/uploads\/2023\/03\/the-last-of-us-ellis-jogo-serie-768x240.jpg 768w, https:\/\/news.filmelier.com\/wp-content\/uploads\/2023\/03\/the-last-of-us-ellis-jogo-serie-1536x480.jpg 1536w, https:\/\/news.filmelier.com\/wp-content\/uploads\/2023\/03\/the-last-of-us-ellis-jogo-serie-150x47.jpg 150w\" sizes=\"(max-width: 1920px) 100vw, 1920px\" \/><figcaption id=\"caption-attachment-36948\" class=\"wp-caption-text\"><em>Cena do videogame The Last of Us e sua respectiva adapta\u00e7\u00e3o na s\u00e9rie da HBO, mostrando a personagem Ellie Williams (Cr\u00e9dito: Naughty Dog; HBO)<\/em><\/figcaption><\/figure>\n<h2 id=\"conclusao-series\">Por que assistir a s\u00e9ries apocal\u00edpticas?<\/h2>\n<p>As s\u00e9ries apocal\u00edpticas s\u00e3o mais do que entretenimento: s\u00e3o janelas para explorar medos coletivos, alertas sobre riscos reais e celebra\u00e7\u00f5es da resili\u00eancia humana.<\/p>\n<p>Ao misturar suspense, fic\u00e7\u00e3o cient\u00edfica e drama, essas produ\u00e7\u00f5es nos permitem experimentar cen\u00e1rios catastr\u00f3ficos de forma segura, refletindo sobre dilemas \u00e9ticos, desigualdades sociais e a fragilidade de sistemas globais.<\/p>\n<p>Seja atrav\u00e9s de zumbis, colapso clim\u00e1tico ou invas\u00f5es alien\u00edgenas, o g\u00eanero nos convida a questionar como agir para evitar que esses medos se tornem realidade. E, claro, a viciante jornada de sobreviv\u00eancia, reconstru\u00e7\u00e3o e esperan\u00e7a \u00e9 o combust\u00edvel perfeito para maratonas que prendem o p\u00fablico at\u00e9 o \u00faltimo epis\u00f3dio.<\/p>\n<p>Ent\u00e3o, prepare a pipoca, escolha uma s\u00e9rie apocal\u00edptica para maratonar com o <a href=\"https:\/\/www.filmelier.com\/br\" target=\"_blank\" rel=\"noopener\">Filmelier<\/a>\u00a0e mergulhe nesse universo onde o fim do mundo \u00e9 apenas o come\u00e7o de uma hist\u00f3ria intensa. O apocalipse nunca foi t\u00e3o viciante!<\/p>\n<ul>\n<li><strong>Leia tamb\u00e9m: <a href=\"https:\/\/www.filmelier.com\/br\/list\/filmelier-plus-canal-filmes-para-assistir\" target=\"_blank\" rel=\"noopener\">Filmes do Oscar e outros t\u00edtulos para assistir no canal de streaming Filmelier+<\/a><\/strong><\/li>\n<\/ul>\n","protected":false},"excerpt":{"rendered":"<p>Explore s\u00e9ries apocal\u00edpticas mais viciantes para voc\u00ea maratonar no Filmelier, desde &#8216;The Walking Dead&#8217; a &#8216;The Last of Us&#8217;<\/p>\n","protected":false},"author":14,"featured_media":49685,"comment_status":"open","ping_status":"open","sticky":false,"template":"","format":"standard","meta":{"_acf_changed":false,"footnotes":""},"categories":[3492],"tags":[3973,3763,3997,3542,3950,3980,3586,3694,3588,3589,3501],"class_list":["post-49684","post","type-post","status-publish","format-standard","has-post-thumbnail","hentry","category-series-novelas-br","tag-apple-tv-plus-br","tag-assistir-a-series-online-br","tag-disney-series-br","tag-series-br","tag-series-amazon-br","tag-series-apple-tv-br","tag-series-hbo-br","tag-series-netflix-br","tag-the-last-of-us-br","tag-the-last-of-us-part-2-br","tag-the-walking-dead-br"],"acf":{"subtitulo":"Explore s\u00e9ries apocal\u00edpticas mais viciantes para voc\u00ea maratonar no Filmelier, desde 'The Walking Dead' a 'The Last of Us'","id_ator":"nm0050959, nm8165602, nm0511088, nm0005342, nm1775091, nm0272581, nm0000124"},"yoast_head":"<!-- This site is optimized with the Yoast SEO plugin v26.1.1 - https:\/\/yoast.com\/wordpress\/plugins\/seo\/ -->\n<title>As melhores s\u00e9ries apocal\u00edpticas para maratonar! | Filmelier<\/title>\n<meta name=\"description\" content=\"Explore s\u00e9ries apocal\u00edpticas mais viciantes para voc\u00ea maratonar no Filmelier e descubra como essas obras refletem nossos maiores medos!\" \/>\n<meta name=\"robots\" content=\"index, follow, max-snippet:-1, max-image-preview:large, max-video-preview:-1\" \/>\n<link rel=\"canonical\" href=\"https:\/\/news.filmelier.com\/br\/series-apocalipticas\/\" \/>\n<meta property=\"og:locale\" content=\"pt_BR\" \/>\n<meta property=\"og:type\" content=\"article\" \/>\n<meta property=\"og:title\" content=\"As melhores s\u00e9ries apocal\u00edpticas para maratonar! | Filmelier\" \/>\n<meta property=\"og:description\" content=\"Explore s\u00e9ries apocal\u00edpticas mais viciantes para voc\u00ea maratonar no Filmelier e descubra como essas obras refletem nossos maiores medos!\" \/>\n<meta property=\"og:url\" content=\"https:\/\/news.filmelier.com\/br\/series-apocalipticas\/\" \/>\n<meta property=\"og:site_name\" content=\"News Filmelier\" \/>\n<meta property=\"article:published_time\" content=\"2025-03-25T21:21:23+00:00\" \/>\n<meta property=\"article:modified_time\" content=\"2025-06-09T03:44:39+00:00\" \/>\n<meta property=\"og:image\" content=\"https:\/\/homolog.news.filmelier.com\/wp-content\/uploads\/2025\/03\/series-apocalipticas.webp\" \/>\n\t<meta property=\"og:image:width\" content=\"560\" \/>\n\t<meta property=\"og:image:height\" content=\"280\" \/>\n\t<meta property=\"og:image:type\" content=\"image\/webp\" \/>\n<meta name=\"author\" content=\"Reda\u00e7\u00e3o Filmelier\" \/>\n<meta name=\"twitter:card\" content=\"summary_large_image\" \/>\n<meta name=\"twitter:label1\" content=\"Escrito por\" \/>\n\t<meta name=\"twitter:data1\" content=\"Reda\u00e7\u00e3o Filmelier\" \/>\n\t<meta name=\"twitter:label2\" content=\"Est. tempo de leitura\" \/>\n\t<meta name=\"twitter:data2\" content=\"12 minutos\" \/>\n<script type=\"application\/ld+json\" class=\"yoast-schema-graph\">{\"@context\":\"https:\/\/schema.org\",\"@graph\":[{\"@type\":\"Article\",\"@id\":\"https:\/\/news.filmelier.com\/br\/series-apocalipticas\/#article\",\"isPartOf\":{\"@id\":\"https:\/\/news.filmelier.com\/br\/series-apocalipticas\/\"},\"author\":{\"name\":\"Reda\u00e7\u00e3o Filmelier\",\"@id\":\"https:\/\/homolog.news.filmelier.com\/br\/#\/schema\/person\/a6491aa555ce96d9d1cc15f1742dbd7b\"},\"headline\":\"Fim do mundo na tela: as melhores s\u00e9ries apocal\u00edpticas para maratonar!\",\"datePublished\":\"2025-03-25T21:21:23+00:00\",\"dateModified\":\"2025-06-09T03:44:39+00:00\",\"mainEntityOfPage\":{\"@id\":\"https:\/\/news.filmelier.com\/br\/series-apocalipticas\/\"},\"wordCount\":2300,\"commentCount\":0,\"publisher\":{\"@id\":\"https:\/\/homolog.news.filmelier.com\/br\/#organization\"},\"image\":{\"@id\":\"https:\/\/news.filmelier.com\/br\/series-apocalipticas\/#primaryimage\"},\"thumbnailUrl\":\"https:\/\/news.filmelier.com\/wp-content\/uploads\/2025\/03\/series-apocalipticas.webp\",\"keywords\":[\"Apple TV+\",\"assistir a s\u00e9ries online\",\"disney series\",\"s\u00e9ries\",\"s\u00e9ries amazon\",\"s\u00e9ries apple tv+\",\"s\u00e9ries hbo\",\"s\u00e9ries netflix\",\"the last of us\",\"The last of us part 2\",\"The Walking Dead\"],\"articleSection\":[\"S\u00e9ries e Novelas\"],\"inLanguage\":\"pt-BR\",\"potentialAction\":[{\"@type\":\"CommentAction\",\"name\":\"Comment\",\"target\":[\"https:\/\/news.filmelier.com\/br\/series-apocalipticas\/#respond\"]}]},{\"@type\":\"WebPage\",\"@id\":\"https:\/\/news.filmelier.com\/br\/series-apocalipticas\/\",\"url\":\"https:\/\/news.filmelier.com\/br\/series-apocalipticas\/\",\"name\":\"As melhores s\u00e9ries apocal\u00edpticas para maratonar! | Filmelier\",\"isPartOf\":{\"@id\":\"https:\/\/homolog.news.filmelier.com\/br\/#website\"},\"primaryImageOfPage\":{\"@id\":\"https:\/\/news.filmelier.com\/br\/series-apocalipticas\/#primaryimage\"},\"image\":{\"@id\":\"https:\/\/news.filmelier.com\/br\/series-apocalipticas\/#primaryimage\"},\"thumbnailUrl\":\"https:\/\/news.filmelier.com\/wp-content\/uploads\/2025\/03\/series-apocalipticas.webp\",\"datePublished\":\"2025-03-25T21:21:23+00:00\",\"dateModified\":\"2025-06-09T03:44:39+00:00\",\"description\":\"Explore s\u00e9ries apocal\u00edpticas mais viciantes para voc\u00ea maratonar no Filmelier e descubra como essas obras refletem nossos maiores medos!\",\"breadcrumb\":{\"@id\":\"https:\/\/news.filmelier.com\/br\/series-apocalipticas\/#breadcrumb\"},\"inLanguage\":\"pt-BR\",\"potentialAction\":[{\"@type\":\"ReadAction\",\"target\":[\"https:\/\/news.filmelier.com\/br\/series-apocalipticas\/\"]}]},{\"@type\":\"ImageObject\",\"inLanguage\":\"pt-BR\",\"@id\":\"https:\/\/news.filmelier.com\/br\/series-apocalipticas\/#primaryimage\",\"url\":\"https:\/\/news.filmelier.com\/wp-content\/uploads\/2025\/03\/series-apocalipticas.webp\",\"contentUrl\":\"https:\/\/news.filmelier.com\/wp-content\/uploads\/2025\/03\/series-apocalipticas.webp\",\"width\":560,\"height\":280,\"caption\":\"(Cr\u00e9ditos: AMC \/ TheMovieDB)\"},{\"@type\":\"BreadcrumbList\",\"@id\":\"https:\/\/news.filmelier.com\/br\/series-apocalipticas\/#breadcrumb\",\"itemListElement\":[{\"@type\":\"ListItem\",\"position\":1,\"name\":\"In\u00edcio\",\"item\":\"https:\/\/homolog.news.filmelier.com\/br\/\"},{\"@type\":\"ListItem\",\"position\":2,\"name\":\"Fim do mundo na tela: as melhores s\u00e9ries apocal\u00edpticas para maratonar!\"}]},{\"@type\":\"WebSite\",\"@id\":\"https:\/\/homolog.news.filmelier.com\/br\/#website\",\"url\":\"https:\/\/homolog.news.filmelier.com\/br\/\",\"name\":\"Homolog Filmelier News Rankrup\",\"description\":\"\",\"publisher\":{\"@id\":\"https:\/\/homolog.news.filmelier.com\/br\/#organization\"},\"potentialAction\":[{\"@type\":\"SearchAction\",\"target\":{\"@type\":\"EntryPoint\",\"urlTemplate\":\"https:\/\/homolog.news.filmelier.com\/br\/?s={search_term_string}\"},\"query-input\":{\"@type\":\"PropertyValueSpecification\",\"valueRequired\":true,\"valueName\":\"search_term_string\"}}],\"inLanguage\":\"pt-BR\"},{\"@type\":\"Organization\",\"@id\":\"https:\/\/homolog.news.filmelier.com\/br\/#organization\",\"name\":\"Homolog Filmelier News Rankrup\",\"url\":\"https:\/\/homolog.news.filmelier.com\/br\/\",\"logo\":{\"@type\":\"ImageObject\",\"inLanguage\":\"pt-BR\",\"@id\":\"https:\/\/homolog.news.filmelier.com\/br\/#\/schema\/logo\/image\/\",\"url\":\"https:\/\/news.filmelier.com\/wp-content\/uploads\/2024\/11\/Logo-News.png\",\"contentUrl\":\"https:\/\/news.filmelier.com\/wp-content\/uploads\/2024\/11\/Logo-News.png\",\"width\":460,\"height\":108,\"caption\":\"Homolog Filmelier News Rankrup\"},\"image\":{\"@id\":\"https:\/\/homolog.news.filmelier.com\/br\/#\/schema\/logo\/image\/\"}},{\"@type\":\"Person\",\"@id\":\"https:\/\/homolog.news.filmelier.com\/br\/#\/schema\/person\/a6491aa555ce96d9d1cc15f1742dbd7b\",\"name\":\"Reda\u00e7\u00e3o Filmelier\",\"image\":{\"@type\":\"ImageObject\",\"inLanguage\":\"pt-BR\",\"@id\":\"https:\/\/homolog.news.filmelier.com\/br\/#\/schema\/person\/image\/\",\"url\":\"https:\/\/secure.gravatar.com\/avatar\/8bf80419447553f32d821a953683c4666faca8d781f143825a02644ae3f7e2d0?s=96&d=mm&r=g\",\"contentUrl\":\"https:\/\/secure.gravatar.com\/avatar\/8bf80419447553f32d821a953683c4666faca8d781f143825a02644ae3f7e2d0?s=96&d=mm&r=g\",\"caption\":\"Reda\u00e7\u00e3o Filmelier\"},\"description\":\"Somos um time de jornalistas e cr\u00edticos que respira cinema a 24 quadros por segundo. Das estreias do circuito aos cl\u00e1ssicos restaurados, da curadoria em streamings \u00e0s entrevistas nos bastidores, nossa reda\u00e7\u00e3o transforma filmes em conte\u00fado inteligente \u2014 com an\u00e1lises afiadas, guias pr\u00e1ticos e hist\u00f3rias que fazem voc\u00ea ver a s\u00e9tima arte com outros olhos. Aqui no Filmelier, cinema n\u00e3o \u00e9 s\u00f3 lazer: \u00e9 of\u00edcio, \u00e9 expertise, \u00e9 paix\u00e3o em forma de texto.\",\"url\":\"https:\/\/news.filmelier.com\/br\/author\/contato-filmelier\/\"}]}<\/script>\n<!-- \/ Yoast SEO plugin. -->","yoast_head_json":{"title":"As melhores s\u00e9ries apocal\u00edpticas para maratonar! | Filmelier","description":"Explore s\u00e9ries apocal\u00edpticas mais viciantes para voc\u00ea maratonar no Filmelier e descubra como essas obras refletem nossos maiores medos!","robots":{"index":"index","follow":"follow","max-snippet":"max-snippet:-1","max-image-preview":"max-image-preview:large","max-video-preview":"max-video-preview:-1"},"canonical":"https:\/\/news.filmelier.com\/br\/series-apocalipticas\/","og_locale":"pt_BR","og_type":"article","og_title":"As melhores s\u00e9ries apocal\u00edpticas para maratonar! | Filmelier","og_description":"Explore s\u00e9ries apocal\u00edpticas mais viciantes para voc\u00ea maratonar no Filmelier e descubra como essas obras refletem nossos maiores medos!","og_url":"https:\/\/news.filmelier.com\/br\/series-apocalipticas\/","og_site_name":"News Filmelier","article_published_time":"2025-03-25T21:21:23+00:00","article_modified_time":"2025-06-09T03:44:39+00:00","og_image":[{"width":560,"height":280,"url":"https:\/\/homolog.news.filmelier.com\/wp-content\/uploads\/2025\/03\/series-apocalipticas.webp","type":"image\/webp"}],"author":"Reda\u00e7\u00e3o Filmelier","twitter_card":"summary_large_image","twitter_misc":{"Escrito por":"Reda\u00e7\u00e3o Filmelier","Est. tempo de leitura":"12 minutos"},"schema":{"@context":"https:\/\/schema.org","@graph":[{"@type":"Article","@id":"https:\/\/news.filmelier.com\/br\/series-apocalipticas\/#article","isPartOf":{"@id":"https:\/\/news.filmelier.com\/br\/series-apocalipticas\/"},"author":{"name":"Reda\u00e7\u00e3o Filmelier","@id":"https:\/\/homolog.news.filmelier.com\/br\/#\/schema\/person\/a6491aa555ce96d9d1cc15f1742dbd7b"},"headline":"Fim do mundo na tela: as melhores s\u00e9ries apocal\u00edpticas para maratonar!","datePublished":"2025-03-25T21:21:23+00:00","dateModified":"2025-06-09T03:44:39+00:00","mainEntityOfPage":{"@id":"https:\/\/news.filmelier.com\/br\/series-apocalipticas\/"},"wordCount":2300,"commentCount":0,"publisher":{"@id":"https:\/\/homolog.news.filmelier.com\/br\/#organization"},"image":{"@id":"https:\/\/news.filmelier.com\/br\/series-apocalipticas\/#primaryimage"},"thumbnailUrl":"https:\/\/news.filmelier.com\/wp-content\/uploads\/2025\/03\/series-apocalipticas.webp","keywords":["Apple TV+","assistir a s\u00e9ries online","disney series","s\u00e9ries","s\u00e9ries amazon","s\u00e9ries apple tv+","s\u00e9ries hbo","s\u00e9ries netflix","the last of us","The last of us part 2","The Walking Dead"],"articleSection":["S\u00e9ries e Novelas"],"inLanguage":"pt-BR","potentialAction":[{"@type":"CommentAction","name":"Comment","target":["https:\/\/news.filmelier.com\/br\/series-apocalipticas\/#respond"]}]},{"@type":"WebPage","@id":"https:\/\/news.filmelier.com\/br\/series-apocalipticas\/","url":"https:\/\/news.filmelier.com\/br\/series-apocalipticas\/","name":"As melhores s\u00e9ries apocal\u00edpticas para maratonar! | Filmelier","isPartOf":{"@id":"https:\/\/homolog.news.filmelier.com\/br\/#website"},"primaryImageOfPage":{"@id":"https:\/\/news.filmelier.com\/br\/series-apocalipticas\/#primaryimage"},"image":{"@id":"https:\/\/news.filmelier.com\/br\/series-apocalipticas\/#primaryimage"},"thumbnailUrl":"https:\/\/news.filmelier.com\/wp-content\/uploads\/2025\/03\/series-apocalipticas.webp","datePublished":"2025-03-25T21:21:23+00:00","dateModified":"2025-06-09T03:44:39+00:00","description":"Explore s\u00e9ries apocal\u00edpticas mais viciantes para voc\u00ea maratonar no Filmelier e descubra como essas obras refletem nossos maiores medos!","breadcrumb":{"@id":"https:\/\/news.filmelier.com\/br\/series-apocalipticas\/#breadcrumb"},"inLanguage":"pt-BR","potentialAction":[{"@type":"ReadAction","target":["https:\/\/news.filmelier.com\/br\/series-apocalipticas\/"]}]},{"@type":"ImageObject","inLanguage":"pt-BR","@id":"https:\/\/news.filmelier.com\/br\/series-apocalipticas\/#primaryimage","url":"https:\/\/news.filmelier.com\/wp-content\/uploads\/2025\/03\/series-apocalipticas.webp","contentUrl":"https:\/\/news.filmelier.com\/wp-content\/uploads\/2025\/03\/series-apocalipticas.webp","width":560,"height":280,"caption":"(Cr\u00e9ditos: AMC \/ TheMovieDB)"},{"@type":"BreadcrumbList","@id":"https:\/\/news.filmelier.com\/br\/series-apocalipticas\/#breadcrumb","itemListElement":[{"@type":"ListItem","position":1,"name":"In\u00edcio","item":"https:\/\/homolog.news.filmelier.com\/br\/"},{"@type":"ListItem","position":2,"name":"Fim do mundo na tela: as melhores s\u00e9ries apocal\u00edpticas para maratonar!"}]},{"@type":"WebSite","@id":"https:\/\/homolog.news.filmelier.com\/br\/#website","url":"https:\/\/homolog.news.filmelier.com\/br\/","name":"Homolog Filmelier News Rankrup","description":"","publisher":{"@id":"https:\/\/homolog.news.filmelier.com\/br\/#organization"},"potentialAction":[{"@type":"SearchAction","target":{"@type":"EntryPoint","urlTemplate":"https:\/\/homolog.news.filmelier.com\/br\/?s={search_term_string}"},"query-input":{"@type":"PropertyValueSpecification","valueRequired":true,"valueName":"search_term_string"}}],"inLanguage":"pt-BR"},{"@type":"Organization","@id":"https:\/\/homolog.news.filmelier.com\/br\/#organization","name":"Homolog Filmelier News Rankrup","url":"https:\/\/homolog.news.filmelier.com\/br\/","logo":{"@type":"ImageObject","inLanguage":"pt-BR","@id":"https:\/\/homolog.news.filmelier.com\/br\/#\/schema\/logo\/image\/","url":"https:\/\/news.filmelier.com\/wp-content\/uploads\/2024\/11\/Logo-News.png","contentUrl":"https:\/\/news.filmelier.com\/wp-content\/uploads\/2024\/11\/Logo-News.png","width":460,"height":108,"caption":"Homolog Filmelier News Rankrup"},"image":{"@id":"https:\/\/homolog.news.filmelier.com\/br\/#\/schema\/logo\/image\/"}},{"@type":"Person","@id":"https:\/\/homolog.news.filmelier.com\/br\/#\/schema\/person\/a6491aa555ce96d9d1cc15f1742dbd7b","name":"Reda\u00e7\u00e3o Filmelier","image":{"@type":"ImageObject","inLanguage":"pt-BR","@id":"https:\/\/homolog.news.filmelier.com\/br\/#\/schema\/person\/image\/","url":"https:\/\/secure.gravatar.com\/avatar\/8bf80419447553f32d821a953683c4666faca8d781f143825a02644ae3f7e2d0?s=96&d=mm&r=g","contentUrl":"https:\/\/secure.gravatar.com\/avatar\/8bf80419447553f32d821a953683c4666faca8d781f143825a02644ae3f7e2d0?s=96&d=mm&r=g","caption":"Reda\u00e7\u00e3o Filmelier"},"description":"Somos um time de jornalistas e cr\u00edticos que respira cinema a 24 quadros por segundo. Das estreias do circuito aos cl\u00e1ssicos restaurados, da curadoria em streamings \u00e0s entrevistas nos bastidores, nossa reda\u00e7\u00e3o transforma filmes em conte\u00fado inteligente \u2014 com an\u00e1lises afiadas, guias pr\u00e1ticos e hist\u00f3rias que fazem voc\u00ea ver a s\u00e9tima arte com outros olhos. Aqui no Filmelier, cinema n\u00e3o \u00e9 s\u00f3 lazer: \u00e9 of\u00edcio, \u00e9 expertise, \u00e9 paix\u00e3o em forma de texto.","url":"https:\/\/news.filmelier.com\/br\/author\/contato-filmelier\/"}]}},"_links":{"self":[{"href":"https:\/\/news.filmelier.com\/br\/wp-json\/wp\/v2\/posts\/49684","targetHints":{"allow":["GET"]}}],"collection":[{"href":"https:\/\/news.filmelier.com\/br\/wp-json\/wp\/v2\/posts"}],"about":[{"href":"https:\/\/news.filmelier.com\/br\/wp-json\/wp\/v2\/types\/post"}],"author":[{"embeddable":true,"href":"https:\/\/news.filmelier.com\/br\/wp-json\/wp\/v2\/users\/14"}],"replies":[{"embeddable":true,"href":"https:\/\/news.filmelier.com\/br\/wp-json\/wp\/v2\/comments?post=49684"}],"version-history":[{"count":1,"href":"https:\/\/news.filmelier.com\/br\/wp-json\/wp\/v2\/posts\/49684\/revisions"}],"predecessor-version":[{"id":51653,"href":"https:\/\/news.filmelier.com\/br\/wp-json\/wp\/v2\/posts\/49684\/revisions\/51653"}],"wp:featuredmedia":[{"embeddable":true,"href":"https:\/\/news.filmelier.com\/br\/wp-json\/wp\/v2\/media\/49685"}],"wp:attachment":[{"href":"https:\/\/news.filmelier.com\/br\/wp-json\/wp\/v2\/media?parent=49684"}],"wp:term":[{"taxonomy":"category","embeddable":true,"href":"https:\/\/news.filmelier.com\/br\/wp-json\/wp\/v2\/categories?post=49684"},{"taxonomy":"post_tag","embeddable":true,"href":"https:\/\/news.filmelier.com\/br\/wp-json\/wp\/v2\/tags?post=49684"}],"curies":[{"name":"wp","href":"https:\/\/api.w.org\/{rel}","templated":true}]}}