{"id":49680,"date":"2025-03-26T17:25:07","date_gmt":"2025-03-26T20:25:07","guid":{"rendered":"https:\/\/news.filmelier.com\/ruptura-3-temporada\/"},"modified":"2025-06-09T00:44:05","modified_gmt":"2025-06-09T03:44:05","slug":"ruptura-3-temporada","status":"publish","type":"post","link":"https:\/\/news.filmelier.com\/br\/ruptura-3-temporada\/","title":{"rendered":"&#8216;Ruptura&#8217;: O que esperar da 3\u00aa temporada do suspense psicol\u00f3gico que conquistou o mundo?!"},"content":{"rendered":"<p>A s\u00e9rie <i>Ruptura<\/i> (<i>Severance<\/i>, no original) \u00e9 um thriller psicol\u00f3gico. A s\u00e9rie rapidamente se tornou um fen\u00f4meno global, cativando o p\u00fablico com sua premissa intrigante e atmosfera inquietante.<\/p>\n<p>Criada por Dan Erickson e dirigida por Ben Stiller, a produ\u00e7\u00e3o original da <a href=\"https:\/\/www.filmelier.com\/br\/streamings\/apple-tv-plus\">Apple TV+<\/a> explora a busca por equil\u00edbrio entre vida pessoal e profissional de uma forma inovadora e perturbadora.<\/p>\n<p><iframe title=\"Ruptura \u2014 Trailer oficial | Apple TV+\" width=\"800\" height=\"450\" src=\"https:\/\/www.youtube.com\/embed\/EFjc_qHrnsQ?feature=oembed\" frameborder=\"0\" allow=\"accelerometer; autoplay; clipboard-write; encrypted-media; gyroscope; picture-in-picture; web-share\" referrerpolicy=\"strict-origin-when-cross-origin\" allowfullscreen><\/iframe><\/p>\n<ul>\n<li><strong>Leia tamb\u00e9m: <a href=\"https:\/\/www.filmelier.com\/br\/list\/ruptura-filmes-se-voce-gostou-da-serie\">Filmes para assistir se voc\u00ea gostou da s\u00e9rie <em>Ruptura<\/em><\/a><\/strong><\/li>\n<\/ul>\n<h2 id=\"o-que-fala-a-serie-ruptura\">O que fala a s\u00e9rie <i>Ruptura<\/i>?<\/h2>\n<p>A trama gira em torno de Mark Scout (Adam Scott), um funcion\u00e1rio da Lumon Industries que decide passar por um procedimento de &#8220;ruptura&#8221;. Essa cirurgia separa as mem\u00f3rias do trabalho e da vida pessoal, criando duas exist\u00eancias distintas para o indiv\u00edduo. No ambiente corporativo, os funcion\u00e1rios &#8220;rompidos&#8221; n\u00e3o t\u00eam lembran\u00e7as de suas vidas fora dali, e vice-versa.<\/p>\n<p>Essa premissa levanta quest\u00f5es profundas sobre identidade, prop\u00f3sito e a natureza do trabalho moderno. A s\u00e9rie mergulha em um mundo corporativo misterioso e opressor. Nesse contexto, os personagens questionam a \u00e9tica da Lumon Industries e as motiva\u00e7\u00f5es por tr\u00e1s do procedimento de ruptura.<\/p>\n<h2 id=\"elenco-de-ruptura\">Quem est\u00e1 no elenco de <em>Ruptura<\/em>?<\/h2>\n<p>O sucesso de <i>Ruptura<\/i> tamb\u00e9m se deve ao seu elenco talentoso, que entrega performances memor\u00e1veis:<\/p>\n<p><b>Adam Scott como Mark Scout:<\/b> O protagonista, cuja busca por respostas o leva a questionar tudo em sua vida.<\/p>\n<p><b>Patricia Arquette como Harmony Cobel:<\/b> A enigm\u00e1tica e implac\u00e1vel chefe de Mark, com segredos obscuros.<\/p>\n<p><b>John Turturro como Irving B:<\/b> Um funcion\u00e1rio leal \u00e0 Lumon, mas que come\u00e7a a questionar suas cren\u00e7as.<\/p>\n<p><b>Britt Lower como Helly R:<\/b> Uma nova funcion\u00e1ria que desafia o sistema da Lumon e busca desesperadamente por sua identidade.<\/p>\n<p><b>Zach Cherry como Dylan G:<\/b> Um funcion\u00e1rio sarc\u00e1stico e rebelde, que se torna pe\u00e7a fundamental na busca por liberdade.<\/p>\n<p><b>Christopher Walken como Burt G:<\/b> Um funcion\u00e1rio gentil e art\u00edstico, que desenvolve uma conex\u00e3o especial com Irving.<\/p>\n<p><b>Tramell Tillman como Mr. Milchick:<\/b> Uma figura misteriosa, calculista e carism\u00e1tica. Ele desempenha um papel crucial na trama, sendo frequentemente a &#8220;engrenagem principal&#8221; que movimenta os eventos da s\u00e9rie.<\/p>\n<figure id=\"attachment_43723\" aria-describedby=\"caption-attachment-43723\" style=\"width: 1422px\" class=\"wp-caption alignnone\"><img fetchpriority=\"high\" decoding=\"async\" class=\"wp-image-43723 size-full\" src=\"https:\/\/news.filmelier.com\/wp-content\/uploads\/2025\/03\/ruptura-2-temporada-mark-helly.webp\" alt=\"Cena do epis\u00f3dio final da 2\u00aa temporada de Ruptura, com Mark S (Adam Scott) e Helly R (Britt Lower) encurralados\" width=\"1422\" height=\"800\" srcset=\"https:\/\/news.filmelier.com\/wp-content\/uploads\/2025\/03\/ruptura-2-temporada-mark-helly.webp 1422w, https:\/\/news.filmelier.com\/wp-content\/uploads\/2025\/03\/ruptura-2-temporada-mark-helly-300x169.webp 300w, https:\/\/news.filmelier.com\/wp-content\/uploads\/2025\/03\/ruptura-2-temporada-mark-helly-1024x576.webp 1024w, https:\/\/news.filmelier.com\/wp-content\/uploads\/2025\/03\/ruptura-2-temporada-mark-helly-768x432.webp 768w, https:\/\/news.filmelier.com\/wp-content\/uploads\/2025\/03\/ruptura-2-temporada-mark-helly-150x84.webp 150w\" sizes=\"(max-width: 1422px) 100vw, 1422px\" \/><figcaption id=\"caption-attachment-43723\" class=\"wp-caption-text\"><em>Cena do epis\u00f3dio final da 2\u00aa temporada de Ruptura, com Mark S e Helly R (Cr\u00e9dito: Apple TV+)<\/em><\/figcaption><\/figure>\n<h2 id=\"resumo-da-2a-temporada\">Resumo da 2\u00aa temporada: Revela\u00e7\u00f5es e conspira\u00e7\u00f5es<\/h2>\n<p>A 2\u00aa temporada de <i>Ruptura<\/i> aprofunda os mist\u00e9rios da Lumon Industries e explora as consequ\u00eancias das a\u00e7\u00f5es dos personagens ap\u00f3s os eventos da 1\u00aa temporada.<\/p>\n<p>A temporada come\u00e7a, supostamente, cinco meses ap\u00f3s o final explosivo da 1\u00aa temporada, onde Mark Scout e seus colegas Helly, Irving e Dylan desafiaram a barreira entre suas mem\u00f3rias pessoais e profissionais. A Lumon, empresa que realiza o procedimento de &#8220;severance&#8221; (separa\u00e7\u00e3o de mem\u00f3rias), continua sendo o centro de uma trama cheia de segredos e manipula\u00e7\u00f5es.<\/p>\n<h3>O que aconteceu com Gemma em <em>Severance<\/em>?<\/h3>\n<p>Mark descobre que sua esposa, Gemma (Dichen Lachman), considerada morta, est\u00e1 viva e sendo usada pela Lumon como Ms. Casey, uma funcion\u00e1ria envolvida em experimentos traum\u00e1ticos. Isso o motiva a permanecer na empresa para descobrir a verdade sobre seu paradeiro.<\/p>\n<h4>O que \u00e9 Cold Harbor?<\/h4>\n<p>O projeto Cold Harbor, assim como outros relacionados a Gemma, \u00e9 revelado como uma tentativa da Lumon de eliminar a dor e mem\u00f3rias traum\u00e1ticas, criando m\u00faltiplas personalidades internas. Mark, ao trabalhar no refinamento de macrodados, acelera involuntariamente esse processo, que pode levar \u00e0 destrui\u00e7\u00e3o de Gemma.<\/p>\n<ul>\n<li><strong>Pode te interessar: <\/strong><a href=\"https:\/\/news.filmelier.com\/the-last-of-us-tudo-sobre-2-temporada\/\"><strong><em>The Last of Us<\/em> &#8211; O que esperar das 2\u00aa e 3\u00aa temporadas da s\u00e9rie da HBO?<\/strong><\/a><\/li>\n<\/ul>\n<p>Os &#8220;innies&#8221; (personalidades internas) dos funcion\u00e1rios buscam autonomia e resistem \u00e0s tentativas da Lumon de control\u00e1-los. Mark, em particular, decide n\u00e3o ceder o controle \u00e0 sua personalidade externa e foge com Helly, consolidando um tema central: a luta pela liberdade e identidade.<\/p>\n<h3>Qual \u00e9 o segredo de Kier de <em>Severance<\/em>?<\/h3>\n<p>A s\u00e9rie explora a mitologia da Lumon, incluindo a descoberta de um irm\u00e3o-g\u00eameo de Kier Eagan (Marc Geller), o fundador da empresa, e a &#8220;sala dos bodes&#8221;, que desempenha um papel crucial nos experimentos da companhia.<\/p>\n<h3>Como acabou a 2\u00aa temporada de <em>Ruptura<\/em>?<\/h3>\n<p>A temporada termina com a morte acidental de um funcion\u00e1rio da Lumon durante o resgate de Gemma, refor\u00e7ando o tom sombrio da s\u00e9rie. Gemma \u00e9 resgatada e recupera suas mem\u00f3rias externas, mas o Mark interno decide permanecer na Lumon, apaixonado por Helly.<\/p>\n<p>Isso prepara o terreno para uma 3\u00aa temporada, que promete ser ainda mais intensa, com os &#8220;innies&#8221; resistindo \u00e0 empresa e personagens como Cobel (Patricia Arquette) e Milchick (Tramell Tillman) enfrentando novos desafios.<\/p>\n<p><iframe title=\"Ruptura \u2014 Trailer oficial da 2.\u00aa temporada | Apple TV+\" width=\"800\" height=\"450\" src=\"https:\/\/www.youtube.com\/embed\/-m_DPp0Ht0o?feature=oembed\" frameborder=\"0\" allow=\"accelerometer; autoplay; clipboard-write; encrypted-media; gyroscope; picture-in-picture; web-share\" referrerpolicy=\"strict-origin-when-cross-origin\" allowfullscreen><\/iframe><\/p>\n<ul>\n<li><strong>Leia tamb\u00e9m:\u00a0<\/strong><a href=\"https:\/\/news.filmelier.com\/bridgerton-4a-temporada-tudo-sobre\/\"><strong>Tudo sobre a 4\u00aa temporada de <em>Bridgerton &#8211;<\/em>\u00a0estreia, elenco, hist\u00f3ria e teaser da nova fase na Netflix<\/strong><\/a><\/li>\n<\/ul>\n<h2 id=\"teorias-e-expectativas-3a-temporada\"><em>Ruptura<\/em>: Teorias e expectativas para a 3\u00aa temporada<\/h2>\n<p>A terceira temporada de <i>Ruptura<\/i> promete trazer grandes revela\u00e7\u00f5es e aprofundar os mist\u00e9rios em torno da Lumon Industries e seus experimentos com a tecnologia de ruptura. Aqui est\u00e3o algumas teorias e expectativas para os pr\u00f3ximos epis\u00f3dios:<\/p>\n<h3>Expans\u00e3o do universo Lumon<\/h3>\n<p>A s\u00e9rie deve explorar mais detalhes sobre o conselho da empresa, o alcance global da tecnologia de ruptura e o programa de forma\u00e7\u00e3o de novos membros, como Miss Huang (Sarah Bock), pelo qual tamb\u00e9m passou Harmony Cobel. Isso pode ampliar o universo da s\u00e9rie e trazer novos elementos \u00e0 trama.<\/p>\n<h3>O destino de Mark e Gemma<\/h3>\n<p>Ap\u00f3s o resgate de Gemma, que agora tem o c\u00e9rebro dividido em 25 personalidades, h\u00e1 expectativas sobre como ela se reintegrar\u00e1 e se unir\u00e1 a Devon para expor os segredos da Lumon. Mark, por sua vez, ter\u00e1 que lidar com as consequ\u00eancias de escolher Helly em vez de Gemma.<\/p>\n<h3>Confronto entre Innie e Outie<\/h3>\n<p>A tens\u00e3o entre as vers\u00f5es &#8220;innie&#8221; (interna) e &#8220;outie&#8221; (externa) dos personagens deve continuar, especialmente com a possibilidade de reintegra\u00e7\u00e3o parcial ou colapso do sistema de ruptura. Isso pode levar a um confronto direto entre os interesses da Lumon e os direitos dos indiv\u00edduos.<\/p>\n<h3>O papel de Harmony Cobel<\/h3>\n<p>Harmony Cobel, agora fora da Lumon, pode reaparecer com informa\u00e7\u00f5es valiosas sobre a empresa, desempenhando um papel crucial na exposi\u00e7\u00e3o dos segredos da corpora\u00e7\u00e3o.<\/p>\n<h3>Teoria sobre Kier<\/h3>\n<p>Uma das teorias mais defendidas pelos f\u00e3s \u00e9 que a Lumon est\u00e1 tentando recriar a personalidade de Kier, o fundador da empresa, usando a tecnologia de ruptura. Isso pode ser um ponto central na pr\u00f3xima temporada.<\/p>\n<h3>Desenvolvimento dos personagens<\/h3>\n<p>Personagens como Irving, Burt e Dylan devem ter seus arcos aprofundados, com foco em suas rela\u00e7\u00f5es e nas consequ\u00eancias das descobertas feitas na segunda temporada.<\/p>\n<h3>Produ\u00e7\u00e3o e lan\u00e7amento<\/h3>\n<p>Ben Stiller, produtor da s\u00e9rie, garantiu que a espera pela terceira temporada ser\u00e1 menor do que a da segunda, considerando que a produ\u00e7\u00e3o j\u00e1 em andamento. A Apple TV+ est\u00e1 empenhada em entregar novos epis\u00f3dios o mais r\u00e1pido poss\u00edvel.<\/p>\n<p>Com essas expectativas, a terceira temporada de <i>Ruptura<\/i> promete manter o suspense e a complexidade que conquistaram os f\u00e3s, enquanto explora novos desdobramentos e mist\u00e9rios.<\/p>\n<ul>\n<li><strong>Confira tamb\u00e9m:\u00a0<a href=\"https:\/\/news.filmelier.com\/series-apocalipticas\/\">As melhores s\u00e9ries apocal\u00edpticas para maratonar<\/a><\/strong><\/li>\n<\/ul>\n<h2 id=\"fatos-concretos-3a-temporada\">Fatos concretos sobre a 3\u00aa temporada<\/h2>\n<p>At\u00e9 o momento, as informa\u00e7\u00f5es oficiais sobre a terceira temporada de <i>Ruptura<\/i> s\u00e3o escassas. No entanto, alguns fatos concretos j\u00e1 foram confirmados:<\/p>\n<ul>\n<li>A Apple TV+ renovou <i>Ruptura<\/i> para uma terceira temporada.<\/li>\n<li>O criador Dan Erickson promete que n\u00e3o demorar\u00e1 mais tr\u00eas anos para lan\u00e7ar novos epis\u00f3dios, como aconteceu entre as temporadas 1 e 2.<\/li>\n<li>Erickson espera agilizar o processo de produ\u00e7\u00e3o com base na experi\u00eancia das duas primeiras temporadas.<\/li>\n<li>A produ\u00e7\u00e3o da terceira temporada j\u00e1 est\u00e1 em andamento.<\/li>\n<li>Adam Scott retorna como Mark S., e espera-se que o elenco principal, incluindo Britt Lower (Helly), John Turturro (Irving), Zach Cherry (Dylan) e Patricia Arquette (Harmony Cobel), tamb\u00e9m volte.<\/li>\n<li>Novos nomes podem ser adicionados, mas ainda n\u00e3o foram anunciados.<\/li>\n<li>A nova temporada deve explorar as consequ\u00eancias dos eventos finais da 2\u00aa temporada, como a tentativa de rebeli\u00e3o de Mark, Helly e Dylan contra a Lumon Industries.<\/li>\n<li>Gemma, agora livre, pode desempenhar um papel crucial para expor os segredos da empresa.<\/li>\n<li>Quest\u00f5es sobre a resist\u00eancia dos &#8220;innies&#8221; e os prop\u00f3sitos obscuros da Lumon continuam no centro da narrativa.<\/li>\n<li>A s\u00e9rie deve manter seu tom de suspense e fic\u00e7\u00e3o cient\u00edfica, abordando temas como identidade e \u00e9tica no ambiente corporativo.<\/li>\n<li>Mist\u00e9rios sobre o funcionamento da Lumon e a figura de Kier Eagan tamb\u00e9m devem ser aprofundados.<\/li>\n<\/ul>\n<figure id=\"attachment_43724\" aria-describedby=\"caption-attachment-43724\" style=\"width: 1270px\" class=\"wp-caption alignnone\"><img decoding=\"async\" class=\"wp-image-43724 size-full\" src=\"https:\/\/news.filmelier.com\/wp-content\/uploads\/2025\/03\/ruptura-temporada-2-escritorio.webp\" alt=\"Cena da 2\u00aa temporada de Ruptura, com Helly R (Britt Lower), Dylan G (Zach Cherry), Seth Milchick (Tramell Tillman) e Mark S (Adam Scott) no escrit\u00f3rio da Lumon (Cr\u00e9dito: Apple TV+)\" width=\"1270\" height=\"524\" srcset=\"https:\/\/news.filmelier.com\/wp-content\/uploads\/2025\/03\/ruptura-temporada-2-escritorio.webp 1270w, https:\/\/news.filmelier.com\/wp-content\/uploads\/2025\/03\/ruptura-temporada-2-escritorio-300x124.webp 300w, https:\/\/news.filmelier.com\/wp-content\/uploads\/2025\/03\/ruptura-temporada-2-escritorio-1024x423.webp 1024w, https:\/\/news.filmelier.com\/wp-content\/uploads\/2025\/03\/ruptura-temporada-2-escritorio-768x317.webp 768w, https:\/\/news.filmelier.com\/wp-content\/uploads\/2025\/03\/ruptura-temporada-2-escritorio-150x62.webp 150w\" sizes=\"(max-width: 1270px) 100vw, 1270px\" \/><figcaption id=\"caption-attachment-43724\" class=\"wp-caption-text\"><em>Helly R (Britt Lower), Dylan G (Zach Cherry), Seth Milchick (Tramell Tillman) e Mark S (Adam Scott) no escrit\u00f3rio da Lumon em cena da 2\u00aa temporada (Cr\u00e9dito: Apple TV+)<\/em><\/figcaption><\/figure>\n<ul>\n<li><strong>Pode te interessar: <a href=\"https:\/\/news.filmelier.com\/seconds-serie-suspense-nordico-adrenalina-pura\/\"><em>Seconds<\/em> &#8211; Tudo sobre a s\u00e9rie thriller n\u00f3rdica que acaba de chegar ao Adrenalina Pura+<\/a><\/strong><\/li>\n<\/ul>\n<h3 id=\"quando-estreia-3a-temporada\">Quando estreia a 3\u00aa temporada de <i>Ruptura<\/i>?<\/h3>\n<p>Como j\u00e1 citamos, ainda n\u00e3o h\u00e1 uma data oficial de estreia para a 3\u00aa temporada de <i>Ruptura<\/i>.<\/p>\n<p>A renova\u00e7\u00e3o foi confirmada pela Apple TV+ logo ap\u00f3s o lan\u00e7amento do \u00faltimo epis\u00f3dio da 2\u00aa temporada, mas os produtores e criadores n\u00e3o divulgaram um cronograma espec\u00edfico.<\/p>\n<p>No entanto, h\u00e1 expectativas de que o intervalo entre as temporadas seja menor do que os tr\u00eas anos anteriores, que separaram a 1\u00aa e a 2\u00aa temporadas.<\/p>\n<h2 id=\"onde-assistir\"><b>Onde assistir a s\u00e9rie <em>Ruptura<\/em>?<\/b><\/h2>\n<p>Atualmente, as duas temporadas de <i>Ruptura<\/i> est\u00e3o dispon\u00edveis exclusivamente na plataforma de streaming Apple TV+. \u00c9 poss\u00edvel assinar a plataforma pelo site, aplicativo ou em um dispositivo Apple. <a href=\"https:\/\/www.filmelier.com\/br\/noticias\/apple-tv-plus-guia-como-assinar-cancelar-preco\">Saiba mais aqui<\/a>.<\/p>\n<p>Ag0ra, a Apple TV+ tamb\u00e9m est\u00e1 dispon\u00edvel como um channel dentro do Amazon Prime Video, que pode ser assinado \u00e0 parte.<\/p>\n<h2 id=\"conclusao\"><em>Ruptura<\/em> \u00e9 uma s\u00e9rie boa?<\/h2>\n<p><i>Ruptura<\/i> \u00e9 mais do que apenas um thriller psicol\u00f3gico; \u00e9 uma reflex\u00e3o profunda sobre a natureza do trabalho moderno e os sacrif\u00edcios que fazemos em nome da carreira. A s\u00e9rie nos convida a questionar o equil\u00edbrio entre vida pessoal e profissional, a \u00e9tica das empresas e o impacto da tecnologia em nossas vidas.<\/p>\n<p>Com sua trama envolvente, personagens complexos e atmosfera inquietante, <i>Ruptura<\/i> se tornou uma das s\u00e9ries mais comentadas e aclamadas dos \u00faltimos anos. A expectativa para a terceira temporada \u00e9 enorme, e os f\u00e3s aguardam ansiosamente para desvendar os pr\u00f3ximos mist\u00e9rios da Lumon Industries.<\/p>\n<p>N\u00e3o perca mais tempo e descubra tudo sobre <i>Ruptura<\/i> e outras s\u00e9ries incr\u00edveis! Acesse o site do <a href=\"https:\/\/www.filmelier.com\/br\">Filmelier<\/a> para explorar os melhores conte\u00fados e ficar por dentro das estreias e lan\u00e7amentos mais aguardados do mundo do cinema e das s\u00e9ries.<\/p>\n","protected":false},"excerpt":{"rendered":"<p>Confira um resumo da segunda temporada de &#8216;Ruptura&#8217; e as principais teorias e fatos concretos sobre a terceira temporada da s\u00e9rie da Apple TV+!<\/p>\n","protected":false},"author":14,"featured_media":49681,"comment_status":"open","ping_status":"open","sticky":false,"template":"","format":"standard","meta":{"_acf_changed":false,"footnotes":""},"categories":[3492],"tags":[3985,3972,3973,3986,3987,3988,3989,3990,3991,3979,3980,3981,3992,3993],"class_list":["post-49680","post","type-post","status-publish","format-standard","has-post-thumbnail","hentry","category-series-novelas-br","tag-adam-scott-br","tag-apple-tv-plus-2-br","tag-apple-tv-plus-br","tag-ben-stiller-br","tag-britt-lower-br","tag-christopher-walken-br","tag-dichen-lachman-br","tag-john-turturro-br","tag-patricia-arquette-br","tag-ruptura-br","tag-series-apple-tv-br","tag-severance-br","tag-tramell-tillman-br","tag-zach-cherry-br"],"acf":{"subtitulo":"Confira um resumo da segunda temporada de 'Ruptura' e as principais teorias e fatos concretos sobre a terceira temporada da s\u00e9rie da Apple TV+!","id_ator":"nm0000099, nm0000686, nm0001806, nm0004395, nm12043107, nm1901842, nm3138882, nm5082529, nm7100086, nm7436993, nm0312398, nm0001774"},"yoast_head":"<!-- This site is optimized with the Yoast SEO plugin v26.1.1 - https:\/\/yoast.com\/wordpress\/plugins\/seo\/ -->\n<title>Ruptura: Tudo o que sabemos sobre a 3\u00aa temporada | Filmelier<\/title>\n<meta name=\"description\" content=\"Veja resumo da segunda temporada de Ruptura e as principais teorias e fatos concretos sobre a terceira temporada da s\u00e9rie da Apple TV+ com o Filmelier!\" \/>\n<meta name=\"robots\" content=\"index, follow, max-snippet:-1, max-image-preview:large, max-video-preview:-1\" \/>\n<link rel=\"canonical\" href=\"https:\/\/news.filmelier.com\/br\/ruptura-3-temporada\/\" \/>\n<meta property=\"og:locale\" content=\"pt_BR\" \/>\n<meta property=\"og:type\" content=\"article\" \/>\n<meta property=\"og:title\" content=\"Ruptura: Tudo o que sabemos sobre a 3\u00aa temporada | Filmelier\" \/>\n<meta property=\"og:description\" content=\"Veja resumo da segunda temporada de Ruptura e as principais teorias e fatos concretos sobre a terceira temporada da s\u00e9rie da Apple TV+ com o Filmelier!\" \/>\n<meta property=\"og:url\" content=\"https:\/\/news.filmelier.com\/br\/ruptura-3-temporada\/\" \/>\n<meta property=\"og:site_name\" content=\"News Filmelier\" \/>\n<meta property=\"article:published_time\" content=\"2025-03-26T20:25:07+00:00\" \/>\n<meta property=\"article:modified_time\" content=\"2025-06-09T03:44:05+00:00\" \/>\n<meta property=\"og:image\" content=\"https:\/\/homolog.news.filmelier.com\/wp-content\/uploads\/2025\/03\/ruptura-2-temporada-mark-helly.webp\" \/>\n\t<meta property=\"og:image:width\" content=\"1422\" \/>\n\t<meta property=\"og:image:height\" content=\"800\" \/>\n\t<meta property=\"og:image:type\" content=\"image\/webp\" \/>\n<meta name=\"author\" content=\"Reda\u00e7\u00e3o Filmelier\" \/>\n<meta name=\"twitter:card\" content=\"summary_large_image\" \/>\n<meta name=\"twitter:label1\" content=\"Escrito por\" \/>\n\t<meta name=\"twitter:data1\" content=\"Reda\u00e7\u00e3o Filmelier\" \/>\n\t<meta name=\"twitter:label2\" content=\"Est. tempo de leitura\" \/>\n\t<meta name=\"twitter:data2\" content=\"10 minutos\" \/>\n<script type=\"application\/ld+json\" class=\"yoast-schema-graph\">{\"@context\":\"https:\/\/schema.org\",\"@graph\":[{\"@type\":\"Article\",\"@id\":\"https:\/\/news.filmelier.com\/br\/ruptura-3-temporada\/#article\",\"isPartOf\":{\"@id\":\"https:\/\/news.filmelier.com\/br\/ruptura-3-temporada\/\"},\"author\":{\"name\":\"Reda\u00e7\u00e3o Filmelier\",\"@id\":\"https:\/\/homolog.news.filmelier.com\/br\/#\/schema\/person\/a6491aa555ce96d9d1cc15f1742dbd7b\"},\"headline\":\"&#8216;Ruptura&#8217;: O que esperar da 3\u00aa temporada do suspense psicol\u00f3gico que conquistou o mundo?!\",\"datePublished\":\"2025-03-26T20:25:07+00:00\",\"dateModified\":\"2025-06-09T03:44:05+00:00\",\"mainEntityOfPage\":{\"@id\":\"https:\/\/news.filmelier.com\/br\/ruptura-3-temporada\/\"},\"wordCount\":1833,\"commentCount\":0,\"publisher\":{\"@id\":\"https:\/\/homolog.news.filmelier.com\/br\/#organization\"},\"image\":{\"@id\":\"https:\/\/news.filmelier.com\/br\/ruptura-3-temporada\/#primaryimage\"},\"thumbnailUrl\":\"https:\/\/news.filmelier.com\/wp-content\/uploads\/2025\/03\/ruptura-2-temporada-mark-helly.webp\",\"keywords\":[\"Adam Scott\",\"Apple TV Plus\",\"Apple TV+\",\"Ben Stiller\",\"Britt Lower\",\"Christopher Walken\",\"Dichen Lachman\",\"John Turturro\",\"Patricia Arquette\",\"Ruptura\",\"s\u00e9ries apple tv+\",\"Severance\",\"Tramell Tillman\",\"Zach Cherry\"],\"articleSection\":[\"S\u00e9ries e Novelas\"],\"inLanguage\":\"pt-BR\",\"potentialAction\":[{\"@type\":\"CommentAction\",\"name\":\"Comment\",\"target\":[\"https:\/\/news.filmelier.com\/br\/ruptura-3-temporada\/#respond\"]}]},{\"@type\":\"WebPage\",\"@id\":\"https:\/\/news.filmelier.com\/br\/ruptura-3-temporada\/\",\"url\":\"https:\/\/news.filmelier.com\/br\/ruptura-3-temporada\/\",\"name\":\"Ruptura: Tudo o que sabemos sobre a 3\u00aa temporada | Filmelier\",\"isPartOf\":{\"@id\":\"https:\/\/homolog.news.filmelier.com\/br\/#website\"},\"primaryImageOfPage\":{\"@id\":\"https:\/\/news.filmelier.com\/br\/ruptura-3-temporada\/#primaryimage\"},\"image\":{\"@id\":\"https:\/\/news.filmelier.com\/br\/ruptura-3-temporada\/#primaryimage\"},\"thumbnailUrl\":\"https:\/\/news.filmelier.com\/wp-content\/uploads\/2025\/03\/ruptura-2-temporada-mark-helly.webp\",\"datePublished\":\"2025-03-26T20:25:07+00:00\",\"dateModified\":\"2025-06-09T03:44:05+00:00\",\"description\":\"Veja resumo da segunda temporada de Ruptura e as principais teorias e fatos concretos sobre a terceira temporada da s\u00e9rie da Apple TV+ com o Filmelier!\",\"breadcrumb\":{\"@id\":\"https:\/\/news.filmelier.com\/br\/ruptura-3-temporada\/#breadcrumb\"},\"inLanguage\":\"pt-BR\",\"potentialAction\":[{\"@type\":\"ReadAction\",\"target\":[\"https:\/\/news.filmelier.com\/br\/ruptura-3-temporada\/\"]}]},{\"@type\":\"ImageObject\",\"inLanguage\":\"pt-BR\",\"@id\":\"https:\/\/news.filmelier.com\/br\/ruptura-3-temporada\/#primaryimage\",\"url\":\"https:\/\/news.filmelier.com\/wp-content\/uploads\/2025\/03\/ruptura-2-temporada-mark-helly.webp\",\"contentUrl\":\"https:\/\/news.filmelier.com\/wp-content\/uploads\/2025\/03\/ruptura-2-temporada-mark-helly.webp\",\"width\":1422,\"height\":800,\"caption\":\"Cena do epis\u00f3dio final da 2\u00aa temporada de Ruptura, com Mark S (Adam Scott) e Helly R (Britt Lower) encurralados (Cr\u00e9dito: Apple TV+)\"},{\"@type\":\"BreadcrumbList\",\"@id\":\"https:\/\/news.filmelier.com\/br\/ruptura-3-temporada\/#breadcrumb\",\"itemListElement\":[{\"@type\":\"ListItem\",\"position\":1,\"name\":\"In\u00edcio\",\"item\":\"https:\/\/homolog.news.filmelier.com\/br\/\"},{\"@type\":\"ListItem\",\"position\":2,\"name\":\"&#8216;Ruptura&#8217;: O que esperar da 3\u00aa temporada do suspense psicol\u00f3gico que conquistou o mundo?!\"}]},{\"@type\":\"WebSite\",\"@id\":\"https:\/\/homolog.news.filmelier.com\/br\/#website\",\"url\":\"https:\/\/homolog.news.filmelier.com\/br\/\",\"name\":\"Homolog Filmelier News Rankrup\",\"description\":\"\",\"publisher\":{\"@id\":\"https:\/\/homolog.news.filmelier.com\/br\/#organization\"},\"potentialAction\":[{\"@type\":\"SearchAction\",\"target\":{\"@type\":\"EntryPoint\",\"urlTemplate\":\"https:\/\/homolog.news.filmelier.com\/br\/?s={search_term_string}\"},\"query-input\":{\"@type\":\"PropertyValueSpecification\",\"valueRequired\":true,\"valueName\":\"search_term_string\"}}],\"inLanguage\":\"pt-BR\"},{\"@type\":\"Organization\",\"@id\":\"https:\/\/homolog.news.filmelier.com\/br\/#organization\",\"name\":\"Homolog Filmelier News Rankrup\",\"url\":\"https:\/\/homolog.news.filmelier.com\/br\/\",\"logo\":{\"@type\":\"ImageObject\",\"inLanguage\":\"pt-BR\",\"@id\":\"https:\/\/homolog.news.filmelier.com\/br\/#\/schema\/logo\/image\/\",\"url\":\"https:\/\/news.filmelier.com\/wp-content\/uploads\/2024\/11\/Logo-News.png\",\"contentUrl\":\"https:\/\/news.filmelier.com\/wp-content\/uploads\/2024\/11\/Logo-News.png\",\"width\":460,\"height\":108,\"caption\":\"Homolog Filmelier News Rankrup\"},\"image\":{\"@id\":\"https:\/\/homolog.news.filmelier.com\/br\/#\/schema\/logo\/image\/\"}},{\"@type\":\"Person\",\"@id\":\"https:\/\/homolog.news.filmelier.com\/br\/#\/schema\/person\/a6491aa555ce96d9d1cc15f1742dbd7b\",\"name\":\"Reda\u00e7\u00e3o Filmelier\",\"image\":{\"@type\":\"ImageObject\",\"inLanguage\":\"pt-BR\",\"@id\":\"https:\/\/homolog.news.filmelier.com\/br\/#\/schema\/person\/image\/\",\"url\":\"https:\/\/secure.gravatar.com\/avatar\/8bf80419447553f32d821a953683c4666faca8d781f143825a02644ae3f7e2d0?s=96&d=mm&r=g\",\"contentUrl\":\"https:\/\/secure.gravatar.com\/avatar\/8bf80419447553f32d821a953683c4666faca8d781f143825a02644ae3f7e2d0?s=96&d=mm&r=g\",\"caption\":\"Reda\u00e7\u00e3o Filmelier\"},\"description\":\"Somos um time de jornalistas e cr\u00edticos que respira cinema a 24 quadros por segundo. Das estreias do circuito aos cl\u00e1ssicos restaurados, da curadoria em streamings \u00e0s entrevistas nos bastidores, nossa reda\u00e7\u00e3o transforma filmes em conte\u00fado inteligente \u2014 com an\u00e1lises afiadas, guias pr\u00e1ticos e hist\u00f3rias que fazem voc\u00ea ver a s\u00e9tima arte com outros olhos. Aqui no Filmelier, cinema n\u00e3o \u00e9 s\u00f3 lazer: \u00e9 of\u00edcio, \u00e9 expertise, \u00e9 paix\u00e3o em forma de texto.\",\"url\":\"https:\/\/news.filmelier.com\/br\/author\/contato-filmelier\/\"}]}<\/script>\n<!-- \/ Yoast SEO plugin. -->","yoast_head_json":{"title":"Ruptura: Tudo o que sabemos sobre a 3\u00aa temporada | Filmelier","description":"Veja resumo da segunda temporada de Ruptura e as principais teorias e fatos concretos sobre a terceira temporada da s\u00e9rie da Apple TV+ com o Filmelier!","robots":{"index":"index","follow":"follow","max-snippet":"max-snippet:-1","max-image-preview":"max-image-preview:large","max-video-preview":"max-video-preview:-1"},"canonical":"https:\/\/news.filmelier.com\/br\/ruptura-3-temporada\/","og_locale":"pt_BR","og_type":"article","og_title":"Ruptura: Tudo o que sabemos sobre a 3\u00aa temporada | Filmelier","og_description":"Veja resumo da segunda temporada de Ruptura e as principais teorias e fatos concretos sobre a terceira temporada da s\u00e9rie da Apple TV+ com o Filmelier!","og_url":"https:\/\/news.filmelier.com\/br\/ruptura-3-temporada\/","og_site_name":"News Filmelier","article_published_time":"2025-03-26T20:25:07+00:00","article_modified_time":"2025-06-09T03:44:05+00:00","og_image":[{"width":1422,"height":800,"url":"https:\/\/homolog.news.filmelier.com\/wp-content\/uploads\/2025\/03\/ruptura-2-temporada-mark-helly.webp","type":"image\/webp"}],"author":"Reda\u00e7\u00e3o Filmelier","twitter_card":"summary_large_image","twitter_misc":{"Escrito por":"Reda\u00e7\u00e3o Filmelier","Est. tempo de leitura":"10 minutos"},"schema":{"@context":"https:\/\/schema.org","@graph":[{"@type":"Article","@id":"https:\/\/news.filmelier.com\/br\/ruptura-3-temporada\/#article","isPartOf":{"@id":"https:\/\/news.filmelier.com\/br\/ruptura-3-temporada\/"},"author":{"name":"Reda\u00e7\u00e3o Filmelier","@id":"https:\/\/homolog.news.filmelier.com\/br\/#\/schema\/person\/a6491aa555ce96d9d1cc15f1742dbd7b"},"headline":"&#8216;Ruptura&#8217;: O que esperar da 3\u00aa temporada do suspense psicol\u00f3gico que conquistou o mundo?!","datePublished":"2025-03-26T20:25:07+00:00","dateModified":"2025-06-09T03:44:05+00:00","mainEntityOfPage":{"@id":"https:\/\/news.filmelier.com\/br\/ruptura-3-temporada\/"},"wordCount":1833,"commentCount":0,"publisher":{"@id":"https:\/\/homolog.news.filmelier.com\/br\/#organization"},"image":{"@id":"https:\/\/news.filmelier.com\/br\/ruptura-3-temporada\/#primaryimage"},"thumbnailUrl":"https:\/\/news.filmelier.com\/wp-content\/uploads\/2025\/03\/ruptura-2-temporada-mark-helly.webp","keywords":["Adam Scott","Apple TV Plus","Apple TV+","Ben Stiller","Britt Lower","Christopher Walken","Dichen Lachman","John Turturro","Patricia Arquette","Ruptura","s\u00e9ries apple tv+","Severance","Tramell Tillman","Zach Cherry"],"articleSection":["S\u00e9ries e Novelas"],"inLanguage":"pt-BR","potentialAction":[{"@type":"CommentAction","name":"Comment","target":["https:\/\/news.filmelier.com\/br\/ruptura-3-temporada\/#respond"]}]},{"@type":"WebPage","@id":"https:\/\/news.filmelier.com\/br\/ruptura-3-temporada\/","url":"https:\/\/news.filmelier.com\/br\/ruptura-3-temporada\/","name":"Ruptura: Tudo o que sabemos sobre a 3\u00aa temporada | Filmelier","isPartOf":{"@id":"https:\/\/homolog.news.filmelier.com\/br\/#website"},"primaryImageOfPage":{"@id":"https:\/\/news.filmelier.com\/br\/ruptura-3-temporada\/#primaryimage"},"image":{"@id":"https:\/\/news.filmelier.com\/br\/ruptura-3-temporada\/#primaryimage"},"thumbnailUrl":"https:\/\/news.filmelier.com\/wp-content\/uploads\/2025\/03\/ruptura-2-temporada-mark-helly.webp","datePublished":"2025-03-26T20:25:07+00:00","dateModified":"2025-06-09T03:44:05+00:00","description":"Veja resumo da segunda temporada de Ruptura e as principais teorias e fatos concretos sobre a terceira temporada da s\u00e9rie da Apple TV+ com o Filmelier!","breadcrumb":{"@id":"https:\/\/news.filmelier.com\/br\/ruptura-3-temporada\/#breadcrumb"},"inLanguage":"pt-BR","potentialAction":[{"@type":"ReadAction","target":["https:\/\/news.filmelier.com\/br\/ruptura-3-temporada\/"]}]},{"@type":"ImageObject","inLanguage":"pt-BR","@id":"https:\/\/news.filmelier.com\/br\/ruptura-3-temporada\/#primaryimage","url":"https:\/\/news.filmelier.com\/wp-content\/uploads\/2025\/03\/ruptura-2-temporada-mark-helly.webp","contentUrl":"https:\/\/news.filmelier.com\/wp-content\/uploads\/2025\/03\/ruptura-2-temporada-mark-helly.webp","width":1422,"height":800,"caption":"Cena do epis\u00f3dio final da 2\u00aa temporada de Ruptura, com Mark S (Adam Scott) e Helly R (Britt Lower) encurralados (Cr\u00e9dito: Apple TV+)"},{"@type":"BreadcrumbList","@id":"https:\/\/news.filmelier.com\/br\/ruptura-3-temporada\/#breadcrumb","itemListElement":[{"@type":"ListItem","position":1,"name":"In\u00edcio","item":"https:\/\/homolog.news.filmelier.com\/br\/"},{"@type":"ListItem","position":2,"name":"&#8216;Ruptura&#8217;: O que esperar da 3\u00aa temporada do suspense psicol\u00f3gico que conquistou o mundo?!"}]},{"@type":"WebSite","@id":"https:\/\/homolog.news.filmelier.com\/br\/#website","url":"https:\/\/homolog.news.filmelier.com\/br\/","name":"Homolog Filmelier News Rankrup","description":"","publisher":{"@id":"https:\/\/homolog.news.filmelier.com\/br\/#organization"},"potentialAction":[{"@type":"SearchAction","target":{"@type":"EntryPoint","urlTemplate":"https:\/\/homolog.news.filmelier.com\/br\/?s={search_term_string}"},"query-input":{"@type":"PropertyValueSpecification","valueRequired":true,"valueName":"search_term_string"}}],"inLanguage":"pt-BR"},{"@type":"Organization","@id":"https:\/\/homolog.news.filmelier.com\/br\/#organization","name":"Homolog Filmelier News Rankrup","url":"https:\/\/homolog.news.filmelier.com\/br\/","logo":{"@type":"ImageObject","inLanguage":"pt-BR","@id":"https:\/\/homolog.news.filmelier.com\/br\/#\/schema\/logo\/image\/","url":"https:\/\/news.filmelier.com\/wp-content\/uploads\/2024\/11\/Logo-News.png","contentUrl":"https:\/\/news.filmelier.com\/wp-content\/uploads\/2024\/11\/Logo-News.png","width":460,"height":108,"caption":"Homolog Filmelier News Rankrup"},"image":{"@id":"https:\/\/homolog.news.filmelier.com\/br\/#\/schema\/logo\/image\/"}},{"@type":"Person","@id":"https:\/\/homolog.news.filmelier.com\/br\/#\/schema\/person\/a6491aa555ce96d9d1cc15f1742dbd7b","name":"Reda\u00e7\u00e3o Filmelier","image":{"@type":"ImageObject","inLanguage":"pt-BR","@id":"https:\/\/homolog.news.filmelier.com\/br\/#\/schema\/person\/image\/","url":"https:\/\/secure.gravatar.com\/avatar\/8bf80419447553f32d821a953683c4666faca8d781f143825a02644ae3f7e2d0?s=96&d=mm&r=g","contentUrl":"https:\/\/secure.gravatar.com\/avatar\/8bf80419447553f32d821a953683c4666faca8d781f143825a02644ae3f7e2d0?s=96&d=mm&r=g","caption":"Reda\u00e7\u00e3o Filmelier"},"description":"Somos um time de jornalistas e cr\u00edticos que respira cinema a 24 quadros por segundo. Das estreias do circuito aos cl\u00e1ssicos restaurados, da curadoria em streamings \u00e0s entrevistas nos bastidores, nossa reda\u00e7\u00e3o transforma filmes em conte\u00fado inteligente \u2014 com an\u00e1lises afiadas, guias pr\u00e1ticos e hist\u00f3rias que fazem voc\u00ea ver a s\u00e9tima arte com outros olhos. Aqui no Filmelier, cinema n\u00e3o \u00e9 s\u00f3 lazer: \u00e9 of\u00edcio, \u00e9 expertise, \u00e9 paix\u00e3o em forma de texto.","url":"https:\/\/news.filmelier.com\/br\/author\/contato-filmelier\/"}]}},"_links":{"self":[{"href":"https:\/\/news.filmelier.com\/br\/wp-json\/wp\/v2\/posts\/49680","targetHints":{"allow":["GET"]}}],"collection":[{"href":"https:\/\/news.filmelier.com\/br\/wp-json\/wp\/v2\/posts"}],"about":[{"href":"https:\/\/news.filmelier.com\/br\/wp-json\/wp\/v2\/types\/post"}],"author":[{"embeddable":true,"href":"https:\/\/news.filmelier.com\/br\/wp-json\/wp\/v2\/users\/14"}],"replies":[{"embeddable":true,"href":"https:\/\/news.filmelier.com\/br\/wp-json\/wp\/v2\/comments?post=49680"}],"version-history":[{"count":1,"href":"https:\/\/news.filmelier.com\/br\/wp-json\/wp\/v2\/posts\/49680\/revisions"}],"predecessor-version":[{"id":51650,"href":"https:\/\/news.filmelier.com\/br\/wp-json\/wp\/v2\/posts\/49680\/revisions\/51650"}],"wp:featuredmedia":[{"embeddable":true,"href":"https:\/\/news.filmelier.com\/br\/wp-json\/wp\/v2\/media\/49681"}],"wp:attachment":[{"href":"https:\/\/news.filmelier.com\/br\/wp-json\/wp\/v2\/media?parent=49680"}],"wp:term":[{"taxonomy":"category","embeddable":true,"href":"https:\/\/news.filmelier.com\/br\/wp-json\/wp\/v2\/categories?post=49680"},{"taxonomy":"post_tag","embeddable":true,"href":"https:\/\/news.filmelier.com\/br\/wp-json\/wp\/v2\/tags?post=49680"}],"curies":[{"name":"wp","href":"https:\/\/api.w.org\/{rel}","templated":true}]}}