{"id":49677,"date":"2025-03-26T19:00:19","date_gmt":"2025-03-26T22:00:19","guid":{"rendered":"https:\/\/news.filmelier.com\/apple-tv-plus-guia-como-assinar-cancelar-preco\/"},"modified":"2025-06-08T23:42:03","modified_gmt":"2025-06-09T02:42:03","slug":"apple-tv-plus-guia-como-assinar-cancelar-preco","status":"publish","type":"post","link":"https:\/\/news.filmelier.com\/br\/apple-tv-plus-guia-como-assinar-cancelar-preco\/","title":{"rendered":"Apple TV+ em 2025: como assinar com desconto, pre\u00e7os, cancelamento, melhores filmes e s\u00e9ries"},"content":{"rendered":"<p>O Apple TV+ \u00e9 a plataforma de streaming por assinatura da Apple, oferecendo uma vasta cole\u00e7\u00e3o de filmes e s\u00e9ries para assistir online. Com uma assinatura mensal acess\u00edvel e diversos conte\u00fados exclusivos de alta qualidade, o servi\u00e7o tem conquistado cada vez mais usu\u00e1rios. Continue lendo e entenda tudo sobre o servi\u00e7o, como funciona, quanto custa e veja as sugest\u00f5es de filmes que o <a href=\"https:\/\/www.filmelier.com\/br\/\">Filmelier<\/a> separou para voc\u00ea. Neste artigo, vamos detalhar todas as informa\u00e7\u00f5es sobre o Apple TV+ em 2025.<\/p>\n<figure class=\"wp-block-embed is-type-video is-provider-youtube wp-block-embed-youtube wp-embed-aspect-16-9 wp-has-aspect-ratio\">\n<div class=\"wp-block-embed__wrapper\">\n<p><iframe title=\"Assassinos da Lua das Flores \u2014 Trailer Oficial 3\" width=\"800\" height=\"450\" src=\"https:\/\/www.youtube.com\/embed\/EAm6ZuWeWZQ?feature=oembed\" frameborder=\"0\" allow=\"accelerometer; autoplay; clipboard-write; encrypted-media; gyroscope; picture-in-picture; web-share\" referrerpolicy=\"strict-origin-when-cross-origin\" allowfullscreen><\/iframe><\/p>\n<\/div><figcaption><em>Indicado ao Oscar, Assassinos da Lua das Flores, \u00e9 um original da Apple<\/em><\/figcaption><\/figure>\n<ul>\n<li><strong>Leia tamb\u00e9m: <a href=\"https:\/\/news.filmelier.com\/quatro-paredes-black-box-diaries-critica\/\"><em>Quatro Paredes <\/em>\u00e9 o\u00a0document\u00e1rio mais impactante do Oscar 2025 (Cr\u00edtica)<\/a><\/strong><\/li>\n<\/ul>\n<h2 id=\"como-assinar-apple-tv\">Como assinar o Apple TV+?<\/h2>\n<p>Para come\u00e7ar a usar o Apple TV+, voc\u00ea precisa de um Apple ID. Caso ainda n\u00e3o tenha um, o <a href=\"https:\/\/support.apple.com\/pt-br\/HT204316\" target=\"_blank\" rel=\"noreferrer noopener\">suporte da Apple<\/a> ensina de forma f\u00e1cil e r\u00e1pida a cri\u00e1-la, mesmo que voc\u00ea n\u00e3o tenha um dispositivo da empresa.<\/p>\n<p>A assinatura pode ser feita diretamente pelo site ou atrav\u00e9s de qualquer dispositivo compat\u00edvel. Depois de criar sua Apple ID, voc\u00ea pode fazer login na plataforma e escolher os filmes e s\u00e9ries que quer assistir.<\/p>\n<p>Dica do Filmelier: acesse este link para acessar o <a href=\"https:\/\/www.filmelier.com\/br\/streamings\/apple-tv-plus#filmes\">cat\u00e1logo completo de filmes<\/a>, basta selecionar um deles e ver online hoje mesmo.<\/p>\n<h2 id=\"preco-apple-tv-2025\">Pre\u00e7o do Apple TV+ em 2025<\/h2>\n<h3 id=\"quanto-custa-apple-tv\">Quanto custa o Apple TV Plus?<\/h3>\n<p>O acesso ao cat\u00e1logo custa <strong>R$21,90 por m\u00eas<\/strong>, um valor mais abaixo do que o oferecido por outros streamings, por exemplo a <a href=\"https:\/\/www.filmelier.com\/br\/streamings\/netflix\">Netflix<\/a>.<\/p>\n<h3 class=\"has-text-align-center\"><a href=\"https:\/\/tv.apple.com\/br\/channel\/tvs.sbd.4000?at=1000loWU\" target=\"_blank\" rel=\"noreferrer noopener\">Clique aqui para assinar o Apple TV Plus<\/a>.<\/h3>\n<p>A empresa oferece algumas possibilidades para quem quer assinar e curtir os conte\u00fados, como as seguintes ofertas especiais:<\/p>\n<h3 id=\"acesso-apple-one\">Acesso pelo Apple One<\/h3>\n<p>O Apple TV+ est\u00e1 inclu\u00eddo no <strong>pacote Apple One<\/strong>, que custa <strong>a partir de R$42,90 por m\u00eas<\/strong> no plano individual, R$54,90 no plano familiar para cinco pessoas e R$89,90 no plano premium. Os planos incluem outros servi\u00e7os da companhia, como iCould+, Apple Music, Arcade e Fitness+. <a href=\"https:\/\/one.apple.com\/br\/tv?itscg=10000&amp;itsct=one-NA-tv-bnr-apl-avl-102020&amp;at=1000loWU\" target=\"_blank\" rel=\"noreferrer noopener\">Para assinar o Apple One, acesse este link<\/a>.<\/p>\n<figure id=\"attachment_43728\" aria-describedby=\"caption-attachment-43728\" style=\"width: 850px\" class=\"wp-caption alignnone\"><img fetchpriority=\"high\" decoding=\"async\" class=\"wp-image-43728 size-full\" src=\"https:\/\/news.filmelier.com\/wp-content\/uploads\/2024\/05\/apple-one-precos-planos.jpg\" alt=\"Imagem com descri\u00e7\u00e3o dos planos e pre\u00e7os do streaming Apple TV+ ao assinar o pacote Apple One\" width=\"850\" height=\"552\" srcset=\"https:\/\/news.filmelier.com\/wp-content\/uploads\/2024\/05\/apple-one-precos-planos.jpg 850w, https:\/\/news.filmelier.com\/wp-content\/uploads\/2024\/05\/apple-one-precos-planos-300x195.jpg 300w, https:\/\/news.filmelier.com\/wp-content\/uploads\/2024\/05\/apple-one-precos-planos-768x499.jpg 768w, https:\/\/news.filmelier.com\/wp-content\/uploads\/2024\/05\/apple-one-precos-planos-150x97.jpg 150w\" sizes=\"(max-width: 850px) 100vw, 850px\" \/><figcaption id=\"caption-attachment-43728\" class=\"wp-caption-text\"><em>\u00c9 poss\u00edvel assinar o streaming por um pre\u00e7o atrativo junto com o pacote Apple One (Cr\u00e9ditos: Apple)<\/em><\/figcaption><\/figure>\n<h3 id=\"acesso-apple-music-universitario\">Acesso pelo Apple Music universit\u00e1rio<\/h3>\n<p>Se voc\u00ea for estudante e tiver uma <strong>assinatura universit\u00e1ria do Apple Music<\/strong>, que custa <strong>R$11,90 por m\u00eas<\/strong>, ter\u00e1 acesso gratuito ao Apple TV+. O valor \u00e9 mais em conta do que a assinatura normal da plataforma, e voc\u00ea ainda ganha outro servi\u00e7o incluso. <a href=\"https:\/\/music.apple.com\/deeplink?app=music&amp;p=subscribe-student?itscg=10000&amp;itsct=mus-0-tv_ovp-try_mus-apl-200310&amp;at=1000loWU\" target=\"_blank\" rel=\"noreferrer noopener\">Clique aqui para assinar o Apple Music estudante<\/a>.<\/p>\n<h4>Como pagar meia no Apple Music?<\/h4>\n<p>Para realizar a assinatura estudantil do Apple Music, \u00e9 necess\u00e1rio comprovar que \u00e9 aluno de um curso de <em>associate degree<\/em>, de bacharelado ou de p\u00f3s-gradua\u00e7\u00e3o ou de um curso equivalente de educa\u00e7\u00e3o superior em uma universidade ou faculdade.<\/p>\n<h4>Como assinar o Apple TV+ pelo Apple Music de estudante?<\/h4>\n<p>Ap\u00f3s realizar a assinatura do Apple Music como um estudante, basta abrir o app Apple TV e come\u00e7ar a assistir aos programas Apple Originals. N\u00e3o \u00e9 poss\u00edvel compartilhar esse acesso ao Apple TV+ com o Compartilhamento Familiar.<\/p>\n<ul>\n<li><strong>Saiba mais:\u00a0<a href=\"https:\/\/news.filmelier.com\/guia-netflix-como-assinar-planos-filmes\/\">Tudo sobre a Netflix em 2025 &#8211; como assinar, planos, valores, melhores filmes, s\u00e9ries de TV e mais<\/a><\/strong><\/li>\n<\/ul>\n<h3 id=\"apple-tv-gratis\">Como conseguir o Apple TV+ gr\u00e1tis?<\/h3>\n<p>Existem algumas op\u00e7\u00f5es de conseguir uma assinatura gratuita do Apple TV+, seja por um per\u00edodo espec\u00edfico, ou indefinidamente.<\/p>\n<h4>Assinando o Apple Music estudante<\/h4>\n<p>Como j\u00e1 falamos, uma delas \u00e9 tendo uma assinatura estudantil do Apple Music.<\/p>\n<h4>Apple TV+ tem teste gr\u00e1tis de 7 dias<\/h4>\n<p>\u00c9 poss\u00edvel experimentar toda a plataforma gratuitamente por 7 dias, antes de efetivar sua assinatura.<\/p>\n<h4>30 dias de gra\u00e7a com o Apple One<\/h4>\n<p>Ainda \u00e9 poss\u00edvel testar o servi\u00e7o de streaming gratuitamente por um m\u00eas atrav\u00e9s do pacote Apple One.<\/p>\n<h4>3 meses gr\u00e1tis do Apple TV Plus comprando um aparelho Apple<\/h4>\n<p>Ao comprar um dispositivo Apple, voc\u00ea recebe tr\u00eas meses de Apple TV+ gratuitamente. Confira as condi\u00e7\u00f5es completas.<\/p>\n<p>Os dispositivos j\u00e1 v\u00eam com o aplicativo Apple TV, e o acesso \u00e0 plataforma com todos os filmes e s\u00e9ries \u00e9 gratuito por tr\u00eas meses. Para tanto, \u00e9 necess\u00e1rio resgatar a oferta em at\u00e9 90 dias ap\u00f3s a compra.<\/p>\n<ul>\n<li><strong>Leia tamb\u00e9m: <a href=\"https:\/\/news.filmelier.com\/guia-amazon-prime-video-como-assinar-preco\/\">Tudo sobre o Amazon Prime Video em 2025 &#8211; como assinar, pre\u00e7o, como cancelar, melhores filmes, melhores s\u00e9ries<\/a><\/strong><\/li>\n<\/ul>\n<h2 id=\"onde-assistir-apple-tv\">Onde posso assistir ao Apple TV Plus?<\/h2>\n<h3>O Apple TV+ funciona em dispositivos de outras marcas?<\/h3>\n<p>Sim! Se voc\u00ea n\u00e3o tiver um aparelho da Apple, ainda \u00e9 poss\u00edvel aproveitar o Apple TV Plus.<\/p>\n<p>\u00c9 poss\u00edvel acessar o aplicativo do Apple TV n\u00e3o s\u00f3 atrav\u00e9s de aparelhos da Apple \u2013 como iPhone, iPad, Apple TV, MacBook e iPod touch \u2013 mas tamb\u00e9m <a href=\"https:\/\/www.filmelier.com\/br\/noticias\/lg-apple-tv-plus-gratis\" target=\"_blank\" rel=\"noreferrer noopener\">Smart TVs e dispositivos de outras marcas<\/a> como Amazon Fire TV, LG, Roku, Sony, VIZIO, al\u00e9m dos consoles Xbox e Playstation.<\/p>\n<p>Confira a <a href=\"https:\/\/support.apple.com\/pt-br\/guide\/tvplus\/welcome\/web\" target=\"_blank\" rel=\"noreferrer noopener\">lista completa de dispositivos<\/a> que aceitam o app Apple TV e saiba se sua Smart TV pode rodar os filmes da plataforma.<\/p>\n<figure id=\"attachment_43729\" aria-describedby=\"caption-attachment-43729\" style=\"width: 861px\" class=\"wp-caption alignnone\"><img decoding=\"async\" class=\"wp-image-43729 size-full\" src=\"https:\/\/news.filmelier.com\/wp-content\/uploads\/2024\/05\/apple-tv-plus-dispositivos.jpg\" alt=\"O Apple TV+ funciona em dispositivos de outras marcas? Confira a lista completa de aparelhos\" width=\"861\" height=\"855\" srcset=\"https:\/\/news.filmelier.com\/wp-content\/uploads\/2024\/05\/apple-tv-plus-dispositivos.jpg 861w, https:\/\/news.filmelier.com\/wp-content\/uploads\/2024\/05\/apple-tv-plus-dispositivos-300x298.jpg 300w, https:\/\/news.filmelier.com\/wp-content\/uploads\/2024\/05\/apple-tv-plus-dispositivos-150x149.jpg 150w, https:\/\/news.filmelier.com\/wp-content\/uploads\/2024\/05\/apple-tv-plus-dispositivos-768x763.jpg 768w, https:\/\/news.filmelier.com\/wp-content\/uploads\/2024\/05\/apple-tv-plus-dispositivos-96x96.jpg 96w\" sizes=\"(max-width: 861px) 100vw, 861px\" \/><figcaption id=\"caption-attachment-43729\" class=\"wp-caption-text\"><em>Se voc\u00ea n\u00e3o \u00e9 usu\u00e1rio de iPhone e outros aparelhos da Apple, voc\u00ea tamb\u00e9m pode acessar o streaming (Cr\u00e9dito: Apple)<\/em><\/figcaption><\/figure>\n<p>Apesar disso, a comunica\u00e7\u00e3o da Apple afirma que a melhor experi\u00eancia de exibi\u00e7\u00e3o do servi\u00e7o de streaming \u00e9 em uma Apple TV 4K com 4K HDR e som Dolby Atmos.<\/p>\n<h3>Acessar o Apple TV+ pela TV a cabo<\/h3>\n<p>Procure o app Apple TV+ ou Apple TV no <em>receiver<\/em> da TV a cabo ou via sat\u00e9lite (pode ser necess\u00e1rio instalar o app primeiro). Depois, abra o app e inicie a sess\u00e3o com um ID Apple.<\/p>\n<h3 id=\"apple-tv-prime-video\">Apple TV+ agora dispon\u00edvel no Prime Video no Brasil<\/h3>\n<p>A partir de mar\u00e7o de 2025, o Apple TV+ passou a integrar o cat\u00e1logo de canais adicionais do Prime Video no Brasil, oferecendo mais uma op\u00e7\u00e3o de acesso ao servi\u00e7o de streaming da Apple. Agora, por <strong>R$21,90 por m\u00eas<\/strong>, assinantes do Amazon Prime podem assistir a todo o conte\u00fado da plataforma diretamente pelo aplicativo do Prime Video \u2014 sem necessidade de baixar apps extras ou criar novas contas.<\/p>\n<p>Essa integra\u00e7\u00e3o torna o acesso aos aclamados conte\u00fados originais da Apple ainda mais simples e conveniente, incluindo s\u00e9ries premiadas como <i>Ruptura (Severance)<\/i>, <i>Ted Lasso<\/i>, <i>The Morning Show<\/i>, <i>Silo<\/i>, <i>Bad Sisters<\/i>, <i>Slow Horses<\/i>, <i>Palm Royale<\/i>, <i>Acima de Qualquer Suspeita<\/i> e <i>Sequestro no Ar<\/i>. Al\u00e9m disso, est\u00e3o dispon\u00edveis tamb\u00e9m filmes de sucesso como <i>Lobos<\/i>, <i>Os Provocadores<\/i>, e produ\u00e7\u00f5es esportivas exclusivas da Major League Soccer e Major League Baseball.<\/p>\n<h2 id=\"telas-simultaneas\">Quantas telas simult\u00e2neas tem o Apple TV Plus?<\/h2>\n<p>Com uma \u00fanica assinatura do streaming, \u00e9 poss\u00edvel assistir aos conte\u00fados do streaming em at\u00e9 <strong>seis telas ao mesmo tempo<\/strong>. Voc\u00ea ainda pode criar perfis personalizados para cada membro da fam\u00edlia, garantindo uma experi\u00eancia personalizada para todos.<\/p>\n<h3>Compartilhamento Familiar no Apple TV+<\/h3>\n<p>Al\u00e9m disso, com o Compartilhamento Familiar, voc\u00ea pode compartilhar sua assinatura do Apple TV+ com at\u00e9 cinco membros da sua fam\u00edlia. O Compartilhamento Familiar tamb\u00e9m permite o acesso a outros servi\u00e7os da Apple, como Apple Music, Apple Arcade e iCloud+. Cada membro da fam\u00edlia ter\u00e1 suas pr\u00f3prias prefer\u00eancias e recomenda\u00e7\u00f5es, sem interferir nas dos demais.<\/p>\n<h4>Como fazer o compartilhamento familiar na Apple?<\/h4>\n<p>Para configurar o Compartilhamento Familiar, \u00e9 necess\u00e1rio usar um Mac ou dispositivo iOS. Ap\u00f3s a configura\u00e7\u00e3o, todos os membros da fam\u00edlia podem acessar o conte\u00fado do Apple TV+ em seus dispositivos.<\/p>\n<p>Ap\u00f3s configurar o Compartilhamento Familiar, as assinaturas eleg\u00edveis s\u00e3o automaticamente compartilhadas. Se houver problemas de acesso, certifique-se de que a op\u00e7\u00e3o &#8220;Compartilhar com a fam\u00edlia&#8221; esteja ativada em Ajustes &gt; Assinaturas no seu dispositivo iOS. Caso a assinatura seja individual, considere fazer um upgrade para um plano familiar.<\/p>\n<h3>Quantos perfis \u00e9 poss\u00edvel criar?<\/h3>\n<p>A plataforma tamb\u00e9m permite a cria\u00e7\u00e3o de perfis personalizados para cada membro da fam\u00edlia, garantindo uma experi\u00eancia personalizada para todos, desde que cada uma dessas pessoas tenha um ID Apple pr\u00f3prio.<\/p>\n<h3>D\u00e1 para fazer download de v\u00eddeos no Apple TV?<\/h3>\n<p>Os assinantes da plataforma podem baixar filmes e s\u00e9ries para assistir offline. Essa funcionalidade \u00e9 ideal para momentos em que voc\u00ea n\u00e3o tem acesso \u00e0 internet.<\/p>\n<h2 id=\"cancelar-apple-tv\">Como cancelar Apple TV+?<\/h2>\n<p>Cancelar a assinatura do Apple TV+ \u00e9 um processo simples e pode ser feito a qualquer momento, inclusive nos per\u00edodos de degusta\u00e7\u00e3o. Voc\u00ea pode fazer isso diretamente no seu dispositivo Apple ou atrav\u00e9s do site da Apple. Acesse as configura\u00e7\u00f5es da sua conta, selecione &#8220;Assinaturas&#8221; e cancele o servi\u00e7o.<\/p>\n<h2 id=\"o-que-assistir\">O que assistir no Apple TV Plus?<\/h2>\n<p>Filmes de suspense, a\u00e7\u00e3o, drama, document\u00e1rios com fotografias incr\u00edveis e muita divers\u00e3o para as crian\u00e7as: na Apple TV+ voc\u00ea encontra t\u00edtulos para toda a fam\u00edlia.<\/p>\n<h3>Melhores filmes<\/h3>\n<p>O streaming da Apple possui um cat\u00e1logo de filmes originais de alta qualidade, incluindo:<\/p>\n<ul>\n<li><a href=\"https:\/\/www.filmelier.com\/br\/filmes\/13409\/palmer\"><em>Palmer<\/em><\/a>, estrelado por Justin Timberlake e Juno Temple. O filme conta a hist\u00f3ria de uma amizade sincera entre um ex-presidi\u00e1rio e um menino que passa por problemas em casa.<\/li>\n<li>O longa <a href=\"https:\/\/www.filmelier.com\/br\/filmes\/11913\/on-the-rocks\"><em>On The Rocks<\/em><\/a> traz Sofia Coppola de volta \u00e0 dire\u00e7\u00e3o, repetindo a parceria com Bill Murray, de <em>Encontros e Desencontros<\/em>, em uma com\u00e9dia irreverente que retrata a rela\u00e7\u00e3o entre pai e filha.<\/li>\n<li><em><a href=\"https:\/\/www.filmelier.com\/br\/filmes\/21968\/sharper-uma-vida-de-trapacas\">Sharper: Uma Vida de Trapa\u00e7as<\/a><\/em> \u00e9 um thriller psicol\u00f3gico intrigante que nos envolve em uma trama repleta de mist\u00e9rios e reviravoltas. Nada \u00e9 o que parece no filme dos criadores de <em>Tudo em Todo o Lugar ao Mesmo Tempo<\/em> e <em>X: A Marca da Morte<\/em>, protagonizado por Julianne Moore, Sebastian Stan, Justice Smith e Briana Middleton. <a href=\"https:\/\/www.filmelier.com\/br\/noticias\/critica-sharper-uma-vida-de-trapacas\">Leia a cr\u00edtica completa do Filmelier<\/a>.<\/li>\n<li>Para fechar a lista de indica\u00e7\u00f5es do Filmelier, recomendamos a trama empolgante de <a href=\"https:\/\/www.filmelier.com\/br\/filmes\/10308\/greyhound-na-mira-do-inimigo\"><em>Greyhound: Na Mira do Inimigo<\/em><\/a>. Com roteiro e atua\u00e7\u00e3o de Tom Hanks, esse filme de a\u00e7\u00e3o mostra a hist\u00f3ria do Capit\u00e3o Ernest Krause, cuja miss\u00e3o \u00e9 levar soldados e mantimentos para os aliados durante a Segunda Guerra Mundial.<\/li>\n<\/ul>\n<h3>Melhores s\u00e9ries<\/h3>\n<figure id=\"attachment_43723\" aria-describedby=\"caption-attachment-43723\" style=\"width: 1422px\" class=\"wp-caption alignnone\"><img decoding=\"async\" class=\"wp-image-43723 size-full\" src=\"https:\/\/news.filmelier.com\/wp-content\/uploads\/2025\/03\/ruptura-2-temporada-mark-helly.webp\" alt=\"Cena do epis\u00f3dio final da 2\u00aa temporada de Ruptura, com Mark S (Adam Scott) e Helly R (Britt Lower) encurralados\" width=\"1422\" height=\"800\" data-wp-editing=\"1\" srcset=\"https:\/\/news.filmelier.com\/wp-content\/uploads\/2025\/03\/ruptura-2-temporada-mark-helly.webp 1422w, https:\/\/news.filmelier.com\/wp-content\/uploads\/2025\/03\/ruptura-2-temporada-mark-helly-300x169.webp 300w, https:\/\/news.filmelier.com\/wp-content\/uploads\/2025\/03\/ruptura-2-temporada-mark-helly-1024x576.webp 1024w, https:\/\/news.filmelier.com\/wp-content\/uploads\/2025\/03\/ruptura-2-temporada-mark-helly-768x432.webp 768w, https:\/\/news.filmelier.com\/wp-content\/uploads\/2025\/03\/ruptura-2-temporada-mark-helly-150x84.webp 150w\" sizes=\"(max-width: 1422px) 100vw, 1422px\" \/><figcaption id=\"caption-attachment-43723\" class=\"wp-caption-text\"><em>Ruptura \u00e9 uma das s\u00e9ries dispon\u00edveis no servi\u00e7o de streaming (Cr\u00e9dito: Apple TV+)<\/em><\/figcaption><\/figure>\n<p>Al\u00e9m dos filmes, a plataforma oferece s\u00e9ries originais de alta qualidade, como:<\/p>\n<ul>\n<li><em>The Morning Show<\/em>: Estrelada por Jennifer Aniston e Reese Witherspoon, a s\u00e9rie aborda os bastidores de um programa matinal de TV.<\/li>\n<li><a href=\"https:\/\/www.filmelier.com\/br\/noticias\/ted-lasso-3-temporada-trailer-estreia-tudo\"><em>Ted Lasso<\/em><\/a>: Uma com\u00e9dia que acompanha a vida de um t\u00e9cnico de futebol americano contratado para treinar um time de futebol ingl\u00eas. <a href=\"https:\/\/www.filmelier.com\/br\/noticias\/critica-ted-lasso-episodio-1-temporada-3\">Leia a cr\u00edtica da 3\u00aa temporada<\/a>.<\/li>\n<li><em>For All Mankind<\/em>: Uma s\u00e9rie que reimagina a hist\u00f3ria da corrida espacial, mostrando o que poderia ter acontecido se a Uni\u00e3o Sovi\u00e9tica tivesse chegado \u00e0 lua antes dos Estados Unidos.<\/li>\n<li><em>Ruptura<\/em>: <em>Severance<\/em> (no original) \u00e9 uma das s\u00e9ries mais elogiadas do cat\u00e1logo do streaming, e um verdadeiro fen\u00f4meno entre p\u00fablico e cr\u00edtica. A produ\u00e7\u00e3o \u00e9 criada por Dan Erickson, com dire\u00e7\u00e3o de Ben Stiller e atua\u00e7\u00f5es de Adam Scott, Patricia Arquette, John Turturro e Christopher Walken. <a href=\"https:\/\/news.filmelier.com\/ruptura-3-temporada\/\">Saiba mais sobre o que rolou na 2\u00aa temporada e o que podemos esperar da 3\u00aa temporada da s\u00e9rie<\/a>.<\/li>\n<\/ul>\n<h3><strong>Destaques do Apple TV+ em 2025<\/strong><\/h3>\n<p>Em 2025, a Apple continua investindo em produ\u00e7\u00f5es originais de alto n\u00edvel. Confira os principais lan\u00e7amentos do ano:<\/p>\n<ul>\n<li><em>Masters of the Air<\/em>: S\u00e9rie \u00e9pica produzida por Steven Spielberg e Tom Hanks, que acompanha pilotos da Segunda Guerra Mundial. Considerada uma sucessora espiritual de <em>Band of Brothers<\/em> e <em>The Pacific<\/em>, a produ\u00e7\u00e3o se destaca pelos efeitos visuais e narrativa intensa.<\/li>\n<li><em>The New Look<\/em>: Drama de \u00e9poca que retrata o nascimento da alta-costura durante a ocupa\u00e7\u00e3o nazista em Paris, com foco em Christian Dior (Ben Mendelsohn) e Coco Chanel (Juliette Binoche). Uma produ\u00e7\u00e3o sofisticada que mistura moda, hist\u00f3ria e rivalidades.<\/li>\n<li><em>Criminal Record<\/em>: Thriller policial brit\u00e2nico com Cush Jumbo e Peter Capaldi. A s\u00e9rie acompanha dois detetives em lados opostos de uma investiga\u00e7\u00e3o de assassinato, trazendo \u00e0 tona quest\u00f5es de preconceito racial e abuso de poder.<\/li>\n<li><em>Sugar<\/em>: S\u00e9rie de suspense estrelada por Colin Farrell, com tem\u00e1tica noir moderna, promete ser um dos grandes lan\u00e7amentos do primeiro semestre.<\/li>\n<\/ul>\n<h2 id=\"vale-pena\">Apple TV Plus vale a pena?<\/h2>\n<p>Com t\u00edtulos diversificados e produ\u00e7\u00f5es de alta qualidade, especialmente para quem tiver a oportunidade de assistir aos filmes e s\u00e9ries em 4K, com certeza vale a pena assinar o Apple TV+.<\/p>\n<p>O elenco das produ\u00e7\u00f5es \u00e9 de alto n\u00edvel, e mesmo que ainda n\u00e3o conte com um extenso cat\u00e1logo de filmes, a empresa da ma\u00e7\u00e3 leva as produ\u00e7\u00f5es de streamings para um patamar mais elevado.<\/p>\n<p>Com isso, cada vez mais atrai espectadores para roteiros bem produzidos, tramas que envolvem e lindas fotografias.<\/p>\n<h3 class=\"has-text-align-center\"><a href=\"https:\/\/tv.apple.com\/br\/channel\/tvs.sbd.4000?at=1000loWU\" target=\"_blank\" rel=\"noreferrer noopener\">Para assinar o Apple TV+, clique aqui.<\/a><\/h3>\n","protected":false},"excerpt":{"rendered":"<p>Saiba tudo sobre o Apple TV+ em 2025: como assinar com desconto (e at\u00e9 de gra\u00e7a!), pre\u00e7os, cancelamento, melhores filmes e s\u00e9ries da plataforma. Descubra agora!<\/p>\n","protected":false},"author":11,"featured_media":49679,"comment_status":"closed","ping_status":"open","sticky":false,"template":"","format":"standard","meta":{"_acf_changed":false,"footnotes":""},"categories":[3482],"tags":[],"class_list":["post-49677","post","type-post","status-publish","format-standard","has-post-thumbnail","hentry","category-filmes-br"],"acf":{"subtitulo":"Saiba tudo sobre o Apple TV+ em 2025: como assinar com desconto (e at\u00e9 de gra\u00e7a!), pre\u00e7os, cancelamento, melhores filmes e s\u00e9ries da plataforma. Descubra agora!","id_ator":""},"yoast_head":"<!-- This site is optimized with the Yoast SEO plugin v26.1.1 - https:\/\/yoast.com\/wordpress\/plugins\/seo\/ -->\n<title>Apple TV+ em 2025: como assistir Ruptura com desconto (e de gra\u00e7a!)<\/title>\n<meta name=\"description\" content=\"Saiba tudo sobre o Apple TV+ em 2025: como assinar com desconto (e at\u00e9 de gra\u00e7a!), pre\u00e7os, cancelamento, melhores filmes e s\u00e9ries da plataforma. Descubra agora!\" \/>\n<meta name=\"robots\" content=\"index, follow, max-snippet:-1, max-image-preview:large, max-video-preview:-1\" \/>\n<link rel=\"canonical\" href=\"https:\/\/news.filmelier.com\/br\/apple-tv-plus-guia-como-assinar-cancelar-preco\/\" \/>\n<meta property=\"og:locale\" content=\"pt_BR\" \/>\n<meta property=\"og:type\" content=\"article\" \/>\n<meta property=\"og:title\" content=\"Apple TV+ em 2025: como assistir Ruptura com desconto (e de gra\u00e7a!)\" \/>\n<meta property=\"og:description\" content=\"Saiba tudo sobre o Apple TV+ em 2025: como assinar com desconto (e at\u00e9 de gra\u00e7a!), pre\u00e7os, cancelamento, melhores filmes e s\u00e9ries da plataforma. Descubra agora!\" \/>\n<meta property=\"og:url\" content=\"https:\/\/news.filmelier.com\/br\/apple-tv-plus-guia-como-assinar-cancelar-preco\/\" \/>\n<meta property=\"og:site_name\" content=\"News Filmelier\" \/>\n<meta property=\"article:published_time\" content=\"2025-03-26T22:00:19+00:00\" \/>\n<meta property=\"article:modified_time\" content=\"2025-06-09T02:42:03+00:00\" \/>\n<meta property=\"og:image\" content=\"https:\/\/homolog.news.filmelier.com\/wp-content\/uploads\/2024\/05\/apple-tv-plus-catalogo.webp\" \/>\n\t<meta property=\"og:image:width\" content=\"1486\" \/>\n\t<meta property=\"og:image:height\" content=\"836\" \/>\n\t<meta property=\"og:image:type\" content=\"image\/webp\" \/>\n<meta name=\"author\" content=\"Vit\u00f3ria Pratini\" \/>\n<meta name=\"twitter:card\" content=\"summary_large_image\" \/>\n<meta name=\"twitter:label1\" content=\"Escrito por\" \/>\n\t<meta name=\"twitter:data1\" content=\"Vit\u00f3ria Pratini\" \/>\n\t<meta name=\"twitter:label2\" content=\"Est. tempo de leitura\" \/>\n\t<meta name=\"twitter:data2\" content=\"12 minutos\" \/>\n<script type=\"application\/ld+json\" class=\"yoast-schema-graph\">{\"@context\":\"https:\/\/schema.org\",\"@graph\":[{\"@type\":\"Article\",\"@id\":\"https:\/\/news.filmelier.com\/br\/apple-tv-plus-guia-como-assinar-cancelar-preco\/#article\",\"isPartOf\":{\"@id\":\"https:\/\/news.filmelier.com\/br\/apple-tv-plus-guia-como-assinar-cancelar-preco\/\"},\"author\":{\"name\":\"Vit\u00f3ria Pratini\",\"@id\":\"https:\/\/homolog.news.filmelier.com\/br\/#\/schema\/person\/b6689fa913d8b849cd7549503e6521cc\"},\"headline\":\"Apple TV+ em 2025: como assinar com desconto, pre\u00e7os, cancelamento, melhores filmes e s\u00e9ries\",\"datePublished\":\"2025-03-26T22:00:19+00:00\",\"dateModified\":\"2025-06-09T02:42:03+00:00\",\"mainEntityOfPage\":{\"@id\":\"https:\/\/news.filmelier.com\/br\/apple-tv-plus-guia-como-assinar-cancelar-preco\/\"},\"wordCount\":2196,\"publisher\":{\"@id\":\"https:\/\/homolog.news.filmelier.com\/br\/#organization\"},\"image\":{\"@id\":\"https:\/\/news.filmelier.com\/br\/apple-tv-plus-guia-como-assinar-cancelar-preco\/#primaryimage\"},\"thumbnailUrl\":\"https:\/\/news.filmelier.com\/wp-content\/uploads\/2024\/05\/apple-tv-plus-catalogo.webp\",\"articleSection\":[\"Filmes\"],\"inLanguage\":\"pt-BR\"},{\"@type\":\"WebPage\",\"@id\":\"https:\/\/news.filmelier.com\/br\/apple-tv-plus-guia-como-assinar-cancelar-preco\/\",\"url\":\"https:\/\/news.filmelier.com\/br\/apple-tv-plus-guia-como-assinar-cancelar-preco\/\",\"name\":\"Apple TV+ em 2025: como assistir Ruptura com desconto (e de gra\u00e7a!)\",\"isPartOf\":{\"@id\":\"https:\/\/homolog.news.filmelier.com\/br\/#website\"},\"primaryImageOfPage\":{\"@id\":\"https:\/\/news.filmelier.com\/br\/apple-tv-plus-guia-como-assinar-cancelar-preco\/#primaryimage\"},\"image\":{\"@id\":\"https:\/\/news.filmelier.com\/br\/apple-tv-plus-guia-como-assinar-cancelar-preco\/#primaryimage\"},\"thumbnailUrl\":\"https:\/\/news.filmelier.com\/wp-content\/uploads\/2024\/05\/apple-tv-plus-catalogo.webp\",\"datePublished\":\"2025-03-26T22:00:19+00:00\",\"dateModified\":\"2025-06-09T02:42:03+00:00\",\"description\":\"Saiba tudo sobre o Apple TV+ em 2025: como assinar com desconto (e at\u00e9 de gra\u00e7a!), pre\u00e7os, cancelamento, melhores filmes e s\u00e9ries da plataforma. Descubra agora!\",\"breadcrumb\":{\"@id\":\"https:\/\/news.filmelier.com\/br\/apple-tv-plus-guia-como-assinar-cancelar-preco\/#breadcrumb\"},\"inLanguage\":\"pt-BR\",\"potentialAction\":[{\"@type\":\"ReadAction\",\"target\":[\"https:\/\/news.filmelier.com\/br\/apple-tv-plus-guia-como-assinar-cancelar-preco\/\"]}]},{\"@type\":\"ImageObject\",\"inLanguage\":\"pt-BR\",\"@id\":\"https:\/\/news.filmelier.com\/br\/apple-tv-plus-guia-como-assinar-cancelar-preco\/#primaryimage\",\"url\":\"https:\/\/news.filmelier.com\/wp-content\/uploads\/2024\/05\/apple-tv-plus-catalogo.webp\",\"contentUrl\":\"https:\/\/news.filmelier.com\/wp-content\/uploads\/2024\/05\/apple-tv-plus-catalogo.webp\",\"width\":1486,\"height\":836,\"caption\":\"Cat\u00e1logo do Apple TV+ em 2025 inclui Ruptura, Mat\u00e9ria Escura, Ladr\u00f5es de Drogas, Ted Lasso e outras produ\u00e7\u00f5es de sucesso (Cr\u00e9dito: Apple)\"},{\"@type\":\"BreadcrumbList\",\"@id\":\"https:\/\/news.filmelier.com\/br\/apple-tv-plus-guia-como-assinar-cancelar-preco\/#breadcrumb\",\"itemListElement\":[{\"@type\":\"ListItem\",\"position\":1,\"name\":\"In\u00edcio\",\"item\":\"https:\/\/homolog.news.filmelier.com\/br\/\"},{\"@type\":\"ListItem\",\"position\":2,\"name\":\"Apple TV+ em 2025: como assinar com desconto, pre\u00e7os, cancelamento, melhores filmes e s\u00e9ries\"}]},{\"@type\":\"WebSite\",\"@id\":\"https:\/\/homolog.news.filmelier.com\/br\/#website\",\"url\":\"https:\/\/homolog.news.filmelier.com\/br\/\",\"name\":\"Homolog Filmelier News Rankrup\",\"description\":\"\",\"publisher\":{\"@id\":\"https:\/\/homolog.news.filmelier.com\/br\/#organization\"},\"potentialAction\":[{\"@type\":\"SearchAction\",\"target\":{\"@type\":\"EntryPoint\",\"urlTemplate\":\"https:\/\/homolog.news.filmelier.com\/br\/?s={search_term_string}\"},\"query-input\":{\"@type\":\"PropertyValueSpecification\",\"valueRequired\":true,\"valueName\":\"search_term_string\"}}],\"inLanguage\":\"pt-BR\"},{\"@type\":\"Organization\",\"@id\":\"https:\/\/homolog.news.filmelier.com\/br\/#organization\",\"name\":\"Homolog Filmelier News Rankrup\",\"url\":\"https:\/\/homolog.news.filmelier.com\/br\/\",\"logo\":{\"@type\":\"ImageObject\",\"inLanguage\":\"pt-BR\",\"@id\":\"https:\/\/homolog.news.filmelier.com\/br\/#\/schema\/logo\/image\/\",\"url\":\"https:\/\/news.filmelier.com\/wp-content\/uploads\/2024\/11\/Logo-News.png\",\"contentUrl\":\"https:\/\/news.filmelier.com\/wp-content\/uploads\/2024\/11\/Logo-News.png\",\"width\":460,\"height\":108,\"caption\":\"Homolog Filmelier News Rankrup\"},\"image\":{\"@id\":\"https:\/\/homolog.news.filmelier.com\/br\/#\/schema\/logo\/image\/\"}},{\"@type\":\"Person\",\"@id\":\"https:\/\/homolog.news.filmelier.com\/br\/#\/schema\/person\/b6689fa913d8b849cd7549503e6521cc\",\"name\":\"Vit\u00f3ria Pratini\",\"image\":{\"@type\":\"ImageObject\",\"inLanguage\":\"pt-BR\",\"@id\":\"https:\/\/homolog.news.filmelier.com\/br\/#\/schema\/person\/image\/\",\"url\":\"https:\/\/secure.gravatar.com\/avatar\/93bc09f1ea8059e7f68ceebd457a04e75befce531605be9c8ad31127fed28a0d?s=96&d=mm&r=g\",\"contentUrl\":\"https:\/\/secure.gravatar.com\/avatar\/93bc09f1ea8059e7f68ceebd457a04e75befce531605be9c8ad31127fed28a0d?s=96&d=mm&r=g\",\"caption\":\"Vit\u00f3ria Pratini\"},\"description\":\"A critic and journalist specializing in films, series and pop culture since 2013, Vit\u00f3ria Pratini has had her articles published in AdoroCinema, IGN Brasil, Terra and MSN. During her career, she has covered audiovisual events, such as San Diego Comic-Con, CCXP, Festival do Rio and Pr\u00eamio Grande Otelo. She has served on festival juries and interviewed names such as Helen Mirren, Fernanda Torres, Gilberto Gil, Jude Law and Bryan Cranston. An SEO specialist, Vit\u00f3ria is currently a content strategist and reporter for Filmelier.\",\"sameAs\":[\"https:\/\/www.filmelier.com\/br\/autor\/vitoria-pratini\",\"https:\/\/www.instagram.com\/vitoriapratini\/\"],\"url\":\"https:\/\/news.filmelier.com\/br\/author\/vitoria-pratini\/\"}]}<\/script>\n<!-- \/ Yoast SEO plugin. -->","yoast_head_json":{"title":"Apple TV+ em 2025: como assistir Ruptura com desconto (e de gra\u00e7a!)","description":"Saiba tudo sobre o Apple TV+ em 2025: como assinar com desconto (e at\u00e9 de gra\u00e7a!), pre\u00e7os, cancelamento, melhores filmes e s\u00e9ries da plataforma. Descubra agora!","robots":{"index":"index","follow":"follow","max-snippet":"max-snippet:-1","max-image-preview":"max-image-preview:large","max-video-preview":"max-video-preview:-1"},"canonical":"https:\/\/news.filmelier.com\/br\/apple-tv-plus-guia-como-assinar-cancelar-preco\/","og_locale":"pt_BR","og_type":"article","og_title":"Apple TV+ em 2025: como assistir Ruptura com desconto (e de gra\u00e7a!)","og_description":"Saiba tudo sobre o Apple TV+ em 2025: como assinar com desconto (e at\u00e9 de gra\u00e7a!), pre\u00e7os, cancelamento, melhores filmes e s\u00e9ries da plataforma. Descubra agora!","og_url":"https:\/\/news.filmelier.com\/br\/apple-tv-plus-guia-como-assinar-cancelar-preco\/","og_site_name":"News Filmelier","article_published_time":"2025-03-26T22:00:19+00:00","article_modified_time":"2025-06-09T02:42:03+00:00","og_image":[{"width":1486,"height":836,"url":"https:\/\/homolog.news.filmelier.com\/wp-content\/uploads\/2024\/05\/apple-tv-plus-catalogo.webp","type":"image\/webp"}],"author":"Vit\u00f3ria Pratini","twitter_card":"summary_large_image","twitter_misc":{"Escrito por":"Vit\u00f3ria Pratini","Est. tempo de leitura":"12 minutos"},"schema":{"@context":"https:\/\/schema.org","@graph":[{"@type":"Article","@id":"https:\/\/news.filmelier.com\/br\/apple-tv-plus-guia-como-assinar-cancelar-preco\/#article","isPartOf":{"@id":"https:\/\/news.filmelier.com\/br\/apple-tv-plus-guia-como-assinar-cancelar-preco\/"},"author":{"name":"Vit\u00f3ria Pratini","@id":"https:\/\/homolog.news.filmelier.com\/br\/#\/schema\/person\/b6689fa913d8b849cd7549503e6521cc"},"headline":"Apple TV+ em 2025: como assinar com desconto, pre\u00e7os, cancelamento, melhores filmes e s\u00e9ries","datePublished":"2025-03-26T22:00:19+00:00","dateModified":"2025-06-09T02:42:03+00:00","mainEntityOfPage":{"@id":"https:\/\/news.filmelier.com\/br\/apple-tv-plus-guia-como-assinar-cancelar-preco\/"},"wordCount":2196,"publisher":{"@id":"https:\/\/homolog.news.filmelier.com\/br\/#organization"},"image":{"@id":"https:\/\/news.filmelier.com\/br\/apple-tv-plus-guia-como-assinar-cancelar-preco\/#primaryimage"},"thumbnailUrl":"https:\/\/news.filmelier.com\/wp-content\/uploads\/2024\/05\/apple-tv-plus-catalogo.webp","articleSection":["Filmes"],"inLanguage":"pt-BR"},{"@type":"WebPage","@id":"https:\/\/news.filmelier.com\/br\/apple-tv-plus-guia-como-assinar-cancelar-preco\/","url":"https:\/\/news.filmelier.com\/br\/apple-tv-plus-guia-como-assinar-cancelar-preco\/","name":"Apple TV+ em 2025: como assistir Ruptura com desconto (e de gra\u00e7a!)","isPartOf":{"@id":"https:\/\/homolog.news.filmelier.com\/br\/#website"},"primaryImageOfPage":{"@id":"https:\/\/news.filmelier.com\/br\/apple-tv-plus-guia-como-assinar-cancelar-preco\/#primaryimage"},"image":{"@id":"https:\/\/news.filmelier.com\/br\/apple-tv-plus-guia-como-assinar-cancelar-preco\/#primaryimage"},"thumbnailUrl":"https:\/\/news.filmelier.com\/wp-content\/uploads\/2024\/05\/apple-tv-plus-catalogo.webp","datePublished":"2025-03-26T22:00:19+00:00","dateModified":"2025-06-09T02:42:03+00:00","description":"Saiba tudo sobre o Apple TV+ em 2025: como assinar com desconto (e at\u00e9 de gra\u00e7a!), pre\u00e7os, cancelamento, melhores filmes e s\u00e9ries da plataforma. Descubra agora!","breadcrumb":{"@id":"https:\/\/news.filmelier.com\/br\/apple-tv-plus-guia-como-assinar-cancelar-preco\/#breadcrumb"},"inLanguage":"pt-BR","potentialAction":[{"@type":"ReadAction","target":["https:\/\/news.filmelier.com\/br\/apple-tv-plus-guia-como-assinar-cancelar-preco\/"]}]},{"@type":"ImageObject","inLanguage":"pt-BR","@id":"https:\/\/news.filmelier.com\/br\/apple-tv-plus-guia-como-assinar-cancelar-preco\/#primaryimage","url":"https:\/\/news.filmelier.com\/wp-content\/uploads\/2024\/05\/apple-tv-plus-catalogo.webp","contentUrl":"https:\/\/news.filmelier.com\/wp-content\/uploads\/2024\/05\/apple-tv-plus-catalogo.webp","width":1486,"height":836,"caption":"Cat\u00e1logo do Apple TV+ em 2025 inclui Ruptura, Mat\u00e9ria Escura, Ladr\u00f5es de Drogas, Ted Lasso e outras produ\u00e7\u00f5es de sucesso (Cr\u00e9dito: Apple)"},{"@type":"BreadcrumbList","@id":"https:\/\/news.filmelier.com\/br\/apple-tv-plus-guia-como-assinar-cancelar-preco\/#breadcrumb","itemListElement":[{"@type":"ListItem","position":1,"name":"In\u00edcio","item":"https:\/\/homolog.news.filmelier.com\/br\/"},{"@type":"ListItem","position":2,"name":"Apple TV+ em 2025: como assinar com desconto, pre\u00e7os, cancelamento, melhores filmes e s\u00e9ries"}]},{"@type":"WebSite","@id":"https:\/\/homolog.news.filmelier.com\/br\/#website","url":"https:\/\/homolog.news.filmelier.com\/br\/","name":"Homolog Filmelier News Rankrup","description":"","publisher":{"@id":"https:\/\/homolog.news.filmelier.com\/br\/#organization"},"potentialAction":[{"@type":"SearchAction","target":{"@type":"EntryPoint","urlTemplate":"https:\/\/homolog.news.filmelier.com\/br\/?s={search_term_string}"},"query-input":{"@type":"PropertyValueSpecification","valueRequired":true,"valueName":"search_term_string"}}],"inLanguage":"pt-BR"},{"@type":"Organization","@id":"https:\/\/homolog.news.filmelier.com\/br\/#organization","name":"Homolog Filmelier News Rankrup","url":"https:\/\/homolog.news.filmelier.com\/br\/","logo":{"@type":"ImageObject","inLanguage":"pt-BR","@id":"https:\/\/homolog.news.filmelier.com\/br\/#\/schema\/logo\/image\/","url":"https:\/\/news.filmelier.com\/wp-content\/uploads\/2024\/11\/Logo-News.png","contentUrl":"https:\/\/news.filmelier.com\/wp-content\/uploads\/2024\/11\/Logo-News.png","width":460,"height":108,"caption":"Homolog Filmelier News Rankrup"},"image":{"@id":"https:\/\/homolog.news.filmelier.com\/br\/#\/schema\/logo\/image\/"}},{"@type":"Person","@id":"https:\/\/homolog.news.filmelier.com\/br\/#\/schema\/person\/b6689fa913d8b849cd7549503e6521cc","name":"Vit\u00f3ria Pratini","image":{"@type":"ImageObject","inLanguage":"pt-BR","@id":"https:\/\/homolog.news.filmelier.com\/br\/#\/schema\/person\/image\/","url":"https:\/\/secure.gravatar.com\/avatar\/93bc09f1ea8059e7f68ceebd457a04e75befce531605be9c8ad31127fed28a0d?s=96&d=mm&r=g","contentUrl":"https:\/\/secure.gravatar.com\/avatar\/93bc09f1ea8059e7f68ceebd457a04e75befce531605be9c8ad31127fed28a0d?s=96&d=mm&r=g","caption":"Vit\u00f3ria Pratini"},"description":"A critic and journalist specializing in films, series and pop culture since 2013, Vit\u00f3ria Pratini has had her articles published in AdoroCinema, IGN Brasil, Terra and MSN. During her career, she has covered audiovisual events, such as San Diego Comic-Con, CCXP, Festival do Rio and Pr\u00eamio Grande Otelo. She has served on festival juries and interviewed names such as Helen Mirren, Fernanda Torres, Gilberto Gil, Jude Law and Bryan Cranston. An SEO specialist, Vit\u00f3ria is currently a content strategist and reporter for Filmelier.","sameAs":["https:\/\/www.filmelier.com\/br\/autor\/vitoria-pratini","https:\/\/www.instagram.com\/vitoriapratini\/"],"url":"https:\/\/news.filmelier.com\/br\/author\/vitoria-pratini\/"}]}},"_links":{"self":[{"href":"https:\/\/news.filmelier.com\/br\/wp-json\/wp\/v2\/posts\/49677","targetHints":{"allow":["GET"]}}],"collection":[{"href":"https:\/\/news.filmelier.com\/br\/wp-json\/wp\/v2\/posts"}],"about":[{"href":"https:\/\/news.filmelier.com\/br\/wp-json\/wp\/v2\/types\/post"}],"author":[{"embeddable":true,"href":"https:\/\/news.filmelier.com\/br\/wp-json\/wp\/v2\/users\/11"}],"replies":[{"embeddable":true,"href":"https:\/\/news.filmelier.com\/br\/wp-json\/wp\/v2\/comments?post=49677"}],"version-history":[{"count":1,"href":"https:\/\/news.filmelier.com\/br\/wp-json\/wp\/v2\/posts\/49677\/revisions"}],"predecessor-version":[{"id":51648,"href":"https:\/\/news.filmelier.com\/br\/wp-json\/wp\/v2\/posts\/49677\/revisions\/51648"}],"wp:featuredmedia":[{"embeddable":true,"href":"https:\/\/news.filmelier.com\/br\/wp-json\/wp\/v2\/media\/49679"}],"wp:attachment":[{"href":"https:\/\/news.filmelier.com\/br\/wp-json\/wp\/v2\/media?parent=49677"}],"wp:term":[{"taxonomy":"category","embeddable":true,"href":"https:\/\/news.filmelier.com\/br\/wp-json\/wp\/v2\/categories?post=49677"},{"taxonomy":"post_tag","embeddable":true,"href":"https:\/\/news.filmelier.com\/br\/wp-json\/wp\/v2\/tags?post=49677"}],"curies":[{"name":"wp","href":"https:\/\/api.w.org\/{rel}","templated":true}]}}