{"id":49656,"date":"2025-04-11T18:30:00","date_gmt":"2025-04-11T21:30:00","guid":{"rendered":"https:\/\/news.filmelier.com\/assistir-online-serie-the-last-of-us\/"},"modified":"2025-06-09T00:40:14","modified_gmt":"2025-06-09T03:40:14","slug":"assistir-online-serie-the-last-of-us","status":"publish","type":"post","link":"https:\/\/news.filmelier.com\/br\/assistir-online-serie-the-last-of-us\/","title":{"rendered":"Como assistir &#8216;The Last of Us&#8217; online (e de gra\u00e7a): streaming, descontos e tudo sobre a 2\u00aa temporada"},"content":{"rendered":"\r\n\r\n\r\n<p>A s\u00e9rie <em>The Last of Us<\/em>, fen\u00f4meno da HBO inspirado no famoso jogo da Naughty Dog, est\u00e1 de volta com novos epis\u00f3dios. A aguardada 2\u00aa temporada estreia em 13 de abril de 2025, <a href=\"https:\/\/news.filmelier.com\/pedro-pascal-perfil-mandalorian-last-of-us\/\">trazendo Pedro Pascal<\/a> e <a href=\"https:\/\/news.filmelier.com\/bella-ramsey-tudo-sobre-atriz-the-last-of-us\/\">Bella Ramsey<\/a> novamente aos pap\u00e9is de Joel e Ellie. Mas afinal: onde assistir \u00e0 s\u00e9rie? \u00c9 poss\u00edvel <a href=\"https:\/\/www.filmelier.com\/br\/assistir-filmes-online\">ver online<\/a> e at\u00e9 mesmo com op\u00e7\u00f5es gr\u00e1tis. Neste guia, mostramos todas as formas legais de acompanhar <em>The Last of Us<\/em> \u2014 inclusive com descontos pelo Mercado Livre, Nubank e outros. Confira abaixo!\u00a0<\/p>\r\n\r\n\r\n\r\n<p><iframe title=\"The Last of Us - Trailer Oficial\" width=\"800\" height=\"450\" src=\"https:\/\/www.youtube.com\/embed\/lW5kiEUVlpo?feature=oembed\" frameborder=\"0\" allow=\"accelerometer; autoplay; clipboard-write; encrypted-media; gyroscope; picture-in-picture; web-share\" referrerpolicy=\"strict-origin-when-cross-origin\" allowfullscreen><\/iframe><\/p>\r\n\r\n\r\n\r\n<p><em>Trailer oficial da s\u00e9rie da HBO<\/em><\/p>\r\n\r\n<ul>\r\n<li><strong>Confira: <a href=\"https:\/\/news.filmelier.com\/the-last-of-us-infectados-vagalume-fedra-tudo\/\"><i>The Last of Us<\/i>: tipos de infectados, e diferen\u00e7as entre os Vagalumes e a FEDRA<\/a><\/strong><\/li>\r\n<\/ul>\r\n<h2 class=\"wp-block-heading\"><em>The Last of Us<\/em>: nova temporada dispon\u00edvel na Max<\/h2>\r\n\r\n\r\n\r\n<p>A 2\u00aa temporada estreia em <strong>13 de abril de 2025<\/strong>, com novos epis\u00f3dios aos domingos at\u00e9 <strong>25 de maio<\/strong>. S\u00e3o sete epis\u00f3dios que continuam a hist\u00f3ria da primeira temporada, introduzindo personagens como Abby, Dina e Jesse. Os epis\u00f3dios chegam simultaneamente \u00e0 <a href=\"https:\/\/www.filmelier.com\/br\/streamings\/max\">Max<\/a> (novo nome da HBO Max) e ao canal HBO. Veja <a href=\"https:\/\/news.filmelier.com\/the-last-of-us-tudo-sobre-2-temporada\/\">o que esperar das 2\u00aa e 3\u00aa temporadas da s\u00e9rie<\/a>.<\/p>\r\n\r\n\r\n\r\n<h2 class=\"wp-block-heading\">Como assistir <em>The Last of Us<\/em> online e dublada<\/h2>\r\n\r\n\r\n\r\n<h3 class=\"wp-block-heading\">Assistir na Max (antiga HBO Max)<\/h3>\r\n\r\n\r\n\r\n<p>A forma mais pr\u00e1tica de assistir \u00e0 s\u00e9rie \u00e9 pelo streaming <strong>Max<\/strong>, que disponibiliza todos os epis\u00f3dios com op\u00e7\u00f5es de \u00e1udio dublado e legendado. Basta acessar a <a href=\"https:\/\/www.filmelier.com\/br\/streamings\/max\">Max<\/a>, plataforma da Warner Bros. Discovery.\u00a0O epis\u00f3dio entra na plataforma no mesmo hor\u00e1rio em que \u00e9 exibido na TV. <a href=\"https:\/\/www.filmelier.com\/br\/noticias\/como-assinar-hbo-max\">Clique aqui para saber como assinar<\/a>.<\/p>\r\n\r\n\r\n\r\n<p>Durante abril e maio de 2025, a Max oferece <strong>50% de desconto<\/strong> nos planos anuais para novos assinantes.<\/p>\r\n<p>\r\n\r\n<\/p>\r\n<ul class=\"wp-block-list\">\r\n<li><strong>Pode te interessar:\u00a0<a href=\"https:\/\/news.filmelier.com\/filmelier-plus-canal-streaming-tudo-sobre\/\">Conhe\u00e7a o Filmelier+, novo streaming que ter\u00e1 tr\u00eas filmes do Oscar 2025<\/a><\/strong><\/li>\r\n<\/ul>\r\n\r\n\r\n\r\n<h3 class=\"wp-block-heading\">Ver pela Claro TV+ (antigo NOW)<\/h3>\r\n\r\n\r\n\r\n<p>Assinantes da <strong><a href=\"https:\/\/www.filmelier.com\/br\/streamings\/claro-tv-plus\" data-type=\"URL\" data-id=\"https:\/\/www.filmelier.com\/br\/streamings\/claro-tv-plus\">Claro TV+<\/a><\/strong>\u00a0podem ver a s\u00e9rie pelo canal 1 do decodificador. Basta acessar &#8220;+ Canais&#8221; e escolher &#8220;HBO&#8221; para ver os epis\u00f3dios sob demanda, sem consumir seu pacote de internet.<\/p>\r\n<h3>Assinatura da Max via Prime Video Channels<\/h3>\r\n<p>\r\n\r\n<\/p>\r\n<p>Tamb\u00e9m \u00e9 poss\u00edvel assinar a <strong>Max diretamente pelo Prime Video Channels<\/strong>, como um canal adicional dentro do app da Amazon. Essa op\u00e7\u00e3o permite assistir a <em>The Last of Us<\/em> e outros conte\u00fados da Warner Bros. Discovery usando a interface do pr\u00f3prio Prime Video \u2014 sem precisar trocar de aplicativo.<\/p>\r\n<p>\r\n\r\n<\/p>\r\n<p>O valor da assinatura \u00e9 o mesmo da Max, e o conte\u00fado fica dispon\u00edvel com \u00e1udio original, dublagem e legendas. Ideal para quem j\u00e1 \u00e9 assinante do Prime e quer centralizar tudo em um s\u00f3 lugar.<\/p>\r\n\r\n\r\n\r\n<figure class=\"wp-block-image size-full\"><img fetchpriority=\"high\" decoding=\"async\" width=\"1400\" height=\"700\" class=\"wp-image-35392\" src=\"https:\/\/news.filmelier.com\/wp-content\/uploads\/2022\/12\/the-last-of-us-character-poster-bella-ramsey-ellie-social-feature.jpg\" alt=\"Bella Ramsey como Ellie na s\u00e9rie The Last of Us\" srcset=\"https:\/\/news.filmelier.com\/wp-content\/uploads\/2022\/12\/the-last-of-us-character-poster-bella-ramsey-ellie-social-feature.jpg 1400w, https:\/\/news.filmelier.com\/wp-content\/uploads\/2022\/12\/the-last-of-us-character-poster-bella-ramsey-ellie-social-feature-300x150.jpg 300w, https:\/\/news.filmelier.com\/wp-content\/uploads\/2022\/12\/the-last-of-us-character-poster-bella-ramsey-ellie-social-feature-1024x512.jpg 1024w, https:\/\/news.filmelier.com\/wp-content\/uploads\/2022\/12\/the-last-of-us-character-poster-bella-ramsey-ellie-social-feature-768x384.jpg 768w, https:\/\/news.filmelier.com\/wp-content\/uploads\/2022\/12\/the-last-of-us-character-poster-bella-ramsey-ellie-social-feature-150x75.jpg 150w\" sizes=\"(max-width: 1400px) 100vw, 1400px\" \/>\r\n<figcaption><em>Bella Ramsey, de Game of Thrones, \u00e9 Ellie em The Last of Us (Cr\u00e9dito: HBO)<\/em><\/figcaption>\r\n<\/figure>\r\n\r\n\r\n\r\n<h2 class=\"wp-block-heading\">Como assistir <em>The Last of Us<\/em> de gra\u00e7a (ou quase)<\/h2>\r\n\r\n\r\n\r\n<p>\u00c9 poss\u00edvel assistir \u00e0 s\u00e9rie sem pagar a mais por isso, gra\u00e7as a parcerias com operadoras, fintechs e plataformas de benef\u00edcios. \u00c9 poss\u00edvel assistir \u00e0 <i>The Last of Us<\/i>, e inclusive ter acesso ao cat\u00e1logo da Max e ver s\u00e9ries e <a href=\"https:\/\/www.filmelier.com\/br\/filmes-gratis-completos\" data-type=\"URL\" data-id=\"https:\/\/www.filmelier.com\/br\/filmes-gratis-completos\">filmes gr\u00e1tis completos<\/a>. Veja se \u00e9 o seu caso:<\/p>\r\n\r\n\r\n\r\n<h3 class=\"wp-block-heading\">1. Assinantes de canais HBO na TV paga<\/h3>\r\n\r\n\r\n\r\n<p>Quem j\u00e1 assina os canais HBO pela <strong>Claro, SKY ou Vivo<\/strong> tem acesso gratuito \u00e0 Max. Basta vincular sua conta da TV com a plataforma de streaming. <a href=\"https:\/\/www.filmelier.com\/br\/noticias\/hbo-max-gratis-sem-custo\">Clique aqui para descobrir como proceder<\/a>.<\/p>\r\n<h3>2. Assinantes dos canais HBO<\/h3>\r\n<p>\r\n\r\n<\/p>\r\n<p>Existe ainda a op\u00e7\u00e3o de assinar os canais HBO pelo valor id\u00eantico do streaming e ter o mesmo acesso \u00e0 HBO Max. Al\u00e9m de ter os canais lineares tradicionais, como HBO, HBO 2 e HBO+, a cobran\u00e7a vem na sua fatura da operadora, sem a necessidade de cadastrar um cart\u00e3o de cr\u00e9dito. <a href=\"https:\/\/www.filmelier.com\/br\/noticias\/hbo-max-gratis-como-assistir\">Saiba como assistir a filmes e s\u00e9ries de gra\u00e7a na HBO Max<\/a>.<\/p>\r\n<h3>3. Assinantes da Claro TV+<\/h3>\r\n<p>\r\n\r\n<\/p>\r\n<p>Os assinantes Claro podem assistir aos epis\u00f3dios de <i>The Last of Us<\/i> no <a href=\"https:\/\/www.filmelier.com\/br\/streamings\/claro-tv-plus\">Claro TV+ (o antigo NOW)<\/a>. A vantagem \u00e9 que n\u00e3o h\u00e1 consumo do seu pacote de dados, nem a transmiss\u00e3o fica suscet\u00edvel \u00e0 qualidade da conex\u00e3o da internet, j\u00e1 que \u00e9 feita pela rede da TV por assinatura. Para acessar, coloque o seu decodificador no canal 1 e, ap\u00f3s carregar o sistema, v\u00e1 na op\u00e7\u00e3o &#8220;+ Canais&#8221; e em &#8220;HBO&#8221;.<\/p>\r\n<p>\r\n\r\n<\/p>\r\n<ul class=\"wp-block-list\">\r\n<li><strong>Confira tamb\u00e9m: <a href=\"https:\/\/news.filmelier.com\/the-last-of-us-serie-vs-jogo\/\"><i>The Last of Us<\/i>: 9 diferen\u00e7as e 3 semelhan\u00e7as da s\u00e9rie para o jogo<\/a><\/strong><\/li>\r\n<\/ul>\r\n\r\n\r\n\r\n\r\n\r\n<h3 class=\"wp-block-heading\">4. Nubank: Max incluso no plano Ultravioleta<\/h3>\r\n<h3>\r\n\r\n<\/h3>\r\n<p>Membros Nubank+ e assinantes do Ultravioleta t\u00eam a assinatura da Max inclusa no pacote, sem custo adicional. \u00c9 poss\u00edvel ativar o plano B\u00e1sico com An\u00fancios da Max de gra\u00e7a pelo Nubank, ou assinar o plano Standard por R$9,90\/m\u00eas. O benef\u00edcio est\u00e1 dispon\u00edvel para clientes do cart\u00e3o Ultravioleta que ativam a oferta pelo app. Basta acessar o aplicativo do Nubank, ir at\u00e9 a central de benef\u00edcios e selecionar &#8220;Ativar Max&#8221;.<\/p>\r\n<h3>5. Desconto via Mercado Livre (Mercado Pontos)<\/h3>\r\n\r\n\r\n\r\n<p>Clientes do Mercado Livre t\u00eam at\u00e9 <strong>50% de desconto<\/strong> na assinatura da Max, dependendo do n\u00edvel no programa <strong>Mercado Pontos<\/strong>. Quanto maior o n\u00edvel, maior o desconto.\u00a0<a href=\"https:\/\/www.filmelier.com\/br\/noticias\/hbo-max-50-desconto\" target=\"_blank\" rel=\"noreferrer noopener\">Veja como funciona o desconto no Mercado Livre<\/a>.<\/p>\r\n\r\n\r\n\r\n\r\n\r\n<figure class=\"wp-block-image size-full is-resized\"><img decoding=\"async\" class=\"wp-image-36050\" src=\"https:\/\/news.filmelier.com\/wp-content\/uploads\/2023\/01\/the-last-of-us-serie-pedro-pascal-como-joel-hbo-max.jpg\" alt=\"Pedro Pascal como Joel na s\u00e9rie The Last of Us\" width=\"840\" height=\"472\" srcset=\"https:\/\/news.filmelier.com\/wp-content\/uploads\/2023\/01\/the-last-of-us-serie-pedro-pascal-como-joel-hbo-max.jpg 1920w, https:\/\/news.filmelier.com\/wp-content\/uploads\/2023\/01\/the-last-of-us-serie-pedro-pascal-como-joel-hbo-max-300x169.jpg 300w, https:\/\/news.filmelier.com\/wp-content\/uploads\/2023\/01\/the-last-of-us-serie-pedro-pascal-como-joel-hbo-max-1024x576.jpg 1024w, https:\/\/news.filmelier.com\/wp-content\/uploads\/2023\/01\/the-last-of-us-serie-pedro-pascal-como-joel-hbo-max-768x432.jpg 768w, https:\/\/news.filmelier.com\/wp-content\/uploads\/2023\/01\/the-last-of-us-serie-pedro-pascal-como-joel-hbo-max-1536x864.jpg 1536w, https:\/\/news.filmelier.com\/wp-content\/uploads\/2023\/01\/the-last-of-us-serie-pedro-pascal-como-joel-hbo-max-150x84.jpg 150w\" sizes=\"(max-width: 840px) 100vw, 840px\" \/>\r\n<figcaption><em>The Last of Us: Veja como assistir \u00e0 s\u00e9rie da Max (Cr\u00e9dito: HBO)<\/em><\/figcaption>\r\n<\/figure>\r\n\r\n<h2>Quantos epis\u00f3dios tem <em>The Last of Us<\/em>?<\/h2>\r\n\r\n\r\n\r\n<p>A 1\u00aa temporada teve <strong>nove epis\u00f3dios<\/strong>. A 2\u00aa temporada, que estreia em abril de 2025, conta com <strong>sete epis\u00f3dios<\/strong>, lan\u00e7ados semanalmente at\u00e9 o fim de maio.<\/p>\r\n\r\n\r\n\r\n<h2 class=\"wp-block-heading\">Em qual canal passa <em>The Last of Us<\/em>?<\/h2>\r\n\r\n\r\n\r\n<p>Os epis\u00f3dios v\u00e3o ao ar aos domingos, \u00e0s 22h, na TV por assinatura. Veja onde assistir:<\/p>\r\n\r\n\r\n\r\n<ul class=\"wp-block-list\">\r\n<li>HBO (Claro): canal 671<\/li>\r\n<li>HBO (SKY): canal 520<\/li>\r\n<li>HBO (Vivo): canal 121<\/li>\r\n<\/ul>\r\n\r\n\r\n\r\n<h2 class=\"wp-block-heading\">Resumo: sobre o que \u00e9 <em>The Last of Us<\/em>?<\/h2>\r\n\r\n\r\n\r\n<p><em>The Last of Us<\/em> mostra um mundo devastado por um fungo que transforma humanos em criaturas violentas. A trama acompanha Joel e Ellie, dois sobreviventes tentando encontrar esperan\u00e7a em meio ao caos. <a href=\"https:\/\/news.filmelier.com\/the-last-of-us-serie-vs-jogo\/\">Baseada no jogo hom\u00f4nimo<\/a>, a s\u00e9rie mistura a\u00e7\u00e3o, drama e emo\u00e7\u00e3o.<\/p>\r\n<p>Estrelada por Pedro Pascal\u00a0e Bella Ramsey, a s\u00e9rie estreou na HBO em janeiro de 2023, e\u00a0<a href=\"https:\/\/news.filmelier.com\/the-last-of-us-estreia-recorde-hbo\/\">logo se tornou uma das melhores estreias da HBO e HBO Max<\/a>, sendo\u00a0<a href=\"https:\/\/www.filmelier.com\/br\/noticias\/emmy-2023-onde-assistir-series\" data-type=\"post\" data-id=\"38792\">uma das produ\u00e7\u00f5es mais indicadas ao Emmy<\/a>.<\/p>\r\n\r\n\r\n\r\n<h2 class=\"wp-block-heading\">Cr\u00edticas e an\u00e1lises dos epis\u00f3dios de <em>The Last of Us<\/em><\/h2>\r\n\r\n\r\n\r\n<p>Leia as cr\u00edticas do Filmelier para os epis\u00f3dios das temporadas de <i>The Last of Us<\/i>:<\/p>\r\n<p>\r\n\r\n<\/p>\r\n<h3>1\u00aa temporada<\/h3>\r\n<ul class=\"wp-block-list\">\r\n<li><strong><a href=\"https:\/\/news.filmelier.com\/the-last-of-us-critica-serie-hbo\/\">1&#215;01 &#8211; <i>The Last of Us<\/i> tem tudo para ser a nova s\u00e9rie evento da HBO<\/a><\/strong><\/li>\r\n<li><strong><a href=\"https:\/\/news.filmelier.com\/the-last-of-us-critica-episodio-2\/\">1&#215;02 &#8211; epis\u00f3dio 2 da s\u00e9rie tem cenas de terror e reviravolta &#8220;soco no est\u00f4mago&#8221;<\/a><\/strong><\/li>\r\n<li><strong><a href=\"https:\/\/news.filmelier.com\/the-last-of-us-critica-episodio-3\/\">1&#215;03 epis\u00f3dio 3 tem cenas in\u00e9ditas, tom rom\u00e2ntico e dram\u00e1tico<\/a><\/strong><\/li>\r\n<li><strong><a href=\"https:\/\/news.filmelier.com\/the-last-of-us-critica-episodio-4\/\">1&#215;04 &#8211; epis\u00f3dio 4 \u00e9 menos impactante, mas aprofunda a narrativa<\/a><\/strong><\/li>\r\n<li><strong><a href=\"https:\/\/news.filmelier.com\/the-last-of-us-critica-episodio-5\/\">1&#215;05 &#8211; epis\u00f3dio 5 prova que a s\u00e9rie n\u00e3o est\u00e1 para brincadeira<\/a><\/strong><\/li>\r\n<li><strong><a href=\"https:\/\/news.filmelier.com\/the-last-of-us-critica-episodio-6\/\">1&#215;06 &#8211; epis\u00f3dio 6 tem encontro aguardado e &#8220;momento fam\u00edlia&#8221;<\/a><\/strong><\/li>\r\n<li><strong><a href=\"https:\/\/news.filmelier.com\/the-last-of-us-critica-episodio-7\/\">1&#215;07 &#8211; epis\u00f3dio 7 revela como Ellie foi mordida<\/a><\/strong><\/li>\r\n<li><strong><a href=\"https:\/\/news.filmelier.com\/the-last-of-us-critica-episodio-8\/\">1&#215;08 &#8211; epis\u00f3dio 8 \u00e9 o mais intenso e perturbador da temporada<\/a><\/strong><\/li>\r\n<li><strong><a href=\"https:\/\/news.filmelier.com\/the-last-of-us-critica-episodio-9\/\">1&#215;09 &#8211; epis\u00f3dio 9 tem desfecho pol\u00eamico e chocante<\/a><\/strong><\/li>\r\n<\/ul>\r\n<h3>2\u00aa temporada<\/h3>\r\n<ul>\r\n<li>\u00a0<\/li>\r\n<li><strong><a href=\"https:\/\/news.filmelier.com\/the-last-of-us-critica-temporada-2-episodio-1\/\">2&#215;01 &#8211; S\u00e9rie retorna mais sombrio e introspectivo na estreia da 2\u00aa temporada na HBO<\/a><\/strong><\/li>\r\n<li><strong><a href=\"https:\/\/news.filmelier.com\/the-last-of-us-critica-temporada-2-episodio-2\/\">2&#215;02 &#8211; <i>The Last of Us<\/i> reencontra sua for\u00e7a dram\u00e1tica com reviravolta do epis\u00f3dio 2 na HBO<\/a><\/strong><\/li>\r\n<li><strong><a href=\"https:\/\/news.filmelier.com\/the-last-of-us-temporada-2-episodio-3\/\">2&#215;03 <\/a><a href=\"https:\/\/news.filmelier.com\/the-last-of-us-critica-temporada-2-episodio-2\/\">\u2013<\/a><a href=\"https:\/\/news.filmelier.com\/the-last-of-us-temporada-2-episodio-3\/\"> Bella Ramsey segura a 2\u00aa temporada? Cr\u00edtica do epis\u00f3dio 3 analisa a nova fase<\/a><\/strong><\/li>\r\n<li><strong><a href=\"https:\/\/news.filmelier.com\/the-last-of-us-critica-temporada-2-episodio-4\/\">2&#215;04 &#8211; S\u00e9rie encontra equil\u00edbrio perfeito entre horror e romance no epis\u00f3dio 4 da 2\u00aa temporada<\/a><\/strong><\/li>\r\n<li><strong><a href=\"https:\/\/news.filmelier.com\/the-last-of-us-critica-temporada-2-episodio-5\/\">2&#215;05 \u2013 Quinto epis\u00f3dio da 2\u00aa temporada brilha em cenas de a\u00e7\u00e3o mas roteiro falha com Ellie<\/a><\/strong><\/li>\r\n<li><a href=\"https:\/\/news.filmelier.com\/the-last-of-us-critica-temporada-2-episodio-6\/\"><strong>2&#215;06 \u2013 epis\u00f3dio 6 da 2\u00aa temporada emociona com retorno de Joel e drama entre pai e filha<\/strong><\/a><\/li>\r\n<\/ul>\r\n<p>Continue acompanhando o <a href=\"https:\/\/www.filmelier.com\/br\">Filmelier<\/a> nossas atualiza\u00e7\u00f5es para mais not\u00edcias e guias sobre a s\u00e9rie.<\/p>\r\n<p><em>[Mat\u00e9ria original de 13\/01\/2023, atualizada em 11\/04\/2025]<\/em><\/p>\r\n\r\n\r\n\r\n\r\n\r\n\r\n","protected":false},"excerpt":{"rendered":"<p>&#8216;The Last of Us&#8217;, s\u00e9rie estrelada por Pedro Pascal e Bella Ramsey, est\u00e1 dispon\u00edvel online dublada na TV paga e no streaming \u2013 incluindo acesso sem custo adicional. Dados atualizados de abril de 2025<\/p>\n","protected":false},"author":11,"featured_media":49658,"comment_status":"closed","ping_status":"open","sticky":false,"template":"","format":"standard","meta":{"_acf_changed":false,"footnotes":""},"categories":[3492,3924],"tags":[3925,3926,3577,3551,3552,3874,3554,3584,3585,3586,3588],"class_list":["post-49656","post","type-post","status-publish","format-standard","has-post-thumbnail","hentry","category-series-novelas-br","category-tutoriais-br","tag-assistir-online-br","tag-assistir-online-gratis-br","tag-bella-ramsey-br","tag-hbo-br","tag-hbo-max-br","tag-last-of-us-br","tag-max-br","tag-pedro-pascal-br","tag-serie-br","tag-series-hbo-br","tag-the-last-of-us-br"],"acf":{"subtitulo":"'The Last of Us', s\u00e9rie estrelada por Pedro Pascal e Bella Ramsey, est\u00e1 dispon\u00edvel online dublada na TV paga e no streaming \u2013 incluindo acesso sem custo adicional. Dados atualizados de abril de 2025","id_ator":""},"yoast_head":"<!-- This site is optimized with the Yoast SEO plugin v26.1.1 - https:\/\/yoast.com\/wordpress\/plugins\/seo\/ -->\n<title>The Last of Us: Como assistir \u00e0 s\u00e9rie da HBO online gr\u00e1tis? (atualizado em abril de 2025)<\/title>\n<meta name=\"description\" content=\"The Last of Us, s\u00e9rie com Pedro Pascal e Bella Ramsey, est\u00e1 dispon\u00edvel online dublada na TV paga e no streaming \u2013 incluindo acesso gr\u00e1tis\" \/>\n<meta name=\"robots\" content=\"index, follow, max-snippet:-1, max-image-preview:large, max-video-preview:-1\" \/>\n<link rel=\"canonical\" href=\"https:\/\/news.filmelier.com\/br\/assistir-online-serie-the-last-of-us\/\" \/>\n<meta property=\"og:locale\" content=\"pt_BR\" \/>\n<meta property=\"og:type\" content=\"article\" \/>\n<meta property=\"og:title\" content=\"The Last of Us: Como assistir \u00e0 s\u00e9rie da HBO online gr\u00e1tis? (atualizado em abril de 2025)\" \/>\n<meta property=\"og:description\" content=\"The Last of Us, s\u00e9rie com Pedro Pascal e Bella Ramsey, est\u00e1 dispon\u00edvel online dublada na TV paga e no streaming \u2013 incluindo acesso gr\u00e1tis\" \/>\n<meta property=\"og:url\" content=\"https:\/\/news.filmelier.com\/br\/assistir-online-serie-the-last-of-us\/\" \/>\n<meta property=\"og:site_name\" content=\"News Filmelier\" \/>\n<meta property=\"article:published_time\" content=\"2025-04-11T21:30:00+00:00\" \/>\n<meta property=\"article:modified_time\" content=\"2025-06-09T03:40:14+00:00\" \/>\n<meta property=\"og:image\" content=\"https:\/\/homolog.news.filmelier.com\/wp-content\/uploads\/2024\/05\/the-last-of-us-2-temporada-ellie-bella-ramsay.webp\" \/>\n\t<meta property=\"og:image:width\" content=\"800\" \/>\n\t<meta property=\"og:image:height\" content=\"450\" \/>\n\t<meta property=\"og:image:type\" content=\"image\/webp\" \/>\n<meta name=\"author\" content=\"Vit\u00f3ria Pratini\" \/>\n<meta name=\"twitter:card\" content=\"summary_large_image\" \/>\n<meta name=\"twitter:label1\" content=\"Escrito por\" \/>\n\t<meta name=\"twitter:data1\" content=\"Vit\u00f3ria Pratini\" \/>\n\t<meta name=\"twitter:label2\" content=\"Est. tempo de leitura\" \/>\n\t<meta name=\"twitter:data2\" content=\"8 minutos\" \/>\n<script type=\"application\/ld+json\" class=\"yoast-schema-graph\">{\"@context\":\"https:\/\/schema.org\",\"@graph\":[{\"@type\":\"Article\",\"@id\":\"https:\/\/news.filmelier.com\/br\/assistir-online-serie-the-last-of-us\/#article\",\"isPartOf\":{\"@id\":\"https:\/\/news.filmelier.com\/br\/assistir-online-serie-the-last-of-us\/\"},\"author\":{\"name\":\"Vit\u00f3ria Pratini\",\"@id\":\"https:\/\/homolog.news.filmelier.com\/br\/#\/schema\/person\/b6689fa913d8b849cd7549503e6521cc\"},\"headline\":\"Como assistir &#8216;The Last of Us&#8217; online (e de gra\u00e7a): streaming, descontos e tudo sobre a 2\u00aa temporada\",\"datePublished\":\"2025-04-11T21:30:00+00:00\",\"dateModified\":\"2025-06-09T03:40:14+00:00\",\"mainEntityOfPage\":{\"@id\":\"https:\/\/news.filmelier.com\/br\/assistir-online-serie-the-last-of-us\/\"},\"wordCount\":1308,\"publisher\":{\"@id\":\"https:\/\/homolog.news.filmelier.com\/br\/#organization\"},\"image\":{\"@id\":\"https:\/\/news.filmelier.com\/br\/assistir-online-serie-the-last-of-us\/#primaryimage\"},\"thumbnailUrl\":\"https:\/\/news.filmelier.com\/wp-content\/uploads\/2024\/05\/the-last-of-us-2-temporada-ellie-bella-ramsay.webp\",\"keywords\":[\"assistir online\",\"assistir online gr\u00e1tis\",\"Bella Ramsey\",\"HBO\",\"HBO Max\",\"last of us\",\"Max\",\"Pedro Pascal\",\"s\u00e9rie\",\"s\u00e9ries hbo\",\"the last of us\"],\"articleSection\":[\"S\u00e9ries e Novelas\",\"Tutoriais\"],\"inLanguage\":\"pt-BR\"},{\"@type\":\"WebPage\",\"@id\":\"https:\/\/news.filmelier.com\/br\/assistir-online-serie-the-last-of-us\/\",\"url\":\"https:\/\/news.filmelier.com\/br\/assistir-online-serie-the-last-of-us\/\",\"name\":\"The Last of Us: Como assistir \u00e0 s\u00e9rie da HBO online gr\u00e1tis? (atualizado em abril de 2025)\",\"isPartOf\":{\"@id\":\"https:\/\/homolog.news.filmelier.com\/br\/#website\"},\"primaryImageOfPage\":{\"@id\":\"https:\/\/news.filmelier.com\/br\/assistir-online-serie-the-last-of-us\/#primaryimage\"},\"image\":{\"@id\":\"https:\/\/news.filmelier.com\/br\/assistir-online-serie-the-last-of-us\/#primaryimage\"},\"thumbnailUrl\":\"https:\/\/news.filmelier.com\/wp-content\/uploads\/2024\/05\/the-last-of-us-2-temporada-ellie-bella-ramsay.webp\",\"datePublished\":\"2025-04-11T21:30:00+00:00\",\"dateModified\":\"2025-06-09T03:40:14+00:00\",\"description\":\"The Last of Us, s\u00e9rie com Pedro Pascal e Bella Ramsey, est\u00e1 dispon\u00edvel online dublada na TV paga e no streaming \u2013 incluindo acesso gr\u00e1tis\",\"breadcrumb\":{\"@id\":\"https:\/\/news.filmelier.com\/br\/assistir-online-serie-the-last-of-us\/#breadcrumb\"},\"inLanguage\":\"pt-BR\",\"potentialAction\":[{\"@type\":\"ReadAction\",\"target\":[\"https:\/\/news.filmelier.com\/br\/assistir-online-serie-the-last-of-us\/\"]}]},{\"@type\":\"ImageObject\",\"inLanguage\":\"pt-BR\",\"@id\":\"https:\/\/news.filmelier.com\/br\/assistir-online-serie-the-last-of-us\/#primaryimage\",\"url\":\"https:\/\/news.filmelier.com\/wp-content\/uploads\/2024\/05\/the-last-of-us-2-temporada-ellie-bella-ramsay.webp\",\"contentUrl\":\"https:\/\/news.filmelier.com\/wp-content\/uploads\/2024\/05\/the-last-of-us-2-temporada-ellie-bella-ramsay.webp\",\"width\":800,\"height\":450,\"caption\":\"Primeiras imagens: Bella Ramsey retorna como Ellie na 2\u00aa temporada de The Last of Us (Cr\u00e9dito: HBO)\"},{\"@type\":\"BreadcrumbList\",\"@id\":\"https:\/\/news.filmelier.com\/br\/assistir-online-serie-the-last-of-us\/#breadcrumb\",\"itemListElement\":[{\"@type\":\"ListItem\",\"position\":1,\"name\":\"In\u00edcio\",\"item\":\"https:\/\/homolog.news.filmelier.com\/br\/\"},{\"@type\":\"ListItem\",\"position\":2,\"name\":\"Como assistir &#8216;The Last of Us&#8217; online (e de gra\u00e7a): streaming, descontos e tudo sobre a 2\u00aa temporada\"}]},{\"@type\":\"WebSite\",\"@id\":\"https:\/\/homolog.news.filmelier.com\/br\/#website\",\"url\":\"https:\/\/homolog.news.filmelier.com\/br\/\",\"name\":\"Homolog Filmelier News Rankrup\",\"description\":\"\",\"publisher\":{\"@id\":\"https:\/\/homolog.news.filmelier.com\/br\/#organization\"},\"potentialAction\":[{\"@type\":\"SearchAction\",\"target\":{\"@type\":\"EntryPoint\",\"urlTemplate\":\"https:\/\/homolog.news.filmelier.com\/br\/?s={search_term_string}\"},\"query-input\":{\"@type\":\"PropertyValueSpecification\",\"valueRequired\":true,\"valueName\":\"search_term_string\"}}],\"inLanguage\":\"pt-BR\"},{\"@type\":\"Organization\",\"@id\":\"https:\/\/homolog.news.filmelier.com\/br\/#organization\",\"name\":\"Homolog Filmelier News Rankrup\",\"url\":\"https:\/\/homolog.news.filmelier.com\/br\/\",\"logo\":{\"@type\":\"ImageObject\",\"inLanguage\":\"pt-BR\",\"@id\":\"https:\/\/homolog.news.filmelier.com\/br\/#\/schema\/logo\/image\/\",\"url\":\"https:\/\/news.filmelier.com\/wp-content\/uploads\/2024\/11\/Logo-News.png\",\"contentUrl\":\"https:\/\/news.filmelier.com\/wp-content\/uploads\/2024\/11\/Logo-News.png\",\"width\":460,\"height\":108,\"caption\":\"Homolog Filmelier News Rankrup\"},\"image\":{\"@id\":\"https:\/\/homolog.news.filmelier.com\/br\/#\/schema\/logo\/image\/\"}},{\"@type\":\"Person\",\"@id\":\"https:\/\/homolog.news.filmelier.com\/br\/#\/schema\/person\/b6689fa913d8b849cd7549503e6521cc\",\"name\":\"Vit\u00f3ria Pratini\",\"image\":{\"@type\":\"ImageObject\",\"inLanguage\":\"pt-BR\",\"@id\":\"https:\/\/homolog.news.filmelier.com\/br\/#\/schema\/person\/image\/\",\"url\":\"https:\/\/secure.gravatar.com\/avatar\/93bc09f1ea8059e7f68ceebd457a04e75befce531605be9c8ad31127fed28a0d?s=96&d=mm&r=g\",\"contentUrl\":\"https:\/\/secure.gravatar.com\/avatar\/93bc09f1ea8059e7f68ceebd457a04e75befce531605be9c8ad31127fed28a0d?s=96&d=mm&r=g\",\"caption\":\"Vit\u00f3ria Pratini\"},\"description\":\"A critic and journalist specializing in films, series and pop culture since 2013, Vit\u00f3ria Pratini has had her articles published in AdoroCinema, IGN Brasil, Terra and MSN. During her career, she has covered audiovisual events, such as San Diego Comic-Con, CCXP, Festival do Rio and Pr\u00eamio Grande Otelo. She has served on festival juries and interviewed names such as Helen Mirren, Fernanda Torres, Gilberto Gil, Jude Law and Bryan Cranston. An SEO specialist, Vit\u00f3ria is currently a content strategist and reporter for Filmelier.\",\"sameAs\":[\"https:\/\/www.filmelier.com\/br\/autor\/vitoria-pratini\",\"https:\/\/www.instagram.com\/vitoriapratini\/\"],\"url\":\"https:\/\/news.filmelier.com\/br\/author\/vitoria-pratini\/\"}]}<\/script>\n<!-- \/ Yoast SEO plugin. -->","yoast_head_json":{"title":"The Last of Us: Como assistir \u00e0 s\u00e9rie da HBO online gr\u00e1tis? (atualizado em abril de 2025)","description":"The Last of Us, s\u00e9rie com Pedro Pascal e Bella Ramsey, est\u00e1 dispon\u00edvel online dublada na TV paga e no streaming \u2013 incluindo acesso gr\u00e1tis","robots":{"index":"index","follow":"follow","max-snippet":"max-snippet:-1","max-image-preview":"max-image-preview:large","max-video-preview":"max-video-preview:-1"},"canonical":"https:\/\/news.filmelier.com\/br\/assistir-online-serie-the-last-of-us\/","og_locale":"pt_BR","og_type":"article","og_title":"The Last of Us: Como assistir \u00e0 s\u00e9rie da HBO online gr\u00e1tis? (atualizado em abril de 2025)","og_description":"The Last of Us, s\u00e9rie com Pedro Pascal e Bella Ramsey, est\u00e1 dispon\u00edvel online dublada na TV paga e no streaming \u2013 incluindo acesso gr\u00e1tis","og_url":"https:\/\/news.filmelier.com\/br\/assistir-online-serie-the-last-of-us\/","og_site_name":"News Filmelier","article_published_time":"2025-04-11T21:30:00+00:00","article_modified_time":"2025-06-09T03:40:14+00:00","og_image":[{"width":800,"height":450,"url":"https:\/\/homolog.news.filmelier.com\/wp-content\/uploads\/2024\/05\/the-last-of-us-2-temporada-ellie-bella-ramsay.webp","type":"image\/webp"}],"author":"Vit\u00f3ria Pratini","twitter_card":"summary_large_image","twitter_misc":{"Escrito por":"Vit\u00f3ria Pratini","Est. tempo de leitura":"8 minutos"},"schema":{"@context":"https:\/\/schema.org","@graph":[{"@type":"Article","@id":"https:\/\/news.filmelier.com\/br\/assistir-online-serie-the-last-of-us\/#article","isPartOf":{"@id":"https:\/\/news.filmelier.com\/br\/assistir-online-serie-the-last-of-us\/"},"author":{"name":"Vit\u00f3ria Pratini","@id":"https:\/\/homolog.news.filmelier.com\/br\/#\/schema\/person\/b6689fa913d8b849cd7549503e6521cc"},"headline":"Como assistir &#8216;The Last of Us&#8217; online (e de gra\u00e7a): streaming, descontos e tudo sobre a 2\u00aa temporada","datePublished":"2025-04-11T21:30:00+00:00","dateModified":"2025-06-09T03:40:14+00:00","mainEntityOfPage":{"@id":"https:\/\/news.filmelier.com\/br\/assistir-online-serie-the-last-of-us\/"},"wordCount":1308,"publisher":{"@id":"https:\/\/homolog.news.filmelier.com\/br\/#organization"},"image":{"@id":"https:\/\/news.filmelier.com\/br\/assistir-online-serie-the-last-of-us\/#primaryimage"},"thumbnailUrl":"https:\/\/news.filmelier.com\/wp-content\/uploads\/2024\/05\/the-last-of-us-2-temporada-ellie-bella-ramsay.webp","keywords":["assistir online","assistir online gr\u00e1tis","Bella Ramsey","HBO","HBO Max","last of us","Max","Pedro Pascal","s\u00e9rie","s\u00e9ries hbo","the last of us"],"articleSection":["S\u00e9ries e Novelas","Tutoriais"],"inLanguage":"pt-BR"},{"@type":"WebPage","@id":"https:\/\/news.filmelier.com\/br\/assistir-online-serie-the-last-of-us\/","url":"https:\/\/news.filmelier.com\/br\/assistir-online-serie-the-last-of-us\/","name":"The Last of Us: Como assistir \u00e0 s\u00e9rie da HBO online gr\u00e1tis? (atualizado em abril de 2025)","isPartOf":{"@id":"https:\/\/homolog.news.filmelier.com\/br\/#website"},"primaryImageOfPage":{"@id":"https:\/\/news.filmelier.com\/br\/assistir-online-serie-the-last-of-us\/#primaryimage"},"image":{"@id":"https:\/\/news.filmelier.com\/br\/assistir-online-serie-the-last-of-us\/#primaryimage"},"thumbnailUrl":"https:\/\/news.filmelier.com\/wp-content\/uploads\/2024\/05\/the-last-of-us-2-temporada-ellie-bella-ramsay.webp","datePublished":"2025-04-11T21:30:00+00:00","dateModified":"2025-06-09T03:40:14+00:00","description":"The Last of Us, s\u00e9rie com Pedro Pascal e Bella Ramsey, est\u00e1 dispon\u00edvel online dublada na TV paga e no streaming \u2013 incluindo acesso gr\u00e1tis","breadcrumb":{"@id":"https:\/\/news.filmelier.com\/br\/assistir-online-serie-the-last-of-us\/#breadcrumb"},"inLanguage":"pt-BR","potentialAction":[{"@type":"ReadAction","target":["https:\/\/news.filmelier.com\/br\/assistir-online-serie-the-last-of-us\/"]}]},{"@type":"ImageObject","inLanguage":"pt-BR","@id":"https:\/\/news.filmelier.com\/br\/assistir-online-serie-the-last-of-us\/#primaryimage","url":"https:\/\/news.filmelier.com\/wp-content\/uploads\/2024\/05\/the-last-of-us-2-temporada-ellie-bella-ramsay.webp","contentUrl":"https:\/\/news.filmelier.com\/wp-content\/uploads\/2024\/05\/the-last-of-us-2-temporada-ellie-bella-ramsay.webp","width":800,"height":450,"caption":"Primeiras imagens: Bella Ramsey retorna como Ellie na 2\u00aa temporada de The Last of Us (Cr\u00e9dito: HBO)"},{"@type":"BreadcrumbList","@id":"https:\/\/news.filmelier.com\/br\/assistir-online-serie-the-last-of-us\/#breadcrumb","itemListElement":[{"@type":"ListItem","position":1,"name":"In\u00edcio","item":"https:\/\/homolog.news.filmelier.com\/br\/"},{"@type":"ListItem","position":2,"name":"Como assistir &#8216;The Last of Us&#8217; online (e de gra\u00e7a): streaming, descontos e tudo sobre a 2\u00aa temporada"}]},{"@type":"WebSite","@id":"https:\/\/homolog.news.filmelier.com\/br\/#website","url":"https:\/\/homolog.news.filmelier.com\/br\/","name":"Homolog Filmelier News Rankrup","description":"","publisher":{"@id":"https:\/\/homolog.news.filmelier.com\/br\/#organization"},"potentialAction":[{"@type":"SearchAction","target":{"@type":"EntryPoint","urlTemplate":"https:\/\/homolog.news.filmelier.com\/br\/?s={search_term_string}"},"query-input":{"@type":"PropertyValueSpecification","valueRequired":true,"valueName":"search_term_string"}}],"inLanguage":"pt-BR"},{"@type":"Organization","@id":"https:\/\/homolog.news.filmelier.com\/br\/#organization","name":"Homolog Filmelier News Rankrup","url":"https:\/\/homolog.news.filmelier.com\/br\/","logo":{"@type":"ImageObject","inLanguage":"pt-BR","@id":"https:\/\/homolog.news.filmelier.com\/br\/#\/schema\/logo\/image\/","url":"https:\/\/news.filmelier.com\/wp-content\/uploads\/2024\/11\/Logo-News.png","contentUrl":"https:\/\/news.filmelier.com\/wp-content\/uploads\/2024\/11\/Logo-News.png","width":460,"height":108,"caption":"Homolog Filmelier News Rankrup"},"image":{"@id":"https:\/\/homolog.news.filmelier.com\/br\/#\/schema\/logo\/image\/"}},{"@type":"Person","@id":"https:\/\/homolog.news.filmelier.com\/br\/#\/schema\/person\/b6689fa913d8b849cd7549503e6521cc","name":"Vit\u00f3ria Pratini","image":{"@type":"ImageObject","inLanguage":"pt-BR","@id":"https:\/\/homolog.news.filmelier.com\/br\/#\/schema\/person\/image\/","url":"https:\/\/secure.gravatar.com\/avatar\/93bc09f1ea8059e7f68ceebd457a04e75befce531605be9c8ad31127fed28a0d?s=96&d=mm&r=g","contentUrl":"https:\/\/secure.gravatar.com\/avatar\/93bc09f1ea8059e7f68ceebd457a04e75befce531605be9c8ad31127fed28a0d?s=96&d=mm&r=g","caption":"Vit\u00f3ria Pratini"},"description":"A critic and journalist specializing in films, series and pop culture since 2013, Vit\u00f3ria Pratini has had her articles published in AdoroCinema, IGN Brasil, Terra and MSN. During her career, she has covered audiovisual events, such as San Diego Comic-Con, CCXP, Festival do Rio and Pr\u00eamio Grande Otelo. She has served on festival juries and interviewed names such as Helen Mirren, Fernanda Torres, Gilberto Gil, Jude Law and Bryan Cranston. An SEO specialist, Vit\u00f3ria is currently a content strategist and reporter for Filmelier.","sameAs":["https:\/\/www.filmelier.com\/br\/autor\/vitoria-pratini","https:\/\/www.instagram.com\/vitoriapratini\/"],"url":"https:\/\/news.filmelier.com\/br\/author\/vitoria-pratini\/"}]}},"_links":{"self":[{"href":"https:\/\/news.filmelier.com\/br\/wp-json\/wp\/v2\/posts\/49656","targetHints":{"allow":["GET"]}}],"collection":[{"href":"https:\/\/news.filmelier.com\/br\/wp-json\/wp\/v2\/posts"}],"about":[{"href":"https:\/\/news.filmelier.com\/br\/wp-json\/wp\/v2\/types\/post"}],"author":[{"embeddable":true,"href":"https:\/\/news.filmelier.com\/br\/wp-json\/wp\/v2\/users\/11"}],"replies":[{"embeddable":true,"href":"https:\/\/news.filmelier.com\/br\/wp-json\/wp\/v2\/comments?post=49656"}],"version-history":[{"count":1,"href":"https:\/\/news.filmelier.com\/br\/wp-json\/wp\/v2\/posts\/49656\/revisions"}],"predecessor-version":[{"id":51633,"href":"https:\/\/news.filmelier.com\/br\/wp-json\/wp\/v2\/posts\/49656\/revisions\/51633"}],"wp:featuredmedia":[{"embeddable":true,"href":"https:\/\/news.filmelier.com\/br\/wp-json\/wp\/v2\/media\/49658"}],"wp:attachment":[{"href":"https:\/\/news.filmelier.com\/br\/wp-json\/wp\/v2\/media?parent=49656"}],"wp:term":[{"taxonomy":"category","embeddable":true,"href":"https:\/\/news.filmelier.com\/br\/wp-json\/wp\/v2\/categories?post=49656"},{"taxonomy":"post_tag","embeddable":true,"href":"https:\/\/news.filmelier.com\/br\/wp-json\/wp\/v2\/tags?post=49656"}],"curies":[{"name":"wp","href":"https:\/\/api.w.org\/{rel}","templated":true}]}}