{"id":49646,"date":"2025-04-15T17:56:32","date_gmt":"2025-04-15T20:56:32","guid":{"rendered":"https:\/\/news.filmelier.com\/saga-e-serie-maquina-mortifera\/"},"modified":"2025-06-09T00:38:53","modified_gmt":"2025-06-09T03:38:53","slug":"saga-e-serie-maquina-mortifera","status":"publish","type":"post","link":"https:\/\/news.filmelier.com\/br\/saga-e-serie-maquina-mortifera\/","title":{"rendered":"&#8216;M\u00e1quina Mort\u00edfera&#8217;: a s\u00e9rie de filmes que revolucionou o cinema de a\u00e7\u00e3o"},"content":{"rendered":"<p>A s\u00e9rie de filmes <a href=\"https:\/\/www.filmelier.com\/br\/filmes\/25650\/maquina-mortifera\"><i>M\u00e1quina Mort\u00edfera<\/i><\/a>, lan\u00e7ada em 1987, marcou um divisor de \u00e1guas no cinema de a\u00e7\u00e3o ao combinar humor, drama e adrenalina de forma inovadora. Com Mel Gibson e Danny Glover no elenco principal, a franquia n\u00e3o apenas conquistou o cora\u00e7\u00e3o do p\u00fablico, mas tamb\u00e9m influenciou significativamente o g\u00eanero de a\u00e7\u00e3o, inspirando uma nova gera\u00e7\u00e3o de filmes.<\/p>\n<p>Al\u00e9m de sua import\u00e2ncia cultural, a franquia tamb\u00e9m se destaca pela qu\u00edmica entre os personagens principais, Martin Riggs e Roger Murtaugh, que se tornaram \u00edcones do cinema. Recentemente, <a href=\"https:\/\/news.filmelier.com\/maquina-mortifera-serie\/\">a franquia ganhou uma nova vida com a estreia da s\u00e9rie de TV<\/a>, que reinterpreta os personagens cl\u00e1ssicos em um contexto moderno.<\/p>\n<p>Neste artigo, vamos explorar a import\u00e2ncia da saga <i>M\u00e1quina Mort\u00edfera<\/i>, seus filmes emblem\u00e1ticos e onde voc\u00ea pode assisti-los hoje em dia. Boa leitura!<\/p>\n<ul>\n<li><strong>Confira tamb\u00e9m: <a href=\"https:\/\/news.filmelier.com\/the-last-of-us-critica-temporada-2-episodio-1\/\"><em>The Last of Us<\/em> retorna mais sombrio e introspectivo na estreia da 2\u00aa temporada na HBO<\/a><\/strong><\/li>\n<\/ul>\n<h2><b>A saga de filmes <\/b><b><i>M\u00e1quina Mort\u00edfera<\/i><\/b><\/h2>\n<p>A <a href=\"https:\/\/www.filmelier.com\/br\/sagas-para-maratonar\">saga de filmes<\/a> M\u00e1quina Mort\u00edfera, que estreou em 1987, \u00e9 uma das franquias mais ic\u00f4nicas do cinema de a\u00e7\u00e3o. Com Mel Gibson interpretando o detetive Martin Riggs e Danny Glover como o detetive Roger Murtaugh, a franquia n\u00e3o apenas conquistou o p\u00fablico com sua mistura de humor, drama e adrenalina, mas tamb\u00e9m influenciou significativamente o g\u00eanero de a\u00e7\u00e3o.<\/p>\n<p>A qu\u00edmica entre os dois personagens principais \u00e9 central para o sucesso da franquia, mostrando como dois policiais com estilos e personalidades opostas podem se tornar uma equipe formid\u00e1vel. A saga \u00e9 composta por quatro filmes:<\/p>\n<h3><a href=\"https:\/\/www.filmelier.com\/br\/filmes\/25650\/maquina-mortifera\"><i>M\u00e1quina Mort\u00edfera<\/i> (1987)<\/a><\/h3>\n<p>O primeiro filme apresenta Riggs e Murtaugh investigando um suposto suic\u00eddio, mas que rapidamente evolui para uma perigosa trama envolvendo uma quadrilha de ex-militares traficantes. O vil\u00e3o Mr. Joshua, interpretado por Gary Busey, tornou-se um dos antagonistas mais memor\u00e1veis da franquia, Mr. Joshua (Gary Busey).<\/p>\n<p><iframe title=\"Lethal Weapon (1987) Official Trailer - Mel Gibson, Danny Glover Action Movie HD\" width=\"800\" height=\"450\" src=\"https:\/\/www.youtube.com\/embed\/bKeW-MGu-qQ?feature=oembed\" frameborder=\"0\" allow=\"accelerometer; autoplay; clipboard-write; encrypted-media; gyroscope; picture-in-picture; web-share\" referrerpolicy=\"strict-origin-when-cross-origin\" allowfullscreen><\/iframe><\/p>\n<h3><a href=\"https:\/\/www.filmelier.com\/br\/filmes\/96525\/maquina-mortifera-2\"><i>M\u00e1quina Mort\u00edfera 2<\/i> (1989)<\/a><\/h3>\n<p>Na sequ\u00eancia, a dupla enfrenta uma rede de traficantes de drogas protegidos por imunidade diplom\u00e1tica. O filme eleva o n\u00edvel da a\u00e7\u00e3o e consolida o tom da franquia, equilibrando sequ\u00eancias explosivas com o desenvolvimento emocional dos personagens.<\/p>\n<p><iframe title=\"Lethal Weapon 2 (1989) Official Trailer - Mel Gibson, Danny Glover Action Movie HD\" width=\"800\" height=\"450\" src=\"https:\/\/www.youtube.com\/embed\/ZbFE2P3tASI?feature=oembed\" frameborder=\"0\" allow=\"accelerometer; autoplay; clipboard-write; encrypted-media; gyroscope; picture-in-picture; web-share\" referrerpolicy=\"strict-origin-when-cross-origin\" allowfullscreen><\/iframe><\/p>\n<h3><a href=\"https:\/\/www.filmelier.com\/br\/filmes\/96439\/maquina-mortifera-3\"><i>M\u00e1quina Mort\u00edfera 3<\/i> (1992)<\/a><\/h3>\n<p>Neste terceiro cap\u00edtulo, os detetives precisam recuperar sua credibilidade ap\u00f3s um erro durante uma opera\u00e7\u00e3o. A trama ganha for\u00e7a com a introdu\u00e7\u00e3o da agente Lorna Cole (Rene Russo), que traz frescor e intensidade ao elenco principal. A rela\u00e7\u00e3o entre Riggs e Lorna tamb\u00e9m adiciona uma nova camada emocional ao filme.<\/p>\n<p><iframe title=\"Lethal Weapon 3 (1992) Official Trailer - Danny Glover, Mel Gibson Action Movie HD\" width=\"800\" height=\"450\" src=\"https:\/\/www.youtube.com\/embed\/PlJknryKpZs?feature=oembed\" frameborder=\"0\" allow=\"accelerometer; autoplay; clipboard-write; encrypted-media; gyroscope; picture-in-picture; web-share\" referrerpolicy=\"strict-origin-when-cross-origin\" allowfullscreen><\/iframe><\/p>\n<h3><a href=\"https:\/\/www.filmelier.com\/br\/filmes\/96459\/maquina-mortifera-4\"><i>M\u00e1quina Mort\u00edfera 4<\/i> (1998)<\/a><\/h3>\n<p>Fechando a quadrilogia, o quarto e \u00faltimo filme da s\u00e9rie original envolve a dupla em uma investiga\u00e7\u00e3o sobre tr\u00e1fico humano e crime organizado chin\u00eas. Com mais humor, a\u00e7\u00e3o coreografada e a participa\u00e7\u00e3o de Joe Pesci como Leo Getz e Rene Russo como Lorna, o longa entrega uma conclus\u00e3o cheia de carisma para a saga original.<\/p>\n<p><iframe title=\"Lethal Weapon 4 - Trailer #1\" width=\"800\" height=\"450\" src=\"https:\/\/www.youtube.com\/embed\/pi2cGmz9Q2A?feature=oembed\" frameborder=\"0\" allow=\"accelerometer; autoplay; clipboard-write; encrypted-media; gyroscope; picture-in-picture; web-share\" referrerpolicy=\"strict-origin-when-cross-origin\" allowfullscreen><\/iframe><\/p>\n<h3><b>A import\u00e2ncia do elenco de <\/b><b><i>M\u00e1quina Mort\u00edfera<\/i><\/b><\/h3>\n<p>O elenco da franquia de filmes <i>M\u00e1quina Mort\u00edfera<\/i> \u00e9 fundamental para o seu sucesso e impacto duradouro no cinema.<\/p>\n<p>A qu\u00edmica entre Mel Gibson e Danny Glover \u00e9 o cora\u00e7\u00e3o da franquia. A combina\u00e7\u00e3o de um policial impulsivo e emocionalmente inst\u00e1vel com outro mais conservador e familiar criou uma din\u00e2mica \u00fanica que capturou o p\u00fablico.<\/p>\n<p>A performance de Mel Gibson como Riggs trouxe uma profundidade emocional ao personagem, explorando temas de perda e reden\u00e7\u00e3o. Enquanto isso, Danny Glover, como Murtaugh, ofereceu um contraponto est\u00e1vel e familiar, criando um equil\u00edbrio que tornou a parceria entre os dois personagens memor\u00e1vel e cativante.<\/p>\n<p>Al\u00e9m disso, a adi\u00e7\u00e3o de Joe Pesci como Leo Getz nas sequ\u00eancias adicionou um toque de humor e leveza, complementando a a\u00e7\u00e3o intensa dos filmes.<\/p>\n<p>A saga tamb\u00e9m destacou a import\u00e2ncia da diversidade e da igualdade racial, apresentando uma parceria interracial sem recorrer a estere\u00f3tipos, o que foi inovador para a \u00e9poca. A qu\u00edmica entre os atores principais e o apoio dos personagens secund\u00e1rios, como Trish Murtaugh (Darlene Love) e Rianne Murtaugh (Traci Wolfe), contribu\u00edram para a riqueza emocional e a autenticidade da franquia.<\/p>\n<h2><b>Impacto cultural dos filmes da saga <\/b><b><i>M\u00e1quina Mort\u00edfera<\/i><\/b><\/h2>\n<p>Os filmes da saga <i>M\u00e1quina Mort\u00edfera<\/i> tiveram um impacto significativo na cultura popular, transcendendo o g\u00eanero de a\u00e7\u00e3o e influenciando outras \u00e1reas da m\u00eddia e da sociedade. A combina\u00e7\u00e3o de humor, drama e a\u00e7\u00e3o intensa criou uma f\u00f3rmula que foi amplamente imitada em filmes posteriores.<\/p>\n<h3><b>Influ\u00eancia no g\u00eanero de filmes de a\u00e7\u00e3o<\/b><\/h3>\n<p>A franquia <i>M\u00e1quina Mort\u00edfera<\/i> ajudou a definir o g\u00eanero de a\u00e7\u00e3o dos anos 80 e 90, influenciando filmes como <i>R\u00e1pido e Mortal<\/i> e <a href=\"https:\/\/www.filmelier.com\/br\/filmes\/17739\/duro-de-matar\"><i>Duro de Matar<\/i><\/a>.<\/p>\n<p>A parceria entre dois personagens com estilos opostos se tornou um modelo para outras duplas na tela, como em <i>Risco Duplo<\/i> e <i>48 Horas<\/i>.<\/p>\n<p>Al\u00e9m disso, a s\u00e9rie tamb\u00e9m inspirou uma nova gera\u00e7\u00e3o de diretores e roteiristas a explorar temas de amizade e parceria em contextos de alta tens\u00e3o.<\/p>\n<h3><b>Refer\u00eancias na cultura popular<\/b><\/h3>\n<p>A saga <i>M\u00e1quina Mort\u00edfera<\/i> \u00e9 frequentemente citada em outras obras de fic\u00e7\u00e3o, como s\u00e9ries de TV e filmes. Frases ic\u00f4nicas se tornaram parte do vocabul\u00e1rio popular. Al\u00e9m disso, a franquia foi parodiada em programas de com\u00e9dia e anima\u00e7\u00f5es, como <i>Os Simpsons<\/i> e <i>Family Guy<\/i>, mostrando sua presen\u00e7a duradoura na cultura popular.<\/p>\n<h3><b>Import\u00e2ncia da saga de filmes at\u00e9 hoje<\/b><\/h3>\n<p>Mesmo d\u00e9cadas ap\u00f3s o lan\u00e7amento do primeiro filme, a saga <i>M\u00e1quina Mort\u00edfera<\/i> continua relevante.<\/p>\n<p>A estreia da s\u00e9rie de TV em 2016, com Damon Wayans e Clayne Crawford, trouxe os personagens para uma nova gera\u00e7\u00e3o, adaptando a f\u00f3rmula cl\u00e1ssica para o contexto moderno. Isso demonstra que a ess\u00eancia da franquia \u2014 a combina\u00e7\u00e3o de a\u00e7\u00e3o, humor e desenvolvimento de personagens \u2014 permanece atraente para o p\u00fablico contempor\u00e2neo.<\/p>\n<p>A influ\u00eancia da franquia tamb\u00e9m pode ser vista na forma como ela aborda temas sociais, como a amizade inter-racial e a luta contra o crime organizado, de maneira que foi inovadora para a \u00e9poca. Hoje, esses temas continuam relevantes e s\u00e3o explorados em muitas outras s\u00e9ries e filmes, mostrando o legado duradouro da franquia M\u00e1quina Mort\u00edfera na cultura popular.<\/p>\n<ul>\n<li><strong>Leia tamb\u00e9m:\u00a0<a href=\"https:\/\/news.filmelier.com\/series-de-advogados\/\">As melhores s\u00e9ries de advogados &#8211; drama, justi\u00e7a e dilemas morais na tela!<\/a><\/strong><\/li>\n<\/ul>\n<h2><b>Onde assistir aos filmes de <\/b><b><i>M\u00e1quina Mort\u00edfera<\/i><\/b><b>?<\/b><\/h2>\n<p>Se voc\u00ea quer rever os cl\u00e1ssicos de a\u00e7\u00e3o estrelados por Mel Gibson e Danny Glover, os filmes da franquia <em>M\u00e1quina Mort\u00edfera<\/em> est\u00e3o amplamente dispon\u00edveis em servi\u00e7os de streaming e plataformas digitais. Veja onde encontrar cada t\u00edtulo:<\/p>\n<h3>Plataformas com os filmes dispon\u00edveis para streaming, aluguel ou compra<\/h3>\n<h4><a href=\"https:\/\/www.filmelier.com\/br\/streamings\/amazon-prime-video\">Amazon Prime Video<\/a><\/h4>\n<p>Com exce\u00e7\u00e3o do primeiro filme da franquia, todos os demais est\u00e3o dispon\u00edveis no cat\u00e1logo por assinatura do Prime Video.<\/p>\n<h4><a href=\"https:\/\/www.filmelier.com\/br\/streamings\/max\">Max<\/a><\/h4>\n<p>Todos os filmes da saga est\u00e3o dispon\u00edveis no streaming da Max. Saiba como assistir aos filmes na plataforma \u2014 inclusive com op\u00e7\u00f5es gratuitas.<\/p>\n<h4><a href=\"https:\/\/www.filmelier.com\/br\/streamings\/claro-tv-plus\">Claro TV+<\/a>, <a href=\"https:\/\/www.filmelier.com\/br\/streamings\/google-play\">Google Play Movies<\/a> e <a href=\"https:\/\/www.filmelier.com\/br\/streamings\/youtube\">YouTube<\/a><\/h4>\n<p>O primeiro filme de <em>M\u00e1quina Mort\u00edfera<\/em> est\u00e1 dispon\u00edvel sob demanda na Claro TV+, no Google Play Movies e no YouTube, para compra ou aluguel.<\/p>\n<h4><a href=\"https:\/\/www.filmelier.com\/br\/streamings\/apple-tv\">Apple TV<\/a><\/h4>\n<p>Os dois primeiros filmes da franquia est\u00e3o dispon\u00edvel para compra ou aluguel via Apple TV.<\/p>\n<h4><a href=\"https:\/\/www.filmelier.com\/br\/streamings\/amazon-prime-video-store\">Amazon Video \/ Prime Video Store<\/a><\/h4>\n<p>Todos os filmes podem ser alugados ou comprados individualmente.<\/p>\n<p>Dica do Filmelier: visite <a href=\"https:\/\/www.filmelier.com\/br\/list\/maquina-mortifera-onde-assistir-a-saga-completa-online\">nossa lista de curadoria da saga\u00a0<em>M\u00e1quina Mort\u00edfera<\/em><\/a>\u00a0para conferir onde assistir com links atualizados de streaming, aluguel e compra.<\/p>\n<h3><b>Onde assistir a s\u00e9rie <\/b><b><i>M\u00e1quina Mort\u00edfera<\/i><\/b><b> de 2016?<\/b><\/h3>\n<figure id=\"attachment_44166\" aria-describedby=\"caption-attachment-44166\" style=\"width: 1280px\" class=\"wp-caption alignnone\"><img fetchpriority=\"high\" decoding=\"async\" class=\"wp-image-44166 size-full\" src=\"https:\/\/news.filmelier.com\/wp-content\/uploads\/2025\/04\/maquina-mortifera-serie-de-tv.jpg\" alt=\"S\u00e9rie de tv M\u00e1quina Mort\u00edfera, estrelada por Damon Wayans e Clayne Crawford, est\u00e1 dispon\u00edvel com exclusividade no Adrenalina Pura+\" width=\"1280\" height=\"720\" srcset=\"https:\/\/news.filmelier.com\/wp-content\/uploads\/2025\/04\/maquina-mortifera-serie-de-tv.jpg 1280w, https:\/\/news.filmelier.com\/wp-content\/uploads\/2025\/04\/maquina-mortifera-serie-de-tv-300x169.jpg 300w, https:\/\/news.filmelier.com\/wp-content\/uploads\/2025\/04\/maquina-mortifera-serie-de-tv-1024x576.jpg 1024w, https:\/\/news.filmelier.com\/wp-content\/uploads\/2025\/04\/maquina-mortifera-serie-de-tv-768x432.jpg 768w, https:\/\/news.filmelier.com\/wp-content\/uploads\/2025\/04\/maquina-mortifera-serie-de-tv-150x84.jpg 150w\" sizes=\"(max-width: 1280px) 100vw, 1280px\" \/><figcaption id=\"caption-attachment-44166\" class=\"wp-caption-text\"><em>S\u00e9rie de tv M\u00e1quina Mort\u00edfera, estrelada por Damon Wayans e Clayne Crawford, est\u00e1 dispon\u00edvel com exclusividade no Adrenalina Pura+ (Cr\u00e9dito: Sof\u00e1 Digital)<\/em><\/figcaption><\/figure>\n<p>A s\u00e9rie de TV <i>M\u00e1quina Mort\u00edfera<\/i>, baseada nos filmes, estrelada por Damon Wayans e Clayne Crawford, est\u00e1 dispon\u00edvel exclusivamente no <a href=\"https:\/\/www.adrenalinapura.com\/\">Adrenalina Pura+<\/a>, via <a href=\"https:\/\/www.primevideo.com\/storefront\/ref=atv_hm_sto_5_c_tkySza_A47vgr_4_9?tag=sofadigital-20&amp;contentType=subscription&amp;contentId=adrenalinapurabr&amp;benefitId=adrenalinapurabr\">Prime Video<\/a> ou <a href=\"https:\/\/www.filmelier.com\/br\/checkout?id_filme=96468&amp;tipo=plataforma&amp;id_checkout=29\">Apple TV<\/a>.<\/p>\n<ul>\n<li><strong>Saiba mais: <a href=\"https:\/\/news.filmelier.com\/maquina-mortifera-serie\/\"><em>M\u00e1quina Mort\u00edfera &#8211;<\/em>\u00a0Tudo sobre a s\u00e9rie no Adrenalina Pura+<\/a><\/strong><\/li>\n<\/ul>\n<h4><b>Por que o Riggs saiu do <\/b><b><i>M\u00e1quina Mort\u00edfera<\/i><\/b><b>?<\/b><\/h4>\n<p>A sa\u00edda do personagem Martin Riggs da s\u00e9rie de TV <i>M\u00e1quina Mort\u00edfera<\/i> foi um evento marcante e controverso. O ator Clayne Crawford, que interpretava Riggs, foi demitido da s\u00e9rie ap\u00f3s a segunda temporada devido a problemas de comportamento no set de filmagens.<\/p>\n<p>Crawford foi acusado de criar um ambiente hostil de trabalho, com relatos de comportamento abusivo e incidentes espec\u00edficos, como uma explos\u00e3o durante uma cena que atingiu o colega Damon Wayans, que interpretava Roger Murtaugh. Esses incidentes levaram a uma tens\u00e3o significativa entre Crawford e Wayans, al\u00e9m de outros membros da equipe.<\/p>\n<p>A demiss\u00e3o de Crawford foi um passo necess\u00e1rio para a continuidade da s\u00e9rie, que precisava resolver a situa\u00e7\u00e3o para garantir a renova\u00e7\u00e3o para uma terceira temporada. A sa\u00edda do personagem foi dram\u00e1tica, com Riggs sendo morto na trama para dar lugar a um novo personagem, interpretado por Seann William Scott, que entrou na s\u00e9rie como o irm\u00e3o de Riggs.<\/p>\n<p>A decis\u00e3o de matar o personagem em vez de simplesmente remov\u00ea-lo da trama foi criticada por f\u00e3s, que sentiram que a sa\u00edda poderia ter sido feita de forma menos dr\u00e1stica. No entanto, a escolha permitiu que a s\u00e9rie continuasse sem a necessidade de reescrever o personagem ou manter a tens\u00e3o entre os atores principais.<\/p>\n<p><iframe title=\"Maquina Mortifera - 1\u00aa Temporada Trailer Oficial\" width=\"800\" height=\"450\" src=\"https:\/\/www.youtube.com\/embed\/3QE3mhqJhlU?feature=oembed\" frameborder=\"0\" allow=\"accelerometer; autoplay; clipboard-write; encrypted-media; gyroscope; picture-in-picture; web-share\" referrerpolicy=\"strict-origin-when-cross-origin\" allowfullscreen><\/iframe><\/p>\n<ul>\n<li><strong>Pode te interessar:\u00a0<\/strong><a href=\"https:\/\/news.filmelier.com\/seconds-serie-suspense-nordico-adrenalina-pura\/\"><strong>Conhe\u00e7a <em>Seconds<\/em>,\u00a0s\u00e9rie thriller n\u00f3rdica que acaba de chegar ao Adrenalina Pura+<\/strong><\/a><\/li>\n<\/ul>\n<h2><b>Quando vai estrear <\/b><b><i>M\u00e1quina Mort\u00edfera 5<\/i><\/b><b>?<\/b><\/h2>\n<p>Sim, <i>M\u00e1quina Mort\u00edfera 5<\/i> est\u00e1 em desenvolvimento, com Mel Gibson confirmado como diretor e ator principal ao lado de Danny Glover.<\/p>\n<p>O roteiro do filme j\u00e1 est\u00e1 finalizado, mas a produ\u00e7\u00e3o enfrenta desafios para avan\u00e7ar devido a mudan\u00e7as na Warner Bros. e outros obst\u00e1culos, fazendo com que o filme ainda n\u00e3o tenha uma data definida.<\/p>\n<p>Ap\u00f3s a morte do diretor original, Richard Donner, em 2021, Gibson assumiu o compromisso de dirigir o quinto filme da franquia, como um tributo ao seu amigo e mentor.<\/p>\n<h2><b>O legado de\u00a0<em>M\u00e1quina Mort\u00edfera<\/em> no cinema de a\u00e7\u00e3o<\/b><\/h2>\n<p>A saga de filmes <i>M\u00e1quina Mort\u00edfera<\/i> deixou uma marca duradoura no cinema de a\u00e7\u00e3o, combinando humor, drama e adrenalina de forma inovadora.<\/p>\n<p>Com Mel Gibson e Danny Glover no elenco principal, a franquia conquistou o cora\u00e7\u00e3o do p\u00fablico e influenciou significativamente o g\u00eanero de a\u00e7\u00e3o. A qu\u00edmica entre os personagens principais, Martin Riggs e Roger Murtaugh, tornou-se ic\u00f4nica, e a franquia continua relevante at\u00e9 hoje, inspirando novas gera\u00e7\u00f5es de f\u00e3s.<\/p>\n<p>A influ\u00eancia cultural dos filmes pode ser vista em refer\u00eancias na cultura popular, desde par\u00f3dias em s\u00e9ries de TV at\u00e9 inspira\u00e7\u00f5es em filmes posteriores. Al\u00e9m disso, a estreia da s\u00e9rie de TV em 2016 trouxe os personagens para um contexto moderno, mostrando que a ess\u00eancia da franquia permanece atraente.<\/p>\n<p>Para quem deseja reviver esses cl\u00e1ssicos ou descobrir a franquia pela primeira vez, os filmes est\u00e3o dispon\u00edveis em v\u00e1rias plataformas de streaming.<\/p>\n<p>Se voc\u00ea est\u00e1 ansioso para saber mais sobre o mundo do cinema e as \u00faltimas novidades sobre franquias ic\u00f4nicas como M\u00e1quina Mort\u00edfera, visite o <a href=\"https:\/\/www.filmelier.com\/br\">Filmelier<\/a> para explorar an\u00e1lises, cr\u00edticas e not\u00edcias sobre o mundo cinematogr\u00e1fico.<\/p>\n","protected":false},"excerpt":{"rendered":"<p>Descubra como a saga M\u00e1quina Mort\u00edfera  influenciou o g\u00eanero de a\u00e7\u00e3o e continua relevante hoje. Conhe\u00e7a os filmes da franquia e onde assisti-los<\/p>\n","protected":false},"author":14,"featured_media":49647,"comment_status":"open","ping_status":"open","sticky":false,"template":"","format":"standard","meta":{"_acf_changed":false,"footnotes":""},"categories":[3482,3492],"tags":[3505,3910,3911,3912,3913,3914,3915,3916,3585],"class_list":["post-49646","post","type-post","status-publish","format-standard","has-post-thumbnail","hentry","category-filmes-br","category-series-novelas-br","tag-adrenalina-pura-br","tag-clayne-crawford-br","tag-damon-wayans-br","tag-danny-glover-br","tag-lethal-weapon-br","tag-maquina-mortifera-br","tag-mel-gibson-br","tag-seann-william-scott-br","tag-serie-br"],"acf":{"subtitulo":"Descubra como a saga M\u00e1quina Mort\u00edfera  influenciou o g\u00eanero de a\u00e7\u00e3o e continua relevante hoje. Conhe\u00e7a os filmes da franquia e onde assisti-los","id_ator":""},"yoast_head":"<!-- This site is optimized with the Yoast SEO plugin v26.1.1 - https:\/\/yoast.com\/wordpress\/plugins\/seo\/ -->\n<title>M\u00e1quina Mort\u00edfera e a revolu\u00e7\u00e3o do cinema de a\u00e7\u00e3o | Filmelier<\/title>\n<meta name=\"description\" content=\"Descubra como a saga M\u00e1quina Mort\u00edfera influenciou o g\u00eanero de a\u00e7\u00e3o e continua relevante hoje. Conhe\u00e7a os filmes da franquia e onde assisti-los\" \/>\n<meta name=\"robots\" content=\"index, follow, max-snippet:-1, max-image-preview:large, max-video-preview:-1\" \/>\n<link rel=\"canonical\" href=\"https:\/\/news.filmelier.com\/br\/saga-e-serie-maquina-mortifera\/\" \/>\n<meta property=\"og:locale\" content=\"pt_BR\" \/>\n<meta property=\"og:type\" content=\"article\" \/>\n<meta property=\"og:title\" content=\"M\u00e1quina Mort\u00edfera e a revolu\u00e7\u00e3o do cinema de a\u00e7\u00e3o | Filmelier\" \/>\n<meta property=\"og:description\" content=\"Descubra como a saga M\u00e1quina Mort\u00edfera influenciou o g\u00eanero de a\u00e7\u00e3o e continua relevante hoje. Conhe\u00e7a os filmes da franquia e onde assisti-los\" \/>\n<meta property=\"og:url\" content=\"https:\/\/news.filmelier.com\/br\/saga-e-serie-maquina-mortifera\/\" \/>\n<meta property=\"og:site_name\" content=\"News Filmelier\" \/>\n<meta property=\"article:published_time\" content=\"2025-04-15T20:56:32+00:00\" \/>\n<meta property=\"article:modified_time\" content=\"2025-06-09T03:38:53+00:00\" \/>\n<meta property=\"og:image\" content=\"https:\/\/homolog.news.filmelier.com\/wp-content\/uploads\/2025\/04\/maquina-mortifera-danny-glover-mel-gibson.webp\" \/>\n\t<meta property=\"og:image:width\" content=\"1286\" \/>\n\t<meta property=\"og:image:height\" content=\"723\" \/>\n\t<meta property=\"og:image:type\" content=\"image\/webp\" \/>\n<meta name=\"author\" content=\"Reda\u00e7\u00e3o Filmelier\" \/>\n<meta name=\"twitter:card\" content=\"summary_large_image\" \/>\n<meta name=\"twitter:label1\" content=\"Escrito por\" \/>\n\t<meta name=\"twitter:data1\" content=\"Reda\u00e7\u00e3o Filmelier\" \/>\n\t<meta name=\"twitter:label2\" content=\"Est. tempo de leitura\" \/>\n\t<meta name=\"twitter:data2\" content=\"11 minutos\" \/>\n<script type=\"application\/ld+json\" class=\"yoast-schema-graph\">{\"@context\":\"https:\/\/schema.org\",\"@graph\":[{\"@type\":\"Article\",\"@id\":\"https:\/\/news.filmelier.com\/br\/saga-e-serie-maquina-mortifera\/#article\",\"isPartOf\":{\"@id\":\"https:\/\/news.filmelier.com\/br\/saga-e-serie-maquina-mortifera\/\"},\"author\":{\"name\":\"Reda\u00e7\u00e3o Filmelier\",\"@id\":\"https:\/\/homolog.news.filmelier.com\/br\/#\/schema\/person\/a6491aa555ce96d9d1cc15f1742dbd7b\"},\"headline\":\"&#8216;M\u00e1quina Mort\u00edfera&#8217;: a s\u00e9rie de filmes que revolucionou o cinema de a\u00e7\u00e3o\",\"datePublished\":\"2025-04-15T20:56:32+00:00\",\"dateModified\":\"2025-06-09T03:38:53+00:00\",\"mainEntityOfPage\":{\"@id\":\"https:\/\/news.filmelier.com\/br\/saga-e-serie-maquina-mortifera\/\"},\"wordCount\":2050,\"commentCount\":0,\"publisher\":{\"@id\":\"https:\/\/homolog.news.filmelier.com\/br\/#organization\"},\"image\":{\"@id\":\"https:\/\/news.filmelier.com\/br\/saga-e-serie-maquina-mortifera\/#primaryimage\"},\"thumbnailUrl\":\"https:\/\/news.filmelier.com\/wp-content\/uploads\/2025\/04\/maquina-mortifera-danny-glover-mel-gibson.webp\",\"keywords\":[\"Adrenalina Pura\",\"Clayne Crawford\",\"Damon Wayans\",\"Danny Glover\",\"Lethal Weapon\",\"M\u00e1quina Mort\u00edfera\",\"Mel Gibson\",\"Seann William Scott\",\"s\u00e9rie\"],\"articleSection\":[\"Filmes\",\"S\u00e9ries e Novelas\"],\"inLanguage\":\"pt-BR\",\"potentialAction\":[{\"@type\":\"CommentAction\",\"name\":\"Comment\",\"target\":[\"https:\/\/news.filmelier.com\/br\/saga-e-serie-maquina-mortifera\/#respond\"]}]},{\"@type\":\"WebPage\",\"@id\":\"https:\/\/news.filmelier.com\/br\/saga-e-serie-maquina-mortifera\/\",\"url\":\"https:\/\/news.filmelier.com\/br\/saga-e-serie-maquina-mortifera\/\",\"name\":\"M\u00e1quina Mort\u00edfera e a revolu\u00e7\u00e3o do cinema de a\u00e7\u00e3o | Filmelier\",\"isPartOf\":{\"@id\":\"https:\/\/homolog.news.filmelier.com\/br\/#website\"},\"primaryImageOfPage\":{\"@id\":\"https:\/\/news.filmelier.com\/br\/saga-e-serie-maquina-mortifera\/#primaryimage\"},\"image\":{\"@id\":\"https:\/\/news.filmelier.com\/br\/saga-e-serie-maquina-mortifera\/#primaryimage\"},\"thumbnailUrl\":\"https:\/\/news.filmelier.com\/wp-content\/uploads\/2025\/04\/maquina-mortifera-danny-glover-mel-gibson.webp\",\"datePublished\":\"2025-04-15T20:56:32+00:00\",\"dateModified\":\"2025-06-09T03:38:53+00:00\",\"description\":\"Descubra como a saga M\u00e1quina Mort\u00edfera influenciou o g\u00eanero de a\u00e7\u00e3o e continua relevante hoje. Conhe\u00e7a os filmes da franquia e onde assisti-los\",\"breadcrumb\":{\"@id\":\"https:\/\/news.filmelier.com\/br\/saga-e-serie-maquina-mortifera\/#breadcrumb\"},\"inLanguage\":\"pt-BR\",\"potentialAction\":[{\"@type\":\"ReadAction\",\"target\":[\"https:\/\/news.filmelier.com\/br\/saga-e-serie-maquina-mortifera\/\"]}]},{\"@type\":\"ImageObject\",\"inLanguage\":\"pt-BR\",\"@id\":\"https:\/\/news.filmelier.com\/br\/saga-e-serie-maquina-mortifera\/#primaryimage\",\"url\":\"https:\/\/news.filmelier.com\/wp-content\/uploads\/2025\/04\/maquina-mortifera-danny-glover-mel-gibson.webp\",\"contentUrl\":\"https:\/\/news.filmelier.com\/wp-content\/uploads\/2025\/04\/maquina-mortifera-danny-glover-mel-gibson.webp\",\"width\":1286,\"height\":723,\"caption\":\"Danny Glover como o detetive Roger Murtaugh e Mel Gibson como o detetive Martin Riggs (Cr\u00e9ditos: TMDb)\"},{\"@type\":\"BreadcrumbList\",\"@id\":\"https:\/\/news.filmelier.com\/br\/saga-e-serie-maquina-mortifera\/#breadcrumb\",\"itemListElement\":[{\"@type\":\"ListItem\",\"position\":1,\"name\":\"In\u00edcio\",\"item\":\"https:\/\/homolog.news.filmelier.com\/br\/\"},{\"@type\":\"ListItem\",\"position\":2,\"name\":\"&#8216;M\u00e1quina Mort\u00edfera&#8217;: a s\u00e9rie de filmes que revolucionou o cinema de a\u00e7\u00e3o\"}]},{\"@type\":\"WebSite\",\"@id\":\"https:\/\/homolog.news.filmelier.com\/br\/#website\",\"url\":\"https:\/\/homolog.news.filmelier.com\/br\/\",\"name\":\"Homolog Filmelier News Rankrup\",\"description\":\"\",\"publisher\":{\"@id\":\"https:\/\/homolog.news.filmelier.com\/br\/#organization\"},\"potentialAction\":[{\"@type\":\"SearchAction\",\"target\":{\"@type\":\"EntryPoint\",\"urlTemplate\":\"https:\/\/homolog.news.filmelier.com\/br\/?s={search_term_string}\"},\"query-input\":{\"@type\":\"PropertyValueSpecification\",\"valueRequired\":true,\"valueName\":\"search_term_string\"}}],\"inLanguage\":\"pt-BR\"},{\"@type\":\"Organization\",\"@id\":\"https:\/\/homolog.news.filmelier.com\/br\/#organization\",\"name\":\"Homolog Filmelier News Rankrup\",\"url\":\"https:\/\/homolog.news.filmelier.com\/br\/\",\"logo\":{\"@type\":\"ImageObject\",\"inLanguage\":\"pt-BR\",\"@id\":\"https:\/\/homolog.news.filmelier.com\/br\/#\/schema\/logo\/image\/\",\"url\":\"https:\/\/news.filmelier.com\/wp-content\/uploads\/2024\/11\/Logo-News.png\",\"contentUrl\":\"https:\/\/news.filmelier.com\/wp-content\/uploads\/2024\/11\/Logo-News.png\",\"width\":460,\"height\":108,\"caption\":\"Homolog Filmelier News Rankrup\"},\"image\":{\"@id\":\"https:\/\/homolog.news.filmelier.com\/br\/#\/schema\/logo\/image\/\"}},{\"@type\":\"Person\",\"@id\":\"https:\/\/homolog.news.filmelier.com\/br\/#\/schema\/person\/a6491aa555ce96d9d1cc15f1742dbd7b\",\"name\":\"Reda\u00e7\u00e3o Filmelier\",\"image\":{\"@type\":\"ImageObject\",\"inLanguage\":\"pt-BR\",\"@id\":\"https:\/\/homolog.news.filmelier.com\/br\/#\/schema\/person\/image\/\",\"url\":\"https:\/\/secure.gravatar.com\/avatar\/8bf80419447553f32d821a953683c4666faca8d781f143825a02644ae3f7e2d0?s=96&d=mm&r=g\",\"contentUrl\":\"https:\/\/secure.gravatar.com\/avatar\/8bf80419447553f32d821a953683c4666faca8d781f143825a02644ae3f7e2d0?s=96&d=mm&r=g\",\"caption\":\"Reda\u00e7\u00e3o Filmelier\"},\"description\":\"Somos um time de jornalistas e cr\u00edticos que respira cinema a 24 quadros por segundo. Das estreias do circuito aos cl\u00e1ssicos restaurados, da curadoria em streamings \u00e0s entrevistas nos bastidores, nossa reda\u00e7\u00e3o transforma filmes em conte\u00fado inteligente \u2014 com an\u00e1lises afiadas, guias pr\u00e1ticos e hist\u00f3rias que fazem voc\u00ea ver a s\u00e9tima arte com outros olhos. Aqui no Filmelier, cinema n\u00e3o \u00e9 s\u00f3 lazer: \u00e9 of\u00edcio, \u00e9 expertise, \u00e9 paix\u00e3o em forma de texto.\",\"url\":\"https:\/\/news.filmelier.com\/br\/author\/contato-filmelier\/\"}]}<\/script>\n<!-- \/ Yoast SEO plugin. -->","yoast_head_json":{"title":"M\u00e1quina Mort\u00edfera e a revolu\u00e7\u00e3o do cinema de a\u00e7\u00e3o | Filmelier","description":"Descubra como a saga M\u00e1quina Mort\u00edfera influenciou o g\u00eanero de a\u00e7\u00e3o e continua relevante hoje. Conhe\u00e7a os filmes da franquia e onde assisti-los","robots":{"index":"index","follow":"follow","max-snippet":"max-snippet:-1","max-image-preview":"max-image-preview:large","max-video-preview":"max-video-preview:-1"},"canonical":"https:\/\/news.filmelier.com\/br\/saga-e-serie-maquina-mortifera\/","og_locale":"pt_BR","og_type":"article","og_title":"M\u00e1quina Mort\u00edfera e a revolu\u00e7\u00e3o do cinema de a\u00e7\u00e3o | Filmelier","og_description":"Descubra como a saga M\u00e1quina Mort\u00edfera influenciou o g\u00eanero de a\u00e7\u00e3o e continua relevante hoje. Conhe\u00e7a os filmes da franquia e onde assisti-los","og_url":"https:\/\/news.filmelier.com\/br\/saga-e-serie-maquina-mortifera\/","og_site_name":"News Filmelier","article_published_time":"2025-04-15T20:56:32+00:00","article_modified_time":"2025-06-09T03:38:53+00:00","og_image":[{"width":1286,"height":723,"url":"https:\/\/homolog.news.filmelier.com\/wp-content\/uploads\/2025\/04\/maquina-mortifera-danny-glover-mel-gibson.webp","type":"image\/webp"}],"author":"Reda\u00e7\u00e3o Filmelier","twitter_card":"summary_large_image","twitter_misc":{"Escrito por":"Reda\u00e7\u00e3o Filmelier","Est. tempo de leitura":"11 minutos"},"schema":{"@context":"https:\/\/schema.org","@graph":[{"@type":"Article","@id":"https:\/\/news.filmelier.com\/br\/saga-e-serie-maquina-mortifera\/#article","isPartOf":{"@id":"https:\/\/news.filmelier.com\/br\/saga-e-serie-maquina-mortifera\/"},"author":{"name":"Reda\u00e7\u00e3o Filmelier","@id":"https:\/\/homolog.news.filmelier.com\/br\/#\/schema\/person\/a6491aa555ce96d9d1cc15f1742dbd7b"},"headline":"&#8216;M\u00e1quina Mort\u00edfera&#8217;: a s\u00e9rie de filmes que revolucionou o cinema de a\u00e7\u00e3o","datePublished":"2025-04-15T20:56:32+00:00","dateModified":"2025-06-09T03:38:53+00:00","mainEntityOfPage":{"@id":"https:\/\/news.filmelier.com\/br\/saga-e-serie-maquina-mortifera\/"},"wordCount":2050,"commentCount":0,"publisher":{"@id":"https:\/\/homolog.news.filmelier.com\/br\/#organization"},"image":{"@id":"https:\/\/news.filmelier.com\/br\/saga-e-serie-maquina-mortifera\/#primaryimage"},"thumbnailUrl":"https:\/\/news.filmelier.com\/wp-content\/uploads\/2025\/04\/maquina-mortifera-danny-glover-mel-gibson.webp","keywords":["Adrenalina Pura","Clayne Crawford","Damon Wayans","Danny Glover","Lethal Weapon","M\u00e1quina Mort\u00edfera","Mel Gibson","Seann William Scott","s\u00e9rie"],"articleSection":["Filmes","S\u00e9ries e Novelas"],"inLanguage":"pt-BR","potentialAction":[{"@type":"CommentAction","name":"Comment","target":["https:\/\/news.filmelier.com\/br\/saga-e-serie-maquina-mortifera\/#respond"]}]},{"@type":"WebPage","@id":"https:\/\/news.filmelier.com\/br\/saga-e-serie-maquina-mortifera\/","url":"https:\/\/news.filmelier.com\/br\/saga-e-serie-maquina-mortifera\/","name":"M\u00e1quina Mort\u00edfera e a revolu\u00e7\u00e3o do cinema de a\u00e7\u00e3o | Filmelier","isPartOf":{"@id":"https:\/\/homolog.news.filmelier.com\/br\/#website"},"primaryImageOfPage":{"@id":"https:\/\/news.filmelier.com\/br\/saga-e-serie-maquina-mortifera\/#primaryimage"},"image":{"@id":"https:\/\/news.filmelier.com\/br\/saga-e-serie-maquina-mortifera\/#primaryimage"},"thumbnailUrl":"https:\/\/news.filmelier.com\/wp-content\/uploads\/2025\/04\/maquina-mortifera-danny-glover-mel-gibson.webp","datePublished":"2025-04-15T20:56:32+00:00","dateModified":"2025-06-09T03:38:53+00:00","description":"Descubra como a saga M\u00e1quina Mort\u00edfera influenciou o g\u00eanero de a\u00e7\u00e3o e continua relevante hoje. Conhe\u00e7a os filmes da franquia e onde assisti-los","breadcrumb":{"@id":"https:\/\/news.filmelier.com\/br\/saga-e-serie-maquina-mortifera\/#breadcrumb"},"inLanguage":"pt-BR","potentialAction":[{"@type":"ReadAction","target":["https:\/\/news.filmelier.com\/br\/saga-e-serie-maquina-mortifera\/"]}]},{"@type":"ImageObject","inLanguage":"pt-BR","@id":"https:\/\/news.filmelier.com\/br\/saga-e-serie-maquina-mortifera\/#primaryimage","url":"https:\/\/news.filmelier.com\/wp-content\/uploads\/2025\/04\/maquina-mortifera-danny-glover-mel-gibson.webp","contentUrl":"https:\/\/news.filmelier.com\/wp-content\/uploads\/2025\/04\/maquina-mortifera-danny-glover-mel-gibson.webp","width":1286,"height":723,"caption":"Danny Glover como o detetive Roger Murtaugh e Mel Gibson como o detetive Martin Riggs (Cr\u00e9ditos: TMDb)"},{"@type":"BreadcrumbList","@id":"https:\/\/news.filmelier.com\/br\/saga-e-serie-maquina-mortifera\/#breadcrumb","itemListElement":[{"@type":"ListItem","position":1,"name":"In\u00edcio","item":"https:\/\/homolog.news.filmelier.com\/br\/"},{"@type":"ListItem","position":2,"name":"&#8216;M\u00e1quina Mort\u00edfera&#8217;: a s\u00e9rie de filmes que revolucionou o cinema de a\u00e7\u00e3o"}]},{"@type":"WebSite","@id":"https:\/\/homolog.news.filmelier.com\/br\/#website","url":"https:\/\/homolog.news.filmelier.com\/br\/","name":"Homolog Filmelier News Rankrup","description":"","publisher":{"@id":"https:\/\/homolog.news.filmelier.com\/br\/#organization"},"potentialAction":[{"@type":"SearchAction","target":{"@type":"EntryPoint","urlTemplate":"https:\/\/homolog.news.filmelier.com\/br\/?s={search_term_string}"},"query-input":{"@type":"PropertyValueSpecification","valueRequired":true,"valueName":"search_term_string"}}],"inLanguage":"pt-BR"},{"@type":"Organization","@id":"https:\/\/homolog.news.filmelier.com\/br\/#organization","name":"Homolog Filmelier News Rankrup","url":"https:\/\/homolog.news.filmelier.com\/br\/","logo":{"@type":"ImageObject","inLanguage":"pt-BR","@id":"https:\/\/homolog.news.filmelier.com\/br\/#\/schema\/logo\/image\/","url":"https:\/\/news.filmelier.com\/wp-content\/uploads\/2024\/11\/Logo-News.png","contentUrl":"https:\/\/news.filmelier.com\/wp-content\/uploads\/2024\/11\/Logo-News.png","width":460,"height":108,"caption":"Homolog Filmelier News Rankrup"},"image":{"@id":"https:\/\/homolog.news.filmelier.com\/br\/#\/schema\/logo\/image\/"}},{"@type":"Person","@id":"https:\/\/homolog.news.filmelier.com\/br\/#\/schema\/person\/a6491aa555ce96d9d1cc15f1742dbd7b","name":"Reda\u00e7\u00e3o Filmelier","image":{"@type":"ImageObject","inLanguage":"pt-BR","@id":"https:\/\/homolog.news.filmelier.com\/br\/#\/schema\/person\/image\/","url":"https:\/\/secure.gravatar.com\/avatar\/8bf80419447553f32d821a953683c4666faca8d781f143825a02644ae3f7e2d0?s=96&d=mm&r=g","contentUrl":"https:\/\/secure.gravatar.com\/avatar\/8bf80419447553f32d821a953683c4666faca8d781f143825a02644ae3f7e2d0?s=96&d=mm&r=g","caption":"Reda\u00e7\u00e3o Filmelier"},"description":"Somos um time de jornalistas e cr\u00edticos que respira cinema a 24 quadros por segundo. Das estreias do circuito aos cl\u00e1ssicos restaurados, da curadoria em streamings \u00e0s entrevistas nos bastidores, nossa reda\u00e7\u00e3o transforma filmes em conte\u00fado inteligente \u2014 com an\u00e1lises afiadas, guias pr\u00e1ticos e hist\u00f3rias que fazem voc\u00ea ver a s\u00e9tima arte com outros olhos. Aqui no Filmelier, cinema n\u00e3o \u00e9 s\u00f3 lazer: \u00e9 of\u00edcio, \u00e9 expertise, \u00e9 paix\u00e3o em forma de texto.","url":"https:\/\/news.filmelier.com\/br\/author\/contato-filmelier\/"}]}},"_links":{"self":[{"href":"https:\/\/news.filmelier.com\/br\/wp-json\/wp\/v2\/posts\/49646","targetHints":{"allow":["GET"]}}],"collection":[{"href":"https:\/\/news.filmelier.com\/br\/wp-json\/wp\/v2\/posts"}],"about":[{"href":"https:\/\/news.filmelier.com\/br\/wp-json\/wp\/v2\/types\/post"}],"author":[{"embeddable":true,"href":"https:\/\/news.filmelier.com\/br\/wp-json\/wp\/v2\/users\/14"}],"replies":[{"embeddable":true,"href":"https:\/\/news.filmelier.com\/br\/wp-json\/wp\/v2\/comments?post=49646"}],"version-history":[{"count":1,"href":"https:\/\/news.filmelier.com\/br\/wp-json\/wp\/v2\/posts\/49646\/revisions"}],"predecessor-version":[{"id":51625,"href":"https:\/\/news.filmelier.com\/br\/wp-json\/wp\/v2\/posts\/49646\/revisions\/51625"}],"wp:featuredmedia":[{"embeddable":true,"href":"https:\/\/news.filmelier.com\/br\/wp-json\/wp\/v2\/media\/49647"}],"wp:attachment":[{"href":"https:\/\/news.filmelier.com\/br\/wp-json\/wp\/v2\/media?parent=49646"}],"wp:term":[{"taxonomy":"category","embeddable":true,"href":"https:\/\/news.filmelier.com\/br\/wp-json\/wp\/v2\/categories?post=49646"},{"taxonomy":"post_tag","embeddable":true,"href":"https:\/\/news.filmelier.com\/br\/wp-json\/wp\/v2\/tags?post=49646"}],"curies":[{"name":"wp","href":"https:\/\/api.w.org\/{rel}","templated":true}]}}