{"id":49567,"date":"2025-05-12T19:43:08","date_gmt":"2025-05-12T22:43:08","guid":{"rendered":"https:\/\/news.filmelier.com\/the-last-of-us-critica-temporada-2-episodio-5\/"},"modified":"2025-06-09T00:23:17","modified_gmt":"2025-06-09T03:23:17","slug":"the-last-of-us-critica-temporada-2-episodio-5","status":"publish","type":"post","link":"https:\/\/news.filmelier.com\/br\/the-last-of-us-critica-temporada-2-episodio-5\/","title":{"rendered":"&#8216;The Last of Us&#8217;: Quinto epis\u00f3dio da 2\u00aa temporada brilha em cenas de a\u00e7\u00e3o mas roteiro falha com Ellie"},"content":{"rendered":"<p>O quinto epis\u00f3dio de <i>The Last of Us<\/i>, intitulado <em>It&#8217;s in the Air<\/em>, marca uma nova virada para a s\u00e9rie da Max. Com ambienta\u00e7\u00e3o claustrof\u00f3bica, ritmo acelerado e cenas fortes de confronto, o cap\u00edtulo retoma o horror f\u00edsico caracter\u00edstico dos jogos, ao mesmo tempo em que mergulha na escalada moral de Ellie rumo \u00e0 escurid\u00e3o. No entanto, apesar do alto valor de produ\u00e7\u00e3o, o epis\u00f3dio tamb\u00e9m escancara falhas de atua\u00e7\u00e3o e roteiro que comprometem seu impacto. Leia abaixo a cr\u00edtica completa do <a href=\"https:\/\/www.filmelier.com\/br\">Filmelier<\/a> e confira <a href=\"https:\/\/news.filmelier.com\/assistir-online-serie-the-last-of-us\/\">como assistir \u00e0 s\u00e9rie com op\u00e7\u00f5es gratuitas<\/a>.<\/p>\n<p><iframe title=\"The Last of Us Temporada 2 | Pr\u00e9via Epis\u00f3dio 5 | Max\" width=\"800\" height=\"450\" src=\"https:\/\/www.youtube.com\/embed\/rx0RrTnwFsI?feature=oembed\" frameborder=\"0\" allow=\"accelerometer; autoplay; clipboard-write; encrypted-media; gyroscope; picture-in-picture; web-share\" referrerpolicy=\"strict-origin-when-cross-origin\" allowfullscreen><\/iframe><\/p>\n<article>\n<ul>\n<li><strong>Leia tamb\u00e9m:\u00a0<a href=\"https:\/\/news.filmelier.com\/seconds-serie-suspense-nordico-adrenalina-pura\/\">Conhe\u00e7a Seconds, s\u00e9rie thriller n\u00f3rdica que acaba de chegar ao Adrenalina Pura+<\/a><\/strong><\/li>\n<\/ul>\n<h2>Dire\u00e7\u00e3o experiente de <em>Watchmen<\/em> e <em>Westworld <\/em>d\u00e1 corpo \u00e0s cenas de a\u00e7\u00e3o<\/h2>\n<p>Stephen Williams, conhecido por seu trabalho em <i>Watchmen<\/i>, <i>Westworld<\/i>, <i>The Walking Dead<\/i> e <i>Lost<\/i>, entrega uma dire\u00e7\u00e3o s\u00f3lida, especialmente nas sequ\u00eancias de a\u00e7\u00e3o. Diferente da abstra\u00e7\u00e3o estilizada de <i>Watchmen<\/i>, aqui ele opta por um realismo cru. A persegui\u00e7\u00e3o entre Ellie e Nora no hospital remete ao clima sufocante de tens\u00e3o de epis\u00f3dios como <em>This Extraordinary Being<\/em> (<i>Watchmen<\/i>), enquanto os momentos de emboscada nos corredores escuros ecoam o suspense f\u00edsico de <i>Westworld<\/i>. A movimenta\u00e7\u00e3o de c\u00e2mera \u00e9 \u00e1gil sem ser ca\u00f3tica, e a dire\u00e7\u00e3o de som \u2014 com ru\u00eddos abafados e respira\u00e7\u00f5es intensas \u2014 potencializa cada movimento.<\/p>\n<p>O resultado \u00e9 uma experi\u00eancia sensorial que combina bem com a brutalidade crescente do epis\u00f3dio. Williams acerta especialmente ao filmar em espa\u00e7os fechados, como no confronto com <a href=\"https:\/\/news.filmelier.com\/the-last-of-us-infectados-vagalume-fedra-tudo\/\">os infectados<\/a>. Por\u00e9m, ao contr\u00e1rio de suas passagens por <i>Westworld<\/i>, onde havia espa\u00e7o para pausa e contempla\u00e7\u00e3o, aqui o ritmo acelerado exige s\u00edntese \u2014 e ele entrega com compet\u00eancia.<\/p>\n<h2>O hospital e a apresenta\u00e7\u00e3o dos esporos criam uma atmosfera sufocante<\/h2>\n<p>Se h\u00e1 um aspecto indiscutivelmente eficaz neste epis\u00f3dio, \u00e9 o design de produ\u00e7\u00e3o. A introdu\u00e7\u00e3o dos esporos como meio de cont\u00e1gio do Cordyceps \u2013 agora em muta\u00e7\u00e3o \u2013 \u00e9 visualmente impactante e dramatiza o ambiente com tens\u00e3o constante. As paredes cobertas de fungos, os corpos parcialmente fundidos \u00e0 estrutura e o ar tomado por part\u00edculas elevam o senso de perigo a um novo patamar.<\/p>\n<figure id=\"attachment_44722\" aria-describedby=\"caption-attachment-44722\" style=\"width: 980px\" class=\"wp-caption alignnone\"><img fetchpriority=\"high\" decoding=\"async\" class=\"wp-image-44722 size-full\" src=\"https:\/\/news.filmelier.com\/wp-content\/uploads\/2025\/05\/bella-ramsey-ellie-esporos-the-last-of-us.webp\" alt=\"Ellie (Bella Ramsey) encontra v\u00edrus Cordyceps mutado em forma de esporos\" width=\"980\" height=\"653\" srcset=\"https:\/\/news.filmelier.com\/wp-content\/uploads\/2025\/05\/bella-ramsey-ellie-esporos-the-last-of-us.webp 980w, https:\/\/news.filmelier.com\/wp-content\/uploads\/2025\/05\/bella-ramsey-ellie-esporos-the-last-of-us-300x200.webp 300w, https:\/\/news.filmelier.com\/wp-content\/uploads\/2025\/05\/bella-ramsey-ellie-esporos-the-last-of-us-768x512.webp 768w, https:\/\/news.filmelier.com\/wp-content\/uploads\/2025\/05\/bella-ramsey-ellie-esporos-the-last-of-us-150x100.webp 150w\" sizes=\"(max-width: 980px) 100vw, 980px\" \/><figcaption id=\"caption-attachment-44722\" class=\"wp-caption-text\"><em>Ellie (Bella Ramsey) encontra v\u00edrus Cordyceps mutado em forma de esporos (Cr\u00e9dito: HBO)<\/em><\/figcaption><\/figure>\n<ul>\n<li><strong>Pode te interessar:\u00a0<a href=\"https:\/\/news.filmelier.com\/series-apocalipticas\/\">Fim do mundo na tela \u2014 as melhores s\u00e9ries apocal\u00edpticas para maratonar!<\/a><\/strong><\/li>\n<\/ul>\n<h3>Fanservice eficiente, mas o quinto epis\u00f3dio de The Last of Us acelera demais a narrativa<\/h3>\n<p>A escolha de reservar o terror real para o por\u00e3o do hospital <a href=\"https:\/\/news.filmelier.com\/the-last-of-us-serie-vs-jogo\/\">remete diretamente ao jogo<\/a> e proporciona um <em>fanservice<\/em> eficiente, evocando a atmosfera opressiva que consagrou <i>The Last of Us<\/i> como uma das obras mais imersivas da cultura pop contempor\u00e2nea.<\/p>\n<p>Ainda assim, o roteiro apresenta solu\u00e7\u00f5es f\u00e1ceis e acelera os acontecimentos sem dar tempo para processar. Ellie entra no hospital e alcan\u00e7a Nora com facilidade; Jesse aparece no \u00faltimo segundo para salvar Ellie e Dina. O ritmo acelerado, somado \u00e0 falta de pausa para reflex\u00e3o, pode confundir quem n\u00e3o jogou o game, dando a sensa\u00e7\u00e3o de que a trama est\u00e1 sendo apenas &#8220;cumprida&#8221;, n\u00e3o sentida. O resultado \u00e9 uma sequ\u00eancia de eventos que mais parece uma colagem de <i>cut scenes<\/i> do jogo do que um epis\u00f3dio aut\u00f4nomo de TV.<\/p>\n<h2>Tati Gabrielle brilha como Nora no ep 5 de <i>The Last of Us<\/i><\/h2>\n<p>A interpreta\u00e7\u00e3o de <a href=\"https:\/\/news.filmelier.com\/tati-gabrielle-sobre-atriz-nora-the-last-of-us\/\">Tati Gabrielle<\/a> como Nora \u00e9 um dos pontos altos. A atriz \u00e9 conhecida por seus pap\u00e9is nas s\u00e9ries <i>The 100<\/i>, <i>O Mundo Sombrio de Sabrina<\/i>, <i>Voc\u00ea<\/i> e no filme <i>Uncharted &#8211; Fora do Mapa<\/i>, e agora ser\u00e1 a estrela do jogo <i>Intergalactic: The Heretic Prophet<\/i>, tamb\u00e9m criado por Neil Druckmann (<i>The Last of Us<\/i>).<\/p>\n<p>Com poucas cenas, Gabrielle entrega camadas de sarcasmo, frieza e at\u00e9 uma breve empatia antes do embate final. Sua express\u00e3o ao perceber que Ellie \u00e9 a garota imune transmite genu\u00edno espanto, medo e raiva \u2014 tudo em segundos.<\/p>\n<h2>Bella Ramsey em <i>The Last of Us<\/i> ep 5: atua\u00e7\u00e3o convence?<\/h2>\n<p>Bella Ramsey \u00e9 talentosa, mas neste epis\u00f3dio, sua atua\u00e7\u00e3o raivosa n\u00e3o convence. O roteiro exige que a atriz represente o colapso emocional e moral de Ellie, mas falta verossimilhan\u00e7a: no in\u00edcio do cap\u00edtulo, a personagem parece mais uma adolescente explorando ru\u00ednas do que uma jovem consumida pela dor. Dina (<a href=\"https:\/\/news.filmelier.com\/isabela-merced-tudo-sobre-atriz-dina-last-of-us\/\">Isabela Merced<\/a>), ao contr\u00e1rio, soa mais madura, decidida e intensa. A narrativa se esfor\u00e7a para justificar a f\u00faria de Ellie com a mem\u00f3ria de Joel (<a href=\"https:\/\/news.filmelier.com\/pedro-pascal-perfil-mandalorian-last-of-us\/\">Pedro Pascal<\/a>), mas paradoxalmente precisa que Dina explique por que Joel n\u00e3o merecia morrer para que Ellie aceite sua miss\u00e3o de vingan\u00e7a. A falta de coer\u00eancia emocional pesa contra o arco da protagonista. A compara\u00e7\u00e3o com Dina, que demonstra garra, trauma e controle, s\u00f3 torna essa lacuna mais vis\u00edvel.<\/p>\n<figure id=\"attachment_44723\" aria-describedby=\"caption-attachment-44723\" style=\"width: 980px\" class=\"wp-caption alignnone\"><img decoding=\"async\" class=\"wp-image-44723 size-full\" src=\"https:\/\/news.filmelier.com\/wp-content\/uploads\/2025\/05\/isabela-merced-dina-ellie-episodio-5-tlou.webp\" alt=\"Dina (Isabela Merced) e Ellie (Bella Ramsey) em cena de Seattle no epis\u00f3dio 5 de The Last of Us\" width=\"980\" height=\"653\" srcset=\"https:\/\/news.filmelier.com\/wp-content\/uploads\/2025\/05\/isabela-merced-dina-ellie-episodio-5-tlou.webp 980w, https:\/\/news.filmelier.com\/wp-content\/uploads\/2025\/05\/isabela-merced-dina-ellie-episodio-5-tlou-300x200.webp 300w, https:\/\/news.filmelier.com\/wp-content\/uploads\/2025\/05\/isabela-merced-dina-ellie-episodio-5-tlou-768x512.webp 768w, https:\/\/news.filmelier.com\/wp-content\/uploads\/2025\/05\/isabela-merced-dina-ellie-episodio-5-tlou-150x100.webp 150w\" sizes=\"(max-width: 980px) 100vw, 980px\" \/><figcaption id=\"caption-attachment-44723\" class=\"wp-caption-text\"><em>Dina (Isabela Merced) soa mais madura, decidida e intensa do que Ellie (Cr\u00e9dito: HBO)<\/em><\/figcaption><\/figure>\n<p>Em cap\u00edtulos anteriores, como a cena do cemit\u00e9rio no <a href=\"https:\/\/news.filmelier.com\/the-last-of-us-temporada-2-episodio-3\/\">epis\u00f3dio 3<\/a>, Ramsey mostrou dom\u00ednio do sil\u00eancio e da dor contida. Aqui, falta essa profundidade. Apesar disso, a\u00a0sequ\u00eancia no por\u00e3o do hospital \u00e9 visualmente poderosa: ilumina\u00e7\u00e3o vermelha, part\u00edculas no ar, trilha tensa e a c\u00e2mera pr\u00f3xima dos rostos. \u00c9 o momento em que Ellie confronta Nora e a constru\u00e7\u00e3o da cena tenta justificar a brutalidade da protagonista. Finalmente, Ramsey consegue chegar perto da performance que a personagem exige. A ambienta\u00e7\u00e3o sufocante e a tens\u00e3o narrativa pedem uma atua\u00e7\u00e3o visceral, e a atriz entrega nuances f\u00edsicas e emocionais que sustentam a brutalidade do momento \u2013 ainda que a cena seja mais impactante no jogo do que na s\u00e9rie.<\/p>\n<h3>O embate entre Ellie e Nora: quando o roteiro exige mais do que a atua\u00e7\u00e3o entrega, e vice-versa<\/h3>\n<p>A cena carece de constru\u00e7\u00e3o gradual da tens\u00e3o e n\u00e3o oferece pistas suficientes sobre a geografia do hospital ou os riscos envolvidos. Isso afeta a imers\u00e3o e pode diminuir o peso dram\u00e1tico da decis\u00e3o de Ellie de confrontar Nora \u2014 uma escolha que deveria carregar um dilema moral evidente, mas que aqui surge quase como uma etapa protocolar do roteiro.<\/p>\n<p>Da mesma forma, a introdu\u00e7\u00e3o dos esporos e o novo tipo de cont\u00e1gio s\u00e3o tratados de forma expositiva e sem aprofundamento, o que pode deixar d\u00favidas sobre sua relev\u00e2ncia ou impacto futuro para o p\u00fablico menos familiarizado com o universo de <i>The Last of Us<\/i>. A dire\u00e7\u00e3o segura de Williams, no entanto, mitiga parte dessas falhas ao garantir consist\u00eancia visual e emocional.<\/p>\n<figure id=\"attachment_44724\" aria-describedby=\"caption-attachment-44724\" style=\"width: 980px\" class=\"wp-caption alignnone\"><img decoding=\"async\" class=\"wp-image-44724 size-full\" src=\"https:\/\/news.filmelier.com\/wp-content\/uploads\/2025\/05\/tati-gabrielle-nora-the-last-of-us.webp\" alt=\"Nora (Tati Gabrielle) enfrenta Ellie (Bella Ramsey) no hospital de Seattle em The Last of Us\" width=\"980\" height=\"653\" srcset=\"https:\/\/news.filmelier.com\/wp-content\/uploads\/2025\/05\/tati-gabrielle-nora-the-last-of-us.webp 980w, https:\/\/news.filmelier.com\/wp-content\/uploads\/2025\/05\/tati-gabrielle-nora-the-last-of-us-300x200.webp 300w, https:\/\/news.filmelier.com\/wp-content\/uploads\/2025\/05\/tati-gabrielle-nora-the-last-of-us-768x512.webp 768w, https:\/\/news.filmelier.com\/wp-content\/uploads\/2025\/05\/tati-gabrielle-nora-the-last-of-us-150x100.webp 150w\" sizes=\"(max-width: 980px) 100vw, 980px\" \/><figcaption id=\"caption-attachment-44724\" class=\"wp-caption-text\"><em>Nora (Tati Gabrielle) enfrenta Ellie no hospital de Seattle: uma cena de confronto que muda o rumo da temporada (Cr\u00e9dito: HBO)<\/em><\/figcaption><\/figure>\n<ul>\n<li><strong>Veja tamb\u00e9m:\u00a0<a href=\"https:\/\/news.filmelier.com\/melhores-adaptacoes-videogame-super-mario-last-of-us-minecraft\/\">Qual \u00e9 melhor, <em>Sonic<\/em>, <em>Super Mario<\/em> ou <em>The Last of Us<\/em>? Veja o ranking das adapta\u00e7\u00f5es de videogames<\/a><\/strong><\/li>\n<\/ul>\n<h2>Serafitas e WLF: o horror humano ganha novos contornos<\/h2>\n<p>Se em outros momentos a s\u00e9rie flertou com o manique\u00edsmo, aqui ela d\u00e1 um passo adiante na representa\u00e7\u00e3o das fac\u00e7\u00f5es. Com este epis\u00f3dio, a s\u00e9rie amplia a compreens\u00e3o dos grupos rivais em Seattle, e mostra mais uma vez que n\u00e3o h\u00e1 lado limpo nesse conflito. Os Serafitas, com seu c\u00f3digo religioso extremista e m\u00e9todos de execu\u00e7\u00e3o ritual\u00edsticos, contrastam com a frieza militar do WLF. A brutalidade de ambos, exibida sem filtros, mostra que o inimigo em <i>The Last of Us<\/i> raramente \u00e9 o infectado \u2014 \u00e9 o humano que perdeu qualquer no\u00e7\u00e3o de \u00e9tica.<\/p>\n<p>A execu\u00e7\u00e3o ritual dos Serafitas no parque \u00e9 aterradora, com dire\u00e7\u00e3o e design de som que amplificam a sensa\u00e7\u00e3o de horror e impot\u00eancia. O resultado \u00e9 uma cena perturbadora, que mostra o qu\u00e3o longe a humanidade caiu \u2014 e o quanto o fanatismo religioso pode ser amea\u00e7ador.<\/p>\n<p>Os WLF, por sua vez, ganham profundidade com cenas como a de Hanrahan (Alanna Ubach) e o sacrif\u00edcio dos soldados no hospital. S\u00e3o escolhas que ampliam a compreens\u00e3o do mundo da s\u00e9rie, trazendo mais complexidade ao que poderia ser apenas uma guerra de fac\u00e7\u00f5es.<\/p>\n<h3>Entenda quem s\u00e3o os WLF e os Serafitas<\/h3>\n<p>Os WLF (Washington Liberation Front) surgiram como mil\u00edcia rebelde contra a FEDRA, mas logo se tornaram uma for\u00e7a militar autorit\u00e1ria. Sob o comando de Isaac (Jeffrey Wright), <a href=\"https:\/\/news.filmelier.com\/the-last-of-us-critica-temporada-2-episodio-4\/\">mostraram-se capazes de t\u00e1ticas brutais para manter o poder<\/a>. J\u00e1 os Serafitas (ou Cicatrizes) s\u00e3o uma seita religiosa que rejeita a tecnologia e idolatra uma profetisa morta. Com apar\u00eancia r\u00fastica e comportamento ritual\u00edstico, eles tamb\u00e9m recorrem \u00e0 viol\u00eancia extrema \u2014 como a execu\u00e7\u00e3o mostrada no parque. Nenhum dos lados representa reden\u00e7\u00e3o; ambos s\u00e3o reflexos do colapso moral da humanidade.<\/p>\n<h2>Cr\u00edtica ao 5\u00ba epis\u00f3dio de <i>The Last of Us<\/i>: visual marcante, emo\u00e7\u00e3o irregular<\/h2>\n<p>O quinto epis\u00f3dio de <i>The Last of Us<\/i> entrega ambienta\u00e7\u00e3o excelente e cenas visualmente marcantes. Mas, ao apostar tanto no impacto visual e acelerar o enredo, sacrifica parte da constru\u00e7\u00e3o emocional. Ellie parece ainda n\u00e3o ter mergulhado de vez no abismo da vingan\u00e7a, o que enfraquece o arco que a s\u00e9rie deseja construir. Ainda que mostre sua descida moral, falta densidade \u00e0 performance e ao roteiro. O resultado \u00e9 um cap\u00edtulo t\u00e3o intenso quanto desigual, mas fundamental para a transi\u00e7\u00e3o da protagonista rumo ao abismo. O cap\u00edtulo \u00e9 s\u00f3lido, mas confirma que o equil\u00edbrio entre fidelidade ao jogo e narrativa televisiva ainda \u00e9 um desafio em aberto.<\/p>\n<article>\n<h2>Leia tamb\u00e9m: cr\u00edticas anteriores de\u00a0<i>The Last of Us<\/i><\/h2>\n<\/article>\n<h4>1\u00aa temporada<\/h4>\n<ul>\n<li><strong><a href=\"https:\/\/news.filmelier.com\/the-last-of-us-critica-serie-hbo\/\">1\u00d701 \u2013\u00a0<i>The Last of Us<\/i>\u00a0tem tudo para ser a nova s\u00e9rie evento da HBO<\/a><\/strong><\/li>\n<li><strong><a href=\"https:\/\/news.filmelier.com\/the-last-of-us-critica-episodio-2\/\">1\u00d702 \u2013 epis\u00f3dio 2 da s\u00e9rie tem cenas de terror e reviravolta \u201csoco no est\u00f4mago\u201d<\/a><\/strong><\/li>\n<li><strong><a href=\"https:\/\/news.filmelier.com\/the-last-of-us-critica-episodio-3\/\">1\u00d703 epis\u00f3dio 3 tem cenas in\u00e9ditas, tom rom\u00e2ntico e dram\u00e1tico<\/a><\/strong><\/li>\n<li><strong><a href=\"https:\/\/news.filmelier.com\/the-last-of-us-critica-episodio-4\/\">1\u00d704 \u2013 epis\u00f3dio 4 \u00e9 menos impactante, mas aprofunda a narrativa<\/a><\/strong><\/li>\n<li><strong><a href=\"https:\/\/news.filmelier.com\/the-last-of-us-critica-episodio-5\/\">1\u00d705 \u2013 epis\u00f3dio 5 prova que a s\u00e9rie n\u00e3o est\u00e1 para brincadeira<\/a><\/strong><\/li>\n<li><strong><a href=\"https:\/\/news.filmelier.com\/the-last-of-us-critica-episodio-6\/\">1\u00d706 \u2013 epis\u00f3dio 6 tem encontro aguardado e \u201cmomento fam\u00edlia\u201d<\/a><\/strong><\/li>\n<li><strong><a href=\"https:\/\/news.filmelier.com\/the-last-of-us-critica-episodio-7\/\">1\u00d707 \u2013 epis\u00f3dio 7 revela como Ellie foi mordida<\/a><\/strong><\/li>\n<li><strong><a href=\"https:\/\/news.filmelier.com\/the-last-of-us-critica-episodio-8\/\">1\u00d708 \u2013 epis\u00f3dio 8 \u00e9 o mais intenso e perturbador da temporada<\/a><\/strong><\/li>\n<li><strong><a href=\"https:\/\/news.filmelier.com\/the-last-of-us-critica-episodio-9\/\">1\u00d709 \u2013 epis\u00f3dio 9 tem desfecho pol\u00eamico e chocante<\/a><\/strong><\/li>\n<\/ul>\n<h4>2\u00aa temporada<\/h4>\n<ul>\n<li><strong><a href=\"https:\/\/news.filmelier.com\/the-last-of-us-critica-temporada-2-episodio-1\/\">2\u00d701 \u2013 S\u00e9rie retorna mais sombrio e introspectivo na estreia da 2\u00aa temporada na HBO<\/a><\/strong><\/li>\n<li><strong><a href=\"https:\/\/news.filmelier.com\/the-last-of-us-critica-temporada-2-episodio-2\/\">2\u00d702 \u2013\u00a0<i>The Last of Us<\/i>\u00a0reencontra sua for\u00e7a dram\u00e1tica com reviravolta do epis\u00f3dio 2 na HBO<\/a><\/strong><\/li>\n<li><a href=\"https:\/\/news.filmelier.com\/the-last-of-us-temporada-2-episodio-3\/\"><strong>2\u00d703 \u2013 Bella Ramsey segura a 2\u00aa temporada de\u00a0<em>The Last of Us<\/em>? Cr\u00edtica do epis\u00f3dio 3 analisa a nova fase<\/strong><\/a><\/li>\n<li><a href=\"https:\/\/news.filmelier.com\/the-last-of-us-critica-temporada-2-episodio-4\/\"><strong>2&#215;04 \u2013 <em>The Last of Us<\/em> encontra equil\u00edbrio perfeito entre horror e romance no epis\u00f3dio 4 da 2\u00aa temporada<\/strong><\/a><\/li>\n<li><a href=\"https:\/\/news.filmelier.com\/the-last-of-us-critica-temporada-2-episodio-6\/\"><strong>2&#215;06 \u2013 epis\u00f3dio 6 da 2\u00aa temporada emociona com retorno de Joel e drama entre pai e filha<\/strong><\/a><\/li>\n<\/ul>\n<\/article>\n","protected":false},"excerpt":{"rendered":"<p>Ambientado no hospital de Seattle, o quinto epis\u00f3dio da 2\u00aa temporada reintroduz os esporos, aprofunda o universo dos WLF e Serafitas, e leva Ellie a um ponto sem retorno<\/p>\n","protected":false},"author":11,"featured_media":49568,"comment_status":"open","ping_status":"open","sticky":false,"template":"","format":"standard","meta":{"_acf_changed":false,"footnotes":""},"categories":[3481,3492],"tags":[3577,3578,3517,3551,3552,3580,3554,3582,3585,3586,3588,3589,3590],"class_list":["post-49567","post","type-post","status-publish","format-standard","has-post-thumbnail","hentry","category-criticas-br","category-series-novelas-br","tag-bella-ramsey-br","tag-craig-mazin-br","tag-critica-br","tag-hbo-br","tag-hbo-max-br","tag-isabela-merced-br","tag-max-br","tag-neil-druckmann-br","tag-serie-br","tag-series-hbo-br","tag-the-last-of-us-br","tag-the-last-of-us-part-2-br","tag-videogame-br"],"acf":{"subtitulo":"Ambientado no hospital de Seattle, o quinto epis\u00f3dio da 2\u00aa temporada reintroduz os esporos, aprofunda o universo dos WLF e Serafitas, e leva Ellie a um ponto sem retorno","id_ator":""},"yoast_head":"<!-- This site is optimized with the Yoast SEO plugin v26.1.1 - https:\/\/yoast.com\/wordpress\/plugins\/seo\/ -->\n<title>Quinto epis\u00f3dio de The Last of Us mostra a queda moral de Ellie e introduz os esporos<\/title>\n<meta name=\"description\" content=\"The Last of Us ep 5 aprofunda o colapso moral de Ellie em cena com Nora (Tati Gabrielle) em cenas de a\u00e7\u00e3o brilhantes mas roteiro falha. Veja destaques do quinto epis\u00f3dio da 2\u00aa temporada\" \/>\n<meta name=\"robots\" content=\"index, follow, max-snippet:-1, max-image-preview:large, max-video-preview:-1\" \/>\n<link rel=\"canonical\" href=\"https:\/\/news.filmelier.com\/br\/the-last-of-us-critica-temporada-2-episodio-5\/\" \/>\n<meta property=\"og:locale\" content=\"pt_BR\" \/>\n<meta property=\"og:type\" content=\"article\" \/>\n<meta property=\"og:title\" content=\"Quinto epis\u00f3dio de The Last of Us mostra a queda moral de Ellie e introduz os esporos\" \/>\n<meta property=\"og:description\" content=\"The Last of Us ep 5 aprofunda o colapso moral de Ellie em cena com Nora (Tati Gabrielle) em cenas de a\u00e7\u00e3o brilhantes mas roteiro falha. Veja destaques do quinto epis\u00f3dio da 2\u00aa temporada\" \/>\n<meta property=\"og:url\" content=\"https:\/\/news.filmelier.com\/br\/the-last-of-us-critica-temporada-2-episodio-5\/\" \/>\n<meta property=\"og:site_name\" content=\"News Filmelier\" \/>\n<meta property=\"article:published_time\" content=\"2025-05-12T22:43:08+00:00\" \/>\n<meta property=\"article:modified_time\" content=\"2025-06-09T03:23:17+00:00\" \/>\n<meta property=\"og:image\" content=\"https:\/\/homolog.news.filmelier.com\/wp-content\/uploads\/2025\/05\/bella-ramsey-ellie-esporos-the-last-of-us.webp\" \/>\n\t<meta property=\"og:image:width\" content=\"980\" \/>\n\t<meta property=\"og:image:height\" content=\"653\" \/>\n\t<meta property=\"og:image:type\" content=\"image\/webp\" \/>\n<meta name=\"author\" content=\"Vit\u00f3ria Pratini\" \/>\n<meta name=\"twitter:card\" content=\"summary_large_image\" \/>\n<meta name=\"twitter:label1\" content=\"Escrito por\" \/>\n\t<meta name=\"twitter:data1\" content=\"Vit\u00f3ria Pratini\" \/>\n\t<meta name=\"twitter:label2\" content=\"Est. tempo de leitura\" \/>\n\t<meta name=\"twitter:data2\" content=\"11 minutos\" \/>\n<script type=\"application\/ld+json\" class=\"yoast-schema-graph\">{\"@context\":\"https:\/\/schema.org\",\"@graph\":[{\"@type\":\"Article\",\"@id\":\"https:\/\/news.filmelier.com\/br\/the-last-of-us-critica-temporada-2-episodio-5\/#article\",\"isPartOf\":{\"@id\":\"https:\/\/news.filmelier.com\/br\/the-last-of-us-critica-temporada-2-episodio-5\/\"},\"author\":{\"name\":\"Vit\u00f3ria Pratini\",\"@id\":\"https:\/\/homolog.news.filmelier.com\/br\/#\/schema\/person\/b6689fa913d8b849cd7549503e6521cc\"},\"headline\":\"&#8216;The Last of Us&#8217;: Quinto epis\u00f3dio da 2\u00aa temporada brilha em cenas de a\u00e7\u00e3o mas roteiro falha com Ellie\",\"datePublished\":\"2025-05-12T22:43:08+00:00\",\"dateModified\":\"2025-06-09T03:23:17+00:00\",\"mainEntityOfPage\":{\"@id\":\"https:\/\/news.filmelier.com\/br\/the-last-of-us-critica-temporada-2-episodio-5\/\"},\"wordCount\":1864,\"commentCount\":0,\"publisher\":{\"@id\":\"https:\/\/homolog.news.filmelier.com\/br\/#organization\"},\"image\":{\"@id\":\"https:\/\/news.filmelier.com\/br\/the-last-of-us-critica-temporada-2-episodio-5\/#primaryimage\"},\"thumbnailUrl\":\"https:\/\/news.filmelier.com\/wp-content\/uploads\/2025\/05\/bella-ramsey-ellie-esporos-the-last-of-us.webp\",\"keywords\":[\"Bella Ramsey\",\"Craig Mazin\",\"critica\",\"HBO\",\"HBO Max\",\"Isabela Merced\",\"Max\",\"Neil Druckmann\",\"s\u00e9rie\",\"s\u00e9ries hbo\",\"the last of us\",\"The last of us part 2\",\"videogame\"],\"articleSection\":[\"Cr\u00edticas\",\"S\u00e9ries e Novelas\"],\"inLanguage\":\"pt-BR\",\"potentialAction\":[{\"@type\":\"CommentAction\",\"name\":\"Comment\",\"target\":[\"https:\/\/news.filmelier.com\/br\/the-last-of-us-critica-temporada-2-episodio-5\/#respond\"]}]},{\"@type\":\"WebPage\",\"@id\":\"https:\/\/news.filmelier.com\/br\/the-last-of-us-critica-temporada-2-episodio-5\/\",\"url\":\"https:\/\/news.filmelier.com\/br\/the-last-of-us-critica-temporada-2-episodio-5\/\",\"name\":\"Quinto epis\u00f3dio de The Last of Us mostra a queda moral de Ellie e introduz os esporos\",\"isPartOf\":{\"@id\":\"https:\/\/homolog.news.filmelier.com\/br\/#website\"},\"primaryImageOfPage\":{\"@id\":\"https:\/\/news.filmelier.com\/br\/the-last-of-us-critica-temporada-2-episodio-5\/#primaryimage\"},\"image\":{\"@id\":\"https:\/\/news.filmelier.com\/br\/the-last-of-us-critica-temporada-2-episodio-5\/#primaryimage\"},\"thumbnailUrl\":\"https:\/\/news.filmelier.com\/wp-content\/uploads\/2025\/05\/bella-ramsey-ellie-esporos-the-last-of-us.webp\",\"datePublished\":\"2025-05-12T22:43:08+00:00\",\"dateModified\":\"2025-06-09T03:23:17+00:00\",\"description\":\"The Last of Us ep 5 aprofunda o colapso moral de Ellie em cena com Nora (Tati Gabrielle) em cenas de a\u00e7\u00e3o brilhantes mas roteiro falha. Veja destaques do quinto epis\u00f3dio da 2\u00aa temporada\",\"breadcrumb\":{\"@id\":\"https:\/\/news.filmelier.com\/br\/the-last-of-us-critica-temporada-2-episodio-5\/#breadcrumb\"},\"inLanguage\":\"pt-BR\",\"potentialAction\":[{\"@type\":\"ReadAction\",\"target\":[\"https:\/\/news.filmelier.com\/br\/the-last-of-us-critica-temporada-2-episodio-5\/\"]}]},{\"@type\":\"ImageObject\",\"inLanguage\":\"pt-BR\",\"@id\":\"https:\/\/news.filmelier.com\/br\/the-last-of-us-critica-temporada-2-episodio-5\/#primaryimage\",\"url\":\"https:\/\/news.filmelier.com\/wp-content\/uploads\/2025\/05\/bella-ramsey-ellie-esporos-the-last-of-us.webp\",\"contentUrl\":\"https:\/\/news.filmelier.com\/wp-content\/uploads\/2025\/05\/bella-ramsey-ellie-esporos-the-last-of-us.webp\",\"width\":980,\"height\":653,\"caption\":\"Ellie (Bella Ramsey) encontra v\u00edrus Cordyceps mutado em forma de esporos (Cr\u00e9dito: HBO)\"},{\"@type\":\"BreadcrumbList\",\"@id\":\"https:\/\/news.filmelier.com\/br\/the-last-of-us-critica-temporada-2-episodio-5\/#breadcrumb\",\"itemListElement\":[{\"@type\":\"ListItem\",\"position\":1,\"name\":\"In\u00edcio\",\"item\":\"https:\/\/homolog.news.filmelier.com\/br\/\"},{\"@type\":\"ListItem\",\"position\":2,\"name\":\"&#8216;The Last of Us&#8217;: Quinto epis\u00f3dio da 2\u00aa temporada brilha em cenas de a\u00e7\u00e3o mas roteiro falha com Ellie\"}]},{\"@type\":\"WebSite\",\"@id\":\"https:\/\/homolog.news.filmelier.com\/br\/#website\",\"url\":\"https:\/\/homolog.news.filmelier.com\/br\/\",\"name\":\"Homolog Filmelier News Rankrup\",\"description\":\"\",\"publisher\":{\"@id\":\"https:\/\/homolog.news.filmelier.com\/br\/#organization\"},\"potentialAction\":[{\"@type\":\"SearchAction\",\"target\":{\"@type\":\"EntryPoint\",\"urlTemplate\":\"https:\/\/homolog.news.filmelier.com\/br\/?s={search_term_string}\"},\"query-input\":{\"@type\":\"PropertyValueSpecification\",\"valueRequired\":true,\"valueName\":\"search_term_string\"}}],\"inLanguage\":\"pt-BR\"},{\"@type\":\"Organization\",\"@id\":\"https:\/\/homolog.news.filmelier.com\/br\/#organization\",\"name\":\"Homolog Filmelier News Rankrup\",\"url\":\"https:\/\/homolog.news.filmelier.com\/br\/\",\"logo\":{\"@type\":\"ImageObject\",\"inLanguage\":\"pt-BR\",\"@id\":\"https:\/\/homolog.news.filmelier.com\/br\/#\/schema\/logo\/image\/\",\"url\":\"https:\/\/news.filmelier.com\/wp-content\/uploads\/2024\/11\/Logo-News.png\",\"contentUrl\":\"https:\/\/news.filmelier.com\/wp-content\/uploads\/2024\/11\/Logo-News.png\",\"width\":460,\"height\":108,\"caption\":\"Homolog Filmelier News Rankrup\"},\"image\":{\"@id\":\"https:\/\/homolog.news.filmelier.com\/br\/#\/schema\/logo\/image\/\"}},{\"@type\":\"Person\",\"@id\":\"https:\/\/homolog.news.filmelier.com\/br\/#\/schema\/person\/b6689fa913d8b849cd7549503e6521cc\",\"name\":\"Vit\u00f3ria Pratini\",\"image\":{\"@type\":\"ImageObject\",\"inLanguage\":\"pt-BR\",\"@id\":\"https:\/\/homolog.news.filmelier.com\/br\/#\/schema\/person\/image\/\",\"url\":\"https:\/\/secure.gravatar.com\/avatar\/93bc09f1ea8059e7f68ceebd457a04e75befce531605be9c8ad31127fed28a0d?s=96&d=mm&r=g\",\"contentUrl\":\"https:\/\/secure.gravatar.com\/avatar\/93bc09f1ea8059e7f68ceebd457a04e75befce531605be9c8ad31127fed28a0d?s=96&d=mm&r=g\",\"caption\":\"Vit\u00f3ria Pratini\"},\"description\":\"A critic and journalist specializing in films, series and pop culture since 2013, Vit\u00f3ria Pratini has had her articles published in AdoroCinema, IGN Brasil, Terra and MSN. During her career, she has covered audiovisual events, such as San Diego Comic-Con, CCXP, Festival do Rio and Pr\u00eamio Grande Otelo. She has served on festival juries and interviewed names such as Helen Mirren, Fernanda Torres, Gilberto Gil, Jude Law and Bryan Cranston. An SEO specialist, Vit\u00f3ria is currently a content strategist and reporter for Filmelier.\",\"sameAs\":[\"https:\/\/www.filmelier.com\/br\/autor\/vitoria-pratini\",\"https:\/\/www.instagram.com\/vitoriapratini\/\"],\"url\":\"https:\/\/news.filmelier.com\/br\/author\/vitoria-pratini\/\"}]}<\/script>\n<!-- \/ Yoast SEO plugin. -->","yoast_head_json":{"title":"Quinto epis\u00f3dio de The Last of Us mostra a queda moral de Ellie e introduz os esporos","description":"The Last of Us ep 5 aprofunda o colapso moral de Ellie em cena com Nora (Tati Gabrielle) em cenas de a\u00e7\u00e3o brilhantes mas roteiro falha. Veja destaques do quinto epis\u00f3dio da 2\u00aa temporada","robots":{"index":"index","follow":"follow","max-snippet":"max-snippet:-1","max-image-preview":"max-image-preview:large","max-video-preview":"max-video-preview:-1"},"canonical":"https:\/\/news.filmelier.com\/br\/the-last-of-us-critica-temporada-2-episodio-5\/","og_locale":"pt_BR","og_type":"article","og_title":"Quinto epis\u00f3dio de The Last of Us mostra a queda moral de Ellie e introduz os esporos","og_description":"The Last of Us ep 5 aprofunda o colapso moral de Ellie em cena com Nora (Tati Gabrielle) em cenas de a\u00e7\u00e3o brilhantes mas roteiro falha. Veja destaques do quinto epis\u00f3dio da 2\u00aa temporada","og_url":"https:\/\/news.filmelier.com\/br\/the-last-of-us-critica-temporada-2-episodio-5\/","og_site_name":"News Filmelier","article_published_time":"2025-05-12T22:43:08+00:00","article_modified_time":"2025-06-09T03:23:17+00:00","og_image":[{"width":980,"height":653,"url":"https:\/\/homolog.news.filmelier.com\/wp-content\/uploads\/2025\/05\/bella-ramsey-ellie-esporos-the-last-of-us.webp","type":"image\/webp"}],"author":"Vit\u00f3ria Pratini","twitter_card":"summary_large_image","twitter_misc":{"Escrito por":"Vit\u00f3ria Pratini","Est. tempo de leitura":"11 minutos"},"schema":{"@context":"https:\/\/schema.org","@graph":[{"@type":"Article","@id":"https:\/\/news.filmelier.com\/br\/the-last-of-us-critica-temporada-2-episodio-5\/#article","isPartOf":{"@id":"https:\/\/news.filmelier.com\/br\/the-last-of-us-critica-temporada-2-episodio-5\/"},"author":{"name":"Vit\u00f3ria Pratini","@id":"https:\/\/homolog.news.filmelier.com\/br\/#\/schema\/person\/b6689fa913d8b849cd7549503e6521cc"},"headline":"&#8216;The Last of Us&#8217;: Quinto epis\u00f3dio da 2\u00aa temporada brilha em cenas de a\u00e7\u00e3o mas roteiro falha com Ellie","datePublished":"2025-05-12T22:43:08+00:00","dateModified":"2025-06-09T03:23:17+00:00","mainEntityOfPage":{"@id":"https:\/\/news.filmelier.com\/br\/the-last-of-us-critica-temporada-2-episodio-5\/"},"wordCount":1864,"commentCount":0,"publisher":{"@id":"https:\/\/homolog.news.filmelier.com\/br\/#organization"},"image":{"@id":"https:\/\/news.filmelier.com\/br\/the-last-of-us-critica-temporada-2-episodio-5\/#primaryimage"},"thumbnailUrl":"https:\/\/news.filmelier.com\/wp-content\/uploads\/2025\/05\/bella-ramsey-ellie-esporos-the-last-of-us.webp","keywords":["Bella Ramsey","Craig Mazin","critica","HBO","HBO Max","Isabela Merced","Max","Neil Druckmann","s\u00e9rie","s\u00e9ries hbo","the last of us","The last of us part 2","videogame"],"articleSection":["Cr\u00edticas","S\u00e9ries e Novelas"],"inLanguage":"pt-BR","potentialAction":[{"@type":"CommentAction","name":"Comment","target":["https:\/\/news.filmelier.com\/br\/the-last-of-us-critica-temporada-2-episodio-5\/#respond"]}]},{"@type":"WebPage","@id":"https:\/\/news.filmelier.com\/br\/the-last-of-us-critica-temporada-2-episodio-5\/","url":"https:\/\/news.filmelier.com\/br\/the-last-of-us-critica-temporada-2-episodio-5\/","name":"Quinto epis\u00f3dio de The Last of Us mostra a queda moral de Ellie e introduz os esporos","isPartOf":{"@id":"https:\/\/homolog.news.filmelier.com\/br\/#website"},"primaryImageOfPage":{"@id":"https:\/\/news.filmelier.com\/br\/the-last-of-us-critica-temporada-2-episodio-5\/#primaryimage"},"image":{"@id":"https:\/\/news.filmelier.com\/br\/the-last-of-us-critica-temporada-2-episodio-5\/#primaryimage"},"thumbnailUrl":"https:\/\/news.filmelier.com\/wp-content\/uploads\/2025\/05\/bella-ramsey-ellie-esporos-the-last-of-us.webp","datePublished":"2025-05-12T22:43:08+00:00","dateModified":"2025-06-09T03:23:17+00:00","description":"The Last of Us ep 5 aprofunda o colapso moral de Ellie em cena com Nora (Tati Gabrielle) em cenas de a\u00e7\u00e3o brilhantes mas roteiro falha. Veja destaques do quinto epis\u00f3dio da 2\u00aa temporada","breadcrumb":{"@id":"https:\/\/news.filmelier.com\/br\/the-last-of-us-critica-temporada-2-episodio-5\/#breadcrumb"},"inLanguage":"pt-BR","potentialAction":[{"@type":"ReadAction","target":["https:\/\/news.filmelier.com\/br\/the-last-of-us-critica-temporada-2-episodio-5\/"]}]},{"@type":"ImageObject","inLanguage":"pt-BR","@id":"https:\/\/news.filmelier.com\/br\/the-last-of-us-critica-temporada-2-episodio-5\/#primaryimage","url":"https:\/\/news.filmelier.com\/wp-content\/uploads\/2025\/05\/bella-ramsey-ellie-esporos-the-last-of-us.webp","contentUrl":"https:\/\/news.filmelier.com\/wp-content\/uploads\/2025\/05\/bella-ramsey-ellie-esporos-the-last-of-us.webp","width":980,"height":653,"caption":"Ellie (Bella Ramsey) encontra v\u00edrus Cordyceps mutado em forma de esporos (Cr\u00e9dito: HBO)"},{"@type":"BreadcrumbList","@id":"https:\/\/news.filmelier.com\/br\/the-last-of-us-critica-temporada-2-episodio-5\/#breadcrumb","itemListElement":[{"@type":"ListItem","position":1,"name":"In\u00edcio","item":"https:\/\/homolog.news.filmelier.com\/br\/"},{"@type":"ListItem","position":2,"name":"&#8216;The Last of Us&#8217;: Quinto epis\u00f3dio da 2\u00aa temporada brilha em cenas de a\u00e7\u00e3o mas roteiro falha com Ellie"}]},{"@type":"WebSite","@id":"https:\/\/homolog.news.filmelier.com\/br\/#website","url":"https:\/\/homolog.news.filmelier.com\/br\/","name":"Homolog Filmelier News Rankrup","description":"","publisher":{"@id":"https:\/\/homolog.news.filmelier.com\/br\/#organization"},"potentialAction":[{"@type":"SearchAction","target":{"@type":"EntryPoint","urlTemplate":"https:\/\/homolog.news.filmelier.com\/br\/?s={search_term_string}"},"query-input":{"@type":"PropertyValueSpecification","valueRequired":true,"valueName":"search_term_string"}}],"inLanguage":"pt-BR"},{"@type":"Organization","@id":"https:\/\/homolog.news.filmelier.com\/br\/#organization","name":"Homolog Filmelier News Rankrup","url":"https:\/\/homolog.news.filmelier.com\/br\/","logo":{"@type":"ImageObject","inLanguage":"pt-BR","@id":"https:\/\/homolog.news.filmelier.com\/br\/#\/schema\/logo\/image\/","url":"https:\/\/news.filmelier.com\/wp-content\/uploads\/2024\/11\/Logo-News.png","contentUrl":"https:\/\/news.filmelier.com\/wp-content\/uploads\/2024\/11\/Logo-News.png","width":460,"height":108,"caption":"Homolog Filmelier News Rankrup"},"image":{"@id":"https:\/\/homolog.news.filmelier.com\/br\/#\/schema\/logo\/image\/"}},{"@type":"Person","@id":"https:\/\/homolog.news.filmelier.com\/br\/#\/schema\/person\/b6689fa913d8b849cd7549503e6521cc","name":"Vit\u00f3ria Pratini","image":{"@type":"ImageObject","inLanguage":"pt-BR","@id":"https:\/\/homolog.news.filmelier.com\/br\/#\/schema\/person\/image\/","url":"https:\/\/secure.gravatar.com\/avatar\/93bc09f1ea8059e7f68ceebd457a04e75befce531605be9c8ad31127fed28a0d?s=96&d=mm&r=g","contentUrl":"https:\/\/secure.gravatar.com\/avatar\/93bc09f1ea8059e7f68ceebd457a04e75befce531605be9c8ad31127fed28a0d?s=96&d=mm&r=g","caption":"Vit\u00f3ria Pratini"},"description":"A critic and journalist specializing in films, series and pop culture since 2013, Vit\u00f3ria Pratini has had her articles published in AdoroCinema, IGN Brasil, Terra and MSN. During her career, she has covered audiovisual events, such as San Diego Comic-Con, CCXP, Festival do Rio and Pr\u00eamio Grande Otelo. She has served on festival juries and interviewed names such as Helen Mirren, Fernanda Torres, Gilberto Gil, Jude Law and Bryan Cranston. An SEO specialist, Vit\u00f3ria is currently a content strategist and reporter for Filmelier.","sameAs":["https:\/\/www.filmelier.com\/br\/autor\/vitoria-pratini","https:\/\/www.instagram.com\/vitoriapratini\/"],"url":"https:\/\/news.filmelier.com\/br\/author\/vitoria-pratini\/"}]}},"_links":{"self":[{"href":"https:\/\/news.filmelier.com\/br\/wp-json\/wp\/v2\/posts\/49567","targetHints":{"allow":["GET"]}}],"collection":[{"href":"https:\/\/news.filmelier.com\/br\/wp-json\/wp\/v2\/posts"}],"about":[{"href":"https:\/\/news.filmelier.com\/br\/wp-json\/wp\/v2\/types\/post"}],"author":[{"embeddable":true,"href":"https:\/\/news.filmelier.com\/br\/wp-json\/wp\/v2\/users\/11"}],"replies":[{"embeddable":true,"href":"https:\/\/news.filmelier.com\/br\/wp-json\/wp\/v2\/comments?post=49567"}],"version-history":[{"count":1,"href":"https:\/\/news.filmelier.com\/br\/wp-json\/wp\/v2\/posts\/49567\/revisions"}],"predecessor-version":[{"id":51502,"href":"https:\/\/news.filmelier.com\/br\/wp-json\/wp\/v2\/posts\/49567\/revisions\/51502"}],"wp:featuredmedia":[{"embeddable":true,"href":"https:\/\/news.filmelier.com\/br\/wp-json\/wp\/v2\/media\/49568"}],"wp:attachment":[{"href":"https:\/\/news.filmelier.com\/br\/wp-json\/wp\/v2\/media?parent=49567"}],"wp:term":[{"taxonomy":"category","embeddable":true,"href":"https:\/\/news.filmelier.com\/br\/wp-json\/wp\/v2\/categories?post=49567"},{"taxonomy":"post_tag","embeddable":true,"href":"https:\/\/news.filmelier.com\/br\/wp-json\/wp\/v2\/tags?post=49567"}],"curies":[{"name":"wp","href":"https:\/\/api.w.org\/{rel}","templated":true}]}}