{"id":49558,"date":"2025-05-14T10:26:58","date_gmt":"2025-05-14T13:26:58","guid":{"rendered":"https:\/\/news.filmelier.com\/elenco-de-the-boys\/"},"modified":"2025-08-13T13:35:42","modified_gmt":"2025-08-13T16:35:42","slug":"elenco-de-the-boys","status":"publish","type":"post","link":"https:\/\/news.filmelier.com\/br\/elenco-de-the-boys\/","title":{"rendered":"Elenco de The Boys e o impacto no sucesso da s\u00e9rie"},"content":{"rendered":"<p><span style=\"font-weight: 400;\">Em um universo saturado de hist\u00f3rias de super-her\u00f3is, <\/span><i><span style=\"font-weight: 400;\">The Boys<\/span><\/i><span style=\"font-weight: 400;\"> surge como uma resposta \u00e1cida e visceral, desconstruindo mitos e expondo as entranhas do poder.<\/span><\/p>\n<p><span style=\"font-weight: 400;\">A s\u00e9rie, que se tornou fen\u00f4meno global, n\u00e3o existiria sem seu elenco magistral \u2014 um time de atores que mergulha sem medo na complexidade de personagens moralmente amb\u00edguos. De Karl Urban como o rancoroso Billy Butcher a Antony Starr na pele do psicopata Homelander, cada performance \u00e9 um estudo de nuances e intensidade.<\/span><\/p>\n<p><iframe title=\"The Boys Temporada 1 | Trailer | Amazon Prime Video\" width=\"800\" height=\"450\" src=\"https:\/\/www.youtube.com\/embed\/I0RC15nmjpU?feature=oembed\" frameborder=\"0\" allow=\"accelerometer; autoplay; clipboard-write; encrypted-media; gyroscope; picture-in-picture; web-share\" referrerpolicy=\"strict-origin-when-cross-origin\" allowfullscreen><\/iframe><\/p>\n<p><span style=\"font-weight: 400;\">Neste artigo, exploramos como Jack Quaid (Hughie), Erin Moriarty (Starlight) e todo o elenco principal transcendem o expect\u00e1vel, transformando anti-her\u00f3is em \u00edcones da cultura pop. Entenda por que <\/span><i><span style=\"font-weight: 400;\">The Boys<\/span><\/i><span style=\"font-weight: 400;\"> n\u00e3o seria a mesma sem suas interpreta\u00e7\u00f5es brutais, que equilibram humor negro, trag\u00e9dia humana e cr\u00edtica social com maestria.<\/span><\/p>\n<h2>A s\u00e9rie <i>The Boys<\/i><\/h2>\n<p><span style=\"font-weight: 400;\">Adaptada dos quadrinhos de Garth Ennis e Darick Robertson, <\/span><i><span style=\"font-weight: 400;\">The Boys<\/span><\/i><span style=\"font-weight: 400;\"> reinventa o g\u00eanero ao expor o lado podre de supostos her\u00f3is. Desenvolvida por Eric Kripke, a trama acompanha um grupo de vigilantes liderados por Billy Butcher (Karl Urban), que desafiam a Vought International \u2014 corpora\u00e7\u00e3o que comercializa supers como produtos de entretenimento.<\/span><\/p>\n<p><span style=\"font-weight: 400;\">A premissa central gira em torno do embate entre Os Sete (equipe de &#8220;her\u00f3is&#8221; narcisistas e corruptos) e Os Rapazes (justiceiros dispostos a qualquer coisa para desmascarar a farsa). Com uma narrativa que mistura humor \u00e1cido, viol\u00eancia gr\u00e1fica e cr\u00edticas sociais afiadas, a s\u00e9rie questiona o culto \u00e0 celebridade, o militarismo e a manipula\u00e7\u00e3o midi\u00e1tica.<\/span><\/p>\n<p><span style=\"font-weight: 400;\">Destaque para o arco de Hughie Campbell (Jack Quaid), cuja vida vira um pesadelo ap\u00f3s a namorada ser morta pelo supers\u00f4nico A-Train \u2014 evento que desencadeia sua jornada de vingan\u00e7a e descoberta das podrid\u00f5es por tr\u00e1s do sistema heroico. Enquanto isso, Homelander (Antony Starr) personifica o fascismo disfar\u00e7ado de patriotismo, tornando-se um dos vil\u00f5es mais perturbadores da TV contempor\u00e2nea.<\/span><\/p>\n<p><span style=\"font-weight: 400;\">A s\u00e9rie ainda expande seu universo com spin-offs como Gen V, explorando o treinamento de jovens supers, e mant\u00e9m sua relev\u00e2ncia ao refletir dilemas \u00e9ticos e pol\u00edticos atuais.<\/span><\/p>\n<h2>O elenco de <i>The Boys<\/i><\/h2>\n<p>O sucesso de <i>The Boys<\/i> repousa em um elenco que personifica a dualidade entre hero\u00edsmo e corrup\u00e7\u00e3o. Cada ator mergulha sem reservas na ambiguidade de seus personagens, criando uma sinergia que amplifica o humor negro, a cr\u00edtica social e a tens\u00e3o narrativa. Desde os protagonistas at\u00e9 figuras secund\u00e1rias, o elenco transforma a s\u00e9rie em um estudo de personagens inesquec\u00edveis.<\/p>\n<figure id=\"attachment_44745\" aria-describedby=\"caption-attachment-44745\" style=\"width: 1280px\" class=\"wp-caption alignnone\"><img fetchpriority=\"high\" decoding=\"async\" class=\"size-full wp-image-44745\" src=\"https:\/\/news.filmelier.com\/wp-content\/uploads\/2025\/05\/elenco-de-the-boys.webp\" alt=\"O elenco principal de The Boys, em seus trajes de super-her\u00f3is, caminhando em frente a uma paisagem urbana nebulosa.\" width=\"1280\" height=\"720\" srcset=\"https:\/\/news.filmelier.com\/wp-content\/uploads\/2025\/05\/elenco-de-the-boys.webp 1280w, https:\/\/news.filmelier.com\/wp-content\/uploads\/2025\/05\/elenco-de-the-boys-300x169.webp 300w, https:\/\/news.filmelier.com\/wp-content\/uploads\/2025\/05\/elenco-de-the-boys-1024x576.webp 1024w, https:\/\/news.filmelier.com\/wp-content\/uploads\/2025\/05\/elenco-de-the-boys-768x432.webp 768w, https:\/\/news.filmelier.com\/wp-content\/uploads\/2025\/05\/elenco-de-the-boys-150x84.webp 150w\" sizes=\"(max-width: 1280px) 100vw, 1280px\" \/><figcaption id=\"caption-attachment-44745\" class=\"wp-caption-text\"><em>O elenco principal de The Boys. (Cr\u00e9dito: TMDB).<\/em><\/figcaption><\/figure>\n<p><strong>Veja mais:\u00a0<a href=\"https:\/\/news.filmelier.com\/the-last-of-us-tudo-sobre-2-temporada\/\">\u2018The Last of Us\u2019: O que esperar das 2\u00aa e 3\u00aa temporadas da s\u00e9rie da HBO?<\/a><\/strong><\/p>\n<h3>Karl Urban como Billy Butcher<\/h3>\n<p>Karl Urban (<a href=\"https:\/\/www.filmelier.com\/br\/filmes\/25155\/dredd\"><i>Dredd<\/i><\/a>) d\u00e1 vida a Billy Butcher, o l\u00edder carism\u00e1tico e implac\u00e1vel do grupo que desafia os super-her\u00f3is corrompidos. Butcher \u00e9 um anti-her\u00f3i movido por uma f\u00faria pessoal contra os Supes, especialmente Homelander, a quem culpa pela trag\u00e9dia que destruiu sua fam\u00edlia.<\/p>\n<p>Urban entrega uma performance intensa, equilibrando o sarcasmo mordaz e o lado sombrio do personagem com momentos de vulnerabilidade e humanidade. Na s\u00e9rie, Butcher \u00e9 retratado como um estrategista brilhante, disposto a ultrapassar qualquer limite para atingir seus objetivos \u2014 inclusive manipular e colocar sua equipe em situa\u00e7\u00f5es extremas.<\/p>\n<p>Sua rela\u00e7\u00e3o complexa com Hughie Campbell, marcada por uma mistura de prote\u00e7\u00e3o e dureza, \u00e9 um dos pilares emocionais da trama. A atua\u00e7\u00e3o de Urban foi amplamente elogiada por cr\u00edticos e f\u00e3s, que destacam sua capacidade de tornar Butcher ao mesmo tempo temido e fascinante, consolidando o personagem como um dos anti-her\u00f3is mais marcantes da televis\u00e3o contempor\u00e2nea.<\/p>\n<h3>Antony Starr como Homelander<\/h3>\n<p><span style=\"font-weight: 400;\">Antony Starr (<\/span><a href=\"https:\/\/www.filmelier.com\/br\/filmes\/22841\/o-pacto\"><i><span style=\"font-weight: 400;\">O Pacto<\/span><\/i><\/a><span style=\"font-weight: 400;\">) entrega uma das performances mais marcantes da televis\u00e3o contempor\u00e2nea ao interpretar Homelander, o l\u00edder dos Sete em <\/span><i><span style=\"font-weight: 400;\">The Boys<\/span><\/i><span style=\"font-weight: 400;\">.<\/span><\/p>\n<p><span style=\"font-weight: 400;\">Muito al\u00e9m de um simples vil\u00e3o, Homelander \u00e9 um personagem complexo: um narcisista s\u00e1dico, egoc\u00eantrico e psicologicamente inst\u00e1vel, que esconde sua verdadeira natureza sob a fachada de her\u00f3i perfeito.<\/span><\/p>\n<p><span style=\"font-weight: 400;\">Starr constr\u00f3i o personagem com nuances, revelando n\u00e3o s\u00f3 sua crueldade e imprevisibilidade, mas tamb\u00e9m tra\u00e7os de infantilidade e traumas profundos, resultado de uma cria\u00e7\u00e3o desumana e sem afeto.<\/span><\/p>\n<p><span style=\"font-weight: 400;\">Ao longo das temporadas, a atua\u00e7\u00e3o de Starr destaca a dualidade de Homelander \u2014 capaz de gestos de aparente gentileza em p\u00fablico, mas brutal e manipulador nos bastidores. O ator foi amplamente elogiado por evitar o exagero, tornando o personagem assustador justamente por sua humanidade distorcida e imprevis\u00edvel.<\/span><\/p>\n<h3>Jack Quaid como Hughie Campbell<\/h3>\n<p>Jack Quaid (<a href=\"https:\/\/www.filmelier.com\/br\/filmes\/41855\/novocaine-a-prova-de-dor\"><i>Novocaine: \u00c0 Prova De Dor<\/i><\/a>) interpreta Hughie Campbell, o protagonista que serve como o cora\u00e7\u00e3o moral de <i>The Boys<\/i>.<\/p>\n<p>Inicialmente apresentado como um jovem comum e vulner\u00e1vel, Hughie \u00e9 impulsionado a se juntar ao grupo de vigilantes ap\u00f3s a morte tr\u00e1gica de sua namorada Robin, causada pelo super-her\u00f3i A-Train. Esse evento traum\u00e1tico marca o in\u00edcio de sua jornada de amadurecimento e resist\u00eancia frente \u00e0 corrup\u00e7\u00e3o dos Supes e da corpora\u00e7\u00e3o Vought.<\/p>\n<p>Ao longo das temporadas, Quaid constr\u00f3i um personagem que evolui de algu\u00e9m inseguro e reativo para um membro cada vez mais confiante e resiliente da equipe. Sua rela\u00e7\u00e3o com Billy Butcher e Starlight \u00e9 central para a trama, proporcionando momentos de tens\u00e3o, lealdade e crescimento emocional.<\/p>\n<h3>Erin Moriarty como Starlight<\/h3>\n<p>Erin Moriarty (<a href=\"https:\/\/www.filmelier.com\/br\/filmes\/11320\/heranca-de-sangue\"><i>Heran\u00e7a de Sangue<\/i><\/a>) interpreta Annie January, a Starlight, em <i>The Boys<\/i>, trazendo profundidade e humanidade \u00e0 personagem que representa o lado mais idealista e \u00edntegro do universo da s\u00e9rie.<\/p>\n<p>Starlight come\u00e7a sua trajet\u00f3ria como uma jovem hero\u00edna cheia de esperan\u00e7a, criada em um ambiente religioso e com valores s\u00f3lidos, mas logo se depara com a dura realidade dos bastidores dos super-her\u00f3is e da corpora\u00e7\u00e3o Vought.<\/p>\n<p>Moriarty destaca que a personagem, inicialmente ing\u00eanua, amadurece ao longo das temporadas, enfrentando adversidades e traumas, mas sem perder seu desejo genu\u00edno de fazer o bem e ser uma verdadeira hero\u00edna.<\/p>\n<p>A atua\u00e7\u00e3o de Moriarty \u00e9 marcada pela entrega emocional e pela complexidade com que constr\u00f3i Starlight, mostrando suas vulnerabilidades, d\u00favidas e for\u00e7a diante das injusti\u00e7as e abusos que presencia.<\/p>\n<p>&nbsp;<\/p>\n<h3>Karen Fukuhara como Kimiko<\/h3>\n<p>Karen Fukuhara (<a href=\"https:\/\/www.filmelier.com\/br\/filmes\/20119\/trem-bala\"><i>Trem-Bala<\/i><\/a>) interpreta Kimiko Miyashiro, conhecida como \u201cThe Female\u201d, em <i>The Boys<\/i>, trazendo uma das personagens mais enigm\u00e1ticas e emocionalmente complexas da s\u00e9rie.<\/p>\n<p>Kimiko \u00e9 uma super marcada por um passado traum\u00e1tico: v\u00edtima de experimentos e treinada como assassina pela Shining Light Liberation Army, ela carrega o peso de in\u00fameras vidas tiradas ainda na juventude. Seu mutismo n\u00e3o \u00e9 resultado de trauma f\u00edsico, mas sim psicol\u00f3gico, fruto do arrependimento e da culpa por suas a\u00e7\u00f5es \u2014 uma escolha desenvolvida em colabora\u00e7\u00e3o entre Fukuhara e o showrunner Eric Kripke, para manter aberta a possibilidade de evolu\u00e7\u00e3o e esperan\u00e7a para a personagem.<\/p>\n<p>Ao longo das temporadas, Kimiko evolui de uma figura selvagem e silenciosa para algu\u00e9m que busca reden\u00e7\u00e3o, pertencimento e conex\u00e3o humana, especialmente atrav\u00e9s de sua rela\u00e7\u00e3o com Frenchie. Fukuhara destaca a import\u00e2ncia da comunica\u00e7\u00e3o n\u00e3o verbal para a personagem, utilizando linguagem de sinais e express\u00f5es corporais para transmitir emo\u00e7\u00f5es profundas, tornando Kimiko uma presen\u00e7a marcante mesmo sem palavras.<\/p>\n<h3>Laz Alonso como M.M.<\/h3>\n<p>Laz Alonso (<a href=\"https:\/\/www.filmelier.com\/br\/filmes\/27286\/sob-custodia\"><i>Sob Cust\u00f3dia<\/i><\/a>) interpreta Mother\u2019s Milk (M.M.), o membro mais estrat\u00e9gico e moralmente firme dos Boys. Como um ex-soldado obcecado por justi\u00e7a, M.M. carrega o trauma de ver sua fam\u00edlia ser destru\u00edda por supers \u2014 especialmente Soldier Boy, cujo retorno reacende seu desejo de vingan\u00e7a.<\/p>\n<p>Alonso constr\u00f3i o personagem com uma mistura de rigidez militar e vulnerabilidade, destacando sua luta contra o Transtorno Obsessivo-Compulsivo (TOC) e o medo de germes, que o torna paradoxalmente fr\u00e1gil e resiliente.<\/p>\n<p>Sua performance equilibra humor \u00e1cido (como em cenas que desafiam seu TOC, envolvendo fluidos corporais repugnantes) e profundidade emocional, especialmente em confrontos com Soldier Boy e em seu papel como figura paterna para os membros mais jovens da equipe.<\/p>\n<h3>Chace Crawford como The Deep<\/h3>\n<p>Chace Crawford (<a href=\"https:\/\/www.filmelier.com\/br\/filmes\/6584\/nina-no-palco-e-na-vida\"><i>Nina: No Palco e na Vida<\/i><\/a>) d\u00e1 vida a Profundo (The Deep), um dos membros mais pat\u00e9ticos e tragic\u00f4micos dos Sete em <i>The Boys<\/i>.<\/p>\n<p>Com uma interpreta\u00e7\u00e3o que mistura narcisismo e vulnerabilidade, Crawford transforma o personagem em uma s\u00e1tira mordaz aos super-her\u00f3is convencionais. Profundo, cuja habilidade de se comunicar com criaturas marinhas \u00e9 constantemente ridicularizada, \u00e9 retratado como um indiv\u00edduo inseguro, obcecado por aceita\u00e7\u00e3o e fama, mas incapaz de escapar de suas pr\u00f3prias falhas morais.<\/p>\n<p>Crawford aproveita cada momento para destacar a hipocrisia do personagem, como em cenas onde defende os direitos dos golfinhos enquanto ignora atrocidades humanas. Seu passado traum\u00e1tico \u2014 incluindo um casamento for\u00e7ado com uma lula antropom\u00f3rfica \u2014 \u00e9 explorado com humor \u00e1cido, tornando-o simultaneamente repugnante e simp\u00e1tico.<\/p>\n<h3>Jessie T. Usher como A-Train<\/h3>\n<p>Jessie T. Usher (<a href=\"https:\/\/www.filmelier.com\/br\/filmes\/6587\/shaft\"><i>Shaft<\/i><\/a>) interpreta A-Train (Reginald Franklin), o velocista narcisista e problem\u00e1tico dos Sete em <i>The Boys<\/i>, cuja jornada oscila entre a arrog\u00e2ncia autodestrutiva e uma busca tardia por reden\u00e7\u00e3o.<\/p>\n<p>Introduzido como antagonista direto ap\u00f3s matar a namorada de Hughie, Robin, em um acidente chocante, A-Train personifica a corrup\u00e7\u00e3o e a vaidade dos supers \u2014 viciado em Compound V para manter seus poderes e disposto a sacrificar qualquer um para preservar seu status.<\/p>\n<p>Usher constr\u00f3i um personagem que evolui de um her\u00f3i perform\u00e1tico (que usa identidade afrocentrada como estrat\u00e9gia de marketing) para algu\u00e9m confrontado com suas pr\u00f3prias contradi\u00e7\u00f5es.<\/p>\n<p>A performance de Jessie T. Usher foi elogiada por equilibrar com\u00e9dia tr\u00e1gica e drama introspectivo, consolidando A-Train como um dos personagens mais humanamente falhos \u2014 e fascinantes \u2014 da s\u00e9rie.<\/p>\n<h3>Nathan Mitchell como Black Noir<\/h3>\n<p>Nathan Mitchell \u00e9 o respons\u00e1vel por dar vida ao enigm\u00e1tico Black Noir em <i>The Boys<\/i>, sendo um dos poucos personagens que se destacam mesmo sem dizer uma palavra. Desde a primeira temporada, Mitchell construiu o personagem com uma atua\u00e7\u00e3o baseada em linguagem corporal e express\u00f5es sutis, transmitindo mist\u00e9rio, intensidade e at\u00e9 momentos de humor silencioso.<\/p>\n<p>O ator incorporou elementos de sua pr\u00f3pria vida ao papel, como sua alergia severa a nozes, que foi usada como fraqueza do personagem na trama. No entanto, a trajet\u00f3ria de Black Noir sofreu uma reviravolta impactante ao final da terceira temporada, quando o personagem \u00e9 brutalmente morto por Homelander ap\u00f3s anos guardando um segredo importante sobre Soldier Boy.<\/p>\n<p>Para a surpresa dos f\u00e3s, Mitchell retornou na quarta temporada interpretando uma nova vers\u00e3o: Black Noir II, um ator contratado pela Vought para manter a ilus\u00e3o de que o original ainda est\u00e1 vivo, protegendo a imagem dos Sete e evitando questionamentos p\u00fablicos.<\/p>\n<p>Esse novo Noir, tamb\u00e9m interpretado por Mitchell, traz nuances diferentes, j\u00e1 que agora ele \u00e9 um personagem consciente de estar representando um papel dentro do universo da s\u00e9rie, adicionando uma camada de s\u00e1tira e cr\u00edtica \u00e0 manipula\u00e7\u00e3o midi\u00e1tica promovida pela Vought.<\/p>\n<h3><strong>Tomer Capone como Frenchie<\/strong><\/h3>\n<p>Tomer Capone (<em>Miss\u00e3o Tit\u00e3<\/em>)\u00a0 interpreta Frenchie, um dos personagens com maior background e carisma de The Boys.<\/p>\n<p data-start=\"115\" data-end=\"342\">O ator israelense interpreta Frenchie com uma constru\u00e7\u00e3o rica em camadas: especialista em explosivos, sobrevivente com marcas profundas e aliado constante de Kimiko, com quem estabelece uma das rela\u00e7\u00f5es mais s\u00f3lidas da s\u00e9rie.<\/p>\n<p data-start=\"344\" data-end=\"486\">A caracteriza\u00e7\u00e3o une conhecimento t\u00e9cnico e vulnerabilidade, revelando um lado protetor que contrasta com a brutalidade exigida pelo of\u00edcio.<\/p>\n<p data-start=\"488\" data-end=\"719\">A parceria com Karen Fukuhara sustenta parte importante da narrativa. Frenchie atua como tradutor e protetor de Kimiko, alternando refer\u00eancias culturais bem-humoradas com momentos introspectivos sobre lealdade e rela\u00e7\u00f5es humanas.<\/p>\n<p data-start=\"721\" data-end=\"975\">Capone afasta o personagem do estere\u00f3tipo de \u201cespecialista em armas\u201d, mostrando nuances que o tornam uma das figuras mais marcantes de <em data-start=\"856\" data-end=\"866\">The Boys<\/em>. Sua atua\u00e7\u00e3o evidencia como Frenchie encontra motiva\u00e7\u00e3o e objetivo nas intera\u00e7\u00f5es que mant\u00e9m com a equipe.<\/p>\n<p data-start=\"721\" data-end=\"975\">Al\u00e9m de seu trabalho na TV, Capone tamb\u00e9m est\u00e1 no elenco de <em data-start=\"1152\" data-end=\"1165\"><a href=\"https:\/\/www.filmelier.com\/br\/filmes\/113265\/missao-tita\">Miss\u00e3o Tit\u00e3<\/a> (2024), em que <\/em>assume o papel de Nash, fic\u00e7\u00e3o cient\u00edfica que leva o espectador a uma miss\u00e3o \u00e0 lua Tit\u00e3. Ao lado de Casey Affleck e Laurence Fishburne, Capone encarna um especialista t\u00e9cnico que atravessa crises psicol\u00f3gicas profundas em meio ao isolamento espacial. O roteiro explora a confus\u00e3o entre realidade e del\u00edrio induzido pelo sono criog\u00eanico, principalmente na sequ\u00eancia conhecida como <em>slingshot<\/em> \u2014 manobra violenta que busca impulsionar a espa\u00e7onave at\u00e9 Tit\u00e3. O desempenho de Capone combina tens\u00e3o crescente com uma fr\u00e1gil l\u00f3gica, ampliando o alcance emocional do enredo. Lan\u00e7ado em agosto de 2024, conquistou aten\u00e7\u00e3o com seu clima claustrof\u00f3bico e a constru\u00e7\u00e3o visual minimalista, que transforma o ambiente em parte ativa da narrativa.<\/p>\n<p><iframe title=\"Slingshot | Official Trailer | Bleecker Street\" width=\"800\" height=\"450\" src=\"https:\/\/www.youtube.com\/embed\/tibvd41bhCg?feature=oembed\" frameborder=\"0\" allow=\"accelerometer; autoplay; clipboard-write; encrypted-media; gyroscope; picture-in-picture; web-share\" referrerpolicy=\"strict-origin-when-cross-origin\" allowfullscreen><\/iframe><\/p>\n<h3>Como o elenco de <i>The Boys<\/i> contribui para o tom irreverente e sombrio da s\u00e9rie?<\/h3>\n<p>O elenco de <i>The Boys<\/i> \u00e9 essencial para equilibrar o humor \u00e1cido e a viol\u00eancia gr\u00e1fica que definem a s\u00e9rie, criando uma mistura \u00fanica de s\u00e1tira e drama. Karl Urban personifica o cinismo brutal com seu sarcasmo mordaz e moralidade distorcida, enquanto Antony Starr eleva a tens\u00e3o psicol\u00f3gica ao oscilar entre charme midi\u00e1tico e psicopatia, representando a dualidade entre hero\u00edsmo e tirania.<\/p>\n<p>Jack Quaid e Erin Moriarty atuam como \u00e2ncoras emocionais: ele traz vulnerabilidade e crescimento em meio ao caos, e ela contrasta o idealismo com a desilus\u00e3o, humanizando a narrativa. J\u00e1 Chace Crawford e Jessie T. Usher mergulham na auto ridiculariza\u00e7\u00e3o, usando o absurdo para criticar a fr\u00e1gil masculinidade t\u00f3xica e o culto \u00e0 fama.<\/p>\n<p>O humor surge em performances como a de Tomer Capone, que mistura lealdade e trauma com cenas de com\u00e9dia f\u00edsica, e Karen Fukuhara, cuja comunica\u00e7\u00e3o n\u00e3o verbal adiciona camadas de ironia e ternura. At\u00e9 Nathan Mitchell contribui com um misticismo silencioso, que ganha tons meta-humor\u00edsticos ao se tornar uma s\u00e1tira \u00e0 fabrica\u00e7\u00e3o de mitos midi\u00e1ticos.<\/p>\n<p>Cada ator abra\u00e7a a ambiguidade moral de seus personagens, permitindo que a s\u00e9rie critique temas como fascismo, corporativismo e \u00e9tica distorcida sem perder o ritmo fren\u00e9tico. A qu\u00edmica do elenco transforma cenas ultra violentas em coment\u00e1rios sociais afiados, provando que at\u00e9 o mais grotesco pode ser hil\u00e1rio \u2014 e profundamente perturbador.<\/p>\n<p><strong>Veja tamb\u00e9m: <a href=\"https:\/\/news.filmelier.com\/elenco-de-yellowstone-conheca-os-protagonistas-da-serie\/\">Elenco de \u2018Yellowstone\u2019: conhe\u00e7a os protagonistas da s\u00e9rie<\/a><\/strong><\/p>\n<h2>Conclus\u00e3o<\/h2>\n<p><span style=\"font-weight: 400;\">A s\u00e9rie <\/span><i><span style=\"font-weight: 400;\">The Boys <\/span><\/i><span style=\"font-weight: 400;\">n\u00e3o seria o fen\u00f4meno cultural que \u00e9 sem a maestria de seu elenco, que transforma anti-her\u00f3is moralmente amb\u00edguos em \u00edcones memor\u00e1veis.<\/span><\/p>\n<p><span style=\"font-weight: 400;\">Karl Urban e Antony Starr personificam extremos opostos \u2014 o rancor visceral de Butcher e a psicopatia carism\u00e1tica de Homelander \u2014, enquanto Jack Quaid e Erin Moriarty humanizam a narrativa como \u00e2ncoras emocionais. Tomer Capone, Karen Fukuhara e Laz Alonso completam o mosaico, equilibrando humor \u00e1cido e vulnerabilidade em personagens que desafiam estere\u00f3tipos.<\/span><\/p>\n<p><span style=\"font-weight: 400;\">Cada performance \u00e9 um estudo de nuances: da arrog\u00e2ncia tragic\u00f4mica de Chace Crawford \u00e0 autodestrui\u00e7\u00e3o amb\u00edgua de Jessie T. Usher, o elenco constr\u00f3i uma cr\u00edtica afiada ao culto do hero\u00edsmo e \u00e0 corrup\u00e7\u00e3o sist\u00eamica.<\/span><\/p>\n<p><span style=\"font-weight: 400;\">Assim, <\/span><i><span style=\"font-weight: 400;\">The Boys<\/span><\/i><span style=\"font-weight: 400;\"> prova que, mesmo em um universo dominado por cinismo e viol\u00eancia, h\u00e1 espa\u00e7o para humanidade \u2014 e \u00e9 o talento do elenco que torna essa dualidade t\u00e3o fascinante.<\/span><\/p>\n<p><span style=\"font-weight: 400;\">Quer entender como essas performances moldam uma das s\u00e9ries mais irreverentes da TV?<\/span><\/p>\n<p><span style=\"font-weight: 400;\">Explore mais an\u00e1lises detalhadas sobre s\u00e9ries e cinema no <\/span><a href=\"https:\/\/www.filmelier.com\/br\"><span style=\"font-weight: 400;\">Filmelier<\/span><\/a><span style=\"font-weight: 400;\">.<\/span><\/p>\n<p>&nbsp;<\/p>\n","protected":false},"excerpt":{"rendered":"<p>Descubra o elenco de The Boys e como as performances de Karl Urban, Antony Starr, Jack Quaid e Erin Moriarty moldam a s\u00e9rie que revolucionou o g\u00eanero de super-her\u00f3is.<\/p>\n","protected":false},"author":14,"featured_media":49559,"comment_status":"open","ping_status":"open","sticky":false,"template":"","format":"standard","meta":{"_acf_changed":false,"footnotes":""},"categories":[3492],"tags":[3721,3628,3542,3722],"class_list":["post-49558","post","type-post","status-publish","format-standard","has-post-thumbnail","hentry","category-series-novelas-br","tag-elenco-the-boys-br","tag-prime-video-br","tag-series-br","tag-super-herois-br"],"acf":{"subtitulo":" Descubra o elenco de The Boys e como as performances de Karl Urban, Antony Starr, Jack Quaid e Erin Moriarty moldam a s\u00e9rie que revolucionou o g\u00eanero de super-her\u00f3is.","id_ator":""},"yoast_head":"<!-- This site is optimized with the Yoast SEO plugin v26.1.1 - https:\/\/yoast.com\/wordpress\/plugins\/seo\/ -->\n<title>Elenco de The Boys e o impacto no sucesso da s\u00e9rie | Filmelier<\/title>\n<meta name=\"description\" content=\"Descubra o elenco de The Boys e como as performances de Karl Urban, Antony Starr, Jack Quaid e Erin Moriarty moldam a s\u00e9rie que revolucionou o g\u00eanero de super-her\u00f3is.\" \/>\n<meta name=\"robots\" content=\"index, follow, max-snippet:-1, max-image-preview:large, max-video-preview:-1\" \/>\n<link rel=\"canonical\" href=\"https:\/\/news.filmelier.com\/br\/elenco-de-the-boys\/\" \/>\n<meta property=\"og:locale\" content=\"pt_BR\" \/>\n<meta property=\"og:type\" content=\"article\" \/>\n<meta property=\"og:title\" content=\"Elenco de The Boys e o impacto no sucesso da s\u00e9rie | Filmelier\" \/>\n<meta property=\"og:description\" content=\"Descubra o elenco de The Boys e como as performances de Karl Urban, Antony Starr, Jack Quaid e Erin Moriarty moldam a s\u00e9rie que revolucionou o g\u00eanero de super-her\u00f3is.\" \/>\n<meta property=\"og:url\" content=\"https:\/\/news.filmelier.com\/br\/elenco-de-the-boys\/\" \/>\n<meta property=\"og:site_name\" content=\"News Filmelier\" \/>\n<meta property=\"article:published_time\" content=\"2025-05-14T13:26:58+00:00\" \/>\n<meta property=\"article:modified_time\" content=\"2025-08-13T16:35:42+00:00\" \/>\n<meta property=\"og:image\" content=\"https:\/\/homolog.news.filmelier.com\/wp-content\/uploads\/2025\/05\/elenco-de-the-boys-1.webp\" \/>\n\t<meta property=\"og:image:width\" content=\"560\" \/>\n\t<meta property=\"og:image:height\" content=\"280\" \/>\n\t<meta property=\"og:image:type\" content=\"image\/webp\" \/>\n<meta name=\"author\" content=\"Reda\u00e7\u00e3o Filmelier\" \/>\n<meta name=\"twitter:card\" content=\"summary_large_image\" \/>\n<meta name=\"twitter:label1\" content=\"Escrito por\" \/>\n\t<meta name=\"twitter:data1\" content=\"Reda\u00e7\u00e3o Filmelier\" \/>\n\t<meta name=\"twitter:label2\" content=\"Est. tempo de leitura\" \/>\n\t<meta name=\"twitter:data2\" content=\"11 minutos\" \/>\n<script type=\"application\/ld+json\" class=\"yoast-schema-graph\">{\"@context\":\"https:\/\/schema.org\",\"@graph\":[{\"@type\":\"Article\",\"@id\":\"https:\/\/news.filmelier.com\/br\/elenco-de-the-boys\/#article\",\"isPartOf\":{\"@id\":\"https:\/\/news.filmelier.com\/br\/elenco-de-the-boys\/\"},\"author\":{\"name\":\"Reda\u00e7\u00e3o Filmelier\",\"@id\":\"https:\/\/homolog.news.filmelier.com\/br\/#\/schema\/person\/a6491aa555ce96d9d1cc15f1742dbd7b\"},\"headline\":\"Elenco de The Boys e o impacto no sucesso da s\u00e9rie\",\"datePublished\":\"2025-05-14T13:26:58+00:00\",\"dateModified\":\"2025-08-13T16:35:42+00:00\",\"mainEntityOfPage\":{\"@id\":\"https:\/\/news.filmelier.com\/br\/elenco-de-the-boys\/\"},\"wordCount\":2661,\"commentCount\":0,\"publisher\":{\"@id\":\"https:\/\/homolog.news.filmelier.com\/br\/#organization\"},\"image\":{\"@id\":\"https:\/\/news.filmelier.com\/br\/elenco-de-the-boys\/#primaryimage\"},\"thumbnailUrl\":\"https:\/\/news.filmelier.com\/wp-content\/uploads\/2025\/05\/elenco-de-the-boys-1.webp\",\"keywords\":[\"elenco the boys\",\"Prime Video\",\"s\u00e9ries\",\"Super-herois\"],\"articleSection\":[\"S\u00e9ries e Novelas\"],\"inLanguage\":\"pt-BR\",\"potentialAction\":[{\"@type\":\"CommentAction\",\"name\":\"Comment\",\"target\":[\"https:\/\/news.filmelier.com\/br\/elenco-de-the-boys\/#respond\"]}]},{\"@type\":\"WebPage\",\"@id\":\"https:\/\/news.filmelier.com\/br\/elenco-de-the-boys\/\",\"url\":\"https:\/\/news.filmelier.com\/br\/elenco-de-the-boys\/\",\"name\":\"Elenco de The Boys e o impacto no sucesso da s\u00e9rie | Filmelier\",\"isPartOf\":{\"@id\":\"https:\/\/homolog.news.filmelier.com\/br\/#website\"},\"primaryImageOfPage\":{\"@id\":\"https:\/\/news.filmelier.com\/br\/elenco-de-the-boys\/#primaryimage\"},\"image\":{\"@id\":\"https:\/\/news.filmelier.com\/br\/elenco-de-the-boys\/#primaryimage\"},\"thumbnailUrl\":\"https:\/\/news.filmelier.com\/wp-content\/uploads\/2025\/05\/elenco-de-the-boys-1.webp\",\"datePublished\":\"2025-05-14T13:26:58+00:00\",\"dateModified\":\"2025-08-13T16:35:42+00:00\",\"description\":\"Descubra o elenco de The Boys e como as performances de Karl Urban, Antony Starr, Jack Quaid e Erin Moriarty moldam a s\u00e9rie que revolucionou o g\u00eanero de super-her\u00f3is.\",\"breadcrumb\":{\"@id\":\"https:\/\/news.filmelier.com\/br\/elenco-de-the-boys\/#breadcrumb\"},\"inLanguage\":\"pt-BR\",\"potentialAction\":[{\"@type\":\"ReadAction\",\"target\":[\"https:\/\/news.filmelier.com\/br\/elenco-de-the-boys\/\"]}]},{\"@type\":\"ImageObject\",\"inLanguage\":\"pt-BR\",\"@id\":\"https:\/\/news.filmelier.com\/br\/elenco-de-the-boys\/#primaryimage\",\"url\":\"https:\/\/news.filmelier.com\/wp-content\/uploads\/2025\/05\/elenco-de-the-boys-1.webp\",\"contentUrl\":\"https:\/\/news.filmelier.com\/wp-content\/uploads\/2025\/05\/elenco-de-the-boys-1.webp\",\"width\":560,\"height\":280,\"caption\":\"P\u00f4ster promocional da s\u00e9rie The Boys. (Cr\u00e9dito: TMDB).\"},{\"@type\":\"BreadcrumbList\",\"@id\":\"https:\/\/news.filmelier.com\/br\/elenco-de-the-boys\/#breadcrumb\",\"itemListElement\":[{\"@type\":\"ListItem\",\"position\":1,\"name\":\"In\u00edcio\",\"item\":\"https:\/\/homolog.news.filmelier.com\/br\/\"},{\"@type\":\"ListItem\",\"position\":2,\"name\":\"Elenco de The Boys e o impacto no sucesso da s\u00e9rie\"}]},{\"@type\":\"WebSite\",\"@id\":\"https:\/\/homolog.news.filmelier.com\/br\/#website\",\"url\":\"https:\/\/homolog.news.filmelier.com\/br\/\",\"name\":\"Homolog Filmelier News Rankrup\",\"description\":\"\",\"publisher\":{\"@id\":\"https:\/\/homolog.news.filmelier.com\/br\/#organization\"},\"potentialAction\":[{\"@type\":\"SearchAction\",\"target\":{\"@type\":\"EntryPoint\",\"urlTemplate\":\"https:\/\/homolog.news.filmelier.com\/br\/?s={search_term_string}\"},\"query-input\":{\"@type\":\"PropertyValueSpecification\",\"valueRequired\":true,\"valueName\":\"search_term_string\"}}],\"inLanguage\":\"pt-BR\"},{\"@type\":\"Organization\",\"@id\":\"https:\/\/homolog.news.filmelier.com\/br\/#organization\",\"name\":\"Homolog Filmelier News Rankrup\",\"url\":\"https:\/\/homolog.news.filmelier.com\/br\/\",\"logo\":{\"@type\":\"ImageObject\",\"inLanguage\":\"pt-BR\",\"@id\":\"https:\/\/homolog.news.filmelier.com\/br\/#\/schema\/logo\/image\/\",\"url\":\"https:\/\/news.filmelier.com\/wp-content\/uploads\/2024\/11\/Logo-News.png\",\"contentUrl\":\"https:\/\/news.filmelier.com\/wp-content\/uploads\/2024\/11\/Logo-News.png\",\"width\":460,\"height\":108,\"caption\":\"Homolog Filmelier News Rankrup\"},\"image\":{\"@id\":\"https:\/\/homolog.news.filmelier.com\/br\/#\/schema\/logo\/image\/\"}},{\"@type\":\"Person\",\"@id\":\"https:\/\/homolog.news.filmelier.com\/br\/#\/schema\/person\/a6491aa555ce96d9d1cc15f1742dbd7b\",\"name\":\"Reda\u00e7\u00e3o Filmelier\",\"image\":{\"@type\":\"ImageObject\",\"inLanguage\":\"pt-BR\",\"@id\":\"https:\/\/homolog.news.filmelier.com\/br\/#\/schema\/person\/image\/\",\"url\":\"https:\/\/secure.gravatar.com\/avatar\/8bf80419447553f32d821a953683c4666faca8d781f143825a02644ae3f7e2d0?s=96&d=mm&r=g\",\"contentUrl\":\"https:\/\/secure.gravatar.com\/avatar\/8bf80419447553f32d821a953683c4666faca8d781f143825a02644ae3f7e2d0?s=96&d=mm&r=g\",\"caption\":\"Reda\u00e7\u00e3o Filmelier\"},\"description\":\"Somos um time de jornalistas e cr\u00edticos que respira cinema a 24 quadros por segundo. Das estreias do circuito aos cl\u00e1ssicos restaurados, da curadoria em streamings \u00e0s entrevistas nos bastidores, nossa reda\u00e7\u00e3o transforma filmes em conte\u00fado inteligente \u2014 com an\u00e1lises afiadas, guias pr\u00e1ticos e hist\u00f3rias que fazem voc\u00ea ver a s\u00e9tima arte com outros olhos. Aqui no Filmelier, cinema n\u00e3o \u00e9 s\u00f3 lazer: \u00e9 of\u00edcio, \u00e9 expertise, \u00e9 paix\u00e3o em forma de texto.\",\"url\":\"https:\/\/news.filmelier.com\/br\/author\/contato-filmelier\/\"}]}<\/script>\n<!-- \/ Yoast SEO plugin. -->","yoast_head_json":{"title":"Elenco de The Boys e o impacto no sucesso da s\u00e9rie | Filmelier","description":"Descubra o elenco de The Boys e como as performances de Karl Urban, Antony Starr, Jack Quaid e Erin Moriarty moldam a s\u00e9rie que revolucionou o g\u00eanero de super-her\u00f3is.","robots":{"index":"index","follow":"follow","max-snippet":"max-snippet:-1","max-image-preview":"max-image-preview:large","max-video-preview":"max-video-preview:-1"},"canonical":"https:\/\/news.filmelier.com\/br\/elenco-de-the-boys\/","og_locale":"pt_BR","og_type":"article","og_title":"Elenco de The Boys e o impacto no sucesso da s\u00e9rie | Filmelier","og_description":"Descubra o elenco de The Boys e como as performances de Karl Urban, Antony Starr, Jack Quaid e Erin Moriarty moldam a s\u00e9rie que revolucionou o g\u00eanero de super-her\u00f3is.","og_url":"https:\/\/news.filmelier.com\/br\/elenco-de-the-boys\/","og_site_name":"News Filmelier","article_published_time":"2025-05-14T13:26:58+00:00","article_modified_time":"2025-08-13T16:35:42+00:00","og_image":[{"width":560,"height":280,"url":"https:\/\/homolog.news.filmelier.com\/wp-content\/uploads\/2025\/05\/elenco-de-the-boys-1.webp","type":"image\/webp"}],"author":"Reda\u00e7\u00e3o Filmelier","twitter_card":"summary_large_image","twitter_misc":{"Escrito por":"Reda\u00e7\u00e3o Filmelier","Est. tempo de leitura":"11 minutos"},"schema":{"@context":"https:\/\/schema.org","@graph":[{"@type":"Article","@id":"https:\/\/news.filmelier.com\/br\/elenco-de-the-boys\/#article","isPartOf":{"@id":"https:\/\/news.filmelier.com\/br\/elenco-de-the-boys\/"},"author":{"name":"Reda\u00e7\u00e3o Filmelier","@id":"https:\/\/homolog.news.filmelier.com\/br\/#\/schema\/person\/a6491aa555ce96d9d1cc15f1742dbd7b"},"headline":"Elenco de The Boys e o impacto no sucesso da s\u00e9rie","datePublished":"2025-05-14T13:26:58+00:00","dateModified":"2025-08-13T16:35:42+00:00","mainEntityOfPage":{"@id":"https:\/\/news.filmelier.com\/br\/elenco-de-the-boys\/"},"wordCount":2661,"commentCount":0,"publisher":{"@id":"https:\/\/homolog.news.filmelier.com\/br\/#organization"},"image":{"@id":"https:\/\/news.filmelier.com\/br\/elenco-de-the-boys\/#primaryimage"},"thumbnailUrl":"https:\/\/news.filmelier.com\/wp-content\/uploads\/2025\/05\/elenco-de-the-boys-1.webp","keywords":["elenco the boys","Prime Video","s\u00e9ries","Super-herois"],"articleSection":["S\u00e9ries e Novelas"],"inLanguage":"pt-BR","potentialAction":[{"@type":"CommentAction","name":"Comment","target":["https:\/\/news.filmelier.com\/br\/elenco-de-the-boys\/#respond"]}]},{"@type":"WebPage","@id":"https:\/\/news.filmelier.com\/br\/elenco-de-the-boys\/","url":"https:\/\/news.filmelier.com\/br\/elenco-de-the-boys\/","name":"Elenco de The Boys e o impacto no sucesso da s\u00e9rie | Filmelier","isPartOf":{"@id":"https:\/\/homolog.news.filmelier.com\/br\/#website"},"primaryImageOfPage":{"@id":"https:\/\/news.filmelier.com\/br\/elenco-de-the-boys\/#primaryimage"},"image":{"@id":"https:\/\/news.filmelier.com\/br\/elenco-de-the-boys\/#primaryimage"},"thumbnailUrl":"https:\/\/news.filmelier.com\/wp-content\/uploads\/2025\/05\/elenco-de-the-boys-1.webp","datePublished":"2025-05-14T13:26:58+00:00","dateModified":"2025-08-13T16:35:42+00:00","description":"Descubra o elenco de The Boys e como as performances de Karl Urban, Antony Starr, Jack Quaid e Erin Moriarty moldam a s\u00e9rie que revolucionou o g\u00eanero de super-her\u00f3is.","breadcrumb":{"@id":"https:\/\/news.filmelier.com\/br\/elenco-de-the-boys\/#breadcrumb"},"inLanguage":"pt-BR","potentialAction":[{"@type":"ReadAction","target":["https:\/\/news.filmelier.com\/br\/elenco-de-the-boys\/"]}]},{"@type":"ImageObject","inLanguage":"pt-BR","@id":"https:\/\/news.filmelier.com\/br\/elenco-de-the-boys\/#primaryimage","url":"https:\/\/news.filmelier.com\/wp-content\/uploads\/2025\/05\/elenco-de-the-boys-1.webp","contentUrl":"https:\/\/news.filmelier.com\/wp-content\/uploads\/2025\/05\/elenco-de-the-boys-1.webp","width":560,"height":280,"caption":"P\u00f4ster promocional da s\u00e9rie The Boys. (Cr\u00e9dito: TMDB)."},{"@type":"BreadcrumbList","@id":"https:\/\/news.filmelier.com\/br\/elenco-de-the-boys\/#breadcrumb","itemListElement":[{"@type":"ListItem","position":1,"name":"In\u00edcio","item":"https:\/\/homolog.news.filmelier.com\/br\/"},{"@type":"ListItem","position":2,"name":"Elenco de The Boys e o impacto no sucesso da s\u00e9rie"}]},{"@type":"WebSite","@id":"https:\/\/homolog.news.filmelier.com\/br\/#website","url":"https:\/\/homolog.news.filmelier.com\/br\/","name":"Homolog Filmelier News Rankrup","description":"","publisher":{"@id":"https:\/\/homolog.news.filmelier.com\/br\/#organization"},"potentialAction":[{"@type":"SearchAction","target":{"@type":"EntryPoint","urlTemplate":"https:\/\/homolog.news.filmelier.com\/br\/?s={search_term_string}"},"query-input":{"@type":"PropertyValueSpecification","valueRequired":true,"valueName":"search_term_string"}}],"inLanguage":"pt-BR"},{"@type":"Organization","@id":"https:\/\/homolog.news.filmelier.com\/br\/#organization","name":"Homolog Filmelier News Rankrup","url":"https:\/\/homolog.news.filmelier.com\/br\/","logo":{"@type":"ImageObject","inLanguage":"pt-BR","@id":"https:\/\/homolog.news.filmelier.com\/br\/#\/schema\/logo\/image\/","url":"https:\/\/news.filmelier.com\/wp-content\/uploads\/2024\/11\/Logo-News.png","contentUrl":"https:\/\/news.filmelier.com\/wp-content\/uploads\/2024\/11\/Logo-News.png","width":460,"height":108,"caption":"Homolog Filmelier News Rankrup"},"image":{"@id":"https:\/\/homolog.news.filmelier.com\/br\/#\/schema\/logo\/image\/"}},{"@type":"Person","@id":"https:\/\/homolog.news.filmelier.com\/br\/#\/schema\/person\/a6491aa555ce96d9d1cc15f1742dbd7b","name":"Reda\u00e7\u00e3o Filmelier","image":{"@type":"ImageObject","inLanguage":"pt-BR","@id":"https:\/\/homolog.news.filmelier.com\/br\/#\/schema\/person\/image\/","url":"https:\/\/secure.gravatar.com\/avatar\/8bf80419447553f32d821a953683c4666faca8d781f143825a02644ae3f7e2d0?s=96&d=mm&r=g","contentUrl":"https:\/\/secure.gravatar.com\/avatar\/8bf80419447553f32d821a953683c4666faca8d781f143825a02644ae3f7e2d0?s=96&d=mm&r=g","caption":"Reda\u00e7\u00e3o Filmelier"},"description":"Somos um time de jornalistas e cr\u00edticos que respira cinema a 24 quadros por segundo. Das estreias do circuito aos cl\u00e1ssicos restaurados, da curadoria em streamings \u00e0s entrevistas nos bastidores, nossa reda\u00e7\u00e3o transforma filmes em conte\u00fado inteligente \u2014 com an\u00e1lises afiadas, guias pr\u00e1ticos e hist\u00f3rias que fazem voc\u00ea ver a s\u00e9tima arte com outros olhos. Aqui no Filmelier, cinema n\u00e3o \u00e9 s\u00f3 lazer: \u00e9 of\u00edcio, \u00e9 expertise, \u00e9 paix\u00e3o em forma de texto.","url":"https:\/\/news.filmelier.com\/br\/author\/contato-filmelier\/"}]}},"_links":{"self":[{"href":"https:\/\/news.filmelier.com\/br\/wp-json\/wp\/v2\/posts\/49558","targetHints":{"allow":["GET"]}}],"collection":[{"href":"https:\/\/news.filmelier.com\/br\/wp-json\/wp\/v2\/posts"}],"about":[{"href":"https:\/\/news.filmelier.com\/br\/wp-json\/wp\/v2\/types\/post"}],"author":[{"embeddable":true,"href":"https:\/\/news.filmelier.com\/br\/wp-json\/wp\/v2\/users\/14"}],"replies":[{"embeddable":true,"href":"https:\/\/news.filmelier.com\/br\/wp-json\/wp\/v2\/comments?post=49558"}],"version-history":[{"count":5,"href":"https:\/\/news.filmelier.com\/br\/wp-json\/wp\/v2\/posts\/49558\/revisions"}],"predecessor-version":[{"id":56316,"href":"https:\/\/news.filmelier.com\/br\/wp-json\/wp\/v2\/posts\/49558\/revisions\/56316"}],"wp:featuredmedia":[{"embeddable":true,"href":"https:\/\/news.filmelier.com\/br\/wp-json\/wp\/v2\/media\/49559"}],"wp:attachment":[{"href":"https:\/\/news.filmelier.com\/br\/wp-json\/wp\/v2\/media?parent=49558"}],"wp:term":[{"taxonomy":"category","embeddable":true,"href":"https:\/\/news.filmelier.com\/br\/wp-json\/wp\/v2\/categories?post=49558"},{"taxonomy":"post_tag","embeddable":true,"href":"https:\/\/news.filmelier.com\/br\/wp-json\/wp\/v2\/tags?post=49558"}],"curies":[{"name":"wp","href":"https:\/\/api.w.org\/{rel}","templated":true}]}}