{"id":49528,"date":"2025-05-18T14:33:32","date_gmt":"2025-05-18T17:33:32","guid":{"rendered":"https:\/\/news.filmelier.com\/eddington-sirat-cannes-2025\/"},"modified":"2025-06-09T00:13:08","modified_gmt":"2025-06-09T03:13:08","slug":"eddington-sirat-cannes-2025","status":"publish","type":"post","link":"https:\/\/news.filmelier.com\/br\/eddington-sirat-cannes-2025\/","title":{"rendered":"&#8216;Eddington&#8217; e &#8216;Sir\u00e2t&#8217; mostram mundos em colapso com ajuda do g\u00eanero (Cannes 2025)"},"content":{"rendered":"<p>\u00c0 primeira vista, a coprodu\u00e7\u00e3o Espanha-Fran\u00e7a <a href=\"https:\/\/www.filmelier.com\/br\/filmes\/110901\/sirat\" target=\"_blank\" rel=\"noopener\"><em>Sir\u00e2t<\/em><\/a>, dirigida por Oliver Laxe, e a norte-americana <a href=\"https:\/\/www.filmelier.com\/br\/filmes\/110895\/eddington\" target=\"_blank\" rel=\"noopener\"><em>Eddington<\/em><\/a>, de Ari Aster, ambas exibidas em competi\u00e7\u00e3o no 78\u00ba <a href=\"https:\/\/www.filmelier.com\/br\/festival\/festival-de-cannes\" target=\"_blank\" rel=\"noopener\">Festival de Cannes<\/a>, n\u00e3o t\u00eam muito em comum.<\/p>\n<p>Em <em>Sir\u00e2t<\/em>, Luis (Sergi L\u00f3pez) e seu filho Esteban (Br\u00fano Nu\u00f1ez) saem da Espanha em dire\u00e7\u00e3o a uma rave no Marrocos para procurar a filha do primeiro e irm\u00e3 do segundo, que eles suspeitam estar por l\u00e1. Em sua busca, juntam-se a um grupo diverso de frequentadores de festas de m\u00fasica eletr\u00f4nica formado por Stef (Stefania Gadda), Josh (Joshua Liam Henderson), Tonin (Tonin Janvier), Jade (Jade Oukid) e Bigui (Richard Bellamy) \u2013 todos interpretando vers\u00f5es de si mesmos. Eles viajam em caminh\u00f5es em dire\u00e7\u00e3o \u00e0 Maurit\u00e2nia atr\u00e1s de outra rave secreta.<\/p>\n<p>Em <em>Eddington<\/em>, o prefeito Ted Garcia (<a href=\"https:\/\/www.filmelier.com\/br\/list\/filmes-de-pedro-pascal-para-assistir-online\" target=\"_blank\" rel=\"noopener\">Pedro Pascal<\/a>) e o xerife Joe Cross (<a href=\"https:\/\/www.filmelier.com\/br\/list\/filmes-com-joaquin-phoenix-para-ver-online\" target=\"_blank\" rel=\"noopener\">Joaquin Phoenix<\/a>) entram em conflito, na pequena cidade do t\u00edtulo, no Estado do Novo M\u00e9xico, no come\u00e7o da pandemia, em 2020. O que come\u00e7a como uma briga pelo uso de m\u00e1scaras \u2013 Ted \u00e9 a favor, Joe, contra \u2013 acaba mergulhando o lugar em uma espiral de teorias da conspira\u00e7\u00e3o, <em>fake news<\/em> e viol\u00eancia. <a href=\"https:\/\/www.filmelier.com\/br\/list\/emma-stone-seus-melhores-filmes\" target=\"_blank\" rel=\"noopener\">Emma Stone<\/a> \u00e9 Louise, a mulher de Joe e no passado, ainda adolescente, engravidou de Ted. Austin Butler faz um sujeito enigm\u00e1tico e carism\u00e1tico que acaba por interferir no casamento de Joe e Louise.<\/p>\n<ul>\n<li><strong>Confira tamb\u00e9m:\u00a0<a href=\"https:\/\/www.filmelier.com\/br\/list\/vencedores-da-palma-de-ouro-de-cannes\" target=\"_blank\" rel=\"noopener\">Filmes vencedores da Palma de Ouro de Cannes<\/a><\/strong><\/li>\n<\/ul>\n<p><iframe title=\"Eddington | Official Teaser HD | A24\" width=\"800\" height=\"450\" src=\"https:\/\/www.youtube.com\/embed\/lIpxO4KRV98?feature=oembed\" frameborder=\"0\" allow=\"accelerometer; autoplay; clipboard-write; encrypted-media; gyroscope; picture-in-picture; web-share\" referrerpolicy=\"strict-origin-when-cross-origin\" allowfullscreen><\/iframe><\/p>\n<p>Curiosamente, os dois longas-metragens t\u00eam pontos em comum que s\u00f3 ficam claros em sua segunda metade \u2013 e que n\u00e3o conv\u00e9m detalhar demais para n\u00e3o estragar a surpresa. Tanto <em>Sir\u00e2t<\/em> quanto <em>Eddington<\/em> come\u00e7am de uma maneira e, a partir de certo ponto, mergulham na mescla de g\u00eaneros.<\/p>\n<h2><em>Sir\u00e2t\u00a0<\/em>mergulha no desencanto e no mundo metaf\u00edsico<\/h2>\n<p><em>Sir\u00e2t<\/em> parece realista, mas vai se transformando em uma aventura dist\u00f3pica com ares de <a href=\"https:\/\/www.filmelier.com\/br\/list\/mad-max-onde-assistir-online-a-saga-completa\" target=\"_blank\" rel=\"noopener\"><em>Mad Max<\/em><\/a>, sem abdicar do humor. Aqueles ravers saem da Europa para dan\u00e7ar at\u00e9 o dia ficar claro em um pa\u00eds africano. Quando explode a guerra, e militares v\u00eam recolher todos os europeus, os personagens conseguem escapar, e Luis e Esteb\u00e1n v\u00e3o junto. Logo, por\u00e9m, eles se veem em uma esp\u00e9cie de purgat\u00f3rio. No Isl\u00e3, Sir\u00e2t \u00e9 a ponte estreita pela qual todos os que entram no para\u00edso devem entrar. Esse caminho pedregoso tem trajetos surpreendentes \u2013 muitas cenas v\u00e3o deixar o espectador sem acreditar no que est\u00e1 vendo.<\/p>\n<p>Embora o filme mantenha a tens\u00e3o e explore o visual do deserto, essa parece ser a \u00fanica preocupa\u00e7\u00e3o de Laxe. \u201c\u00c9 uma aventura f\u00edsica, mas tamb\u00e9m metaf\u00edsica. A dimens\u00e3o simb\u00f3lica \u00e9 importante. N\u00f3s colocamos nossa confian\u00e7a no cinema e nas imagens, com significados diversos\u201d, disse o cineasta na entrevista coletiva.<\/p>\n<p>J\u00e1 a explora\u00e7\u00e3o tem\u00e1tica parece menos interessante do que muitas leituras poss\u00edveis, por exemplo, uma explora\u00e7\u00e3o do luto, ou que certas trag\u00e9dias acabam eliminando as diferen\u00e7as entre aqueles com e aqueles sem privil\u00e9gios, ou que todos est\u00e3o sujeitos a serem refugiados. Na coletiva de imprensa, o cineasta disse que, para ele, o importante \u00e9: \u201cChorar, gritar, mas n\u00e3o parar de dan\u00e7ar, mesmo que seja o fim do mundo\u201d. Que esses tempos s\u00e3o dif\u00edceis, de desencanto com o mundo, mas tamb\u00e9m estimulantes. \u201cPrecisamos olhar para dentro de n\u00f3s mesmos\u201d, disse Laxe.<\/p>\n<p><iframe title=\"Sir\u00e2t | Trailer | Oliver Laxe | Sergi L\u00f3pez | Bruno Nu\u00f1ez\" width=\"800\" height=\"450\" src=\"https:\/\/www.youtube.com\/embed\/_HvwhOY63Ig?feature=oembed\" frameborder=\"0\" allow=\"accelerometer; autoplay; clipboard-write; encrypted-media; gyroscope; picture-in-picture; web-share\" referrerpolicy=\"strict-origin-when-cross-origin\" allowfullscreen><\/iframe><\/p>\n<h2><em>Eddington<\/em> aborda a fragmenta\u00e7\u00e3o dos Estados Unidos<\/h2>\n<p>Uma das dimens\u00f5es mais interessantes de <em>Sir\u00e2t<\/em> \u00e9 a fam\u00edlia que se forma ali no deserto entre os ravers e aquela dupla de pai e filho. \u00c9 o oposto do que acontece em <em>Eddington<\/em>, onde vizinho se vira contra vizinho, alimentados por <em>fake news<\/em> e teorias da conspira\u00e7\u00e3o. \u201cO filme \u00e9 sobre pessoas vivendo em realidades diferentes. Cada personagem tem uma ideia do que s\u00e3o os Estados Unidos\u201d, disse <a href=\"https:\/\/www.filmelier.com\/br\/director\/ari-aster\" target=\"_blank\" rel=\"noopener\">Ari Aster<\/a> na coletiva de imprensa do filme.<\/p>\n<p>Em outros tempos, <em>Eddington<\/em> poderia parecer uma distopia, mas at\u00e9 seus momentos mais absurdos parecem totalmente poss\u00edveis de acontecer na realidade \u2013 cenas parecidas t\u00eam o efeito oposto em <em>Sir\u00e2t<\/em>. O diretor disse que escreveu o roteiro \u201cem um estado de medo e ansiedade com o mundo. Queria descrever e mostrar como \u00e9 viver em um mundo em que ningu\u00e9m consegue concordar sobre o que \u00e9 real ou n\u00e3o\u201d.<\/p>\n<p>Aster \u00e9 habilidoso em passar a sensa\u00e7\u00e3o de caos e terror que a pandemia exacerbou, ap\u00f3s anos de alimenta\u00e7\u00e3o de fake news e teorias da conspira\u00e7\u00e3o que contribu\u00edram para a elei\u00e7\u00e3o de Donald Trump \u00e0 presid\u00eancia e que ficam ainda mais assustadores com a sua volta ao poder ap\u00f3s quatro anos.<\/p>\n<div class=\"mceTemp\"><\/div>\n<figure id=\"attachment_44922\" aria-describedby=\"caption-attachment-44922\" style=\"width: 800px\" class=\"wp-caption alignnone\"><img fetchpriority=\"high\" decoding=\"async\" class=\"wp-image-44922 size-full\" src=\"https:\/\/news.filmelier.com\/wp-content\/uploads\/2025\/05\/cannes-2025-eddington.webp\" alt=\"Eddington, de Ari Aster\" width=\"800\" height=\"450\" srcset=\"https:\/\/news.filmelier.com\/wp-content\/uploads\/2025\/05\/cannes-2025-eddington.webp 800w, https:\/\/news.filmelier.com\/wp-content\/uploads\/2025\/05\/cannes-2025-eddington-300x169.webp 300w, https:\/\/news.filmelier.com\/wp-content\/uploads\/2025\/05\/cannes-2025-eddington-768x432.webp 768w, https:\/\/news.filmelier.com\/wp-content\/uploads\/2025\/05\/cannes-2025-eddington-150x84.webp 150w\" sizes=\"(max-width: 800px) 100vw, 800px\" \/><figcaption id=\"caption-attachment-44922\" class=\"wp-caption-text\">Joaquin Phoenix e Pedro Pascal em cena de <em>Eddington<\/em>(Cr\u00e9ditos: A24 \/ Festival de Cannes)<\/figcaption><\/figure>\n<p>Indagado sobre a situa\u00e7\u00e3o dos Latinos nos Estados Unidos, que est\u00e3o sendo considerados criminosos mesmo sem passagem pela pol\u00edcia e deportados para outros pa\u00edses, Pedro Pascal primeiro falou que era temeroso um ator falar sobre qualquer assunto por n\u00e3o estar informado o suficiente. Mas depois disse: \u201cQuero que as pessoas fiquem seguras e protegidas. Eu quero viver no lado certo da hist\u00f3ria. Eu sou imigrante, meus pais s\u00e3o refugiados do Chile, eu mesmo sou um refugiado. N\u00f3s fugimos de uma ditadura, fui privilegiado o bastante por crescer nos Estados Unidos depois de conseguirmos asilo na Dinamarca. Se n\u00e3o fosse por isso, n\u00e3o sei o que teria acontecido com a gente. Ent\u00e3o eu apoio essas prote\u00e7\u00f5es\u201d.<\/p>\n<p>Ari Aster deixa passar oportunidades de se aprofundar no conflito e nos personagens e por isso a primeira parte se arrasta at\u00e9 o caos realmente se instalar. Ele tamb\u00e9m se equivoca ao colocar no mesmo patamar a viol\u00eancia de certos homens, principalmente quando se sentem humilhados, com protestos leg\u00edtimos contra o racismo e a pol\u00edcia depois do caso George Floyd, por exemplo. Sua tentativa de western contempor\u00e2neo funciona nas cenas de a\u00e7\u00e3o, mas falha na profundidade que os bons filmes desse g\u00eanero intrinsecamente norte-americano sempre tiveram.<\/p>\n<h2 data-start=\"5014\" data-end=\"5081\">Acompanhe nossa cobertura completa do\u00a0<a href=\"https:\/\/news.filmelier.com\/br\/category\/cannes-br\/\" target=\"_blank\" rel=\"noopener\">Filmelier em Cannes 2025<\/a>:<\/h2>\n<ul>\n<li><strong><a href=\"https:\/\/news.filmelier.com\/cannes-2025-selecao-principal-analise\/\" target=\"_blank\" rel=\"noopener\">Cannes 2025 decepciona com apenas um filme latino-americano na competi\u00e7\u00e3o principal<\/a><\/strong><\/li>\n<li><a href=\"https:\/\/news.filmelier.com\/critica-partir-un-jour-cannes-2025\/\" target=\"_blank\" rel=\"noopener\"><strong>Cr\u00edtica:\u00a0<em>Partir un Jour<\/em>, Filme de abertura de Cannes, tenta subverter clich\u00e9s, mas n\u00e3o consegue escapar da banalidade<\/strong><\/a><\/li>\n<li><a href=\"https:\/\/news.filmelier.com\/critica-sound-of-falling-cannes-2025\/\" target=\"_blank\" rel=\"noopener\"><strong>Cr\u00edtica: O complexo\u00a0<em>Sound of Falling<\/em>\u00a0de Mascha Schilinski abre a competi\u00e7\u00e3o de Cannes 2025<\/strong><\/a><\/li>\n<li><a href=\"https:\/\/news.filmelier.com\/critica-death-does-not-exist-cannes-2025\/\" target=\"_blank\" rel=\"noopener\"><strong>Cr\u00edtica:\u00a0<em>Death Does Not Exist<\/em>, um transe crom\u00e1tico de milit\u00e2ncia ambiental<\/strong><\/a><\/li>\n<li><a href=\"https:\/\/news.filmelier.com\/critica-a-useful-ghost-cannes-2025\/\" target=\"_blank\" rel=\"noopener\"><strong>Cr\u00edtica de\u00a0<em>A Useful Ghost<\/em>: Humanos sonham com fantasmas eletrodom\u00e9sticos? (Cannes 2025)<\/strong><\/a><\/li>\n<li><a href=\"https:\/\/news.filmelier.com\/brasil-em-cannes-2025-cinema-cearense-na-quinzena-dos-realizadores\/\"><strong>Brasil em Cannes 2025: cinema cearense \u00e9 destaque na Quinzena dos Realizadores<\/strong><\/a><\/li>\n<\/ul>\n","protected":false},"excerpt":{"rendered":"<p>&#8216;Eddington&#8217; e &#8216;Sir\u00e2t&#8217;, filmes apresentados em Cannes 2025, lidam com a fragmenta\u00e7\u00e3o das sociedades e a forma\u00e7\u00e3o de novas comunidades<\/p>\n","protected":false},"author":28,"featured_media":49530,"comment_status":"open","ping_status":"open","sticky":false,"template":"","format":"standard","meta":{"_acf_changed":false,"footnotes":""},"categories":[3558,3482],"tags":[3612,3559,3560,3673,3561,3674,3584,3675],"class_list":["post-49528","post","type-post","status-publish","format-standard","has-post-thumbnail","hentry","category-cannes-br","category-filmes-br","tag-cannes-br","tag-cannes-2025-br","tag-eddington-br","tag-emma-stone-br","tag-festival-cannes-br","tag-joaquin-phoenix-br","tag-pedro-pascal-br","tag-sirat-br"],"acf":{"subtitulo":"'Eddington' e 'Sir\u00e2t', filmes apresentados em Cannes 2025, lidam com a fragmenta\u00e7\u00e3o das sociedades e a forma\u00e7\u00e3o de novas comunidades","id_ator":"nm1297015, nm0050959, nm0001618, nm0530365"},"yoast_head":"<!-- This site is optimized with the Yoast SEO plugin v26.1.1 - https:\/\/yoast.com\/wordpress\/plugins\/seo\/ -->\n<title>&#039;Eddington&#039; e &#039;Sir\u00e2t&#039;, mundos em colapso (Cannes 2025) - Filmelier<\/title>\n<meta name=\"description\" content=\"&#039;Eddington&#039; e &#039;Sir\u00e2t&#039;, filmes apresentados em Cannes 2025, lidam com a fragmenta\u00e7\u00e3o das sociedades e a forma\u00e7\u00e3o de novas comunidades\" \/>\n<meta name=\"robots\" content=\"index, follow, max-snippet:-1, max-image-preview:large, max-video-preview:-1\" \/>\n<link rel=\"canonical\" href=\"https:\/\/news.filmelier.com\/br\/eddington-sirat-cannes-2025\/\" \/>\n<meta property=\"og:locale\" content=\"pt_BR\" \/>\n<meta property=\"og:type\" content=\"article\" \/>\n<meta property=\"og:title\" content=\"&#039;Eddington&#039; e &#039;Sir\u00e2t&#039;, mundos em colapso (Cannes 2025) - Filmelier\" \/>\n<meta property=\"og:description\" content=\"&#039;Eddington&#039; e &#039;Sir\u00e2t&#039;, filmes apresentados em Cannes 2025, lidam com a fragmenta\u00e7\u00e3o das sociedades e a forma\u00e7\u00e3o de novas comunidades\" \/>\n<meta property=\"og:url\" content=\"https:\/\/news.filmelier.com\/br\/eddington-sirat-cannes-2025\/\" \/>\n<meta property=\"og:site_name\" content=\"News Filmelier\" \/>\n<meta property=\"article:published_time\" content=\"2025-05-18T17:33:32+00:00\" \/>\n<meta property=\"article:modified_time\" content=\"2025-06-09T03:13:08+00:00\" \/>\n<meta property=\"og:image\" content=\"https:\/\/homolog.news.filmelier.com\/wp-content\/uploads\/2025\/05\/eddington-cannes-2025.webp\" \/>\n\t<meta property=\"og:image:width\" content=\"560\" \/>\n\t<meta property=\"og:image:height\" content=\"280\" \/>\n\t<meta property=\"og:image:type\" content=\"image\/webp\" \/>\n<meta name=\"author\" content=\"Mariane Morisawa\" \/>\n<meta name=\"twitter:card\" content=\"summary_large_image\" \/>\n<meta name=\"twitter:label1\" content=\"Escrito por\" \/>\n\t<meta name=\"twitter:data1\" content=\"Mariane Morisawa\" \/>\n\t<meta name=\"twitter:label2\" content=\"Est. tempo de leitura\" \/>\n\t<meta name=\"twitter:data2\" content=\"7 minutos\" \/>\n<script type=\"application\/ld+json\" class=\"yoast-schema-graph\">{\"@context\":\"https:\/\/schema.org\",\"@graph\":[{\"@type\":\"Article\",\"@id\":\"https:\/\/news.filmelier.com\/br\/eddington-sirat-cannes-2025\/#article\",\"isPartOf\":{\"@id\":\"https:\/\/news.filmelier.com\/br\/eddington-sirat-cannes-2025\/\"},\"author\":{\"name\":\"Mariane Morisawa\",\"@id\":\"https:\/\/homolog.news.filmelier.com\/br\/#\/schema\/person\/d3754049399630d7144ed2033a96986f\"},\"headline\":\"&#8216;Eddington&#8217; e &#8216;Sir\u00e2t&#8217; mostram mundos em colapso com ajuda do g\u00eanero (Cannes 2025)\",\"datePublished\":\"2025-05-18T17:33:32+00:00\",\"dateModified\":\"2025-06-09T03:13:08+00:00\",\"mainEntityOfPage\":{\"@id\":\"https:\/\/news.filmelier.com\/br\/eddington-sirat-cannes-2025\/\"},\"wordCount\":1174,\"commentCount\":0,\"publisher\":{\"@id\":\"https:\/\/homolog.news.filmelier.com\/br\/#organization\"},\"image\":{\"@id\":\"https:\/\/news.filmelier.com\/br\/eddington-sirat-cannes-2025\/#primaryimage\"},\"thumbnailUrl\":\"https:\/\/news.filmelier.com\/wp-content\/uploads\/2025\/05\/eddington-cannes-2025.webp\",\"keywords\":[\"Cannes\",\"Cannes 2025\",\"Eddington\",\"Emma Stone\",\"Festival de Cannes\",\"Joaquin Phoenix\",\"Pedro Pascal\",\"Sir\u00e2t\"],\"articleSection\":[\"Cannes\",\"Filmes\"],\"inLanguage\":\"pt-BR\",\"potentialAction\":[{\"@type\":\"CommentAction\",\"name\":\"Comment\",\"target\":[\"https:\/\/news.filmelier.com\/br\/eddington-sirat-cannes-2025\/#respond\"]}]},{\"@type\":\"WebPage\",\"@id\":\"https:\/\/news.filmelier.com\/br\/eddington-sirat-cannes-2025\/\",\"url\":\"https:\/\/news.filmelier.com\/br\/eddington-sirat-cannes-2025\/\",\"name\":\"'Eddington' e 'Sir\u00e2t', mundos em colapso (Cannes 2025) - Filmelier\",\"isPartOf\":{\"@id\":\"https:\/\/homolog.news.filmelier.com\/br\/#website\"},\"primaryImageOfPage\":{\"@id\":\"https:\/\/news.filmelier.com\/br\/eddington-sirat-cannes-2025\/#primaryimage\"},\"image\":{\"@id\":\"https:\/\/news.filmelier.com\/br\/eddington-sirat-cannes-2025\/#primaryimage\"},\"thumbnailUrl\":\"https:\/\/news.filmelier.com\/wp-content\/uploads\/2025\/05\/eddington-cannes-2025.webp\",\"datePublished\":\"2025-05-18T17:33:32+00:00\",\"dateModified\":\"2025-06-09T03:13:08+00:00\",\"description\":\"'Eddington' e 'Sir\u00e2t', filmes apresentados em Cannes 2025, lidam com a fragmenta\u00e7\u00e3o das sociedades e a forma\u00e7\u00e3o de novas comunidades\",\"breadcrumb\":{\"@id\":\"https:\/\/news.filmelier.com\/br\/eddington-sirat-cannes-2025\/#breadcrumb\"},\"inLanguage\":\"pt-BR\",\"potentialAction\":[{\"@type\":\"ReadAction\",\"target\":[\"https:\/\/news.filmelier.com\/br\/eddington-sirat-cannes-2025\/\"]}]},{\"@type\":\"ImageObject\",\"inLanguage\":\"pt-BR\",\"@id\":\"https:\/\/news.filmelier.com\/br\/eddington-sirat-cannes-2025\/#primaryimage\",\"url\":\"https:\/\/news.filmelier.com\/wp-content\/uploads\/2025\/05\/eddington-cannes-2025.webp\",\"contentUrl\":\"https:\/\/news.filmelier.com\/wp-content\/uploads\/2025\/05\/eddington-cannes-2025.webp\",\"width\":560,\"height\":280,\"caption\":\"(Cr\u00e9ditos: A24 \/ Festival de Cannes)\"},{\"@type\":\"BreadcrumbList\",\"@id\":\"https:\/\/news.filmelier.com\/br\/eddington-sirat-cannes-2025\/#breadcrumb\",\"itemListElement\":[{\"@type\":\"ListItem\",\"position\":1,\"name\":\"In\u00edcio\",\"item\":\"https:\/\/homolog.news.filmelier.com\/br\/\"},{\"@type\":\"ListItem\",\"position\":2,\"name\":\"&#8216;Eddington&#8217; e &#8216;Sir\u00e2t&#8217; mostram mundos em colapso com ajuda do g\u00eanero (Cannes 2025)\"}]},{\"@type\":\"WebSite\",\"@id\":\"https:\/\/homolog.news.filmelier.com\/br\/#website\",\"url\":\"https:\/\/homolog.news.filmelier.com\/br\/\",\"name\":\"Homolog Filmelier News Rankrup\",\"description\":\"\",\"publisher\":{\"@id\":\"https:\/\/homolog.news.filmelier.com\/br\/#organization\"},\"potentialAction\":[{\"@type\":\"SearchAction\",\"target\":{\"@type\":\"EntryPoint\",\"urlTemplate\":\"https:\/\/homolog.news.filmelier.com\/br\/?s={search_term_string}\"},\"query-input\":{\"@type\":\"PropertyValueSpecification\",\"valueRequired\":true,\"valueName\":\"search_term_string\"}}],\"inLanguage\":\"pt-BR\"},{\"@type\":\"Organization\",\"@id\":\"https:\/\/homolog.news.filmelier.com\/br\/#organization\",\"name\":\"Homolog Filmelier News Rankrup\",\"url\":\"https:\/\/homolog.news.filmelier.com\/br\/\",\"logo\":{\"@type\":\"ImageObject\",\"inLanguage\":\"pt-BR\",\"@id\":\"https:\/\/homolog.news.filmelier.com\/br\/#\/schema\/logo\/image\/\",\"url\":\"https:\/\/news.filmelier.com\/wp-content\/uploads\/2024\/11\/Logo-News.png\",\"contentUrl\":\"https:\/\/news.filmelier.com\/wp-content\/uploads\/2024\/11\/Logo-News.png\",\"width\":460,\"height\":108,\"caption\":\"Homolog Filmelier News Rankrup\"},\"image\":{\"@id\":\"https:\/\/homolog.news.filmelier.com\/br\/#\/schema\/logo\/image\/\"}},{\"@type\":\"Person\",\"@id\":\"https:\/\/homolog.news.filmelier.com\/br\/#\/schema\/person\/d3754049399630d7144ed2033a96986f\",\"name\":\"Mariane Morisawa\",\"image\":{\"@type\":\"ImageObject\",\"inLanguage\":\"pt-BR\",\"@id\":\"https:\/\/homolog.news.filmelier.com\/br\/#\/schema\/person\/image\/\",\"url\":\"https:\/\/secure.gravatar.com\/avatar\/30ff3f3bd59014fe9f42444b158aae0449ce4aeb62a5a63bb7aeb85dba940df8?s=96&d=mm&r=g\",\"contentUrl\":\"https:\/\/secure.gravatar.com\/avatar\/30ff3f3bd59014fe9f42444b158aae0449ce4aeb62a5a63bb7aeb85dba940df8?s=96&d=mm&r=g\",\"caption\":\"Mariane Morisawa\"},\"description\":\"Mariane Morisawa is a journalist and film critic, member of Abraccine (Brazilian Association of Film Critics) and Golden Globe voter. She contributes to publications such as O Estado de S. Paulo, Elle, Veja and Filmelier. She was a correspondent in Los Angeles for eight years and covers national and international festivals. In 2025, she will cover her 15th Cannes Film Festival for Filmelier.\",\"sameAs\":[\"https:\/\/www.filmelier.com\/br\/autor\/mariane-morisawa\"],\"url\":\"https:\/\/news.filmelier.com\/br\/author\/marianne-morisawa\/\"}]}<\/script>\n<!-- \/ Yoast SEO plugin. -->","yoast_head_json":{"title":"'Eddington' e 'Sir\u00e2t', mundos em colapso (Cannes 2025) - Filmelier","description":"'Eddington' e 'Sir\u00e2t', filmes apresentados em Cannes 2025, lidam com a fragmenta\u00e7\u00e3o das sociedades e a forma\u00e7\u00e3o de novas comunidades","robots":{"index":"index","follow":"follow","max-snippet":"max-snippet:-1","max-image-preview":"max-image-preview:large","max-video-preview":"max-video-preview:-1"},"canonical":"https:\/\/news.filmelier.com\/br\/eddington-sirat-cannes-2025\/","og_locale":"pt_BR","og_type":"article","og_title":"'Eddington' e 'Sir\u00e2t', mundos em colapso (Cannes 2025) - Filmelier","og_description":"'Eddington' e 'Sir\u00e2t', filmes apresentados em Cannes 2025, lidam com a fragmenta\u00e7\u00e3o das sociedades e a forma\u00e7\u00e3o de novas comunidades","og_url":"https:\/\/news.filmelier.com\/br\/eddington-sirat-cannes-2025\/","og_site_name":"News Filmelier","article_published_time":"2025-05-18T17:33:32+00:00","article_modified_time":"2025-06-09T03:13:08+00:00","og_image":[{"width":560,"height":280,"url":"https:\/\/homolog.news.filmelier.com\/wp-content\/uploads\/2025\/05\/eddington-cannes-2025.webp","type":"image\/webp"}],"author":"Mariane Morisawa","twitter_card":"summary_large_image","twitter_misc":{"Escrito por":"Mariane Morisawa","Est. tempo de leitura":"7 minutos"},"schema":{"@context":"https:\/\/schema.org","@graph":[{"@type":"Article","@id":"https:\/\/news.filmelier.com\/br\/eddington-sirat-cannes-2025\/#article","isPartOf":{"@id":"https:\/\/news.filmelier.com\/br\/eddington-sirat-cannes-2025\/"},"author":{"name":"Mariane Morisawa","@id":"https:\/\/homolog.news.filmelier.com\/br\/#\/schema\/person\/d3754049399630d7144ed2033a96986f"},"headline":"&#8216;Eddington&#8217; e &#8216;Sir\u00e2t&#8217; mostram mundos em colapso com ajuda do g\u00eanero (Cannes 2025)","datePublished":"2025-05-18T17:33:32+00:00","dateModified":"2025-06-09T03:13:08+00:00","mainEntityOfPage":{"@id":"https:\/\/news.filmelier.com\/br\/eddington-sirat-cannes-2025\/"},"wordCount":1174,"commentCount":0,"publisher":{"@id":"https:\/\/homolog.news.filmelier.com\/br\/#organization"},"image":{"@id":"https:\/\/news.filmelier.com\/br\/eddington-sirat-cannes-2025\/#primaryimage"},"thumbnailUrl":"https:\/\/news.filmelier.com\/wp-content\/uploads\/2025\/05\/eddington-cannes-2025.webp","keywords":["Cannes","Cannes 2025","Eddington","Emma Stone","Festival de Cannes","Joaquin Phoenix","Pedro Pascal","Sir\u00e2t"],"articleSection":["Cannes","Filmes"],"inLanguage":"pt-BR","potentialAction":[{"@type":"CommentAction","name":"Comment","target":["https:\/\/news.filmelier.com\/br\/eddington-sirat-cannes-2025\/#respond"]}]},{"@type":"WebPage","@id":"https:\/\/news.filmelier.com\/br\/eddington-sirat-cannes-2025\/","url":"https:\/\/news.filmelier.com\/br\/eddington-sirat-cannes-2025\/","name":"'Eddington' e 'Sir\u00e2t', mundos em colapso (Cannes 2025) - Filmelier","isPartOf":{"@id":"https:\/\/homolog.news.filmelier.com\/br\/#website"},"primaryImageOfPage":{"@id":"https:\/\/news.filmelier.com\/br\/eddington-sirat-cannes-2025\/#primaryimage"},"image":{"@id":"https:\/\/news.filmelier.com\/br\/eddington-sirat-cannes-2025\/#primaryimage"},"thumbnailUrl":"https:\/\/news.filmelier.com\/wp-content\/uploads\/2025\/05\/eddington-cannes-2025.webp","datePublished":"2025-05-18T17:33:32+00:00","dateModified":"2025-06-09T03:13:08+00:00","description":"'Eddington' e 'Sir\u00e2t', filmes apresentados em Cannes 2025, lidam com a fragmenta\u00e7\u00e3o das sociedades e a forma\u00e7\u00e3o de novas comunidades","breadcrumb":{"@id":"https:\/\/news.filmelier.com\/br\/eddington-sirat-cannes-2025\/#breadcrumb"},"inLanguage":"pt-BR","potentialAction":[{"@type":"ReadAction","target":["https:\/\/news.filmelier.com\/br\/eddington-sirat-cannes-2025\/"]}]},{"@type":"ImageObject","inLanguage":"pt-BR","@id":"https:\/\/news.filmelier.com\/br\/eddington-sirat-cannes-2025\/#primaryimage","url":"https:\/\/news.filmelier.com\/wp-content\/uploads\/2025\/05\/eddington-cannes-2025.webp","contentUrl":"https:\/\/news.filmelier.com\/wp-content\/uploads\/2025\/05\/eddington-cannes-2025.webp","width":560,"height":280,"caption":"(Cr\u00e9ditos: A24 \/ Festival de Cannes)"},{"@type":"BreadcrumbList","@id":"https:\/\/news.filmelier.com\/br\/eddington-sirat-cannes-2025\/#breadcrumb","itemListElement":[{"@type":"ListItem","position":1,"name":"In\u00edcio","item":"https:\/\/homolog.news.filmelier.com\/br\/"},{"@type":"ListItem","position":2,"name":"&#8216;Eddington&#8217; e &#8216;Sir\u00e2t&#8217; mostram mundos em colapso com ajuda do g\u00eanero (Cannes 2025)"}]},{"@type":"WebSite","@id":"https:\/\/homolog.news.filmelier.com\/br\/#website","url":"https:\/\/homolog.news.filmelier.com\/br\/","name":"Homolog Filmelier News Rankrup","description":"","publisher":{"@id":"https:\/\/homolog.news.filmelier.com\/br\/#organization"},"potentialAction":[{"@type":"SearchAction","target":{"@type":"EntryPoint","urlTemplate":"https:\/\/homolog.news.filmelier.com\/br\/?s={search_term_string}"},"query-input":{"@type":"PropertyValueSpecification","valueRequired":true,"valueName":"search_term_string"}}],"inLanguage":"pt-BR"},{"@type":"Organization","@id":"https:\/\/homolog.news.filmelier.com\/br\/#organization","name":"Homolog Filmelier News Rankrup","url":"https:\/\/homolog.news.filmelier.com\/br\/","logo":{"@type":"ImageObject","inLanguage":"pt-BR","@id":"https:\/\/homolog.news.filmelier.com\/br\/#\/schema\/logo\/image\/","url":"https:\/\/news.filmelier.com\/wp-content\/uploads\/2024\/11\/Logo-News.png","contentUrl":"https:\/\/news.filmelier.com\/wp-content\/uploads\/2024\/11\/Logo-News.png","width":460,"height":108,"caption":"Homolog Filmelier News Rankrup"},"image":{"@id":"https:\/\/homolog.news.filmelier.com\/br\/#\/schema\/logo\/image\/"}},{"@type":"Person","@id":"https:\/\/homolog.news.filmelier.com\/br\/#\/schema\/person\/d3754049399630d7144ed2033a96986f","name":"Mariane Morisawa","image":{"@type":"ImageObject","inLanguage":"pt-BR","@id":"https:\/\/homolog.news.filmelier.com\/br\/#\/schema\/person\/image\/","url":"https:\/\/secure.gravatar.com\/avatar\/30ff3f3bd59014fe9f42444b158aae0449ce4aeb62a5a63bb7aeb85dba940df8?s=96&d=mm&r=g","contentUrl":"https:\/\/secure.gravatar.com\/avatar\/30ff3f3bd59014fe9f42444b158aae0449ce4aeb62a5a63bb7aeb85dba940df8?s=96&d=mm&r=g","caption":"Mariane Morisawa"},"description":"Mariane Morisawa is a journalist and film critic, member of Abraccine (Brazilian Association of Film Critics) and Golden Globe voter. She contributes to publications such as O Estado de S. Paulo, Elle, Veja and Filmelier. She was a correspondent in Los Angeles for eight years and covers national and international festivals. In 2025, she will cover her 15th Cannes Film Festival for Filmelier.","sameAs":["https:\/\/www.filmelier.com\/br\/autor\/mariane-morisawa"],"url":"https:\/\/news.filmelier.com\/br\/author\/marianne-morisawa\/"}]}},"_links":{"self":[{"href":"https:\/\/news.filmelier.com\/br\/wp-json\/wp\/v2\/posts\/49528","targetHints":{"allow":["GET"]}}],"collection":[{"href":"https:\/\/news.filmelier.com\/br\/wp-json\/wp\/v2\/posts"}],"about":[{"href":"https:\/\/news.filmelier.com\/br\/wp-json\/wp\/v2\/types\/post"}],"author":[{"embeddable":true,"href":"https:\/\/news.filmelier.com\/br\/wp-json\/wp\/v2\/users\/28"}],"replies":[{"embeddable":true,"href":"https:\/\/news.filmelier.com\/br\/wp-json\/wp\/v2\/comments?post=49528"}],"version-history":[{"count":1,"href":"https:\/\/news.filmelier.com\/br\/wp-json\/wp\/v2\/posts\/49528\/revisions"}],"predecessor-version":[{"id":51471,"href":"https:\/\/news.filmelier.com\/br\/wp-json\/wp\/v2\/posts\/49528\/revisions\/51471"}],"wp:featuredmedia":[{"embeddable":true,"href":"https:\/\/news.filmelier.com\/br\/wp-json\/wp\/v2\/media\/49530"}],"wp:attachment":[{"href":"https:\/\/news.filmelier.com\/br\/wp-json\/wp\/v2\/media?parent=49528"}],"wp:term":[{"taxonomy":"category","embeddable":true,"href":"https:\/\/news.filmelier.com\/br\/wp-json\/wp\/v2\/categories?post=49528"},{"taxonomy":"post_tag","embeddable":true,"href":"https:\/\/news.filmelier.com\/br\/wp-json\/wp\/v2\/tags?post=49528"}],"curies":[{"name":"wp","href":"https:\/\/api.w.org\/{rel}","templated":true}]}}