{"id":49348,"date":"2025-05-20T20:37:19","date_gmt":"2025-05-20T23:37:19","guid":{"rendered":"https:\/\/news.filmelier.com\/the-last-of-us-critica-temporada-2-episodio-6\/"},"modified":"2025-06-09T00:09:53","modified_gmt":"2025-06-09T03:09:53","slug":"the-last-of-us-critica-temporada-2-episodio-6","status":"publish","type":"post","link":"https:\/\/news.filmelier.com\/br\/the-last-of-us-critica-temporada-2-episodio-6\/","title":{"rendered":"&#8216;The Last of Us&#8217;: epis\u00f3dio 6 da 2\u00aa temporada emociona com retorno de Joel e drama entre pai e filha"},"content":{"rendered":"<article>\n<section>O sexto epis\u00f3dio da 2\u00aa temporada de <i>The Last of Us<\/i>, intitulado <i>O Pre\u00e7o<\/i>, quebra o ritmo da temporada para mergulhar em mem\u00f3rias que haviam sido apenas sugeridas at\u00e9 aqui. Com foco total em Joel de <i>The Last of Us<\/i>, <a href=\"https:\/\/news.filmelier.com\/pedro-pascal-perfil-mandalorian-last-of-us\/\">vivido por Pedro Pascal<\/a>, e em formato de <i>flashback<\/i>, o cap\u00edtulo retorna aos anos vividos por Joel e Ellie (<a href=\"https:\/\/news.filmelier.com\/bella-ramsey-tudo-sobre-atriz-the-last-of-us\/\">Bella Ramsey<\/a>) em Jackson, aprofundando a rela\u00e7\u00e3o entre os dois e adicionando camadas dram\u00e1ticas ao <a href=\"https:\/\/news.filmelier.com\/the-last-of-us-critica-temporada-2-episodio-2\/\">impacto da morte de Joel<\/a>.Leia a cr\u00edtica completa do Filmelier para o pen\u00faltimo epis\u00f3dio da temporada 2 de <i>TLoU<\/i>. Saiba tamb\u00e9m <a href=\"https:\/\/news.filmelier.com\/assistir-online-serie-the-last-of-us\/\">como assistir \u00e0 s\u00e9rie online e com op\u00e7\u00f5es gratuitas<\/a>.<\/p>\n<p><iframe title=\"O que acontece no epis\u00f3dio 6 | de The Last Of Us Temporada 2\" width=\"800\" height=\"450\" src=\"https:\/\/www.youtube.com\/embed\/LdleRiSWvMU?feature=oembed\" frameborder=\"0\" allow=\"accelerometer; autoplay; clipboard-write; encrypted-media; gyroscope; picture-in-picture; web-share\" referrerpolicy=\"strict-origin-when-cross-origin\" allowfullscreen><\/iframe><\/p>\n<ul>\n<li><strong>Veja tamb\u00e9m: <\/strong><a href=\"https:\/\/news.filmelier.com\/5-series-como-the-last-of-us\/\"><strong>6 s\u00e9ries para quem est\u00e1 acompanhando a 2\u00aa temporada de <i>The Last of Us<\/i> na HBO<\/strong><\/a><\/li>\n<\/ul>\n<\/section>\n<section>\n<h2>Do viol\u00e3o \u00e0 c\u00e1psula espacial: o retorno de Pedro Pascal em flashbacks<\/h2>\n<p>A estrutura de flashbacks segue os anivers\u00e1rios de Ellie, e o epis\u00f3dio retorna ao passado para dar profundidade emocional a algo que j\u00e1 sab\u00edamos: a conex\u00e3o entre Ellie e Joel era mais complexa \u2014 e dolorosa \u2014 do que aparentava. O resultado \u00e9 um cap\u00edtulo emocionalmente devastador e tecnicamente primoroso, ainda que gere debates sobre sua posi\u00e7\u00e3o na temporada.<\/p>\n<p>Este tamb\u00e9m \u00e9 o epis\u00f3dio que marca o aguardado retorno de Pedro Pascal como Joel. O ator \u2014 que atualmente <a href=\"https:\/\/news.filmelier.com\/eddington-sirat-cannes-2025\/\">est\u00e1 no Festival de Cannes divulgando seu novo filme <i>Eddington<\/i><\/a> \u2014 continua mostrando sua for\u00e7a na tela. E sua presen\u00e7a reacende uma cr\u00edtica que tem rondado a temporada: Bella Ramsey funciona melhor quando contracena com ele.<\/p>\n<\/section>\n<section>\n<h3>Bella Ramsey como Ellie \u00e9 melhor ao lado de Joel<\/h3>\n<p>Revisitando uma Ellie adolescente, Ramsey entrega sua performance mais convincente desde a primeira temporada e reencontra aqui a vers\u00e3o de Ellie que mais comove: sarc\u00e1stica, afetuosa, emotiva. Ao lado de Pascal, ela volta a habitar plenamente a personagem. A qu\u00edmica entre os dois retorna com for\u00e7a \u2014 e deixa claro o quanto a s\u00e9rie sentiu falta dessa dupla. \u00c9 quando est\u00e3o juntos que a s\u00e9rie recupera sua for\u00e7a.<\/p>\n<\/section>\n<section>\n<h2>Dire\u00e7\u00e3o de Neil Druckmann em The Last of Us 2&#215;6 aposta no afeto como fio condutor<\/h2>\n<p>Dirigido por Neil Druckmann, criador do jogo e da s\u00e9rie ao lado de Craig Mazin, o epis\u00f3dio carrega uma intimidade incomum. Druckmann preza pelas sutilezas \u2014 e bebe diretamente da linguagem visual do jogo, resgatando tamb\u00e9m o tom mais sens\u00edvel e intimista da primeira temporada. A c\u00e2mera acompanha Joel e Ellie como uma testemunha silenciosa, focando em gestos contidos, olhares evasivos e sil\u00eancios reveladores.<\/p>\n<p>A fotografia refor\u00e7a essas escolhas: mais quente nos anivers\u00e1rios felizes de Ellie, mais fria e opaca conforme os anos passam e a rela\u00e7\u00e3o entre os dois esfria. O resultado \u00e9 uma narrativa visual coerente com a progressiva perda de inoc\u00eancia e a escalada da tens\u00e3o emocional.<\/p>\n<p>Em vez de construir tens\u00e3o com perigos externos, Druckmann aposta no drama interno e nas rela\u00e7\u00f5es pessoais para emocionar. O contraste com a brutalidade do epis\u00f3dio anterior \u00e9 marcante e eficaz.<\/p>\n<figure id=\"attachment_44986\" aria-describedby=\"caption-attachment-44986\" style=\"width: 1248px\" class=\"wp-caption alignnone\"><img fetchpriority=\"high\" decoding=\"async\" class=\"size-full wp-image-44986\" src=\"https:\/\/news.filmelier.com\/wp-content\/uploads\/2025\/05\/the-last-of-us-ellie-joel-violao.webp\" alt=\"Pedro Pascal como Joel e Bella Ramsey como Ellie em flashback da 2\u00aa temporada de The Last of Us \" width=\"1248\" height=\"702\" srcset=\"https:\/\/news.filmelier.com\/wp-content\/uploads\/2025\/05\/the-last-of-us-ellie-joel-violao.webp 1248w, https:\/\/news.filmelier.com\/wp-content\/uploads\/2025\/05\/the-last-of-us-ellie-joel-violao-300x169.webp 300w, https:\/\/news.filmelier.com\/wp-content\/uploads\/2025\/05\/the-last-of-us-ellie-joel-violao-1024x576.webp 1024w, https:\/\/news.filmelier.com\/wp-content\/uploads\/2025\/05\/the-last-of-us-ellie-joel-violao-768x432.webp 768w, https:\/\/news.filmelier.com\/wp-content\/uploads\/2025\/05\/the-last-of-us-ellie-joel-violao-150x84.webp 150w\" sizes=\"(max-width: 1248px) 100vw, 1248px\" \/><figcaption id=\"caption-attachment-44986\" class=\"wp-caption-text\"><em>Joel (Pedro Pascal) presenteia Ellie (Bella Ramsey) com viol\u00e3o em flashback da 2\u00aa temporada de The Last of Us<\/em><\/figcaption><\/figure>\n<ul>\n<li><strong>Leia tamb\u00e9m: <a href=\"https:\/\/news.filmelier.com\/the-last-of-us-serie-vs-jogo\/\">9 diferen\u00e7as e 3 semelhan\u00e7as da s\u00e9rie <i>The Last of Us<\/i> para o jogo<\/a><\/strong><\/li>\n<\/ul>\n<\/section>\n<section>\n<h2>Pedro Pascal como Joel: uma despedida marcante em <i>The Last of Us<\/i><\/h2>\n<p>Como Joel em <i>The Last of Us<\/i>, Pedro Pascal entrega uma das atua\u00e7\u00f5es mais contidas e potentes da s\u00e9rie, transformando sil\u00eancios em declara\u00e7\u00f5es. Desde a abertura com o jovem Joel (interpretado por Andrew Diaz) enfrentando seu pai, at\u00e9 os \u00faltimos minutos no alpendre com Ellie, tudo em sua performance comunica dor, culpa e amor.<\/p>\n<\/section>\n<section>\n<h3>Joel como pai para Ellie: amor, mentira e heran\u00e7a emocional<\/h3>\n<p>O epis\u00f3dio apresenta Joel como um pai que tenta, com falhas e acertos, oferecer \u00e0 filha adotiva o que ele nunca teve. Logo no in\u00edcio, uma cena de 1983 mostra Joel adolescente recebendo conselhos do pai (Tony Dalton, o Lalo Salamanca de <i>Better Call Saul<\/i>). A conversa sobre ciclos de viol\u00eancia \u00e9 retomada na rela\u00e7\u00e3o com Ellie, revelando como Joel tenta ser melhor que seus antecessores, ainda que fracasse ao esconder verdades e tomar decis\u00f5es sem consultar a jovem.<\/p>\n<\/section>\n<section>\n<h2>Eugene, Gail e a mentira que exp\u00f5e a verdade<\/h2>\n<p>Joe Pantoliano, conhecido por seus pap\u00e9is em <a href=\"https:\/\/www.filmelier.com\/br\/filmes\/1523\/matrix\"><i>Matrix<\/i><\/a> e <i>Fam\u00edlia Soprano<\/i>, d\u00e1 dignidade ao breve papel de Eugene. O personagem serve como catalisador para uma das revela\u00e7\u00f5es mais duras da temporada. A decis\u00e3o de Joel de matar Eugene antes que ele se transforme n\u00e3o \u00e9 apenas pragm\u00e1tica \u2014 \u00e9 um espelho de sua decis\u00e3o no hospital em Salt Lake City. \u00c9 nesse momento que Ellie percebe: o homem que ela ama como pai escolhe sempre por ela, e n\u00e3o com ela. \u00c9 uma quebra definitiva de confian\u00e7a, que recontextualiza toda sua raiva e culpa no presente.<\/p>\n<p>Mais do que a morte de Eugene, \u00e9 a mentira para Gail (<a href=\"https:\/\/news.filmelier.com\/perfil-catherine-ohara\/\">Catherine O&#8217;Hara<\/a>) que empurra Ellie para a ruptura definitiva com Joel.<\/p>\n<figure id=\"attachment_44985\" aria-describedby=\"caption-attachment-44985\" style=\"width: 1248px\" class=\"wp-caption alignnone\"><img decoding=\"async\" class=\"size-full wp-image-44985\" src=\"https:\/\/news.filmelier.com\/wp-content\/uploads\/2025\/05\/the-last-of-us-eugene-joe-pantoliano.webp\" alt=\"Joe Pantoliano como Eugene no epis\u00f3dio 6 da 2\u00aa temporada de The Last of Us\" width=\"1248\" height=\"702\" srcset=\"https:\/\/news.filmelier.com\/wp-content\/uploads\/2025\/05\/the-last-of-us-eugene-joe-pantoliano.webp 1248w, https:\/\/news.filmelier.com\/wp-content\/uploads\/2025\/05\/the-last-of-us-eugene-joe-pantoliano-300x169.webp 300w, https:\/\/news.filmelier.com\/wp-content\/uploads\/2025\/05\/the-last-of-us-eugene-joe-pantoliano-1024x576.webp 1024w, https:\/\/news.filmelier.com\/wp-content\/uploads\/2025\/05\/the-last-of-us-eugene-joe-pantoliano-768x432.webp 768w, https:\/\/news.filmelier.com\/wp-content\/uploads\/2025\/05\/the-last-of-us-eugene-joe-pantoliano-150x84.webp 150w\" sizes=\"(max-width: 1248px) 100vw, 1248px\" \/><figcaption id=\"caption-attachment-44985\" class=\"wp-caption-text\"><em>Joe Pantoliano como Eugene no epis\u00f3dio 6 da 2\u00aa temporada de The Last of Us (Cr\u00e9dito: HBO)<\/em><\/figcaption><\/figure>\n<\/section>\n<section>\n<ul>\n<li><strong>Pode te interessar: <\/strong><a href=\"https:\/\/news.filmelier.com\/o-agente-secreto-filme-cannes-2025\/\"><strong><em>O Agente Secreto<\/em>, melhor filme de Cannes 2025 at\u00e9 agora, discute mem\u00f3ria e hereditariedade<\/strong><\/a><\/li>\n<\/ul>\n<h2><em>Flashbacks<\/em> poderosos, mas momento discut\u00edvel<\/h2>\n<p>A escolha de dedicar um epis\u00f3dio inteiro ao passado \u00e9 poderosa, mas arriscada. Em um momento em que a narrativa principal avan\u00e7a em ritmo fren\u00e9tico, Druckmann puxa o freio de m\u00e3o para revisitar os afetos, tal <a href=\"https:\/\/news.filmelier.com\/the-last-of-us-critica-episodio-3\/\">como aconteceu no epis\u00f3dio 3 da 1\u00aa temporada<\/a>, focado na<a href=\"https:\/\/news.filmelier.com\/the-last-of-us-serie-vs-jogo-bill-e-frank\/\"> hist\u00f3ria de Bill e Frank<\/a>.<\/p>\n<p>Apesar de sua for\u00e7a narrativa e emocional, o epis\u00f3dio de <em>flashbacks<\/em> sobre Joel e Ellie foi colocado como o pen\u00faltimo da temporada. Isso gera um efeito colateral: a hist\u00f3ria presente, que envolve a ca\u00e7a de Ellie a Abby (<a href=\"https:\/\/news.filmelier.com\/kaitlyn-dever-tudo-sobre-atriz-the-last-of-us\/\">Kaitlyn Dever<\/a>) em Seattle, \u00e9 pausada por completo. Com apenas um epis\u00f3dio restante na 2\u00aa temporada, fica a d\u00favida se haver\u00e1 tempo h\u00e1bil para concluir esse arco com a mesma pot\u00eancia. Ainda assim, <i>O Pre\u00e7o<\/i> se destaca como um dos pontos altos da temporada e da s\u00e9rie.<\/p>\n<\/section>\n<section>\n<h2>A \u00faltima conversa \u2014 e o perd\u00e3o que nunca chega<\/h2>\n<p>O di\u00e1logo final na varanda, reconstru\u00eddo a partir da abertura da temporada, \u00e9 um dos momentos mais devastadores da s\u00e9rie. Ellie exige a verdade, e Joel finalmente entrega. N\u00e3o h\u00e1 grandes discursos: Pascal atua com o olhar, o sil\u00eancio, o peso nos ombros. E Ramsey responde \u00e0 altura, com a frase que d\u00e1 sentido a todo o epis\u00f3dio: &#8220;Eu n\u00e3o sei se posso te perdoar&#8230; mas eu gostaria de tentar&#8221;.<\/p>\n<p>\u00c9 nesse instante que percebemos que a reconcilia\u00e7\u00e3o era poss\u00edvel. Mas o tempo n\u00e3o perdoa. \u00c9 um epis\u00f3dio po\u00e9tico, que nos obriga a revisitar n\u00e3o s\u00f3 os fantasmas de Joel, mas os nossos pr\u00f3prios: os afetos mal resolvidos, os sil\u00eancios que falam mais que palavras, os perd\u00f5es que nunca teremos tempo de conceder. Se a s\u00e9rie quer mostrar que o amor \u00e9 a verdadeira ru\u00edna da humanidade, este cap\u00edtulo prova que tamb\u00e9m \u00e9 a \u00fanica coisa que resta quando tudo se quebra.<\/p>\n<\/section>\n<section>\n<h2>Uma despedida \u00e0 altura de Joel \u2014 e um chamado \u00e0 Ellie<\/h2>\n<p>Sem d\u00favidas, este \u00e9 o epis\u00f3dio mais \u00edntimo e emocional da temporada. Em termos de ritmo, pode parecer um desvio. Em termos de dramaturgia, \u00e9 um golpe certeiro. A s\u00e9rie aposta no afeto como ferramenta de destrui\u00e7\u00e3o \u2014 e reden\u00e7\u00e3o. Joel se foi, mas deixa em Ellie n\u00e3o apenas traumas, e sim a pergunta mais inc\u00f4moda da s\u00e9rie: \u00e9 poss\u00edvel amar sem repetir os erros dos nossos pais?<\/p>\n<p>Se <i>The Last of Us<\/i> \u00e9 uma hist\u00f3ria sobre ciclos de viol\u00eancia e heran\u00e7a emocional, este epis\u00f3dio \u00e9 a pe\u00e7a que faltava para entender por que Ellie precisa \u2014 e teme \u2014 se tornar algu\u00e9m como Joel.<\/p>\n<p>O sexto epis\u00f3dio de <em>The Last of Us<\/em> temporada 2 devolve ao p\u00fablico o que muitos sentiam falta: a emo\u00e7\u00e3o da rela\u00e7\u00e3o entre Joel e Ellie. Com atua\u00e7\u00f5es marcantes de Pedro Pascal e Bella Ramsey, e roteiro que privilegia o afeto em meio ao caos, o cap\u00edtulo ressignifica tudo que veio antes e prepara terreno para o desfecho da temporada.<\/p>\n<h2>Tudo sobre a 2\u00aa temporada de\u00a0<em>The Last of Us<\/em><\/h2>\n<\/section>\n<section>\n<h3>Quantos epis\u00f3dios tem a segunda temporada de <em>The Last of Us<\/em>?<\/h3>\n<p>A segunda temporada de <i>The Last of Us<\/i> ter\u00e1 7 epis\u00f3dios. O final da temporada ser\u00e1 exibido no dia 25 de maio, \u00e0s 22h (hor\u00e1rio de Bras\u00edlia), na HBO e na Max.<\/p>\n<\/section>\n<section>\n<h3>Que horas sai o epis\u00f3dio 6 de <em>The Last of Us<\/em>?<\/h3>\n<p>O epis\u00f3dio 6 da 2\u00aa temporada de <i>The Last of Us<\/i> estreou no domingo, 18 de maio de 2025, \u00e0s 22h no hor\u00e1rio de Bras\u00edlia.<\/p>\n<\/section>\n<section>\n<h3>Onde assistir a <em>The Last of Us<\/em> online?<\/h3>\n<p>Voc\u00ea pode assistir \u00e0 s\u00e9rie <i>The Last of Us<\/i> com exclusividade na HBO Max, com vers\u00f5es dubladas e legendadas em portugu\u00eas. Confira <a href=\"https:\/\/news.filmelier.com\/assistir-online-serie-the-last-of-us\/\">como assistir ao streaming online e de gra\u00e7a<\/a>.<\/p>\n<\/section>\n<section>\n<h2>Leia tamb\u00e9m: cr\u00edticas anteriores de <i>The Last of Us<\/i><\/h2>\n<h3>1\u00aa temporada<\/h3>\n<ul>\n<li><strong><a href=\"https:\/\/news.filmelier.com\/the-last-of-us-critica-serie-hbo\/\">1\u00d701 \u2013 <i>The Last of Us<\/i> tem tudo para ser a nova s\u00e9rie evento da HBO<\/a><\/strong><\/li>\n<li><strong><a href=\"https:\/\/news.filmelier.com\/the-last-of-us-critica-episodio-2\/\">1\u00d702 \u2013 epis\u00f3dio 2 da s\u00e9rie tem cenas de terror e reviravolta &#8220;soco no est\u00f4mago&#8221;<\/a><\/strong><\/li>\n<li><strong><a href=\"https:\/\/news.filmelier.com\/the-last-of-us-critica-episodio-3\/\">1\u00d703 epis\u00f3dio 3 tem cenas in\u00e9ditas, tom rom\u00e2ntico e dram\u00e1tico<\/a><\/strong><\/li>\n<li><strong><a href=\"https:\/\/news.filmelier.com\/the-last-of-us-critica-episodio-4\/\">1\u00d704 \u2013 epis\u00f3dio 4 \u00e9 menos impactante, mas aprofunda a narrativa<\/a><\/strong><\/li>\n<li><strong><a href=\"https:\/\/news.filmelier.com\/the-last-of-us-critica-episodio-5\/\">1\u00d705 \u2013 epis\u00f3dio 5 prova que a s\u00e9rie n\u00e3o est\u00e1 para brincadeira<\/a><\/strong><\/li>\n<li><strong><a href=\"https:\/\/news.filmelier.com\/the-last-of-us-critica-episodio-6\/\">1\u00d706 \u2013 epis\u00f3dio 6 tem encontro aguardado e &#8220;momento fam\u00edlia&#8221;<\/a><\/strong><\/li>\n<li><strong><a href=\"https:\/\/news.filmelier.com\/the-last-of-us-critica-episodio-7\/\">1\u00d707 \u2013 epis\u00f3dio 7 revela como Ellie foi mordida<\/a><\/strong><\/li>\n<li><strong><a href=\"https:\/\/news.filmelier.com\/the-last-of-us-critica-episodio-8\/\">1\u00d708 \u2013 epis\u00f3dio 8 \u00e9 o mais intenso e perturbador da temporada<\/a><\/strong><\/li>\n<li><strong><a href=\"https:\/\/news.filmelier.com\/the-last-of-us-critica-episodio-9\/\">1\u00d709 \u2013 epis\u00f3dio 9 tem desfecho pol\u00eamico e chocante<\/a><\/strong><\/li>\n<\/ul>\n<h3>2\u00aa temporada<\/h3>\n<ul>\n<li><strong><a href=\"https:\/\/news.filmelier.com\/the-last-of-us-critica-temporada-2-episodio-1\/\">2\u00d701 \u2013 S\u00e9rie retorna mais sombrio e introspectivo na estreia da 2\u00aa temporada na HBO<\/a><\/strong><\/li>\n<li><strong><a href=\"https:\/\/news.filmelier.com\/the-last-of-us-critica-temporada-2-episodio-2\/\">2\u00d702 \u2013 <i>The Last of Us<\/i> reencontra sua for\u00e7a dram\u00e1tica com reviravolta do epis\u00f3dio 2 na HBO<\/a><\/strong><\/li>\n<li><a href=\"https:\/\/news.filmelier.com\/the-last-of-us-temporada-2-episodio-3\/\"><strong>2\u00d703 \u2013 Bella Ramsey segura a 2\u00aa temporada de <i>The Last of Us<\/i>? Cr\u00edtica do epis\u00f3dio 3 analisa a nova fase<\/strong><\/a><\/li>\n<li><a href=\"https:\/\/news.filmelier.com\/the-last-of-us-critica-temporada-2-episodio-4\/\"><strong>2\u00d704 \u2013 <i>The Last of Us<\/i> encontra equil\u00edbrio perfeito entre horror e romance no epis\u00f3dio 4 da 2\u00aa temporada<\/strong><\/a><\/li>\n<li><strong><a href=\"https:\/\/news.filmelier.com\/the-last-of-us-critica-temporada-2-episodio-5\/\">2&#215;05 \u2013 Quinto epis\u00f3dio da 2\u00aa temporada brilha em cenas de a\u00e7\u00e3o mas roteiro falha com Ellie<\/a><\/strong><\/li>\n<\/ul>\n<\/section>\n<\/article>\n","protected":false},"excerpt":{"rendered":"<p>Ambientado entre festas de anivers\u00e1rio e segredos, cap\u00edtulo reconstr\u00f3i os la\u00e7os de Ellie e Joel antes da trag\u00e9dia e prova que o passado ainda d\u00f3i<\/p>\n","protected":false},"author":11,"featured_media":49350,"comment_status":"open","ping_status":"open","sticky":false,"template":"","format":"standard","meta":{"_acf_changed":false,"footnotes":""},"categories":[3481,3492],"tags":[3577,3578,3517,3551,3552,3554,3582,3584,3585,3586,3588,3589,3590],"class_list":["post-49348","post","type-post","status-publish","format-standard","has-post-thumbnail","hentry","category-criticas-br","category-series-novelas-br","tag-bella-ramsey-br","tag-craig-mazin-br","tag-critica-br","tag-hbo-br","tag-hbo-max-br","tag-max-br","tag-neil-druckmann-br","tag-pedro-pascal-br","tag-serie-br","tag-series-hbo-br","tag-the-last-of-us-br","tag-the-last-of-us-part-2-br","tag-videogame-br"],"acf":{"subtitulo":"Ambientado entre festas de anivers\u00e1rio e segredos, cap\u00edtulo reconstr\u00f3i os la\u00e7os de Ellie e Joel antes da trag\u00e9dia e prova que o passado ainda d\u00f3i","id_ator":""},"yoast_head":"<!-- This site is optimized with the Yoast SEO plugin v26.1.1 - https:\/\/yoast.com\/wordpress\/plugins\/seo\/ -->\n<title>The Last of Us epis\u00f3dio 6: Joel (Pedro Pascal) retorna e emociona em cap\u00edtulo marcante<\/title>\n<meta name=\"description\" content=\"Epis\u00f3dio 6 da 2\u00aa temporada de The Last of Us traz Joel (Pedro Pascal) de volta e emociona com atua\u00e7\u00f5es marcantes. Veja a cr\u00edtica e quantos epis\u00f3dios tem a temporada\" \/>\n<meta name=\"robots\" content=\"index, follow, max-snippet:-1, max-image-preview:large, max-video-preview:-1\" \/>\n<link rel=\"canonical\" href=\"https:\/\/news.filmelier.com\/br\/the-last-of-us-critica-temporada-2-episodio-6\/\" \/>\n<meta property=\"og:locale\" content=\"pt_BR\" \/>\n<meta property=\"og:type\" content=\"article\" \/>\n<meta property=\"og:title\" content=\"The Last of Us epis\u00f3dio 6: Joel (Pedro Pascal) retorna e emociona em cap\u00edtulo marcante\" \/>\n<meta property=\"og:description\" content=\"Epis\u00f3dio 6 da 2\u00aa temporada de The Last of Us traz Joel (Pedro Pascal) de volta e emociona com atua\u00e7\u00f5es marcantes. Veja a cr\u00edtica e quantos epis\u00f3dios tem a temporada\" \/>\n<meta property=\"og:url\" content=\"https:\/\/news.filmelier.com\/br\/the-last-of-us-critica-temporada-2-episodio-6\/\" \/>\n<meta property=\"og:site_name\" content=\"News Filmelier\" \/>\n<meta property=\"article:published_time\" content=\"2025-05-20T23:37:19+00:00\" \/>\n<meta property=\"article:modified_time\" content=\"2025-06-09T03:09:53+00:00\" \/>\n<meta property=\"og:image\" content=\"https:\/\/homolog.news.filmelier.com\/wp-content\/uploads\/2025\/05\/the-last-of-us-ellie-joel-violao.webp\" \/>\n\t<meta property=\"og:image:width\" content=\"1248\" \/>\n\t<meta property=\"og:image:height\" content=\"702\" \/>\n\t<meta property=\"og:image:type\" content=\"image\/webp\" \/>\n<meta name=\"author\" content=\"Vit\u00f3ria Pratini\" \/>\n<meta name=\"twitter:card\" content=\"summary_large_image\" \/>\n<meta name=\"twitter:label1\" content=\"Escrito por\" \/>\n\t<meta name=\"twitter:data1\" content=\"Vit\u00f3ria Pratini\" \/>\n\t<meta name=\"twitter:label2\" content=\"Est. tempo de leitura\" \/>\n\t<meta name=\"twitter:data2\" content=\"10 minutos\" \/>\n<script type=\"application\/ld+json\" class=\"yoast-schema-graph\">{\"@context\":\"https:\/\/schema.org\",\"@graph\":[{\"@type\":\"Article\",\"@id\":\"https:\/\/news.filmelier.com\/br\/the-last-of-us-critica-temporada-2-episodio-6\/#article\",\"isPartOf\":{\"@id\":\"https:\/\/news.filmelier.com\/br\/the-last-of-us-critica-temporada-2-episodio-6\/\"},\"author\":{\"name\":\"Vit\u00f3ria Pratini\",\"@id\":\"https:\/\/homolog.news.filmelier.com\/br\/#\/schema\/person\/b6689fa913d8b849cd7549503e6521cc\"},\"headline\":\"&#8216;The Last of Us&#8217;: epis\u00f3dio 6 da 2\u00aa temporada emociona com retorno de Joel e drama entre pai e filha\",\"datePublished\":\"2025-05-20T23:37:19+00:00\",\"dateModified\":\"2025-06-09T03:09:53+00:00\",\"mainEntityOfPage\":{\"@id\":\"https:\/\/news.filmelier.com\/br\/the-last-of-us-critica-temporada-2-episodio-6\/\"},\"wordCount\":1762,\"commentCount\":0,\"publisher\":{\"@id\":\"https:\/\/homolog.news.filmelier.com\/br\/#organization\"},\"image\":{\"@id\":\"https:\/\/news.filmelier.com\/br\/the-last-of-us-critica-temporada-2-episodio-6\/#primaryimage\"},\"thumbnailUrl\":\"https:\/\/news.filmelier.com\/wp-content\/uploads\/2025\/05\/the-last-of-us-ellie-joel-violao.webp\",\"keywords\":[\"Bella Ramsey\",\"Craig Mazin\",\"critica\",\"HBO\",\"HBO Max\",\"Max\",\"Neil Druckmann\",\"Pedro Pascal\",\"s\u00e9rie\",\"s\u00e9ries hbo\",\"the last of us\",\"The last of us part 2\",\"videogame\"],\"articleSection\":[\"Cr\u00edticas\",\"S\u00e9ries e Novelas\"],\"inLanguage\":\"pt-BR\",\"potentialAction\":[{\"@type\":\"CommentAction\",\"name\":\"Comment\",\"target\":[\"https:\/\/news.filmelier.com\/br\/the-last-of-us-critica-temporada-2-episodio-6\/#respond\"]}]},{\"@type\":\"WebPage\",\"@id\":\"https:\/\/news.filmelier.com\/br\/the-last-of-us-critica-temporada-2-episodio-6\/\",\"url\":\"https:\/\/news.filmelier.com\/br\/the-last-of-us-critica-temporada-2-episodio-6\/\",\"name\":\"The Last of Us epis\u00f3dio 6: Joel (Pedro Pascal) retorna e emociona em cap\u00edtulo marcante\",\"isPartOf\":{\"@id\":\"https:\/\/homolog.news.filmelier.com\/br\/#website\"},\"primaryImageOfPage\":{\"@id\":\"https:\/\/news.filmelier.com\/br\/the-last-of-us-critica-temporada-2-episodio-6\/#primaryimage\"},\"image\":{\"@id\":\"https:\/\/news.filmelier.com\/br\/the-last-of-us-critica-temporada-2-episodio-6\/#primaryimage\"},\"thumbnailUrl\":\"https:\/\/news.filmelier.com\/wp-content\/uploads\/2025\/05\/the-last-of-us-ellie-joel-violao.webp\",\"datePublished\":\"2025-05-20T23:37:19+00:00\",\"dateModified\":\"2025-06-09T03:09:53+00:00\",\"description\":\"Epis\u00f3dio 6 da 2\u00aa temporada de The Last of Us traz Joel (Pedro Pascal) de volta e emociona com atua\u00e7\u00f5es marcantes. Veja a cr\u00edtica e quantos epis\u00f3dios tem a temporada\",\"breadcrumb\":{\"@id\":\"https:\/\/news.filmelier.com\/br\/the-last-of-us-critica-temporada-2-episodio-6\/#breadcrumb\"},\"inLanguage\":\"pt-BR\",\"potentialAction\":[{\"@type\":\"ReadAction\",\"target\":[\"https:\/\/news.filmelier.com\/br\/the-last-of-us-critica-temporada-2-episodio-6\/\"]}]},{\"@type\":\"ImageObject\",\"inLanguage\":\"pt-BR\",\"@id\":\"https:\/\/news.filmelier.com\/br\/the-last-of-us-critica-temporada-2-episodio-6\/#primaryimage\",\"url\":\"https:\/\/news.filmelier.com\/wp-content\/uploads\/2025\/05\/the-last-of-us-ellie-joel-violao.webp\",\"contentUrl\":\"https:\/\/news.filmelier.com\/wp-content\/uploads\/2025\/05\/the-last-of-us-ellie-joel-violao.webp\",\"width\":1248,\"height\":702,\"caption\":\"Pedro Pascal como Joel e Bella Ramsey como Ellie em flashback da 2\u00aa temporada de The Last of Us\"},{\"@type\":\"BreadcrumbList\",\"@id\":\"https:\/\/news.filmelier.com\/br\/the-last-of-us-critica-temporada-2-episodio-6\/#breadcrumb\",\"itemListElement\":[{\"@type\":\"ListItem\",\"position\":1,\"name\":\"In\u00edcio\",\"item\":\"https:\/\/homolog.news.filmelier.com\/br\/\"},{\"@type\":\"ListItem\",\"position\":2,\"name\":\"&#8216;The Last of Us&#8217;: epis\u00f3dio 6 da 2\u00aa temporada emociona com retorno de Joel e drama entre pai e filha\"}]},{\"@type\":\"WebSite\",\"@id\":\"https:\/\/homolog.news.filmelier.com\/br\/#website\",\"url\":\"https:\/\/homolog.news.filmelier.com\/br\/\",\"name\":\"Homolog Filmelier News Rankrup\",\"description\":\"\",\"publisher\":{\"@id\":\"https:\/\/homolog.news.filmelier.com\/br\/#organization\"},\"potentialAction\":[{\"@type\":\"SearchAction\",\"target\":{\"@type\":\"EntryPoint\",\"urlTemplate\":\"https:\/\/homolog.news.filmelier.com\/br\/?s={search_term_string}\"},\"query-input\":{\"@type\":\"PropertyValueSpecification\",\"valueRequired\":true,\"valueName\":\"search_term_string\"}}],\"inLanguage\":\"pt-BR\"},{\"@type\":\"Organization\",\"@id\":\"https:\/\/homolog.news.filmelier.com\/br\/#organization\",\"name\":\"Homolog Filmelier News Rankrup\",\"url\":\"https:\/\/homolog.news.filmelier.com\/br\/\",\"logo\":{\"@type\":\"ImageObject\",\"inLanguage\":\"pt-BR\",\"@id\":\"https:\/\/homolog.news.filmelier.com\/br\/#\/schema\/logo\/image\/\",\"url\":\"https:\/\/news.filmelier.com\/wp-content\/uploads\/2024\/11\/Logo-News.png\",\"contentUrl\":\"https:\/\/news.filmelier.com\/wp-content\/uploads\/2024\/11\/Logo-News.png\",\"width\":460,\"height\":108,\"caption\":\"Homolog Filmelier News Rankrup\"},\"image\":{\"@id\":\"https:\/\/homolog.news.filmelier.com\/br\/#\/schema\/logo\/image\/\"}},{\"@type\":\"Person\",\"@id\":\"https:\/\/homolog.news.filmelier.com\/br\/#\/schema\/person\/b6689fa913d8b849cd7549503e6521cc\",\"name\":\"Vit\u00f3ria Pratini\",\"image\":{\"@type\":\"ImageObject\",\"inLanguage\":\"pt-BR\",\"@id\":\"https:\/\/homolog.news.filmelier.com\/br\/#\/schema\/person\/image\/\",\"url\":\"https:\/\/secure.gravatar.com\/avatar\/93bc09f1ea8059e7f68ceebd457a04e75befce531605be9c8ad31127fed28a0d?s=96&d=mm&r=g\",\"contentUrl\":\"https:\/\/secure.gravatar.com\/avatar\/93bc09f1ea8059e7f68ceebd457a04e75befce531605be9c8ad31127fed28a0d?s=96&d=mm&r=g\",\"caption\":\"Vit\u00f3ria Pratini\"},\"description\":\"A critic and journalist specializing in films, series and pop culture since 2013, Vit\u00f3ria Pratini has had her articles published in AdoroCinema, IGN Brasil, Terra and MSN. During her career, she has covered audiovisual events, such as San Diego Comic-Con, CCXP, Festival do Rio and Pr\u00eamio Grande Otelo. She has served on festival juries and interviewed names such as Helen Mirren, Fernanda Torres, Gilberto Gil, Jude Law and Bryan Cranston. An SEO specialist, Vit\u00f3ria is currently a content strategist and reporter for Filmelier.\",\"sameAs\":[\"https:\/\/www.filmelier.com\/br\/autor\/vitoria-pratini\",\"https:\/\/www.instagram.com\/vitoriapratini\/\"],\"url\":\"https:\/\/news.filmelier.com\/br\/author\/vitoria-pratini\/\"}]}<\/script>\n<!-- \/ Yoast SEO plugin. -->","yoast_head_json":{"title":"The Last of Us epis\u00f3dio 6: Joel (Pedro Pascal) retorna e emociona em cap\u00edtulo marcante","description":"Epis\u00f3dio 6 da 2\u00aa temporada de The Last of Us traz Joel (Pedro Pascal) de volta e emociona com atua\u00e7\u00f5es marcantes. Veja a cr\u00edtica e quantos epis\u00f3dios tem a temporada","robots":{"index":"index","follow":"follow","max-snippet":"max-snippet:-1","max-image-preview":"max-image-preview:large","max-video-preview":"max-video-preview:-1"},"canonical":"https:\/\/news.filmelier.com\/br\/the-last-of-us-critica-temporada-2-episodio-6\/","og_locale":"pt_BR","og_type":"article","og_title":"The Last of Us epis\u00f3dio 6: Joel (Pedro Pascal) retorna e emociona em cap\u00edtulo marcante","og_description":"Epis\u00f3dio 6 da 2\u00aa temporada de The Last of Us traz Joel (Pedro Pascal) de volta e emociona com atua\u00e7\u00f5es marcantes. Veja a cr\u00edtica e quantos epis\u00f3dios tem a temporada","og_url":"https:\/\/news.filmelier.com\/br\/the-last-of-us-critica-temporada-2-episodio-6\/","og_site_name":"News Filmelier","article_published_time":"2025-05-20T23:37:19+00:00","article_modified_time":"2025-06-09T03:09:53+00:00","og_image":[{"width":1248,"height":702,"url":"https:\/\/homolog.news.filmelier.com\/wp-content\/uploads\/2025\/05\/the-last-of-us-ellie-joel-violao.webp","type":"image\/webp"}],"author":"Vit\u00f3ria Pratini","twitter_card":"summary_large_image","twitter_misc":{"Escrito por":"Vit\u00f3ria Pratini","Est. tempo de leitura":"10 minutos"},"schema":{"@context":"https:\/\/schema.org","@graph":[{"@type":"Article","@id":"https:\/\/news.filmelier.com\/br\/the-last-of-us-critica-temporada-2-episodio-6\/#article","isPartOf":{"@id":"https:\/\/news.filmelier.com\/br\/the-last-of-us-critica-temporada-2-episodio-6\/"},"author":{"name":"Vit\u00f3ria Pratini","@id":"https:\/\/homolog.news.filmelier.com\/br\/#\/schema\/person\/b6689fa913d8b849cd7549503e6521cc"},"headline":"&#8216;The Last of Us&#8217;: epis\u00f3dio 6 da 2\u00aa temporada emociona com retorno de Joel e drama entre pai e filha","datePublished":"2025-05-20T23:37:19+00:00","dateModified":"2025-06-09T03:09:53+00:00","mainEntityOfPage":{"@id":"https:\/\/news.filmelier.com\/br\/the-last-of-us-critica-temporada-2-episodio-6\/"},"wordCount":1762,"commentCount":0,"publisher":{"@id":"https:\/\/homolog.news.filmelier.com\/br\/#organization"},"image":{"@id":"https:\/\/news.filmelier.com\/br\/the-last-of-us-critica-temporada-2-episodio-6\/#primaryimage"},"thumbnailUrl":"https:\/\/news.filmelier.com\/wp-content\/uploads\/2025\/05\/the-last-of-us-ellie-joel-violao.webp","keywords":["Bella Ramsey","Craig Mazin","critica","HBO","HBO Max","Max","Neil Druckmann","Pedro Pascal","s\u00e9rie","s\u00e9ries hbo","the last of us","The last of us part 2","videogame"],"articleSection":["Cr\u00edticas","S\u00e9ries e Novelas"],"inLanguage":"pt-BR","potentialAction":[{"@type":"CommentAction","name":"Comment","target":["https:\/\/news.filmelier.com\/br\/the-last-of-us-critica-temporada-2-episodio-6\/#respond"]}]},{"@type":"WebPage","@id":"https:\/\/news.filmelier.com\/br\/the-last-of-us-critica-temporada-2-episodio-6\/","url":"https:\/\/news.filmelier.com\/br\/the-last-of-us-critica-temporada-2-episodio-6\/","name":"The Last of Us epis\u00f3dio 6: Joel (Pedro Pascal) retorna e emociona em cap\u00edtulo marcante","isPartOf":{"@id":"https:\/\/homolog.news.filmelier.com\/br\/#website"},"primaryImageOfPage":{"@id":"https:\/\/news.filmelier.com\/br\/the-last-of-us-critica-temporada-2-episodio-6\/#primaryimage"},"image":{"@id":"https:\/\/news.filmelier.com\/br\/the-last-of-us-critica-temporada-2-episodio-6\/#primaryimage"},"thumbnailUrl":"https:\/\/news.filmelier.com\/wp-content\/uploads\/2025\/05\/the-last-of-us-ellie-joel-violao.webp","datePublished":"2025-05-20T23:37:19+00:00","dateModified":"2025-06-09T03:09:53+00:00","description":"Epis\u00f3dio 6 da 2\u00aa temporada de The Last of Us traz Joel (Pedro Pascal) de volta e emociona com atua\u00e7\u00f5es marcantes. Veja a cr\u00edtica e quantos epis\u00f3dios tem a temporada","breadcrumb":{"@id":"https:\/\/news.filmelier.com\/br\/the-last-of-us-critica-temporada-2-episodio-6\/#breadcrumb"},"inLanguage":"pt-BR","potentialAction":[{"@type":"ReadAction","target":["https:\/\/news.filmelier.com\/br\/the-last-of-us-critica-temporada-2-episodio-6\/"]}]},{"@type":"ImageObject","inLanguage":"pt-BR","@id":"https:\/\/news.filmelier.com\/br\/the-last-of-us-critica-temporada-2-episodio-6\/#primaryimage","url":"https:\/\/news.filmelier.com\/wp-content\/uploads\/2025\/05\/the-last-of-us-ellie-joel-violao.webp","contentUrl":"https:\/\/news.filmelier.com\/wp-content\/uploads\/2025\/05\/the-last-of-us-ellie-joel-violao.webp","width":1248,"height":702,"caption":"Pedro Pascal como Joel e Bella Ramsey como Ellie em flashback da 2\u00aa temporada de The Last of Us"},{"@type":"BreadcrumbList","@id":"https:\/\/news.filmelier.com\/br\/the-last-of-us-critica-temporada-2-episodio-6\/#breadcrumb","itemListElement":[{"@type":"ListItem","position":1,"name":"In\u00edcio","item":"https:\/\/homolog.news.filmelier.com\/br\/"},{"@type":"ListItem","position":2,"name":"&#8216;The Last of Us&#8217;: epis\u00f3dio 6 da 2\u00aa temporada emociona com retorno de Joel e drama entre pai e filha"}]},{"@type":"WebSite","@id":"https:\/\/homolog.news.filmelier.com\/br\/#website","url":"https:\/\/homolog.news.filmelier.com\/br\/","name":"Homolog Filmelier News Rankrup","description":"","publisher":{"@id":"https:\/\/homolog.news.filmelier.com\/br\/#organization"},"potentialAction":[{"@type":"SearchAction","target":{"@type":"EntryPoint","urlTemplate":"https:\/\/homolog.news.filmelier.com\/br\/?s={search_term_string}"},"query-input":{"@type":"PropertyValueSpecification","valueRequired":true,"valueName":"search_term_string"}}],"inLanguage":"pt-BR"},{"@type":"Organization","@id":"https:\/\/homolog.news.filmelier.com\/br\/#organization","name":"Homolog Filmelier News Rankrup","url":"https:\/\/homolog.news.filmelier.com\/br\/","logo":{"@type":"ImageObject","inLanguage":"pt-BR","@id":"https:\/\/homolog.news.filmelier.com\/br\/#\/schema\/logo\/image\/","url":"https:\/\/news.filmelier.com\/wp-content\/uploads\/2024\/11\/Logo-News.png","contentUrl":"https:\/\/news.filmelier.com\/wp-content\/uploads\/2024\/11\/Logo-News.png","width":460,"height":108,"caption":"Homolog Filmelier News Rankrup"},"image":{"@id":"https:\/\/homolog.news.filmelier.com\/br\/#\/schema\/logo\/image\/"}},{"@type":"Person","@id":"https:\/\/homolog.news.filmelier.com\/br\/#\/schema\/person\/b6689fa913d8b849cd7549503e6521cc","name":"Vit\u00f3ria Pratini","image":{"@type":"ImageObject","inLanguage":"pt-BR","@id":"https:\/\/homolog.news.filmelier.com\/br\/#\/schema\/person\/image\/","url":"https:\/\/secure.gravatar.com\/avatar\/93bc09f1ea8059e7f68ceebd457a04e75befce531605be9c8ad31127fed28a0d?s=96&d=mm&r=g","contentUrl":"https:\/\/secure.gravatar.com\/avatar\/93bc09f1ea8059e7f68ceebd457a04e75befce531605be9c8ad31127fed28a0d?s=96&d=mm&r=g","caption":"Vit\u00f3ria Pratini"},"description":"A critic and journalist specializing in films, series and pop culture since 2013, Vit\u00f3ria Pratini has had her articles published in AdoroCinema, IGN Brasil, Terra and MSN. During her career, she has covered audiovisual events, such as San Diego Comic-Con, CCXP, Festival do Rio and Pr\u00eamio Grande Otelo. She has served on festival juries and interviewed names such as Helen Mirren, Fernanda Torres, Gilberto Gil, Jude Law and Bryan Cranston. An SEO specialist, Vit\u00f3ria is currently a content strategist and reporter for Filmelier.","sameAs":["https:\/\/www.filmelier.com\/br\/autor\/vitoria-pratini","https:\/\/www.instagram.com\/vitoriapratini\/"],"url":"https:\/\/news.filmelier.com\/br\/author\/vitoria-pratini\/"}]}},"_links":{"self":[{"href":"https:\/\/news.filmelier.com\/br\/wp-json\/wp\/v2\/posts\/49348","targetHints":{"allow":["GET"]}}],"collection":[{"href":"https:\/\/news.filmelier.com\/br\/wp-json\/wp\/v2\/posts"}],"about":[{"href":"https:\/\/news.filmelier.com\/br\/wp-json\/wp\/v2\/types\/post"}],"author":[{"embeddable":true,"href":"https:\/\/news.filmelier.com\/br\/wp-json\/wp\/v2\/users\/11"}],"replies":[{"embeddable":true,"href":"https:\/\/news.filmelier.com\/br\/wp-json\/wp\/v2\/comments?post=49348"}],"version-history":[{"count":1,"href":"https:\/\/news.filmelier.com\/br\/wp-json\/wp\/v2\/posts\/49348\/revisions"}],"predecessor-version":[{"id":49471,"href":"https:\/\/news.filmelier.com\/br\/wp-json\/wp\/v2\/posts\/49348\/revisions\/49471"}],"wp:featuredmedia":[{"embeddable":true,"href":"https:\/\/news.filmelier.com\/br\/wp-json\/wp\/v2\/media\/49350"}],"wp:attachment":[{"href":"https:\/\/news.filmelier.com\/br\/wp-json\/wp\/v2\/media?parent=49348"}],"wp:term":[{"taxonomy":"category","embeddable":true,"href":"https:\/\/news.filmelier.com\/br\/wp-json\/wp\/v2\/categories?post=49348"},{"taxonomy":"post_tag","embeddable":true,"href":"https:\/\/news.filmelier.com\/br\/wp-json\/wp\/v2\/tags?post=49348"}],"curies":[{"name":"wp","href":"https:\/\/api.w.org\/{rel}","templated":true}]}}