{"id":49339,"date":"2025-05-23T13:30:10","date_gmt":"2025-05-23T16:30:10","guid":{"rendered":"https:\/\/news.filmelier.com\/it-was-just-an-accident-jafar-panahi-cannes-2025\/"},"modified":"2025-06-09T00:07:57","modified_gmt":"2025-06-09T03:07:57","slug":"it-was-just-an-accident-jafar-panahi-cannes-2025","status":"publish","type":"post","link":"https:\/\/news.filmelier.com\/br\/it-was-just-an-accident-jafar-panahi-cannes-2025\/","title":{"rendered":"&#8216;It Was Just an Accident&#8217;: \u201cFoi a Rep\u00fablica Isl\u00e2mica do Ir\u00e3 que fez este filme\u201d, diz Jafar Panahi (Cannes 2025)"},"content":{"rendered":"<p>Ver <a href=\"https:\/\/www.filmelier.com\/br\/director\/jafar-panahi\" target=\"_blank\" rel=\"noopener\">Jafar Panahi<\/a> percorrendo o tapete vermelho e participando da coletiva de imprensa foi dos momentos mais emocionantes do 78\u00ba <a href=\"https:\/\/www.filmelier.com\/br\/festival\/festival-de-cannes\" target=\"_blank\" rel=\"noopener\">Festival de Cannes<\/a>. Trinta anos depois de sua estreia no cinema, neste mesmo festival, com <em>O Bal\u00e3o Branco<\/em> (Ir\u00e3, 1995), vencedor da Cam\u00e9ra D\u2019Or para melhor primeiro longa-metragem, o cineasta iraniano volta ao palco internacional com <a href=\"https:\/\/www.filmelier.com\/br\/filmes\/110893\/it-was-just-an-accident\" target=\"_blank\" rel=\"noopener\"><em>It Was Just an Accident<\/em><\/a> (Ir\u00e3, Fran\u00e7a e Luxemburgo, 2025), favorito \u00e0 Palma de Ouro neste ano.<\/p>\n<ul>\n<li><strong>Confira tamb\u00e9m:\u00a0<a href=\"https:\/\/www.filmelier.com\/br\/list\/vencedores-da-palma-de-ouro-de-cannes\" target=\"_blank\" rel=\"noopener\">Filmes vencedores da Palma de Ouro de Cannes<\/a><\/strong><\/li>\n<\/ul>\n<p><iframe title=\"It Was Just an Accident new clip official from Cannes Film Festival 2025\" width=\"800\" height=\"450\" src=\"https:\/\/www.youtube.com\/embed\/jILemYMAgts?feature=oembed\" frameborder=\"0\" allow=\"accelerometer; autoplay; clipboard-write; encrypted-media; gyroscope; picture-in-picture; web-share\" referrerpolicy=\"strict-origin-when-cross-origin\" allowfullscreen><\/iframe><\/p>\n<p>Em fevereiro de 2010, ele teve seu visto negado pelas autoridades iranianas para viajar para o <a href=\"https:\/\/www.filmelier.com\/br\/festival\/berlim\" target=\"_blank\" rel=\"noopener\">Festival de Berlim<\/a>, meses depois de encorajar os membros do j\u00fari do Festival de Montreal a usar echarpes verdes em apoio ao Movimento Verde Iraniano, que pedia a remo\u00e7\u00e3o do presidente Mahmoud Ahmadinejad.<\/p>\n<p>Em mar\u00e7o de 2010, ele foi preso, junto com sua mulher, sua filha e 15 de seus amigos, incluindo o cineasta Mohammad Rasoulof (de <a href=\"https:\/\/www.filmelier.com\/br\/filmes\/25592\/a-semente-do-fruto-sagrado\" target=\"_blank\" rel=\"noopener\"><em>A Semente do Fruto Sagrado<\/em><\/a>).<\/p>\n<p>Em maio daquele ano, o Festival de Cannes deixou uma cadeira vazia representando sua aus\u00eancia do j\u00fari presidido por Tim Burton, do qual Panahi deveria fazer parte. Na mesma edi\u00e7\u00e3o do Festival de Cannes, durante a entrevista coletiva do filme <a href=\"https:\/\/www.filmelier.com\/br\/filmes\/14875\/copia-fiel\" target=\"_blank\" rel=\"noopener\"><em>C\u00f3pia Fiel <\/em><\/a>(Ir\u00e3, Fran\u00e7a, It\u00e1lia, 2011), do iraniano Abbas Kiarostami (1940-2016), a mesa e o p\u00fablico foram informados de que Panahi tinha come\u00e7ado uma greve de fome, o que provocou o choro da atriz Juliette Binoche \u2013 presidente do j\u00fari do Festival de Cannes em 2025.<\/p>\n<p>Em dezembro de 2010, Panahi recebeu a senten\u00e7a de seis anos de pris\u00e3o e 20 anos de proibi\u00e7\u00e3o de fazer cinema e deixar o pa\u00eds. Apenas em 2011 a senten\u00e7a foi revertida para pris\u00e3o domiciliar, embora o impedimento de fazer filmes e viajar tenha permanecido.<\/p>\n<p>Mesmo banido, Panahi continuou fazendo filmes. <em>Isto N\u00e3o \u00e9 um Filme<\/em> (Ir\u00e3, 2011), exibido em sess\u00e3o especial em Cannes, foi rodado dentro de sua casa. <em>Cortinas Fechadas<\/em> (Ir\u00e3, 2013), vencedor do Urso de Prata de roteiro em Berlim, se passa em uma casa isolada. <a href=\"https:\/\/www.filmelier.com\/br\/filmes\/1936\/taxi-teera\" target=\"_blank\" rel=\"noopener\"><em>T\u00e1xi Teer\u00e3<\/em><\/a> (Ir\u00e3, 2015), Urso de Ouro em Berlim, traz o pr\u00f3prio diretor se passando por motorista de t\u00e1xi e interagindo com habitantes de Teer\u00e3. Em <a href=\"https:\/\/www.filmelier.com\/br\/filmes\/22202\/sem-ursos\" target=\"_blank\" rel=\"noopener\"><em>Sem Ursos<\/em><\/a> (Ir\u00e3, 2022), Pr\u00eamio Especial do J\u00fari em Veneza, Panahi se muda para a fronteira com a Turquia para dirigir um filme remotamente. Todos esses filmes foram apresentados em festivais sem a presen\u00e7a do cineasta. Ele tamb\u00e9m n\u00e3o recebeu nenhum dos pr\u00eamios pessoalmente.<\/p>\n<h2><em>It Was Just an Accident<\/em> \u00e9 o retorno de Jafar Panahi<\/h2>\n<p>Da\u00ed a emo\u00e7\u00e3o com sua vinda a Cannes para acompanhar <em>It Was Just an Accident<\/em> e falar pessoalmente com a imprensa depois de tantos anos. Recentemente, o governo suspendeu sua proibi\u00e7\u00e3o de filmar. Foi assim que ele p\u00f4de realizar seu longa-metragem um pouco menos escondido, nos arredores do Ir\u00e3. \u201cMesmo n\u00e3o estando banido, os filmes que quero fazer n\u00e3o necessariamente seguem os tr\u00e2mites legais para filmar no Ir\u00e3\u201d, explicou Panahi na coletiva de imprensa oficial do festival. \u201cNormalmente \u00e9 preciso submeter seu roteiro ao minist\u00e9rio e, se voc\u00ea n\u00e3o conseguir a autoriza\u00e7\u00e3o, n\u00e3o pode fazer o filme. Mas eu tenho que continuar trabalhando da mesma forma (<em>como estava fazendo durante a proibi\u00e7\u00e3o<\/em>), mesmo que seja um novo est\u00e1gio da minha carreira.\u201d<\/p>\n<p>No filme, uma fam\u00edlia viaja de carro \u00e0 noite quando tem problemas mec\u00e2nicos ap\u00f3s um atropelar um cachorro. Eghbal (Ebrahim Azizi), sua mulher (Afssaneh Najmabadi) e a pequena filha do casal (Delmaz Najafi) precisam parar em uma oficina, comandada por Vahid (Vahid Mobasseri). O mec\u00e2nico tem certeza de que aquele homem \u00e9 seu torturador baseado no som de seus passos \u2013 Eghbal tem uma pr\u00f3tese na perna, e Vahid estava vendado o tempo inteiro na pris\u00e3o \u2013 e resolve tomar uma atitude. Suas a\u00e7\u00f5es acabam reunindo outras v\u00edtimas do Estado: o livreiro Salar (Georges Hashemzadeh), a fot\u00f3grafa de casamentos Shiva (Mariam Afshari), o casal que ela est\u00e1 fotografando (Hadis Pakbaten e Majid Panahi) e Hamid (Mohamad Ali Elyasmehr).<\/p>\n<p><em>It Was Just an Accident<\/em> pincela momentos de humor em meio \u00e0 tens\u00e3o crescente, alternando com\u00e9dia e trag\u00e9dia como costuma ser na vida, ainda mais em um pa\u00eds sob um governo autorit\u00e1rio \u2013 <a href=\"https:\/\/www.filmelier.com\/br\/filmes\/27406\/o-agente-secreto\" target=\"_blank\" rel=\"noopener\"><em>O Agente Secreto<\/em><\/a> (Brasil, Fran\u00e7a, Alemanha, 2025), de Kleber Mendon\u00e7a Filho, tamb\u00e9m faz isso muito bem. Como no filme do brasileiro, os personagens ali enfrentam dilemas morais. Por exemplo, como evitar julgamentos apressados \u2013 ser\u00e1 que aquele homem \u00e9 mesmo aquele que eles conheceram na pris\u00e3o, com os olhos vendados?. E tamb\u00e9m se vale a pena perder-se de si mesmo para se vingar.<\/p>\n<figure id=\"attachment_45099\" aria-describedby=\"caption-attachment-45099\" style=\"width: 800px\" class=\"wp-caption alignnone\"><img fetchpriority=\"high\" decoding=\"async\" class=\"wp-image-45099 size-full\" src=\"https:\/\/news.filmelier.com\/wp-content\/uploads\/2025\/05\/it-was-just-an-accident-jafar-panahi-cannes.webp\" alt=\"'It Was Just an Accident': \u201cFoi a Rep\u00fablica Isl\u00e2mica do Ir\u00e3 que fez este filme\u201d, diz Jafar Panahi (Cannes 2025)\" width=\"800\" height=\"450\" srcset=\"https:\/\/news.filmelier.com\/wp-content\/uploads\/2025\/05\/it-was-just-an-accident-jafar-panahi-cannes.webp 800w, https:\/\/news.filmelier.com\/wp-content\/uploads\/2025\/05\/it-was-just-an-accident-jafar-panahi-cannes-300x169.webp 300w, https:\/\/news.filmelier.com\/wp-content\/uploads\/2025\/05\/it-was-just-an-accident-jafar-panahi-cannes-768x432.webp 768w, https:\/\/news.filmelier.com\/wp-content\/uploads\/2025\/05\/it-was-just-an-accident-jafar-panahi-cannes-150x84.webp 150w\" sizes=\"(max-width: 800px) 100vw, 800px\" \/><figcaption id=\"caption-attachment-45099\" class=\"wp-caption-text\">(Cr\u00e9ditos: Festival de Cannes \/ NEON)<\/figcaption><\/figure>\n<p>\u00c9 uma obra-prima de concis\u00e3o, ritmo, mise-en-sc\u00e8ne. Sem firulas, Panahi coloca o espectador na realidade surreal do Ir\u00e3, mas tamb\u00e9m o confronta enquanto ser humano.<\/p>\n<p>Se ganhar a Palma de Ouro \u2013 e a chance \u00e9 muito grande \u2013, Panahi completar\u00e1 a trifeta dos tr\u00eas principais festivais do mundo. Ele ganhou o Le\u00e3o de Ouro com <em>O C\u00edrculo<\/em> (Ir\u00e3, It\u00e1lia, Su\u00ed\u00e7a, 2000) e o Urso de Ouro com <em>T\u00e1xi Teer\u00e3<\/em>, al\u00e9m de muitos outros pr\u00eamios importantes, como o Leopardo de Ouro com <em>O Espelho<\/em> (Ir\u00e3, 1997) e o Grande Pr\u00eamio do J\u00fari em Berlim com <em>Fora de Jogo<\/em> (Ir\u00e3, 2006).<\/p>\n<h2>A experi\u00eancia de Jafar Panahi na pris\u00e3o informa\u00a0<em>It Was Just an Accident<\/em><\/h2>\n<p>Na entrevista coletiva, Panahi disse que seus filmes s\u00e3o inspirados pelo ambiente em que se encontra. \u201cUma vez que voc\u00ea \u00e9 mandado para a pris\u00e3o, inevitavelmente voc\u00ea \u00e9 influenciado e impactado pelo que vive l\u00e1 e o que v\u00ea.\u201d Na \u00faltima pris\u00e3o, em 2022, ele ficou em uma cela grande, com v\u00e1rias outras pessoas, e a maioria n\u00e3o estava l\u00e1 por raz\u00f5es pol\u00edticas, como ele. Suas hist\u00f3rias acabaram no novo filme.<\/p>\n<p>Panahi fez um filme provocativo apesar de tudo isso e n\u00e3o sabe como vai ser sua volta a Teer\u00e3. No momento, um de seus corroteiristas est\u00e1 na pris\u00e3o. \u201cConseguimos terminar a filmagem em paz, mas, assim que ouviram que o filme tinha sido selecionado para Cannes, particularmente nos \u00faltimos 15 dias, a situa\u00e7\u00e3o ficou mais complicada. Muitos membros da equipe e do elenco foram chamados para prestar depoimento. Meu diretor de fotografia e eu mesmo fomos at\u00e9 o local do interrogat\u00f3rio, porque n\u00e3o quer\u00edamos que eles estivessem sozinhos. Ent\u00e3o houve muita press\u00e3o sobre eles. Foram amea\u00e7ados. Mas eu sabia n\u00f3s t\u00ednhamos a vantagem pois o filme j\u00e1 estava pronto e n\u00e3o havia nada que eles pudessem fazer.\u201d<\/p>\n<p>O cineasta minimizou a preocupa\u00e7\u00e3o com seu destino em sua volta ao Ir\u00e3 e disse que n\u00e3o pretende deixar o pa\u00eds, ao contr\u00e1rio de alguns compatriotas, incluindo seu amigo Rasoulof, hoje na Alemanha. \u201cEu me comporto como outros iranianos, meu caso n\u00e3o \u00e9 especial. As mulheres iranianas s\u00e3o proibidas de sair sem v\u00e9u, mas elas saem da mesma maneira. E se arriscam fazendo isso. N\u00e3o estou fazendo nada mais heroico do que todos os iranianos fazem. Quando terminar aqui, volto para o Ir\u00e3. Assim que chegar, vou pensar sobre o meu pr\u00f3ximo filme.\u201d<\/p>\n<p>A atriz Maryam Afshari ecoou suas palavras. \u201cN\u00e3o sabemos o que vai acontecer. Mas o Ir\u00e3 \u00e9 nosso pa\u00eds, e temos de lutar para que nosso pa\u00eds melhore e progrida. Temos de fazer o m\u00e1ximo para isso. Por isso n\u00e3o importa o que aconte\u00e7a conosco, o que \u00e9 realmente importante \u00e9 o destino do pa\u00eds.\u201d<\/p>\n<p>Panahi descreveu a situa\u00e7\u00e3o como absurda e surreal. \u201cComo podem jogar um artista na pris\u00e3o sem entender o que isso significa? Quando voc\u00ea joga um artista na pris\u00e3o, voc\u00ea d\u00e1 ideias a ele. Abre um novo mundo para aquele artista. N\u00e3o fui eu que fiz isso, foi a Rep\u00fablica Isl\u00e2mica do Ir\u00e3 que me jogou na pris\u00e3o, foi a Rep\u00fablica Isl\u00e2mica do Ir\u00e3 que fez este filme. Ela deveria entender que, ao jogar um artista na pris\u00e3o, precisa arcar com as consequ\u00eancias. Gra\u00e7as \u00e0 tecnologia, nenhuma inst\u00e2ncia de poder pode impedir um artista de fazer seu trabalho. Mesmo em uma cela o artista vai continuar se expressando. Mesmo em segredo. Quando um pa\u00eds se comporta dessa maneira, n\u00e3o vai colher outros frutos que n\u00e3o esse. Como voc\u00ea joga um cantor na pris\u00e3o? Voc\u00ea acredita que algu\u00e9m pode ser jogado na pris\u00e3o no Ir\u00e3 apenas por cantar uma m\u00fasica ou por tuitar? \u00c9 dif\u00edcil de entender. Meu corroteirista est\u00e1 preso. Mas tenho certeza de que ele vai sair da pris\u00e3o com muitos roteiros em sua cabe\u00e7a.\u201d<\/p>\n<h2 data-start=\"5014\" data-end=\"5081\">Acompanhe nossa cobertura completa do\u00a0<a href=\"https:\/\/news.filmelier.com\/br\/category\/cannes-br\/\" target=\"_blank\" rel=\"noopener\">Filmelier em Cannes 2025<\/a>:<\/h2>\n<ul>\n<li data-start=\"5014\" data-end=\"5081\"><strong><a href=\"https:\/\/news.filmelier.com\/cannes-2025-selecao-principal-analise\/\" target=\"_blank\" rel=\"noopener\">Cannes 2025 decepciona com apenas um filme latino-americano na competi\u00e7\u00e3o principal<\/a><\/strong><\/li>\n<li><a href=\"https:\/\/news.filmelier.com\/brasil-em-cannes-2025-cinema-cearense-na-quinzena-dos-realizadores\/\"><strong>Brasil em Cannes 2025: cinema cearense \u00e9 destaque na Quinzena dos Realizadores<\/strong><\/a><\/li>\n<li><a href=\"https:\/\/news.filmelier.com\/critica-partir-un-jour-cannes-2025\/\" target=\"_blank\" rel=\"noopener\"><strong>Cr\u00edtica:\u00a0<em>Partir un Jour<\/em>, Filme de abertura de Cannes, tenta subverter clich\u00e9s, mas n\u00e3o consegue escapar da banalidade<\/strong><\/a><\/li>\n<li><a href=\"https:\/\/news.filmelier.com\/critica-sound-of-falling-cannes-2025\/\" target=\"_blank\" rel=\"noopener\"><strong>Cr\u00edtica: O complexo\u00a0<em>Sound of Falling<\/em>\u00a0de Mascha Schilinski abre a competi\u00e7\u00e3o de Cannes 2025<\/strong><\/a><\/li>\n<li><a href=\"https:\/\/news.filmelier.com\/critica-death-does-not-exist-cannes-2025\/\" target=\"_blank\" rel=\"noopener\"><strong>Cr\u00edtica:\u00a0<em>Death Does Not Exist<\/em>, um transe crom\u00e1tico de milit\u00e2ncia ambiental<\/strong><\/a><\/li>\n<li><a href=\"https:\/\/news.filmelier.com\/critica-a-useful-ghost-cannes-2025\/\" target=\"_blank\" rel=\"noopener\"><strong>Cr\u00edtica de\u00a0<em>A Useful Ghost<\/em>: Humanos sonham com fantasmas eletrodom\u00e9sticos? (Cannes 2025)<\/strong><\/a><\/li>\n<li><a href=\"https:\/\/news.filmelier.com\/eddington-sirat-cannes-2025\/\" target=\"_blank\" rel=\"noopener\"><strong><em>Eddington<\/em>\u00a0e\u00a0<em>Sir\u00e2t<\/em>\u00a0mostram mundos em colapso com ajuda do g\u00eanero (Cannes 2025)<\/strong><\/a><\/li>\n<li><a href=\"https:\/\/news.filmelier.com\/o-agente-secreto-filme-cannes-2025\/\" target=\"_blank\" rel=\"noopener\"><strong><em>O Agente Secreto<\/em>, melhor filme de Cannes 2025 at\u00e9 agora, discute mem\u00f3ria e hereditariedade<\/strong><\/a><\/li>\n<li><a href=\"https:\/\/news.filmelier.com\/critica-peak-everything-cannes-2025\/\" target=\"_blank\" rel=\"noopener\"><strong>Cr\u00edtica de <em>Peak Everything<\/em>: o amor em tempos do fim do mundo (Cannes 2025)<br \/>\n<\/strong><\/a><\/li>\n<\/ul>\n","protected":false},"excerpt":{"rendered":"<p>Favorito \u00e0 Palma de Ouro, o cineasta iraniano Jafar Panahi coloca suas experi\u00eancias na pris\u00e3o no \u00f3timo &#8216;It Was Just an Accident&#8217;.<\/p>\n","protected":false},"author":28,"featured_media":49340,"comment_status":"open","ping_status":"open","sticky":false,"template":"","format":"standard","meta":{"_acf_changed":false,"footnotes":""},"categories":[3558,3482],"tags":[3559,3614,3561,3619,3615],"class_list":["post-49339","post","type-post","status-publish","format-standard","has-post-thumbnail","hentry","category-cannes-br","category-filmes-br","tag-cannes-2025-br","tag-cinema-iraniano-br","tag-festival-cannes-br","tag-it-was-just-an-accident-br","tag-jafar-panahi-br"],"acf":{"subtitulo":"Favorito \u00e0 Palma de Ouro, o cineasta iraniano coloca suas experi\u00eancias na pris\u00e3o no \u00f3timo 'It Was Just an Accident'","id_ator":"nm17331843, nm17252673, nm17331842, nm17285103, nm10064184, nm15212779"},"yoast_head":"<!-- This site is optimized with the Yoast SEO plugin v26.1.1 - https:\/\/yoast.com\/wordpress\/plugins\/seo\/ -->\n<title>&#039;It Was Just an Accident&#039;, o retorno de Jafar Panahi (Cannes 2025) - Filmelier<\/title>\n<meta name=\"description\" content=\"Em &#039;It Was Just an Accident&#039;, favorito \u00e0 Palma de Ouro de Cannes 2025, o cineasta iraniano Jafar Panahi coloca suas experi\u00eancias na pris\u00e3o.\" \/>\n<meta name=\"robots\" content=\"index, follow, max-snippet:-1, max-image-preview:large, max-video-preview:-1\" \/>\n<link rel=\"canonical\" href=\"https:\/\/news.filmelier.com\/br\/it-was-just-an-accident-jafar-panahi-cannes-2025\/\" \/>\n<meta property=\"og:locale\" content=\"pt_BR\" \/>\n<meta property=\"og:type\" content=\"article\" \/>\n<meta property=\"og:title\" content=\"&#039;It Was Just an Accident&#039;, o retorno de Jafar Panahi (Cannes 2025) - Filmelier\" \/>\n<meta property=\"og:description\" content=\"Em &#039;It Was Just an Accident&#039;, favorito \u00e0 Palma de Ouro de Cannes 2025, o cineasta iraniano Jafar Panahi coloca suas experi\u00eancias na pris\u00e3o.\" \/>\n<meta property=\"og:url\" content=\"https:\/\/news.filmelier.com\/br\/it-was-just-an-accident-jafar-panahi-cannes-2025\/\" \/>\n<meta property=\"og:site_name\" content=\"News Filmelier\" \/>\n<meta property=\"article:published_time\" content=\"2025-05-23T16:30:10+00:00\" \/>\n<meta property=\"article:modified_time\" content=\"2025-06-09T03:07:57+00:00\" \/>\n<meta property=\"og:image\" content=\"https:\/\/homolog.news.filmelier.com\/wp-content\/uploads\/2025\/05\/it-was-just-an-accident-jafar-panahi-cannes.webp\" \/>\n\t<meta property=\"og:image:width\" content=\"800\" \/>\n\t<meta property=\"og:image:height\" content=\"450\" \/>\n\t<meta property=\"og:image:type\" content=\"image\/webp\" \/>\n<meta name=\"author\" content=\"Mariane Morisawa\" \/>\n<meta name=\"twitter:card\" content=\"summary_large_image\" \/>\n<meta name=\"twitter:label1\" content=\"Escrito por\" \/>\n\t<meta name=\"twitter:data1\" content=\"Mariane Morisawa\" \/>\n\t<meta name=\"twitter:label2\" content=\"Est. tempo de leitura\" \/>\n\t<meta name=\"twitter:data2\" content=\"9 minutos\" \/>\n<script type=\"application\/ld+json\" class=\"yoast-schema-graph\">{\"@context\":\"https:\/\/schema.org\",\"@graph\":[{\"@type\":\"Article\",\"@id\":\"https:\/\/news.filmelier.com\/br\/it-was-just-an-accident-jafar-panahi-cannes-2025\/#article\",\"isPartOf\":{\"@id\":\"https:\/\/news.filmelier.com\/br\/it-was-just-an-accident-jafar-panahi-cannes-2025\/\"},\"author\":{\"name\":\"Mariane Morisawa\",\"@id\":\"https:\/\/homolog.news.filmelier.com\/br\/#\/schema\/person\/d3754049399630d7144ed2033a96986f\"},\"headline\":\"&#8216;It Was Just an Accident&#8217;: \u201cFoi a Rep\u00fablica Isl\u00e2mica do Ir\u00e3 que fez este filme\u201d, diz Jafar Panahi (Cannes 2025)\",\"datePublished\":\"2025-05-23T16:30:10+00:00\",\"dateModified\":\"2025-06-09T03:07:57+00:00\",\"mainEntityOfPage\":{\"@id\":\"https:\/\/news.filmelier.com\/br\/it-was-just-an-accident-jafar-panahi-cannes-2025\/\"},\"wordCount\":1647,\"commentCount\":0,\"publisher\":{\"@id\":\"https:\/\/homolog.news.filmelier.com\/br\/#organization\"},\"image\":{\"@id\":\"https:\/\/news.filmelier.com\/br\/it-was-just-an-accident-jafar-panahi-cannes-2025\/#primaryimage\"},\"thumbnailUrl\":\"https:\/\/news.filmelier.com\/wp-content\/uploads\/2025\/05\/it-was-just-an-accident-jafar-panahi-cannes.webp\",\"keywords\":[\"Cannes 2025\",\"cinema iraniano\",\"Festival de Cannes\",\"It Was Just an Accident\",\"Jafar Panahi\"],\"articleSection\":[\"Cannes\",\"Filmes\"],\"inLanguage\":\"pt-BR\",\"potentialAction\":[{\"@type\":\"CommentAction\",\"name\":\"Comment\",\"target\":[\"https:\/\/news.filmelier.com\/br\/it-was-just-an-accident-jafar-panahi-cannes-2025\/#respond\"]}]},{\"@type\":\"WebPage\",\"@id\":\"https:\/\/news.filmelier.com\/br\/it-was-just-an-accident-jafar-panahi-cannes-2025\/\",\"url\":\"https:\/\/news.filmelier.com\/br\/it-was-just-an-accident-jafar-panahi-cannes-2025\/\",\"name\":\"'It Was Just an Accident', o retorno de Jafar Panahi (Cannes 2025) - Filmelier\",\"isPartOf\":{\"@id\":\"https:\/\/homolog.news.filmelier.com\/br\/#website\"},\"primaryImageOfPage\":{\"@id\":\"https:\/\/news.filmelier.com\/br\/it-was-just-an-accident-jafar-panahi-cannes-2025\/#primaryimage\"},\"image\":{\"@id\":\"https:\/\/news.filmelier.com\/br\/it-was-just-an-accident-jafar-panahi-cannes-2025\/#primaryimage\"},\"thumbnailUrl\":\"https:\/\/news.filmelier.com\/wp-content\/uploads\/2025\/05\/it-was-just-an-accident-jafar-panahi-cannes.webp\",\"datePublished\":\"2025-05-23T16:30:10+00:00\",\"dateModified\":\"2025-06-09T03:07:57+00:00\",\"description\":\"Em 'It Was Just an Accident', favorito \u00e0 Palma de Ouro de Cannes 2025, o cineasta iraniano Jafar Panahi coloca suas experi\u00eancias na pris\u00e3o.\",\"breadcrumb\":{\"@id\":\"https:\/\/news.filmelier.com\/br\/it-was-just-an-accident-jafar-panahi-cannes-2025\/#breadcrumb\"},\"inLanguage\":\"pt-BR\",\"potentialAction\":[{\"@type\":\"ReadAction\",\"target\":[\"https:\/\/news.filmelier.com\/br\/it-was-just-an-accident-jafar-panahi-cannes-2025\/\"]}]},{\"@type\":\"ImageObject\",\"inLanguage\":\"pt-BR\",\"@id\":\"https:\/\/news.filmelier.com\/br\/it-was-just-an-accident-jafar-panahi-cannes-2025\/#primaryimage\",\"url\":\"https:\/\/news.filmelier.com\/wp-content\/uploads\/2025\/05\/it-was-just-an-accident-jafar-panahi-cannes.webp\",\"contentUrl\":\"https:\/\/news.filmelier.com\/wp-content\/uploads\/2025\/05\/it-was-just-an-accident-jafar-panahi-cannes.webp\",\"width\":800,\"height\":450,\"caption\":\"(Cr\u00e9ditos: Festival de Cannes \/ NEON)\"},{\"@type\":\"BreadcrumbList\",\"@id\":\"https:\/\/news.filmelier.com\/br\/it-was-just-an-accident-jafar-panahi-cannes-2025\/#breadcrumb\",\"itemListElement\":[{\"@type\":\"ListItem\",\"position\":1,\"name\":\"In\u00edcio\",\"item\":\"https:\/\/homolog.news.filmelier.com\/br\/\"},{\"@type\":\"ListItem\",\"position\":2,\"name\":\"&#8216;It Was Just an Accident&#8217;: \u201cFoi a Rep\u00fablica Isl\u00e2mica do Ir\u00e3 que fez este filme\u201d, diz Jafar Panahi (Cannes 2025)\"}]},{\"@type\":\"WebSite\",\"@id\":\"https:\/\/homolog.news.filmelier.com\/br\/#website\",\"url\":\"https:\/\/homolog.news.filmelier.com\/br\/\",\"name\":\"Homolog Filmelier News Rankrup\",\"description\":\"\",\"publisher\":{\"@id\":\"https:\/\/homolog.news.filmelier.com\/br\/#organization\"},\"potentialAction\":[{\"@type\":\"SearchAction\",\"target\":{\"@type\":\"EntryPoint\",\"urlTemplate\":\"https:\/\/homolog.news.filmelier.com\/br\/?s={search_term_string}\"},\"query-input\":{\"@type\":\"PropertyValueSpecification\",\"valueRequired\":true,\"valueName\":\"search_term_string\"}}],\"inLanguage\":\"pt-BR\"},{\"@type\":\"Organization\",\"@id\":\"https:\/\/homolog.news.filmelier.com\/br\/#organization\",\"name\":\"Homolog Filmelier News Rankrup\",\"url\":\"https:\/\/homolog.news.filmelier.com\/br\/\",\"logo\":{\"@type\":\"ImageObject\",\"inLanguage\":\"pt-BR\",\"@id\":\"https:\/\/homolog.news.filmelier.com\/br\/#\/schema\/logo\/image\/\",\"url\":\"https:\/\/news.filmelier.com\/wp-content\/uploads\/2024\/11\/Logo-News.png\",\"contentUrl\":\"https:\/\/news.filmelier.com\/wp-content\/uploads\/2024\/11\/Logo-News.png\",\"width\":460,\"height\":108,\"caption\":\"Homolog Filmelier News Rankrup\"},\"image\":{\"@id\":\"https:\/\/homolog.news.filmelier.com\/br\/#\/schema\/logo\/image\/\"}},{\"@type\":\"Person\",\"@id\":\"https:\/\/homolog.news.filmelier.com\/br\/#\/schema\/person\/d3754049399630d7144ed2033a96986f\",\"name\":\"Mariane Morisawa\",\"image\":{\"@type\":\"ImageObject\",\"inLanguage\":\"pt-BR\",\"@id\":\"https:\/\/homolog.news.filmelier.com\/br\/#\/schema\/person\/image\/\",\"url\":\"https:\/\/secure.gravatar.com\/avatar\/30ff3f3bd59014fe9f42444b158aae0449ce4aeb62a5a63bb7aeb85dba940df8?s=96&d=mm&r=g\",\"contentUrl\":\"https:\/\/secure.gravatar.com\/avatar\/30ff3f3bd59014fe9f42444b158aae0449ce4aeb62a5a63bb7aeb85dba940df8?s=96&d=mm&r=g\",\"caption\":\"Mariane Morisawa\"},\"description\":\"Mariane Morisawa is a journalist and film critic, member of Abraccine (Brazilian Association of Film Critics) and Golden Globe voter. She contributes to publications such as O Estado de S. Paulo, Elle, Veja and Filmelier. She was a correspondent in Los Angeles for eight years and covers national and international festivals. In 2025, she will cover her 15th Cannes Film Festival for Filmelier.\",\"sameAs\":[\"https:\/\/www.filmelier.com\/br\/autor\/mariane-morisawa\"],\"url\":\"https:\/\/news.filmelier.com\/br\/author\/marianne-morisawa\/\"}]}<\/script>\n<!-- \/ Yoast SEO plugin. -->","yoast_head_json":{"title":"'It Was Just an Accident', o retorno de Jafar Panahi (Cannes 2025) - Filmelier","description":"Em 'It Was Just an Accident', favorito \u00e0 Palma de Ouro de Cannes 2025, o cineasta iraniano Jafar Panahi coloca suas experi\u00eancias na pris\u00e3o.","robots":{"index":"index","follow":"follow","max-snippet":"max-snippet:-1","max-image-preview":"max-image-preview:large","max-video-preview":"max-video-preview:-1"},"canonical":"https:\/\/news.filmelier.com\/br\/it-was-just-an-accident-jafar-panahi-cannes-2025\/","og_locale":"pt_BR","og_type":"article","og_title":"'It Was Just an Accident', o retorno de Jafar Panahi (Cannes 2025) - Filmelier","og_description":"Em 'It Was Just an Accident', favorito \u00e0 Palma de Ouro de Cannes 2025, o cineasta iraniano Jafar Panahi coloca suas experi\u00eancias na pris\u00e3o.","og_url":"https:\/\/news.filmelier.com\/br\/it-was-just-an-accident-jafar-panahi-cannes-2025\/","og_site_name":"News Filmelier","article_published_time":"2025-05-23T16:30:10+00:00","article_modified_time":"2025-06-09T03:07:57+00:00","og_image":[{"width":800,"height":450,"url":"https:\/\/homolog.news.filmelier.com\/wp-content\/uploads\/2025\/05\/it-was-just-an-accident-jafar-panahi-cannes.webp","type":"image\/webp"}],"author":"Mariane Morisawa","twitter_card":"summary_large_image","twitter_misc":{"Escrito por":"Mariane Morisawa","Est. tempo de leitura":"9 minutos"},"schema":{"@context":"https:\/\/schema.org","@graph":[{"@type":"Article","@id":"https:\/\/news.filmelier.com\/br\/it-was-just-an-accident-jafar-panahi-cannes-2025\/#article","isPartOf":{"@id":"https:\/\/news.filmelier.com\/br\/it-was-just-an-accident-jafar-panahi-cannes-2025\/"},"author":{"name":"Mariane Morisawa","@id":"https:\/\/homolog.news.filmelier.com\/br\/#\/schema\/person\/d3754049399630d7144ed2033a96986f"},"headline":"&#8216;It Was Just an Accident&#8217;: \u201cFoi a Rep\u00fablica Isl\u00e2mica do Ir\u00e3 que fez este filme\u201d, diz Jafar Panahi (Cannes 2025)","datePublished":"2025-05-23T16:30:10+00:00","dateModified":"2025-06-09T03:07:57+00:00","mainEntityOfPage":{"@id":"https:\/\/news.filmelier.com\/br\/it-was-just-an-accident-jafar-panahi-cannes-2025\/"},"wordCount":1647,"commentCount":0,"publisher":{"@id":"https:\/\/homolog.news.filmelier.com\/br\/#organization"},"image":{"@id":"https:\/\/news.filmelier.com\/br\/it-was-just-an-accident-jafar-panahi-cannes-2025\/#primaryimage"},"thumbnailUrl":"https:\/\/news.filmelier.com\/wp-content\/uploads\/2025\/05\/it-was-just-an-accident-jafar-panahi-cannes.webp","keywords":["Cannes 2025","cinema iraniano","Festival de Cannes","It Was Just an Accident","Jafar Panahi"],"articleSection":["Cannes","Filmes"],"inLanguage":"pt-BR","potentialAction":[{"@type":"CommentAction","name":"Comment","target":["https:\/\/news.filmelier.com\/br\/it-was-just-an-accident-jafar-panahi-cannes-2025\/#respond"]}]},{"@type":"WebPage","@id":"https:\/\/news.filmelier.com\/br\/it-was-just-an-accident-jafar-panahi-cannes-2025\/","url":"https:\/\/news.filmelier.com\/br\/it-was-just-an-accident-jafar-panahi-cannes-2025\/","name":"'It Was Just an Accident', o retorno de Jafar Panahi (Cannes 2025) - Filmelier","isPartOf":{"@id":"https:\/\/homolog.news.filmelier.com\/br\/#website"},"primaryImageOfPage":{"@id":"https:\/\/news.filmelier.com\/br\/it-was-just-an-accident-jafar-panahi-cannes-2025\/#primaryimage"},"image":{"@id":"https:\/\/news.filmelier.com\/br\/it-was-just-an-accident-jafar-panahi-cannes-2025\/#primaryimage"},"thumbnailUrl":"https:\/\/news.filmelier.com\/wp-content\/uploads\/2025\/05\/it-was-just-an-accident-jafar-panahi-cannes.webp","datePublished":"2025-05-23T16:30:10+00:00","dateModified":"2025-06-09T03:07:57+00:00","description":"Em 'It Was Just an Accident', favorito \u00e0 Palma de Ouro de Cannes 2025, o cineasta iraniano Jafar Panahi coloca suas experi\u00eancias na pris\u00e3o.","breadcrumb":{"@id":"https:\/\/news.filmelier.com\/br\/it-was-just-an-accident-jafar-panahi-cannes-2025\/#breadcrumb"},"inLanguage":"pt-BR","potentialAction":[{"@type":"ReadAction","target":["https:\/\/news.filmelier.com\/br\/it-was-just-an-accident-jafar-panahi-cannes-2025\/"]}]},{"@type":"ImageObject","inLanguage":"pt-BR","@id":"https:\/\/news.filmelier.com\/br\/it-was-just-an-accident-jafar-panahi-cannes-2025\/#primaryimage","url":"https:\/\/news.filmelier.com\/wp-content\/uploads\/2025\/05\/it-was-just-an-accident-jafar-panahi-cannes.webp","contentUrl":"https:\/\/news.filmelier.com\/wp-content\/uploads\/2025\/05\/it-was-just-an-accident-jafar-panahi-cannes.webp","width":800,"height":450,"caption":"(Cr\u00e9ditos: Festival de Cannes \/ NEON)"},{"@type":"BreadcrumbList","@id":"https:\/\/news.filmelier.com\/br\/it-was-just-an-accident-jafar-panahi-cannes-2025\/#breadcrumb","itemListElement":[{"@type":"ListItem","position":1,"name":"In\u00edcio","item":"https:\/\/homolog.news.filmelier.com\/br\/"},{"@type":"ListItem","position":2,"name":"&#8216;It Was Just an Accident&#8217;: \u201cFoi a Rep\u00fablica Isl\u00e2mica do Ir\u00e3 que fez este filme\u201d, diz Jafar Panahi (Cannes 2025)"}]},{"@type":"WebSite","@id":"https:\/\/homolog.news.filmelier.com\/br\/#website","url":"https:\/\/homolog.news.filmelier.com\/br\/","name":"Homolog Filmelier News Rankrup","description":"","publisher":{"@id":"https:\/\/homolog.news.filmelier.com\/br\/#organization"},"potentialAction":[{"@type":"SearchAction","target":{"@type":"EntryPoint","urlTemplate":"https:\/\/homolog.news.filmelier.com\/br\/?s={search_term_string}"},"query-input":{"@type":"PropertyValueSpecification","valueRequired":true,"valueName":"search_term_string"}}],"inLanguage":"pt-BR"},{"@type":"Organization","@id":"https:\/\/homolog.news.filmelier.com\/br\/#organization","name":"Homolog Filmelier News Rankrup","url":"https:\/\/homolog.news.filmelier.com\/br\/","logo":{"@type":"ImageObject","inLanguage":"pt-BR","@id":"https:\/\/homolog.news.filmelier.com\/br\/#\/schema\/logo\/image\/","url":"https:\/\/news.filmelier.com\/wp-content\/uploads\/2024\/11\/Logo-News.png","contentUrl":"https:\/\/news.filmelier.com\/wp-content\/uploads\/2024\/11\/Logo-News.png","width":460,"height":108,"caption":"Homolog Filmelier News Rankrup"},"image":{"@id":"https:\/\/homolog.news.filmelier.com\/br\/#\/schema\/logo\/image\/"}},{"@type":"Person","@id":"https:\/\/homolog.news.filmelier.com\/br\/#\/schema\/person\/d3754049399630d7144ed2033a96986f","name":"Mariane Morisawa","image":{"@type":"ImageObject","inLanguage":"pt-BR","@id":"https:\/\/homolog.news.filmelier.com\/br\/#\/schema\/person\/image\/","url":"https:\/\/secure.gravatar.com\/avatar\/30ff3f3bd59014fe9f42444b158aae0449ce4aeb62a5a63bb7aeb85dba940df8?s=96&d=mm&r=g","contentUrl":"https:\/\/secure.gravatar.com\/avatar\/30ff3f3bd59014fe9f42444b158aae0449ce4aeb62a5a63bb7aeb85dba940df8?s=96&d=mm&r=g","caption":"Mariane Morisawa"},"description":"Mariane Morisawa is a journalist and film critic, member of Abraccine (Brazilian Association of Film Critics) and Golden Globe voter. She contributes to publications such as O Estado de S. Paulo, Elle, Veja and Filmelier. She was a correspondent in Los Angeles for eight years and covers national and international festivals. In 2025, she will cover her 15th Cannes Film Festival for Filmelier.","sameAs":["https:\/\/www.filmelier.com\/br\/autor\/mariane-morisawa"],"url":"https:\/\/news.filmelier.com\/br\/author\/marianne-morisawa\/"}]}},"_links":{"self":[{"href":"https:\/\/news.filmelier.com\/br\/wp-json\/wp\/v2\/posts\/49339","targetHints":{"allow":["GET"]}}],"collection":[{"href":"https:\/\/news.filmelier.com\/br\/wp-json\/wp\/v2\/posts"}],"about":[{"href":"https:\/\/news.filmelier.com\/br\/wp-json\/wp\/v2\/types\/post"}],"author":[{"embeddable":true,"href":"https:\/\/news.filmelier.com\/br\/wp-json\/wp\/v2\/users\/28"}],"replies":[{"embeddable":true,"href":"https:\/\/news.filmelier.com\/br\/wp-json\/wp\/v2\/comments?post=49339"}],"version-history":[{"count":3,"href":"https:\/\/news.filmelier.com\/br\/wp-json\/wp\/v2\/posts\/49339\/revisions"}],"predecessor-version":[{"id":56211,"href":"https:\/\/news.filmelier.com\/br\/wp-json\/wp\/v2\/posts\/49339\/revisions\/56211"}],"wp:featuredmedia":[{"embeddable":true,"href":"https:\/\/news.filmelier.com\/br\/wp-json\/wp\/v2\/media\/49340"}],"wp:attachment":[{"href":"https:\/\/news.filmelier.com\/br\/wp-json\/wp\/v2\/media?parent=49339"}],"wp:term":[{"taxonomy":"category","embeddable":true,"href":"https:\/\/news.filmelier.com\/br\/wp-json\/wp\/v2\/categories?post=49339"},{"taxonomy":"post_tag","embeddable":true,"href":"https:\/\/news.filmelier.com\/br\/wp-json\/wp\/v2\/tags?post=49339"}],"curies":[{"name":"wp","href":"https:\/\/api.w.org\/{rel}","templated":true}]}}