{"id":49337,"date":"2025-05-24T15:52:39","date_gmt":"2025-05-24T18:52:39","guid":{"rendered":"https:\/\/news.filmelier.com\/cannes-2025-vencedores-palma-agente-secreto\/"},"modified":"2025-06-09T00:07:33","modified_gmt":"2025-06-09T03:07:33","slug":"cannes-2025-vencedores-palma-agente-secreto","status":"publish","type":"post","link":"https:\/\/news.filmelier.com\/br\/cannes-2025-vencedores-palma-agente-secreto\/","title":{"rendered":"Vencedores de Cannes 2025: &#8216;O Agente Secreto&#8217; ganha o pr\u00eamio de dire\u00e7\u00e3o e ator"},"content":{"rendered":"<p>O 78\u00ba <a href=\"https:\/\/www.filmelier.com\/br\/festival\/festival-de-cannes\" target=\"_blank\" rel=\"noopener\">Festival Internacional de Cinema de Cannes<\/a> chegou ao fim com a cerim\u00f4nia de premia\u00e7\u00e3o na noite deste s\u00e1bado (24). E seu palmar\u00e9s traz boas not\u00edcias para o p\u00fablico brasileiro, al\u00e9m de uma vit\u00f3ria hist\u00f3rica para <a href=\"https:\/\/www.filmelier.com\/br\/director\/jafar-panahi\" target=\"_blank\" rel=\"noopener\">Jafar Panahi<\/a>, que com a Palma de Ouro completa a trifeta dos principais festivais de cinema do mundo.<\/p>\n<article class=\"text-token-text-primary w-full\" dir=\"auto\" data-testid=\"conversation-turn-2\" data-scroll-anchor=\"true\">\n<div class=\"text-base my-auto mx-auto py-5 [--thread-content-margin:--spacing(4)] @[37rem]:[--thread-content-margin:--spacing(6)] @[72rem]:[--thread-content-margin:--spacing(16)] px-(--thread-content-margin)\">\n<div class=\"[--thread-content-max-width:32rem] @[34rem]:[--thread-content-max-width:40rem] @[64rem]:[--thread-content-max-width:48rem] mx-auto flex max-w-(--thread-content-max-width) flex-1 text-base gap-4 md:gap-5 lg:gap-6 group\/turn-messages focus-visible:outline-hidden\" tabindex=\"-1\">\n<div class=\"group\/conversation-turn relative flex w-full min-w-0 flex-col agent-turn\">\n<div class=\"relative flex-col gap-1 md:gap-3\">\n<div class=\"flex max-w-full flex-col grow\">\n<div class=\"min-h-8 text-message relative flex w-full flex-col items-end gap-2 text-start break-words whitespace-normal [.text-message+&amp;]:mt-5\" dir=\"auto\" data-message-author-role=\"assistant\" data-message-id=\"f43b0627-ab9f-49cc-930b-cb60d03e39af\" data-message-model-slug=\"gpt-4-1-mini\">\n<div class=\"flex w-full flex-col gap-1 empty:hidden first:pt-[3px]\">\n<div class=\"markdown prose dark:prose-invert w-full break-words dark\">\n<ul>\n<li><strong>Confira tamb\u00e9m:\u00a0<a href=\"https:\/\/www.filmelier.com\/br\/list\/vencedores-da-palma-de-ouro-de-cannes\" target=\"_blank\" rel=\"noopener\">Filmes vencedores da Palma de Ouro de Cannes<\/a><\/strong><\/li>\n<\/ul>\n<\/div>\n<\/div>\n<\/div>\n<\/div>\n<\/div>\n<\/div>\n<\/div>\n<\/div>\n<\/article>\n<p><iframe title=\"The Secret Agent new clip official from Cannes Film Festival 2025 (2\/2)\" width=\"800\" height=\"450\" src=\"https:\/\/www.youtube.com\/embed\/Vtmy9TAk8jk?feature=oembed\" frameborder=\"0\" allow=\"accelerometer; autoplay; clipboard-write; encrypted-media; gyroscope; picture-in-picture; web-share\" referrerpolicy=\"strict-origin-when-cross-origin\" allowfullscreen><\/iframe><\/p>\n<h2>Confira a lista completa de vencedores do Festival de Cannes 2025<\/h2>\n<p><a href=\"https:\/\/www.filmelier.com\/br\/director\/kleber-mendonca-filho\" target=\"_blank\" rel=\"noopener\">Kleber Mendon\u00e7a Filho<\/a>, pelo filme <a href=\"https:\/\/www.filmelier.com\/br\/filmes\/27406\/o-agente-secreto\" target=\"_blank\" rel=\"noopener\"><em>O Agente Secreto <\/em><\/a>(Brasil, Fran\u00e7a, Alemanha, 2025), foi o melhor diretor em Cannes 2025. \u201cEu penso que o Festival de Cannes \u00e9 simplesmente a catedral do cinema\u201d, disse o cineasta brasileiro em seu discurso. \u201cQueria mandar um abra\u00e7o para todo o mundo vendo no Brasil, especialmente no Recife, Brasil.\u201d<\/p>\n<p>Wagner Moura ganhou o pr\u00eamio de melhor ator pelo mesmo filme. \u00c9 a primeira vez que um brasileiro \u00e9 premiado nesta categoria.<\/p>\n<p><em>It Was Just an Accident <\/em>(Ir\u00e3, Fran\u00e7a e Luxemburgo, 2025), dirigido por Jafar Panahi, levou a Palma de Ouro do 78\u00ba Festival de Cannes. Com o pr\u00e9mio, o cineasta iraniano consegue a fa\u00e7anha da trifeta dos principais festivais de cinema do mundo: com\u00a0<a href=\"https:\/\/www.filmelier.com\/br\/filmes\/1936\/taxi-teera\" target=\"_blank\" rel=\"noopener\"><em>T\u00e1xi Teer\u00e3<\/em><\/a> (Ir\u00e3, 2015) ganhou o <a href=\"https:\/\/www.filmelier.com\/br\/festival\/berlim\" target=\"_blank\" rel=\"noopener\">Urso de Ouro em Berlim<\/a>, enquanto <em>O C\u00edrculo<\/em> (Ir\u00e3, It\u00e1lia, Su\u00ed\u00e7a, 2000) venceu o <a href=\"https:\/\/www.filmelier.com\/br\/festival\/veneza-filmes\" target=\"_blank\" rel=\"noopener\">Le\u00e3o de Ouro em Veneza<\/a>.<\/p>\n<p>&nbsp;<\/p>\n<blockquote class=\"twitter-tweet\" data-media-max-width=\"560\">\n<p dir=\"ltr\" lang=\"fr\">Une Palme d\u2019Or pour l\u2019Histoire : \u201cUn Simple Accident\u201d de Jafar Panahi remporte la r\u00e9compense supr\u00eame ! \ud83c\uddee\ud83c\uddf7<a href=\"https:\/\/twitter.com\/hashtag\/cannes2025?src=hash&amp;ref_src=twsrc%5Etfw\">#cannes2025<\/a> <a href=\"https:\/\/t.co\/N4687LJM8i\">pic.twitter.com\/N4687LJM8i<\/a><\/p>\n<p>\u2014 france.tv cin\u00e9ma (@francetvcinema) <a href=\"https:\/\/twitter.com\/francetvcinema\/status\/1926332742196695524?ref_src=twsrc%5Etfw\">May 24, 2025<\/a><\/p><\/blockquote>\n<p><script async src=\"https:\/\/platform.twitter.com\/widgets.js\" charset=\"utf-8\"><\/script><\/p>\n<p>O Grande Pr\u00eamio do J\u00fari, uma esp\u00e9cie de segundo lugar, foi para <a href=\"https:\/\/www.filmelier.com\/br\/filmes\/107516\/sentimental-value\" target=\"_blank\" rel=\"noopener\"><em>Sentimental Value<\/em><\/a> (Noruega, Fran\u00e7a, Alemanha, 2025), dirigido por <a href=\"https:\/\/www.filmelier.com\/br\/director\/joachim-trier\" target=\"_blank\" rel=\"noopener\">Joachim Trier<\/a>.<\/p>\n<p><a href=\"https:\/\/www.filmelier.com\/br\/filmes\/110901\/sirat\" target=\"_blank\" rel=\"noopener\"><em>Sir\u00e2t <\/em><\/a>(Espanha, Fran\u00e7a, 2025), dirigido por Oliver Laxe, dividiu o Pr\u00eamio do J\u00fari com <a href=\"https:\/\/www.filmelier.com\/br\/filmes\/107377\/sound-of-falling\" target=\"_blank\" rel=\"noopener\"><em>Sound of Falling <\/em><\/a>(Alemanha, 2025), de Mascha Schilinski.<\/p>\n<p>O melhor roteiro foi de Jean-Pierre e Luc Dardenne pelo filme <em>Jeunes M\u00e8res<\/em>.<\/p>\n<p>Nadia Melliti foi eleita a melhor atriz, pelo filme <a href=\"https:\/\/www.filmelier.com\/br\/filmes\/107827\/la-petite-derniere\" target=\"_blank\" rel=\"noopener\"><em>La Petite Derni\u00e8re<\/em><\/a>, dirigido por <a href=\"https:\/\/www.filmelier.com\/br\/director\/hafsia-herzi\" target=\"_blank\" rel=\"noopener\">Hafsia Herzi<\/a>.<\/p>\n<p>O j\u00fari concedeu um pr\u00eamio especial para <em>Resurrection <\/em>(China, Fran\u00e7a, Estados Unidos, 2025), do chin\u00eas <a href=\"https:\/\/www.filmelier.com\/br\/director\/bi-gan\" target=\"_blank\" rel=\"noopener\">Bi Gan<\/a>.<\/p>\n<p>O j\u00fari da competi\u00e7\u00e3o oficial foi presidido pela atriz francesa Juliette Binoche e composto pela atriz e diretora norte-americana Halle Berry, a roteirista e diretora indiana <a href=\"https:\/\/www.filmelier.com\/br\/director\/payal-kapadia\" target=\"_blank\" rel=\"noopener\">Payal Kapadia<\/a>, a atriz italiana Alba Rohrwacher, a escritora franco-marroquina Le\u00efla Slimani, o diretor, roteirista e produtor da Rep\u00fablica do Congo Dieudo Hamadi, o diretor e roteirista sul-coreano Hong Sang-soo, o diretor, roteirista e produtor mexicano Carlos Reygadas e o ator norte-americano Jeremy Strong.<\/p>\n<p>A Cam\u00e9ra d\u2019Or, dado para o melhor filme de estreante em todas as se\u00e7\u00f5es oficiais e paralelas de Cannes, ficou com <em>The President\u2019s Cake <\/em>(Iraque, Qatar e EUA, 2025), dirigido por Hasan Hadi. Uma men\u00e7\u00e3o especial foi para <em>My Father\u2019s Shadow<\/em>\u00a0(Nig\u00e9ria e Reino Unido, 2025), de Akinola Davies Jr.<\/p>\n<p>O j\u00fari da Cam\u00e9ra d\u2019Or foi presidido pela cineasta e roteirista italiana Alice Rohrwacher, a diretora de fotografia francesa Pascale Marin, o franc\u00eas Tommaso Vergallo, CEO da Noir Lumi\u00e8re, o cr\u00edtico franc\u00eas Fr\u00e9d\u00e9ric Mercier, o roteirista e diretor franc\u00eas Rachid Hami e a atriz, diretora e roteirista francesa Geraldine Nakache.<\/p>\n<p>A Palma de Ouro de curta-metragem foi para <em>I\u2019m Glad You\u2019re Dead Now <\/em>(Palestina, Gr\u00e9cia e Fran\u00e7a, 2025), dirigido por Tawfeek Barhom.<\/p>\n<ul>\n<li><strong>Confira tamb\u00e9m: <a href=\"https:\/\/www.filmelier.com\/br\/list\/filmes-palestina-israel-online\" target=\"_blank\" rel=\"noopener\">Filmes para entender o conflito entre Palestina e Israel<\/a><\/strong><\/li>\n<\/ul>\n<figure id=\"attachment_45152\" aria-describedby=\"caption-attachment-45152\" style=\"width: 800px\" class=\"wp-caption alignnone\"><img fetchpriority=\"high\" decoding=\"async\" class=\"wp-image-45152 size-full\" src=\"https:\/\/news.filmelier.com\/wp-content\/uploads\/2025\/05\/im-glad-youre-dead-now-cannes-2025.webp\" alt=\"I'm Glad You're Dead Now, curta palestino vencedor da Palma de Ouro em Cannes 2025\" width=\"800\" height=\"450\" srcset=\"https:\/\/news.filmelier.com\/wp-content\/uploads\/2025\/05\/im-glad-youre-dead-now-cannes-2025.webp 800w, https:\/\/news.filmelier.com\/wp-content\/uploads\/2025\/05\/im-glad-youre-dead-now-cannes-2025-300x169.webp 300w, https:\/\/news.filmelier.com\/wp-content\/uploads\/2025\/05\/im-glad-youre-dead-now-cannes-2025-768x432.webp 768w, https:\/\/news.filmelier.com\/wp-content\/uploads\/2025\/05\/im-glad-youre-dead-now-cannes-2025-150x84.webp 150w\" sizes=\"(max-width: 800px) 100vw, 800px\" \/><figcaption id=\"caption-attachment-45152\" class=\"wp-caption-text\">O palestino <em>I&#8217;m Glad You&#8217;re Dead Now<\/em> venceu a Palma de Ouro para curta-metragem (Cr\u00e9dito: Festival de Cannes)<\/figcaption><\/figure>\n<p>O j\u00fari de curtas-metragens e Cinef foi presidido pela diretora, roteirista e produtora alem\u00e3 Maren Ade, o diretor, roteirista e produtor norte-americano Reinaldo Marcus Green, a atriz, compositora e atriz francesa Cam\u00e9lia Jordana, o fot\u00f3grafo e ex-diretor da Filmoteca Espa\u00f1ola Jos\u00e9 Mar\u00eda Prado Garc\u00eda e o diretor e roteirista croata Nebojsa Slijepcevic.<\/p>\n<p><em>La misteriosa mirada del flamenco <\/em>(Chile, 2025),\u00a0do chileno Diego C\u00e9spedes, ganhou o principal pr\u00eamio da mostra Un Certain Regard, ou Um Certo Olhar. O pr\u00eamio do j\u00fari foi para <em>Un poeta<\/em> (Col\u00f3mbia, Su\u00e9cia, Alemanha, 2025) do colombiano Sim\u00f3n Mesa Soto.<\/p>\n<p>Arab e Tarzan Nasser levaram o pr\u00eamio de dire\u00e7\u00e3o por <em>Once Upon a Time in Gaza <\/em>(Palestina, Fran\u00e7a, Emirados \u00c1rabes Unidos, 2025).\u00a0Frank Dillane (<em>Urchin<\/em>, de Harris Dickinson) e Cl\u00e9o Di\u00e1ra (<em>O Riso e a Faca<\/em>, de Pedro Pinho) foram o melhor ator e atriz. O melhor roteiro foi de <em>Pillion<\/em> (EUA, 2025), escrito e dirigido pelo ingl\u00eas Harry Lighton.<\/p>\n<p>O j\u00fari da mostra Un Certain Regard foi presidido pela diretora, roteirista e diretora de fotografia inglesa Molly Manning-Walker, a diretora e roteirista francesa Louise Courvoisier, a croata Vanja Kaludjercic, diretora do Festival Internacional de Cinema de Roterd\u00e3, o diretor, roteirista e produtor italiano Roberto Minervini e o ator argentino Nahuel P\u00e9rez Biscayart.<\/p>\n<h2 data-start=\"5014\" data-end=\"5081\">Confira nossa cobertura completa do <a href=\"https:\/\/news.filmelier.com\/br\/category\/cannes-br\/\" target=\"_blank\" rel=\"noopener\">Filmelier em Cannes 2025<\/a>:<\/h2>\n<ul>\n<li data-start=\"5014\" data-end=\"5081\"><strong><a href=\"https:\/\/news.filmelier.com\/cannes-2025-selecao-principal-analise\/\" target=\"_blank\" rel=\"noopener\">Cannes 2025 decepciona com apenas um filme latino-americano na competi\u00e7\u00e3o principal<\/a><\/strong><\/li>\n<li><a href=\"https:\/\/news.filmelier.com\/brasil-em-cannes-2025-cinema-cearense-na-quinzena-dos-realizadores\/\"><strong>Brasil em Cannes 2025: cinema cearense \u00e9 destaque na Quinzena dos Realizadores<\/strong><\/a><\/li>\n<li><a href=\"https:\/\/news.filmelier.com\/critica-partir-un-jour-cannes-2025\/\" target=\"_blank\" rel=\"noopener\"><strong>Cr\u00edtica:\u00a0<em>Partir un Jour<\/em>, Filme de abertura de Cannes, tenta subverter clich\u00e9s, mas n\u00e3o consegue escapar da banalidade<\/strong><\/a><\/li>\n<li><a href=\"https:\/\/news.filmelier.com\/critica-sound-of-falling-cannes-2025\/\" target=\"_blank\" rel=\"noopener\"><strong>Cr\u00edtica: O complexo\u00a0<em>Sound of Falling<\/em>\u00a0de Mascha Schilinski abre a competi\u00e7\u00e3o de Cannes 2025<\/strong><\/a><\/li>\n<li><a href=\"https:\/\/news.filmelier.com\/critica-death-does-not-exist-cannes-2025\/\" target=\"_blank\" rel=\"noopener\"><strong>Cr\u00edtica:\u00a0<em>Death Does Not Exist<\/em>, um transe crom\u00e1tico de milit\u00e2ncia ambiental<\/strong><\/a><\/li>\n<li><a href=\"https:\/\/news.filmelier.com\/critica-a-useful-ghost-cannes-2025\/\" target=\"_blank\" rel=\"noopener\"><strong>Cr\u00edtica de\u00a0<em>A Useful Ghost<\/em>: Humanos sonham com fantasmas eletrodom\u00e9sticos? (Cannes 2025)<\/strong><\/a><\/li>\n<li><a href=\"https:\/\/news.filmelier.com\/eddington-sirat-cannes-2025\/\" target=\"_blank\" rel=\"noopener\"><strong><em>Eddington<\/em>\u00a0e\u00a0<em>Sir\u00e2t<\/em>\u00a0mostram mundos em colapso com ajuda do g\u00eanero (Cannes 2025)<\/strong><\/a><\/li>\n<li><a href=\"https:\/\/news.filmelier.com\/o-agente-secreto-filme-cannes-2025\/\" target=\"_blank\" rel=\"noopener\"><strong><em>O Agente Secreto<\/em>, melhor filme de Cannes 2025 at\u00e9 agora, discute mem\u00f3ria e hereditariedade<\/strong><\/a><\/li>\n<li><a href=\"https:\/\/news.filmelier.com\/critica-peak-everything-cannes-2025\/\" target=\"_blank\" rel=\"noopener\"><strong>Cr\u00edtica de\u00a0<em>Peak Everything<\/em>: o amor em tempos do fim do mundo (Cannes 2025)<\/strong><\/a><\/li>\n<li><a href=\"https:\/\/news.filmelier.com\/it-was-just-an-accident-jafar-panah\" target=\"_blank\" rel=\"noopener\"><strong><em>It Was Just an Accident:<\/em> \u201cFoi a Rep\u00fablica Isl\u00e2mica do Ir\u00e3 que fez este filme\u201d, diz Jafar Panahi (Cannes 2025)<\/strong><\/a><\/li>\n<\/ul>\n","protected":false},"excerpt":{"rendered":"<p>Jafar Panahi levou a Palma de Ouro por &#8216;It Was Just an Accident&#8217;, e o noruegu\u00eas Joachim Trier ficou com o Grande Pr\u00eamio do J\u00fari<\/p>\n","protected":false},"author":28,"featured_media":49338,"comment_status":"open","ping_status":"open","sticky":false,"template":"","format":"standard","meta":{"_acf_changed":false,"footnotes":""},"categories":[3558,3482],"tags":[3611,3612,3559,3561,3615,3618,3616,3562,3563,3617],"class_list":["post-49337","post","type-post","status-publish","format-standard","has-post-thumbnail","hentry","category-cannes-br","category-filmes-br","tag-brasil-em-cannes-br","tag-cannes-br","tag-cannes-2025-br","tag-festival-cannes-br","tag-jafar-panahi-br","tag-joachim-trier-br","tag-kleber-mendonca-filho-br","tag-o-agente-secreto-br","tag-sentimental-value-br","tag-wagner-moura-br"],"acf":{"subtitulo":"Jafar Panahi levou a Palma de Ouro por 'It Was Just an Accident', e o noruegu\u00eas Joachim Trier ficou com o Grande Pr\u00eamio do J\u00fari","id_ator":"nm0609944, nm0194655, nm4561559, nm0001745, nm1102577"},"yoast_head":"<!-- This site is optimized with the Yoast SEO plugin v26.1.1 - https:\/\/yoast.com\/wordpress\/plugins\/seo\/ -->\n<title>Cannes 2025: Confira a lista de vencedores - Filmelier<\/title>\n<meta name=\"description\" content=\"&#039;O Agente Secreto ganha&#039; o pr\u00eamio de dire\u00e7\u00e3o e ator de Cannes 2025. Jafar Panahi levou a Palma de Ouro por &#039;It Was Just an Accident&#039;.\" \/>\n<meta name=\"robots\" content=\"index, follow, max-snippet:-1, max-image-preview:large, max-video-preview:-1\" \/>\n<link rel=\"canonical\" href=\"https:\/\/news.filmelier.com\/br\/cannes-2025-vencedores-palma-agente-secreto\/\" \/>\n<meta property=\"og:locale\" content=\"pt_BR\" \/>\n<meta property=\"og:type\" content=\"article\" \/>\n<meta property=\"og:title\" content=\"Cannes 2025: Confira a lista de vencedores - Filmelier\" \/>\n<meta property=\"og:description\" content=\"&#039;O Agente Secreto ganha&#039; o pr\u00eamio de dire\u00e7\u00e3o e ator de Cannes 2025. Jafar Panahi levou a Palma de Ouro por &#039;It Was Just an Accident&#039;.\" \/>\n<meta property=\"og:url\" content=\"https:\/\/news.filmelier.com\/br\/cannes-2025-vencedores-palma-agente-secreto\/\" \/>\n<meta property=\"og:site_name\" content=\"News Filmelier\" \/>\n<meta property=\"article:published_time\" content=\"2025-05-24T18:52:39+00:00\" \/>\n<meta property=\"article:modified_time\" content=\"2025-06-09T03:07:33+00:00\" \/>\n<meta property=\"og:image\" content=\"https:\/\/homolog.news.filmelier.com\/wp-content\/uploads\/2025\/05\/cannes-2025-vencedores-palma-agente-secreto.webp\" \/>\n\t<meta property=\"og:image:width\" content=\"800\" \/>\n\t<meta property=\"og:image:height\" content=\"450\" \/>\n\t<meta property=\"og:image:type\" content=\"image\/webp\" \/>\n<meta name=\"author\" content=\"Mariane Morisawa\" \/>\n<meta name=\"twitter:card\" content=\"summary_large_image\" \/>\n<meta name=\"twitter:label1\" content=\"Escrito por\" \/>\n\t<meta name=\"twitter:data1\" content=\"Mariane Morisawa\" \/>\n\t<meta name=\"twitter:label2\" content=\"Est. tempo de leitura\" \/>\n\t<meta name=\"twitter:data2\" content=\"6 minutos\" \/>\n<script type=\"application\/ld+json\" class=\"yoast-schema-graph\">{\"@context\":\"https:\/\/schema.org\",\"@graph\":[{\"@type\":\"Article\",\"@id\":\"https:\/\/news.filmelier.com\/br\/cannes-2025-vencedores-palma-agente-secreto\/#article\",\"isPartOf\":{\"@id\":\"https:\/\/news.filmelier.com\/br\/cannes-2025-vencedores-palma-agente-secreto\/\"},\"author\":{\"name\":\"Mariane Morisawa\",\"@id\":\"https:\/\/homolog.news.filmelier.com\/br\/#\/schema\/person\/d3754049399630d7144ed2033a96986f\"},\"headline\":\"Vencedores de Cannes 2025: &#8216;O Agente Secreto&#8217; ganha o pr\u00eamio de dire\u00e7\u00e3o e ator\",\"datePublished\":\"2025-05-24T18:52:39+00:00\",\"dateModified\":\"2025-06-09T03:07:33+00:00\",\"mainEntityOfPage\":{\"@id\":\"https:\/\/news.filmelier.com\/br\/cannes-2025-vencedores-palma-agente-secreto\/\"},\"wordCount\":1022,\"commentCount\":0,\"publisher\":{\"@id\":\"https:\/\/homolog.news.filmelier.com\/br\/#organization\"},\"image\":{\"@id\":\"https:\/\/news.filmelier.com\/br\/cannes-2025-vencedores-palma-agente-secreto\/#primaryimage\"},\"thumbnailUrl\":\"https:\/\/news.filmelier.com\/wp-content\/uploads\/2025\/05\/cannes-2025-vencedores-palma-agente-secreto.webp\",\"keywords\":[\"Brasil em Cannes\",\"Cannes\",\"Cannes 2025\",\"Festival de Cannes\",\"Jafar Panahi\",\"Joachim Trier\",\"Kleber Mendon\u00e7a Filho\",\"O Agente Secreto\",\"Sentimental Value\",\"Wagner Moura\"],\"articleSection\":[\"Cannes\",\"Filmes\"],\"inLanguage\":\"pt-BR\",\"potentialAction\":[{\"@type\":\"CommentAction\",\"name\":\"Comment\",\"target\":[\"https:\/\/news.filmelier.com\/br\/cannes-2025-vencedores-palma-agente-secreto\/#respond\"]}]},{\"@type\":\"WebPage\",\"@id\":\"https:\/\/news.filmelier.com\/br\/cannes-2025-vencedores-palma-agente-secreto\/\",\"url\":\"https:\/\/news.filmelier.com\/br\/cannes-2025-vencedores-palma-agente-secreto\/\",\"name\":\"Cannes 2025: Confira a lista de vencedores - Filmelier\",\"isPartOf\":{\"@id\":\"https:\/\/homolog.news.filmelier.com\/br\/#website\"},\"primaryImageOfPage\":{\"@id\":\"https:\/\/news.filmelier.com\/br\/cannes-2025-vencedores-palma-agente-secreto\/#primaryimage\"},\"image\":{\"@id\":\"https:\/\/news.filmelier.com\/br\/cannes-2025-vencedores-palma-agente-secreto\/#primaryimage\"},\"thumbnailUrl\":\"https:\/\/news.filmelier.com\/wp-content\/uploads\/2025\/05\/cannes-2025-vencedores-palma-agente-secreto.webp\",\"datePublished\":\"2025-05-24T18:52:39+00:00\",\"dateModified\":\"2025-06-09T03:07:33+00:00\",\"description\":\"'O Agente Secreto ganha' o pr\u00eamio de dire\u00e7\u00e3o e ator de Cannes 2025. Jafar Panahi levou a Palma de Ouro por 'It Was Just an Accident'.\",\"breadcrumb\":{\"@id\":\"https:\/\/news.filmelier.com\/br\/cannes-2025-vencedores-palma-agente-secreto\/#breadcrumb\"},\"inLanguage\":\"pt-BR\",\"potentialAction\":[{\"@type\":\"ReadAction\",\"target\":[\"https:\/\/news.filmelier.com\/br\/cannes-2025-vencedores-palma-agente-secreto\/\"]}]},{\"@type\":\"ImageObject\",\"inLanguage\":\"pt-BR\",\"@id\":\"https:\/\/news.filmelier.com\/br\/cannes-2025-vencedores-palma-agente-secreto\/#primaryimage\",\"url\":\"https:\/\/news.filmelier.com\/wp-content\/uploads\/2025\/05\/cannes-2025-vencedores-palma-agente-secreto.webp\",\"contentUrl\":\"https:\/\/news.filmelier.com\/wp-content\/uploads\/2025\/05\/cannes-2025-vencedores-palma-agente-secreto.webp\",\"width\":800,\"height\":450,\"caption\":\"(Cr\u00e9ditos: Festival de Cannes)\"},{\"@type\":\"BreadcrumbList\",\"@id\":\"https:\/\/news.filmelier.com\/br\/cannes-2025-vencedores-palma-agente-secreto\/#breadcrumb\",\"itemListElement\":[{\"@type\":\"ListItem\",\"position\":1,\"name\":\"In\u00edcio\",\"item\":\"https:\/\/homolog.news.filmelier.com\/br\/\"},{\"@type\":\"ListItem\",\"position\":2,\"name\":\"Vencedores de Cannes 2025: &#8216;O Agente Secreto&#8217; ganha o pr\u00eamio de dire\u00e7\u00e3o e ator\"}]},{\"@type\":\"WebSite\",\"@id\":\"https:\/\/homolog.news.filmelier.com\/br\/#website\",\"url\":\"https:\/\/homolog.news.filmelier.com\/br\/\",\"name\":\"Homolog Filmelier News Rankrup\",\"description\":\"\",\"publisher\":{\"@id\":\"https:\/\/homolog.news.filmelier.com\/br\/#organization\"},\"potentialAction\":[{\"@type\":\"SearchAction\",\"target\":{\"@type\":\"EntryPoint\",\"urlTemplate\":\"https:\/\/homolog.news.filmelier.com\/br\/?s={search_term_string}\"},\"query-input\":{\"@type\":\"PropertyValueSpecification\",\"valueRequired\":true,\"valueName\":\"search_term_string\"}}],\"inLanguage\":\"pt-BR\"},{\"@type\":\"Organization\",\"@id\":\"https:\/\/homolog.news.filmelier.com\/br\/#organization\",\"name\":\"Homolog Filmelier News Rankrup\",\"url\":\"https:\/\/homolog.news.filmelier.com\/br\/\",\"logo\":{\"@type\":\"ImageObject\",\"inLanguage\":\"pt-BR\",\"@id\":\"https:\/\/homolog.news.filmelier.com\/br\/#\/schema\/logo\/image\/\",\"url\":\"https:\/\/news.filmelier.com\/wp-content\/uploads\/2024\/11\/Logo-News.png\",\"contentUrl\":\"https:\/\/news.filmelier.com\/wp-content\/uploads\/2024\/11\/Logo-News.png\",\"width\":460,\"height\":108,\"caption\":\"Homolog Filmelier News Rankrup\"},\"image\":{\"@id\":\"https:\/\/homolog.news.filmelier.com\/br\/#\/schema\/logo\/image\/\"}},{\"@type\":\"Person\",\"@id\":\"https:\/\/homolog.news.filmelier.com\/br\/#\/schema\/person\/d3754049399630d7144ed2033a96986f\",\"name\":\"Mariane Morisawa\",\"image\":{\"@type\":\"ImageObject\",\"inLanguage\":\"pt-BR\",\"@id\":\"https:\/\/homolog.news.filmelier.com\/br\/#\/schema\/person\/image\/\",\"url\":\"https:\/\/secure.gravatar.com\/avatar\/30ff3f3bd59014fe9f42444b158aae0449ce4aeb62a5a63bb7aeb85dba940df8?s=96&d=mm&r=g\",\"contentUrl\":\"https:\/\/secure.gravatar.com\/avatar\/30ff3f3bd59014fe9f42444b158aae0449ce4aeb62a5a63bb7aeb85dba940df8?s=96&d=mm&r=g\",\"caption\":\"Mariane Morisawa\"},\"description\":\"Mariane Morisawa is a journalist and film critic, member of Abraccine (Brazilian Association of Film Critics) and Golden Globe voter. She contributes to publications such as O Estado de S. Paulo, Elle, Veja and Filmelier. She was a correspondent in Los Angeles for eight years and covers national and international festivals. In 2025, she will cover her 15th Cannes Film Festival for Filmelier.\",\"sameAs\":[\"https:\/\/www.filmelier.com\/br\/autor\/mariane-morisawa\"],\"url\":\"https:\/\/news.filmelier.com\/br\/author\/marianne-morisawa\/\"}]}<\/script>\n<!-- \/ Yoast SEO plugin. -->","yoast_head_json":{"title":"Cannes 2025: Confira a lista de vencedores - Filmelier","description":"'O Agente Secreto ganha' o pr\u00eamio de dire\u00e7\u00e3o e ator de Cannes 2025. Jafar Panahi levou a Palma de Ouro por 'It Was Just an Accident'.","robots":{"index":"index","follow":"follow","max-snippet":"max-snippet:-1","max-image-preview":"max-image-preview:large","max-video-preview":"max-video-preview:-1"},"canonical":"https:\/\/news.filmelier.com\/br\/cannes-2025-vencedores-palma-agente-secreto\/","og_locale":"pt_BR","og_type":"article","og_title":"Cannes 2025: Confira a lista de vencedores - Filmelier","og_description":"'O Agente Secreto ganha' o pr\u00eamio de dire\u00e7\u00e3o e ator de Cannes 2025. Jafar Panahi levou a Palma de Ouro por 'It Was Just an Accident'.","og_url":"https:\/\/news.filmelier.com\/br\/cannes-2025-vencedores-palma-agente-secreto\/","og_site_name":"News Filmelier","article_published_time":"2025-05-24T18:52:39+00:00","article_modified_time":"2025-06-09T03:07:33+00:00","og_image":[{"width":800,"height":450,"url":"https:\/\/homolog.news.filmelier.com\/wp-content\/uploads\/2025\/05\/cannes-2025-vencedores-palma-agente-secreto.webp","type":"image\/webp"}],"author":"Mariane Morisawa","twitter_card":"summary_large_image","twitter_misc":{"Escrito por":"Mariane Morisawa","Est. tempo de leitura":"6 minutos"},"schema":{"@context":"https:\/\/schema.org","@graph":[{"@type":"Article","@id":"https:\/\/news.filmelier.com\/br\/cannes-2025-vencedores-palma-agente-secreto\/#article","isPartOf":{"@id":"https:\/\/news.filmelier.com\/br\/cannes-2025-vencedores-palma-agente-secreto\/"},"author":{"name":"Mariane Morisawa","@id":"https:\/\/homolog.news.filmelier.com\/br\/#\/schema\/person\/d3754049399630d7144ed2033a96986f"},"headline":"Vencedores de Cannes 2025: &#8216;O Agente Secreto&#8217; ganha o pr\u00eamio de dire\u00e7\u00e3o e ator","datePublished":"2025-05-24T18:52:39+00:00","dateModified":"2025-06-09T03:07:33+00:00","mainEntityOfPage":{"@id":"https:\/\/news.filmelier.com\/br\/cannes-2025-vencedores-palma-agente-secreto\/"},"wordCount":1022,"commentCount":0,"publisher":{"@id":"https:\/\/homolog.news.filmelier.com\/br\/#organization"},"image":{"@id":"https:\/\/news.filmelier.com\/br\/cannes-2025-vencedores-palma-agente-secreto\/#primaryimage"},"thumbnailUrl":"https:\/\/news.filmelier.com\/wp-content\/uploads\/2025\/05\/cannes-2025-vencedores-palma-agente-secreto.webp","keywords":["Brasil em Cannes","Cannes","Cannes 2025","Festival de Cannes","Jafar Panahi","Joachim Trier","Kleber Mendon\u00e7a Filho","O Agente Secreto","Sentimental Value","Wagner Moura"],"articleSection":["Cannes","Filmes"],"inLanguage":"pt-BR","potentialAction":[{"@type":"CommentAction","name":"Comment","target":["https:\/\/news.filmelier.com\/br\/cannes-2025-vencedores-palma-agente-secreto\/#respond"]}]},{"@type":"WebPage","@id":"https:\/\/news.filmelier.com\/br\/cannes-2025-vencedores-palma-agente-secreto\/","url":"https:\/\/news.filmelier.com\/br\/cannes-2025-vencedores-palma-agente-secreto\/","name":"Cannes 2025: Confira a lista de vencedores - Filmelier","isPartOf":{"@id":"https:\/\/homolog.news.filmelier.com\/br\/#website"},"primaryImageOfPage":{"@id":"https:\/\/news.filmelier.com\/br\/cannes-2025-vencedores-palma-agente-secreto\/#primaryimage"},"image":{"@id":"https:\/\/news.filmelier.com\/br\/cannes-2025-vencedores-palma-agente-secreto\/#primaryimage"},"thumbnailUrl":"https:\/\/news.filmelier.com\/wp-content\/uploads\/2025\/05\/cannes-2025-vencedores-palma-agente-secreto.webp","datePublished":"2025-05-24T18:52:39+00:00","dateModified":"2025-06-09T03:07:33+00:00","description":"'O Agente Secreto ganha' o pr\u00eamio de dire\u00e7\u00e3o e ator de Cannes 2025. Jafar Panahi levou a Palma de Ouro por 'It Was Just an Accident'.","breadcrumb":{"@id":"https:\/\/news.filmelier.com\/br\/cannes-2025-vencedores-palma-agente-secreto\/#breadcrumb"},"inLanguage":"pt-BR","potentialAction":[{"@type":"ReadAction","target":["https:\/\/news.filmelier.com\/br\/cannes-2025-vencedores-palma-agente-secreto\/"]}]},{"@type":"ImageObject","inLanguage":"pt-BR","@id":"https:\/\/news.filmelier.com\/br\/cannes-2025-vencedores-palma-agente-secreto\/#primaryimage","url":"https:\/\/news.filmelier.com\/wp-content\/uploads\/2025\/05\/cannes-2025-vencedores-palma-agente-secreto.webp","contentUrl":"https:\/\/news.filmelier.com\/wp-content\/uploads\/2025\/05\/cannes-2025-vencedores-palma-agente-secreto.webp","width":800,"height":450,"caption":"(Cr\u00e9ditos: Festival de Cannes)"},{"@type":"BreadcrumbList","@id":"https:\/\/news.filmelier.com\/br\/cannes-2025-vencedores-palma-agente-secreto\/#breadcrumb","itemListElement":[{"@type":"ListItem","position":1,"name":"In\u00edcio","item":"https:\/\/homolog.news.filmelier.com\/br\/"},{"@type":"ListItem","position":2,"name":"Vencedores de Cannes 2025: &#8216;O Agente Secreto&#8217; ganha o pr\u00eamio de dire\u00e7\u00e3o e ator"}]},{"@type":"WebSite","@id":"https:\/\/homolog.news.filmelier.com\/br\/#website","url":"https:\/\/homolog.news.filmelier.com\/br\/","name":"Homolog Filmelier News Rankrup","description":"","publisher":{"@id":"https:\/\/homolog.news.filmelier.com\/br\/#organization"},"potentialAction":[{"@type":"SearchAction","target":{"@type":"EntryPoint","urlTemplate":"https:\/\/homolog.news.filmelier.com\/br\/?s={search_term_string}"},"query-input":{"@type":"PropertyValueSpecification","valueRequired":true,"valueName":"search_term_string"}}],"inLanguage":"pt-BR"},{"@type":"Organization","@id":"https:\/\/homolog.news.filmelier.com\/br\/#organization","name":"Homolog Filmelier News Rankrup","url":"https:\/\/homolog.news.filmelier.com\/br\/","logo":{"@type":"ImageObject","inLanguage":"pt-BR","@id":"https:\/\/homolog.news.filmelier.com\/br\/#\/schema\/logo\/image\/","url":"https:\/\/news.filmelier.com\/wp-content\/uploads\/2024\/11\/Logo-News.png","contentUrl":"https:\/\/news.filmelier.com\/wp-content\/uploads\/2024\/11\/Logo-News.png","width":460,"height":108,"caption":"Homolog Filmelier News Rankrup"},"image":{"@id":"https:\/\/homolog.news.filmelier.com\/br\/#\/schema\/logo\/image\/"}},{"@type":"Person","@id":"https:\/\/homolog.news.filmelier.com\/br\/#\/schema\/person\/d3754049399630d7144ed2033a96986f","name":"Mariane Morisawa","image":{"@type":"ImageObject","inLanguage":"pt-BR","@id":"https:\/\/homolog.news.filmelier.com\/br\/#\/schema\/person\/image\/","url":"https:\/\/secure.gravatar.com\/avatar\/30ff3f3bd59014fe9f42444b158aae0449ce4aeb62a5a63bb7aeb85dba940df8?s=96&d=mm&r=g","contentUrl":"https:\/\/secure.gravatar.com\/avatar\/30ff3f3bd59014fe9f42444b158aae0449ce4aeb62a5a63bb7aeb85dba940df8?s=96&d=mm&r=g","caption":"Mariane Morisawa"},"description":"Mariane Morisawa is a journalist and film critic, member of Abraccine (Brazilian Association of Film Critics) and Golden Globe voter. She contributes to publications such as O Estado de S. Paulo, Elle, Veja and Filmelier. She was a correspondent in Los Angeles for eight years and covers national and international festivals. In 2025, she will cover her 15th Cannes Film Festival for Filmelier.","sameAs":["https:\/\/www.filmelier.com\/br\/autor\/mariane-morisawa"],"url":"https:\/\/news.filmelier.com\/br\/author\/marianne-morisawa\/"}]}},"_links":{"self":[{"href":"https:\/\/news.filmelier.com\/br\/wp-json\/wp\/v2\/posts\/49337","targetHints":{"allow":["GET"]}}],"collection":[{"href":"https:\/\/news.filmelier.com\/br\/wp-json\/wp\/v2\/posts"}],"about":[{"href":"https:\/\/news.filmelier.com\/br\/wp-json\/wp\/v2\/types\/post"}],"author":[{"embeddable":true,"href":"https:\/\/news.filmelier.com\/br\/wp-json\/wp\/v2\/users\/28"}],"replies":[{"embeddable":true,"href":"https:\/\/news.filmelier.com\/br\/wp-json\/wp\/v2\/comments?post=49337"}],"version-history":[{"count":2,"href":"https:\/\/news.filmelier.com\/br\/wp-json\/wp\/v2\/posts\/49337\/revisions"}],"predecessor-version":[{"id":51458,"href":"https:\/\/news.filmelier.com\/br\/wp-json\/wp\/v2\/posts\/49337\/revisions\/51458"}],"wp:featuredmedia":[{"embeddable":true,"href":"https:\/\/news.filmelier.com\/br\/wp-json\/wp\/v2\/media\/49338"}],"wp:attachment":[{"href":"https:\/\/news.filmelier.com\/br\/wp-json\/wp\/v2\/media?parent=49337"}],"wp:term":[{"taxonomy":"category","embeddable":true,"href":"https:\/\/news.filmelier.com\/br\/wp-json\/wp\/v2\/categories?post=49337"},{"taxonomy":"post_tag","embeddable":true,"href":"https:\/\/news.filmelier.com\/br\/wp-json\/wp\/v2\/tags?post=49337"}],"curies":[{"name":"wp","href":"https:\/\/api.w.org\/{rel}","templated":true}]}}