{"id":49333,"date":"2025-05-24T21:35:44","date_gmt":"2025-05-25T00:35:44","guid":{"rendered":"https:\/\/news.filmelier.com\/analise-cannes-2025-premiacao\/"},"modified":"2025-06-09T00:06:29","modified_gmt":"2025-06-09T03:06:29","slug":"analise-cannes-2025-premiacao","status":"publish","type":"post","link":"https:\/\/news.filmelier.com\/br\/analise-cannes-2025-premiacao\/","title":{"rendered":"An\u00e1lise de Cannes 2025: J\u00fari acertou mais do que errou"},"content":{"rendered":"<p>No geral, os pr\u00eamios concedidos pelo j\u00fari presidido por Juliette Binoche no <a href=\"https:\/\/www.filmelier.com\/br\/festival\/festival-de-cannes\" target=\"_blank\" rel=\"noopener\">Festival de Cannes 2025<\/a> foram para os filmes certos, aqueles que geraram mais rea\u00e7\u00f5es positivas. Era necess\u00e1rio mais um pr\u00eamio para os irm\u00e3os belgas <a href=\"https:\/\/www.filmelier.com\/br\/director\/jean-pierre-dardenne-luc-dardenne\" target=\"_blank\" rel=\"noopener\">Luc e Jean-Pierre Dardenne<\/a>, pelo mediano\u00a0<em>The Young Mother&#8217;s Home<\/em> (<em>Jeunes M\u00e8res<\/em>, Fran\u00e7a e B\u00e9lgica, 2025)? Definitivamente n\u00e3o. <em>Resurrection <\/em>(China, 2025), do diretor chin\u00eas <a href=\"https:\/\/www.filmelier.com\/br\/director\/bi-gan\" target=\"_blank\" rel=\"noopener\">Bi Gan<\/a>, merecia mais do que o pr\u00eamio criado especialmente pelo j\u00fari, um simples diplominha como aquele recebido por Mohammad Rasoulof no ano passado? Com certeza.<\/p>\n<ul>\n<li><strong>Confira tamb\u00e9m:\u00a0<a href=\"https:\/\/www.filmelier.com\/br\/list\/vencedores-da-palma-de-ouro-de-cannes\" target=\"_blank\" rel=\"noopener\">Filmes vencedores da Palma de Ouro de Cannes<\/a><\/strong><\/li>\n<\/ul>\n<p><iframe title=\"PALME D&#039;OR \u2013 Press Conference \u2013 PALMARES \u2013 English \u2013 Cannes 2025\" width=\"800\" height=\"450\" src=\"https:\/\/www.youtube.com\/embed\/UKcZKZxJHJs?feature=oembed\" frameborder=\"0\" allow=\"accelerometer; autoplay; clipboard-write; encrypted-media; gyroscope; picture-in-picture; web-share\" referrerpolicy=\"strict-origin-when-cross-origin\" allowfullscreen><\/iframe><\/p>\n<p>Mas, tirando isso e a aus\u00eancia de <em>Two Prosecutors<\/em> (Ucr\u00e2nia, Fran\u00e7a, Alemanha, 2025), de <a href=\"https:\/\/www.filmelier.com\/br\/director\/sergei-loznitsa\" target=\"_blank\" rel=\"noopener\">Sergei Loznitsa<\/a>, e <a href=\"https:\/\/www.filmelier.com\/br\/filmes\/110897\/romeria\" target=\"_blank\" rel=\"noopener\"><em>Romer\u00eda<\/em><\/a> (Espanha, Alemanha, 2025), de Carla Sim\u00f3n, da lista de premiados, a maior parte dos destaques da competi\u00e7\u00e3o foi contemplada. N\u00e3o houve lamban\u00e7as t\u00e3o claras como a do ano passado, quando o j\u00fari presidido por <a href=\"https:\/\/www.filmelier.com\/br\/list\/filmes-para-conhecer-greta-gerwig\" target=\"_blank\" rel=\"noopener\">Greta Gerwig<\/a> decidiu que um dos favoritos claros \u00e0 Palma de Ouro, <a href=\"https:\/\/www.filmelier.com\/br\/filmes\/25592\/a-semente-do-fruto-sagrado\" target=\"_blank\" rel=\"noopener\"><em>A Semente do Fruto Sagrado<\/em><\/a>\u00a0(Ir\u00e3, Fran\u00e7a e Alemanha, 2024), n\u00e3o precisava mais do que um diploma pelos esfor\u00e7os de Rasoulof, que fugiu a p\u00e9 do Ir\u00e3 com o filme, sabendo que seria mais uma vez condenado \u00e0 pris\u00e3o.<\/p>\n<h2>Mesmo sem a Palma para Brasil, o Festival de Cannes 2025 trouxe um balan\u00e7o positivo<\/h2>\n<p>Quer\u00edamos a Palma de Ouro para <a href=\"https:\/\/www.filmelier.com\/br\/filmes\/27406\/o-agente-secreto\" target=\"_blank\" rel=\"noopener\"><em>O Agente Secreto<\/em><\/a>\u00a0(Brasil, Fran\u00e7a, Alemanha, 2025)? Sim, e n\u00e3o s\u00f3 os brasileiros. Muitos cr\u00edticos latino-americanos e estrangeiros torciam para uma vit\u00f3ria do filme de <a href=\"https:\/\/www.filmelier.com\/br\/list\/filmes-para-conhecer-greta-gerwig\" target=\"_blank\" rel=\"noopener\">Kleber Mendon\u00e7a Filho<\/a>. Os pr\u00eamios foram comemorados na sala de imprensa. Sua premia\u00e7\u00e3o dupla \u2013 dire\u00e7\u00e3o, que em Cannes corresponde ao terceiro lugar, e ator \u2013 aponta para uma divis\u00e3o no j\u00fari. O cineasta sul-coreano Hong Sang-soo foi expl\u00edcito na coletiva de imprensa ao dizer que v\u00e1rios membros do j\u00fari queriam dar o pr\u00eamio m\u00e1ximo ao brasileiro e que por isso acabaram concedendo dois trof\u00e9us, o que n\u00e3o \u00e9 permitido pelas regras. Certamente, o j\u00fari precisou de uma autoriza\u00e7\u00e3o especial da dire\u00e7\u00e3o.<\/p>\n<p>Dessa forma, o j\u00fari reconheceu o talento de Wagner Moura, que infunde seu Marcelo de melancolia, luta e ternura, e a capacidade de Kleber Mendon\u00e7a Filho de dar coes\u00e3o e cora\u00e7\u00e3o a elementos m\u00faltiplos e a um elenco de mais de 50 personagens, injetando cada quadro com um caldo de brasilidade ca\u00f3tico e febril.<\/p>\n<blockquote class=\"twitter-tweet\">\n<p dir=\"ltr\" lang=\"pt\">TU \u00c9 MASSA, BICHO! \ud83d\udc4d\ud83c\udde7\ud83c\uddf7<\/p>\n<p>Direto de Londres, com uma ta\u00e7a de vinho na m\u00e3o e o cora\u00e7\u00e3o cheio de emo\u00e7\u00e3o, Wagner Moura \u201capareceu\u201d na coletiva de imprensa do <a href=\"https:\/\/twitter.com\/hashtag\/Cannes2025?src=hash&amp;ref_src=twsrc%5Etfw\">#Cannes2025<\/a> pra comemorar os dois pr\u00eamios levados por \u2019O Agente Secreto\u2019. Ele agradeceu com carinho e disse que queria muito\u2026 <a href=\"https:\/\/t.co\/zcyHtCgLe5\">pic.twitter.com\/zcyHtCgLe5<\/a><\/p>\n<p>\u2014 Filmelier Brasil (@FilmelierBR) <a href=\"https:\/\/twitter.com\/FilmelierBR\/status\/1926386913394540785?ref_src=twsrc%5Etfw\">May 24, 2025<\/a><\/p><\/blockquote>\n<p><script async src=\"https:\/\/platform.twitter.com\/widgets.js\" charset=\"utf-8\"><\/script><\/p>\n<p>Teria sido doloroso perder a Palma de Ouro para <em>Sentimental Value<\/em> (Noruega, Alemanha, Fran\u00e7a, 2025) por exemplo. O queridinho do festival, dirigido por <a href=\"https:\/\/www.filmelier.com\/br\/director\/joachim-trier\" target=\"_blank\" rel=\"noopener\">Joachim Trier<\/a>, \u00e9 um bom drama familiar com toques de com\u00e9dia, que fala do cinema como agente reparador e \u00e9 bem escrito, dirigido, atuado. Mas que n\u00e3o prop\u00f5e nada de muito novo, n\u00e3o tem camadas a serem descobertas. \u00c9 um filme f\u00e1cil de gostar \u2013 e que \u00f3timo, vai fazer muito sucesso nos cinemas do mundo e na temporada de premia\u00e7\u00f5es. N\u00e3o precisava, por\u00e9m, ter sido considerado para a Palma de Ouro nem ter ficado com o segundo lugar, o Grande Pr\u00eamio do J\u00fari.<\/p>\n<h2>Palma de Ouro para\u00a0<em>It Was Just An Accident<\/em>, de Jafar Panahi, lembra sobre o verdadeiro poder do cinema<\/h2>\n<p>Mas n\u00e3o d\u00e1 nem para ficar triste em perder para Jafar Panahi. O cineasta iraniano tem uma carreira brilhante, tanto em seus primeiros filmes sobre os desafios da sociedade iraniana, como <em>O Bal\u00e3o Branco<\/em> e <em>O C\u00edrculo<\/em>, como aqueles que fez durante o per\u00edodo em que foi proibido de filmar. Com a Palma de Ouro, o diretor iraniano completou a tr\u00edplice coroa do cinema mundial, tendo ganhado o <a href=\"https:\/\/www.filmelier.com\/br\/festival\/veneza-filmes\" target=\"_blank\" rel=\"noopener\">Le\u00e3o de Ouro do Festival de Veneza<\/a> com <em>O C\u00edrculo<\/em>\u00a0(Ir\u00e3, It\u00e1lia, Su\u00ed\u00e7a, 2000) e o <a href=\"https:\/\/www.filmelier.com\/br\/festival\/berlim\" target=\"_blank\" rel=\"noopener\">Urso de Ouro de Berlim<\/a> com <a href=\"https:\/\/www.filmelier.com\/br\/filmes\/1936\/taxi-teera\" target=\"_blank\" rel=\"noopener\"><em>T\u00e1xi Teer\u00e3<\/em><\/a> (Ir\u00e3, 2015).<\/p>\n<p>Ele \u00e9 a prova viva da fun\u00e7\u00e3o do personagem de Stellan Skarsgaard no filme de Trier: mostrar o poder reparador e agregador do cinema. Mas tamb\u00e9m de algo que Trier nem sonha em dizer, nem no seu filme nem por meio do seu filme: o poder provocador do cinema. Para Panahi, que ficou 20 anos proibido de filmar, o simples ato de fazer um filme \u00e9 desafiador.<\/p>\n<p><a href=\"https:\/\/www.filmelier.com\/br\/filmes\/110893\/it-was-just-an-accident\" target=\"_blank\" rel=\"noopener\"><em>It Was Just an Accident<\/em><\/a>\u00a0(Ir\u00e3, Fran\u00e7a e Luxemburgo, 2025) \u00e9, al\u00e9m de tudo isso, um filme que confronta os personagens e o espectador com a realidade moralmente amb\u00edgua de um tema explorado continuamente pelo cinema: o desejo de vingan\u00e7a. Ele \u00e9 local, porque trata do que iranianos t\u00eam sofrido ao longo das \u00faltimas d\u00e9cadas, mas tamb\u00e9m universal.<\/p>\n<ul>\n<li><strong>Confira tamb\u00e9m: <a href=\"https:\/\/www.filmelier.com\/br\/list\/o-melhor-do-cinema-iraniano-contemporaneo\" target=\"_blank\" rel=\"noopener\">O melhor do cinema iraniano contempor\u00e2neo<\/a><\/strong><\/li>\n<\/ul>\n<p><iframe title=\"It Was Just an Accident new clip official from Cannes Film Festival 2025\" width=\"800\" height=\"450\" src=\"https:\/\/www.youtube.com\/embed\/jILemYMAgts?feature=oembed\" frameborder=\"0\" allow=\"accelerometer; autoplay; clipboard-write; encrypted-media; gyroscope; picture-in-picture; web-share\" referrerpolicy=\"strict-origin-when-cross-origin\" allowfullscreen><\/iframe><\/p>\n<p>Por tudo isso, esta \u00e9 uma Palma de Ouro das mais merecidas dos \u00faltimos anos. Jafar Panahi emocionou Cannes com sua presen\u00e7a, depois de mais de uma d\u00e9cada de aus\u00eancia dos festivais, devido \u00e0 sua pris\u00e3o, proibi\u00e7\u00e3o de filmar e impedimento de deixar o pa\u00eds. Ele e seus atores emocionaram Cannes durante a coletiva de imprensa. \u201cN\u00e3o estou fazendo nada mais heroico do que todos os iranianos fazem\u201d, disse ele. O ator Majid Panahi afirmou: \u201cNossa presen\u00e7a neste projeto nos exp\u00f5e a muito menos perigo do que as mulheres iranianas sofrem cotidianamente. Claro que tivemos alguns problemas, mas n\u00e3o foram t\u00e3o s\u00e9rios\u201d. A atriz Mariam Afshari completou: \u201cN\u00e3o importa o que aconte\u00e7a conosco, o que \u00e9 realmente importante \u00e9 o destino do pa\u00eds\u201d. Coisa de arrepiar.<\/p>\n<p>Jafar Panahi emocionou Cannes com seu filme e, finalmente, com seu pr\u00eamio. Ele foi aplaudido em p\u00e9 no Grand Th\u00e9\u00e2tre Lumi\u00e8re e ovacionado na sala de coletiva. Merecidamente.<\/p>\n<p>Quanto \u00e0 segunda Palma de Ouro para o Brasil, tomara que o cinema nacional tenha muitas outras oportunidades de consegui-la nos pr\u00f3ximos anos. Por enquanto, nosso segundo pr\u00eamio de dire\u00e7\u00e3o em Cannes e o in\u00e9dito pr\u00eamio de melhor ator d\u00e3o seguimento a uma nova onda empolgante.<\/p>\n<h2 data-start=\"5014\" data-end=\"5081\">Confira nossa cobertura completa do\u00a0<a href=\"https:\/\/news.filmelier.com\/br\/category\/cannes-br\/\" target=\"_blank\" rel=\"noopener\">Filmelier em Cannes 2025<\/a>:<\/h2>\n<ul>\n<li data-start=\"5014\" data-end=\"5081\"><strong><a href=\"https:\/\/news.filmelier.com\/cannes-2025-selecao-principal-analise\/\" target=\"_blank\" rel=\"noopener\">Cannes 2025 decepciona com apenas um filme latino-americano na competi\u00e7\u00e3o principal<\/a><\/strong><\/li>\n<li><a href=\"https:\/\/news.filmelier.com\/brasil-em-cannes-2025-cinema-cearense-na-quinzena-dos-realizadores\/\"><strong>Brasil em Cannes 2025: cinema cearense \u00e9 destaque na Quinzena dos Realizadores<\/strong><\/a><\/li>\n<li><a href=\"https:\/\/news.filmelier.com\/critica-partir-un-jour-cannes-2025\/\" target=\"_blank\" rel=\"noopener\"><strong>Cr\u00edtica:\u00a0<em>Partir un Jour<\/em>, Filme de abertura de Cannes, tenta subverter clich\u00e9s, mas n\u00e3o consegue escapar da banalidade<\/strong><\/a><\/li>\n<li><a href=\"https:\/\/news.filmelier.com\/critica-sound-of-falling-cannes-2025\/\" target=\"_blank\" rel=\"noopener\"><strong>Cr\u00edtica: O complexo\u00a0<em>Sound of Falling<\/em>\u00a0de Mascha Schilinski abre a competi\u00e7\u00e3o de Cannes 2025<\/strong><\/a><\/li>\n<li><a href=\"https:\/\/news.filmelier.com\/critica-death-does-not-exist-cannes-2025\/\" target=\"_blank\" rel=\"noopener\"><strong>Cr\u00edtica:\u00a0<em>Death Does Not Exist<\/em>, um transe crom\u00e1tico de milit\u00e2ncia ambiental<\/strong><\/a><\/li>\n<li><a href=\"https:\/\/news.filmelier.com\/critica-a-useful-ghost-cannes-2025\/\" target=\"_blank\" rel=\"noopener\"><strong>Cr\u00edtica de\u00a0<em>A Useful Ghost<\/em>: Humanos sonham com fantasmas eletrodom\u00e9sticos? (Cannes 2025)<\/strong><\/a><\/li>\n<li><a href=\"https:\/\/news.filmelier.com\/eddington-sirat-cannes-2025\/\" target=\"_blank\" rel=\"noopener\"><strong><em>Eddington<\/em>\u00a0e\u00a0<em>Sir\u00e2t<\/em>\u00a0mostram mundos em colapso com ajuda do g\u00eanero (Cannes 2025)<\/strong><\/a><\/li>\n<li><a href=\"https:\/\/news.filmelier.com\/o-agente-secreto-filme-cannes-2025\/\" target=\"_blank\" rel=\"noopener\"><strong><em>O Agente Secreto<\/em>, melhor filme de Cannes 2025 at\u00e9 agora, discute mem\u00f3ria e hereditariedade<\/strong><\/a><\/li>\n<li><a href=\"https:\/\/news.filmelier.com\/critica-peak-everything-cannes-2025\/\" target=\"_blank\" rel=\"noopener\"><strong>Cr\u00edtica de\u00a0<em>Peak Everything<\/em>: o amor em tempos do fim do mundo (Cannes 2025)<\/strong><\/a><\/li>\n<li><a href=\"https:\/\/news.filmelier.com\/it-was-just-an-accident-jafar-panah\" target=\"_blank\" rel=\"noopener\"><strong><em>It Was Just an Accident:<\/em>\u00a0\u201cFoi a Rep\u00fablica Isl\u00e2mica do Ir\u00e3 que fez este filme\u201d, diz Jafar Panahi (Cannes 2025)<\/strong><\/a><\/li>\n<li><strong><a href=\"https:\/\/news.filmelier.com\/cannes-2025-vencedores-palma-agente-secreto\/\" target=\"_blank\" rel=\"noopener\">Vencedores de Cannes 2025:\u00a0<em>O Agente Secreto<\/em>\u00a0ganha o pr\u00eamio de dire\u00e7\u00e3o e ator<\/a><\/strong><\/li>\n<li><a href=\"https:\/\/news.filmelier.com\/kleber-mendonca-filho-vencedor-cannes-2025\/\" target=\"_blank\" rel=\"noopener\"><strong>\u201cQuero que o filme seja visto no Brasil\u201d, diz Kleber Mendon\u00e7a Filho ap\u00f3s premia\u00e7\u00e3o dupla em Cannes 2025<\/strong><\/a><\/li>\n<\/ul>\n","protected":false},"excerpt":{"rendered":"<p>N\u00e3o d\u00e1 para ficar triste com os dois pr\u00eamios para &#8216;O Agente Secreto&#8217; nem com a Palma de Ouro para Jafar Panahi.<\/p>\n","protected":false},"author":28,"featured_media":49334,"comment_status":"open","ping_status":"open","sticky":false,"template":"","format":"standard","meta":{"_acf_changed":false,"footnotes":""},"categories":[3558,3482],"tags":[3611,3612,3559,3613,3614,3561,3615,3616],"class_list":["post-49333","post","type-post","status-publish","format-standard","has-post-thumbnail","hentry","category-cannes-br","category-filmes-br","tag-brasil-em-cannes-br","tag-cannes-br","tag-cannes-2025-br","tag-cinema-brasileiro-br","tag-cinema-iraniano-br","tag-festival-cannes-br","tag-jafar-panahi-br","tag-kleber-mendonca-filho-br"],"acf":{"subtitulo":"N\u00e3o d\u00e1 para ficar triste com os dois pr\u00eamios para 'O Agente Secreto' nem com a Palma de Ouro para Jafar Panahi.","id_ator":"nm0609944, nm0194655, nm4561559, nm0001745, nm1102577, nm15212779, nm17285103, nm10064184"},"yoast_head":"<!-- This site is optimized with the Yoast SEO plugin v26.1.1 - https:\/\/yoast.com\/wordpress\/plugins\/seo\/ -->\n<title>An\u00e1lise de Cannes 2025: J\u00fari acertou mais do que errou - Filmelier<\/title>\n<meta name=\"description\" content=\"N\u00e3o d\u00e1 para ficar triste com os dois pr\u00eamios para &#039;O Agente Secreto&#039; nem com a Palma de Ouro para Jafar Panahi, acertos de Cannes 2025.\" \/>\n<meta name=\"robots\" content=\"index, follow, max-snippet:-1, max-image-preview:large, max-video-preview:-1\" \/>\n<link rel=\"canonical\" href=\"https:\/\/news.filmelier.com\/br\/analise-cannes-2025-premiacao\/\" \/>\n<meta property=\"og:locale\" content=\"pt_BR\" \/>\n<meta property=\"og:type\" content=\"article\" \/>\n<meta property=\"og:title\" content=\"An\u00e1lise de Cannes 2025: J\u00fari acertou mais do que errou - Filmelier\" \/>\n<meta property=\"og:description\" content=\"N\u00e3o d\u00e1 para ficar triste com os dois pr\u00eamios para &#039;O Agente Secreto&#039; nem com a Palma de Ouro para Jafar Panahi, acertos de Cannes 2025.\" \/>\n<meta property=\"og:url\" content=\"https:\/\/news.filmelier.com\/br\/analise-cannes-2025-premiacao\/\" \/>\n<meta property=\"og:site_name\" content=\"News Filmelier\" \/>\n<meta property=\"article:published_time\" content=\"2025-05-25T00:35:44+00:00\" \/>\n<meta property=\"article:modified_time\" content=\"2025-06-09T03:06:29+00:00\" \/>\n<meta property=\"og:image\" content=\"https:\/\/homolog.news.filmelier.com\/wp-content\/uploads\/2025\/05\/analise-cannes-2025-premiacao-panahi.webp\" \/>\n\t<meta property=\"og:image:width\" content=\"800\" \/>\n\t<meta property=\"og:image:height\" content=\"450\" \/>\n\t<meta property=\"og:image:type\" content=\"image\/webp\" \/>\n<meta name=\"author\" content=\"Mariane Morisawa\" \/>\n<meta name=\"twitter:card\" content=\"summary_large_image\" \/>\n<meta name=\"twitter:label1\" content=\"Escrito por\" \/>\n\t<meta name=\"twitter:data1\" content=\"Mariane Morisawa\" \/>\n\t<meta name=\"twitter:label2\" content=\"Est. tempo de leitura\" \/>\n\t<meta name=\"twitter:data2\" content=\"7 minutos\" \/>\n<script type=\"application\/ld+json\" class=\"yoast-schema-graph\">{\"@context\":\"https:\/\/schema.org\",\"@graph\":[{\"@type\":\"Article\",\"@id\":\"https:\/\/news.filmelier.com\/br\/analise-cannes-2025-premiacao\/#article\",\"isPartOf\":{\"@id\":\"https:\/\/news.filmelier.com\/br\/analise-cannes-2025-premiacao\/\"},\"author\":{\"name\":\"Mariane Morisawa\",\"@id\":\"https:\/\/homolog.news.filmelier.com\/br\/#\/schema\/person\/d3754049399630d7144ed2033a96986f\"},\"headline\":\"An\u00e1lise de Cannes 2025: J\u00fari acertou mais do que errou\",\"datePublished\":\"2025-05-25T00:35:44+00:00\",\"dateModified\":\"2025-06-09T03:06:29+00:00\",\"mainEntityOfPage\":{\"@id\":\"https:\/\/news.filmelier.com\/br\/analise-cannes-2025-premiacao\/\"},\"wordCount\":1295,\"commentCount\":0,\"publisher\":{\"@id\":\"https:\/\/homolog.news.filmelier.com\/br\/#organization\"},\"image\":{\"@id\":\"https:\/\/news.filmelier.com\/br\/analise-cannes-2025-premiacao\/#primaryimage\"},\"thumbnailUrl\":\"https:\/\/news.filmelier.com\/wp-content\/uploads\/2025\/05\/analise-cannes-2025-premiacao-panahi.webp\",\"keywords\":[\"Brasil em Cannes\",\"Cannes\",\"Cannes 2025\",\"cinema brasileiro\",\"cinema iraniano\",\"Festival de Cannes\",\"Jafar Panahi\",\"Kleber Mendon\u00e7a Filho\"],\"articleSection\":[\"Cannes\",\"Filmes\"],\"inLanguage\":\"pt-BR\",\"potentialAction\":[{\"@type\":\"CommentAction\",\"name\":\"Comment\",\"target\":[\"https:\/\/news.filmelier.com\/br\/analise-cannes-2025-premiacao\/#respond\"]}]},{\"@type\":\"WebPage\",\"@id\":\"https:\/\/news.filmelier.com\/br\/analise-cannes-2025-premiacao\/\",\"url\":\"https:\/\/news.filmelier.com\/br\/analise-cannes-2025-premiacao\/\",\"name\":\"An\u00e1lise de Cannes 2025: J\u00fari acertou mais do que errou - Filmelier\",\"isPartOf\":{\"@id\":\"https:\/\/homolog.news.filmelier.com\/br\/#website\"},\"primaryImageOfPage\":{\"@id\":\"https:\/\/news.filmelier.com\/br\/analise-cannes-2025-premiacao\/#primaryimage\"},\"image\":{\"@id\":\"https:\/\/news.filmelier.com\/br\/analise-cannes-2025-premiacao\/#primaryimage\"},\"thumbnailUrl\":\"https:\/\/news.filmelier.com\/wp-content\/uploads\/2025\/05\/analise-cannes-2025-premiacao-panahi.webp\",\"datePublished\":\"2025-05-25T00:35:44+00:00\",\"dateModified\":\"2025-06-09T03:06:29+00:00\",\"description\":\"N\u00e3o d\u00e1 para ficar triste com os dois pr\u00eamios para 'O Agente Secreto' nem com a Palma de Ouro para Jafar Panahi, acertos de Cannes 2025.\",\"breadcrumb\":{\"@id\":\"https:\/\/news.filmelier.com\/br\/analise-cannes-2025-premiacao\/#breadcrumb\"},\"inLanguage\":\"pt-BR\",\"potentialAction\":[{\"@type\":\"ReadAction\",\"target\":[\"https:\/\/news.filmelier.com\/br\/analise-cannes-2025-premiacao\/\"]}]},{\"@type\":\"ImageObject\",\"inLanguage\":\"pt-BR\",\"@id\":\"https:\/\/news.filmelier.com\/br\/analise-cannes-2025-premiacao\/#primaryimage\",\"url\":\"https:\/\/news.filmelier.com\/wp-content\/uploads\/2025\/05\/analise-cannes-2025-premiacao-panahi.webp\",\"contentUrl\":\"https:\/\/news.filmelier.com\/wp-content\/uploads\/2025\/05\/analise-cannes-2025-premiacao-panahi.webp\",\"width\":800,\"height\":450,\"caption\":\"(Cr\u00e9dito: Festival de Cannes)\"},{\"@type\":\"BreadcrumbList\",\"@id\":\"https:\/\/news.filmelier.com\/br\/analise-cannes-2025-premiacao\/#breadcrumb\",\"itemListElement\":[{\"@type\":\"ListItem\",\"position\":1,\"name\":\"In\u00edcio\",\"item\":\"https:\/\/homolog.news.filmelier.com\/br\/\"},{\"@type\":\"ListItem\",\"position\":2,\"name\":\"An\u00e1lise de Cannes 2025: J\u00fari acertou mais do que errou\"}]},{\"@type\":\"WebSite\",\"@id\":\"https:\/\/homolog.news.filmelier.com\/br\/#website\",\"url\":\"https:\/\/homolog.news.filmelier.com\/br\/\",\"name\":\"Homolog Filmelier News Rankrup\",\"description\":\"\",\"publisher\":{\"@id\":\"https:\/\/homolog.news.filmelier.com\/br\/#organization\"},\"potentialAction\":[{\"@type\":\"SearchAction\",\"target\":{\"@type\":\"EntryPoint\",\"urlTemplate\":\"https:\/\/homolog.news.filmelier.com\/br\/?s={search_term_string}\"},\"query-input\":{\"@type\":\"PropertyValueSpecification\",\"valueRequired\":true,\"valueName\":\"search_term_string\"}}],\"inLanguage\":\"pt-BR\"},{\"@type\":\"Organization\",\"@id\":\"https:\/\/homolog.news.filmelier.com\/br\/#organization\",\"name\":\"Homolog Filmelier News Rankrup\",\"url\":\"https:\/\/homolog.news.filmelier.com\/br\/\",\"logo\":{\"@type\":\"ImageObject\",\"inLanguage\":\"pt-BR\",\"@id\":\"https:\/\/homolog.news.filmelier.com\/br\/#\/schema\/logo\/image\/\",\"url\":\"https:\/\/news.filmelier.com\/wp-content\/uploads\/2024\/11\/Logo-News.png\",\"contentUrl\":\"https:\/\/news.filmelier.com\/wp-content\/uploads\/2024\/11\/Logo-News.png\",\"width\":460,\"height\":108,\"caption\":\"Homolog Filmelier News Rankrup\"},\"image\":{\"@id\":\"https:\/\/homolog.news.filmelier.com\/br\/#\/schema\/logo\/image\/\"}},{\"@type\":\"Person\",\"@id\":\"https:\/\/homolog.news.filmelier.com\/br\/#\/schema\/person\/d3754049399630d7144ed2033a96986f\",\"name\":\"Mariane Morisawa\",\"image\":{\"@type\":\"ImageObject\",\"inLanguage\":\"pt-BR\",\"@id\":\"https:\/\/homolog.news.filmelier.com\/br\/#\/schema\/person\/image\/\",\"url\":\"https:\/\/secure.gravatar.com\/avatar\/30ff3f3bd59014fe9f42444b158aae0449ce4aeb62a5a63bb7aeb85dba940df8?s=96&d=mm&r=g\",\"contentUrl\":\"https:\/\/secure.gravatar.com\/avatar\/30ff3f3bd59014fe9f42444b158aae0449ce4aeb62a5a63bb7aeb85dba940df8?s=96&d=mm&r=g\",\"caption\":\"Mariane Morisawa\"},\"description\":\"Mariane Morisawa is a journalist and film critic, member of Abraccine (Brazilian Association of Film Critics) and Golden Globe voter. She contributes to publications such as O Estado de S. Paulo, Elle, Veja and Filmelier. She was a correspondent in Los Angeles for eight years and covers national and international festivals. In 2025, she will cover her 15th Cannes Film Festival for Filmelier.\",\"sameAs\":[\"https:\/\/www.filmelier.com\/br\/autor\/mariane-morisawa\"],\"url\":\"https:\/\/news.filmelier.com\/br\/author\/marianne-morisawa\/\"}]}<\/script>\n<!-- \/ Yoast SEO plugin. -->","yoast_head_json":{"title":"An\u00e1lise de Cannes 2025: J\u00fari acertou mais do que errou - Filmelier","description":"N\u00e3o d\u00e1 para ficar triste com os dois pr\u00eamios para 'O Agente Secreto' nem com a Palma de Ouro para Jafar Panahi, acertos de Cannes 2025.","robots":{"index":"index","follow":"follow","max-snippet":"max-snippet:-1","max-image-preview":"max-image-preview:large","max-video-preview":"max-video-preview:-1"},"canonical":"https:\/\/news.filmelier.com\/br\/analise-cannes-2025-premiacao\/","og_locale":"pt_BR","og_type":"article","og_title":"An\u00e1lise de Cannes 2025: J\u00fari acertou mais do que errou - Filmelier","og_description":"N\u00e3o d\u00e1 para ficar triste com os dois pr\u00eamios para 'O Agente Secreto' nem com a Palma de Ouro para Jafar Panahi, acertos de Cannes 2025.","og_url":"https:\/\/news.filmelier.com\/br\/analise-cannes-2025-premiacao\/","og_site_name":"News Filmelier","article_published_time":"2025-05-25T00:35:44+00:00","article_modified_time":"2025-06-09T03:06:29+00:00","og_image":[{"width":800,"height":450,"url":"https:\/\/homolog.news.filmelier.com\/wp-content\/uploads\/2025\/05\/analise-cannes-2025-premiacao-panahi.webp","type":"image\/webp"}],"author":"Mariane Morisawa","twitter_card":"summary_large_image","twitter_misc":{"Escrito por":"Mariane Morisawa","Est. tempo de leitura":"7 minutos"},"schema":{"@context":"https:\/\/schema.org","@graph":[{"@type":"Article","@id":"https:\/\/news.filmelier.com\/br\/analise-cannes-2025-premiacao\/#article","isPartOf":{"@id":"https:\/\/news.filmelier.com\/br\/analise-cannes-2025-premiacao\/"},"author":{"name":"Mariane Morisawa","@id":"https:\/\/homolog.news.filmelier.com\/br\/#\/schema\/person\/d3754049399630d7144ed2033a96986f"},"headline":"An\u00e1lise de Cannes 2025: J\u00fari acertou mais do que errou","datePublished":"2025-05-25T00:35:44+00:00","dateModified":"2025-06-09T03:06:29+00:00","mainEntityOfPage":{"@id":"https:\/\/news.filmelier.com\/br\/analise-cannes-2025-premiacao\/"},"wordCount":1295,"commentCount":0,"publisher":{"@id":"https:\/\/homolog.news.filmelier.com\/br\/#organization"},"image":{"@id":"https:\/\/news.filmelier.com\/br\/analise-cannes-2025-premiacao\/#primaryimage"},"thumbnailUrl":"https:\/\/news.filmelier.com\/wp-content\/uploads\/2025\/05\/analise-cannes-2025-premiacao-panahi.webp","keywords":["Brasil em Cannes","Cannes","Cannes 2025","cinema brasileiro","cinema iraniano","Festival de Cannes","Jafar Panahi","Kleber Mendon\u00e7a Filho"],"articleSection":["Cannes","Filmes"],"inLanguage":"pt-BR","potentialAction":[{"@type":"CommentAction","name":"Comment","target":["https:\/\/news.filmelier.com\/br\/analise-cannes-2025-premiacao\/#respond"]}]},{"@type":"WebPage","@id":"https:\/\/news.filmelier.com\/br\/analise-cannes-2025-premiacao\/","url":"https:\/\/news.filmelier.com\/br\/analise-cannes-2025-premiacao\/","name":"An\u00e1lise de Cannes 2025: J\u00fari acertou mais do que errou - Filmelier","isPartOf":{"@id":"https:\/\/homolog.news.filmelier.com\/br\/#website"},"primaryImageOfPage":{"@id":"https:\/\/news.filmelier.com\/br\/analise-cannes-2025-premiacao\/#primaryimage"},"image":{"@id":"https:\/\/news.filmelier.com\/br\/analise-cannes-2025-premiacao\/#primaryimage"},"thumbnailUrl":"https:\/\/news.filmelier.com\/wp-content\/uploads\/2025\/05\/analise-cannes-2025-premiacao-panahi.webp","datePublished":"2025-05-25T00:35:44+00:00","dateModified":"2025-06-09T03:06:29+00:00","description":"N\u00e3o d\u00e1 para ficar triste com os dois pr\u00eamios para 'O Agente Secreto' nem com a Palma de Ouro para Jafar Panahi, acertos de Cannes 2025.","breadcrumb":{"@id":"https:\/\/news.filmelier.com\/br\/analise-cannes-2025-premiacao\/#breadcrumb"},"inLanguage":"pt-BR","potentialAction":[{"@type":"ReadAction","target":["https:\/\/news.filmelier.com\/br\/analise-cannes-2025-premiacao\/"]}]},{"@type":"ImageObject","inLanguage":"pt-BR","@id":"https:\/\/news.filmelier.com\/br\/analise-cannes-2025-premiacao\/#primaryimage","url":"https:\/\/news.filmelier.com\/wp-content\/uploads\/2025\/05\/analise-cannes-2025-premiacao-panahi.webp","contentUrl":"https:\/\/news.filmelier.com\/wp-content\/uploads\/2025\/05\/analise-cannes-2025-premiacao-panahi.webp","width":800,"height":450,"caption":"(Cr\u00e9dito: Festival de Cannes)"},{"@type":"BreadcrumbList","@id":"https:\/\/news.filmelier.com\/br\/analise-cannes-2025-premiacao\/#breadcrumb","itemListElement":[{"@type":"ListItem","position":1,"name":"In\u00edcio","item":"https:\/\/homolog.news.filmelier.com\/br\/"},{"@type":"ListItem","position":2,"name":"An\u00e1lise de Cannes 2025: J\u00fari acertou mais do que errou"}]},{"@type":"WebSite","@id":"https:\/\/homolog.news.filmelier.com\/br\/#website","url":"https:\/\/homolog.news.filmelier.com\/br\/","name":"Homolog Filmelier News Rankrup","description":"","publisher":{"@id":"https:\/\/homolog.news.filmelier.com\/br\/#organization"},"potentialAction":[{"@type":"SearchAction","target":{"@type":"EntryPoint","urlTemplate":"https:\/\/homolog.news.filmelier.com\/br\/?s={search_term_string}"},"query-input":{"@type":"PropertyValueSpecification","valueRequired":true,"valueName":"search_term_string"}}],"inLanguage":"pt-BR"},{"@type":"Organization","@id":"https:\/\/homolog.news.filmelier.com\/br\/#organization","name":"Homolog Filmelier News Rankrup","url":"https:\/\/homolog.news.filmelier.com\/br\/","logo":{"@type":"ImageObject","inLanguage":"pt-BR","@id":"https:\/\/homolog.news.filmelier.com\/br\/#\/schema\/logo\/image\/","url":"https:\/\/news.filmelier.com\/wp-content\/uploads\/2024\/11\/Logo-News.png","contentUrl":"https:\/\/news.filmelier.com\/wp-content\/uploads\/2024\/11\/Logo-News.png","width":460,"height":108,"caption":"Homolog Filmelier News Rankrup"},"image":{"@id":"https:\/\/homolog.news.filmelier.com\/br\/#\/schema\/logo\/image\/"}},{"@type":"Person","@id":"https:\/\/homolog.news.filmelier.com\/br\/#\/schema\/person\/d3754049399630d7144ed2033a96986f","name":"Mariane Morisawa","image":{"@type":"ImageObject","inLanguage":"pt-BR","@id":"https:\/\/homolog.news.filmelier.com\/br\/#\/schema\/person\/image\/","url":"https:\/\/secure.gravatar.com\/avatar\/30ff3f3bd59014fe9f42444b158aae0449ce4aeb62a5a63bb7aeb85dba940df8?s=96&d=mm&r=g","contentUrl":"https:\/\/secure.gravatar.com\/avatar\/30ff3f3bd59014fe9f42444b158aae0449ce4aeb62a5a63bb7aeb85dba940df8?s=96&d=mm&r=g","caption":"Mariane Morisawa"},"description":"Mariane Morisawa is a journalist and film critic, member of Abraccine (Brazilian Association of Film Critics) and Golden Globe voter. She contributes to publications such as O Estado de S. Paulo, Elle, Veja and Filmelier. She was a correspondent in Los Angeles for eight years and covers national and international festivals. In 2025, she will cover her 15th Cannes Film Festival for Filmelier.","sameAs":["https:\/\/www.filmelier.com\/br\/autor\/mariane-morisawa"],"url":"https:\/\/news.filmelier.com\/br\/author\/marianne-morisawa\/"}]}},"_links":{"self":[{"href":"https:\/\/news.filmelier.com\/br\/wp-json\/wp\/v2\/posts\/49333","targetHints":{"allow":["GET"]}}],"collection":[{"href":"https:\/\/news.filmelier.com\/br\/wp-json\/wp\/v2\/posts"}],"about":[{"href":"https:\/\/news.filmelier.com\/br\/wp-json\/wp\/v2\/types\/post"}],"author":[{"embeddable":true,"href":"https:\/\/news.filmelier.com\/br\/wp-json\/wp\/v2\/users\/28"}],"replies":[{"embeddable":true,"href":"https:\/\/news.filmelier.com\/br\/wp-json\/wp\/v2\/comments?post=49333"}],"version-history":[{"count":2,"href":"https:\/\/news.filmelier.com\/br\/wp-json\/wp\/v2\/posts\/49333\/revisions"}],"predecessor-version":[{"id":51456,"href":"https:\/\/news.filmelier.com\/br\/wp-json\/wp\/v2\/posts\/49333\/revisions\/51456"}],"wp:featuredmedia":[{"embeddable":true,"href":"https:\/\/news.filmelier.com\/br\/wp-json\/wp\/v2\/media\/49334"}],"wp:attachment":[{"href":"https:\/\/news.filmelier.com\/br\/wp-json\/wp\/v2\/media?parent=49333"}],"wp:term":[{"taxonomy":"category","embeddable":true,"href":"https:\/\/news.filmelier.com\/br\/wp-json\/wp\/v2\/categories?post=49333"},{"taxonomy":"post_tag","embeddable":true,"href":"https:\/\/news.filmelier.com\/br\/wp-json\/wp\/v2\/tags?post=49333"}],"curies":[{"name":"wp","href":"https:\/\/api.w.org\/{rel}","templated":true}]}}