{"id":49326,"date":"2025-05-26T20:53:45","date_gmt":"2025-05-26T23:53:45","guid":{"rendered":"https:\/\/news.filmelier.com\/the-last-of-us-critica-temporada-2-episodio-7\/"},"modified":"2025-06-09T00:04:36","modified_gmt":"2025-06-09T03:04:36","slug":"the-last-of-us-critica-temporada-2-episodio-7","status":"publish","type":"post","link":"https:\/\/news.filmelier.com\/br\/the-last-of-us-critica-temporada-2-episodio-7\/","title":{"rendered":"&#8216;The Last of Us&#8217;: final da 2\u00aa temporada entrega mortes, reviravoltas e caminho para a 3\u00aa (Cr\u00edtica)"},"content":{"rendered":"<p>A 2\u00aa temporada de <i>The Last of Us<\/i> chegou ao fim no \u00faltimo domingo, 25 de maio. Sem Joel (<a href=\"https:\/\/news.filmelier.com\/pedro-pascal-perfil-mandalorian-last-of-us\/\">Pedro Pascal<\/a>) e com as participa\u00e7\u00f5es de Abby (<a href=\"https:\/\/news.filmelier.com\/kaitlyn-dever-tudo-sobre-atriz-the-last-of-us\/\">Kaitlyn Dever<\/a>) e Isaac (Jeffrey Wright), o final da temporada encerrou com gosto amargo \u2014 e um <em>cliffhanger<\/em> que nos far\u00e1 <a href=\"https:\/\/news.filmelier.com\/the-last-of-us-tudo-sobre-2-temporada\/\">esperar pelo 3\u00ba ano da s\u00e9rie, j\u00e1 confirmado<\/a>. Leia abaixo a cr\u00edtica do <a href=\"https:\/\/www.filmelier.com\/br\">Filmelier<\/a> do epis\u00f3dio 7 da 2\u00aa temporada.<\/p>\n<p><iframe title=\"The Last of Us Temporada 2 | Pr\u00e9via Epis\u00f3dio 7 | Max\" width=\"800\" height=\"450\" src=\"https:\/\/www.youtube.com\/embed\/soy5RI6IYco?feature=oembed\" frameborder=\"0\" allow=\"accelerometer; autoplay; clipboard-write; encrypted-media; gyroscope; picture-in-picture; web-share\" referrerpolicy=\"strict-origin-when-cross-origin\" allowfullscreen><\/iframe><\/p>\n<ul>\n<li><strong>Leia tamb\u00e9m: <\/strong><a href=\"https:\/\/news.filmelier.com\/5-series-como-the-last-of-us\/\"><strong>6 s\u00e9ries para quem est\u00e1 acompanhando a 2\u00aa temporada de<em> TLoU<\/em> na HBO<\/strong><\/a><\/li>\n<\/ul>\n<p><strong>Aten\u00e7\u00e3o: o texto a seguir cont\u00e9m spoilers do epis\u00f3dio 7 da 2\u00aa temporada de <i>The Last of Us<\/i>.<\/strong><\/p>\n<h2>Resumo e cr\u00edtica do \u00faltimo epis\u00f3dio da 2\u00aa temporada de <i>The Last of Us<\/i><\/h2>\n<p>O epis\u00f3dio final da 2\u00aa temporada de <i>The Last of Us<\/i>, intitulado <i>Converg\u00eancia<\/i>, entrega exatamente o que o t\u00edtulo sugere: um encontro inevit\u00e1vel entre todos os conflitos que vinham sendo constru\u00eddos. Abby e Ellie (<a href=\"https:\/\/news.filmelier.com\/bella-ramsey-tudo-sobre-atriz-the-last-of-us\/\">Bella Ramsey<\/a>) finalmente se enfrentam no teatro de Seattle, ap\u00f3s uma espiral de viol\u00eancia que cobra o pre\u00e7o m\u00e1ximo \u2014 a vida de Jesse (Young Mazino) e, possivelmente, a da pr\u00f3pria Ellie. A cena termina com um disparo e a tela preta, deixando em aberto o destino da protagonista e confirmando que a 3\u00aa temporada ser\u00e1 focada na perspectiva de Abby \u2014 tal como ocorre no jogo criado por Neil Druckmann.<\/p>\n<h2>S\u00e9rie de jogo, mas nem sempre para jogadores: o desafio das adapta\u00e7\u00f5es<\/h2>\n<p>\u00c9 t\u00e3o in\u00fatil quanto improdutivo comparar m\u00eddias distintas. Assim como dizer que &#8220;o livro \u00e9 melhor que o filme&#8221;, afirmar que o jogo \u00e9 mais emocionante que a s\u00e9rie ignora as especificidades de cada linguagem. No entanto, <a href=\"https:\/\/news.filmelier.com\/melhores-adaptacoes-videogame-super-mario-last-of-us-minecraft\/\"><i>The Last of Us<\/i> conquistou sua reputa\u00e7\u00e3o<\/a> por conseguir se sustentar como narrativa televisiva \u2014 m\u00e9rito especialmente da 1\u00aa temporada. Nesta segunda etapa, por\u00e9m, o excesso de explica\u00e7\u00f5es e a ansiedade em cumprir arcos narrativos do game prejudicam o que deveria ser uma experi\u00eancia dram\u00e1tica independente. Os f\u00e3s do jogo merecem reconhecimento, mas o p\u00fablico da s\u00e9rie tamb\u00e9m merece uma hist\u00f3ria coesa por si s\u00f3.<\/p>\n<h2>\u00daltimo epis\u00f3dio da 2\u00aa temporada de <i>The Last of Us<\/i> acelera demais<\/h2>\n<h3>Ritmo acelerado e narrativa atropelada<\/h3>\n<p>Se <a href=\"https:\/\/news.filmelier.com\/the-last-of-us-critica-temporada-2-episodio-6\/\">no epis\u00f3dio anterior<\/a> a s\u00e9rie ganhou f\u00f4lego ao desacelerar e mergulhar no passado, aqui ela pisa fundo no acelerador. A pressa em concluir arcos narrativos prejudica a constru\u00e7\u00e3o emocional de eventos centrais: a invas\u00e3o do aqu\u00e1rio, o confronto com Owen (Spencer Lord) e Mel (Ariela Barer), a revela\u00e7\u00e3o da gravidez de Dina (<a href=\"https:\/\/news.filmelier.com\/isabela-merced-tudo-sobre-atriz-dina-last-of-us\/\">Isabela Merced<\/a>) a Jesse, o retorno de Tommy (Gabriel Luna), a morte de Jesse, o reencontro com Abby. Tudo acontece em ritmo vertiginoso, e mal h\u00e1 tempo para o espectador sentir o peso de cada decis\u00e3o.<\/p>\n<h3>Dire\u00e7\u00e3o segura de Nina Lopez-Corrado<\/h3>\n<p>A dire\u00e7\u00e3o \u00e9 de Nina Lopez-Corrado, conhecida por seu trabalho em s\u00e9ries como <i>The Walking Dead<\/i>, <i>Supernatural<\/i> e <i>Agents of S.H.I.E.L.D.S<\/i>. Aqui, ela conduz bem as cenas de tens\u00e3o e a\u00e7\u00e3o, com cortes precisos e uma c\u00e2mera que n\u00e3o teme a brutalidade do <a href=\"https:\/\/news.filmelier.com\/series-apocalipticas\/\">mundo p\u00f3s-apocal\u00edptico<\/a>. Ainda assim, o ritmo intenso imposto pelo roteiro limita o tempo de respiro necess\u00e1rio para que o drama humano ganhe mais for\u00e7a.<\/p>\n<p>As <a href=\"https:\/\/news.filmelier.com\/the-last-of-us-serie-vs-jogo\/\">mudan\u00e7as em rela\u00e7\u00e3o ao jogo da Naughty Dog<\/a> s\u00e3o compreens\u00edveis \u2014 afinal, trata-se de uma adapta\u00e7\u00e3o. No entanto, algumas escolhas de roteiro soam precipitadas. A captura de Ellie pelos Serafitas, por exemplo, poderia ter rendido um epis\u00f3dio inteiro, <a href=\"https:\/\/news.filmelier.com\/the-last-of-us-critica-episodio-8\/\">\u00e0 la o cap\u00edtulo dos canibais (<i>Quando Mais Precisamos<\/i>) na 1\u00aa temporada<\/a>. Em vez disso, \u00e9 resolvida em minutos, num recurso que enfraquece o impacto.<\/p>\n<h2>Ellie morre em <i>The Last of Us<\/i>? O destino da protagonista no final da 2\u00aa temporada<\/h2>\n<h3>Bella Ramsey entrega vulnerabilidade, mas \u00e9 prejudicada pelo roteiro<\/h3>\n<p>A atua\u00e7\u00e3o de Bella Ramsey melhora nos momentos de sil\u00eancio e vulnerabilidade, e a atriz continua entregando dedica\u00e7\u00e3o total \u00e0 personagem. Por\u00e9m, \u00e9 sabotada por um roteiro que parece n\u00e3o confiar em sua capacidade de transmitir dor e obsess\u00e3o.<\/p>\n<figure id=\"attachment_45186\" aria-describedby=\"caption-attachment-45186\" style=\"width: 1920px\" class=\"wp-caption alignnone\"><img fetchpriority=\"high\" decoding=\"async\" class=\"size-full wp-image-45186\" src=\"https:\/\/news.filmelier.com\/wp-content\/uploads\/2025\/05\/dina-ellie-the-last-of-us-temporada-2-episodio-7.webp\" alt=\"Ellie (Bella Ramsey) encara o vazio enquanto Dina (Isabela Merced) observa em cena emocional da 2\u00aa temporada de The Last of Us\" width=\"1920\" height=\"1080\" srcset=\"https:\/\/news.filmelier.com\/wp-content\/uploads\/2025\/05\/dina-ellie-the-last-of-us-temporada-2-episodio-7.webp 1920w, https:\/\/news.filmelier.com\/wp-content\/uploads\/2025\/05\/dina-ellie-the-last-of-us-temporada-2-episodio-7-300x169.webp 300w, https:\/\/news.filmelier.com\/wp-content\/uploads\/2025\/05\/dina-ellie-the-last-of-us-temporada-2-episodio-7-1024x576.webp 1024w, https:\/\/news.filmelier.com\/wp-content\/uploads\/2025\/05\/dina-ellie-the-last-of-us-temporada-2-episodio-7-768x432.webp 768w, https:\/\/news.filmelier.com\/wp-content\/uploads\/2025\/05\/dina-ellie-the-last-of-us-temporada-2-episodio-7-1536x864.webp 1536w, https:\/\/news.filmelier.com\/wp-content\/uploads\/2025\/05\/dina-ellie-the-last-of-us-temporada-2-episodio-7-150x84.webp 150w\" sizes=\"(max-width: 1920px) 100vw, 1920px\" \/><figcaption id=\"caption-attachment-45186\" class=\"wp-caption-text\"><em>Dina (Isabela Merced) e Ellie (Bella Ramsey) enfrentam as consequ\u00eancias de suas escolhas no epis\u00f3dio 7 de The Last of Us (Cr\u00e9ditos: HBO)<\/em><\/figcaption><\/figure>\n<h4>Falta consist\u00eancia emocional na trajet\u00f3ria de Ellie<\/h4>\n<p>O argumento escrito por Neil Druckmann, Craig Mazin e Halley Wegryn Gross nem sempre entrega a consist\u00eancia emocional necess\u00e1ria para sustentar a jornada da personagem. A Ellie desta temporada alterna entre o humor desajustado e a raiva impulsiva, mas raramente convence como a anti-hero\u00edna que est\u00e1 afundando na mesma l\u00f3gica de vingan\u00e7a que consumiu Joel em sua culpa.<\/p>\n<p>Ellie n\u00e3o \u00e9 mais a <a href=\"https:\/\/news.filmelier.com\/the-last-of-us-critica-episodio-7\/\">garota idealista da primeira temporada<\/a>. Mas tamb\u00e9m n\u00e3o se tornou a &#8220;m\u00e1quina de vingan\u00e7a&#8221; que o jogo constr\u00f3i com tanta precis\u00e3o. Na s\u00e9rie, a protagonista parece perdida, oscilando entre culpa, raiva e impulsividade. Por vezes, Ellie soa como uma mocinha indefesa; por outras, falta \u00e0 personagem a for\u00e7a de vontade para assumir a sede de vingan\u00e7a, o &#8220;sangue nos olhos&#8221; que a define no videogame.<\/p>\n<p>O epis\u00f3dio tenta resgatar o conflito interno de Ellie ao mostrar seu arrependimento pela tortura de Nora (<a href=\"https:\/\/news.filmelier.com\/tati-gabrielle-sobre-atriz-nora-the-last-of-us\/\">Tati Gabrielle<\/a>) e pelo assassinato acidental de Mel, que estava gr\u00e1vida (em um claro paralelo com Dina). Mas essas reflex\u00f5es v\u00eam dilu\u00eddas entre cenas de a\u00e7\u00e3o e di\u00e1logos apressados. A revela\u00e7\u00e3o sobre Salt Lake City e a culpa de Joel s\u00e3o interessantes, mas perdem for\u00e7a por falta de pausa dram\u00e1tica.<\/p>\n<ul>\n<li><strong>Confira tamb\u00e9m:\u00a0<a href=\"https:\/\/news.filmelier.com\/kleber-mendonca-filho-vencedor-cannes-2025\/\">\u201cQuero que o filme seja visto no Brasil\u201d, diz Kleber Mendon\u00e7a Filho ap\u00f3s premia\u00e7\u00e3o dupla em Cannes 2025<\/a><\/strong><\/li>\n<\/ul>\n<h2>Abby em <i>The Last of Us<\/i>: o protagonismo no final da 2\u00aa temporada e o que esperar da 3\u00aa<\/h2>\n<p>Kaitlyn Dever, indicada ao Emmy e ao Globo de Ouro por sua performance em <em>Dopesick, <\/em>aparece pouco no epis\u00f3dio, mas seu impacto \u00e9 imenso. A \u00faltima cena no teatro \u2014 em que ela grita &#8220;Eu deixei voc\u00ea viver!&#8221; antes de atirar \u2014 ecoa como um grito de frustra\u00e7\u00e3o, de dor e de inevitabilidade. A temporada termina com uma virada de perspectiva: a partir de agora, veremos o outro lado da hist\u00f3ria.<\/p>\n<h3>Diferen\u00e7a entre o jogo e a s\u00e9rie na introdu\u00e7\u00e3o de Abby<\/h3>\n<p>A breve introdu\u00e7\u00e3o ao &#8220;Dia 1&#8221; de Abby prepara o terreno para a 3\u00aa temporada, que seguir\u00e1 os eventos do jogo <i>The Last of Us Part II<\/i> sob o ponto de vista da nova protagonista. No jogo, essa virada j\u00e1 havia sido antecipada por cap\u00edtulos intercalados. Aqui, a op\u00e7\u00e3o por esconder Abby durante boa parte da temporada enfraquece sua constru\u00e7\u00e3o. Faltou equil\u00edbrio: ter\u00edamos nos envolvido mais com a personagem se sua jornada fosse mostrada em paralelo \u00e0 de Ellie, como no game. E, claro, a temporada teria se beneficiado de mais epis\u00f3dios \u2014 afinal, vamos concordar que 7 s\u00e3o muito poucos para uma hist\u00f3ria t\u00e3o extensa e rica.<\/p>\n<figure id=\"attachment_45187\" aria-describedby=\"caption-attachment-45187\" style=\"width: 1280px\" class=\"wp-caption alignnone\"><img decoding=\"async\" class=\"size-full wp-image-45187\" src=\"https:\/\/news.filmelier.com\/wp-content\/uploads\/2025\/05\/the-last-of-us-temporada-2-final-abby-kaitlyn-dever-1.webp\" alt=\"Abby armada e encharcada encara Ellie no teatro em cena final da 2\u00aa temporada de The Last of Us, interpretada por Kaitlyn Dever\" width=\"1280\" height=\"720\" srcset=\"https:\/\/news.filmelier.com\/wp-content\/uploads\/2025\/05\/the-last-of-us-temporada-2-final-abby-kaitlyn-dever-1.webp 1280w, https:\/\/news.filmelier.com\/wp-content\/uploads\/2025\/05\/the-last-of-us-temporada-2-final-abby-kaitlyn-dever-1-300x169.webp 300w, https:\/\/news.filmelier.com\/wp-content\/uploads\/2025\/05\/the-last-of-us-temporada-2-final-abby-kaitlyn-dever-1-1024x576.webp 1024w, https:\/\/news.filmelier.com\/wp-content\/uploads\/2025\/05\/the-last-of-us-temporada-2-final-abby-kaitlyn-dever-1-768x432.webp 768w, https:\/\/news.filmelier.com\/wp-content\/uploads\/2025\/05\/the-last-of-us-temporada-2-final-abby-kaitlyn-dever-1-150x84.webp 150w\" sizes=\"(max-width: 1280px) 100vw, 1280px\" \/><figcaption id=\"caption-attachment-45187\" class=\"wp-caption-text\"><em>Abby (Kaitlyn Dever) confronta Ellie no tenso desfecho do epis\u00f3dio final da 2\u00aa temporada de The Last of Us (Cr\u00e9ditos: HBO)<\/em><\/figcaption><\/figure>\n<h2>Young Mazino emociona em despedida como Jesse<\/h2>\n<p>Mesmo com pouco tempo em tela, Young Mazino oferece uma performance s\u00f3lida e natural como Jesse. O ator, nomeado ao Emmy por seu papel em <em>Treta<\/em> da <a href=\"https:\/\/www.filmelier.com\/br\/streamings\/netflix\">Netflix<\/a>, prova seu valor. Ele transmite leveza sem perder a gravidade das situa\u00e7\u00f5es, funcionando como o elo racional e sens\u00edvel do trio formado com Ellie e Dina. Mazino aproveita cada cena para dar profundidade a um personagem que poderia ser secund\u00e1rio. Seu carisma\u00a0silencioso e sua postura sempre atenta d\u00e3o densidade ao personagem \u2014 que, mesmo com apari\u00e7\u00f5es limitadas, se destaca como figura emocionalmente est\u00e1vel em meio ao caos.<\/p>\n<p>Sua morte repentina \u2014 um dos momentos mais chocantes do epis\u00f3dio \u2014 ainda n\u00e3o foi plenamente sentida. O roteiro n\u00e3o d\u00e1 espa\u00e7o para o luto, e o impacto emocional fica em suspens\u00e3o. \u00c9 prov\u00e1vel que o peso dessa perda s\u00f3 se revele por completo na 3\u00aa temporada, quando Ellie e Dina forem confrontadas com o vazio deixado por Jesse. E n\u00f3s, espectadores, tamb\u00e9m.<\/p>\n<figure id=\"attachment_45185\" aria-describedby=\"caption-attachment-45185\" style=\"width: 1200px\" class=\"wp-caption alignnone\"><img decoding=\"async\" class=\"size-full wp-image-45185\" src=\"https:\/\/news.filmelier.com\/wp-content\/uploads\/2025\/05\/young-mazino-jesse-the-last-of-us.webp\" alt=\"Jesse (Young Mazino) encara Ellie e Dina no teatro pouco antes de sua morte em The Last of Us, temporada 2\" width=\"1200\" height=\"800\" srcset=\"https:\/\/news.filmelier.com\/wp-content\/uploads\/2025\/05\/young-mazino-jesse-the-last-of-us.webp 1200w, https:\/\/news.filmelier.com\/wp-content\/uploads\/2025\/05\/young-mazino-jesse-the-last-of-us-300x200.webp 300w, https:\/\/news.filmelier.com\/wp-content\/uploads\/2025\/05\/young-mazino-jesse-the-last-of-us-1024x683.webp 1024w, https:\/\/news.filmelier.com\/wp-content\/uploads\/2025\/05\/young-mazino-jesse-the-last-of-us-768x512.webp 768w, https:\/\/news.filmelier.com\/wp-content\/uploads\/2025\/05\/young-mazino-jesse-the-last-of-us-150x100.webp 150w\" sizes=\"(max-width: 1200px) 100vw, 1200px\" \/><figcaption id=\"caption-attachment-45185\" class=\"wp-caption-text\"><em>Jesse (Young Mazino) se despede com dignidade no \u00faltimo epis\u00f3dio da 2\u00aa temporada de The Last of Us (Cr\u00e9ditos: HBO)<\/em><\/figcaption><\/figure>\n<ul>\n<li><strong>Pode te interessar:\u00a0<a href=\"https:\/\/news.filmelier.com\/sylvester-stallone-ator-rocky-rambo\/\">Sylvester Stallone, o \u00edcone indom\u00e1vel que redefiniu o cinema de a\u00e7\u00e3o<\/a><\/strong><\/li>\n<\/ul>\n<h2>Segunda temporada de <i>The Last of Us tem for\u00e7a visual, mas ritmo irregular<\/i><\/h2>\n<p>Em termos t\u00e9cnicos, a s\u00e9rie continua impec\u00e1vel. A dire\u00e7\u00e3o de fotografia, o design de produ\u00e7\u00e3o e a trilha sonora seguem como pontos altos. A ambienta\u00e7\u00e3o do aqu\u00e1rio e a viol\u00eancia das execu\u00e7\u00f5es mostram que <i>The Last of Us<\/i> n\u00e3o tem medo de chocar. No entanto, a temporada como um todo sofre com problemas de ritmo e com um roteiro que ora se explica demais, ora se omite.<\/p>\n<p>Falta \u00e0 temporada a coragem de sustentar sil\u00eancios, como fez na primeira. A s\u00e9rie parece querer compensar a aus\u00eancia de Joel com exposi\u00e7\u00e3o e reviravoltas, quando, na verdade, bastaria confiar mais nos personagens e nas atua\u00e7\u00f5es.<\/p>\n<h3>2\u00aa temporada de <i>The Last of Us<\/i>: saldo final<\/h3>\n<p>Mesmo com trope\u00e7os de ritmo e escolhas de roteiro discut\u00edveis, a 2\u00aa temporada de <i>The Last of Us<\/i> entrega momentos de for\u00e7a dram\u00e1tica e impacto visual. A aus\u00eancia de Joel \u00e9 sentida, e Bella Ramsey ainda enfrenta desafios para sustentar o protagonismo sozinha, mas a s\u00e9rie continua relevante por sua ambi\u00e7\u00e3o narrativa. Com a entrada definitiva de Abby e a promessa de novos pontos de vista, a temporada deixa mais perguntas do que respostas \u2014 e um caminho aberto para uma conclus\u00e3o emocionalmente intensa.<\/p>\n<h2>Quando estreia a 3\u00aa temporada de <i>The Last of Us<\/i>?<\/h2>\n<p>Sim! A HBO j\u00e1 confirmou a 3\u00aa temporada de The Last of Us, que deve estrear entre 2026 e 2027. Ainda n\u00e3o h\u00e1 data oficial de estreia, mas a trama deve retomar a narrativa a partir da perspectiva de Abby, com novos personagens e loca\u00e7\u00f5es.<\/p>\n<h2><em>The Last of Us<\/em> 2\u00aa temporada: quantos epis\u00f3dios e onde assistir<\/h2>\n<p>A segunda temporada de <i>The La<\/i>st of Us tem 7 epis\u00f3dios. O \u00faltimo foi exibido em 25 de maio, \u00e0s 22h, na HBO e no <a href=\"https:\/\/www.filmelier.com\/br\/streamings\/max\">streaming HBO Max<\/a>.<\/p>\n<h3>Onde assistir \u00e0 s\u00e9rie\u00a0online?<\/h3>\n<p>Voc\u00ea pode assistir <i>The La<\/i>st of Us com exclusividade na HBO Max (antiga Max), com vers\u00f5es dubladas e legendadas em portugu\u00eas. Confira <a href=\"https:\/\/news.filmelier.com\/assistir-online-serie-the-last-of-us\/\">como assistir ao streaming online e de gra\u00e7a<\/a>.<\/p>\n<p>\ud83d\udccc Quer saber tudo sobre a 3\u00aa temporada de <i>The La<\/i>st of Us? Continue acompanhando nossa cobertura completa da s\u00e9rie \u2014 com atualiza\u00e7\u00f5es sobre elenco, bastidores, data de estreia e muito mais.<\/p>\n<section>\n<h2>Leia tamb\u00e9m: cr\u00edticas anteriores de\u00a0<em>The Last of Us<\/em><\/h2>\n<h3>1\u00aa temporada<\/h3>\n<ul>\n<li><strong><a href=\"https:\/\/news.filmelier.com\/the-last-of-us-critica-serie-hbo\/\">1\u00d701 \u2013\u00a0<i>The La<\/i>st of Us\u00a0tem tudo para ser a nova s\u00e9rie evento da HBO<\/a><\/strong><\/li>\n<li><strong><a href=\"https:\/\/news.filmelier.com\/the-last-of-us-critica-episodio-2\/\">1\u00d702 \u2013 epis\u00f3dio 2 da s\u00e9rie tem cenas de terror e reviravolta \u201csoco no est\u00f4mago\u201d<\/a><\/strong><\/li>\n<li><strong><a href=\"https:\/\/news.filmelier.com\/the-last-of-us-critica-episodio-3\/\">1\u00d703 epis\u00f3dio 3 tem cenas in\u00e9ditas, tom rom\u00e2ntico e dram\u00e1tico<\/a><\/strong><\/li>\n<li><strong><a href=\"https:\/\/news.filmelier.com\/the-last-of-us-critica-episodio-4\/\">1\u00d704 \u2013 epis\u00f3dio 4 \u00e9 menos impactante, mas aprofunda a narrativa<\/a><\/strong><\/li>\n<li><strong><a href=\"https:\/\/news.filmelier.com\/the-last-of-us-critica-episodio-5\/\">1\u00d705 \u2013 epis\u00f3dio 5 prova que a s\u00e9rie n\u00e3o est\u00e1 para brincadeira<\/a><\/strong><\/li>\n<li><strong><a href=\"https:\/\/news.filmelier.com\/the-last-of-us-critica-episodio-6\/\">1\u00d706 \u2013 epis\u00f3dio 6 tem encontro aguardado e \u201cmomento fam\u00edlia\u201d<\/a><\/strong><\/li>\n<li><strong><a href=\"https:\/\/news.filmelier.com\/the-last-of-us-critica-episodio-7\/\">1\u00d707 \u2013 epis\u00f3dio 7 revela como Ellie foi mordida<\/a><\/strong><\/li>\n<li><strong><a href=\"https:\/\/news.filmelier.com\/the-last-of-us-critica-episodio-8\/\">1\u00d708 \u2013 epis\u00f3dio 8 \u00e9 o mais intenso e perturbador da temporada<\/a><\/strong><\/li>\n<li><strong><a href=\"https:\/\/news.filmelier.com\/the-last-of-us-critica-episodio-9\/\">1\u00d709 \u2013 epis\u00f3dio 9 tem desfecho pol\u00eamico e chocante<\/a><\/strong><\/li>\n<\/ul>\n<h3>2\u00aa temporada<\/h3>\n<ul>\n<li><strong><a href=\"https:\/\/news.filmelier.com\/the-last-of-us-critica-temporada-2-episodio-1\/\">2\u00d701 \u2013 S\u00e9rie retorna mais sombrio e introspectivo na estreia da 2\u00aa temporada na HBO<\/a><\/strong><\/li>\n<li><strong><a href=\"https:\/\/news.filmelier.com\/the-last-of-us-critica-temporada-2-episodio-2\/\">2\u00d702 \u2013\u00a0<i>The La<\/i>st of Us\u00a0reencontra sua for\u00e7a dram\u00e1tica com reviravolta do epis\u00f3dio 2 na HBO<\/a><\/strong><\/li>\n<li><a href=\"https:\/\/news.filmelier.com\/the-last-of-us-temporada-2-episodio-3\/\"><strong>2\u00d703 \u2013 Bella Ramsey segura a 2\u00aa temporada? Cr\u00edtica do epis\u00f3dio 3 analisa a nova fase<\/strong><\/a><\/li>\n<li><a href=\"https:\/\/news.filmelier.com\/the-last-of-us-critica-temporada-2-episodio-4\/\"><strong>2\u00d704 \u2013\u00a0<i>The La<\/i>st of Us\u00a0encontra equil\u00edbrio perfeito entre horror e romance no epis\u00f3dio 4 da 2\u00aa temporada<\/strong><\/a><\/li>\n<li><strong><a href=\"https:\/\/news.filmelier.com\/the-last-of-us-critica-temporada-2-episodio-5\/\">2\u00d705 \u2013 Quinto epis\u00f3dio da 2\u00aa temporada brilha em cenas de a\u00e7\u00e3o mas roteiro falha com Ellie<\/a><\/strong><\/li>\n<li><a href=\"https:\/\/news.filmelier.com\/the-last-of-us-critica-temporada-2-episodio-6\/\"><strong>2\u00d706 \u2013 epis\u00f3dio 6 da 2\u00aa temporada emociona com retorno de Joel e drama entre pai e filha<\/strong><\/a><\/li>\n<\/ul>\n<\/section>\n","protected":false},"excerpt":{"rendered":"<p>Final com tiroteio, mortes e cliffhanger prepara terreno para a terceira temporada \u2014 mas tamb\u00e9m evidencia os trope\u00e7os da s\u00e9rie da HBO<\/p>\n","protected":false},"author":11,"featured_media":49328,"comment_status":"open","ping_status":"open","sticky":false,"template":"","format":"standard","meta":{"_acf_changed":false,"footnotes":""},"categories":[3481,3492],"tags":[3576,3577,3578,3517,3579,3551,3552,3580,3581,3554,3582,3583,3584,3585,3586,3587,3588,3589,3590,3591],"class_list":["post-49326","post","type-post","status-publish","format-standard","has-post-thumbnail","hentry","category-criticas-br","category-series-novelas-br","tag-ariela-barer-br","tag-bella-ramsey-br","tag-craig-mazin-br","tag-critica-br","tag-gabriel-luna-br","tag-hbo-br","tag-hbo-max-br","tag-isabela-merced-br","tag-kaitlyn-dever-br","tag-max-br","tag-neil-druckmann-br","tag-nina-lopez-corrado-br","tag-pedro-pascal-br","tag-serie-br","tag-series-hbo-br","tag-spencer-lord-br","tag-the-last-of-us-br","tag-the-last-of-us-part-2-br","tag-videogame-br","tag-young-mazino-br"],"acf":{"subtitulo":"Final com tiroteio, mortes e cliffhanger prepara terreno para a terceira temporada \u2014 mas tamb\u00e9m evidencia os trope\u00e7os da s\u00e9rie da HBO","id_ator":""},"yoast_head":"<!-- This site is optimized with the Yoast SEO plugin v26.1.1 - https:\/\/yoast.com\/wordpress\/plugins\/seo\/ -->\n<title>The Last of Us 2\u00aa temporada: final chocante tem mortes, cliffhanger e prepara 3\u00aa temporada (Cr\u00edtica) | News Filmelier<\/title>\n<meta name=\"description\" content=\"O epis\u00f3dio 7 da 2\u00aa temporada de The Last of Us termina com reviravoltas e deixa ganchos para Abby e Ellie na 3\u00aa temporada. Leia cr\u00edtica e saiba onde assistir\" \/>\n<meta name=\"robots\" content=\"index, follow, max-snippet:-1, max-image-preview:large, max-video-preview:-1\" \/>\n<link rel=\"canonical\" href=\"https:\/\/news.filmelier.com\/br\/the-last-of-us-critica-temporada-2-episodio-7\/\" \/>\n<meta property=\"og:locale\" content=\"pt_BR\" \/>\n<meta property=\"og:type\" content=\"article\" \/>\n<meta property=\"og:title\" content=\"The Last of Us 2\u00aa temporada: final chocante tem mortes, cliffhanger e prepara 3\u00aa temporada (Cr\u00edtica) | News Filmelier\" \/>\n<meta property=\"og:description\" content=\"O epis\u00f3dio 7 da 2\u00aa temporada de The Last of Us termina com reviravoltas e deixa ganchos para Abby e Ellie na 3\u00aa temporada. Leia cr\u00edtica e saiba onde assistir\" \/>\n<meta property=\"og:url\" content=\"https:\/\/news.filmelier.com\/br\/the-last-of-us-critica-temporada-2-episodio-7\/\" \/>\n<meta property=\"og:site_name\" content=\"News Filmelier\" \/>\n<meta property=\"article:published_time\" content=\"2025-05-26T23:53:45+00:00\" \/>\n<meta property=\"article:modified_time\" content=\"2025-06-09T03:04:36+00:00\" \/>\n<meta property=\"og:image\" content=\"https:\/\/homolog.news.filmelier.com\/wp-content\/uploads\/2025\/05\/the-last-of-us-temporada-2-final-abby-kaitlyn-dever-1.webp\" \/>\n\t<meta property=\"og:image:width\" content=\"1280\" \/>\n\t<meta property=\"og:image:height\" content=\"720\" \/>\n\t<meta property=\"og:image:type\" content=\"image\/webp\" \/>\n<meta name=\"author\" content=\"Vit\u00f3ria Pratini\" \/>\n<meta name=\"twitter:card\" content=\"summary_large_image\" \/>\n<meta name=\"twitter:label1\" content=\"Escrito por\" \/>\n\t<meta name=\"twitter:data1\" content=\"Vit\u00f3ria Pratini\" \/>\n\t<meta name=\"twitter:label2\" content=\"Est. tempo de leitura\" \/>\n\t<meta name=\"twitter:data2\" content=\"12 minutos\" \/>\n<script type=\"application\/ld+json\" class=\"yoast-schema-graph\">{\"@context\":\"https:\/\/schema.org\",\"@graph\":[{\"@type\":\"Article\",\"@id\":\"https:\/\/news.filmelier.com\/br\/the-last-of-us-critica-temporada-2-episodio-7\/#article\",\"isPartOf\":{\"@id\":\"https:\/\/news.filmelier.com\/br\/the-last-of-us-critica-temporada-2-episodio-7\/\"},\"author\":{\"name\":\"Vit\u00f3ria Pratini\",\"@id\":\"https:\/\/homolog.news.filmelier.com\/br\/#\/schema\/person\/b6689fa913d8b849cd7549503e6521cc\"},\"headline\":\"&#8216;The Last of Us&#8217;: final da 2\u00aa temporada entrega mortes, reviravoltas e caminho para a 3\u00aa (Cr\u00edtica)\",\"datePublished\":\"2025-05-26T23:53:45+00:00\",\"dateModified\":\"2025-06-09T03:04:36+00:00\",\"mainEntityOfPage\":{\"@id\":\"https:\/\/news.filmelier.com\/br\/the-last-of-us-critica-temporada-2-episodio-7\/\"},\"wordCount\":2049,\"commentCount\":0,\"publisher\":{\"@id\":\"https:\/\/homolog.news.filmelier.com\/br\/#organization\"},\"image\":{\"@id\":\"https:\/\/news.filmelier.com\/br\/the-last-of-us-critica-temporada-2-episodio-7\/#primaryimage\"},\"thumbnailUrl\":\"https:\/\/news.filmelier.com\/wp-content\/uploads\/2025\/05\/the-last-of-us-temporada-2-final-abby-kaitlyn-dever-1.webp\",\"keywords\":[\"Ariela Barer\",\"Bella Ramsey\",\"Craig Mazin\",\"critica\",\"Gabriel Luna\",\"HBO\",\"HBO Max\",\"Isabela Merced\",\"Kaitlyn Dever\",\"Max\",\"Neil Druckmann\",\"Nina Lopez-Corrado\",\"Pedro Pascal\",\"s\u00e9rie\",\"s\u00e9ries hbo\",\"Spencer Lord\",\"the last of us\",\"The last of us part 2\",\"videogame\",\"Young Mazino\"],\"articleSection\":[\"Cr\u00edticas\",\"S\u00e9ries e Novelas\"],\"inLanguage\":\"pt-BR\",\"potentialAction\":[{\"@type\":\"CommentAction\",\"name\":\"Comment\",\"target\":[\"https:\/\/news.filmelier.com\/br\/the-last-of-us-critica-temporada-2-episodio-7\/#respond\"]}]},{\"@type\":\"WebPage\",\"@id\":\"https:\/\/news.filmelier.com\/br\/the-last-of-us-critica-temporada-2-episodio-7\/\",\"url\":\"https:\/\/news.filmelier.com\/br\/the-last-of-us-critica-temporada-2-episodio-7\/\",\"name\":\"The Last of Us 2\u00aa temporada: final chocante tem mortes, cliffhanger e prepara 3\u00aa temporada (Cr\u00edtica) | News Filmelier\",\"isPartOf\":{\"@id\":\"https:\/\/homolog.news.filmelier.com\/br\/#website\"},\"primaryImageOfPage\":{\"@id\":\"https:\/\/news.filmelier.com\/br\/the-last-of-us-critica-temporada-2-episodio-7\/#primaryimage\"},\"image\":{\"@id\":\"https:\/\/news.filmelier.com\/br\/the-last-of-us-critica-temporada-2-episodio-7\/#primaryimage\"},\"thumbnailUrl\":\"https:\/\/news.filmelier.com\/wp-content\/uploads\/2025\/05\/the-last-of-us-temporada-2-final-abby-kaitlyn-dever-1.webp\",\"datePublished\":\"2025-05-26T23:53:45+00:00\",\"dateModified\":\"2025-06-09T03:04:36+00:00\",\"description\":\"O epis\u00f3dio 7 da 2\u00aa temporada de The Last of Us termina com reviravoltas e deixa ganchos para Abby e Ellie na 3\u00aa temporada. Leia cr\u00edtica e saiba onde assistir\",\"breadcrumb\":{\"@id\":\"https:\/\/news.filmelier.com\/br\/the-last-of-us-critica-temporada-2-episodio-7\/#breadcrumb\"},\"inLanguage\":\"pt-BR\",\"potentialAction\":[{\"@type\":\"ReadAction\",\"target\":[\"https:\/\/news.filmelier.com\/br\/the-last-of-us-critica-temporada-2-episodio-7\/\"]}]},{\"@type\":\"ImageObject\",\"inLanguage\":\"pt-BR\",\"@id\":\"https:\/\/news.filmelier.com\/br\/the-last-of-us-critica-temporada-2-episodio-7\/#primaryimage\",\"url\":\"https:\/\/news.filmelier.com\/wp-content\/uploads\/2025\/05\/the-last-of-us-temporada-2-final-abby-kaitlyn-dever-1.webp\",\"contentUrl\":\"https:\/\/news.filmelier.com\/wp-content\/uploads\/2025\/05\/the-last-of-us-temporada-2-final-abby-kaitlyn-dever-1.webp\",\"width\":1280,\"height\":720,\"caption\":\"Abby (Kaitlyn Dever) confronta Ellie no tenso desfecho do epis\u00f3dio final da 2\u00aa temporada de The Last of Us (Cr\u00e9ditos: HBO)\"},{\"@type\":\"BreadcrumbList\",\"@id\":\"https:\/\/news.filmelier.com\/br\/the-last-of-us-critica-temporada-2-episodio-7\/#breadcrumb\",\"itemListElement\":[{\"@type\":\"ListItem\",\"position\":1,\"name\":\"In\u00edcio\",\"item\":\"https:\/\/homolog.news.filmelier.com\/br\/\"},{\"@type\":\"ListItem\",\"position\":2,\"name\":\"&#8216;The Last of Us&#8217;: final da 2\u00aa temporada entrega mortes, reviravoltas e caminho para a 3\u00aa (Cr\u00edtica)\"}]},{\"@type\":\"WebSite\",\"@id\":\"https:\/\/homolog.news.filmelier.com\/br\/#website\",\"url\":\"https:\/\/homolog.news.filmelier.com\/br\/\",\"name\":\"Homolog Filmelier News Rankrup\",\"description\":\"\",\"publisher\":{\"@id\":\"https:\/\/homolog.news.filmelier.com\/br\/#organization\"},\"potentialAction\":[{\"@type\":\"SearchAction\",\"target\":{\"@type\":\"EntryPoint\",\"urlTemplate\":\"https:\/\/homolog.news.filmelier.com\/br\/?s={search_term_string}\"},\"query-input\":{\"@type\":\"PropertyValueSpecification\",\"valueRequired\":true,\"valueName\":\"search_term_string\"}}],\"inLanguage\":\"pt-BR\"},{\"@type\":\"Organization\",\"@id\":\"https:\/\/homolog.news.filmelier.com\/br\/#organization\",\"name\":\"Homolog Filmelier News Rankrup\",\"url\":\"https:\/\/homolog.news.filmelier.com\/br\/\",\"logo\":{\"@type\":\"ImageObject\",\"inLanguage\":\"pt-BR\",\"@id\":\"https:\/\/homolog.news.filmelier.com\/br\/#\/schema\/logo\/image\/\",\"url\":\"https:\/\/news.filmelier.com\/wp-content\/uploads\/2024\/11\/Logo-News.png\",\"contentUrl\":\"https:\/\/news.filmelier.com\/wp-content\/uploads\/2024\/11\/Logo-News.png\",\"width\":460,\"height\":108,\"caption\":\"Homolog Filmelier News Rankrup\"},\"image\":{\"@id\":\"https:\/\/homolog.news.filmelier.com\/br\/#\/schema\/logo\/image\/\"}},{\"@type\":\"Person\",\"@id\":\"https:\/\/homolog.news.filmelier.com\/br\/#\/schema\/person\/b6689fa913d8b849cd7549503e6521cc\",\"name\":\"Vit\u00f3ria Pratini\",\"image\":{\"@type\":\"ImageObject\",\"inLanguage\":\"pt-BR\",\"@id\":\"https:\/\/homolog.news.filmelier.com\/br\/#\/schema\/person\/image\/\",\"url\":\"https:\/\/secure.gravatar.com\/avatar\/93bc09f1ea8059e7f68ceebd457a04e75befce531605be9c8ad31127fed28a0d?s=96&d=mm&r=g\",\"contentUrl\":\"https:\/\/secure.gravatar.com\/avatar\/93bc09f1ea8059e7f68ceebd457a04e75befce531605be9c8ad31127fed28a0d?s=96&d=mm&r=g\",\"caption\":\"Vit\u00f3ria Pratini\"},\"description\":\"A critic and journalist specializing in films, series and pop culture since 2013, Vit\u00f3ria Pratini has had her articles published in AdoroCinema, IGN Brasil, Terra and MSN. During her career, she has covered audiovisual events, such as San Diego Comic-Con, CCXP, Festival do Rio and Pr\u00eamio Grande Otelo. She has served on festival juries and interviewed names such as Helen Mirren, Fernanda Torres, Gilberto Gil, Jude Law and Bryan Cranston. An SEO specialist, Vit\u00f3ria is currently a content strategist and reporter for Filmelier.\",\"sameAs\":[\"https:\/\/www.filmelier.com\/br\/autor\/vitoria-pratini\",\"https:\/\/www.instagram.com\/vitoriapratini\/\"],\"url\":\"https:\/\/news.filmelier.com\/br\/author\/vitoria-pratini\/\"}]}<\/script>\n<!-- \/ Yoast SEO plugin. -->","yoast_head_json":{"title":"The Last of Us 2\u00aa temporada: final chocante tem mortes, cliffhanger e prepara 3\u00aa temporada (Cr\u00edtica) | News Filmelier","description":"O epis\u00f3dio 7 da 2\u00aa temporada de The Last of Us termina com reviravoltas e deixa ganchos para Abby e Ellie na 3\u00aa temporada. Leia cr\u00edtica e saiba onde assistir","robots":{"index":"index","follow":"follow","max-snippet":"max-snippet:-1","max-image-preview":"max-image-preview:large","max-video-preview":"max-video-preview:-1"},"canonical":"https:\/\/news.filmelier.com\/br\/the-last-of-us-critica-temporada-2-episodio-7\/","og_locale":"pt_BR","og_type":"article","og_title":"The Last of Us 2\u00aa temporada: final chocante tem mortes, cliffhanger e prepara 3\u00aa temporada (Cr\u00edtica) | News Filmelier","og_description":"O epis\u00f3dio 7 da 2\u00aa temporada de The Last of Us termina com reviravoltas e deixa ganchos para Abby e Ellie na 3\u00aa temporada. Leia cr\u00edtica e saiba onde assistir","og_url":"https:\/\/news.filmelier.com\/br\/the-last-of-us-critica-temporada-2-episodio-7\/","og_site_name":"News Filmelier","article_published_time":"2025-05-26T23:53:45+00:00","article_modified_time":"2025-06-09T03:04:36+00:00","og_image":[{"width":1280,"height":720,"url":"https:\/\/homolog.news.filmelier.com\/wp-content\/uploads\/2025\/05\/the-last-of-us-temporada-2-final-abby-kaitlyn-dever-1.webp","type":"image\/webp"}],"author":"Vit\u00f3ria Pratini","twitter_card":"summary_large_image","twitter_misc":{"Escrito por":"Vit\u00f3ria Pratini","Est. tempo de leitura":"12 minutos"},"schema":{"@context":"https:\/\/schema.org","@graph":[{"@type":"Article","@id":"https:\/\/news.filmelier.com\/br\/the-last-of-us-critica-temporada-2-episodio-7\/#article","isPartOf":{"@id":"https:\/\/news.filmelier.com\/br\/the-last-of-us-critica-temporada-2-episodio-7\/"},"author":{"name":"Vit\u00f3ria Pratini","@id":"https:\/\/homolog.news.filmelier.com\/br\/#\/schema\/person\/b6689fa913d8b849cd7549503e6521cc"},"headline":"&#8216;The Last of Us&#8217;: final da 2\u00aa temporada entrega mortes, reviravoltas e caminho para a 3\u00aa (Cr\u00edtica)","datePublished":"2025-05-26T23:53:45+00:00","dateModified":"2025-06-09T03:04:36+00:00","mainEntityOfPage":{"@id":"https:\/\/news.filmelier.com\/br\/the-last-of-us-critica-temporada-2-episodio-7\/"},"wordCount":2049,"commentCount":0,"publisher":{"@id":"https:\/\/homolog.news.filmelier.com\/br\/#organization"},"image":{"@id":"https:\/\/news.filmelier.com\/br\/the-last-of-us-critica-temporada-2-episodio-7\/#primaryimage"},"thumbnailUrl":"https:\/\/news.filmelier.com\/wp-content\/uploads\/2025\/05\/the-last-of-us-temporada-2-final-abby-kaitlyn-dever-1.webp","keywords":["Ariela Barer","Bella Ramsey","Craig Mazin","critica","Gabriel Luna","HBO","HBO Max","Isabela Merced","Kaitlyn Dever","Max","Neil Druckmann","Nina Lopez-Corrado","Pedro Pascal","s\u00e9rie","s\u00e9ries hbo","Spencer Lord","the last of us","The last of us part 2","videogame","Young Mazino"],"articleSection":["Cr\u00edticas","S\u00e9ries e Novelas"],"inLanguage":"pt-BR","potentialAction":[{"@type":"CommentAction","name":"Comment","target":["https:\/\/news.filmelier.com\/br\/the-last-of-us-critica-temporada-2-episodio-7\/#respond"]}]},{"@type":"WebPage","@id":"https:\/\/news.filmelier.com\/br\/the-last-of-us-critica-temporada-2-episodio-7\/","url":"https:\/\/news.filmelier.com\/br\/the-last-of-us-critica-temporada-2-episodio-7\/","name":"The Last of Us 2\u00aa temporada: final chocante tem mortes, cliffhanger e prepara 3\u00aa temporada (Cr\u00edtica) | News Filmelier","isPartOf":{"@id":"https:\/\/homolog.news.filmelier.com\/br\/#website"},"primaryImageOfPage":{"@id":"https:\/\/news.filmelier.com\/br\/the-last-of-us-critica-temporada-2-episodio-7\/#primaryimage"},"image":{"@id":"https:\/\/news.filmelier.com\/br\/the-last-of-us-critica-temporada-2-episodio-7\/#primaryimage"},"thumbnailUrl":"https:\/\/news.filmelier.com\/wp-content\/uploads\/2025\/05\/the-last-of-us-temporada-2-final-abby-kaitlyn-dever-1.webp","datePublished":"2025-05-26T23:53:45+00:00","dateModified":"2025-06-09T03:04:36+00:00","description":"O epis\u00f3dio 7 da 2\u00aa temporada de The Last of Us termina com reviravoltas e deixa ganchos para Abby e Ellie na 3\u00aa temporada. Leia cr\u00edtica e saiba onde assistir","breadcrumb":{"@id":"https:\/\/news.filmelier.com\/br\/the-last-of-us-critica-temporada-2-episodio-7\/#breadcrumb"},"inLanguage":"pt-BR","potentialAction":[{"@type":"ReadAction","target":["https:\/\/news.filmelier.com\/br\/the-last-of-us-critica-temporada-2-episodio-7\/"]}]},{"@type":"ImageObject","inLanguage":"pt-BR","@id":"https:\/\/news.filmelier.com\/br\/the-last-of-us-critica-temporada-2-episodio-7\/#primaryimage","url":"https:\/\/news.filmelier.com\/wp-content\/uploads\/2025\/05\/the-last-of-us-temporada-2-final-abby-kaitlyn-dever-1.webp","contentUrl":"https:\/\/news.filmelier.com\/wp-content\/uploads\/2025\/05\/the-last-of-us-temporada-2-final-abby-kaitlyn-dever-1.webp","width":1280,"height":720,"caption":"Abby (Kaitlyn Dever) confronta Ellie no tenso desfecho do epis\u00f3dio final da 2\u00aa temporada de The Last of Us (Cr\u00e9ditos: HBO)"},{"@type":"BreadcrumbList","@id":"https:\/\/news.filmelier.com\/br\/the-last-of-us-critica-temporada-2-episodio-7\/#breadcrumb","itemListElement":[{"@type":"ListItem","position":1,"name":"In\u00edcio","item":"https:\/\/homolog.news.filmelier.com\/br\/"},{"@type":"ListItem","position":2,"name":"&#8216;The Last of Us&#8217;: final da 2\u00aa temporada entrega mortes, reviravoltas e caminho para a 3\u00aa (Cr\u00edtica)"}]},{"@type":"WebSite","@id":"https:\/\/homolog.news.filmelier.com\/br\/#website","url":"https:\/\/homolog.news.filmelier.com\/br\/","name":"Homolog Filmelier News Rankrup","description":"","publisher":{"@id":"https:\/\/homolog.news.filmelier.com\/br\/#organization"},"potentialAction":[{"@type":"SearchAction","target":{"@type":"EntryPoint","urlTemplate":"https:\/\/homolog.news.filmelier.com\/br\/?s={search_term_string}"},"query-input":{"@type":"PropertyValueSpecification","valueRequired":true,"valueName":"search_term_string"}}],"inLanguage":"pt-BR"},{"@type":"Organization","@id":"https:\/\/homolog.news.filmelier.com\/br\/#organization","name":"Homolog Filmelier News Rankrup","url":"https:\/\/homolog.news.filmelier.com\/br\/","logo":{"@type":"ImageObject","inLanguage":"pt-BR","@id":"https:\/\/homolog.news.filmelier.com\/br\/#\/schema\/logo\/image\/","url":"https:\/\/news.filmelier.com\/wp-content\/uploads\/2024\/11\/Logo-News.png","contentUrl":"https:\/\/news.filmelier.com\/wp-content\/uploads\/2024\/11\/Logo-News.png","width":460,"height":108,"caption":"Homolog Filmelier News Rankrup"},"image":{"@id":"https:\/\/homolog.news.filmelier.com\/br\/#\/schema\/logo\/image\/"}},{"@type":"Person","@id":"https:\/\/homolog.news.filmelier.com\/br\/#\/schema\/person\/b6689fa913d8b849cd7549503e6521cc","name":"Vit\u00f3ria Pratini","image":{"@type":"ImageObject","inLanguage":"pt-BR","@id":"https:\/\/homolog.news.filmelier.com\/br\/#\/schema\/person\/image\/","url":"https:\/\/secure.gravatar.com\/avatar\/93bc09f1ea8059e7f68ceebd457a04e75befce531605be9c8ad31127fed28a0d?s=96&d=mm&r=g","contentUrl":"https:\/\/secure.gravatar.com\/avatar\/93bc09f1ea8059e7f68ceebd457a04e75befce531605be9c8ad31127fed28a0d?s=96&d=mm&r=g","caption":"Vit\u00f3ria Pratini"},"description":"A critic and journalist specializing in films, series and pop culture since 2013, Vit\u00f3ria Pratini has had her articles published in AdoroCinema, IGN Brasil, Terra and MSN. During her career, she has covered audiovisual events, such as San Diego Comic-Con, CCXP, Festival do Rio and Pr\u00eamio Grande Otelo. She has served on festival juries and interviewed names such as Helen Mirren, Fernanda Torres, Gilberto Gil, Jude Law and Bryan Cranston. An SEO specialist, Vit\u00f3ria is currently a content strategist and reporter for Filmelier.","sameAs":["https:\/\/www.filmelier.com\/br\/autor\/vitoria-pratini","https:\/\/www.instagram.com\/vitoriapratini\/"],"url":"https:\/\/news.filmelier.com\/br\/author\/vitoria-pratini\/"}]}},"_links":{"self":[{"href":"https:\/\/news.filmelier.com\/br\/wp-json\/wp\/v2\/posts\/49326","targetHints":{"allow":["GET"]}}],"collection":[{"href":"https:\/\/news.filmelier.com\/br\/wp-json\/wp\/v2\/posts"}],"about":[{"href":"https:\/\/news.filmelier.com\/br\/wp-json\/wp\/v2\/types\/post"}],"author":[{"embeddable":true,"href":"https:\/\/news.filmelier.com\/br\/wp-json\/wp\/v2\/users\/11"}],"replies":[{"embeddable":true,"href":"https:\/\/news.filmelier.com\/br\/wp-json\/wp\/v2\/comments?post=49326"}],"version-history":[{"count":1,"href":"https:\/\/news.filmelier.com\/br\/wp-json\/wp\/v2\/posts\/49326\/revisions"}],"predecessor-version":[{"id":49447,"href":"https:\/\/news.filmelier.com\/br\/wp-json\/wp\/v2\/posts\/49326\/revisions\/49447"}],"wp:featuredmedia":[{"embeddable":true,"href":"https:\/\/news.filmelier.com\/br\/wp-json\/wp\/v2\/media\/49328"}],"wp:attachment":[{"href":"https:\/\/news.filmelier.com\/br\/wp-json\/wp\/v2\/media?parent=49326"}],"wp:term":[{"taxonomy":"category","embeddable":true,"href":"https:\/\/news.filmelier.com\/br\/wp-json\/wp\/v2\/categories?post=49326"},{"taxonomy":"post_tag","embeddable":true,"href":"https:\/\/news.filmelier.com\/br\/wp-json\/wp\/v2\/tags?post=49326"}],"curies":[{"name":"wp","href":"https:\/\/api.w.org\/{rel}","templated":true}]}}