{"id":49313,"date":"2025-05-27T16:45:27","date_gmt":"2025-05-27T19:45:27","guid":{"rendered":"https:\/\/news.filmelier.com\/oscar-melhor-ator\/"},"modified":"2025-08-22T17:02:33","modified_gmt":"2025-08-22T17:02:33","slug":"oscar-melhor-ator","status":"publish","type":"post","link":"https:\/\/news.filmelier.com\/br\/oscar-melhor-ator\/","title":{"rendered":"Oscar de Melhor Ator: hist\u00f3ria, recordistas e controv\u00e9rsias da categoria"},"content":{"rendered":"<p>Desde a primeira cerim\u00f4nia do Oscar em 1929, a categoria de Melhor Ator tem sido palco de performances memor\u00e1veis, conquistas hist\u00f3ricas e momentos controversos que marcaram o cinema mundial.<\/p>\n<p>Neste artigo, vamos explorar a trajet\u00f3ria dessa premia\u00e7\u00e3o ic\u00f4nica, destacando recordistas como Daniel Day-Lewis, \u00fanico ator a vencer tr\u00eas vezes, e Adrien Brody, o mais jovem a conquistar a estatueta.<\/p>\n<p>Al\u00e9m disso, abordaremos as vit\u00f3rias que geraram pol\u00eamica e as tend\u00eancias atuais que influenciam a escolha dos vencedores, oferecendo um panorama completo para os apaixonados pela s\u00e9tima arte.<\/p>\n<p><iframe title=\"Lincoln Official Trailer #1 (2012) Steven Spielberg Movie HD\" width=\"800\" height=\"450\" src=\"https:\/\/www.youtube.com\/embed\/KJVuqYkI2jQ?feature=oembed\" frameborder=\"0\" allow=\"accelerometer; autoplay; clipboard-write; encrypted-media; gyroscope; picture-in-picture; web-share\" referrerpolicy=\"strict-origin-when-cross-origin\" allowfullscreen><\/iframe><\/p>\n<h2>A hist\u00f3ria da categoria do Oscar de Melhor Ator<\/h2>\n<p>A categoria de Oscar de Melhor Ator foi criada na primeira cerim\u00f4nia do Oscar, realizada em 1929, quando Emil Jannings foi o primeiro vencedor pelo conjunto de suas atua\u00e7\u00f5es em <i>A \u00daltima Barricada<\/i> e <i>The Way of All Flesh<\/i>.<\/p>\n<p>Nos primeiros anos, o pr\u00eamio era concedido considerando o trabalho do ator em v\u00e1rios filmes de um mesmo per\u00edodo, mas a partir da 4\u00aa cerim\u00f4nia, em 1931, passou-se a premiar uma atua\u00e7\u00e3o espec\u00edfica em um \u00fanico filme, sistema que permanece at\u00e9 hoje.<\/p>\n<p>A partir da 9\u00aa cerim\u00f4nia, em 1937, o n\u00famero de indicados foi oficialmente limitado a cinco, consolidando o formato atual da premia\u00e7\u00e3o. Desde ent\u00e3o, a categoria se tornou um dos momentos mais aguardados da cerim\u00f4nia, celebrando performances que marcaram a hist\u00f3ria do cinema.<\/p>\n<ul>\n<li><strong>Veja tamb\u00e9m: <a href=\"https:\/\/www.filmelier.com\/br\/list\/oscar-2025-filmes-vencedores-onde-assistir-online\">Oscar 2025: onde assistir aos filmes vencedores?<\/a><\/strong><\/li>\n<\/ul>\n<h2>Evolu\u00e7\u00e3o do Oscar de Melhor Ator desde sua cria\u00e7\u00e3o<\/h2>\n<p>Como citamos, nos primeiros anos, o pr\u00eamio considerava o conjunto das performances do ator em v\u00e1rios filmes do per\u00edodo, o que gerava certa confus\u00e3o no processo de indica\u00e7\u00e3o.<\/p>\n<p>Em 1931, a Academia adotou o sistema atual, premiando uma atua\u00e7\u00e3o espec\u00edfica em um \u00fanico filme, o que tornou a avalia\u00e7\u00e3o mais clara e objetiva.\u00a0A categoria de Melhor Ator Coadjuvante foi introduzida na 9\u00aa cerim\u00f4nia do Oscar, realizada em 1937. A introdu\u00e7\u00e3o de Melhor Ator Coadjuvante foi uma adi\u00e7\u00e3o para reconhecer desempenhos de apoio, sem alterar a categoria principal de Melhor Ator.<\/p>\n<p>Ao longo das d\u00e9cadas, o pr\u00eamio acompanhou as transforma\u00e7\u00f5es da ind\u00fastria cinematogr\u00e1fica e as mudan\u00e7as culturais, reconhecendo performances que marcaram \u00e9pocas e estilos diferentes.<\/p>\n<p>Al\u00e9m dos crit\u00e9rios t\u00e9cnicos e art\u00edsticos, o Oscar de Melhor Ator passou a refletir debates sociais e tend\u00eancias culturais, como a inclus\u00e3o de atores de diferentes etnias e a valoriza\u00e7\u00e3o de pap\u00e9is desafiadores e inovadores.<\/p>\n<ul>\n<li><strong>Veja tamb\u00e9m: <a href=\"https:\/\/www.filmelier.com\/br\/list\/oscar-2025-onde-assistir-aos-filmes-indicados\">Oscar 2025: onde assistir aos filmes indicados?<\/a><\/strong><\/li>\n<\/ul>\n<h2>Atores que ganharam o Oscar de Melhor Ator<\/h2>\n<p>Desde a cria\u00e7\u00e3o da categoria, 88 atores j\u00e1 foram laureados com o Oscar de Melhor Ator, consolidando-se como uma das premia\u00e7\u00f5es mais prestigiadas do cinema mundial.<\/p>\n<p>O maior vencedor \u00e9 Daniel Day-Lewis, que conquistou tr\u00eas estatuetas por suas performances em <a href=\"https:\/\/www.filmelier.com\/br\/filmes\/31243\/meu-pe-esquerdo\"><i>Meu P\u00e9 Esquerdo<\/i><\/a> (1989), <i>Sangue Negro<\/i> (2007) e <i>Lincoln<\/i> (2012), um feito \u00fanico na hist\u00f3ria da categoria.<\/p>\n<figure id=\"attachment_45213\" aria-describedby=\"caption-attachment-45213\" style=\"width: 2048px\" class=\"wp-caption alignnone\"><img fetchpriority=\"high\" decoding=\"async\" class=\"size-full wp-image-45213\" src=\"https:\/\/news.filmelier.com\/wp-content\/uploads\/2025\/05\/cropped-image-96.webp\" alt=\" Daniel Day-Lewis no filme Sangue Negro do diretor Paul Thomas Anderson. (cr\u00e9dito: IMDB)\" width=\"2048\" height=\"1280\" srcset=\"https:\/\/news.filmelier.com\/wp-content\/uploads\/2025\/05\/cropped-image-96.webp 2048w, https:\/\/news.filmelier.com\/wp-content\/uploads\/2025\/05\/cropped-image-96-300x188.webp 300w, https:\/\/news.filmelier.com\/wp-content\/uploads\/2025\/05\/cropped-image-96-1024x640.webp 1024w, https:\/\/news.filmelier.com\/wp-content\/uploads\/2025\/05\/cropped-image-96-768x480.webp 768w, https:\/\/news.filmelier.com\/wp-content\/uploads\/2025\/05\/cropped-image-96-1536x960.webp 1536w, https:\/\/news.filmelier.com\/wp-content\/uploads\/2025\/05\/cropped-image-96-150x94.webp 150w\" sizes=\"(max-width: 2048px) 100vw, 2048px\" \/><figcaption id=\"caption-attachment-45213\" class=\"wp-caption-text\"><em>Daniel Day-Lewis no filme Sangue Negro do diretor Paul Thomas Anderson. (cr\u00e9dito: IMDB)<\/em><\/figcaption><\/figure>\n<p>Diversos atores ganharam o pr\u00eamio mais de uma vez, entre eles Fredric March, Spencer Tracy, Gary Cooper, Marlon Brando, Jack Nicholson, Dustin Hoffman, Anthony Hopkins, Tom Hanks e Sean Penn, todos com duas vit\u00f3rias cada.<\/p>\n<p>Anthony Hopkins, por exemplo, recebeu o Oscar por <a href=\"https:\/\/www.filmelier.com\/br\/filmes\/11036\/o-silencio-dos-inocentes\"><i>O Sil\u00eancio dos Inocentes<\/i><\/a> (1991) e, d\u00e9cadas depois, por <a href=\"https:\/\/www.filmelier.com\/br\/filmes\/13768\/meu-pai\"><i>Meu Pai<\/i><\/a> (2021), tornando-se o ator mais velho a conquistar o pr\u00eamio, aos 83 anos, ultrapassando Henry Fonda, que ocupava o posto por vencer, aos 76 anos, o Oscar de Melhor Ator pelo filme <i>Num Lago Dourado<\/i> (1982). Por outro lado, Adrien Brody \u00e9 o ator mais jovem a ganhar o pr\u00eamio, aos 29 anos, por sua atua\u00e7\u00e3o em <a href=\"https:\/\/www.filmelier.com\/br\/filmes\/7561\/o-pianista\"><i>O Pianista<\/i><\/a> (2003).<\/p>\n<p>Al\u00e9m dos recordistas, a categoria j\u00e1 foi palco de momentos hist\u00f3ricos, como a vit\u00f3ria p\u00f3stuma de Peter Finch por <i>Rede de Intrigas<\/i> e a conquista de Sidney Poitier, o primeiro ator afro-americano a vencer na categoria pelo filme <i>Uma Voz nas Sombras<\/i>.<\/p>\n<p>A lista de vencedores inclui ainda atores que, ao ganhar o Oscar, viram suas carreiras decolarem, como Eddie Redmayne e Joaquin Phoenix.<\/p>\n<ul>\n<li><strong>Veja tamb\u00e9m: <a href=\"https:\/\/www.filmelier.com\/br\/noticias\/processo-qualificacao-filme-oscar\">Qual \u00e9 o processo de qualifica\u00e7\u00e3o de um filme para o Oscar?<\/a><\/strong><\/li>\n<\/ul>\n<h2>Vit\u00f3rias do Oscar de Melhor Ator mais pol\u00eamicas<\/h2>\n<p>A categoria de Melhor Ator no Oscar j\u00e1 foi palco de diversas vit\u00f3rias que geraram controv\u00e9rsia e debates acalorados, marcando a hist\u00f3ria da premia\u00e7\u00e3o.<\/p>\n<p>Um dos momentos mais emblem\u00e1ticos ocorreu em 1973, quando Marlon Brando venceu pelo papel ic\u00f4nico de Vito Corleone em <a href=\"https:\/\/www.filmelier.com\/br\/filmes\/1249\/o-poderoso-chefao\"><i>O Poderoso Chef\u00e3o<\/i><\/a>. Embora fosse o grande favorito, Brando recusou o pr\u00eamio em protesto contra o tratamento dos povos ind\u00edgenas na ind\u00fastria do entretenimento, enviando a ativista Sacheen Littlefeather para discursar em seu lugar, um gesto que provocou vaias e um intenso debate p\u00fablico.<\/p>\n<p>Outra vit\u00f3ria pol\u00eamica foi a de Rami Malek em 2019 por <i>Bohemian Rhapsody<\/i>. Apesar de ter dominado a temporada de premia\u00e7\u00f5es, sua performance dividiu a cr\u00edtica, com muitos questionando se ele realmente merecia o pr\u00eamio, evidenciando como o Oscar pode ser influenciado por fatores al\u00e9m da atua\u00e7\u00e3o em si, como lobby e prefer\u00eancias pessoais dos votantes.<\/p>\n<p>Al\u00e9m disso, a Academia j\u00e1 enfrentou acusa\u00e7\u00f5es de preconceito e resist\u00eancia a temas considerados controversos. Um exemplo not\u00f3rio foi a derrota de <a href=\"https:\/\/www.filmelier.com\/br\/filmes\/14950\/o-segredo-de-brokeback-mountain\"><i>O Segredo de Brokeback Mountain<\/i><\/a> para <i>Crash<\/i> em 2006, em meio a den\u00fancias de homofobia entre membros mais conservadores da Academia, o que levantou d\u00favidas sobre a imparcialidade da escolha.<\/p>\n<p>Casos de den\u00fancias e esc\u00e2ndalos pessoais tamb\u00e9m influenciaram resultados. Em 1994, G\u00e9rard Depardieu, indicado por <i>Cyrano de Bergerac<\/i>, perdeu o pr\u00eamio ap\u00f3s surgirem acusa\u00e7\u00f5es de abuso sexual, que mesmo desmentidas, afetaram sua imagem e podem ter afetado tamb\u00e9m a vota\u00e7\u00e3o.<\/p>\n<p>Esses epis\u00f3dios mostram que, apesar de ser a maior celebra\u00e7\u00e3o do cinema, o Oscar de Melhor Ator nem sempre premiou de forma un\u00e2nime, refletindo tens\u00f5es sociais, pol\u00edticas internas da Academia e controv\u00e9rsias que ultrapassam o m\u00e9rito art\u00edstico.<\/p>\n<h2>Quem \u00e9 o ator que tem mais Oscars?<\/h2>\n<p>Como j\u00e1 citamos, o ator que det\u00e9m o recorde de maior n\u00famero de Oscars na categoria de Melhor Ator \u00e9 Daniel Day-Lewis, sendo o \u00fanico artista a conquistar tr\u00eas estatuetas nessa categoria.<\/p>\n<p>Al\u00e9m de Daniel Day-Lewis, outros atores tamb\u00e9m se destacam por m\u00faltiplas vit\u00f3rias, como Jack Nicholson, que possui tr\u00eas Oscars &#8211; dois como Melhor Ator e um como Melhor Ator Coadjuvante &#8211; e Walter Brennan, que ganhou tr\u00eas vezes como Melhor Ator Coadjuvante. No entanto, nenhum deles ultrapassou as tr\u00eas conquistas de Day-Lewis na categoria principal.<\/p>\n<p>Essa trajet\u00f3ria de Daniel Day-Lewis \u00e9 marcada por um compromisso extremo com a prepara\u00e7\u00e3o para seus pap\u00e9is, o que lhe rendeu performances intensas e memor\u00e1veis, consolidando-o como uma lenda viva do cinema e refer\u00eancia m\u00e1xima na arte da interpreta\u00e7\u00e3o premiada pela Academia.<\/p>\n<ul>\n<li><strong>Veja tamb\u00e9m: <a href=\"https:\/\/www.filmelier.com\/br\/noticias\/as-verdades-nada-secretas-do-oscar\">As verdades (nada) secretas do Oscar<\/a><\/strong><\/li>\n<\/ul>\n<h2>Quem ganhou o Oscar de Melhor Ator em 2025?<\/h2>\n<p>O vencedor do Oscar de Melhor Ator em 2025 foi Adrien Brody, que conquistou a estatueta por sua interpreta\u00e7\u00e3o de L\u00e1szl\u00f3 T\u00f3th no filme <a href=\"https:\/\/www.filmelier.com\/br\/filmes\/28574\/o-brutalista\"><i>O Brutalista<\/i><\/a>, conquistando o seu segundo Oscar na categoria.<\/p>\n<p><iframe title=\"O Brutalista | Trailer Oficial HD | A24\" width=\"800\" height=\"450\" src=\"https:\/\/www.youtube.com\/embed\/TfoYKoHB5_A?feature=oembed\" frameborder=\"0\" allow=\"accelerometer; autoplay; clipboard-write; encrypted-media; gyroscope; picture-in-picture; web-share\" referrerpolicy=\"strict-origin-when-cross-origin\" allowfullscreen><\/iframe><\/p>\n<p>No discurso de aceita\u00e7\u00e3o, Brody destacou a fragilidade da profiss\u00e3o de ator e expressou gratid\u00e3o pela oportunidade de continuar fazendo o trabalho que ama, ressaltando que a vit\u00f3ria representa uma chance de recome\u00e7ar e provar seu valor em pap\u00e9is significativos no futuro.<\/p>\n<p>Assim, Adrien Brody reafirmou seu lugar entre os grandes atores premiados pela Academia, consolidando uma carreira marcada por performances intensas e premiadas.<\/p>\n<ul>\n<li><strong>Veja tamb\u00e9m: <a href=\"https:\/\/www.filmelier.com\/br\/noticias\/como-indicados-e-vencedores-oscar\">Como s\u00e3o escolhidos os indicados e vencedores do Oscar?<\/a><\/strong><\/li>\n<\/ul>\n<h2>Tend\u00eancias atuais na escolha dos vencedores do Oscar de Melhor Ator<\/h2>\n<p>Nas \u00faltimas edi\u00e7\u00f5es do Oscar, a escolha do vencedor da categoria de Melhor Ator tem refletido uma combina\u00e7\u00e3o de fatores que v\u00e3o al\u00e9m da qualidade t\u00e9cnica da atua\u00e7\u00e3o, incorporando tend\u00eancias culturais, sociais e at\u00e9 tecnol\u00f3gicas.<\/p>\n<p>A vit\u00f3ria de Adrien Brody em 2025 exemplifica essa evolu\u00e7\u00e3o, j\u00e1 que seu desempenho foi reconhecido n\u00e3o apenas pela intensidade dram\u00e1tica, mas tamb\u00e9m pelo contexto do personagem e pela relev\u00e2ncia do filme na temporada.<\/p>\n<p>Uma tend\u00eancia crescente \u00e9 a valoriza\u00e7\u00e3o de performances que abordam temas complexos e atuais, muitas vezes ligados a quest\u00f5es hist\u00f3ricas, sociais ou psicol\u00f3gicas profundas. A Academia tem premiado atores que interpretam personagens multifacetados, que desafiam estere\u00f3tipos e trazem \u00e0 tona debates contempor\u00e2neos, como foi o caso recente de Brody e tamb\u00e9m de concorrentes como Timoth\u00e9e Chalamet em <a href=\"https:\/\/www.filmelier.com\/br\/filmes\/28809\/um-completo-desconhecido\"><i>Um Completo Desconhecido<\/i><\/a>, que representa a nova gera\u00e7\u00e3o de atores com pap\u00e9is que exploram identidades e conflitos modernos.<\/p>\n<p>Al\u00e9m disso, a temporada de premia\u00e7\u00f5es tem mostrado que os votos s\u00e3o influenciados por campanhas estrat\u00e9gicas e pela recep\u00e7\u00e3o em outros pr\u00eamios importantes, como o SAG Awards, Critics Choice e BAFTA. Embora o vencedor do SAG nem sempre garanta o Oscar, essas premia\u00e7\u00f5es podem funcionar como term\u00f4metros que indicam tend\u00eancias e movimentam a disputa.<\/p>\n<p>Assim, a escolha dos vencedores do Oscar de Melhor Ator atualmente \u00e9 resultado de uma conflu\u00eancia entre talento, relev\u00e2ncia cultural, estrat\u00e9gias de campanha, tend\u00eancias sociais e avan\u00e7os tecnol\u00f3gicos, tornando a categoria cada vez mais din\u00e2mica e representativa dos tempos atuais.<\/p>\n<ul>\n<li><strong>Veja tamb\u00e9m: <a href=\"https:\/\/www.filmelier.com\/br\/noticias\/o-que-academia-e-quem-vota-no-oscar\">O que \u00e9 a Academia e quem vota no Oscar?<\/a><\/strong><\/li>\n<\/ul>\n<p>A categoria de Oscar de Melhor Ator \u00e9 uma das mais emblem\u00e1ticas e tradicionais da hist\u00f3ria do cinema, refletindo a excel\u00eancia art\u00edstica, as transforma\u00e7\u00f5es culturais e sociais ao longo de quase um s\u00e9culo.<\/p>\n<p>Desde os primeiros vencedores at\u00e9 os recordistas como Daniel Day-Lewis e os momentos pol\u00eamicos que marcaram a premia\u00e7\u00e3o, essa categoria revela um panorama rico e diversificado das grandes interpreta\u00e7\u00f5es que definiram gera\u00e7\u00f5es.<\/p>\n<p>Al\u00e9m de celebrar performances memor\u00e1veis, o Oscar de Melhor Ator tamb\u00e9m acompanha as tend\u00eancias e debates atuais, mostrando como a escolha dos vencedores evolui conforme o contexto da ind\u00fastria e da sociedade. Para os amantes do cinema, entender essa trajet\u00f3ria \u00e9 fundamental para apreciar a import\u00e2ncia e o impacto desse pr\u00eamio.<\/p>\n<p>Quer continuar explorando o universo do cinema, suas curiosidades, hist\u00f3rias e novidades? Acesse o <a href=\"https:\/\/www.filmelier.com\/br\">Filmelier<\/a> e mergulhe em conte\u00fados exclusivos que v\u00e3o aprofundar seu conhecimento e paix\u00e3o pela s\u00e9tima arte!<\/p>\n<p>&nbsp;<\/p>\n","protected":false},"excerpt":{"rendered":"<p>Descubra a evolu\u00e7\u00e3o do Oscar de Melhor Ator, conhe\u00e7a os maiores vencedores e explore as vit\u00f3rias mais pol\u00eamicas e as tend\u00eancias atuais do pr\u00eamio.<\/p>\n","protected":false},"author":14,"featured_media":49315,"comment_status":"open","ping_status":"open","sticky":false,"template":"","format":"standard","meta":{"_acf_changed":false,"footnotes":""},"categories":[3528,3482],"tags":[3530,3531,3532,3533,3534,3535],"class_list":["post-49313","post","type-post","status-publish","format-standard","has-post-thumbnail","hentry","category-festivais-eventos-premiacoes-br","category-filmes-br","tag-academy-awards-br","tag-adrien-brody-br","tag-ator-br","tag-daniel-day-lewis-br","tag-melhor-ator-br","tag-oscar-br"],"acf":{"subtitulo":"Descubra a evolu\u00e7\u00e3o do Oscar de Melhor Ator, conhe\u00e7a os maiores vencedores e explore as vit\u00f3rias mais pol\u00eamicas e as tend\u00eancias atuais do pr\u00eamio.","id_ator":"nm0000358, nm0004778, nm0000164"},"yoast_head":"<!-- This site is optimized with the Yoast SEO plugin v26.1.1 - https:\/\/yoast.com\/wordpress\/plugins\/seo\/ -->\n<title>Oscar de Melhor Ator: hist\u00f3ria, recordes e pol\u00eamicas | Filmelier<\/title>\n<meta name=\"description\" content=\"Descubra a evolu\u00e7\u00e3o do Oscar de Melhor Ator, conhe\u00e7a os maiores vencedores e explore as vit\u00f3rias mais pol\u00eamicas e as tend\u00eancias atuais do pr\u00eamio.\" \/>\n<meta name=\"robots\" content=\"index, follow, max-snippet:-1, max-image-preview:large, max-video-preview:-1\" \/>\n<link rel=\"canonical\" href=\"https:\/\/news.filmelier.com\/br\/oscar-melhor-ator\/\" \/>\n<meta property=\"og:locale\" content=\"pt_BR\" \/>\n<meta property=\"og:type\" content=\"article\" \/>\n<meta property=\"og:title\" content=\"Oscar de Melhor Ator: hist\u00f3ria, recordes e pol\u00eamicas | Filmelier\" \/>\n<meta property=\"og:description\" content=\"Descubra a evolu\u00e7\u00e3o do Oscar de Melhor Ator, conhe\u00e7a os maiores vencedores e explore as vit\u00f3rias mais pol\u00eamicas e as tend\u00eancias atuais do pr\u00eamio.\" \/>\n<meta property=\"og:url\" content=\"https:\/\/news.filmelier.com\/br\/oscar-melhor-ator\/\" \/>\n<meta property=\"og:site_name\" content=\"News Filmelier\" \/>\n<meta property=\"article:published_time\" content=\"2025-05-27T19:45:27+00:00\" \/>\n<meta property=\"article:modified_time\" content=\"2025-08-22T17:02:33+00:00\" \/>\n<meta property=\"og:image\" content=\"https:\/\/homolog.news.filmelier.com\/wp-content\/uploads\/2025\/05\/header-filmelier-1440x900-2-1.webp\" \/>\n\t<meta property=\"og:image:width\" content=\"1440\" \/>\n\t<meta property=\"og:image:height\" content=\"900\" \/>\n\t<meta property=\"og:image:type\" content=\"image\/webp\" \/>\n<meta name=\"author\" content=\"Reda\u00e7\u00e3o Filmelier\" \/>\n<meta name=\"twitter:card\" content=\"summary_large_image\" \/>\n<meta name=\"twitter:label1\" content=\"Escrito por\" \/>\n\t<meta name=\"twitter:data1\" content=\"Reda\u00e7\u00e3o Filmelier\" \/>\n\t<meta name=\"twitter:label2\" content=\"Est. tempo de leitura\" \/>\n\t<meta name=\"twitter:data2\" content=\"8 minutos\" \/>\n<script type=\"application\/ld+json\" class=\"yoast-schema-graph\">{\"@context\":\"https:\/\/schema.org\",\"@graph\":[{\"@type\":\"Article\",\"@id\":\"https:\/\/news.filmelier.com\/br\/oscar-melhor-ator\/#article\",\"isPartOf\":{\"@id\":\"https:\/\/news.filmelier.com\/br\/oscar-melhor-ator\/\"},\"author\":{\"name\":\"Reda\u00e7\u00e3o Filmelier\",\"@id\":\"https:\/\/homolog.news.filmelier.com\/br\/#\/schema\/person\/a6491aa555ce96d9d1cc15f1742dbd7b\"},\"headline\":\"Oscar de Melhor Ator: hist\u00f3ria, recordistas e controv\u00e9rsias da categoria\",\"datePublished\":\"2025-05-27T19:45:27+00:00\",\"dateModified\":\"2025-08-22T17:02:33+00:00\",\"mainEntityOfPage\":{\"@id\":\"https:\/\/news.filmelier.com\/br\/oscar-melhor-ator\/\"},\"wordCount\":1828,\"commentCount\":0,\"publisher\":{\"@id\":\"https:\/\/homolog.news.filmelier.com\/br\/#organization\"},\"image\":{\"@id\":\"https:\/\/news.filmelier.com\/br\/oscar-melhor-ator\/#primaryimage\"},\"thumbnailUrl\":\"https:\/\/news.filmelier.com\/wp-content\/uploads\/2025\/05\/header-filmelier-1440x900-2-1.webp\",\"keywords\":[\"Academy Awards\",\"Adrien Brody\",\"ator\",\"Daniel Day-Lewis\",\"Melhor ator\",\"Oscar\"],\"articleSection\":[\"Eventos &amp; premia\u00e7\u00f5es\",\"Filmes\"],\"inLanguage\":\"pt-BR\",\"potentialAction\":[{\"@type\":\"CommentAction\",\"name\":\"Comment\",\"target\":[\"https:\/\/news.filmelier.com\/br\/oscar-melhor-ator\/#respond\"]}]},{\"@type\":\"WebPage\",\"@id\":\"https:\/\/news.filmelier.com\/br\/oscar-melhor-ator\/\",\"url\":\"https:\/\/news.filmelier.com\/br\/oscar-melhor-ator\/\",\"name\":\"Oscar de Melhor Ator: hist\u00f3ria, recordes e pol\u00eamicas | Filmelier\",\"isPartOf\":{\"@id\":\"https:\/\/homolog.news.filmelier.com\/br\/#website\"},\"primaryImageOfPage\":{\"@id\":\"https:\/\/news.filmelier.com\/br\/oscar-melhor-ator\/#primaryimage\"},\"image\":{\"@id\":\"https:\/\/news.filmelier.com\/br\/oscar-melhor-ator\/#primaryimage\"},\"thumbnailUrl\":\"https:\/\/news.filmelier.com\/wp-content\/uploads\/2025\/05\/header-filmelier-1440x900-2-1.webp\",\"datePublished\":\"2025-05-27T19:45:27+00:00\",\"dateModified\":\"2025-08-22T17:02:33+00:00\",\"description\":\"Descubra a evolu\u00e7\u00e3o do Oscar de Melhor Ator, conhe\u00e7a os maiores vencedores e explore as vit\u00f3rias mais pol\u00eamicas e as tend\u00eancias atuais do pr\u00eamio.\",\"breadcrumb\":{\"@id\":\"https:\/\/news.filmelier.com\/br\/oscar-melhor-ator\/#breadcrumb\"},\"inLanguage\":\"pt-BR\",\"potentialAction\":[{\"@type\":\"ReadAction\",\"target\":[\"https:\/\/news.filmelier.com\/br\/oscar-melhor-ator\/\"]}]},{\"@type\":\"ImageObject\",\"inLanguage\":\"pt-BR\",\"@id\":\"https:\/\/news.filmelier.com\/br\/oscar-melhor-ator\/#primaryimage\",\"url\":\"https:\/\/news.filmelier.com\/wp-content\/uploads\/2025\/05\/header-filmelier-1440x900-2-1.webp\",\"contentUrl\":\"https:\/\/news.filmelier.com\/wp-content\/uploads\/2025\/05\/header-filmelier-1440x900-2-1.webp\",\"width\":1440,\"height\":900,\"caption\":\"Ganhador do Oscar de melhor ator, Adrien Brody no filme O Brutalista (Cr\u00e9dito: TMDB)\"},{\"@type\":\"BreadcrumbList\",\"@id\":\"https:\/\/news.filmelier.com\/br\/oscar-melhor-ator\/#breadcrumb\",\"itemListElement\":[{\"@type\":\"ListItem\",\"position\":1,\"name\":\"In\u00edcio\",\"item\":\"https:\/\/homolog.news.filmelier.com\/br\/\"},{\"@type\":\"ListItem\",\"position\":2,\"name\":\"Oscar de Melhor Ator: hist\u00f3ria, recordistas e controv\u00e9rsias da categoria\"}]},{\"@type\":\"WebSite\",\"@id\":\"https:\/\/homolog.news.filmelier.com\/br\/#website\",\"url\":\"https:\/\/homolog.news.filmelier.com\/br\/\",\"name\":\"Homolog Filmelier News Rankrup\",\"description\":\"\",\"publisher\":{\"@id\":\"https:\/\/homolog.news.filmelier.com\/br\/#organization\"},\"potentialAction\":[{\"@type\":\"SearchAction\",\"target\":{\"@type\":\"EntryPoint\",\"urlTemplate\":\"https:\/\/homolog.news.filmelier.com\/br\/?s={search_term_string}\"},\"query-input\":{\"@type\":\"PropertyValueSpecification\",\"valueRequired\":true,\"valueName\":\"search_term_string\"}}],\"inLanguage\":\"pt-BR\"},{\"@type\":\"Organization\",\"@id\":\"https:\/\/homolog.news.filmelier.com\/br\/#organization\",\"name\":\"Homolog Filmelier News Rankrup\",\"url\":\"https:\/\/homolog.news.filmelier.com\/br\/\",\"logo\":{\"@type\":\"ImageObject\",\"inLanguage\":\"pt-BR\",\"@id\":\"https:\/\/homolog.news.filmelier.com\/br\/#\/schema\/logo\/image\/\",\"url\":\"https:\/\/news.filmelier.com\/wp-content\/uploads\/2024\/11\/Logo-News.png\",\"contentUrl\":\"https:\/\/news.filmelier.com\/wp-content\/uploads\/2024\/11\/Logo-News.png\",\"width\":460,\"height\":108,\"caption\":\"Homolog Filmelier News Rankrup\"},\"image\":{\"@id\":\"https:\/\/homolog.news.filmelier.com\/br\/#\/schema\/logo\/image\/\"}},{\"@type\":\"Person\",\"@id\":\"https:\/\/homolog.news.filmelier.com\/br\/#\/schema\/person\/a6491aa555ce96d9d1cc15f1742dbd7b\",\"name\":\"Reda\u00e7\u00e3o Filmelier\",\"image\":{\"@type\":\"ImageObject\",\"inLanguage\":\"pt-BR\",\"@id\":\"https:\/\/homolog.news.filmelier.com\/br\/#\/schema\/person\/image\/\",\"url\":\"https:\/\/secure.gravatar.com\/avatar\/8bf80419447553f32d821a953683c4666faca8d781f143825a02644ae3f7e2d0?s=96&d=mm&r=g\",\"contentUrl\":\"https:\/\/secure.gravatar.com\/avatar\/8bf80419447553f32d821a953683c4666faca8d781f143825a02644ae3f7e2d0?s=96&d=mm&r=g\",\"caption\":\"Reda\u00e7\u00e3o Filmelier\"},\"description\":\"Somos um time de jornalistas e cr\u00edticos que respira cinema a 24 quadros por segundo. Das estreias do circuito aos cl\u00e1ssicos restaurados, da curadoria em streamings \u00e0s entrevistas nos bastidores, nossa reda\u00e7\u00e3o transforma filmes em conte\u00fado inteligente \u2014 com an\u00e1lises afiadas, guias pr\u00e1ticos e hist\u00f3rias que fazem voc\u00ea ver a s\u00e9tima arte com outros olhos. Aqui no Filmelier, cinema n\u00e3o \u00e9 s\u00f3 lazer: \u00e9 of\u00edcio, \u00e9 expertise, \u00e9 paix\u00e3o em forma de texto.\",\"url\":\"https:\/\/news.filmelier.com\/br\/author\/contato-filmelier\/\"}]}<\/script>\n<!-- \/ Yoast SEO plugin. -->","yoast_head_json":{"title":"Oscar de Melhor Ator: hist\u00f3ria, recordes e pol\u00eamicas | Filmelier","description":"Descubra a evolu\u00e7\u00e3o do Oscar de Melhor Ator, conhe\u00e7a os maiores vencedores e explore as vit\u00f3rias mais pol\u00eamicas e as tend\u00eancias atuais do pr\u00eamio.","robots":{"index":"index","follow":"follow","max-snippet":"max-snippet:-1","max-image-preview":"max-image-preview:large","max-video-preview":"max-video-preview:-1"},"canonical":"https:\/\/news.filmelier.com\/br\/oscar-melhor-ator\/","og_locale":"pt_BR","og_type":"article","og_title":"Oscar de Melhor Ator: hist\u00f3ria, recordes e pol\u00eamicas | Filmelier","og_description":"Descubra a evolu\u00e7\u00e3o do Oscar de Melhor Ator, conhe\u00e7a os maiores vencedores e explore as vit\u00f3rias mais pol\u00eamicas e as tend\u00eancias atuais do pr\u00eamio.","og_url":"https:\/\/news.filmelier.com\/br\/oscar-melhor-ator\/","og_site_name":"News Filmelier","article_published_time":"2025-05-27T19:45:27+00:00","article_modified_time":"2025-08-22T17:02:33+00:00","og_image":[{"width":1440,"height":900,"url":"https:\/\/homolog.news.filmelier.com\/wp-content\/uploads\/2025\/05\/header-filmelier-1440x900-2-1.webp","type":"image\/webp"}],"author":"Reda\u00e7\u00e3o Filmelier","twitter_card":"summary_large_image","twitter_misc":{"Escrito por":"Reda\u00e7\u00e3o Filmelier","Est. tempo de leitura":"8 minutos"},"schema":{"@context":"https:\/\/schema.org","@graph":[{"@type":"Article","@id":"https:\/\/news.filmelier.com\/br\/oscar-melhor-ator\/#article","isPartOf":{"@id":"https:\/\/news.filmelier.com\/br\/oscar-melhor-ator\/"},"author":{"name":"Reda\u00e7\u00e3o Filmelier","@id":"https:\/\/homolog.news.filmelier.com\/br\/#\/schema\/person\/a6491aa555ce96d9d1cc15f1742dbd7b"},"headline":"Oscar de Melhor Ator: hist\u00f3ria, recordistas e controv\u00e9rsias da categoria","datePublished":"2025-05-27T19:45:27+00:00","dateModified":"2025-08-22T17:02:33+00:00","mainEntityOfPage":{"@id":"https:\/\/news.filmelier.com\/br\/oscar-melhor-ator\/"},"wordCount":1828,"commentCount":0,"publisher":{"@id":"https:\/\/homolog.news.filmelier.com\/br\/#organization"},"image":{"@id":"https:\/\/news.filmelier.com\/br\/oscar-melhor-ator\/#primaryimage"},"thumbnailUrl":"https:\/\/news.filmelier.com\/wp-content\/uploads\/2025\/05\/header-filmelier-1440x900-2-1.webp","keywords":["Academy Awards","Adrien Brody","ator","Daniel Day-Lewis","Melhor ator","Oscar"],"articleSection":["Eventos &amp; premia\u00e7\u00f5es","Filmes"],"inLanguage":"pt-BR","potentialAction":[{"@type":"CommentAction","name":"Comment","target":["https:\/\/news.filmelier.com\/br\/oscar-melhor-ator\/#respond"]}]},{"@type":"WebPage","@id":"https:\/\/news.filmelier.com\/br\/oscar-melhor-ator\/","url":"https:\/\/news.filmelier.com\/br\/oscar-melhor-ator\/","name":"Oscar de Melhor Ator: hist\u00f3ria, recordes e pol\u00eamicas | Filmelier","isPartOf":{"@id":"https:\/\/homolog.news.filmelier.com\/br\/#website"},"primaryImageOfPage":{"@id":"https:\/\/news.filmelier.com\/br\/oscar-melhor-ator\/#primaryimage"},"image":{"@id":"https:\/\/news.filmelier.com\/br\/oscar-melhor-ator\/#primaryimage"},"thumbnailUrl":"https:\/\/news.filmelier.com\/wp-content\/uploads\/2025\/05\/header-filmelier-1440x900-2-1.webp","datePublished":"2025-05-27T19:45:27+00:00","dateModified":"2025-08-22T17:02:33+00:00","description":"Descubra a evolu\u00e7\u00e3o do Oscar de Melhor Ator, conhe\u00e7a os maiores vencedores e explore as vit\u00f3rias mais pol\u00eamicas e as tend\u00eancias atuais do pr\u00eamio.","breadcrumb":{"@id":"https:\/\/news.filmelier.com\/br\/oscar-melhor-ator\/#breadcrumb"},"inLanguage":"pt-BR","potentialAction":[{"@type":"ReadAction","target":["https:\/\/news.filmelier.com\/br\/oscar-melhor-ator\/"]}]},{"@type":"ImageObject","inLanguage":"pt-BR","@id":"https:\/\/news.filmelier.com\/br\/oscar-melhor-ator\/#primaryimage","url":"https:\/\/news.filmelier.com\/wp-content\/uploads\/2025\/05\/header-filmelier-1440x900-2-1.webp","contentUrl":"https:\/\/news.filmelier.com\/wp-content\/uploads\/2025\/05\/header-filmelier-1440x900-2-1.webp","width":1440,"height":900,"caption":"Ganhador do Oscar de melhor ator, Adrien Brody no filme O Brutalista (Cr\u00e9dito: TMDB)"},{"@type":"BreadcrumbList","@id":"https:\/\/news.filmelier.com\/br\/oscar-melhor-ator\/#breadcrumb","itemListElement":[{"@type":"ListItem","position":1,"name":"In\u00edcio","item":"https:\/\/homolog.news.filmelier.com\/br\/"},{"@type":"ListItem","position":2,"name":"Oscar de Melhor Ator: hist\u00f3ria, recordistas e controv\u00e9rsias da categoria"}]},{"@type":"WebSite","@id":"https:\/\/homolog.news.filmelier.com\/br\/#website","url":"https:\/\/homolog.news.filmelier.com\/br\/","name":"Homolog Filmelier News Rankrup","description":"","publisher":{"@id":"https:\/\/homolog.news.filmelier.com\/br\/#organization"},"potentialAction":[{"@type":"SearchAction","target":{"@type":"EntryPoint","urlTemplate":"https:\/\/homolog.news.filmelier.com\/br\/?s={search_term_string}"},"query-input":{"@type":"PropertyValueSpecification","valueRequired":true,"valueName":"search_term_string"}}],"inLanguage":"pt-BR"},{"@type":"Organization","@id":"https:\/\/homolog.news.filmelier.com\/br\/#organization","name":"Homolog Filmelier News Rankrup","url":"https:\/\/homolog.news.filmelier.com\/br\/","logo":{"@type":"ImageObject","inLanguage":"pt-BR","@id":"https:\/\/homolog.news.filmelier.com\/br\/#\/schema\/logo\/image\/","url":"https:\/\/news.filmelier.com\/wp-content\/uploads\/2024\/11\/Logo-News.png","contentUrl":"https:\/\/news.filmelier.com\/wp-content\/uploads\/2024\/11\/Logo-News.png","width":460,"height":108,"caption":"Homolog Filmelier News Rankrup"},"image":{"@id":"https:\/\/homolog.news.filmelier.com\/br\/#\/schema\/logo\/image\/"}},{"@type":"Person","@id":"https:\/\/homolog.news.filmelier.com\/br\/#\/schema\/person\/a6491aa555ce96d9d1cc15f1742dbd7b","name":"Reda\u00e7\u00e3o Filmelier","image":{"@type":"ImageObject","inLanguage":"pt-BR","@id":"https:\/\/homolog.news.filmelier.com\/br\/#\/schema\/person\/image\/","url":"https:\/\/secure.gravatar.com\/avatar\/8bf80419447553f32d821a953683c4666faca8d781f143825a02644ae3f7e2d0?s=96&d=mm&r=g","contentUrl":"https:\/\/secure.gravatar.com\/avatar\/8bf80419447553f32d821a953683c4666faca8d781f143825a02644ae3f7e2d0?s=96&d=mm&r=g","caption":"Reda\u00e7\u00e3o Filmelier"},"description":"Somos um time de jornalistas e cr\u00edticos que respira cinema a 24 quadros por segundo. Das estreias do circuito aos cl\u00e1ssicos restaurados, da curadoria em streamings \u00e0s entrevistas nos bastidores, nossa reda\u00e7\u00e3o transforma filmes em conte\u00fado inteligente \u2014 com an\u00e1lises afiadas, guias pr\u00e1ticos e hist\u00f3rias que fazem voc\u00ea ver a s\u00e9tima arte com outros olhos. Aqui no Filmelier, cinema n\u00e3o \u00e9 s\u00f3 lazer: \u00e9 of\u00edcio, \u00e9 expertise, \u00e9 paix\u00e3o em forma de texto.","url":"https:\/\/news.filmelier.com\/br\/author\/contato-filmelier\/"}]}},"_links":{"self":[{"href":"https:\/\/news.filmelier.com\/br\/wp-json\/wp\/v2\/posts\/49313","targetHints":{"allow":["GET"]}}],"collection":[{"href":"https:\/\/news.filmelier.com\/br\/wp-json\/wp\/v2\/posts"}],"about":[{"href":"https:\/\/news.filmelier.com\/br\/wp-json\/wp\/v2\/types\/post"}],"author":[{"embeddable":true,"href":"https:\/\/news.filmelier.com\/br\/wp-json\/wp\/v2\/users\/14"}],"replies":[{"embeddable":true,"href":"https:\/\/news.filmelier.com\/br\/wp-json\/wp\/v2\/comments?post=49313"}],"version-history":[{"count":1,"href":"https:\/\/news.filmelier.com\/br\/wp-json\/wp\/v2\/posts\/49313\/revisions"}],"predecessor-version":[{"id":49430,"href":"https:\/\/news.filmelier.com\/br\/wp-json\/wp\/v2\/posts\/49313\/revisions\/49430"}],"wp:featuredmedia":[{"embeddable":true,"href":"https:\/\/news.filmelier.com\/br\/wp-json\/wp\/v2\/media\/49315"}],"wp:attachment":[{"href":"https:\/\/news.filmelier.com\/br\/wp-json\/wp\/v2\/media?parent=49313"}],"wp:term":[{"taxonomy":"category","embeddable":true,"href":"https:\/\/news.filmelier.com\/br\/wp-json\/wp\/v2\/categories?post=49313"},{"taxonomy":"post_tag","embeddable":true,"href":"https:\/\/news.filmelier.com\/br\/wp-json\/wp\/v2\/tags?post=49313"}],"curies":[{"name":"wp","href":"https:\/\/api.w.org\/{rel}","templated":true}]}}