{"id":49303,"date":"2025-05-29T18:25:05","date_gmt":"2025-05-29T21:25:05","guid":{"rendered":"https:\/\/news.filmelier.com\/elenco-de-the-walking-dead\/"},"modified":"2025-06-24T17:18:51","modified_gmt":"2025-06-24T20:18:51","slug":"elenco-de-the-walking-dead","status":"publish","type":"post","link":"https:\/\/news.filmelier.com\/br\/elenco-de-the-walking-dead\/","title":{"rendered":"Elenco de &#8216;The Walking Dead&#8217;: carreiras e destinos ap\u00f3s o fim da s\u00e9rie"},"content":{"rendered":"<p><i>The Walking Dead<\/i> marcou uma era no universo das s\u00e9ries de zumbis, conquistando milh\u00f5es de f\u00e3s ao redor do mundo com sua trama intensa e personagens inesquec\u00edveis. Embora a s\u00e9rie original tenha chegado ao fim, seu legado continua vivo, especialmente com os<em> spin-offs<\/em> que expandem esse universo sombrio.<\/p>\n<p>Neste artigo, vamos explorar o elenco de <i>The Walking Dead<\/i>, relembrar os principais nomes que deram vida a essa hist\u00f3ria e revelar o que os atores e a equipe t\u00e9cnica t\u00eam feito ap\u00f3s o encerramento da s\u00e9rie.<\/p>\n<p>Conhe\u00e7a as novas trajet\u00f3rias, os projetos atuais e at\u00e9 mesmo as mudan\u00e7as de carreira dos talentos que fizeram parte desse fen\u00f4meno televisivo.<\/p>\n<ul>\n<li><strong>Pode te interessar: <a href=\"https:\/\/news.filmelier.com\/harry-potter-tudo-sobre-serie-de-tv\/\">Elenco, estreia e tudo sobre a s\u00e9rie de <em>Harry Potter<\/em> na HBO<\/a><\/strong><\/li>\n<\/ul>\n<h2>A s\u00e9rie <i>The Walking Dead<\/i><\/h2>\n<p><i>The Walking Dead<\/i> \u00e9 uma s\u00e9rie de televis\u00e3o dram\u00e1tica e p\u00f3s-apocal\u00edptica que acompanha a luta pela sobreviv\u00eancia de um grupo de pessoas em um mundo devastado por um v\u00edrus que transforma os mortos em zumbis.<\/p>\n<p><iframe title=\"The Walking Dead Trailer (First Season)\" width=\"800\" height=\"450\" src=\"https:\/\/www.youtube.com\/embed\/sfAc2U20uyg?start=2&#038;feature=oembed\" frameborder=\"0\" allow=\"accelerometer; autoplay; clipboard-write; encrypted-media; gyroscope; picture-in-picture; web-share\" referrerpolicy=\"strict-origin-when-cross-origin\" allowfullscreen><\/iframe><\/p>\n<p>A trama come\u00e7a com o xerife Rick Grimes acordando de um coma para descobrir que a civiliza\u00e7\u00e3o entrou em colapso, e ele precisa reunir sobreviventes para enfrentar n\u00e3o s\u00f3 os mortos-vivos, mas tamb\u00e9m os perigos dos pr\u00f3prios humanos em meio ao caos.<\/p>\n<p>Ao longo das 11 temporadas, a s\u00e9rie explora diferentes comunidades e conflitos, como a busca por um ref\u00fagio seguro na pris\u00e3o, o confronto com o tirano Governador em Woodbury, e a guerra contra os Salvadores liderados por Negan, um dos vil\u00f5es mais marcantes da hist\u00f3ria. Al\u00e9m disso, a narrativa mostra a evolu\u00e7\u00e3o dos personagens, suas perdas, alian\u00e7as e dilemas morais em um cen\u00e1rio onde a sobreviv\u00eancia \u00e9 sempre incerta.<\/p>\n<p><i>The Walking Dead<\/i> conquistou uma legi\u00e3o de f\u00e3s ao redor do mundo, tornando-se um fen\u00f4meno cultural que gerou <em>spin-offs<\/em> e expandiu seu universo, mantendo vivo o interesse mesmo ap\u00f3s o fim da s\u00e9rie original.<\/p>\n<ul>\n<li><strong>Veja tamb\u00e9m: <a href=\"https:\/\/news.filmelier.com\/5-series-como-the-last-of-us\/\"><i>The Last of Us &#8211;<\/i>\u00a06 s\u00e9ries para quem est\u00e1 acompanhando a 2\u00aa temporada na HBO<\/a><\/strong><\/li>\n<\/ul>\n<h2>O elenco de <i>The Walking Dead<\/i><\/h2>\n<p>O elenco de <i>The Walking Dead<\/i> \u00e9 composto por um grupo diversificado de atores que deram vida a personagens marcantes ao longo das 11 temporadas da s\u00e9rie.<\/p>\n<h3>Andrew Lincoln como Rick Grimes<\/h3>\n<p>Andrew Lincoln conquistou o p\u00fablico mundial ao interpretar Rick Grimes, o protagonista de <i>The Walking Dead<\/i>, desde a estreia da s\u00e9rie em 2010. Como xerife, Rick acorda de um coma em meio ao apocalipse zumbi e rapidamente se torna o l\u00edder do grupo de sobreviventes, enfrentando desafios tanto com os mortos-vivos quanto com outros humanos.<\/p>\n<p>Sua atua\u00e7\u00e3o intensa e carism\u00e1tica fez de Rick um dos personagens mais ic\u00f4nicos da televis\u00e3o, rendendo a Lincoln pr\u00eamios como o Saturn Award de Melhor Ator em 2015 e 2017.<\/p>\n<p>Lincoln deixou a s\u00e9rie na nona temporada, em 2018, para dedicar mais tempo \u00e0 fam\u00edlia, mas retornou ao papel em 2022 no epis\u00f3dio final e no spin-off <i>The Walking Dead: The Ones Who Live<\/i>, lan\u00e7ado em 2024.<\/p>\n<p><span style=\"font-weight: 400;\">Andrew Lincoln tamb\u00e9m estrelou o filme <\/span><a href=\"https:\/\/www.filmelier.com\/br\/filmes\/11371\/um-milagre-inesperado\"><i><span style=\"font-weight: 400;\">Um Milagre Inesperado<\/span><\/i><\/a><span style=\"font-weight: 400;\"> ao lado de Naomi Watts ap\u00f3s sua sa\u00edda de <\/span><i><span style=\"font-weight: 400;\">The Walking Dead. <\/span><\/i><span style=\"font-weight: 400;\">Mesmo ap\u00f3s sua sa\u00edda, o impacto de Rick Grimes permaneceu forte entre os f\u00e3s, consolidando Andrew Lincoln como o rosto da franquia e um dos grandes nomes do universo das s\u00e9ries p\u00f3s-apocal\u00edpticas.<\/span><\/p>\n<h3>Norman Reedus como Daryl Dixon<\/h3>\n<figure id=\"attachment_49268\" aria-describedby=\"caption-attachment-49268\" style=\"width: 600px\" class=\"wp-caption alignnone\"><img fetchpriority=\"high\" decoding=\"async\" class=\"size-full wp-image-49268\" src=\"https:\/\/news.filmelier.com\/wp-content\/uploads\/2025\/05\/norman-reedus_the-walking-dead1.webp\" alt=\"Norman Reedus na s\u00e9rie The Walking Dead (Cr\u00e9dito: TMDB)\" width=\"600\" height=\"375\" srcset=\"https:\/\/news.filmelier.com\/wp-content\/uploads\/2025\/05\/norman-reedus_the-walking-dead1.webp 600w, https:\/\/news.filmelier.com\/wp-content\/uploads\/2025\/05\/norman-reedus_the-walking-dead1-300x188.webp 300w, https:\/\/news.filmelier.com\/wp-content\/uploads\/2025\/05\/norman-reedus_the-walking-dead1-150x94.webp 150w\" sizes=\"(max-width: 600px) 100vw, 600px\" \/><figcaption id=\"caption-attachment-49268\" class=\"wp-caption-text\"><em>Norman Reedus na s\u00e9rie The Walking Dead (Cr\u00e9dito: TMDB)<\/em><\/figcaption><\/figure>\n<p>Norman Reedus se tornou um dos grandes \u00edcones de <i>The Walking Dead<\/i> ao interpretar Daryl Dixon, personagem criado exclusivamente para a s\u00e9rie e que rapidamente conquistou o p\u00fablico com seu carisma, habilidades de sobreviv\u00eancia e lealdade ao grupo.<\/p>\n<p>Inicialmente apresentado como um ca\u00e7ador solit\u00e1rio e irm\u00e3o de Merle Dixon, Daryl evoluiu ao longo das temporadas, tornando-se um dos l\u00edderes mais importantes do grupo de sobreviventes e, nas \u00faltimas tr\u00eas temporadas, assumiu o protagonismo da trama.<\/p>\n<p>A popularidade de Daryl foi t\u00e3o grande que Reedus ganhou seu pr\u00f3prio spin-off, <i>The Walking Dead: Daryl Dixon<\/i>, lan\u00e7ado em 2023, onde o personagem embarca em uma nova jornada na Fran\u00e7a ap\u00f3s os eventos da s\u00e9rie principal. O sucesso do spin-off consolidou ainda mais a import\u00e2ncia de Reedus no universo da franquia, mostrando sua versatilidade como ator e a for\u00e7a do personagem junto aos f\u00e3s.<\/p>\n<p><span style=\"font-weight: 400;\">Al\u00e9m de seu trabalho em <\/span><i><span style=\"font-weight: 400;\">The Walking Dead<\/span><\/i><span style=\"font-weight: 400;\">, Reedus mant\u00e9m uma carreira diversificada no cinema, literatura e televis\u00e3o, sendo reconhecido tamb\u00e9m por sua atua\u00e7\u00e3o em filmes como <\/span><i><span style=\"font-weight: 400;\">Blade II, <\/span><\/i><a href=\"https:\/\/www.filmelier.com\/br\/filmes\/25790\/clube-dos-vandalos\"><i><span style=\"font-weight: 400;\">Clube dos V\u00e2ndalos<\/span><\/i><\/a><span style=\"font-weight: 400;\"> lan\u00e7ado em 2024 e pela s\u00e9rie <\/span><i><span style=\"font-weight: 400;\">Ride with Norman Reedus<\/span><\/i><span style=\"font-weight: 400;\">.<\/span><\/p>\n<h3>Melissa McBride como Carol Peletier<\/h3>\n<p>Melissa McBride brilhou em <i>The Walking Dead<\/i> ao interpretar Carol Peletier, personagem que passou por uma das evolu\u00e7\u00f5es mais marcantes da s\u00e9rie. Inicialmente apresentada como uma mulher t\u00edmida, submissa e v\u00edtima de abuso dom\u00e9stico, Carol surpreendeu ao se transformar, ao longo das temporadas, em uma das sobreviventes mais fortes, estrat\u00e9gicas e resilientes do grupo.<\/p>\n<p>Curiosamente, McBride n\u00e3o chegou a fazer teste para o papel, que ela acreditava ser tempor\u00e1rio. No entanto, sua atua\u00e7\u00e3o conquistou os produtores, e Carol n\u00e3o s\u00f3 permaneceu na trama como se tornou pe\u00e7a fundamental, ganhando destaque a partir da segunda temporada e seu nome nos cr\u00e9ditos principais a partir da quarta.<\/p>\n<p>A Carol da s\u00e9rie televisiva \u00e9 bem diferente da vers\u00e3o dos quadrinhos, sendo mais madura, pragm\u00e1tica e compassiva, com uma trajet\u00f3ria de supera\u00e7\u00e3o e lideran\u00e7a admirada tanto por f\u00e3s quanto pela cr\u00edtica. O trabalho de McBride rendeu diversos pr\u00eamios e elogios, consolidando a personagem como uma das mais complexas e queridas do universo de <i>The Walking Dead<\/i>.<br \/>\nMcBride recebeu um pr\u00eamio por sua atua\u00e7\u00e3o como Carol, no o Saturn Award de Melhor Atriz Coadjuvante na Televis\u00e3o em 2014.<\/p>\n<h3>Lauren Cohan como Maggie Greene<\/h3>\n<p>Lauren Cohan conquistou o p\u00fablico de <i>The Walking Dead<\/i> ao interpretar Maggie Greene, personagem que evoluiu de uma jovem inexperiente na fazenda da fam\u00edlia para uma das l\u00edderes mais fortes e resilientes do grupo de sobreviventes.<\/p>\n<p>Sua rela\u00e7\u00e3o com Glenn Rhee, marcada por momentos de esperan\u00e7a e trag\u00e9dia, tornou-se uma das mais queridas da s\u00e9rie, e o luto pela perda de Glenn foi fundamental para o amadurecimento e a complexidade emocional de Maggie.<\/p>\n<p>Cohan deixou a s\u00e9rie ap\u00f3s a oitava temporada devido a quest\u00f5es contratuais, chegando a estrelar a s\u00e9rie <i>Whiskey Cavalier<\/i> durante sua aus\u00eancia. No entanto, retornou para as temporadas finais de <i>The Walking Dead<\/i>, trazendo ainda mais profundidade \u00e0 personagem, que j\u00e1 havia passado por grandes perdas e desafios, incluindo a dif\u00edcil decis\u00e3o de poupar Negan, o respons\u00e1vel pela morte de Glenn.<\/p>\n<p>Ap\u00f3s o fim da s\u00e9rie principal, Lauren Cohan continuou no universo da franquia ao protagonizar o spin-off <i>The Walking Dead: Dead City<\/i>, ao lado de Jeffrey Dean Morgan, explorando a complexa din\u00e2mica entre Maggie e Negan em um novo cen\u00e1rio.<\/p>\n<p>Reconhecida por sua atua\u00e7\u00e3o intensa e carisma, Lauren Cohan consolidou Maggie Greene como uma das figuras mais marcantes do universo zumbi da televis\u00e3o.<\/p>\n<h3>Danai Gurira como Michonne<\/h3>\n<p>Danai Gurira marcou profundamente <i>The Walking Dead<\/i> ao interpretar Michonne, personagem introduzida na terceira temporada e que rapidamente se tornou uma das figuras mais emblem\u00e1ticas da s\u00e9rie.<\/p>\n<p>Com sua katana e personalidade forte, Michonne conquistou f\u00e3s pelo mundo e foi essencial para o desenvolvimento do grupo de sobreviventes. Gurira permaneceu no elenco principal at\u00e9 a d\u00e9cima temporada, despedindo-se no epis\u00f3dio 13, &#8220;What We Become&#8221;, totalizando 96 epis\u00f3dios e emocionando o p\u00fablico ao deixar a s\u00e9rie para buscar Rick Grimes, seu grande amor, ap\u00f3s descobrir pistas de que ele poderia estar vivo.<\/p>\n<p>A despedida de Danai Gurira foi marcada por emo\u00e7\u00e3o, tanto entre os f\u00e3s quanto nos bastidores, e a atriz sempre destacou o carinho pela equipe e pelo universo da s\u00e9rie. Tr\u00eas anos ap\u00f3s sua sa\u00edda, em 2022, Danai surpreendeu ao anunciar, junto com Andrew Lincoln, o spin-off <i>The Walking Dead: The Ones Who Live<\/i>.<\/p>\n<p>Na miniss\u00e9rie, lan\u00e7ada em 2024, Gurira n\u00e3o s\u00f3 voltou ao papel de Michonne, como tamb\u00e9m atuou como co-criadora, produtora executiva e roteirista de um dos epis\u00f3dios, mostrando sua versatilidade e envolvimento criativo no universo da franquia.<\/p>\n<p><span style=\"font-weight: 400;\">Fora de <\/span><i><span style=\"font-weight: 400;\">The Walking Dead<\/span><\/i><span style=\"font-weight: 400;\">, Danai Gurira alcan\u00e7ou sucesso internacional ao interpretar Okoye, a general das Dora Milaje, nos filmes do Universo Cinematogr\u00e1fico Marvel, incluindo <\/span><a href=\"https:\/\/www.filmelier.com\/br\/filmes\/2943\/pantera-negra\"><i><span style=\"font-weight: 400;\">Pantera Negra<\/span><\/i><\/a><span style=\"font-weight: 400;\"> e <\/span><a href=\"https:\/\/www.filmelier.com\/br\/filmes\/3689\/vingadores-guerra-infinita\"><i><span style=\"font-weight: 400;\">Vingadores: Guerra Infinita<\/span><\/i><\/a><span style=\"font-weight: 400;\"> e <\/span><a href=\"https:\/\/www.filmelier.com\/br\/filmes\/6078\/vingadores-ultimato\"><i><span style=\"font-weight: 400;\">Ultimato<\/span><\/i><\/a><span style=\"font-weight: 400;\">, recebendo diversos pr\u00eamios e elogios da cr\u00edtica. <\/span><\/p>\n<p>Al\u00e9m de atriz, Gurira \u00e9 dramaturga premiada e ativista, consolidando-se como uma das artistas mais influentes de sua gera\u00e7\u00e3o.<\/p>\n<h3>Steven Yeun como Glenn Rhee<\/h3>\n<figure id=\"attachment_49273\" aria-describedby=\"caption-attachment-49273\" style=\"width: 600px\" class=\"wp-caption alignnone\"><img decoding=\"async\" class=\"size-full wp-image-49273\" src=\"https:\/\/news.filmelier.com\/wp-content\/uploads\/2025\/05\/steven-yeun-and-lauren-cohan_the-walking-dead1.webp\" alt=\"Steven Yeun e Lauren Cohan em The Walking Dead (Cr\u00e9dito: TMDB)\" width=\"600\" height=\"375\" srcset=\"https:\/\/news.filmelier.com\/wp-content\/uploads\/2025\/05\/steven-yeun-and-lauren-cohan_the-walking-dead1.webp 600w, https:\/\/news.filmelier.com\/wp-content\/uploads\/2025\/05\/steven-yeun-and-lauren-cohan_the-walking-dead1-300x188.webp 300w, https:\/\/news.filmelier.com\/wp-content\/uploads\/2025\/05\/steven-yeun-and-lauren-cohan_the-walking-dead1-150x94.webp 150w\" sizes=\"(max-width: 600px) 100vw, 600px\" \/><figcaption id=\"caption-attachment-49273\" class=\"wp-caption-text\"><em>Steven Yeun e Lauren Cohan em The Walking Dead (Cr\u00e9dito: TMDB)<\/em><\/figcaption><\/figure>\n<p>Steven Yeun deu vida a Glenn Rhee, um dos personagens mais queridos e emblem\u00e1ticos de <i>The Walking Dead. <\/i>Glenn, originalmente um entregador de pizzas, rapidamente se destacou por sua coragem, intelig\u00eancia e senso de humanidade, tornando-se pe\u00e7a fundamental no grupo liderado por Rick Grimes.<\/p>\n<p>Sua trajet\u00f3ria, marcada por atos heroicos e pelo relacionamento com Maggie Greene, emocionou f\u00e3s ao longo de sete temporadas, at\u00e9 sua morte impactante nas m\u00e3os de Negan, no in\u00edcio da s\u00e9tima temporada.<\/p>\n<p>Ap\u00f3s deixar a s\u00e9rie, Steven Yeun passou por um per\u00edodo de reflex\u00e3o pessoal, destacando em entrevistas que sentiu uma esp\u00e9cie de crise existencial ao se despedir do personagem, mas considerou o desfecho de Glenn como natural para a hist\u00f3ria.<\/p>\n<p>Fora do universo zumbi, Yeun construiu uma carreira de grande prest\u00edgio, sendo indicado ao Oscar de Melhor Ator por <a href=\"https:\/\/www.filmelier.com\/br\/filmes\/14576\/minari-em-busca-da-felicidade\"><i><span style=\"font-weight: 400;\">Minari<\/span><\/i><\/a> <span style=\"font-weight: 400;\">e vencendo pr\u00eamios importantes por sua atua\u00e7\u00e3o em <\/span><i><span style=\"font-weight: 400;\">Treta<\/span><\/i><span style=\"font-weight: 400;\">, al\u00e9m de participar de filmes como <\/span><a href=\"https:\/\/www.filmelier.com\/br\/filmes\/5328\/em-chamas\"><i><span style=\"font-weight: 400;\">Em Chamas<\/span><\/i><\/a> <span style=\"font-weight: 400;\">e <\/span><a href=\"https:\/\/www.filmelier.com\/br\/filmes\/1486\/okja\"><i><span style=\"font-weight: 400;\">Okja<\/span><\/i><\/a><span style=\"font-weight: 400;\">, e dar voz a personag<\/span>ens em anima\u00e7\u00f5es de sucesso, como\u00a0<em>Invenc\u00edvel<\/em>.<\/p>\n<h3>Chandler Riggs como Carl Grimes<\/h3>\n<p>Chandler Riggs interpretou Carl Grimes, filho de Rick Grimes, desde o in\u00edcio de <i>The Walking Dead<\/i> quando tinha apenas 10 anos, acompanhando o crescimento do personagem de uma crian\u00e7a assustada a um jovem resiliente e l\u00edder nato. Sua atua\u00e7\u00e3o foi elogiada por trazer profundidade e emo\u00e7\u00e3o ao papel, tornando Carl um s\u00edmbolo de esperan\u00e7a e amadurecimento em meio ao caos do apocalipse zumbi.<\/p>\n<p>A morte de Carl na oitava temporada foi um dos momentos mais impactantes da s\u00e9rie, surpreendendo f\u00e3s e mudando o rumo da hist\u00f3ria ao influenciar profundamente as decis\u00f5es de Rick. Apesar de sua sa\u00edda precoce, Riggs destacou em entrevistas que se orgulha do legado deixado por Carl e do impacto duradouro do personagem na trama e nos f\u00e3s.<\/p>\n<p>Ap\u00f3s <i>The Walking Dead<\/i>, Chandler Riggs seguiu carreira no cinema e na televis\u00e3o, al\u00e9m de investir em m\u00fasica eletr\u00f4nica sob o nome art\u00edstico Eclipse, e em projetos ligados \u00e0 tecnologia e produ\u00e7\u00e3o audiovisual.<\/p>\n<p>Sua trajet\u00f3ria como Carl Grimes permanece como um dos pilares emocionais da s\u00e9rie, sendo lembrada at\u00e9 mesmo com uma participa\u00e7\u00e3o especial no epis\u00f3dio final, em uma homenagem ao seu papel fundamental na hist\u00f3ria.<\/p>\n<h3>Jon Bernthal como Shane Walsh<\/h3>\n<figure id=\"attachment_49280\" aria-describedby=\"caption-attachment-49280\" style=\"width: 1440px\" class=\"wp-caption alignnone\"><img decoding=\"async\" class=\"size-full wp-image-49280\" src=\"https:\/\/news.filmelier.com\/wp-content\/uploads\/2025\/05\/jon-bernthal-shane-the-walking-dead_widelg_header.webp\" alt=\"Jon Bernthal em The Walking Dead (Cr\u00e9dito: Reprodu\u00e7\u00e3o AMC)\" width=\"1440\" height=\"900\" srcset=\"https:\/\/news.filmelier.com\/wp-content\/uploads\/2025\/05\/jon-bernthal-shane-the-walking-dead_widelg_header.webp 1440w, https:\/\/news.filmelier.com\/wp-content\/uploads\/2025\/05\/jon-bernthal-shane-the-walking-dead_widelg_header-300x188.webp 300w, https:\/\/news.filmelier.com\/wp-content\/uploads\/2025\/05\/jon-bernthal-shane-the-walking-dead_widelg_header-1024x640.webp 1024w, https:\/\/news.filmelier.com\/wp-content\/uploads\/2025\/05\/jon-bernthal-shane-the-walking-dead_widelg_header-768x480.webp 768w, https:\/\/news.filmelier.com\/wp-content\/uploads\/2025\/05\/jon-bernthal-shane-the-walking-dead_widelg_header-150x94.webp 150w\" sizes=\"(max-width: 1440px) 100vw, 1440px\" \/><figcaption id=\"caption-attachment-49280\" class=\"wp-caption-text\"><em>Jon Bernthal em The Walking Dead (Cr\u00e9dito: Reprodu\u00e7\u00e3o AMC)<\/em><\/figcaption><\/figure>\n<p>Jon Bernthal interpretou Shane Walsh, um dos personagens mais complexos e marcantes das primeiras temporadas de <i>The Walking Dead<\/i>. Ex-parceiro e melhor amigo de Rick Grimes, Shane assume a lideran\u00e7a do grupo de sobreviventes ap\u00f3s o in\u00edcio do apocalipse, mas sua personalidade se torna cada vez mais conflituosa e imprevis\u00edvel com o retorno de Rick e o envolvimento com Lori Grimes.<\/p>\n<p>Sua trajet\u00f3ria \u00e9 marcada por decis\u00f5es extremas, rivalidade crescente com Rick e uma vis\u00e3o pragm\u00e1tica da sobreviv\u00eancia, o que o transforma em um antagonista fundamental na segunda temporada.<\/p>\n<p>A atua\u00e7\u00e3o intensa de Bernthal foi muito elogiada, tornando Shane um dos personagens mais lembrados da s\u00e9rie. O pr\u00f3prio ator revelou que ficou profundamente emocionado ao se despedir do papel, chegando a chorar ao gravar sua morte, que ocorre de forma impactante: primeiro morto por Rick e, em seguida, por Carl, ap\u00f3s retornar como zumbi.<\/p>\n<p>Shane ainda retornou em participa\u00e7\u00f5es especiais, como alucina\u00e7\u00e3o de Rick na nona temporada, refor\u00e7ando sua import\u00e2ncia no desenvolvimento do protagonista e na mitologia da s\u00e9rie.<\/p>\n<p>Ap\u00f3s <i>The Walking Dead<\/i>, Jon Bernthal consolidou sua carreira em Hollywood, destacando-se em pap\u00e9is como Frank Castle em <i>O Justiceiro<\/i> e em diversos filmes de sucesso, al\u00e9m de conquistar pr\u00eamios importantes na televis\u00e3o.<\/p>\n<h3>Jeffrey Dean Morgan como Negan<\/h3>\n<p>Jeffrey Dean Morgan marcou <i>The Walking Dead<\/i> com sua interpreta\u00e7\u00e3o intensa de Negan, introduzido no final da sexta temporada como o carism\u00e1tico e temido l\u00edder dos Salvadores. Negan rapidamente se tornou um dos vil\u00f5es mais odiados &#8211; e fascinantes &#8211; da s\u00e9rie, respons\u00e1vel por momentos impactantes como a morte de personagens queridos com sua ic\u00f4nica Lucille, o taco de beisebol envolto em arame farpado.<\/p>\n<p>Ao longo das temporadas, Morgan trouxe profundidade ao personagem, mostrando n\u00e3o apenas o lado brutal, mas tamb\u00e9m seus conflitos internos e tentativas de reden\u00e7\u00e3o. O pr\u00f3prio ator revelou que Negan luta para se distanciar do homem violento que precisou ser durante o apocalipse, tentando construir uma nova identidade longe da sombra de Lucille e do passado sombrio.<\/p>\n<p>Essa complexidade fez de Negan um dos pilares da reta final da s\u00e9rie e do spin-off <i>The Walking Dead: Dead City, onde Morgan segue explorando novas nuances do personagem ao lado de Lauren Cohan.<\/i><\/p>\n<p>Al\u00e9m de seu trabalho em <i>The Walking Dead<\/i>, Jeffrey Dean Morgan \u00e9 reconhecido por outros pap\u00e9is marcantes na TV e no cinema, consolidando-se como um dos atores mais vers\u00e1teis e admirados do g\u00eanero.<\/p>\n<h3>Sarah Wayne Callies como Lori Grimes<\/h3>\n<p>Sarah Wayne Callies interpretou Lori Grimes nas tr\u00eas primeiras temporadas de <i>The Walking Dead<\/i>, sendo o centro emocional da trama e uma das personagens mais complexas do in\u00edcio da s\u00e9rie.<\/p>\n<p>Lori \u00e9 apresentada como uma m\u00e3e dedicada, cuja principal motiva\u00e7\u00e3o \u00e9 proteger seu filho Carl e tentar preservar algum senso de humanidade em meio ao caos do apocalipse zumbi. Sua rela\u00e7\u00e3o com Rick Grimes, marcada por conflitos e recome\u00e7os, e o envolvimento com Shane Walsh ap\u00f3s acreditar que o marido estava morto, adicionaram camadas de drama e dilemas morais \u00e0 narrativa.<\/p>\n<p>A atriz destacou que Lori se tornou uma esp\u00e9cie de matriarca relutante, preocupada n\u00e3o apenas com a sobreviv\u00eancia f\u00edsica do grupo, mas tamb\u00e9m com a manuten\u00e7\u00e3o dos valores e da esperan\u00e7a em um mundo devastado.<\/p>\n<p>Fora da s\u00e9rie, Sarah Wayne Callies j\u00e1 era conhecida por pap\u00e9is marcantes em outras produ\u00e7\u00f5es, como <i>Prison Break<\/i>, e continuou sua carreira em diversos projetos no cinema e na televis\u00e3o ap\u00f3s sua sa\u00edda de <i>The Walking Dead<\/i>.<\/p>\n<h3>Michael Rooker como Merle Dixon<\/h3>\n<p>Michael Rooker interpretou Merle Dixon, um personagem criado exclusivamente para a s\u00e9rie <i>The Walking Dead<\/i> e que rapidamente se destacou por sua personalidade explosiva e controversa.<\/p>\n<p>Merle \u00e9 apresentado como o irm\u00e3o mais velho de Daryl Dixon, um ca\u00e7ador do sul dos Estados Unidos com atitudes racistas, mis\u00f3ginas e comportamento agressivo, o que gera conflitos com o grupo de sobreviventes desde sua primeira apari\u00e7\u00e3o na primeira temporada.<\/p>\n<p>Ap\u00f3s ser deixado algemado em um telhado durante uma miss\u00e3o em Atlanta, Merle sobrevive cortando a pr\u00f3pria m\u00e3o e retorna mais tarde como bra\u00e7o direito do vil\u00e3o Governador, tornando-se pe\u00e7a-chave no conflito entre Woodbury e o grupo de Rick Grimes.<\/p>\n<p>Apesar de inicialmente ser um personagem odiado por muitos, Merle ganhou certa simpatia de parte dos f\u00e3s ao longo da terceira temporada, especialmente por sua rela\u00e7\u00e3o conturbada com Daryl e seu sacrif\u00edcio final ao tentar enfrentar o Governador.<\/p>\n<p>Michael Rooker foi elogiado pelo papel e chegou a receber, junto com o elenco, o Pr\u00eamio Sat\u00e9lite de Melhor Elenco em S\u00e9rie de Televis\u00e3o em 2012. Fora da s\u00e9rie, Rooker \u00e9 conhecido por outros pap\u00e9is marcantes, como Yondu em <a href=\"https:\/\/www.filmelier.com\/br\/filmes\/6051\/guardioes-da-galaxia\"><i>Guardi\u00f5es da Gal\u00e1xia<\/i><\/a>, consolidando sua carreira como um dos grandes int\u00e9rpretes de personagens intensos e complexos.<\/p>\n<h3>Laurie Holden como Andrea<\/h3>\n<p>Laurie Holden interpretou Andrea, uma das personagens centrais das primeiras temporadas de <i>The Walking Dead<\/i>. Na s\u00e9rie, Andrea \u00e9 apresentada como uma sobrevivente forte e determinada, que passa por uma grande transforma\u00e7\u00e3o, deixando para tr\u00e1s sua inseguran\u00e7a inicial para se tornar uma guerreira habilidosa e uma l\u00edder moral dentro do grupo.<\/p>\n<p>Diferente dos quadrinhos, onde Andrea \u00e9 uma atiradora de elite e figura-chave na luta contra Negan, a vers\u00e3o da s\u00e9rie teve um arco diferente, incluindo relacionamentos conturbados com Shane Walsh e o Governador.<\/p>\n<p>Holden revelou que n\u00e3o ficou satisfeita com algumas mudan\u00e7as feitas na adapta\u00e7\u00e3o para a TV, especialmente o desenvolvimento da personagem na terceira temporada, quando Andrea se alia ao Governador, um arco que ela considerou &#8220;absurdo&#8221; e distante da ess\u00eancia original criada por Robert Kirkman.<\/p>\n<p>Inicialmente, Andrea estava planejada para permanecer na s\u00e9rie at\u00e9 a oitava temporada, mas sua morte precoce na terceira temporada surpreendeu tanto a atriz quanto os f\u00e3s, sendo uma decis\u00e3o tomada para causar impacto e choque.<\/p>\n<p>Apesar das cr\u00edticas, Laurie Holden valorizou a forma como sua personagem teve uma morte redentora, morrendo em seus pr\u00f3prios termos ap\u00f3s ser mordida por um zumbi e se recusar a se tornar um deles. Andrea permanece como uma figura importante no universo de <i>The Walking Dead<\/i>, simbolizando a luta pela humanidade em um mundo devastado.<\/p>\n<h3>Scott Wilson como Hershel<\/h3>\n<p>Scott Wilson interpretou Hershel Greene, um dos personagens mais queridos e marcantes de <i>The Walking Dead<\/i>. Hershel \u00e9 apresentado como um fazendeiro e veterin\u00e1rio vi\u00favo, dono de uma fazenda na Ge\u00f3rgia, que se torna o primeiro grande abrigo do grupo de Rick Grimes durante o apocalipse zumbi.<\/p>\n<p>Profundamente religioso e dotado de forte senso moral, Hershel rapidamente assume o papel de conselheiro e centro \u00e9tico do grupo, ajudando a salvar a vida de Carl Grimes e orientando decis\u00f5es dif\u00edceis em momentos de crise.<\/p>\n<p>Ao longo da s\u00e9rie, Hershel tamb\u00e9m se destaca pelo relacionamento com suas filhas, Maggie e Beth, e pela evolu\u00e7\u00e3o de sua postura diante dos perigos do novo mundo, passando de algu\u00e9m relutante em aceitar a realidade dos zumbis a um dos pilares da sobreviv\u00eancia do grupo.<\/p>\n<p>A atua\u00e7\u00e3o de Scott Wilson foi amplamente elogiada por f\u00e3s e cr\u00edticos, tornando Hershel uma figura inesquec\u00edvel, cuja morte na quarta temporada foi um dos momentos mais emocionantes da s\u00e9rie.<\/p>\n<p>Scott Wilson faleceu em 2018, pouco antes de uma participa\u00e7\u00e3o especial j\u00e1 anunciada para a nona temporada, deixando um legado de mais de 80 trabalhos no cinema e na TV e sendo lembrado com carinho como o int\u00e9rprete do personagem que mais deixou saudades em <i>The Walking Dead<\/i>.<\/p>\n<h3>David Morrissey como Governador<\/h3>\n<p>David Morrissey interpretou o Governador, um dos vil\u00f5es mais ic\u00f4nicos e complexos de <i>The Walking Dead<\/i>, introduzido na terceira temporada da s\u00e9rie. O personagem, cujo nome verdadeiro na TV \u00e9 Philip Blake, \u00e9 o carism\u00e1tico e autorit\u00e1rio l\u00edder da comunidade de Woodbury, na Ge\u00f3rgia. Inicialmente, ele se apresenta como um l\u00edder hospitaleiro, mas logo revela sua natureza brutal, insana e implac\u00e1vel, entrando em conflito direto com Rick Grimes e seu grupo.<\/p>\n<p>O Governador \u00e9 respons\u00e1vel por atos cru\u00e9is, como torturar membros do grupo de Rick e liderar ataques violentos contra a pris\u00e3o onde os sobreviventes se refugiam. Sua obsess\u00e3o por controlar e proteger sua comunidade o leva a decis\u00f5es extremas e a uma escalada de viol\u00eancia, culminando em confrontos sangrentos que marcaram profundamente a s\u00e9rie. A rela\u00e7\u00e3o do Governador com sua filha zumbi, Penny, adiciona uma camada tr\u00e1gica \u00e0 sua personalidade, mostrando seu lado perturbado e humano.<\/p>\n<p>A atua\u00e7\u00e3o de David Morrissey foi amplamente elogiada, trazendo profundidade e intensidade ao personagem, que \u00e9 considerado um dos maiores vil\u00f5es da televis\u00e3o. Morrissey chegou a expressar interesse em revisitar o papel em um poss\u00edvel spin-off baseado nos romances que exploram a origem do Governador, destacando a complexidade e riqueza do personagem criado por Robert Kirkman.<\/p>\n<p>O Governador permanece como um s\u00edmbolo do lado sombrio da sobreviv\u00eancia no universo de <i>The Walking Dead<\/i>, gra\u00e7as \u00e0 interpreta\u00e7\u00e3o marcante de Morrissey.<\/p>\n<h3>Chad Coleman como Tyreese<\/h3>\n<p>Chad Coleman interpretou Tyreese Williams, um dos personagens mais marcantes das temporadas intermedi\u00e1rias de <i>The Walking Dead<\/i>. Introduzido na terceira temporada junto com sua irm\u00e3 Sasha, Tyreese rapidamente chamou a aten\u00e7\u00e3o dos f\u00e3s por sua for\u00e7a f\u00edsica, coragem e, principalmente, por sua humanidade e vulnerabilidade em meio ao caos do apocalipse zumbi.<\/p>\n<p>Inicialmente aliado do Governador em Woodbury, Tyreese se volta contra o vil\u00e3o ao testemunhar sua crueldade e passa a integrar o grupo de Rick Grimes, tornando-se pe\u00e7a-chave em momentos decisivos da trama.<\/p>\n<p>Diferente de muitos sobreviventes, Tyreese se destacou por sua relut\u00e2ncia em recorrer \u00e0 viol\u00eancia extrema, preferindo sempre buscar solu\u00e7\u00f5es pac\u00edficas e proteger os mais vulner\u00e1veis, como Judith e as crian\u00e7as do grupo. Sua trajet\u00f3ria foi marcada por grandes perdas e dilemas morais, culminando em sua morte na quinta temporada, ap\u00f3s ser mordido por um zumbi e n\u00e3o resistir mesmo ap\u00f3s ter o bra\u00e7o amputado.<\/p>\n<p>Apesar de alguns f\u00e3s considerarem sua morte &#8220;boba&#8221;, Chad Coleman defendeu o desfecho do personagem, ressaltando a import\u00e2ncia de mostrar um homem forte, mas tamb\u00e9m sens\u00edvel e vulner\u00e1vel, em um universo t\u00e3o brutal.<\/p>\n<p>A atua\u00e7\u00e3o de Coleman foi elogiada por trazer profundidade emocional a Tyreese, tornando-o um dos personagens mais humanos e memor\u00e1veis da s\u00e9rie, cuja aus\u00eancia ainda \u00e9 sentida pelos f\u00e3s.<\/p>\n<h3>Michael Cudlitz como Abraham<\/h3>\n<p>Michael Cudlitz interpretou Abraham Ford, um personagem forte e determinado que se destacou em <i>The Walking Dead<\/i> a partir da quarta temporada.<\/p>\n<p>Abraham \u00e9 um sargento do ex\u00e9rcito que, ap\u00f3s perder sua fam\u00edlia no apocalipse, assume a miss\u00e3o de escoltar Eugene Porter at\u00e9 Washington, D.C., onde este afirma ter informa\u00e7\u00f5es sobre uma poss\u00edvel cura para a epidemia. Conhecido por sua for\u00e7a f\u00edsica, coragem e frases marcantes, Abraham rapidamente se torna um l\u00edder respeitado dentro do grupo de sobreviventes.<\/p>\n<p>Na s\u00e9rie, Abraham \u00e9 apresentado como um homem pragm\u00e1tico e direto, que n\u00e3o hesita em tomar decis\u00f5es dif\u00edceis para garantir a sobreviv\u00eancia do grupo. Sua trajet\u00f3ria inclui momentos de grande hero\u00edsmo, como o resgate de Carl Grimes em situa\u00e7\u00f5es perigosas, e conflitos internos, especialmente em seus relacionamentos amorosos com Rosita e Holly. Abraham tamb\u00e9m \u00e9 fundamental na integra\u00e7\u00e3o do grupo \u00e0 comunidade de Alexandria, onde lidera a equipe de constru\u00e7\u00e3o.<\/p>\n<p>O personagem tem um desfecho tr\u00e1gico e impactante na estreia da s\u00e9tima temporada, quando \u00e9 morto por um tiro de besta disparado por Dwight, um dos Salvadores. A atua\u00e7\u00e3o de Michael Cudlitz foi amplamente elogiada por trazer intensidade e humanidade a Abraham, tornando-o um dos personagens mais queridos da s\u00e9rie.<\/p>\n<p>Ap\u00f3s sua participa\u00e7\u00e3o em <i>The Walking Dead<\/i>, Cudlitz continuou sua carreira no cinema e na televis\u00e3o, consolidando-se como um ator vers\u00e1til e respeitado.<\/p>\n<figure id=\"attachment_45267\" aria-describedby=\"caption-attachment-45267\" style=\"width: 1440px\" class=\"wp-caption alignnone\"><img loading=\"lazy\" decoding=\"async\" class=\"size-full wp-image-45267\" src=\"https:\/\/news.filmelier.com\/wp-content\/uploads\/2025\/05\/the-walking-dead-cast-elenco.webp\" alt=\"Elenco da s\u00e9rie The Walking Dead. (Cr\u00e9dito: TMDB)\" width=\"1440\" height=\"900\" srcset=\"https:\/\/news.filmelier.com\/wp-content\/uploads\/2025\/05\/the-walking-dead-cast-elenco.webp 1440w, https:\/\/news.filmelier.com\/wp-content\/uploads\/2025\/05\/the-walking-dead-cast-elenco-300x188.webp 300w, https:\/\/news.filmelier.com\/wp-content\/uploads\/2025\/05\/the-walking-dead-cast-elenco-1024x640.webp 1024w, https:\/\/news.filmelier.com\/wp-content\/uploads\/2025\/05\/the-walking-dead-cast-elenco-768x480.webp 768w, https:\/\/news.filmelier.com\/wp-content\/uploads\/2025\/05\/the-walking-dead-cast-elenco-150x94.webp 150w\" sizes=\"(max-width: 1440px) 100vw, 1440px\" \/><figcaption id=\"caption-attachment-45267\" class=\"wp-caption-text\"><em>Elenco da s\u00e9rie The Walking Dead. (Cr\u00e9dito: TMDB)<\/em><\/figcaption><\/figure>\n<h2>Carreira do elenco de <i>The Walking Dead<\/i> ap\u00f3s o fim da s\u00e9rie<\/h2>\n<p>Desde o encerramento da 11\u00aa temporada de <i>The Walking Dead<\/i> em 2022, o elenco principal e os atores recorrentes seguiram caminhos diversos, muitos mantendo forte liga\u00e7\u00e3o com o universo da franquia por meio de spin-offs e novos projetos.<\/p>\n<p>Andrew Lincoln deixou a s\u00e9rie em 2018, mas retornou para a miniss\u00e9rie <i>The Walking Dead: The Ones Who Live<\/i>, que expl<\/p>\n<p>ora a hist\u00f3ria de Rick e Michonne, com Lincoln tamb\u00e9m atuando como produtor executivo. Al\u00e9m disso, participou de produ\u00e7\u00f5es como a s\u00e9rie <i>O Gabinete de Curiosidades<\/i> de Guillermo del Toro e pe\u00e7as de teatro em Londres.<\/p>\n<p>Jeffrey Dean Morgan continua no universo <i>The Walking Dead<\/i> no spin-off <i>Dead City<\/i>, ao lado de Lauren Cohan, que interpreta Maggie Greene. Morgan tamb\u00e9m est\u00e1 envolvido na quarta temporada da s\u00e9rie <i>The Boys<\/i>, da Amazon Prime Video.<\/p>\n<p>Lauren Cohan, ap\u00f3s sua sa\u00edda tempor\u00e1ria da s\u00e9rie, retornou para as temporadas finais e agora protagoniza o spin-off ao lado de Morgan. Al\u00e9m disso, ela est\u00e1 em projetos como a s\u00e9rie animada <i>Crep\u00fasculo dos Deuses<\/i> e o filme <i>When I&#8217;m Ready<\/i>.<\/p>\n<p>Norman Reedus segue como protagonista do spin-off <i>Daryl Dixon<\/i>, ambientado em uma Fran\u00e7a p\u00f3s-apocal\u00edptica, e mant\u00e9m sua s\u00e9rie documental <i>Ride with Norman Reedus<\/i>. No cinema, participar\u00e1 do filme <a href=\"https:\/\/www.filmelier.com\/br\/filmes\/26889\/bailarina\"><i>Bailarina<\/i><\/a> (derivado de <a href=\"https:\/\/www.filmelier.com\/br\/filmes\/1438\/john-wick-de-volta-ao-jogo\"><i>John Wick<\/i><\/a>) e emprestou sua voz e rosto ao videogame <em>Death Stranding<\/em>.<\/p>\n<p>Assim, o elenco de <i>The Walking Dead<\/i> segue ativo em diversas frentes, entre retornos ao universo zumbi e novos desafios em cinema, televis\u00e3o e outras m\u00eddias, mantendo viva a conex\u00e3o com os f\u00e3s e ampliando suas carreiras al\u00e9m da s\u00e9rie original.<\/p>\n<ul>\n<li><strong>Veja tamb\u00e9m: <\/strong><a href=\"https:\/\/www.filmelier.com\/br\/noticias\/the-walking-dead-final-11-temporada\"><strong><i>The Walking Dead<\/i>: 5 segredos do final da 11\u00aa temporada que voc\u00ea (provavelmente) n\u00e3o reparou<\/strong><\/a><\/li>\n<\/ul>\n<h2>Spin-offs de <em>The Walking Dead<\/em><\/h2>\n<p>O universo de <i>The Walking Dead<\/i> se expandiu muito al\u00e9m da s\u00e9rie original, com diversos spin-offs que exploram novos personagens, cen\u00e1rios e hist\u00f3rias ap\u00f3s o apocalipse zumbi. Atualmente, a franquia conta com seis s\u00e9ries derivadas, cada uma trazendo perspectivas e aventuras \u00fanicas para os f\u00e3s.<\/p>\n<h3><i>Fear the Walking Dead<\/i><\/h3>\n<p>Lan\u00e7ado em 2015, foi o primeiro spin-off e mostra o in\u00edcio do apocalipse zumbi sob o ponto de vista de uma nova fam\u00edlia em Los Angeles. A s\u00e9rie se destaca por apresentar as fases iniciais do colapso da sociedade, antes dos eventos da s\u00e9rie principal, e evolui ao longo das temporadas com novos personagens e cen\u00e1rios.<\/p>\n<h3><i>The Walking Dead: World Beyond<\/i><\/h3>\n<p>Esta miniss\u00e9rie acompanha um grupo de jovens que cresceram ap\u00f3s o apocalipse e embarcam em uma miss\u00e3o fora de sua comunidade protegida. Com apenas duas temporadas, a produ\u00e7\u00e3o aprofunda a mitologia da franquia, explorando a CRM, organiza\u00e7\u00e3o misteriosa j\u00e1 citada na s\u00e9rie principal.<\/p>\n<h3><i>Tales of the Walking Dead<\/i><\/h3>\n<p>Uma antologia que apresenta epis\u00f3dios independentes, cada um focado em personagens diferentes &#8211; alguns j\u00e1 conhecidos, outros in\u00e9ditos. A proposta \u00e9 explorar hist\u00f3rias paralelas e expandir o universo de <i>The Walking Dead<\/i> de formas inovadoras.<\/p>\n<h3><i>The Walking Dead: Dead City<\/i><\/h3>\n<p>Lan\u00e7ada em 2023, a s\u00e9rie acompanha Maggie e Negan em uma jornada por uma Manhattan devastada, repleta de zumbis e perigos humanos. O spin-off aprofunda a rela\u00e7\u00e3o complexa entre os dois personagens e traz novas amea\u00e7as em um cen\u00e1rio urbano in\u00e9dito para a franquia.<\/p>\n<h3><i>The Walking Dead: Daryl Dixon<\/i><\/h3>\n<p>Focada em Daryl, a s\u00e9rie mostra sua trajet\u00f3ria na Fran\u00e7a ap\u00f3s os eventos finais da s\u00e9rie original. A produ\u00e7\u00e3o explora novos desafios, culturas e amea\u00e7as, expandindo o apocalipse zumbi para al\u00e9m dos Estados Unidos. A terceira temporada j\u00e1 est\u00e1 confirmada para 2025.<\/p>\n<h3><i>The Walking Dead: The Ones Who Live<\/i><\/h3>\n<p>Lan\u00e7ada em 2024, essa produ\u00e7\u00e3o marca o reencontro de Rick Grimes e Michonne, continuando a hist\u00f3ria de amor e sobreviv\u00eancia dos dois personagens mais ic\u00f4nicos da s\u00e9rie. O spin-off promete responder quest\u00f5es deixadas em aberto no final da s\u00e9rie principal e aprofundar ainda mais o universo da franquia.<\/p>\n<p><i>The Walking Dead<\/i> n\u00e3o apenas redefiniu o g\u00eanero de s\u00e9ries p\u00f3s-apocal\u00edpticas, mas tamb\u00e9m lan\u00e7ou grandes estrelas que continuam brilhando em suas carreiras ap\u00f3s o fim da s\u00e9rie original.<\/p>\n<p>O legado da produ\u00e7\u00e3o permanece vivo gra\u00e7as aos spin-offs que expandem o universo zumbi e aos projetos variados dos atores, que exploram novos pap\u00e9is no cinema, na televis\u00e3o e em outras m\u00eddias.<\/p>\n<p>Personagens como Rick Grimes, Daryl Dixon, Carol Peletier e Maggie Greene seguem conquistando f\u00e3s em novas hist\u00f3rias, mostrando que o impacto da s\u00e9rie vai muito al\u00e9m do apocalipse.<\/p>\n<p>Se voc\u00ea \u00e9 f\u00e3 de <i>The Walking Dead<\/i> e quer ficar por dentro das novidades, trajet\u00f3rias e curiosidades sobre o elenco e os I, acompanhe o <a href=\"https:\/\/www.filmelier.com\/br\">Filmelier<\/a>. Aqui, voc\u00ea encontra conte\u00fados exclusivos, an\u00e1lises e tudo sobre o universo das s\u00e9ries e filmes que voc\u00ea ama. Explore agora e mergulhe ainda mais fundo no mundo de <i>The Walking Dead<\/i>!<\/p>\n","protected":false},"excerpt":{"rendered":"<p>Tudo sobre o elenco de &#8216;The Walking Dead&#8217;, a s\u00e9rie que conquistou f\u00e3s no mundo todo. Saiba sobre os spin-offs e trajet\u00f3rias dos artistas ap\u00f3s o fim da obra.<\/p>\n","protected":false},"author":14,"featured_media":49304,"comment_status":"open","ping_status":"open","sticky":false,"template":"","format":"standard","meta":{"_acf_changed":false,"footnotes":""},"categories":[3481,3482,3492],"tags":[3493,3495,3496,3497,3498,3499,3500,3501],"class_list":["post-49303","post","type-post","status-publish","format-standard","has-post-thumbnail","hentry","category-criticas-br","category-filmes-br","category-series-novelas-br","tag-andrew-lincoln-br","tag-elenco-the-walking-dead-br","tag-jeffrey-dean-morgan-br","tag-jon-bernthal-br","tag-michael-cudlitz-br","tag-norman-reedus-br","tag-steven-yeun-br","tag-the-walking-dead-br"],"acf":{"subtitulo":"Tudo sobre o elenco de 'The Walking Dead', a s\u00e9rie que conquistou f\u00e3s no mundo todo. Saiba sobre os spin-offs e trajet\u00f3rias dos artistas ap\u00f3s o fim da obra.","id_ator":"nm0511088, nm0005342, nm3081796, nm0604742, nm1659348"},"yoast_head":"<!-- This site is optimized with the Yoast SEO plugin v26.1.1 - https:\/\/yoast.com\/wordpress\/plugins\/seo\/ -->\n<title>Elenco de The Walking Dead: o que fizeram ap\u00f3s o fim da s\u00e9rie?<\/title>\n<meta name=\"description\" content=\"Descubra tudo sobre o elenco de &#039;The Walking Dead&#039;. Saiba sobre os spin-offs e trajet\u00f3rias dos artistas ap\u00f3s o fim da obra.\" \/>\n<meta name=\"robots\" content=\"index, follow, max-snippet:-1, max-image-preview:large, max-video-preview:-1\" \/>\n<link rel=\"canonical\" href=\"https:\/\/news.filmelier.com\/br\/elenco-de-the-walking-dead\/\" \/>\n<meta property=\"og:locale\" content=\"pt_BR\" \/>\n<meta property=\"og:type\" content=\"article\" \/>\n<meta property=\"og:title\" content=\"Elenco de The Walking Dead: o que fizeram ap\u00f3s o fim da s\u00e9rie?\" \/>\n<meta property=\"og:description\" content=\"Descubra tudo sobre o elenco de &#039;The Walking Dead&#039;. Saiba sobre os spin-offs e trajet\u00f3rias dos artistas ap\u00f3s o fim da obra.\" \/>\n<meta property=\"og:url\" content=\"https:\/\/news.filmelier.com\/br\/elenco-de-the-walking-dead\/\" \/>\n<meta property=\"og:site_name\" content=\"News Filmelier\" \/>\n<meta property=\"article:published_time\" content=\"2025-05-29T21:25:05+00:00\" \/>\n<meta property=\"article:modified_time\" content=\"2025-06-24T20:18:51+00:00\" \/>\n<meta property=\"og:image\" content=\"https:\/\/homolog.news.filmelier.com\/wp-content\/uploads\/2025\/05\/the-walking-dead_header_header.webp\" \/>\n\t<meta property=\"og:image:width\" content=\"1440\" \/>\n\t<meta property=\"og:image:height\" content=\"900\" \/>\n\t<meta property=\"og:image:type\" content=\"image\/webp\" \/>\n<meta name=\"author\" content=\"Reda\u00e7\u00e3o Filmelier\" \/>\n<meta name=\"twitter:card\" content=\"summary_large_image\" \/>\n<meta name=\"twitter:label1\" content=\"Escrito por\" \/>\n\t<meta name=\"twitter:data1\" content=\"Reda\u00e7\u00e3o Filmelier\" \/>\n\t<meta name=\"twitter:label2\" content=\"Est. tempo de leitura\" \/>\n\t<meta name=\"twitter:data2\" content=\"21 minutos\" \/>\n<script type=\"application\/ld+json\" class=\"yoast-schema-graph\">{\"@context\":\"https:\/\/schema.org\",\"@graph\":[{\"@type\":\"Article\",\"@id\":\"https:\/\/news.filmelier.com\/br\/elenco-de-the-walking-dead\/#article\",\"isPartOf\":{\"@id\":\"https:\/\/news.filmelier.com\/br\/elenco-de-the-walking-dead\/\"},\"author\":{\"name\":\"Reda\u00e7\u00e3o Filmelier\",\"@id\":\"https:\/\/homolog.news.filmelier.com\/br\/#\/schema\/person\/a6491aa555ce96d9d1cc15f1742dbd7b\"},\"headline\":\"Elenco de &#8216;The Walking Dead&#8217;: carreiras e destinos ap\u00f3s o fim da s\u00e9rie\",\"datePublished\":\"2025-05-29T21:25:05+00:00\",\"dateModified\":\"2025-06-24T20:18:51+00:00\",\"mainEntityOfPage\":{\"@id\":\"https:\/\/news.filmelier.com\/br\/elenco-de-the-walking-dead\/\"},\"wordCount\":4926,\"commentCount\":0,\"publisher\":{\"@id\":\"https:\/\/homolog.news.filmelier.com\/br\/#organization\"},\"image\":{\"@id\":\"https:\/\/news.filmelier.com\/br\/elenco-de-the-walking-dead\/#primaryimage\"},\"thumbnailUrl\":\"https:\/\/news.filmelier.com\/wp-content\/uploads\/2025\/05\/the-walking-dead_header_header.webp\",\"keywords\":[\"Andrew Lincoln\",\"Elenco The Walking Dead\",\"Jeffrey Dean Morgan\",\"Jon Bernthal\",\"Michael Cudlitz\",\"Norman Reedus\",\"Steven Yeun\",\"The Walking Dead\"],\"articleSection\":[\"Cr\u00edticas\",\"Filmes\",\"S\u00e9ries e Novelas\"],\"inLanguage\":\"pt-BR\",\"potentialAction\":[{\"@type\":\"CommentAction\",\"name\":\"Comment\",\"target\":[\"https:\/\/news.filmelier.com\/br\/elenco-de-the-walking-dead\/#respond\"]}]},{\"@type\":\"WebPage\",\"@id\":\"https:\/\/news.filmelier.com\/br\/elenco-de-the-walking-dead\/\",\"url\":\"https:\/\/news.filmelier.com\/br\/elenco-de-the-walking-dead\/\",\"name\":\"Elenco de The Walking Dead: o que fizeram ap\u00f3s o fim da s\u00e9rie?\",\"isPartOf\":{\"@id\":\"https:\/\/homolog.news.filmelier.com\/br\/#website\"},\"primaryImageOfPage\":{\"@id\":\"https:\/\/news.filmelier.com\/br\/elenco-de-the-walking-dead\/#primaryimage\"},\"image\":{\"@id\":\"https:\/\/news.filmelier.com\/br\/elenco-de-the-walking-dead\/#primaryimage\"},\"thumbnailUrl\":\"https:\/\/news.filmelier.com\/wp-content\/uploads\/2025\/05\/the-walking-dead_header_header.webp\",\"datePublished\":\"2025-05-29T21:25:05+00:00\",\"dateModified\":\"2025-06-24T20:18:51+00:00\",\"description\":\"Descubra tudo sobre o elenco de 'The Walking Dead'. Saiba sobre os spin-offs e trajet\u00f3rias dos artistas ap\u00f3s o fim da obra.\",\"breadcrumb\":{\"@id\":\"https:\/\/news.filmelier.com\/br\/elenco-de-the-walking-dead\/#breadcrumb\"},\"inLanguage\":\"pt-BR\",\"potentialAction\":[{\"@type\":\"ReadAction\",\"target\":[\"https:\/\/news.filmelier.com\/br\/elenco-de-the-walking-dead\/\"]}]},{\"@type\":\"ImageObject\",\"inLanguage\":\"pt-BR\",\"@id\":\"https:\/\/news.filmelier.com\/br\/elenco-de-the-walking-dead\/#primaryimage\",\"url\":\"https:\/\/news.filmelier.com\/wp-content\/uploads\/2025\/05\/the-walking-dead_header_header.webp\",\"contentUrl\":\"https:\/\/news.filmelier.com\/wp-content\/uploads\/2025\/05\/the-walking-dead_header_header.webp\",\"width\":1440,\"height\":900,\"caption\":\"Elenco da S\u00e9rie The Walking Dead. Andrew Lincoln como Rick Grimes. (Cr\u00e9dito: TMDB)\"},{\"@type\":\"BreadcrumbList\",\"@id\":\"https:\/\/news.filmelier.com\/br\/elenco-de-the-walking-dead\/#breadcrumb\",\"itemListElement\":[{\"@type\":\"ListItem\",\"position\":1,\"name\":\"In\u00edcio\",\"item\":\"https:\/\/homolog.news.filmelier.com\/br\/\"},{\"@type\":\"ListItem\",\"position\":2,\"name\":\"Elenco de &#8216;The Walking Dead&#8217;: carreiras e destinos ap\u00f3s o fim da s\u00e9rie\"}]},{\"@type\":\"WebSite\",\"@id\":\"https:\/\/homolog.news.filmelier.com\/br\/#website\",\"url\":\"https:\/\/homolog.news.filmelier.com\/br\/\",\"name\":\"Homolog Filmelier News Rankrup\",\"description\":\"\",\"publisher\":{\"@id\":\"https:\/\/homolog.news.filmelier.com\/br\/#organization\"},\"potentialAction\":[{\"@type\":\"SearchAction\",\"target\":{\"@type\":\"EntryPoint\",\"urlTemplate\":\"https:\/\/homolog.news.filmelier.com\/br\/?s={search_term_string}\"},\"query-input\":{\"@type\":\"PropertyValueSpecification\",\"valueRequired\":true,\"valueName\":\"search_term_string\"}}],\"inLanguage\":\"pt-BR\"},{\"@type\":\"Organization\",\"@id\":\"https:\/\/homolog.news.filmelier.com\/br\/#organization\",\"name\":\"Homolog Filmelier News Rankrup\",\"url\":\"https:\/\/homolog.news.filmelier.com\/br\/\",\"logo\":{\"@type\":\"ImageObject\",\"inLanguage\":\"pt-BR\",\"@id\":\"https:\/\/homolog.news.filmelier.com\/br\/#\/schema\/logo\/image\/\",\"url\":\"https:\/\/news.filmelier.com\/wp-content\/uploads\/2024\/11\/Logo-News.png\",\"contentUrl\":\"https:\/\/news.filmelier.com\/wp-content\/uploads\/2024\/11\/Logo-News.png\",\"width\":460,\"height\":108,\"caption\":\"Homolog Filmelier News Rankrup\"},\"image\":{\"@id\":\"https:\/\/homolog.news.filmelier.com\/br\/#\/schema\/logo\/image\/\"}},{\"@type\":\"Person\",\"@id\":\"https:\/\/homolog.news.filmelier.com\/br\/#\/schema\/person\/a6491aa555ce96d9d1cc15f1742dbd7b\",\"name\":\"Reda\u00e7\u00e3o Filmelier\",\"image\":{\"@type\":\"ImageObject\",\"inLanguage\":\"pt-BR\",\"@id\":\"https:\/\/homolog.news.filmelier.com\/br\/#\/schema\/person\/image\/\",\"url\":\"https:\/\/secure.gravatar.com\/avatar\/8bf80419447553f32d821a953683c4666faca8d781f143825a02644ae3f7e2d0?s=96&d=mm&r=g\",\"contentUrl\":\"https:\/\/secure.gravatar.com\/avatar\/8bf80419447553f32d821a953683c4666faca8d781f143825a02644ae3f7e2d0?s=96&d=mm&r=g\",\"caption\":\"Reda\u00e7\u00e3o Filmelier\"},\"description\":\"Somos um time de jornalistas e cr\u00edticos que respira cinema a 24 quadros por segundo. Das estreias do circuito aos cl\u00e1ssicos restaurados, da curadoria em streamings \u00e0s entrevistas nos bastidores, nossa reda\u00e7\u00e3o transforma filmes em conte\u00fado inteligente \u2014 com an\u00e1lises afiadas, guias pr\u00e1ticos e hist\u00f3rias que fazem voc\u00ea ver a s\u00e9tima arte com outros olhos. Aqui no Filmelier, cinema n\u00e3o \u00e9 s\u00f3 lazer: \u00e9 of\u00edcio, \u00e9 expertise, \u00e9 paix\u00e3o em forma de texto.\",\"url\":\"https:\/\/news.filmelier.com\/br\/author\/contato-filmelier\/\"}]}<\/script>\n<!-- \/ Yoast SEO plugin. -->","yoast_head_json":{"title":"Elenco de The Walking Dead: o que fizeram ap\u00f3s o fim da s\u00e9rie?","description":"Descubra tudo sobre o elenco de 'The Walking Dead'. Saiba sobre os spin-offs e trajet\u00f3rias dos artistas ap\u00f3s o fim da obra.","robots":{"index":"index","follow":"follow","max-snippet":"max-snippet:-1","max-image-preview":"max-image-preview:large","max-video-preview":"max-video-preview:-1"},"canonical":"https:\/\/news.filmelier.com\/br\/elenco-de-the-walking-dead\/","og_locale":"pt_BR","og_type":"article","og_title":"Elenco de The Walking Dead: o que fizeram ap\u00f3s o fim da s\u00e9rie?","og_description":"Descubra tudo sobre o elenco de 'The Walking Dead'. Saiba sobre os spin-offs e trajet\u00f3rias dos artistas ap\u00f3s o fim da obra.","og_url":"https:\/\/news.filmelier.com\/br\/elenco-de-the-walking-dead\/","og_site_name":"News Filmelier","article_published_time":"2025-05-29T21:25:05+00:00","article_modified_time":"2025-06-24T20:18:51+00:00","og_image":[{"width":1440,"height":900,"url":"https:\/\/homolog.news.filmelier.com\/wp-content\/uploads\/2025\/05\/the-walking-dead_header_header.webp","type":"image\/webp"}],"author":"Reda\u00e7\u00e3o Filmelier","twitter_card":"summary_large_image","twitter_misc":{"Escrito por":"Reda\u00e7\u00e3o Filmelier","Est. tempo de leitura":"21 minutos"},"schema":{"@context":"https:\/\/schema.org","@graph":[{"@type":"Article","@id":"https:\/\/news.filmelier.com\/br\/elenco-de-the-walking-dead\/#article","isPartOf":{"@id":"https:\/\/news.filmelier.com\/br\/elenco-de-the-walking-dead\/"},"author":{"name":"Reda\u00e7\u00e3o Filmelier","@id":"https:\/\/homolog.news.filmelier.com\/br\/#\/schema\/person\/a6491aa555ce96d9d1cc15f1742dbd7b"},"headline":"Elenco de &#8216;The Walking Dead&#8217;: carreiras e destinos ap\u00f3s o fim da s\u00e9rie","datePublished":"2025-05-29T21:25:05+00:00","dateModified":"2025-06-24T20:18:51+00:00","mainEntityOfPage":{"@id":"https:\/\/news.filmelier.com\/br\/elenco-de-the-walking-dead\/"},"wordCount":4926,"commentCount":0,"publisher":{"@id":"https:\/\/homolog.news.filmelier.com\/br\/#organization"},"image":{"@id":"https:\/\/news.filmelier.com\/br\/elenco-de-the-walking-dead\/#primaryimage"},"thumbnailUrl":"https:\/\/news.filmelier.com\/wp-content\/uploads\/2025\/05\/the-walking-dead_header_header.webp","keywords":["Andrew Lincoln","Elenco The Walking Dead","Jeffrey Dean Morgan","Jon Bernthal","Michael Cudlitz","Norman Reedus","Steven Yeun","The Walking Dead"],"articleSection":["Cr\u00edticas","Filmes","S\u00e9ries e Novelas"],"inLanguage":"pt-BR","potentialAction":[{"@type":"CommentAction","name":"Comment","target":["https:\/\/news.filmelier.com\/br\/elenco-de-the-walking-dead\/#respond"]}]},{"@type":"WebPage","@id":"https:\/\/news.filmelier.com\/br\/elenco-de-the-walking-dead\/","url":"https:\/\/news.filmelier.com\/br\/elenco-de-the-walking-dead\/","name":"Elenco de The Walking Dead: o que fizeram ap\u00f3s o fim da s\u00e9rie?","isPartOf":{"@id":"https:\/\/homolog.news.filmelier.com\/br\/#website"},"primaryImageOfPage":{"@id":"https:\/\/news.filmelier.com\/br\/elenco-de-the-walking-dead\/#primaryimage"},"image":{"@id":"https:\/\/news.filmelier.com\/br\/elenco-de-the-walking-dead\/#primaryimage"},"thumbnailUrl":"https:\/\/news.filmelier.com\/wp-content\/uploads\/2025\/05\/the-walking-dead_header_header.webp","datePublished":"2025-05-29T21:25:05+00:00","dateModified":"2025-06-24T20:18:51+00:00","description":"Descubra tudo sobre o elenco de 'The Walking Dead'. Saiba sobre os spin-offs e trajet\u00f3rias dos artistas ap\u00f3s o fim da obra.","breadcrumb":{"@id":"https:\/\/news.filmelier.com\/br\/elenco-de-the-walking-dead\/#breadcrumb"},"inLanguage":"pt-BR","potentialAction":[{"@type":"ReadAction","target":["https:\/\/news.filmelier.com\/br\/elenco-de-the-walking-dead\/"]}]},{"@type":"ImageObject","inLanguage":"pt-BR","@id":"https:\/\/news.filmelier.com\/br\/elenco-de-the-walking-dead\/#primaryimage","url":"https:\/\/news.filmelier.com\/wp-content\/uploads\/2025\/05\/the-walking-dead_header_header.webp","contentUrl":"https:\/\/news.filmelier.com\/wp-content\/uploads\/2025\/05\/the-walking-dead_header_header.webp","width":1440,"height":900,"caption":"Elenco da S\u00e9rie The Walking Dead. Andrew Lincoln como Rick Grimes. (Cr\u00e9dito: TMDB)"},{"@type":"BreadcrumbList","@id":"https:\/\/news.filmelier.com\/br\/elenco-de-the-walking-dead\/#breadcrumb","itemListElement":[{"@type":"ListItem","position":1,"name":"In\u00edcio","item":"https:\/\/homolog.news.filmelier.com\/br\/"},{"@type":"ListItem","position":2,"name":"Elenco de &#8216;The Walking Dead&#8217;: carreiras e destinos ap\u00f3s o fim da s\u00e9rie"}]},{"@type":"WebSite","@id":"https:\/\/homolog.news.filmelier.com\/br\/#website","url":"https:\/\/homolog.news.filmelier.com\/br\/","name":"Homolog Filmelier News Rankrup","description":"","publisher":{"@id":"https:\/\/homolog.news.filmelier.com\/br\/#organization"},"potentialAction":[{"@type":"SearchAction","target":{"@type":"EntryPoint","urlTemplate":"https:\/\/homolog.news.filmelier.com\/br\/?s={search_term_string}"},"query-input":{"@type":"PropertyValueSpecification","valueRequired":true,"valueName":"search_term_string"}}],"inLanguage":"pt-BR"},{"@type":"Organization","@id":"https:\/\/homolog.news.filmelier.com\/br\/#organization","name":"Homolog Filmelier News Rankrup","url":"https:\/\/homolog.news.filmelier.com\/br\/","logo":{"@type":"ImageObject","inLanguage":"pt-BR","@id":"https:\/\/homolog.news.filmelier.com\/br\/#\/schema\/logo\/image\/","url":"https:\/\/news.filmelier.com\/wp-content\/uploads\/2024\/11\/Logo-News.png","contentUrl":"https:\/\/news.filmelier.com\/wp-content\/uploads\/2024\/11\/Logo-News.png","width":460,"height":108,"caption":"Homolog Filmelier News Rankrup"},"image":{"@id":"https:\/\/homolog.news.filmelier.com\/br\/#\/schema\/logo\/image\/"}},{"@type":"Person","@id":"https:\/\/homolog.news.filmelier.com\/br\/#\/schema\/person\/a6491aa555ce96d9d1cc15f1742dbd7b","name":"Reda\u00e7\u00e3o Filmelier","image":{"@type":"ImageObject","inLanguage":"pt-BR","@id":"https:\/\/homolog.news.filmelier.com\/br\/#\/schema\/person\/image\/","url":"https:\/\/secure.gravatar.com\/avatar\/8bf80419447553f32d821a953683c4666faca8d781f143825a02644ae3f7e2d0?s=96&d=mm&r=g","contentUrl":"https:\/\/secure.gravatar.com\/avatar\/8bf80419447553f32d821a953683c4666faca8d781f143825a02644ae3f7e2d0?s=96&d=mm&r=g","caption":"Reda\u00e7\u00e3o Filmelier"},"description":"Somos um time de jornalistas e cr\u00edticos que respira cinema a 24 quadros por segundo. Das estreias do circuito aos cl\u00e1ssicos restaurados, da curadoria em streamings \u00e0s entrevistas nos bastidores, nossa reda\u00e7\u00e3o transforma filmes em conte\u00fado inteligente \u2014 com an\u00e1lises afiadas, guias pr\u00e1ticos e hist\u00f3rias que fazem voc\u00ea ver a s\u00e9tima arte com outros olhos. Aqui no Filmelier, cinema n\u00e3o \u00e9 s\u00f3 lazer: \u00e9 of\u00edcio, \u00e9 expertise, \u00e9 paix\u00e3o em forma de texto.","url":"https:\/\/news.filmelier.com\/br\/author\/contato-filmelier\/"}]}},"_links":{"self":[{"href":"https:\/\/news.filmelier.com\/br\/wp-json\/wp\/v2\/posts\/49303","targetHints":{"allow":["GET"]}}],"collection":[{"href":"https:\/\/news.filmelier.com\/br\/wp-json\/wp\/v2\/posts"}],"about":[{"href":"https:\/\/news.filmelier.com\/br\/wp-json\/wp\/v2\/types\/post"}],"author":[{"embeddable":true,"href":"https:\/\/news.filmelier.com\/br\/wp-json\/wp\/v2\/users\/14"}],"replies":[{"embeddable":true,"href":"https:\/\/news.filmelier.com\/br\/wp-json\/wp\/v2\/comments?post=49303"}],"version-history":[{"count":4,"href":"https:\/\/news.filmelier.com\/br\/wp-json\/wp\/v2\/posts\/49303\/revisions"}],"predecessor-version":[{"id":52265,"href":"https:\/\/news.filmelier.com\/br\/wp-json\/wp\/v2\/posts\/49303\/revisions\/52265"}],"wp:featuredmedia":[{"embeddable":true,"href":"https:\/\/news.filmelier.com\/br\/wp-json\/wp\/v2\/media\/49304"}],"wp:attachment":[{"href":"https:\/\/news.filmelier.com\/br\/wp-json\/wp\/v2\/media?parent=49303"}],"wp:term":[{"taxonomy":"category","embeddable":true,"href":"https:\/\/news.filmelier.com\/br\/wp-json\/wp\/v2\/categories?post=49303"},{"taxonomy":"post_tag","embeddable":true,"href":"https:\/\/news.filmelier.com\/br\/wp-json\/wp\/v2\/tags?post=49303"}],"curies":[{"name":"wp","href":"https:\/\/api.w.org\/{rel}","templated":true}]}}