{"id":21946,"date":"2021-11-18T11:16:45","date_gmt":"2021-11-18T14:16:45","guid":{"rendered":"https:\/\/www.filmelier.com\/br\/noticias\/?p=21946"},"modified":"2021-11-18T11:16:45","modified_gmt":"2021-11-18T14:16:45","slug":"red-crescer-e-uma-fera-trailer","status":"publish","type":"post","link":"https:\/\/news.filmelier.com\/br\/red-crescer-e-uma-fera-trailer\/","title":{"rendered":"&#8216;Red: Crescer \u00e9 Uma Fera&#8217;: divertido trailer mostra jovem virando um urso"},"content":{"rendered":"\n<p>A nova anima\u00e7\u00e3o da <a href=\"https:\/\/www.filmelier.com\/br\/platforms\/disney-plus\">Disney<\/a> e da Pixar, &#8216;Red: Crescer \u00e9 uma Fera&#8217;, ganhou seu primeiro trailer. Na pr\u00e9via, vemos a jovem Meilin Lee tendo de lidar com fortes emo\u00e7\u00f5es para n\u00e3o se entregar a uma heran\u00e7a de fam\u00edlia: se transformar em um enorme urso vermelho. <\/p>\n\n\n\n<ul class=\"wp-block-list\"><li><strong>Leia tamb\u00e9m: <a href=\"https:\/\/www.filmelier.com\/br\/noticias\/ghostbusters-mais-alem-legado-analise\" target=\"_blank\" data-type=\"URL\" data-id=\"https:\/\/www.filmelier.com\/br\/noticias\/ghostbusters-mais-alem-legado-analise\" rel=\"noreferrer noopener\">Na era dos blockbusters sem alma, \u2018Ghostbusters: Mais Al\u00e9m\u2019 honra o legado de uma gera\u00e7\u00e3o<\/a><\/strong><\/li><\/ul>\n\n\n\n<p>Assista ao trailer: <\/p>\n\n\n\n<figure class=\"wp-block-embed is-type-video is-provider-youtube wp-block-embed-youtube wp-embed-aspect-16-9 wp-has-aspect-ratio\"><div class=\"wp-block-embed__wrapper\">\n<iframe title=\"Red - Crescer \u00e9 uma Fera | Trailer Legendado | Disney+\" width=\"800\" height=\"450\" src=\"https:\/\/www.youtube.com\/embed\/XMsDjGUd838?feature=oembed\" frameborder=\"0\" allow=\"accelerometer; autoplay; clipboard-write; encrypted-media; gyroscope; picture-in-picture; web-share\" referrerpolicy=\"strict-origin-when-cross-origin\" allowfullscreen><\/iframe>\n<\/div><\/figure>\n\n\n\n\n\n<p>O enredo segue a vida de uma garota sino-canadense de 13 anos, que est\u00e1 passando pelo caos da adolesc\u00eancia. E, como se as mudan\u00e7as em seus interesses, relacionamentos e corpo n\u00e3o fossem suficientes, sempre que ela fica muito agitada ou estressada Meilin Lee se transforma em algo fora do comum.<\/p>\n\n\n\n<p>&#8216;Red: Crescer \u00e9 Uma Fera&#8217; tem estreia nos cinemas brasileiros prevista para mar\u00e7o de 2022.<\/p>\n\n\n\n<p class=\"has-text-align-center\"><strong>Siga o Filmelier no&nbsp;<a rel=\"noreferrer noopener\" href=\"https:\/\/www.facebook.com\/filmelierbr\" target=\"_blank\">Facebook<\/a>,&nbsp;<a rel=\"noreferrer noopener\" href=\"https:\/\/www.twitter.com\/filmelierbr\" target=\"_blank\">Twitter<\/a>&nbsp;e&nbsp;<a rel=\"noreferrer noopener\" href=\"https:\/\/www.instagram.com\/filmelierbr\" target=\"_blank\">Instagram<\/a>.<\/strong><\/p>\n","protected":false},"excerpt":{"rendered":"<p>A nova produ\u00e7\u00e3o da Disney e da Pixar tem estreia prevista para mar\u00e7o de 2022<\/p>\n","protected":false},"author":14,"featured_media":21948,"comment_status":"closed","ping_status":"open","sticky":false,"template":"","format":"standard","meta":{"_acf_changed":false,"footnotes":""},"categories":[3482],"tags":[3488,9998,6115,4114,9999,4080,6204],"class_list":["post-21946","post","type-post","status-publish","format-standard","has-post-thumbnail","hentry","category-filmes-br","tag-animacao-br","tag-animacao-disney","tag-disney-2","tag-pixar-br","tag-red-crescer-e-uma-fera","tag-trailer-br","tag-walt-disney"],"acf":{"subtitulo":"","id_ator":""},"yoast_head":"<!-- This site is optimized with the Yoast SEO plugin v26.1.1 - https:\/\/yoast.com\/wordpress\/plugins\/seo\/ -->\n<title>&#039;Red: Crescer \u00e9 Uma Fera&#039;: divertido trailer mostra jovem virando um urso - News Filmelier<\/title>\n<meta name=\"robots\" content=\"index, follow, max-snippet:-1, max-image-preview:large, max-video-preview:-1\" \/>\n<link rel=\"canonical\" href=\"https:\/\/news.filmelier.com\/br\/red-crescer-e-uma-fera-trailer\/\" \/>\n<meta property=\"og:locale\" content=\"pt_BR\" \/>\n<meta property=\"og:type\" content=\"article\" \/>\n<meta property=\"og:title\" content=\"&#039;Red: Crescer \u00e9 Uma Fera&#039;: divertido trailer mostra jovem virando um urso - News Filmelier\" \/>\n<meta property=\"og:description\" content=\"A nova produ\u00e7\u00e3o da Disney e da Pixar tem estreia prevista para mar\u00e7o de 2022\" \/>\n<meta property=\"og:url\" content=\"https:\/\/news.filmelier.com\/br\/red-crescer-e-uma-fera-trailer\/\" \/>\n<meta property=\"og:site_name\" content=\"News Filmelier\" \/>\n<meta property=\"article:published_time\" content=\"2021-11-18T14:16:45+00:00\" \/>\n<meta name=\"author\" content=\"Reda\u00e7\u00e3o Filmelier\" \/>\n<meta name=\"twitter:card\" content=\"summary_large_image\" \/>\n<meta name=\"twitter:label1\" content=\"Escrito por\" \/>\n\t<meta name=\"twitter:data1\" content=\"Reda\u00e7\u00e3o Filmelier\" \/>\n\t<meta name=\"twitter:label2\" content=\"Est. tempo de leitura\" \/>\n\t<meta name=\"twitter:data2\" content=\"1 minuto\" \/>\n<script type=\"application\/ld+json\" class=\"yoast-schema-graph\">{\"@context\":\"https:\/\/schema.org\",\"@graph\":[{\"@type\":\"Article\",\"@id\":\"https:\/\/news.filmelier.com\/br\/red-crescer-e-uma-fera-trailer\/#article\",\"isPartOf\":{\"@id\":\"https:\/\/news.filmelier.com\/br\/red-crescer-e-uma-fera-trailer\/\"},\"author\":{\"name\":\"Reda\u00e7\u00e3o Filmelier\",\"@id\":\"https:\/\/homolog.news.filmelier.com\/br\/#\/schema\/person\/a6491aa555ce96d9d1cc15f1742dbd7b\"},\"headline\":\"&#8216;Red: Crescer \u00e9 Uma Fera&#8217;: divertido trailer mostra jovem virando um urso\",\"datePublished\":\"2021-11-18T14:16:45+00:00\",\"mainEntityOfPage\":{\"@id\":\"https:\/\/news.filmelier.com\/br\/red-crescer-e-uma-fera-trailer\/\"},\"wordCount\":170,\"publisher\":{\"@id\":\"https:\/\/homolog.news.filmelier.com\/br\/#organization\"},\"image\":{\"@id\":\"https:\/\/news.filmelier.com\/br\/red-crescer-e-uma-fera-trailer\/#primaryimage\"},\"thumbnailUrl\":\"\",\"keywords\":[\"anima\u00e7\u00e3o\",\"anima\u00e7\u00e3o disney\",\"Disney\",\"Pixar\",\"Red: Crescer \u00e9 Uma Fera\",\"trailer\",\"Walt Disney\"],\"articleSection\":[\"Filmes\"],\"inLanguage\":\"pt-BR\"},{\"@type\":\"WebPage\",\"@id\":\"https:\/\/news.filmelier.com\/br\/red-crescer-e-uma-fera-trailer\/\",\"url\":\"https:\/\/news.filmelier.com\/br\/red-crescer-e-uma-fera-trailer\/\",\"name\":\"'Red: Crescer \u00e9 Uma Fera': divertido trailer mostra jovem virando um urso - News Filmelier\",\"isPartOf\":{\"@id\":\"https:\/\/homolog.news.filmelier.com\/br\/#website\"},\"primaryImageOfPage\":{\"@id\":\"https:\/\/news.filmelier.com\/br\/red-crescer-e-uma-fera-trailer\/#primaryimage\"},\"image\":{\"@id\":\"https:\/\/news.filmelier.com\/br\/red-crescer-e-uma-fera-trailer\/#primaryimage\"},\"thumbnailUrl\":\"\",\"datePublished\":\"2021-11-18T14:16:45+00:00\",\"breadcrumb\":{\"@id\":\"https:\/\/news.filmelier.com\/br\/red-crescer-e-uma-fera-trailer\/#breadcrumb\"},\"inLanguage\":\"pt-BR\",\"potentialAction\":[{\"@type\":\"ReadAction\",\"target\":[\"https:\/\/news.filmelier.com\/br\/red-crescer-e-uma-fera-trailer\/\"]}]},{\"@type\":\"ImageObject\",\"inLanguage\":\"pt-BR\",\"@id\":\"https:\/\/news.filmelier.com\/br\/red-crescer-e-uma-fera-trailer\/#primaryimage\",\"url\":\"\",\"contentUrl\":\"\"},{\"@type\":\"BreadcrumbList\",\"@id\":\"https:\/\/news.filmelier.com\/br\/red-crescer-e-uma-fera-trailer\/#breadcrumb\",\"itemListElement\":[{\"@type\":\"ListItem\",\"position\":1,\"name\":\"In\u00edcio\",\"item\":\"https:\/\/homolog.news.filmelier.com\/br\/\"},{\"@type\":\"ListItem\",\"position\":2,\"name\":\"&#8216;Red: Crescer \u00e9 Uma Fera&#8217;: divertido trailer mostra jovem virando um urso\"}]},{\"@type\":\"WebSite\",\"@id\":\"https:\/\/homolog.news.filmelier.com\/br\/#website\",\"url\":\"https:\/\/homolog.news.filmelier.com\/br\/\",\"name\":\"Homolog Filmelier News Rankrup\",\"description\":\"\",\"publisher\":{\"@id\":\"https:\/\/homolog.news.filmelier.com\/br\/#organization\"},\"potentialAction\":[{\"@type\":\"SearchAction\",\"target\":{\"@type\":\"EntryPoint\",\"urlTemplate\":\"https:\/\/homolog.news.filmelier.com\/br\/?s={search_term_string}\"},\"query-input\":{\"@type\":\"PropertyValueSpecification\",\"valueRequired\":true,\"valueName\":\"search_term_string\"}}],\"inLanguage\":\"pt-BR\"},{\"@type\":\"Organization\",\"@id\":\"https:\/\/homolog.news.filmelier.com\/br\/#organization\",\"name\":\"Homolog Filmelier News Rankrup\",\"url\":\"https:\/\/homolog.news.filmelier.com\/br\/\",\"logo\":{\"@type\":\"ImageObject\",\"inLanguage\":\"pt-BR\",\"@id\":\"https:\/\/homolog.news.filmelier.com\/br\/#\/schema\/logo\/image\/\",\"url\":\"https:\/\/news.filmelier.com\/wp-content\/uploads\/2024\/11\/Logo-News.png\",\"contentUrl\":\"https:\/\/news.filmelier.com\/wp-content\/uploads\/2024\/11\/Logo-News.png\",\"width\":460,\"height\":108,\"caption\":\"Homolog Filmelier News Rankrup\"},\"image\":{\"@id\":\"https:\/\/homolog.news.filmelier.com\/br\/#\/schema\/logo\/image\/\"}},{\"@type\":\"Person\",\"@id\":\"https:\/\/homolog.news.filmelier.com\/br\/#\/schema\/person\/a6491aa555ce96d9d1cc15f1742dbd7b\",\"name\":\"Reda\u00e7\u00e3o Filmelier\",\"image\":{\"@type\":\"ImageObject\",\"inLanguage\":\"pt-BR\",\"@id\":\"https:\/\/homolog.news.filmelier.com\/br\/#\/schema\/person\/image\/\",\"url\":\"https:\/\/secure.gravatar.com\/avatar\/8bf80419447553f32d821a953683c4666faca8d781f143825a02644ae3f7e2d0?s=96&d=mm&r=g\",\"contentUrl\":\"https:\/\/secure.gravatar.com\/avatar\/8bf80419447553f32d821a953683c4666faca8d781f143825a02644ae3f7e2d0?s=96&d=mm&r=g\",\"caption\":\"Reda\u00e7\u00e3o Filmelier\"},\"description\":\"Somos um time de jornalistas e cr\u00edticos que respira cinema a 24 quadros por segundo. Das estreias do circuito aos cl\u00e1ssicos restaurados, da curadoria em streamings \u00e0s entrevistas nos bastidores, nossa reda\u00e7\u00e3o transforma filmes em conte\u00fado inteligente \u2014 com an\u00e1lises afiadas, guias pr\u00e1ticos e hist\u00f3rias que fazem voc\u00ea ver a s\u00e9tima arte com outros olhos. Aqui no Filmelier, cinema n\u00e3o \u00e9 s\u00f3 lazer: \u00e9 of\u00edcio, \u00e9 expertise, \u00e9 paix\u00e3o em forma de texto.\",\"url\":\"https:\/\/news.filmelier.com\/br\/author\/contato-filmelier\/\"}]}<\/script>\n<!-- \/ Yoast SEO plugin. -->","yoast_head_json":{"title":"'Red: Crescer \u00e9 Uma Fera': divertido trailer mostra jovem virando um urso - News Filmelier","robots":{"index":"index","follow":"follow","max-snippet":"max-snippet:-1","max-image-preview":"max-image-preview:large","max-video-preview":"max-video-preview:-1"},"canonical":"https:\/\/news.filmelier.com\/br\/red-crescer-e-uma-fera-trailer\/","og_locale":"pt_BR","og_type":"article","og_title":"'Red: Crescer \u00e9 Uma Fera': divertido trailer mostra jovem virando um urso - News Filmelier","og_description":"A nova produ\u00e7\u00e3o da Disney e da Pixar tem estreia prevista para mar\u00e7o de 2022","og_url":"https:\/\/news.filmelier.com\/br\/red-crescer-e-uma-fera-trailer\/","og_site_name":"News Filmelier","article_published_time":"2021-11-18T14:16:45+00:00","author":"Reda\u00e7\u00e3o Filmelier","twitter_card":"summary_large_image","twitter_misc":{"Escrito por":"Reda\u00e7\u00e3o Filmelier","Est. tempo de leitura":"1 minuto"},"schema":{"@context":"https:\/\/schema.org","@graph":[{"@type":"Article","@id":"https:\/\/news.filmelier.com\/br\/red-crescer-e-uma-fera-trailer\/#article","isPartOf":{"@id":"https:\/\/news.filmelier.com\/br\/red-crescer-e-uma-fera-trailer\/"},"author":{"name":"Reda\u00e7\u00e3o Filmelier","@id":"https:\/\/homolog.news.filmelier.com\/br\/#\/schema\/person\/a6491aa555ce96d9d1cc15f1742dbd7b"},"headline":"&#8216;Red: Crescer \u00e9 Uma Fera&#8217;: divertido trailer mostra jovem virando um urso","datePublished":"2021-11-18T14:16:45+00:00","mainEntityOfPage":{"@id":"https:\/\/news.filmelier.com\/br\/red-crescer-e-uma-fera-trailer\/"},"wordCount":170,"publisher":{"@id":"https:\/\/homolog.news.filmelier.com\/br\/#organization"},"image":{"@id":"https:\/\/news.filmelier.com\/br\/red-crescer-e-uma-fera-trailer\/#primaryimage"},"thumbnailUrl":"","keywords":["anima\u00e7\u00e3o","anima\u00e7\u00e3o disney","Disney","Pixar","Red: Crescer \u00e9 Uma Fera","trailer","Walt Disney"],"articleSection":["Filmes"],"inLanguage":"pt-BR"},{"@type":"WebPage","@id":"https:\/\/news.filmelier.com\/br\/red-crescer-e-uma-fera-trailer\/","url":"https:\/\/news.filmelier.com\/br\/red-crescer-e-uma-fera-trailer\/","name":"'Red: Crescer \u00e9 Uma Fera': divertido trailer mostra jovem virando um urso - News Filmelier","isPartOf":{"@id":"https:\/\/homolog.news.filmelier.com\/br\/#website"},"primaryImageOfPage":{"@id":"https:\/\/news.filmelier.com\/br\/red-crescer-e-uma-fera-trailer\/#primaryimage"},"image":{"@id":"https:\/\/news.filmelier.com\/br\/red-crescer-e-uma-fera-trailer\/#primaryimage"},"thumbnailUrl":"","datePublished":"2021-11-18T14:16:45+00:00","breadcrumb":{"@id":"https:\/\/news.filmelier.com\/br\/red-crescer-e-uma-fera-trailer\/#breadcrumb"},"inLanguage":"pt-BR","potentialAction":[{"@type":"ReadAction","target":["https:\/\/news.filmelier.com\/br\/red-crescer-e-uma-fera-trailer\/"]}]},{"@type":"ImageObject","inLanguage":"pt-BR","@id":"https:\/\/news.filmelier.com\/br\/red-crescer-e-uma-fera-trailer\/#primaryimage","url":"","contentUrl":""},{"@type":"BreadcrumbList","@id":"https:\/\/news.filmelier.com\/br\/red-crescer-e-uma-fera-trailer\/#breadcrumb","itemListElement":[{"@type":"ListItem","position":1,"name":"In\u00edcio","item":"https:\/\/homolog.news.filmelier.com\/br\/"},{"@type":"ListItem","position":2,"name":"&#8216;Red: Crescer \u00e9 Uma Fera&#8217;: divertido trailer mostra jovem virando um urso"}]},{"@type":"WebSite","@id":"https:\/\/homolog.news.filmelier.com\/br\/#website","url":"https:\/\/homolog.news.filmelier.com\/br\/","name":"Homolog Filmelier News Rankrup","description":"","publisher":{"@id":"https:\/\/homolog.news.filmelier.com\/br\/#organization"},"potentialAction":[{"@type":"SearchAction","target":{"@type":"EntryPoint","urlTemplate":"https:\/\/homolog.news.filmelier.com\/br\/?s={search_term_string}"},"query-input":{"@type":"PropertyValueSpecification","valueRequired":true,"valueName":"search_term_string"}}],"inLanguage":"pt-BR"},{"@type":"Organization","@id":"https:\/\/homolog.news.filmelier.com\/br\/#organization","name":"Homolog Filmelier News Rankrup","url":"https:\/\/homolog.news.filmelier.com\/br\/","logo":{"@type":"ImageObject","inLanguage":"pt-BR","@id":"https:\/\/homolog.news.filmelier.com\/br\/#\/schema\/logo\/image\/","url":"https:\/\/news.filmelier.com\/wp-content\/uploads\/2024\/11\/Logo-News.png","contentUrl":"https:\/\/news.filmelier.com\/wp-content\/uploads\/2024\/11\/Logo-News.png","width":460,"height":108,"caption":"Homolog Filmelier News Rankrup"},"image":{"@id":"https:\/\/homolog.news.filmelier.com\/br\/#\/schema\/logo\/image\/"}},{"@type":"Person","@id":"https:\/\/homolog.news.filmelier.com\/br\/#\/schema\/person\/a6491aa555ce96d9d1cc15f1742dbd7b","name":"Reda\u00e7\u00e3o Filmelier","image":{"@type":"ImageObject","inLanguage":"pt-BR","@id":"https:\/\/homolog.news.filmelier.com\/br\/#\/schema\/person\/image\/","url":"https:\/\/secure.gravatar.com\/avatar\/8bf80419447553f32d821a953683c4666faca8d781f143825a02644ae3f7e2d0?s=96&d=mm&r=g","contentUrl":"https:\/\/secure.gravatar.com\/avatar\/8bf80419447553f32d821a953683c4666faca8d781f143825a02644ae3f7e2d0?s=96&d=mm&r=g","caption":"Reda\u00e7\u00e3o Filmelier"},"description":"Somos um time de jornalistas e cr\u00edticos que respira cinema a 24 quadros por segundo. Das estreias do circuito aos cl\u00e1ssicos restaurados, da curadoria em streamings \u00e0s entrevistas nos bastidores, nossa reda\u00e7\u00e3o transforma filmes em conte\u00fado inteligente \u2014 com an\u00e1lises afiadas, guias pr\u00e1ticos e hist\u00f3rias que fazem voc\u00ea ver a s\u00e9tima arte com outros olhos. Aqui no Filmelier, cinema n\u00e3o \u00e9 s\u00f3 lazer: \u00e9 of\u00edcio, \u00e9 expertise, \u00e9 paix\u00e3o em forma de texto.","url":"https:\/\/news.filmelier.com\/br\/author\/contato-filmelier\/"}]}},"_links":{"self":[{"href":"https:\/\/news.filmelier.com\/br\/wp-json\/wp\/v2\/posts\/21946","targetHints":{"allow":["GET"]}}],"collection":[{"href":"https:\/\/news.filmelier.com\/br\/wp-json\/wp\/v2\/posts"}],"about":[{"href":"https:\/\/news.filmelier.com\/br\/wp-json\/wp\/v2\/types\/post"}],"author":[{"embeddable":true,"href":"https:\/\/news.filmelier.com\/br\/wp-json\/wp\/v2\/users\/14"}],"replies":[{"embeddable":true,"href":"https:\/\/news.filmelier.com\/br\/wp-json\/wp\/v2\/comments?post=21946"}],"version-history":[{"count":0,"href":"https:\/\/news.filmelier.com\/br\/wp-json\/wp\/v2\/posts\/21946\/revisions"}],"wp:featuredmedia":[{"embeddable":true,"href":"https:\/\/news.filmelier.com\/br\/wp-json\/"}],"wp:attachment":[{"href":"https:\/\/news.filmelier.com\/br\/wp-json\/wp\/v2\/media?parent=21946"}],"wp:term":[{"taxonomy":"category","embeddable":true,"href":"https:\/\/news.filmelier.com\/br\/wp-json\/wp\/v2\/categories?post=21946"},{"taxonomy":"post_tag","embeddable":true,"href":"https:\/\/news.filmelier.com\/br\/wp-json\/wp\/v2\/tags?post=21946"}],"curies":[{"name":"wp","href":"https:\/\/api.w.org\/{rel}","templated":true}]}}