{"id":21918,"date":"2021-11-18T14:29:08","date_gmt":"2021-11-18T17:29:08","guid":{"rendered":"https:\/\/www.filmelier.com\/br\/noticias\/?p=21918"},"modified":"2021-11-18T14:29:08","modified_gmt":"2021-11-18T17:29:08","slug":"o-beco-do-pesadelo-trailer-final","status":"publish","type":"post","link":"https:\/\/news.filmelier.com\/br\/o-beco-do-pesadelo-trailer-final\/","title":{"rendered":"&#8216;O Beco do Pesadelo&#8217;, novo filme de Guillermo del Toro, ganha trailer sombrio"},"content":{"rendered":"\n<p>O diretor mexicano Guillermo del Toro, ganhador do Oscar por <a href=\"https:\/\/www.filmelier.com\/br\/film\/2715\/a-forma-da-agua\">&#8216;A Forma da \u00c1gua&#8217;<\/a>, est\u00e1 preparando os f\u00e3s para a estreia de seu pr\u00f3ximo trabalho, &#8216;O Beco do Pesadelo&#8217; (em ingl\u00eas &#8216;Nightmare Alley&#8217;), estrelado por Bradley Cooper, Rooney Mara e Cate Blanchett. Nesta quinta-feira, 18, a Searchlight Pictures divulgou o trailer final da produ\u00e7\u00e3o.<\/p>\n\n\n\n<ul class=\"wp-block-list\"><li><strong>Leia tamb\u00e9m: <a href=\"https:\/\/www.filmelier.com\/br\/noticias\/espiritos-obscuros-scott-cooper\">De Spielberg a del Toro: Scott Cooper revela as influ\u00eancias de \u2018Esp\u00edritos Obscuros\u2019<\/a><\/strong><\/li><\/ul>\n\n\n\n<p>Veja o trailer abaixo:<\/p>\n\n\n\n<figure class=\"wp-block-embed is-type-video is-provider-youtube wp-block-embed-youtube wp-embed-aspect-16-9 wp-has-aspect-ratio\"><div class=\"wp-block-embed__wrapper\">\n<iframe title=\"NIGHTMARE ALLEY | Official Trailer | Searchlight Pictures\" width=\"800\" height=\"450\" src=\"https:\/\/www.youtube.com\/embed\/Q81Yf46Oj3s?feature=oembed\" frameborder=\"0\" allow=\"accelerometer; autoplay; clipboard-write; encrypted-media; gyroscope; picture-in-picture; web-share\" referrerpolicy=\"strict-origin-when-cross-origin\" allowfullscreen><\/iframe>\n<\/div><\/figure>\n\n\n\n<p>O filme acompanha um ambicioso jovem vigarista que se envolve com uma psiquiatra que \u00e9 mais corrupta do que ele. No in\u00edcio, eles aproveitam o sucesso extorquindo as pessoas com seus truque mentais, mas ela de repente se volta contra ele.<\/p>\n\n\n\n\n\n<p>O elenco do longa inclui tamb\u00e9m inclui Willem Dafoe, Toni Collette, David Strathairn, Richard Jenkins, Mary Steenburgen e o colaborador mais recorrente de Del Toro desde seus dias de Cronos, Ron Perlman.<\/p>\n\n\n\n<p>Al\u00e9m da pr\u00e9via, foi divulgado tamb\u00e9m o p\u00f4ster oficial em ingl\u00eas:<\/p>\n\n\n\n<figure class=\"wp-block-image size-full\"><img decoding=\"async\" src=\"https:\/\/www.filmelier.com\/br\/noticias\/wp-content\/uploads\/2021\/11\/poster-el-callejon-de-las-almas-perdidas-nightmare-alley.jpeg\" alt=\"'O Beco do Pesadelo', novo filme de Guillermo del Toro, ganha novo p\u00f4ster\" class=\"wp-image-21975\"\/><figcaption><em>O elenco principal do filme (Cr\u00e9dito: Searchlight Pictures)<\/em><\/figcaption><\/figure>\n\n\n\n<h2 class=\"wp-block-heading\">Sobre &#8216;O Beco do Pesadelo&#8217;<\/h2>\n\n\n\n<p>O romance &#8216;Nightmare Alley&#8217;, escrito por William Lindsay Gresham, foi publicado em 1946. Se trata de uma hist\u00f3ria sobre o lado obscuro do show business e da ambi\u00e7\u00e3o humana, atrav\u00e9s dos olhos do protagonista Stanton Carlisle. Um ano depois, o romance foi adaptado para o cinema sob a dire\u00e7\u00e3o de Edmund Goulding, estrelado por Tyrone Power.<\/p>\n\n\n\n<figure class=\"wp-block-embed is-type-video is-provider-youtube wp-block-embed-youtube wp-embed-aspect-16-9 wp-has-aspect-ratio\"><div class=\"wp-block-embed__wrapper\">\n<iframe title=\"Nightmare Alley (1947) Trailer HD | Tyrone Power | Joan Blondell\" width=\"800\" height=\"450\" src=\"https:\/\/www.youtube.com\/embed\/a7Nly0xSm1E?feature=oembed\" frameborder=\"0\" allow=\"accelerometer; autoplay; clipboard-write; encrypted-media; gyroscope; picture-in-picture; web-share\" referrerpolicy=\"strict-origin-when-cross-origin\" allowfullscreen><\/iframe>\n<\/div><\/figure>\n\n\n\n<p>Apesar de ter um or\u00e7amento alto e estrelas reconhecidas &#8211; algo incomum para filmes desse tipo na \u00e9poca &#8211; a produ\u00e7\u00e3o fracassou nas bilheterias devido aos protestos do p\u00fablico sobre o enredo s\u00f3rdido.<\/p>\n\n\n\n<p><br> &#8216;O Beco do Pesadelo&#8217;, vers\u00e3o de Guillermo del Toro, chega aos cinemas no dia 17 de dezembro.<\/p>\n\n\n\n<p class=\"has-text-align-center\"><strong>Siga o Filmelier no&nbsp;<a rel=\"noreferrer noopener\" href=\"https:\/\/www.facebook.com\/filmelierbr\" target=\"_blank\">Facebook<\/a>,&nbsp;<a rel=\"noreferrer noopener\" href=\"https:\/\/www.twitter.com\/filmelierbr\" target=\"_blank\">Twitter<\/a>,&nbsp;<a rel=\"noreferrer noopener\" href=\"https:\/\/www.instagram.com\/filmelierbr\" target=\"_blank\">Instagram<\/a>&nbsp;e&nbsp;<a rel=\"noreferrer noopener\" href=\"https:\/\/www.tiktok.com\/@filmelierbr\" target=\"_blank\">TikTok<\/a>.<\/strong><a href=\"https:\/\/www.filmelier.com\/br\/noticias\/feed\/\" target=\"_blank\" rel=\"noreferrer noopener\"><\/a><a href=\"https:\/\/www.filmelier.com\/br\/noticias\/feed\/\" target=\"_blank\" rel=\"noreferrer noopener\"><\/a><a href=\"https:\/\/www.filmelier.com\/br\/noticias\/feed\/\" target=\"_blank\" rel=\"noreferrer noopener\"><\/a><a href=\"https:\/\/www.filmelier.com\/br\/noticias\/feed\/\" target=\"_blank\" rel=\"noreferrer noopener\"><\/a><a href=\"https:\/\/www.filmelier.com\/br\/noticias\/feed\/\" target=\"_blank\" rel=\"noreferrer noopener\"><\/a><a href=\"https:\/\/www.filmelier.com\/br\/noticias\/feed\/\" target=\"_blank\" rel=\"noreferrer noopener\"><\/a><\/p>\n","protected":false},"excerpt":{"rendered":"<p>A produ\u00e7\u00e3o \u00e9 a adapta\u00e7\u00e3o do livro &#8216;Nightmare Alley&#8217; de William Lindsay Gresham<\/p>\n","protected":false},"author":14,"featured_media":21976,"comment_status":"closed","ping_status":"open","sticky":false,"template":"","format":"standard","meta":{"_acf_changed":false,"footnotes":""},"categories":[3482],"tags":[6194,3323,9993,2964,3815,3342,9994,9995,9996,6234,9997,5981,2768,6235,4080,6236],"class_list":["post-21918","post","type-post","status-publish","format-standard","has-post-thumbnail","hentry","category-filmes-br","tag-bradley-cooper","tag-cate-blanchett","tag-david-strathairn","tag-guillermo-del-toro","tag-lancamentos-br","tag-nightmare-alley","tag-o-beco-do-pesadelo","tag-richard-jenkins","tag-ron-perlman-2","tag-rooney-mara","tag-steenburgen","tag-terror","tag-thriller-en","tag-toni-collette","tag-trailer-br","tag-willem-dafoe"],"acf":{"subtitulo":"","id_ator":""},"yoast_head":"<!-- This site is optimized with the Yoast SEO plugin v26.1.1 - https:\/\/yoast.com\/wordpress\/plugins\/seo\/ -->\n<title>&#039;O Beco do Pesadelo&#039;, novo filme de Guillermo del Toro, ganha trailer sombrio - News Filmelier<\/title>\n<meta name=\"robots\" content=\"index, follow, max-snippet:-1, max-image-preview:large, max-video-preview:-1\" \/>\n<link rel=\"canonical\" href=\"https:\/\/news.filmelier.com\/br\/o-beco-do-pesadelo-trailer-final\/\" \/>\n<meta property=\"og:locale\" content=\"pt_BR\" \/>\n<meta property=\"og:type\" content=\"article\" \/>\n<meta property=\"og:title\" content=\"&#039;O Beco do Pesadelo&#039;, novo filme de Guillermo del Toro, ganha trailer sombrio - News Filmelier\" \/>\n<meta property=\"og:description\" content=\"A produ\u00e7\u00e3o \u00e9 a adapta\u00e7\u00e3o do livro &#039;Nightmare Alley&#039; de William Lindsay Gresham\" \/>\n<meta property=\"og:url\" content=\"https:\/\/news.filmelier.com\/br\/o-beco-do-pesadelo-trailer-final\/\" \/>\n<meta property=\"og:site_name\" content=\"News Filmelier\" \/>\n<meta property=\"article:published_time\" content=\"2021-11-18T17:29:08+00:00\" \/>\n<meta name=\"author\" content=\"Reda\u00e7\u00e3o Filmelier\" \/>\n<meta name=\"twitter:card\" content=\"summary_large_image\" \/>\n<meta name=\"twitter:label1\" content=\"Escrito por\" \/>\n\t<meta name=\"twitter:data1\" content=\"Reda\u00e7\u00e3o Filmelier\" \/>\n\t<meta name=\"twitter:label2\" content=\"Est. tempo de leitura\" \/>\n\t<meta name=\"twitter:data2\" content=\"2 minutos\" \/>\n<script type=\"application\/ld+json\" class=\"yoast-schema-graph\">{\"@context\":\"https:\/\/schema.org\",\"@graph\":[{\"@type\":\"Article\",\"@id\":\"https:\/\/news.filmelier.com\/br\/o-beco-do-pesadelo-trailer-final\/#article\",\"isPartOf\":{\"@id\":\"https:\/\/news.filmelier.com\/br\/o-beco-do-pesadelo-trailer-final\/\"},\"author\":{\"name\":\"Reda\u00e7\u00e3o Filmelier\",\"@id\":\"https:\/\/homolog.news.filmelier.com\/br\/#\/schema\/person\/a6491aa555ce96d9d1cc15f1742dbd7b\"},\"headline\":\"&#8216;O Beco do Pesadelo&#8217;, novo filme de Guillermo del Toro, ganha trailer sombrio\",\"datePublished\":\"2021-11-18T17:29:08+00:00\",\"mainEntityOfPage\":{\"@id\":\"https:\/\/news.filmelier.com\/br\/o-beco-do-pesadelo-trailer-final\/\"},\"wordCount\":343,\"publisher\":{\"@id\":\"https:\/\/homolog.news.filmelier.com\/br\/#organization\"},\"image\":{\"@id\":\"https:\/\/news.filmelier.com\/br\/o-beco-do-pesadelo-trailer-final\/#primaryimage\"},\"thumbnailUrl\":\"\",\"keywords\":[\"Bradley Cooper\",\"Cate Blanchett\",\"David Strathairn\",\"Guillermo del Toro\",\"lan\u00e7amentos\",\"Nightmare Alley\",\"O Beco do Pesadelo\",\"Richard Jenkins\",\"Ron Perlman\",\"Rooney Mara\",\"Steenburgen\",\"terror\",\"Thriller\",\"Toni Collette\",\"trailer\",\"Willem Dafoe\"],\"articleSection\":[\"Filmes\"],\"inLanguage\":\"pt-BR\"},{\"@type\":\"WebPage\",\"@id\":\"https:\/\/news.filmelier.com\/br\/o-beco-do-pesadelo-trailer-final\/\",\"url\":\"https:\/\/news.filmelier.com\/br\/o-beco-do-pesadelo-trailer-final\/\",\"name\":\"'O Beco do Pesadelo', novo filme de Guillermo del Toro, ganha trailer sombrio - News Filmelier\",\"isPartOf\":{\"@id\":\"https:\/\/homolog.news.filmelier.com\/br\/#website\"},\"primaryImageOfPage\":{\"@id\":\"https:\/\/news.filmelier.com\/br\/o-beco-do-pesadelo-trailer-final\/#primaryimage\"},\"image\":{\"@id\":\"https:\/\/news.filmelier.com\/br\/o-beco-do-pesadelo-trailer-final\/#primaryimage\"},\"thumbnailUrl\":\"\",\"datePublished\":\"2021-11-18T17:29:08+00:00\",\"breadcrumb\":{\"@id\":\"https:\/\/news.filmelier.com\/br\/o-beco-do-pesadelo-trailer-final\/#breadcrumb\"},\"inLanguage\":\"pt-BR\",\"potentialAction\":[{\"@type\":\"ReadAction\",\"target\":[\"https:\/\/news.filmelier.com\/br\/o-beco-do-pesadelo-trailer-final\/\"]}]},{\"@type\":\"ImageObject\",\"inLanguage\":\"pt-BR\",\"@id\":\"https:\/\/news.filmelier.com\/br\/o-beco-do-pesadelo-trailer-final\/#primaryimage\",\"url\":\"\",\"contentUrl\":\"\"},{\"@type\":\"BreadcrumbList\",\"@id\":\"https:\/\/news.filmelier.com\/br\/o-beco-do-pesadelo-trailer-final\/#breadcrumb\",\"itemListElement\":[{\"@type\":\"ListItem\",\"position\":1,\"name\":\"In\u00edcio\",\"item\":\"https:\/\/homolog.news.filmelier.com\/br\/\"},{\"@type\":\"ListItem\",\"position\":2,\"name\":\"&#8216;O Beco do Pesadelo&#8217;, novo filme de Guillermo del Toro, ganha trailer sombrio\"}]},{\"@type\":\"WebSite\",\"@id\":\"https:\/\/homolog.news.filmelier.com\/br\/#website\",\"url\":\"https:\/\/homolog.news.filmelier.com\/br\/\",\"name\":\"Homolog Filmelier News Rankrup\",\"description\":\"\",\"publisher\":{\"@id\":\"https:\/\/homolog.news.filmelier.com\/br\/#organization\"},\"potentialAction\":[{\"@type\":\"SearchAction\",\"target\":{\"@type\":\"EntryPoint\",\"urlTemplate\":\"https:\/\/homolog.news.filmelier.com\/br\/?s={search_term_string}\"},\"query-input\":{\"@type\":\"PropertyValueSpecification\",\"valueRequired\":true,\"valueName\":\"search_term_string\"}}],\"inLanguage\":\"pt-BR\"},{\"@type\":\"Organization\",\"@id\":\"https:\/\/homolog.news.filmelier.com\/br\/#organization\",\"name\":\"Homolog Filmelier News Rankrup\",\"url\":\"https:\/\/homolog.news.filmelier.com\/br\/\",\"logo\":{\"@type\":\"ImageObject\",\"inLanguage\":\"pt-BR\",\"@id\":\"https:\/\/homolog.news.filmelier.com\/br\/#\/schema\/logo\/image\/\",\"url\":\"https:\/\/news.filmelier.com\/wp-content\/uploads\/2024\/11\/Logo-News.png\",\"contentUrl\":\"https:\/\/news.filmelier.com\/wp-content\/uploads\/2024\/11\/Logo-News.png\",\"width\":460,\"height\":108,\"caption\":\"Homolog Filmelier News Rankrup\"},\"image\":{\"@id\":\"https:\/\/homolog.news.filmelier.com\/br\/#\/schema\/logo\/image\/\"}},{\"@type\":\"Person\",\"@id\":\"https:\/\/homolog.news.filmelier.com\/br\/#\/schema\/person\/a6491aa555ce96d9d1cc15f1742dbd7b\",\"name\":\"Reda\u00e7\u00e3o Filmelier\",\"image\":{\"@type\":\"ImageObject\",\"inLanguage\":\"pt-BR\",\"@id\":\"https:\/\/homolog.news.filmelier.com\/br\/#\/schema\/person\/image\/\",\"url\":\"https:\/\/secure.gravatar.com\/avatar\/8bf80419447553f32d821a953683c4666faca8d781f143825a02644ae3f7e2d0?s=96&d=mm&r=g\",\"contentUrl\":\"https:\/\/secure.gravatar.com\/avatar\/8bf80419447553f32d821a953683c4666faca8d781f143825a02644ae3f7e2d0?s=96&d=mm&r=g\",\"caption\":\"Reda\u00e7\u00e3o Filmelier\"},\"description\":\"Somos um time de jornalistas e cr\u00edticos que respira cinema a 24 quadros por segundo. Das estreias do circuito aos cl\u00e1ssicos restaurados, da curadoria em streamings \u00e0s entrevistas nos bastidores, nossa reda\u00e7\u00e3o transforma filmes em conte\u00fado inteligente \u2014 com an\u00e1lises afiadas, guias pr\u00e1ticos e hist\u00f3rias que fazem voc\u00ea ver a s\u00e9tima arte com outros olhos. Aqui no Filmelier, cinema n\u00e3o \u00e9 s\u00f3 lazer: \u00e9 of\u00edcio, \u00e9 expertise, \u00e9 paix\u00e3o em forma de texto.\",\"url\":\"https:\/\/news.filmelier.com\/br\/author\/contato-filmelier\/\"}]}<\/script>\n<!-- \/ Yoast SEO plugin. -->","yoast_head_json":{"title":"'O Beco do Pesadelo', novo filme de Guillermo del Toro, ganha trailer sombrio - News Filmelier","robots":{"index":"index","follow":"follow","max-snippet":"max-snippet:-1","max-image-preview":"max-image-preview:large","max-video-preview":"max-video-preview:-1"},"canonical":"https:\/\/news.filmelier.com\/br\/o-beco-do-pesadelo-trailer-final\/","og_locale":"pt_BR","og_type":"article","og_title":"'O Beco do Pesadelo', novo filme de Guillermo del Toro, ganha trailer sombrio - News Filmelier","og_description":"A produ\u00e7\u00e3o \u00e9 a adapta\u00e7\u00e3o do livro 'Nightmare Alley' de William Lindsay Gresham","og_url":"https:\/\/news.filmelier.com\/br\/o-beco-do-pesadelo-trailer-final\/","og_site_name":"News Filmelier","article_published_time":"2021-11-18T17:29:08+00:00","author":"Reda\u00e7\u00e3o Filmelier","twitter_card":"summary_large_image","twitter_misc":{"Escrito por":"Reda\u00e7\u00e3o Filmelier","Est. tempo de leitura":"2 minutos"},"schema":{"@context":"https:\/\/schema.org","@graph":[{"@type":"Article","@id":"https:\/\/news.filmelier.com\/br\/o-beco-do-pesadelo-trailer-final\/#article","isPartOf":{"@id":"https:\/\/news.filmelier.com\/br\/o-beco-do-pesadelo-trailer-final\/"},"author":{"name":"Reda\u00e7\u00e3o Filmelier","@id":"https:\/\/homolog.news.filmelier.com\/br\/#\/schema\/person\/a6491aa555ce96d9d1cc15f1742dbd7b"},"headline":"&#8216;O Beco do Pesadelo&#8217;, novo filme de Guillermo del Toro, ganha trailer sombrio","datePublished":"2021-11-18T17:29:08+00:00","mainEntityOfPage":{"@id":"https:\/\/news.filmelier.com\/br\/o-beco-do-pesadelo-trailer-final\/"},"wordCount":343,"publisher":{"@id":"https:\/\/homolog.news.filmelier.com\/br\/#organization"},"image":{"@id":"https:\/\/news.filmelier.com\/br\/o-beco-do-pesadelo-trailer-final\/#primaryimage"},"thumbnailUrl":"","keywords":["Bradley Cooper","Cate Blanchett","David Strathairn","Guillermo del Toro","lan\u00e7amentos","Nightmare Alley","O Beco do Pesadelo","Richard Jenkins","Ron Perlman","Rooney Mara","Steenburgen","terror","Thriller","Toni Collette","trailer","Willem Dafoe"],"articleSection":["Filmes"],"inLanguage":"pt-BR"},{"@type":"WebPage","@id":"https:\/\/news.filmelier.com\/br\/o-beco-do-pesadelo-trailer-final\/","url":"https:\/\/news.filmelier.com\/br\/o-beco-do-pesadelo-trailer-final\/","name":"'O Beco do Pesadelo', novo filme de Guillermo del Toro, ganha trailer sombrio - News Filmelier","isPartOf":{"@id":"https:\/\/homolog.news.filmelier.com\/br\/#website"},"primaryImageOfPage":{"@id":"https:\/\/news.filmelier.com\/br\/o-beco-do-pesadelo-trailer-final\/#primaryimage"},"image":{"@id":"https:\/\/news.filmelier.com\/br\/o-beco-do-pesadelo-trailer-final\/#primaryimage"},"thumbnailUrl":"","datePublished":"2021-11-18T17:29:08+00:00","breadcrumb":{"@id":"https:\/\/news.filmelier.com\/br\/o-beco-do-pesadelo-trailer-final\/#breadcrumb"},"inLanguage":"pt-BR","potentialAction":[{"@type":"ReadAction","target":["https:\/\/news.filmelier.com\/br\/o-beco-do-pesadelo-trailer-final\/"]}]},{"@type":"ImageObject","inLanguage":"pt-BR","@id":"https:\/\/news.filmelier.com\/br\/o-beco-do-pesadelo-trailer-final\/#primaryimage","url":"","contentUrl":""},{"@type":"BreadcrumbList","@id":"https:\/\/news.filmelier.com\/br\/o-beco-do-pesadelo-trailer-final\/#breadcrumb","itemListElement":[{"@type":"ListItem","position":1,"name":"In\u00edcio","item":"https:\/\/homolog.news.filmelier.com\/br\/"},{"@type":"ListItem","position":2,"name":"&#8216;O Beco do Pesadelo&#8217;, novo filme de Guillermo del Toro, ganha trailer sombrio"}]},{"@type":"WebSite","@id":"https:\/\/homolog.news.filmelier.com\/br\/#website","url":"https:\/\/homolog.news.filmelier.com\/br\/","name":"Homolog Filmelier News Rankrup","description":"","publisher":{"@id":"https:\/\/homolog.news.filmelier.com\/br\/#organization"},"potentialAction":[{"@type":"SearchAction","target":{"@type":"EntryPoint","urlTemplate":"https:\/\/homolog.news.filmelier.com\/br\/?s={search_term_string}"},"query-input":{"@type":"PropertyValueSpecification","valueRequired":true,"valueName":"search_term_string"}}],"inLanguage":"pt-BR"},{"@type":"Organization","@id":"https:\/\/homolog.news.filmelier.com\/br\/#organization","name":"Homolog Filmelier News Rankrup","url":"https:\/\/homolog.news.filmelier.com\/br\/","logo":{"@type":"ImageObject","inLanguage":"pt-BR","@id":"https:\/\/homolog.news.filmelier.com\/br\/#\/schema\/logo\/image\/","url":"https:\/\/news.filmelier.com\/wp-content\/uploads\/2024\/11\/Logo-News.png","contentUrl":"https:\/\/news.filmelier.com\/wp-content\/uploads\/2024\/11\/Logo-News.png","width":460,"height":108,"caption":"Homolog Filmelier News Rankrup"},"image":{"@id":"https:\/\/homolog.news.filmelier.com\/br\/#\/schema\/logo\/image\/"}},{"@type":"Person","@id":"https:\/\/homolog.news.filmelier.com\/br\/#\/schema\/person\/a6491aa555ce96d9d1cc15f1742dbd7b","name":"Reda\u00e7\u00e3o Filmelier","image":{"@type":"ImageObject","inLanguage":"pt-BR","@id":"https:\/\/homolog.news.filmelier.com\/br\/#\/schema\/person\/image\/","url":"https:\/\/secure.gravatar.com\/avatar\/8bf80419447553f32d821a953683c4666faca8d781f143825a02644ae3f7e2d0?s=96&d=mm&r=g","contentUrl":"https:\/\/secure.gravatar.com\/avatar\/8bf80419447553f32d821a953683c4666faca8d781f143825a02644ae3f7e2d0?s=96&d=mm&r=g","caption":"Reda\u00e7\u00e3o Filmelier"},"description":"Somos um time de jornalistas e cr\u00edticos que respira cinema a 24 quadros por segundo. Das estreias do circuito aos cl\u00e1ssicos restaurados, da curadoria em streamings \u00e0s entrevistas nos bastidores, nossa reda\u00e7\u00e3o transforma filmes em conte\u00fado inteligente \u2014 com an\u00e1lises afiadas, guias pr\u00e1ticos e hist\u00f3rias que fazem voc\u00ea ver a s\u00e9tima arte com outros olhos. Aqui no Filmelier, cinema n\u00e3o \u00e9 s\u00f3 lazer: \u00e9 of\u00edcio, \u00e9 expertise, \u00e9 paix\u00e3o em forma de texto.","url":"https:\/\/news.filmelier.com\/br\/author\/contato-filmelier\/"}]}},"_links":{"self":[{"href":"https:\/\/news.filmelier.com\/br\/wp-json\/wp\/v2\/posts\/21918","targetHints":{"allow":["GET"]}}],"collection":[{"href":"https:\/\/news.filmelier.com\/br\/wp-json\/wp\/v2\/posts"}],"about":[{"href":"https:\/\/news.filmelier.com\/br\/wp-json\/wp\/v2\/types\/post"}],"author":[{"embeddable":true,"href":"https:\/\/news.filmelier.com\/br\/wp-json\/wp\/v2\/users\/14"}],"replies":[{"embeddable":true,"href":"https:\/\/news.filmelier.com\/br\/wp-json\/wp\/v2\/comments?post=21918"}],"version-history":[{"count":0,"href":"https:\/\/news.filmelier.com\/br\/wp-json\/wp\/v2\/posts\/21918\/revisions"}],"wp:featuredmedia":[{"embeddable":true,"href":"https:\/\/news.filmelier.com\/br\/wp-json\/"}],"wp:attachment":[{"href":"https:\/\/news.filmelier.com\/br\/wp-json\/wp\/v2\/media?parent=21918"}],"wp:term":[{"taxonomy":"category","embeddable":true,"href":"https:\/\/news.filmelier.com\/br\/wp-json\/wp\/v2\/categories?post=21918"},{"taxonomy":"post_tag","embeddable":true,"href":"https:\/\/news.filmelier.com\/br\/wp-json\/wp\/v2\/tags?post=21918"}],"curies":[{"name":"wp","href":"https:\/\/api.w.org\/{rel}","templated":true}]}}