{"id":21810,"date":"2021-11-16T16:44:48","date_gmt":"2021-11-16T19:44:48","guid":{"rendered":"https:\/\/www.filmelier.com\/br\/noticias\/?p=21810"},"modified":"2021-11-16T16:44:48","modified_gmt":"2021-11-16T19:44:48","slug":"harry-potter-especial-hbo-max","status":"publish","type":"post","link":"https:\/\/news.filmelier.com\/br\/harry-potter-especial-hbo-max\/","title":{"rendered":"&#8216;Harry Potter&#8217;: ap\u00f3s 20 anos, elenco original ir\u00e1 se reunir em especial da HBO Max"},"content":{"rendered":"\n<p>Para comemorar os 20 anos da franquia &#8216;Harry Potter&#8217;, Daniel Radcliffe, Emma Watson e Rupert Grint &#8211; os eternos Harry, Hermione e Rony &#8211; se juntar\u00e3o ao cineasta <a href=\"https:\/\/www.filmelier.com\/br\/director\/chris-columbus\" target=\"_blank\" rel=\"noreferrer noopener\">Chris Columbus<\/a> para uma retrospectiva especial: &#8216;Harry Potter 20 anos: De Volta a Hogwarts&#8217;. A <a href=\"https:\/\/www.filmelier.com\/br\/platforms\/hbo-max\">HBO Max<\/a> divulgou a novidade nesta ter\u00e7a-feira, 16, junto de um teaser especial. <\/p>\n\n\n\n<ul class=\"wp-block-list\"><li><strong>Leia tamb\u00e9m: <a href=\"https:\/\/www.filmelier.com\/br\/noticias\/harry-potter-edicao-comemorativa\">\u2018Harry Potter e a Pedra Filosofal\u2019 completa 20 anos e ganha nova edi\u00e7\u00e3o comemorativa<\/a><\/strong><\/li><\/ul>\n\n\n\n<p>E os vil\u00f5es n\u00e3o ficaram de fora. Ralph Fiennes (Voldemort), Helena Boham Carter (Bellatrix Lestrange) e Tom Felton (Draco Malfoy) tamb\u00e9m est\u00e3o entre os nomes anunciados pelo est\u00fadio.  <\/p>\n\n\n\n<p>Confira: <\/p>\n\n\n\n<center>\n\n\n\n<figure class=\"wp-block-embed aligncenter is-type-rich is-provider-twitter wp-block-embed-twitter\"><div class=\"wp-block-embed__wrapper\">\n<blockquote class=\"twitter-tweet\" data-width=\"550\" data-dnt=\"true\"><p lang=\"pt\" dir=\"ltr\">Pela primeira vez, o lend\u00e1rio elenco est\u00e1 de volta ao lugar onde a magia come\u00e7ou. <a href=\"https:\/\/twitter.com\/hashtag\/HarryPotter?src=hash&amp;ref_src=twsrc%5Etfw\">#HarryPotter<\/a> 20 anos: <a href=\"https:\/\/twitter.com\/hashtag\/DeVoltaAHogwarts?src=hash&amp;ref_src=twsrc%5Etfw\">#DeVoltaAHogwarts<\/a>, dia 1\u00ba de janeiro de 2022, s\u00f3 na <a href=\"https:\/\/twitter.com\/hashtag\/HBOMax?src=hash&amp;ref_src=twsrc%5Etfw\">#HBOMax<\/a>. <a href=\"https:\/\/t.co\/BHk8ByfTru\">pic.twitter.com\/BHk8ByfTru<\/a><\/p>&mdash; HBO Max Brasil (@StreamMaxBR) <a href=\"https:\/\/twitter.com\/StreamMaxBR\/status\/1460654339710717961?ref_src=twsrc%5Etfw\">November 16, 2021<\/a><\/blockquote><script async src=\"https:\/\/platform.twitter.com\/widgets.js\" charset=\"utf-8\"><\/script>\n<\/div><\/figure>\n\n\n\n<\/center>\n\n\n\n\n\n<p>O primeiro filme da franquia, <a href=\"https:\/\/www.filmelier.com\/br\/film\/9548\/harry-potter-e-a-pedra-filosofal\">&#8216;Harry Potter e a Pedra Filosofal&#8217;<\/a> foi visto pela primeira vez nos cinemas brasileiros em 23 de novembro de 2001. Nos EUA, esse lan\u00e7amento completa 20 anos exatamente hoje, em 16 de novembro. Lembrando que os sete livros escritos por J.K. Rowling foram adaptados pela Warner Bros. entre 2001 e 2011. Atualmente, a hist\u00f3ria continua na franquia derivada &#8216;Animais Fant\u00e1sticos&#8217;.<\/p>\n\n\n\n<ul class=\"wp-block-list\"><li><strong>Confira tamb\u00e9m: <a href=\"https:\/\/www.filmelier.com\/br\/list\/todos-os-filmes-de-harry-potter-para-assistir-online\" target=\"_blank\" data-type=\"URL\" data-id=\"https:\/\/www.filmelier.com\/br\/list\/todos-os-filmes-de-harry-potter-para-assistir-online\" rel=\"noreferrer noopener\">Todos os filmes de Harry Potter para assistir online<\/a><\/strong><\/li><\/ul>\n\n\n\n<p> &#8216;Harry Potter 20 anos: De Volta a Hogwarts&#8217; chega \u00e0 HBO Max em 1\u00b0 de janeiro de 2022. <\/p>\n\n\n\n<p class=\"has-text-align-center\"><strong>Siga o Filmelier no&nbsp;<a rel=\"noreferrer noopener\" href=\"https:\/\/www.facebook.com\/filmelierbr\" target=\"_blank\">Facebook<\/a>,&nbsp;<a rel=\"noreferrer noopener\" href=\"https:\/\/www.twitter.com\/filmelierbr\" target=\"_blank\">Twitter<\/a>,&nbsp;<a rel=\"noreferrer noopener\" href=\"https:\/\/www.instagram.com\/filmelierbr\" target=\"_blank\">Instagram<\/a>&nbsp;e&nbsp;<a rel=\"noreferrer noopener\" href=\"https:\/\/www.tiktok.com\/@filmelierbr\" target=\"_blank\">TikTok<\/a>.<\/strong><\/p>\n","protected":false},"excerpt":{"rendered":"<p>&#8216;Harry Potter 20 anos: De Volta a Hogwarts&#8217; j\u00e1 tem data para estrear na plataforma<\/p>\n","protected":false},"author":14,"featured_media":21812,"comment_status":"closed","ping_status":"open","sticky":false,"template":"","format":"standard","meta":{"_acf_changed":false,"footnotes":""},"categories":[3482],"tags":[9988,6177,9989,6106],"class_list":["post-21810","post","type-post","status-publish","format-standard","has-post-thumbnail","hentry","category-filmes-br","tag-especial-harry-potter","tag-harry-potter","tag-harry-potter-reunion","tag-hbo-max"],"acf":{"subtitulo":"","id_ator":""},"yoast_head":"<!-- This site is optimized with the Yoast SEO plugin v26.1.1 - https:\/\/yoast.com\/wordpress\/plugins\/seo\/ -->\n<title>&#039;Harry Potter&#039;: ap\u00f3s 20 anos, elenco original ir\u00e1 se reunir em especial da HBO Max - News Filmelier<\/title>\n<meta name=\"robots\" content=\"index, follow, max-snippet:-1, max-image-preview:large, max-video-preview:-1\" \/>\n<link rel=\"canonical\" href=\"https:\/\/news.filmelier.com\/br\/harry-potter-especial-hbo-max\/\" \/>\n<meta property=\"og:locale\" content=\"pt_BR\" \/>\n<meta property=\"og:type\" content=\"article\" \/>\n<meta property=\"og:title\" content=\"&#039;Harry Potter&#039;: ap\u00f3s 20 anos, elenco original ir\u00e1 se reunir em especial da HBO Max - News Filmelier\" \/>\n<meta property=\"og:description\" content=\"&#039;Harry Potter 20 anos: De Volta a Hogwarts&#039; j\u00e1 tem data para estrear na plataforma\" \/>\n<meta property=\"og:url\" content=\"https:\/\/news.filmelier.com\/br\/harry-potter-especial-hbo-max\/\" \/>\n<meta property=\"og:site_name\" content=\"News Filmelier\" \/>\n<meta property=\"article:published_time\" content=\"2021-11-16T19:44:48+00:00\" \/>\n<meta property=\"og:image\" content=\"https:\/\/homolog.news.filmelier.com\/wp-content\/uploads\/2021\/11\/harry-potter.jpg\" \/>\n\t<meta property=\"og:image:width\" content=\"1500\" \/>\n\t<meta property=\"og:image:height\" content=\"800\" \/>\n\t<meta property=\"og:image:type\" content=\"image\/jpeg\" \/>\n<meta name=\"author\" content=\"Reda\u00e7\u00e3o Filmelier\" \/>\n<meta name=\"twitter:card\" content=\"summary_large_image\" \/>\n<meta name=\"twitter:label1\" content=\"Escrito por\" \/>\n\t<meta name=\"twitter:data1\" content=\"Reda\u00e7\u00e3o Filmelier\" \/>\n\t<meta name=\"twitter:label2\" content=\"Est. tempo de leitura\" \/>\n\t<meta name=\"twitter:data2\" content=\"1 minuto\" \/>\n<script type=\"application\/ld+json\" class=\"yoast-schema-graph\">{\"@context\":\"https:\/\/schema.org\",\"@graph\":[{\"@type\":\"Article\",\"@id\":\"https:\/\/news.filmelier.com\/br\/harry-potter-especial-hbo-max\/#article\",\"isPartOf\":{\"@id\":\"https:\/\/news.filmelier.com\/br\/harry-potter-especial-hbo-max\/\"},\"author\":{\"name\":\"Reda\u00e7\u00e3o Filmelier\",\"@id\":\"https:\/\/homolog.news.filmelier.com\/br\/#\/schema\/person\/a6491aa555ce96d9d1cc15f1742dbd7b\"},\"headline\":\"&#8216;Harry Potter&#8217;: ap\u00f3s 20 anos, elenco original ir\u00e1 se reunir em especial da HBO Max\",\"datePublished\":\"2021-11-16T19:44:48+00:00\",\"mainEntityOfPage\":{\"@id\":\"https:\/\/news.filmelier.com\/br\/harry-potter-especial-hbo-max\/\"},\"wordCount\":229,\"publisher\":{\"@id\":\"https:\/\/homolog.news.filmelier.com\/br\/#organization\"},\"image\":{\"@id\":\"https:\/\/news.filmelier.com\/br\/harry-potter-especial-hbo-max\/#primaryimage\"},\"thumbnailUrl\":\"https:\/\/news.filmelier.com\/wp-content\/uploads\/2021\/11\/harry-potter.jpg\",\"keywords\":[\"Especial Harry Potter\",\"Harry Potter\",\"Harry Potter Reunion\",\"HBO Max\"],\"articleSection\":[\"Filmes\"],\"inLanguage\":\"pt-BR\"},{\"@type\":\"WebPage\",\"@id\":\"https:\/\/news.filmelier.com\/br\/harry-potter-especial-hbo-max\/\",\"url\":\"https:\/\/news.filmelier.com\/br\/harry-potter-especial-hbo-max\/\",\"name\":\"'Harry Potter': ap\u00f3s 20 anos, elenco original ir\u00e1 se reunir em especial da HBO Max - News Filmelier\",\"isPartOf\":{\"@id\":\"https:\/\/homolog.news.filmelier.com\/br\/#website\"},\"primaryImageOfPage\":{\"@id\":\"https:\/\/news.filmelier.com\/br\/harry-potter-especial-hbo-max\/#primaryimage\"},\"image\":{\"@id\":\"https:\/\/news.filmelier.com\/br\/harry-potter-especial-hbo-max\/#primaryimage\"},\"thumbnailUrl\":\"https:\/\/news.filmelier.com\/wp-content\/uploads\/2021\/11\/harry-potter.jpg\",\"datePublished\":\"2021-11-16T19:44:48+00:00\",\"breadcrumb\":{\"@id\":\"https:\/\/news.filmelier.com\/br\/harry-potter-especial-hbo-max\/#breadcrumb\"},\"inLanguage\":\"pt-BR\",\"potentialAction\":[{\"@type\":\"ReadAction\",\"target\":[\"https:\/\/news.filmelier.com\/br\/harry-potter-especial-hbo-max\/\"]}]},{\"@type\":\"ImageObject\",\"inLanguage\":\"pt-BR\",\"@id\":\"https:\/\/news.filmelier.com\/br\/harry-potter-especial-hbo-max\/#primaryimage\",\"url\":\"https:\/\/news.filmelier.com\/wp-content\/uploads\/2021\/11\/harry-potter.jpg\",\"contentUrl\":\"https:\/\/news.filmelier.com\/wp-content\/uploads\/2021\/11\/harry-potter.jpg\",\"width\":1500,\"height\":800,\"caption\":\"(Cr\u00e9dito: Warner Bros.)\"},{\"@type\":\"BreadcrumbList\",\"@id\":\"https:\/\/news.filmelier.com\/br\/harry-potter-especial-hbo-max\/#breadcrumb\",\"itemListElement\":[{\"@type\":\"ListItem\",\"position\":1,\"name\":\"In\u00edcio\",\"item\":\"https:\/\/homolog.news.filmelier.com\/br\/\"},{\"@type\":\"ListItem\",\"position\":2,\"name\":\"&#8216;Harry Potter&#8217;: ap\u00f3s 20 anos, elenco original ir\u00e1 se reunir em especial da HBO Max\"}]},{\"@type\":\"WebSite\",\"@id\":\"https:\/\/homolog.news.filmelier.com\/br\/#website\",\"url\":\"https:\/\/homolog.news.filmelier.com\/br\/\",\"name\":\"Homolog Filmelier News Rankrup\",\"description\":\"\",\"publisher\":{\"@id\":\"https:\/\/homolog.news.filmelier.com\/br\/#organization\"},\"potentialAction\":[{\"@type\":\"SearchAction\",\"target\":{\"@type\":\"EntryPoint\",\"urlTemplate\":\"https:\/\/homolog.news.filmelier.com\/br\/?s={search_term_string}\"},\"query-input\":{\"@type\":\"PropertyValueSpecification\",\"valueRequired\":true,\"valueName\":\"search_term_string\"}}],\"inLanguage\":\"pt-BR\"},{\"@type\":\"Organization\",\"@id\":\"https:\/\/homolog.news.filmelier.com\/br\/#organization\",\"name\":\"Homolog Filmelier News Rankrup\",\"url\":\"https:\/\/homolog.news.filmelier.com\/br\/\",\"logo\":{\"@type\":\"ImageObject\",\"inLanguage\":\"pt-BR\",\"@id\":\"https:\/\/homolog.news.filmelier.com\/br\/#\/schema\/logo\/image\/\",\"url\":\"https:\/\/news.filmelier.com\/wp-content\/uploads\/2024\/11\/Logo-News.png\",\"contentUrl\":\"https:\/\/news.filmelier.com\/wp-content\/uploads\/2024\/11\/Logo-News.png\",\"width\":460,\"height\":108,\"caption\":\"Homolog Filmelier News Rankrup\"},\"image\":{\"@id\":\"https:\/\/homolog.news.filmelier.com\/br\/#\/schema\/logo\/image\/\"}},{\"@type\":\"Person\",\"@id\":\"https:\/\/homolog.news.filmelier.com\/br\/#\/schema\/person\/a6491aa555ce96d9d1cc15f1742dbd7b\",\"name\":\"Reda\u00e7\u00e3o Filmelier\",\"image\":{\"@type\":\"ImageObject\",\"inLanguage\":\"pt-BR\",\"@id\":\"https:\/\/homolog.news.filmelier.com\/br\/#\/schema\/person\/image\/\",\"url\":\"https:\/\/secure.gravatar.com\/avatar\/8bf80419447553f32d821a953683c4666faca8d781f143825a02644ae3f7e2d0?s=96&d=mm&r=g\",\"contentUrl\":\"https:\/\/secure.gravatar.com\/avatar\/8bf80419447553f32d821a953683c4666faca8d781f143825a02644ae3f7e2d0?s=96&d=mm&r=g\",\"caption\":\"Reda\u00e7\u00e3o Filmelier\"},\"description\":\"Somos um time de jornalistas e cr\u00edticos que respira cinema a 24 quadros por segundo. Das estreias do circuito aos cl\u00e1ssicos restaurados, da curadoria em streamings \u00e0s entrevistas nos bastidores, nossa reda\u00e7\u00e3o transforma filmes em conte\u00fado inteligente \u2014 com an\u00e1lises afiadas, guias pr\u00e1ticos e hist\u00f3rias que fazem voc\u00ea ver a s\u00e9tima arte com outros olhos. Aqui no Filmelier, cinema n\u00e3o \u00e9 s\u00f3 lazer: \u00e9 of\u00edcio, \u00e9 expertise, \u00e9 paix\u00e3o em forma de texto.\",\"url\":\"https:\/\/news.filmelier.com\/br\/author\/contato-filmelier\/\"}]}<\/script>\n<!-- \/ Yoast SEO plugin. -->","yoast_head_json":{"title":"'Harry Potter': ap\u00f3s 20 anos, elenco original ir\u00e1 se reunir em especial da HBO Max - News Filmelier","robots":{"index":"index","follow":"follow","max-snippet":"max-snippet:-1","max-image-preview":"max-image-preview:large","max-video-preview":"max-video-preview:-1"},"canonical":"https:\/\/news.filmelier.com\/br\/harry-potter-especial-hbo-max\/","og_locale":"pt_BR","og_type":"article","og_title":"'Harry Potter': ap\u00f3s 20 anos, elenco original ir\u00e1 se reunir em especial da HBO Max - News Filmelier","og_description":"'Harry Potter 20 anos: De Volta a Hogwarts' j\u00e1 tem data para estrear na plataforma","og_url":"https:\/\/news.filmelier.com\/br\/harry-potter-especial-hbo-max\/","og_site_name":"News Filmelier","article_published_time":"2021-11-16T19:44:48+00:00","og_image":[{"width":1500,"height":800,"url":"https:\/\/homolog.news.filmelier.com\/wp-content\/uploads\/2021\/11\/harry-potter.jpg","type":"image\/jpeg"}],"author":"Reda\u00e7\u00e3o Filmelier","twitter_card":"summary_large_image","twitter_misc":{"Escrito por":"Reda\u00e7\u00e3o Filmelier","Est. tempo de leitura":"1 minuto"},"schema":{"@context":"https:\/\/schema.org","@graph":[{"@type":"Article","@id":"https:\/\/news.filmelier.com\/br\/harry-potter-especial-hbo-max\/#article","isPartOf":{"@id":"https:\/\/news.filmelier.com\/br\/harry-potter-especial-hbo-max\/"},"author":{"name":"Reda\u00e7\u00e3o Filmelier","@id":"https:\/\/homolog.news.filmelier.com\/br\/#\/schema\/person\/a6491aa555ce96d9d1cc15f1742dbd7b"},"headline":"&#8216;Harry Potter&#8217;: ap\u00f3s 20 anos, elenco original ir\u00e1 se reunir em especial da HBO Max","datePublished":"2021-11-16T19:44:48+00:00","mainEntityOfPage":{"@id":"https:\/\/news.filmelier.com\/br\/harry-potter-especial-hbo-max\/"},"wordCount":229,"publisher":{"@id":"https:\/\/homolog.news.filmelier.com\/br\/#organization"},"image":{"@id":"https:\/\/news.filmelier.com\/br\/harry-potter-especial-hbo-max\/#primaryimage"},"thumbnailUrl":"https:\/\/news.filmelier.com\/wp-content\/uploads\/2021\/11\/harry-potter.jpg","keywords":["Especial Harry Potter","Harry Potter","Harry Potter Reunion","HBO Max"],"articleSection":["Filmes"],"inLanguage":"pt-BR"},{"@type":"WebPage","@id":"https:\/\/news.filmelier.com\/br\/harry-potter-especial-hbo-max\/","url":"https:\/\/news.filmelier.com\/br\/harry-potter-especial-hbo-max\/","name":"'Harry Potter': ap\u00f3s 20 anos, elenco original ir\u00e1 se reunir em especial da HBO Max - News Filmelier","isPartOf":{"@id":"https:\/\/homolog.news.filmelier.com\/br\/#website"},"primaryImageOfPage":{"@id":"https:\/\/news.filmelier.com\/br\/harry-potter-especial-hbo-max\/#primaryimage"},"image":{"@id":"https:\/\/news.filmelier.com\/br\/harry-potter-especial-hbo-max\/#primaryimage"},"thumbnailUrl":"https:\/\/news.filmelier.com\/wp-content\/uploads\/2021\/11\/harry-potter.jpg","datePublished":"2021-11-16T19:44:48+00:00","breadcrumb":{"@id":"https:\/\/news.filmelier.com\/br\/harry-potter-especial-hbo-max\/#breadcrumb"},"inLanguage":"pt-BR","potentialAction":[{"@type":"ReadAction","target":["https:\/\/news.filmelier.com\/br\/harry-potter-especial-hbo-max\/"]}]},{"@type":"ImageObject","inLanguage":"pt-BR","@id":"https:\/\/news.filmelier.com\/br\/harry-potter-especial-hbo-max\/#primaryimage","url":"https:\/\/news.filmelier.com\/wp-content\/uploads\/2021\/11\/harry-potter.jpg","contentUrl":"https:\/\/news.filmelier.com\/wp-content\/uploads\/2021\/11\/harry-potter.jpg","width":1500,"height":800,"caption":"(Cr\u00e9dito: Warner Bros.)"},{"@type":"BreadcrumbList","@id":"https:\/\/news.filmelier.com\/br\/harry-potter-especial-hbo-max\/#breadcrumb","itemListElement":[{"@type":"ListItem","position":1,"name":"In\u00edcio","item":"https:\/\/homolog.news.filmelier.com\/br\/"},{"@type":"ListItem","position":2,"name":"&#8216;Harry Potter&#8217;: ap\u00f3s 20 anos, elenco original ir\u00e1 se reunir em especial da HBO Max"}]},{"@type":"WebSite","@id":"https:\/\/homolog.news.filmelier.com\/br\/#website","url":"https:\/\/homolog.news.filmelier.com\/br\/","name":"Homolog Filmelier News Rankrup","description":"","publisher":{"@id":"https:\/\/homolog.news.filmelier.com\/br\/#organization"},"potentialAction":[{"@type":"SearchAction","target":{"@type":"EntryPoint","urlTemplate":"https:\/\/homolog.news.filmelier.com\/br\/?s={search_term_string}"},"query-input":{"@type":"PropertyValueSpecification","valueRequired":true,"valueName":"search_term_string"}}],"inLanguage":"pt-BR"},{"@type":"Organization","@id":"https:\/\/homolog.news.filmelier.com\/br\/#organization","name":"Homolog Filmelier News Rankrup","url":"https:\/\/homolog.news.filmelier.com\/br\/","logo":{"@type":"ImageObject","inLanguage":"pt-BR","@id":"https:\/\/homolog.news.filmelier.com\/br\/#\/schema\/logo\/image\/","url":"https:\/\/news.filmelier.com\/wp-content\/uploads\/2024\/11\/Logo-News.png","contentUrl":"https:\/\/news.filmelier.com\/wp-content\/uploads\/2024\/11\/Logo-News.png","width":460,"height":108,"caption":"Homolog Filmelier News Rankrup"},"image":{"@id":"https:\/\/homolog.news.filmelier.com\/br\/#\/schema\/logo\/image\/"}},{"@type":"Person","@id":"https:\/\/homolog.news.filmelier.com\/br\/#\/schema\/person\/a6491aa555ce96d9d1cc15f1742dbd7b","name":"Reda\u00e7\u00e3o Filmelier","image":{"@type":"ImageObject","inLanguage":"pt-BR","@id":"https:\/\/homolog.news.filmelier.com\/br\/#\/schema\/person\/image\/","url":"https:\/\/secure.gravatar.com\/avatar\/8bf80419447553f32d821a953683c4666faca8d781f143825a02644ae3f7e2d0?s=96&d=mm&r=g","contentUrl":"https:\/\/secure.gravatar.com\/avatar\/8bf80419447553f32d821a953683c4666faca8d781f143825a02644ae3f7e2d0?s=96&d=mm&r=g","caption":"Reda\u00e7\u00e3o Filmelier"},"description":"Somos um time de jornalistas e cr\u00edticos que respira cinema a 24 quadros por segundo. Das estreias do circuito aos cl\u00e1ssicos restaurados, da curadoria em streamings \u00e0s entrevistas nos bastidores, nossa reda\u00e7\u00e3o transforma filmes em conte\u00fado inteligente \u2014 com an\u00e1lises afiadas, guias pr\u00e1ticos e hist\u00f3rias que fazem voc\u00ea ver a s\u00e9tima arte com outros olhos. Aqui no Filmelier, cinema n\u00e3o \u00e9 s\u00f3 lazer: \u00e9 of\u00edcio, \u00e9 expertise, \u00e9 paix\u00e3o em forma de texto.","url":"https:\/\/news.filmelier.com\/br\/author\/contato-filmelier\/"}]}},"_links":{"self":[{"href":"https:\/\/news.filmelier.com\/br\/wp-json\/wp\/v2\/posts\/21810","targetHints":{"allow":["GET"]}}],"collection":[{"href":"https:\/\/news.filmelier.com\/br\/wp-json\/wp\/v2\/posts"}],"about":[{"href":"https:\/\/news.filmelier.com\/br\/wp-json\/wp\/v2\/types\/post"}],"author":[{"embeddable":true,"href":"https:\/\/news.filmelier.com\/br\/wp-json\/wp\/v2\/users\/14"}],"replies":[{"embeddable":true,"href":"https:\/\/news.filmelier.com\/br\/wp-json\/wp\/v2\/comments?post=21810"}],"version-history":[{"count":0,"href":"https:\/\/news.filmelier.com\/br\/wp-json\/wp\/v2\/posts\/21810\/revisions"}],"wp:featuredmedia":[{"embeddable":true,"href":"https:\/\/news.filmelier.com\/br\/wp-json\/wp\/v2\/media\/21812"}],"wp:attachment":[{"href":"https:\/\/news.filmelier.com\/br\/wp-json\/wp\/v2\/media?parent=21810"}],"wp:term":[{"taxonomy":"category","embeddable":true,"href":"https:\/\/news.filmelier.com\/br\/wp-json\/wp\/v2\/categories?post=21810"},{"taxonomy":"post_tag","embeddable":true,"href":"https:\/\/news.filmelier.com\/br\/wp-json\/wp\/v2\/tags?post=21810"}],"curies":[{"name":"wp","href":"https:\/\/api.w.org\/{rel}","templated":true}]}}