{"id":21793,"date":"2021-11-16T14:02:40","date_gmt":"2021-11-16T17:02:40","guid":{"rendered":"https:\/\/www.filmelier.com\/br\/noticias\/?p=21793"},"modified":"2021-11-16T14:02:40","modified_gmt":"2021-11-16T17:02:40","slug":"nao-olhe-para-cima-trailer-netflix","status":"publish","type":"post","link":"https:\/\/news.filmelier.com\/br\/nao-olhe-para-cima-trailer-netflix\/","title":{"rendered":"Netflix: &#8216;N\u00e3o Olhe Para Cima&#8217;, com Leonardo DiCaprio e Jennifer Lawrence, ganha novo trailer"},"content":{"rendered":"\n<p>&#8216;N\u00e3o Olhe Para Cima&#8217;, novo filme de Adam McKay (<a href=\"https:\/\/www.filmelier.com\/br\/film\/1188\/a-grande-aposta\">&#8216;A Grande Aposta&#8217;<\/a>), estrelado por Leonardo DiCaprio (<a href=\"https:\/\/www.filmelier.com\/br\/film\/6994\/era-uma-vez-em-hollywood\">&#8216;Era Uma Vez em Hollywood&#8217;<\/a>) e Jennifer Lawrence (<a href=\"https:\/\/www.filmelier.com\/br\/film\/12296\/jogos-vorazes-em-chamas\">&#8216;Jogos Vorazes&#8217;<\/a>), ganhou o seu primeiro trailer nesta ter\u00e7a-feira, 16. O longa, que promete ser uma superprodu\u00e7\u00e3o da <a href=\"https:\/\/www.filmelier.com\/br\/platforms\/netflix\">Netflix<\/a>, conta com um elenco de peso. <\/p>\n\n\n\n<ul class=\"wp-block-list\"><li><strong>Leia tamb\u00e9m: <a href=\"https:\/\/www.filmelier.com\/br\/noticias\/hirokazu-kore-eda-netflix\">Hirokazu Kore-eda produzir\u00e1 filme e s\u00e9rie para a Netflix<\/a><\/strong><\/li><\/ul>\n\n\n\n<p>Al\u00e9m de DiCaprio e Lawrence,  &#8216;N\u00e3o Olhe Para Cima&#8217; ser\u00e1 estrelado tamb\u00e9m por Meryl Streep (<a href=\"https:\/\/www.filmelier.com\/br\/film\/16182\/mamma-mia-o-filme\">&#8216;Mamma Mia!&#8217;<\/a>), Timoth\u00e9e Chalamet (<a href=\"https:\/\/www.filmelier.com\/br\/film\/15716\/duna\">&#8216;Duna&#8217;<\/a>), Chris Evans (<a href=\"https:\/\/www.filmelier.com\/br\/film\/6032\/capitao-america-o-primeiro-vingador\">&#8216;Capit\u00e3o Am\u00e9rica: O Primeiro Vingador&#8217;<\/a>), Matthew Perry (&#8216;Friends&#8217;), Ariana Grande e mais. <\/p>\n\n\n\n<p>Assista ao trailer: <\/p>\n\n\n\n<figure class=\"wp-block-embed is-type-video is-provider-youtube wp-block-embed-youtube wp-embed-aspect-16-9 wp-has-aspect-ratio\"><div class=\"wp-block-embed__wrapper\">\n<iframe title=\"N\u00e3o Olhe para Cima | Trailer oficial | Netflix\" width=\"800\" height=\"450\" src=\"https:\/\/www.youtube.com\/embed\/c1nToClX_3w?feature=oembed\" frameborder=\"0\" allow=\"accelerometer; autoplay; clipboard-write; encrypted-media; gyroscope; picture-in-picture; web-share\" referrerpolicy=\"strict-origin-when-cross-origin\" allowfullscreen><\/iframe>\n<\/div><\/figure>\n\n\n\n\n\n<p>Essa \u00e9 a segunda pr\u00e9via divulgada: <a href=\"https:\/\/www.filmelier.com\/br\/noticias\/nao-olhe-para-cima-teaser-trailer\" target=\"_blank\" data-type=\"URL\" data-id=\"https:\/\/www.filmelier.com\/br\/noticias\/nao-olhe-para-cima-teaser-trailer\" rel=\"noreferrer noopener\">um teaser-trailer saiu <\/a>em setembro.<\/p>\n\n\n\n<p>O filme conta a hist\u00f3ria de uma estudante de astronomia e seu professor, que descobrem que um cometa est\u00e1 prestes a colidir com a Terra &#8211; mas ningu\u00e9m parece se importar. Para alertar a humanidade sobre o impacto da rocha, eles embarcam em um tour midi\u00e1tico bastante c\u00f4mico. <\/p>\n\n\n\n<p> &#8216;N\u00e3o Olhe Para Cima&#8217; estrear\u00e1 em 24 de dezembro na Netflix.<\/p>\n\n\n\n<p class=\"has-text-align-center\"><strong>Siga o Filmelier no&nbsp;<a rel=\"noreferrer noopener\" href=\"https:\/\/www.facebook.com\/filmelierbr\" target=\"_blank\">Facebook<\/a>,&nbsp;<a rel=\"noreferrer noopener\" href=\"https:\/\/www.twitter.com\/filmelierbr\" target=\"_blank\">Twitter<\/a>,&nbsp;<a rel=\"noreferrer noopener\" href=\"https:\/\/www.instagram.com\/filmelierbr\" target=\"_blank\">Instagram<\/a>&nbsp;e&nbsp;<a rel=\"noreferrer noopener\" href=\"https:\/\/www.tiktok.com\/@filmelierbr\" target=\"_blank\">TikTok<\/a>.<\/strong><\/p>\n","protected":false},"excerpt":{"rendered":"<p>Bastante c\u00f4mico, o longa-metragem do diretor de &#8216;A Grande Aposta&#8217; chega em dezembro<\/p>\n","protected":false},"author":14,"featured_media":21799,"comment_status":"closed","ping_status":"open","sticky":false,"template":"","format":"standard","meta":{"_acf_changed":false,"footnotes":""},"categories":[3482],"tags":[7379,9508,3324,6190,9987,6015],"class_list":["post-21793","post","type-post","status-publish","format-standard","has-post-thumbnail","hentry","category-filmes-br","tag-comedia","tag-ficcao-cientifica","tag-jennifer-lawrence","tag-leonardo-dicaprio","tag-nao-olhe-para-cima","tag-netflix"],"acf":{"subtitulo":"","id_ator":""},"yoast_head":"<!-- This site is optimized with the Yoast SEO plugin v26.1.1 - https:\/\/yoast.com\/wordpress\/plugins\/seo\/ -->\n<title>Netflix: &#039;N\u00e3o Olhe Para Cima&#039;, com Leonardo DiCaprio e Jennifer Lawrence, ganha novo trailer - News Filmelier<\/title>\n<meta name=\"robots\" content=\"index, follow, max-snippet:-1, max-image-preview:large, max-video-preview:-1\" \/>\n<link rel=\"canonical\" href=\"https:\/\/news.filmelier.com\/br\/nao-olhe-para-cima-trailer-netflix\/\" \/>\n<meta property=\"og:locale\" content=\"pt_BR\" \/>\n<meta property=\"og:type\" content=\"article\" \/>\n<meta property=\"og:title\" content=\"Netflix: &#039;N\u00e3o Olhe Para Cima&#039;, com Leonardo DiCaprio e Jennifer Lawrence, ganha novo trailer - News Filmelier\" \/>\n<meta property=\"og:description\" content=\"Bastante c\u00f4mico, o longa-metragem do diretor de &#039;A Grande Aposta&#039; chega em dezembro\" \/>\n<meta property=\"og:url\" content=\"https:\/\/news.filmelier.com\/br\/nao-olhe-para-cima-trailer-netflix\/\" \/>\n<meta property=\"og:site_name\" content=\"News Filmelier\" \/>\n<meta property=\"article:published_time\" content=\"2021-11-16T17:02:40+00:00\" \/>\n<meta name=\"author\" content=\"Reda\u00e7\u00e3o Filmelier\" \/>\n<meta name=\"twitter:card\" content=\"summary_large_image\" \/>\n<meta name=\"twitter:label1\" content=\"Escrito por\" \/>\n\t<meta name=\"twitter:data1\" content=\"Reda\u00e7\u00e3o Filmelier\" \/>\n\t<meta name=\"twitter:label2\" content=\"Est. tempo de leitura\" \/>\n\t<meta name=\"twitter:data2\" content=\"1 minuto\" \/>\n<script type=\"application\/ld+json\" class=\"yoast-schema-graph\">{\"@context\":\"https:\/\/schema.org\",\"@graph\":[{\"@type\":\"Article\",\"@id\":\"https:\/\/news.filmelier.com\/br\/nao-olhe-para-cima-trailer-netflix\/#article\",\"isPartOf\":{\"@id\":\"https:\/\/news.filmelier.com\/br\/nao-olhe-para-cima-trailer-netflix\/\"},\"author\":{\"name\":\"Reda\u00e7\u00e3o Filmelier\",\"@id\":\"https:\/\/homolog.news.filmelier.com\/br\/#\/schema\/person\/a6491aa555ce96d9d1cc15f1742dbd7b\"},\"headline\":\"Netflix: &#8216;N\u00e3o Olhe Para Cima&#8217;, com Leonardo DiCaprio e Jennifer Lawrence, ganha novo trailer\",\"datePublished\":\"2021-11-16T17:02:40+00:00\",\"mainEntityOfPage\":{\"@id\":\"https:\/\/news.filmelier.com\/br\/nao-olhe-para-cima-trailer-netflix\/\"},\"wordCount\":219,\"publisher\":{\"@id\":\"https:\/\/homolog.news.filmelier.com\/br\/#organization\"},\"image\":{\"@id\":\"https:\/\/news.filmelier.com\/br\/nao-olhe-para-cima-trailer-netflix\/#primaryimage\"},\"thumbnailUrl\":\"\",\"keywords\":[\"com\u00e9dia\",\"Fic\u00e7\u00e3o cient\u00edfica\",\"Jennifer Lawrence\",\"Leonardo DiCaprio\",\"n\u00e3o olhe para cima\",\"netflix\"],\"articleSection\":[\"Filmes\"],\"inLanguage\":\"pt-BR\"},{\"@type\":\"WebPage\",\"@id\":\"https:\/\/news.filmelier.com\/br\/nao-olhe-para-cima-trailer-netflix\/\",\"url\":\"https:\/\/news.filmelier.com\/br\/nao-olhe-para-cima-trailer-netflix\/\",\"name\":\"Netflix: 'N\u00e3o Olhe Para Cima', com Leonardo DiCaprio e Jennifer Lawrence, ganha novo trailer - News Filmelier\",\"isPartOf\":{\"@id\":\"https:\/\/homolog.news.filmelier.com\/br\/#website\"},\"primaryImageOfPage\":{\"@id\":\"https:\/\/news.filmelier.com\/br\/nao-olhe-para-cima-trailer-netflix\/#primaryimage\"},\"image\":{\"@id\":\"https:\/\/news.filmelier.com\/br\/nao-olhe-para-cima-trailer-netflix\/#primaryimage\"},\"thumbnailUrl\":\"\",\"datePublished\":\"2021-11-16T17:02:40+00:00\",\"breadcrumb\":{\"@id\":\"https:\/\/news.filmelier.com\/br\/nao-olhe-para-cima-trailer-netflix\/#breadcrumb\"},\"inLanguage\":\"pt-BR\",\"potentialAction\":[{\"@type\":\"ReadAction\",\"target\":[\"https:\/\/news.filmelier.com\/br\/nao-olhe-para-cima-trailer-netflix\/\"]}]},{\"@type\":\"ImageObject\",\"inLanguage\":\"pt-BR\",\"@id\":\"https:\/\/news.filmelier.com\/br\/nao-olhe-para-cima-trailer-netflix\/#primaryimage\",\"url\":\"\",\"contentUrl\":\"\"},{\"@type\":\"BreadcrumbList\",\"@id\":\"https:\/\/news.filmelier.com\/br\/nao-olhe-para-cima-trailer-netflix\/#breadcrumb\",\"itemListElement\":[{\"@type\":\"ListItem\",\"position\":1,\"name\":\"In\u00edcio\",\"item\":\"https:\/\/homolog.news.filmelier.com\/br\/\"},{\"@type\":\"ListItem\",\"position\":2,\"name\":\"Netflix: &#8216;N\u00e3o Olhe Para Cima&#8217;, com Leonardo DiCaprio e Jennifer Lawrence, ganha novo trailer\"}]},{\"@type\":\"WebSite\",\"@id\":\"https:\/\/homolog.news.filmelier.com\/br\/#website\",\"url\":\"https:\/\/homolog.news.filmelier.com\/br\/\",\"name\":\"Homolog Filmelier News Rankrup\",\"description\":\"\",\"publisher\":{\"@id\":\"https:\/\/homolog.news.filmelier.com\/br\/#organization\"},\"potentialAction\":[{\"@type\":\"SearchAction\",\"target\":{\"@type\":\"EntryPoint\",\"urlTemplate\":\"https:\/\/homolog.news.filmelier.com\/br\/?s={search_term_string}\"},\"query-input\":{\"@type\":\"PropertyValueSpecification\",\"valueRequired\":true,\"valueName\":\"search_term_string\"}}],\"inLanguage\":\"pt-BR\"},{\"@type\":\"Organization\",\"@id\":\"https:\/\/homolog.news.filmelier.com\/br\/#organization\",\"name\":\"Homolog Filmelier News Rankrup\",\"url\":\"https:\/\/homolog.news.filmelier.com\/br\/\",\"logo\":{\"@type\":\"ImageObject\",\"inLanguage\":\"pt-BR\",\"@id\":\"https:\/\/homolog.news.filmelier.com\/br\/#\/schema\/logo\/image\/\",\"url\":\"https:\/\/news.filmelier.com\/wp-content\/uploads\/2024\/11\/Logo-News.png\",\"contentUrl\":\"https:\/\/news.filmelier.com\/wp-content\/uploads\/2024\/11\/Logo-News.png\",\"width\":460,\"height\":108,\"caption\":\"Homolog Filmelier News Rankrup\"},\"image\":{\"@id\":\"https:\/\/homolog.news.filmelier.com\/br\/#\/schema\/logo\/image\/\"}},{\"@type\":\"Person\",\"@id\":\"https:\/\/homolog.news.filmelier.com\/br\/#\/schema\/person\/a6491aa555ce96d9d1cc15f1742dbd7b\",\"name\":\"Reda\u00e7\u00e3o Filmelier\",\"image\":{\"@type\":\"ImageObject\",\"inLanguage\":\"pt-BR\",\"@id\":\"https:\/\/homolog.news.filmelier.com\/br\/#\/schema\/person\/image\/\",\"url\":\"https:\/\/secure.gravatar.com\/avatar\/8bf80419447553f32d821a953683c4666faca8d781f143825a02644ae3f7e2d0?s=96&d=mm&r=g\",\"contentUrl\":\"https:\/\/secure.gravatar.com\/avatar\/8bf80419447553f32d821a953683c4666faca8d781f143825a02644ae3f7e2d0?s=96&d=mm&r=g\",\"caption\":\"Reda\u00e7\u00e3o Filmelier\"},\"description\":\"Somos um time de jornalistas e cr\u00edticos que respira cinema a 24 quadros por segundo. Das estreias do circuito aos cl\u00e1ssicos restaurados, da curadoria em streamings \u00e0s entrevistas nos bastidores, nossa reda\u00e7\u00e3o transforma filmes em conte\u00fado inteligente \u2014 com an\u00e1lises afiadas, guias pr\u00e1ticos e hist\u00f3rias que fazem voc\u00ea ver a s\u00e9tima arte com outros olhos. Aqui no Filmelier, cinema n\u00e3o \u00e9 s\u00f3 lazer: \u00e9 of\u00edcio, \u00e9 expertise, \u00e9 paix\u00e3o em forma de texto.\",\"url\":\"https:\/\/news.filmelier.com\/br\/author\/contato-filmelier\/\"}]}<\/script>\n<!-- \/ Yoast SEO plugin. -->","yoast_head_json":{"title":"Netflix: 'N\u00e3o Olhe Para Cima', com Leonardo DiCaprio e Jennifer Lawrence, ganha novo trailer - News Filmelier","robots":{"index":"index","follow":"follow","max-snippet":"max-snippet:-1","max-image-preview":"max-image-preview:large","max-video-preview":"max-video-preview:-1"},"canonical":"https:\/\/news.filmelier.com\/br\/nao-olhe-para-cima-trailer-netflix\/","og_locale":"pt_BR","og_type":"article","og_title":"Netflix: 'N\u00e3o Olhe Para Cima', com Leonardo DiCaprio e Jennifer Lawrence, ganha novo trailer - News Filmelier","og_description":"Bastante c\u00f4mico, o longa-metragem do diretor de 'A Grande Aposta' chega em dezembro","og_url":"https:\/\/news.filmelier.com\/br\/nao-olhe-para-cima-trailer-netflix\/","og_site_name":"News Filmelier","article_published_time":"2021-11-16T17:02:40+00:00","author":"Reda\u00e7\u00e3o Filmelier","twitter_card":"summary_large_image","twitter_misc":{"Escrito por":"Reda\u00e7\u00e3o Filmelier","Est. tempo de leitura":"1 minuto"},"schema":{"@context":"https:\/\/schema.org","@graph":[{"@type":"Article","@id":"https:\/\/news.filmelier.com\/br\/nao-olhe-para-cima-trailer-netflix\/#article","isPartOf":{"@id":"https:\/\/news.filmelier.com\/br\/nao-olhe-para-cima-trailer-netflix\/"},"author":{"name":"Reda\u00e7\u00e3o Filmelier","@id":"https:\/\/homolog.news.filmelier.com\/br\/#\/schema\/person\/a6491aa555ce96d9d1cc15f1742dbd7b"},"headline":"Netflix: &#8216;N\u00e3o Olhe Para Cima&#8217;, com Leonardo DiCaprio e Jennifer Lawrence, ganha novo trailer","datePublished":"2021-11-16T17:02:40+00:00","mainEntityOfPage":{"@id":"https:\/\/news.filmelier.com\/br\/nao-olhe-para-cima-trailer-netflix\/"},"wordCount":219,"publisher":{"@id":"https:\/\/homolog.news.filmelier.com\/br\/#organization"},"image":{"@id":"https:\/\/news.filmelier.com\/br\/nao-olhe-para-cima-trailer-netflix\/#primaryimage"},"thumbnailUrl":"","keywords":["com\u00e9dia","Fic\u00e7\u00e3o cient\u00edfica","Jennifer Lawrence","Leonardo DiCaprio","n\u00e3o olhe para cima","netflix"],"articleSection":["Filmes"],"inLanguage":"pt-BR"},{"@type":"WebPage","@id":"https:\/\/news.filmelier.com\/br\/nao-olhe-para-cima-trailer-netflix\/","url":"https:\/\/news.filmelier.com\/br\/nao-olhe-para-cima-trailer-netflix\/","name":"Netflix: 'N\u00e3o Olhe Para Cima', com Leonardo DiCaprio e Jennifer Lawrence, ganha novo trailer - News Filmelier","isPartOf":{"@id":"https:\/\/homolog.news.filmelier.com\/br\/#website"},"primaryImageOfPage":{"@id":"https:\/\/news.filmelier.com\/br\/nao-olhe-para-cima-trailer-netflix\/#primaryimage"},"image":{"@id":"https:\/\/news.filmelier.com\/br\/nao-olhe-para-cima-trailer-netflix\/#primaryimage"},"thumbnailUrl":"","datePublished":"2021-11-16T17:02:40+00:00","breadcrumb":{"@id":"https:\/\/news.filmelier.com\/br\/nao-olhe-para-cima-trailer-netflix\/#breadcrumb"},"inLanguage":"pt-BR","potentialAction":[{"@type":"ReadAction","target":["https:\/\/news.filmelier.com\/br\/nao-olhe-para-cima-trailer-netflix\/"]}]},{"@type":"ImageObject","inLanguage":"pt-BR","@id":"https:\/\/news.filmelier.com\/br\/nao-olhe-para-cima-trailer-netflix\/#primaryimage","url":"","contentUrl":""},{"@type":"BreadcrumbList","@id":"https:\/\/news.filmelier.com\/br\/nao-olhe-para-cima-trailer-netflix\/#breadcrumb","itemListElement":[{"@type":"ListItem","position":1,"name":"In\u00edcio","item":"https:\/\/homolog.news.filmelier.com\/br\/"},{"@type":"ListItem","position":2,"name":"Netflix: &#8216;N\u00e3o Olhe Para Cima&#8217;, com Leonardo DiCaprio e Jennifer Lawrence, ganha novo trailer"}]},{"@type":"WebSite","@id":"https:\/\/homolog.news.filmelier.com\/br\/#website","url":"https:\/\/homolog.news.filmelier.com\/br\/","name":"Homolog Filmelier News Rankrup","description":"","publisher":{"@id":"https:\/\/homolog.news.filmelier.com\/br\/#organization"},"potentialAction":[{"@type":"SearchAction","target":{"@type":"EntryPoint","urlTemplate":"https:\/\/homolog.news.filmelier.com\/br\/?s={search_term_string}"},"query-input":{"@type":"PropertyValueSpecification","valueRequired":true,"valueName":"search_term_string"}}],"inLanguage":"pt-BR"},{"@type":"Organization","@id":"https:\/\/homolog.news.filmelier.com\/br\/#organization","name":"Homolog Filmelier News Rankrup","url":"https:\/\/homolog.news.filmelier.com\/br\/","logo":{"@type":"ImageObject","inLanguage":"pt-BR","@id":"https:\/\/homolog.news.filmelier.com\/br\/#\/schema\/logo\/image\/","url":"https:\/\/news.filmelier.com\/wp-content\/uploads\/2024\/11\/Logo-News.png","contentUrl":"https:\/\/news.filmelier.com\/wp-content\/uploads\/2024\/11\/Logo-News.png","width":460,"height":108,"caption":"Homolog Filmelier News Rankrup"},"image":{"@id":"https:\/\/homolog.news.filmelier.com\/br\/#\/schema\/logo\/image\/"}},{"@type":"Person","@id":"https:\/\/homolog.news.filmelier.com\/br\/#\/schema\/person\/a6491aa555ce96d9d1cc15f1742dbd7b","name":"Reda\u00e7\u00e3o Filmelier","image":{"@type":"ImageObject","inLanguage":"pt-BR","@id":"https:\/\/homolog.news.filmelier.com\/br\/#\/schema\/person\/image\/","url":"https:\/\/secure.gravatar.com\/avatar\/8bf80419447553f32d821a953683c4666faca8d781f143825a02644ae3f7e2d0?s=96&d=mm&r=g","contentUrl":"https:\/\/secure.gravatar.com\/avatar\/8bf80419447553f32d821a953683c4666faca8d781f143825a02644ae3f7e2d0?s=96&d=mm&r=g","caption":"Reda\u00e7\u00e3o Filmelier"},"description":"Somos um time de jornalistas e cr\u00edticos que respira cinema a 24 quadros por segundo. Das estreias do circuito aos cl\u00e1ssicos restaurados, da curadoria em streamings \u00e0s entrevistas nos bastidores, nossa reda\u00e7\u00e3o transforma filmes em conte\u00fado inteligente \u2014 com an\u00e1lises afiadas, guias pr\u00e1ticos e hist\u00f3rias que fazem voc\u00ea ver a s\u00e9tima arte com outros olhos. Aqui no Filmelier, cinema n\u00e3o \u00e9 s\u00f3 lazer: \u00e9 of\u00edcio, \u00e9 expertise, \u00e9 paix\u00e3o em forma de texto.","url":"https:\/\/news.filmelier.com\/br\/author\/contato-filmelier\/"}]}},"_links":{"self":[{"href":"https:\/\/news.filmelier.com\/br\/wp-json\/wp\/v2\/posts\/21793","targetHints":{"allow":["GET"]}}],"collection":[{"href":"https:\/\/news.filmelier.com\/br\/wp-json\/wp\/v2\/posts"}],"about":[{"href":"https:\/\/news.filmelier.com\/br\/wp-json\/wp\/v2\/types\/post"}],"author":[{"embeddable":true,"href":"https:\/\/news.filmelier.com\/br\/wp-json\/wp\/v2\/users\/14"}],"replies":[{"embeddable":true,"href":"https:\/\/news.filmelier.com\/br\/wp-json\/wp\/v2\/comments?post=21793"}],"version-history":[{"count":0,"href":"https:\/\/news.filmelier.com\/br\/wp-json\/wp\/v2\/posts\/21793\/revisions"}],"wp:featuredmedia":[{"embeddable":true,"href":"https:\/\/news.filmelier.com\/br\/wp-json\/"}],"wp:attachment":[{"href":"https:\/\/news.filmelier.com\/br\/wp-json\/wp\/v2\/media?parent=21793"}],"wp:term":[{"taxonomy":"category","embeddable":true,"href":"https:\/\/news.filmelier.com\/br\/wp-json\/wp\/v2\/categories?post=21793"},{"taxonomy":"post_tag","embeddable":true,"href":"https:\/\/news.filmelier.com\/br\/wp-json\/wp\/v2\/tags?post=21793"}],"curies":[{"name":"wp","href":"https:\/\/api.w.org\/{rel}","templated":true}]}}