{"id":21782,"date":"2021-11-16T12:58:58","date_gmt":"2021-11-16T15:58:58","guid":{"rendered":"https:\/\/www.filmelier.com\/br\/noticias\/?p=21782"},"modified":"2021-11-16T12:58:58","modified_gmt":"2021-11-16T15:58:58","slug":"maquina-mortifera-5-mel-gibson","status":"publish","type":"post","link":"https:\/\/news.filmelier.com\/br\/maquina-mortifera-5-mel-gibson\/","title":{"rendered":"Mel Gibson afirma que vai dirigir &#8216;M\u00e1quina Mort\u00edfera 5&#8217;"},"content":{"rendered":"\n<p>Mel Gibson (&#8216;<a href=\"https:\/\/www.filmelier.com\/br\/film\/16918\/coracao-valente\" target=\"_blank\" rel=\"noreferrer noopener\">Cora\u00e7\u00e3o Valente&#8217;<\/a>) afirma que vai dirigir &#8216;M\u00e1quina Mort\u00edfera 5&#8217;, acumulando fun\u00e7\u00f5es, j\u00e1 que al\u00e9m da dire\u00e7\u00e3o ele tamb\u00e9m protagoniza a trama. Segundo <a href=\"https:\/\/www.thesun.co.uk\/tvandshowbiz\/bizarre\/16729949\/mel-gibson-direct-lethal-weapon-5\/\" target=\"_blank\" data-type=\"URL\" data-id=\"https:\/\/www.thesun.co.uk\/tvandshowbiz\/bizarre\/16729949\/mel-gibson-direct-lethal-weapon-5\/\" rel=\"noreferrer noopener\">The Sun<\/a>, o ator assumir\u00e1 o posto ap\u00f3s a morte de <a href=\"https:\/\/www.filmelier.com\/br\/director\/richard-donner\">Richard Donner<\/a> &#8211; cineasta que dirigiu todos os quatro filmes da franquia -, ocorrida em julho deste ano. <\/p>\n\n\n\n<ul class=\"wp-block-list\"><li><strong>Leia tamb\u00e9m: <a href=\"https:\/\/www.filmelier.com\/br\/noticias\/the-rock-hollywood-perfil\" target=\"_blank\" rel=\"noreferrer noopener\">Entre os ringues e Hollywood: como The Rock se tornou o ator mais cobi\u00e7ado do cinema<\/a><\/strong><\/li><\/ul>\n\n\n\n<p>\u201cEle estava desenvolvendo o roteiro e foi bem longe com isso. At\u00e9 que ele me disse um dia: \u2018Escuta, menino. Se eu morrer voc\u00ea vai faz\u00ea-lo\u2019. E eu disse: \u2018Cala a boca&#8217;\u201d, afirmou <a href=\"https:\/\/www.filmelier.com\/br\/director\/mel-gibson\">Gibson<\/a> durante o evento An Experience with Mel Gibson, em Londres. \u201cMas ele morreu. Na \u00e9poca, ele me pediu para fazer o filme e n\u00e3o disse nada. Mas ele tamb\u00e9m falou isso para sua mulher, para o est\u00fadio e o produtor. Ent\u00e3o, eu vou dirigir o quinto filme&#8221;.<\/p>\n\n\n\n<p>Lembrando que esta n\u00e3o \u00e9 a primeira vez de Gibson atr\u00e1s das c\u00e2meras. O astro j\u00e1 dirigiu filmes como <a href=\"https:\/\/www.filmelier.com\/br\/film\/6007\/a-paixao-de-cristo\">&#8216;A Paix\u00e3o de Cristo&#8217;<\/a> e &#8216;<a href=\"https:\/\/www.filmelier.com\/br\/film\/1333\/ate-o-ultimo-homem\">At\u00e9 o \u00daltimo Homem&#8217;<\/a>.  <\/p>\n\n\n\n<div class=\"wp-block-image\"><figure class=\"aligncenter size-full\"><img decoding=\"async\" src=\"https:\/\/www.filmelier.com\/br\/noticias\/wp-content\/uploads\/2021\/11\/Maquina-Mortifera.jpg\" alt=\"Mel Gibson vai dirigir 'M\u00e1quina Mort\u00edfera 5' ap\u00f3s morte de Richard Donner\" class=\"wp-image-21783\"\/><figcaption><em>Mel Gibson e Danny Glover s\u00e3o uma dupla de policiais na franquia &#8216;M\u00e1quina Mort\u00edfera&#8217; (Cr\u00e9dito: Divulga\u00e7\u00e3o\/Warner Bros.)<\/em><\/figcaption><\/figure><\/div>\n\n\n\n\n\n<p>&#8216;M\u00e1quina Mort\u00edfera 5&#8217;, que retoma a franquia pausada h\u00e1 23 anos trar\u00e1 mais uma vez Gibson (hoje com 65 anos) ao lado de Danny Glover (75) como protagonistas. De acordo com o <a href=\"https:\/\/www.hollywoodreporter.com\/movies\/movie-news\/mel-gibson-lethal-weapon-5-direct-1235048056\/\" target=\"_blank\" data-type=\"URL\" data-id=\"https:\/\/www.hollywoodreporter.com\/movies\/movie-news\/mel-gibson-lethal-weapon-5-direct-1235048056\/\" rel=\"noreferrer noopener\">Deadline<\/a> &#8211; que, vale dizer, afirma apenas que Mel Gibson est\u00e1 negociando para dirigir o longa, mas que ainda n\u00e3o estaria assinado &#8211; o lan\u00e7amento ser\u00e1 direto no HBO Max, sem cinemas. <\/p>\n\n\n\n<p>N\u00e3o h\u00e1 data ainda de lan\u00e7amento, nem de in\u00edcio das grava\u00e7\u00f5es.<\/p>\n\n\n\n<p class=\"has-text-align-center\"><strong>Siga o Filmelier no&nbsp;<a rel=\"noreferrer noopener\" href=\"https:\/\/www.facebook.com\/filmelierbr\" target=\"_blank\">Facebook<\/a>,&nbsp;<a rel=\"noreferrer noopener\" href=\"https:\/\/www.twitter.com\/filmelierbr\" target=\"_blank\">Twitter<\/a>,&nbsp;<a rel=\"noreferrer noopener\" href=\"https:\/\/www.instagram.com\/filmelierbr\" target=\"_blank\">Instagram<\/a>&nbsp;e&nbsp;<a rel=\"noreferrer noopener\" href=\"https:\/\/www.tiktok.com\/@filmelierbr\" target=\"_blank\">TikTok<\/a>.<\/strong><\/p>\n","protected":false},"excerpt":{"rendered":"<p>Gibson diz que vai assumir a fun\u00e7\u00e3o de diretor ap\u00f3s um pedido de Richard Donner, que foi o respons\u00e1vel pelos quatro filmes anteriores<\/p>\n","protected":false},"author":14,"featured_media":21791,"comment_status":"closed","ping_status":"open","sticky":false,"template":"","format":"standard","meta":{"_acf_changed":false,"footnotes":""},"categories":[3482],"tags":[3905,9984,6106,9985,9986,6227],"class_list":["post-21782","post","type-post","status-publish","format-standard","has-post-thumbnail","hentry","category-filmes-br","tag-acao-br","tag-danny-glover","tag-hbo-max","tag-maquina-mortifera","tag-maquina-mortifera-5","tag-mel-gibson"],"acf":{"subtitulo":"","id_ator":""},"yoast_head":"<!-- This site is optimized with the Yoast SEO plugin v26.1.1 - https:\/\/yoast.com\/wordpress\/plugins\/seo\/ -->\n<title>Mel Gibson afirma que vai dirigir &#039;M\u00e1quina Mort\u00edfera 5&#039; - News Filmelier<\/title>\n<meta name=\"robots\" content=\"index, follow, max-snippet:-1, max-image-preview:large, max-video-preview:-1\" \/>\n<link rel=\"canonical\" href=\"https:\/\/news.filmelier.com\/br\/maquina-mortifera-5-mel-gibson\/\" \/>\n<meta property=\"og:locale\" content=\"pt_BR\" \/>\n<meta property=\"og:type\" content=\"article\" \/>\n<meta property=\"og:title\" content=\"Mel Gibson afirma que vai dirigir &#039;M\u00e1quina Mort\u00edfera 5&#039; - News Filmelier\" \/>\n<meta property=\"og:description\" content=\"Gibson diz que vai assumir a fun\u00e7\u00e3o de diretor ap\u00f3s um pedido de Richard Donner, que foi o respons\u00e1vel pelos quatro filmes anteriores\" \/>\n<meta property=\"og:url\" content=\"https:\/\/news.filmelier.com\/br\/maquina-mortifera-5-mel-gibson\/\" \/>\n<meta property=\"og:site_name\" content=\"News Filmelier\" \/>\n<meta property=\"article:published_time\" content=\"2021-11-16T15:58:58+00:00\" \/>\n<meta name=\"author\" content=\"Reda\u00e7\u00e3o Filmelier\" \/>\n<meta name=\"twitter:card\" content=\"summary_large_image\" \/>\n<meta name=\"twitter:label1\" content=\"Escrito por\" \/>\n\t<meta name=\"twitter:data1\" content=\"Reda\u00e7\u00e3o Filmelier\" \/>\n\t<meta name=\"twitter:label2\" content=\"Est. tempo de leitura\" \/>\n\t<meta name=\"twitter:data2\" content=\"2 minutos\" \/>\n<script type=\"application\/ld+json\" class=\"yoast-schema-graph\">{\"@context\":\"https:\/\/schema.org\",\"@graph\":[{\"@type\":\"Article\",\"@id\":\"https:\/\/news.filmelier.com\/br\/maquina-mortifera-5-mel-gibson\/#article\",\"isPartOf\":{\"@id\":\"https:\/\/news.filmelier.com\/br\/maquina-mortifera-5-mel-gibson\/\"},\"author\":{\"name\":\"Reda\u00e7\u00e3o Filmelier\",\"@id\":\"https:\/\/homolog.news.filmelier.com\/br\/#\/schema\/person\/a6491aa555ce96d9d1cc15f1742dbd7b\"},\"headline\":\"Mel Gibson afirma que vai dirigir &#8216;M\u00e1quina Mort\u00edfera 5&#8217;\",\"datePublished\":\"2021-11-16T15:58:58+00:00\",\"mainEntityOfPage\":{\"@id\":\"https:\/\/news.filmelier.com\/br\/maquina-mortifera-5-mel-gibson\/\"},\"wordCount\":323,\"publisher\":{\"@id\":\"https:\/\/homolog.news.filmelier.com\/br\/#organization\"},\"image\":{\"@id\":\"https:\/\/news.filmelier.com\/br\/maquina-mortifera-5-mel-gibson\/#primaryimage\"},\"thumbnailUrl\":\"\",\"keywords\":[\"A\u00e7\u00e3o\",\"Danny Glover\",\"HBO Max\",\"M\u00e1quina Mort\u00edfera\",\"M\u00e1quina Mort\u00edfera 5\",\"Mel Gibson\"],\"articleSection\":[\"Filmes\"],\"inLanguage\":\"pt-BR\"},{\"@type\":\"WebPage\",\"@id\":\"https:\/\/news.filmelier.com\/br\/maquina-mortifera-5-mel-gibson\/\",\"url\":\"https:\/\/news.filmelier.com\/br\/maquina-mortifera-5-mel-gibson\/\",\"name\":\"Mel Gibson afirma que vai dirigir 'M\u00e1quina Mort\u00edfera 5' - News Filmelier\",\"isPartOf\":{\"@id\":\"https:\/\/homolog.news.filmelier.com\/br\/#website\"},\"primaryImageOfPage\":{\"@id\":\"https:\/\/news.filmelier.com\/br\/maquina-mortifera-5-mel-gibson\/#primaryimage\"},\"image\":{\"@id\":\"https:\/\/news.filmelier.com\/br\/maquina-mortifera-5-mel-gibson\/#primaryimage\"},\"thumbnailUrl\":\"\",\"datePublished\":\"2021-11-16T15:58:58+00:00\",\"breadcrumb\":{\"@id\":\"https:\/\/news.filmelier.com\/br\/maquina-mortifera-5-mel-gibson\/#breadcrumb\"},\"inLanguage\":\"pt-BR\",\"potentialAction\":[{\"@type\":\"ReadAction\",\"target\":[\"https:\/\/news.filmelier.com\/br\/maquina-mortifera-5-mel-gibson\/\"]}]},{\"@type\":\"ImageObject\",\"inLanguage\":\"pt-BR\",\"@id\":\"https:\/\/news.filmelier.com\/br\/maquina-mortifera-5-mel-gibson\/#primaryimage\",\"url\":\"\",\"contentUrl\":\"\"},{\"@type\":\"BreadcrumbList\",\"@id\":\"https:\/\/news.filmelier.com\/br\/maquina-mortifera-5-mel-gibson\/#breadcrumb\",\"itemListElement\":[{\"@type\":\"ListItem\",\"position\":1,\"name\":\"In\u00edcio\",\"item\":\"https:\/\/homolog.news.filmelier.com\/br\/\"},{\"@type\":\"ListItem\",\"position\":2,\"name\":\"Mel Gibson afirma que vai dirigir &#8216;M\u00e1quina Mort\u00edfera 5&#8217;\"}]},{\"@type\":\"WebSite\",\"@id\":\"https:\/\/homolog.news.filmelier.com\/br\/#website\",\"url\":\"https:\/\/homolog.news.filmelier.com\/br\/\",\"name\":\"Homolog Filmelier News Rankrup\",\"description\":\"\",\"publisher\":{\"@id\":\"https:\/\/homolog.news.filmelier.com\/br\/#organization\"},\"potentialAction\":[{\"@type\":\"SearchAction\",\"target\":{\"@type\":\"EntryPoint\",\"urlTemplate\":\"https:\/\/homolog.news.filmelier.com\/br\/?s={search_term_string}\"},\"query-input\":{\"@type\":\"PropertyValueSpecification\",\"valueRequired\":true,\"valueName\":\"search_term_string\"}}],\"inLanguage\":\"pt-BR\"},{\"@type\":\"Organization\",\"@id\":\"https:\/\/homolog.news.filmelier.com\/br\/#organization\",\"name\":\"Homolog Filmelier News Rankrup\",\"url\":\"https:\/\/homolog.news.filmelier.com\/br\/\",\"logo\":{\"@type\":\"ImageObject\",\"inLanguage\":\"pt-BR\",\"@id\":\"https:\/\/homolog.news.filmelier.com\/br\/#\/schema\/logo\/image\/\",\"url\":\"https:\/\/news.filmelier.com\/wp-content\/uploads\/2024\/11\/Logo-News.png\",\"contentUrl\":\"https:\/\/news.filmelier.com\/wp-content\/uploads\/2024\/11\/Logo-News.png\",\"width\":460,\"height\":108,\"caption\":\"Homolog Filmelier News Rankrup\"},\"image\":{\"@id\":\"https:\/\/homolog.news.filmelier.com\/br\/#\/schema\/logo\/image\/\"}},{\"@type\":\"Person\",\"@id\":\"https:\/\/homolog.news.filmelier.com\/br\/#\/schema\/person\/a6491aa555ce96d9d1cc15f1742dbd7b\",\"name\":\"Reda\u00e7\u00e3o Filmelier\",\"image\":{\"@type\":\"ImageObject\",\"inLanguage\":\"pt-BR\",\"@id\":\"https:\/\/homolog.news.filmelier.com\/br\/#\/schema\/person\/image\/\",\"url\":\"https:\/\/secure.gravatar.com\/avatar\/8bf80419447553f32d821a953683c4666faca8d781f143825a02644ae3f7e2d0?s=96&d=mm&r=g\",\"contentUrl\":\"https:\/\/secure.gravatar.com\/avatar\/8bf80419447553f32d821a953683c4666faca8d781f143825a02644ae3f7e2d0?s=96&d=mm&r=g\",\"caption\":\"Reda\u00e7\u00e3o Filmelier\"},\"description\":\"Somos um time de jornalistas e cr\u00edticos que respira cinema a 24 quadros por segundo. Das estreias do circuito aos cl\u00e1ssicos restaurados, da curadoria em streamings \u00e0s entrevistas nos bastidores, nossa reda\u00e7\u00e3o transforma filmes em conte\u00fado inteligente \u2014 com an\u00e1lises afiadas, guias pr\u00e1ticos e hist\u00f3rias que fazem voc\u00ea ver a s\u00e9tima arte com outros olhos. Aqui no Filmelier, cinema n\u00e3o \u00e9 s\u00f3 lazer: \u00e9 of\u00edcio, \u00e9 expertise, \u00e9 paix\u00e3o em forma de texto.\",\"url\":\"https:\/\/news.filmelier.com\/br\/author\/contato-filmelier\/\"}]}<\/script>\n<!-- \/ Yoast SEO plugin. -->","yoast_head_json":{"title":"Mel Gibson afirma que vai dirigir 'M\u00e1quina Mort\u00edfera 5' - News Filmelier","robots":{"index":"index","follow":"follow","max-snippet":"max-snippet:-1","max-image-preview":"max-image-preview:large","max-video-preview":"max-video-preview:-1"},"canonical":"https:\/\/news.filmelier.com\/br\/maquina-mortifera-5-mel-gibson\/","og_locale":"pt_BR","og_type":"article","og_title":"Mel Gibson afirma que vai dirigir 'M\u00e1quina Mort\u00edfera 5' - News Filmelier","og_description":"Gibson diz que vai assumir a fun\u00e7\u00e3o de diretor ap\u00f3s um pedido de Richard Donner, que foi o respons\u00e1vel pelos quatro filmes anteriores","og_url":"https:\/\/news.filmelier.com\/br\/maquina-mortifera-5-mel-gibson\/","og_site_name":"News Filmelier","article_published_time":"2021-11-16T15:58:58+00:00","author":"Reda\u00e7\u00e3o Filmelier","twitter_card":"summary_large_image","twitter_misc":{"Escrito por":"Reda\u00e7\u00e3o Filmelier","Est. tempo de leitura":"2 minutos"},"schema":{"@context":"https:\/\/schema.org","@graph":[{"@type":"Article","@id":"https:\/\/news.filmelier.com\/br\/maquina-mortifera-5-mel-gibson\/#article","isPartOf":{"@id":"https:\/\/news.filmelier.com\/br\/maquina-mortifera-5-mel-gibson\/"},"author":{"name":"Reda\u00e7\u00e3o Filmelier","@id":"https:\/\/homolog.news.filmelier.com\/br\/#\/schema\/person\/a6491aa555ce96d9d1cc15f1742dbd7b"},"headline":"Mel Gibson afirma que vai dirigir &#8216;M\u00e1quina Mort\u00edfera 5&#8217;","datePublished":"2021-11-16T15:58:58+00:00","mainEntityOfPage":{"@id":"https:\/\/news.filmelier.com\/br\/maquina-mortifera-5-mel-gibson\/"},"wordCount":323,"publisher":{"@id":"https:\/\/homolog.news.filmelier.com\/br\/#organization"},"image":{"@id":"https:\/\/news.filmelier.com\/br\/maquina-mortifera-5-mel-gibson\/#primaryimage"},"thumbnailUrl":"","keywords":["A\u00e7\u00e3o","Danny Glover","HBO Max","M\u00e1quina Mort\u00edfera","M\u00e1quina Mort\u00edfera 5","Mel Gibson"],"articleSection":["Filmes"],"inLanguage":"pt-BR"},{"@type":"WebPage","@id":"https:\/\/news.filmelier.com\/br\/maquina-mortifera-5-mel-gibson\/","url":"https:\/\/news.filmelier.com\/br\/maquina-mortifera-5-mel-gibson\/","name":"Mel Gibson afirma que vai dirigir 'M\u00e1quina Mort\u00edfera 5' - News Filmelier","isPartOf":{"@id":"https:\/\/homolog.news.filmelier.com\/br\/#website"},"primaryImageOfPage":{"@id":"https:\/\/news.filmelier.com\/br\/maquina-mortifera-5-mel-gibson\/#primaryimage"},"image":{"@id":"https:\/\/news.filmelier.com\/br\/maquina-mortifera-5-mel-gibson\/#primaryimage"},"thumbnailUrl":"","datePublished":"2021-11-16T15:58:58+00:00","breadcrumb":{"@id":"https:\/\/news.filmelier.com\/br\/maquina-mortifera-5-mel-gibson\/#breadcrumb"},"inLanguage":"pt-BR","potentialAction":[{"@type":"ReadAction","target":["https:\/\/news.filmelier.com\/br\/maquina-mortifera-5-mel-gibson\/"]}]},{"@type":"ImageObject","inLanguage":"pt-BR","@id":"https:\/\/news.filmelier.com\/br\/maquina-mortifera-5-mel-gibson\/#primaryimage","url":"","contentUrl":""},{"@type":"BreadcrumbList","@id":"https:\/\/news.filmelier.com\/br\/maquina-mortifera-5-mel-gibson\/#breadcrumb","itemListElement":[{"@type":"ListItem","position":1,"name":"In\u00edcio","item":"https:\/\/homolog.news.filmelier.com\/br\/"},{"@type":"ListItem","position":2,"name":"Mel Gibson afirma que vai dirigir &#8216;M\u00e1quina Mort\u00edfera 5&#8217;"}]},{"@type":"WebSite","@id":"https:\/\/homolog.news.filmelier.com\/br\/#website","url":"https:\/\/homolog.news.filmelier.com\/br\/","name":"Homolog Filmelier News Rankrup","description":"","publisher":{"@id":"https:\/\/homolog.news.filmelier.com\/br\/#organization"},"potentialAction":[{"@type":"SearchAction","target":{"@type":"EntryPoint","urlTemplate":"https:\/\/homolog.news.filmelier.com\/br\/?s={search_term_string}"},"query-input":{"@type":"PropertyValueSpecification","valueRequired":true,"valueName":"search_term_string"}}],"inLanguage":"pt-BR"},{"@type":"Organization","@id":"https:\/\/homolog.news.filmelier.com\/br\/#organization","name":"Homolog Filmelier News Rankrup","url":"https:\/\/homolog.news.filmelier.com\/br\/","logo":{"@type":"ImageObject","inLanguage":"pt-BR","@id":"https:\/\/homolog.news.filmelier.com\/br\/#\/schema\/logo\/image\/","url":"https:\/\/news.filmelier.com\/wp-content\/uploads\/2024\/11\/Logo-News.png","contentUrl":"https:\/\/news.filmelier.com\/wp-content\/uploads\/2024\/11\/Logo-News.png","width":460,"height":108,"caption":"Homolog Filmelier News Rankrup"},"image":{"@id":"https:\/\/homolog.news.filmelier.com\/br\/#\/schema\/logo\/image\/"}},{"@type":"Person","@id":"https:\/\/homolog.news.filmelier.com\/br\/#\/schema\/person\/a6491aa555ce96d9d1cc15f1742dbd7b","name":"Reda\u00e7\u00e3o Filmelier","image":{"@type":"ImageObject","inLanguage":"pt-BR","@id":"https:\/\/homolog.news.filmelier.com\/br\/#\/schema\/person\/image\/","url":"https:\/\/secure.gravatar.com\/avatar\/8bf80419447553f32d821a953683c4666faca8d781f143825a02644ae3f7e2d0?s=96&d=mm&r=g","contentUrl":"https:\/\/secure.gravatar.com\/avatar\/8bf80419447553f32d821a953683c4666faca8d781f143825a02644ae3f7e2d0?s=96&d=mm&r=g","caption":"Reda\u00e7\u00e3o Filmelier"},"description":"Somos um time de jornalistas e cr\u00edticos que respira cinema a 24 quadros por segundo. Das estreias do circuito aos cl\u00e1ssicos restaurados, da curadoria em streamings \u00e0s entrevistas nos bastidores, nossa reda\u00e7\u00e3o transforma filmes em conte\u00fado inteligente \u2014 com an\u00e1lises afiadas, guias pr\u00e1ticos e hist\u00f3rias que fazem voc\u00ea ver a s\u00e9tima arte com outros olhos. Aqui no Filmelier, cinema n\u00e3o \u00e9 s\u00f3 lazer: \u00e9 of\u00edcio, \u00e9 expertise, \u00e9 paix\u00e3o em forma de texto.","url":"https:\/\/news.filmelier.com\/br\/author\/contato-filmelier\/"}]}},"_links":{"self":[{"href":"https:\/\/news.filmelier.com\/br\/wp-json\/wp\/v2\/posts\/21782","targetHints":{"allow":["GET"]}}],"collection":[{"href":"https:\/\/news.filmelier.com\/br\/wp-json\/wp\/v2\/posts"}],"about":[{"href":"https:\/\/news.filmelier.com\/br\/wp-json\/wp\/v2\/types\/post"}],"author":[{"embeddable":true,"href":"https:\/\/news.filmelier.com\/br\/wp-json\/wp\/v2\/users\/14"}],"replies":[{"embeddable":true,"href":"https:\/\/news.filmelier.com\/br\/wp-json\/wp\/v2\/comments?post=21782"}],"version-history":[{"count":0,"href":"https:\/\/news.filmelier.com\/br\/wp-json\/wp\/v2\/posts\/21782\/revisions"}],"wp:featuredmedia":[{"embeddable":true,"href":"https:\/\/news.filmelier.com\/br\/wp-json\/"}],"wp:attachment":[{"href":"https:\/\/news.filmelier.com\/br\/wp-json\/wp\/v2\/media?parent=21782"}],"wp:term":[{"taxonomy":"category","embeddable":true,"href":"https:\/\/news.filmelier.com\/br\/wp-json\/wp\/v2\/categories?post=21782"},{"taxonomy":"post_tag","embeddable":true,"href":"https:\/\/news.filmelier.com\/br\/wp-json\/wp\/v2\/tags?post=21782"}],"curies":[{"name":"wp","href":"https:\/\/api.w.org\/{rel}","templated":true}]}}