{"id":21724,"date":"2021-11-12T13:25:10","date_gmt":"2021-11-12T16:25:10","guid":{"rendered":"https:\/\/www.filmelier.com\/br\/noticias\/?p=21724"},"modified":"2021-11-12T13:25:10","modified_gmt":"2021-11-12T16:25:10","slug":"disney-plus-day-anuncios","status":"publish","type":"post","link":"https:\/\/news.filmelier.com\/br\/disney-plus-day-anuncios\/","title":{"rendered":"Continua\u00e7\u00e3o de &#8216;Encantada&#8217;, reboot de &#8216;Doze \u00e9 Demais&#8217; e mais: todos os an\u00fancios de filmes do Disney+ Day"},"content":{"rendered":"\n<p>Como parte do <a href=\"https:\/\/www.filmelier.com\/br\/noticias\/desconto-disney-plus-day\" target=\"_blank\" rel=\"noreferrer noopener\">Disney+ Day<\/a>, evento especial do streaming que acontece nesta sexta (12), a Disney est\u00e1 divulgando diversas novidades de seus pr\u00f3ximos lan\u00e7amentos. Com lan\u00e7amentos in\u00e9ditos dentro da plataforma &#8211; como o longa &#8216;<a href=\"https:\/\/www.filmelier.com\/br\/film\/16079\/shang-chi-e-a-lenda-dos-dez-aneis\">Shang-Chi e a Lenda dos Dez An\u00e9is<\/a>&#8216; e &#8216;<a href=\"https:\/\/www.filmelier.com\/br\/film\/15695\/jungle-cruise\">Jungle Cruise<\/a>&#8216; &#8211; a celebra\u00e7\u00e3o de dois anos de <a href=\"https:\/\/www.filmelier.com\/br\/platforms\/disney-plus\">Disney+<\/a> contou com presentes especiais para os f\u00e3s: previs\u00e3o de estreia da sequ\u00eancia de &#8216;Encantada&#8217;, reboot de &#8216;Doze \u00e9 Demais&#8217;, teaser de &#8216;A Era do Gelo&#8217; e muito mais.<\/p>\n\n\n\n<ul class=\"wp-block-list\"><li><strong>Leia tamb\u00e9m: <a href=\"https:\/\/www.filmelier.com\/br\/noticias\/disney-plus-como-acessar-preco-catalogo-tudo-o-que-sabemos\" target=\"_blank\" rel=\"noreferrer noopener\">Disney+: Como acessar, pre\u00e7o, cat\u00e1logo e tudo o que voc\u00ea precisa saber<\/a><\/strong><\/li><\/ul>\n\n\n\n<p>Abaixo, confira os an\u00fancios de filmes do Disney+ Day.<\/p>\n\n\n\n<h2 class=\"wp-block-heading\">&#8216;Era do Gelo: As Aventuras de Buck Wild&#8217; ganha teaser in\u00e9dito<\/h2>\n\n\n\n<p>O novo filme da franquia de anima\u00e7\u00e3o, &#8216;Era do Gelo: As Aventuras de Buck Wild&#8217;, ganhou o seu primeiro teaser. Dando destaque para o personagem Buck, o longa contar\u00e1 tamb\u00e9m com a dupla de irm\u00e3os gamb\u00e1s Crash e Eddie.<\/p>\n\n\n\n<p>Confira: <\/p>\n\n\n\n<figure class=\"wp-block-embed is-type-video is-provider-youtube wp-block-embed-youtube wp-embed-aspect-16-9 wp-has-aspect-ratio\"><div class=\"wp-block-embed__wrapper\">\n<iframe title=\"A Era do Gelo: As Aventuras de Buck | Teaser Trailer Dublado | Disney+\" width=\"800\" height=\"450\" src=\"https:\/\/www.youtube.com\/embed\/rVQelqH7dH4?feature=oembed\" frameborder=\"0\" allow=\"accelerometer; autoplay; clipboard-write; encrypted-media; gyroscope; picture-in-picture; web-share\" referrerpolicy=\"strict-origin-when-cross-origin\" allowfullscreen><\/iframe>\n<\/div><\/figure>\n\n\n\n\n\n<p>O primeiro filme de &#8216;A Era do Gelo&#8217; foi lan\u00e7ado em 2002 e j\u00e1 rendeu quadro sequ\u00eancias. O novo filme, &#8216;Era do Gelo: As Aventuras de Buck Wild&#8217;, tem previs\u00e3o de estreia para o dia 28 de janeiro de 2022, no Disney+.<\/p>\n\n\n\n<h2 class=\"wp-block-heading\">Sequ\u00eancia de &#8216;Encantada&#8217; ganha previs\u00e3o de estreia<\/h2>\n\n\n\n<p>Em desenvolvimento desde 2010, a sequ\u00eancia de &#8216;Encantada&#8217; (2007) ganhou uma previs\u00e3o de estreia: &#8216;Desencantada&#8217; (ou &#8216;Disenchanted&#8217;) chega a plataforma de streaming no \u00faltimo quadrimestre de 2022, ou seja, durante o outono norte-americano.<\/p>\n\n\n\n<p>Assista ao an\u00fancio feito por Amy Adams e Patrick Dempsey:<\/p>\n\n\n\n<blockquote class=\"twitter-tweet\"><p dir=\"ltr\" lang=\"pt\">Amy Adams e <a href=\"https:\/\/twitter.com\/PatrickDempsey?ref_src=twsrc%5Etfw\">@PatrickDempsey<\/a> trouxeram para o <a href=\"https:\/\/twitter.com\/hashtag\/DisneyPlusDay?src=hash&amp;ref_src=twsrc%5Etfw\">#DisneyPlusDay<\/a> um pouquinho da magia de Andalasia! \u2728 <a href=\"https:\/\/twitter.com\/hashtag\/Disenchanted?src=hash&amp;ref_src=twsrc%5Etfw\">#Disenchanted<\/a> <a href=\"https:\/\/t.co\/lg4nfayGle\">pic.twitter.com\/lg4nfayGle<\/a><\/p>\u2014 Disney+ Brasil (@DisneyPlusBR) <a href=\"https:\/\/twitter.com\/DisneyPlusBR\/status\/1459177475360055298?ref_src=twsrc%5Etfw\">November 12, 2021<\/a><\/blockquote>\n\n\n\n<p>A trama da continua\u00e7\u00e3o deve ser situada 15 anos ap\u00f3s o primeiro filme, quando Giselle come\u00e7a a questionar o seu &#8220;felizes para sempre&#8221; e acaba desencadeando eventos que mudam a vida de todos, tanto no mundo real quanto em Andalasia.<\/p>\n\n\n\n<h2 class=\"wp-block-heading\">Disney anuncia reboot de &#8216;Doze \u00e9 Demais&#8217;<\/h2>\n\n\n\n<p>Teremos, sim, um reboot do filme &#8216;Doze \u00e9 Demais&#8217;! A nova vers\u00e3o ser\u00e1 protagonizada pelos atores Zach Braff &#8211; que tamb\u00e9m participou do filme de 2003 &#8211; e por Gabrielle Union (&#8217;10 Coisas Que Eu Odeio em Voc\u00ea&#8217;, e a dire\u00e7\u00e3o ficar\u00e1 por conta de Gail Lerner (&#8216;Will &amp; Grace&#8217;), enquanto o roteiro ser\u00e1 de Kenya Barris (Black-ish).<\/p>\n\n\n\n<p>A previs\u00e3o do filme ficou para mar\u00e7o de 2022.<\/p>\n\n\n\n<blockquote class=\"twitter-tweet\"><p dir=\"ltr\" lang=\"pt\">Doze \u00e9 Demais, um Filme Original. Em mar\u00e7o de 2022. S\u00f3 no <a href=\"https:\/\/twitter.com\/hashtag\/DisneyPlus?src=hash&amp;ref_src=twsrc%5Etfw\">#DisneyPlus<\/a>. <a href=\"https:\/\/twitter.com\/hashtag\/DisneyPlusDay?src=hash&amp;ref_src=twsrc%5Etfw\">#DisneyPlusDay<\/a> <a href=\"https:\/\/t.co\/MbOfQ208ln\">pic.twitter.com\/MbOfQ208ln<\/a><\/p>\u2014 Disney+ Brasil (@DisneyPlusBR) <a href=\"https:\/\/twitter.com\/DisneyPlusBR\/status\/1459173265436512267?ref_src=twsrc%5Etfw\">November 12, 2021<\/a><\/blockquote>\n\n\n\n<p>&#8216;Doze \u00e9 Demais&#8217; \u00e9 um dos cl\u00e1ssicos dos anos 2000 e \u00e9 baseado no livro de Frank B. Gilbreth Jr. e Ernestine Gilbreth Carey, acompanhando a hist\u00f3ria da fam\u00edlia Baker, que, ao todo, conta com doze filhos.<\/p>\n\n\n\n<h2 class=\"wp-block-heading\">&#8216;Abracadabra 2&#8217; ganha primeira foto e previs\u00e3o de estreia \u00e9 anunciada<\/h2>\n\n\n\n<p>J\u00e1 temos previs\u00e3o de quando veremos as irm\u00e3s Sanderson de novo! &#8216;<a href=\"https:\/\/www.filmelier.com\/br\/noticias\/abracadabra-2-tem-elenco-divulgado\">Abracadabra 2<\/a>&#8216;, sequ\u00eancia estrelada por Sarah Jessica Parker, Kathy Najimy e Bette Midler, ser\u00e1 lan\u00e7ado no Disney+ no \u00faltimo trimestre de 2022. O an\u00fancio, feito durante o Disney+ Day, veio com a primeira foto oficial da produ\u00e7\u00e3o.<\/p>\n\n\n\n<p>Confira:<\/p>\n\n\n\n<blockquote class=\"twitter-tweet\"><p dir=\"ltr\" lang=\"pt\">\ud83d\udd6f Bette Midler, Sarah Jessica Parker e Kathy Najimy j\u00e1 est\u00e3o prontas para <a href=\"https:\/\/twitter.com\/hashtag\/HocusPocus2?src=hash&amp;ref_src=twsrc%5Etfw\">#HocusPocus2<\/a>. Em 2022 s\u00f3 no <a href=\"https:\/\/twitter.com\/hashtag\/DisneyPlus?src=hash&amp;ref_src=twsrc%5Etfw\">#DisneyPlus<\/a>! <a href=\"https:\/\/t.co\/dubHQ2Z54m\">pic.twitter.com\/dubHQ2Z54m<\/a><\/p>\u2014 Disney+ Brasil (@DisneyPlusBR) <a href=\"https:\/\/twitter.com\/DisneyPlusBR\/status\/1459186623715889160?ref_src=twsrc%5Etfw\">November 12, 2021<\/a><\/blockquote>\n\n\n\n<p>O enredo da trama vai se passar 29 anos ap\u00f3s o original, de 1993. Na sequ\u00eancia, Winifred (Midler), Sarah (Jessica Parker) e Mary (Najimy) est\u00e3o em busca de vingan\u00e7a quando se encontram de volta a Salem nos dias atuais, ap\u00f3s terem sido invocadas por um trio de adolescentes.<\/p>\n\n\n\n<h2 class=\"wp-block-heading\">Live-action de &#8216;Pin\u00f3quio&#8217; ganha previs\u00e3o de estreia<\/h2>\n\n\n\n<p>&#8216;Pin\u00f3quio&#8217;, mais um live-action da Disney, deve ser lan\u00e7ado no \u00faltimo quadrimestre de 2022. Dirigido por Robert Zemeckis (&#8216;De Volta para o Futuro&#8217;), o longa \u00e9 estrelado por Cynthia Erivo (&#8216;Harriet&#8217;), que d\u00e1 vida a Fada Azul, Benjamin Evan Ainsworth (&#8216;A Maldi\u00e7\u00e3o da Mans\u00e3o Bly&#8217;) far\u00e1 a voz do protagonista e Joseph Gordon-Levitt (&#8216;500 Dias com Ela&#8217;), que far\u00e1 a voz original do Grilo Falante.<\/p>\n\n\n\n<p>A Disney+ tamb\u00e9m fez o an\u00fancio pelas redes sociais:<\/p>\n\n\n\n<blockquote class=\"twitter-tweet\"><p dir=\"ltr\" lang=\"pt\">O filme live-action do <a href=\"https:\/\/twitter.com\/hashtag\/Pinocchio?src=hash&amp;ref_src=twsrc%5Etfw\">#Pinocchio<\/a> estrelado por Tom Hanks, Cynthia Erivo, Luke Evans e com as vozes de Benjamin Evan Ainsworth, Joseph Gordon-Levitt, Keegan-Michael Key e Lorraine Bracco, com dire\u00e7\u00e3o de Robert Zemeckis, chega ao <a href=\"https:\/\/twitter.com\/hashtag\/DisneyPlus?src=hash&amp;ref_src=twsrc%5Etfw\">#DisneyPlus<\/a> em 2022. \u2728<a href=\"https:\/\/twitter.com\/hashtag\/DisneyPlusDay?src=hash&amp;ref_src=twsrc%5Etfw\">#DisneyPlusDay<\/a> <a href=\"https:\/\/t.co\/g6YJv3LSe2\">pic.twitter.com\/g6YJv3LSe2<\/a><\/p>\u2014 Disney+ Brasil (@DisneyPlusBR) <a href=\"https:\/\/twitter.com\/DisneyPlusBR\/status\/1459187939477446657?ref_src=twsrc%5Etfw\">November 12, 2021<\/a><\/blockquote>\n\n\n\n<p>As grava\u00e7\u00f5es da trama come\u00e7am em mar\u00e7o deste ano no Reino Unido.<\/p>\n\n\n\n<h2 class=\"wp-block-heading\">Mais &#8216;Di\u00e1rio de Um Banana&#8217;<\/h2>\n\n\n\n<p>Agora em dezembro, a franquia  &#8216;Di\u00e1rio de Um Banana&#8217; ganha um novo filme original. Um p\u00f4ster foi divulgado:<\/p>\n\n\n\n<blockquote class=\"twitter-tweet\"><p dir=\"ltr\" lang=\"pt\">Confira o novo p\u00f4ster de <a href=\"https:\/\/twitter.com\/hashtag\/Di%C3%A1rioDeUmBanana?src=hash&amp;ref_src=twsrc%5Etfw\">#Di\u00e1rioDeUmBanana<\/a>, um Filme Original. Em 3 de dezembro, s\u00f3 no <a href=\"https:\/\/twitter.com\/hashtag\/DisneyPlus?src=hash&amp;ref_src=twsrc%5Etfw\">#DisneyPlus<\/a>. <a href=\"https:\/\/t.co\/0Tl9pnBonf\">pic.twitter.com\/0Tl9pnBonf<\/a><\/p>\u2014 Disney+ Brasil (@DisneyPlusBR) <a href=\"https:\/\/twitter.com\/DisneyPlusBR\/status\/1459180121454227459?ref_src=twsrc%5Etfw\">November 12, 2021<\/a><\/blockquote>\n\n\n\n<p>Um segundo filme animado tamb\u00e9m foi confirmado para 2022:<\/p>\n\n\n\n<blockquote class=\"twitter-tweet\"><p dir=\"ltr\" lang=\"pt\">A regra \u00e9 simples: <a href=\"https:\/\/twitter.com\/hashtag\/RodrickRules?src=hash&amp;ref_src=twsrc%5Etfw\">#RodrickRules<\/a>. Uma nova aventura em anima\u00e7\u00e3o da franquia de <a href=\"https:\/\/twitter.com\/hashtag\/Di%C3%A1rioDeUmBanana?src=hash&amp;ref_src=twsrc%5Etfw\">#Di\u00e1rioDeUmBanana<\/a>. Em breve. <a href=\"https:\/\/twitter.com\/hashtag\/DisneyPlusDay?src=hash&amp;ref_src=twsrc%5Etfw\">#DisneyPlusDay<\/a> <a href=\"https:\/\/t.co\/ydXW5DkdBi\">pic.twitter.com\/ydXW5DkdBi<\/a><\/p>\u2014 Disney+ Brasil (@DisneyPlusBR) <a href=\"https:\/\/twitter.com\/DisneyPlusBR\/status\/1459181144860155906?ref_src=twsrc%5Etfw\">November 12, 2021<\/a><\/blockquote>\n\n\n\n<h2 class=\"wp-block-heading\">Primeiro trailer de &#8216;Os T\u00eanis Encantados&#8217;<\/h2>\n\n\n\n<p>Outra produ\u00e7\u00e3o que ganhou o seu primeiro trailer \u00e9 &#8216;Os T\u00eanis Encantados&#8217;, filme original do Disney+ que chega ao streaming em 18 de fevereiro. Assista:<\/p>\n\n\n\n<blockquote class=\"twitter-tweet\"><p dir=\"ltr\" lang=\"pt\">Amarre os cadar\u00e7os e sonhe. \ud83d\udc5f\u2728<a href=\"https:\/\/twitter.com\/hashtag\/OsT%C3%AAnisEncantados?src=hash&amp;ref_src=twsrc%5Etfw\">#OsT\u00eanisEncantados<\/a>, um Filme Original. Estreia em 18 de fevereiro. S\u00f3 no <a href=\"https:\/\/twitter.com\/hashtag\/DisneyPlus?src=hash&amp;ref_src=twsrc%5Etfw\">#DisneyPlus<\/a>. <a href=\"https:\/\/twitter.com\/hashtag\/DisneyPlusDay?src=hash&amp;ref_src=twsrc%5Etfw\">#DisneyPlusDay<\/a> <a href=\"https:\/\/t.co\/tJxoObpWDp\">pic.twitter.com\/tJxoObpWDp<\/a><\/p>\u2014 Disney+ Brasil (@DisneyPlusBR) <a href=\"https:\/\/twitter.com\/DisneyPlusBR\/status\/1459200906554232835?ref_src=twsrc%5Etfw\">November 12, 2021<\/a><\/blockquote>\n\n\n\n<p>Com o t\u00edtulo original de &#8216;Sneakerella&#8217;, o filme \u00e9 uma adapta\u00e7\u00e3o moderna de &#8216;Cinderela&#8217;. Dirigido por Elizabeth Allen Rosenbaum, tem Chosen Jacobs, Lexi Underwood e John Salley no elenco.<\/p>\n\n\n\n<h2 class=\"wp-block-heading\">&#8216;Better Nate Than Ever&#8217;: com\u00e9dia musical com Lisa Kudrow<\/h2>\n\n\n\n<p>Mais um musical para compor o cat\u00e1logo da Disney! &#8216;Better Nate Than Ever&#8217;, inspirada no livro hom\u00f4nimo de Tim Federle, chegar\u00e1 ao cat\u00e1logo do Disney+ em 2022. Produzido por Marc Platt (&#8216;La La Land&#8217;), o elenco conta com Lisa Kudrow (&#8216;Friends&#8217;), Aria Brooks (&#8216;Harriet&#8217;) e Michelle Federer (&#8216;O Casamento de Rachel&#8217;). Roteiro e dire\u00e7\u00e3o s\u00e3o de Tim Federle, showrunner de High School Musical: O Musical: A S\u00e9rie.<\/p>\n\n\n\n<div class=\"wp-block-image\"><figure class=\"aligncenter size-full is-resized\"><img fetchpriority=\"high\" decoding=\"async\" src=\"https:\/\/www.filmelier.com\/br\/noticias\/wp-content\/uploads\/2021\/11\/nate.png\" alt=\"Continua\u00e7\u00e3o de 'Encantada', reboot de 'Doze \u00e9 Demais' e mais: todos os an\u00fancios de filmes do Disney+ Day\" class=\"wp-image-21757\" width=\"840\" height=\"312\" \/><figcaption><em>&#8216;Better Nate Than Ever&#8217; estrear\u00e1 no Disney+ em 2022 (Cr\u00e9dito: Divulga\u00e7\u00e3o\/Disney+)<\/em><\/figcaption><\/figure><\/div>\n\n\n\n<p>O filme contar\u00e1 a hist\u00f3ria do jovem de 13 anos de idade Nate Foster, que foge com sua melhor amiga Libby para Nova York em busca de um papel na Broadway, depois de n\u00e3o ser escalado em uma pe\u00e7a do col\u00e9gio. \u00c9 quando um encontro por acaso com uma tia sumida h\u00e1 anos vira a aventura de ponta-cabe\u00e7a, j\u00e1 que parece que eles precisam um do outro para que seus sonhos se realizem.<\/p>\n\n\n\n<p class=\"has-text-align-center\"><strong>Siga o Filmelier no&nbsp;<a rel=\"noreferrer noopener\" href=\"https:\/\/www.facebook.com\/filmelierbr\" target=\"_blank\">Facebook<\/a>,&nbsp;<a rel=\"noreferrer noopener\" href=\"https:\/\/www.twitter.com\/filmelierbr\" target=\"_blank\">Twitter<\/a>&nbsp;e&nbsp;<a rel=\"noreferrer noopener\" href=\"https:\/\/www.instagram.com\/filmelierbr\" target=\"_blank\">Instagram<\/a>.<\/strong><a href=\"https:\/\/www.filmelier.com\/br\/noticias\/feed\/\" target=\"_blank\" rel=\"noreferrer noopener\"><\/a><a href=\"https:\/\/www.filmelier.com\/br\/noticias\/feed\/\" target=\"_blank\" rel=\"noreferrer noopener\"><\/a><a href=\"https:\/\/www.filmelier.com\/br\/noticias\/feed\/\" target=\"_blank\" rel=\"noreferrer noopener\"><\/a><a href=\"https:\/\/www.filmelier.com\/br\/noticias\/feed\/\" target=\"_blank\" rel=\"noreferrer noopener\"><\/a><a href=\"https:\/\/www.filmelier.com\/br\/noticias\/feed\/\" target=\"_blank\" rel=\"noreferrer noopener\"><\/a><\/p>\n","protected":false},"excerpt":{"rendered":"<p>Estreias e an\u00fancios foram divulgados no Disney+ Day, evento em que o streaming revela novidades das suas grandes franquias<\/p>\n","protected":false},"author":14,"featured_media":21738,"comment_status":"closed","ping_status":"open","sticky":false,"template":"","format":"standard","meta":{"_acf_changed":false,"footnotes":""},"categories":[3482],"tags":[6108,3348],"class_list":["post-21724","post","type-post","status-publish","format-standard","has-post-thumbnail","hentry","category-filmes-br","tag-disney-plus","tag-disney-day"],"acf":{"subtitulo":"","id_ator":""},"yoast_head":"<!-- This site is optimized with the Yoast SEO plugin v26.1.1 - https:\/\/yoast.com\/wordpress\/plugins\/seo\/ -->\n<title>Continua\u00e7\u00e3o de &#039;Encantada&#039;, reboot de &#039;Doze \u00e9 Demais&#039; e mais: todos os an\u00fancios de filmes do Disney+ Day - News Filmelier<\/title>\n<meta name=\"robots\" content=\"index, follow, max-snippet:-1, max-image-preview:large, max-video-preview:-1\" \/>\n<link rel=\"canonical\" href=\"https:\/\/news.filmelier.com\/br\/disney-plus-day-anuncios\/\" \/>\n<meta property=\"og:locale\" content=\"pt_BR\" \/>\n<meta property=\"og:type\" content=\"article\" \/>\n<meta property=\"og:title\" content=\"Continua\u00e7\u00e3o de &#039;Encantada&#039;, reboot de &#039;Doze \u00e9 Demais&#039; e mais: todos os an\u00fancios de filmes do Disney+ Day - News Filmelier\" \/>\n<meta property=\"og:description\" content=\"Estreias e an\u00fancios foram divulgados no Disney+ Day, evento em que o streaming revela novidades das suas grandes franquias\" \/>\n<meta property=\"og:url\" content=\"https:\/\/news.filmelier.com\/br\/disney-plus-day-anuncios\/\" \/>\n<meta property=\"og:site_name\" content=\"News Filmelier\" \/>\n<meta property=\"article:published_time\" content=\"2021-11-12T16:25:10+00:00\" \/>\n<meta name=\"author\" content=\"Reda\u00e7\u00e3o Filmelier\" \/>\n<meta name=\"twitter:card\" content=\"summary_large_image\" \/>\n<meta name=\"twitter:label1\" content=\"Escrito por\" \/>\n\t<meta name=\"twitter:data1\" content=\"Reda\u00e7\u00e3o Filmelier\" \/>\n\t<meta name=\"twitter:label2\" content=\"Est. tempo de leitura\" \/>\n\t<meta name=\"twitter:data2\" content=\"6 minutos\" \/>\n<script type=\"application\/ld+json\" class=\"yoast-schema-graph\">{\"@context\":\"https:\/\/schema.org\",\"@graph\":[{\"@type\":\"Article\",\"@id\":\"https:\/\/news.filmelier.com\/br\/disney-plus-day-anuncios\/#article\",\"isPartOf\":{\"@id\":\"https:\/\/news.filmelier.com\/br\/disney-plus-day-anuncios\/\"},\"author\":{\"name\":\"Reda\u00e7\u00e3o Filmelier\",\"@id\":\"https:\/\/homolog.news.filmelier.com\/br\/#\/schema\/person\/a6491aa555ce96d9d1cc15f1742dbd7b\"},\"headline\":\"Continua\u00e7\u00e3o de &#8216;Encantada&#8217;, reboot de &#8216;Doze \u00e9 Demais&#8217; e mais: todos os an\u00fancios de filmes do Disney+ Day\",\"datePublished\":\"2021-11-12T16:25:10+00:00\",\"mainEntityOfPage\":{\"@id\":\"https:\/\/news.filmelier.com\/br\/disney-plus-day-anuncios\/\"},\"wordCount\":1141,\"publisher\":{\"@id\":\"https:\/\/homolog.news.filmelier.com\/br\/#organization\"},\"image\":{\"@id\":\"https:\/\/news.filmelier.com\/br\/disney-plus-day-anuncios\/#primaryimage\"},\"thumbnailUrl\":\"\",\"keywords\":[\"Disney Plus\",\"Disney+ Day\"],\"articleSection\":[\"Filmes\"],\"inLanguage\":\"pt-BR\"},{\"@type\":\"WebPage\",\"@id\":\"https:\/\/news.filmelier.com\/br\/disney-plus-day-anuncios\/\",\"url\":\"https:\/\/news.filmelier.com\/br\/disney-plus-day-anuncios\/\",\"name\":\"Continua\u00e7\u00e3o de 'Encantada', reboot de 'Doze \u00e9 Demais' e mais: todos os an\u00fancios de filmes do Disney+ Day - News Filmelier\",\"isPartOf\":{\"@id\":\"https:\/\/homolog.news.filmelier.com\/br\/#website\"},\"primaryImageOfPage\":{\"@id\":\"https:\/\/news.filmelier.com\/br\/disney-plus-day-anuncios\/#primaryimage\"},\"image\":{\"@id\":\"https:\/\/news.filmelier.com\/br\/disney-plus-day-anuncios\/#primaryimage\"},\"thumbnailUrl\":\"\",\"datePublished\":\"2021-11-12T16:25:10+00:00\",\"breadcrumb\":{\"@id\":\"https:\/\/news.filmelier.com\/br\/disney-plus-day-anuncios\/#breadcrumb\"},\"inLanguage\":\"pt-BR\",\"potentialAction\":[{\"@type\":\"ReadAction\",\"target\":[\"https:\/\/news.filmelier.com\/br\/disney-plus-day-anuncios\/\"]}]},{\"@type\":\"ImageObject\",\"inLanguage\":\"pt-BR\",\"@id\":\"https:\/\/news.filmelier.com\/br\/disney-plus-day-anuncios\/#primaryimage\",\"url\":\"\",\"contentUrl\":\"\"},{\"@type\":\"BreadcrumbList\",\"@id\":\"https:\/\/news.filmelier.com\/br\/disney-plus-day-anuncios\/#breadcrumb\",\"itemListElement\":[{\"@type\":\"ListItem\",\"position\":1,\"name\":\"In\u00edcio\",\"item\":\"https:\/\/homolog.news.filmelier.com\/br\/\"},{\"@type\":\"ListItem\",\"position\":2,\"name\":\"Continua\u00e7\u00e3o de &#8216;Encantada&#8217;, reboot de &#8216;Doze \u00e9 Demais&#8217; e mais: todos os an\u00fancios de filmes do Disney+ Day\"}]},{\"@type\":\"WebSite\",\"@id\":\"https:\/\/homolog.news.filmelier.com\/br\/#website\",\"url\":\"https:\/\/homolog.news.filmelier.com\/br\/\",\"name\":\"Homolog Filmelier News Rankrup\",\"description\":\"\",\"publisher\":{\"@id\":\"https:\/\/homolog.news.filmelier.com\/br\/#organization\"},\"potentialAction\":[{\"@type\":\"SearchAction\",\"target\":{\"@type\":\"EntryPoint\",\"urlTemplate\":\"https:\/\/homolog.news.filmelier.com\/br\/?s={search_term_string}\"},\"query-input\":{\"@type\":\"PropertyValueSpecification\",\"valueRequired\":true,\"valueName\":\"search_term_string\"}}],\"inLanguage\":\"pt-BR\"},{\"@type\":\"Organization\",\"@id\":\"https:\/\/homolog.news.filmelier.com\/br\/#organization\",\"name\":\"Homolog Filmelier News Rankrup\",\"url\":\"https:\/\/homolog.news.filmelier.com\/br\/\",\"logo\":{\"@type\":\"ImageObject\",\"inLanguage\":\"pt-BR\",\"@id\":\"https:\/\/homolog.news.filmelier.com\/br\/#\/schema\/logo\/image\/\",\"url\":\"https:\/\/news.filmelier.com\/wp-content\/uploads\/2024\/11\/Logo-News.png\",\"contentUrl\":\"https:\/\/news.filmelier.com\/wp-content\/uploads\/2024\/11\/Logo-News.png\",\"width\":460,\"height\":108,\"caption\":\"Homolog Filmelier News Rankrup\"},\"image\":{\"@id\":\"https:\/\/homolog.news.filmelier.com\/br\/#\/schema\/logo\/image\/\"}},{\"@type\":\"Person\",\"@id\":\"https:\/\/homolog.news.filmelier.com\/br\/#\/schema\/person\/a6491aa555ce96d9d1cc15f1742dbd7b\",\"name\":\"Reda\u00e7\u00e3o Filmelier\",\"image\":{\"@type\":\"ImageObject\",\"inLanguage\":\"pt-BR\",\"@id\":\"https:\/\/homolog.news.filmelier.com\/br\/#\/schema\/person\/image\/\",\"url\":\"https:\/\/secure.gravatar.com\/avatar\/8bf80419447553f32d821a953683c4666faca8d781f143825a02644ae3f7e2d0?s=96&d=mm&r=g\",\"contentUrl\":\"https:\/\/secure.gravatar.com\/avatar\/8bf80419447553f32d821a953683c4666faca8d781f143825a02644ae3f7e2d0?s=96&d=mm&r=g\",\"caption\":\"Reda\u00e7\u00e3o Filmelier\"},\"description\":\"Somos um time de jornalistas e cr\u00edticos que respira cinema a 24 quadros por segundo. Das estreias do circuito aos cl\u00e1ssicos restaurados, da curadoria em streamings \u00e0s entrevistas nos bastidores, nossa reda\u00e7\u00e3o transforma filmes em conte\u00fado inteligente \u2014 com an\u00e1lises afiadas, guias pr\u00e1ticos e hist\u00f3rias que fazem voc\u00ea ver a s\u00e9tima arte com outros olhos. Aqui no Filmelier, cinema n\u00e3o \u00e9 s\u00f3 lazer: \u00e9 of\u00edcio, \u00e9 expertise, \u00e9 paix\u00e3o em forma de texto.\",\"url\":\"https:\/\/news.filmelier.com\/br\/author\/contato-filmelier\/\"}]}<\/script>\n<!-- \/ Yoast SEO plugin. -->","yoast_head_json":{"title":"Continua\u00e7\u00e3o de 'Encantada', reboot de 'Doze \u00e9 Demais' e mais: todos os an\u00fancios de filmes do Disney+ Day - News Filmelier","robots":{"index":"index","follow":"follow","max-snippet":"max-snippet:-1","max-image-preview":"max-image-preview:large","max-video-preview":"max-video-preview:-1"},"canonical":"https:\/\/news.filmelier.com\/br\/disney-plus-day-anuncios\/","og_locale":"pt_BR","og_type":"article","og_title":"Continua\u00e7\u00e3o de 'Encantada', reboot de 'Doze \u00e9 Demais' e mais: todos os an\u00fancios de filmes do Disney+ Day - News Filmelier","og_description":"Estreias e an\u00fancios foram divulgados no Disney+ Day, evento em que o streaming revela novidades das suas grandes franquias","og_url":"https:\/\/news.filmelier.com\/br\/disney-plus-day-anuncios\/","og_site_name":"News Filmelier","article_published_time":"2021-11-12T16:25:10+00:00","author":"Reda\u00e7\u00e3o Filmelier","twitter_card":"summary_large_image","twitter_misc":{"Escrito por":"Reda\u00e7\u00e3o Filmelier","Est. tempo de leitura":"6 minutos"},"schema":{"@context":"https:\/\/schema.org","@graph":[{"@type":"Article","@id":"https:\/\/news.filmelier.com\/br\/disney-plus-day-anuncios\/#article","isPartOf":{"@id":"https:\/\/news.filmelier.com\/br\/disney-plus-day-anuncios\/"},"author":{"name":"Reda\u00e7\u00e3o Filmelier","@id":"https:\/\/homolog.news.filmelier.com\/br\/#\/schema\/person\/a6491aa555ce96d9d1cc15f1742dbd7b"},"headline":"Continua\u00e7\u00e3o de &#8216;Encantada&#8217;, reboot de &#8216;Doze \u00e9 Demais&#8217; e mais: todos os an\u00fancios de filmes do Disney+ Day","datePublished":"2021-11-12T16:25:10+00:00","mainEntityOfPage":{"@id":"https:\/\/news.filmelier.com\/br\/disney-plus-day-anuncios\/"},"wordCount":1141,"publisher":{"@id":"https:\/\/homolog.news.filmelier.com\/br\/#organization"},"image":{"@id":"https:\/\/news.filmelier.com\/br\/disney-plus-day-anuncios\/#primaryimage"},"thumbnailUrl":"","keywords":["Disney Plus","Disney+ Day"],"articleSection":["Filmes"],"inLanguage":"pt-BR"},{"@type":"WebPage","@id":"https:\/\/news.filmelier.com\/br\/disney-plus-day-anuncios\/","url":"https:\/\/news.filmelier.com\/br\/disney-plus-day-anuncios\/","name":"Continua\u00e7\u00e3o de 'Encantada', reboot de 'Doze \u00e9 Demais' e mais: todos os an\u00fancios de filmes do Disney+ Day - News Filmelier","isPartOf":{"@id":"https:\/\/homolog.news.filmelier.com\/br\/#website"},"primaryImageOfPage":{"@id":"https:\/\/news.filmelier.com\/br\/disney-plus-day-anuncios\/#primaryimage"},"image":{"@id":"https:\/\/news.filmelier.com\/br\/disney-plus-day-anuncios\/#primaryimage"},"thumbnailUrl":"","datePublished":"2021-11-12T16:25:10+00:00","breadcrumb":{"@id":"https:\/\/news.filmelier.com\/br\/disney-plus-day-anuncios\/#breadcrumb"},"inLanguage":"pt-BR","potentialAction":[{"@type":"ReadAction","target":["https:\/\/news.filmelier.com\/br\/disney-plus-day-anuncios\/"]}]},{"@type":"ImageObject","inLanguage":"pt-BR","@id":"https:\/\/news.filmelier.com\/br\/disney-plus-day-anuncios\/#primaryimage","url":"","contentUrl":""},{"@type":"BreadcrumbList","@id":"https:\/\/news.filmelier.com\/br\/disney-plus-day-anuncios\/#breadcrumb","itemListElement":[{"@type":"ListItem","position":1,"name":"In\u00edcio","item":"https:\/\/homolog.news.filmelier.com\/br\/"},{"@type":"ListItem","position":2,"name":"Continua\u00e7\u00e3o de &#8216;Encantada&#8217;, reboot de &#8216;Doze \u00e9 Demais&#8217; e mais: todos os an\u00fancios de filmes do Disney+ Day"}]},{"@type":"WebSite","@id":"https:\/\/homolog.news.filmelier.com\/br\/#website","url":"https:\/\/homolog.news.filmelier.com\/br\/","name":"Homolog Filmelier News Rankrup","description":"","publisher":{"@id":"https:\/\/homolog.news.filmelier.com\/br\/#organization"},"potentialAction":[{"@type":"SearchAction","target":{"@type":"EntryPoint","urlTemplate":"https:\/\/homolog.news.filmelier.com\/br\/?s={search_term_string}"},"query-input":{"@type":"PropertyValueSpecification","valueRequired":true,"valueName":"search_term_string"}}],"inLanguage":"pt-BR"},{"@type":"Organization","@id":"https:\/\/homolog.news.filmelier.com\/br\/#organization","name":"Homolog Filmelier News Rankrup","url":"https:\/\/homolog.news.filmelier.com\/br\/","logo":{"@type":"ImageObject","inLanguage":"pt-BR","@id":"https:\/\/homolog.news.filmelier.com\/br\/#\/schema\/logo\/image\/","url":"https:\/\/news.filmelier.com\/wp-content\/uploads\/2024\/11\/Logo-News.png","contentUrl":"https:\/\/news.filmelier.com\/wp-content\/uploads\/2024\/11\/Logo-News.png","width":460,"height":108,"caption":"Homolog Filmelier News Rankrup"},"image":{"@id":"https:\/\/homolog.news.filmelier.com\/br\/#\/schema\/logo\/image\/"}},{"@type":"Person","@id":"https:\/\/homolog.news.filmelier.com\/br\/#\/schema\/person\/a6491aa555ce96d9d1cc15f1742dbd7b","name":"Reda\u00e7\u00e3o Filmelier","image":{"@type":"ImageObject","inLanguage":"pt-BR","@id":"https:\/\/homolog.news.filmelier.com\/br\/#\/schema\/person\/image\/","url":"https:\/\/secure.gravatar.com\/avatar\/8bf80419447553f32d821a953683c4666faca8d781f143825a02644ae3f7e2d0?s=96&d=mm&r=g","contentUrl":"https:\/\/secure.gravatar.com\/avatar\/8bf80419447553f32d821a953683c4666faca8d781f143825a02644ae3f7e2d0?s=96&d=mm&r=g","caption":"Reda\u00e7\u00e3o Filmelier"},"description":"Somos um time de jornalistas e cr\u00edticos que respira cinema a 24 quadros por segundo. Das estreias do circuito aos cl\u00e1ssicos restaurados, da curadoria em streamings \u00e0s entrevistas nos bastidores, nossa reda\u00e7\u00e3o transforma filmes em conte\u00fado inteligente \u2014 com an\u00e1lises afiadas, guias pr\u00e1ticos e hist\u00f3rias que fazem voc\u00ea ver a s\u00e9tima arte com outros olhos. Aqui no Filmelier, cinema n\u00e3o \u00e9 s\u00f3 lazer: \u00e9 of\u00edcio, \u00e9 expertise, \u00e9 paix\u00e3o em forma de texto.","url":"https:\/\/news.filmelier.com\/br\/author\/contato-filmelier\/"}]}},"_links":{"self":[{"href":"https:\/\/news.filmelier.com\/br\/wp-json\/wp\/v2\/posts\/21724","targetHints":{"allow":["GET"]}}],"collection":[{"href":"https:\/\/news.filmelier.com\/br\/wp-json\/wp\/v2\/posts"}],"about":[{"href":"https:\/\/news.filmelier.com\/br\/wp-json\/wp\/v2\/types\/post"}],"author":[{"embeddable":true,"href":"https:\/\/news.filmelier.com\/br\/wp-json\/wp\/v2\/users\/14"}],"replies":[{"embeddable":true,"href":"https:\/\/news.filmelier.com\/br\/wp-json\/wp\/v2\/comments?post=21724"}],"version-history":[{"count":0,"href":"https:\/\/news.filmelier.com\/br\/wp-json\/wp\/v2\/posts\/21724\/revisions"}],"wp:featuredmedia":[{"embeddable":true,"href":"https:\/\/news.filmelier.com\/br\/wp-json\/"}],"wp:attachment":[{"href":"https:\/\/news.filmelier.com\/br\/wp-json\/wp\/v2\/media?parent=21724"}],"wp:term":[{"taxonomy":"category","embeddable":true,"href":"https:\/\/news.filmelier.com\/br\/wp-json\/wp\/v2\/categories?post=21724"},{"taxonomy":"post_tag","embeddable":true,"href":"https:\/\/news.filmelier.com\/br\/wp-json\/wp\/v2\/tags?post=21724"}],"curies":[{"name":"wp","href":"https:\/\/api.w.org\/{rel}","templated":true}]}}