{"id":21698,"date":"2021-11-12T11:46:26","date_gmt":"2021-11-12T14:46:26","guid":{"rendered":"https:\/\/www.filmelier.com\/br\/noticias\/?p=21698"},"modified":"2021-11-12T11:46:26","modified_gmt":"2021-11-12T14:46:26","slug":"ben-stiller-cate-blanchett-os-campeoes","status":"publish","type":"post","link":"https:\/\/news.filmelier.com\/br\/ben-stiller-cate-blanchett-os-campeoes\/","title":{"rendered":"Ben Stiller e Cate Blanchett v\u00e3o trabalhar juntos na adapta\u00e7\u00e3o de &#8216;Os Campe\u00f5es&#8217;"},"content":{"rendered":"\n<p><a href=\"https:\/\/www.filmelier.com\/br\/director\/ben-stiller\" target=\"_blank\" rel=\"noreferrer noopener\">Ben Stiller<\/a> (&#8216;Uma Noite no Museu&#8217;) e Cate Blanchett (&#8216;<a href=\"https:\/\/www.filmelier.com\/br\/film\/6054\/thor-ragnarok\">Thor: Ragnarok<\/a>&#8216;) v\u00e3o trabalhar juntos na adapta\u00e7\u00e3o contempor\u00e2nea da s\u00e9rie brit\u00e2nica &#8216;Os Campe\u00f5es&#8217; (&#8216;The Champions&#8217;, no original), sucesso esquecido dos anos 1960. Al\u00e9m de estrelarem em cena juntos, Ben Stiller tamb\u00e9m vai dirigir o filme segundo informa\u00e7\u00f5es da <a href=\"https:\/\/variety.com\/2021\/film\/news\/ben-stiller-cate-blanchett-the-champions-1235109620\/\">Variety<\/a>. <\/p>\n\n\n\n<ul class=\"wp-block-list\"><li><strong>Leia tamb\u00e9m: <a href=\"https:\/\/www.filmelier.com\/br\/noticias\/bob-cuspe-entrevista-filme\" target=\"_blank\" rel=\"noreferrer noopener\">Em \u2018Bob Cuspe: N\u00f3s N\u00e3o Gostamos de Gente\u2019, Angeli \u00e9 reverenciado<\/a><\/strong><\/li><\/ul>\n\n\n\n<p>A produ\u00e7\u00e3o, que est\u00e1 a cargo do est\u00fadio New Republic, vai contar a hist\u00f3ria de tr\u00eas agentes da ONU que foram transformados em super-her\u00f3is. Na s\u00e9rie, eles ganham superpoderes ao ca\u00edrem no Himalaia: onde s\u00e3o resgatados, curados e empoderados por uma civiliza\u00e7\u00e3o avan\u00e7ada secreta, passando a usar suas novas habilidades como Campe\u00f5es da Lei, da Ordem e da Justi\u00e7a.<\/p>\n\n\n\n<div class=\"wp-block-image\"><figure class=\"aligncenter size-full\"><img decoding=\"async\" src=\"https:\/\/www.filmelier.com\/br\/noticias\/wp-content\/uploads\/2021\/11\/the-champions.jpg\" alt=\"Ben Stiller e Cate Blanchett trabalhar\u00e3o juntos na adapta\u00e7\u00e3o da s\u00e9rie &quot;Os Campe\u00f5es&quot; \" class=\"wp-image-21703\"\/><figcaption><em>A s\u00e9rie original foi criada por Dennis Spooner (&#8216;Doctor Who&#8217;), e teve 30 epis\u00f3dios exibidos no Reino Unido pela ITV de 1968 a 1969 (Cr\u00e9dito: Divulga\u00e7\u00e3o\/ITV)<\/em><\/figcaption><\/figure><\/div>\n\n\n\n\n\n<p>&#8220;&#8216;Os Campe\u00f5es&#8217; \u00e9 uma joia h\u00e1 muito esquecida, que excitar\u00e1 uma nova gera\u00e7\u00e3o da mesma maneira estranha e magn\u00edfica que a s\u00e9rie original. H\u00e1 muito tempo queria trabalhar com Ben &#8211; o diretor e o ator. Ele \u00e9 um dos diretores mais vers\u00e1teis da atualidade.&#8221;, disse Blanchett em um comunicado sobre o projeto.<\/p>\n\n\n\n<p>At\u00e9 o momento, n\u00e3o foram divulgadas informa\u00e7\u00f5es sobre cronograma de filmagem, nem previs\u00e3o para a estreia do filme.<\/p>\n\n\n\n<p class=\"has-text-align-center\"><strong>Siga o Filmelier no&nbsp;<a rel=\"noreferrer noopener\" href=\"https:\/\/www.facebook.com\/filmelierbr\" target=\"_blank\">Facebook<\/a>,&nbsp;<a rel=\"noreferrer noopener\" href=\"https:\/\/www.twitter.com\/filmelierbr\" target=\"_blank\">Twitter<\/a>,&nbsp;<a rel=\"noreferrer noopener\" href=\"https:\/\/www.instagram.com\/filmelierbr\" target=\"_blank\">Instagram<\/a>&nbsp;e&nbsp;<a rel=\"noreferrer noopener\" href=\"https:\/\/www.tiktok.com\/@filmelierbr\" target=\"_blank\">TikTok<\/a>.<\/strong><\/p>\n","protected":false},"excerpt":{"rendered":"<p>O filme ser\u00e1 uma adapta\u00e7\u00e3o da cl\u00e1ssica s\u00e9rie brit\u00e2nica dos anos 1960<\/p>\n","protected":false},"author":14,"featured_media":21711,"comment_status":"closed","ping_status":"open","sticky":false,"template":"","format":"standard","meta":{"_acf_changed":false,"footnotes":""},"categories":[3482],"tags":[3905,9966,9982,3323,9983],"class_list":["post-21698","post","type-post","status-publish","format-standard","has-post-thumbnail","hentry","category-filmes-br","tag-acao-br","tag-adaptacao","tag-ben-stiller","tag-cate-blanchett","tag-os-campeoes"],"acf":{"subtitulo":"","id_ator":""},"yoast_head":"<!-- This site is optimized with the Yoast SEO plugin v26.1.1 - https:\/\/yoast.com\/wordpress\/plugins\/seo\/ -->\n<title>Ben Stiller e Cate Blanchett v\u00e3o trabalhar juntos na adapta\u00e7\u00e3o de &#039;Os Campe\u00f5es&#039; - News Filmelier<\/title>\n<meta name=\"robots\" content=\"index, follow, max-snippet:-1, max-image-preview:large, max-video-preview:-1\" \/>\n<link rel=\"canonical\" href=\"https:\/\/news.filmelier.com\/br\/ben-stiller-cate-blanchett-os-campeoes\/\" \/>\n<meta property=\"og:locale\" content=\"pt_BR\" \/>\n<meta property=\"og:type\" content=\"article\" \/>\n<meta property=\"og:title\" content=\"Ben Stiller e Cate Blanchett v\u00e3o trabalhar juntos na adapta\u00e7\u00e3o de &#039;Os Campe\u00f5es&#039; - News Filmelier\" \/>\n<meta property=\"og:description\" content=\"O filme ser\u00e1 uma adapta\u00e7\u00e3o da cl\u00e1ssica s\u00e9rie brit\u00e2nica dos anos 1960\" \/>\n<meta property=\"og:url\" content=\"https:\/\/news.filmelier.com\/br\/ben-stiller-cate-blanchett-os-campeoes\/\" \/>\n<meta property=\"og:site_name\" content=\"News Filmelier\" \/>\n<meta property=\"article:published_time\" content=\"2021-11-12T14:46:26+00:00\" \/>\n<meta name=\"author\" content=\"Reda\u00e7\u00e3o Filmelier\" \/>\n<meta name=\"twitter:card\" content=\"summary_large_image\" \/>\n<meta name=\"twitter:label1\" content=\"Escrito por\" \/>\n\t<meta name=\"twitter:data1\" content=\"Reda\u00e7\u00e3o Filmelier\" \/>\n\t<meta name=\"twitter:label2\" content=\"Est. tempo de leitura\" \/>\n\t<meta name=\"twitter:data2\" content=\"1 minuto\" \/>\n<script type=\"application\/ld+json\" class=\"yoast-schema-graph\">{\"@context\":\"https:\/\/schema.org\",\"@graph\":[{\"@type\":\"Article\",\"@id\":\"https:\/\/news.filmelier.com\/br\/ben-stiller-cate-blanchett-os-campeoes\/#article\",\"isPartOf\":{\"@id\":\"https:\/\/news.filmelier.com\/br\/ben-stiller-cate-blanchett-os-campeoes\/\"},\"author\":{\"name\":\"Reda\u00e7\u00e3o Filmelier\",\"@id\":\"https:\/\/homolog.news.filmelier.com\/br\/#\/schema\/person\/a6491aa555ce96d9d1cc15f1742dbd7b\"},\"headline\":\"Ben Stiller e Cate Blanchett v\u00e3o trabalhar juntos na adapta\u00e7\u00e3o de &#8216;Os Campe\u00f5es&#8217;\",\"datePublished\":\"2021-11-12T14:46:26+00:00\",\"mainEntityOfPage\":{\"@id\":\"https:\/\/news.filmelier.com\/br\/ben-stiller-cate-blanchett-os-campeoes\/\"},\"wordCount\":277,\"publisher\":{\"@id\":\"https:\/\/homolog.news.filmelier.com\/br\/#organization\"},\"image\":{\"@id\":\"https:\/\/news.filmelier.com\/br\/ben-stiller-cate-blanchett-os-campeoes\/#primaryimage\"},\"thumbnailUrl\":\"\",\"keywords\":[\"A\u00e7\u00e3o\",\"adapta\u00e7\u00e3o\",\"Ben Stiller\",\"Cate Blanchett\",\"Os Campe\u00f5es\"],\"articleSection\":[\"Filmes\"],\"inLanguage\":\"pt-BR\"},{\"@type\":\"WebPage\",\"@id\":\"https:\/\/news.filmelier.com\/br\/ben-stiller-cate-blanchett-os-campeoes\/\",\"url\":\"https:\/\/news.filmelier.com\/br\/ben-stiller-cate-blanchett-os-campeoes\/\",\"name\":\"Ben Stiller e Cate Blanchett v\u00e3o trabalhar juntos na adapta\u00e7\u00e3o de 'Os Campe\u00f5es' - News Filmelier\",\"isPartOf\":{\"@id\":\"https:\/\/homolog.news.filmelier.com\/br\/#website\"},\"primaryImageOfPage\":{\"@id\":\"https:\/\/news.filmelier.com\/br\/ben-stiller-cate-blanchett-os-campeoes\/#primaryimage\"},\"image\":{\"@id\":\"https:\/\/news.filmelier.com\/br\/ben-stiller-cate-blanchett-os-campeoes\/#primaryimage\"},\"thumbnailUrl\":\"\",\"datePublished\":\"2021-11-12T14:46:26+00:00\",\"breadcrumb\":{\"@id\":\"https:\/\/news.filmelier.com\/br\/ben-stiller-cate-blanchett-os-campeoes\/#breadcrumb\"},\"inLanguage\":\"pt-BR\",\"potentialAction\":[{\"@type\":\"ReadAction\",\"target\":[\"https:\/\/news.filmelier.com\/br\/ben-stiller-cate-blanchett-os-campeoes\/\"]}]},{\"@type\":\"ImageObject\",\"inLanguage\":\"pt-BR\",\"@id\":\"https:\/\/news.filmelier.com\/br\/ben-stiller-cate-blanchett-os-campeoes\/#primaryimage\",\"url\":\"\",\"contentUrl\":\"\"},{\"@type\":\"BreadcrumbList\",\"@id\":\"https:\/\/news.filmelier.com\/br\/ben-stiller-cate-blanchett-os-campeoes\/#breadcrumb\",\"itemListElement\":[{\"@type\":\"ListItem\",\"position\":1,\"name\":\"In\u00edcio\",\"item\":\"https:\/\/homolog.news.filmelier.com\/br\/\"},{\"@type\":\"ListItem\",\"position\":2,\"name\":\"Ben Stiller e Cate Blanchett v\u00e3o trabalhar juntos na adapta\u00e7\u00e3o de &#8216;Os Campe\u00f5es&#8217;\"}]},{\"@type\":\"WebSite\",\"@id\":\"https:\/\/homolog.news.filmelier.com\/br\/#website\",\"url\":\"https:\/\/homolog.news.filmelier.com\/br\/\",\"name\":\"Homolog Filmelier News Rankrup\",\"description\":\"\",\"publisher\":{\"@id\":\"https:\/\/homolog.news.filmelier.com\/br\/#organization\"},\"potentialAction\":[{\"@type\":\"SearchAction\",\"target\":{\"@type\":\"EntryPoint\",\"urlTemplate\":\"https:\/\/homolog.news.filmelier.com\/br\/?s={search_term_string}\"},\"query-input\":{\"@type\":\"PropertyValueSpecification\",\"valueRequired\":true,\"valueName\":\"search_term_string\"}}],\"inLanguage\":\"pt-BR\"},{\"@type\":\"Organization\",\"@id\":\"https:\/\/homolog.news.filmelier.com\/br\/#organization\",\"name\":\"Homolog Filmelier News Rankrup\",\"url\":\"https:\/\/homolog.news.filmelier.com\/br\/\",\"logo\":{\"@type\":\"ImageObject\",\"inLanguage\":\"pt-BR\",\"@id\":\"https:\/\/homolog.news.filmelier.com\/br\/#\/schema\/logo\/image\/\",\"url\":\"https:\/\/news.filmelier.com\/wp-content\/uploads\/2024\/11\/Logo-News.png\",\"contentUrl\":\"https:\/\/news.filmelier.com\/wp-content\/uploads\/2024\/11\/Logo-News.png\",\"width\":460,\"height\":108,\"caption\":\"Homolog Filmelier News Rankrup\"},\"image\":{\"@id\":\"https:\/\/homolog.news.filmelier.com\/br\/#\/schema\/logo\/image\/\"}},{\"@type\":\"Person\",\"@id\":\"https:\/\/homolog.news.filmelier.com\/br\/#\/schema\/person\/a6491aa555ce96d9d1cc15f1742dbd7b\",\"name\":\"Reda\u00e7\u00e3o Filmelier\",\"image\":{\"@type\":\"ImageObject\",\"inLanguage\":\"pt-BR\",\"@id\":\"https:\/\/homolog.news.filmelier.com\/br\/#\/schema\/person\/image\/\",\"url\":\"https:\/\/secure.gravatar.com\/avatar\/8bf80419447553f32d821a953683c4666faca8d781f143825a02644ae3f7e2d0?s=96&d=mm&r=g\",\"contentUrl\":\"https:\/\/secure.gravatar.com\/avatar\/8bf80419447553f32d821a953683c4666faca8d781f143825a02644ae3f7e2d0?s=96&d=mm&r=g\",\"caption\":\"Reda\u00e7\u00e3o Filmelier\"},\"description\":\"Somos um time de jornalistas e cr\u00edticos que respira cinema a 24 quadros por segundo. Das estreias do circuito aos cl\u00e1ssicos restaurados, da curadoria em streamings \u00e0s entrevistas nos bastidores, nossa reda\u00e7\u00e3o transforma filmes em conte\u00fado inteligente \u2014 com an\u00e1lises afiadas, guias pr\u00e1ticos e hist\u00f3rias que fazem voc\u00ea ver a s\u00e9tima arte com outros olhos. Aqui no Filmelier, cinema n\u00e3o \u00e9 s\u00f3 lazer: \u00e9 of\u00edcio, \u00e9 expertise, \u00e9 paix\u00e3o em forma de texto.\",\"url\":\"https:\/\/news.filmelier.com\/br\/author\/contato-filmelier\/\"}]}<\/script>\n<!-- \/ Yoast SEO plugin. -->","yoast_head_json":{"title":"Ben Stiller e Cate Blanchett v\u00e3o trabalhar juntos na adapta\u00e7\u00e3o de 'Os Campe\u00f5es' - News Filmelier","robots":{"index":"index","follow":"follow","max-snippet":"max-snippet:-1","max-image-preview":"max-image-preview:large","max-video-preview":"max-video-preview:-1"},"canonical":"https:\/\/news.filmelier.com\/br\/ben-stiller-cate-blanchett-os-campeoes\/","og_locale":"pt_BR","og_type":"article","og_title":"Ben Stiller e Cate Blanchett v\u00e3o trabalhar juntos na adapta\u00e7\u00e3o de 'Os Campe\u00f5es' - News Filmelier","og_description":"O filme ser\u00e1 uma adapta\u00e7\u00e3o da cl\u00e1ssica s\u00e9rie brit\u00e2nica dos anos 1960","og_url":"https:\/\/news.filmelier.com\/br\/ben-stiller-cate-blanchett-os-campeoes\/","og_site_name":"News Filmelier","article_published_time":"2021-11-12T14:46:26+00:00","author":"Reda\u00e7\u00e3o Filmelier","twitter_card":"summary_large_image","twitter_misc":{"Escrito por":"Reda\u00e7\u00e3o Filmelier","Est. tempo de leitura":"1 minuto"},"schema":{"@context":"https:\/\/schema.org","@graph":[{"@type":"Article","@id":"https:\/\/news.filmelier.com\/br\/ben-stiller-cate-blanchett-os-campeoes\/#article","isPartOf":{"@id":"https:\/\/news.filmelier.com\/br\/ben-stiller-cate-blanchett-os-campeoes\/"},"author":{"name":"Reda\u00e7\u00e3o Filmelier","@id":"https:\/\/homolog.news.filmelier.com\/br\/#\/schema\/person\/a6491aa555ce96d9d1cc15f1742dbd7b"},"headline":"Ben Stiller e Cate Blanchett v\u00e3o trabalhar juntos na adapta\u00e7\u00e3o de &#8216;Os Campe\u00f5es&#8217;","datePublished":"2021-11-12T14:46:26+00:00","mainEntityOfPage":{"@id":"https:\/\/news.filmelier.com\/br\/ben-stiller-cate-blanchett-os-campeoes\/"},"wordCount":277,"publisher":{"@id":"https:\/\/homolog.news.filmelier.com\/br\/#organization"},"image":{"@id":"https:\/\/news.filmelier.com\/br\/ben-stiller-cate-blanchett-os-campeoes\/#primaryimage"},"thumbnailUrl":"","keywords":["A\u00e7\u00e3o","adapta\u00e7\u00e3o","Ben Stiller","Cate Blanchett","Os Campe\u00f5es"],"articleSection":["Filmes"],"inLanguage":"pt-BR"},{"@type":"WebPage","@id":"https:\/\/news.filmelier.com\/br\/ben-stiller-cate-blanchett-os-campeoes\/","url":"https:\/\/news.filmelier.com\/br\/ben-stiller-cate-blanchett-os-campeoes\/","name":"Ben Stiller e Cate Blanchett v\u00e3o trabalhar juntos na adapta\u00e7\u00e3o de 'Os Campe\u00f5es' - News Filmelier","isPartOf":{"@id":"https:\/\/homolog.news.filmelier.com\/br\/#website"},"primaryImageOfPage":{"@id":"https:\/\/news.filmelier.com\/br\/ben-stiller-cate-blanchett-os-campeoes\/#primaryimage"},"image":{"@id":"https:\/\/news.filmelier.com\/br\/ben-stiller-cate-blanchett-os-campeoes\/#primaryimage"},"thumbnailUrl":"","datePublished":"2021-11-12T14:46:26+00:00","breadcrumb":{"@id":"https:\/\/news.filmelier.com\/br\/ben-stiller-cate-blanchett-os-campeoes\/#breadcrumb"},"inLanguage":"pt-BR","potentialAction":[{"@type":"ReadAction","target":["https:\/\/news.filmelier.com\/br\/ben-stiller-cate-blanchett-os-campeoes\/"]}]},{"@type":"ImageObject","inLanguage":"pt-BR","@id":"https:\/\/news.filmelier.com\/br\/ben-stiller-cate-blanchett-os-campeoes\/#primaryimage","url":"","contentUrl":""},{"@type":"BreadcrumbList","@id":"https:\/\/news.filmelier.com\/br\/ben-stiller-cate-blanchett-os-campeoes\/#breadcrumb","itemListElement":[{"@type":"ListItem","position":1,"name":"In\u00edcio","item":"https:\/\/homolog.news.filmelier.com\/br\/"},{"@type":"ListItem","position":2,"name":"Ben Stiller e Cate Blanchett v\u00e3o trabalhar juntos na adapta\u00e7\u00e3o de &#8216;Os Campe\u00f5es&#8217;"}]},{"@type":"WebSite","@id":"https:\/\/homolog.news.filmelier.com\/br\/#website","url":"https:\/\/homolog.news.filmelier.com\/br\/","name":"Homolog Filmelier News Rankrup","description":"","publisher":{"@id":"https:\/\/homolog.news.filmelier.com\/br\/#organization"},"potentialAction":[{"@type":"SearchAction","target":{"@type":"EntryPoint","urlTemplate":"https:\/\/homolog.news.filmelier.com\/br\/?s={search_term_string}"},"query-input":{"@type":"PropertyValueSpecification","valueRequired":true,"valueName":"search_term_string"}}],"inLanguage":"pt-BR"},{"@type":"Organization","@id":"https:\/\/homolog.news.filmelier.com\/br\/#organization","name":"Homolog Filmelier News Rankrup","url":"https:\/\/homolog.news.filmelier.com\/br\/","logo":{"@type":"ImageObject","inLanguage":"pt-BR","@id":"https:\/\/homolog.news.filmelier.com\/br\/#\/schema\/logo\/image\/","url":"https:\/\/news.filmelier.com\/wp-content\/uploads\/2024\/11\/Logo-News.png","contentUrl":"https:\/\/news.filmelier.com\/wp-content\/uploads\/2024\/11\/Logo-News.png","width":460,"height":108,"caption":"Homolog Filmelier News Rankrup"},"image":{"@id":"https:\/\/homolog.news.filmelier.com\/br\/#\/schema\/logo\/image\/"}},{"@type":"Person","@id":"https:\/\/homolog.news.filmelier.com\/br\/#\/schema\/person\/a6491aa555ce96d9d1cc15f1742dbd7b","name":"Reda\u00e7\u00e3o Filmelier","image":{"@type":"ImageObject","inLanguage":"pt-BR","@id":"https:\/\/homolog.news.filmelier.com\/br\/#\/schema\/person\/image\/","url":"https:\/\/secure.gravatar.com\/avatar\/8bf80419447553f32d821a953683c4666faca8d781f143825a02644ae3f7e2d0?s=96&d=mm&r=g","contentUrl":"https:\/\/secure.gravatar.com\/avatar\/8bf80419447553f32d821a953683c4666faca8d781f143825a02644ae3f7e2d0?s=96&d=mm&r=g","caption":"Reda\u00e7\u00e3o Filmelier"},"description":"Somos um time de jornalistas e cr\u00edticos que respira cinema a 24 quadros por segundo. Das estreias do circuito aos cl\u00e1ssicos restaurados, da curadoria em streamings \u00e0s entrevistas nos bastidores, nossa reda\u00e7\u00e3o transforma filmes em conte\u00fado inteligente \u2014 com an\u00e1lises afiadas, guias pr\u00e1ticos e hist\u00f3rias que fazem voc\u00ea ver a s\u00e9tima arte com outros olhos. Aqui no Filmelier, cinema n\u00e3o \u00e9 s\u00f3 lazer: \u00e9 of\u00edcio, \u00e9 expertise, \u00e9 paix\u00e3o em forma de texto.","url":"https:\/\/news.filmelier.com\/br\/author\/contato-filmelier\/"}]}},"_links":{"self":[{"href":"https:\/\/news.filmelier.com\/br\/wp-json\/wp\/v2\/posts\/21698","targetHints":{"allow":["GET"]}}],"collection":[{"href":"https:\/\/news.filmelier.com\/br\/wp-json\/wp\/v2\/posts"}],"about":[{"href":"https:\/\/news.filmelier.com\/br\/wp-json\/wp\/v2\/types\/post"}],"author":[{"embeddable":true,"href":"https:\/\/news.filmelier.com\/br\/wp-json\/wp\/v2\/users\/14"}],"replies":[{"embeddable":true,"href":"https:\/\/news.filmelier.com\/br\/wp-json\/wp\/v2\/comments?post=21698"}],"version-history":[{"count":0,"href":"https:\/\/news.filmelier.com\/br\/wp-json\/wp\/v2\/posts\/21698\/revisions"}],"wp:featuredmedia":[{"embeddable":true,"href":"https:\/\/news.filmelier.com\/br\/wp-json\/"}],"wp:attachment":[{"href":"https:\/\/news.filmelier.com\/br\/wp-json\/wp\/v2\/media?parent=21698"}],"wp:term":[{"taxonomy":"category","embeddable":true,"href":"https:\/\/news.filmelier.com\/br\/wp-json\/wp\/v2\/categories?post=21698"},{"taxonomy":"post_tag","embeddable":true,"href":"https:\/\/news.filmelier.com\/br\/wp-json\/wp\/v2\/tags?post=21698"}],"curies":[{"name":"wp","href":"https:\/\/api.w.org\/{rel}","templated":true}]}}